{"id":986,"date":"2012-01-06T01:37:32","date_gmt":"2012-01-06T00:37:32","guid":{"rendered":"http:\/\/fjala.shkoder.net\/?p=986"},"modified":"2012-01-06T01:37:32","modified_gmt":"2012-01-06T00:37:32","slug":"1000-euro-per-flamur-nga-simon-shkreli","status":"publish","type":"post","link":"https:\/\/fjala.info\/2009-2015\/1000-euro-per-flamur-nga-simon-shkreli\/","title":{"rendered":"1000 euro p\u00ebr Flamur! \u2013 Nga Simon Shkreli"},"content":{"rendered":"<p><img decoding=\"async\" class=\"alignright size-thumbnail wp-image-7236\" title=\"Simon Shkreli\" src=\"http:\/\/www.shkoder.net\/2012\/simon_shkreli.jpg\" alt=\"\" width=\"200\" \/> Nga <strong>Simon Shkreli<\/strong><\/p>\n<p>Qeveria e Malit t\u00eb Zi, vendos edhe \u00e7mimin e pelhures s\u00eb ngjyrosur me t\u00eb kuqe, me shkaben dy krenare n\u00eb mes. 1000 euro \u00ebsht\u00eb \u00e7mimi q\u00eb \u00e7do shqiptar n\u00eb Mal t\u00eb Zi duhet t\u00eb paguaj\u00eb, n\u00ebse paraqitet n\u00eb publik me flamurin komb\u00ebtar shqiptar, pa pasur paraprakisht nj\u00eb leje. Ky \u00ebsht\u00eb propozimi I Komisionit p\u00ebr Rendin dhe Qet\u00ebsin\u00eb Publike n\u00eb Parlamentin e Malit t\u00eb Zi. N\u00eb vendimin e komisionit I cili pritet t\u00eb kaloj\u00eb p\u00ebr miratim n\u00eb parlament, citohet se \u201cp\u00ebr paraqitjen n\u00eb publik me simbolet e nj\u00eb tjet\u00ebr shteti pa leje paraprake nga organet kompetente, q\u00eb n\u00eb k\u00ebt\u00eb rast \u00ebsht\u00eb policia, \u00e7do individ apo subject duhet t\u00eb paguaj\u00eb nga 1000 euro gjob\u00eb\u201d.<\/p>\n<p>Gjoba prej 1000 euro, \u00ebsht\u00eb nj\u00eb diskriminim racist I politik\u00ebs zyrtare t\u00eb Malit t\u00eb Zi, t\u00eb cil\u00ebt e kan\u00eb m\u00eb se t\u00eb qart\u00eb vendosm\u00ebrin\u00eb e shqiptar\u00ebve n\u00eb k\u00ebt\u00eb vend p\u00ebr t\u00eb ruajtur dhe ngritur lart flamurin e tyre komb\u00ebtar. Por gjoba \u00ebsht\u00eb fyerje ndaj tyre, pasi me k\u00ebt\u00eb gjob\u00eb kjo politik\u00eb diskriminuese, k\u00ebrkon q\u00eb p\u00ebrmes masave t\u00eb tilla t\u00eb posht\u00ebroj\u00eb shqiptar\u00ebt n\u00eb k\u00ebt\u00eb vend, duke I zhvler\u00ebsuar totalisht nga vlerat e tyre komb\u00ebtare, nga mbrojtja e identitetit dhe karakterit komb\u00ebtar n\u00eb k\u00ebt\u00eb vend.<\/p>\n<p>K\u00ebto masa vin\u00eb n\u00eb momentet m\u00eb t\u00eb r\u00ebnd\u00ebsishme p\u00ebr popullin Shqiptar n\u00eb t\u00eb gjith\u00eb globin, n\u00eb vitin e 100 vjetorit t\u00eb Shpalljes s\u00eb Pavar\u00ebsis\u00eb n\u00eb Vlor\u00eb, dhe krijimin e Shtetit t\u00eb Ri Shqiptar. Sot Shqiptar\u00ebt n\u00eb Ballkan jan\u00eb faktor I r\u00ebnd\u00ebsish\u00ebm politik dhe ekonomik, kjo \u00ebsht\u00eb m\u00eb se e qart\u00eb p\u00ebr t\u00eb gjith\u00eb. N\u00eb Mal t\u00eb Zi, faktori politik shqiptar \u00ebsht\u00eb m\u00eb I p\u00ebr\u00e7ar\u00eb se asnj\u00ebher\u00eb, synimet e ngushta karrieriste, mungesa e nj\u00eb vizioni komb\u00ebtar, dhe zhvillimit t\u00eb q\u00ebndruesh\u00ebm t\u00eb potencialeve ekonomike po zhduken p\u00ebrmes luft\u00ebs p\u00ebr karrier\u00eb politike t\u00eb disa individ\u00ebve q\u00eb rast\u00ebsisht duke shfryt\u00ebzuar loj\u00ebn e \u201cb\u00ebrrylit\u201d jan\u00eb n\u00eb poste ky\u00e7e e n\u00eb jo pak raste, kan\u00eb vepruar kund\u00ebr interesit t\u00eb shqiptar\u00ebve.<\/p>\n<p>Disa dit\u00eb m\u00eb par\u00eb n\u00eb Tuz disa qindra shqiptar\u00eb t\u00eb k\u00ebsaj treve, protestuan duke k\u00ebrkuar mos aprovimin e project-ligjit p\u00ebr rendin dhe qet\u00ebsin\u00eb publike, si dhe k\u00ebrkuan komunen e plot\u00eb t\u00eb Tuzit. R\u00ebndimi I situat\u00ebs ekonomike dhe politike, synimet asimiluese shekullore ndaj trevave Shqiptare n\u00eb Mal t\u00eb Zi, po zbatohen m\u00eb s\u00eb miri tani. Vet\u00eb fakti se para disa dit\u00ebsh n\u00eb Mal t\u00eb Zi u formua edhe partia e re politike shqiptare, tregon se sa serioz\u00eb jan\u00eb n\u00eb mbrojtje t\u00eb interesave tona komb\u00ebtare.<\/p>\n<p>Interesi komb\u00ebtar mbrohet duke sakrifikuar, t\u00eb pakt\u00ebn k\u00ebto kan\u00eb qen\u00eb parimet e rilindasve tan\u00eb. Un\u00eb nuk dua t\u00eb mbaj leksione mbi sakrificen e rilindasve, por situata p\u00ebr Shqiptar\u00ebt n\u00eb Mal t\u00eb Zi \u00ebsht\u00eb e nj\u00ebjt\u00eb me periudhen e rilindjes komb\u00ebtare, kur \u201cShqipnia pa u ba\u2019 po shp\u00ebrbahej\u201d.<\/p>\n<p>Un\u00eb nuk shoh ndonj\u00eb politikan shqiptar aktiv sot n\u00eb Mal t\u00eb Zi, t\u00eb sakrifikoj\u00eb p\u00ebr \u00e7\u00ebshtjen komb\u00ebtare, t\u00eb cil\u00ebn e p\u00ebrdorin si nj\u00eb fasad\u00eb dhe retorik\u00eb boshe, p\u00ebr grumbullim votash. Apo fyerjet dhe ofendimet ndaj kund\u00ebrshtarit dhe qeveris\u00eb, e m\u00eb pas p\u00ebrfundojn\u00eb n\u00eb nj\u00eb koalicion me \u201cdjallin\u201d e urryer n\u00eb fushat\u00eb.<\/p>\n<p>K\u00ebt\u00eb fakt politika zyrtare malazeze e ka kuptuar dhe tashm\u00eb s\u00eb fundmi v\u00eb n\u00eb sprov\u00eb shqiptar\u00ebt, sedr\u00ebn e tyre, karakterin e n\u00ebp\u00ebrk\u00ebmbur nga udh\u00ebheq\u00ebsit, t\u00eb cil\u00ebt kan\u00eb harruar se sa vlen flamuri, sa vlen gjaku I derdhur p\u00ebr t\u00eb, vuajtjet q\u00eb jan\u00eb shkaktuar p\u00ebr ta ruajtur, duke mbrojtur me fanatiz\u00ebm gjuh\u00ebn dhe tradit\u00ebn. Politikan\u00ebt shqiptar\u00eb atje kan\u00eb harruar se sa vlen flamuri, pasi \u00e7mimin e cakton shteti I Malit t\u00eb Zi. N\u00eb moralin politik t\u00eb \u00e7do politikani t\u00eb p\u00ebrgjegjsh\u00ebm dor\u00ebheqja nga posti I deputetit do ishte minimalja q\u00eb do duhej t\u00eb b\u00ebnte.<\/p>\n<p>Nj\u00eb shuplak\u00eb fytyr\u00ebs mund t\u00eb cil\u00ebsohet p\u00ebr gjith\u00eb spektrin politik shqiptar, \u00e7mimi prej 1000 euro q\u00eb vendoset p\u00ebr flamurin ton\u00eb komb\u00ebtar.<\/p>\n<p>Disa qindra t\u00eb rinj n\u00eb Tuz, t\u00eb mbarsur me idealin komb\u00ebtar protestuan n\u00eb mbrojtje t\u00eb flamurit n\u00eb prag t\u00eb 100 vjetorit t\u00eb pavar\u00ebsis\u00eb, t\u00eb mb\u00ebshtetur nga disa deputet\u00eb, q\u00eb p\u00ebr hir t\u00eb s\u00eb v\u00ebrtet\u00ebs, kan\u00eb nj\u00eb karrier\u00eb t\u00eb shkurt\u00ebr politike dhe tagri I tyre \u00ebsht\u00eb shum\u00eb I vog\u00ebl, pasi d\u00ebmi \u00ebsht\u00eb shkaktuar tashm\u00eb, themelet jan\u00eb d\u00ebmtuar dhe ka mbetur vet\u00ebm \u00e7atia, e cila shfryt\u00ebzohet nga zyrtar\u00ebt malazez m\u00eb s\u00eb miri n\u00eb aren\u00ebn nd\u00ebrkomb\u00ebtare.<\/p>\n<p>Qeveria e Malit t\u00eb Zi, ka ditur dhe vazhdon t\u00eb jet\u00eb e v\u00ebmendshme n\u00eb ndjekjen e \u201ctrendeve\u201d multikulturore, dhe kapjen n\u00eb koh\u00eb t\u00eb tyre, duke arritur suksese n\u00eb k\u00ebt\u00eb pik\u00eb. Si nj\u00eb nga aleat\u00ebt m\u00eb t\u00eb fort\u00eb t\u00eb Per\u00ebndimit kund\u00ebr regjimit t\u00eb Millosheviqit, sot po vjel frytet e saj. I cil\u00ebsuar si shteti m\u00eb I korruptuar n\u00eb Ballkan, arrin q\u00eb p\u00ebrmes fasad\u00ebs \u201cmulti\u201d-fetare-nacionale-kulturore, t\u00eb jet\u00eb nj\u00eb faktor I r\u00ebnd\u00ebsishem, duke shtypur t\u00eb drejtat e Shqiptar\u00ebve, duke anashkaluar marr\u00ebveshjet e firmosura q\u00eb m\u00eb 1997 me politikan\u00ebt shqiptar\u00eb, duke privatizuar t\u00eb gjitha pasurit\u00eb e popullit shqiptar, e duke shpopulluar vendbanimet e shqiptar\u00ebve.<\/p>\n<p>Nga ana tjet\u00ebr as Prishtina e as Tirana ku kjo e fundit q\u00eb mban edhe rolin e Atdheut apo M\u00ebm\u00ebdheut t\u00eb Shqiptar\u00ebve, \u00ebsht\u00eb m\u00eb e interesuar p\u00ebr pushimet n\u00eb Budva dhe n\u00eb Kollashin, apo edhe p\u00ebr projektet e r\u00ebnd\u00ebsishme q\u00eb kan\u00eb t\u00eb b\u00ebjn\u00eb p\u00ebr Liqenin e Shkodres q\u00eb po ndotet \u00e7do dit\u00eb e m\u00eb shum\u00eb, se sa p\u00ebr mir\u00ebqenien e rreth 40 mij\u00eb shqiptar\u00ebve autokton\u00eb, t\u00eb cil\u00ebt edhe n\u00eb 100 vjetorin e pavar\u00ebsis\u00eb ashtu si edhe n\u00eb shum\u00eb p\u00ebrvjetor\u00eb t\u00eb tjer\u00eb do jen\u00eb vet\u00ebm, t\u00eb gatsh\u00ebm p\u00ebr t\u00eb paguar gjob\u00ebn.<\/p>\n<p>Gjoba e turpit e Malit t\u00eb Zi, e nj\u00eb shteti q\u00eb nuk respekton as t\u00eb drejt\u00ebn minimale t\u00eb individit q\u00eb flet nj\u00eb gjuh\u00eb ndryshe nga ai, edhe pse ky shtet I gjob\u00ebs, ka uzurpuar tokat e tij.<\/p>\n<p>Shqiptar\u00ebt n\u00eb Mal t\u00eb Zi duke qen\u00eb gjithmon\u00eb mes dy zjarreve, at\u00eb t\u00eb s\u00eb\u201ckeqes\u201d dhe at\u00eb t\u00eb s\u00eb \u201ckeqes m\u00eb t\u00eb vog\u00ebl\u201d, kan\u00eb zgjedhur k\u00ebt\u00eb t\u00eb dyt\u00ebn si alternativ\u00ebn m\u00eb t\u00eb mir\u00eb.<\/p>\n<p>Kjo e dyta duket se paska q\u00ebn\u00eb e keqja m\u00eb e madhe.<\/p>\n","protected":false},"excerpt":{"rendered":"<p>Nga Simon Shkreli Qeveria e Malit t\u00eb Zi, vendos edhe \u00e7mimin e pelhures s\u00eb ngjyrosur me t\u00eb kuqe, me shkaben dy krenare n\u00eb mes. 1000 euro \u00ebsht\u00eb \u00e7mimi q\u00eb \u00e7do shqiptar n\u00eb Mal t\u00eb Zi duhet t\u00eb paguaj\u00eb, n\u00ebse paraqitet n\u00eb publik me flamurin komb\u00ebtar shqiptar, pa pasur paraprakisht nj\u00eb leje. Ky \u00ebsht\u00eb propozimi I [&hellip;]<\/p>\n","protected":false},"author":1,"featured_media":0,"comment_status":"open","ping_status":"closed","sticky":false,"template":"","format":"standard","meta":{"footnotes":""},"categories":[2,5],"tags":[],"class_list":{"0":"post-986","1":"post","2":"type-post","3":"status-publish","4":"format-standard","6":"category-artikuj","7":"category-lajme"},"yoast_head":"<!-- This site is optimized with the Yoast SEO plugin v27.4 - https:\/\/yoast.com\/product\/yoast-seo-wordpress\/ -->\n<title>1000 euro p\u00ebr Flamur! \u2013 Nga Simon Shkreli - FjALA e LIR\u00cb - Arkivi<\/title>\n<meta name=\"robots\" content=\"index, follow, max-snippet:-1, max-image-preview:large, max-video-preview:-1\" \/>\n<link rel=\"canonical\" href=\"https:\/\/fjala.info\/2009-2015\/1000-euro-per-flamur-nga-simon-shkreli\/\" \/>\n<meta property=\"og:locale\" content=\"sq_AL\" \/>\n<meta property=\"og:type\" content=\"article\" \/>\n<meta property=\"og:title\" content=\"1000 euro p\u00ebr Flamur! \u2013 Nga Simon Shkreli - FjALA e LIR\u00cb - Arkivi\" \/>\n<meta property=\"og:description\" content=\"Nga Simon Shkreli Qeveria e Malit t\u00eb Zi, vendos edhe \u00e7mimin e pelhures s\u00eb ngjyrosur me t\u00eb kuqe, me shkaben dy krenare n\u00eb mes. 1000 euro \u00ebsht\u00eb \u00e7mimi q\u00eb \u00e7do shqiptar n\u00eb Mal t\u00eb Zi duhet t\u00eb paguaj\u00eb, n\u00ebse paraqitet n\u00eb publik me flamurin komb\u00ebtar shqiptar, pa pasur paraprakisht nj\u00eb leje. Ky \u00ebsht\u00eb propozimi I [&hellip;]\" \/>\n<meta property=\"og:url\" content=\"https:\/\/fjala.info\/2009-2015\/1000-euro-per-flamur-nga-simon-shkreli\/\" \/>\n<meta property=\"og:site_name\" content=\"FjALA e LIR\u00cb - Arkivi\" \/>\n<meta property=\"article:published_time\" content=\"2012-01-06T00:37:32+00:00\" \/>\n<meta property=\"og:image\" content=\"http:\/\/www.shkoder.net\/2012\/simon_shkreli.jpg\" \/>\n<meta name=\"author\" content=\"admin\" \/>\n<meta name=\"twitter:card\" content=\"summary_large_image\" \/>\n<meta name=\"twitter:label1\" content=\"Written by\" \/>\n\t<meta name=\"twitter:data1\" content=\"admin\" \/>\n\t<meta name=\"twitter:label2\" content=\"Est. reading time\" \/>\n\t<meta name=\"twitter:data2\" content=\"6 minutes\" \/>\n<script type=\"application\/ld+json\" class=\"yoast-schema-graph\">{\"@context\":\"https:\\\/\\\/schema.org\",\"@graph\":[{\"@type\":\"Article\",\"@id\":\"https:\\\/\\\/fjala.info\\\/2009-2015\\\/1000-euro-per-flamur-nga-simon-shkreli\\\/#article\",\"isPartOf\":{\"@id\":\"https:\\\/\\\/fjala.info\\\/2009-2015\\\/1000-euro-per-flamur-nga-simon-shkreli\\\/\"},\"author\":{\"name\":\"admin\",\"@id\":\"https:\\\/\\\/fjala.info\\\/2009-2015\\\/#\\\/schema\\\/person\\\/3aa1163ef05469c496fc94e77611ada2\"},\"headline\":\"1000 euro p\u00ebr Flamur! \u2013 Nga Simon Shkreli\",\"datePublished\":\"2012-01-06T00:37:32+00:00\",\"mainEntityOfPage\":{\"@id\":\"https:\\\/\\\/fjala.info\\\/2009-2015\\\/1000-euro-per-flamur-nga-simon-shkreli\\\/\"},\"wordCount\":1108,\"commentCount\":0,\"publisher\":{\"@id\":\"https:\\\/\\\/fjala.info\\\/2009-2015\\\/#organization\"},\"image\":{\"@id\":\"https:\\\/\\\/fjala.info\\\/2009-2015\\\/1000-euro-per-flamur-nga-simon-shkreli\\\/#primaryimage\"},\"thumbnailUrl\":\"http:\\\/\\\/www.shkoder.net\\\/2012\\\/simon_shkreli.jpg\",\"articleSection\":[\"Artikuj\",\"Lajme\"],\"inLanguage\":\"sq-AL\",\"potentialAction\":[{\"@type\":\"CommentAction\",\"name\":\"Comment\",\"target\":[\"https:\\\/\\\/fjala.info\\\/2009-2015\\\/1000-euro-per-flamur-nga-simon-shkreli\\\/#respond\"]}]},{\"@type\":\"WebPage\",\"@id\":\"https:\\\/\\\/fjala.info\\\/2009-2015\\\/1000-euro-per-flamur-nga-simon-shkreli\\\/\",\"url\":\"https:\\\/\\\/fjala.info\\\/2009-2015\\\/1000-euro-per-flamur-nga-simon-shkreli\\\/\",\"name\":\"1000 euro p\u00ebr Flamur! \u2013 Nga Simon Shkreli - FjALA e LIR\u00cb - Arkivi\",\"isPartOf\":{\"@id\":\"https:\\\/\\\/fjala.info\\\/2009-2015\\\/#website\"},\"primaryImageOfPage\":{\"@id\":\"https:\\\/\\\/fjala.info\\\/2009-2015\\\/1000-euro-per-flamur-nga-simon-shkreli\\\/#primaryimage\"},\"image\":{\"@id\":\"https:\\\/\\\/fjala.info\\\/2009-2015\\\/1000-euro-per-flamur-nga-simon-shkreli\\\/#primaryimage\"},\"thumbnailUrl\":\"http:\\\/\\\/www.shkoder.net\\\/2012\\\/simon_shkreli.jpg\",\"datePublished\":\"2012-01-06T00:37:32+00:00\",\"breadcrumb\":{\"@id\":\"https:\\\/\\\/fjala.info\\\/2009-2015\\\/1000-euro-per-flamur-nga-simon-shkreli\\\/#breadcrumb\"},\"inLanguage\":\"sq-AL\",\"potentialAction\":[{\"@type\":\"ReadAction\",\"target\":[\"https:\\\/\\\/fjala.info\\\/2009-2015\\\/1000-euro-per-flamur-nga-simon-shkreli\\\/\"]}]},{\"@type\":\"ImageObject\",\"inLanguage\":\"sq-AL\",\"@id\":\"https:\\\/\\\/fjala.info\\\/2009-2015\\\/1000-euro-per-flamur-nga-simon-shkreli\\\/#primaryimage\",\"url\":\"http:\\\/\\\/www.shkoder.net\\\/2012\\\/simon_shkreli.jpg\",\"contentUrl\":\"http:\\\/\\\/www.shkoder.net\\\/2012\\\/simon_shkreli.jpg\"},{\"@type\":\"BreadcrumbList\",\"@id\":\"https:\\\/\\\/fjala.info\\\/2009-2015\\\/1000-euro-per-flamur-nga-simon-shkreli\\\/#breadcrumb\",\"itemListElement\":[{\"@type\":\"ListItem\",\"position\":1,\"name\":\"Home\",\"item\":\"https:\\\/\\\/fjala.info\\\/2009-2015\\\/\"},{\"@type\":\"ListItem\",\"position\":2,\"name\":\"1000 euro p\u00ebr Flamur! \u2013 Nga Simon Shkreli\"}]},{\"@type\":\"WebSite\",\"@id\":\"https:\\\/\\\/fjala.info\\\/2009-2015\\\/#website\",\"url\":\"https:\\\/\\\/fjala.info\\\/2009-2015\\\/\",\"name\":\"FjALA e LIR\u00cb - Arkivi\",\"description\":\"Arkivi 2009-2015\",\"publisher\":{\"@id\":\"https:\\\/\\\/fjala.info\\\/2009-2015\\\/#organization\"},\"potentialAction\":[{\"@type\":\"SearchAction\",\"target\":{\"@type\":\"EntryPoint\",\"urlTemplate\":\"https:\\\/\\\/fjala.info\\\/2009-2015\\\/?s={search_term_string}\"},\"query-input\":{\"@type\":\"PropertyValueSpecification\",\"valueRequired\":true,\"valueName\":\"search_term_string\"}}],\"inLanguage\":\"sq-AL\"},{\"@type\":\"Organization\",\"@id\":\"https:\\\/\\\/fjala.info\\\/2009-2015\\\/#organization\",\"name\":\"FjALA e LIR\u00cb - Arkivi\",\"url\":\"https:\\\/\\\/fjala.info\\\/2009-2015\\\/\",\"logo\":{\"@type\":\"ImageObject\",\"inLanguage\":\"sq-AL\",\"@id\":\"https:\\\/\\\/fjala.info\\\/2009-2015\\\/#\\\/schema\\\/logo\\\/image\\\/\",\"url\":\"\",\"contentUrl\":\"\",\"caption\":\"FjALA e LIR\u00cb - Arkivi\"},\"image\":{\"@id\":\"https:\\\/\\\/fjala.info\\\/2009-2015\\\/#\\\/schema\\\/logo\\\/image\\\/\"}},{\"@type\":\"Person\",\"@id\":\"https:\\\/\\\/fjala.info\\\/2009-2015\\\/#\\\/schema\\\/person\\\/3aa1163ef05469c496fc94e77611ada2\",\"name\":\"admin\",\"image\":{\"@type\":\"ImageObject\",\"inLanguage\":\"sq-AL\",\"@id\":\"https:\\\/\\\/fjala.info\\\/2009-2015\\\/wp-content\\\/uploads\\\/2012\\\/02\\\/arben_cokaj-120x150.jpg\",\"url\":\"https:\\\/\\\/fjala.info\\\/2009-2015\\\/wp-content\\\/uploads\\\/2012\\\/02\\\/arben_cokaj-120x150.jpg\",\"contentUrl\":\"https:\\\/\\\/fjala.info\\\/2009-2015\\\/wp-content\\\/uploads\\\/2012\\\/02\\\/arben_cokaj-120x150.jpg\",\"caption\":\"admin\"},\"description\":\"Admin, Fjala e Lir\u00eb\",\"sameAs\":[\"https:\\\/\\\/fjala.info\\\/\"],\"url\":\"https:\\\/\\\/fjala.info\\\/2009-2015\\\/author\\\/admin\\\/\"}]}<\/script>\n<!-- \/ Yoast SEO plugin. -->","yoast_head_json":{"title":"1000 euro p\u00ebr Flamur! \u2013 Nga Simon Shkreli - FjALA e LIR\u00cb - Arkivi","robots":{"index":"index","follow":"follow","max-snippet":"max-snippet:-1","max-image-preview":"max-image-preview:large","max-video-preview":"max-video-preview:-1"},"canonical":"https:\/\/fjala.info\/2009-2015\/1000-euro-per-flamur-nga-simon-shkreli\/","og_locale":"sq_AL","og_type":"article","og_title":"1000 euro p\u00ebr Flamur! \u2013 Nga Simon Shkreli - FjALA e LIR\u00cb - Arkivi","og_description":"Nga Simon Shkreli Qeveria e Malit t\u00eb Zi, vendos edhe \u00e7mimin e pelhures s\u00eb ngjyrosur me t\u00eb kuqe, me shkaben dy krenare n\u00eb mes. 1000 euro \u00ebsht\u00eb \u00e7mimi q\u00eb \u00e7do shqiptar n\u00eb Mal t\u00eb Zi duhet t\u00eb paguaj\u00eb, n\u00ebse paraqitet n\u00eb publik me flamurin komb\u00ebtar shqiptar, pa pasur paraprakisht nj\u00eb leje. Ky \u00ebsht\u00eb propozimi I [&hellip;]","og_url":"https:\/\/fjala.info\/2009-2015\/1000-euro-per-flamur-nga-simon-shkreli\/","og_site_name":"FjALA e LIR\u00cb - Arkivi","article_published_time":"2012-01-06T00:37:32+00:00","og_image":[{"url":"http:\/\/www.shkoder.net\/2012\/simon_shkreli.jpg","type":"","width":"","height":""}],"author":"admin","twitter_card":"summary_large_image","twitter_misc":{"Written by":"admin","Est. reading time":"6 minutes"},"schema":{"@context":"https:\/\/schema.org","@graph":[{"@type":"Article","@id":"https:\/\/fjala.info\/2009-2015\/1000-euro-per-flamur-nga-simon-shkreli\/#article","isPartOf":{"@id":"https:\/\/fjala.info\/2009-2015\/1000-euro-per-flamur-nga-simon-shkreli\/"},"author":{"name":"admin","@id":"https:\/\/fjala.info\/2009-2015\/#\/schema\/person\/3aa1163ef05469c496fc94e77611ada2"},"headline":"1000 euro p\u00ebr Flamur! \u2013 Nga Simon Shkreli","datePublished":"2012-01-06T00:37:32+00:00","mainEntityOfPage":{"@id":"https:\/\/fjala.info\/2009-2015\/1000-euro-per-flamur-nga-simon-shkreli\/"},"wordCount":1108,"commentCount":0,"publisher":{"@id":"https:\/\/fjala.info\/2009-2015\/#organization"},"image":{"@id":"https:\/\/fjala.info\/2009-2015\/1000-euro-per-flamur-nga-simon-shkreli\/#primaryimage"},"thumbnailUrl":"http:\/\/www.shkoder.net\/2012\/simon_shkreli.jpg","articleSection":["Artikuj","Lajme"],"inLanguage":"sq-AL","potentialAction":[{"@type":"CommentAction","name":"Comment","target":["https:\/\/fjala.info\/2009-2015\/1000-euro-per-flamur-nga-simon-shkreli\/#respond"]}]},{"@type":"WebPage","@id":"https:\/\/fjala.info\/2009-2015\/1000-euro-per-flamur-nga-simon-shkreli\/","url":"https:\/\/fjala.info\/2009-2015\/1000-euro-per-flamur-nga-simon-shkreli\/","name":"1000 euro p\u00ebr Flamur! \u2013 Nga Simon Shkreli - FjALA e LIR\u00cb - Arkivi","isPartOf":{"@id":"https:\/\/fjala.info\/2009-2015\/#website"},"primaryImageOfPage":{"@id":"https:\/\/fjala.info\/2009-2015\/1000-euro-per-flamur-nga-simon-shkreli\/#primaryimage"},"image":{"@id":"https:\/\/fjala.info\/2009-2015\/1000-euro-per-flamur-nga-simon-shkreli\/#primaryimage"},"thumbnailUrl":"http:\/\/www.shkoder.net\/2012\/simon_shkreli.jpg","datePublished":"2012-01-06T00:37:32+00:00","breadcrumb":{"@id":"https:\/\/fjala.info\/2009-2015\/1000-euro-per-flamur-nga-simon-shkreli\/#breadcrumb"},"inLanguage":"sq-AL","potentialAction":[{"@type":"ReadAction","target":["https:\/\/fjala.info\/2009-2015\/1000-euro-per-flamur-nga-simon-shkreli\/"]}]},{"@type":"ImageObject","inLanguage":"sq-AL","@id":"https:\/\/fjala.info\/2009-2015\/1000-euro-per-flamur-nga-simon-shkreli\/#primaryimage","url":"http:\/\/www.shkoder.net\/2012\/simon_shkreli.jpg","contentUrl":"http:\/\/www.shkoder.net\/2012\/simon_shkreli.jpg"},{"@type":"BreadcrumbList","@id":"https:\/\/fjala.info\/2009-2015\/1000-euro-per-flamur-nga-simon-shkreli\/#breadcrumb","itemListElement":[{"@type":"ListItem","position":1,"name":"Home","item":"https:\/\/fjala.info\/2009-2015\/"},{"@type":"ListItem","position":2,"name":"1000 euro p\u00ebr Flamur! \u2013 Nga Simon Shkreli"}]},{"@type":"WebSite","@id":"https:\/\/fjala.info\/2009-2015\/#website","url":"https:\/\/fjala.info\/2009-2015\/","name":"FjALA e LIR\u00cb - Arkivi","description":"Arkivi 2009-2015","publisher":{"@id":"https:\/\/fjala.info\/2009-2015\/#organization"},"potentialAction":[{"@type":"SearchAction","target":{"@type":"EntryPoint","urlTemplate":"https:\/\/fjala.info\/2009-2015\/?s={search_term_string}"},"query-input":{"@type":"PropertyValueSpecification","valueRequired":true,"valueName":"search_term_string"}}],"inLanguage":"sq-AL"},{"@type":"Organization","@id":"https:\/\/fjala.info\/2009-2015\/#organization","name":"FjALA e LIR\u00cb - Arkivi","url":"https:\/\/fjala.info\/2009-2015\/","logo":{"@type":"ImageObject","inLanguage":"sq-AL","@id":"https:\/\/fjala.info\/2009-2015\/#\/schema\/logo\/image\/","url":"","contentUrl":"","caption":"FjALA e LIR\u00cb - Arkivi"},"image":{"@id":"https:\/\/fjala.info\/2009-2015\/#\/schema\/logo\/image\/"}},{"@type":"Person","@id":"https:\/\/fjala.info\/2009-2015\/#\/schema\/person\/3aa1163ef05469c496fc94e77611ada2","name":"admin","image":{"@type":"ImageObject","inLanguage":"sq-AL","@id":"https:\/\/fjala.info\/2009-2015\/wp-content\/uploads\/2012\/02\/arben_cokaj-120x150.jpg","url":"https:\/\/fjala.info\/2009-2015\/wp-content\/uploads\/2012\/02\/arben_cokaj-120x150.jpg","contentUrl":"https:\/\/fjala.info\/2009-2015\/wp-content\/uploads\/2012\/02\/arben_cokaj-120x150.jpg","caption":"admin"},"description":"Admin, Fjala e Lir\u00eb","sameAs":["https:\/\/fjala.info\/"],"url":"https:\/\/fjala.info\/2009-2015\/author\/admin\/"}]}},"_links":{"self":[{"href":"https:\/\/fjala.info\/2009-2015\/wp-json\/wp\/v2\/posts\/986","targetHints":{"allow":["GET"]}}],"collection":[{"href":"https:\/\/fjala.info\/2009-2015\/wp-json\/wp\/v2\/posts"}],"about":[{"href":"https:\/\/fjala.info\/2009-2015\/wp-json\/wp\/v2\/types\/post"}],"author":[{"embeddable":true,"href":"https:\/\/fjala.info\/2009-2015\/wp-json\/wp\/v2\/users\/1"}],"replies":[{"embeddable":true,"href":"https:\/\/fjala.info\/2009-2015\/wp-json\/wp\/v2\/comments?post=986"}],"version-history":[{"count":0,"href":"https:\/\/fjala.info\/2009-2015\/wp-json\/wp\/v2\/posts\/986\/revisions"}],"wp:attachment":[{"href":"https:\/\/fjala.info\/2009-2015\/wp-json\/wp\/v2\/media?parent=986"}],"wp:term":[{"taxonomy":"category","embeddable":true,"href":"https:\/\/fjala.info\/2009-2015\/wp-json\/wp\/v2\/categories?post=986"},{"taxonomy":"post_tag","embeddable":true,"href":"https:\/\/fjala.info\/2009-2015\/wp-json\/wp\/v2\/tags?post=986"}],"curies":[{"name":"wp","href":"https:\/\/api.w.org\/{rel}","templated":true}]}}