{"id":982,"date":"2012-01-05T10:23:56","date_gmt":"2012-01-05T09:23:56","guid":{"rendered":"http:\/\/fjala.shkoder.net\/?p=982"},"modified":"2012-01-05T10:23:56","modified_gmt":"2012-01-05T09:23:56","slug":"manifestimi-njeshekullor","status":"publish","type":"post","link":"https:\/\/fjala.info\/2009-2015\/manifestimi-njeshekullor\/","title":{"rendered":"MANIFESTIMI NJ\u00cbSHEKULLOR"},"content":{"rendered":"<p><img decoding=\"async\" class=\"alignleft size-thumbnail wp-image-7236\" title=\"Refik Hasani\" src=\"http:\/\/www.shkoder.net\/2012\/refik_hasani.jpg\" alt=\"\" width=\"150\" \/> Shkruan: <strong>Refik HASANI<\/strong><\/p>\n<p>Nj\u00eb zet\u00eb e tet\u00eb N\u00ebntori i k\u00ebtij viti q\u00eb po hym \u00ebsht\u00eb nj\u00eb p\u00ebrvjetor tep\u00ebr i madh, ku para nj\u00eb shekulli \u00ebsht\u00eb ngritur flamuri n\u00eb qytetin bregdetar t\u00eb Vlor\u00ebs dhe shpallur shteti i pavarur shqiptar. Duhet t\u00eb mendojm\u00eb t\u00eb gjith\u00eb se si ta organizojm\u00eb nj\u00eb akademi t\u00eb k\u00ebtij p\u00ebrvjetori. Tani m\u00eb i kemi dy shtete shqip\u00ebtare, nj\u00eb gjysm\u00eb shteti n\u00eb pjes\u00ebn e Maqedonis\u00eb s\u00eb sotme, nj\u00eb krahin\u00eb shqiptare t\u00eb mbetur padrejt\u00ebsisht n\u00ebn admnistrimin e serbis\u00eb p\u00ebr Komunat Medvegj\u00eb, Bujanoc dhe Preshev\u00eb. \u00c7am\u00ebria nj\u00eb krahin\u00eb shqiptare t\u00eb mbetur dhunsh\u00ebm n\u00ebn Greqi. Nj\u00eb kanton n\u00eb Mal\u00eb t\u00eb zi t\u00eb sot\u00ebm me qytetin Ulqin, Tivar, Mal\u00ebsi, Hot e Grud\u00eb, Plav\u00eb e Guci. Kemi nj\u00eb diaspor\u00eb t\u00eb shp\u00ebrndar\u00eb n\u00eb shum\u00eb shtete t\u00eb bot\u00ebs si n\u00eb Europ\u00eb dhe Amerik\u00eb t\u00eb larg\u00ebt.<\/p>\n<p>P\u00ebrgjegj\u00ebsia \u00ebsht\u00eb e t\u00eb gjith\u00eb neve shqiptar\u00ebve, por m\u00eb s\u00eb shumti r\u00ebndon, mbi dy<\/p>\n<p><em>&#8211; Qeverit\u00eb<\/em><br \/>\n<em> &#8211; Parlamentet dhe<\/em><br \/>\n<em> &#8211; Akademit\u00eb tona t\u00eb shkenc\u00ebs, artit dhe kultur\u00ebs.<\/em><\/p>\n<p><em>S\u00eb pari<\/em> t\u00eb thirret nj\u00eb takim i komisioneve parlementare dhe ministrive p\u00ebrkat\u00ebse s\u00eb bashku me akademit\u00eb. Po ashtu edhe institutet dhe katedrat tona jo vet\u00ebm t\u00eb Tiran\u00ebs e Prishtin\u00eb, por kudo q\u00eb ka k\u00ebso lloje t\u00eb institucioneve edhe nga Maqedonia dhe qytete tjera t\u00eb bot\u00ebs.<\/p>\n<p>Manifestimi n\u00eb fjal\u00eb \u00ebsht\u00eb vazhdim\u00ebsi dhe lidhje e shum\u00eb fijeve historike e ngjarjeve q\u00eb kan nj\u00eb r\u00ebnd\u00ebsi t\u00eb madhe dhe do t\u00eb p\u00ebjkutojn, si<\/p>\n<p>&#8211; <em>Koh\u00ebn e Sk\u00ebnderbeut,<\/em><br \/>\n<em> &#8211; Pushtimin nga Perandoria Osmane,<\/em><br \/>\n<em> &#8211; Oraganizimet p\u00ebr formimin e lidhjes shqiptare t\u00eb Prizrenit,<\/em><br \/>\n<em> &#8211; Oraganizimet p\u00ebr ngritjen dhe formimin e shkollav shqipe si m\u00ebsonj\u00ebtorja e Kor\u00e7\u00ebs , Normalja e Elbasanit,<\/em><br \/>\n<em> &#8211; Kongresi i Manastirit p\u00ebr themeilimin e Alfabetit unik shqiptar\u00eb,<\/em><br \/>\n<em> &#8211; Shpallja e pavar\u00ebsis\u00eb 28 N\u00ebntor t\u00eb vitit 1912,<\/em><br \/>\n<em> &#8211; Kongresi i drejt\u00ebshkrimi t\u00eb gjuh\u00ebs shqipe n\u00eb Tiran\u00eb m\u00eb 1972,<\/em><br \/>\n<em> &#8211; Konferenca e Bujanit, mbetja e Kosov\u00ebs n\u00ebn\u00eb admnistrimin e Jugosllavis\u00eb dhe rezistenca e shqiptar\u00ebve krahas aleat\u00ebve n\u00eb luft\u00ebn e dyt\u00eb bot\u00ebrore,<\/em><br \/>\n<em> &#8211; Hapja e Universitetit t\u00eb Tiran\u00ebs, Prishtin\u00ebs dhe Tetov\u00ebs etj.,<\/em><br \/>\n<em> &#8211; Hapja e Akademis\u00eb n\u00eb Tiran\u00eb dhe Prishtin\u00eb,<\/em><br \/>\n<em> &#8211; Heqja e autonomis\u00eb n\u00eb vitin 1989 dhe organizmi i shqiptar\u00ebv\u00eb n\u00eb ish &#8211; Jugosllavi p\u00ebrmes partive politike<\/em><br \/>\n<em> &#8211; Paraqitja publike Ushtris\u00eb \u00c7lirimtare t\u00eb Kosov\u00ebs, Ushtris\u00eb \u00c7lirimtare Komb\u00ebtare dhe Ushtris\u00eb p\u00ebr \u00c7lirimin e Medvegj\u00ebs, Bujanocit dhe Preshev\u00ebs,<\/em><br \/>\n<em> &#8211; Shpallja e deklarat\u00ebs s\u00eb 17 shkurt 2008.<\/em><\/p>\n<p>K\u00ebto jan\u00eb vet\u00ebm disa nga data q\u00eb e kan p\u00ebrcjellur p\u00ebr nj\u00eb shekull popullin ton\u00eb. Organizimi i nj\u00eb manifestimi t\u00eb p\u00ebrmasave gjith\u00eb popullore do t\u00eb kishte efekte shum\u00eb t\u00eb r\u00ebnd\u00ebsishme n\u00eb shum\u00eb aspekte. Kjo Akademi q\u00eb duhet dhe besojm se do t\u00eb mbahet do t\u00eb jet nj\u00eb udh\u00ebrr\u00ebfyes p\u00ebr kahjet e zhvillimit t\u00eb populLlit ton\u00eb. Do t\u00eb ngrihen, forcohen edhe shum\u00eb gj\u00ebra p\u00ebr rrug\u00ebn q\u00eb do t\u00eb ndiqet n\u00eb t\u00eb ardhmen.<\/p>\n<p>Tani p\u00ebr\u00eb tani do t\u00eb varet shume se k\u00ebto dy qeveri dhe akademi tona q\u00eb do t\u00eb udh\u00ebzojn se si do t\u00eb duket ky manifestim Mendoj se duhet ti kaloj shum\u00eb p\u00ebrvjetor, akademi dhe p\u00ebrvjetor t\u00eb mbajtura. N\u00eb k\u00ebt\u00eb p\u00ebrvjetor t\u00eb nj\u00ebqind\u00ebvjetorit t\u00eb shpallje s\u00eb pavar\u00ebsis\u00eb duke u ngrit\u00eb flamuri kuq\u00eb e zi p\u00ebr t\u00eb dyt\u00ebn her\u00eb. N\u00eb k\u00ebt\u00eb p\u00ebrvjetor duhet s\u00eb pari ta gjejn\u00eb veten shum\u00eb d\u00ebshmor, dijetar, atdhetar, luft\u00ebtar\u00eb q\u00eb luftuan, sakrifikuan mbajt\u00ebn burxhe t\u00eb r\u00ebnda pse e desh\u00ebn shqiptarin.<\/p>\n<p><em>&#8211; P\u00ebr t\u00eb kaluar\u00ebn<\/em><br \/>\n<em> &#8211; P\u00ebr t\u00eb sotmen dhe<\/em><br \/>\n<em> &#8211; P\u00ebr t\u00eb ardhmen<\/em><\/p>\n<p><strong>R\u00ebnd\u00ebsi e manifestimit p\u00ebr t\u00eb kaluar\u00ebn shekullore<\/strong><\/p>\n<p>Ka r\u00ebnd\u00ebsi shum\u00eb t\u00eb madhe se nuk do t\u00eb harrohen shum\u00eb njer\u00ebz t\u00eb shum\u00eb gjeneratave. Do t\u00eb ishte mir\u00eb q\u00eb jo vet\u00ebm pjes\u00ebtar\u00ebt te popullit ton por edhe t\u00eb huajt\u00eb q\u00eb shkruan, mbrojt\u00ebn dhe promovuan n\u00eb forma t\u00eb ndryshme \u00e7\u00ebshtjen shqiptare Do t\u00eb duhej t\u00eb ftoh\u00ebn t\u00eb gall\u00ebt kurse ato q\u00eb nuk jan n\u00eb jet\u00eb t\u00eb nderohen, me ndonj\u00eb titull a falenderim t\u00eb shp\u00ebrblehen, me ndonj\u00eb mir\u00ebnjohje, dekorat\u00eb apo titull, \u00e7mim q\u00eb \u00ebsht\u00eb dalluar n\u00eb l\u00ebmit t\u00eb ndryshme t\u00eb vepr\u00ebs p\u00ebr di\u00e7ka konkrete, t\u00eb interesit t\u00eb p\u00ebrgjithsh\u00ebm.<\/p>\n<p>Kjo t\u00eb jet\u00eb nj\u00eb p\u00ebrfshirje e t\u00eb gjith\u00eb viteve t\u00eb historis\u00eb, mundit, pun\u00ebs dhe djers\u00ebs dhe luftrarve t\u00eb udh\u00ebhequra nga shqiptar\u00ebt p\u00ebr ta g\u00ebzuar lirin\u00eb. Pasqyrimi i t\u00eb kaluar\u00ebs do t\u00eb jet\u00eb udh\u00ebrr\u00ebfyes p\u00ebr\u00eb nd\u00ebrtimin e t\u00eb ardhmes\u00eb ton. Sikur n\u00eb k\u00ebt\u00eb p\u00ebrvjetor p\u00ebrcaktohet e ardhmja, duke e kujtuar t\u00eb kaluar\u00ebn fillojm ta nd\u00ebrtojm t\u00eb ardhmen.<\/p>\n<p>T\u00eb p\u00ebrkujtojm q\u00eb pesqind\u00eb vjetor i lindjes s\u00eb heroit ton\u00eb komb\u00ebtar\u00eb Gjergj\u00eb Kastrioti \u2013 Sk\u00ebnderbeu ngriti vet\u00ebdij\u00ebn e t\u00eb gjith\u00eb shtresave dhe ne filluam si shqiptar\u00eb ta marrim vet\u00ebn duke i p\u00ebrcaktuar vet\u00ebs nj\u00eb rrug\u00eb m\u00eb t\u00eb mir\u00eb n\u00eb shum\u00eb kuptime. Po ashtu edhe manifestimet e ndryshme t\u00eb mbajtura me rastin e nj\u00ebqind\u00eb vjetorit t\u00eb lidhjes\u00eb shqiptare t\u00eb Prizrenit krijuam dhe hap\u00ebn shum\u00eb horizonte. Kjo ndikoi n\u00eb ngritjen e vet\u00ebdijes veqmas te ne shqiptar\u00ebt n\u00eb ish-ngrehin\u00ebn\u00eb artificiale t\u00eb quajtur Jugosllavi.<\/p>\n<p><strong>R\u00ebnd\u00ebsi e manifestimit p\u00ebr rrethanat dhe aktualitetin e sot\u00ebm shqiptar\u00eb<\/strong><\/p>\n<p>P\u00ebr Shqip\u00ebrin dhe Kosov\u00ebn ka r\u00ebnd\u00ebsi, por megjithate m\u00eb s\u00eb shumti do t\u00eb luante rol\u00eb p\u00ebr t\u00eb ardhmen e k\u00ebtyre dy shteteve sa do t\u00eb afrohen n\u00eb sfera t\u00eb ndryshme si n\u00eb arsim shkenc\u00eb, kultur\u00eb dhe projekte kapitale t\u00eb p\u00ebrbashkta n\u00eb ekonomi. Sa do t\u00eb afrohen dy shtete t\u00eb dal nj\u00eb konkluzion se cil\u00ebn rrug\u00eb duhet ndjekur p\u00ebr tu bashkuar\u00eb dhe pas sa koh\u00ebsh. Duhet t\u00eb vazhdojm t\u00eb jemi dy shtete t\u00eb pavarura por t\u00eb bashk\u00ebpunojm ngusht\u00eb n\u00eb shum\u00eb fusha strategjike.<\/p>\n<p>N\u00eb projekte e p\u00ebrbashkta n\u00eb nxitjen dhe prodhimin e produkteve shqiptare, veqmas n\u00eb arsim, infrastruktur\u00eb, bujq\u00ebsi e elektroenergjetik\u00eb. Mbi t\u00eb gjitha t\u00eb jet\u00eb nj\u00eb treg i p\u00ebrbashk\u00ebt i produkteve tona shqiptare. Do t\u00eb jet\u00eb me r\u00ebnd\u00ebsi shum\u00eb t\u00eb madhe se \u00e7far\u00eb r\u00ebnd\u00ebsie do t&#8217;i japin mediat pik\u00eb s\u00eb pari dhe si do pregaditet opinioni i mbrendsh\u00ebm shqiptar\u00eb. N\u00eb baz\u00eb t\u00eb para-pregaditjes p\u00ebr k\u00ebt\u00eb manifestim t\u00eb madh\u00eb komb\u00ebtar fqinj\u00ebt q\u00eb kufizohemi do t\u00eb mundohet t\u00eb kuptojn dhe lexojn edhe ato q\u00eb nuk jan th\u00ebn dhe gj\u00ebrat q\u00eb nuk jan dukur e prekur.<\/p>\n<p>Kjo do t\u00eb komentohet, analizohet nga t\u00eb gjitha qarqet e ndryshme t\u00eb Ballkanit, Europ\u00ebs dhe bot\u00ebs mbar\u00eb. \u00cbsht\u00eb me r\u00ebnd\u00ebsi q\u00eb n\u00eb k\u00ebt\u00eb manifestim q\u00eb t\u00eb flasin t\u00eb gjith\u00eb nga: Shqip\u00ebria, Kosova nga shqiptar\u00ebt e Maqedonis\u00eb, Mali t\u00eb zi, Medvegj\u00eb, Bujanoci dhe Presheva, nga \u00c7am\u00ebt e Greqis\u00eb, mos\u00eb t\u00eb harroh\u00ebn Arb\u00ebreshet e Italis\u00eb dikush nga diaspora e Amerik\u00ebs e Europ\u00ebs. Duhet t\u00eb kihet kujdes q\u00eb p\u00ebrveq\u00eb q\u00eb kuj i jepet rasti t\u00eb flas\u00eb. Ka r\u00ebnd\u00ebsi edhe kush t\u00eb shp\u00ebrblehet. Ka r\u00ebnd\u00ebsi edhe me \u00e7far\u00eb llogo dhe n\u00ebn\u00eb patronatin e kujt mbahet ky manifestim.<\/p>\n<p><strong>R\u00ebnd\u00ebsia e manifestimit p\u00ebr t\u00eb ardhmen e neve shqiptar\u00eb<\/strong><\/p>\n<p>R\u00ebnd\u00ebsia \u00ebsht\u00eb e madhe lidhur me t\u00eb ardhmen e popullit ton\u00eb. Ky manifestim do t\u00eb krjoj, form\u00ebsoj nj\u00eb imazh s\u00eb pari para vet\u00eb son por edhe para t\u00eb huajve. Jehona dhe komentet e k\u00ebtij manifestimi do t\u00eb nguliten gjat\u00eb n\u00eb memorje jo vet\u00ebm t\u00eb popullit ton po edhe m\u00eb gj\u00ebr\u00eb. Do prodhon efekle shum\u00ebkuptim\u00ebshe p\u00ebr media t\u00eb shkruara dhe elektronike, p\u00ebr revista t\u00eb ndryshme. P\u00ebr shum\u00eb vite e dekada do t\u00eb flitet e komentohet nga t\u00eb gjith\u00eb veqmas nga nx\u00ebn\u00ebsi, student\u00eb, sportist, ushtar, ushtarak, artisti apo k\u00ebng\u00ebtar\u00eb. P\u00ebr k\u00ebt\u00eb manifestim t\u00eb gjith\u00eb ambasadat dhe p\u00ebrfaq\u00ebsit tona anek\u00ebnd\u00eb bot\u00ebs duhet t\u00eb jen n\u00eb nivel dhe t\u00eb jen ta pajisura me njohuri themolore p\u00ebr ti njohtuar t\u00eb tjer\u00ebt p\u00ebr k\u00ebt\u00eb eviniment shum\u00ebdimenzional\u00eb gjith\u00eb shqiptar\u00eb.<\/p>\n<p>Q\u00eb n\u00eb fillim t\u00eb vitit q\u00eb hym\u00eb \u00ebsht\u00eb mir\u00eb t\u00eb fillojn menj\u00ebher pregaditjet. T\u00eb caktohen edhe konferenca shkencore, tribuna, debate dhe forma tjera q\u00eb do t\u00eb japin kontruibutin t\u00eb gjitha shtresat e shoq\u00ebris\u00eb son. Mendojm q\u00eb k\u00ebso konferenca shkencore t\u00eb mos organizohen vet\u00ebm n\u00eb hapsirata tona etnike shqiptare, por edhe n\u00eb pjes\u00eb tjera dhe m\u00eb pjes\u00ebmarr\u00ebs tjer\u00eb jo shqiptar\u00eb. Lufta e heroit ton\u00eb komb\u00ebtar\u00eb Gjergj\u00eb Kastrioti \u2013Sk\u00ebnderbeu na insproi shum\u00eb individt\u00eb dhe si komb\u00eb sikur q\u00eb na frym\u00ebzuan shum\u00eb luftra heroike, figura tona shkencore edhe nj\u00eb qind\u00eb vjetori i pavar\u00ebsis\u00eb dhe ngritjes s\u00eb flamurit kuq\u00eb e zi do t\u00eb na mbush me inspirime dhe krenari.<\/p>\n<p><em>05.01.2012<\/em><\/p>\n","protected":false},"excerpt":{"rendered":"<p>Shkruan: Refik HASANI Nj\u00eb zet\u00eb e tet\u00eb N\u00ebntori i k\u00ebtij viti q\u00eb po hym \u00ebsht\u00eb nj\u00eb p\u00ebrvjetor tep\u00ebr i madh, ku para nj\u00eb shekulli \u00ebsht\u00eb ngritur flamuri n\u00eb qytetin bregdetar t\u00eb Vlor\u00ebs dhe shpallur shteti i pavarur shqiptar. Duhet t\u00eb mendojm\u00eb t\u00eb gjith\u00eb se si ta organizojm\u00eb nj\u00eb akademi t\u00eb k\u00ebtij p\u00ebrvjetori. Tani m\u00eb i [&hellip;]<\/p>\n","protected":false},"author":1,"featured_media":0,"comment_status":"open","ping_status":"closed","sticky":false,"template":"","format":"standard","meta":{"footnotes":""},"categories":[2],"tags":[],"class_list":{"0":"post-982","1":"post","2":"type-post","3":"status-publish","4":"format-standard","6":"category-artikuj"},"yoast_head":"<!-- This site is optimized with the Yoast SEO plugin v27.4 - https:\/\/yoast.com\/product\/yoast-seo-wordpress\/ -->\n<title>MANIFESTIMI NJ\u00cbSHEKULLOR - FjALA e LIR\u00cb - Arkivi<\/title>\n<meta name=\"robots\" content=\"index, follow, max-snippet:-1, max-image-preview:large, max-video-preview:-1\" \/>\n<link rel=\"canonical\" href=\"https:\/\/fjala.info\/2009-2015\/manifestimi-njeshekullor\/\" \/>\n<meta property=\"og:locale\" content=\"sq_AL\" \/>\n<meta property=\"og:type\" content=\"article\" \/>\n<meta property=\"og:title\" content=\"MANIFESTIMI NJ\u00cbSHEKULLOR - FjALA e LIR\u00cb - Arkivi\" \/>\n<meta property=\"og:description\" content=\"Shkruan: Refik HASANI Nj\u00eb zet\u00eb e tet\u00eb N\u00ebntori i k\u00ebtij viti q\u00eb po hym \u00ebsht\u00eb nj\u00eb p\u00ebrvjetor tep\u00ebr i madh, ku para nj\u00eb shekulli \u00ebsht\u00eb ngritur flamuri n\u00eb qytetin bregdetar t\u00eb Vlor\u00ebs dhe shpallur shteti i pavarur shqiptar. Duhet t\u00eb mendojm\u00eb t\u00eb gjith\u00eb se si ta organizojm\u00eb nj\u00eb akademi t\u00eb k\u00ebtij p\u00ebrvjetori. Tani m\u00eb i [&hellip;]\" \/>\n<meta property=\"og:url\" content=\"https:\/\/fjala.info\/2009-2015\/manifestimi-njeshekullor\/\" \/>\n<meta property=\"og:site_name\" content=\"FjALA e LIR\u00cb - Arkivi\" \/>\n<meta property=\"article:published_time\" content=\"2012-01-05T09:23:56+00:00\" \/>\n<meta property=\"og:image\" content=\"http:\/\/www.shkoder.net\/2012\/refik_hasani.jpg\" \/>\n<meta name=\"author\" content=\"admin\" \/>\n<meta name=\"twitter:card\" content=\"summary_large_image\" \/>\n<meta name=\"twitter:label1\" content=\"Written by\" \/>\n\t<meta name=\"twitter:data1\" content=\"admin\" \/>\n\t<meta name=\"twitter:label2\" content=\"Est. reading time\" \/>\n\t<meta name=\"twitter:data2\" content=\"8 minutes\" \/>\n<script type=\"application\/ld+json\" class=\"yoast-schema-graph\">{\"@context\":\"https:\\\/\\\/schema.org\",\"@graph\":[{\"@type\":\"Article\",\"@id\":\"https:\\\/\\\/fjala.info\\\/2009-2015\\\/manifestimi-njeshekullor\\\/#article\",\"isPartOf\":{\"@id\":\"https:\\\/\\\/fjala.info\\\/2009-2015\\\/manifestimi-njeshekullor\\\/\"},\"author\":{\"name\":\"admin\",\"@id\":\"https:\\\/\\\/fjala.info\\\/2009-2015\\\/#\\\/schema\\\/person\\\/3aa1163ef05469c496fc94e77611ada2\"},\"headline\":\"MANIFESTIMI NJ\u00cbSHEKULLOR\",\"datePublished\":\"2012-01-05T09:23:56+00:00\",\"mainEntityOfPage\":{\"@id\":\"https:\\\/\\\/fjala.info\\\/2009-2015\\\/manifestimi-njeshekullor\\\/\"},\"wordCount\":1519,\"commentCount\":0,\"publisher\":{\"@id\":\"https:\\\/\\\/fjala.info\\\/2009-2015\\\/#organization\"},\"image\":{\"@id\":\"https:\\\/\\\/fjala.info\\\/2009-2015\\\/manifestimi-njeshekullor\\\/#primaryimage\"},\"thumbnailUrl\":\"http:\\\/\\\/www.shkoder.net\\\/2012\\\/refik_hasani.jpg\",\"articleSection\":[\"Artikuj\"],\"inLanguage\":\"sq-AL\",\"potentialAction\":[{\"@type\":\"CommentAction\",\"name\":\"Comment\",\"target\":[\"https:\\\/\\\/fjala.info\\\/2009-2015\\\/manifestimi-njeshekullor\\\/#respond\"]}]},{\"@type\":\"WebPage\",\"@id\":\"https:\\\/\\\/fjala.info\\\/2009-2015\\\/manifestimi-njeshekullor\\\/\",\"url\":\"https:\\\/\\\/fjala.info\\\/2009-2015\\\/manifestimi-njeshekullor\\\/\",\"name\":\"MANIFESTIMI NJ\u00cbSHEKULLOR - FjALA e LIR\u00cb - Arkivi\",\"isPartOf\":{\"@id\":\"https:\\\/\\\/fjala.info\\\/2009-2015\\\/#website\"},\"primaryImageOfPage\":{\"@id\":\"https:\\\/\\\/fjala.info\\\/2009-2015\\\/manifestimi-njeshekullor\\\/#primaryimage\"},\"image\":{\"@id\":\"https:\\\/\\\/fjala.info\\\/2009-2015\\\/manifestimi-njeshekullor\\\/#primaryimage\"},\"thumbnailUrl\":\"http:\\\/\\\/www.shkoder.net\\\/2012\\\/refik_hasani.jpg\",\"datePublished\":\"2012-01-05T09:23:56+00:00\",\"breadcrumb\":{\"@id\":\"https:\\\/\\\/fjala.info\\\/2009-2015\\\/manifestimi-njeshekullor\\\/#breadcrumb\"},\"inLanguage\":\"sq-AL\",\"potentialAction\":[{\"@type\":\"ReadAction\",\"target\":[\"https:\\\/\\\/fjala.info\\\/2009-2015\\\/manifestimi-njeshekullor\\\/\"]}]},{\"@type\":\"ImageObject\",\"inLanguage\":\"sq-AL\",\"@id\":\"https:\\\/\\\/fjala.info\\\/2009-2015\\\/manifestimi-njeshekullor\\\/#primaryimage\",\"url\":\"http:\\\/\\\/www.shkoder.net\\\/2012\\\/refik_hasani.jpg\",\"contentUrl\":\"http:\\\/\\\/www.shkoder.net\\\/2012\\\/refik_hasani.jpg\"},{\"@type\":\"BreadcrumbList\",\"@id\":\"https:\\\/\\\/fjala.info\\\/2009-2015\\\/manifestimi-njeshekullor\\\/#breadcrumb\",\"itemListElement\":[{\"@type\":\"ListItem\",\"position\":1,\"name\":\"Home\",\"item\":\"https:\\\/\\\/fjala.info\\\/2009-2015\\\/\"},{\"@type\":\"ListItem\",\"position\":2,\"name\":\"MANIFESTIMI NJ\u00cbSHEKULLOR\"}]},{\"@type\":\"WebSite\",\"@id\":\"https:\\\/\\\/fjala.info\\\/2009-2015\\\/#website\",\"url\":\"https:\\\/\\\/fjala.info\\\/2009-2015\\\/\",\"name\":\"FjALA e LIR\u00cb - Arkivi\",\"description\":\"Arkivi 2009-2015\",\"publisher\":{\"@id\":\"https:\\\/\\\/fjala.info\\\/2009-2015\\\/#organization\"},\"potentialAction\":[{\"@type\":\"SearchAction\",\"target\":{\"@type\":\"EntryPoint\",\"urlTemplate\":\"https:\\\/\\\/fjala.info\\\/2009-2015\\\/?s={search_term_string}\"},\"query-input\":{\"@type\":\"PropertyValueSpecification\",\"valueRequired\":true,\"valueName\":\"search_term_string\"}}],\"inLanguage\":\"sq-AL\"},{\"@type\":\"Organization\",\"@id\":\"https:\\\/\\\/fjala.info\\\/2009-2015\\\/#organization\",\"name\":\"FjALA e LIR\u00cb - Arkivi\",\"url\":\"https:\\\/\\\/fjala.info\\\/2009-2015\\\/\",\"logo\":{\"@type\":\"ImageObject\",\"inLanguage\":\"sq-AL\",\"@id\":\"https:\\\/\\\/fjala.info\\\/2009-2015\\\/#\\\/schema\\\/logo\\\/image\\\/\",\"url\":\"\",\"contentUrl\":\"\",\"caption\":\"FjALA e LIR\u00cb - Arkivi\"},\"image\":{\"@id\":\"https:\\\/\\\/fjala.info\\\/2009-2015\\\/#\\\/schema\\\/logo\\\/image\\\/\"}},{\"@type\":\"Person\",\"@id\":\"https:\\\/\\\/fjala.info\\\/2009-2015\\\/#\\\/schema\\\/person\\\/3aa1163ef05469c496fc94e77611ada2\",\"name\":\"admin\",\"image\":{\"@type\":\"ImageObject\",\"inLanguage\":\"sq-AL\",\"@id\":\"https:\\\/\\\/fjala.info\\\/2009-2015\\\/wp-content\\\/uploads\\\/2012\\\/02\\\/arben_cokaj-120x150.jpg\",\"url\":\"https:\\\/\\\/fjala.info\\\/2009-2015\\\/wp-content\\\/uploads\\\/2012\\\/02\\\/arben_cokaj-120x150.jpg\",\"contentUrl\":\"https:\\\/\\\/fjala.info\\\/2009-2015\\\/wp-content\\\/uploads\\\/2012\\\/02\\\/arben_cokaj-120x150.jpg\",\"caption\":\"admin\"},\"description\":\"Admin, Fjala e Lir\u00eb\",\"sameAs\":[\"https:\\\/\\\/fjala.info\\\/\"],\"url\":\"https:\\\/\\\/fjala.info\\\/2009-2015\\\/author\\\/admin\\\/\"}]}<\/script>\n<!-- \/ Yoast SEO plugin. -->","yoast_head_json":{"title":"MANIFESTIMI NJ\u00cbSHEKULLOR - FjALA e LIR\u00cb - Arkivi","robots":{"index":"index","follow":"follow","max-snippet":"max-snippet:-1","max-image-preview":"max-image-preview:large","max-video-preview":"max-video-preview:-1"},"canonical":"https:\/\/fjala.info\/2009-2015\/manifestimi-njeshekullor\/","og_locale":"sq_AL","og_type":"article","og_title":"MANIFESTIMI NJ\u00cbSHEKULLOR - FjALA e LIR\u00cb - Arkivi","og_description":"Shkruan: Refik HASANI Nj\u00eb zet\u00eb e tet\u00eb N\u00ebntori i k\u00ebtij viti q\u00eb po hym \u00ebsht\u00eb nj\u00eb p\u00ebrvjetor tep\u00ebr i madh, ku para nj\u00eb shekulli \u00ebsht\u00eb ngritur flamuri n\u00eb qytetin bregdetar t\u00eb Vlor\u00ebs dhe shpallur shteti i pavarur shqiptar. Duhet t\u00eb mendojm\u00eb t\u00eb gjith\u00eb se si ta organizojm\u00eb nj\u00eb akademi t\u00eb k\u00ebtij p\u00ebrvjetori. Tani m\u00eb i [&hellip;]","og_url":"https:\/\/fjala.info\/2009-2015\/manifestimi-njeshekullor\/","og_site_name":"FjALA e LIR\u00cb - Arkivi","article_published_time":"2012-01-05T09:23:56+00:00","og_image":[{"url":"http:\/\/www.shkoder.net\/2012\/refik_hasani.jpg","type":"","width":"","height":""}],"author":"admin","twitter_card":"summary_large_image","twitter_misc":{"Written by":"admin","Est. reading time":"8 minutes"},"schema":{"@context":"https:\/\/schema.org","@graph":[{"@type":"Article","@id":"https:\/\/fjala.info\/2009-2015\/manifestimi-njeshekullor\/#article","isPartOf":{"@id":"https:\/\/fjala.info\/2009-2015\/manifestimi-njeshekullor\/"},"author":{"name":"admin","@id":"https:\/\/fjala.info\/2009-2015\/#\/schema\/person\/3aa1163ef05469c496fc94e77611ada2"},"headline":"MANIFESTIMI NJ\u00cbSHEKULLOR","datePublished":"2012-01-05T09:23:56+00:00","mainEntityOfPage":{"@id":"https:\/\/fjala.info\/2009-2015\/manifestimi-njeshekullor\/"},"wordCount":1519,"commentCount":0,"publisher":{"@id":"https:\/\/fjala.info\/2009-2015\/#organization"},"image":{"@id":"https:\/\/fjala.info\/2009-2015\/manifestimi-njeshekullor\/#primaryimage"},"thumbnailUrl":"http:\/\/www.shkoder.net\/2012\/refik_hasani.jpg","articleSection":["Artikuj"],"inLanguage":"sq-AL","potentialAction":[{"@type":"CommentAction","name":"Comment","target":["https:\/\/fjala.info\/2009-2015\/manifestimi-njeshekullor\/#respond"]}]},{"@type":"WebPage","@id":"https:\/\/fjala.info\/2009-2015\/manifestimi-njeshekullor\/","url":"https:\/\/fjala.info\/2009-2015\/manifestimi-njeshekullor\/","name":"MANIFESTIMI NJ\u00cbSHEKULLOR - FjALA e LIR\u00cb - Arkivi","isPartOf":{"@id":"https:\/\/fjala.info\/2009-2015\/#website"},"primaryImageOfPage":{"@id":"https:\/\/fjala.info\/2009-2015\/manifestimi-njeshekullor\/#primaryimage"},"image":{"@id":"https:\/\/fjala.info\/2009-2015\/manifestimi-njeshekullor\/#primaryimage"},"thumbnailUrl":"http:\/\/www.shkoder.net\/2012\/refik_hasani.jpg","datePublished":"2012-01-05T09:23:56+00:00","breadcrumb":{"@id":"https:\/\/fjala.info\/2009-2015\/manifestimi-njeshekullor\/#breadcrumb"},"inLanguage":"sq-AL","potentialAction":[{"@type":"ReadAction","target":["https:\/\/fjala.info\/2009-2015\/manifestimi-njeshekullor\/"]}]},{"@type":"ImageObject","inLanguage":"sq-AL","@id":"https:\/\/fjala.info\/2009-2015\/manifestimi-njeshekullor\/#primaryimage","url":"http:\/\/www.shkoder.net\/2012\/refik_hasani.jpg","contentUrl":"http:\/\/www.shkoder.net\/2012\/refik_hasani.jpg"},{"@type":"BreadcrumbList","@id":"https:\/\/fjala.info\/2009-2015\/manifestimi-njeshekullor\/#breadcrumb","itemListElement":[{"@type":"ListItem","position":1,"name":"Home","item":"https:\/\/fjala.info\/2009-2015\/"},{"@type":"ListItem","position":2,"name":"MANIFESTIMI NJ\u00cbSHEKULLOR"}]},{"@type":"WebSite","@id":"https:\/\/fjala.info\/2009-2015\/#website","url":"https:\/\/fjala.info\/2009-2015\/","name":"FjALA e LIR\u00cb - Arkivi","description":"Arkivi 2009-2015","publisher":{"@id":"https:\/\/fjala.info\/2009-2015\/#organization"},"potentialAction":[{"@type":"SearchAction","target":{"@type":"EntryPoint","urlTemplate":"https:\/\/fjala.info\/2009-2015\/?s={search_term_string}"},"query-input":{"@type":"PropertyValueSpecification","valueRequired":true,"valueName":"search_term_string"}}],"inLanguage":"sq-AL"},{"@type":"Organization","@id":"https:\/\/fjala.info\/2009-2015\/#organization","name":"FjALA e LIR\u00cb - Arkivi","url":"https:\/\/fjala.info\/2009-2015\/","logo":{"@type":"ImageObject","inLanguage":"sq-AL","@id":"https:\/\/fjala.info\/2009-2015\/#\/schema\/logo\/image\/","url":"","contentUrl":"","caption":"FjALA e LIR\u00cb - Arkivi"},"image":{"@id":"https:\/\/fjala.info\/2009-2015\/#\/schema\/logo\/image\/"}},{"@type":"Person","@id":"https:\/\/fjala.info\/2009-2015\/#\/schema\/person\/3aa1163ef05469c496fc94e77611ada2","name":"admin","image":{"@type":"ImageObject","inLanguage":"sq-AL","@id":"https:\/\/fjala.info\/2009-2015\/wp-content\/uploads\/2012\/02\/arben_cokaj-120x150.jpg","url":"https:\/\/fjala.info\/2009-2015\/wp-content\/uploads\/2012\/02\/arben_cokaj-120x150.jpg","contentUrl":"https:\/\/fjala.info\/2009-2015\/wp-content\/uploads\/2012\/02\/arben_cokaj-120x150.jpg","caption":"admin"},"description":"Admin, Fjala e Lir\u00eb","sameAs":["https:\/\/fjala.info\/"],"url":"https:\/\/fjala.info\/2009-2015\/author\/admin\/"}]}},"_links":{"self":[{"href":"https:\/\/fjala.info\/2009-2015\/wp-json\/wp\/v2\/posts\/982","targetHints":{"allow":["GET"]}}],"collection":[{"href":"https:\/\/fjala.info\/2009-2015\/wp-json\/wp\/v2\/posts"}],"about":[{"href":"https:\/\/fjala.info\/2009-2015\/wp-json\/wp\/v2\/types\/post"}],"author":[{"embeddable":true,"href":"https:\/\/fjala.info\/2009-2015\/wp-json\/wp\/v2\/users\/1"}],"replies":[{"embeddable":true,"href":"https:\/\/fjala.info\/2009-2015\/wp-json\/wp\/v2\/comments?post=982"}],"version-history":[{"count":0,"href":"https:\/\/fjala.info\/2009-2015\/wp-json\/wp\/v2\/posts\/982\/revisions"}],"wp:attachment":[{"href":"https:\/\/fjala.info\/2009-2015\/wp-json\/wp\/v2\/media?parent=982"}],"wp:term":[{"taxonomy":"category","embeddable":true,"href":"https:\/\/fjala.info\/2009-2015\/wp-json\/wp\/v2\/categories?post=982"},{"taxonomy":"post_tag","embeddable":true,"href":"https:\/\/fjala.info\/2009-2015\/wp-json\/wp\/v2\/tags?post=982"}],"curies":[{"name":"wp","href":"https:\/\/api.w.org\/{rel}","templated":true}]}}