{"id":980,"date":"2012-01-02T22:55:09","date_gmt":"2012-01-02T21:55:09","guid":{"rendered":"http:\/\/fjala.shkoder.net\/?p=980"},"modified":"2012-01-02T22:55:09","modified_gmt":"2012-01-02T21:55:09","slug":"nderrimi-i-motmoteve-u-shenua-edhe-ne-baden-baden-gjermani","status":"publish","type":"post","link":"https:\/\/fjala.info\/2009-2015\/nderrimi-i-motmoteve-u-shenua-edhe-ne-baden-baden-gjermani\/","title":{"rendered":"Nd\u00ebrrimi i motmoteve  u sh\u00ebnua edhe n\u00eb Baden-Baden  Gjermani!"},"content":{"rendered":"<p><img decoding=\"async\" class=\"alignright size-thumbnail wp-image-7236\" title=\"Asllan Dibrani\" src=\"http:\/\/www.shkoder.net\/images\/fjala\/asllan_dibrani.jpg\" alt=\"\" width=\"150\" \/> <strong>Asllan Dibrani<\/strong>, <em>02 janar 2012<\/em><br \/>\n<a href=\"mailto:info@asllandibrani.com\">info@asllandibrani.com<\/a><\/p>\n<p>Kremtimi i Vitit t\u00eb Ri si fest\u00eb, \u00ebsht\u00eb nj\u00eb nd\u00ebr traditat m\u00eb t\u00eb vjetra, qe g\u00ebzimin e nd\u00ebrrimit te vitit e shprehin gati t\u00eb gjith\u00eb popujt e bot\u00ebs. Me\u00a0 qindra miliona njer\u00ebz n\u00eb bot\u00eb mbr\u00ebmjen e 31 dhjetorit e presin n\u00eb sheshet \u00a0e qyteteve t\u00eb tyre, n\u00eb qendra turistike, n\u00eb kafene, restorante, klube,\u2026. ose \u00a0n\u00eb atmosfer\u00eb familjare n\u00ebp\u00ebr sht\u00ebpi, duke e p\u00ebrcjell vitin plak qe pas<br \/>\npak or\u00ebve bota njer\u00ebzore , pret dhurata nga t\u00eb af\u00ebrmit, te dashurit dashuri ma tep\u00ebr te s\u00ebmurit nj\u00eb shpres\u00eb p\u00ebr sh\u00ebrim, biznesmen\u00ebt nj\u00eb sukses ma te madh e k\u00ebshtu me radh\u00eb.<\/p>\n<p>Pak para se te nd\u00ebrrohen akrepat e or\u00ebs filloj fishekzjarret me ndri\u00e7ua\u00a0 qiellin, si simbol i shpres\u00ebs qe viti tjet\u00ebr tu sjelle ma shume drite lumturi e sh\u00ebndet. K\u00ebshtu u kremtua n\u00eb shum\u00eb vende dhe kryeqytete te botes tanim\u00eb \u00ebsht\u00eb b\u00ebr\u00eb tradit\u00eb q\u00eb Viti i Ri t\u00eb kremtohet n\u00eb m\u00ebnyr\u00eb kolektive te organizuar p\u00ebr k\u00ebt\u00eb fest\u00eb. N\u00eb qytete t\u00eb ndryshme t\u00eb metropoleve t\u00eb m\u00ebdha bot\u00ebrore, banor\u00ebt e tyre, para \u00e7astit t\u00eb nd\u00ebrrimit t\u00eb viteve dalin n\u00eb qend\u00ebr t\u00eb qytetit. Kjo form\u00eb e kremtimit t\u00eb Vitit t\u00eb Ri,<br \/>\ntanim\u00eb \u00ebsht\u00eb tradicionale n\u00eb shum\u00eb kryeqytete t\u00eb shteteve t\u00eb Evrop\u00ebs por edhe t\u00eb shqiptar\u00ebt. Ky g\u00ebzim u p\u00ebrcoll me ceremoni t\u00eb ngjashme n\u00eb Shqip\u00ebri , Kosov\u00eb t\u00eb shqiptar\u00ebt e Maqedonis\u00eb, por edhe ma gjer\u00eb tek shqiptar\u00ebt e diaspor\u00ebs qe jetojn\u00eb jasht\u00eb atdheut.<\/p>\n<p><em>Pamje e manifestimit nga pjes\u00ebmarr\u00ebsit n\u00eb nd\u00ebrrimin e motmoteve te vitit\u00a02012 n\u00eb Baden-Baden!<\/em><\/p>\n<p>Nj\u00eb takim i till\u00eb u mbajt edhe ne Baden-Baden te Gjermanis\u00eb ne rrethin e Shtutgardit . Nj\u00eb num\u00ebr i madh i bashkatdhetar\u00ebve udh\u00ebtuan n\u00eb atdhe para ca dit\u00ebsh. Dikush vendosi ta pret k\u00ebt\u00eb te kremte ne gjirin familjar, t\u00eb<br \/>\ntjer\u00ebt vendosen n\u00eb form\u00eb t\u00eb organizuar n\u00eb lokale .<\/p>\n<p><em>Pamje e publikut gjat\u00eb k\u00ebsaj mbr\u00ebmje qe sadopak i lan anash obligimet ,brengat dhe hallet tjera p\u00ebr tu bashkuar, qe ta kalojn\u00eb nj\u00eb nat\u00eb te lumtur dhe te hareshme me bashkatdhetar\u00ebt !<\/em><\/p>\n<p>Ashtu nj\u00eb atmosfere festive ishte edhe n\u00eb k\u00ebt\u00eb qytet, qe grumbulloj nj\u00eb num\u00ebr t\u00eb konsideruesh\u00ebm qytetar\u00ebsh, qe k\u00ebt\u00eb vit ta presin se bashku n\u00eb nj\u00eb restorant t\u00eb bukur t\u00eb organizuar nga P\u00ebrparim Kastrati . Ky takim i bashkoj shqiptar\u00ebt nga shume vise t\u00eb ndryshme n\u00eb Gjermani por pati mysafir pjes\u00ebmarr\u00ebs edhe nga Britania e madhe , Zvicra, Dyseldorfi Holanda<br \/>\netj.<\/p>\n<p><em>Lumturie Kastrati dhe Naser Mitrovica k\u00ebng\u00ebtar gjat\u00eb fest\u00ebs se vitit t\u00eb ri 2012 n\u00eb Baden-Baden dhe Sadie kryeziu Bejtullahu qe i p\u00ebrsh\u00ebndeti te pranishmit e ardhur nga Londra si krijuese ,veprimtare shum\u00ebvje\u00e7are dhe publiciste n\u00eb mediumet britanike dhe aktiviste n\u00eb organizmat shqiptaro -britanike. Qe t\u00eb tre uruan dhe i p\u00ebrg\u00ebzuan publikun dhe mbar\u00eb popullin shqiptar, qe ky vit te jet\u00eb vit i g\u00ebzimeve dhe sukseseve!<\/em><\/p>\n<p>Publikun e shoq\u00ebruan dy k\u00ebng\u00ebtar Naser Mitrovica dhe Lumturie Kastrati qe i dhan\u00eb k\u00ebsaj mbr\u00ebmje nj\u00eb atmosfere hareje dhe g\u00ebzimi me k\u00ebnge e valle t\u00eb shoq\u00ebruar nga publiku.<\/p>\n<p><strong>Mesazh p\u00ebr vitin e ri 2012<\/strong><\/p>\n<p>Urojm\u00eb q\u00eb ky vit t\u00eb jet\u00eb nj\u00eb vit i shenjt\u00eb p\u00ebr t\u00eb gjitha forcat politike t\u00eb kombit ton\u00eb, p\u00ebr nj\u00eb udh\u00ebheqje ma progresive p\u00ebr interesin e kombit ton\u00eb, t\u00eb jet\u00eb nj\u00eb vit i kuror\u00ebzimit p\u00ebr nj\u00eb q\u00ebllimi dhe nj\u00eb mendje me nj\u00eb vizion dhe ide, me nj\u00eb strategji dhe synim, me nj\u00eb vullnet dhe harmoni, e t\u00eb gjitha forcave intelektuale t\u00eb krijuesve, artist\u00ebve, biznesmen\u00ebve dhe e gjith\u00eb<br \/>\nspektrit n\u00eb elit\u00ebn e kombit t\u00eb bashkohen rreth flamurit, t\u00eb jet\u00eb mesazhi ma i mire i i vitit 2012 qe t\u00eb mbret\u00ebroj uniteti t\u00eb shqiptar\u00ebt.<\/p>\n<p>Viti 2012 t\u00eb jet\u00eb nj\u00eb kushtrim q\u00eb t\u00eb na bashkoj ma tep\u00ebr se gjithher\u00eb shqiptar\u00ebt n\u00eb Shqip\u00ebri, Kosov\u00eb, dhe n\u00eb trojet tona n\u00ebn Serbi, Maqedoni, Greqi dhe Mal te Zi . Te jete nj\u00eb vit i bashkimit tone shpirt\u00ebror e fizik n\u00eb nj\u00eb shtet te<br \/>\nbashkuar shqiptar, me nj\u00eb flamur, me nj\u00eb gjuhe &#8230; Evropian\u00ebt u zgjuan me nj\u00eb kujtes\u00eb t\u00eb hidhur nga viti 2011, kur kontinenti u zhyt n\u00eb kriz\u00ebn m\u00eb t\u00eb thell\u00eb ekonomike n\u00eb dekada e fundit.<\/p>\n<p>P\u00ebr ne shqiptaret qofte nj\u00eb vit i flakjes se varf\u00ebris\u00eb ne vatrat tona dhe ngritjes se ekonomis\u00eb qe te jet\u00eb nj\u00eb vit e d\u00ebshirave p\u00ebr vende te reja pune p\u00ebr te rinjt\u00eb etj.<\/p>\n<p>Miq t\u00eb nderuar edhe nj\u00ebher\u00eb &#8220;GEZUAR VITIN E RI 2012&#8221; Ky vit sjellt\u00eb p\u00ebr ju, familjet e c&#8217;te keni p\u00ebrzem\u00ebr &#8220;G\u00ebzime -lumturi-paqe e dashuri &#8220;!! Qoft\u00eb nj\u00eb vit i mbare dhe i begate. G\u00ebzuar sa me shum\u00eb paqe, harmoni e dashuri! G\u00ebzuar e sa me i mbar\u00eb. \u00cbndrrat e d\u00ebshirat ua plot\u00ebsoft\u00eb ky vit, gjith\u00e7ka qe e keni pasur \u00ebnd\u00ebrr ne vitin qe lem\u00eb pas. U beft\u00eb realitet ky vit i aspiratave te juaja&#8230;! G\u00ebzuar miq! Me shume respekt &#8220;dhe urime p\u00ebr gjith\u00eb kombin shqiptar.<\/p>\n<p>Foto-reportazh nga <strong>Asllan Dibrani<\/strong>, 02.01.2012 Shtutgard<\/p>\n","protected":false},"excerpt":{"rendered":"<p>Asllan Dibrani, 02 janar 2012 info@asllandibrani.com Kremtimi i Vitit t\u00eb Ri si fest\u00eb, \u00ebsht\u00eb nj\u00eb nd\u00ebr traditat m\u00eb t\u00eb vjetra, qe g\u00ebzimin e nd\u00ebrrimit te vitit e shprehin gati t\u00eb gjith\u00eb popujt e bot\u00ebs. Me\u00a0 qindra miliona njer\u00ebz n\u00eb bot\u00eb mbr\u00ebmjen e 31 dhjetorit e presin n\u00eb sheshet \u00a0e qyteteve t\u00eb tyre, n\u00eb qendra turistike, [&hellip;]<\/p>\n","protected":false},"author":1,"featured_media":0,"comment_status":"open","ping_status":"closed","sticky":false,"template":"","format":"standard","meta":{"footnotes":""},"categories":[2],"tags":[],"class_list":{"0":"post-980","1":"post","2":"type-post","3":"status-publish","4":"format-standard","6":"category-artikuj"},"yoast_head":"<!-- This site is optimized with the Yoast SEO plugin v27.4 - https:\/\/yoast.com\/product\/yoast-seo-wordpress\/ -->\n<title>Nd\u00ebrrimi i motmoteve u sh\u00ebnua edhe n\u00eb Baden-Baden Gjermani! - FjALA e LIR\u00cb - Arkivi<\/title>\n<meta name=\"robots\" content=\"index, follow, max-snippet:-1, max-image-preview:large, max-video-preview:-1\" \/>\n<link rel=\"canonical\" href=\"https:\/\/fjala.info\/2009-2015\/nderrimi-i-motmoteve-u-shenua-edhe-ne-baden-baden-gjermani\/\" \/>\n<meta property=\"og:locale\" content=\"sq_AL\" \/>\n<meta property=\"og:type\" content=\"article\" \/>\n<meta property=\"og:title\" content=\"Nd\u00ebrrimi i motmoteve u sh\u00ebnua edhe n\u00eb Baden-Baden Gjermani! - FjALA e LIR\u00cb - Arkivi\" \/>\n<meta property=\"og:description\" content=\"Asllan Dibrani, 02 janar 2012 info@asllandibrani.com Kremtimi i Vitit t\u00eb Ri si fest\u00eb, \u00ebsht\u00eb nj\u00eb nd\u00ebr traditat m\u00eb t\u00eb vjetra, qe g\u00ebzimin e nd\u00ebrrimit te vitit e shprehin gati t\u00eb gjith\u00eb popujt e bot\u00ebs. Me\u00a0 qindra miliona njer\u00ebz n\u00eb bot\u00eb mbr\u00ebmjen e 31 dhjetorit e presin n\u00eb sheshet \u00a0e qyteteve t\u00eb tyre, n\u00eb qendra turistike, [&hellip;]\" \/>\n<meta property=\"og:url\" content=\"https:\/\/fjala.info\/2009-2015\/nderrimi-i-motmoteve-u-shenua-edhe-ne-baden-baden-gjermani\/\" \/>\n<meta property=\"og:site_name\" content=\"FjALA e LIR\u00cb - Arkivi\" \/>\n<meta property=\"article:published_time\" content=\"2012-01-02T21:55:09+00:00\" \/>\n<meta property=\"og:image\" content=\"http:\/\/www.shkoder.net\/images\/fjala\/asllan_dibrani.jpg\" \/>\n<meta name=\"author\" content=\"admin\" \/>\n<meta name=\"twitter:card\" content=\"summary_large_image\" \/>\n<meta name=\"twitter:label1\" content=\"Written by\" \/>\n\t<meta name=\"twitter:data1\" content=\"admin\" \/>\n\t<meta name=\"twitter:label2\" content=\"Est. reading time\" \/>\n\t<meta name=\"twitter:data2\" content=\"4 minutes\" \/>\n<script type=\"application\/ld+json\" class=\"yoast-schema-graph\">{\"@context\":\"https:\\\/\\\/schema.org\",\"@graph\":[{\"@type\":\"Article\",\"@id\":\"https:\\\/\\\/fjala.info\\\/2009-2015\\\/nderrimi-i-motmoteve-u-shenua-edhe-ne-baden-baden-gjermani\\\/#article\",\"isPartOf\":{\"@id\":\"https:\\\/\\\/fjala.info\\\/2009-2015\\\/nderrimi-i-motmoteve-u-shenua-edhe-ne-baden-baden-gjermani\\\/\"},\"author\":{\"name\":\"admin\",\"@id\":\"https:\\\/\\\/fjala.info\\\/2009-2015\\\/#\\\/schema\\\/person\\\/3aa1163ef05469c496fc94e77611ada2\"},\"headline\":\"Nd\u00ebrrimi i motmoteve u sh\u00ebnua edhe n\u00eb Baden-Baden Gjermani!\",\"datePublished\":\"2012-01-02T21:55:09+00:00\",\"mainEntityOfPage\":{\"@id\":\"https:\\\/\\\/fjala.info\\\/2009-2015\\\/nderrimi-i-motmoteve-u-shenua-edhe-ne-baden-baden-gjermani\\\/\"},\"wordCount\":894,\"commentCount\":0,\"publisher\":{\"@id\":\"https:\\\/\\\/fjala.info\\\/2009-2015\\\/#organization\"},\"image\":{\"@id\":\"https:\\\/\\\/fjala.info\\\/2009-2015\\\/nderrimi-i-motmoteve-u-shenua-edhe-ne-baden-baden-gjermani\\\/#primaryimage\"},\"thumbnailUrl\":\"http:\\\/\\\/www.shkoder.net\\\/images\\\/fjala\\\/asllan_dibrani.jpg\",\"articleSection\":[\"Artikuj\"],\"inLanguage\":\"sq-AL\",\"potentialAction\":[{\"@type\":\"CommentAction\",\"name\":\"Comment\",\"target\":[\"https:\\\/\\\/fjala.info\\\/2009-2015\\\/nderrimi-i-motmoteve-u-shenua-edhe-ne-baden-baden-gjermani\\\/#respond\"]}]},{\"@type\":\"WebPage\",\"@id\":\"https:\\\/\\\/fjala.info\\\/2009-2015\\\/nderrimi-i-motmoteve-u-shenua-edhe-ne-baden-baden-gjermani\\\/\",\"url\":\"https:\\\/\\\/fjala.info\\\/2009-2015\\\/nderrimi-i-motmoteve-u-shenua-edhe-ne-baden-baden-gjermani\\\/\",\"name\":\"Nd\u00ebrrimi i motmoteve u sh\u00ebnua edhe n\u00eb Baden-Baden Gjermani! - FjALA e LIR\u00cb - Arkivi\",\"isPartOf\":{\"@id\":\"https:\\\/\\\/fjala.info\\\/2009-2015\\\/#website\"},\"primaryImageOfPage\":{\"@id\":\"https:\\\/\\\/fjala.info\\\/2009-2015\\\/nderrimi-i-motmoteve-u-shenua-edhe-ne-baden-baden-gjermani\\\/#primaryimage\"},\"image\":{\"@id\":\"https:\\\/\\\/fjala.info\\\/2009-2015\\\/nderrimi-i-motmoteve-u-shenua-edhe-ne-baden-baden-gjermani\\\/#primaryimage\"},\"thumbnailUrl\":\"http:\\\/\\\/www.shkoder.net\\\/images\\\/fjala\\\/asllan_dibrani.jpg\",\"datePublished\":\"2012-01-02T21:55:09+00:00\",\"breadcrumb\":{\"@id\":\"https:\\\/\\\/fjala.info\\\/2009-2015\\\/nderrimi-i-motmoteve-u-shenua-edhe-ne-baden-baden-gjermani\\\/#breadcrumb\"},\"inLanguage\":\"sq-AL\",\"potentialAction\":[{\"@type\":\"ReadAction\",\"target\":[\"https:\\\/\\\/fjala.info\\\/2009-2015\\\/nderrimi-i-motmoteve-u-shenua-edhe-ne-baden-baden-gjermani\\\/\"]}]},{\"@type\":\"ImageObject\",\"inLanguage\":\"sq-AL\",\"@id\":\"https:\\\/\\\/fjala.info\\\/2009-2015\\\/nderrimi-i-motmoteve-u-shenua-edhe-ne-baden-baden-gjermani\\\/#primaryimage\",\"url\":\"http:\\\/\\\/www.shkoder.net\\\/images\\\/fjala\\\/asllan_dibrani.jpg\",\"contentUrl\":\"http:\\\/\\\/www.shkoder.net\\\/images\\\/fjala\\\/asllan_dibrani.jpg\"},{\"@type\":\"BreadcrumbList\",\"@id\":\"https:\\\/\\\/fjala.info\\\/2009-2015\\\/nderrimi-i-motmoteve-u-shenua-edhe-ne-baden-baden-gjermani\\\/#breadcrumb\",\"itemListElement\":[{\"@type\":\"ListItem\",\"position\":1,\"name\":\"Home\",\"item\":\"https:\\\/\\\/fjala.info\\\/2009-2015\\\/\"},{\"@type\":\"ListItem\",\"position\":2,\"name\":\"Nd\u00ebrrimi i motmoteve u sh\u00ebnua edhe n\u00eb Baden-Baden Gjermani!\"}]},{\"@type\":\"WebSite\",\"@id\":\"https:\\\/\\\/fjala.info\\\/2009-2015\\\/#website\",\"url\":\"https:\\\/\\\/fjala.info\\\/2009-2015\\\/\",\"name\":\"FjALA e LIR\u00cb - Arkivi\",\"description\":\"Arkivi 2009-2015\",\"publisher\":{\"@id\":\"https:\\\/\\\/fjala.info\\\/2009-2015\\\/#organization\"},\"potentialAction\":[{\"@type\":\"SearchAction\",\"target\":{\"@type\":\"EntryPoint\",\"urlTemplate\":\"https:\\\/\\\/fjala.info\\\/2009-2015\\\/?s={search_term_string}\"},\"query-input\":{\"@type\":\"PropertyValueSpecification\",\"valueRequired\":true,\"valueName\":\"search_term_string\"}}],\"inLanguage\":\"sq-AL\"},{\"@type\":\"Organization\",\"@id\":\"https:\\\/\\\/fjala.info\\\/2009-2015\\\/#organization\",\"name\":\"FjALA e LIR\u00cb - Arkivi\",\"url\":\"https:\\\/\\\/fjala.info\\\/2009-2015\\\/\",\"logo\":{\"@type\":\"ImageObject\",\"inLanguage\":\"sq-AL\",\"@id\":\"https:\\\/\\\/fjala.info\\\/2009-2015\\\/#\\\/schema\\\/logo\\\/image\\\/\",\"url\":\"\",\"contentUrl\":\"\",\"caption\":\"FjALA e LIR\u00cb - Arkivi\"},\"image\":{\"@id\":\"https:\\\/\\\/fjala.info\\\/2009-2015\\\/#\\\/schema\\\/logo\\\/image\\\/\"}},{\"@type\":\"Person\",\"@id\":\"https:\\\/\\\/fjala.info\\\/2009-2015\\\/#\\\/schema\\\/person\\\/3aa1163ef05469c496fc94e77611ada2\",\"name\":\"admin\",\"image\":{\"@type\":\"ImageObject\",\"inLanguage\":\"sq-AL\",\"@id\":\"https:\\\/\\\/fjala.info\\\/2009-2015\\\/wp-content\\\/uploads\\\/2012\\\/02\\\/arben_cokaj-120x150.jpg\",\"url\":\"https:\\\/\\\/fjala.info\\\/2009-2015\\\/wp-content\\\/uploads\\\/2012\\\/02\\\/arben_cokaj-120x150.jpg\",\"contentUrl\":\"https:\\\/\\\/fjala.info\\\/2009-2015\\\/wp-content\\\/uploads\\\/2012\\\/02\\\/arben_cokaj-120x150.jpg\",\"caption\":\"admin\"},\"description\":\"Admin, Fjala e Lir\u00eb\",\"sameAs\":[\"https:\\\/\\\/fjala.info\\\/\"],\"url\":\"https:\\\/\\\/fjala.info\\\/2009-2015\\\/author\\\/admin\\\/\"}]}<\/script>\n<!-- \/ Yoast SEO plugin. -->","yoast_head_json":{"title":"Nd\u00ebrrimi i motmoteve u sh\u00ebnua edhe n\u00eb Baden-Baden Gjermani! - FjALA e LIR\u00cb - Arkivi","robots":{"index":"index","follow":"follow","max-snippet":"max-snippet:-1","max-image-preview":"max-image-preview:large","max-video-preview":"max-video-preview:-1"},"canonical":"https:\/\/fjala.info\/2009-2015\/nderrimi-i-motmoteve-u-shenua-edhe-ne-baden-baden-gjermani\/","og_locale":"sq_AL","og_type":"article","og_title":"Nd\u00ebrrimi i motmoteve u sh\u00ebnua edhe n\u00eb Baden-Baden Gjermani! - FjALA e LIR\u00cb - Arkivi","og_description":"Asllan Dibrani, 02 janar 2012 info@asllandibrani.com Kremtimi i Vitit t\u00eb Ri si fest\u00eb, \u00ebsht\u00eb nj\u00eb nd\u00ebr traditat m\u00eb t\u00eb vjetra, qe g\u00ebzimin e nd\u00ebrrimit te vitit e shprehin gati t\u00eb gjith\u00eb popujt e bot\u00ebs. Me\u00a0 qindra miliona njer\u00ebz n\u00eb bot\u00eb mbr\u00ebmjen e 31 dhjetorit e presin n\u00eb sheshet \u00a0e qyteteve t\u00eb tyre, n\u00eb qendra turistike, [&hellip;]","og_url":"https:\/\/fjala.info\/2009-2015\/nderrimi-i-motmoteve-u-shenua-edhe-ne-baden-baden-gjermani\/","og_site_name":"FjALA e LIR\u00cb - Arkivi","article_published_time":"2012-01-02T21:55:09+00:00","og_image":[{"url":"http:\/\/www.shkoder.net\/images\/fjala\/asllan_dibrani.jpg","type":"","width":"","height":""}],"author":"admin","twitter_card":"summary_large_image","twitter_misc":{"Written by":"admin","Est. reading time":"4 minutes"},"schema":{"@context":"https:\/\/schema.org","@graph":[{"@type":"Article","@id":"https:\/\/fjala.info\/2009-2015\/nderrimi-i-motmoteve-u-shenua-edhe-ne-baden-baden-gjermani\/#article","isPartOf":{"@id":"https:\/\/fjala.info\/2009-2015\/nderrimi-i-motmoteve-u-shenua-edhe-ne-baden-baden-gjermani\/"},"author":{"name":"admin","@id":"https:\/\/fjala.info\/2009-2015\/#\/schema\/person\/3aa1163ef05469c496fc94e77611ada2"},"headline":"Nd\u00ebrrimi i motmoteve u sh\u00ebnua edhe n\u00eb Baden-Baden Gjermani!","datePublished":"2012-01-02T21:55:09+00:00","mainEntityOfPage":{"@id":"https:\/\/fjala.info\/2009-2015\/nderrimi-i-motmoteve-u-shenua-edhe-ne-baden-baden-gjermani\/"},"wordCount":894,"commentCount":0,"publisher":{"@id":"https:\/\/fjala.info\/2009-2015\/#organization"},"image":{"@id":"https:\/\/fjala.info\/2009-2015\/nderrimi-i-motmoteve-u-shenua-edhe-ne-baden-baden-gjermani\/#primaryimage"},"thumbnailUrl":"http:\/\/www.shkoder.net\/images\/fjala\/asllan_dibrani.jpg","articleSection":["Artikuj"],"inLanguage":"sq-AL","potentialAction":[{"@type":"CommentAction","name":"Comment","target":["https:\/\/fjala.info\/2009-2015\/nderrimi-i-motmoteve-u-shenua-edhe-ne-baden-baden-gjermani\/#respond"]}]},{"@type":"WebPage","@id":"https:\/\/fjala.info\/2009-2015\/nderrimi-i-motmoteve-u-shenua-edhe-ne-baden-baden-gjermani\/","url":"https:\/\/fjala.info\/2009-2015\/nderrimi-i-motmoteve-u-shenua-edhe-ne-baden-baden-gjermani\/","name":"Nd\u00ebrrimi i motmoteve u sh\u00ebnua edhe n\u00eb Baden-Baden Gjermani! - FjALA e LIR\u00cb - Arkivi","isPartOf":{"@id":"https:\/\/fjala.info\/2009-2015\/#website"},"primaryImageOfPage":{"@id":"https:\/\/fjala.info\/2009-2015\/nderrimi-i-motmoteve-u-shenua-edhe-ne-baden-baden-gjermani\/#primaryimage"},"image":{"@id":"https:\/\/fjala.info\/2009-2015\/nderrimi-i-motmoteve-u-shenua-edhe-ne-baden-baden-gjermani\/#primaryimage"},"thumbnailUrl":"http:\/\/www.shkoder.net\/images\/fjala\/asllan_dibrani.jpg","datePublished":"2012-01-02T21:55:09+00:00","breadcrumb":{"@id":"https:\/\/fjala.info\/2009-2015\/nderrimi-i-motmoteve-u-shenua-edhe-ne-baden-baden-gjermani\/#breadcrumb"},"inLanguage":"sq-AL","potentialAction":[{"@type":"ReadAction","target":["https:\/\/fjala.info\/2009-2015\/nderrimi-i-motmoteve-u-shenua-edhe-ne-baden-baden-gjermani\/"]}]},{"@type":"ImageObject","inLanguage":"sq-AL","@id":"https:\/\/fjala.info\/2009-2015\/nderrimi-i-motmoteve-u-shenua-edhe-ne-baden-baden-gjermani\/#primaryimage","url":"http:\/\/www.shkoder.net\/images\/fjala\/asllan_dibrani.jpg","contentUrl":"http:\/\/www.shkoder.net\/images\/fjala\/asllan_dibrani.jpg"},{"@type":"BreadcrumbList","@id":"https:\/\/fjala.info\/2009-2015\/nderrimi-i-motmoteve-u-shenua-edhe-ne-baden-baden-gjermani\/#breadcrumb","itemListElement":[{"@type":"ListItem","position":1,"name":"Home","item":"https:\/\/fjala.info\/2009-2015\/"},{"@type":"ListItem","position":2,"name":"Nd\u00ebrrimi i motmoteve u sh\u00ebnua edhe n\u00eb Baden-Baden Gjermani!"}]},{"@type":"WebSite","@id":"https:\/\/fjala.info\/2009-2015\/#website","url":"https:\/\/fjala.info\/2009-2015\/","name":"FjALA e LIR\u00cb - Arkivi","description":"Arkivi 2009-2015","publisher":{"@id":"https:\/\/fjala.info\/2009-2015\/#organization"},"potentialAction":[{"@type":"SearchAction","target":{"@type":"EntryPoint","urlTemplate":"https:\/\/fjala.info\/2009-2015\/?s={search_term_string}"},"query-input":{"@type":"PropertyValueSpecification","valueRequired":true,"valueName":"search_term_string"}}],"inLanguage":"sq-AL"},{"@type":"Organization","@id":"https:\/\/fjala.info\/2009-2015\/#organization","name":"FjALA e LIR\u00cb - Arkivi","url":"https:\/\/fjala.info\/2009-2015\/","logo":{"@type":"ImageObject","inLanguage":"sq-AL","@id":"https:\/\/fjala.info\/2009-2015\/#\/schema\/logo\/image\/","url":"","contentUrl":"","caption":"FjALA e LIR\u00cb - Arkivi"},"image":{"@id":"https:\/\/fjala.info\/2009-2015\/#\/schema\/logo\/image\/"}},{"@type":"Person","@id":"https:\/\/fjala.info\/2009-2015\/#\/schema\/person\/3aa1163ef05469c496fc94e77611ada2","name":"admin","image":{"@type":"ImageObject","inLanguage":"sq-AL","@id":"https:\/\/fjala.info\/2009-2015\/wp-content\/uploads\/2012\/02\/arben_cokaj-120x150.jpg","url":"https:\/\/fjala.info\/2009-2015\/wp-content\/uploads\/2012\/02\/arben_cokaj-120x150.jpg","contentUrl":"https:\/\/fjala.info\/2009-2015\/wp-content\/uploads\/2012\/02\/arben_cokaj-120x150.jpg","caption":"admin"},"description":"Admin, Fjala e Lir\u00eb","sameAs":["https:\/\/fjala.info\/"],"url":"https:\/\/fjala.info\/2009-2015\/author\/admin\/"}]}},"_links":{"self":[{"href":"https:\/\/fjala.info\/2009-2015\/wp-json\/wp\/v2\/posts\/980","targetHints":{"allow":["GET"]}}],"collection":[{"href":"https:\/\/fjala.info\/2009-2015\/wp-json\/wp\/v2\/posts"}],"about":[{"href":"https:\/\/fjala.info\/2009-2015\/wp-json\/wp\/v2\/types\/post"}],"author":[{"embeddable":true,"href":"https:\/\/fjala.info\/2009-2015\/wp-json\/wp\/v2\/users\/1"}],"replies":[{"embeddable":true,"href":"https:\/\/fjala.info\/2009-2015\/wp-json\/wp\/v2\/comments?post=980"}],"version-history":[{"count":0,"href":"https:\/\/fjala.info\/2009-2015\/wp-json\/wp\/v2\/posts\/980\/revisions"}],"wp:attachment":[{"href":"https:\/\/fjala.info\/2009-2015\/wp-json\/wp\/v2\/media?parent=980"}],"wp:term":[{"taxonomy":"category","embeddable":true,"href":"https:\/\/fjala.info\/2009-2015\/wp-json\/wp\/v2\/categories?post=980"},{"taxonomy":"post_tag","embeddable":true,"href":"https:\/\/fjala.info\/2009-2015\/wp-json\/wp\/v2\/tags?post=980"}],"curies":[{"name":"wp","href":"https:\/\/api.w.org\/{rel}","templated":true}]}}