{"id":974,"date":"2012-01-03T22:30:47","date_gmt":"2012-01-03T21:30:47","guid":{"rendered":"http:\/\/fjala.shkoder.net\/?p=974"},"modified":"2012-01-03T22:30:47","modified_gmt":"2012-01-03T21:30:47","slug":"kercenime-te-reja-te-levizjes-fanatike-islamike-boko-haram-kunder-te-krishtereve-ne-nigeri","status":"publish","type":"post","link":"https:\/\/fjala.info\/2009-2015\/kercenime-te-reja-te-levizjes-fanatike-islamike-boko-haram-kunder-te-krishtereve-ne-nigeri\/","title":{"rendered":"K\u00ebrc\u00ebnime t\u00eb reja t\u00eb l\u00ebvizjes fanatike islamike Boko Haram kund\u00ebr t\u00eb krishter\u00ebve n\u00eb Nigeri"},"content":{"rendered":"<p><img decoding=\"async\" class=\"alignleft size-thumbnail wp-image-7236\" title=\"Kaigama Erzbischof Ignatius\" src=\"http:\/\/www.shkoder.net\/2012\/kaigama_erzbischof_ignatius.jpg\" alt=\"\" width=\"200\" \/><strong>Nigeri, ultimatum i Boko Haram t\u00eb krishter\u00ebve. Imzot Kaigama i kund\u00ebrvihet dhun\u00ebs.<\/strong><\/p>\n<p><em>K\u00ebrc\u00ebnime t\u00eb reja t\u00eb l\u00ebvizjes fanatike islamike Boko Haram kund\u00ebr t\u00eb krishter\u00ebve n\u00eb Nigeri. Sipas ultimatumit t\u00eb integralist\u00ebve, ndjek\u00ebsit e Krishtit kan\u00eb vet\u00ebm tri dit\u00eb afat p\u00ebr t\u2019u larguar nga veriu i vendit, me shumic\u00eb myslimane, me pasoj\u00eb d\u00ebnime tep\u00ebr t\u00eb r\u00ebnda. Grupi radikal kritikoi edhe vendimin e presidentit Goodluck Jonathan p\u00ebr dekretimin e gjendjes s\u00eb emergjenc\u00ebs n\u00eb disa zona t\u00eb Nigeris\u00eb si dhe p\u00ebr mbylljen e kufirit me Kamerunin, \u00c7adin e Nigerin. Nd\u00ebrkaq, Boko Haram e ka pranuar autor\u00ebsin\u00eb e atentateve kund\u00ebr t\u00eb krishter\u00ebve Nat\u00ebn e Krishtlindjes.<\/em><\/p>\n<p><em>Mbi situat\u00ebn dramatike t\u00eb t\u00eb krishter\u00ebve, flet, n\u00eb mikrofonin ton\u00eb, imzot <strong>Ignatius Ayau Kaigama<\/strong><\/em>:<\/p>\n<p><img decoding=\"async\" class=\"alignright size-thumbnail wp-image-7236\" title=\"Nigeria\" src=\"http:\/\/www.shkoder.net\/2012\/nigeria.jpg\" alt=\"\" width=\"150\" \/><strong>P\u00ebrgjigje<\/strong>: &#8211; Churches have been destroyed\u2026<br \/>\nKishat u shkat\u00ebrruan, humb\u00ebn edhe jet\u00eb, e nuk duket asnj\u00eb shenj\u00eb, q\u00eb t\u00eb na tregoj\u00eb se kjo gjendje do t\u00eb marr\u00eb fund, p\u00ebrderisa qeveria nuk do t\u00eb nd\u00ebrhyj\u00eb me dor\u00eb t\u00eb hekurt. Nuk kemi pushuar kurr\u00eb s\u2019u kujtuari t\u00eb krishter\u00ebve t\u00eb jen\u00eb t\u00eb vet\u00ebdijsh\u00ebm p\u00ebr sigurin\u00eb: kur shkojn\u00eb n\u00eb Kish\u00eb duhet t\u00eb jen\u00eb t\u00eb v\u00ebmendsh\u00ebm, t\u00eb ruhen, e madje duhet t\u00eb ruhen edhe kur jan\u00eb n\u00eb sht\u00ebpit\u00eb e tyre. Ne u kund\u00ebrvihemi raprezaljeve, nuk duam t\u2019i p\u00ebrgjigjemi s\u00eb keqes me t\u00eb keqe e mortit me mort. Vijojm\u00eb t\u00eb predikojm\u00eb jet\u00ebn, paqen, duke shpresuar se t\u00eb gjith\u00eb ne, n\u00eb Nigeri, mysliman\u00eb e t\u00eb krishter\u00eb, do t\u00eb jemi n\u00eb gjendje t\u00eb jetojm\u00eb e t\u00eb punojm\u00eb s\u00eb bashku. Ky \u00ebsht\u00eb q\u00ebndrimi yn\u00eb: jo dhun\u00ebs, jo raprezaljes, jo vdekjes. Duam t\u00eb jetojm\u00eb n\u00eb paqe.<\/p>\n<p><strong>Pyetje: &#8211; Jan\u00eb shum\u00eb t\u00eb krishter\u00ebt, q\u00eb po ikin nga Veriu?<\/strong><br \/>\n<strong>P\u00ebrgjigje<\/strong>: &#8211; Yes, in the core of the Northern States where\u2026<br \/>\nPo, n\u00eb zem\u00ebr t\u00eb Veriut t\u00eb Shtetit, ku shumica \u00ebsht\u00eb myslimane, shum\u00eb t\u00eb krishter\u00eb e ndjejn\u00eb veten t\u00eb papranuar, t\u00eb p\u00ebrjashtuar nga radh\u00ebt e shoq\u00ebris\u00eb. Prandaj nuk \u00ebsht\u00eb p\u00ebr t\u2019u \u00e7uditur n\u00eb se kan\u00eb vendosur t\u00eb k\u00ebrkojn\u00eb streh\u00eb n\u00eb zona m\u00eb t\u00eb sigurta.<\/p>\n<p><strong>Pyetje: &#8211; D\u00ebshironi t\u2019i transmetoni bot\u00ebs ndonj\u00eb mesazh t\u00eb ve\u00e7ant\u00eb?<\/strong><br \/>\n<strong>P\u00ebrgjigje<\/strong>: &#8211; We just continue to appeal \u2026Ne vijojm\u00eb t\u00eb b\u00ebjm\u00eb thirrje p\u00ebr t\u2019u treguar t\u00eb arsyesh\u00ebm, p\u00ebr t\u00eb folur, p\u00ebr t\u2019u sqaruar. E besoj se kjo \u00ebsht\u00eb e mundur. \u00cbsht\u00eb plot\u00ebsisht e mundur q\u00eb n\u00eb k\u00ebt\u00eb vend t\u00eb krishter\u00ebt e mysliman\u00ebt t\u00eb arsyetojn\u00eb s\u00eb bashku. E dim\u00eb edhe se ka forca t\u00eb tjera, pas t\u00eb ashtuquajturve Boko Haram, por n\u00eb k\u00ebt\u00eb \u00e7ast nuk e dim\u00eb akoma se kush jan\u00eb an\u00ebtar\u00ebt e Boko Haram e \u00e7far\u00eb duan. Ka forca t\u00eb fshehta, q\u00eb fshihen pas tyre: n\u00eb Nigeri ose jasht\u00eb saj. Kush jan\u00eb? E pse duan t\u00eb na d\u00ebbojn\u00eb nga toka jon\u00eb? K\u00ebt\u00eb duam t\u00eb dim\u00eb.<\/p>\n<p>(<em>Radio Vatikani<\/em>)<\/p>\n","protected":false},"excerpt":{"rendered":"<p>Nigeri, ultimatum i Boko Haram t\u00eb krishter\u00ebve. Imzot Kaigama i kund\u00ebrvihet dhun\u00ebs. K\u00ebrc\u00ebnime t\u00eb reja t\u00eb l\u00ebvizjes fanatike islamike Boko Haram kund\u00ebr t\u00eb krishter\u00ebve n\u00eb Nigeri. Sipas ultimatumit t\u00eb integralist\u00ebve, ndjek\u00ebsit e Krishtit kan\u00eb vet\u00ebm tri dit\u00eb afat p\u00ebr t\u2019u larguar nga veriu i vendit, me shumic\u00eb myslimane, me pasoj\u00eb d\u00ebnime tep\u00ebr t\u00eb r\u00ebnda. Grupi [&hellip;]<\/p>\n","protected":false},"author":1,"featured_media":0,"comment_status":"open","ping_status":"closed","sticky":false,"template":"","format":"standard","meta":{"footnotes":""},"categories":[2],"tags":[],"class_list":{"0":"post-974","1":"post","2":"type-post","3":"status-publish","4":"format-standard","6":"category-artikuj"},"yoast_head":"<!-- This site is optimized with the Yoast SEO plugin v27.4 - https:\/\/yoast.com\/product\/yoast-seo-wordpress\/ -->\n<title>K\u00ebrc\u00ebnime t\u00eb reja t\u00eb l\u00ebvizjes fanatike islamike Boko Haram kund\u00ebr t\u00eb krishter\u00ebve n\u00eb Nigeri - FjALA e LIR\u00cb - Arkivi<\/title>\n<meta name=\"robots\" content=\"index, follow, max-snippet:-1, max-image-preview:large, max-video-preview:-1\" \/>\n<link rel=\"canonical\" href=\"https:\/\/fjala.info\/2009-2015\/kercenime-te-reja-te-levizjes-fanatike-islamike-boko-haram-kunder-te-krishtereve-ne-nigeri\/\" \/>\n<meta property=\"og:locale\" content=\"sq_AL\" \/>\n<meta property=\"og:type\" content=\"article\" \/>\n<meta property=\"og:title\" content=\"K\u00ebrc\u00ebnime t\u00eb reja t\u00eb l\u00ebvizjes fanatike islamike Boko Haram kund\u00ebr t\u00eb krishter\u00ebve n\u00eb Nigeri - FjALA e LIR\u00cb - Arkivi\" \/>\n<meta property=\"og:description\" content=\"Nigeri, ultimatum i Boko Haram t\u00eb krishter\u00ebve. Imzot Kaigama i kund\u00ebrvihet dhun\u00ebs. K\u00ebrc\u00ebnime t\u00eb reja t\u00eb l\u00ebvizjes fanatike islamike Boko Haram kund\u00ebr t\u00eb krishter\u00ebve n\u00eb Nigeri. Sipas ultimatumit t\u00eb integralist\u00ebve, ndjek\u00ebsit e Krishtit kan\u00eb vet\u00ebm tri dit\u00eb afat p\u00ebr t\u2019u larguar nga veriu i vendit, me shumic\u00eb myslimane, me pasoj\u00eb d\u00ebnime tep\u00ebr t\u00eb r\u00ebnda. Grupi [&hellip;]\" \/>\n<meta property=\"og:url\" content=\"https:\/\/fjala.info\/2009-2015\/kercenime-te-reja-te-levizjes-fanatike-islamike-boko-haram-kunder-te-krishtereve-ne-nigeri\/\" \/>\n<meta property=\"og:site_name\" content=\"FjALA e LIR\u00cb - Arkivi\" \/>\n<meta property=\"article:published_time\" content=\"2012-01-03T21:30:47+00:00\" \/>\n<meta property=\"og:image\" content=\"http:\/\/www.shkoder.net\/2012\/kaigama_erzbischof_ignatius.jpg\" \/>\n<meta name=\"author\" content=\"admin\" \/>\n<meta name=\"twitter:card\" content=\"summary_large_image\" \/>\n<meta name=\"twitter:label1\" content=\"Written by\" \/>\n\t<meta name=\"twitter:data1\" content=\"admin\" \/>\n\t<meta name=\"twitter:label2\" content=\"Est. reading time\" \/>\n\t<meta name=\"twitter:data2\" content=\"3 minutes\" \/>\n<script type=\"application\/ld+json\" class=\"yoast-schema-graph\">{\"@context\":\"https:\\\/\\\/schema.org\",\"@graph\":[{\"@type\":\"Article\",\"@id\":\"https:\\\/\\\/fjala.info\\\/2009-2015\\\/kercenime-te-reja-te-levizjes-fanatike-islamike-boko-haram-kunder-te-krishtereve-ne-nigeri\\\/#article\",\"isPartOf\":{\"@id\":\"https:\\\/\\\/fjala.info\\\/2009-2015\\\/kercenime-te-reja-te-levizjes-fanatike-islamike-boko-haram-kunder-te-krishtereve-ne-nigeri\\\/\"},\"author\":{\"name\":\"admin\",\"@id\":\"https:\\\/\\\/fjala.info\\\/2009-2015\\\/#\\\/schema\\\/person\\\/3aa1163ef05469c496fc94e77611ada2\"},\"headline\":\"K\u00ebrc\u00ebnime t\u00eb reja t\u00eb l\u00ebvizjes fanatike islamike Boko Haram kund\u00ebr t\u00eb krishter\u00ebve n\u00eb Nigeri\",\"datePublished\":\"2012-01-03T21:30:47+00:00\",\"mainEntityOfPage\":{\"@id\":\"https:\\\/\\\/fjala.info\\\/2009-2015\\\/kercenime-te-reja-te-levizjes-fanatike-islamike-boko-haram-kunder-te-krishtereve-ne-nigeri\\\/\"},\"wordCount\":526,\"commentCount\":0,\"publisher\":{\"@id\":\"https:\\\/\\\/fjala.info\\\/2009-2015\\\/#organization\"},\"image\":{\"@id\":\"https:\\\/\\\/fjala.info\\\/2009-2015\\\/kercenime-te-reja-te-levizjes-fanatike-islamike-boko-haram-kunder-te-krishtereve-ne-nigeri\\\/#primaryimage\"},\"thumbnailUrl\":\"http:\\\/\\\/www.shkoder.net\\\/2012\\\/kaigama_erzbischof_ignatius.jpg\",\"articleSection\":[\"Artikuj\"],\"inLanguage\":\"sq-AL\",\"potentialAction\":[{\"@type\":\"CommentAction\",\"name\":\"Comment\",\"target\":[\"https:\\\/\\\/fjala.info\\\/2009-2015\\\/kercenime-te-reja-te-levizjes-fanatike-islamike-boko-haram-kunder-te-krishtereve-ne-nigeri\\\/#respond\"]}]},{\"@type\":\"WebPage\",\"@id\":\"https:\\\/\\\/fjala.info\\\/2009-2015\\\/kercenime-te-reja-te-levizjes-fanatike-islamike-boko-haram-kunder-te-krishtereve-ne-nigeri\\\/\",\"url\":\"https:\\\/\\\/fjala.info\\\/2009-2015\\\/kercenime-te-reja-te-levizjes-fanatike-islamike-boko-haram-kunder-te-krishtereve-ne-nigeri\\\/\",\"name\":\"K\u00ebrc\u00ebnime t\u00eb reja t\u00eb l\u00ebvizjes fanatike islamike Boko Haram kund\u00ebr t\u00eb krishter\u00ebve n\u00eb Nigeri - FjALA e LIR\u00cb - Arkivi\",\"isPartOf\":{\"@id\":\"https:\\\/\\\/fjala.info\\\/2009-2015\\\/#website\"},\"primaryImageOfPage\":{\"@id\":\"https:\\\/\\\/fjala.info\\\/2009-2015\\\/kercenime-te-reja-te-levizjes-fanatike-islamike-boko-haram-kunder-te-krishtereve-ne-nigeri\\\/#primaryimage\"},\"image\":{\"@id\":\"https:\\\/\\\/fjala.info\\\/2009-2015\\\/kercenime-te-reja-te-levizjes-fanatike-islamike-boko-haram-kunder-te-krishtereve-ne-nigeri\\\/#primaryimage\"},\"thumbnailUrl\":\"http:\\\/\\\/www.shkoder.net\\\/2012\\\/kaigama_erzbischof_ignatius.jpg\",\"datePublished\":\"2012-01-03T21:30:47+00:00\",\"breadcrumb\":{\"@id\":\"https:\\\/\\\/fjala.info\\\/2009-2015\\\/kercenime-te-reja-te-levizjes-fanatike-islamike-boko-haram-kunder-te-krishtereve-ne-nigeri\\\/#breadcrumb\"},\"inLanguage\":\"sq-AL\",\"potentialAction\":[{\"@type\":\"ReadAction\",\"target\":[\"https:\\\/\\\/fjala.info\\\/2009-2015\\\/kercenime-te-reja-te-levizjes-fanatike-islamike-boko-haram-kunder-te-krishtereve-ne-nigeri\\\/\"]}]},{\"@type\":\"ImageObject\",\"inLanguage\":\"sq-AL\",\"@id\":\"https:\\\/\\\/fjala.info\\\/2009-2015\\\/kercenime-te-reja-te-levizjes-fanatike-islamike-boko-haram-kunder-te-krishtereve-ne-nigeri\\\/#primaryimage\",\"url\":\"http:\\\/\\\/www.shkoder.net\\\/2012\\\/kaigama_erzbischof_ignatius.jpg\",\"contentUrl\":\"http:\\\/\\\/www.shkoder.net\\\/2012\\\/kaigama_erzbischof_ignatius.jpg\"},{\"@type\":\"BreadcrumbList\",\"@id\":\"https:\\\/\\\/fjala.info\\\/2009-2015\\\/kercenime-te-reja-te-levizjes-fanatike-islamike-boko-haram-kunder-te-krishtereve-ne-nigeri\\\/#breadcrumb\",\"itemListElement\":[{\"@type\":\"ListItem\",\"position\":1,\"name\":\"Home\",\"item\":\"https:\\\/\\\/fjala.info\\\/2009-2015\\\/\"},{\"@type\":\"ListItem\",\"position\":2,\"name\":\"K\u00ebrc\u00ebnime t\u00eb reja t\u00eb l\u00ebvizjes fanatike islamike Boko Haram kund\u00ebr t\u00eb krishter\u00ebve n\u00eb Nigeri\"}]},{\"@type\":\"WebSite\",\"@id\":\"https:\\\/\\\/fjala.info\\\/2009-2015\\\/#website\",\"url\":\"https:\\\/\\\/fjala.info\\\/2009-2015\\\/\",\"name\":\"FjALA e LIR\u00cb - Arkivi\",\"description\":\"Arkivi 2009-2015\",\"publisher\":{\"@id\":\"https:\\\/\\\/fjala.info\\\/2009-2015\\\/#organization\"},\"potentialAction\":[{\"@type\":\"SearchAction\",\"target\":{\"@type\":\"EntryPoint\",\"urlTemplate\":\"https:\\\/\\\/fjala.info\\\/2009-2015\\\/?s={search_term_string}\"},\"query-input\":{\"@type\":\"PropertyValueSpecification\",\"valueRequired\":true,\"valueName\":\"search_term_string\"}}],\"inLanguage\":\"sq-AL\"},{\"@type\":\"Organization\",\"@id\":\"https:\\\/\\\/fjala.info\\\/2009-2015\\\/#organization\",\"name\":\"FjALA e LIR\u00cb - Arkivi\",\"url\":\"https:\\\/\\\/fjala.info\\\/2009-2015\\\/\",\"logo\":{\"@type\":\"ImageObject\",\"inLanguage\":\"sq-AL\",\"@id\":\"https:\\\/\\\/fjala.info\\\/2009-2015\\\/#\\\/schema\\\/logo\\\/image\\\/\",\"url\":\"\",\"contentUrl\":\"\",\"caption\":\"FjALA e LIR\u00cb - Arkivi\"},\"image\":{\"@id\":\"https:\\\/\\\/fjala.info\\\/2009-2015\\\/#\\\/schema\\\/logo\\\/image\\\/\"}},{\"@type\":\"Person\",\"@id\":\"https:\\\/\\\/fjala.info\\\/2009-2015\\\/#\\\/schema\\\/person\\\/3aa1163ef05469c496fc94e77611ada2\",\"name\":\"admin\",\"image\":{\"@type\":\"ImageObject\",\"inLanguage\":\"sq-AL\",\"@id\":\"https:\\\/\\\/fjala.info\\\/2009-2015\\\/wp-content\\\/uploads\\\/2012\\\/02\\\/arben_cokaj-120x150.jpg\",\"url\":\"https:\\\/\\\/fjala.info\\\/2009-2015\\\/wp-content\\\/uploads\\\/2012\\\/02\\\/arben_cokaj-120x150.jpg\",\"contentUrl\":\"https:\\\/\\\/fjala.info\\\/2009-2015\\\/wp-content\\\/uploads\\\/2012\\\/02\\\/arben_cokaj-120x150.jpg\",\"caption\":\"admin\"},\"description\":\"Admin, Fjala e Lir\u00eb\",\"sameAs\":[\"https:\\\/\\\/fjala.info\\\/\"],\"url\":\"https:\\\/\\\/fjala.info\\\/2009-2015\\\/author\\\/admin\\\/\"}]}<\/script>\n<!-- \/ Yoast SEO plugin. -->","yoast_head_json":{"title":"K\u00ebrc\u00ebnime t\u00eb reja t\u00eb l\u00ebvizjes fanatike islamike Boko Haram kund\u00ebr t\u00eb krishter\u00ebve n\u00eb Nigeri - FjALA e LIR\u00cb - Arkivi","robots":{"index":"index","follow":"follow","max-snippet":"max-snippet:-1","max-image-preview":"max-image-preview:large","max-video-preview":"max-video-preview:-1"},"canonical":"https:\/\/fjala.info\/2009-2015\/kercenime-te-reja-te-levizjes-fanatike-islamike-boko-haram-kunder-te-krishtereve-ne-nigeri\/","og_locale":"sq_AL","og_type":"article","og_title":"K\u00ebrc\u00ebnime t\u00eb reja t\u00eb l\u00ebvizjes fanatike islamike Boko Haram kund\u00ebr t\u00eb krishter\u00ebve n\u00eb Nigeri - FjALA e LIR\u00cb - Arkivi","og_description":"Nigeri, ultimatum i Boko Haram t\u00eb krishter\u00ebve. Imzot Kaigama i kund\u00ebrvihet dhun\u00ebs. K\u00ebrc\u00ebnime t\u00eb reja t\u00eb l\u00ebvizjes fanatike islamike Boko Haram kund\u00ebr t\u00eb krishter\u00ebve n\u00eb Nigeri. Sipas ultimatumit t\u00eb integralist\u00ebve, ndjek\u00ebsit e Krishtit kan\u00eb vet\u00ebm tri dit\u00eb afat p\u00ebr t\u2019u larguar nga veriu i vendit, me shumic\u00eb myslimane, me pasoj\u00eb d\u00ebnime tep\u00ebr t\u00eb r\u00ebnda. Grupi [&hellip;]","og_url":"https:\/\/fjala.info\/2009-2015\/kercenime-te-reja-te-levizjes-fanatike-islamike-boko-haram-kunder-te-krishtereve-ne-nigeri\/","og_site_name":"FjALA e LIR\u00cb - Arkivi","article_published_time":"2012-01-03T21:30:47+00:00","og_image":[{"url":"http:\/\/www.shkoder.net\/2012\/kaigama_erzbischof_ignatius.jpg","type":"","width":"","height":""}],"author":"admin","twitter_card":"summary_large_image","twitter_misc":{"Written by":"admin","Est. reading time":"3 minutes"},"schema":{"@context":"https:\/\/schema.org","@graph":[{"@type":"Article","@id":"https:\/\/fjala.info\/2009-2015\/kercenime-te-reja-te-levizjes-fanatike-islamike-boko-haram-kunder-te-krishtereve-ne-nigeri\/#article","isPartOf":{"@id":"https:\/\/fjala.info\/2009-2015\/kercenime-te-reja-te-levizjes-fanatike-islamike-boko-haram-kunder-te-krishtereve-ne-nigeri\/"},"author":{"name":"admin","@id":"https:\/\/fjala.info\/2009-2015\/#\/schema\/person\/3aa1163ef05469c496fc94e77611ada2"},"headline":"K\u00ebrc\u00ebnime t\u00eb reja t\u00eb l\u00ebvizjes fanatike islamike Boko Haram kund\u00ebr t\u00eb krishter\u00ebve n\u00eb Nigeri","datePublished":"2012-01-03T21:30:47+00:00","mainEntityOfPage":{"@id":"https:\/\/fjala.info\/2009-2015\/kercenime-te-reja-te-levizjes-fanatike-islamike-boko-haram-kunder-te-krishtereve-ne-nigeri\/"},"wordCount":526,"commentCount":0,"publisher":{"@id":"https:\/\/fjala.info\/2009-2015\/#organization"},"image":{"@id":"https:\/\/fjala.info\/2009-2015\/kercenime-te-reja-te-levizjes-fanatike-islamike-boko-haram-kunder-te-krishtereve-ne-nigeri\/#primaryimage"},"thumbnailUrl":"http:\/\/www.shkoder.net\/2012\/kaigama_erzbischof_ignatius.jpg","articleSection":["Artikuj"],"inLanguage":"sq-AL","potentialAction":[{"@type":"CommentAction","name":"Comment","target":["https:\/\/fjala.info\/2009-2015\/kercenime-te-reja-te-levizjes-fanatike-islamike-boko-haram-kunder-te-krishtereve-ne-nigeri\/#respond"]}]},{"@type":"WebPage","@id":"https:\/\/fjala.info\/2009-2015\/kercenime-te-reja-te-levizjes-fanatike-islamike-boko-haram-kunder-te-krishtereve-ne-nigeri\/","url":"https:\/\/fjala.info\/2009-2015\/kercenime-te-reja-te-levizjes-fanatike-islamike-boko-haram-kunder-te-krishtereve-ne-nigeri\/","name":"K\u00ebrc\u00ebnime t\u00eb reja t\u00eb l\u00ebvizjes fanatike islamike Boko Haram kund\u00ebr t\u00eb krishter\u00ebve n\u00eb Nigeri - FjALA e LIR\u00cb - Arkivi","isPartOf":{"@id":"https:\/\/fjala.info\/2009-2015\/#website"},"primaryImageOfPage":{"@id":"https:\/\/fjala.info\/2009-2015\/kercenime-te-reja-te-levizjes-fanatike-islamike-boko-haram-kunder-te-krishtereve-ne-nigeri\/#primaryimage"},"image":{"@id":"https:\/\/fjala.info\/2009-2015\/kercenime-te-reja-te-levizjes-fanatike-islamike-boko-haram-kunder-te-krishtereve-ne-nigeri\/#primaryimage"},"thumbnailUrl":"http:\/\/www.shkoder.net\/2012\/kaigama_erzbischof_ignatius.jpg","datePublished":"2012-01-03T21:30:47+00:00","breadcrumb":{"@id":"https:\/\/fjala.info\/2009-2015\/kercenime-te-reja-te-levizjes-fanatike-islamike-boko-haram-kunder-te-krishtereve-ne-nigeri\/#breadcrumb"},"inLanguage":"sq-AL","potentialAction":[{"@type":"ReadAction","target":["https:\/\/fjala.info\/2009-2015\/kercenime-te-reja-te-levizjes-fanatike-islamike-boko-haram-kunder-te-krishtereve-ne-nigeri\/"]}]},{"@type":"ImageObject","inLanguage":"sq-AL","@id":"https:\/\/fjala.info\/2009-2015\/kercenime-te-reja-te-levizjes-fanatike-islamike-boko-haram-kunder-te-krishtereve-ne-nigeri\/#primaryimage","url":"http:\/\/www.shkoder.net\/2012\/kaigama_erzbischof_ignatius.jpg","contentUrl":"http:\/\/www.shkoder.net\/2012\/kaigama_erzbischof_ignatius.jpg"},{"@type":"BreadcrumbList","@id":"https:\/\/fjala.info\/2009-2015\/kercenime-te-reja-te-levizjes-fanatike-islamike-boko-haram-kunder-te-krishtereve-ne-nigeri\/#breadcrumb","itemListElement":[{"@type":"ListItem","position":1,"name":"Home","item":"https:\/\/fjala.info\/2009-2015\/"},{"@type":"ListItem","position":2,"name":"K\u00ebrc\u00ebnime t\u00eb reja t\u00eb l\u00ebvizjes fanatike islamike Boko Haram kund\u00ebr t\u00eb krishter\u00ebve n\u00eb Nigeri"}]},{"@type":"WebSite","@id":"https:\/\/fjala.info\/2009-2015\/#website","url":"https:\/\/fjala.info\/2009-2015\/","name":"FjALA e LIR\u00cb - Arkivi","description":"Arkivi 2009-2015","publisher":{"@id":"https:\/\/fjala.info\/2009-2015\/#organization"},"potentialAction":[{"@type":"SearchAction","target":{"@type":"EntryPoint","urlTemplate":"https:\/\/fjala.info\/2009-2015\/?s={search_term_string}"},"query-input":{"@type":"PropertyValueSpecification","valueRequired":true,"valueName":"search_term_string"}}],"inLanguage":"sq-AL"},{"@type":"Organization","@id":"https:\/\/fjala.info\/2009-2015\/#organization","name":"FjALA e LIR\u00cb - Arkivi","url":"https:\/\/fjala.info\/2009-2015\/","logo":{"@type":"ImageObject","inLanguage":"sq-AL","@id":"https:\/\/fjala.info\/2009-2015\/#\/schema\/logo\/image\/","url":"","contentUrl":"","caption":"FjALA e LIR\u00cb - Arkivi"},"image":{"@id":"https:\/\/fjala.info\/2009-2015\/#\/schema\/logo\/image\/"}},{"@type":"Person","@id":"https:\/\/fjala.info\/2009-2015\/#\/schema\/person\/3aa1163ef05469c496fc94e77611ada2","name":"admin","image":{"@type":"ImageObject","inLanguage":"sq-AL","@id":"https:\/\/fjala.info\/2009-2015\/wp-content\/uploads\/2012\/02\/arben_cokaj-120x150.jpg","url":"https:\/\/fjala.info\/2009-2015\/wp-content\/uploads\/2012\/02\/arben_cokaj-120x150.jpg","contentUrl":"https:\/\/fjala.info\/2009-2015\/wp-content\/uploads\/2012\/02\/arben_cokaj-120x150.jpg","caption":"admin"},"description":"Admin, Fjala e Lir\u00eb","sameAs":["https:\/\/fjala.info\/"],"url":"https:\/\/fjala.info\/2009-2015\/author\/admin\/"}]}},"_links":{"self":[{"href":"https:\/\/fjala.info\/2009-2015\/wp-json\/wp\/v2\/posts\/974","targetHints":{"allow":["GET"]}}],"collection":[{"href":"https:\/\/fjala.info\/2009-2015\/wp-json\/wp\/v2\/posts"}],"about":[{"href":"https:\/\/fjala.info\/2009-2015\/wp-json\/wp\/v2\/types\/post"}],"author":[{"embeddable":true,"href":"https:\/\/fjala.info\/2009-2015\/wp-json\/wp\/v2\/users\/1"}],"replies":[{"embeddable":true,"href":"https:\/\/fjala.info\/2009-2015\/wp-json\/wp\/v2\/comments?post=974"}],"version-history":[{"count":0,"href":"https:\/\/fjala.info\/2009-2015\/wp-json\/wp\/v2\/posts\/974\/revisions"}],"wp:attachment":[{"href":"https:\/\/fjala.info\/2009-2015\/wp-json\/wp\/v2\/media?parent=974"}],"wp:term":[{"taxonomy":"category","embeddable":true,"href":"https:\/\/fjala.info\/2009-2015\/wp-json\/wp\/v2\/categories?post=974"},{"taxonomy":"post_tag","embeddable":true,"href":"https:\/\/fjala.info\/2009-2015\/wp-json\/wp\/v2\/tags?post=974"}],"curies":[{"name":"wp","href":"https:\/\/api.w.org\/{rel}","templated":true}]}}