{"id":9705,"date":"2011-08-01T22:53:49","date_gmt":"2011-08-01T21:53:49","guid":{"rendered":"http:\/\/fjala.shkoder.net\/?p=9705"},"modified":"2011-08-01T22:53:49","modified_gmt":"2011-08-01T21:53:49","slug":"murdoch-cameron-kokedhima-rama","status":"publish","type":"post","link":"https:\/\/fjala.info\/2009-2015\/murdoch-cameron-kokedhima-rama\/","title":{"rendered":"Murdoch &#8211; Cameron &#8211; Kok\u00ebdhima &#8211; Rama-\u2026"},"content":{"rendered":"<p><img decoding=\"async\" class=\"alignleft size-thumbnail wp-image-7236\" title=\"Ko\u00e7o Kok\u00ebdhima\" src=\"http:\/\/www.shkoder.net\/images\/fjala\/2011\/koco_kokedhima.jpg\" alt=\"\" width=\"300\" \/>Nga <strong>Mustafa Nano<\/strong>, <em>29 korrik 2011<\/em><\/p>\n<p>Kush ka ndjekur me kujdes d\u00ebshmin\u00eb e Murdoch-\u00ebve n\u00eb Komisionin e Mediave t\u00eb Parlamentit britanik nja shtat\u00eb-tet\u00eb dit\u00eb m\u00eb par\u00eb, nuk mund t\u00eb mos jet\u00eb fokusuar tek pjesa, q\u00eb kish t\u00eb b\u00ebnte me rolin e pronar\u00ebve t\u00eb medias, lidhjet e tyre me politik\u00ebn e me gazetar\u00ebt. Ishte pjesa m\u00eb interesante e bised\u00ebs \u201chidh e prit\u201d mes pronar\u00ebve t\u00eb kompanis\u00eb News Corporation dhe an\u00ebtar\u00ebve t\u00eb komisionit, e cila na jepte mund\u00ebsin\u00eb t\u00eb m\u00ebsonim se \u00e7\u2019mendon politika britanike mbi median e mbi financuesit e saj, dhe \u00e7\u2019mendojn\u00eb k\u00ebta t\u00eb fundit mbi median vet\u00eb e mbi gazetar\u00ebt.<\/p>\n<p>E v\u00ebrteta \u00ebsht\u00eb, se askush nuk e di me sakt\u00ebsi se \u00e7\u2019marr\u00ebdh\u00ebnie kan\u00eb egzistuar realisht midis Murdoch-ut e kryeministrit (\u201chyra nga dera e pasme n\u00eb Downing Street nr. 10, sepse k\u00ebshtu m\u00eb than\u00eb t\u00eb b\u00ebja, por nuk ndenja shum\u00eb me zotin Cameron n\u00eb takimin q\u00eb pat\u00ebm pas zgjedhjeve; m\u00eb falenderoi p\u00ebr ndihm\u00ebn q\u00eb i kisha dh\u00ebn\u00eb, dhe kaq\u201d, u shpreh Murdoch senior); askush nuk e di, gjithashtu, se \u00e7\u2019marr\u00ebdh\u00ebnie kan\u00eb egzistuar realisht edhe midis Murdoch-ut e gazetar\u00ebve dhe kryeredaktor\u00ebve (\u201cflas me ta nj\u00ebher\u00eb n\u00eb jav\u00eb, dhe i pyes se \u00e7\u2019ka ndonj\u00eb gj\u00eb, \u00e7\u2019ka ndodhur n\u00ebp\u00ebr bot\u00eb; me kryeredaktorin e gazet\u00ebs Wall Street Journal flas m\u00eb tep\u00ebr, ngaq\u00eb jemi n\u00eb t\u00eb nj\u00ebjt\u00ebn godin\u00eb, por ai ndihet i lir\u00eb t\u00eb b\u00ebj\u00eb pun\u00ebn e vet\u201d, sqaroi pak a shum\u00eb Murdoch-u); por nga ia \u201cballafaqim media-politik\u00eb\u201d n\u00eb ambientet e Dhom\u00ebs s\u00eb Komuneve dol\u00ebn n\u00eb drit\u00eb ca q\u00ebndrime apo pik\u00ebpamje.<\/p>\n<p>Fjala vjen, gati t\u00eb gjith\u00eb komisioner\u00ebt, p\u00ebr shkak t\u00eb nj\u00eb standardi moral t\u00eb p\u00ebrbashk\u00ebt, u befasuan nj\u00ebsoj nga fakti q\u00eb Murdoch-u hyn nga dera e pasme, kur don t\u00eb takoj\u00eb kryeministrin (dhe insistuan gjat\u00eb, se pse \u00ebsht\u00eb dashur t\u00eb hyj\u00eb nga ajo der\u00eb), k\u00ebrkuan t\u00eb dinin se \u00e7far\u00eb \u00ebsht\u00eb biseduar mes tij e kryeministrave, mes tij e kryerdaktor\u00ebve e vart\u00ebsve t\u00eb tjer\u00eb. Po k\u00ebshtu Murdoch-u, bash p\u00ebr shkak t\u00eb faktit q\u00eb e njeh mir\u00eb k\u00ebt\u00eb standard moral dhe ia ka frik\u00ebn k\u00ebtij standardi, endon\u00ebse po tregohet me gisht si macja e zez\u00eb e medias bot\u00ebrore, u p\u00ebrpoq t\u00eb tregonte faqe bot\u00ebs se di t\u00eb mbaj\u00eb vendin e vet n\u00eb marr\u00ebdh\u00ebniet me shtypin e gazetar\u00ebt e paguar prej tij.<\/p>\n<p>N\u00eb teori, kuptohet. N\u00eb praktik\u00eb nuk dim\u00eb me siguri se \u00e7\u2019b\u00ebn. E shumta, shohim mediat e tij, dhe arrijm\u00eb t\u00eb marrim me mend at\u00eb q\u00eb ndodh, dmth q\u00eb kontrolli mbi mediat nga ana e pronar\u00ebve \u00ebsht\u00eb nj\u00eb gj\u00eb q\u00eb ndodh e q\u00eb pranohet nga t\u00eb gjith\u00eb; ose nga pothuajse t\u00eb gjith\u00eb. Por pronar\u00ebt, sa her\u00eb q\u00eb munden, e fshehin k\u00ebt\u00eb gj\u00eb; ashtu si\u00e7 fshehin dhe marr\u00ebdh\u00ebniet klienteliste me pushtetin. Njer\u00ebzit me pushtet sillen n\u00eb t\u00eb nj\u00ebjt\u00ebn m\u00ebnyr\u00eb. D\u00ebshmia e kryeministrit p\u00ebrpara t\u00eb nj\u00ebjtit komision e tregon k\u00ebt\u00eb gj\u00eb. Kjo tregon se opinionin publik e kan\u00eb frik\u00eb. Shtat\u00eb u ven\u00eb.<\/p>\n<p>* * *<\/p>\n<p>Sa m\u00eb sip\u00ebr m\u00eb erdhi n\u00eb mendje, teksa dje vura re se Shekulli \u00ebsht\u00eb duke u divorcuar nga Edi Rama. Nuk \u00ebsht\u00eb se k\u00ebt\u00eb e thosh Shekulli. Jo, thjesht dukej q\u00eb ish k\u00ebshtu. N\u00eb faqe t\u00eb par\u00eb numrit t\u00eb pardjesh\u00ebm, i ish l\u00ebn\u00eb hap\u00ebsir\u00eb nj\u00eb interviste t\u00eb Paskal Milos, nga e cila ish nxjerr\u00eb nj\u00eb titull i ngjash\u00ebm me \u201cRama t\u00eb fut shkelmin, kur s\u2019ka nevoj\u00eb p\u00ebr ty\u201d (duhet t\u00eb jet\u00eb shum\u00eb e v\u00ebrtet\u00eb kjo, pasi t\u00eb gjith\u00eb ata q\u00eb e kan\u00eb njohur t\u00eb japin d\u00ebshmi t\u00eb pafundme q\u00eb v\u00ebrtetojn\u00eb t\u00eb nj\u00ebjt\u00ebn gj\u00eb), dhe nga letrat e lexuesve ishin zgjedhur vet\u00ebm ato q\u00eb i binin Ram\u00ebs; dhe i binin fort. Dje ish nj\u00eb intervist\u00eb e ngjashme me Sk\u00ebnder Gjinushin.<\/p>\n<p>Nga ana tjet\u00ebr, k\u00ebto dit\u00eb jan\u00eb publikuar edhe shkrime kritike n\u00eb adres\u00eb t\u00eb Ram\u00ebs (pardje nga Arb\u00ebr Zaimi e dje nga Arben Rrozhani), por komentet nuk po i p\u00ebrzjej me gazet\u00ebn. Si zor t\u00eb gjesh k\u00ebto koh\u00eb opinionist\u00eb t\u00eb opozit\u00ebs (Zaimi e Rrozhani jan\u00eb t\u00eb till\u00eb; si dhe un\u00eb) t\u00eb k\u00ebnaqur me pun\u00ebn e Ram\u00ebs. E prandaj le t\u2019i l\u00ebm\u00eb opinionet e le t\u00eb merremi me gazet\u00ebn; m\u00eb sakt\u00eb, me Murdoch-un ton\u00eb; me sakt\u00eb, me nj\u00eb nga Murdoch-\u00ebt tan\u00eb; me Kok\u00ebdhim\u00ebn pra, i cili \u00ebsht\u00eb Murdoch-u m\u00eb pak i r\u00ebnd\u00ebsish\u00ebm k\u00ebto koh\u00eb. Ka ca t\u00eb tjer\u00eb k\u00ebtejpari, q\u00eb do t\u00eb \u00e7udisnin dhe Rupert-in me fuqin\u00eb q\u00eb kan\u00eb p\u00ebr t\u00eb ndikuar n\u00eb procesin e vendimmarrjes nacionale.<\/p>\n<p>Por po mbetem tek Kok\u00ebdhima, i cili \u00ebsht\u00eb mbajtur si nj\u00eb mik i ngusht\u00eb i Edi Ram\u00ebs. E ka deklaruar vet\u00eb m\u00eb shum\u00eb se nj\u00ebher\u00eb q\u00eb e ka mik. Duhet t\u00eb ket\u00eb hyr\u00eb me mijra her\u00eb nga dera e pasme e bashkis\u00eb. Se mos vet\u00ebm ai! E kush nuk ka hyr\u00eb nga dera e pasme e asaj bashkie (dhe e k\u00ebsaj kryeministrie, dhe e t\u00eb gjitha nd\u00ebrtesave t\u00eb tjera) p\u00ebr t\u00eb mbaruar pun\u00ebt e veta n\u00eb k\u00ebmbim t\u00eb sh\u00ebrbimeve t\u00eb premtuara apo t\u00eb kryera. Aleksand\u00ebr Frangaj ka hyr\u00eb nga dera e pasme e bashkis\u00eb edhe n\u00eb momentet, kur t\u00ebr\u00eb dynjaja b\u00ebnin be e rrufe se Rama e Frangaj ishin b\u00ebr\u00eb has\u00ebm n\u00eb variantin m\u00eb kanunor t\u00eb termit.<\/p>\n<p>Por me Kok\u00ebdhim\u00ebn ndryshon puna. Kok\u00ebdhima ka q\u00ebn\u00eb dhe eminenca gri e Ram\u00ebs. Ky i fundit nuk b\u00ebnte asgj\u00eb pa u konsultuar me botuesin e njohur, gj\u00eb q\u00eb provokonte xhelozi kudo n\u00eb bot\u00ebn opozitare, mes gazetar\u00ebve, mes botuesve t\u00eb tjer\u00eb, mes deputet\u00ebve, mes biznesmen\u00ebve, mes miqve t\u00eb tjer\u00eb t\u00eb Ram\u00ebs, shumica e t\u00eb cil\u00ebve, pasi e kan\u00eb mjel\u00eb, e kan\u00eb braktisur nj\u00eb dit\u00eb prej dit\u00ebsh.<\/p>\n<p>\u00cbsht\u00eb ky rasti i Kok\u00ebdhim\u00ebs? Nuk e di. Dhe kjo nuk \u00ebsht\u00eb se m\u00eb intereson kushedi se \u00e7far\u00eb. N\u00eb k\u00ebt\u00eb mes (n\u00ebse ky divorc rezulton i v\u00ebrtet\u00eb) rihapet nj\u00eb diskutim p\u00ebr her\u00eb t\u00eb n-t\u00eb. \u00c7\u2019raport kan\u00eb e duhet t\u00eb ken\u00eb botuesit me politik\u00ebn? Pse duhet t\u00eb hyjn\u00eb vazhdimisht nga dera e pasme? \u00c7far\u00eb jan\u00eb n\u00eb thelb bisedat q\u00eb b\u00ebhen mes tyre e funksionar\u00ebve t\u00eb lart\u00eb (kryetar qeverie, kryetar bashkie, etj)? Dhe \u00e7\u2019\u00ebsht\u00eb m\u00eb e r\u00ebnd\u00ebsishme \u2013 kjo e dallon m\u00eb s\u00eb shumti rastin shqiptar \u2013 \u00e7\u2019jan\u00eb k\u00ebto miq\u00ebsi fluide t\u00eb ngritura mbi baza t\u00eb dyshimta, t\u00eb cilat u prishkan sa hap e mbyll syt\u00eb pa na dh\u00ebn\u00eb shpjegime?<\/p>\n<p>Un\u00eb po ndaloj tek Kok\u00ebdhima, thjesht p\u00ebr t\u2019i dh\u00ebn\u00eb kuptim paraleles q\u00eb hoqa me Murdoch-un n\u00eb krye t\u00eb shkrimit. Por ky \u201ckalim ylberi\u201d \u00ebsht\u00eb gj\u00ebja m\u00eb n\u00eb mod\u00eb n\u00eb k\u00ebt\u00eb vend. E kan\u00eb b\u00ebr\u00eb t\u00eb gjith\u00eb. Ja, thoni nj\u00eb em\u00ebr publik \u00e7far\u00ebdo, emrin e par\u00eb q\u00eb ju vjen n\u00eb mendje, dhe sakaq do t\u2019ju vij\u00eb n\u00eb mendje situata, n\u00eb t\u00eb cil\u00ebn ai e ka kthyer pllak\u00ebn. Pa u shpjeguar asnj\u00ebher\u00eb. E duke vijuar t\u00eb shes\u00eb d\u00ebngla morale.<\/p>\n<p>N\u00eb k\u00ebt\u00eb arsyetim q\u00eb po b\u00ebj, Edi Rama \u00ebsht\u00eb viktima ideale, \u00ebsht\u00eb njeriu fantastik p\u00ebr t\u2019u braktisur (thash\u00eb pak m\u00eb sip\u00ebr q\u00eb biznesmen\u00ebt, apo t\u00eb tjer\u00ebt, e kan\u00eb mjel\u00eb, por mjelja ka qen\u00eb e \u00ebsht\u00eb reciproke; edhe Rama, ashtu si Berisha, Meta, Basha, etj, i kan\u00eb mjel\u00eb t\u00eb tjer\u00ebt; gjinjt\u00eb e biznesmen\u00ebve, sidomos t\u00eb botuesve, kan\u00eb shum\u00eb qum\u00ebsht).<\/p>\n<p>Do shpjegohet Kok\u00ebdhima? Apo do t\u00eb shpjegohet Rama lidhur me k\u00ebt\u00eb divorc? Asnj\u00ebri syresh nuk ka p\u00ebr t\u2019u shpjeguar. Shpjegimet publike i b\u00ebjn\u00eb ata q\u00eb kan\u00eb se \u00e7\u2019t\u00eb humbasin n\u00eb terma t\u00eb imazhit.<\/p>\n","protected":false},"excerpt":{"rendered":"<p>Nga Mustafa Nano, 29 korrik 2011 Kush ka ndjekur me kujdes d\u00ebshmin\u00eb e Murdoch-\u00ebve n\u00eb Komisionin e Mediave t\u00eb Parlamentit britanik nja shtat\u00eb-tet\u00eb dit\u00eb m\u00eb par\u00eb, nuk mund t\u00eb mos jet\u00eb fokusuar tek pjesa, q\u00eb kish t\u00eb b\u00ebnte me rolin e pronar\u00ebve t\u00eb medias, lidhjet e tyre me politik\u00ebn e me gazetar\u00ebt. Ishte pjesa m\u00eb [&hellip;]<\/p>\n","protected":false},"author":1,"featured_media":0,"comment_status":"open","ping_status":"closed","sticky":false,"template":"","format":"standard","meta":{"footnotes":""},"categories":[2],"tags":[],"class_list":{"0":"post-9705","1":"post","2":"type-post","3":"status-publish","4":"format-standard","6":"category-artikuj"},"yoast_head":"<!-- This site is optimized with the Yoast SEO plugin v27.4 - https:\/\/yoast.com\/product\/yoast-seo-wordpress\/ -->\n<title>Murdoch - Cameron - Kok\u00ebdhima - Rama-\u2026 - FjALA e LIR\u00cb - Arkivi<\/title>\n<meta name=\"robots\" content=\"index, follow, max-snippet:-1, max-image-preview:large, max-video-preview:-1\" \/>\n<link rel=\"canonical\" href=\"https:\/\/fjala.info\/2009-2015\/murdoch-cameron-kokedhima-rama\/\" \/>\n<meta property=\"og:locale\" content=\"sq_AL\" \/>\n<meta property=\"og:type\" content=\"article\" \/>\n<meta property=\"og:title\" content=\"Murdoch - Cameron - Kok\u00ebdhima - Rama-\u2026 - FjALA e LIR\u00cb - Arkivi\" \/>\n<meta property=\"og:description\" content=\"Nga Mustafa Nano, 29 korrik 2011 Kush ka ndjekur me kujdes d\u00ebshmin\u00eb e Murdoch-\u00ebve n\u00eb Komisionin e Mediave t\u00eb Parlamentit britanik nja shtat\u00eb-tet\u00eb dit\u00eb m\u00eb par\u00eb, nuk mund t\u00eb mos jet\u00eb fokusuar tek pjesa, q\u00eb kish t\u00eb b\u00ebnte me rolin e pronar\u00ebve t\u00eb medias, lidhjet e tyre me politik\u00ebn e me gazetar\u00ebt. Ishte pjesa m\u00eb [&hellip;]\" \/>\n<meta property=\"og:url\" content=\"https:\/\/fjala.info\/2009-2015\/murdoch-cameron-kokedhima-rama\/\" \/>\n<meta property=\"og:site_name\" content=\"FjALA e LIR\u00cb - Arkivi\" \/>\n<meta property=\"article:published_time\" content=\"2011-08-01T21:53:49+00:00\" \/>\n<meta property=\"og:image\" content=\"http:\/\/www.shkoder.net\/images\/fjala\/2011\/koco_kokedhima.jpg\" \/>\n<meta name=\"author\" content=\"admin\" \/>\n<meta name=\"twitter:card\" content=\"summary_large_image\" \/>\n<meta name=\"twitter:label1\" content=\"Written by\" \/>\n\t<meta name=\"twitter:data1\" content=\"admin\" \/>\n\t<meta name=\"twitter:label2\" content=\"Est. reading time\" \/>\n\t<meta name=\"twitter:data2\" content=\"7 minutes\" \/>\n<script type=\"application\/ld+json\" class=\"yoast-schema-graph\">{\"@context\":\"https:\\\/\\\/schema.org\",\"@graph\":[{\"@type\":\"Article\",\"@id\":\"https:\\\/\\\/fjala.info\\\/2009-2015\\\/murdoch-cameron-kokedhima-rama\\\/#article\",\"isPartOf\":{\"@id\":\"https:\\\/\\\/fjala.info\\\/2009-2015\\\/murdoch-cameron-kokedhima-rama\\\/\"},\"author\":{\"name\":\"admin\",\"@id\":\"https:\\\/\\\/fjala.info\\\/2009-2015\\\/#\\\/schema\\\/person\\\/3aa1163ef05469c496fc94e77611ada2\"},\"headline\":\"Murdoch &#8211; Cameron &#8211; Kok\u00ebdhima &#8211; Rama-\u2026\",\"datePublished\":\"2011-08-01T21:53:49+00:00\",\"mainEntityOfPage\":{\"@id\":\"https:\\\/\\\/fjala.info\\\/2009-2015\\\/murdoch-cameron-kokedhima-rama\\\/\"},\"wordCount\":1345,\"commentCount\":0,\"publisher\":{\"@id\":\"https:\\\/\\\/fjala.info\\\/2009-2015\\\/#organization\"},\"image\":{\"@id\":\"https:\\\/\\\/fjala.info\\\/2009-2015\\\/murdoch-cameron-kokedhima-rama\\\/#primaryimage\"},\"thumbnailUrl\":\"http:\\\/\\\/www.shkoder.net\\\/images\\\/fjala\\\/2011\\\/koco_kokedhima.jpg\",\"articleSection\":[\"Artikuj\"],\"inLanguage\":\"sq-AL\",\"potentialAction\":[{\"@type\":\"CommentAction\",\"name\":\"Comment\",\"target\":[\"https:\\\/\\\/fjala.info\\\/2009-2015\\\/murdoch-cameron-kokedhima-rama\\\/#respond\"]}]},{\"@type\":\"WebPage\",\"@id\":\"https:\\\/\\\/fjala.info\\\/2009-2015\\\/murdoch-cameron-kokedhima-rama\\\/\",\"url\":\"https:\\\/\\\/fjala.info\\\/2009-2015\\\/murdoch-cameron-kokedhima-rama\\\/\",\"name\":\"Murdoch - Cameron - Kok\u00ebdhima - Rama-\u2026 - FjALA e LIR\u00cb - Arkivi\",\"isPartOf\":{\"@id\":\"https:\\\/\\\/fjala.info\\\/2009-2015\\\/#website\"},\"primaryImageOfPage\":{\"@id\":\"https:\\\/\\\/fjala.info\\\/2009-2015\\\/murdoch-cameron-kokedhima-rama\\\/#primaryimage\"},\"image\":{\"@id\":\"https:\\\/\\\/fjala.info\\\/2009-2015\\\/murdoch-cameron-kokedhima-rama\\\/#primaryimage\"},\"thumbnailUrl\":\"http:\\\/\\\/www.shkoder.net\\\/images\\\/fjala\\\/2011\\\/koco_kokedhima.jpg\",\"datePublished\":\"2011-08-01T21:53:49+00:00\",\"breadcrumb\":{\"@id\":\"https:\\\/\\\/fjala.info\\\/2009-2015\\\/murdoch-cameron-kokedhima-rama\\\/#breadcrumb\"},\"inLanguage\":\"sq-AL\",\"potentialAction\":[{\"@type\":\"ReadAction\",\"target\":[\"https:\\\/\\\/fjala.info\\\/2009-2015\\\/murdoch-cameron-kokedhima-rama\\\/\"]}]},{\"@type\":\"ImageObject\",\"inLanguage\":\"sq-AL\",\"@id\":\"https:\\\/\\\/fjala.info\\\/2009-2015\\\/murdoch-cameron-kokedhima-rama\\\/#primaryimage\",\"url\":\"http:\\\/\\\/www.shkoder.net\\\/images\\\/fjala\\\/2011\\\/koco_kokedhima.jpg\",\"contentUrl\":\"http:\\\/\\\/www.shkoder.net\\\/images\\\/fjala\\\/2011\\\/koco_kokedhima.jpg\"},{\"@type\":\"BreadcrumbList\",\"@id\":\"https:\\\/\\\/fjala.info\\\/2009-2015\\\/murdoch-cameron-kokedhima-rama\\\/#breadcrumb\",\"itemListElement\":[{\"@type\":\"ListItem\",\"position\":1,\"name\":\"Home\",\"item\":\"https:\\\/\\\/fjala.info\\\/2009-2015\\\/\"},{\"@type\":\"ListItem\",\"position\":2,\"name\":\"Murdoch &#8211; Cameron &#8211; Kok\u00ebdhima &#8211; Rama-\u2026\"}]},{\"@type\":\"WebSite\",\"@id\":\"https:\\\/\\\/fjala.info\\\/2009-2015\\\/#website\",\"url\":\"https:\\\/\\\/fjala.info\\\/2009-2015\\\/\",\"name\":\"FjALA e LIR\u00cb - Arkivi\",\"description\":\"Arkivi 2009-2015\",\"publisher\":{\"@id\":\"https:\\\/\\\/fjala.info\\\/2009-2015\\\/#organization\"},\"potentialAction\":[{\"@type\":\"SearchAction\",\"target\":{\"@type\":\"EntryPoint\",\"urlTemplate\":\"https:\\\/\\\/fjala.info\\\/2009-2015\\\/?s={search_term_string}\"},\"query-input\":{\"@type\":\"PropertyValueSpecification\",\"valueRequired\":true,\"valueName\":\"search_term_string\"}}],\"inLanguage\":\"sq-AL\"},{\"@type\":\"Organization\",\"@id\":\"https:\\\/\\\/fjala.info\\\/2009-2015\\\/#organization\",\"name\":\"FjALA e LIR\u00cb - Arkivi\",\"url\":\"https:\\\/\\\/fjala.info\\\/2009-2015\\\/\",\"logo\":{\"@type\":\"ImageObject\",\"inLanguage\":\"sq-AL\",\"@id\":\"https:\\\/\\\/fjala.info\\\/2009-2015\\\/#\\\/schema\\\/logo\\\/image\\\/\",\"url\":\"\",\"contentUrl\":\"\",\"caption\":\"FjALA e LIR\u00cb - Arkivi\"},\"image\":{\"@id\":\"https:\\\/\\\/fjala.info\\\/2009-2015\\\/#\\\/schema\\\/logo\\\/image\\\/\"}},{\"@type\":\"Person\",\"@id\":\"https:\\\/\\\/fjala.info\\\/2009-2015\\\/#\\\/schema\\\/person\\\/3aa1163ef05469c496fc94e77611ada2\",\"name\":\"admin\",\"image\":{\"@type\":\"ImageObject\",\"inLanguage\":\"sq-AL\",\"@id\":\"https:\\\/\\\/fjala.info\\\/2009-2015\\\/wp-content\\\/uploads\\\/2012\\\/02\\\/arben_cokaj-120x150.jpg\",\"url\":\"https:\\\/\\\/fjala.info\\\/2009-2015\\\/wp-content\\\/uploads\\\/2012\\\/02\\\/arben_cokaj-120x150.jpg\",\"contentUrl\":\"https:\\\/\\\/fjala.info\\\/2009-2015\\\/wp-content\\\/uploads\\\/2012\\\/02\\\/arben_cokaj-120x150.jpg\",\"caption\":\"admin\"},\"description\":\"Admin, Fjala e Lir\u00eb\",\"sameAs\":[\"https:\\\/\\\/fjala.info\\\/\"],\"url\":\"https:\\\/\\\/fjala.info\\\/2009-2015\\\/author\\\/admin\\\/\"}]}<\/script>\n<!-- \/ Yoast SEO plugin. -->","yoast_head_json":{"title":"Murdoch - Cameron - Kok\u00ebdhima - Rama-\u2026 - FjALA e LIR\u00cb - Arkivi","robots":{"index":"index","follow":"follow","max-snippet":"max-snippet:-1","max-image-preview":"max-image-preview:large","max-video-preview":"max-video-preview:-1"},"canonical":"https:\/\/fjala.info\/2009-2015\/murdoch-cameron-kokedhima-rama\/","og_locale":"sq_AL","og_type":"article","og_title":"Murdoch - Cameron - Kok\u00ebdhima - Rama-\u2026 - FjALA e LIR\u00cb - Arkivi","og_description":"Nga Mustafa Nano, 29 korrik 2011 Kush ka ndjekur me kujdes d\u00ebshmin\u00eb e Murdoch-\u00ebve n\u00eb Komisionin e Mediave t\u00eb Parlamentit britanik nja shtat\u00eb-tet\u00eb dit\u00eb m\u00eb par\u00eb, nuk mund t\u00eb mos jet\u00eb fokusuar tek pjesa, q\u00eb kish t\u00eb b\u00ebnte me rolin e pronar\u00ebve t\u00eb medias, lidhjet e tyre me politik\u00ebn e me gazetar\u00ebt. Ishte pjesa m\u00eb [&hellip;]","og_url":"https:\/\/fjala.info\/2009-2015\/murdoch-cameron-kokedhima-rama\/","og_site_name":"FjALA e LIR\u00cb - Arkivi","article_published_time":"2011-08-01T21:53:49+00:00","og_image":[{"url":"http:\/\/www.shkoder.net\/images\/fjala\/2011\/koco_kokedhima.jpg","type":"","width":"","height":""}],"author":"admin","twitter_card":"summary_large_image","twitter_misc":{"Written by":"admin","Est. reading time":"7 minutes"},"schema":{"@context":"https:\/\/schema.org","@graph":[{"@type":"Article","@id":"https:\/\/fjala.info\/2009-2015\/murdoch-cameron-kokedhima-rama\/#article","isPartOf":{"@id":"https:\/\/fjala.info\/2009-2015\/murdoch-cameron-kokedhima-rama\/"},"author":{"name":"admin","@id":"https:\/\/fjala.info\/2009-2015\/#\/schema\/person\/3aa1163ef05469c496fc94e77611ada2"},"headline":"Murdoch &#8211; Cameron &#8211; Kok\u00ebdhima &#8211; Rama-\u2026","datePublished":"2011-08-01T21:53:49+00:00","mainEntityOfPage":{"@id":"https:\/\/fjala.info\/2009-2015\/murdoch-cameron-kokedhima-rama\/"},"wordCount":1345,"commentCount":0,"publisher":{"@id":"https:\/\/fjala.info\/2009-2015\/#organization"},"image":{"@id":"https:\/\/fjala.info\/2009-2015\/murdoch-cameron-kokedhima-rama\/#primaryimage"},"thumbnailUrl":"http:\/\/www.shkoder.net\/images\/fjala\/2011\/koco_kokedhima.jpg","articleSection":["Artikuj"],"inLanguage":"sq-AL","potentialAction":[{"@type":"CommentAction","name":"Comment","target":["https:\/\/fjala.info\/2009-2015\/murdoch-cameron-kokedhima-rama\/#respond"]}]},{"@type":"WebPage","@id":"https:\/\/fjala.info\/2009-2015\/murdoch-cameron-kokedhima-rama\/","url":"https:\/\/fjala.info\/2009-2015\/murdoch-cameron-kokedhima-rama\/","name":"Murdoch - Cameron - Kok\u00ebdhima - Rama-\u2026 - FjALA e LIR\u00cb - Arkivi","isPartOf":{"@id":"https:\/\/fjala.info\/2009-2015\/#website"},"primaryImageOfPage":{"@id":"https:\/\/fjala.info\/2009-2015\/murdoch-cameron-kokedhima-rama\/#primaryimage"},"image":{"@id":"https:\/\/fjala.info\/2009-2015\/murdoch-cameron-kokedhima-rama\/#primaryimage"},"thumbnailUrl":"http:\/\/www.shkoder.net\/images\/fjala\/2011\/koco_kokedhima.jpg","datePublished":"2011-08-01T21:53:49+00:00","breadcrumb":{"@id":"https:\/\/fjala.info\/2009-2015\/murdoch-cameron-kokedhima-rama\/#breadcrumb"},"inLanguage":"sq-AL","potentialAction":[{"@type":"ReadAction","target":["https:\/\/fjala.info\/2009-2015\/murdoch-cameron-kokedhima-rama\/"]}]},{"@type":"ImageObject","inLanguage":"sq-AL","@id":"https:\/\/fjala.info\/2009-2015\/murdoch-cameron-kokedhima-rama\/#primaryimage","url":"http:\/\/www.shkoder.net\/images\/fjala\/2011\/koco_kokedhima.jpg","contentUrl":"http:\/\/www.shkoder.net\/images\/fjala\/2011\/koco_kokedhima.jpg"},{"@type":"BreadcrumbList","@id":"https:\/\/fjala.info\/2009-2015\/murdoch-cameron-kokedhima-rama\/#breadcrumb","itemListElement":[{"@type":"ListItem","position":1,"name":"Home","item":"https:\/\/fjala.info\/2009-2015\/"},{"@type":"ListItem","position":2,"name":"Murdoch &#8211; Cameron &#8211; Kok\u00ebdhima &#8211; Rama-\u2026"}]},{"@type":"WebSite","@id":"https:\/\/fjala.info\/2009-2015\/#website","url":"https:\/\/fjala.info\/2009-2015\/","name":"FjALA e LIR\u00cb - Arkivi","description":"Arkivi 2009-2015","publisher":{"@id":"https:\/\/fjala.info\/2009-2015\/#organization"},"potentialAction":[{"@type":"SearchAction","target":{"@type":"EntryPoint","urlTemplate":"https:\/\/fjala.info\/2009-2015\/?s={search_term_string}"},"query-input":{"@type":"PropertyValueSpecification","valueRequired":true,"valueName":"search_term_string"}}],"inLanguage":"sq-AL"},{"@type":"Organization","@id":"https:\/\/fjala.info\/2009-2015\/#organization","name":"FjALA e LIR\u00cb - Arkivi","url":"https:\/\/fjala.info\/2009-2015\/","logo":{"@type":"ImageObject","inLanguage":"sq-AL","@id":"https:\/\/fjala.info\/2009-2015\/#\/schema\/logo\/image\/","url":"","contentUrl":"","caption":"FjALA e LIR\u00cb - Arkivi"},"image":{"@id":"https:\/\/fjala.info\/2009-2015\/#\/schema\/logo\/image\/"}},{"@type":"Person","@id":"https:\/\/fjala.info\/2009-2015\/#\/schema\/person\/3aa1163ef05469c496fc94e77611ada2","name":"admin","image":{"@type":"ImageObject","inLanguage":"sq-AL","@id":"https:\/\/fjala.info\/2009-2015\/wp-content\/uploads\/2012\/02\/arben_cokaj-120x150.jpg","url":"https:\/\/fjala.info\/2009-2015\/wp-content\/uploads\/2012\/02\/arben_cokaj-120x150.jpg","contentUrl":"https:\/\/fjala.info\/2009-2015\/wp-content\/uploads\/2012\/02\/arben_cokaj-120x150.jpg","caption":"admin"},"description":"Admin, Fjala e Lir\u00eb","sameAs":["https:\/\/fjala.info\/"],"url":"https:\/\/fjala.info\/2009-2015\/author\/admin\/"}]}},"_links":{"self":[{"href":"https:\/\/fjala.info\/2009-2015\/wp-json\/wp\/v2\/posts\/9705","targetHints":{"allow":["GET"]}}],"collection":[{"href":"https:\/\/fjala.info\/2009-2015\/wp-json\/wp\/v2\/posts"}],"about":[{"href":"https:\/\/fjala.info\/2009-2015\/wp-json\/wp\/v2\/types\/post"}],"author":[{"embeddable":true,"href":"https:\/\/fjala.info\/2009-2015\/wp-json\/wp\/v2\/users\/1"}],"replies":[{"embeddable":true,"href":"https:\/\/fjala.info\/2009-2015\/wp-json\/wp\/v2\/comments?post=9705"}],"version-history":[{"count":0,"href":"https:\/\/fjala.info\/2009-2015\/wp-json\/wp\/v2\/posts\/9705\/revisions"}],"wp:attachment":[{"href":"https:\/\/fjala.info\/2009-2015\/wp-json\/wp\/v2\/media?parent=9705"}],"wp:term":[{"taxonomy":"category","embeddable":true,"href":"https:\/\/fjala.info\/2009-2015\/wp-json\/wp\/v2\/categories?post=9705"},{"taxonomy":"post_tag","embeddable":true,"href":"https:\/\/fjala.info\/2009-2015\/wp-json\/wp\/v2\/tags?post=9705"}],"curies":[{"name":"wp","href":"https:\/\/api.w.org\/{rel}","templated":true}]}}