{"id":9698,"date":"2011-08-01T22:41:43","date_gmt":"2011-08-01T21:41:43","guid":{"rendered":"http:\/\/fjala.shkoder.net\/?p=9698"},"modified":"2011-08-01T22:41:43","modified_gmt":"2011-08-01T21:41:43","slug":"e-trishte-te-jesh-bashe-kryetar-bashkie","status":"publish","type":"post","link":"https:\/\/fjala.info\/2009-2015\/e-trishte-te-jesh-bashe-kryetar-bashkie\/","title":{"rendered":"E trisht\u00eb t\u00eb jesh Bash\u00eb, Kryetar Bashkie"},"content":{"rendered":"<p><img decoding=\"async\" class=\"alignleft size-thumbnail wp-image-7236\" title=\"Basha ne bashki\" src=\"http:\/\/www.shkoder.net\/images\/fjala\/2011\/te_gjithe_ne_rresht.jpg\" alt=\"\" width=\"300\" \/><strong>Andi Kananaj<\/strong>, <em>01.08.2011<\/em><\/p>\n<p>Lulzim Basha ka tri rrug\u00eb hipotetike t\u00eb mundshme p\u00ebr karrier\u00ebn e tij prej politikani t\u00eb ri. I zgjedhur me peripeci n\u00eb krye t\u00eb Bashkis\u00eb Tiran\u00eb, i nd\u00ebrgjegjsh\u00ebm apo jo, ai ka mbi krye v\u00ebmendjen e \u00e7do qytetari, pak r\u00ebnd\u00ebsi ka n\u00ebse ishte votues i tij apo jo. Pozicioni i Lulzimit delikat deri n\u00eb detaje duket se nuk ka t\u00eb ardhme t\u00eb siguruar. Ky pozicion nuk duket se \u00ebsht\u00eb kuptuar sa duhet n\u00eb radh\u00ebt e demokrat\u00ebve. Burra e gra e votuan, duke menduar se i shkuan pas fijes Berish\u00ebs, pa ditur q\u00eb mesazhi i dashuris\u00eb shkoi d\u00ebm.<\/p>\n<p><strong>Skenari i par\u00eb<\/strong><\/p>\n<p>Berisha vendos t\u00eb financoj\u00eb \u00e7do premtim t\u00eb Bash\u00ebs n\u00eb fushat\u00eb elektorale. Basha n\u00eb k\u00ebt\u00eb skem\u00eb duket sikur fiton pik\u00eb. Me pik\u00eb n\u00eb xhep Basha duhet t\u00eb p\u00ebrballet me dy momente rreziku t\u00eb paneglizhueshme. E para Berisha shikon te Basha d\u00e9j\u00e0 vu-n\u00eb e Edi Ram\u00ebs me Fatos Nanon dhe duke qen\u00eb se nuk \u00ebsht\u00eb i gatsh\u00ebm t\u00eb ket\u00eb nj\u00eb sht\u00ebpi n\u00eb Vjen\u00eb, me t\u00eb gjitha gjasat do t\u00eb hap\u00eb rrug\u00eb p\u00ebr sulmet e Jozit. Pa shkuar larg, mjaftoi keqkuptimi i demokrat\u00ebve t\u00eb kryesis\u00eb q\u00eb Berisha n\u00ebn dh\u00ebmb\u00eb t\u00eb detyroj\u00eb Bash\u00ebn q\u00eb t\u00eb ngujohet n\u00eb bashki dhe n\u00eb oraret e drek\u00ebs. Megjith\u00ebse reagimi i tij duket si raport i ndjesh\u00ebm baba e bir, ku babai i jep leje t\u00eb dal\u00eb me shok\u00ebt pas kryerjes s\u00eb detyrave t\u00eb sht\u00ebpis\u00eb, Jozefina n\u00eb rolin e njerk\u00ebs duket se po merr rezultatin q\u00eb priste. Jozefina nuk \u00ebsht\u00eb aspak femra e \u00e7oroditur q\u00eb sulmon pa arsye protezhet\u00eb e shefit t\u00eb madh.<\/p>\n<p>Jozefina duket se foli n\u00eb gjuh\u00ebn e asaj q\u00eb e njeh mir\u00eb ekuilibrin e brisht\u00eb t\u00eb partis\u00eb s\u00eb pushtetit. Berisha aprovoi. Basha me heshtjen e tij justifikoi faktin q\u00eb u gjend n\u00eb vendin e gabuar nga votat e demokrat\u00ebve q\u00eb k\u00ebt\u00eb radh\u00eb nuk kishin gabuar kuti, por hierarkin\u00eb e brendshme. N\u00ebse kjo do t\u00eb ndodh\u00eb s\u00ebrish, Lulit nuk do t\u2019i mjaftoj\u00eb buz\u00ebqeshja e pafajshme q\u00eb ndizet me pak dekika vones\u00eb. N\u00eb k\u00ebt\u00eb rast dhe Berisha pa pritur Jozefin\u00ebn do t\u2019i jepte Bash\u00ebs letrat e referenc\u00ebs p\u00ebr t\u2019i paraqitur te nj\u00eb pun\u00ebdh\u00ebn\u00ebs tjet\u00ebr m\u00eb i duruesh\u00ebm.<\/p>\n<p>N\u00ebse populli demokrat do ta kuptoj\u00eb se postet n\u00eb parti vendosen nga ekuilibra q\u00eb ata nuk i kuptojn\u00eb dhe votojn\u00eb Bash\u00ebn p\u00ebr \u00e7far\u00eb ai realisht duhet t\u00eb jet\u00eb n\u00eb struktur\u00ebn e hekurt t\u00eb \u201cdemokrat\u00ebve\u201d, Lulzimi do t\u00eb ket\u00eb mund\u00ebsin\u00eb t\u00eb rikandidoj\u00eb s\u00ebrish. Ky duket se \u00ebsht\u00eb momenti m\u00eb i mir\u00eb n\u00ebse Berisha paguan p\u00ebr premtimet e fushat\u00ebs. Dhe n\u00eb k\u00ebt\u00eb moment Luli duhet t\u00eb negocioj\u00eb me dy t\u00eb panjohura m\u00eb t\u00eb m\u00ebdha sesa Partia Demokratike: vot\u00ebn popullore (t\u00eb cil\u00ebn Basha nuk u duk se e pati edhe k\u00ebt\u00eb her\u00eb kaq t\u00eb sigurt) dhe dashamir\u00ebsin\u00eb e Berish\u00ebs dhe t\u00eb partis\u00eb nga momenti q\u00eb Luli nuk do t\u00eb duhet m\u00eb p\u00ebr t\u00eb mundur Ram\u00ebn. Kur them dashamir\u00ebsi nuk n\u00ebnkuptoj vet\u00ebm financim p\u00ebr rrug\u00ebt, por dhe pun\u00ebn titanike p\u00ebr t\u00eb \u00e7uar deri n\u00eb fund kaosin zgjedhor. N\u00eb rastin kur Luli fiton, e sigurt q\u00eb pas mandatit t\u00eb dyt\u00eb nuk do ket\u00eb kuraj\u00ebn t\u00eb konkurroj\u00eb dhe nj\u00eb her\u00eb t\u00eb tret\u00eb.<\/p>\n<p>Kandidati Ram\u00eb me sharm tejet t\u00eb ndrysh\u00ebm nga biri i adoptuar, p\u00ebrfitoi her\u00ebn e tret\u00eb nga Berisha p\u00ebr t\u00eb q\u00ebndruar n\u00eb t\u00eb nj\u00ebjtin rezultat. N\u00ebse Luli beson se ka t\u00eb nj\u00ebjtat shanse, Luli duhet lidhur. Nga kjo matric\u00eb Berisha lan \u201cborxhin\u201d e nj\u00eb humbjeje t\u00eb turpshme. Basha nga kjo fitore e dyt\u00eb mbetet si Pirro, pa ushtrin\u00eb e militant\u00ebve kasap\u00eb n\u00eb dyert e bashkis\u00eb. N\u00ebse Basha do t\u00eb kishte pasur mund\u00ebsi do t\u2019i kishte larguar edhe her\u00ebn e par\u00eb. Sipas k\u00ebsaj skeme, Basha do t\u00eb duhet t\u00eb marr\u00eb urdhra nga \u00e7do nd\u00ebrtues q\u00eb financon Berish\u00ebn, Jozefin\u00ebn dhe ndoshta edhe Olldashin. Megjith\u00ebse kryetar bashkie, Basha do t\u00eb ngelej n\u00eb t\u00eb nj\u00ebjtin pozicion pushteti si dit\u00ebn kur Berisha e pa si kandidat t\u00eb mundsh\u00ebm. Basha n\u00eb k\u00ebt\u00eb skem\u00eb ngelet i marr\u00eb peng deri n\u00eb shtrydhjen finale.<\/p>\n<p><strong>Skenari i dyt\u00eb<\/strong><\/p>\n<p>Skenari i dyt\u00eb duket m\u00eb i thjesht\u00eb. Berisha nuk e detyron Boden t\u00eb paguaj\u00eb p\u00ebr Bash\u00ebn. Basha ngelet n\u00eb pozicionin e v\u00ebshtir\u00eb q\u00eb ndodheshin kryetar\u00ebt e Partis\u00eb Demokratike n\u00eb vitet \u201890. P\u00ebr hir t\u00eb s\u00eb v\u00ebrtet\u00ebs, Basha nuk \u00ebsht\u00eb shum\u00eb i ndrysh\u00ebm, qoft\u00eb fizikisht, qoft\u00eb psiko-fizikisht nga fituesit e PD-s\u00eb n\u00eb ato vite. T\u00eb gjith\u00eb kan\u00eb em\u00ebrues t\u00eb p\u00ebrbashk\u00ebt buz\u00ebqeshjet e tejzgjatura drejtuar Doktorit t\u00eb Frankenshtajn-demokracis\u00eb. K\u00ebta fitues do t\u00eb kujtohen gjithmon\u00eb si burra simpatik\u00eb q\u00eb nuk i b\u00ebn\u00eb keq njeriu. T\u00eb gjith\u00eb, p\u00ebrve\u00e7 Lulit. Por n\u00eb k\u00ebt\u00eb skenar imagjinar \u00ebsht\u00eb hequr si mund\u00ebsi matrice faktori investim. Ky faktor u mor n\u00eb konsiderat\u00eb n\u00eb skenarin e par\u00eb. 25%-30% e popullsis\u00eb q\u00eb vendosi t\u00eb votoj\u00eb mbi baz\u00ebn e nj\u00eb analize pragmatiste dhe jo duke marr\u00eb n\u00eb konsiderat\u00eb vet\u00ebm besimin militant n\u00eb nj\u00eb parti t\u00eb caktuar, do t\u00eb ndryshonin drejtimin e vot\u00ebs s\u00eb tyre.<\/p>\n<p>N\u00eb k\u00ebt\u00eb skem\u00eb Basha nuk do t\u00eb ket\u00eb avantazhin e fantazis\u00eb p\u00ebr t\u00eb imagjinuar nj\u00eb qytet europian, por do t\u00eb detyrohet t\u00eb pranoj\u00eb realitetin e fakteve. Pa financim nga qeveria, mund\u00ebsia q\u00eb banor\u00eb nga galaksi t\u00eb tjera t\u00eb nd\u00ebrtojn\u00eb k\u00ebtu qytete eksperimentale, duket e vog\u00ebl af\u00ebr mendsh. Basha, sa p\u00ebr ta r\u00ebnduar situat\u00ebn, ka premtuar edhe heqjen e 60 nga 75 taksa bashkie. Basha duhet t\u00eb fitoj\u00eb me \u00e7do kusht n\u00eb k\u00ebt\u00eb skem\u00eb. Mund\u00ebsia q\u00eb t\u00eb jet\u00eb n\u00eb qeveri si minist\u00ebr n\u00eb rast se PD-ja fiton, pasi t\u00eb ket\u00eb humbur zgjedhjet p\u00ebr Bashkin\u00eb e Tiran\u00ebs, do t\u00eb ishte shum\u00eb e vog\u00ebl. Dhe n\u00eb kushte hipotetike, n\u00eb rast se Basha ka qeshur aq shum\u00eb sa Berisha t\u00eb ndiej\u00eb munges\u00ebn e tij, p\u00ebrs\u00ebri shanset jan\u00eb vet\u00ebm q\u00eb t\u00eb z\u00ebvend\u00ebsoj\u00eb Bum\u00e7in te Ministria e Kultur\u00ebs, Rinis\u00eb dhe Sporteve. Pra n\u00ebse fiton PD dhe n\u00ebse nuk ngelet militant pa marr\u00eb portofol, at\u00ebher\u00eb del nj\u00eb ministr\u00ec e mir\u00eb edhe p\u00ebr Lulin.<\/p>\n<p>Te kjo skem\u00eb Lulit i duhet kuraj\u00eb q\u00eb t\u00eb kuptoj\u00eb se do t\u2019i duhet t\u00eb largohet nga skena me turp p\u00ebr 4 vjet. Ndoshta me kalimin e koh\u00ebs te kjo skem\u00eb Luli ndien fundin dhe kjo e b\u00ebn t\u00eb nxjerr\u00eb dh\u00ebmb\u00ebt. Meq\u00eb te t\u00eb dyja skemat e para betoni \u00ebsht\u00eb i vetmi element i sigurt, ne populli votues, forcimin e Lulzimit do ta kuptonim vet\u00ebm nga reduktimi i t\u00eb qeshur\u00ebs s\u00eb sikletshme.<\/p>\n<p><strong>Skema e tret\u00eb dhe m\u00eb e pamundura<\/strong><\/p>\n<p>Lulzim Basha beson q\u00eb realisht ka nj\u00eb mision ndaj Tiran\u00ebs. Del n\u00eb TV dhe i kthen p\u00ebrgjigje Jozefin\u00ebs. K\u00ebrkon q\u00eb Piramida t\u00eb mos shembet. Nxjerr te dera e bashkis\u00eb vendimin p\u00ebr moratoriumin e nd\u00ebrtimeve si\u00e7 edhe premtoi, ose si\u00e7 thot\u00eb Francesko Nuti, l\u00eb gjith\u00e7ka dhe ik\u00ebn n\u00eb Ma\u00e7u Pi\u00e7u nga ku shkruan aq shum\u00eb sa populli i Tiran\u00ebs kupton se Luli i tentoi t\u00eb gjitha. Populli i Tiran\u00ebs ishte gati t\u00eb votonte Eduard Selamin vet\u00ebm se iku.<\/p>\n<p>Lulzim Basha e pati shansin e tij q\u00eb t\u00eb dilte nga situata e v\u00ebshtir\u00eb ku ishte futur, por Lulzim Basha nuk pati kuraj\u00ebn e duhur. Letra e Kadares\u00eb ishte passe partou-ja e tij. Kadareja e dinte. Edhe Luli e kuptoi, por Luli brenda vetes e di q\u00eb \u00ebsht\u00eb aty ku \u00ebsht\u00eb jo p\u00ebr merit\u00eb t\u00eb vet\u00ebn, ndaj dhe k\u00ebnaqet me tepricat e politik\u00ebs.<\/p>\n<p style=\"text-align: center;\">* * *<\/p>\n<p>Dit\u00ebn q\u00eb Basha do t\u00eb jet\u00eb jasht\u00eb politik\u00ebs askush nuk do t\u00eb ket\u00eb keqardhje q\u00eb postieri i bij\u00ebs s\u00eb Doktorit u nd\u00ebrrua me nj\u00eb tjet\u00ebr m\u00eb t\u00eb ri, m\u00eb t\u00eb qeshur dhe m\u00eb t\u00eb zellsh\u00ebm. Ai q\u00eb sot duket n\u00eb kushtet e nj\u00eb t\u00eb d\u00ebrguari n\u00eb nj\u00eb luft\u00eb q\u00eb me koh\u00eb vet\u00ebm mund t\u00eb humbet, pa\u00e7ka se shp\u00ebtoi mbretin, mbetet n\u00eb kushtet e nj\u00eb pala\u00e7oje q\u00eb s\u2019mund t\u00eb ndaloj\u00eb t\u00eb qeshur\u00ebn p\u00ebr asnj\u00eb moment. E ecura e tij n\u00eb politik\u00eb \u00ebsht\u00eb si ajo e \u201cdead man walking\u201d. E vetmja gj\u00eb q\u00eb i mbetet \u00ebsht\u00eb dashuria e telekomanduar dhe aksidentale e popullit \u201cdemokrat\u201d, dashuri tek e cila s\u2019mund t\u00eb besoj\u00eb p\u00ebr shum\u00eb koh\u00eb. E trisht\u00eb, e trisht\u00eb t\u00eb jesh Bash\u00eb, Kryetar Bashkie.<\/p>\n","protected":false},"excerpt":{"rendered":"<p>Andi Kananaj, 01.08.2011 Lulzim Basha ka tri rrug\u00eb hipotetike t\u00eb mundshme p\u00ebr karrier\u00ebn e tij prej politikani t\u00eb ri. I zgjedhur me peripeci n\u00eb krye t\u00eb Bashkis\u00eb Tiran\u00eb, i nd\u00ebrgjegjsh\u00ebm apo jo, ai ka mbi krye v\u00ebmendjen e \u00e7do qytetari, pak r\u00ebnd\u00ebsi ka n\u00ebse ishte votues i tij apo jo. Pozicioni i Lulzimit delikat deri [&hellip;]<\/p>\n","protected":false},"author":1,"featured_media":0,"comment_status":"open","ping_status":"closed","sticky":false,"template":"","format":"standard","meta":{"footnotes":""},"categories":[2],"tags":[],"class_list":{"0":"post-9698","1":"post","2":"type-post","3":"status-publish","4":"format-standard","6":"category-artikuj"},"yoast_head":"<!-- This site is optimized with the Yoast SEO plugin v27.4 - https:\/\/yoast.com\/product\/yoast-seo-wordpress\/ -->\n<title>E trisht\u00eb t\u00eb jesh Bash\u00eb, Kryetar Bashkie - FjALA e LIR\u00cb - Arkivi<\/title>\n<meta name=\"robots\" content=\"index, follow, max-snippet:-1, max-image-preview:large, max-video-preview:-1\" \/>\n<link rel=\"canonical\" href=\"https:\/\/fjala.info\/2009-2015\/e-trishte-te-jesh-bashe-kryetar-bashkie\/\" \/>\n<meta property=\"og:locale\" content=\"sq_AL\" \/>\n<meta property=\"og:type\" content=\"article\" \/>\n<meta property=\"og:title\" content=\"E trisht\u00eb t\u00eb jesh Bash\u00eb, Kryetar Bashkie - FjALA e LIR\u00cb - Arkivi\" \/>\n<meta property=\"og:description\" content=\"Andi Kananaj, 01.08.2011 Lulzim Basha ka tri rrug\u00eb hipotetike t\u00eb mundshme p\u00ebr karrier\u00ebn e tij prej politikani t\u00eb ri. I zgjedhur me peripeci n\u00eb krye t\u00eb Bashkis\u00eb Tiran\u00eb, i nd\u00ebrgjegjsh\u00ebm apo jo, ai ka mbi krye v\u00ebmendjen e \u00e7do qytetari, pak r\u00ebnd\u00ebsi ka n\u00ebse ishte votues i tij apo jo. Pozicioni i Lulzimit delikat deri [&hellip;]\" \/>\n<meta property=\"og:url\" content=\"https:\/\/fjala.info\/2009-2015\/e-trishte-te-jesh-bashe-kryetar-bashkie\/\" \/>\n<meta property=\"og:site_name\" content=\"FjALA e LIR\u00cb - Arkivi\" \/>\n<meta property=\"article:published_time\" content=\"2011-08-01T21:41:43+00:00\" \/>\n<meta property=\"og:image\" content=\"http:\/\/www.shkoder.net\/images\/fjala\/2011\/te_gjithe_ne_rresht.jpg\" \/>\n<meta name=\"author\" content=\"admin\" \/>\n<meta name=\"twitter:card\" content=\"summary_large_image\" \/>\n<meta name=\"twitter:label1\" content=\"Written by\" \/>\n\t<meta name=\"twitter:data1\" content=\"admin\" \/>\n\t<meta name=\"twitter:label2\" content=\"Est. reading time\" \/>\n\t<meta name=\"twitter:data2\" content=\"7 minutes\" \/>\n<script type=\"application\/ld+json\" class=\"yoast-schema-graph\">{\"@context\":\"https:\\\/\\\/schema.org\",\"@graph\":[{\"@type\":\"Article\",\"@id\":\"https:\\\/\\\/fjala.info\\\/2009-2015\\\/e-trishte-te-jesh-bashe-kryetar-bashkie\\\/#article\",\"isPartOf\":{\"@id\":\"https:\\\/\\\/fjala.info\\\/2009-2015\\\/e-trishte-te-jesh-bashe-kryetar-bashkie\\\/\"},\"author\":{\"name\":\"admin\",\"@id\":\"https:\\\/\\\/fjala.info\\\/2009-2015\\\/#\\\/schema\\\/person\\\/3aa1163ef05469c496fc94e77611ada2\"},\"headline\":\"E trisht\u00eb t\u00eb jesh Bash\u00eb, Kryetar Bashkie\",\"datePublished\":\"2011-08-01T21:41:43+00:00\",\"mainEntityOfPage\":{\"@id\":\"https:\\\/\\\/fjala.info\\\/2009-2015\\\/e-trishte-te-jesh-bashe-kryetar-bashkie\\\/\"},\"wordCount\":1473,\"commentCount\":0,\"publisher\":{\"@id\":\"https:\\\/\\\/fjala.info\\\/2009-2015\\\/#organization\"},\"image\":{\"@id\":\"https:\\\/\\\/fjala.info\\\/2009-2015\\\/e-trishte-te-jesh-bashe-kryetar-bashkie\\\/#primaryimage\"},\"thumbnailUrl\":\"http:\\\/\\\/www.shkoder.net\\\/images\\\/fjala\\\/2011\\\/te_gjithe_ne_rresht.jpg\",\"articleSection\":[\"Artikuj\"],\"inLanguage\":\"sq-AL\",\"potentialAction\":[{\"@type\":\"CommentAction\",\"name\":\"Comment\",\"target\":[\"https:\\\/\\\/fjala.info\\\/2009-2015\\\/e-trishte-te-jesh-bashe-kryetar-bashkie\\\/#respond\"]}]},{\"@type\":\"WebPage\",\"@id\":\"https:\\\/\\\/fjala.info\\\/2009-2015\\\/e-trishte-te-jesh-bashe-kryetar-bashkie\\\/\",\"url\":\"https:\\\/\\\/fjala.info\\\/2009-2015\\\/e-trishte-te-jesh-bashe-kryetar-bashkie\\\/\",\"name\":\"E trisht\u00eb t\u00eb jesh Bash\u00eb, Kryetar Bashkie - FjALA e LIR\u00cb - Arkivi\",\"isPartOf\":{\"@id\":\"https:\\\/\\\/fjala.info\\\/2009-2015\\\/#website\"},\"primaryImageOfPage\":{\"@id\":\"https:\\\/\\\/fjala.info\\\/2009-2015\\\/e-trishte-te-jesh-bashe-kryetar-bashkie\\\/#primaryimage\"},\"image\":{\"@id\":\"https:\\\/\\\/fjala.info\\\/2009-2015\\\/e-trishte-te-jesh-bashe-kryetar-bashkie\\\/#primaryimage\"},\"thumbnailUrl\":\"http:\\\/\\\/www.shkoder.net\\\/images\\\/fjala\\\/2011\\\/te_gjithe_ne_rresht.jpg\",\"datePublished\":\"2011-08-01T21:41:43+00:00\",\"breadcrumb\":{\"@id\":\"https:\\\/\\\/fjala.info\\\/2009-2015\\\/e-trishte-te-jesh-bashe-kryetar-bashkie\\\/#breadcrumb\"},\"inLanguage\":\"sq-AL\",\"potentialAction\":[{\"@type\":\"ReadAction\",\"target\":[\"https:\\\/\\\/fjala.info\\\/2009-2015\\\/e-trishte-te-jesh-bashe-kryetar-bashkie\\\/\"]}]},{\"@type\":\"ImageObject\",\"inLanguage\":\"sq-AL\",\"@id\":\"https:\\\/\\\/fjala.info\\\/2009-2015\\\/e-trishte-te-jesh-bashe-kryetar-bashkie\\\/#primaryimage\",\"url\":\"http:\\\/\\\/www.shkoder.net\\\/images\\\/fjala\\\/2011\\\/te_gjithe_ne_rresht.jpg\",\"contentUrl\":\"http:\\\/\\\/www.shkoder.net\\\/images\\\/fjala\\\/2011\\\/te_gjithe_ne_rresht.jpg\"},{\"@type\":\"BreadcrumbList\",\"@id\":\"https:\\\/\\\/fjala.info\\\/2009-2015\\\/e-trishte-te-jesh-bashe-kryetar-bashkie\\\/#breadcrumb\",\"itemListElement\":[{\"@type\":\"ListItem\",\"position\":1,\"name\":\"Home\",\"item\":\"https:\\\/\\\/fjala.info\\\/2009-2015\\\/\"},{\"@type\":\"ListItem\",\"position\":2,\"name\":\"E trisht\u00eb t\u00eb jesh Bash\u00eb, Kryetar Bashkie\"}]},{\"@type\":\"WebSite\",\"@id\":\"https:\\\/\\\/fjala.info\\\/2009-2015\\\/#website\",\"url\":\"https:\\\/\\\/fjala.info\\\/2009-2015\\\/\",\"name\":\"FjALA e LIR\u00cb - Arkivi\",\"description\":\"Arkivi 2009-2015\",\"publisher\":{\"@id\":\"https:\\\/\\\/fjala.info\\\/2009-2015\\\/#organization\"},\"potentialAction\":[{\"@type\":\"SearchAction\",\"target\":{\"@type\":\"EntryPoint\",\"urlTemplate\":\"https:\\\/\\\/fjala.info\\\/2009-2015\\\/?s={search_term_string}\"},\"query-input\":{\"@type\":\"PropertyValueSpecification\",\"valueRequired\":true,\"valueName\":\"search_term_string\"}}],\"inLanguage\":\"sq-AL\"},{\"@type\":\"Organization\",\"@id\":\"https:\\\/\\\/fjala.info\\\/2009-2015\\\/#organization\",\"name\":\"FjALA e LIR\u00cb - Arkivi\",\"url\":\"https:\\\/\\\/fjala.info\\\/2009-2015\\\/\",\"logo\":{\"@type\":\"ImageObject\",\"inLanguage\":\"sq-AL\",\"@id\":\"https:\\\/\\\/fjala.info\\\/2009-2015\\\/#\\\/schema\\\/logo\\\/image\\\/\",\"url\":\"\",\"contentUrl\":\"\",\"caption\":\"FjALA e LIR\u00cb - Arkivi\"},\"image\":{\"@id\":\"https:\\\/\\\/fjala.info\\\/2009-2015\\\/#\\\/schema\\\/logo\\\/image\\\/\"}},{\"@type\":\"Person\",\"@id\":\"https:\\\/\\\/fjala.info\\\/2009-2015\\\/#\\\/schema\\\/person\\\/3aa1163ef05469c496fc94e77611ada2\",\"name\":\"admin\",\"image\":{\"@type\":\"ImageObject\",\"inLanguage\":\"sq-AL\",\"@id\":\"https:\\\/\\\/fjala.info\\\/2009-2015\\\/wp-content\\\/uploads\\\/2012\\\/02\\\/arben_cokaj-120x150.jpg\",\"url\":\"https:\\\/\\\/fjala.info\\\/2009-2015\\\/wp-content\\\/uploads\\\/2012\\\/02\\\/arben_cokaj-120x150.jpg\",\"contentUrl\":\"https:\\\/\\\/fjala.info\\\/2009-2015\\\/wp-content\\\/uploads\\\/2012\\\/02\\\/arben_cokaj-120x150.jpg\",\"caption\":\"admin\"},\"description\":\"Admin, Fjala e Lir\u00eb\",\"sameAs\":[\"https:\\\/\\\/fjala.info\\\/\"],\"url\":\"https:\\\/\\\/fjala.info\\\/2009-2015\\\/author\\\/admin\\\/\"}]}<\/script>\n<!-- \/ Yoast SEO plugin. -->","yoast_head_json":{"title":"E trisht\u00eb t\u00eb jesh Bash\u00eb, Kryetar Bashkie - FjALA e LIR\u00cb - Arkivi","robots":{"index":"index","follow":"follow","max-snippet":"max-snippet:-1","max-image-preview":"max-image-preview:large","max-video-preview":"max-video-preview:-1"},"canonical":"https:\/\/fjala.info\/2009-2015\/e-trishte-te-jesh-bashe-kryetar-bashkie\/","og_locale":"sq_AL","og_type":"article","og_title":"E trisht\u00eb t\u00eb jesh Bash\u00eb, Kryetar Bashkie - FjALA e LIR\u00cb - Arkivi","og_description":"Andi Kananaj, 01.08.2011 Lulzim Basha ka tri rrug\u00eb hipotetike t\u00eb mundshme p\u00ebr karrier\u00ebn e tij prej politikani t\u00eb ri. I zgjedhur me peripeci n\u00eb krye t\u00eb Bashkis\u00eb Tiran\u00eb, i nd\u00ebrgjegjsh\u00ebm apo jo, ai ka mbi krye v\u00ebmendjen e \u00e7do qytetari, pak r\u00ebnd\u00ebsi ka n\u00ebse ishte votues i tij apo jo. Pozicioni i Lulzimit delikat deri [&hellip;]","og_url":"https:\/\/fjala.info\/2009-2015\/e-trishte-te-jesh-bashe-kryetar-bashkie\/","og_site_name":"FjALA e LIR\u00cb - Arkivi","article_published_time":"2011-08-01T21:41:43+00:00","og_image":[{"url":"http:\/\/www.shkoder.net\/images\/fjala\/2011\/te_gjithe_ne_rresht.jpg","type":"","width":"","height":""}],"author":"admin","twitter_card":"summary_large_image","twitter_misc":{"Written by":"admin","Est. reading time":"7 minutes"},"schema":{"@context":"https:\/\/schema.org","@graph":[{"@type":"Article","@id":"https:\/\/fjala.info\/2009-2015\/e-trishte-te-jesh-bashe-kryetar-bashkie\/#article","isPartOf":{"@id":"https:\/\/fjala.info\/2009-2015\/e-trishte-te-jesh-bashe-kryetar-bashkie\/"},"author":{"name":"admin","@id":"https:\/\/fjala.info\/2009-2015\/#\/schema\/person\/3aa1163ef05469c496fc94e77611ada2"},"headline":"E trisht\u00eb t\u00eb jesh Bash\u00eb, Kryetar Bashkie","datePublished":"2011-08-01T21:41:43+00:00","mainEntityOfPage":{"@id":"https:\/\/fjala.info\/2009-2015\/e-trishte-te-jesh-bashe-kryetar-bashkie\/"},"wordCount":1473,"commentCount":0,"publisher":{"@id":"https:\/\/fjala.info\/2009-2015\/#organization"},"image":{"@id":"https:\/\/fjala.info\/2009-2015\/e-trishte-te-jesh-bashe-kryetar-bashkie\/#primaryimage"},"thumbnailUrl":"http:\/\/www.shkoder.net\/images\/fjala\/2011\/te_gjithe_ne_rresht.jpg","articleSection":["Artikuj"],"inLanguage":"sq-AL","potentialAction":[{"@type":"CommentAction","name":"Comment","target":["https:\/\/fjala.info\/2009-2015\/e-trishte-te-jesh-bashe-kryetar-bashkie\/#respond"]}]},{"@type":"WebPage","@id":"https:\/\/fjala.info\/2009-2015\/e-trishte-te-jesh-bashe-kryetar-bashkie\/","url":"https:\/\/fjala.info\/2009-2015\/e-trishte-te-jesh-bashe-kryetar-bashkie\/","name":"E trisht\u00eb t\u00eb jesh Bash\u00eb, Kryetar Bashkie - FjALA e LIR\u00cb - Arkivi","isPartOf":{"@id":"https:\/\/fjala.info\/2009-2015\/#website"},"primaryImageOfPage":{"@id":"https:\/\/fjala.info\/2009-2015\/e-trishte-te-jesh-bashe-kryetar-bashkie\/#primaryimage"},"image":{"@id":"https:\/\/fjala.info\/2009-2015\/e-trishte-te-jesh-bashe-kryetar-bashkie\/#primaryimage"},"thumbnailUrl":"http:\/\/www.shkoder.net\/images\/fjala\/2011\/te_gjithe_ne_rresht.jpg","datePublished":"2011-08-01T21:41:43+00:00","breadcrumb":{"@id":"https:\/\/fjala.info\/2009-2015\/e-trishte-te-jesh-bashe-kryetar-bashkie\/#breadcrumb"},"inLanguage":"sq-AL","potentialAction":[{"@type":"ReadAction","target":["https:\/\/fjala.info\/2009-2015\/e-trishte-te-jesh-bashe-kryetar-bashkie\/"]}]},{"@type":"ImageObject","inLanguage":"sq-AL","@id":"https:\/\/fjala.info\/2009-2015\/e-trishte-te-jesh-bashe-kryetar-bashkie\/#primaryimage","url":"http:\/\/www.shkoder.net\/images\/fjala\/2011\/te_gjithe_ne_rresht.jpg","contentUrl":"http:\/\/www.shkoder.net\/images\/fjala\/2011\/te_gjithe_ne_rresht.jpg"},{"@type":"BreadcrumbList","@id":"https:\/\/fjala.info\/2009-2015\/e-trishte-te-jesh-bashe-kryetar-bashkie\/#breadcrumb","itemListElement":[{"@type":"ListItem","position":1,"name":"Home","item":"https:\/\/fjala.info\/2009-2015\/"},{"@type":"ListItem","position":2,"name":"E trisht\u00eb t\u00eb jesh Bash\u00eb, Kryetar Bashkie"}]},{"@type":"WebSite","@id":"https:\/\/fjala.info\/2009-2015\/#website","url":"https:\/\/fjala.info\/2009-2015\/","name":"FjALA e LIR\u00cb - Arkivi","description":"Arkivi 2009-2015","publisher":{"@id":"https:\/\/fjala.info\/2009-2015\/#organization"},"potentialAction":[{"@type":"SearchAction","target":{"@type":"EntryPoint","urlTemplate":"https:\/\/fjala.info\/2009-2015\/?s={search_term_string}"},"query-input":{"@type":"PropertyValueSpecification","valueRequired":true,"valueName":"search_term_string"}}],"inLanguage":"sq-AL"},{"@type":"Organization","@id":"https:\/\/fjala.info\/2009-2015\/#organization","name":"FjALA e LIR\u00cb - Arkivi","url":"https:\/\/fjala.info\/2009-2015\/","logo":{"@type":"ImageObject","inLanguage":"sq-AL","@id":"https:\/\/fjala.info\/2009-2015\/#\/schema\/logo\/image\/","url":"","contentUrl":"","caption":"FjALA e LIR\u00cb - Arkivi"},"image":{"@id":"https:\/\/fjala.info\/2009-2015\/#\/schema\/logo\/image\/"}},{"@type":"Person","@id":"https:\/\/fjala.info\/2009-2015\/#\/schema\/person\/3aa1163ef05469c496fc94e77611ada2","name":"admin","image":{"@type":"ImageObject","inLanguage":"sq-AL","@id":"https:\/\/fjala.info\/2009-2015\/wp-content\/uploads\/2012\/02\/arben_cokaj-120x150.jpg","url":"https:\/\/fjala.info\/2009-2015\/wp-content\/uploads\/2012\/02\/arben_cokaj-120x150.jpg","contentUrl":"https:\/\/fjala.info\/2009-2015\/wp-content\/uploads\/2012\/02\/arben_cokaj-120x150.jpg","caption":"admin"},"description":"Admin, Fjala e Lir\u00eb","sameAs":["https:\/\/fjala.info\/"],"url":"https:\/\/fjala.info\/2009-2015\/author\/admin\/"}]}},"_links":{"self":[{"href":"https:\/\/fjala.info\/2009-2015\/wp-json\/wp\/v2\/posts\/9698","targetHints":{"allow":["GET"]}}],"collection":[{"href":"https:\/\/fjala.info\/2009-2015\/wp-json\/wp\/v2\/posts"}],"about":[{"href":"https:\/\/fjala.info\/2009-2015\/wp-json\/wp\/v2\/types\/post"}],"author":[{"embeddable":true,"href":"https:\/\/fjala.info\/2009-2015\/wp-json\/wp\/v2\/users\/1"}],"replies":[{"embeddable":true,"href":"https:\/\/fjala.info\/2009-2015\/wp-json\/wp\/v2\/comments?post=9698"}],"version-history":[{"count":0,"href":"https:\/\/fjala.info\/2009-2015\/wp-json\/wp\/v2\/posts\/9698\/revisions"}],"wp:attachment":[{"href":"https:\/\/fjala.info\/2009-2015\/wp-json\/wp\/v2\/media?parent=9698"}],"wp:term":[{"taxonomy":"category","embeddable":true,"href":"https:\/\/fjala.info\/2009-2015\/wp-json\/wp\/v2\/categories?post=9698"},{"taxonomy":"post_tag","embeddable":true,"href":"https:\/\/fjala.info\/2009-2015\/wp-json\/wp\/v2\/tags?post=9698"}],"curies":[{"name":"wp","href":"https:\/\/api.w.org\/{rel}","templated":true}]}}