{"id":9696,"date":"2011-08-01T22:31:23","date_gmt":"2011-08-01T21:31:23","guid":{"rendered":"http:\/\/fjala.shkoder.net\/?p=9696"},"modified":"2011-08-01T22:31:23","modified_gmt":"2011-08-01T21:31:23","slug":"horri-i-vertete-i-bulevardit","status":"publish","type":"post","link":"https:\/\/fjala.info\/2009-2015\/horri-i-vertete-i-bulevardit\/","title":{"rendered":"Horri i V\u00ebrtet\u00eb i Bulevardit"},"content":{"rendered":"<p><img decoding=\"async\" class=\"alignright size-thumbnail wp-image-7236\" title=\"Sokol Balla\" src=\"http:\/\/www.shkoder.net\/images\/fjala\/sokol_balla.jpg\" alt=\"\" width=\"150\" \/> <strong>Sokol Balla<\/strong><\/p>\n<p>M\u00eb n\u00eb fund ata jan\u00eb p\u00ebrball\u00eb nj\u00ebri tjetrit. Pas nj\u00eb zvarritje gati dhjet\u00eb vjecare, Bamir Topi nuk i shmanget m\u00eb dot p\u00ebrplasjes finale me Sali Berishen. Fjalit\u00eb e helm\u00ebta dhe sfiduese t\u00eb Saliut k\u00ebt\u00eb jav\u00eb ishin p\u00ebrpjekja m\u00eb e ashp\u00ebr p\u00ebr t\u00eb t\u00ebrhequr n\u00eb nj\u00eb konflikt final presidentin e Republik\u00ebs. Fjali q\u00eb tentonin t\u2019i jepnin fund zvarritjes q\u00eb Topi i b\u00ebri k\u00ebsaj p\u00ebrplasjeje, pas gati tre vjet\u00ebsh ofendimesh, insinuatash t\u00eb ndyra, deklaratash publike, p\u00ebr t\u00eb ardhur tek etiketimi i Horrit t\u00eb Bulevardit.<\/p>\n<p>Sot zoti Topi besoj \u00ebsht\u00eb i bindur se atij i jan\u00eb mbyllur dy segmente t\u00eb politik\u00ebs aktive. E para \u00ebsht\u00eb Presidenca, por personalisht mendoj m\u00eb mir\u00eb k\u00ebshtu. Gjat\u00eb k\u00ebtyre kat\u00ebr vjet\u00ebve Bamir Topi u kompleksua nga origjina e tij partiake dhe e zbatoi \u201cby the book\u201d kushtetut\u00ebn dhe ligjin. Intervista e tij e fundit e fort\u00eb i \u00ebsht\u00eb dh\u00ebn\u00eb autorit t\u00eb k\u00ebtyre radh\u00ebve n\u00eb prill 2008 vet\u00ebm pak dit\u00eb para miratimit t\u00eb ndryshimeve kushtetuese. Ndryshime kushtetuese q\u00eb paradoksalisht ai i miratoi n\u00eb 18 minuta. Tha se respektonte institucionin.<\/p>\n<p>Por ja ku sot Berisha tentoi t\u00eb tallet edhe me k\u00ebt\u00eb aspekt. Ndoshta pak edhe p\u00ebr p\u00ebrgjegj\u00ebsi t\u00eb Bamir Topit, fjalia e t\u00eb cilit \u201cun\u00eb flas edhe me heshtje\u201d u kthye n\u00eb legjend\u00eb urbane n\u00eb mjediset politiko mediatike. Topi \u00ebsht\u00eb nj\u00eb president i mir\u00eb, por megjith\u00eb kthimin q\u00eb i b\u00ebri ligjit t\u00eb pronave dhe ndonj\u00eb ligji tjet\u00ebr t\u00eb r\u00ebnd\u00ebsish\u00ebm, ai nuk ka arritur deri m\u00eb sot t\u00eb ndaloj\u00eb atentatet e vazhdueshme ndaj kushtetut\u00ebs, prej atij q\u00eb \u00ebsht\u00eb sot, omnibusi i politik\u00ebs shqiptare t\u00eb dy dekadave.<\/p>\n<p>Bamir Topi d\u00ebshtoi t\u2019i imponohej edhe gjykatave t\u00eb r\u00ebnd\u00ebsishme si ajo e Lart\u00eb dhe Kushtetuese me em\u00ebrimet e reja, t\u00eb cilat ose u rr\u00ebzuan ose u kaluan vet\u00ebm ato q\u00eb miratoheshin nga Kompania e Saliut. Sot si pasoj\u00eb kemi m\u00eb shum\u00eb shal\u00ebngjitur dhe t\u00eb tredhur n\u00eb k\u00ebto dy gjykata dhe si pasoj\u00eb sistemi i drejt\u00ebsis\u00eb \u00ebsht\u00eb de facto n\u00eb kontroll t\u00eb Saliut.<\/p>\n<p>Topi u godit gjithmone me t\u00eb nj\u00ebjt\u00ebn kart\u00eb: at\u00eb personale. Personale p\u00ebr Ina Ram\u00ebn, p\u00ebrsonale p\u00ebr Shaqirin, personale p\u00ebr gjykatat, personale p\u00ebr vot\u00ebn. Fatkeq\u00ebsisht Saliu e fitoi edhe k\u00ebt\u00eb betej\u00eb. Reagimet m\u00eb t\u00eb ashpra, m\u00eb direkte, m\u00eb t\u00eb forta t\u00eb Topit, p\u00ebrfshir\u00eb edhe at\u00eb t\u00eb jav\u00ebs s\u00eb shkuar, jan\u00eb ato, kur Saliu e ka ngacmuar at\u00eb direkt. T\u00eb gjith\u00eb ata q\u00eb d\u00ebgjuan reagimin e Topit, gjithsesi vun\u00eb re, nj\u00eb doz\u00eb m\u00eb t\u00eb fort\u00eb k\u00ebsaj radhe. Sepse incidenti i vot\u00ebs s\u00eb Presidentit, q\u00eb kur nisi synoi &#8211; dhe ky \u00ebsht\u00eb segmenti i dyt\u00eb q\u00eb synon Sala t\u2019i mbyll\u00eb Bamirit &#8211; \u00ebsht\u00eb rikthimi n\u00eb politik\u00eb aktive.<\/p>\n<p>Kjo nuk lidhet me mund\u00ebsin\u00eb e rikthimit t\u00eb Topit n\u00eb PD. Por me at\u00eb se Saliu ka kuptuar gabimin fatal q\u00eb ka b\u00ebr\u00eb me vot\u00ebn e Topit. Duke sajuar at\u00eb q\u00eb sajoi, duke i mbyllur zyrtarisht Topit der\u00ebn e PD, Saliu kuptoi pak me vones\u00eb se bashk\u00eb me Topin do ikin edhe votat e shumta t\u00eb nj\u00eb PDje t\u00eb padukshme, larg Saliut dhe e disgustuar nga klonimet e tija, q\u00eb nuk po vonojn\u00eb t\u00eb tregojn\u00eb d\u00ebshtimin e tyre.<\/p>\n<p>Saliu e di se me Aldo Bumcin dhe Lul Bash\u00ebn i rruan trapin PDs\u00eb s\u00eb Tiran\u00ebs dhe mb\u00ebshtet\u00ebsve t\u00eb saj, t\u00eb cil\u00ebt tashm\u00eb prej disa muajsh po regjistrohen n\u00eb partin\u00eb e re t\u00eb Topit. Berisha ka kuptuar se n\u00ebse Met\u00ebn dhe LSI i bleu me pushtet, k\u00ebt\u00eb ofert\u00eb nuk ja b\u00ebn dot LSI-s\u00eb blu q\u00eb po lind, e q\u00eb mesa duket do ta nxjerri at\u00eb n\u00eb opozit\u00eb pas nj\u00eb viti e gjys\u00ebm. Ndaj ai po godet tani fort Topin, q\u00eb ta pengoj\u00eb e demotivoj\u00eb n\u00eb k\u00ebt\u00eb aksion. Me t\u00eb gjitha m\u00ebnyrat. Po a e kupton k\u00ebt\u00eb vet\u00eb zoti Topi?<\/p>\n<p>Dyshoj se ai deri von\u00eb ka besuar se Berisha mund t\u2019ja l\u00ebr\u00eb hapur s\u00ebrish nj\u00eb der\u00eb a dritare. N\u00eb mos rizgjedhje presidenciale, s\u00eb paku nj\u00eb vend deputeti a ministri. Sulmi pas 21 janarit, t\u00eb pakt\u00ebn sipas burimeve pran\u00eb qeveris\u00eb thuhet se erdhi pasi \u201cDoktori u ndje i prer\u00eb n\u00eb bes\u00eb nga Topi\u201d. Detajet nuk i di, por as nuk dua t\u2019i besoj. Dua t\u00eb besoj t\u00eb kund\u00ebrt\u00ebn, se problemi i Topit \u00ebsht\u00eb luajaliteti i tepruar i tij ndaj kreut t\u00eb qeveris\u00eb. Esht\u00eb ndonj\u00ebher\u00eb zelli i tepruar p\u00ebr paanshm\u00ebri, nd\u00ebrkoh\u00eb q\u00eb ne kemi nevoj\u00eb urgjente p\u00ebr Burra Shteti. Por un\u00eb besoj shum\u00eb se dita e Topit nuk ka ardhur akoma. \u00c7ka nuk shpresoj, \u00ebsht\u00eb q\u00eb ajo t\u00eb mos vonoj\u00eb shum\u00eb.<\/p>\n<p>Sot kur vendi \u00ebsht\u00eb zhytur n\u00eb nj\u00eb abis politik pa kthim pas, kur Saliu vodhi k\u00ebshtjell\u00ebn e fundit t\u00eb rezistenc\u00ebs, Tiran\u00ebn, kur n\u00eb kafen n\u00eb bodrum t\u00eb bashkis\u00eb jan\u00eb kthyer shofer\u00eb e bodigard\u00eb q\u00eb u fusin duart punonj\u00ebseve, kur Cingija q\u00eb ka z\u00ebvend\u00ebsuar breshkat, filloi sp\u00ebrdredhjen e pritshme n\u00eb prehrin e Bab\u00ebs, kur opozita ka lidhur duart p\u00ebr t\u2019i q\u00ebndruar larg tundimit t\u00eb pishtarit, vendi ka nevoj\u00eb p\u00ebr nj\u00eb balanc\u00eb t\u00eb re.<\/p>\n<p>Jo \u201cinstitucionale\u201d, \u201cbashk\u00ebpunuese\u201d dhe \u201cgjithp\u00ebrfshir\u00ebse\u201d. Por p\u00ebr balanc\u00eb politike dhe pesh\u00eb t\u00eb r\u00ebnd\u00eb. P\u00ebr k\u00ebt\u00eb zoti Topi paraqet kandidatin m\u00eb t\u00eb mir\u00eb t\u00eb mundsh\u00ebm. Saliu k\u00ebt\u00eb e ka kuptuar i pari me shpresen q\u00eb i fundit t\u00eb jet\u00eb pik\u00ebrisht Bamiri.<\/p>\n<p>Bamir Topi \u00ebsht\u00eb njeriu q\u00eb sot po i frik\u00ebsohet shum\u00eb Berisha. Tani \u00ebsht\u00eb n\u00eb dor\u00eb t\u00eb ish n\u00ebnkryetarit t\u00eb PD, q\u00eb t\u2019i dhuroj\u00eb nj\u00eb vit t\u00eb v\u00ebshtir\u00eb ish shefit t\u00eb tij, derisa atij ti bien t\u00eb gjitha gjethet, dhe t\u00eb gjith\u00eb ne shqiptar\u00eb e t\u00eb huaj (p\u00ebrfshir\u00eb dhe idiotin e mir\u00eb me birr\u00eb n\u00eb dor\u00eb), q\u00eb t\u00eb kuptojm\u00eb se kush \u00ebsht\u00eb realisht burri i shtetit, dhe Horri i V\u00ebrtet\u00eb i (mesit t\u00eb) Bulevardit.<\/p>\n","protected":false},"excerpt":{"rendered":"<p>Sokol Balla M\u00eb n\u00eb fund ata jan\u00eb p\u00ebrball\u00eb nj\u00ebri tjetrit. Pas nj\u00eb zvarritje gati dhjet\u00eb vjecare, Bamir Topi nuk i shmanget m\u00eb dot p\u00ebrplasjes finale me Sali Berishen. Fjalit\u00eb e helm\u00ebta dhe sfiduese t\u00eb Saliut k\u00ebt\u00eb jav\u00eb ishin p\u00ebrpjekja m\u00eb e ashp\u00ebr p\u00ebr t\u00eb t\u00ebrhequr n\u00eb nj\u00eb konflikt final presidentin e Republik\u00ebs. Fjali q\u00eb tentonin [&hellip;]<\/p>\n","protected":false},"author":1,"featured_media":0,"comment_status":"open","ping_status":"closed","sticky":false,"template":"","format":"standard","meta":{"footnotes":""},"categories":[2],"tags":[],"class_list":{"0":"post-9696","1":"post","2":"type-post","3":"status-publish","4":"format-standard","6":"category-artikuj"},"yoast_head":"<!-- This site is optimized with the Yoast SEO plugin v27.4 - https:\/\/yoast.com\/product\/yoast-seo-wordpress\/ -->\n<title>Horri i V\u00ebrtet\u00eb i Bulevardit - FjALA e LIR\u00cb - Arkivi<\/title>\n<meta name=\"robots\" content=\"index, follow, max-snippet:-1, max-image-preview:large, max-video-preview:-1\" \/>\n<link rel=\"canonical\" href=\"https:\/\/fjala.info\/2009-2015\/horri-i-vertete-i-bulevardit\/\" \/>\n<meta property=\"og:locale\" content=\"sq_AL\" \/>\n<meta property=\"og:type\" content=\"article\" \/>\n<meta property=\"og:title\" content=\"Horri i V\u00ebrtet\u00eb i Bulevardit - FjALA e LIR\u00cb - Arkivi\" \/>\n<meta property=\"og:description\" content=\"Sokol Balla M\u00eb n\u00eb fund ata jan\u00eb p\u00ebrball\u00eb nj\u00ebri tjetrit. Pas nj\u00eb zvarritje gati dhjet\u00eb vjecare, Bamir Topi nuk i shmanget m\u00eb dot p\u00ebrplasjes finale me Sali Berishen. Fjalit\u00eb e helm\u00ebta dhe sfiduese t\u00eb Saliut k\u00ebt\u00eb jav\u00eb ishin p\u00ebrpjekja m\u00eb e ashp\u00ebr p\u00ebr t\u00eb t\u00ebrhequr n\u00eb nj\u00eb konflikt final presidentin e Republik\u00ebs. Fjali q\u00eb tentonin [&hellip;]\" \/>\n<meta property=\"og:url\" content=\"https:\/\/fjala.info\/2009-2015\/horri-i-vertete-i-bulevardit\/\" \/>\n<meta property=\"og:site_name\" content=\"FjALA e LIR\u00cb - Arkivi\" \/>\n<meta property=\"article:published_time\" content=\"2011-08-01T21:31:23+00:00\" \/>\n<meta property=\"og:image\" content=\"http:\/\/www.shkoder.net\/images\/fjala\/sokol_balla.jpg\" \/>\n<meta name=\"author\" content=\"admin\" \/>\n<meta name=\"twitter:card\" content=\"summary_large_image\" \/>\n<meta name=\"twitter:label1\" content=\"Written by\" \/>\n\t<meta name=\"twitter:data1\" content=\"admin\" \/>\n\t<meta name=\"twitter:label2\" content=\"Est. reading time\" \/>\n\t<meta name=\"twitter:data2\" content=\"5 minutes\" \/>\n<script type=\"application\/ld+json\" class=\"yoast-schema-graph\">{\"@context\":\"https:\\\/\\\/schema.org\",\"@graph\":[{\"@type\":\"Article\",\"@id\":\"https:\\\/\\\/fjala.info\\\/2009-2015\\\/horri-i-vertete-i-bulevardit\\\/#article\",\"isPartOf\":{\"@id\":\"https:\\\/\\\/fjala.info\\\/2009-2015\\\/horri-i-vertete-i-bulevardit\\\/\"},\"author\":{\"name\":\"admin\",\"@id\":\"https:\\\/\\\/fjala.info\\\/2009-2015\\\/#\\\/schema\\\/person\\\/3aa1163ef05469c496fc94e77611ada2\"},\"headline\":\"Horri i V\u00ebrtet\u00eb i Bulevardit\",\"datePublished\":\"2011-08-01T21:31:23+00:00\",\"mainEntityOfPage\":{\"@id\":\"https:\\\/\\\/fjala.info\\\/2009-2015\\\/horri-i-vertete-i-bulevardit\\\/\"},\"wordCount\":1030,\"commentCount\":0,\"publisher\":{\"@id\":\"https:\\\/\\\/fjala.info\\\/2009-2015\\\/#organization\"},\"image\":{\"@id\":\"https:\\\/\\\/fjala.info\\\/2009-2015\\\/horri-i-vertete-i-bulevardit\\\/#primaryimage\"},\"thumbnailUrl\":\"http:\\\/\\\/www.shkoder.net\\\/images\\\/fjala\\\/sokol_balla.jpg\",\"articleSection\":[\"Artikuj\"],\"inLanguage\":\"sq-AL\",\"potentialAction\":[{\"@type\":\"CommentAction\",\"name\":\"Comment\",\"target\":[\"https:\\\/\\\/fjala.info\\\/2009-2015\\\/horri-i-vertete-i-bulevardit\\\/#respond\"]}]},{\"@type\":\"WebPage\",\"@id\":\"https:\\\/\\\/fjala.info\\\/2009-2015\\\/horri-i-vertete-i-bulevardit\\\/\",\"url\":\"https:\\\/\\\/fjala.info\\\/2009-2015\\\/horri-i-vertete-i-bulevardit\\\/\",\"name\":\"Horri i V\u00ebrtet\u00eb i Bulevardit - FjALA e LIR\u00cb - Arkivi\",\"isPartOf\":{\"@id\":\"https:\\\/\\\/fjala.info\\\/2009-2015\\\/#website\"},\"primaryImageOfPage\":{\"@id\":\"https:\\\/\\\/fjala.info\\\/2009-2015\\\/horri-i-vertete-i-bulevardit\\\/#primaryimage\"},\"image\":{\"@id\":\"https:\\\/\\\/fjala.info\\\/2009-2015\\\/horri-i-vertete-i-bulevardit\\\/#primaryimage\"},\"thumbnailUrl\":\"http:\\\/\\\/www.shkoder.net\\\/images\\\/fjala\\\/sokol_balla.jpg\",\"datePublished\":\"2011-08-01T21:31:23+00:00\",\"breadcrumb\":{\"@id\":\"https:\\\/\\\/fjala.info\\\/2009-2015\\\/horri-i-vertete-i-bulevardit\\\/#breadcrumb\"},\"inLanguage\":\"sq-AL\",\"potentialAction\":[{\"@type\":\"ReadAction\",\"target\":[\"https:\\\/\\\/fjala.info\\\/2009-2015\\\/horri-i-vertete-i-bulevardit\\\/\"]}]},{\"@type\":\"ImageObject\",\"inLanguage\":\"sq-AL\",\"@id\":\"https:\\\/\\\/fjala.info\\\/2009-2015\\\/horri-i-vertete-i-bulevardit\\\/#primaryimage\",\"url\":\"http:\\\/\\\/www.shkoder.net\\\/images\\\/fjala\\\/sokol_balla.jpg\",\"contentUrl\":\"http:\\\/\\\/www.shkoder.net\\\/images\\\/fjala\\\/sokol_balla.jpg\"},{\"@type\":\"BreadcrumbList\",\"@id\":\"https:\\\/\\\/fjala.info\\\/2009-2015\\\/horri-i-vertete-i-bulevardit\\\/#breadcrumb\",\"itemListElement\":[{\"@type\":\"ListItem\",\"position\":1,\"name\":\"Home\",\"item\":\"https:\\\/\\\/fjala.info\\\/2009-2015\\\/\"},{\"@type\":\"ListItem\",\"position\":2,\"name\":\"Horri i V\u00ebrtet\u00eb i Bulevardit\"}]},{\"@type\":\"WebSite\",\"@id\":\"https:\\\/\\\/fjala.info\\\/2009-2015\\\/#website\",\"url\":\"https:\\\/\\\/fjala.info\\\/2009-2015\\\/\",\"name\":\"FjALA e LIR\u00cb - Arkivi\",\"description\":\"Arkivi 2009-2015\",\"publisher\":{\"@id\":\"https:\\\/\\\/fjala.info\\\/2009-2015\\\/#organization\"},\"potentialAction\":[{\"@type\":\"SearchAction\",\"target\":{\"@type\":\"EntryPoint\",\"urlTemplate\":\"https:\\\/\\\/fjala.info\\\/2009-2015\\\/?s={search_term_string}\"},\"query-input\":{\"@type\":\"PropertyValueSpecification\",\"valueRequired\":true,\"valueName\":\"search_term_string\"}}],\"inLanguage\":\"sq-AL\"},{\"@type\":\"Organization\",\"@id\":\"https:\\\/\\\/fjala.info\\\/2009-2015\\\/#organization\",\"name\":\"FjALA e LIR\u00cb - Arkivi\",\"url\":\"https:\\\/\\\/fjala.info\\\/2009-2015\\\/\",\"logo\":{\"@type\":\"ImageObject\",\"inLanguage\":\"sq-AL\",\"@id\":\"https:\\\/\\\/fjala.info\\\/2009-2015\\\/#\\\/schema\\\/logo\\\/image\\\/\",\"url\":\"\",\"contentUrl\":\"\",\"caption\":\"FjALA e LIR\u00cb - Arkivi\"},\"image\":{\"@id\":\"https:\\\/\\\/fjala.info\\\/2009-2015\\\/#\\\/schema\\\/logo\\\/image\\\/\"}},{\"@type\":\"Person\",\"@id\":\"https:\\\/\\\/fjala.info\\\/2009-2015\\\/#\\\/schema\\\/person\\\/3aa1163ef05469c496fc94e77611ada2\",\"name\":\"admin\",\"image\":{\"@type\":\"ImageObject\",\"inLanguage\":\"sq-AL\",\"@id\":\"https:\\\/\\\/fjala.info\\\/2009-2015\\\/wp-content\\\/uploads\\\/2012\\\/02\\\/arben_cokaj-120x150.jpg\",\"url\":\"https:\\\/\\\/fjala.info\\\/2009-2015\\\/wp-content\\\/uploads\\\/2012\\\/02\\\/arben_cokaj-120x150.jpg\",\"contentUrl\":\"https:\\\/\\\/fjala.info\\\/2009-2015\\\/wp-content\\\/uploads\\\/2012\\\/02\\\/arben_cokaj-120x150.jpg\",\"caption\":\"admin\"},\"description\":\"Admin, Fjala e Lir\u00eb\",\"sameAs\":[\"https:\\\/\\\/fjala.info\\\/\"],\"url\":\"https:\\\/\\\/fjala.info\\\/2009-2015\\\/author\\\/admin\\\/\"}]}<\/script>\n<!-- \/ Yoast SEO plugin. -->","yoast_head_json":{"title":"Horri i V\u00ebrtet\u00eb i Bulevardit - FjALA e LIR\u00cb - Arkivi","robots":{"index":"index","follow":"follow","max-snippet":"max-snippet:-1","max-image-preview":"max-image-preview:large","max-video-preview":"max-video-preview:-1"},"canonical":"https:\/\/fjala.info\/2009-2015\/horri-i-vertete-i-bulevardit\/","og_locale":"sq_AL","og_type":"article","og_title":"Horri i V\u00ebrtet\u00eb i Bulevardit - FjALA e LIR\u00cb - Arkivi","og_description":"Sokol Balla M\u00eb n\u00eb fund ata jan\u00eb p\u00ebrball\u00eb nj\u00ebri tjetrit. Pas nj\u00eb zvarritje gati dhjet\u00eb vjecare, Bamir Topi nuk i shmanget m\u00eb dot p\u00ebrplasjes finale me Sali Berishen. Fjalit\u00eb e helm\u00ebta dhe sfiduese t\u00eb Saliut k\u00ebt\u00eb jav\u00eb ishin p\u00ebrpjekja m\u00eb e ashp\u00ebr p\u00ebr t\u00eb t\u00ebrhequr n\u00eb nj\u00eb konflikt final presidentin e Republik\u00ebs. Fjali q\u00eb tentonin [&hellip;]","og_url":"https:\/\/fjala.info\/2009-2015\/horri-i-vertete-i-bulevardit\/","og_site_name":"FjALA e LIR\u00cb - Arkivi","article_published_time":"2011-08-01T21:31:23+00:00","og_image":[{"url":"http:\/\/www.shkoder.net\/images\/fjala\/sokol_balla.jpg","type":"","width":"","height":""}],"author":"admin","twitter_card":"summary_large_image","twitter_misc":{"Written by":"admin","Est. reading time":"5 minutes"},"schema":{"@context":"https:\/\/schema.org","@graph":[{"@type":"Article","@id":"https:\/\/fjala.info\/2009-2015\/horri-i-vertete-i-bulevardit\/#article","isPartOf":{"@id":"https:\/\/fjala.info\/2009-2015\/horri-i-vertete-i-bulevardit\/"},"author":{"name":"admin","@id":"https:\/\/fjala.info\/2009-2015\/#\/schema\/person\/3aa1163ef05469c496fc94e77611ada2"},"headline":"Horri i V\u00ebrtet\u00eb i Bulevardit","datePublished":"2011-08-01T21:31:23+00:00","mainEntityOfPage":{"@id":"https:\/\/fjala.info\/2009-2015\/horri-i-vertete-i-bulevardit\/"},"wordCount":1030,"commentCount":0,"publisher":{"@id":"https:\/\/fjala.info\/2009-2015\/#organization"},"image":{"@id":"https:\/\/fjala.info\/2009-2015\/horri-i-vertete-i-bulevardit\/#primaryimage"},"thumbnailUrl":"http:\/\/www.shkoder.net\/images\/fjala\/sokol_balla.jpg","articleSection":["Artikuj"],"inLanguage":"sq-AL","potentialAction":[{"@type":"CommentAction","name":"Comment","target":["https:\/\/fjala.info\/2009-2015\/horri-i-vertete-i-bulevardit\/#respond"]}]},{"@type":"WebPage","@id":"https:\/\/fjala.info\/2009-2015\/horri-i-vertete-i-bulevardit\/","url":"https:\/\/fjala.info\/2009-2015\/horri-i-vertete-i-bulevardit\/","name":"Horri i V\u00ebrtet\u00eb i Bulevardit - FjALA e LIR\u00cb - Arkivi","isPartOf":{"@id":"https:\/\/fjala.info\/2009-2015\/#website"},"primaryImageOfPage":{"@id":"https:\/\/fjala.info\/2009-2015\/horri-i-vertete-i-bulevardit\/#primaryimage"},"image":{"@id":"https:\/\/fjala.info\/2009-2015\/horri-i-vertete-i-bulevardit\/#primaryimage"},"thumbnailUrl":"http:\/\/www.shkoder.net\/images\/fjala\/sokol_balla.jpg","datePublished":"2011-08-01T21:31:23+00:00","breadcrumb":{"@id":"https:\/\/fjala.info\/2009-2015\/horri-i-vertete-i-bulevardit\/#breadcrumb"},"inLanguage":"sq-AL","potentialAction":[{"@type":"ReadAction","target":["https:\/\/fjala.info\/2009-2015\/horri-i-vertete-i-bulevardit\/"]}]},{"@type":"ImageObject","inLanguage":"sq-AL","@id":"https:\/\/fjala.info\/2009-2015\/horri-i-vertete-i-bulevardit\/#primaryimage","url":"http:\/\/www.shkoder.net\/images\/fjala\/sokol_balla.jpg","contentUrl":"http:\/\/www.shkoder.net\/images\/fjala\/sokol_balla.jpg"},{"@type":"BreadcrumbList","@id":"https:\/\/fjala.info\/2009-2015\/horri-i-vertete-i-bulevardit\/#breadcrumb","itemListElement":[{"@type":"ListItem","position":1,"name":"Home","item":"https:\/\/fjala.info\/2009-2015\/"},{"@type":"ListItem","position":2,"name":"Horri i V\u00ebrtet\u00eb i Bulevardit"}]},{"@type":"WebSite","@id":"https:\/\/fjala.info\/2009-2015\/#website","url":"https:\/\/fjala.info\/2009-2015\/","name":"FjALA e LIR\u00cb - Arkivi","description":"Arkivi 2009-2015","publisher":{"@id":"https:\/\/fjala.info\/2009-2015\/#organization"},"potentialAction":[{"@type":"SearchAction","target":{"@type":"EntryPoint","urlTemplate":"https:\/\/fjala.info\/2009-2015\/?s={search_term_string}"},"query-input":{"@type":"PropertyValueSpecification","valueRequired":true,"valueName":"search_term_string"}}],"inLanguage":"sq-AL"},{"@type":"Organization","@id":"https:\/\/fjala.info\/2009-2015\/#organization","name":"FjALA e LIR\u00cb - Arkivi","url":"https:\/\/fjala.info\/2009-2015\/","logo":{"@type":"ImageObject","inLanguage":"sq-AL","@id":"https:\/\/fjala.info\/2009-2015\/#\/schema\/logo\/image\/","url":"","contentUrl":"","caption":"FjALA e LIR\u00cb - Arkivi"},"image":{"@id":"https:\/\/fjala.info\/2009-2015\/#\/schema\/logo\/image\/"}},{"@type":"Person","@id":"https:\/\/fjala.info\/2009-2015\/#\/schema\/person\/3aa1163ef05469c496fc94e77611ada2","name":"admin","image":{"@type":"ImageObject","inLanguage":"sq-AL","@id":"https:\/\/fjala.info\/2009-2015\/wp-content\/uploads\/2012\/02\/arben_cokaj-120x150.jpg","url":"https:\/\/fjala.info\/2009-2015\/wp-content\/uploads\/2012\/02\/arben_cokaj-120x150.jpg","contentUrl":"https:\/\/fjala.info\/2009-2015\/wp-content\/uploads\/2012\/02\/arben_cokaj-120x150.jpg","caption":"admin"},"description":"Admin, Fjala e Lir\u00eb","sameAs":["https:\/\/fjala.info\/"],"url":"https:\/\/fjala.info\/2009-2015\/author\/admin\/"}]}},"_links":{"self":[{"href":"https:\/\/fjala.info\/2009-2015\/wp-json\/wp\/v2\/posts\/9696","targetHints":{"allow":["GET"]}}],"collection":[{"href":"https:\/\/fjala.info\/2009-2015\/wp-json\/wp\/v2\/posts"}],"about":[{"href":"https:\/\/fjala.info\/2009-2015\/wp-json\/wp\/v2\/types\/post"}],"author":[{"embeddable":true,"href":"https:\/\/fjala.info\/2009-2015\/wp-json\/wp\/v2\/users\/1"}],"replies":[{"embeddable":true,"href":"https:\/\/fjala.info\/2009-2015\/wp-json\/wp\/v2\/comments?post=9696"}],"version-history":[{"count":0,"href":"https:\/\/fjala.info\/2009-2015\/wp-json\/wp\/v2\/posts\/9696\/revisions"}],"wp:attachment":[{"href":"https:\/\/fjala.info\/2009-2015\/wp-json\/wp\/v2\/media?parent=9696"}],"wp:term":[{"taxonomy":"category","embeddable":true,"href":"https:\/\/fjala.info\/2009-2015\/wp-json\/wp\/v2\/categories?post=9696"},{"taxonomy":"post_tag","embeddable":true,"href":"https:\/\/fjala.info\/2009-2015\/wp-json\/wp\/v2\/tags?post=9696"}],"curies":[{"name":"wp","href":"https:\/\/api.w.org\/{rel}","templated":true}]}}