{"id":9694,"date":"2011-08-01T22:27:14","date_gmt":"2011-08-01T21:27:14","guid":{"rendered":"http:\/\/fjala.shkoder.net\/?p=9694"},"modified":"2011-08-01T22:27:14","modified_gmt":"2011-08-01T21:27:14","slug":"pasardhesi-i-moisiut","status":"publish","type":"post","link":"https:\/\/fjala.info\/2009-2015\/pasardhesi-i-moisiut\/","title":{"rendered":"Pasardh\u00ebsi i Moisiut"},"content":{"rendered":"<p><img decoding=\"async\" class=\"alignright size-thumbnail wp-image-7236\" title=\"Sk\u00ebnder Minxhozi\" src=\"http:\/\/www.shkoder.net\/images\/fjala\/skender_minxhozi.jpg\" alt=\"\" width=\"150\" \/> <strong>Sk\u00ebnder Minxhozi<\/strong><\/p>\n<p>Ambasadori holandez n\u00eb Tiran\u00eb (ky vend mund t\u00eb quhet pa frik\u00eb nj\u00eb rezervat ambasador\u00ebsh), ka hedhur nj\u00eb ide q\u00eb rrotullohet prej koh\u00ebsh n\u00eb kokat e shum\u00eb njer\u00ebzve. Teksa shohim doz\u00ebn ditore t\u00eb qes\u00ebndive e sulmeve shpesh pa krip\u00eb q\u00eb Sali Berisha rezervon p\u00ebr Bamir Topin, nuk mund t\u00eb mos e hedhim v\u00ebshtrimin mbi identikitin e atij q\u00eb do t\u00eb bujt\u00ebsi i ardhsh\u00ebm i Presidenc\u00ebs.<\/p>\n<p>Q\u00eb nuk do t\u00eb jet\u00eb zoti Topi, ky duket elementi i vet\u00ebm i qart\u00eb i k\u00ebsaj meseleje. Po kush do t\u00eb jet\u00eb se? ! Topalli, vet\u00eb Berisha, ndonj\u00eb delfin i tyre, apo ndonj\u00eb em\u00ebr deri m\u00eb tash larg syve t\u00eb opinionit publik? ! Mesa duket kjo ka qen\u00eb n\u00eb thelb oferta e ambasadorit holandez Van Den Dol. Pra, q\u00eb kreu i shtetit s\u00eb pari t\u00eb zgjidhet me konsensus dhe s\u00eb dyti, q\u00eb t\u00eb mos jet\u00eb nj\u00eb zgjedhje politike, e q\u00eb t\u00eb ket\u00eb nj\u00eb mb\u00ebshtetetje sa m\u00eb t\u00eb madhe me vota n\u00eb Kuvend.<br \/>\nKjo formul\u00eb t\u00eb kujton sot, hi\u00e7 m\u00eb pas sesa precedentin e vitit 2002. Nj\u00eb precedent q\u00eb faktikisht s\u2019ka edhe aq lidhje me vet\u00eb formatin dhe identitetin e presidentit, sesa me nj\u00eb kriz\u00eb politike q\u00eb po konsumohej asokohe n\u00eb Shqip\u00ebri, e q\u00eb kishte lidhje me zgjedhjet e vitit 2001.<\/p>\n<p>Si\u00e7 dihet, fjala \u00ebsht\u00eb p\u00ebr votimet q\u00eb u vendos\u00ebn nga truku i famsh\u00ebm i Dushkut, me 12 deputet\u00ebt e s\u00eb majt\u00ebs q\u00eb dol\u00ebn thuajse nga hi\u00e7i. Parlamenti i dal\u00eb nga ato zgjedhje, m\u00eb sakt\u00eb shumica e atij parlamenti, i kishte numrat p\u00ebr ta zgjedhur vet\u00eb presidentin. Porse paralajm\u00ebrimi i nd\u00ebrkomb\u00ebtar\u00ebve q\u00eb v\u00ebzhguan zgjedhjet, ishte shum\u00eb i qart\u00eb: keni numrat p\u00ebr t\u00eb qeverisur, jo p\u00ebr t\u00eb zgjedhur kreun e shtetit. Kjo rrethan\u00eb solli n\u00eb sken\u00eb Alfred Moisiun, nj\u00eb ushtarak nga nj\u00eb familje e njohur e me tradit\u00eb, i cili ndoshta ka qen\u00eb presidenti m\u00eb i suksessh\u00ebm i k\u00ebtyre nj\u00ebzet vjet\u00ebve.<\/p>\n<p>U arrit pra tek ideja e presidentit konsensual (n\u00eb ato koh\u00eb kjo fjal\u00eb p\u00ebrdorej vend e pa vend), p\u00ebr shkak t\u00eb nj\u00eb situate politike q\u00eb u konsiderua anormale, pas nj\u00eb rezulati zgjedhor defektoz. Sot, kjo ide duket se po del s\u00ebrish n\u00eb plan t\u00eb par\u00eb. T\u00eb huajt po shohin se votimet n\u00eb Shqip\u00ebri vazhdojn\u00eb t\u00eb prodhojn\u00eb kriza e jo zgjidhje, ata e ndjejn\u00eb gjithashtu shkall\u00ebn e lart\u00eb t\u00eb antagonizmit politik q\u00eb i ndan aktualisht pal\u00ebt n\u00eb vend. Mesa duket, n\u00eb k\u00ebto kushte, nj\u00eb president i dal\u00eb prej nj\u00eb kompromisi, do t\u00eb ishte nj\u00eb formul\u00eb paq\u00ebtuese dhe q\u00eb do t\u2019i jepte institucionit t\u00eb presidentit baraslarg\u00ebsi dhe besim nga t\u00eb dyja partit\u00eb e m\u00ebdha.<\/p>\n<p>Por q\u00eb t\u00eb arrihet tek kjo skem\u00eb, duhen plot\u00ebsuar dy kushte. Q\u00eb t\u00eb dyja t\u00eb v\u00ebshtira, kur p\u00ebrball\u00eb ke zotin Berisha. S\u00eb pari, duhet q\u00eb ai t\u00eb heq\u00eb dor\u00eb nga planet q\u00eb ka p\u00ebr kreun e ardhsh\u00ebm t\u00eb shtetit. Pra, t\u00eb ler\u00eb m\u00ebnjan\u00eb qoft\u00eb ambiciet personale, apo edhe d\u00ebshir\u00ebn p\u00ebr t\u00eb zgjedhur nj\u00eb njeri t\u00eb tijin n\u00eb at\u00eb post. S\u00eb dyti, jo m\u00eb pak e r\u00ebnd\u00ebsishme, maxhoranca duhet bindur q\u00eb t\u00eb pranoj\u00eb nj\u00eb zgjidhje, e cila n\u00eb nj\u00eb m\u00ebnyr\u00eb a nj\u00eb tjet\u00ebr, zyrtarizon iden\u00eb se dy zgjedhjet e fundit ishin jo t\u00eb mira dhe se parlamenti e pushteti lokal i dal\u00eb prej tyre, e delegjitimon t\u00eb djatht\u00ebn nga mund\u00ebsia p\u00ebr ta zgjedhur ajo kreun e shtetit.<\/p>\n<p>Rebusi presidencial sapo ka nisur. Brenda tij nd\u00ebrthuren shum\u00eb p\u00ebrllogaritje, interesa dhe plane t\u00eb ardhshme. T\u00eb gjitha n\u00eb funksion t\u00eb ndarjes s\u00eb tort\u00ebs s\u00eb pushteteve, por edhe t\u00eb zgjedhjeve t\u00eb vitit 2013. A do t\u00eb arrijn\u00eb nd\u00ebrkomb\u00ebtar\u00ebt t\u00eb imponojn\u00eb nj\u00eb figur\u00eb \u201coutsider\u201d-i, apo kreu i shtetit do t\u00eb jet\u00eb nj\u00eb koleg partie i zotit Berisha? N\u00eb mos vet\u00eb zoti Berisha? K\u00ebt\u00eb do ta shohim n\u00eb muajt q\u00eb do t\u00eb vijn\u00eb. Nd\u00ebrkaq kemi p\u00ebr t\u00eb asistuar n\u00eb batutat e fundit t\u00eb presidenc\u00ebs Topi. Edhe kjo nj\u00eb telenovel\u00eb q\u00eb po merr nota interesante. Me t\u00eb vetmin problem: n\u00eb Shqip\u00ebri koncepti i interesantes b\u00ebn rim\u00eb thuajse gjithmon\u00eb me nocionin e kriz\u00ebs.<\/p>\n","protected":false},"excerpt":{"rendered":"<p>Sk\u00ebnder Minxhozi Ambasadori holandez n\u00eb Tiran\u00eb (ky vend mund t\u00eb quhet pa frik\u00eb nj\u00eb rezervat ambasador\u00ebsh), ka hedhur nj\u00eb ide q\u00eb rrotullohet prej koh\u00ebsh n\u00eb kokat e shum\u00eb njer\u00ebzve. Teksa shohim doz\u00ebn ditore t\u00eb qes\u00ebndive e sulmeve shpesh pa krip\u00eb q\u00eb Sali Berisha rezervon p\u00ebr Bamir Topin, nuk mund t\u00eb mos e hedhim v\u00ebshtrimin mbi [&hellip;]<\/p>\n","protected":false},"author":1,"featured_media":0,"comment_status":"open","ping_status":"closed","sticky":false,"template":"","format":"standard","meta":{"footnotes":""},"categories":[2],"tags":[],"class_list":{"0":"post-9694","1":"post","2":"type-post","3":"status-publish","4":"format-standard","6":"category-artikuj"},"yoast_head":"<!-- This site is optimized with the Yoast SEO plugin v27.4 - https:\/\/yoast.com\/product\/yoast-seo-wordpress\/ -->\n<title>Pasardh\u00ebsi i Moisiut - FjALA e LIR\u00cb - Arkivi<\/title>\n<meta name=\"robots\" content=\"index, follow, max-snippet:-1, max-image-preview:large, max-video-preview:-1\" \/>\n<link rel=\"canonical\" href=\"https:\/\/fjala.info\/2009-2015\/pasardhesi-i-moisiut\/\" \/>\n<meta property=\"og:locale\" content=\"sq_AL\" \/>\n<meta property=\"og:type\" content=\"article\" \/>\n<meta property=\"og:title\" content=\"Pasardh\u00ebsi i Moisiut - FjALA e LIR\u00cb - Arkivi\" \/>\n<meta property=\"og:description\" content=\"Sk\u00ebnder Minxhozi Ambasadori holandez n\u00eb Tiran\u00eb (ky vend mund t\u00eb quhet pa frik\u00eb nj\u00eb rezervat ambasador\u00ebsh), ka hedhur nj\u00eb ide q\u00eb rrotullohet prej koh\u00ebsh n\u00eb kokat e shum\u00eb njer\u00ebzve. Teksa shohim doz\u00ebn ditore t\u00eb qes\u00ebndive e sulmeve shpesh pa krip\u00eb q\u00eb Sali Berisha rezervon p\u00ebr Bamir Topin, nuk mund t\u00eb mos e hedhim v\u00ebshtrimin mbi [&hellip;]\" \/>\n<meta property=\"og:url\" content=\"https:\/\/fjala.info\/2009-2015\/pasardhesi-i-moisiut\/\" \/>\n<meta property=\"og:site_name\" content=\"FjALA e LIR\u00cb - Arkivi\" \/>\n<meta property=\"article:published_time\" content=\"2011-08-01T21:27:14+00:00\" \/>\n<meta property=\"og:image\" content=\"http:\/\/www.shkoder.net\/images\/fjala\/skender_minxhozi.jpg\" \/>\n<meta name=\"author\" content=\"admin\" \/>\n<meta name=\"twitter:card\" content=\"summary_large_image\" \/>\n<meta name=\"twitter:label1\" content=\"Written by\" \/>\n\t<meta name=\"twitter:data1\" content=\"admin\" \/>\n\t<meta name=\"twitter:label2\" content=\"Est. reading time\" \/>\n\t<meta name=\"twitter:data2\" content=\"4 minutes\" \/>\n<script type=\"application\/ld+json\" class=\"yoast-schema-graph\">{\"@context\":\"https:\\\/\\\/schema.org\",\"@graph\":[{\"@type\":\"Article\",\"@id\":\"https:\\\/\\\/fjala.info\\\/2009-2015\\\/pasardhesi-i-moisiut\\\/#article\",\"isPartOf\":{\"@id\":\"https:\\\/\\\/fjala.info\\\/2009-2015\\\/pasardhesi-i-moisiut\\\/\"},\"author\":{\"name\":\"admin\",\"@id\":\"https:\\\/\\\/fjala.info\\\/2009-2015\\\/#\\\/schema\\\/person\\\/3aa1163ef05469c496fc94e77611ada2\"},\"headline\":\"Pasardh\u00ebsi i Moisiut\",\"datePublished\":\"2011-08-01T21:27:14+00:00\",\"mainEntityOfPage\":{\"@id\":\"https:\\\/\\\/fjala.info\\\/2009-2015\\\/pasardhesi-i-moisiut\\\/\"},\"wordCount\":716,\"commentCount\":0,\"publisher\":{\"@id\":\"https:\\\/\\\/fjala.info\\\/2009-2015\\\/#organization\"},\"image\":{\"@id\":\"https:\\\/\\\/fjala.info\\\/2009-2015\\\/pasardhesi-i-moisiut\\\/#primaryimage\"},\"thumbnailUrl\":\"http:\\\/\\\/www.shkoder.net\\\/images\\\/fjala\\\/skender_minxhozi.jpg\",\"articleSection\":[\"Artikuj\"],\"inLanguage\":\"sq-AL\",\"potentialAction\":[{\"@type\":\"CommentAction\",\"name\":\"Comment\",\"target\":[\"https:\\\/\\\/fjala.info\\\/2009-2015\\\/pasardhesi-i-moisiut\\\/#respond\"]}]},{\"@type\":\"WebPage\",\"@id\":\"https:\\\/\\\/fjala.info\\\/2009-2015\\\/pasardhesi-i-moisiut\\\/\",\"url\":\"https:\\\/\\\/fjala.info\\\/2009-2015\\\/pasardhesi-i-moisiut\\\/\",\"name\":\"Pasardh\u00ebsi i Moisiut - FjALA e LIR\u00cb - Arkivi\",\"isPartOf\":{\"@id\":\"https:\\\/\\\/fjala.info\\\/2009-2015\\\/#website\"},\"primaryImageOfPage\":{\"@id\":\"https:\\\/\\\/fjala.info\\\/2009-2015\\\/pasardhesi-i-moisiut\\\/#primaryimage\"},\"image\":{\"@id\":\"https:\\\/\\\/fjala.info\\\/2009-2015\\\/pasardhesi-i-moisiut\\\/#primaryimage\"},\"thumbnailUrl\":\"http:\\\/\\\/www.shkoder.net\\\/images\\\/fjala\\\/skender_minxhozi.jpg\",\"datePublished\":\"2011-08-01T21:27:14+00:00\",\"breadcrumb\":{\"@id\":\"https:\\\/\\\/fjala.info\\\/2009-2015\\\/pasardhesi-i-moisiut\\\/#breadcrumb\"},\"inLanguage\":\"sq-AL\",\"potentialAction\":[{\"@type\":\"ReadAction\",\"target\":[\"https:\\\/\\\/fjala.info\\\/2009-2015\\\/pasardhesi-i-moisiut\\\/\"]}]},{\"@type\":\"ImageObject\",\"inLanguage\":\"sq-AL\",\"@id\":\"https:\\\/\\\/fjala.info\\\/2009-2015\\\/pasardhesi-i-moisiut\\\/#primaryimage\",\"url\":\"http:\\\/\\\/www.shkoder.net\\\/images\\\/fjala\\\/skender_minxhozi.jpg\",\"contentUrl\":\"http:\\\/\\\/www.shkoder.net\\\/images\\\/fjala\\\/skender_minxhozi.jpg\"},{\"@type\":\"BreadcrumbList\",\"@id\":\"https:\\\/\\\/fjala.info\\\/2009-2015\\\/pasardhesi-i-moisiut\\\/#breadcrumb\",\"itemListElement\":[{\"@type\":\"ListItem\",\"position\":1,\"name\":\"Home\",\"item\":\"https:\\\/\\\/fjala.info\\\/2009-2015\\\/\"},{\"@type\":\"ListItem\",\"position\":2,\"name\":\"Pasardh\u00ebsi i Moisiut\"}]},{\"@type\":\"WebSite\",\"@id\":\"https:\\\/\\\/fjala.info\\\/2009-2015\\\/#website\",\"url\":\"https:\\\/\\\/fjala.info\\\/2009-2015\\\/\",\"name\":\"FjALA e LIR\u00cb - Arkivi\",\"description\":\"Arkivi 2009-2015\",\"publisher\":{\"@id\":\"https:\\\/\\\/fjala.info\\\/2009-2015\\\/#organization\"},\"potentialAction\":[{\"@type\":\"SearchAction\",\"target\":{\"@type\":\"EntryPoint\",\"urlTemplate\":\"https:\\\/\\\/fjala.info\\\/2009-2015\\\/?s={search_term_string}\"},\"query-input\":{\"@type\":\"PropertyValueSpecification\",\"valueRequired\":true,\"valueName\":\"search_term_string\"}}],\"inLanguage\":\"sq-AL\"},{\"@type\":\"Organization\",\"@id\":\"https:\\\/\\\/fjala.info\\\/2009-2015\\\/#organization\",\"name\":\"FjALA e LIR\u00cb - Arkivi\",\"url\":\"https:\\\/\\\/fjala.info\\\/2009-2015\\\/\",\"logo\":{\"@type\":\"ImageObject\",\"inLanguage\":\"sq-AL\",\"@id\":\"https:\\\/\\\/fjala.info\\\/2009-2015\\\/#\\\/schema\\\/logo\\\/image\\\/\",\"url\":\"\",\"contentUrl\":\"\",\"caption\":\"FjALA e LIR\u00cb - Arkivi\"},\"image\":{\"@id\":\"https:\\\/\\\/fjala.info\\\/2009-2015\\\/#\\\/schema\\\/logo\\\/image\\\/\"}},{\"@type\":\"Person\",\"@id\":\"https:\\\/\\\/fjala.info\\\/2009-2015\\\/#\\\/schema\\\/person\\\/3aa1163ef05469c496fc94e77611ada2\",\"name\":\"admin\",\"image\":{\"@type\":\"ImageObject\",\"inLanguage\":\"sq-AL\",\"@id\":\"https:\\\/\\\/fjala.info\\\/2009-2015\\\/wp-content\\\/uploads\\\/2012\\\/02\\\/arben_cokaj-120x150.jpg\",\"url\":\"https:\\\/\\\/fjala.info\\\/2009-2015\\\/wp-content\\\/uploads\\\/2012\\\/02\\\/arben_cokaj-120x150.jpg\",\"contentUrl\":\"https:\\\/\\\/fjala.info\\\/2009-2015\\\/wp-content\\\/uploads\\\/2012\\\/02\\\/arben_cokaj-120x150.jpg\",\"caption\":\"admin\"},\"description\":\"Admin, Fjala e Lir\u00eb\",\"sameAs\":[\"https:\\\/\\\/fjala.info\\\/\"],\"url\":\"https:\\\/\\\/fjala.info\\\/2009-2015\\\/author\\\/admin\\\/\"}]}<\/script>\n<!-- \/ Yoast SEO plugin. -->","yoast_head_json":{"title":"Pasardh\u00ebsi i Moisiut - FjALA e LIR\u00cb - Arkivi","robots":{"index":"index","follow":"follow","max-snippet":"max-snippet:-1","max-image-preview":"max-image-preview:large","max-video-preview":"max-video-preview:-1"},"canonical":"https:\/\/fjala.info\/2009-2015\/pasardhesi-i-moisiut\/","og_locale":"sq_AL","og_type":"article","og_title":"Pasardh\u00ebsi i Moisiut - FjALA e LIR\u00cb - Arkivi","og_description":"Sk\u00ebnder Minxhozi Ambasadori holandez n\u00eb Tiran\u00eb (ky vend mund t\u00eb quhet pa frik\u00eb nj\u00eb rezervat ambasador\u00ebsh), ka hedhur nj\u00eb ide q\u00eb rrotullohet prej koh\u00ebsh n\u00eb kokat e shum\u00eb njer\u00ebzve. Teksa shohim doz\u00ebn ditore t\u00eb qes\u00ebndive e sulmeve shpesh pa krip\u00eb q\u00eb Sali Berisha rezervon p\u00ebr Bamir Topin, nuk mund t\u00eb mos e hedhim v\u00ebshtrimin mbi [&hellip;]","og_url":"https:\/\/fjala.info\/2009-2015\/pasardhesi-i-moisiut\/","og_site_name":"FjALA e LIR\u00cb - Arkivi","article_published_time":"2011-08-01T21:27:14+00:00","og_image":[{"url":"http:\/\/www.shkoder.net\/images\/fjala\/skender_minxhozi.jpg","type":"","width":"","height":""}],"author":"admin","twitter_card":"summary_large_image","twitter_misc":{"Written by":"admin","Est. reading time":"4 minutes"},"schema":{"@context":"https:\/\/schema.org","@graph":[{"@type":"Article","@id":"https:\/\/fjala.info\/2009-2015\/pasardhesi-i-moisiut\/#article","isPartOf":{"@id":"https:\/\/fjala.info\/2009-2015\/pasardhesi-i-moisiut\/"},"author":{"name":"admin","@id":"https:\/\/fjala.info\/2009-2015\/#\/schema\/person\/3aa1163ef05469c496fc94e77611ada2"},"headline":"Pasardh\u00ebsi i Moisiut","datePublished":"2011-08-01T21:27:14+00:00","mainEntityOfPage":{"@id":"https:\/\/fjala.info\/2009-2015\/pasardhesi-i-moisiut\/"},"wordCount":716,"commentCount":0,"publisher":{"@id":"https:\/\/fjala.info\/2009-2015\/#organization"},"image":{"@id":"https:\/\/fjala.info\/2009-2015\/pasardhesi-i-moisiut\/#primaryimage"},"thumbnailUrl":"http:\/\/www.shkoder.net\/images\/fjala\/skender_minxhozi.jpg","articleSection":["Artikuj"],"inLanguage":"sq-AL","potentialAction":[{"@type":"CommentAction","name":"Comment","target":["https:\/\/fjala.info\/2009-2015\/pasardhesi-i-moisiut\/#respond"]}]},{"@type":"WebPage","@id":"https:\/\/fjala.info\/2009-2015\/pasardhesi-i-moisiut\/","url":"https:\/\/fjala.info\/2009-2015\/pasardhesi-i-moisiut\/","name":"Pasardh\u00ebsi i Moisiut - FjALA e LIR\u00cb - Arkivi","isPartOf":{"@id":"https:\/\/fjala.info\/2009-2015\/#website"},"primaryImageOfPage":{"@id":"https:\/\/fjala.info\/2009-2015\/pasardhesi-i-moisiut\/#primaryimage"},"image":{"@id":"https:\/\/fjala.info\/2009-2015\/pasardhesi-i-moisiut\/#primaryimage"},"thumbnailUrl":"http:\/\/www.shkoder.net\/images\/fjala\/skender_minxhozi.jpg","datePublished":"2011-08-01T21:27:14+00:00","breadcrumb":{"@id":"https:\/\/fjala.info\/2009-2015\/pasardhesi-i-moisiut\/#breadcrumb"},"inLanguage":"sq-AL","potentialAction":[{"@type":"ReadAction","target":["https:\/\/fjala.info\/2009-2015\/pasardhesi-i-moisiut\/"]}]},{"@type":"ImageObject","inLanguage":"sq-AL","@id":"https:\/\/fjala.info\/2009-2015\/pasardhesi-i-moisiut\/#primaryimage","url":"http:\/\/www.shkoder.net\/images\/fjala\/skender_minxhozi.jpg","contentUrl":"http:\/\/www.shkoder.net\/images\/fjala\/skender_minxhozi.jpg"},{"@type":"BreadcrumbList","@id":"https:\/\/fjala.info\/2009-2015\/pasardhesi-i-moisiut\/#breadcrumb","itemListElement":[{"@type":"ListItem","position":1,"name":"Home","item":"https:\/\/fjala.info\/2009-2015\/"},{"@type":"ListItem","position":2,"name":"Pasardh\u00ebsi i Moisiut"}]},{"@type":"WebSite","@id":"https:\/\/fjala.info\/2009-2015\/#website","url":"https:\/\/fjala.info\/2009-2015\/","name":"FjALA e LIR\u00cb - Arkivi","description":"Arkivi 2009-2015","publisher":{"@id":"https:\/\/fjala.info\/2009-2015\/#organization"},"potentialAction":[{"@type":"SearchAction","target":{"@type":"EntryPoint","urlTemplate":"https:\/\/fjala.info\/2009-2015\/?s={search_term_string}"},"query-input":{"@type":"PropertyValueSpecification","valueRequired":true,"valueName":"search_term_string"}}],"inLanguage":"sq-AL"},{"@type":"Organization","@id":"https:\/\/fjala.info\/2009-2015\/#organization","name":"FjALA e LIR\u00cb - Arkivi","url":"https:\/\/fjala.info\/2009-2015\/","logo":{"@type":"ImageObject","inLanguage":"sq-AL","@id":"https:\/\/fjala.info\/2009-2015\/#\/schema\/logo\/image\/","url":"","contentUrl":"","caption":"FjALA e LIR\u00cb - Arkivi"},"image":{"@id":"https:\/\/fjala.info\/2009-2015\/#\/schema\/logo\/image\/"}},{"@type":"Person","@id":"https:\/\/fjala.info\/2009-2015\/#\/schema\/person\/3aa1163ef05469c496fc94e77611ada2","name":"admin","image":{"@type":"ImageObject","inLanguage":"sq-AL","@id":"https:\/\/fjala.info\/2009-2015\/wp-content\/uploads\/2012\/02\/arben_cokaj-120x150.jpg","url":"https:\/\/fjala.info\/2009-2015\/wp-content\/uploads\/2012\/02\/arben_cokaj-120x150.jpg","contentUrl":"https:\/\/fjala.info\/2009-2015\/wp-content\/uploads\/2012\/02\/arben_cokaj-120x150.jpg","caption":"admin"},"description":"Admin, Fjala e Lir\u00eb","sameAs":["https:\/\/fjala.info\/"],"url":"https:\/\/fjala.info\/2009-2015\/author\/admin\/"}]}},"_links":{"self":[{"href":"https:\/\/fjala.info\/2009-2015\/wp-json\/wp\/v2\/posts\/9694","targetHints":{"allow":["GET"]}}],"collection":[{"href":"https:\/\/fjala.info\/2009-2015\/wp-json\/wp\/v2\/posts"}],"about":[{"href":"https:\/\/fjala.info\/2009-2015\/wp-json\/wp\/v2\/types\/post"}],"author":[{"embeddable":true,"href":"https:\/\/fjala.info\/2009-2015\/wp-json\/wp\/v2\/users\/1"}],"replies":[{"embeddable":true,"href":"https:\/\/fjala.info\/2009-2015\/wp-json\/wp\/v2\/comments?post=9694"}],"version-history":[{"count":0,"href":"https:\/\/fjala.info\/2009-2015\/wp-json\/wp\/v2\/posts\/9694\/revisions"}],"wp:attachment":[{"href":"https:\/\/fjala.info\/2009-2015\/wp-json\/wp\/v2\/media?parent=9694"}],"wp:term":[{"taxonomy":"category","embeddable":true,"href":"https:\/\/fjala.info\/2009-2015\/wp-json\/wp\/v2\/categories?post=9694"},{"taxonomy":"post_tag","embeddable":true,"href":"https:\/\/fjala.info\/2009-2015\/wp-json\/wp\/v2\/tags?post=9694"}],"curies":[{"name":"wp","href":"https:\/\/api.w.org\/{rel}","templated":true}]}}