{"id":965,"date":"2012-01-04T22:21:34","date_gmt":"2012-01-04T21:21:34","guid":{"rendered":"http:\/\/fjala.shkoder.net\/?p=965"},"modified":"2012-01-04T22:21:34","modified_gmt":"2012-01-04T21:21:34","slug":"liga-e-lige-dhe-miku-i-mire-i-nje-libri-te-keq","status":"publish","type":"post","link":"https:\/\/fjala.info\/2009-2015\/liga-e-lige-dhe-miku-i-mire-i-nje-libri-te-keq\/","title":{"rendered":"Liga e lig\u00eb dhe miku i mir\u00eb i nj\u00eb libri t\u00eb keq"},"content":{"rendered":"<p><img decoding=\"async\" class=\"alignright size-thumbnail wp-image-7236\" title=\"Baki Ymeri\" src=\"http:\/\/www.shkoder.net\/images\/fjala\/baki_ymeri.jpg\" alt=\"\" width=\"150\" \/> <strong>Baki Ymeri<\/strong><\/p>\n<p>Shoq\u00ebria mund t\u00eb shnd\u00ebrrohet n\u00eb parajs\u00eb t\u00eb miq\u00ebsis\u00eb dhe bashk\u00ebpunimit, vet\u00ebm at\u00ebher\u00eb kur doktrina kristiane e p\u00ebrshkon at\u00eb n\u00eb m\u00ebnyr\u00eb logjike, duke e lindur nj\u00eb jet\u00eb t\u00eb re p\u00ebrmes ndershm\u00ebris\u00eb dhe vlerave morale. Prit\u00ebm t\u00eb kalojn\u00eb Krishtlindjet dhe nata e g\u00ebzuar e Vitit t\u00eb Ri p\u00ebr t\u00eb nxjerr\u00eb n\u00eb pah nj\u00eb mashtrim t\u00eb ri rumun me karakter pseudoshqiptar. Autorja (Maria Dobrescu) e turp\u00ebron emrin e shenjt\u00eb t\u00eb Sh\u00ebn Maris\u00eb, sepse i sh\u00ebrben servilizmit anti-kosovar t\u00eb padrones s\u00eb saj (Oana Manolescu), duke botuar nj\u00eb lib\u00ebr t\u00eb gjymt\u00eb mbi diplomacin\u00eb rumuno-shiqptare ku anashkalohet subjekti i Kosov\u00ebs dhe Bashk\u00ebsis\u00eb Kulturore t\u00eb Shqiptar\u00ebve t\u00eb Rumanis\u00eb, e para (pas revolucionit antikomunist) dhe e vetmja organizat\u00eb e mir\u00ebfillt\u00eb e etnis\u00eb shqiptare n\u00eb k\u00ebt\u00eb vend.<\/p>\n<p>T\u00eb botosh nj\u00eb lib\u00ebr me 256 faqe mbi relacionet rumuno-shqiptare, pa e p\u00ebrmendur Dr. Xhelku Maksutin (Dalaj Lam\u00ebn e shqiptar\u00ebve t\u00eb Rumanis\u00eb, figur\u00ebn q\u00ebndrore q\u00eb ka dh\u00ebn\u00eb kontribut t\u00eb pashoq p\u00ebr p\u00ebrforcimin e lidhjeve respektive), dhe at\u00eb me lek\u00ebt e nj\u00eb Lige t\u00eb lig\u00eb, q\u00eb ia zhvat me dinak\u00ebri Qeveris\u00eb rumune n\u00eb em\u00ebr t\u00eb minoritetit shqiptar, don t\u00eb thot\u00eb t\u00eb mashtrosh opinionin dhe t\u00eb tallesh me fatin e k\u00ebtij komuniteti historik.<\/p>\n<p style=\"text-align: center;\"><img decoding=\"async\" class=\"aligncenter size-thumbnail wp-image-7236\" title=\"Gheorghe Micu dhe Oana Manolescu\" src=\"http:\/\/www.shkoder.net\/2012\/gheorghe_micu_oana_manolescu.jpg\" alt=\"\" width=\"450\" \/><em>Gheorghe Micu i mir\u00eb dhe Oana Manolescu e Lig\u00ebs s\u00eb lig\u00eb<\/em><\/p>\n<p>Stop Oana Manolescut n\u00eb Kor\u00e7\u00eb dhe Tiran\u00eb! Nuk e kemi nd\u00ebr mend t\u00eb tallemi me koh\u00ebn dhe as t\u00eb bezdisim lexuesin me subjekte t\u00eb k\u00ebtilla konotacionesh negative, por po i biem shkurt e shqip, sa p\u00ebr t\u2019ia b\u00ebr\u00eb m\u00eb dije Qeveris\u00eb s\u00eb Tiran\u00ebs dhe opinionit shqiptar, se deputetja joshqiptare e Parlamentit rumun, Oana Manolescu, \u00ebsht\u00eb delja e zez\u00eb e komunitetit shqiptar dhe Juda i shqiptar\u00ebve t\u00eb Rumanis\u00eb t\u00eb cil\u00ebt jan\u00eb t\u00eb pakt\u00eb (rreth 500 veta q\u00eb e deklarojn\u00eb etnin\u00eb), por t\u00eb sinqert\u00eb dhe t\u00eb mrekulluesh\u00ebm.<\/p>\n<p>Libri i servilistes s\u00eb Jud\u00ebs nuk \u00ebsht\u00eb lib\u00ebr, por nj\u00eb intervist\u00eb e gjat\u00eb dhe e bezdisshme, e zhvilluar nga Maria Dobrescu me ish ambasadorin shum\u00ebvje\u00e7ar t\u00eb Rumanis\u00eb n\u00eb Shqip\u00ebri, Gjorgje Miku, i cili ka kontributin e vet p\u00ebr p\u00ebrforcimin e miq\u00ebsis\u00eb diplomatike mes dy vendeve, por nuk ka biografi t\u00eb kristalt\u00eb sepse, s\u00eb bashku me burrin e Maria Dobrescut (Marius Dobrescu) \u00ebsht\u00eb autor i nj\u00eb komunikate kund\u00ebr bombardimeve t\u00eb NATO-s \u201cp\u00ebr mbrotjen e sovranitetit t\u00eb shtetit serb\u201d (1999), nj\u00eb fakt konkret q\u00eb e ka p\u00ebrmendur edhe Kopi Ky\u00e7yku n\u00eb librin e tij t\u00eb gjymt\u00eb \u201cZinxhiri i anktheve\u201d. \u00c7ka don t\u00eb thot\u00eb kjo?<br \/>\nKjo don t\u00eb thot\u00eb se, edhepse n\u00eb gjuh\u00ebn shqipe mbiemri Miku p\u00ebrfaq\u00ebson miq\u00ebsin\u00eb, rumanisht \u201cmic\u201d don t\u00eb thot\u00eb \u201ci vog\u00ebl\u201d.<\/p>\n<p style=\"text-align: center;\"><img decoding=\"async\" class=\"aligncenter size-thumbnail wp-image-7236\" title=\"Oana Manolescu, revist\u00eb\" src=\"http:\/\/www.shkoder.net\/2012\/oana_manolescu_reviste.jpg\" alt=\"\" width=\"450\" \/><em>Oana Manolescu e demaskuar nga revista Academia Catavencu<\/em><\/p>\n<p>I madh p\u00ebrnga pamja dhe i vog\u00ebl p\u00ebrnga karakteri, sepse, edhepse i dham\u00eb shansin t\u00eb b\u00ebhet president i Shoqat\u00ebs s\u00eb Miq\u00ebsis\u00ebs Rumuno-Shqiptare\u201d, shoqata e tij mbeti vet\u00ebm n\u00eb let\u00ebr, pa kurrfar\u00eb mbledhjesh, aksionesh dhe kontributesh konkrete q\u00eb justifikojn\u00eb ekzistenc\u00ebn e saj si personalitet juridik. Po i rikthemi librit respektiv, p\u00ebr kompletimin e t\u00eb cilit, Gjorgje Miku na k\u00ebrkoi nj\u00eb tekst mbi afirmimin e shqiptar\u00ebve t\u00eb Kosov\u00ebs n\u00eb gjuh\u00ebn rumune, dhe i cili mungon. Pse? Sepse Oana Manolescu q\u00eb ia boton k\u00ebt\u00eb vep\u00ebr t\u00eb d\u00ebshtuar, mburret me politik\u00ebn rumune q\u00eb s\u2019e njeh pavar\u00ebsin\u00eb e Kosov\u00ebs, sepse ajo e shp\u00ebrblen me pes\u00ebmij\u00eb euro n\u00eb muaj pag\u00eb t\u00eb pamerituar parlamentare.<\/p>\n<p>Libri ka titull atraktiv (\u201cPes\u00eb dekada t\u00eb diplomacis\u00eb \u2013 Mbi relacionet rumuno-shqiptare n\u00eb nj\u00eb dialog me ambasadorin Gheorghe Micu\u201d) dhe struktur\u00eb t\u00eb d\u00ebshtuar ku b\u00ebhet m\u00eb shum\u00eb fjal\u00eb p\u00ebr ndjekje e sh\u00ebrbime sekrete, se sa p\u00ebr subjekte fisnike, me fotografit\u00eb e Titos, Stalinit, Enverit, Hrush\u00e7ovit, \u00c7ausheskut, Ramiz Alis\u00eb, Brezhnjevit, Nexhmije Hoxh\u00ebs, Mao Cedunit, n\u00eb vend t\u00eb fotografive t\u00eb Xhelku Maksutit, Luan Top\u00e7iut, Sherban Tabakut, apo, madje, edhe t\u00eb autorit t\u00eb k\u00ebtij shkrimi q\u00eb e fal\u00ebnderon Mikun e shqiptar\u00ebve p\u00ebr dedikimin q\u00eb na e ka dh\u00ebn\u00eb me \u201curime p\u00ebr t\u00eb kontribuar gjithnj\u00eb e m\u00eb shum\u00eb p\u00ebr nj\u00eb njohje m\u00eb t\u00eb mir\u00eb nd\u00ebrmjet popullit rumun dhe shqiptar\u201d.<\/p>\n<p style=\"text-align: center;\"><img decoding=\"async\" class=\"aligncenter size-thumbnail wp-image-7236\" title=\"Oana Manolescu, 5.883 euro paga mujore\" src=\"http:\/\/www.shkoder.net\/2012\/oana_manolescu_paga.jpg\" alt=\"\" width=\"450\" \/><em>Oana Manolescu, 5.883 euro paga mujore gjat\u00eb muajit mars<\/em><\/p>\n<p>Natyrisht q\u00eb n\u00eb kontekst, kjo broshur\u00eb voluminoze ka disa fotografi interesante t\u00eb ambasadorll\u00ebkut rumun n\u00eb Shqip\u00ebri, por nd\u00ebr to mungon edhe l\u00ebnda, edhe fotografia e dy miqve tjer\u00eb t\u00eb m\u00ebdhenj t\u00eb shqiptar\u00ebve, Tiberius Puiu dhe Gjorgje Bukura. Nj\u00eb an\u00eb pozitive e k\u00ebtij libri \u00ebsht\u00eb botimi i list\u00ebs s\u00eb ambasador\u00ebve t\u00eb Shqip\u00ebris\u00eb n\u00eb Rumani (1926-2011), dhe i diplomat\u00ebve rumun\u00eb n\u00eb Tiran\u00eb (1914-2009). P\u00ebrndryshe, p\u00ebrnga natyra, Gjorgje Miku duket i urt\u00eb, i qet\u00eb dhe i sinqert\u00eb, me nj\u00eb buz\u00ebqeshje karakteristike protokolare, por librit t\u00eb tij i mungon struktura e brendshme, sepse Liga e lig\u00eb e Oana Manolescut q\u00eb ia ka botuar, me gjith\u00eb buxhetin e majm\u00eb t\u00eb Qeveris\u00eb rumune q\u00eb e g\u00eblltit n\u00eb em\u00ebr t\u00eb etnis\u00eb shqiptare, nuk ka asnj\u00eb shqiptar n\u00eb gjirin e saj. E kishte dikur\u00eb Ardian Ky\u00e7ykun, por edhe ai e braktisi kur e pa se b\u00ebhet fjal\u00eb p\u00ebr mashtrim dhe manipulim n\u00eb em\u00ebr t\u00eb komunitetit shqiptar dhe me mjetet e komunitetit shqiptar.<\/p>\n<p>Profesoresha e kimis\u00eb, Oana Manolecu mund t\u00eb mburret se i afirmon shqiptar\u00ebt p\u00ebrmes disa librave pa kurrfar\u00eb vlerash letrare dhe revist\u00ebs s\u00eb saj t\u00eb murit \u201cMiku i shqiptarit\u201d, vet\u00ebm at\u00ebher\u00eb kur do t\u00eb gjej\u00eb gjuh\u00eb t\u00eb p\u00ebrbashk\u00ebt p\u00ebr ta botuar n\u00eb em\u00ebr t\u00eb Shoqat\u00ebs s\u00eb Miq\u00ebsis\u00eb Rumuno-Shqiptare, e jo n\u00eb em\u00ebr t\u00eb Shoqat\u00ebs Liga e Shqiptar\u00ebve t\u00eb Rumanis\u00eb, t\u00eb cil\u00ebn duhet ta drejtojn\u00eb shqiptar\u00ebt e jo mashtruesit.<br \/>\nShqiptar\u00ebt e k\u00ebtij vendi presin me padurim t\u2019i skadoj\u00eb imuniteti parlamentar p\u00ebr ta hedhur n\u00eb gjyq, p\u00ebr t\u00eb dh\u00ebn\u00eb llogari lidhur me rreth nj\u00eb milon\u00eb euro t\u00eb gllab\u00ebruar n\u00eb em\u00ebr t\u00eb komunitetit shqiptar, n\u00eb koh\u00ebn kur botuesi i revist\u00ebs \u201cShqiptari\u201d nuk ka as televizor n\u00eb garsonier\u00ebn e tij, nd\u00ebrsa lek\u00ebt e fshatarit t\u00eb varf\u00ebr, t\u00eb uritur e t\u00eb s\u00ebmur\u00eb derdhen n\u00eb adres\u00eb t\u00eb nj\u00eb lige t\u00eb lig\u00eb.<\/p>\n<p style=\"text-align: center;\"><img decoding=\"async\" class=\"aligncenter size-thumbnail wp-image-7236\" title=\"Oana Manolescu, e pangopur\" src=\"http:\/\/www.shkoder.net\/2012\/oana_manolescu_pangopur.jpg\" alt=\"\" width=\"450\" \/><em>E pangopura e bot\u00ebs me parat\u00eb e komunitetit shqiptar<\/em><\/p>\n<p>Turp qeveritar dhe turp parlamentar! Themi turp sepse Bashk\u00ebsia Kulturore e Shqiptar\u00ebve t\u00eb Rumanis\u00eb ka reaguar ashp\u00ebr kund\u00ebr k\u00ebsaj padrejt\u00ebsie q\u00eb i b\u00ebhet komunitetit shqiptar, por autoritetet rumune e kan\u00eb b\u00ebr\u00eb veshin e shurdh\u00ebt duke respektuar votat e dyshimta t\u00eb nj\u00eb majmunll\u00ebku ballkanik, duke mos nd\u00ebrmarr\u00eb masa p\u00ebr d\u00ebbimin e saj nga Parlamenti, as pas nj\u00eb ser\u00eb artikujsh e komunikatash t\u00eb botuara n\u00eb shtypin shqiptar dhe at\u00eb rumun. Miku i mir\u00eb mund ta ket\u00eb p\u00ebrmendur p\u00ebr t\u00eb mir\u00eb emrin e Dr. Xhelku Maksutit gjat\u00eb realizimit t\u00eb intervist\u00ebs, por ku ta dim\u00eb ne n\u00eb nuk ka vepruar cenzura e ish aktivistes komuniste Oana Manolescu, pseudodeputetja e vet\u00ebshpallur e komunitetit shqiptar, e demaskuar publikisht nga revista humoristike prestigjioze Academia Catavencu.<\/p>\n","protected":false},"excerpt":{"rendered":"<p>Baki Ymeri Shoq\u00ebria mund t\u00eb shnd\u00ebrrohet n\u00eb parajs\u00eb t\u00eb miq\u00ebsis\u00eb dhe bashk\u00ebpunimit, vet\u00ebm at\u00ebher\u00eb kur doktrina kristiane e p\u00ebrshkon at\u00eb n\u00eb m\u00ebnyr\u00eb logjike, duke e lindur nj\u00eb jet\u00eb t\u00eb re p\u00ebrmes ndershm\u00ebris\u00eb dhe vlerave morale. Prit\u00ebm t\u00eb kalojn\u00eb Krishtlindjet dhe nata e g\u00ebzuar e Vitit t\u00eb Ri p\u00ebr t\u00eb nxjerr\u00eb n\u00eb pah nj\u00eb mashtrim t\u00eb [&hellip;]<\/p>\n","protected":false},"author":1,"featured_media":0,"comment_status":"open","ping_status":"closed","sticky":false,"template":"","format":"standard","meta":{"footnotes":""},"categories":[2],"tags":[],"class_list":{"0":"post-965","1":"post","2":"type-post","3":"status-publish","4":"format-standard","6":"category-artikuj"},"yoast_head":"<!-- This site is optimized with the Yoast SEO plugin v27.4 - https:\/\/yoast.com\/product\/yoast-seo-wordpress\/ -->\n<title>Liga e lig\u00eb dhe miku i mir\u00eb i nj\u00eb libri t\u00eb keq - FjALA e LIR\u00cb - Arkivi<\/title>\n<meta name=\"robots\" content=\"index, follow, max-snippet:-1, max-image-preview:large, max-video-preview:-1\" \/>\n<link rel=\"canonical\" href=\"https:\/\/fjala.info\/2009-2015\/liga-e-lige-dhe-miku-i-mire-i-nje-libri-te-keq\/\" \/>\n<meta property=\"og:locale\" content=\"sq_AL\" \/>\n<meta property=\"og:type\" content=\"article\" \/>\n<meta property=\"og:title\" content=\"Liga e lig\u00eb dhe miku i mir\u00eb i nj\u00eb libri t\u00eb keq - FjALA e LIR\u00cb - Arkivi\" \/>\n<meta property=\"og:description\" content=\"Baki Ymeri Shoq\u00ebria mund t\u00eb shnd\u00ebrrohet n\u00eb parajs\u00eb t\u00eb miq\u00ebsis\u00eb dhe bashk\u00ebpunimit, vet\u00ebm at\u00ebher\u00eb kur doktrina kristiane e p\u00ebrshkon at\u00eb n\u00eb m\u00ebnyr\u00eb logjike, duke e lindur nj\u00eb jet\u00eb t\u00eb re p\u00ebrmes ndershm\u00ebris\u00eb dhe vlerave morale. Prit\u00ebm t\u00eb kalojn\u00eb Krishtlindjet dhe nata e g\u00ebzuar e Vitit t\u00eb Ri p\u00ebr t\u00eb nxjerr\u00eb n\u00eb pah nj\u00eb mashtrim t\u00eb [&hellip;]\" \/>\n<meta property=\"og:url\" content=\"https:\/\/fjala.info\/2009-2015\/liga-e-lige-dhe-miku-i-mire-i-nje-libri-te-keq\/\" \/>\n<meta property=\"og:site_name\" content=\"FjALA e LIR\u00cb - Arkivi\" \/>\n<meta property=\"article:published_time\" content=\"2012-01-04T21:21:34+00:00\" \/>\n<meta property=\"og:image\" content=\"http:\/\/www.shkoder.net\/images\/fjala\/baki_ymeri.jpg\" \/>\n<meta name=\"author\" content=\"admin\" \/>\n<meta name=\"twitter:card\" content=\"summary_large_image\" \/>\n<meta name=\"twitter:label1\" content=\"Written by\" \/>\n\t<meta name=\"twitter:data1\" content=\"admin\" \/>\n\t<meta name=\"twitter:label2\" content=\"Est. reading time\" \/>\n\t<meta name=\"twitter:data2\" content=\"6 minutes\" \/>\n<script type=\"application\/ld+json\" class=\"yoast-schema-graph\">{\"@context\":\"https:\\\/\\\/schema.org\",\"@graph\":[{\"@type\":\"Article\",\"@id\":\"https:\\\/\\\/fjala.info\\\/2009-2015\\\/liga-e-lige-dhe-miku-i-mire-i-nje-libri-te-keq\\\/#article\",\"isPartOf\":{\"@id\":\"https:\\\/\\\/fjala.info\\\/2009-2015\\\/liga-e-lige-dhe-miku-i-mire-i-nje-libri-te-keq\\\/\"},\"author\":{\"name\":\"admin\",\"@id\":\"https:\\\/\\\/fjala.info\\\/2009-2015\\\/#\\\/schema\\\/person\\\/3aa1163ef05469c496fc94e77611ada2\"},\"headline\":\"Liga e lig\u00eb dhe miku i mir\u00eb i nj\u00eb libri t\u00eb keq\",\"datePublished\":\"2012-01-04T21:21:34+00:00\",\"mainEntityOfPage\":{\"@id\":\"https:\\\/\\\/fjala.info\\\/2009-2015\\\/liga-e-lige-dhe-miku-i-mire-i-nje-libri-te-keq\\\/\"},\"wordCount\":1232,\"commentCount\":0,\"publisher\":{\"@id\":\"https:\\\/\\\/fjala.info\\\/2009-2015\\\/#organization\"},\"image\":{\"@id\":\"https:\\\/\\\/fjala.info\\\/2009-2015\\\/liga-e-lige-dhe-miku-i-mire-i-nje-libri-te-keq\\\/#primaryimage\"},\"thumbnailUrl\":\"http:\\\/\\\/www.shkoder.net\\\/images\\\/fjala\\\/baki_ymeri.jpg\",\"articleSection\":[\"Artikuj\"],\"inLanguage\":\"sq-AL\",\"potentialAction\":[{\"@type\":\"CommentAction\",\"name\":\"Comment\",\"target\":[\"https:\\\/\\\/fjala.info\\\/2009-2015\\\/liga-e-lige-dhe-miku-i-mire-i-nje-libri-te-keq\\\/#respond\"]}]},{\"@type\":\"WebPage\",\"@id\":\"https:\\\/\\\/fjala.info\\\/2009-2015\\\/liga-e-lige-dhe-miku-i-mire-i-nje-libri-te-keq\\\/\",\"url\":\"https:\\\/\\\/fjala.info\\\/2009-2015\\\/liga-e-lige-dhe-miku-i-mire-i-nje-libri-te-keq\\\/\",\"name\":\"Liga e lig\u00eb dhe miku i mir\u00eb i nj\u00eb libri t\u00eb keq - FjALA e LIR\u00cb - Arkivi\",\"isPartOf\":{\"@id\":\"https:\\\/\\\/fjala.info\\\/2009-2015\\\/#website\"},\"primaryImageOfPage\":{\"@id\":\"https:\\\/\\\/fjala.info\\\/2009-2015\\\/liga-e-lige-dhe-miku-i-mire-i-nje-libri-te-keq\\\/#primaryimage\"},\"image\":{\"@id\":\"https:\\\/\\\/fjala.info\\\/2009-2015\\\/liga-e-lige-dhe-miku-i-mire-i-nje-libri-te-keq\\\/#primaryimage\"},\"thumbnailUrl\":\"http:\\\/\\\/www.shkoder.net\\\/images\\\/fjala\\\/baki_ymeri.jpg\",\"datePublished\":\"2012-01-04T21:21:34+00:00\",\"breadcrumb\":{\"@id\":\"https:\\\/\\\/fjala.info\\\/2009-2015\\\/liga-e-lige-dhe-miku-i-mire-i-nje-libri-te-keq\\\/#breadcrumb\"},\"inLanguage\":\"sq-AL\",\"potentialAction\":[{\"@type\":\"ReadAction\",\"target\":[\"https:\\\/\\\/fjala.info\\\/2009-2015\\\/liga-e-lige-dhe-miku-i-mire-i-nje-libri-te-keq\\\/\"]}]},{\"@type\":\"ImageObject\",\"inLanguage\":\"sq-AL\",\"@id\":\"https:\\\/\\\/fjala.info\\\/2009-2015\\\/liga-e-lige-dhe-miku-i-mire-i-nje-libri-te-keq\\\/#primaryimage\",\"url\":\"http:\\\/\\\/www.shkoder.net\\\/images\\\/fjala\\\/baki_ymeri.jpg\",\"contentUrl\":\"http:\\\/\\\/www.shkoder.net\\\/images\\\/fjala\\\/baki_ymeri.jpg\"},{\"@type\":\"BreadcrumbList\",\"@id\":\"https:\\\/\\\/fjala.info\\\/2009-2015\\\/liga-e-lige-dhe-miku-i-mire-i-nje-libri-te-keq\\\/#breadcrumb\",\"itemListElement\":[{\"@type\":\"ListItem\",\"position\":1,\"name\":\"Home\",\"item\":\"https:\\\/\\\/fjala.info\\\/2009-2015\\\/\"},{\"@type\":\"ListItem\",\"position\":2,\"name\":\"Liga e lig\u00eb dhe miku i mir\u00eb i nj\u00eb libri t\u00eb keq\"}]},{\"@type\":\"WebSite\",\"@id\":\"https:\\\/\\\/fjala.info\\\/2009-2015\\\/#website\",\"url\":\"https:\\\/\\\/fjala.info\\\/2009-2015\\\/\",\"name\":\"FjALA e LIR\u00cb - Arkivi\",\"description\":\"Arkivi 2009-2015\",\"publisher\":{\"@id\":\"https:\\\/\\\/fjala.info\\\/2009-2015\\\/#organization\"},\"potentialAction\":[{\"@type\":\"SearchAction\",\"target\":{\"@type\":\"EntryPoint\",\"urlTemplate\":\"https:\\\/\\\/fjala.info\\\/2009-2015\\\/?s={search_term_string}\"},\"query-input\":{\"@type\":\"PropertyValueSpecification\",\"valueRequired\":true,\"valueName\":\"search_term_string\"}}],\"inLanguage\":\"sq-AL\"},{\"@type\":\"Organization\",\"@id\":\"https:\\\/\\\/fjala.info\\\/2009-2015\\\/#organization\",\"name\":\"FjALA e LIR\u00cb - Arkivi\",\"url\":\"https:\\\/\\\/fjala.info\\\/2009-2015\\\/\",\"logo\":{\"@type\":\"ImageObject\",\"inLanguage\":\"sq-AL\",\"@id\":\"https:\\\/\\\/fjala.info\\\/2009-2015\\\/#\\\/schema\\\/logo\\\/image\\\/\",\"url\":\"\",\"contentUrl\":\"\",\"caption\":\"FjALA e LIR\u00cb - Arkivi\"},\"image\":{\"@id\":\"https:\\\/\\\/fjala.info\\\/2009-2015\\\/#\\\/schema\\\/logo\\\/image\\\/\"}},{\"@type\":\"Person\",\"@id\":\"https:\\\/\\\/fjala.info\\\/2009-2015\\\/#\\\/schema\\\/person\\\/3aa1163ef05469c496fc94e77611ada2\",\"name\":\"admin\",\"image\":{\"@type\":\"ImageObject\",\"inLanguage\":\"sq-AL\",\"@id\":\"https:\\\/\\\/fjala.info\\\/2009-2015\\\/wp-content\\\/uploads\\\/2012\\\/02\\\/arben_cokaj-120x150.jpg\",\"url\":\"https:\\\/\\\/fjala.info\\\/2009-2015\\\/wp-content\\\/uploads\\\/2012\\\/02\\\/arben_cokaj-120x150.jpg\",\"contentUrl\":\"https:\\\/\\\/fjala.info\\\/2009-2015\\\/wp-content\\\/uploads\\\/2012\\\/02\\\/arben_cokaj-120x150.jpg\",\"caption\":\"admin\"},\"description\":\"Admin, Fjala e Lir\u00eb\",\"sameAs\":[\"https:\\\/\\\/fjala.info\\\/\"],\"url\":\"https:\\\/\\\/fjala.info\\\/2009-2015\\\/author\\\/admin\\\/\"}]}<\/script>\n<!-- \/ Yoast SEO plugin. -->","yoast_head_json":{"title":"Liga e lig\u00eb dhe miku i mir\u00eb i nj\u00eb libri t\u00eb keq - FjALA e LIR\u00cb - Arkivi","robots":{"index":"index","follow":"follow","max-snippet":"max-snippet:-1","max-image-preview":"max-image-preview:large","max-video-preview":"max-video-preview:-1"},"canonical":"https:\/\/fjala.info\/2009-2015\/liga-e-lige-dhe-miku-i-mire-i-nje-libri-te-keq\/","og_locale":"sq_AL","og_type":"article","og_title":"Liga e lig\u00eb dhe miku i mir\u00eb i nj\u00eb libri t\u00eb keq - FjALA e LIR\u00cb - Arkivi","og_description":"Baki Ymeri Shoq\u00ebria mund t\u00eb shnd\u00ebrrohet n\u00eb parajs\u00eb t\u00eb miq\u00ebsis\u00eb dhe bashk\u00ebpunimit, vet\u00ebm at\u00ebher\u00eb kur doktrina kristiane e p\u00ebrshkon at\u00eb n\u00eb m\u00ebnyr\u00eb logjike, duke e lindur nj\u00eb jet\u00eb t\u00eb re p\u00ebrmes ndershm\u00ebris\u00eb dhe vlerave morale. Prit\u00ebm t\u00eb kalojn\u00eb Krishtlindjet dhe nata e g\u00ebzuar e Vitit t\u00eb Ri p\u00ebr t\u00eb nxjerr\u00eb n\u00eb pah nj\u00eb mashtrim t\u00eb [&hellip;]","og_url":"https:\/\/fjala.info\/2009-2015\/liga-e-lige-dhe-miku-i-mire-i-nje-libri-te-keq\/","og_site_name":"FjALA e LIR\u00cb - Arkivi","article_published_time":"2012-01-04T21:21:34+00:00","og_image":[{"url":"http:\/\/www.shkoder.net\/images\/fjala\/baki_ymeri.jpg","type":"","width":"","height":""}],"author":"admin","twitter_card":"summary_large_image","twitter_misc":{"Written by":"admin","Est. reading time":"6 minutes"},"schema":{"@context":"https:\/\/schema.org","@graph":[{"@type":"Article","@id":"https:\/\/fjala.info\/2009-2015\/liga-e-lige-dhe-miku-i-mire-i-nje-libri-te-keq\/#article","isPartOf":{"@id":"https:\/\/fjala.info\/2009-2015\/liga-e-lige-dhe-miku-i-mire-i-nje-libri-te-keq\/"},"author":{"name":"admin","@id":"https:\/\/fjala.info\/2009-2015\/#\/schema\/person\/3aa1163ef05469c496fc94e77611ada2"},"headline":"Liga e lig\u00eb dhe miku i mir\u00eb i nj\u00eb libri t\u00eb keq","datePublished":"2012-01-04T21:21:34+00:00","mainEntityOfPage":{"@id":"https:\/\/fjala.info\/2009-2015\/liga-e-lige-dhe-miku-i-mire-i-nje-libri-te-keq\/"},"wordCount":1232,"commentCount":0,"publisher":{"@id":"https:\/\/fjala.info\/2009-2015\/#organization"},"image":{"@id":"https:\/\/fjala.info\/2009-2015\/liga-e-lige-dhe-miku-i-mire-i-nje-libri-te-keq\/#primaryimage"},"thumbnailUrl":"http:\/\/www.shkoder.net\/images\/fjala\/baki_ymeri.jpg","articleSection":["Artikuj"],"inLanguage":"sq-AL","potentialAction":[{"@type":"CommentAction","name":"Comment","target":["https:\/\/fjala.info\/2009-2015\/liga-e-lige-dhe-miku-i-mire-i-nje-libri-te-keq\/#respond"]}]},{"@type":"WebPage","@id":"https:\/\/fjala.info\/2009-2015\/liga-e-lige-dhe-miku-i-mire-i-nje-libri-te-keq\/","url":"https:\/\/fjala.info\/2009-2015\/liga-e-lige-dhe-miku-i-mire-i-nje-libri-te-keq\/","name":"Liga e lig\u00eb dhe miku i mir\u00eb i nj\u00eb libri t\u00eb keq - FjALA e LIR\u00cb - Arkivi","isPartOf":{"@id":"https:\/\/fjala.info\/2009-2015\/#website"},"primaryImageOfPage":{"@id":"https:\/\/fjala.info\/2009-2015\/liga-e-lige-dhe-miku-i-mire-i-nje-libri-te-keq\/#primaryimage"},"image":{"@id":"https:\/\/fjala.info\/2009-2015\/liga-e-lige-dhe-miku-i-mire-i-nje-libri-te-keq\/#primaryimage"},"thumbnailUrl":"http:\/\/www.shkoder.net\/images\/fjala\/baki_ymeri.jpg","datePublished":"2012-01-04T21:21:34+00:00","breadcrumb":{"@id":"https:\/\/fjala.info\/2009-2015\/liga-e-lige-dhe-miku-i-mire-i-nje-libri-te-keq\/#breadcrumb"},"inLanguage":"sq-AL","potentialAction":[{"@type":"ReadAction","target":["https:\/\/fjala.info\/2009-2015\/liga-e-lige-dhe-miku-i-mire-i-nje-libri-te-keq\/"]}]},{"@type":"ImageObject","inLanguage":"sq-AL","@id":"https:\/\/fjala.info\/2009-2015\/liga-e-lige-dhe-miku-i-mire-i-nje-libri-te-keq\/#primaryimage","url":"http:\/\/www.shkoder.net\/images\/fjala\/baki_ymeri.jpg","contentUrl":"http:\/\/www.shkoder.net\/images\/fjala\/baki_ymeri.jpg"},{"@type":"BreadcrumbList","@id":"https:\/\/fjala.info\/2009-2015\/liga-e-lige-dhe-miku-i-mire-i-nje-libri-te-keq\/#breadcrumb","itemListElement":[{"@type":"ListItem","position":1,"name":"Home","item":"https:\/\/fjala.info\/2009-2015\/"},{"@type":"ListItem","position":2,"name":"Liga e lig\u00eb dhe miku i mir\u00eb i nj\u00eb libri t\u00eb keq"}]},{"@type":"WebSite","@id":"https:\/\/fjala.info\/2009-2015\/#website","url":"https:\/\/fjala.info\/2009-2015\/","name":"FjALA e LIR\u00cb - Arkivi","description":"Arkivi 2009-2015","publisher":{"@id":"https:\/\/fjala.info\/2009-2015\/#organization"},"potentialAction":[{"@type":"SearchAction","target":{"@type":"EntryPoint","urlTemplate":"https:\/\/fjala.info\/2009-2015\/?s={search_term_string}"},"query-input":{"@type":"PropertyValueSpecification","valueRequired":true,"valueName":"search_term_string"}}],"inLanguage":"sq-AL"},{"@type":"Organization","@id":"https:\/\/fjala.info\/2009-2015\/#organization","name":"FjALA e LIR\u00cb - Arkivi","url":"https:\/\/fjala.info\/2009-2015\/","logo":{"@type":"ImageObject","inLanguage":"sq-AL","@id":"https:\/\/fjala.info\/2009-2015\/#\/schema\/logo\/image\/","url":"","contentUrl":"","caption":"FjALA e LIR\u00cb - Arkivi"},"image":{"@id":"https:\/\/fjala.info\/2009-2015\/#\/schema\/logo\/image\/"}},{"@type":"Person","@id":"https:\/\/fjala.info\/2009-2015\/#\/schema\/person\/3aa1163ef05469c496fc94e77611ada2","name":"admin","image":{"@type":"ImageObject","inLanguage":"sq-AL","@id":"https:\/\/fjala.info\/2009-2015\/wp-content\/uploads\/2012\/02\/arben_cokaj-120x150.jpg","url":"https:\/\/fjala.info\/2009-2015\/wp-content\/uploads\/2012\/02\/arben_cokaj-120x150.jpg","contentUrl":"https:\/\/fjala.info\/2009-2015\/wp-content\/uploads\/2012\/02\/arben_cokaj-120x150.jpg","caption":"admin"},"description":"Admin, Fjala e Lir\u00eb","sameAs":["https:\/\/fjala.info\/"],"url":"https:\/\/fjala.info\/2009-2015\/author\/admin\/"}]}},"_links":{"self":[{"href":"https:\/\/fjala.info\/2009-2015\/wp-json\/wp\/v2\/posts\/965","targetHints":{"allow":["GET"]}}],"collection":[{"href":"https:\/\/fjala.info\/2009-2015\/wp-json\/wp\/v2\/posts"}],"about":[{"href":"https:\/\/fjala.info\/2009-2015\/wp-json\/wp\/v2\/types\/post"}],"author":[{"embeddable":true,"href":"https:\/\/fjala.info\/2009-2015\/wp-json\/wp\/v2\/users\/1"}],"replies":[{"embeddable":true,"href":"https:\/\/fjala.info\/2009-2015\/wp-json\/wp\/v2\/comments?post=965"}],"version-history":[{"count":0,"href":"https:\/\/fjala.info\/2009-2015\/wp-json\/wp\/v2\/posts\/965\/revisions"}],"wp:attachment":[{"href":"https:\/\/fjala.info\/2009-2015\/wp-json\/wp\/v2\/media?parent=965"}],"wp:term":[{"taxonomy":"category","embeddable":true,"href":"https:\/\/fjala.info\/2009-2015\/wp-json\/wp\/v2\/categories?post=965"},{"taxonomy":"post_tag","embeddable":true,"href":"https:\/\/fjala.info\/2009-2015\/wp-json\/wp\/v2\/tags?post=965"}],"curies":[{"name":"wp","href":"https:\/\/api.w.org\/{rel}","templated":true}]}}