{"id":9633,"date":"2011-07-25T06:09:52","date_gmt":"2011-07-25T05:09:52","guid":{"rendered":"http:\/\/fjala.shkoder.net\/?p=9633"},"modified":"2011-07-25T06:09:52","modified_gmt":"2011-07-25T05:09:52","slug":"merre-per-dore-hijen-time-eshte-libri-i-ri-i-dr-zef-mulaj","status":"publish","type":"post","link":"https:\/\/fjala.info\/2009-2015\/merre-per-dore-hijen-time-eshte-libri-i-ri-i-dr-zef-mulaj\/","title":{"rendered":"\u201cMerre p\u00ebr dore hijen time\u201d, \u00ebsht\u00eb libri i ri i Dr. Zef Mulaj"},"content":{"rendered":"<p><img decoding=\"async\" class=\"alignright size-thumbnail wp-image-7236\" title=\"Zef Mulaj me Valentin Bru\u00e7aj\" src=\"http:\/\/www.shkoder.net\/images\/fjala\/2011\/zef_mulaj_valentin_brucaj.jpg\" alt=\"\" width=\"300\" \/> <strong>Valentin Bru\u00e7aj<\/strong>, <em>Kryeredaktor i revistes &#8220;DRINI\u201d<\/em><\/p>\n<p>Poeti Zef Mulaj i prezentohet publikut europian me librin e radh\u00ebs. K\u00ebsaj radhe b\u00ebhet fjal\u00eb p\u00ebr nj\u00eb p\u00ebrmbledhje me poezi me titull: \u201dMerre p\u00ebr dore hijen time\u201d, i shkruar ne 4 gjuhe, shqip, italisht, anglisht dhe gjermanisht. Prezentimi u b\u00eb dit\u00ebn e shtun\u00eb, 16 korrik 2011 n\u00eb qytetin e bukur breg\u00ebdetar Porto Recanati n\u00eb rajonin e Markeve ne Itali. Ne cermonin\u00eb e prezentimit merrnin pjes\u00eb intelektual t\u00eb ndrysh\u00ebm , autoritet bashkiake, gazetar, miq dhe koleg t\u00eb autorit.<\/p>\n<p>Fjal\u00ebn e rastit dhe nj\u00eb v\u00ebshtrim kritik e mbajti poetja Novella Torregiani, e cila nd\u00ebr t\u00eb tjera, tha: \u201cN\u00eb k\u00ebte koh\u00eb, kur Poezia eshte len\u00eb n\u00eb nj\u00eb qoshe shp\u00ebrfill\u00ebse t\u00eb kultur\u00ebs, Poeti Shqiptar, me banim prej vitesh n\u00eb Itali, ZEF MULAJ, ka zgjedh\u00eb pik\u00ebrisht gjuh\u00ebn poetike p\u00ebr t\u00eb shprehur mendimin e tij, p\u00ebr t\u00eb shfry dhimbjen e tij p\u00ebrv\u00ebluese, ende e pranishme n\u00eb Atdheun e shum\u00ebvuajtur. \u2026.. Poezia e Zef Mulajt t\u00eb emocionon p\u00ebr thjesht\u00ebsin\u00eb dhe ngarkes\u00ebn emotive q\u00eb ajo mbart\u00eb \u2026.<\/p>\n<p><img decoding=\"async\" class=\"alignleft size-thumbnail wp-image-7236\" title=\"Zef Mulaj - kopertina e librit\" src=\"http:\/\/www.shkoder.net\/images\/fjala\/2011\/zef_mulaj_prendi.jpg\" alt=\"\" width=\"300\" \/><br \/>\nNdersa kolegu i autorit Prof. Lmberto Re, Mjek Kirurg dhe Docent i Farmakologjise prane Universitetit Politeknik ne Marche, u shpreh se, \u201ceshte krenari per mua qe me jepet rasti te prezentoj kete kryeveper te Dr. Zef Mulaj, ekspert nderkombetar i bimeve mjeksore, autor i shume librave prestigjoz. Konsideroj librin e ri te Dr. Mulaj lajm\u00ebtar me nje sukses t\u00eb madh, me famen qe autori meriton. Bashkepunimi me Dr. Mulajn gjate karrieres sime te gjate universitare me ka dhene mundesine te njoh aftesite e tij humanitare dhe njohjen e tij te thelle ne fushen e farmakologjise\u201d.<\/p>\n<p>Kritika ne gjuhen shqipe eshte kuruar nga Skender Bu\u00e7papaj, ne italisht nga Novella Torregiani, ne anglisht nga Orjon Mulaj e Jonida Mulaj dhe ne gjermanisht nga Dr. Gjin Ndrepepa e Xhenc Bezhi.<\/p>\n<p>Biografia e Dr. Zef Mulaj: Lindur n\u00eb Nikaj-M\u00ebrtur t\u00eb Mal\u00ebsis\u00eb s\u00eb Gjakov\u00ebs (Tropoj\u00eb), n\u00eb fshatin Qeresh-Mulaj. Ka shkruar poezi qysh n\u00eb rinin\u00eb e tij. Ka mbaruar studimet e larta n\u00eb Fakultetin e Mjek\u00ebsis\u00eb, Tiran\u00eb (Dega Farmaci). Ka punuar shum\u00eb vite n\u00eb zonat e vendlindjes. Ve\u00e7 pun\u00ebs si farmacist, \u00ebsht\u00eb marr\u00eb gjithnj\u00eb me k\u00ebrkime shkencore n\u00eb fush\u00ebn e tij, sidomos n\u00eb studimin e bim\u00ebsis\u00eb mjeksore t\u00eb alpeve t\u00eb Shqip\u00ebris\u00eb. N\u00eb vitin 1994 vendoset n\u00eb m\u00ebnyr\u00eb legale n\u00eb Itali, me nj\u00eb bashk\u00ebpunim shkencor n\u00eb fush\u00ebn e tij.<\/p>\n<p>N\u00eb vitin 1998, mbaroi p\u00ebrs\u00ebri studimet e larta n\u00eb universitetin Camerino t\u00eb Italis\u00eb, ku mbrojti titullin Doktor n\u00eb shkencat farmaceutike, pik\u00ebrisht n\u00eb studimin e bim\u00ebsis\u00eb mjeksore t\u00eb alpeve t\u00eb Shqip\u00ebris\u00eb. \u00cbsht\u00eb An\u00ebtar i Lidhjes s\u00eb Shkrimtarve dhe Artist\u00ebve n\u00eb qytetin ku jeton n\u00eb Itali. Antare ileges botrore te poetve contemporen. (world poets Society W.P.S.) Antar i lidhjes se shkrimtarve te Kosov\u00ebs. Merr pjes\u00eb n\u00eb koncertet recitale dhe konkurset e organizuera n\u00eb Itali n\u00eb fush\u00ebn e poezis\u00eb.<\/p>\n<p>Specialist ne tosikologjin klinike e ambientale, ne farmakovigjilence mjeksore. Ne kontrollin kimik te produkteve farmacutike, e lenden e pare . Esperte ne informatiken aplikative. Specializuar per nderhyrjet e shpejta mjeksore per kryqin e kuq internacional. Punon dhe kerkon zbulimin e substancave te reja farmakologjike naturale. Antare i shoqates se Fito-Terapis ne repupliken e italis, me qenender ne universitetin Sienes itali.<br \/>\nPuplikazioni<br \/>\nKa publikue mbi 40 studime e artikuj shkencore.<\/p>\n<p>\u2022 880 bim\u00eb mjeksore n\u00eb alpet e Shqip\u00ebris\u00eb, Tiran\u00eb, 2009<br \/>\n\u2022 Mjegullvarur mbi Ballkan, Tiran\u00eb, 2006 (Poezi)<br \/>\n\u2022 Emri q\u00eb lind diellin, Tiran\u00eb, 2004 (Poezi)<br \/>\n\u2022 Imazh raman polices Tiran 2010<br \/>\n\u2022 Merr per dpre hijen time Simple Itali 2011<\/p>\n","protected":false},"excerpt":{"rendered":"<p>Valentin Bru\u00e7aj, Kryeredaktor i revistes &#8220;DRINI\u201d Poeti Zef Mulaj i prezentohet publikut europian me librin e radh\u00ebs. K\u00ebsaj radhe b\u00ebhet fjal\u00eb p\u00ebr nj\u00eb p\u00ebrmbledhje me poezi me titull: \u201dMerre p\u00ebr dore hijen time\u201d, i shkruar ne 4 gjuhe, shqip, italisht, anglisht dhe gjermanisht. Prezentimi u b\u00eb dit\u00ebn e shtun\u00eb, 16 korrik 2011 n\u00eb qytetin e [&hellip;]<\/p>\n","protected":false},"author":1,"featured_media":0,"comment_status":"open","ping_status":"closed","sticky":false,"template":"","format":"standard","meta":{"footnotes":""},"categories":[2,7,9],"tags":[],"class_list":{"0":"post-9633","1":"post","2":"type-post","3":"status-publish","4":"format-standard","6":"category-artikuj","7":"category-letersi","8":"category-poezi"},"yoast_head":"<!-- This site is optimized with the Yoast SEO plugin v27.4 - https:\/\/yoast.com\/product\/yoast-seo-wordpress\/ -->\n<title>\u201cMerre p\u00ebr dore hijen time\u201d, \u00ebsht\u00eb libri i ri i Dr. Zef Mulaj - FjALA e LIR\u00cb - Arkivi<\/title>\n<meta name=\"robots\" content=\"index, follow, max-snippet:-1, max-image-preview:large, max-video-preview:-1\" \/>\n<link rel=\"canonical\" href=\"https:\/\/fjala.info\/2009-2015\/merre-per-dore-hijen-time-eshte-libri-i-ri-i-dr-zef-mulaj\/\" \/>\n<meta property=\"og:locale\" content=\"sq_AL\" \/>\n<meta property=\"og:type\" content=\"article\" \/>\n<meta property=\"og:title\" content=\"\u201cMerre p\u00ebr dore hijen time\u201d, \u00ebsht\u00eb libri i ri i Dr. Zef Mulaj - FjALA e LIR\u00cb - Arkivi\" \/>\n<meta property=\"og:description\" content=\"Valentin Bru\u00e7aj, Kryeredaktor i revistes &#8220;DRINI\u201d Poeti Zef Mulaj i prezentohet publikut europian me librin e radh\u00ebs. K\u00ebsaj radhe b\u00ebhet fjal\u00eb p\u00ebr nj\u00eb p\u00ebrmbledhje me poezi me titull: \u201dMerre p\u00ebr dore hijen time\u201d, i shkruar ne 4 gjuhe, shqip, italisht, anglisht dhe gjermanisht. Prezentimi u b\u00eb dit\u00ebn e shtun\u00eb, 16 korrik 2011 n\u00eb qytetin e [&hellip;]\" \/>\n<meta property=\"og:url\" content=\"https:\/\/fjala.info\/2009-2015\/merre-per-dore-hijen-time-eshte-libri-i-ri-i-dr-zef-mulaj\/\" \/>\n<meta property=\"og:site_name\" content=\"FjALA e LIR\u00cb - Arkivi\" \/>\n<meta property=\"article:published_time\" content=\"2011-07-25T05:09:52+00:00\" \/>\n<meta property=\"og:image\" content=\"http:\/\/www.shkoder.net\/images\/fjala\/2011\/zef_mulaj_valentin_brucaj.jpg\" \/>\n<meta name=\"author\" content=\"admin\" \/>\n<meta name=\"twitter:card\" content=\"summary_large_image\" \/>\n<meta name=\"twitter:label1\" content=\"Written by\" \/>\n\t<meta name=\"twitter:data1\" content=\"admin\" \/>\n\t<meta name=\"twitter:label2\" content=\"Est. reading time\" \/>\n\t<meta name=\"twitter:data2\" content=\"3 minutes\" \/>\n<script type=\"application\/ld+json\" class=\"yoast-schema-graph\">{\"@context\":\"https:\\\/\\\/schema.org\",\"@graph\":[{\"@type\":\"Article\",\"@id\":\"https:\\\/\\\/fjala.info\\\/2009-2015\\\/merre-per-dore-hijen-time-eshte-libri-i-ri-i-dr-zef-mulaj\\\/#article\",\"isPartOf\":{\"@id\":\"https:\\\/\\\/fjala.info\\\/2009-2015\\\/merre-per-dore-hijen-time-eshte-libri-i-ri-i-dr-zef-mulaj\\\/\"},\"author\":{\"name\":\"admin\",\"@id\":\"https:\\\/\\\/fjala.info\\\/2009-2015\\\/#\\\/schema\\\/person\\\/3aa1163ef05469c496fc94e77611ada2\"},\"headline\":\"\u201cMerre p\u00ebr dore hijen time\u201d, \u00ebsht\u00eb libri i ri i Dr. Zef Mulaj\",\"datePublished\":\"2011-07-25T05:09:52+00:00\",\"mainEntityOfPage\":{\"@id\":\"https:\\\/\\\/fjala.info\\\/2009-2015\\\/merre-per-dore-hijen-time-eshte-libri-i-ri-i-dr-zef-mulaj\\\/\"},\"wordCount\":608,\"commentCount\":0,\"publisher\":{\"@id\":\"https:\\\/\\\/fjala.info\\\/2009-2015\\\/#organization\"},\"image\":{\"@id\":\"https:\\\/\\\/fjala.info\\\/2009-2015\\\/merre-per-dore-hijen-time-eshte-libri-i-ri-i-dr-zef-mulaj\\\/#primaryimage\"},\"thumbnailUrl\":\"http:\\\/\\\/www.shkoder.net\\\/images\\\/fjala\\\/2011\\\/zef_mulaj_valentin_brucaj.jpg\",\"articleSection\":[\"Artikuj\",\"Let\u00ebrsi\",\"Poezi\"],\"inLanguage\":\"sq-AL\",\"potentialAction\":[{\"@type\":\"CommentAction\",\"name\":\"Comment\",\"target\":[\"https:\\\/\\\/fjala.info\\\/2009-2015\\\/merre-per-dore-hijen-time-eshte-libri-i-ri-i-dr-zef-mulaj\\\/#respond\"]}]},{\"@type\":\"WebPage\",\"@id\":\"https:\\\/\\\/fjala.info\\\/2009-2015\\\/merre-per-dore-hijen-time-eshte-libri-i-ri-i-dr-zef-mulaj\\\/\",\"url\":\"https:\\\/\\\/fjala.info\\\/2009-2015\\\/merre-per-dore-hijen-time-eshte-libri-i-ri-i-dr-zef-mulaj\\\/\",\"name\":\"\u201cMerre p\u00ebr dore hijen time\u201d, \u00ebsht\u00eb libri i ri i Dr. Zef Mulaj - FjALA e LIR\u00cb - Arkivi\",\"isPartOf\":{\"@id\":\"https:\\\/\\\/fjala.info\\\/2009-2015\\\/#website\"},\"primaryImageOfPage\":{\"@id\":\"https:\\\/\\\/fjala.info\\\/2009-2015\\\/merre-per-dore-hijen-time-eshte-libri-i-ri-i-dr-zef-mulaj\\\/#primaryimage\"},\"image\":{\"@id\":\"https:\\\/\\\/fjala.info\\\/2009-2015\\\/merre-per-dore-hijen-time-eshte-libri-i-ri-i-dr-zef-mulaj\\\/#primaryimage\"},\"thumbnailUrl\":\"http:\\\/\\\/www.shkoder.net\\\/images\\\/fjala\\\/2011\\\/zef_mulaj_valentin_brucaj.jpg\",\"datePublished\":\"2011-07-25T05:09:52+00:00\",\"breadcrumb\":{\"@id\":\"https:\\\/\\\/fjala.info\\\/2009-2015\\\/merre-per-dore-hijen-time-eshte-libri-i-ri-i-dr-zef-mulaj\\\/#breadcrumb\"},\"inLanguage\":\"sq-AL\",\"potentialAction\":[{\"@type\":\"ReadAction\",\"target\":[\"https:\\\/\\\/fjala.info\\\/2009-2015\\\/merre-per-dore-hijen-time-eshte-libri-i-ri-i-dr-zef-mulaj\\\/\"]}]},{\"@type\":\"ImageObject\",\"inLanguage\":\"sq-AL\",\"@id\":\"https:\\\/\\\/fjala.info\\\/2009-2015\\\/merre-per-dore-hijen-time-eshte-libri-i-ri-i-dr-zef-mulaj\\\/#primaryimage\",\"url\":\"http:\\\/\\\/www.shkoder.net\\\/images\\\/fjala\\\/2011\\\/zef_mulaj_valentin_brucaj.jpg\",\"contentUrl\":\"http:\\\/\\\/www.shkoder.net\\\/images\\\/fjala\\\/2011\\\/zef_mulaj_valentin_brucaj.jpg\"},{\"@type\":\"BreadcrumbList\",\"@id\":\"https:\\\/\\\/fjala.info\\\/2009-2015\\\/merre-per-dore-hijen-time-eshte-libri-i-ri-i-dr-zef-mulaj\\\/#breadcrumb\",\"itemListElement\":[{\"@type\":\"ListItem\",\"position\":1,\"name\":\"Home\",\"item\":\"https:\\\/\\\/fjala.info\\\/2009-2015\\\/\"},{\"@type\":\"ListItem\",\"position\":2,\"name\":\"\u201cMerre p\u00ebr dore hijen time\u201d, \u00ebsht\u00eb libri i ri i Dr. Zef Mulaj\"}]},{\"@type\":\"WebSite\",\"@id\":\"https:\\\/\\\/fjala.info\\\/2009-2015\\\/#website\",\"url\":\"https:\\\/\\\/fjala.info\\\/2009-2015\\\/\",\"name\":\"FjALA e LIR\u00cb - Arkivi\",\"description\":\"Arkivi 2009-2015\",\"publisher\":{\"@id\":\"https:\\\/\\\/fjala.info\\\/2009-2015\\\/#organization\"},\"potentialAction\":[{\"@type\":\"SearchAction\",\"target\":{\"@type\":\"EntryPoint\",\"urlTemplate\":\"https:\\\/\\\/fjala.info\\\/2009-2015\\\/?s={search_term_string}\"},\"query-input\":{\"@type\":\"PropertyValueSpecification\",\"valueRequired\":true,\"valueName\":\"search_term_string\"}}],\"inLanguage\":\"sq-AL\"},{\"@type\":\"Organization\",\"@id\":\"https:\\\/\\\/fjala.info\\\/2009-2015\\\/#organization\",\"name\":\"FjALA e LIR\u00cb - Arkivi\",\"url\":\"https:\\\/\\\/fjala.info\\\/2009-2015\\\/\",\"logo\":{\"@type\":\"ImageObject\",\"inLanguage\":\"sq-AL\",\"@id\":\"https:\\\/\\\/fjala.info\\\/2009-2015\\\/#\\\/schema\\\/logo\\\/image\\\/\",\"url\":\"\",\"contentUrl\":\"\",\"caption\":\"FjALA e LIR\u00cb - Arkivi\"},\"image\":{\"@id\":\"https:\\\/\\\/fjala.info\\\/2009-2015\\\/#\\\/schema\\\/logo\\\/image\\\/\"}},{\"@type\":\"Person\",\"@id\":\"https:\\\/\\\/fjala.info\\\/2009-2015\\\/#\\\/schema\\\/person\\\/3aa1163ef05469c496fc94e77611ada2\",\"name\":\"admin\",\"image\":{\"@type\":\"ImageObject\",\"inLanguage\":\"sq-AL\",\"@id\":\"https:\\\/\\\/fjala.info\\\/2009-2015\\\/wp-content\\\/uploads\\\/2012\\\/02\\\/arben_cokaj-120x150.jpg\",\"url\":\"https:\\\/\\\/fjala.info\\\/2009-2015\\\/wp-content\\\/uploads\\\/2012\\\/02\\\/arben_cokaj-120x150.jpg\",\"contentUrl\":\"https:\\\/\\\/fjala.info\\\/2009-2015\\\/wp-content\\\/uploads\\\/2012\\\/02\\\/arben_cokaj-120x150.jpg\",\"caption\":\"admin\"},\"description\":\"Admin, Fjala e Lir\u00eb\",\"sameAs\":[\"https:\\\/\\\/fjala.info\\\/\"],\"url\":\"https:\\\/\\\/fjala.info\\\/2009-2015\\\/author\\\/admin\\\/\"}]}<\/script>\n<!-- \/ Yoast SEO plugin. -->","yoast_head_json":{"title":"\u201cMerre p\u00ebr dore hijen time\u201d, \u00ebsht\u00eb libri i ri i Dr. Zef Mulaj - FjALA e LIR\u00cb - Arkivi","robots":{"index":"index","follow":"follow","max-snippet":"max-snippet:-1","max-image-preview":"max-image-preview:large","max-video-preview":"max-video-preview:-1"},"canonical":"https:\/\/fjala.info\/2009-2015\/merre-per-dore-hijen-time-eshte-libri-i-ri-i-dr-zef-mulaj\/","og_locale":"sq_AL","og_type":"article","og_title":"\u201cMerre p\u00ebr dore hijen time\u201d, \u00ebsht\u00eb libri i ri i Dr. Zef Mulaj - FjALA e LIR\u00cb - Arkivi","og_description":"Valentin Bru\u00e7aj, Kryeredaktor i revistes &#8220;DRINI\u201d Poeti Zef Mulaj i prezentohet publikut europian me librin e radh\u00ebs. K\u00ebsaj radhe b\u00ebhet fjal\u00eb p\u00ebr nj\u00eb p\u00ebrmbledhje me poezi me titull: \u201dMerre p\u00ebr dore hijen time\u201d, i shkruar ne 4 gjuhe, shqip, italisht, anglisht dhe gjermanisht. Prezentimi u b\u00eb dit\u00ebn e shtun\u00eb, 16 korrik 2011 n\u00eb qytetin e [&hellip;]","og_url":"https:\/\/fjala.info\/2009-2015\/merre-per-dore-hijen-time-eshte-libri-i-ri-i-dr-zef-mulaj\/","og_site_name":"FjALA e LIR\u00cb - Arkivi","article_published_time":"2011-07-25T05:09:52+00:00","og_image":[{"url":"http:\/\/www.shkoder.net\/images\/fjala\/2011\/zef_mulaj_valentin_brucaj.jpg","type":"","width":"","height":""}],"author":"admin","twitter_card":"summary_large_image","twitter_misc":{"Written by":"admin","Est. reading time":"3 minutes"},"schema":{"@context":"https:\/\/schema.org","@graph":[{"@type":"Article","@id":"https:\/\/fjala.info\/2009-2015\/merre-per-dore-hijen-time-eshte-libri-i-ri-i-dr-zef-mulaj\/#article","isPartOf":{"@id":"https:\/\/fjala.info\/2009-2015\/merre-per-dore-hijen-time-eshte-libri-i-ri-i-dr-zef-mulaj\/"},"author":{"name":"admin","@id":"https:\/\/fjala.info\/2009-2015\/#\/schema\/person\/3aa1163ef05469c496fc94e77611ada2"},"headline":"\u201cMerre p\u00ebr dore hijen time\u201d, \u00ebsht\u00eb libri i ri i Dr. Zef Mulaj","datePublished":"2011-07-25T05:09:52+00:00","mainEntityOfPage":{"@id":"https:\/\/fjala.info\/2009-2015\/merre-per-dore-hijen-time-eshte-libri-i-ri-i-dr-zef-mulaj\/"},"wordCount":608,"commentCount":0,"publisher":{"@id":"https:\/\/fjala.info\/2009-2015\/#organization"},"image":{"@id":"https:\/\/fjala.info\/2009-2015\/merre-per-dore-hijen-time-eshte-libri-i-ri-i-dr-zef-mulaj\/#primaryimage"},"thumbnailUrl":"http:\/\/www.shkoder.net\/images\/fjala\/2011\/zef_mulaj_valentin_brucaj.jpg","articleSection":["Artikuj","Let\u00ebrsi","Poezi"],"inLanguage":"sq-AL","potentialAction":[{"@type":"CommentAction","name":"Comment","target":["https:\/\/fjala.info\/2009-2015\/merre-per-dore-hijen-time-eshte-libri-i-ri-i-dr-zef-mulaj\/#respond"]}]},{"@type":"WebPage","@id":"https:\/\/fjala.info\/2009-2015\/merre-per-dore-hijen-time-eshte-libri-i-ri-i-dr-zef-mulaj\/","url":"https:\/\/fjala.info\/2009-2015\/merre-per-dore-hijen-time-eshte-libri-i-ri-i-dr-zef-mulaj\/","name":"\u201cMerre p\u00ebr dore hijen time\u201d, \u00ebsht\u00eb libri i ri i Dr. Zef Mulaj - FjALA e LIR\u00cb - Arkivi","isPartOf":{"@id":"https:\/\/fjala.info\/2009-2015\/#website"},"primaryImageOfPage":{"@id":"https:\/\/fjala.info\/2009-2015\/merre-per-dore-hijen-time-eshte-libri-i-ri-i-dr-zef-mulaj\/#primaryimage"},"image":{"@id":"https:\/\/fjala.info\/2009-2015\/merre-per-dore-hijen-time-eshte-libri-i-ri-i-dr-zef-mulaj\/#primaryimage"},"thumbnailUrl":"http:\/\/www.shkoder.net\/images\/fjala\/2011\/zef_mulaj_valentin_brucaj.jpg","datePublished":"2011-07-25T05:09:52+00:00","breadcrumb":{"@id":"https:\/\/fjala.info\/2009-2015\/merre-per-dore-hijen-time-eshte-libri-i-ri-i-dr-zef-mulaj\/#breadcrumb"},"inLanguage":"sq-AL","potentialAction":[{"@type":"ReadAction","target":["https:\/\/fjala.info\/2009-2015\/merre-per-dore-hijen-time-eshte-libri-i-ri-i-dr-zef-mulaj\/"]}]},{"@type":"ImageObject","inLanguage":"sq-AL","@id":"https:\/\/fjala.info\/2009-2015\/merre-per-dore-hijen-time-eshte-libri-i-ri-i-dr-zef-mulaj\/#primaryimage","url":"http:\/\/www.shkoder.net\/images\/fjala\/2011\/zef_mulaj_valentin_brucaj.jpg","contentUrl":"http:\/\/www.shkoder.net\/images\/fjala\/2011\/zef_mulaj_valentin_brucaj.jpg"},{"@type":"BreadcrumbList","@id":"https:\/\/fjala.info\/2009-2015\/merre-per-dore-hijen-time-eshte-libri-i-ri-i-dr-zef-mulaj\/#breadcrumb","itemListElement":[{"@type":"ListItem","position":1,"name":"Home","item":"https:\/\/fjala.info\/2009-2015\/"},{"@type":"ListItem","position":2,"name":"\u201cMerre p\u00ebr dore hijen time\u201d, \u00ebsht\u00eb libri i ri i Dr. Zef Mulaj"}]},{"@type":"WebSite","@id":"https:\/\/fjala.info\/2009-2015\/#website","url":"https:\/\/fjala.info\/2009-2015\/","name":"FjALA e LIR\u00cb - Arkivi","description":"Arkivi 2009-2015","publisher":{"@id":"https:\/\/fjala.info\/2009-2015\/#organization"},"potentialAction":[{"@type":"SearchAction","target":{"@type":"EntryPoint","urlTemplate":"https:\/\/fjala.info\/2009-2015\/?s={search_term_string}"},"query-input":{"@type":"PropertyValueSpecification","valueRequired":true,"valueName":"search_term_string"}}],"inLanguage":"sq-AL"},{"@type":"Organization","@id":"https:\/\/fjala.info\/2009-2015\/#organization","name":"FjALA e LIR\u00cb - Arkivi","url":"https:\/\/fjala.info\/2009-2015\/","logo":{"@type":"ImageObject","inLanguage":"sq-AL","@id":"https:\/\/fjala.info\/2009-2015\/#\/schema\/logo\/image\/","url":"","contentUrl":"","caption":"FjALA e LIR\u00cb - Arkivi"},"image":{"@id":"https:\/\/fjala.info\/2009-2015\/#\/schema\/logo\/image\/"}},{"@type":"Person","@id":"https:\/\/fjala.info\/2009-2015\/#\/schema\/person\/3aa1163ef05469c496fc94e77611ada2","name":"admin","image":{"@type":"ImageObject","inLanguage":"sq-AL","@id":"https:\/\/fjala.info\/2009-2015\/wp-content\/uploads\/2012\/02\/arben_cokaj-120x150.jpg","url":"https:\/\/fjala.info\/2009-2015\/wp-content\/uploads\/2012\/02\/arben_cokaj-120x150.jpg","contentUrl":"https:\/\/fjala.info\/2009-2015\/wp-content\/uploads\/2012\/02\/arben_cokaj-120x150.jpg","caption":"admin"},"description":"Admin, Fjala e Lir\u00eb","sameAs":["https:\/\/fjala.info\/"],"url":"https:\/\/fjala.info\/2009-2015\/author\/admin\/"}]}},"_links":{"self":[{"href":"https:\/\/fjala.info\/2009-2015\/wp-json\/wp\/v2\/posts\/9633","targetHints":{"allow":["GET"]}}],"collection":[{"href":"https:\/\/fjala.info\/2009-2015\/wp-json\/wp\/v2\/posts"}],"about":[{"href":"https:\/\/fjala.info\/2009-2015\/wp-json\/wp\/v2\/types\/post"}],"author":[{"embeddable":true,"href":"https:\/\/fjala.info\/2009-2015\/wp-json\/wp\/v2\/users\/1"}],"replies":[{"embeddable":true,"href":"https:\/\/fjala.info\/2009-2015\/wp-json\/wp\/v2\/comments?post=9633"}],"version-history":[{"count":0,"href":"https:\/\/fjala.info\/2009-2015\/wp-json\/wp\/v2\/posts\/9633\/revisions"}],"wp:attachment":[{"href":"https:\/\/fjala.info\/2009-2015\/wp-json\/wp\/v2\/media?parent=9633"}],"wp:term":[{"taxonomy":"category","embeddable":true,"href":"https:\/\/fjala.info\/2009-2015\/wp-json\/wp\/v2\/categories?post=9633"},{"taxonomy":"post_tag","embeddable":true,"href":"https:\/\/fjala.info\/2009-2015\/wp-json\/wp\/v2\/tags?post=9633"}],"curies":[{"name":"wp","href":"https:\/\/api.w.org\/{rel}","templated":true}]}}