{"id":9616,"date":"2011-07-24T22:44:34","date_gmt":"2011-07-24T21:44:34","guid":{"rendered":"http:\/\/fjala.shkoder.net\/?p=9616"},"modified":"2011-07-24T22:44:34","modified_gmt":"2011-07-24T21:44:34","slug":"gjeografia-e-fillores-ne%cc%88n-verifikim-pe%cc%88r-incident-diplomatik","status":"publish","type":"post","link":"https:\/\/fjala.info\/2009-2015\/gjeografia-e-fillores-ne%cc%88n-verifikim-pe%cc%88r-incident-diplomatik\/","title":{"rendered":"\u201cGjeografia\u201d e fillores, ne\u0308n verifikim pe\u0308r \u201cincident diplomatik\u201d"},"content":{"rendered":"<p><strong>Maksim Sinemati<\/strong>, <em>24.07.2011<\/em><\/p>\n<p><strong>Gazeta serbe: Ministria shqiptare ka lejuar t\u00eb thuhet se shteti i madh i Shqip\u00ebris\u00eb shtrihet n\u00eb gjith\u00eb Kosov\u00ebn<\/strong><\/p>\n<p>N\u00eb lib\u00ebr shkollor q\u00eb p\u00ebrdoret p\u00ebr t\u00eb m\u00ebsuar nx\u00ebn\u00ebsit n\u00eb shkollat shqiptare rezulton t\u00eb jet\u00eb me gabime, por edhe moll\u00eb sherri, deri atje sa t\u00eb shkaktoj\u00eb edhe probleme e diskutime t\u00eb p\u00ebrmasave nd\u00ebrkomb\u00ebtare. P\u00ebr nj\u00eb fakt t\u00eb till\u00eb n\u00eb Shqip\u00ebri ende nuk \u00ebsht\u00eb diskutuar, nd\u00ebrkoh\u00eb q\u00eb p\u00ebr miratimin e teksteve shkollore, procedurat e Ministris\u00eb shqiptare t\u00eb Arsimit jan\u00eb tep\u00ebr t\u00eb rrepta dhe kontrolli rigoroz. Por nj\u00eb gazet\u00eb serbe ka botuar n\u00eb faqet e saj nj\u00eb artikull ku p\u00ebrfshin citime dhe deklarata lidhur me \u00e7\u00ebshtjen e problematik\u00ebs q\u00eb ka lindur p\u00ebr shkak t\u00eb fakteve q\u00eb jep teksti i gjeografis\u00eb, ku thuhet se \u201cShqip\u00ebria e Madhe\u201d i ka kaluar kufijt\u00eb e njohur&#8230;<\/p>\n<p>\u201cN\u00eb nj\u00eb tekst shkollor p\u00ebr shkollat fillore n\u00eb Shqip\u00ebri m\u00ebsohet se pjes\u00eb t\u00eb k\u00ebtij vendi jan\u00eb edhe Kosova, Presheva, Bujanoci dhe Medvegja\u201d, v\u00eb n\u00eb dukje n\u00eb nj\u00eb shkrim t\u00eb saj gazeta e p\u00ebrditshme serbe, \u201cKurir\u201d. Gazeta sakt\u00ebsonte se Ministria shqiptare e Arsimit ka lejuar publikimin e tekstit shkollor t\u00eb gjeografis\u00eb p\u00ebr klas\u00ebn e kat\u00ebrt t\u00eb shkollave fillore t\u00eb vendit, n\u00eb t\u00eb cilin thuhet se shteti i madh i Shqip\u00ebris\u00eb shtrihet deri n\u00eb t\u00eb gjith\u00eb territorin e Kosov\u00ebs dhe gjithashtu p\u00ebrfshin edhe Preshev\u00ebn, Bujanocin dhe Medvegjen! Sipas gazet\u00ebs, \u00ebsht\u00eb p\u00ebr t\u00eb ardhur shum\u00eb keq se nga ky tekst shkollor do t\u00eb jen\u00eb t\u00eb detyruar t\u00eb m\u00ebsojn\u00eb nx\u00ebn\u00ebsit e shkollave fillore jo vet\u00ebm n\u00eb Shqip\u00ebri, por edhe n\u00eb Kosov\u00eb. Ministri p\u00ebr Kosov\u00ebn dhe Metohin\u00eb n\u00eb qeverin\u00eb serbe, Goran Bogdanovi\u00e7, i tha gazet\u00ebs \u201cKurir\u201d se afati i p\u00ebrdorimit t\u00eb k\u00ebtij teksti shkollor do t\u00eb jet\u00eb i shkurt\u00ebr.<\/p>\n<p>\u201cKjo \u00ebsht\u00eb strategjia e tyre, por ajo nuk e ka t\u00eb gjat\u00eb. Historia e \u2018Shqip\u00ebris\u00eb s\u00eb Madhe\u2019 \u00ebsht\u00eb e vjet\u00ebr, dhe libri shkollor n\u00eb fjal\u00eb nuk b\u00ebn gj\u00eb tjet\u00ebr ve\u00e7se tregon p\u00ebr at\u00eb p\u00ebr t\u00eb cil\u00ebn ne vazhdimisht kemi paralajm\u00ebruar. Pres q\u00eb ky lib\u00ebr shkollor shum\u00eb shpejt t\u00eb t\u00ebrhiqet nga p\u00ebrdorimi, pasi p\u00ebrndryshe ai do t\u2019u kushtoj\u00eb shtrenjt\u00eb n\u00eb planin nd\u00ebrkomb\u00ebtar atyre q\u00eb e kan\u00eb lejuar publikimin e tij.<\/p>\n<p>Ne shprehemi n\u00eb favor t\u00eb bashk\u00ebjetes\u00ebs me shqiptar\u00ebt, kurse bashk\u00ebsis\u00eb evropiane, publikimi i k\u00ebtij teksti shkollor i tregon se p\u00ebr ata q\u00eb e kan\u00eb lejuar botimin e tij nuk ka asgj\u00eb t\u00eb shenjt\u00eb dhe se ata mund t\u00eb b\u00ebjn\u00eb \u2018korrigjime\u2019 kufijsh n\u00eb m\u00ebnyr\u00eb t\u00eb paligjshme\u201d, &#8211; vuri n\u00eb dukje Bogdanovi\u00e7i, duke theksuar se f\u00ebmij\u00ebt serb\u00eb kurr\u00eb nuk do t\u00eb m\u00ebsojn\u00eb me libra t\u00eb till\u00eb shkollor\u00eb. N\u00eb p\u00ebrb\u00ebrje t\u00eb \u201cShqip\u00ebris\u00eb s\u00eb Madhe\u201d jan\u00eb p\u00ebrfshir\u00eb edhe gjysma e Malit t\u00eb Zi, Maqedonis\u00eb dhe pjes\u00eb t\u00eb Greqis\u00eb, shkruan gazeta e lartp\u00ebrmendur serbe, duke theksuar se libri shkollor shqiptar p\u00ebrmban nj\u00eb num\u00ebr t\u00eb madh shpjegimesh t\u00eb pabaza dhe mesazhe ndez\u00ebse p\u00ebr \u201cShqip\u00ebrin\u00eb e Madhe\u201d.<\/p>\n<p>Zyrtar\u00eb t\u00eb Ministris\u00eb s\u00eb Jashtme t\u00eb Serbis\u00eb, t\u00eb pyetur nga media serbe lidhur me publikimin n\u00eb Shqip\u00ebri t\u00eb librit shkollor t\u00eb gjeografis\u00eb n\u00eb fjal\u00eb, u p\u00ebrgjigj\u00ebn duke th\u00ebn\u00eb se nuk dinin asgj\u00eb lidhur me k\u00ebt\u00eb \u00e7\u00ebshtje dhe se nga Beogradi do t\u2019i d\u00ebrgojn\u00eb k\u00ebrkes\u00ebn p\u00ebrkat\u00ebse ambasad\u00ebs s\u00eb Serbis\u00eb n\u00eb Tiran\u00eb q\u00eb t\u00eb verifikoj\u00eb pretendimet e diskutuara s\u00eb fundmi.<\/p>\n<p>\u201cN\u00ebse do t\u00eb jet\u00eb e nevojshme, ne do t\u00eb reagojm\u00eb n\u00eb form\u00ebn e nj\u00eb p\u00ebrgjigjeje zyrtare\u201d, kjo ishte deklarata e ambasad\u00ebs s\u00eb Serbis\u00eb n\u00eb Tiran\u00eb, cituar nga gazeta q\u00eb publikoi \u00e7\u00ebshtjen.<\/p>\n","protected":false},"excerpt":{"rendered":"<p>Maksim Sinemati, 24.07.2011 Gazeta serbe: Ministria shqiptare ka lejuar t\u00eb thuhet se shteti i madh i Shqip\u00ebris\u00eb shtrihet n\u00eb gjith\u00eb Kosov\u00ebn N\u00eb lib\u00ebr shkollor q\u00eb p\u00ebrdoret p\u00ebr t\u00eb m\u00ebsuar nx\u00ebn\u00ebsit n\u00eb shkollat shqiptare rezulton t\u00eb jet\u00eb me gabime, por edhe moll\u00eb sherri, deri atje sa t\u00eb shkaktoj\u00eb edhe probleme e diskutime t\u00eb p\u00ebrmasave nd\u00ebrkomb\u00ebtare. P\u00ebr [&hellip;]<\/p>\n","protected":false},"author":1,"featured_media":0,"comment_status":"open","ping_status":"closed","sticky":false,"template":"","format":"standard","meta":{"footnotes":""},"categories":[2],"tags":[],"class_list":{"0":"post-9616","1":"post","2":"type-post","3":"status-publish","4":"format-standard","6":"category-artikuj"},"yoast_head":"<!-- This site is optimized with the Yoast SEO plugin v27.4 - https:\/\/yoast.com\/product\/yoast-seo-wordpress\/ -->\n<title>\u201cGjeografia\u201d e fillores, ne\u0308n verifikim pe\u0308r \u201cincident diplomatik\u201d - FjALA e LIR\u00cb - Arkivi<\/title>\n<meta name=\"robots\" content=\"index, follow, max-snippet:-1, max-image-preview:large, max-video-preview:-1\" \/>\n<link rel=\"canonical\" href=\"https:\/\/fjala.info\/2009-2015\/gjeografia-e-fillores-ne\u0308n-verifikim-pe\u0308r-incident-diplomatik\/\" \/>\n<meta property=\"og:locale\" content=\"sq_AL\" \/>\n<meta property=\"og:type\" content=\"article\" \/>\n<meta property=\"og:title\" content=\"\u201cGjeografia\u201d e fillores, ne\u0308n verifikim pe\u0308r \u201cincident diplomatik\u201d - FjALA e LIR\u00cb - Arkivi\" \/>\n<meta property=\"og:description\" content=\"Maksim Sinemati, 24.07.2011 Gazeta serbe: Ministria shqiptare ka lejuar t\u00eb thuhet se shteti i madh i Shqip\u00ebris\u00eb shtrihet n\u00eb gjith\u00eb Kosov\u00ebn N\u00eb lib\u00ebr shkollor q\u00eb p\u00ebrdoret p\u00ebr t\u00eb m\u00ebsuar nx\u00ebn\u00ebsit n\u00eb shkollat shqiptare rezulton t\u00eb jet\u00eb me gabime, por edhe moll\u00eb sherri, deri atje sa t\u00eb shkaktoj\u00eb edhe probleme e diskutime t\u00eb p\u00ebrmasave nd\u00ebrkomb\u00ebtare. P\u00ebr [&hellip;]\" \/>\n<meta property=\"og:url\" content=\"https:\/\/fjala.info\/2009-2015\/gjeografia-e-fillores-ne\u0308n-verifikim-pe\u0308r-incident-diplomatik\/\" \/>\n<meta property=\"og:site_name\" content=\"FjALA e LIR\u00cb - Arkivi\" \/>\n<meta property=\"article:published_time\" content=\"2011-07-24T21:44:34+00:00\" \/>\n<meta name=\"author\" content=\"admin\" \/>\n<meta name=\"twitter:card\" content=\"summary_large_image\" \/>\n<meta name=\"twitter:label1\" content=\"Written by\" \/>\n\t<meta name=\"twitter:data1\" content=\"admin\" \/>\n\t<meta name=\"twitter:label2\" content=\"Est. reading time\" \/>\n\t<meta name=\"twitter:data2\" content=\"3 minutes\" \/>\n<script type=\"application\/ld+json\" class=\"yoast-schema-graph\">{\"@context\":\"https:\\\/\\\/schema.org\",\"@graph\":[{\"@type\":\"Article\",\"@id\":\"https:\\\/\\\/fjala.info\\\/2009-2015\\\/gjeografia-e-fillores-ne%cc%88n-verifikim-pe%cc%88r-incident-diplomatik\\\/#article\",\"isPartOf\":{\"@id\":\"https:\\\/\\\/fjala.info\\\/2009-2015\\\/gjeografia-e-fillores-ne%cc%88n-verifikim-pe%cc%88r-incident-diplomatik\\\/\"},\"author\":{\"name\":\"admin\",\"@id\":\"https:\\\/\\\/fjala.info\\\/2009-2015\\\/#\\\/schema\\\/person\\\/3aa1163ef05469c496fc94e77611ada2\"},\"headline\":\"\u201cGjeografia\u201d e fillores, ne\u0308n verifikim pe\u0308r \u201cincident diplomatik\u201d\",\"datePublished\":\"2011-07-24T21:44:34+00:00\",\"mainEntityOfPage\":{\"@id\":\"https:\\\/\\\/fjala.info\\\/2009-2015\\\/gjeografia-e-fillores-ne%cc%88n-verifikim-pe%cc%88r-incident-diplomatik\\\/\"},\"wordCount\":652,\"commentCount\":0,\"publisher\":{\"@id\":\"https:\\\/\\\/fjala.info\\\/2009-2015\\\/#organization\"},\"articleSection\":[\"Artikuj\"],\"inLanguage\":\"sq-AL\",\"potentialAction\":[{\"@type\":\"CommentAction\",\"name\":\"Comment\",\"target\":[\"https:\\\/\\\/fjala.info\\\/2009-2015\\\/gjeografia-e-fillores-ne%cc%88n-verifikim-pe%cc%88r-incident-diplomatik\\\/#respond\"]}]},{\"@type\":\"WebPage\",\"@id\":\"https:\\\/\\\/fjala.info\\\/2009-2015\\\/gjeografia-e-fillores-ne%cc%88n-verifikim-pe%cc%88r-incident-diplomatik\\\/\",\"url\":\"https:\\\/\\\/fjala.info\\\/2009-2015\\\/gjeografia-e-fillores-ne%cc%88n-verifikim-pe%cc%88r-incident-diplomatik\\\/\",\"name\":\"\u201cGjeografia\u201d e fillores, ne\u0308n verifikim pe\u0308r \u201cincident diplomatik\u201d - FjALA e LIR\u00cb - Arkivi\",\"isPartOf\":{\"@id\":\"https:\\\/\\\/fjala.info\\\/2009-2015\\\/#website\"},\"datePublished\":\"2011-07-24T21:44:34+00:00\",\"breadcrumb\":{\"@id\":\"https:\\\/\\\/fjala.info\\\/2009-2015\\\/gjeografia-e-fillores-ne%cc%88n-verifikim-pe%cc%88r-incident-diplomatik\\\/#breadcrumb\"},\"inLanguage\":\"sq-AL\",\"potentialAction\":[{\"@type\":\"ReadAction\",\"target\":[\"https:\\\/\\\/fjala.info\\\/2009-2015\\\/gjeografia-e-fillores-ne%cc%88n-verifikim-pe%cc%88r-incident-diplomatik\\\/\"]}]},{\"@type\":\"BreadcrumbList\",\"@id\":\"https:\\\/\\\/fjala.info\\\/2009-2015\\\/gjeografia-e-fillores-ne%cc%88n-verifikim-pe%cc%88r-incident-diplomatik\\\/#breadcrumb\",\"itemListElement\":[{\"@type\":\"ListItem\",\"position\":1,\"name\":\"Home\",\"item\":\"https:\\\/\\\/fjala.info\\\/2009-2015\\\/\"},{\"@type\":\"ListItem\",\"position\":2,\"name\":\"\u201cGjeografia\u201d e fillores, ne\u0308n verifikim pe\u0308r \u201cincident diplomatik\u201d\"}]},{\"@type\":\"WebSite\",\"@id\":\"https:\\\/\\\/fjala.info\\\/2009-2015\\\/#website\",\"url\":\"https:\\\/\\\/fjala.info\\\/2009-2015\\\/\",\"name\":\"FjALA e LIR\u00cb - Arkivi\",\"description\":\"Arkivi 2009-2015\",\"publisher\":{\"@id\":\"https:\\\/\\\/fjala.info\\\/2009-2015\\\/#organization\"},\"potentialAction\":[{\"@type\":\"SearchAction\",\"target\":{\"@type\":\"EntryPoint\",\"urlTemplate\":\"https:\\\/\\\/fjala.info\\\/2009-2015\\\/?s={search_term_string}\"},\"query-input\":{\"@type\":\"PropertyValueSpecification\",\"valueRequired\":true,\"valueName\":\"search_term_string\"}}],\"inLanguage\":\"sq-AL\"},{\"@type\":\"Organization\",\"@id\":\"https:\\\/\\\/fjala.info\\\/2009-2015\\\/#organization\",\"name\":\"FjALA e LIR\u00cb - Arkivi\",\"url\":\"https:\\\/\\\/fjala.info\\\/2009-2015\\\/\",\"logo\":{\"@type\":\"ImageObject\",\"inLanguage\":\"sq-AL\",\"@id\":\"https:\\\/\\\/fjala.info\\\/2009-2015\\\/#\\\/schema\\\/logo\\\/image\\\/\",\"url\":\"\",\"contentUrl\":\"\",\"caption\":\"FjALA e LIR\u00cb - Arkivi\"},\"image\":{\"@id\":\"https:\\\/\\\/fjala.info\\\/2009-2015\\\/#\\\/schema\\\/logo\\\/image\\\/\"}},{\"@type\":\"Person\",\"@id\":\"https:\\\/\\\/fjala.info\\\/2009-2015\\\/#\\\/schema\\\/person\\\/3aa1163ef05469c496fc94e77611ada2\",\"name\":\"admin\",\"image\":{\"@type\":\"ImageObject\",\"inLanguage\":\"sq-AL\",\"@id\":\"https:\\\/\\\/fjala.info\\\/2009-2015\\\/wp-content\\\/uploads\\\/2012\\\/02\\\/arben_cokaj-120x150.jpg\",\"url\":\"https:\\\/\\\/fjala.info\\\/2009-2015\\\/wp-content\\\/uploads\\\/2012\\\/02\\\/arben_cokaj-120x150.jpg\",\"contentUrl\":\"https:\\\/\\\/fjala.info\\\/2009-2015\\\/wp-content\\\/uploads\\\/2012\\\/02\\\/arben_cokaj-120x150.jpg\",\"caption\":\"admin\"},\"description\":\"Admin, Fjala e Lir\u00eb\",\"sameAs\":[\"https:\\\/\\\/fjala.info\\\/\"],\"url\":\"https:\\\/\\\/fjala.info\\\/2009-2015\\\/author\\\/admin\\\/\"}]}<\/script>\n<!-- \/ Yoast SEO plugin. -->","yoast_head_json":{"title":"\u201cGjeografia\u201d e fillores, ne\u0308n verifikim pe\u0308r \u201cincident diplomatik\u201d - FjALA e LIR\u00cb - Arkivi","robots":{"index":"index","follow":"follow","max-snippet":"max-snippet:-1","max-image-preview":"max-image-preview:large","max-video-preview":"max-video-preview:-1"},"canonical":"https:\/\/fjala.info\/2009-2015\/gjeografia-e-fillores-ne\u0308n-verifikim-pe\u0308r-incident-diplomatik\/","og_locale":"sq_AL","og_type":"article","og_title":"\u201cGjeografia\u201d e fillores, ne\u0308n verifikim pe\u0308r \u201cincident diplomatik\u201d - FjALA e LIR\u00cb - Arkivi","og_description":"Maksim Sinemati, 24.07.2011 Gazeta serbe: Ministria shqiptare ka lejuar t\u00eb thuhet se shteti i madh i Shqip\u00ebris\u00eb shtrihet n\u00eb gjith\u00eb Kosov\u00ebn N\u00eb lib\u00ebr shkollor q\u00eb p\u00ebrdoret p\u00ebr t\u00eb m\u00ebsuar nx\u00ebn\u00ebsit n\u00eb shkollat shqiptare rezulton t\u00eb jet\u00eb me gabime, por edhe moll\u00eb sherri, deri atje sa t\u00eb shkaktoj\u00eb edhe probleme e diskutime t\u00eb p\u00ebrmasave nd\u00ebrkomb\u00ebtare. P\u00ebr [&hellip;]","og_url":"https:\/\/fjala.info\/2009-2015\/gjeografia-e-fillores-ne\u0308n-verifikim-pe\u0308r-incident-diplomatik\/","og_site_name":"FjALA e LIR\u00cb - Arkivi","article_published_time":"2011-07-24T21:44:34+00:00","author":"admin","twitter_card":"summary_large_image","twitter_misc":{"Written by":"admin","Est. reading time":"3 minutes"},"schema":{"@context":"https:\/\/schema.org","@graph":[{"@type":"Article","@id":"https:\/\/fjala.info\/2009-2015\/gjeografia-e-fillores-ne%cc%88n-verifikim-pe%cc%88r-incident-diplomatik\/#article","isPartOf":{"@id":"https:\/\/fjala.info\/2009-2015\/gjeografia-e-fillores-ne%cc%88n-verifikim-pe%cc%88r-incident-diplomatik\/"},"author":{"name":"admin","@id":"https:\/\/fjala.info\/2009-2015\/#\/schema\/person\/3aa1163ef05469c496fc94e77611ada2"},"headline":"\u201cGjeografia\u201d e fillores, ne\u0308n verifikim pe\u0308r \u201cincident diplomatik\u201d","datePublished":"2011-07-24T21:44:34+00:00","mainEntityOfPage":{"@id":"https:\/\/fjala.info\/2009-2015\/gjeografia-e-fillores-ne%cc%88n-verifikim-pe%cc%88r-incident-diplomatik\/"},"wordCount":652,"commentCount":0,"publisher":{"@id":"https:\/\/fjala.info\/2009-2015\/#organization"},"articleSection":["Artikuj"],"inLanguage":"sq-AL","potentialAction":[{"@type":"CommentAction","name":"Comment","target":["https:\/\/fjala.info\/2009-2015\/gjeografia-e-fillores-ne%cc%88n-verifikim-pe%cc%88r-incident-diplomatik\/#respond"]}]},{"@type":"WebPage","@id":"https:\/\/fjala.info\/2009-2015\/gjeografia-e-fillores-ne%cc%88n-verifikim-pe%cc%88r-incident-diplomatik\/","url":"https:\/\/fjala.info\/2009-2015\/gjeografia-e-fillores-ne%cc%88n-verifikim-pe%cc%88r-incident-diplomatik\/","name":"\u201cGjeografia\u201d e fillores, ne\u0308n verifikim pe\u0308r \u201cincident diplomatik\u201d - FjALA e LIR\u00cb - Arkivi","isPartOf":{"@id":"https:\/\/fjala.info\/2009-2015\/#website"},"datePublished":"2011-07-24T21:44:34+00:00","breadcrumb":{"@id":"https:\/\/fjala.info\/2009-2015\/gjeografia-e-fillores-ne%cc%88n-verifikim-pe%cc%88r-incident-diplomatik\/#breadcrumb"},"inLanguage":"sq-AL","potentialAction":[{"@type":"ReadAction","target":["https:\/\/fjala.info\/2009-2015\/gjeografia-e-fillores-ne%cc%88n-verifikim-pe%cc%88r-incident-diplomatik\/"]}]},{"@type":"BreadcrumbList","@id":"https:\/\/fjala.info\/2009-2015\/gjeografia-e-fillores-ne%cc%88n-verifikim-pe%cc%88r-incident-diplomatik\/#breadcrumb","itemListElement":[{"@type":"ListItem","position":1,"name":"Home","item":"https:\/\/fjala.info\/2009-2015\/"},{"@type":"ListItem","position":2,"name":"\u201cGjeografia\u201d e fillores, ne\u0308n verifikim pe\u0308r \u201cincident diplomatik\u201d"}]},{"@type":"WebSite","@id":"https:\/\/fjala.info\/2009-2015\/#website","url":"https:\/\/fjala.info\/2009-2015\/","name":"FjALA e LIR\u00cb - Arkivi","description":"Arkivi 2009-2015","publisher":{"@id":"https:\/\/fjala.info\/2009-2015\/#organization"},"potentialAction":[{"@type":"SearchAction","target":{"@type":"EntryPoint","urlTemplate":"https:\/\/fjala.info\/2009-2015\/?s={search_term_string}"},"query-input":{"@type":"PropertyValueSpecification","valueRequired":true,"valueName":"search_term_string"}}],"inLanguage":"sq-AL"},{"@type":"Organization","@id":"https:\/\/fjala.info\/2009-2015\/#organization","name":"FjALA e LIR\u00cb - Arkivi","url":"https:\/\/fjala.info\/2009-2015\/","logo":{"@type":"ImageObject","inLanguage":"sq-AL","@id":"https:\/\/fjala.info\/2009-2015\/#\/schema\/logo\/image\/","url":"","contentUrl":"","caption":"FjALA e LIR\u00cb - Arkivi"},"image":{"@id":"https:\/\/fjala.info\/2009-2015\/#\/schema\/logo\/image\/"}},{"@type":"Person","@id":"https:\/\/fjala.info\/2009-2015\/#\/schema\/person\/3aa1163ef05469c496fc94e77611ada2","name":"admin","image":{"@type":"ImageObject","inLanguage":"sq-AL","@id":"https:\/\/fjala.info\/2009-2015\/wp-content\/uploads\/2012\/02\/arben_cokaj-120x150.jpg","url":"https:\/\/fjala.info\/2009-2015\/wp-content\/uploads\/2012\/02\/arben_cokaj-120x150.jpg","contentUrl":"https:\/\/fjala.info\/2009-2015\/wp-content\/uploads\/2012\/02\/arben_cokaj-120x150.jpg","caption":"admin"},"description":"Admin, Fjala e Lir\u00eb","sameAs":["https:\/\/fjala.info\/"],"url":"https:\/\/fjala.info\/2009-2015\/author\/admin\/"}]}},"_links":{"self":[{"href":"https:\/\/fjala.info\/2009-2015\/wp-json\/wp\/v2\/posts\/9616","targetHints":{"allow":["GET"]}}],"collection":[{"href":"https:\/\/fjala.info\/2009-2015\/wp-json\/wp\/v2\/posts"}],"about":[{"href":"https:\/\/fjala.info\/2009-2015\/wp-json\/wp\/v2\/types\/post"}],"author":[{"embeddable":true,"href":"https:\/\/fjala.info\/2009-2015\/wp-json\/wp\/v2\/users\/1"}],"replies":[{"embeddable":true,"href":"https:\/\/fjala.info\/2009-2015\/wp-json\/wp\/v2\/comments?post=9616"}],"version-history":[{"count":0,"href":"https:\/\/fjala.info\/2009-2015\/wp-json\/wp\/v2\/posts\/9616\/revisions"}],"wp:attachment":[{"href":"https:\/\/fjala.info\/2009-2015\/wp-json\/wp\/v2\/media?parent=9616"}],"wp:term":[{"taxonomy":"category","embeddable":true,"href":"https:\/\/fjala.info\/2009-2015\/wp-json\/wp\/v2\/categories?post=9616"},{"taxonomy":"post_tag","embeddable":true,"href":"https:\/\/fjala.info\/2009-2015\/wp-json\/wp\/v2\/tags?post=9616"}],"curies":[{"name":"wp","href":"https:\/\/api.w.org\/{rel}","templated":true}]}}