{"id":9515,"date":"2011-07-18T06:37:51","date_gmt":"2011-07-18T05:37:51","guid":{"rendered":"http:\/\/fjala.shkoder.net\/?p=9515"},"modified":"2011-07-18T06:37:51","modified_gmt":"2011-07-18T05:37:51","slug":"ne-kerkim-te-gogolit","status":"publish","type":"post","link":"https:\/\/fjala.info\/2009-2015\/ne-kerkim-te-gogolit\/","title":{"rendered":"N\u00cb K\u00cbRKIM T\u00cb GOGOLIT"},"content":{"rendered":"<p><img decoding=\"async\" class=\"alignright size-thumbnail wp-image-7236\" title=\"Sokol Balla\" src=\"http:\/\/www.shkoder.net\/images\/fjala\/sokol_balla.jpg\" alt=\"\" width=\"150\" \/> <strong>Sokol Balla<\/strong><\/p>\n<p>Dikur t\u00eb vegj\u00ebl na ushqenin edhe me frik\u00ebn e Gogolit. Ndonj\u00ebher\u00eb babai futej n\u00eb dhom\u00ebn tjet\u00ebr dhe b\u00ebnte \u201cUUUU\u201d, q\u00eb ne t\u00eb hanim ushqimin. Jo gjithmon\u00eb funksiononte, bile merrte dhe p\u00ebr keq, se krijonte edhe trauma q\u00eb mezi iknin nga memorja e nj\u00eb f\u00ebmije: a ka apo jo gogol? N\u00eb fund nuk kishte shum\u00eb r\u00ebnd\u00ebsi, se Gogoli ekzistonte, sa koh\u00eb ishte n\u00eb kokat tona.<\/p>\n<p>Sot, n\u00eb fund t\u00eb sezonit politik, viti duket t\u00eb ket\u00eb qen\u00eb shum\u00eb i gjat\u00eb, edhe p\u00ebr shkak t\u00eb pranis\u00eb virtuale t\u00eb Gogolit.<\/p>\n<p>Koncesionet, lejet e nd\u00ebrtimit, Oketa, Paulini, Tan Prifti, Edi, e shoqja e re, Gjel Tavo, Ka\u00e7i i zi, Meta dhe e v\u00ebrteta, 21 janari, Hekurani, Aleksi, Ziveri, Faruku, i biri, Luli, e bija, Elvisi, Griselda, femija (q\u00eb nuk ishte), Lala q\u00eb mundi Hushin, Rosinanti q\u00eb s\u2019trembi Gjushin, Peleshi dhe rivali i tij i leshit, \u201cmanita\u201d dhe Sash-Enka, Beni, qeni dhe legeni, Klosi, Lazja dhe \u201cqerosi\u201d. Kudo \u00ebsht\u00eb hija e tij. E Gogolit.<\/p>\n<p>Viti ka qen\u00eb plot ngjarje dhe ngjyra, plot personazhe tragjike dhe komike. Po n\u00eb fund fitoi s\u00ebrish fantazma e gogolit. S\u00ebrish n\u00eb jet\u00ebt tona nd\u00ebrhyri vrullsh\u00ebm \u201cDisidenti\u201d dhe rekrut\u00ebt e tij. S\u00ebrish t\u00eb gjith\u00eb thirr\u00ebm: \u201cAh, k\u00ebt\u00eb s\u2019e mund do m\u00ebr vlla!\u201d. As me vota.<\/p>\n<p>Dhe k\u00ebtu \u00ebsht\u00eb thelbi. Sali Berisha \u00ebsht\u00eb kthyer n\u00eb nj\u00eb obsesion komb\u00ebtar. Vet\u00eb i pari, kur merem me t\u00eb dhe ja p\u00ebrmend emrin, nickname-in (k\u00ebt\u00eb t\u00eb riun dhe at\u00eb t\u00eb vjetrin). Pastaj gjith\u00eb koleg\u00ebt e mi, ata q\u00eb e shajn\u00eb dhe ata q\u00eb e l\u00ebpijn\u00eb. Po ndonj\u00ebher\u00eb edhe e m\u00ebshirojn\u00eb. Edhe vet\u00eb ndonj\u00ebher\u00eb kur nuk jam dakort kur i sulmojn\u00eb f\u00ebmij\u00ebt, se mendoj: \u201cJa edhe un\u00eb, po t\u00eb m\u00eb ngacmojn\u00eb f\u00ebmij\u00ebt, k\u00ebshtu do b\u00ebhesha\u201d.<\/p>\n<p>Dhe k\u00ebtu lind, (jo tek un\u00eb, por te t\u00eb tjer\u00eb q\u00eb logjikojn\u00eb pak m\u00eb ndryshe dhe shkurt), vota e solidaritetit. Vot\u00eb q\u00eb mbajti kat\u00ebr vjet n\u00eb pushtet Berluskonin, megjith\u00eb pallimet e tij masive me kurvat e t\u00eb gjith\u00eb flamujve. Se ishte vota e italianit mesatar, q\u00eb harxhon nj\u00eb t\u00eb tret\u00ebn e t\u00eb ardhurave vjetore, n\u00eb prostituta e transvestit\u00eb. E nj\u00ebjta gj\u00eb ndodh edhe tek ne. Saliu vras\u00ebs?<\/p>\n<p>Po pse, sa her\u00eb b\u00ebhemi ne gati t\u00eb vrasim dik\u00eb, vet\u00ebm se na z\u00ebn\u00eb rrug\u00ebn n\u00eb parking, apo kur na pikon banjo e komshiut? Saliu korruptues? Por kur \u00ebsht\u00eb hera e fundit q\u00eb NUK ke dh\u00ebn\u00eb para, p\u00ebr t\u00eb marr\u00eb nj\u00eb provim, nj\u00eb licens\u00eb, nj\u00eb patent\u00eb t\u00eb kapur nga policia, dhe i je g\u00ebzuar marrjes para kohe t\u00eb dokumentit, pa\u00e7ka se kontribuove n\u00eb korrupsionin kolektiv t\u00eb shoq\u00ebris\u00eb? Saliu hajdut? Por kur \u00ebsht\u00eb hera e fundit q\u00eb ke gjetur di\u00e7ka t\u00eb vyer q\u00eb i ka humbur dikujt dhe e ke kthyer n\u00eb polici? Sashenka shiti ndeshjen? Por kur ke fituar nj\u00eb gjyq pa dh\u00ebn\u00eb nj\u00eb million lek\u00eb? Kur?<\/p>\n<p>E pra k\u00ebtu \u00ebsht\u00eb p\u00ebrgjigja, se megjith\u00eb uljen e pensioneve, rritjen e dritave, vrasjet e opozitar\u00ebve, grabitjen e votave, bekimin e vjedhjes n\u00eb gjykata e kolegj, sot Saliu \u00ebsht\u00eb Gogoli yn\u00eb m\u00eb i votuar. Ai ja ka arritur t\u00eb na b\u00ebj\u00eb t\u00eb gjith\u00eb si vetja. V\u00ebrtet \u201cFajin e ka Saliu\u201d, por p\u00ebr sa koh\u00eb Saliu \u201cis one of us\u201d, ai do t\u00eb fitoj\u00eb. Ndaj sot nuk e kan\u00eb p\u00ebr gj\u00eb t\u00eb rreshtohen p\u00ebrkrah tij, nj\u00eb ylber i gjer\u00eb personazhesh, sepse \u201cgogoli\u201d q\u00eb kemi krijuar vet\u00eb, \u00ebsht\u00eb si p\u00ebrbind\u00ebshi i Frankenshtajnit: dikujt i ka marr\u00eb syrin, dikujt k\u00ebmb\u00ebn, e dikujt dor\u00ebn.<\/p>\n<p>Nga Ka\u00e7i i zi (me dy kobure, vret hardhuca n\u00ebp\u00ebr mure) e deri tek Sashenka. E cila sigurisht nuk ja ka harruar Saliut akuzat p\u00ebr Kuqon. Deri sa erdhi dita q\u00eb ai trokiti n\u00eb der\u00ebn e saj, p\u00ebr Kuqon e tij t\u00eb qeshur. Me siguri zonja e r\u00ebnd\u00eb ka menduar me qes\u00ebndi: \u201cErdhe \u00eb, e shikon q\u00eb jemi nj\u00ebsoj?\u201d. Dhe ja liroi edhe atij, kuqon e tij. Un\u00eb mendoj falas. E ku ka k\u00ebnaq\u00ebsi m\u00eb t\u00eb madhe se kjo?<\/p>\n<p>Me k\u00ebt\u00eb, nuk dua t\u00eb them se t\u00eb gjith\u00eb ne jemi gogol\u00eb. Por t\u00eb gjith\u00eb ne kemi gogolin ton\u00eb q\u00eb na tremb n\u00eb kokat tona. Por para se ta luftojm\u00eb p\u00ebrbind\u00ebshin q\u00eb krijuam vet\u00eb, duhet ta luftojm\u00eb at\u00eb Brenda nesh. Si betej\u00eb duket e v\u00ebshtir\u00eb dhe e gjat\u00eb. Vet\u00ebm kur ta kuptojm\u00eb se \u201cfajin e kemi t\u00eb gjith\u00eb ne\u201d, at\u00ebher\u00eb do t\u00eb nis\u00eb katarsisi i v\u00ebrtet\u00eb. Nd\u00ebrkoh\u00eb Saliu duhet l\u00ebn\u00eb n\u00eb p\u00ebrrall\u00ebn q\u00eb po jeton vet\u00eb i lumtur dhe i eksituar.<\/p>\n<p>Por n\u00eb fund t\u00eb fundit ai nuk \u00ebsht\u00eb Gogol. Esht\u00eb thjesht nj\u00eb plak i lodhur me fantazi t\u00eb shfrenuar, e ardhmja e t\u00eb cilit dihet.<\/p>\n","protected":false},"excerpt":{"rendered":"<p>Sokol Balla Dikur t\u00eb vegj\u00ebl na ushqenin edhe me frik\u00ebn e Gogolit. Ndonj\u00ebher\u00eb babai futej n\u00eb dhom\u00ebn tjet\u00ebr dhe b\u00ebnte \u201cUUUU\u201d, q\u00eb ne t\u00eb hanim ushqimin. Jo gjithmon\u00eb funksiononte, bile merrte dhe p\u00ebr keq, se krijonte edhe trauma q\u00eb mezi iknin nga memorja e nj\u00eb f\u00ebmije: a ka apo jo gogol? N\u00eb fund nuk kishte [&hellip;]<\/p>\n","protected":false},"author":1,"featured_media":0,"comment_status":"open","ping_status":"closed","sticky":false,"template":"","format":"standard","meta":{"footnotes":""},"categories":[2],"tags":[],"class_list":{"0":"post-9515","1":"post","2":"type-post","3":"status-publish","4":"format-standard","6":"category-artikuj"},"yoast_head":"<!-- This site is optimized with the Yoast SEO plugin v27.4 - https:\/\/yoast.com\/product\/yoast-seo-wordpress\/ -->\n<title>N\u00cb K\u00cbRKIM T\u00cb GOGOLIT - FjALA e LIR\u00cb - Arkivi<\/title>\n<meta name=\"robots\" content=\"index, follow, max-snippet:-1, max-image-preview:large, max-video-preview:-1\" \/>\n<link rel=\"canonical\" href=\"https:\/\/fjala.info\/2009-2015\/ne-kerkim-te-gogolit\/\" \/>\n<meta property=\"og:locale\" content=\"sq_AL\" \/>\n<meta property=\"og:type\" content=\"article\" \/>\n<meta property=\"og:title\" content=\"N\u00cb K\u00cbRKIM T\u00cb GOGOLIT - FjALA e LIR\u00cb - Arkivi\" \/>\n<meta property=\"og:description\" content=\"Sokol Balla Dikur t\u00eb vegj\u00ebl na ushqenin edhe me frik\u00ebn e Gogolit. Ndonj\u00ebher\u00eb babai futej n\u00eb dhom\u00ebn tjet\u00ebr dhe b\u00ebnte \u201cUUUU\u201d, q\u00eb ne t\u00eb hanim ushqimin. Jo gjithmon\u00eb funksiononte, bile merrte dhe p\u00ebr keq, se krijonte edhe trauma q\u00eb mezi iknin nga memorja e nj\u00eb f\u00ebmije: a ka apo jo gogol? N\u00eb fund nuk kishte [&hellip;]\" \/>\n<meta property=\"og:url\" content=\"https:\/\/fjala.info\/2009-2015\/ne-kerkim-te-gogolit\/\" \/>\n<meta property=\"og:site_name\" content=\"FjALA e LIR\u00cb - Arkivi\" \/>\n<meta property=\"article:published_time\" content=\"2011-07-18T05:37:51+00:00\" \/>\n<meta property=\"og:image\" content=\"http:\/\/www.shkoder.net\/images\/fjala\/sokol_balla.jpg\" \/>\n<meta name=\"author\" content=\"admin\" \/>\n<meta name=\"twitter:card\" content=\"summary_large_image\" \/>\n<meta name=\"twitter:label1\" content=\"Written by\" \/>\n\t<meta name=\"twitter:data1\" content=\"admin\" \/>\n\t<meta name=\"twitter:label2\" content=\"Est. reading time\" \/>\n\t<meta name=\"twitter:data2\" content=\"4 minutes\" \/>\n<script type=\"application\/ld+json\" class=\"yoast-schema-graph\">{\"@context\":\"https:\\\/\\\/schema.org\",\"@graph\":[{\"@type\":\"Article\",\"@id\":\"https:\\\/\\\/fjala.info\\\/2009-2015\\\/ne-kerkim-te-gogolit\\\/#article\",\"isPartOf\":{\"@id\":\"https:\\\/\\\/fjala.info\\\/2009-2015\\\/ne-kerkim-te-gogolit\\\/\"},\"author\":{\"name\":\"admin\",\"@id\":\"https:\\\/\\\/fjala.info\\\/2009-2015\\\/#\\\/schema\\\/person\\\/3aa1163ef05469c496fc94e77611ada2\"},\"headline\":\"N\u00cb K\u00cbRKIM T\u00cb GOGOLIT\",\"datePublished\":\"2011-07-18T05:37:51+00:00\",\"mainEntityOfPage\":{\"@id\":\"https:\\\/\\\/fjala.info\\\/2009-2015\\\/ne-kerkim-te-gogolit\\\/\"},\"wordCount\":833,\"commentCount\":1,\"publisher\":{\"@id\":\"https:\\\/\\\/fjala.info\\\/2009-2015\\\/#organization\"},\"image\":{\"@id\":\"https:\\\/\\\/fjala.info\\\/2009-2015\\\/ne-kerkim-te-gogolit\\\/#primaryimage\"},\"thumbnailUrl\":\"http:\\\/\\\/www.shkoder.net\\\/images\\\/fjala\\\/sokol_balla.jpg\",\"articleSection\":[\"Artikuj\"],\"inLanguage\":\"sq-AL\",\"potentialAction\":[{\"@type\":\"CommentAction\",\"name\":\"Comment\",\"target\":[\"https:\\\/\\\/fjala.info\\\/2009-2015\\\/ne-kerkim-te-gogolit\\\/#respond\"]}]},{\"@type\":\"WebPage\",\"@id\":\"https:\\\/\\\/fjala.info\\\/2009-2015\\\/ne-kerkim-te-gogolit\\\/\",\"url\":\"https:\\\/\\\/fjala.info\\\/2009-2015\\\/ne-kerkim-te-gogolit\\\/\",\"name\":\"N\u00cb K\u00cbRKIM T\u00cb GOGOLIT - FjALA e LIR\u00cb - Arkivi\",\"isPartOf\":{\"@id\":\"https:\\\/\\\/fjala.info\\\/2009-2015\\\/#website\"},\"primaryImageOfPage\":{\"@id\":\"https:\\\/\\\/fjala.info\\\/2009-2015\\\/ne-kerkim-te-gogolit\\\/#primaryimage\"},\"image\":{\"@id\":\"https:\\\/\\\/fjala.info\\\/2009-2015\\\/ne-kerkim-te-gogolit\\\/#primaryimage\"},\"thumbnailUrl\":\"http:\\\/\\\/www.shkoder.net\\\/images\\\/fjala\\\/sokol_balla.jpg\",\"datePublished\":\"2011-07-18T05:37:51+00:00\",\"breadcrumb\":{\"@id\":\"https:\\\/\\\/fjala.info\\\/2009-2015\\\/ne-kerkim-te-gogolit\\\/#breadcrumb\"},\"inLanguage\":\"sq-AL\",\"potentialAction\":[{\"@type\":\"ReadAction\",\"target\":[\"https:\\\/\\\/fjala.info\\\/2009-2015\\\/ne-kerkim-te-gogolit\\\/\"]}]},{\"@type\":\"ImageObject\",\"inLanguage\":\"sq-AL\",\"@id\":\"https:\\\/\\\/fjala.info\\\/2009-2015\\\/ne-kerkim-te-gogolit\\\/#primaryimage\",\"url\":\"http:\\\/\\\/www.shkoder.net\\\/images\\\/fjala\\\/sokol_balla.jpg\",\"contentUrl\":\"http:\\\/\\\/www.shkoder.net\\\/images\\\/fjala\\\/sokol_balla.jpg\"},{\"@type\":\"BreadcrumbList\",\"@id\":\"https:\\\/\\\/fjala.info\\\/2009-2015\\\/ne-kerkim-te-gogolit\\\/#breadcrumb\",\"itemListElement\":[{\"@type\":\"ListItem\",\"position\":1,\"name\":\"Home\",\"item\":\"https:\\\/\\\/fjala.info\\\/2009-2015\\\/\"},{\"@type\":\"ListItem\",\"position\":2,\"name\":\"N\u00cb K\u00cbRKIM T\u00cb GOGOLIT\"}]},{\"@type\":\"WebSite\",\"@id\":\"https:\\\/\\\/fjala.info\\\/2009-2015\\\/#website\",\"url\":\"https:\\\/\\\/fjala.info\\\/2009-2015\\\/\",\"name\":\"FjALA e LIR\u00cb - Arkivi\",\"description\":\"Arkivi 2009-2015\",\"publisher\":{\"@id\":\"https:\\\/\\\/fjala.info\\\/2009-2015\\\/#organization\"},\"potentialAction\":[{\"@type\":\"SearchAction\",\"target\":{\"@type\":\"EntryPoint\",\"urlTemplate\":\"https:\\\/\\\/fjala.info\\\/2009-2015\\\/?s={search_term_string}\"},\"query-input\":{\"@type\":\"PropertyValueSpecification\",\"valueRequired\":true,\"valueName\":\"search_term_string\"}}],\"inLanguage\":\"sq-AL\"},{\"@type\":\"Organization\",\"@id\":\"https:\\\/\\\/fjala.info\\\/2009-2015\\\/#organization\",\"name\":\"FjALA e LIR\u00cb - Arkivi\",\"url\":\"https:\\\/\\\/fjala.info\\\/2009-2015\\\/\",\"logo\":{\"@type\":\"ImageObject\",\"inLanguage\":\"sq-AL\",\"@id\":\"https:\\\/\\\/fjala.info\\\/2009-2015\\\/#\\\/schema\\\/logo\\\/image\\\/\",\"url\":\"\",\"contentUrl\":\"\",\"caption\":\"FjALA e LIR\u00cb - Arkivi\"},\"image\":{\"@id\":\"https:\\\/\\\/fjala.info\\\/2009-2015\\\/#\\\/schema\\\/logo\\\/image\\\/\"}},{\"@type\":\"Person\",\"@id\":\"https:\\\/\\\/fjala.info\\\/2009-2015\\\/#\\\/schema\\\/person\\\/3aa1163ef05469c496fc94e77611ada2\",\"name\":\"admin\",\"image\":{\"@type\":\"ImageObject\",\"inLanguage\":\"sq-AL\",\"@id\":\"https:\\\/\\\/fjala.info\\\/2009-2015\\\/wp-content\\\/uploads\\\/2012\\\/02\\\/arben_cokaj-120x150.jpg\",\"url\":\"https:\\\/\\\/fjala.info\\\/2009-2015\\\/wp-content\\\/uploads\\\/2012\\\/02\\\/arben_cokaj-120x150.jpg\",\"contentUrl\":\"https:\\\/\\\/fjala.info\\\/2009-2015\\\/wp-content\\\/uploads\\\/2012\\\/02\\\/arben_cokaj-120x150.jpg\",\"caption\":\"admin\"},\"description\":\"Admin, Fjala e Lir\u00eb\",\"sameAs\":[\"https:\\\/\\\/fjala.info\\\/\"],\"url\":\"https:\\\/\\\/fjala.info\\\/2009-2015\\\/author\\\/admin\\\/\"}]}<\/script>\n<!-- \/ Yoast SEO plugin. -->","yoast_head_json":{"title":"N\u00cb K\u00cbRKIM T\u00cb GOGOLIT - FjALA e LIR\u00cb - Arkivi","robots":{"index":"index","follow":"follow","max-snippet":"max-snippet:-1","max-image-preview":"max-image-preview:large","max-video-preview":"max-video-preview:-1"},"canonical":"https:\/\/fjala.info\/2009-2015\/ne-kerkim-te-gogolit\/","og_locale":"sq_AL","og_type":"article","og_title":"N\u00cb K\u00cbRKIM T\u00cb GOGOLIT - FjALA e LIR\u00cb - Arkivi","og_description":"Sokol Balla Dikur t\u00eb vegj\u00ebl na ushqenin edhe me frik\u00ebn e Gogolit. Ndonj\u00ebher\u00eb babai futej n\u00eb dhom\u00ebn tjet\u00ebr dhe b\u00ebnte \u201cUUUU\u201d, q\u00eb ne t\u00eb hanim ushqimin. Jo gjithmon\u00eb funksiononte, bile merrte dhe p\u00ebr keq, se krijonte edhe trauma q\u00eb mezi iknin nga memorja e nj\u00eb f\u00ebmije: a ka apo jo gogol? N\u00eb fund nuk kishte [&hellip;]","og_url":"https:\/\/fjala.info\/2009-2015\/ne-kerkim-te-gogolit\/","og_site_name":"FjALA e LIR\u00cb - Arkivi","article_published_time":"2011-07-18T05:37:51+00:00","og_image":[{"url":"http:\/\/www.shkoder.net\/images\/fjala\/sokol_balla.jpg","type":"","width":"","height":""}],"author":"admin","twitter_card":"summary_large_image","twitter_misc":{"Written by":"admin","Est. reading time":"4 minutes"},"schema":{"@context":"https:\/\/schema.org","@graph":[{"@type":"Article","@id":"https:\/\/fjala.info\/2009-2015\/ne-kerkim-te-gogolit\/#article","isPartOf":{"@id":"https:\/\/fjala.info\/2009-2015\/ne-kerkim-te-gogolit\/"},"author":{"name":"admin","@id":"https:\/\/fjala.info\/2009-2015\/#\/schema\/person\/3aa1163ef05469c496fc94e77611ada2"},"headline":"N\u00cb K\u00cbRKIM T\u00cb GOGOLIT","datePublished":"2011-07-18T05:37:51+00:00","mainEntityOfPage":{"@id":"https:\/\/fjala.info\/2009-2015\/ne-kerkim-te-gogolit\/"},"wordCount":833,"commentCount":1,"publisher":{"@id":"https:\/\/fjala.info\/2009-2015\/#organization"},"image":{"@id":"https:\/\/fjala.info\/2009-2015\/ne-kerkim-te-gogolit\/#primaryimage"},"thumbnailUrl":"http:\/\/www.shkoder.net\/images\/fjala\/sokol_balla.jpg","articleSection":["Artikuj"],"inLanguage":"sq-AL","potentialAction":[{"@type":"CommentAction","name":"Comment","target":["https:\/\/fjala.info\/2009-2015\/ne-kerkim-te-gogolit\/#respond"]}]},{"@type":"WebPage","@id":"https:\/\/fjala.info\/2009-2015\/ne-kerkim-te-gogolit\/","url":"https:\/\/fjala.info\/2009-2015\/ne-kerkim-te-gogolit\/","name":"N\u00cb K\u00cbRKIM T\u00cb GOGOLIT - FjALA e LIR\u00cb - Arkivi","isPartOf":{"@id":"https:\/\/fjala.info\/2009-2015\/#website"},"primaryImageOfPage":{"@id":"https:\/\/fjala.info\/2009-2015\/ne-kerkim-te-gogolit\/#primaryimage"},"image":{"@id":"https:\/\/fjala.info\/2009-2015\/ne-kerkim-te-gogolit\/#primaryimage"},"thumbnailUrl":"http:\/\/www.shkoder.net\/images\/fjala\/sokol_balla.jpg","datePublished":"2011-07-18T05:37:51+00:00","breadcrumb":{"@id":"https:\/\/fjala.info\/2009-2015\/ne-kerkim-te-gogolit\/#breadcrumb"},"inLanguage":"sq-AL","potentialAction":[{"@type":"ReadAction","target":["https:\/\/fjala.info\/2009-2015\/ne-kerkim-te-gogolit\/"]}]},{"@type":"ImageObject","inLanguage":"sq-AL","@id":"https:\/\/fjala.info\/2009-2015\/ne-kerkim-te-gogolit\/#primaryimage","url":"http:\/\/www.shkoder.net\/images\/fjala\/sokol_balla.jpg","contentUrl":"http:\/\/www.shkoder.net\/images\/fjala\/sokol_balla.jpg"},{"@type":"BreadcrumbList","@id":"https:\/\/fjala.info\/2009-2015\/ne-kerkim-te-gogolit\/#breadcrumb","itemListElement":[{"@type":"ListItem","position":1,"name":"Home","item":"https:\/\/fjala.info\/2009-2015\/"},{"@type":"ListItem","position":2,"name":"N\u00cb K\u00cbRKIM T\u00cb GOGOLIT"}]},{"@type":"WebSite","@id":"https:\/\/fjala.info\/2009-2015\/#website","url":"https:\/\/fjala.info\/2009-2015\/","name":"FjALA e LIR\u00cb - Arkivi","description":"Arkivi 2009-2015","publisher":{"@id":"https:\/\/fjala.info\/2009-2015\/#organization"},"potentialAction":[{"@type":"SearchAction","target":{"@type":"EntryPoint","urlTemplate":"https:\/\/fjala.info\/2009-2015\/?s={search_term_string}"},"query-input":{"@type":"PropertyValueSpecification","valueRequired":true,"valueName":"search_term_string"}}],"inLanguage":"sq-AL"},{"@type":"Organization","@id":"https:\/\/fjala.info\/2009-2015\/#organization","name":"FjALA e LIR\u00cb - Arkivi","url":"https:\/\/fjala.info\/2009-2015\/","logo":{"@type":"ImageObject","inLanguage":"sq-AL","@id":"https:\/\/fjala.info\/2009-2015\/#\/schema\/logo\/image\/","url":"","contentUrl":"","caption":"FjALA e LIR\u00cb - Arkivi"},"image":{"@id":"https:\/\/fjala.info\/2009-2015\/#\/schema\/logo\/image\/"}},{"@type":"Person","@id":"https:\/\/fjala.info\/2009-2015\/#\/schema\/person\/3aa1163ef05469c496fc94e77611ada2","name":"admin","image":{"@type":"ImageObject","inLanguage":"sq-AL","@id":"https:\/\/fjala.info\/2009-2015\/wp-content\/uploads\/2012\/02\/arben_cokaj-120x150.jpg","url":"https:\/\/fjala.info\/2009-2015\/wp-content\/uploads\/2012\/02\/arben_cokaj-120x150.jpg","contentUrl":"https:\/\/fjala.info\/2009-2015\/wp-content\/uploads\/2012\/02\/arben_cokaj-120x150.jpg","caption":"admin"},"description":"Admin, Fjala e Lir\u00eb","sameAs":["https:\/\/fjala.info\/"],"url":"https:\/\/fjala.info\/2009-2015\/author\/admin\/"}]}},"_links":{"self":[{"href":"https:\/\/fjala.info\/2009-2015\/wp-json\/wp\/v2\/posts\/9515","targetHints":{"allow":["GET"]}}],"collection":[{"href":"https:\/\/fjala.info\/2009-2015\/wp-json\/wp\/v2\/posts"}],"about":[{"href":"https:\/\/fjala.info\/2009-2015\/wp-json\/wp\/v2\/types\/post"}],"author":[{"embeddable":true,"href":"https:\/\/fjala.info\/2009-2015\/wp-json\/wp\/v2\/users\/1"}],"replies":[{"embeddable":true,"href":"https:\/\/fjala.info\/2009-2015\/wp-json\/wp\/v2\/comments?post=9515"}],"version-history":[{"count":0,"href":"https:\/\/fjala.info\/2009-2015\/wp-json\/wp\/v2\/posts\/9515\/revisions"}],"wp:attachment":[{"href":"https:\/\/fjala.info\/2009-2015\/wp-json\/wp\/v2\/media?parent=9515"}],"wp:term":[{"taxonomy":"category","embeddable":true,"href":"https:\/\/fjala.info\/2009-2015\/wp-json\/wp\/v2\/categories?post=9515"},{"taxonomy":"post_tag","embeddable":true,"href":"https:\/\/fjala.info\/2009-2015\/wp-json\/wp\/v2\/tags?post=9515"}],"curies":[{"name":"wp","href":"https:\/\/api.w.org\/{rel}","templated":true}]}}