{"id":9513,"date":"2011-07-19T06:35:57","date_gmt":"2011-07-19T05:35:57","guid":{"rendered":"http:\/\/fjala.shkoder.net\/?p=9513"},"modified":"2011-07-19T06:35:57","modified_gmt":"2011-07-19T05:35:57","slug":"perurohet-nje-liber-i-poetit-zef-mulaj-ne-kater-gjuhe-europiane","status":"publish","type":"post","link":"https:\/\/fjala.info\/2009-2015\/perurohet-nje-liber-i-poetit-zef-mulaj-ne-kater-gjuhe-europiane\/","title":{"rendered":"P\u00cbRUROHET NJ\u00cb LIB\u00cbR I POETIT ZEF MULAJ, N\u00cb KAT\u00cbR GJUH\u00cb EUROPIANE"},"content":{"rendered":"<p>(<em>N\u00eb qytetin e Leopardit-Itali<\/em>)<br \/>\n<img decoding=\"async\" class=\"alignleft size-thumbnail wp-image-7236\" title=\"Prof. Murat Gecaj\" src=\"http:\/\/www.shkoder.net\/images\/fjala\/2011\/murat_gecaj.jpg\" alt=\"\" width=\"150\" \/><br \/>\nNga: <strong>Prof. Murat Gecaj<\/strong>, Publicist e studiues &#8211; Tiran\u00eb<\/p>\n<p><strong>M. Gecaj<\/strong><br \/>\nMbr\u00ebm\u00eb, n\u00eb af\u00ebrsi t\u00eb qytetit t\u00eb njohur t\u00eb Ankon\u00ebs-Itali, n\u00eb Porto Recanati, u organizua p\u00ebrurimi i librit t\u00eb poetit shqiptar, Dr. Zef Mulaj, \u201cMerr Per Dore Hijen Time \u201d. Merrnin pjes\u00eb poet\u00eb e shkrimtar\u00eb, dashamir\u00eb t\u00eb artit e kultur\u00ebs, politikan\u00eb dhe bashkatdhetar\u00eb t\u00eb autorit etj. Gjithashtu, ishte i pranish\u00ebm miku i autorit, Prof. Dr. Lamberto Re, pedagog i Universitetit Politeknik, n\u00eb Marke-Itali.<\/p>\n<p>Libri n\u00eb fjal\u00eb \u00ebsht\u00eb n\u00eb af\u00ebr 150 faqe dhe poezit\u00eb jan\u00eb n\u00eb gjuh\u00ebt: shqip, italisht, gjermanisht e anglisht. Recensionin e tij e ka b\u00ebr\u00eb publicisti Sk\u00ebnder Bu\u00e7papaj. P\u00ebr poezit\u00eb n\u00eb gjermanisht kan\u00eb punuar, Dr. Gjin Ndrepepaj e Xhenc Bezhi dhe n\u00eb anglisht, Orion e Jonida Mulaj.<\/p>\n<p style=\"text-align: center;\"><img decoding=\"async\" class=\"aligncenter size-thumbnail wp-image-7236\" title=\"Prof. Lamberto Re dhe Dr. Zef Mulaj\" src=\"http:\/\/www.shkoder.net\/images\/fjala\/2011\/lamberto_re_zef_mulaj.jpg\" alt=\"\" width=\"500\" \/><br \/>\n<em>Nga e majta: Prof. Lamberto Re, duke e p\u00ebrg\u00ebzuar autorin, Dr. Zef Mulaj<\/em><\/p>\n<p>M\u00eb par\u00eb, ky autor ka publikuar dy libra me poezi, n\u00eb Tiran\u00eb, nj\u00eb roman dhe nj\u00eb studim t\u00eb gjat\u00eb e interesant, p\u00ebr bim\u00ebt mjek\u00ebsore t\u00eb Alpeve t\u00eb Shqip\u00ebris\u00eb, pasi \u00ebsht\u00eb me titullDr.neshkencat farmaceutike.<\/p>\n<p style=\"text-align: center;\"><img decoding=\"async\" class=\"aligncenter size-thumbnail wp-image-7236\" title=\"Kopertina\" src=\"http:\/\/www.shkoder.net\/images\/fjala\/2011\/zef_mulaj_prendi.jpg\" alt=\"\" width=\"500\" \/><\/p>\n<p>N\u00eb p\u00ebrurimin, p\u00ebr t\u00eb cilin b\u00ebm\u00eb fjal\u00eb m\u00eb sip\u00ebr, foli me dashamir\u00ebsi dhe vler\u00ebsime t\u00eb larta p\u00ebr autorin Zef Mulaj, poetja dhe kritikja e njohur italiane, presidente e shoqates kulturore-artistike &#8220;Leopardian Community Coro a pi Voci&#8221;, Novella Torregiani. Gjat\u00eb p\u00ebrurimit u b\u00ebn\u00eb recitime t\u00eb disa poezive t\u00eb zgjedhura, n\u00eb kat\u00ebr gjuh\u00ebt europiane.<br \/>\nP\u00ebr k\u00ebt\u00eb ngjarje t\u00eb sh\u00ebnuar, t\u00eb k\u00ebtij autori shqiptar, por dhe t\u00eb atij qyteti Italian, ku u b\u00eb p\u00ebrurimi, shkroi gazeta lokale, \u201cCorriera Adriatica\u201d.<\/p>\n<p style=\"text-align: center;\"><img decoding=\"async\" class=\"aligncenter size-thumbnail wp-image-7236\" title=\"Takim poetik\" src=\"http:\/\/www.shkoder.net\/images\/fjala\/2011\/zm_takim_porto_recanati.jpg\" alt=\"\" width=\"500\" \/><\/p>\n<p>Me k\u00ebt\u00eb rast, e urojm\u00eb nga zemra poetin dhe mikun ton\u00eb, Dr. Zef Mulaj, p\u00ebr k\u00ebt\u00eb p\u00ebrurim! D\u00ebshirojm\u00eb e shpesojm\u00eb t\u00eb lexojm\u00eb prej tij, n\u00eb t\u00eb ardhmen, krijime sa m\u00eb cil\u00ebsore, pra sa m\u00eb t\u00eb p\u00eblqyeshme p\u00ebr lexuesit, n\u00eb gjuh\u00eb t\u00eb ndryshme.<\/p>\n<p style=\"text-align: center;\"><img decoding=\"async\" class=\"aligncenter size-thumbnail wp-image-7236\" title=\"Takim poetik\" src=\"http:\/\/www.shkoder.net\/images\/fjala\/2011\/zm_takim_porto_recanati1.jpg\" alt=\"\" width=\"500\" \/><\/p>\n<p><em>Tiran\u00eb, 17 korrik 2011<\/em><\/p>\n","protected":false},"excerpt":{"rendered":"<p>(N\u00eb qytetin e Leopardit-Itali) Nga: Prof. Murat Gecaj, Publicist e studiues &#8211; Tiran\u00eb M. Gecaj Mbr\u00ebm\u00eb, n\u00eb af\u00ebrsi t\u00eb qytetit t\u00eb njohur t\u00eb Ankon\u00ebs-Itali, n\u00eb Porto Recanati, u organizua p\u00ebrurimi i librit t\u00eb poetit shqiptar, Dr. Zef Mulaj, \u201cMerr Per Dore Hijen Time \u201d. Merrnin pjes\u00eb poet\u00eb e shkrimtar\u00eb, dashamir\u00eb t\u00eb artit e kultur\u00ebs, politikan\u00eb [&hellip;]<\/p>\n","protected":false},"author":1,"featured_media":0,"comment_status":"open","ping_status":"closed","sticky":false,"template":"","format":"standard","meta":{"footnotes":""},"categories":[5,7,9],"tags":[],"class_list":{"0":"post-9513","1":"post","2":"type-post","3":"status-publish","4":"format-standard","6":"category-lajme","7":"category-letersi","8":"category-poezi"},"yoast_head":"<!-- This site is optimized with the Yoast SEO plugin v27.4 - https:\/\/yoast.com\/product\/yoast-seo-wordpress\/ -->\n<title>P\u00cbRUROHET NJ\u00cb LIB\u00cbR I POETIT ZEF MULAJ, N\u00cb KAT\u00cbR GJUH\u00cb EUROPIANE - FjALA e LIR\u00cb - Arkivi<\/title>\n<meta name=\"robots\" content=\"index, follow, max-snippet:-1, max-image-preview:large, max-video-preview:-1\" \/>\n<link rel=\"canonical\" href=\"https:\/\/fjala.info\/2009-2015\/perurohet-nje-liber-i-poetit-zef-mulaj-ne-kater-gjuhe-europiane\/\" \/>\n<meta property=\"og:locale\" content=\"sq_AL\" \/>\n<meta property=\"og:type\" content=\"article\" \/>\n<meta property=\"og:title\" content=\"P\u00cbRUROHET NJ\u00cb LIB\u00cbR I POETIT ZEF MULAJ, N\u00cb KAT\u00cbR GJUH\u00cb EUROPIANE - FjALA e LIR\u00cb - Arkivi\" \/>\n<meta property=\"og:description\" content=\"(N\u00eb qytetin e Leopardit-Itali) Nga: Prof. Murat Gecaj, Publicist e studiues &#8211; Tiran\u00eb M. Gecaj Mbr\u00ebm\u00eb, n\u00eb af\u00ebrsi t\u00eb qytetit t\u00eb njohur t\u00eb Ankon\u00ebs-Itali, n\u00eb Porto Recanati, u organizua p\u00ebrurimi i librit t\u00eb poetit shqiptar, Dr. Zef Mulaj, \u201cMerr Per Dore Hijen Time \u201d. Merrnin pjes\u00eb poet\u00eb e shkrimtar\u00eb, dashamir\u00eb t\u00eb artit e kultur\u00ebs, politikan\u00eb [&hellip;]\" \/>\n<meta property=\"og:url\" content=\"https:\/\/fjala.info\/2009-2015\/perurohet-nje-liber-i-poetit-zef-mulaj-ne-kater-gjuhe-europiane\/\" \/>\n<meta property=\"og:site_name\" content=\"FjALA e LIR\u00cb - Arkivi\" \/>\n<meta property=\"article:published_time\" content=\"2011-07-19T05:35:57+00:00\" \/>\n<meta property=\"og:image\" content=\"http:\/\/www.shkoder.net\/images\/fjala\/2011\/murat_gecaj.jpg\" \/>\n<meta name=\"author\" content=\"admin\" \/>\n<meta name=\"twitter:card\" content=\"summary_large_image\" \/>\n<meta name=\"twitter:label1\" content=\"Written by\" \/>\n\t<meta name=\"twitter:data1\" content=\"admin\" \/>\n\t<meta name=\"twitter:label2\" content=\"Est. reading time\" \/>\n\t<meta name=\"twitter:data2\" content=\"2 minutes\" \/>\n<script type=\"application\/ld+json\" class=\"yoast-schema-graph\">{\"@context\":\"https:\\\/\\\/schema.org\",\"@graph\":[{\"@type\":\"Article\",\"@id\":\"https:\\\/\\\/fjala.info\\\/2009-2015\\\/perurohet-nje-liber-i-poetit-zef-mulaj-ne-kater-gjuhe-europiane\\\/#article\",\"isPartOf\":{\"@id\":\"https:\\\/\\\/fjala.info\\\/2009-2015\\\/perurohet-nje-liber-i-poetit-zef-mulaj-ne-kater-gjuhe-europiane\\\/\"},\"author\":{\"name\":\"admin\",\"@id\":\"https:\\\/\\\/fjala.info\\\/2009-2015\\\/#\\\/schema\\\/person\\\/3aa1163ef05469c496fc94e77611ada2\"},\"headline\":\"P\u00cbRUROHET NJ\u00cb LIB\u00cbR I POETIT ZEF MULAJ, N\u00cb KAT\u00cbR GJUH\u00cb EUROPIANE\",\"datePublished\":\"2011-07-19T05:35:57+00:00\",\"mainEntityOfPage\":{\"@id\":\"https:\\\/\\\/fjala.info\\\/2009-2015\\\/perurohet-nje-liber-i-poetit-zef-mulaj-ne-kater-gjuhe-europiane\\\/\"},\"wordCount\":344,\"commentCount\":0,\"publisher\":{\"@id\":\"https:\\\/\\\/fjala.info\\\/2009-2015\\\/#organization\"},\"image\":{\"@id\":\"https:\\\/\\\/fjala.info\\\/2009-2015\\\/perurohet-nje-liber-i-poetit-zef-mulaj-ne-kater-gjuhe-europiane\\\/#primaryimage\"},\"thumbnailUrl\":\"http:\\\/\\\/www.shkoder.net\\\/images\\\/fjala\\\/2011\\\/murat_gecaj.jpg\",\"articleSection\":[\"Lajme\",\"Let\u00ebrsi\",\"Poezi\"],\"inLanguage\":\"sq-AL\",\"potentialAction\":[{\"@type\":\"CommentAction\",\"name\":\"Comment\",\"target\":[\"https:\\\/\\\/fjala.info\\\/2009-2015\\\/perurohet-nje-liber-i-poetit-zef-mulaj-ne-kater-gjuhe-europiane\\\/#respond\"]}]},{\"@type\":\"WebPage\",\"@id\":\"https:\\\/\\\/fjala.info\\\/2009-2015\\\/perurohet-nje-liber-i-poetit-zef-mulaj-ne-kater-gjuhe-europiane\\\/\",\"url\":\"https:\\\/\\\/fjala.info\\\/2009-2015\\\/perurohet-nje-liber-i-poetit-zef-mulaj-ne-kater-gjuhe-europiane\\\/\",\"name\":\"P\u00cbRUROHET NJ\u00cb LIB\u00cbR I POETIT ZEF MULAJ, N\u00cb KAT\u00cbR GJUH\u00cb EUROPIANE - FjALA e LIR\u00cb - Arkivi\",\"isPartOf\":{\"@id\":\"https:\\\/\\\/fjala.info\\\/2009-2015\\\/#website\"},\"primaryImageOfPage\":{\"@id\":\"https:\\\/\\\/fjala.info\\\/2009-2015\\\/perurohet-nje-liber-i-poetit-zef-mulaj-ne-kater-gjuhe-europiane\\\/#primaryimage\"},\"image\":{\"@id\":\"https:\\\/\\\/fjala.info\\\/2009-2015\\\/perurohet-nje-liber-i-poetit-zef-mulaj-ne-kater-gjuhe-europiane\\\/#primaryimage\"},\"thumbnailUrl\":\"http:\\\/\\\/www.shkoder.net\\\/images\\\/fjala\\\/2011\\\/murat_gecaj.jpg\",\"datePublished\":\"2011-07-19T05:35:57+00:00\",\"breadcrumb\":{\"@id\":\"https:\\\/\\\/fjala.info\\\/2009-2015\\\/perurohet-nje-liber-i-poetit-zef-mulaj-ne-kater-gjuhe-europiane\\\/#breadcrumb\"},\"inLanguage\":\"sq-AL\",\"potentialAction\":[{\"@type\":\"ReadAction\",\"target\":[\"https:\\\/\\\/fjala.info\\\/2009-2015\\\/perurohet-nje-liber-i-poetit-zef-mulaj-ne-kater-gjuhe-europiane\\\/\"]}]},{\"@type\":\"ImageObject\",\"inLanguage\":\"sq-AL\",\"@id\":\"https:\\\/\\\/fjala.info\\\/2009-2015\\\/perurohet-nje-liber-i-poetit-zef-mulaj-ne-kater-gjuhe-europiane\\\/#primaryimage\",\"url\":\"http:\\\/\\\/www.shkoder.net\\\/images\\\/fjala\\\/2011\\\/murat_gecaj.jpg\",\"contentUrl\":\"http:\\\/\\\/www.shkoder.net\\\/images\\\/fjala\\\/2011\\\/murat_gecaj.jpg\"},{\"@type\":\"BreadcrumbList\",\"@id\":\"https:\\\/\\\/fjala.info\\\/2009-2015\\\/perurohet-nje-liber-i-poetit-zef-mulaj-ne-kater-gjuhe-europiane\\\/#breadcrumb\",\"itemListElement\":[{\"@type\":\"ListItem\",\"position\":1,\"name\":\"Home\",\"item\":\"https:\\\/\\\/fjala.info\\\/2009-2015\\\/\"},{\"@type\":\"ListItem\",\"position\":2,\"name\":\"P\u00cbRUROHET NJ\u00cb LIB\u00cbR I POETIT ZEF MULAJ, N\u00cb KAT\u00cbR GJUH\u00cb EUROPIANE\"}]},{\"@type\":\"WebSite\",\"@id\":\"https:\\\/\\\/fjala.info\\\/2009-2015\\\/#website\",\"url\":\"https:\\\/\\\/fjala.info\\\/2009-2015\\\/\",\"name\":\"FjALA e LIR\u00cb - Arkivi\",\"description\":\"Arkivi 2009-2015\",\"publisher\":{\"@id\":\"https:\\\/\\\/fjala.info\\\/2009-2015\\\/#organization\"},\"potentialAction\":[{\"@type\":\"SearchAction\",\"target\":{\"@type\":\"EntryPoint\",\"urlTemplate\":\"https:\\\/\\\/fjala.info\\\/2009-2015\\\/?s={search_term_string}\"},\"query-input\":{\"@type\":\"PropertyValueSpecification\",\"valueRequired\":true,\"valueName\":\"search_term_string\"}}],\"inLanguage\":\"sq-AL\"},{\"@type\":\"Organization\",\"@id\":\"https:\\\/\\\/fjala.info\\\/2009-2015\\\/#organization\",\"name\":\"FjALA e LIR\u00cb - Arkivi\",\"url\":\"https:\\\/\\\/fjala.info\\\/2009-2015\\\/\",\"logo\":{\"@type\":\"ImageObject\",\"inLanguage\":\"sq-AL\",\"@id\":\"https:\\\/\\\/fjala.info\\\/2009-2015\\\/#\\\/schema\\\/logo\\\/image\\\/\",\"url\":\"\",\"contentUrl\":\"\",\"caption\":\"FjALA e LIR\u00cb - Arkivi\"},\"image\":{\"@id\":\"https:\\\/\\\/fjala.info\\\/2009-2015\\\/#\\\/schema\\\/logo\\\/image\\\/\"}},{\"@type\":\"Person\",\"@id\":\"https:\\\/\\\/fjala.info\\\/2009-2015\\\/#\\\/schema\\\/person\\\/3aa1163ef05469c496fc94e77611ada2\",\"name\":\"admin\",\"image\":{\"@type\":\"ImageObject\",\"inLanguage\":\"sq-AL\",\"@id\":\"https:\\\/\\\/fjala.info\\\/2009-2015\\\/wp-content\\\/uploads\\\/2012\\\/02\\\/arben_cokaj-120x150.jpg\",\"url\":\"https:\\\/\\\/fjala.info\\\/2009-2015\\\/wp-content\\\/uploads\\\/2012\\\/02\\\/arben_cokaj-120x150.jpg\",\"contentUrl\":\"https:\\\/\\\/fjala.info\\\/2009-2015\\\/wp-content\\\/uploads\\\/2012\\\/02\\\/arben_cokaj-120x150.jpg\",\"caption\":\"admin\"},\"description\":\"Admin, Fjala e Lir\u00eb\",\"sameAs\":[\"https:\\\/\\\/fjala.info\\\/\"],\"url\":\"https:\\\/\\\/fjala.info\\\/2009-2015\\\/author\\\/admin\\\/\"}]}<\/script>\n<!-- \/ Yoast SEO plugin. -->","yoast_head_json":{"title":"P\u00cbRUROHET NJ\u00cb LIB\u00cbR I POETIT ZEF MULAJ, N\u00cb KAT\u00cbR GJUH\u00cb EUROPIANE - FjALA e LIR\u00cb - Arkivi","robots":{"index":"index","follow":"follow","max-snippet":"max-snippet:-1","max-image-preview":"max-image-preview:large","max-video-preview":"max-video-preview:-1"},"canonical":"https:\/\/fjala.info\/2009-2015\/perurohet-nje-liber-i-poetit-zef-mulaj-ne-kater-gjuhe-europiane\/","og_locale":"sq_AL","og_type":"article","og_title":"P\u00cbRUROHET NJ\u00cb LIB\u00cbR I POETIT ZEF MULAJ, N\u00cb KAT\u00cbR GJUH\u00cb EUROPIANE - FjALA e LIR\u00cb - Arkivi","og_description":"(N\u00eb qytetin e Leopardit-Itali) Nga: Prof. Murat Gecaj, Publicist e studiues &#8211; Tiran\u00eb M. Gecaj Mbr\u00ebm\u00eb, n\u00eb af\u00ebrsi t\u00eb qytetit t\u00eb njohur t\u00eb Ankon\u00ebs-Itali, n\u00eb Porto Recanati, u organizua p\u00ebrurimi i librit t\u00eb poetit shqiptar, Dr. Zef Mulaj, \u201cMerr Per Dore Hijen Time \u201d. Merrnin pjes\u00eb poet\u00eb e shkrimtar\u00eb, dashamir\u00eb t\u00eb artit e kultur\u00ebs, politikan\u00eb [&hellip;]","og_url":"https:\/\/fjala.info\/2009-2015\/perurohet-nje-liber-i-poetit-zef-mulaj-ne-kater-gjuhe-europiane\/","og_site_name":"FjALA e LIR\u00cb - Arkivi","article_published_time":"2011-07-19T05:35:57+00:00","og_image":[{"url":"http:\/\/www.shkoder.net\/images\/fjala\/2011\/murat_gecaj.jpg","type":"","width":"","height":""}],"author":"admin","twitter_card":"summary_large_image","twitter_misc":{"Written by":"admin","Est. reading time":"2 minutes"},"schema":{"@context":"https:\/\/schema.org","@graph":[{"@type":"Article","@id":"https:\/\/fjala.info\/2009-2015\/perurohet-nje-liber-i-poetit-zef-mulaj-ne-kater-gjuhe-europiane\/#article","isPartOf":{"@id":"https:\/\/fjala.info\/2009-2015\/perurohet-nje-liber-i-poetit-zef-mulaj-ne-kater-gjuhe-europiane\/"},"author":{"name":"admin","@id":"https:\/\/fjala.info\/2009-2015\/#\/schema\/person\/3aa1163ef05469c496fc94e77611ada2"},"headline":"P\u00cbRUROHET NJ\u00cb LIB\u00cbR I POETIT ZEF MULAJ, N\u00cb KAT\u00cbR GJUH\u00cb EUROPIANE","datePublished":"2011-07-19T05:35:57+00:00","mainEntityOfPage":{"@id":"https:\/\/fjala.info\/2009-2015\/perurohet-nje-liber-i-poetit-zef-mulaj-ne-kater-gjuhe-europiane\/"},"wordCount":344,"commentCount":0,"publisher":{"@id":"https:\/\/fjala.info\/2009-2015\/#organization"},"image":{"@id":"https:\/\/fjala.info\/2009-2015\/perurohet-nje-liber-i-poetit-zef-mulaj-ne-kater-gjuhe-europiane\/#primaryimage"},"thumbnailUrl":"http:\/\/www.shkoder.net\/images\/fjala\/2011\/murat_gecaj.jpg","articleSection":["Lajme","Let\u00ebrsi","Poezi"],"inLanguage":"sq-AL","potentialAction":[{"@type":"CommentAction","name":"Comment","target":["https:\/\/fjala.info\/2009-2015\/perurohet-nje-liber-i-poetit-zef-mulaj-ne-kater-gjuhe-europiane\/#respond"]}]},{"@type":"WebPage","@id":"https:\/\/fjala.info\/2009-2015\/perurohet-nje-liber-i-poetit-zef-mulaj-ne-kater-gjuhe-europiane\/","url":"https:\/\/fjala.info\/2009-2015\/perurohet-nje-liber-i-poetit-zef-mulaj-ne-kater-gjuhe-europiane\/","name":"P\u00cbRUROHET NJ\u00cb LIB\u00cbR I POETIT ZEF MULAJ, N\u00cb KAT\u00cbR GJUH\u00cb EUROPIANE - FjALA e LIR\u00cb - Arkivi","isPartOf":{"@id":"https:\/\/fjala.info\/2009-2015\/#website"},"primaryImageOfPage":{"@id":"https:\/\/fjala.info\/2009-2015\/perurohet-nje-liber-i-poetit-zef-mulaj-ne-kater-gjuhe-europiane\/#primaryimage"},"image":{"@id":"https:\/\/fjala.info\/2009-2015\/perurohet-nje-liber-i-poetit-zef-mulaj-ne-kater-gjuhe-europiane\/#primaryimage"},"thumbnailUrl":"http:\/\/www.shkoder.net\/images\/fjala\/2011\/murat_gecaj.jpg","datePublished":"2011-07-19T05:35:57+00:00","breadcrumb":{"@id":"https:\/\/fjala.info\/2009-2015\/perurohet-nje-liber-i-poetit-zef-mulaj-ne-kater-gjuhe-europiane\/#breadcrumb"},"inLanguage":"sq-AL","potentialAction":[{"@type":"ReadAction","target":["https:\/\/fjala.info\/2009-2015\/perurohet-nje-liber-i-poetit-zef-mulaj-ne-kater-gjuhe-europiane\/"]}]},{"@type":"ImageObject","inLanguage":"sq-AL","@id":"https:\/\/fjala.info\/2009-2015\/perurohet-nje-liber-i-poetit-zef-mulaj-ne-kater-gjuhe-europiane\/#primaryimage","url":"http:\/\/www.shkoder.net\/images\/fjala\/2011\/murat_gecaj.jpg","contentUrl":"http:\/\/www.shkoder.net\/images\/fjala\/2011\/murat_gecaj.jpg"},{"@type":"BreadcrumbList","@id":"https:\/\/fjala.info\/2009-2015\/perurohet-nje-liber-i-poetit-zef-mulaj-ne-kater-gjuhe-europiane\/#breadcrumb","itemListElement":[{"@type":"ListItem","position":1,"name":"Home","item":"https:\/\/fjala.info\/2009-2015\/"},{"@type":"ListItem","position":2,"name":"P\u00cbRUROHET NJ\u00cb LIB\u00cbR I POETIT ZEF MULAJ, N\u00cb KAT\u00cbR GJUH\u00cb EUROPIANE"}]},{"@type":"WebSite","@id":"https:\/\/fjala.info\/2009-2015\/#website","url":"https:\/\/fjala.info\/2009-2015\/","name":"FjALA e LIR\u00cb - Arkivi","description":"Arkivi 2009-2015","publisher":{"@id":"https:\/\/fjala.info\/2009-2015\/#organization"},"potentialAction":[{"@type":"SearchAction","target":{"@type":"EntryPoint","urlTemplate":"https:\/\/fjala.info\/2009-2015\/?s={search_term_string}"},"query-input":{"@type":"PropertyValueSpecification","valueRequired":true,"valueName":"search_term_string"}}],"inLanguage":"sq-AL"},{"@type":"Organization","@id":"https:\/\/fjala.info\/2009-2015\/#organization","name":"FjALA e LIR\u00cb - Arkivi","url":"https:\/\/fjala.info\/2009-2015\/","logo":{"@type":"ImageObject","inLanguage":"sq-AL","@id":"https:\/\/fjala.info\/2009-2015\/#\/schema\/logo\/image\/","url":"","contentUrl":"","caption":"FjALA e LIR\u00cb - Arkivi"},"image":{"@id":"https:\/\/fjala.info\/2009-2015\/#\/schema\/logo\/image\/"}},{"@type":"Person","@id":"https:\/\/fjala.info\/2009-2015\/#\/schema\/person\/3aa1163ef05469c496fc94e77611ada2","name":"admin","image":{"@type":"ImageObject","inLanguage":"sq-AL","@id":"https:\/\/fjala.info\/2009-2015\/wp-content\/uploads\/2012\/02\/arben_cokaj-120x150.jpg","url":"https:\/\/fjala.info\/2009-2015\/wp-content\/uploads\/2012\/02\/arben_cokaj-120x150.jpg","contentUrl":"https:\/\/fjala.info\/2009-2015\/wp-content\/uploads\/2012\/02\/arben_cokaj-120x150.jpg","caption":"admin"},"description":"Admin, Fjala e Lir\u00eb","sameAs":["https:\/\/fjala.info\/"],"url":"https:\/\/fjala.info\/2009-2015\/author\/admin\/"}]}},"_links":{"self":[{"href":"https:\/\/fjala.info\/2009-2015\/wp-json\/wp\/v2\/posts\/9513","targetHints":{"allow":["GET"]}}],"collection":[{"href":"https:\/\/fjala.info\/2009-2015\/wp-json\/wp\/v2\/posts"}],"about":[{"href":"https:\/\/fjala.info\/2009-2015\/wp-json\/wp\/v2\/types\/post"}],"author":[{"embeddable":true,"href":"https:\/\/fjala.info\/2009-2015\/wp-json\/wp\/v2\/users\/1"}],"replies":[{"embeddable":true,"href":"https:\/\/fjala.info\/2009-2015\/wp-json\/wp\/v2\/comments?post=9513"}],"version-history":[{"count":0,"href":"https:\/\/fjala.info\/2009-2015\/wp-json\/wp\/v2\/posts\/9513\/revisions"}],"wp:attachment":[{"href":"https:\/\/fjala.info\/2009-2015\/wp-json\/wp\/v2\/media?parent=9513"}],"wp:term":[{"taxonomy":"category","embeddable":true,"href":"https:\/\/fjala.info\/2009-2015\/wp-json\/wp\/v2\/categories?post=9513"},{"taxonomy":"post_tag","embeddable":true,"href":"https:\/\/fjala.info\/2009-2015\/wp-json\/wp\/v2\/tags?post=9513"}],"curies":[{"name":"wp","href":"https:\/\/api.w.org\/{rel}","templated":true}]}}