{"id":9511,"date":"2011-07-19T06:19:36","date_gmt":"2011-07-19T05:19:36","guid":{"rendered":"http:\/\/fjala.shkoder.net\/?p=9511"},"modified":"2011-07-19T06:19:36","modified_gmt":"2011-07-19T05:19:36","slug":"bosha-per-tirone-me-e-jo-me-e","status":"publish","type":"post","link":"https:\/\/fjala.info\/2009-2015\/bosha-per-tirone-me-e-jo-me-e\/","title":{"rendered":"BOSHA P\u00cbR TIRONE! (ME E, JO ME \u00cb)"},"content":{"rendered":"<p><img decoding=\"async\" class=\"alignright size-thumbnail wp-image-7236\" title=\"Sokol Balla\" src=\"http:\/\/www.shkoder.net\/images\/fjala\/sokol_balla.jpg\" alt=\"\" width=\"150\" \/>\u00a0<strong>Sokol Balla<\/strong><\/p>\n<p>K\u00ebt\u00eb jav\u00eb lindi nj\u00eb shtet i ri. Quhet Sudani Jugor. T\u00eb shtun\u00ebn ata b\u00ebn\u00eb p\u00ebrurimin, duke krijuar shtetin e 54-t t\u00eb Afrik\u00ebs. Disa media nd\u00ebrkomb\u00ebtare thonin se Sudani Jugor nis gar\u00ebn i fundit, p\u00ebrsa i p\u00ebrket varf\u00ebris\u00eb, por nisur nga m\u00ebnyra sesi lindi si shtet, nuk jam edhe fort i sigurt se nuk kan\u00eb ndonj\u00eb pasuri, p\u00ebr t\u00eb cilat dikush \u00ebsht\u00eb i interesuar.<\/p>\n<p>Turqit gjithashtu k\u00ebto dit\u00eb b\u00ebn\u00eb nj\u00eb l\u00ebvizje spektakolare: ministri i jasht\u00ebm i shum\u00ebp\u00ebrfoluri Davutoglu, jo vet\u00ebm q\u00eb vizitoi Bengazin, duke legjitimuar qeverin\u00eb rebele, por i premtoi 120 milion euro ndihma. Sigurisht k\u00ebto ndihma fillimisht do t\u00eb harxhohen p\u00ebr uniforma dhe arm\u00eb. E t\u00eb mendosh se nga porti i Bengazit \u00e7do dit\u00eb konflikti, Libia humbet fiks 120 milion euro n\u00eb dit\u00eb nga bllokimi i anijeve me naft\u00eb!<br \/>\n\u00c7far\u00eb ironie.<\/p>\n<p>K\u00ebt\u00eb jav\u00eb Atlantis, anija kozmike e fundit e misionit Shuttle, b\u00ebri udh\u00ebtimin e fundit n\u00eb kozmos p\u00ebr t\u2019u mbyllur pastaj n\u00eb hangaret e Cape Canaveral. Jo se nuk punon. Thjesht \u00ebsht\u00eb n\u00eb pun\u00eb prej m\u00eb shum\u00eb se nj\u00ebzet vjet\u00ebsh. Gazetat e Miamit shqet\u00ebsoheshin se kjo do t\u00eb sillte pasoja n\u00eb ekonomin\u00eb e zon\u00ebs dhe pushimin nga puna t\u00eb mij\u00ebra punonj\u00ebsve nga NASA. Por atje prevalojn\u00eb parime t\u00eb tjera.<\/p>\n<p>11 mij\u00eb kilometra m\u00eb n\u00eb lindje, disa koleg\u00eb dhe un\u00eb debatonim sesi si i fillonte emri gjykat\u00ebses q\u00eb vendosi q\u00eb jeta politike e Saliut, t\u00eb sfidoj\u00eb edhe mosh\u00ebn e anijes Atlantis: e ka Meriban, apo Neriban. Vendimi sigurisht ishte marr\u00eb para nisjes s\u00eb Atlantis dhe para shpalljes shtet t\u00eb Sudanit Jugor. Bile nj\u00eb dit\u00eb m\u00eb par\u00eb kishte ndodhur edhe di\u00e7ka tjet\u00ebr: Xhelal Mziu kishte publikuar projektin e tij p\u00ebr modelin ekonomik t\u00eb Shqip\u00ebris\u00eb. N\u00eb shum\u00eb fakultete \u2013 publike \u2013 u mbajt\u00ebn provimet e pranimit.<\/p>\n<p>K\u00ebt\u00eb e mora vesh nga nj\u00eb punonj\u00ebse e Top Channel e cila duke qar\u00eb m\u00eb tregonte sesi shum\u00eb veta me kufje n\u00eb vesh e me kopje n\u00eb dor\u00eb, kishin marr\u00eb provimin, n\u00eb sy t\u00eb vajz\u00ebs s\u00eb saj q\u00eb ishte ndjer\u00eb e pafuqishme. \u201cJa dhan\u00eb Lulit? Me kopje edhe k\u00ebtij\u201d. Nj\u00eb polic bashkiak q\u00eb po b\u00ebhej gati t\u00eb z\u00ebvend\u00ebsohej nga kamzalit\u00eb, m\u00eb tregonte sesi kreu i qarkut, kur i v\u00ebllai me dy diploma kishte shkuar t\u2019i k\u00ebrkonte pun\u00eb, kishte marr\u00eb p\u00ebrgjigjen: \u201cShko t\u00eb t\u00eb gjej\u00eb pun\u00eb Edi Rama\u201d. K\u00ebshtu funksionon PD: mban t\u00eb vet\u00ebt, mendon vet\u00ebm p\u00ebr \u201cSudanin\u201d e saj.<\/p>\n<p>Rama n\u00eb dhjet\u00eb vjet, ishte ndryshe. Nga motra e Zana Turkut, te ajo e Fatmir Mediut, e deri tek seksioni i PD i ngritur n\u00eb zyr\u00ebn e taksave t\u00eb qytetit, apo dhjet\u00ebra t\u00eb tjer\u00eb PD-st\u00eb t\u00eb koh\u00ebs prej Sali Kelmendit, nuk ndjen\u00eb asnj\u00ebher\u00eb presion, p\u00ebrkundrazi mbajt\u00ebn detyrat e tyre n\u00eb \u201cBunkerin\u201d e Ram\u00ebs. Armiqt\u00eb e tij m\u00eb t\u00eb m\u00ebdhenj, sot po hapin gropat e themeleve t\u00eb pallateve q\u00eb u dha ai leje.<\/p>\n<p>K\u00ebta armiq me gjas\u00eb lejet do t\u2019i marrin prap\u00eb. Vet\u00ebm se ata PD-st\u00ebt e vjet\u00ebr, i kan\u00eb or\u00ebt t\u00eb num\u00ebruara. Listat jan\u00eb gati. Shteti i ri i Sudanit ka shum\u00eb ushtar\u00eb q\u00eb duhet t\u2019i pun\u00ebsoj\u00eb. T\u00eb tjer\u00ebt duhet t\u00eb pyesin: po tani?<\/p>\n<p>\u201cPa kur t\u2019i shoh\u00ebsh derven\u00eb-derven\u00eb, n\u00eb vend t\u00eb pushk\u00ebve gota dhe en\u00eb\u201d. Nuk e kam p\u00ebr ushtrin\u00eb e Sudanit Verior, por p\u00ebr zogjt\u00eb e fush\u00ebs q\u00eb nis\u00ebn cic\u00ebrimat n\u00eb universitete dhe fjalime n\u00eb PDF. Kush mendon se Saliu mbaroi pun\u00eb, gabon. Tani ai nis betej\u00ebn e radh\u00ebs: k\u00ebrkon t\u2019i siguroj\u00eb Lulit rival komod n\u00eb opozit\u00eb.<\/p>\n<p>Pas vendimit t\u00eb Meribanit, nj\u00eb tjet\u00ebr ngjarje e r\u00ebnd\u00ebsishme ndodhi n\u00eb Tiran\u00eb. Presidenti Topi dekretoi n\u00eb mes t\u00eb vap\u00ebs dhe nj\u00eb temperature 36 grad\u00eb Celsius, gardist\u00ebt e Kosov\u00ebs, p\u00ebr ndihm\u00ebn q\u00eb kishin dh\u00ebn\u00eb n\u00eb mes t\u00eb dimrit n\u00eb Shkod\u00ebr. Nj\u00eb akt dometh\u00ebn\u00ebs, kuptimplot\u00eb dhe n\u00eb heshtje.<\/p>\n<p>Edhe un\u00eb mora nj\u00eb vendim: do jetoj jasht\u00eb Tirane e do pres. Fillimisht do pres q\u00eb zogjt\u00eb e fush\u00ebs t\u00eb godasin Ram\u00ebn e lus Zotin q\u00eb ta rr\u00ebzojn\u00eb, se m\u00eb ka marr\u00eb shum\u00eb malli t\u00eb merrem me PS. E pastaj p\u00ebr m\u00eb gjat\u00eb, do pres si do jet\u00eb Tirana e Lulit. Ndoshta nga larg e n\u00eb distanc\u00eb do jem m\u00eb i ftoht\u00eb, q\u00eb pas kat\u00ebr vjet\u00ebsh ndoshta edhe un\u00eb t\u00eb dal e t\u00eb b\u00ebrtas: \u201dBosha p\u00ebr Tirone!\u201d<\/p>\n<p>Me \u201ce\u201d, jo me \u201c\u00eb\u201d n\u00eb fund\u2026<\/p>\n","protected":false},"excerpt":{"rendered":"<p>\u00a0Sokol Balla K\u00ebt\u00eb jav\u00eb lindi nj\u00eb shtet i ri. Quhet Sudani Jugor. T\u00eb shtun\u00ebn ata b\u00ebn\u00eb p\u00ebrurimin, duke krijuar shtetin e 54-t t\u00eb Afrik\u00ebs. Disa media nd\u00ebrkomb\u00ebtare thonin se Sudani Jugor nis gar\u00ebn i fundit, p\u00ebrsa i p\u00ebrket varf\u00ebris\u00eb, por nisur nga m\u00ebnyra sesi lindi si shtet, nuk jam edhe fort i sigurt se nuk [&hellip;]<\/p>\n","protected":false},"author":1,"featured_media":0,"comment_status":"open","ping_status":"closed","sticky":false,"template":"","format":"standard","meta":{"footnotes":""},"categories":[2],"tags":[],"class_list":{"0":"post-9511","1":"post","2":"type-post","3":"status-publish","4":"format-standard","6":"category-artikuj"},"yoast_head":"<!-- This site is optimized with the Yoast SEO plugin v27.4 - https:\/\/yoast.com\/product\/yoast-seo-wordpress\/ -->\n<title>BOSHA P\u00cbR TIRONE! (ME E, JO ME \u00cb) - FjALA e LIR\u00cb - Arkivi<\/title>\n<meta name=\"robots\" content=\"index, follow, max-snippet:-1, max-image-preview:large, max-video-preview:-1\" \/>\n<link rel=\"canonical\" href=\"https:\/\/fjala.info\/2009-2015\/bosha-per-tirone-me-e-jo-me-e\/\" \/>\n<meta property=\"og:locale\" content=\"sq_AL\" \/>\n<meta property=\"og:type\" content=\"article\" \/>\n<meta property=\"og:title\" content=\"BOSHA P\u00cbR TIRONE! (ME E, JO ME \u00cb) - FjALA e LIR\u00cb - Arkivi\" \/>\n<meta property=\"og:description\" content=\"\u00a0Sokol Balla K\u00ebt\u00eb jav\u00eb lindi nj\u00eb shtet i ri. Quhet Sudani Jugor. T\u00eb shtun\u00ebn ata b\u00ebn\u00eb p\u00ebrurimin, duke krijuar shtetin e 54-t t\u00eb Afrik\u00ebs. Disa media nd\u00ebrkomb\u00ebtare thonin se Sudani Jugor nis gar\u00ebn i fundit, p\u00ebrsa i p\u00ebrket varf\u00ebris\u00eb, por nisur nga m\u00ebnyra sesi lindi si shtet, nuk jam edhe fort i sigurt se nuk [&hellip;]\" \/>\n<meta property=\"og:url\" content=\"https:\/\/fjala.info\/2009-2015\/bosha-per-tirone-me-e-jo-me-e\/\" \/>\n<meta property=\"og:site_name\" content=\"FjALA e LIR\u00cb - Arkivi\" \/>\n<meta property=\"article:published_time\" content=\"2011-07-19T05:19:36+00:00\" \/>\n<meta property=\"og:image\" content=\"http:\/\/www.shkoder.net\/images\/fjala\/sokol_balla.jpg\" \/>\n<meta name=\"author\" content=\"admin\" \/>\n<meta name=\"twitter:card\" content=\"summary_large_image\" \/>\n<meta name=\"twitter:label1\" content=\"Written by\" \/>\n\t<meta name=\"twitter:data1\" content=\"admin\" \/>\n\t<meta name=\"twitter:label2\" content=\"Est. reading time\" \/>\n\t<meta name=\"twitter:data2\" content=\"4 minutes\" \/>\n<script type=\"application\/ld+json\" class=\"yoast-schema-graph\">{\"@context\":\"https:\\\/\\\/schema.org\",\"@graph\":[{\"@type\":\"Article\",\"@id\":\"https:\\\/\\\/fjala.info\\\/2009-2015\\\/bosha-per-tirone-me-e-jo-me-e\\\/#article\",\"isPartOf\":{\"@id\":\"https:\\\/\\\/fjala.info\\\/2009-2015\\\/bosha-per-tirone-me-e-jo-me-e\\\/\"},\"author\":{\"name\":\"admin\",\"@id\":\"https:\\\/\\\/fjala.info\\\/2009-2015\\\/#\\\/schema\\\/person\\\/3aa1163ef05469c496fc94e77611ada2\"},\"headline\":\"BOSHA P\u00cbR TIRONE! (ME E, JO ME \u00cb)\",\"datePublished\":\"2011-07-19T05:19:36+00:00\",\"mainEntityOfPage\":{\"@id\":\"https:\\\/\\\/fjala.info\\\/2009-2015\\\/bosha-per-tirone-me-e-jo-me-e\\\/\"},\"wordCount\":790,\"commentCount\":0,\"publisher\":{\"@id\":\"https:\\\/\\\/fjala.info\\\/2009-2015\\\/#organization\"},\"image\":{\"@id\":\"https:\\\/\\\/fjala.info\\\/2009-2015\\\/bosha-per-tirone-me-e-jo-me-e\\\/#primaryimage\"},\"thumbnailUrl\":\"http:\\\/\\\/www.shkoder.net\\\/images\\\/fjala\\\/sokol_balla.jpg\",\"articleSection\":[\"Artikuj\"],\"inLanguage\":\"sq-AL\",\"potentialAction\":[{\"@type\":\"CommentAction\",\"name\":\"Comment\",\"target\":[\"https:\\\/\\\/fjala.info\\\/2009-2015\\\/bosha-per-tirone-me-e-jo-me-e\\\/#respond\"]}]},{\"@type\":\"WebPage\",\"@id\":\"https:\\\/\\\/fjala.info\\\/2009-2015\\\/bosha-per-tirone-me-e-jo-me-e\\\/\",\"url\":\"https:\\\/\\\/fjala.info\\\/2009-2015\\\/bosha-per-tirone-me-e-jo-me-e\\\/\",\"name\":\"BOSHA P\u00cbR TIRONE! (ME E, JO ME \u00cb) - FjALA e LIR\u00cb - Arkivi\",\"isPartOf\":{\"@id\":\"https:\\\/\\\/fjala.info\\\/2009-2015\\\/#website\"},\"primaryImageOfPage\":{\"@id\":\"https:\\\/\\\/fjala.info\\\/2009-2015\\\/bosha-per-tirone-me-e-jo-me-e\\\/#primaryimage\"},\"image\":{\"@id\":\"https:\\\/\\\/fjala.info\\\/2009-2015\\\/bosha-per-tirone-me-e-jo-me-e\\\/#primaryimage\"},\"thumbnailUrl\":\"http:\\\/\\\/www.shkoder.net\\\/images\\\/fjala\\\/sokol_balla.jpg\",\"datePublished\":\"2011-07-19T05:19:36+00:00\",\"breadcrumb\":{\"@id\":\"https:\\\/\\\/fjala.info\\\/2009-2015\\\/bosha-per-tirone-me-e-jo-me-e\\\/#breadcrumb\"},\"inLanguage\":\"sq-AL\",\"potentialAction\":[{\"@type\":\"ReadAction\",\"target\":[\"https:\\\/\\\/fjala.info\\\/2009-2015\\\/bosha-per-tirone-me-e-jo-me-e\\\/\"]}]},{\"@type\":\"ImageObject\",\"inLanguage\":\"sq-AL\",\"@id\":\"https:\\\/\\\/fjala.info\\\/2009-2015\\\/bosha-per-tirone-me-e-jo-me-e\\\/#primaryimage\",\"url\":\"http:\\\/\\\/www.shkoder.net\\\/images\\\/fjala\\\/sokol_balla.jpg\",\"contentUrl\":\"http:\\\/\\\/www.shkoder.net\\\/images\\\/fjala\\\/sokol_balla.jpg\"},{\"@type\":\"BreadcrumbList\",\"@id\":\"https:\\\/\\\/fjala.info\\\/2009-2015\\\/bosha-per-tirone-me-e-jo-me-e\\\/#breadcrumb\",\"itemListElement\":[{\"@type\":\"ListItem\",\"position\":1,\"name\":\"Home\",\"item\":\"https:\\\/\\\/fjala.info\\\/2009-2015\\\/\"},{\"@type\":\"ListItem\",\"position\":2,\"name\":\"BOSHA P\u00cbR TIRONE! (ME E, JO ME \u00cb)\"}]},{\"@type\":\"WebSite\",\"@id\":\"https:\\\/\\\/fjala.info\\\/2009-2015\\\/#website\",\"url\":\"https:\\\/\\\/fjala.info\\\/2009-2015\\\/\",\"name\":\"FjALA e LIR\u00cb - Arkivi\",\"description\":\"Arkivi 2009-2015\",\"publisher\":{\"@id\":\"https:\\\/\\\/fjala.info\\\/2009-2015\\\/#organization\"},\"potentialAction\":[{\"@type\":\"SearchAction\",\"target\":{\"@type\":\"EntryPoint\",\"urlTemplate\":\"https:\\\/\\\/fjala.info\\\/2009-2015\\\/?s={search_term_string}\"},\"query-input\":{\"@type\":\"PropertyValueSpecification\",\"valueRequired\":true,\"valueName\":\"search_term_string\"}}],\"inLanguage\":\"sq-AL\"},{\"@type\":\"Organization\",\"@id\":\"https:\\\/\\\/fjala.info\\\/2009-2015\\\/#organization\",\"name\":\"FjALA e LIR\u00cb - Arkivi\",\"url\":\"https:\\\/\\\/fjala.info\\\/2009-2015\\\/\",\"logo\":{\"@type\":\"ImageObject\",\"inLanguage\":\"sq-AL\",\"@id\":\"https:\\\/\\\/fjala.info\\\/2009-2015\\\/#\\\/schema\\\/logo\\\/image\\\/\",\"url\":\"\",\"contentUrl\":\"\",\"caption\":\"FjALA e LIR\u00cb - Arkivi\"},\"image\":{\"@id\":\"https:\\\/\\\/fjala.info\\\/2009-2015\\\/#\\\/schema\\\/logo\\\/image\\\/\"}},{\"@type\":\"Person\",\"@id\":\"https:\\\/\\\/fjala.info\\\/2009-2015\\\/#\\\/schema\\\/person\\\/3aa1163ef05469c496fc94e77611ada2\",\"name\":\"admin\",\"image\":{\"@type\":\"ImageObject\",\"inLanguage\":\"sq-AL\",\"@id\":\"https:\\\/\\\/fjala.info\\\/2009-2015\\\/wp-content\\\/uploads\\\/2012\\\/02\\\/arben_cokaj-120x150.jpg\",\"url\":\"https:\\\/\\\/fjala.info\\\/2009-2015\\\/wp-content\\\/uploads\\\/2012\\\/02\\\/arben_cokaj-120x150.jpg\",\"contentUrl\":\"https:\\\/\\\/fjala.info\\\/2009-2015\\\/wp-content\\\/uploads\\\/2012\\\/02\\\/arben_cokaj-120x150.jpg\",\"caption\":\"admin\"},\"description\":\"Admin, Fjala e Lir\u00eb\",\"sameAs\":[\"https:\\\/\\\/fjala.info\\\/\"],\"url\":\"https:\\\/\\\/fjala.info\\\/2009-2015\\\/author\\\/admin\\\/\"}]}<\/script>\n<!-- \/ Yoast SEO plugin. -->","yoast_head_json":{"title":"BOSHA P\u00cbR TIRONE! (ME E, JO ME \u00cb) - FjALA e LIR\u00cb - Arkivi","robots":{"index":"index","follow":"follow","max-snippet":"max-snippet:-1","max-image-preview":"max-image-preview:large","max-video-preview":"max-video-preview:-1"},"canonical":"https:\/\/fjala.info\/2009-2015\/bosha-per-tirone-me-e-jo-me-e\/","og_locale":"sq_AL","og_type":"article","og_title":"BOSHA P\u00cbR TIRONE! (ME E, JO ME \u00cb) - FjALA e LIR\u00cb - Arkivi","og_description":"\u00a0Sokol Balla K\u00ebt\u00eb jav\u00eb lindi nj\u00eb shtet i ri. Quhet Sudani Jugor. T\u00eb shtun\u00ebn ata b\u00ebn\u00eb p\u00ebrurimin, duke krijuar shtetin e 54-t t\u00eb Afrik\u00ebs. Disa media nd\u00ebrkomb\u00ebtare thonin se Sudani Jugor nis gar\u00ebn i fundit, p\u00ebrsa i p\u00ebrket varf\u00ebris\u00eb, por nisur nga m\u00ebnyra sesi lindi si shtet, nuk jam edhe fort i sigurt se nuk [&hellip;]","og_url":"https:\/\/fjala.info\/2009-2015\/bosha-per-tirone-me-e-jo-me-e\/","og_site_name":"FjALA e LIR\u00cb - Arkivi","article_published_time":"2011-07-19T05:19:36+00:00","og_image":[{"url":"http:\/\/www.shkoder.net\/images\/fjala\/sokol_balla.jpg","type":"","width":"","height":""}],"author":"admin","twitter_card":"summary_large_image","twitter_misc":{"Written by":"admin","Est. reading time":"4 minutes"},"schema":{"@context":"https:\/\/schema.org","@graph":[{"@type":"Article","@id":"https:\/\/fjala.info\/2009-2015\/bosha-per-tirone-me-e-jo-me-e\/#article","isPartOf":{"@id":"https:\/\/fjala.info\/2009-2015\/bosha-per-tirone-me-e-jo-me-e\/"},"author":{"name":"admin","@id":"https:\/\/fjala.info\/2009-2015\/#\/schema\/person\/3aa1163ef05469c496fc94e77611ada2"},"headline":"BOSHA P\u00cbR TIRONE! (ME E, JO ME \u00cb)","datePublished":"2011-07-19T05:19:36+00:00","mainEntityOfPage":{"@id":"https:\/\/fjala.info\/2009-2015\/bosha-per-tirone-me-e-jo-me-e\/"},"wordCount":790,"commentCount":0,"publisher":{"@id":"https:\/\/fjala.info\/2009-2015\/#organization"},"image":{"@id":"https:\/\/fjala.info\/2009-2015\/bosha-per-tirone-me-e-jo-me-e\/#primaryimage"},"thumbnailUrl":"http:\/\/www.shkoder.net\/images\/fjala\/sokol_balla.jpg","articleSection":["Artikuj"],"inLanguage":"sq-AL","potentialAction":[{"@type":"CommentAction","name":"Comment","target":["https:\/\/fjala.info\/2009-2015\/bosha-per-tirone-me-e-jo-me-e\/#respond"]}]},{"@type":"WebPage","@id":"https:\/\/fjala.info\/2009-2015\/bosha-per-tirone-me-e-jo-me-e\/","url":"https:\/\/fjala.info\/2009-2015\/bosha-per-tirone-me-e-jo-me-e\/","name":"BOSHA P\u00cbR TIRONE! (ME E, JO ME \u00cb) - FjALA e LIR\u00cb - Arkivi","isPartOf":{"@id":"https:\/\/fjala.info\/2009-2015\/#website"},"primaryImageOfPage":{"@id":"https:\/\/fjala.info\/2009-2015\/bosha-per-tirone-me-e-jo-me-e\/#primaryimage"},"image":{"@id":"https:\/\/fjala.info\/2009-2015\/bosha-per-tirone-me-e-jo-me-e\/#primaryimage"},"thumbnailUrl":"http:\/\/www.shkoder.net\/images\/fjala\/sokol_balla.jpg","datePublished":"2011-07-19T05:19:36+00:00","breadcrumb":{"@id":"https:\/\/fjala.info\/2009-2015\/bosha-per-tirone-me-e-jo-me-e\/#breadcrumb"},"inLanguage":"sq-AL","potentialAction":[{"@type":"ReadAction","target":["https:\/\/fjala.info\/2009-2015\/bosha-per-tirone-me-e-jo-me-e\/"]}]},{"@type":"ImageObject","inLanguage":"sq-AL","@id":"https:\/\/fjala.info\/2009-2015\/bosha-per-tirone-me-e-jo-me-e\/#primaryimage","url":"http:\/\/www.shkoder.net\/images\/fjala\/sokol_balla.jpg","contentUrl":"http:\/\/www.shkoder.net\/images\/fjala\/sokol_balla.jpg"},{"@type":"BreadcrumbList","@id":"https:\/\/fjala.info\/2009-2015\/bosha-per-tirone-me-e-jo-me-e\/#breadcrumb","itemListElement":[{"@type":"ListItem","position":1,"name":"Home","item":"https:\/\/fjala.info\/2009-2015\/"},{"@type":"ListItem","position":2,"name":"BOSHA P\u00cbR TIRONE! (ME E, JO ME \u00cb)"}]},{"@type":"WebSite","@id":"https:\/\/fjala.info\/2009-2015\/#website","url":"https:\/\/fjala.info\/2009-2015\/","name":"FjALA e LIR\u00cb - Arkivi","description":"Arkivi 2009-2015","publisher":{"@id":"https:\/\/fjala.info\/2009-2015\/#organization"},"potentialAction":[{"@type":"SearchAction","target":{"@type":"EntryPoint","urlTemplate":"https:\/\/fjala.info\/2009-2015\/?s={search_term_string}"},"query-input":{"@type":"PropertyValueSpecification","valueRequired":true,"valueName":"search_term_string"}}],"inLanguage":"sq-AL"},{"@type":"Organization","@id":"https:\/\/fjala.info\/2009-2015\/#organization","name":"FjALA e LIR\u00cb - Arkivi","url":"https:\/\/fjala.info\/2009-2015\/","logo":{"@type":"ImageObject","inLanguage":"sq-AL","@id":"https:\/\/fjala.info\/2009-2015\/#\/schema\/logo\/image\/","url":"","contentUrl":"","caption":"FjALA e LIR\u00cb - Arkivi"},"image":{"@id":"https:\/\/fjala.info\/2009-2015\/#\/schema\/logo\/image\/"}},{"@type":"Person","@id":"https:\/\/fjala.info\/2009-2015\/#\/schema\/person\/3aa1163ef05469c496fc94e77611ada2","name":"admin","image":{"@type":"ImageObject","inLanguage":"sq-AL","@id":"https:\/\/fjala.info\/2009-2015\/wp-content\/uploads\/2012\/02\/arben_cokaj-120x150.jpg","url":"https:\/\/fjala.info\/2009-2015\/wp-content\/uploads\/2012\/02\/arben_cokaj-120x150.jpg","contentUrl":"https:\/\/fjala.info\/2009-2015\/wp-content\/uploads\/2012\/02\/arben_cokaj-120x150.jpg","caption":"admin"},"description":"Admin, Fjala e Lir\u00eb","sameAs":["https:\/\/fjala.info\/"],"url":"https:\/\/fjala.info\/2009-2015\/author\/admin\/"}]}},"_links":{"self":[{"href":"https:\/\/fjala.info\/2009-2015\/wp-json\/wp\/v2\/posts\/9511","targetHints":{"allow":["GET"]}}],"collection":[{"href":"https:\/\/fjala.info\/2009-2015\/wp-json\/wp\/v2\/posts"}],"about":[{"href":"https:\/\/fjala.info\/2009-2015\/wp-json\/wp\/v2\/types\/post"}],"author":[{"embeddable":true,"href":"https:\/\/fjala.info\/2009-2015\/wp-json\/wp\/v2\/users\/1"}],"replies":[{"embeddable":true,"href":"https:\/\/fjala.info\/2009-2015\/wp-json\/wp\/v2\/comments?post=9511"}],"version-history":[{"count":0,"href":"https:\/\/fjala.info\/2009-2015\/wp-json\/wp\/v2\/posts\/9511\/revisions"}],"wp:attachment":[{"href":"https:\/\/fjala.info\/2009-2015\/wp-json\/wp\/v2\/media?parent=9511"}],"wp:term":[{"taxonomy":"category","embeddable":true,"href":"https:\/\/fjala.info\/2009-2015\/wp-json\/wp\/v2\/categories?post=9511"},{"taxonomy":"post_tag","embeddable":true,"href":"https:\/\/fjala.info\/2009-2015\/wp-json\/wp\/v2\/tags?post=9511"}],"curies":[{"name":"wp","href":"https:\/\/api.w.org\/{rel}","templated":true}]}}