{"id":9504,"date":"2011-07-17T23:01:40","date_gmt":"2011-07-17T22:01:40","guid":{"rendered":"http:\/\/fjala.shkoder.net\/?p=9504"},"modified":"2011-07-17T23:01:40","modified_gmt":"2011-07-17T22:01:40","slug":"sistemi-i-ngritur-mbi-pandeshkueshmerine","status":"publish","type":"post","link":"https:\/\/fjala.info\/2009-2015\/sistemi-i-ngritur-mbi-pandeshkueshmerine\/","title":{"rendered":"Sistemi i ngritur mbi pand\u00ebshkueshm\u00ebrin\u00eb"},"content":{"rendered":"<p><img decoding=\"async\" class=\"alignleft size-thumbnail wp-image-7236\" title=\"Mustafa Nano\" src=\"http:\/\/www.shkoder.net\/images\/fjala\/mustafa_nano.jpg\" alt=\"\" width=\"150\" \/><strong>Mustafa Nano<\/strong>, <em>17.07.2011<\/em><\/p>\n<p>Ka filluar procesi gjyq\u00ebsor n\u00eb ngarkim t\u00eb t\u00eb pandehurit Ilir Meta. Provoni t\u2019i thoni dikujt q\u00eb ish-zv.kryeministri nuk ka p\u00ebr ta kaluar paq k\u00ebt\u00eb her\u00eb, dhe p\u00ebrgjigjja q\u00eb do t\u00eb merrni do t\u00eb jet\u00eb e llojit: \u201cPo \u00e7\u2019ia fut kot dhe ti! Asnj\u00eb gjemb n\u00eb k\u00ebmb\u00eb s\u2019ka p\u00ebr t\u2019i hyr\u00eb\u201d. Askush nuk beson q\u00eb mund ta d\u00ebnojn\u00eb. M\u00eb kollaj mund t\u00eb gjesh dik\u00eb q\u00eb mund t\u00eb besoj\u00eb realisht se Meta s\u2019ka faj fare n\u00eb k\u00ebt\u00eb mes, se sa t\u00eb gjesh ndonj\u00eb q\u00eb t\u00eb jet\u00eb i sigurt se ai do t\u00eb d\u00ebnohet nga nj\u00eb gjykat\u00eb shqiptare.<\/p>\n<p>T\u00eb gjith\u00eb jan\u00eb t\u00eb ides\u00eb se Gjykata e Lart\u00eb do t\u00eb gjej\u00eb se s\u2019b\u00ebn m\u00ebnyr\u00ebn p\u00ebr ta shfaj\u00ebsuar apo p\u00ebr t\u2019mos e gjykuar. Dhe n\u00eb fakt, nuk ka se si t\u00eb ndodh\u00eb ndryshe. Gjykatat tona nuk kan\u00eb k\u00ebllqe p\u00ebr t\u00eb d\u00ebnuar nj\u00eb njeri si Ilir Meta, i cili ka autoritet politik, ndikim elektoral, fuqi financiare e mb\u00ebshtetje mediatike. Establishmenti sundues ka nd\u00ebrtuar nj\u00eb sistem politik, institucional e konstitucional, i cili funksionon p\u00ebr interesa t\u00eb pjes\u00ebtar\u00ebve t\u00eb k\u00ebtij establishmenti.<\/p>\n<p>Ky sistem \u00ebsht\u00eb i ngritur n\u00eb m\u00ebnyr\u00eb t\u00eb till\u00eb (kryesisht n\u00eb faz\u00ebn e zbatimit, e jo t\u00eb hartimit, t\u00eb ligjeve) q\u00eb t\u00eb rris\u00eb fuqin\u00eb e t\u00eb fuqishm\u00ebve, e \u2013 sikur t\u00eb mos ishte mjaft kjo \u2013 q\u00eb t\u2019i marr\u00eb n\u00eb mbrojtje sa her\u00eb gjenden, p\u00ebr shkak t\u00eb paudh\u00ebsive t\u00eb tyre, n\u00ebn presionin e asaj pjese t\u00eb sistemit q\u00eb i ik\u00ebn logjik\u00ebs s\u00eb sistemit, e q\u00eb synon t\u00eb kritikoj\u00eb, gjykoj\u00eb e nd\u00ebshkoj\u00eb mbi baz\u00ebn e standardeve morale e normave ligjore.<\/p>\n<p>Dhe k\u00ebtu \u00ebsht\u00eb hera p\u00ebr t\u00eb n\u00ebnvizuar nj\u00eb diferenc\u00eb. Gjetk\u00eb, n\u00eb nj\u00eb num\u00ebr demokracish t\u00eb konsoliduara, \u00ebsht\u00eb sistemi i sh\u00ebndetsh\u00ebm, q\u00eb ndjek, gjurmon, kritikon, gjykon, nd\u00ebshkon njer\u00ebzit e korruptuar, qofshin k\u00ebta dhe me ndikim e pushtet (vet\u00ebm s\u00eb fundmi kemi rastin e ish-shefit t\u00eb FMN-s\u00eb, Dominique Strauss-Kahn, dhe at\u00eb t\u00eb tycoon-it nammadh Rupert Murdoch, t\u00eb cil\u00ebt jan\u00eb dukur t\u00eb vegj\u00ebl e t\u00eb par\u00ebnd\u00ebsish\u00ebm p\u00ebrball\u00eb sistemit), nd\u00ebrsa k\u00ebtejpari sistemi \u00ebsht\u00eb i t\u00ebri i s\u00ebmur\u00eb dhe i korruptuar, dhe tek-tuk ka ndonj\u00eb gjyqtar, ndonj\u00eb polic, ndonj\u00eb zyrtar etj., q\u00eb nuk pajtohet me gjendjen. Kjo e jona \u00ebsht\u00eb nj\u00eb bot\u00eb me kok\u00ebposht\u00eb: njer\u00ebzit e pakorruptuar jan\u00eb t\u00eb vegj\u00ebl p\u00ebrball\u00eb sistemit, nd\u00ebrsa vet\u00eb sistemi ngjan t\u00eb jet\u00eb i vog\u00ebl, gjithashtu, p\u00ebrball\u00eb sojit t\u00eb njer\u00ebzve me pushtet.<\/p>\n<p>Murdoch-u mbylli k\u00ebto dit\u00eb gazet\u00ebn e vet \u201cNews of the World\u201d, e cila ish n\u00eb \u201ctreg\u201d prej gati dy shekujsh. U detyrua ta mbyllte. U gjend papritur n\u00ebn presionin e sistemit. Shkaku? Doli n\u00eb shesh se kjo gazet\u00eb ka keqinformuar publikun p\u00ebr vite t\u00eb t\u00ebra, ka manipuluar e trukuar realitete e ngjarje t\u00eb caktuara, dhe ka dhunuar ligjet britanike (si\u00e7 \u00ebsht\u00eb ai i privacy-s\u00eb). Dhe nuk \u00ebsht\u00eb vet\u00ebm procesi i hetimit q\u00eb e ka v\u00ebn\u00eb me shpatulla pas muri k\u00ebt\u00eb njeri t\u00eb superpushtetsh\u00ebm; \u00ebsht\u00eb i gjith\u00eb sistemi; jan\u00eb institucionet, \u00ebsht\u00eb Parlamenti, jan\u00eb mediat e tjera, \u00ebsht\u00eb opinioni, jan\u00eb z\u00ebrat e r\u00ebnd\u00ebsish\u00ebm publik\u00eb, jan\u00eb standardet etiko-morale t\u00eb shoq\u00ebris\u00eb.<\/p>\n<p>K\u00ebto t\u00eb fundit, standardet etiko-morale t\u00eb shoq\u00ebris\u00eb, q\u00ebllon q\u00eb jan\u00eb zemra e t\u00ebr\u00eb sistemit; prandaj nuk mund t\u00eb ndodh\u00eb q\u00eb t\u00eb dal\u00eb dikush n\u00eb rrethana t\u00eb tilla e t\u00eb thot\u00eb, se \u201cs\u2019e ka b\u00ebr\u00eb vet\u00ebm Murdoch-u k\u00ebt\u00eb gj\u00eb, prandaj duhet ta ndalim k\u00ebt\u00eb sulm kryqtar\u00ebsh mbi t\u00eb\u201d, ashtu si nuk mund t\u00eb mendohet t\u00eb dal\u00eb Murdoch-u vet\u00eb e t\u00eb shfaj\u00ebsohet me m\u00ebnyra t\u00eb ndryshme, apo aq m\u00eb pak, t\u00eb mbrohet duke sulmuar, e duke b\u00ebr\u00eb arrogantin). N\u00eb k\u00ebt\u00eb histori pra kemi nga nj\u00ebra an\u00eb nj\u00eb njeri t\u00eb fuqish\u00ebm, nj\u00eb gazet\u00eb t\u00eb madhe, disa gazetar\u00eb etj., t\u00eb cil\u00ebt u kap\u00ebn duke b\u00ebr\u00eb nj\u00eb paudh\u00ebsi, e nga ana tjet\u00ebr kemi t\u00ebr\u00eb sistemin q\u00eb reagon n\u00eb m\u00ebnyr\u00eb kompakte n\u00eb respekt t\u00eb ligjit e jo n\u00eb mbrojtje t\u00eb t\u00eb fuqishm\u00ebve, t\u00eb cil\u00ebt n\u00eb rrethana t\u00eb tilla s\u2019jan\u00eb m\u00eb t\u00eb fuqish\u00ebm.<\/p>\n<p>Shembulli i Ilir Met\u00ebs, me t\u00eb cilin e hapa k\u00ebt\u00eb shkrim, na jep nj\u00eb leksion tjet\u00ebr. Meta u kap n\u00eb flagranc\u00eb duke marr\u00eb e premtuar tangjente. U filmua. \u00cbsht\u00eb n\u00eb celuloid. Do t\u00eb jet\u00eb atje jet\u00eb e mot, n\u00eb p\u00ebrjet\u00ebsi. \u00c7far\u00eb ndodhi m\u00eb pas? Ndodhi q\u00eb Ilir Meta, n\u00eb vend t\u00eb vriste veten (po t\u00eb ishte n\u00eb Britani, do ta kish vrar\u00eb veten), u hodh n\u00eb sulm kund\u00ebr ish-bashk\u00ebpun\u00ebtorit t\u00eb vet q\u00eb kish realizuar p\u00ebrgjimin, kund\u00ebr programit televiziv q\u00eb b\u00ebri t\u00eb mundur transmetimin e filmit, e kund\u00ebr kund\u00ebrshtar\u00ebve politik\u00eb. \u201cKam p\u00ebr detyr\u00eb t\u00eb mbroj shqiptar\u00ebt nga k\u00ebto praktika p\u00ebrgjimi me \u00e7imka (!!!!)\u201d, deklaroi ato dit\u00eb t\u00eb scoop-it.<\/p>\n<p>Nuk u mor fare me thelbin e \u00e7\u00ebshtjes (tangjentet), por i m\u00ebshoi betej\u00ebs \u201cp\u00ebr t\u00eb mbrojtur shqiptar\u00ebt nga \u00e7imkat (!!!!)\u201d. Por nuk ishte kjo idiot\u00ebsi q\u00eb t\u00eb b\u00ebnte p\u00ebrshtypje. Ishte di\u00e7ka tjet\u00ebr. Shoq\u00ebria nuk demonstroi ndonj\u00eb qib\u00ebr e ndonj\u00eb cip\u00eb kushedi se \u00e7far\u00eb. Z\u00ebrat publik\u00eb ose hesht\u00ebn, ose e minimizuan ngjarjen, ose e mor\u00ebn n\u00eb mbrojtje Met\u00ebn. Duke p\u00ebrjashtuar socialist\u00ebt, pjes\u00eb e sistemit, q\u00eb ishin t\u00eb interesuar t\u00eb denigronin e kryq\u00ebzonin nj\u00eb kund\u00ebrshtar politik t\u00eb tyrin, t\u00eb tjer\u00ebt (n\u00eb rastin m\u00eb t\u00eb mir\u00eb) \u201cb\u00ebn\u00eb byth\u00ebn m\u00ebnjan\u00eb\u201d. Ishin gjith\u00eb-gjith\u00eb tre-kat\u00ebr vet\u00eb q\u00eb fol\u00ebn, dhe ishin k\u00ebta z\u00ebra q\u00eb shp\u00ebtuan nderin e gjith\u00eb shoq\u00ebris\u00eb (e keni v\u00ebn\u00eb re q\u00eb z\u00ebra t\u00eb till\u00eb po rrallohen? Deri para ca koh\u00ebsh kan\u00eb qen\u00eb nj\u00eb duzin\u00eb, a m\u00eb shum\u00eb).<\/p>\n<p>K\u00ebta z\u00ebra e k\u00ebta individ\u00eb nuk mund\u00ebn, af\u00ebrmendsh, t\u00eb krijojn\u00eb ndonj\u00eb \u201ctrend\u201d etiko-moral. \u201cTrend\u201d-in e b\u00ebri Meta me t\u00eb vet\u00ebt. Dhe \u00ebsht\u00eb ky \u201ctrend\u201d (standard, th\u00ebn\u00eb ndryshe), mbi t\u00eb cilin ngrihet kryesisht pand\u00ebshkueshm\u00ebria e t\u00eb fuqishm\u00ebve n\u00eb vendin e shqipeve. T\u00eb kuptohemi, Met\u00ebs do t\u2019i mjaftonte p\u00ebr t\u2019u mbrojtur edhe fuqia financiare, ndikimi politik, apo forma t\u00eb tjera presioni q\u00eb ai, e t\u00eb vet\u00ebt, mund t\u00eb ushtrojn\u00eb mbi k\u00ebdo, por mbi t\u00eb gjitha \u00ebsht\u00eb kjo t\u00ebrheqje morale e shoq\u00ebris\u00eb son\u00eb, q\u00eb e b\u00ebn t\u00eb ndihet i mbrojtur dhe e inkurajon t\u00eb b\u00ebj\u00eb arrogantin n\u00eb \u00e7do koh\u00eb.<\/p>\n<p>M\u00fa n\u00eb dit\u00ebn kur prokuror\u00ebt ia dol\u00ebn ta \u00e7ojn\u00eb \u00e7\u00ebshtjen t\u00eb kopsitur n\u00eb Gjykat\u00ebn e Lart\u00eb dhe ia dol\u00ebn t\u00eb b\u00ebjn\u00eb t\u00eb mundur fillimin e procesit gjyq\u00ebsor n\u00eb ngarkim t\u00eb tij, ai doli e tha, se &#8220;duhet nj\u00eb reform\u00eb serioze n\u00eb Prokurorin\u00eb e P\u00ebrgjithshme, pasi n\u00eb k\u00ebt\u00eb institucion ekziston e kalcifikuar mend\u00ebsia e funksionimit t\u00eb saj si n\u00eb koh\u00ebn e Sigurimit t\u00eb Shtetit&#8221;.<\/p>\n<p>Keni fuqi ta p\u00ebrfytyroni Murdoch-un duke th\u00ebn\u00eb, menj\u00ebher\u00eb pasi n\u00eb Scotland Yard t\u00eb kishin filluar hetimet, se do t\u00eb b\u00ebnte gjith\u00e7ka kish n\u00eb dor\u00eb p\u00ebr t\u00eb reformuar policin\u00eb metropolitane n\u00eb Lond\u00ebr? \u00c7\u2019them dhe un\u00eb! Ju k\u00ebrkoj ndjes\u00eb p\u00ebr k\u00ebt\u00eb pyetje. Ne jemi mij\u00ebra vite drit\u00eb larg, dhe \u00ebsht\u00eb Ilir Meta, sidomos me q\u00ebndrime arrogante si ky i k\u00ebtyre dit\u00ebve, q\u00eb ta \u00e7on n\u00eb kok\u00eb iden\u00eb e nj\u00eb distance kaq t\u00eb madhe nga Mbret\u00ebria e Bashkuar.<\/p>\n<p>Prapa \u00e7do arroganti fshihet nj\u00eb frikacak, megjithat\u00eb. E n\u00eb k\u00ebt\u00eb kuptim, ka shum\u00eb mund\u00ebsi q\u00eb ai t\u00eb ket\u00eb frik\u00eb. Por e ka kot q\u00eb ka frik\u00eb. At\u00eb nuk mund ta d\u00ebnoj\u00eb askush. Mund t\u00eb ket\u00eb n\u00eb Gjykat\u00ebn e Lart\u00eb ndonj\u00eb gjyqtar q\u00eb ka standarde t\u00eb tjera etiko-morale e q\u00eb ec\u00ebn n\u00eb drejtim t\u00eb kund\u00ebrt me logjik\u00ebn e sistemit t\u00eb korruptuar, por ai nuk do t\u00eb ket\u00eb fuqi t\u00eb krijoj\u00eb nj\u00eb klim\u00eb t\u00eb caktuar, apo t\u00eb imponoj\u00eb standardin e vet. Ilir Meta nuk mund t\u00eb d\u00ebnohet. Nuk ka sistem q\u00eb ta d\u00ebnoj\u00eb. Ai \u00ebsht\u00eb vet\u00eb sistemi i ngritur mbi pand\u00ebshkueshm\u00ebrin\u00eb e t\u00eb fuqishm\u00ebve.<\/p>\n","protected":false},"excerpt":{"rendered":"<p>Mustafa Nano, 17.07.2011 Ka filluar procesi gjyq\u00ebsor n\u00eb ngarkim t\u00eb t\u00eb pandehurit Ilir Meta. Provoni t\u2019i thoni dikujt q\u00eb ish-zv.kryeministri nuk ka p\u00ebr ta kaluar paq k\u00ebt\u00eb her\u00eb, dhe p\u00ebrgjigjja q\u00eb do t\u00eb merrni do t\u00eb jet\u00eb e llojit: \u201cPo \u00e7\u2019ia fut kot dhe ti! Asnj\u00eb gjemb n\u00eb k\u00ebmb\u00eb s\u2019ka p\u00ebr t\u2019i hyr\u00eb\u201d. Askush nuk [&hellip;]<\/p>\n","protected":false},"author":1,"featured_media":0,"comment_status":"open","ping_status":"closed","sticky":false,"template":"","format":"standard","meta":{"footnotes":""},"categories":[2],"tags":[],"class_list":{"0":"post-9504","1":"post","2":"type-post","3":"status-publish","4":"format-standard","6":"category-artikuj"},"yoast_head":"<!-- This site is optimized with the Yoast SEO plugin v27.4 - https:\/\/yoast.com\/product\/yoast-seo-wordpress\/ -->\n<title>Sistemi i ngritur mbi pand\u00ebshkueshm\u00ebrin\u00eb - FjALA e LIR\u00cb - Arkivi<\/title>\n<meta name=\"robots\" content=\"index, follow, max-snippet:-1, max-image-preview:large, max-video-preview:-1\" \/>\n<link rel=\"canonical\" href=\"https:\/\/fjala.info\/2009-2015\/sistemi-i-ngritur-mbi-pandeshkueshmerine\/\" \/>\n<meta property=\"og:locale\" content=\"sq_AL\" \/>\n<meta property=\"og:type\" content=\"article\" \/>\n<meta property=\"og:title\" content=\"Sistemi i ngritur mbi pand\u00ebshkueshm\u00ebrin\u00eb - FjALA e LIR\u00cb - Arkivi\" \/>\n<meta property=\"og:description\" content=\"Mustafa Nano, 17.07.2011 Ka filluar procesi gjyq\u00ebsor n\u00eb ngarkim t\u00eb t\u00eb pandehurit Ilir Meta. Provoni t\u2019i thoni dikujt q\u00eb ish-zv.kryeministri nuk ka p\u00ebr ta kaluar paq k\u00ebt\u00eb her\u00eb, dhe p\u00ebrgjigjja q\u00eb do t\u00eb merrni do t\u00eb jet\u00eb e llojit: \u201cPo \u00e7\u2019ia fut kot dhe ti! Asnj\u00eb gjemb n\u00eb k\u00ebmb\u00eb s\u2019ka p\u00ebr t\u2019i hyr\u00eb\u201d. Askush nuk [&hellip;]\" \/>\n<meta property=\"og:url\" content=\"https:\/\/fjala.info\/2009-2015\/sistemi-i-ngritur-mbi-pandeshkueshmerine\/\" \/>\n<meta property=\"og:site_name\" content=\"FjALA e LIR\u00cb - Arkivi\" \/>\n<meta property=\"article:published_time\" content=\"2011-07-17T22:01:40+00:00\" \/>\n<meta property=\"og:image\" content=\"http:\/\/www.shkoder.net\/images\/fjala\/mustafa_nano.jpg\" \/>\n<meta name=\"author\" content=\"admin\" \/>\n<meta name=\"twitter:card\" content=\"summary_large_image\" \/>\n<meta name=\"twitter:label1\" content=\"Written by\" \/>\n\t<meta name=\"twitter:data1\" content=\"admin\" \/>\n\t<meta name=\"twitter:label2\" content=\"Est. reading time\" \/>\n\t<meta name=\"twitter:data2\" content=\"7 minutes\" \/>\n<script type=\"application\/ld+json\" class=\"yoast-schema-graph\">{\"@context\":\"https:\\\/\\\/schema.org\",\"@graph\":[{\"@type\":\"Article\",\"@id\":\"https:\\\/\\\/fjala.info\\\/2009-2015\\\/sistemi-i-ngritur-mbi-pandeshkueshmerine\\\/#article\",\"isPartOf\":{\"@id\":\"https:\\\/\\\/fjala.info\\\/2009-2015\\\/sistemi-i-ngritur-mbi-pandeshkueshmerine\\\/\"},\"author\":{\"name\":\"admin\",\"@id\":\"https:\\\/\\\/fjala.info\\\/2009-2015\\\/#\\\/schema\\\/person\\\/3aa1163ef05469c496fc94e77611ada2\"},\"headline\":\"Sistemi i ngritur mbi pand\u00ebshkueshm\u00ebrin\u00eb\",\"datePublished\":\"2011-07-17T22:01:40+00:00\",\"mainEntityOfPage\":{\"@id\":\"https:\\\/\\\/fjala.info\\\/2009-2015\\\/sistemi-i-ngritur-mbi-pandeshkueshmerine\\\/\"},\"wordCount\":1410,\"commentCount\":0,\"publisher\":{\"@id\":\"https:\\\/\\\/fjala.info\\\/2009-2015\\\/#organization\"},\"image\":{\"@id\":\"https:\\\/\\\/fjala.info\\\/2009-2015\\\/sistemi-i-ngritur-mbi-pandeshkueshmerine\\\/#primaryimage\"},\"thumbnailUrl\":\"http:\\\/\\\/www.shkoder.net\\\/images\\\/fjala\\\/mustafa_nano.jpg\",\"articleSection\":[\"Artikuj\"],\"inLanguage\":\"sq-AL\",\"potentialAction\":[{\"@type\":\"CommentAction\",\"name\":\"Comment\",\"target\":[\"https:\\\/\\\/fjala.info\\\/2009-2015\\\/sistemi-i-ngritur-mbi-pandeshkueshmerine\\\/#respond\"]}]},{\"@type\":\"WebPage\",\"@id\":\"https:\\\/\\\/fjala.info\\\/2009-2015\\\/sistemi-i-ngritur-mbi-pandeshkueshmerine\\\/\",\"url\":\"https:\\\/\\\/fjala.info\\\/2009-2015\\\/sistemi-i-ngritur-mbi-pandeshkueshmerine\\\/\",\"name\":\"Sistemi i ngritur mbi pand\u00ebshkueshm\u00ebrin\u00eb - FjALA e LIR\u00cb - Arkivi\",\"isPartOf\":{\"@id\":\"https:\\\/\\\/fjala.info\\\/2009-2015\\\/#website\"},\"primaryImageOfPage\":{\"@id\":\"https:\\\/\\\/fjala.info\\\/2009-2015\\\/sistemi-i-ngritur-mbi-pandeshkueshmerine\\\/#primaryimage\"},\"image\":{\"@id\":\"https:\\\/\\\/fjala.info\\\/2009-2015\\\/sistemi-i-ngritur-mbi-pandeshkueshmerine\\\/#primaryimage\"},\"thumbnailUrl\":\"http:\\\/\\\/www.shkoder.net\\\/images\\\/fjala\\\/mustafa_nano.jpg\",\"datePublished\":\"2011-07-17T22:01:40+00:00\",\"breadcrumb\":{\"@id\":\"https:\\\/\\\/fjala.info\\\/2009-2015\\\/sistemi-i-ngritur-mbi-pandeshkueshmerine\\\/#breadcrumb\"},\"inLanguage\":\"sq-AL\",\"potentialAction\":[{\"@type\":\"ReadAction\",\"target\":[\"https:\\\/\\\/fjala.info\\\/2009-2015\\\/sistemi-i-ngritur-mbi-pandeshkueshmerine\\\/\"]}]},{\"@type\":\"ImageObject\",\"inLanguage\":\"sq-AL\",\"@id\":\"https:\\\/\\\/fjala.info\\\/2009-2015\\\/sistemi-i-ngritur-mbi-pandeshkueshmerine\\\/#primaryimage\",\"url\":\"http:\\\/\\\/www.shkoder.net\\\/images\\\/fjala\\\/mustafa_nano.jpg\",\"contentUrl\":\"http:\\\/\\\/www.shkoder.net\\\/images\\\/fjala\\\/mustafa_nano.jpg\"},{\"@type\":\"BreadcrumbList\",\"@id\":\"https:\\\/\\\/fjala.info\\\/2009-2015\\\/sistemi-i-ngritur-mbi-pandeshkueshmerine\\\/#breadcrumb\",\"itemListElement\":[{\"@type\":\"ListItem\",\"position\":1,\"name\":\"Home\",\"item\":\"https:\\\/\\\/fjala.info\\\/2009-2015\\\/\"},{\"@type\":\"ListItem\",\"position\":2,\"name\":\"Sistemi i ngritur mbi pand\u00ebshkueshm\u00ebrin\u00eb\"}]},{\"@type\":\"WebSite\",\"@id\":\"https:\\\/\\\/fjala.info\\\/2009-2015\\\/#website\",\"url\":\"https:\\\/\\\/fjala.info\\\/2009-2015\\\/\",\"name\":\"FjALA e LIR\u00cb - Arkivi\",\"description\":\"Arkivi 2009-2015\",\"publisher\":{\"@id\":\"https:\\\/\\\/fjala.info\\\/2009-2015\\\/#organization\"},\"potentialAction\":[{\"@type\":\"SearchAction\",\"target\":{\"@type\":\"EntryPoint\",\"urlTemplate\":\"https:\\\/\\\/fjala.info\\\/2009-2015\\\/?s={search_term_string}\"},\"query-input\":{\"@type\":\"PropertyValueSpecification\",\"valueRequired\":true,\"valueName\":\"search_term_string\"}}],\"inLanguage\":\"sq-AL\"},{\"@type\":\"Organization\",\"@id\":\"https:\\\/\\\/fjala.info\\\/2009-2015\\\/#organization\",\"name\":\"FjALA e LIR\u00cb - Arkivi\",\"url\":\"https:\\\/\\\/fjala.info\\\/2009-2015\\\/\",\"logo\":{\"@type\":\"ImageObject\",\"inLanguage\":\"sq-AL\",\"@id\":\"https:\\\/\\\/fjala.info\\\/2009-2015\\\/#\\\/schema\\\/logo\\\/image\\\/\",\"url\":\"\",\"contentUrl\":\"\",\"caption\":\"FjALA e LIR\u00cb - Arkivi\"},\"image\":{\"@id\":\"https:\\\/\\\/fjala.info\\\/2009-2015\\\/#\\\/schema\\\/logo\\\/image\\\/\"}},{\"@type\":\"Person\",\"@id\":\"https:\\\/\\\/fjala.info\\\/2009-2015\\\/#\\\/schema\\\/person\\\/3aa1163ef05469c496fc94e77611ada2\",\"name\":\"admin\",\"image\":{\"@type\":\"ImageObject\",\"inLanguage\":\"sq-AL\",\"@id\":\"https:\\\/\\\/fjala.info\\\/2009-2015\\\/wp-content\\\/uploads\\\/2012\\\/02\\\/arben_cokaj-120x150.jpg\",\"url\":\"https:\\\/\\\/fjala.info\\\/2009-2015\\\/wp-content\\\/uploads\\\/2012\\\/02\\\/arben_cokaj-120x150.jpg\",\"contentUrl\":\"https:\\\/\\\/fjala.info\\\/2009-2015\\\/wp-content\\\/uploads\\\/2012\\\/02\\\/arben_cokaj-120x150.jpg\",\"caption\":\"admin\"},\"description\":\"Admin, Fjala e Lir\u00eb\",\"sameAs\":[\"https:\\\/\\\/fjala.info\\\/\"],\"url\":\"https:\\\/\\\/fjala.info\\\/2009-2015\\\/author\\\/admin\\\/\"}]}<\/script>\n<!-- \/ Yoast SEO plugin. -->","yoast_head_json":{"title":"Sistemi i ngritur mbi pand\u00ebshkueshm\u00ebrin\u00eb - FjALA e LIR\u00cb - Arkivi","robots":{"index":"index","follow":"follow","max-snippet":"max-snippet:-1","max-image-preview":"max-image-preview:large","max-video-preview":"max-video-preview:-1"},"canonical":"https:\/\/fjala.info\/2009-2015\/sistemi-i-ngritur-mbi-pandeshkueshmerine\/","og_locale":"sq_AL","og_type":"article","og_title":"Sistemi i ngritur mbi pand\u00ebshkueshm\u00ebrin\u00eb - FjALA e LIR\u00cb - Arkivi","og_description":"Mustafa Nano, 17.07.2011 Ka filluar procesi gjyq\u00ebsor n\u00eb ngarkim t\u00eb t\u00eb pandehurit Ilir Meta. Provoni t\u2019i thoni dikujt q\u00eb ish-zv.kryeministri nuk ka p\u00ebr ta kaluar paq k\u00ebt\u00eb her\u00eb, dhe p\u00ebrgjigjja q\u00eb do t\u00eb merrni do t\u00eb jet\u00eb e llojit: \u201cPo \u00e7\u2019ia fut kot dhe ti! Asnj\u00eb gjemb n\u00eb k\u00ebmb\u00eb s\u2019ka p\u00ebr t\u2019i hyr\u00eb\u201d. Askush nuk [&hellip;]","og_url":"https:\/\/fjala.info\/2009-2015\/sistemi-i-ngritur-mbi-pandeshkueshmerine\/","og_site_name":"FjALA e LIR\u00cb - Arkivi","article_published_time":"2011-07-17T22:01:40+00:00","og_image":[{"url":"http:\/\/www.shkoder.net\/images\/fjala\/mustafa_nano.jpg","type":"","width":"","height":""}],"author":"admin","twitter_card":"summary_large_image","twitter_misc":{"Written by":"admin","Est. reading time":"7 minutes"},"schema":{"@context":"https:\/\/schema.org","@graph":[{"@type":"Article","@id":"https:\/\/fjala.info\/2009-2015\/sistemi-i-ngritur-mbi-pandeshkueshmerine\/#article","isPartOf":{"@id":"https:\/\/fjala.info\/2009-2015\/sistemi-i-ngritur-mbi-pandeshkueshmerine\/"},"author":{"name":"admin","@id":"https:\/\/fjala.info\/2009-2015\/#\/schema\/person\/3aa1163ef05469c496fc94e77611ada2"},"headline":"Sistemi i ngritur mbi pand\u00ebshkueshm\u00ebrin\u00eb","datePublished":"2011-07-17T22:01:40+00:00","mainEntityOfPage":{"@id":"https:\/\/fjala.info\/2009-2015\/sistemi-i-ngritur-mbi-pandeshkueshmerine\/"},"wordCount":1410,"commentCount":0,"publisher":{"@id":"https:\/\/fjala.info\/2009-2015\/#organization"},"image":{"@id":"https:\/\/fjala.info\/2009-2015\/sistemi-i-ngritur-mbi-pandeshkueshmerine\/#primaryimage"},"thumbnailUrl":"http:\/\/www.shkoder.net\/images\/fjala\/mustafa_nano.jpg","articleSection":["Artikuj"],"inLanguage":"sq-AL","potentialAction":[{"@type":"CommentAction","name":"Comment","target":["https:\/\/fjala.info\/2009-2015\/sistemi-i-ngritur-mbi-pandeshkueshmerine\/#respond"]}]},{"@type":"WebPage","@id":"https:\/\/fjala.info\/2009-2015\/sistemi-i-ngritur-mbi-pandeshkueshmerine\/","url":"https:\/\/fjala.info\/2009-2015\/sistemi-i-ngritur-mbi-pandeshkueshmerine\/","name":"Sistemi i ngritur mbi pand\u00ebshkueshm\u00ebrin\u00eb - FjALA e LIR\u00cb - Arkivi","isPartOf":{"@id":"https:\/\/fjala.info\/2009-2015\/#website"},"primaryImageOfPage":{"@id":"https:\/\/fjala.info\/2009-2015\/sistemi-i-ngritur-mbi-pandeshkueshmerine\/#primaryimage"},"image":{"@id":"https:\/\/fjala.info\/2009-2015\/sistemi-i-ngritur-mbi-pandeshkueshmerine\/#primaryimage"},"thumbnailUrl":"http:\/\/www.shkoder.net\/images\/fjala\/mustafa_nano.jpg","datePublished":"2011-07-17T22:01:40+00:00","breadcrumb":{"@id":"https:\/\/fjala.info\/2009-2015\/sistemi-i-ngritur-mbi-pandeshkueshmerine\/#breadcrumb"},"inLanguage":"sq-AL","potentialAction":[{"@type":"ReadAction","target":["https:\/\/fjala.info\/2009-2015\/sistemi-i-ngritur-mbi-pandeshkueshmerine\/"]}]},{"@type":"ImageObject","inLanguage":"sq-AL","@id":"https:\/\/fjala.info\/2009-2015\/sistemi-i-ngritur-mbi-pandeshkueshmerine\/#primaryimage","url":"http:\/\/www.shkoder.net\/images\/fjala\/mustafa_nano.jpg","contentUrl":"http:\/\/www.shkoder.net\/images\/fjala\/mustafa_nano.jpg"},{"@type":"BreadcrumbList","@id":"https:\/\/fjala.info\/2009-2015\/sistemi-i-ngritur-mbi-pandeshkueshmerine\/#breadcrumb","itemListElement":[{"@type":"ListItem","position":1,"name":"Home","item":"https:\/\/fjala.info\/2009-2015\/"},{"@type":"ListItem","position":2,"name":"Sistemi i ngritur mbi pand\u00ebshkueshm\u00ebrin\u00eb"}]},{"@type":"WebSite","@id":"https:\/\/fjala.info\/2009-2015\/#website","url":"https:\/\/fjala.info\/2009-2015\/","name":"FjALA e LIR\u00cb - Arkivi","description":"Arkivi 2009-2015","publisher":{"@id":"https:\/\/fjala.info\/2009-2015\/#organization"},"potentialAction":[{"@type":"SearchAction","target":{"@type":"EntryPoint","urlTemplate":"https:\/\/fjala.info\/2009-2015\/?s={search_term_string}"},"query-input":{"@type":"PropertyValueSpecification","valueRequired":true,"valueName":"search_term_string"}}],"inLanguage":"sq-AL"},{"@type":"Organization","@id":"https:\/\/fjala.info\/2009-2015\/#organization","name":"FjALA e LIR\u00cb - Arkivi","url":"https:\/\/fjala.info\/2009-2015\/","logo":{"@type":"ImageObject","inLanguage":"sq-AL","@id":"https:\/\/fjala.info\/2009-2015\/#\/schema\/logo\/image\/","url":"","contentUrl":"","caption":"FjALA e LIR\u00cb - Arkivi"},"image":{"@id":"https:\/\/fjala.info\/2009-2015\/#\/schema\/logo\/image\/"}},{"@type":"Person","@id":"https:\/\/fjala.info\/2009-2015\/#\/schema\/person\/3aa1163ef05469c496fc94e77611ada2","name":"admin","image":{"@type":"ImageObject","inLanguage":"sq-AL","@id":"https:\/\/fjala.info\/2009-2015\/wp-content\/uploads\/2012\/02\/arben_cokaj-120x150.jpg","url":"https:\/\/fjala.info\/2009-2015\/wp-content\/uploads\/2012\/02\/arben_cokaj-120x150.jpg","contentUrl":"https:\/\/fjala.info\/2009-2015\/wp-content\/uploads\/2012\/02\/arben_cokaj-120x150.jpg","caption":"admin"},"description":"Admin, Fjala e Lir\u00eb","sameAs":["https:\/\/fjala.info\/"],"url":"https:\/\/fjala.info\/2009-2015\/author\/admin\/"}]}},"_links":{"self":[{"href":"https:\/\/fjala.info\/2009-2015\/wp-json\/wp\/v2\/posts\/9504","targetHints":{"allow":["GET"]}}],"collection":[{"href":"https:\/\/fjala.info\/2009-2015\/wp-json\/wp\/v2\/posts"}],"about":[{"href":"https:\/\/fjala.info\/2009-2015\/wp-json\/wp\/v2\/types\/post"}],"author":[{"embeddable":true,"href":"https:\/\/fjala.info\/2009-2015\/wp-json\/wp\/v2\/users\/1"}],"replies":[{"embeddable":true,"href":"https:\/\/fjala.info\/2009-2015\/wp-json\/wp\/v2\/comments?post=9504"}],"version-history":[{"count":0,"href":"https:\/\/fjala.info\/2009-2015\/wp-json\/wp\/v2\/posts\/9504\/revisions"}],"wp:attachment":[{"href":"https:\/\/fjala.info\/2009-2015\/wp-json\/wp\/v2\/media?parent=9504"}],"wp:term":[{"taxonomy":"category","embeddable":true,"href":"https:\/\/fjala.info\/2009-2015\/wp-json\/wp\/v2\/categories?post=9504"},{"taxonomy":"post_tag","embeddable":true,"href":"https:\/\/fjala.info\/2009-2015\/wp-json\/wp\/v2\/tags?post=9504"}],"curies":[{"name":"wp","href":"https:\/\/api.w.org\/{rel}","templated":true}]}}