{"id":9500,"date":"2011-07-17T22:54:53","date_gmt":"2011-07-17T21:54:53","guid":{"rendered":"http:\/\/fjala.shkoder.net\/?p=9500"},"modified":"2011-07-17T22:54:53","modified_gmt":"2011-07-17T21:54:53","slug":"regjistrimi-im","status":"publish","type":"post","link":"https:\/\/fjala.info\/2009-2015\/regjistrimi-im\/","title":{"rendered":"Regjistrimi im"},"content":{"rendered":"<p><img decoding=\"async\" class=\"alignleft size-thumbnail wp-image-7236\" title=\"Marin Mema\" src=\"http:\/\/www.shkoder.net\/images\/fjala\/2011\/marin_mema.jpg\" alt=\"\" width=\"250\" \/>\u00a0<strong>Marin Mema<\/strong>, <em>17.07.2011<\/em><\/p>\n<p>Regjistrimi i popullsis\u00eb mbi baza fetare dhe etnike ka ndezur prej koh\u00ebsh nj\u00eb p\u00ebrplasje t\u00eb fort\u00eb qeveritare \u2013 mediatike \u2013 popullore duke krijuar nj\u00eb vorbull ku jan\u00eb p\u00ebrfshir\u00eb kush m\u00eb pak e kush m\u00eb shum\u00eb thuajse t\u00eb gjith\u00eb njer\u00ebz t\u00eb thjesht\u00eb e zyrtar\u00eb me kollare. Akuza e kund\u00ebrakuza, argumente q\u00eb fluturoj\u00eb sa nga nj\u00ebri krah\u00eb n\u00eb tjetrin, teori konspirative me parti n\u00eb epruvet\u00eb t\u00eb shoq\u00ebruara me deklarata t\u00eb forta q\u00eb kan\u00eb marr\u00eb tashm\u00eb edhe ngjyrime politike.<\/p>\n<p>Kuvendi i Shqip\u00ebris\u00eb duke u b\u00ebr\u00eb pal\u00eb n\u00eb k\u00ebt\u00eb proces (askush gjithsesi nuk dyshonte t\u00eb kund\u00ebrt\u00ebn) miratoi ligjin me procedura blic duke shkelur n\u00eb syt\u00eb e t\u00eb gjith\u00ebve edhe parimin nj\u00eb deputet nj\u00eb vot\u00eb. T\u00eb zgjedhurit e shqiptar\u00ebve me nj\u00eb zell t\u00eb \u00e7uditsh\u00ebm b\u00ebn\u00eb cirk p\u00ebr t\u00eb votuar p\u00ebr koleg\u00ebt q\u00eb nuk ishin n\u00eb sall\u00eb duke manipuluar edhe kuorumin q\u00eb n\u00eb fakt nuk ishte i mjaftuesh\u00ebm. Zyrtarisht, ligji mori 71 vota kur n\u00eb fakt duhet t\u00eb merrte vet\u00ebm 69. Pra sot shqiptar\u00ebve u k\u00ebrkohet t\u00eb respektojn\u00eb nj\u00eb ligj q\u00eb ka shkelur ligjin.<\/p>\n<p>Prej koh\u00ebsh tashm\u00eb realiteti shqiptar \u00ebsht\u00eb ngjyer gjithan\u00ebsh me k\u00ebt\u00eb debat ku tonet e qeta t\u00eb fillimit jan\u00eb z\u00ebvend\u00ebsuar hap pas hapi me k\u00ebrc\u00ebnime e k\u00ebrc\u00ebllitje dh\u00ebmb\u00ebsh.<\/p>\n<p>Nuk \u00ebsht\u00eb e v\u00ebshtir\u00eb dhe as e leht\u00eb t\u00eb b\u00ebhesh pjes\u00eb e k\u00ebtij debati i cili jo pa q\u00ebllim ngat\u00ebrrohet, p\u00ebshtjellohet dhe manovrohet sipas d\u00ebshir\u00ebs dhe interesit nga aktor\u00ebt drejtp\u00ebrs\u00ebdrejti t\u00eb implikuar.<\/p>\n<p>Gjithsecili interesat e tij, me q\u00ebllime t\u00eb ndryshme si bomba tymuese, n\u00eb nj\u00eb realitet ku humbet vet\u00ebm Shqip\u00ebria e cila po shitet e blihet si n\u00eb tregun e gj\u00ebs\u00eb s\u00eb gjall\u00eb.<\/p>\n<p>Aktor\u00ebt e k\u00ebsaj tragjikomedie i lejojn\u00eb vetes gjith\u00e7ka, t\u00eb rreshtojn\u00eb e rreshtojn\u00eb argumente pa kuptim, fjal\u00eb t\u00eb shk\u00ebputura kushedi se ku, togfjal\u00ebsha q\u00eb pak ose aspak kan\u00eb lidhje me t\u00eb v\u00ebrtet\u00ebn e pakund\u00ebrshtueshme t\u00eb k\u00ebtij regjistrimi.<\/p>\n<p>Shqiptar\u00ebve nuk mund t\u2019u imponohet nj\u00eb regjistrim i till\u00eb apo qoft\u00eb edhe vet\u00ebdeklarim (sido ta quajn\u00eb) i cili do apo s\u2019do ta pranoj\u00eb ndonj\u00eb ekspert hartues i tij krijon precedent\u00eb t\u00eb rreziksh\u00ebm jo vet\u00ebm n\u00eb marr\u00ebdh\u00ebniet historikisht hipokrite me Greqin\u00eb, por n\u00eb t\u00eb gjith\u00eb pellgun e trazuar t\u00eb Ballkanit.<\/p>\n<p>Nuk ka asnj\u00eb ndryshim n\u00ebse ky regjistrim do t\u00eb p\u00ebrdoret p\u00ebr q\u00ebllime thjesht statistikore ose jo, rezultati n\u00eb thelb do t\u00eb ishte i nj\u00ebjt\u00eb. Rreziku i prodhimit t\u00eb shifrave t\u00eb rreme mbetet i p\u00ebrhersh\u00ebm, pavar\u00ebsisht k\u00ebrc\u00ebnimeve qesharake me gjoba q\u00eb nuk do t\u00eb trembnin ask\u00ebnd, aq m\u00eb tep\u00ebr n\u00eb realitetin shqiptar ku varf\u00ebria t\u00eb b\u00ebn t\u00eb jesh grek, italian, francez, serb a ku di un\u00eb se \u00e7far\u00eb.<\/p>\n<p>E kjo varf\u00ebri nuk t\u00ebrhiqet p\u00ebrball\u00eb pseudo masave t\u00eb tilla t\u00eb qeveris\u00eb p\u00ebr t\u00eb shmangur manipulimet, as para deklaratave t\u00eb ndonj\u00eb ministri kaq shum\u00eb t\u00eb dashuruar pas k\u00ebtij procesi. E aq m\u00eb pak i besuesh\u00ebm \u00ebsht\u00eb kontrolli e verifikimi p\u00ebrmes INSTAT, ky i fundit nuk jep shifra t\u00eb besueshme p\u00ebr papun\u00ebsin\u00eb e jo m\u00eb t\u00eb jap\u00eb p\u00ebr nj\u00eb proces kaq delikat.<\/p>\n<p>Historia shkon pak m\u00eb larg sesa komentet e p\u00ebrcipta dhe tonet q\u00eb k\u00ebrkojn\u00eb t\u00eb p\u00ebrforcojn\u00eb nj\u00eb siguri t\u00eb shtirur q\u00eb nuk do ta besonte as intelektuali m\u00eb pak intelektual n\u00eb Shqip\u00ebri.<\/p>\n<p>Pas viteve \u201890 amullia e tranzicionit e pleksur fort me v\u00ebshtir\u00ebsit\u00eb ekonomike ka prodhuar bollsh\u00ebm n\u00eb zona t\u00eb ndryshme t\u00eb vendit imponuar edhe nga shteti grek m\u00eb s\u00eb shumti individ\u00eb apo grupe individ\u00ebsh, t\u00eb cil\u00ebt jan\u00eb detyruar t\u00eb ndryshojn\u00eb em\u00ebr, fe, por shpesh edhe komb\u00ebsi. Fakt p\u00ebr k\u00ebt\u00eb jan\u00eb shifrat q\u00eb prodhojn\u00eb gjendjet civile apo gjykatat kryesisht n\u00eb jug apo juglindje, t\u00eb cilat n\u00eb k\u00ebto 20 vite n\u00eb k\u00ebmbim t\u00eb shumave t\u00eb caktuara kan\u00eb b\u00ebr\u00eb manipulime e ndryshime t\u00eb \u00e7far\u00ebdollojshme.<\/p>\n<p>K\u00ebt\u00eb s\u2019mund ta mohoj\u00eb askush, mjafton t\u00eb p\u00ebrmendet fakti i thjesht\u00eb se nj\u00eb p\u00ebrqindje e madhe e vlleh\u00ebve (n\u00eb Shqip\u00ebri banojn\u00eb rreth 150 mij\u00eb) banues n\u00eb zona t\u00eb ndryshme sidomos Kor\u00e7\u00eb, Sarand\u00eb e Gjirokast\u00ebr jan\u00eb pajisur me pasaporta greke.<\/p>\n<p>P\u00ebr t\u00eb mos p\u00ebrmendur edhe faktin tjet\u00ebr se n\u00eb Kor\u00e7\u00eb edhe komuniteti rom pretendon se \u00ebsht\u00eb grek dhe \u00ebsht\u00eb pajisur n\u00eb mas\u00eb t\u00eb madhe me dokumente t\u00eb vendit fqinj.<\/p>\n<p>N\u00eb list\u00eb sigurisht duhen p\u00ebrfshir\u00eb edhe ata rreth 35 mij\u00eb shtetas shqiptar\u00eb me komb\u00ebsi greke, t\u00eb cil\u00ebt p\u00ebrfitojn\u00eb pensione brenda kufirit shqiptar.<\/p>\n<p>360 euro n\u00eb muaj t\u00eb dh\u00ebna nga shteti grek sigurisht jan\u00eb m\u00eb t\u00eb leverdishme sesa 10 mij\u00eb lek\u00ebt q\u00eb ofron shteti shqiptar p\u00ebr t\u00eb moshuarit e tij. Pa llogaritur shqiptar\u00ebt q\u00eb kan\u00eb p\u00ebrfituar kartat e homogjenit shifra e p\u00ebraf\u00ebrt e tyre \u00ebsht\u00eb mbi 100 mij\u00eb. Ata sigurisht t\u00eb urdh\u00ebruar mund t\u00eb dynden p\u00ebr pak dit\u00eb n\u00eb qytetet e tyre p\u00ebr t\u00eb marr\u00eb pjes\u00eb n\u00eb k\u00ebt\u00eb proces regjistrimi apo vet\u00ebdeklarimi.<br \/>\nSigurisht, n\u00eb k\u00ebt\u00eb list\u00eb duhen p\u00ebrfshir\u00eb pasaportat e shp\u00ebrndara nga shteti maqedonas n\u00eb zon\u00ebn Presp\u00eb, Pogradec, Kor\u00e7\u00eb e Liqenas.<\/p>\n<p>Mjafton t\u00eb b\u00ebsh nj\u00eb mbledhje t\u00eb thjesht\u00eb dhe rezultati fiktiv q\u00eb do t\u00eb prodhohej do t\u00eb ishte v\u00ebrtet i friksh\u00ebm duke i dh\u00ebn\u00eb krah\u00eb nj\u00eb oreksi gjithmon\u00eb n\u00eb rritje t\u00eb fqinj\u00ebve, t\u00eb cil\u00ebt kan\u00eb punuar gjat\u00eb e me p\u00ebrpikm\u00ebri p\u00ebr k\u00ebt\u00eb dit\u00eb. T\u00eb mos harrojm\u00eb se ndryshe nga sa publikohej e propagandohej n\u00eb mas\u00ebn e gjer\u00eb, pensionet greke nuk kan\u00eb nisur n\u00eb periudh\u00ebn e postkomunizmit, por q\u00eb n\u00eb vitin 1928 dhe prov\u00eb e k\u00ebsaj jan\u00eb shkresat e Ministris\u00eb s\u00eb Drejt\u00ebsis\u00eb s\u00eb koh\u00ebs.<\/p>\n<p>Sigurisht, 2011 nuk prodhon m\u00eb luft\u00eb apo k\u00ebrkesa p\u00ebr ndryshime kufijsh me dhun\u00eb, por presioni p\u00ebrmes nd\u00ebrkomb\u00ebtar\u00ebve p\u00ebr kalim n\u00eb shtet multietnik \u00ebsht\u00eb plot\u00ebsisht i mundsh\u00ebm, ashtu si k\u00ebrkesat shpesh t\u00eb artikuluara p\u00ebr zyrtarizimin e greqishtes si gjuh\u00eb t\u00eb dyt\u00eb pas shqipes. Duke rreshtuar m\u00eb pas nj\u00eb s\u00ebr\u00eb t\u00eb drejtash t\u00eb tjera si ajo e ndonj\u00eb koncepti vet\u00ebqeveris\u00ebs n\u00eb pushtet lokal n\u00eb zona t\u00eb caktuara, himni, flamuri e deri num\u00ebr t\u00eb p\u00ebrcaktuar deputet\u00ebsh n\u00eb Kuvendin e Shqip\u00ebris\u00eb. P\u00ebr t\u00eb mos th\u00ebn\u00eb q\u00eb do t\u00eb na duhej neve k\u00ebt\u00eb her\u00eb t\u00eb n\u00ebnshkruajm\u00eb nj\u00eb marr\u00ebveshje t\u00eb p\u00ebraf\u00ebrt si ajo e Ohrit, ku t\u00eb garantonim karakterin (fiktiv) multietnik t\u00eb shoq\u00ebris\u00eb son\u00eb, t\u00eb cilit do t\u00eb duhej t\u2019i jepnim edhe shprehjen e vet\u00eb n\u00eb jet\u00ebn publike.<\/p>\n<p>T\u00eb gjitha k\u00ebto nuk do t\u00eb duken m\u00eb kaq t\u00eb larg\u00ebta n\u00ebse ky proces kaq i vrullsh\u00ebm i regjistrimit t\u00eb popullsis\u00eb do t\u00eb jap\u00eb p\u00ebrfundimin fiktiv q\u00eb edhe mund t\u00eb pritet, ku grek\u00ebt nga rreth 3 p\u00ebr qind do mund t\u00eb fluturonin n\u00eb m\u00eb shum\u00eb se 10 p\u00ebr qind e k\u00ebshtu me radh\u00eb maqedonasit, bullgar\u00ebt, malazez\u00ebt, egjiptian\u00ebt.<\/p>\n<p>N\u00ebse do ta merrnim nga nj\u00eb krah tjet\u00ebr edhe m\u00eb pragmatist \u00ebsht\u00eb e v\u00ebshtir\u00eb t\u00eb kuptosh se pse ekspert\u00ebt shqiptar\u00eb (n\u00ebse e kan\u00eb hartuar ata vet\u00eb) kan\u00eb zgjedhur nj\u00eb formular t\u00eb till\u00eb. Vet\u00eb Greqia nuk ka t\u00eb p\u00ebrfshir\u00eb n\u00eb formularin e saj as etnin\u00eb dhe as fen\u00eb. E p\u00ebr m\u00eb tep\u00ebr ajo nuk njeh minoritetet pjes\u00eb reale e territorit t\u00eb saj, hebrenjt\u00eb, turqit, bullgar\u00ebt, maqedonasit. P\u00ebr t\u00eb mos p\u00ebrmendur popullsin\u00eb \u00e7ame e cila jo vet\u00ebm u masakrua dhe u grabit n\u00eb nj\u00eb gjenocid t\u00eb paprecedent\u00eb, por nuk ka t\u00eb drejt\u00eb as t\u00eb shkel\u00eb n\u00eb ato toka q\u00eb dikur ishin shqiptare.<\/p>\n<p>Regjistrimi i popullsis\u00eb ka kund\u00ebrshti edhe me vet\u00eb Kushtetut\u00ebn e Republik\u00ebs s\u00eb Shqip\u00ebris\u00eb. N\u00eb dokumentin themeltar t\u00eb shtetit n\u00eb asnj\u00eb moment nuk shkruhet p\u00ebr komb\u00ebsin\u00eb, por vet\u00ebm p\u00ebr shtet\u00ebsin\u00eb. Kushtetuta njeh vet\u00ebm k\u00ebt\u00eb t\u00eb dyt\u00ebn ndryshe nga \u00e7\u2019ofrohet n\u00eb formular ku nuk k\u00ebrkohet shtet\u00ebsia, por komb\u00ebsia. At\u00ebher\u00eb mbi \u00e7\u2019baza po ngrihet ky proces q\u00eb nuk ekziston as n\u00eb Kushtetut\u00eb?<\/p>\n<p>Nj\u00eb element ky i rreziksh\u00ebm q\u00eb do t\u00eb duhej t\u00eb analizohej n\u00ebse \u00ebsht\u00eb b\u00ebr\u00eb me q\u00ebllim apo nga mosdija.<\/p>\n<p>Ose edhe m\u00eb keq, n\u00ebse si\u00e7 mendojn\u00eb t\u00eb gjith\u00eb ata q\u00eb kan\u00eb nj\u00eb memorie pak m\u00eb t\u00eb gjat\u00eb, se ky regjistrim \u00ebsht\u00eb si\u00e7 e kujton edhe historiani P\u00ebllumb Xhufi, pjes\u00eb e planit me 6 pika t\u00eb k\u00ebrkuar nga ish-kryeministri grek, Micotaqis, n\u00eb 1993 p\u00ebrball\u00eb Presidentit t\u00eb at\u00ebhersh\u00ebm dhe Kryeministrit t\u00eb sot\u00ebm, Berisha.<\/p>\n<p>Sigurisht, dyshimet t\u00eb lindin kur rreshton koncesionet q\u00eb i jan\u00eb b\u00ebr\u00eb pal\u00ebs greke n\u00eb k\u00ebto vite. Marr\u00ebveshja e kufirit detar, protokolli p\u00ebr ngritjen e varrezave t\u00eb ushtar\u00ebve grek\u00eb dhe hapja e shkollave greke n\u00eb Himar\u00eb e Kor\u00e7\u00eb jan\u00eb l\u00ebshime q\u00eb ne i kemi b\u00ebr\u00eb fqinj\u00ebve tan\u00eb (po ata \u00e7\u2019koncesion kan\u00eb b\u00ebr\u00eb kundrejt nesh?)<\/p>\n<p>Nj\u00eb regjistrim i till\u00eb i mb\u00ebshtetur n\u00eb baza fetare dhe etnike \u00ebsht\u00eb i domosdosh\u00ebm vet\u00ebm n\u00eb ato vende t\u00eb cilat kan\u00eb probleme t\u00eb tilla, \u00e7\u2019ka deri m\u00eb sot nuk \u00ebsht\u00eb hasur n\u00eb Shqip\u00ebri. P\u00ebr m\u00eb tep\u00ebr vendi yn\u00eb nuk njihet si problematik dhe nuk udh\u00ebhiqet nga politikat diskriminuese kundrejt minoriteteve. Kjo mund t\u00eb verifikohet m\u00eb s\u00eb miri me faktin se ky ngulmim p\u00ebr nj\u00eb regjistrim t\u00eb till\u00eb nuk vjen nga vet\u00eb minoriteti, por nga disa t\u00eb vet\u00ebquajtur apo vet\u00ebpozicionuar si krer\u00eb t\u00eb partive apo organizatave t\u00eb minoritetit grek. N\u00eb \u00e7do zon\u00eb t\u00eb vendit minoriteti grek bashk\u00ebjeton n\u00eb m\u00ebnyr\u00eb paq\u00ebsore, miq\u00ebsore, bashk\u00ebpunuese e aspak paragjykuese me shqiptar\u00ebt, ortodoks\u00eb, mysliman\u00eb, bektashinj apo katolik\u00eb qofshin. Kjo edhe n\u00eb zona ku balancat mund t\u00eb ishin prishur p\u00ebr shkak t\u00eb historis\u00eb s\u00eb shkuar. P.sh n\u00eb Peshk\u00ebpi t\u00eb Gjirokastr\u00ebs kur n\u00eb 1994 t\u00eb ashtuquajturit grupi p\u00ebr \u00e7lirimin e Vorio-Epirit sulmuan post\u00ebn kufitare duke vrar\u00eb ushtarin 20-vje\u00e7ar Arsen Gjini, komandantin Fatmir Shehu dhe duke plagosur tre ushtar\u00eb t\u00eb tjer\u00eb. Asgj\u00eb nuk ndodhi m\u00eb pas, grek\u00ebt hyjn\u00eb e dalin n\u00eb k\u00ebt\u00eb fshat, q\u00ebndrojn\u00eb e punojn\u00eb bashk\u00eb me shqiptar\u00ebt, sepse n\u00eb k\u00ebt\u00eb pik\u00eb p\u00ebr sa u p\u00ebrket minoriteteve, shqiptar\u00ebt historikisht jan\u00eb treguar edhe m\u00eb europian\u00eb se europian\u00ebt dhe d\u00ebshmitar\u00ebt m\u00eb t\u00eb mir\u00eb jan\u00eb grek\u00ebt e thjesht\u00eb, ata q\u00eb jetojn\u00eb n\u00eb Dropull, n\u00eb Dervician e kudo tjet\u00ebr.<\/p>\n<p>Jan\u00eb ata grek\u00eb q\u00eb sigurisht nuk kan\u00eb p\u00ebrfaq\u00ebsues ndonj\u00eb hajdut ordiner si ata q\u00eb jan\u00eb n\u00ebn hetim e q\u00eb vet\u00ebquheshin pedagog\u00eb t\u00eb deg\u00ebs s\u00eb greqishtes n\u00eb Universitetin e Gjirokastr\u00ebs, ata grek\u00eb q\u00eb nuk kan\u00eb p\u00ebrfaq\u00ebsues ndonj\u00eb abuzues q\u00eb vjedh deri edhe parat\u00eb e varrezave n\u00eb Himar\u00eb apo ndonj\u00eb prift q\u00eb rr\u00ebmon n\u00ebp\u00ebr arkivole duke mbledhur eshtra. Sepse grek\u00ebt p\u00ebrfaq\u00ebsojn\u00eb shum\u00eb m\u00eb shum\u00eb kultur\u00eb e nivel sesa kaq, sepse grek\u00ebt kan\u00eb m\u00eb shum\u00eb aft\u00ebsi sesa kaq, sepse grek\u00ebt bartin vlera njer\u00ebzore e intelektuale q\u00eb shkojn\u00eb p\u00ebrtej k\u00ebsaj \u00e7orbe individ\u00ebsh t\u00eb kalbur e injorant\u00eb.<\/p>\n<p>Ajo q\u00eb pritej ndodhi. Pik\u00ebrisht n\u00eb k\u00ebt\u00eb moment t\u00eb gjith\u00eb deputet\u00ebt filo grek\u00eb, fshehur sa majtas e sa djathtas nga armiq me akuza e presione, u b\u00ebn\u00eb gati t\u00eb bashkohen. Kushtrimi i bashkoi s\u00ebrish. Dule, Barka, Ksera e Tavo n\u00eb shtator do t\u00eb gjenden me shum\u00eb gjasa prap\u00eb n\u00ebn t\u00eb nj\u00ebjt\u00ebn \u00e7ati. E \u00e7uditshmja e vetme mbetet se p\u00ebrse sa her\u00eb q\u00eb vijn\u00eb zgjedhjet t\u00eb gjith\u00eb shp\u00ebrndahen n\u00eb PS, n\u00eb PD e LSI? Edhe p\u00ebr k\u00ebt\u00eb p\u00ebrgjigjja \u00ebsht\u00eb e qart\u00eb. PBDNJ ashtu si n\u00eb zgjedhjet e fundit t\u00eb p\u00ebrgjithshme mund t\u00eb marr\u00eb vet\u00ebm 1, 19 p\u00ebr qind, t\u00eb mjaftueshme p\u00ebr vet\u00ebm nj\u00eb deputet, ish-p\u00ebrkthyesin e Anastas Janullatos, Vangjel Dule.<\/p>\n<p>E pavar\u00ebsisht k\u00ebtyre fakteve q\u00eb nuk mund as t\u00eb fshihen dhe as t\u00eb manipulohen, Kuvendi i Shqip\u00ebris\u00eb miratoi ligjin p\u00ebr regjistrimin e popullsis\u00eb. Duke shkelur vullnetin e nj\u00eb mase t\u00eb madhe t\u00eb shqiptar\u00ebve, t\u00eb cil\u00ebt n\u00eb forma t\u00eb ndryshme kan\u00eb kund\u00ebrshtuar k\u00ebt\u00eb aksion. Por \u00e7\u2019duhet b\u00ebr\u00eb n\u00eb k\u00ebt\u00eb situat\u00eb kur shteti shqiptar dhe Kuvendi i Shqip\u00ebris\u00eb nuk d\u00ebgjojn\u00eb apelin e intelektual\u00ebve, historian\u00ebve e studiuesve, nuk d\u00ebgjon apelin e popullit p\u00ebr k\u00ebt\u00eb regjistrim t\u00eb rreziksh\u00ebm?<\/p>\n<p>Un\u00eb personalisht nuk i p\u00ebrkas komunitetit \u00e7am, t\u00eb cilin e nderoj dhe e respektoj duke mbetur nj\u00eb mb\u00ebshtet\u00ebs i fort\u00eb i zgjidhjes s\u00eb k\u00ebsaj \u00e7\u00ebshtje jo thjesht me fjal\u00eb. Mbetem i q\u00ebndrimit se njohja e gjenocidit dhe kthimi i pronave jan\u00eb vet\u00ebm hapi i par\u00eb i nj\u00eb historie q\u00eb nuk mund t\u00eb harrohet dhe as t\u00eb fshihet nga shteti grek. N\u00eb t\u00eb nj\u00ebjt\u00ebn koh\u00eb un\u00eb nuk jam pjes\u00eb e Aleanc\u00ebs Kuq e Zi pavar\u00ebsisht se edhe un\u00eb si mij\u00ebra shqiptar\u00eb t\u00eb njohur e t\u00eb panjohur kam hedhur firm\u00ebn kund\u00ebr regjistrimit. Nuk m\u00eb intereson n\u00ebse kjo l\u00ebvizje do t\u00eb b\u00ebhet apo jo forc\u00eb politike, nuk m\u00eb intereson pozicioni i Kreshnik Spahiut n\u00eb k\u00ebt\u00eb histori, sepse n\u00eb mes ka nj\u00eb \u00e7\u00ebshtje m\u00eb t\u00eb madhe. P\u00ebr mua ka r\u00ebnd\u00ebsi \u00e7\u00ebshtja dhe jo t\u00eb tjerat. E n\u00eb k\u00ebt\u00eb \u00e7\u00ebshtje jam pjes\u00eb edhe un\u00eb si gjith\u00eb shqiptar\u00ebt. Un\u00eb zgjedhjen time e kam b\u00ebr\u00eb i imponuar nga veshi i shurdh\u00ebr i qeveritar\u00ebve q\u00eb mendojn\u00eb ende s\u00eb Shqip\u00ebris\u00eb e shqiptar\u00ebve gj\u00ebrat mund t\u2019u imponohen nj\u00ebsoj ashtu si\u00e7 b\u00ebnte Enveri n\u00eb momentet e \u00e7menduris\u00eb s\u00eb tij.<\/p>\n<p>Kush do, le ta lexoj\u00eb sot regjistrimin tim, sepse m\u00eb shum\u00eb se kaq nuk do t\u00eb ket\u00eb.<\/p>\n<p>Un\u00eb quhem Marin Mema, jam edhe shqiptar edhe europian dhe i till\u00eb do t\u00eb mbetem. Dit\u00ebn kur do t\u00eb nis\u00eb procesi i regjistrimit e dikush t\u00eb trokas\u00eb n\u00eb der\u00ebn e sht\u00ebpis\u00eb time un\u00eb nuk do t\u00eb jem aty, por edhe n\u00ebse do t\u00eb jem \u2013 nuk do t\u00eb kem koh\u00eb, por edhe n\u00ebse do t\u00eb kem koh\u00eb nuk do t\u00eb dua t\u00eb p\u00ebrgjigjem, sepse do t\u00eb kem di\u00e7ka m\u00eb t\u00eb r\u00ebnd\u00ebsishme p\u00ebr t\u00eb b\u00ebr\u00eb, por edhe n\u00ebse s\u2019do kem asgj\u00eb p\u00ebr t\u00eb b\u00ebr\u00eb prap\u00eb s\u2019do t\u00eb p\u00ebrgjigjem, sepse do m\u00eb duhet t\u00eb dal t\u00eb thith jasht\u00eb sht\u00ebpis\u00eb ajrin e ndotur q\u00eb gjeneron politika shqiptare.<\/p>\n<p>Ky do t\u00eb jet\u00eb regjistrimi im \u2026 vazhdimin le ta b\u00ebjn\u00eb qeveritar\u00ebt e zellsh\u00ebm q\u00eb e hartuan\u2026.<\/p>\n","protected":false},"excerpt":{"rendered":"<p>\u00a0Marin Mema, 17.07.2011 Regjistrimi i popullsis\u00eb mbi baza fetare dhe etnike ka ndezur prej koh\u00ebsh nj\u00eb p\u00ebrplasje t\u00eb fort\u00eb qeveritare \u2013 mediatike \u2013 popullore duke krijuar nj\u00eb vorbull ku jan\u00eb p\u00ebrfshir\u00eb kush m\u00eb pak e kush m\u00eb shum\u00eb thuajse t\u00eb gjith\u00eb njer\u00ebz t\u00eb thjesht\u00eb e zyrtar\u00eb me kollare. Akuza e kund\u00ebrakuza, argumente q\u00eb fluturoj\u00eb sa [&hellip;]<\/p>\n","protected":false},"author":1,"featured_media":0,"comment_status":"open","ping_status":"closed","sticky":false,"template":"","format":"standard","meta":{"footnotes":""},"categories":[2],"tags":[],"class_list":{"0":"post-9500","1":"post","2":"type-post","3":"status-publish","4":"format-standard","6":"category-artikuj"},"yoast_head":"<!-- This site is optimized with the Yoast SEO plugin v27.4 - https:\/\/yoast.com\/product\/yoast-seo-wordpress\/ -->\n<title>Regjistrimi im - FjALA e LIR\u00cb - Arkivi<\/title>\n<meta name=\"robots\" content=\"index, follow, max-snippet:-1, max-image-preview:large, max-video-preview:-1\" \/>\n<link rel=\"canonical\" href=\"https:\/\/fjala.info\/2009-2015\/regjistrimi-im\/\" \/>\n<meta property=\"og:locale\" content=\"sq_AL\" \/>\n<meta property=\"og:type\" content=\"article\" \/>\n<meta property=\"og:title\" content=\"Regjistrimi im - FjALA e LIR\u00cb - Arkivi\" \/>\n<meta property=\"og:description\" content=\"\u00a0Marin Mema, 17.07.2011 Regjistrimi i popullsis\u00eb mbi baza fetare dhe etnike ka ndezur prej koh\u00ebsh nj\u00eb p\u00ebrplasje t\u00eb fort\u00eb qeveritare \u2013 mediatike \u2013 popullore duke krijuar nj\u00eb vorbull ku jan\u00eb p\u00ebrfshir\u00eb kush m\u00eb pak e kush m\u00eb shum\u00eb thuajse t\u00eb gjith\u00eb njer\u00ebz t\u00eb thjesht\u00eb e zyrtar\u00eb me kollare. Akuza e kund\u00ebrakuza, argumente q\u00eb fluturoj\u00eb sa [&hellip;]\" \/>\n<meta property=\"og:url\" content=\"https:\/\/fjala.info\/2009-2015\/regjistrimi-im\/\" \/>\n<meta property=\"og:site_name\" content=\"FjALA e LIR\u00cb - Arkivi\" \/>\n<meta property=\"article:published_time\" content=\"2011-07-17T21:54:53+00:00\" \/>\n<meta property=\"og:image\" content=\"http:\/\/www.shkoder.net\/images\/fjala\/2011\/marin_mema.jpg\" \/>\n<meta name=\"author\" content=\"admin\" \/>\n<meta name=\"twitter:card\" content=\"summary_large_image\" \/>\n<meta name=\"twitter:label1\" content=\"Written by\" \/>\n\t<meta name=\"twitter:data1\" content=\"admin\" \/>\n\t<meta name=\"twitter:label2\" content=\"Est. reading time\" \/>\n\t<meta name=\"twitter:data2\" content=\"12 minutes\" \/>\n<script type=\"application\/ld+json\" class=\"yoast-schema-graph\">{\"@context\":\"https:\\\/\\\/schema.org\",\"@graph\":[{\"@type\":\"Article\",\"@id\":\"https:\\\/\\\/fjala.info\\\/2009-2015\\\/regjistrimi-im\\\/#article\",\"isPartOf\":{\"@id\":\"https:\\\/\\\/fjala.info\\\/2009-2015\\\/regjistrimi-im\\\/\"},\"author\":{\"name\":\"admin\",\"@id\":\"https:\\\/\\\/fjala.info\\\/2009-2015\\\/#\\\/schema\\\/person\\\/3aa1163ef05469c496fc94e77611ada2\"},\"headline\":\"Regjistrimi im\",\"datePublished\":\"2011-07-17T21:54:53+00:00\",\"mainEntityOfPage\":{\"@id\":\"https:\\\/\\\/fjala.info\\\/2009-2015\\\/regjistrimi-im\\\/\"},\"wordCount\":2481,\"commentCount\":0,\"publisher\":{\"@id\":\"https:\\\/\\\/fjala.info\\\/2009-2015\\\/#organization\"},\"image\":{\"@id\":\"https:\\\/\\\/fjala.info\\\/2009-2015\\\/regjistrimi-im\\\/#primaryimage\"},\"thumbnailUrl\":\"http:\\\/\\\/www.shkoder.net\\\/images\\\/fjala\\\/2011\\\/marin_mema.jpg\",\"articleSection\":[\"Artikuj\"],\"inLanguage\":\"sq-AL\",\"potentialAction\":[{\"@type\":\"CommentAction\",\"name\":\"Comment\",\"target\":[\"https:\\\/\\\/fjala.info\\\/2009-2015\\\/regjistrimi-im\\\/#respond\"]}]},{\"@type\":\"WebPage\",\"@id\":\"https:\\\/\\\/fjala.info\\\/2009-2015\\\/regjistrimi-im\\\/\",\"url\":\"https:\\\/\\\/fjala.info\\\/2009-2015\\\/regjistrimi-im\\\/\",\"name\":\"Regjistrimi im - FjALA e LIR\u00cb - Arkivi\",\"isPartOf\":{\"@id\":\"https:\\\/\\\/fjala.info\\\/2009-2015\\\/#website\"},\"primaryImageOfPage\":{\"@id\":\"https:\\\/\\\/fjala.info\\\/2009-2015\\\/regjistrimi-im\\\/#primaryimage\"},\"image\":{\"@id\":\"https:\\\/\\\/fjala.info\\\/2009-2015\\\/regjistrimi-im\\\/#primaryimage\"},\"thumbnailUrl\":\"http:\\\/\\\/www.shkoder.net\\\/images\\\/fjala\\\/2011\\\/marin_mema.jpg\",\"datePublished\":\"2011-07-17T21:54:53+00:00\",\"breadcrumb\":{\"@id\":\"https:\\\/\\\/fjala.info\\\/2009-2015\\\/regjistrimi-im\\\/#breadcrumb\"},\"inLanguage\":\"sq-AL\",\"potentialAction\":[{\"@type\":\"ReadAction\",\"target\":[\"https:\\\/\\\/fjala.info\\\/2009-2015\\\/regjistrimi-im\\\/\"]}]},{\"@type\":\"ImageObject\",\"inLanguage\":\"sq-AL\",\"@id\":\"https:\\\/\\\/fjala.info\\\/2009-2015\\\/regjistrimi-im\\\/#primaryimage\",\"url\":\"http:\\\/\\\/www.shkoder.net\\\/images\\\/fjala\\\/2011\\\/marin_mema.jpg\",\"contentUrl\":\"http:\\\/\\\/www.shkoder.net\\\/images\\\/fjala\\\/2011\\\/marin_mema.jpg\"},{\"@type\":\"BreadcrumbList\",\"@id\":\"https:\\\/\\\/fjala.info\\\/2009-2015\\\/regjistrimi-im\\\/#breadcrumb\",\"itemListElement\":[{\"@type\":\"ListItem\",\"position\":1,\"name\":\"Home\",\"item\":\"https:\\\/\\\/fjala.info\\\/2009-2015\\\/\"},{\"@type\":\"ListItem\",\"position\":2,\"name\":\"Regjistrimi im\"}]},{\"@type\":\"WebSite\",\"@id\":\"https:\\\/\\\/fjala.info\\\/2009-2015\\\/#website\",\"url\":\"https:\\\/\\\/fjala.info\\\/2009-2015\\\/\",\"name\":\"FjALA e LIR\u00cb - Arkivi\",\"description\":\"Arkivi 2009-2015\",\"publisher\":{\"@id\":\"https:\\\/\\\/fjala.info\\\/2009-2015\\\/#organization\"},\"potentialAction\":[{\"@type\":\"SearchAction\",\"target\":{\"@type\":\"EntryPoint\",\"urlTemplate\":\"https:\\\/\\\/fjala.info\\\/2009-2015\\\/?s={search_term_string}\"},\"query-input\":{\"@type\":\"PropertyValueSpecification\",\"valueRequired\":true,\"valueName\":\"search_term_string\"}}],\"inLanguage\":\"sq-AL\"},{\"@type\":\"Organization\",\"@id\":\"https:\\\/\\\/fjala.info\\\/2009-2015\\\/#organization\",\"name\":\"FjALA e LIR\u00cb - Arkivi\",\"url\":\"https:\\\/\\\/fjala.info\\\/2009-2015\\\/\",\"logo\":{\"@type\":\"ImageObject\",\"inLanguage\":\"sq-AL\",\"@id\":\"https:\\\/\\\/fjala.info\\\/2009-2015\\\/#\\\/schema\\\/logo\\\/image\\\/\",\"url\":\"\",\"contentUrl\":\"\",\"caption\":\"FjALA e LIR\u00cb - Arkivi\"},\"image\":{\"@id\":\"https:\\\/\\\/fjala.info\\\/2009-2015\\\/#\\\/schema\\\/logo\\\/image\\\/\"}},{\"@type\":\"Person\",\"@id\":\"https:\\\/\\\/fjala.info\\\/2009-2015\\\/#\\\/schema\\\/person\\\/3aa1163ef05469c496fc94e77611ada2\",\"name\":\"admin\",\"image\":{\"@type\":\"ImageObject\",\"inLanguage\":\"sq-AL\",\"@id\":\"https:\\\/\\\/fjala.info\\\/2009-2015\\\/wp-content\\\/uploads\\\/2012\\\/02\\\/arben_cokaj-120x150.jpg\",\"url\":\"https:\\\/\\\/fjala.info\\\/2009-2015\\\/wp-content\\\/uploads\\\/2012\\\/02\\\/arben_cokaj-120x150.jpg\",\"contentUrl\":\"https:\\\/\\\/fjala.info\\\/2009-2015\\\/wp-content\\\/uploads\\\/2012\\\/02\\\/arben_cokaj-120x150.jpg\",\"caption\":\"admin\"},\"description\":\"Admin, Fjala e Lir\u00eb\",\"sameAs\":[\"https:\\\/\\\/fjala.info\\\/\"],\"url\":\"https:\\\/\\\/fjala.info\\\/2009-2015\\\/author\\\/admin\\\/\"}]}<\/script>\n<!-- \/ Yoast SEO plugin. -->","yoast_head_json":{"title":"Regjistrimi im - FjALA e LIR\u00cb - Arkivi","robots":{"index":"index","follow":"follow","max-snippet":"max-snippet:-1","max-image-preview":"max-image-preview:large","max-video-preview":"max-video-preview:-1"},"canonical":"https:\/\/fjala.info\/2009-2015\/regjistrimi-im\/","og_locale":"sq_AL","og_type":"article","og_title":"Regjistrimi im - FjALA e LIR\u00cb - Arkivi","og_description":"\u00a0Marin Mema, 17.07.2011 Regjistrimi i popullsis\u00eb mbi baza fetare dhe etnike ka ndezur prej koh\u00ebsh nj\u00eb p\u00ebrplasje t\u00eb fort\u00eb qeveritare \u2013 mediatike \u2013 popullore duke krijuar nj\u00eb vorbull ku jan\u00eb p\u00ebrfshir\u00eb kush m\u00eb pak e kush m\u00eb shum\u00eb thuajse t\u00eb gjith\u00eb njer\u00ebz t\u00eb thjesht\u00eb e zyrtar\u00eb me kollare. Akuza e kund\u00ebrakuza, argumente q\u00eb fluturoj\u00eb sa [&hellip;]","og_url":"https:\/\/fjala.info\/2009-2015\/regjistrimi-im\/","og_site_name":"FjALA e LIR\u00cb - Arkivi","article_published_time":"2011-07-17T21:54:53+00:00","og_image":[{"url":"http:\/\/www.shkoder.net\/images\/fjala\/2011\/marin_mema.jpg","type":"","width":"","height":""}],"author":"admin","twitter_card":"summary_large_image","twitter_misc":{"Written by":"admin","Est. reading time":"12 minutes"},"schema":{"@context":"https:\/\/schema.org","@graph":[{"@type":"Article","@id":"https:\/\/fjala.info\/2009-2015\/regjistrimi-im\/#article","isPartOf":{"@id":"https:\/\/fjala.info\/2009-2015\/regjistrimi-im\/"},"author":{"name":"admin","@id":"https:\/\/fjala.info\/2009-2015\/#\/schema\/person\/3aa1163ef05469c496fc94e77611ada2"},"headline":"Regjistrimi im","datePublished":"2011-07-17T21:54:53+00:00","mainEntityOfPage":{"@id":"https:\/\/fjala.info\/2009-2015\/regjistrimi-im\/"},"wordCount":2481,"commentCount":0,"publisher":{"@id":"https:\/\/fjala.info\/2009-2015\/#organization"},"image":{"@id":"https:\/\/fjala.info\/2009-2015\/regjistrimi-im\/#primaryimage"},"thumbnailUrl":"http:\/\/www.shkoder.net\/images\/fjala\/2011\/marin_mema.jpg","articleSection":["Artikuj"],"inLanguage":"sq-AL","potentialAction":[{"@type":"CommentAction","name":"Comment","target":["https:\/\/fjala.info\/2009-2015\/regjistrimi-im\/#respond"]}]},{"@type":"WebPage","@id":"https:\/\/fjala.info\/2009-2015\/regjistrimi-im\/","url":"https:\/\/fjala.info\/2009-2015\/regjistrimi-im\/","name":"Regjistrimi im - FjALA e LIR\u00cb - Arkivi","isPartOf":{"@id":"https:\/\/fjala.info\/2009-2015\/#website"},"primaryImageOfPage":{"@id":"https:\/\/fjala.info\/2009-2015\/regjistrimi-im\/#primaryimage"},"image":{"@id":"https:\/\/fjala.info\/2009-2015\/regjistrimi-im\/#primaryimage"},"thumbnailUrl":"http:\/\/www.shkoder.net\/images\/fjala\/2011\/marin_mema.jpg","datePublished":"2011-07-17T21:54:53+00:00","breadcrumb":{"@id":"https:\/\/fjala.info\/2009-2015\/regjistrimi-im\/#breadcrumb"},"inLanguage":"sq-AL","potentialAction":[{"@type":"ReadAction","target":["https:\/\/fjala.info\/2009-2015\/regjistrimi-im\/"]}]},{"@type":"ImageObject","inLanguage":"sq-AL","@id":"https:\/\/fjala.info\/2009-2015\/regjistrimi-im\/#primaryimage","url":"http:\/\/www.shkoder.net\/images\/fjala\/2011\/marin_mema.jpg","contentUrl":"http:\/\/www.shkoder.net\/images\/fjala\/2011\/marin_mema.jpg"},{"@type":"BreadcrumbList","@id":"https:\/\/fjala.info\/2009-2015\/regjistrimi-im\/#breadcrumb","itemListElement":[{"@type":"ListItem","position":1,"name":"Home","item":"https:\/\/fjala.info\/2009-2015\/"},{"@type":"ListItem","position":2,"name":"Regjistrimi im"}]},{"@type":"WebSite","@id":"https:\/\/fjala.info\/2009-2015\/#website","url":"https:\/\/fjala.info\/2009-2015\/","name":"FjALA e LIR\u00cb - Arkivi","description":"Arkivi 2009-2015","publisher":{"@id":"https:\/\/fjala.info\/2009-2015\/#organization"},"potentialAction":[{"@type":"SearchAction","target":{"@type":"EntryPoint","urlTemplate":"https:\/\/fjala.info\/2009-2015\/?s={search_term_string}"},"query-input":{"@type":"PropertyValueSpecification","valueRequired":true,"valueName":"search_term_string"}}],"inLanguage":"sq-AL"},{"@type":"Organization","@id":"https:\/\/fjala.info\/2009-2015\/#organization","name":"FjALA e LIR\u00cb - Arkivi","url":"https:\/\/fjala.info\/2009-2015\/","logo":{"@type":"ImageObject","inLanguage":"sq-AL","@id":"https:\/\/fjala.info\/2009-2015\/#\/schema\/logo\/image\/","url":"","contentUrl":"","caption":"FjALA e LIR\u00cb - Arkivi"},"image":{"@id":"https:\/\/fjala.info\/2009-2015\/#\/schema\/logo\/image\/"}},{"@type":"Person","@id":"https:\/\/fjala.info\/2009-2015\/#\/schema\/person\/3aa1163ef05469c496fc94e77611ada2","name":"admin","image":{"@type":"ImageObject","inLanguage":"sq-AL","@id":"https:\/\/fjala.info\/2009-2015\/wp-content\/uploads\/2012\/02\/arben_cokaj-120x150.jpg","url":"https:\/\/fjala.info\/2009-2015\/wp-content\/uploads\/2012\/02\/arben_cokaj-120x150.jpg","contentUrl":"https:\/\/fjala.info\/2009-2015\/wp-content\/uploads\/2012\/02\/arben_cokaj-120x150.jpg","caption":"admin"},"description":"Admin, Fjala e Lir\u00eb","sameAs":["https:\/\/fjala.info\/"],"url":"https:\/\/fjala.info\/2009-2015\/author\/admin\/"}]}},"_links":{"self":[{"href":"https:\/\/fjala.info\/2009-2015\/wp-json\/wp\/v2\/posts\/9500","targetHints":{"allow":["GET"]}}],"collection":[{"href":"https:\/\/fjala.info\/2009-2015\/wp-json\/wp\/v2\/posts"}],"about":[{"href":"https:\/\/fjala.info\/2009-2015\/wp-json\/wp\/v2\/types\/post"}],"author":[{"embeddable":true,"href":"https:\/\/fjala.info\/2009-2015\/wp-json\/wp\/v2\/users\/1"}],"replies":[{"embeddable":true,"href":"https:\/\/fjala.info\/2009-2015\/wp-json\/wp\/v2\/comments?post=9500"}],"version-history":[{"count":0,"href":"https:\/\/fjala.info\/2009-2015\/wp-json\/wp\/v2\/posts\/9500\/revisions"}],"wp:attachment":[{"href":"https:\/\/fjala.info\/2009-2015\/wp-json\/wp\/v2\/media?parent=9500"}],"wp:term":[{"taxonomy":"category","embeddable":true,"href":"https:\/\/fjala.info\/2009-2015\/wp-json\/wp\/v2\/categories?post=9500"},{"taxonomy":"post_tag","embeddable":true,"href":"https:\/\/fjala.info\/2009-2015\/wp-json\/wp\/v2\/tags?post=9500"}],"curies":[{"name":"wp","href":"https:\/\/api.w.org\/{rel}","templated":true}]}}