{"id":9496,"date":"2011-07-17T22:26:57","date_gmt":"2011-07-17T21:26:57","guid":{"rendered":"http:\/\/fjala.shkoder.net\/?p=9496"},"modified":"2011-07-17T22:26:57","modified_gmt":"2011-07-17T21:26:57","slug":"shteti-vdiq-hienat-neper-rruge","status":"publish","type":"post","link":"https:\/\/fjala.info\/2009-2015\/shteti-vdiq-hienat-neper-rruge\/","title":{"rendered":"Shteti vdiq! Hienat n\u00ebp\u00ebr rrug\u00eb!"},"content":{"rendered":"<p><img decoding=\"async\" class=\"alignright size-thumbnail wp-image-7236\" title=\"Policia - maska\" src=\"http:\/\/www.shkoder.net\/images\/fjala\/2011\/policia_maska.jpg\" alt=\"\" width=\"250\" \/>\u00a0Nga <strong>Alban Guri<\/strong><\/p>\n<p>Dje po kthehesha me disa miq t\u00eb mi nga nj\u00eb tur n\u00eb zonat e veriut. Ishte ora rreth 19:00 n\u00eb rrug\u00ebn Fush\u00eb-Kruj\u00eb-Aeroport. Nj\u00eb autovetur\u00eb e tipit \u201cOpel Calibra\u201d, ngjyr\u00eb blu e err\u00ebt, cilindrat e lart\u00eb, me targ\u00eb TR. N\u00eb timon nj\u00eb fytyr\u00eb e urryer, e g\u00ebrryer nga posht\u00ebrsit\u00eb, nga burgu, nga droga, si dhe nga jeta e tij e mbushur me fatkeq\u00ebsi, me kok\u00ebn si kastravec i rruar keq. Duke ecur normalisht n\u00eb pjes\u00ebn ku ndodhet \u201cPARKU NORD\u201d, na parakalon dhe frenon duke b\u00ebr\u00eb manovr\u00ebn klasike p\u00ebr t`u p\u00ebrplasur un\u00eb me t\u00eb, ose p\u00ebr t\u00eb m\u00eb b\u00ebr\u00eb t\u00eb frenoja dhe t\u00eb dilja nga rruga. Sigurisht q\u00eb reagova shpejt, me kujdes dhe nuk ndodhi gj\u00eb.<\/p>\n<p>Mostra u m\u00ebrzit e p\u00ebrs\u00ebriti disa her\u00eb manovr\u00ebn e tij\u2026 e sigurisht un\u00eb reagova p\u00ebrs\u00ebri me t\u00eb nj\u00ebjt\u00ebn m\u00ebnyr\u00eb\u2026 edhe pse u b\u00ebra gati t\u00eb luftoja me t\u00eb, ta hidhja n\u00eb kanal. Kisha me vete n\u00eb makin\u00eb dy zonja dhe nj\u00eb mikun tim, q\u00eb do t\u00eb thot\u00eb se duhej t\u00eb b\u00ebja kujdes edhe p\u00ebr ta. Nd\u00ebrkoh\u00eb, po merrja n\u00eb telefon 129-n, sh\u00ebrbimin gjoja emergjent t\u00eb policis\u00eb s\u00eb pseudo-shtetit. Tentativa ime vazhdoi p\u00ebr m\u00eb tep\u00ebr se 20 minuta, por askush nuk u p\u00ebrgjigj n\u00eb telefonin e emergjenc\u00ebs p\u00ebr qytetar\u00ebt. Shteti kishte vdekur!<\/p>\n<p>Lloji i mostr\u00ebs q\u00eb po na prishte dit\u00ebn dhe humorin pas nj\u00eb tur-i kaq t\u00eb bukur, pa q\u00eb nga larg se pas 200 metrash ishte nj\u00eb patrull\u00eb policie dhe u kthye andej nga erdhi. Ne vazhduam. Dhe sigurisht u ndala tek patrulla e policis\u00eb, p\u00ebr t\u00eb k\u00ebrkuar ndihm\u00ebn q\u00eb nuk po e merrja dot nga telefoni i emergjenc\u00ebs. Iu drejtova policit t\u00eb patrull\u00ebs q\u00eb ishte buz\u00eb rrug\u00ebs, me mbiemrin Rama, i cili bashk\u00eb me kolegun e tij e kishin p\u00ebrqendruar t\u00eb gjith\u00eb v\u00ebmendjen tek \u201cgjoba\u201d q\u00eb duhej t`i vinin drejtuesit t\u00eb nj\u00eb mjeti luksoz \u201cBentlley\u201d.<\/p>\n<p>I thash\u00eb: \u2013 Pat\u00ebm nj\u00eb konflikt t\u00eb rreziksh\u00ebm n\u00eb rrug\u00eb, nj\u00eb agresion.<\/p>\n<p>&#8211; E po pastaj ?! \u2013 m`u p\u00ebrgjigj polici Rama, me mosp\u00ebrfilljen tipike e arrogante t\u00eb nj\u00eb fshatari bandit dhe injorant.<br \/>\n-\u00c7faaaaar\u00eb?! \u2013 iu drejtova me ton\u2026<br \/>\n&#8211; Po me po!\u2026 Kush je ti iher ? \u00c7far\u00eb do ti? Nuk e shef q\u00eb po punojm\u00eb ne ktu?!<br \/>\n&#8211; Ore \u2013 i thash\u00eb. Ti ktu je p\u00ebr t\u00eb b\u00ebr\u00eb policin, apo po shet akullore?!<\/p>\n<p>Polici i sh\u00ebmtuar dhe me gjith\u00eb t\u00eb zezat e k\u00ebsaj bote, nd\u00ebrroi ton (ndoshta i frik\u00ebsuar nga ndonj\u00eb e papritur) dhe m\u00eb k\u00ebrkoi t`i shpjegoja incidentin. Ia shpjegova, i dhash\u00eb t\u00eb dh\u00ebnat, targ\u00ebn etj\u2026 dhe e luta q\u00eb t\u00eb komunikonte me radio t\u00eb gjitha patrullave n\u00eb m\u00ebnyr\u00eb q\u00eb ta bllokonin k\u00ebt\u00eb terrorist superstrade! Polici po b\u00ebnte numra. Po sp\u00ebrdridhej shum\u00eb, pa b\u00ebr\u00eb as m\u00eb t\u00eb vogl\u00ebn tentativ\u00eb p\u00ebr t\u00eb ndjekur procedur\u00ebn normale. Po b\u00ebnte legenin. Po b\u00ebnte banditin.<\/p>\n<p>Dhe sa hap e mbyll syt\u00eb, n\u00eb tentativ\u00ebn p\u00ebr t\u00eb bindur policin bandit se si duhej t\u00eb vepronte, kaloi para nesh mostra me Opelin Calibra, n\u00eb shenj\u00eb sfide. I tregova policit idiot se ja ku ishte ai q\u00eb mund t\u00eb \u00e7onte drejt vdekjes njer\u00ebz t\u00eb pafajsh\u00ebm n\u00eb mes t\u00eb dit\u00ebs, n\u00eb mes t\u00eb rrug\u00ebs\u2026 dhe polici, me shum\u00eb vones\u00eb, pasi mostra na kaloi para turinjve, ngriti tabel\u00ebn n\u00eb shenj\u00eb presioni, gjoja p\u00ebr ta ndaluar.<\/p>\n<p>Mostra iku, u zhduk me shpejt\u00ebsi t\u00eb madhe dhe polici b\u00ebri gjoja sikur u indinjua p\u00ebrs\u00ebri, n\u00eb vend q\u00eb t\u00eb sinjalizonte me radio, b\u00ebri sikur mori dik\u00eb n\u00eb telefon, nga aparati i tij celular. Po na g\u00ebnjente.<\/p>\n<p>E kuptova dhe i thash\u00eb se do ta denoncoja p\u00ebr abuzim me detyr\u00ebn dhe shmangie nga detyra gjat\u00eb sh\u00ebrbimit n\u00eb rast emergjence. B\u00ebri sikur me toleroi dhe n\u00eb fakt u k\u00ebnaq q\u00eb ika dhe iu \u201choqa qafe\u201d.<\/p>\n<p>Ndeza makin\u00ebn dhe vazhdova rrug\u00ebn duke u futur rrug\u00ebs s\u00eb aeroportit, nd\u00ebrkoh\u00eb q\u00eb po qet\u00ebsoja miqt\u00eb e mi se kjo gj\u00eb nuk do t\u00eb p\u00ebrs\u00ebritej m\u00eb, u shfaq q\u00eb larg mostra me makin\u00ebn e tij p\u00ebrball\u00eb nesh, me shpejt\u00ebsi t\u00eb madhe. U habit\u00ebm. Miqt\u00eb e mi, nj\u00eb kanadez, nj\u00eb amerikane dhe nj\u00ebra shqiptare, u trondit\u00ebn. Un\u00eb u b\u00ebra gati ta ndeshja me makin\u00ebn time, pasi e dija se do t\u00eb tentonte t\u00eb na p\u00ebrplaste n\u00eb m\u00ebnyr\u00eb ballore. Tension i madh. Rrita shpejt\u00ebsin\u00eb. Mostra u afrua duke ardhur drejt meje n\u00eb krahun e kund\u00ebrt t\u00eb rrug\u00ebs. Q\u00ebndrova drejt p\u00ebr ta ndeshur. Doja ta hidhja n\u00eb kanal, aty ku e kan\u00eb vendin krimbat, por n\u00eb fund ndryshoi timonin dhe p\u00ebsoi nj\u00eb manov\u00ebr t\u00eb keqe, duke ikur si legen.<\/p>\n<p>K\u00ebt\u00eb denoncim e b\u00ebj n\u00eb em\u00ebr t\u00eb dinjitetit tim, t\u00eb dinjitetit t\u00eb miqve t\u00eb mi dhe luft\u00ebs s\u00eb madhe q\u00eb kemi p\u00ebrpara nesh p\u00ebr t\u00eb nd\u00ebrtuar shtetin, jo m\u00eb me mostra n\u00eb krye t\u00eb tij, sepse kur ka mostra n\u00eb krye t\u00eb shtetit, ka mostra edhe n\u00eb krye t\u00eb Policis\u00eb s\u00eb Shtetit, n\u00ebp\u00ebr patrullat e vogla t\u00eb Policis\u00eb s\u00eb Shtetit, si dhe n\u00eb rrug\u00ebt tona \u2026 ku kryeministri na fton t\u00eb b\u00ebjm\u00eb turiz\u00ebm. E madje, t\u00eb ftojm\u00eb edhe miqt\u00eb tan\u00eb p\u00ebr t\u00eb vizituar e p\u00ebr t\u00eb shijuar bukurit\u00eb shqiptare.<\/p>\n<p>Dje shteti kishte vdekur, por un\u00eb isha gjall\u00eb. Mostrat kishin dal\u00eb p\u00ebr terror dhe policia ishte ortak me ta. Ne ishim t\u00eb sulmuar e t\u00eb pambrojtur, por ishim t\u00eb zot\u00ebt e vetes. Nes\u00ebr do t\u00eb dal i armatosur nga sht\u00ebpia dhe do ta pi kafen\u00eb posht\u00eb sht\u00ebpis\u00eb s\u00eb kryeministrit ose Drejtorit t\u00eb Policis\u00eb s\u00eb Shtetit, p\u00ebr t`iu k\u00ebrkuar shpjegim p\u00ebr k\u00ebt\u00eb maskarad\u00eb!<\/p>\n","protected":false},"excerpt":{"rendered":"<p>\u00a0Nga Alban Guri Dje po kthehesha me disa miq t\u00eb mi nga nj\u00eb tur n\u00eb zonat e veriut. Ishte ora rreth 19:00 n\u00eb rrug\u00ebn Fush\u00eb-Kruj\u00eb-Aeroport. Nj\u00eb autovetur\u00eb e tipit \u201cOpel Calibra\u201d, ngjyr\u00eb blu e err\u00ebt, cilindrat e lart\u00eb, me targ\u00eb TR. N\u00eb timon nj\u00eb fytyr\u00eb e urryer, e g\u00ebrryer nga posht\u00ebrsit\u00eb, nga burgu, nga droga, [&hellip;]<\/p>\n","protected":false},"author":1,"featured_media":0,"comment_status":"open","ping_status":"closed","sticky":false,"template":"","format":"standard","meta":{"footnotes":""},"categories":[2],"tags":[],"class_list":{"0":"post-9496","1":"post","2":"type-post","3":"status-publish","4":"format-standard","6":"category-artikuj"},"yoast_head":"<!-- This site is optimized with the Yoast SEO plugin v27.4 - https:\/\/yoast.com\/product\/yoast-seo-wordpress\/ -->\n<title>Shteti vdiq! Hienat n\u00ebp\u00ebr rrug\u00eb! - FjALA e LIR\u00cb - Arkivi<\/title>\n<meta name=\"robots\" content=\"index, follow, max-snippet:-1, max-image-preview:large, max-video-preview:-1\" \/>\n<link rel=\"canonical\" href=\"https:\/\/fjala.info\/2009-2015\/shteti-vdiq-hienat-neper-rruge\/\" \/>\n<meta property=\"og:locale\" content=\"sq_AL\" \/>\n<meta property=\"og:type\" content=\"article\" \/>\n<meta property=\"og:title\" content=\"Shteti vdiq! Hienat n\u00ebp\u00ebr rrug\u00eb! - FjALA e LIR\u00cb - Arkivi\" \/>\n<meta property=\"og:description\" content=\"\u00a0Nga Alban Guri Dje po kthehesha me disa miq t\u00eb mi nga nj\u00eb tur n\u00eb zonat e veriut. Ishte ora rreth 19:00 n\u00eb rrug\u00ebn Fush\u00eb-Kruj\u00eb-Aeroport. Nj\u00eb autovetur\u00eb e tipit \u201cOpel Calibra\u201d, ngjyr\u00eb blu e err\u00ebt, cilindrat e lart\u00eb, me targ\u00eb TR. N\u00eb timon nj\u00eb fytyr\u00eb e urryer, e g\u00ebrryer nga posht\u00ebrsit\u00eb, nga burgu, nga droga, [&hellip;]\" \/>\n<meta property=\"og:url\" content=\"https:\/\/fjala.info\/2009-2015\/shteti-vdiq-hienat-neper-rruge\/\" \/>\n<meta property=\"og:site_name\" content=\"FjALA e LIR\u00cb - Arkivi\" \/>\n<meta property=\"article:published_time\" content=\"2011-07-17T21:26:57+00:00\" \/>\n<meta property=\"og:image\" content=\"http:\/\/www.shkoder.net\/images\/fjala\/2011\/policia_maska.jpg\" \/>\n<meta name=\"author\" content=\"admin\" \/>\n<meta name=\"twitter:card\" content=\"summary_large_image\" \/>\n<meta name=\"twitter:label1\" content=\"Written by\" \/>\n\t<meta name=\"twitter:data1\" content=\"admin\" \/>\n\t<meta name=\"twitter:label2\" content=\"Est. reading time\" \/>\n\t<meta name=\"twitter:data2\" content=\"5 minutes\" \/>\n<script type=\"application\/ld+json\" class=\"yoast-schema-graph\">{\"@context\":\"https:\\\/\\\/schema.org\",\"@graph\":[{\"@type\":\"Article\",\"@id\":\"https:\\\/\\\/fjala.info\\\/2009-2015\\\/shteti-vdiq-hienat-neper-rruge\\\/#article\",\"isPartOf\":{\"@id\":\"https:\\\/\\\/fjala.info\\\/2009-2015\\\/shteti-vdiq-hienat-neper-rruge\\\/\"},\"author\":{\"name\":\"admin\",\"@id\":\"https:\\\/\\\/fjala.info\\\/2009-2015\\\/#\\\/schema\\\/person\\\/3aa1163ef05469c496fc94e77611ada2\"},\"headline\":\"Shteti vdiq! Hienat n\u00ebp\u00ebr rrug\u00eb!\",\"datePublished\":\"2011-07-17T21:26:57+00:00\",\"mainEntityOfPage\":{\"@id\":\"https:\\\/\\\/fjala.info\\\/2009-2015\\\/shteti-vdiq-hienat-neper-rruge\\\/\"},\"wordCount\":1018,\"commentCount\":1,\"publisher\":{\"@id\":\"https:\\\/\\\/fjala.info\\\/2009-2015\\\/#organization\"},\"image\":{\"@id\":\"https:\\\/\\\/fjala.info\\\/2009-2015\\\/shteti-vdiq-hienat-neper-rruge\\\/#primaryimage\"},\"thumbnailUrl\":\"http:\\\/\\\/www.shkoder.net\\\/images\\\/fjala\\\/2011\\\/policia_maska.jpg\",\"articleSection\":[\"Artikuj\"],\"inLanguage\":\"sq-AL\",\"potentialAction\":[{\"@type\":\"CommentAction\",\"name\":\"Comment\",\"target\":[\"https:\\\/\\\/fjala.info\\\/2009-2015\\\/shteti-vdiq-hienat-neper-rruge\\\/#respond\"]}]},{\"@type\":\"WebPage\",\"@id\":\"https:\\\/\\\/fjala.info\\\/2009-2015\\\/shteti-vdiq-hienat-neper-rruge\\\/\",\"url\":\"https:\\\/\\\/fjala.info\\\/2009-2015\\\/shteti-vdiq-hienat-neper-rruge\\\/\",\"name\":\"Shteti vdiq! Hienat n\u00ebp\u00ebr rrug\u00eb! - FjALA e LIR\u00cb - Arkivi\",\"isPartOf\":{\"@id\":\"https:\\\/\\\/fjala.info\\\/2009-2015\\\/#website\"},\"primaryImageOfPage\":{\"@id\":\"https:\\\/\\\/fjala.info\\\/2009-2015\\\/shteti-vdiq-hienat-neper-rruge\\\/#primaryimage\"},\"image\":{\"@id\":\"https:\\\/\\\/fjala.info\\\/2009-2015\\\/shteti-vdiq-hienat-neper-rruge\\\/#primaryimage\"},\"thumbnailUrl\":\"http:\\\/\\\/www.shkoder.net\\\/images\\\/fjala\\\/2011\\\/policia_maska.jpg\",\"datePublished\":\"2011-07-17T21:26:57+00:00\",\"breadcrumb\":{\"@id\":\"https:\\\/\\\/fjala.info\\\/2009-2015\\\/shteti-vdiq-hienat-neper-rruge\\\/#breadcrumb\"},\"inLanguage\":\"sq-AL\",\"potentialAction\":[{\"@type\":\"ReadAction\",\"target\":[\"https:\\\/\\\/fjala.info\\\/2009-2015\\\/shteti-vdiq-hienat-neper-rruge\\\/\"]}]},{\"@type\":\"ImageObject\",\"inLanguage\":\"sq-AL\",\"@id\":\"https:\\\/\\\/fjala.info\\\/2009-2015\\\/shteti-vdiq-hienat-neper-rruge\\\/#primaryimage\",\"url\":\"http:\\\/\\\/www.shkoder.net\\\/images\\\/fjala\\\/2011\\\/policia_maska.jpg\",\"contentUrl\":\"http:\\\/\\\/www.shkoder.net\\\/images\\\/fjala\\\/2011\\\/policia_maska.jpg\"},{\"@type\":\"BreadcrumbList\",\"@id\":\"https:\\\/\\\/fjala.info\\\/2009-2015\\\/shteti-vdiq-hienat-neper-rruge\\\/#breadcrumb\",\"itemListElement\":[{\"@type\":\"ListItem\",\"position\":1,\"name\":\"Home\",\"item\":\"https:\\\/\\\/fjala.info\\\/2009-2015\\\/\"},{\"@type\":\"ListItem\",\"position\":2,\"name\":\"Shteti vdiq! Hienat n\u00ebp\u00ebr rrug\u00eb!\"}]},{\"@type\":\"WebSite\",\"@id\":\"https:\\\/\\\/fjala.info\\\/2009-2015\\\/#website\",\"url\":\"https:\\\/\\\/fjala.info\\\/2009-2015\\\/\",\"name\":\"FjALA e LIR\u00cb - Arkivi\",\"description\":\"Arkivi 2009-2015\",\"publisher\":{\"@id\":\"https:\\\/\\\/fjala.info\\\/2009-2015\\\/#organization\"},\"potentialAction\":[{\"@type\":\"SearchAction\",\"target\":{\"@type\":\"EntryPoint\",\"urlTemplate\":\"https:\\\/\\\/fjala.info\\\/2009-2015\\\/?s={search_term_string}\"},\"query-input\":{\"@type\":\"PropertyValueSpecification\",\"valueRequired\":true,\"valueName\":\"search_term_string\"}}],\"inLanguage\":\"sq-AL\"},{\"@type\":\"Organization\",\"@id\":\"https:\\\/\\\/fjala.info\\\/2009-2015\\\/#organization\",\"name\":\"FjALA e LIR\u00cb - Arkivi\",\"url\":\"https:\\\/\\\/fjala.info\\\/2009-2015\\\/\",\"logo\":{\"@type\":\"ImageObject\",\"inLanguage\":\"sq-AL\",\"@id\":\"https:\\\/\\\/fjala.info\\\/2009-2015\\\/#\\\/schema\\\/logo\\\/image\\\/\",\"url\":\"\",\"contentUrl\":\"\",\"caption\":\"FjALA e LIR\u00cb - Arkivi\"},\"image\":{\"@id\":\"https:\\\/\\\/fjala.info\\\/2009-2015\\\/#\\\/schema\\\/logo\\\/image\\\/\"}},{\"@type\":\"Person\",\"@id\":\"https:\\\/\\\/fjala.info\\\/2009-2015\\\/#\\\/schema\\\/person\\\/3aa1163ef05469c496fc94e77611ada2\",\"name\":\"admin\",\"image\":{\"@type\":\"ImageObject\",\"inLanguage\":\"sq-AL\",\"@id\":\"https:\\\/\\\/fjala.info\\\/2009-2015\\\/wp-content\\\/uploads\\\/2012\\\/02\\\/arben_cokaj-120x150.jpg\",\"url\":\"https:\\\/\\\/fjala.info\\\/2009-2015\\\/wp-content\\\/uploads\\\/2012\\\/02\\\/arben_cokaj-120x150.jpg\",\"contentUrl\":\"https:\\\/\\\/fjala.info\\\/2009-2015\\\/wp-content\\\/uploads\\\/2012\\\/02\\\/arben_cokaj-120x150.jpg\",\"caption\":\"admin\"},\"description\":\"Admin, Fjala e Lir\u00eb\",\"sameAs\":[\"https:\\\/\\\/fjala.info\\\/\"],\"url\":\"https:\\\/\\\/fjala.info\\\/2009-2015\\\/author\\\/admin\\\/\"}]}<\/script>\n<!-- \/ Yoast SEO plugin. -->","yoast_head_json":{"title":"Shteti vdiq! Hienat n\u00ebp\u00ebr rrug\u00eb! - FjALA e LIR\u00cb - Arkivi","robots":{"index":"index","follow":"follow","max-snippet":"max-snippet:-1","max-image-preview":"max-image-preview:large","max-video-preview":"max-video-preview:-1"},"canonical":"https:\/\/fjala.info\/2009-2015\/shteti-vdiq-hienat-neper-rruge\/","og_locale":"sq_AL","og_type":"article","og_title":"Shteti vdiq! Hienat n\u00ebp\u00ebr rrug\u00eb! - FjALA e LIR\u00cb - Arkivi","og_description":"\u00a0Nga Alban Guri Dje po kthehesha me disa miq t\u00eb mi nga nj\u00eb tur n\u00eb zonat e veriut. Ishte ora rreth 19:00 n\u00eb rrug\u00ebn Fush\u00eb-Kruj\u00eb-Aeroport. Nj\u00eb autovetur\u00eb e tipit \u201cOpel Calibra\u201d, ngjyr\u00eb blu e err\u00ebt, cilindrat e lart\u00eb, me targ\u00eb TR. N\u00eb timon nj\u00eb fytyr\u00eb e urryer, e g\u00ebrryer nga posht\u00ebrsit\u00eb, nga burgu, nga droga, [&hellip;]","og_url":"https:\/\/fjala.info\/2009-2015\/shteti-vdiq-hienat-neper-rruge\/","og_site_name":"FjALA e LIR\u00cb - Arkivi","article_published_time":"2011-07-17T21:26:57+00:00","og_image":[{"url":"http:\/\/www.shkoder.net\/images\/fjala\/2011\/policia_maska.jpg","type":"","width":"","height":""}],"author":"admin","twitter_card":"summary_large_image","twitter_misc":{"Written by":"admin","Est. reading time":"5 minutes"},"schema":{"@context":"https:\/\/schema.org","@graph":[{"@type":"Article","@id":"https:\/\/fjala.info\/2009-2015\/shteti-vdiq-hienat-neper-rruge\/#article","isPartOf":{"@id":"https:\/\/fjala.info\/2009-2015\/shteti-vdiq-hienat-neper-rruge\/"},"author":{"name":"admin","@id":"https:\/\/fjala.info\/2009-2015\/#\/schema\/person\/3aa1163ef05469c496fc94e77611ada2"},"headline":"Shteti vdiq! Hienat n\u00ebp\u00ebr rrug\u00eb!","datePublished":"2011-07-17T21:26:57+00:00","mainEntityOfPage":{"@id":"https:\/\/fjala.info\/2009-2015\/shteti-vdiq-hienat-neper-rruge\/"},"wordCount":1018,"commentCount":1,"publisher":{"@id":"https:\/\/fjala.info\/2009-2015\/#organization"},"image":{"@id":"https:\/\/fjala.info\/2009-2015\/shteti-vdiq-hienat-neper-rruge\/#primaryimage"},"thumbnailUrl":"http:\/\/www.shkoder.net\/images\/fjala\/2011\/policia_maska.jpg","articleSection":["Artikuj"],"inLanguage":"sq-AL","potentialAction":[{"@type":"CommentAction","name":"Comment","target":["https:\/\/fjala.info\/2009-2015\/shteti-vdiq-hienat-neper-rruge\/#respond"]}]},{"@type":"WebPage","@id":"https:\/\/fjala.info\/2009-2015\/shteti-vdiq-hienat-neper-rruge\/","url":"https:\/\/fjala.info\/2009-2015\/shteti-vdiq-hienat-neper-rruge\/","name":"Shteti vdiq! Hienat n\u00ebp\u00ebr rrug\u00eb! - FjALA e LIR\u00cb - Arkivi","isPartOf":{"@id":"https:\/\/fjala.info\/2009-2015\/#website"},"primaryImageOfPage":{"@id":"https:\/\/fjala.info\/2009-2015\/shteti-vdiq-hienat-neper-rruge\/#primaryimage"},"image":{"@id":"https:\/\/fjala.info\/2009-2015\/shteti-vdiq-hienat-neper-rruge\/#primaryimage"},"thumbnailUrl":"http:\/\/www.shkoder.net\/images\/fjala\/2011\/policia_maska.jpg","datePublished":"2011-07-17T21:26:57+00:00","breadcrumb":{"@id":"https:\/\/fjala.info\/2009-2015\/shteti-vdiq-hienat-neper-rruge\/#breadcrumb"},"inLanguage":"sq-AL","potentialAction":[{"@type":"ReadAction","target":["https:\/\/fjala.info\/2009-2015\/shteti-vdiq-hienat-neper-rruge\/"]}]},{"@type":"ImageObject","inLanguage":"sq-AL","@id":"https:\/\/fjala.info\/2009-2015\/shteti-vdiq-hienat-neper-rruge\/#primaryimage","url":"http:\/\/www.shkoder.net\/images\/fjala\/2011\/policia_maska.jpg","contentUrl":"http:\/\/www.shkoder.net\/images\/fjala\/2011\/policia_maska.jpg"},{"@type":"BreadcrumbList","@id":"https:\/\/fjala.info\/2009-2015\/shteti-vdiq-hienat-neper-rruge\/#breadcrumb","itemListElement":[{"@type":"ListItem","position":1,"name":"Home","item":"https:\/\/fjala.info\/2009-2015\/"},{"@type":"ListItem","position":2,"name":"Shteti vdiq! Hienat n\u00ebp\u00ebr rrug\u00eb!"}]},{"@type":"WebSite","@id":"https:\/\/fjala.info\/2009-2015\/#website","url":"https:\/\/fjala.info\/2009-2015\/","name":"FjALA e LIR\u00cb - Arkivi","description":"Arkivi 2009-2015","publisher":{"@id":"https:\/\/fjala.info\/2009-2015\/#organization"},"potentialAction":[{"@type":"SearchAction","target":{"@type":"EntryPoint","urlTemplate":"https:\/\/fjala.info\/2009-2015\/?s={search_term_string}"},"query-input":{"@type":"PropertyValueSpecification","valueRequired":true,"valueName":"search_term_string"}}],"inLanguage":"sq-AL"},{"@type":"Organization","@id":"https:\/\/fjala.info\/2009-2015\/#organization","name":"FjALA e LIR\u00cb - Arkivi","url":"https:\/\/fjala.info\/2009-2015\/","logo":{"@type":"ImageObject","inLanguage":"sq-AL","@id":"https:\/\/fjala.info\/2009-2015\/#\/schema\/logo\/image\/","url":"","contentUrl":"","caption":"FjALA e LIR\u00cb - Arkivi"},"image":{"@id":"https:\/\/fjala.info\/2009-2015\/#\/schema\/logo\/image\/"}},{"@type":"Person","@id":"https:\/\/fjala.info\/2009-2015\/#\/schema\/person\/3aa1163ef05469c496fc94e77611ada2","name":"admin","image":{"@type":"ImageObject","inLanguage":"sq-AL","@id":"https:\/\/fjala.info\/2009-2015\/wp-content\/uploads\/2012\/02\/arben_cokaj-120x150.jpg","url":"https:\/\/fjala.info\/2009-2015\/wp-content\/uploads\/2012\/02\/arben_cokaj-120x150.jpg","contentUrl":"https:\/\/fjala.info\/2009-2015\/wp-content\/uploads\/2012\/02\/arben_cokaj-120x150.jpg","caption":"admin"},"description":"Admin, Fjala e Lir\u00eb","sameAs":["https:\/\/fjala.info\/"],"url":"https:\/\/fjala.info\/2009-2015\/author\/admin\/"}]}},"_links":{"self":[{"href":"https:\/\/fjala.info\/2009-2015\/wp-json\/wp\/v2\/posts\/9496","targetHints":{"allow":["GET"]}}],"collection":[{"href":"https:\/\/fjala.info\/2009-2015\/wp-json\/wp\/v2\/posts"}],"about":[{"href":"https:\/\/fjala.info\/2009-2015\/wp-json\/wp\/v2\/types\/post"}],"author":[{"embeddable":true,"href":"https:\/\/fjala.info\/2009-2015\/wp-json\/wp\/v2\/users\/1"}],"replies":[{"embeddable":true,"href":"https:\/\/fjala.info\/2009-2015\/wp-json\/wp\/v2\/comments?post=9496"}],"version-history":[{"count":0,"href":"https:\/\/fjala.info\/2009-2015\/wp-json\/wp\/v2\/posts\/9496\/revisions"}],"wp:attachment":[{"href":"https:\/\/fjala.info\/2009-2015\/wp-json\/wp\/v2\/media?parent=9496"}],"wp:term":[{"taxonomy":"category","embeddable":true,"href":"https:\/\/fjala.info\/2009-2015\/wp-json\/wp\/v2\/categories?post=9496"},{"taxonomy":"post_tag","embeddable":true,"href":"https:\/\/fjala.info\/2009-2015\/wp-json\/wp\/v2\/tags?post=9496"}],"curies":[{"name":"wp","href":"https:\/\/api.w.org\/{rel}","templated":true}]}}