{"id":9490,"date":"2011-07-17T14:48:59","date_gmt":"2011-07-17T13:48:59","guid":{"rendered":"http:\/\/fjala.shkoder.net\/?p=9490"},"modified":"2011-07-17T14:48:59","modified_gmt":"2011-07-17T13:48:59","slug":"vendimi-i-punonjesve-te-kolegjit","status":"publish","type":"post","link":"https:\/\/fjala.info\/2009-2015\/vendimi-i-punonjesve-te-kolegjit\/","title":{"rendered":"Vendimi i \u201cpunonj\u00ebsve t\u00eb Kolegjit\u201d"},"content":{"rendered":"<p><img decoding=\"async\" class=\"alignright size-thumbnail wp-image-7236\" title=\"Eridian Salianji\" src=\"http:\/\/www.shkoder.net\/images\/fjala\/2011\/eridian_salianji.jpg\" alt=\"\" width=\"150\" \/>\u00a0Nga <strong>Eridian Salianji<\/strong><\/p>\n<p>S\u00eb fundi, si\u00e7 \u00ebsht\u00eb b\u00ebr\u00eb e njohur p\u00ebr t\u00eb gjith\u00eb, punonj\u00ebsit e Kolegjit Zgjedhor t\u00eb Gjykat\u00ebs s\u00eb Apelit dhan\u00eb vendim p\u00ebr rr\u00ebzimin e k\u00ebrkes\u00eb-padis\u00eb s\u00eb PS-s\u00eb me objekt \u201cAnulimin e vendimit nr. 1160 t\u00eb KQZ dat\u00eb 28.6. 2011 t\u00eb KQZ p\u00ebr mospranimin p\u00ebr shqyrtim t\u00eb k\u00ebrkes\u00ebs ankimore ndaj nj\u00eb vendimi t\u00eb ankimuesh\u00ebm dhe detyrimin e KQZ p\u00ebr t\u00eb marr\u00eb n\u00eb shqyrtim k\u00ebrkes\u00ebn.<\/p>\n<p>N\u00eb m\u00ebnyr\u00eb t\u00eb p\u00ebrmbledhur, p\u00ebrmbajtja e \u00e7\u00ebshtjes \u00ebsht\u00eb:<\/p>\n<p>M\u00eb 8 maj, si\u00e7 dihet, u mbajt\u00ebn zgjedhjet edhe p\u00ebr kryetar Bashkie Tiran\u00eb.<br \/>\nM\u00eb 14 maj, fitues Edi Rama me 10 vota.<br \/>\nM\u00eb 23 maj, KQZ nxori vendim p\u00ebr fituesin e k\u00ebtyre zgjedhjeve.<\/p>\n<p>Ky vendim u ankimua nga subjekti zgjedhor PS, ankim mbi t\u00eb cilin Kolegji Zgjedhor, vendosi p\u00ebr ANULLIMIN e vendimit t\u00eb KQZ.<\/p>\n<p>KQZ u mblodh s\u00ebrish dhe m\u00eb dat\u00eb 25.07.2011 mori tjet\u00ebr vendim p\u00ebr shpalljen e fituesit.<\/p>\n<p>Edhe kund\u00ebr k\u00ebtij vendimi, PS b\u00ebri ankes\u00eb n\u00eb KQZ, por KQZ vendosi t\u00eb mos shqyrtoj\u00eb ankimin.<\/p>\n<p>PS u ankua edhe ndaj k\u00ebtij vendimi, por me vendimin e dat\u00ebs 8.7.2011, n\u00eb em\u00ebr t\u00eb Kolegjit Zgjedhor u mor vendimi p\u00ebr rr\u00ebzimin e k\u00ebrkes\u00ebs; Pra, vet\u00ebm kaq mjafton p\u00ebr \u00e7far\u00eb drejt\u00ebsie b\u00ebhet fjal\u00eb: Nuk pranohet t\u00eb shqyrtohet ankimi i partis\u00eb politike m\u00eb t\u00eb madhe n\u00eb Shqip\u00ebri!<\/p>\n<p>N\u00ebse komentohet n\u00eb lidhje me \u201cargumentet\u201d dhe arsyetimin e vendimit n\u00eb em\u00ebr t\u00eb Kolegjit Zgjedhor, at\u00ebher\u00eb abuzivizmi i atyre q\u00eb kan\u00eb vendosur n\u00eb em\u00ebr t\u00eb Kolegjit Zgjedhor del akoma m\u00eb shum\u00eb n\u00eb pah.<\/p>\n<p>Me pak fjal\u00eb, Kolegji ka \u00e7muar se q\u00ebndron arsyeja e dh\u00ebn\u00eb nga KQZ n\u00eb vendimin e ankimuar prej PS se:<\/p>\n<p>Nuk pranojm\u00eb ta shqyrtojm\u00eb ankimin se argumentet e paraqitur kund\u00ebr vendimit 1160 t\u00eb dat\u00ebs 28.6.2011, duhet t\u2019i kishit paraqitur kur keni ankuar vendimin nr. 711 t\u00eb dat\u00ebs 23.5.2011.<\/p>\n<p>Pra, Kolegji si gjithkush e di q\u00eb vendimi 711 \u00ebsht\u00eb anuluar (d.m.th., ky vendim nuk \u00ebsht\u00eb m\u00eb!) e p\u00ebr rrjedhoj\u00eb ndaj vendimit t\u00eb ri t\u00eb KQZ, brenda afatit pala e legjitimuar mund t\u00eb ankohet p\u00ebr \u00e7do arsye q\u00eb e \u00e7mon t\u00eb duhur, n\u00eb baz\u00eb jo vet\u00ebm t\u00eb Kodit Zgjedhor, por n\u00eb baz\u00eb t\u00eb parimeve kushtetuese, neni 43 i Kushtetut\u00ebs: \u201cKushdo e ka t\u00eb drejt\u00ebn t\u00eb ankohet kund\u00ebr nj\u00eb vendimi n\u00eb nj\u00eb gjykat\u00eb m\u00eb t\u00eb lart\u00eb, p\u00ebrve\u00e7se kur n\u00eb Kushtetut\u00eb parashikohet ndryshe\u201d. Megjith\u00ebse kjo q\u00eb themi \u00ebsht\u00eb aq e thjesht\u00eb (t\u00eb drejt\u00ebn p\u00ebr t&#8217;u gjykuar), kjo e drejt\u00eb elementare iu shkel, partis\u00eb m\u00eb t\u00eb madhe n\u00eb Shqip\u00ebri q\u00eb kryeson edhe opozit\u00ebn shqiptare.<\/p>\n<p>Pra, tashm\u00eb nuk mund t\u00eb b\u00ebhet fjal\u00eb p\u00ebr garanci t\u00eb askujt.<\/p>\n<p>\u00cbsht\u00eb e qart\u00eb q\u00eb KQZ kishte demonstruar q\u00ebndrimin e saj p\u00ebr t\u00eb shkat\u00ebrruar zgjedhjet, manipuluar rezultatin dhe thyer besimin n\u00eb k\u00ebt\u00eb institucion.<\/p>\n<p>Kjo \u00ebsht\u00eb b\u00ebr\u00eb e ditur bot\u00ebrisht p\u00ebr shkak se gjith\u00e7ka ishte online n\u00eb syt\u00eb e gjith\u00eb atyre q\u00eb u num\u00ebruan votat dhe u d\u00ebgjua z\u00ebri tyre dhe u vulos edhe nga q\u00ebndrimi pa asnj\u00eb ekuivok i institucioneve nd\u00ebrkomb\u00ebtare t\u00eb specializuara p\u00ebr monitorim t\u00eb zgjedhjeve se KQZ po vepron n\u00eb kund\u00ebrshtim me Ligjin.<\/p>\n<p>Q\u00ebndrimi i KQZ-s\u00eb ka qen\u00eb edhe i pritsh\u00ebm p\u00ebr PS-n\u00eb, duke marr\u00eb n\u00eb konsiderat\u00eb veprimtarin\u00eb sistematike n\u00eb vijim\u00ebsi t\u00eb k\u00ebtij institucioni gjat\u00eb viteve.<\/p>\n<p>Q\u00ebndrimi i punonj\u00ebsve t\u00eb Gjykat\u00ebs (me veprimtarin\u00eb e tyre kan\u00eb shkelmuar titullin e lart\u00eb-gjykat\u00ebs) p\u00ebrb\u00ebn prov\u00ebn e pakontestueshme se nj\u00eb nd\u00ebr shtyllat p\u00ebr tu quajtur nj\u00eb vend demokratik, q\u00eb \u00ebsht\u00eb aft\u00ebsia p\u00ebr t\u00eb zhvilluar zgjedhje t\u00eb lira, n\u00eb Shqip\u00ebri ka r\u00ebn\u00eb p\u00ebrfundimisht.<\/p>\n<p>Edhe vet\u00eb kandidati i PD-s\u00eb, i cili si\u00e7 dihet efektivisht u em\u00ebrua kryetar bashkie, disa her\u00eb e ka deklaruar me naivitet skandalin q\u00eb PD kreu, duke p\u00ebrs\u00ebritur: n\u00eb nj\u00eb diferenc\u00eb t\u00eb madhe votash (si\u00e7 ka ndodhur sistematikisht gjat\u00eb 12 viteve q\u00eb ka kandiduar PS me PD p\u00ebr bashkin\u00eb Tiran\u00eb-sh\u00ebnimi im) demokracia \u00ebsht\u00eb e leht\u00eb t\u00eb funksionoj\u00eb, por \u2013 vijon ai \u2013 n\u00eb rastet kur diferenca \u00ebsht\u00eb e vog\u00ebl, vet\u00ebm at\u00ebher\u00eb demokracia vihet n\u00eb prov\u00eb\u201d.<\/p>\n<p>N\u00eb fakt, kjo ndodhi, demokracia u vu n\u00eb prov\u00eb dhe rezultoi se prova nuk u kalua. Pushteti nuk mund ta pranonte q\u00eb \u201ct\u2019i ik\u00eb zogu nga dora\u201d p\u00ebr 10 vota; nuk mund ta pranonte q\u00eb gjith\u00eb ai mund i b\u00ebr\u00eb p\u00ebr manipulim n\u00eb fushat\u00ebn parazgjedhore (me listat, me banor\u00ebt e importuar etj., etj., q\u00eb jan\u00eb n\u00eb proces s\u00eb listimit dhe grumbullimit t\u00eb provave,) t\u2019i shkonte d\u00ebm e p\u00ebr \u00e7far\u00eb p\u00ebr 10 vota!<\/p>\n<p>Rezultoi se nuk e kishte t\u00eb v\u00ebshtir\u00eb t\u00eb kalonte k\u00ebt\u00eb prov\u00eb (jo n\u00eb favor t\u00eb demokracis\u00eb, por t\u00eb pushtetit t\u00eb vjedhur). Edhe p\u00ebr k\u00ebt\u00eb situat\u00eb pushteti ka punuar prej koh\u00ebsh: V\u00eb n\u00eb v\u00ebmendjen e t\u00eb gjith\u00ebve, presionin e presingun e vazhduesh\u00ebm t\u00eb PD q\u00eb do t\u00eb riorganizonte gjyq\u00ebsorin, do t\u00eb miratonte ligjin e lustracionit etj., etj; ligje qartazi jo demokratike; Ndon\u00ebse k\u00ebt\u00eb ende nuk e ka b\u00ebr\u00eb (p\u00ebr shkak t\u00eb q\u00ebndres\u00ebs s\u00eb opozit\u00ebs dhe faktorit nd\u00ebrkomb\u00ebtar) presioni i vazhduesh\u00ebm ndaj \u00e7do pushteti tjet\u00ebr, ka b\u00ebr\u00eb efektet e veta!<\/p>\n<p>Gjyqtar\u00ebt kan\u00eb hequr dor\u00eb nga kjo cil\u00ebsi dhe jan\u00eb kthyer n\u00eb punonj\u00ebs t\u00eb Gjykat\u00ebs q\u00eb d.m.th., vendosin n\u00eb \u00e7do rast \u201csi\u00e7 e do zotnia\u201d!<\/p>\n<p>Nuk \u00ebsht\u00eb e v\u00ebshtir\u00eb t\u00eb dep\u00ebrtohet n\u00eb mendjen e tyre se \u00e7far\u00eb kan\u00eb menduar kur kan\u00eb dh\u00ebn\u00eb vendim haptazi t\u00eb pabazuar e n\u00eb kund\u00ebrshtim me parimet m\u00eb elementare kushtetuese (e drejta p\u00ebr zhvillim t\u00eb nj\u00eb procesi ligjor; pra e drejta p\u00ebr tu shqyrtuar nj\u00eb ankes\u00eb!).<\/p>\n<p>\u00cbsht\u00eb e dukshme se si njer\u00ebz t\u00eb vegj\u00ebl (nuk b\u00ebhet fjal\u00eb q\u00eb t\u00eb ket\u00eb ekzistuar as nj\u00eb fije floku gjyqtari n\u00eb qenien e tyre kur kan\u00eb dh\u00ebn\u00eb k\u00ebt\u00eb vendim) kan\u00eb menduar se, n\u00ebse merret vendim i bazuar n\u00eb Ligj, natyrsh\u00ebm q\u00eb e drejta nuk \u00ebsht\u00eb me Doktorin. Mir\u00ebpo, Doktori \u00ebsht\u00eb n\u00eb pushtet dhe ka treguar se nuk ta fal kur nuk vendoset sipas d\u00ebshir\u00ebs s\u00eb tij. Nd\u00ebrsa ka vijuar mendimi i punonj\u00ebsve t\u00eb gjykat\u00ebs, krejt realitet tjet\u00ebr \u00ebsht\u00eb nga kampi roz\u00eb! Ata kur t\u00eb vijn\u00eb n\u00eb pushtet, t\u00eb sigurt\u00eb q\u00eb nuk t\u00eb thon\u00eb asgj\u00eb p\u00ebr k\u00ebto vendime; Ata thjesht do t\u00eb b\u00ebjn\u00eb reforma dhe vendosin standarde, t\u00eb cilat ne at\u00ebher\u00eb do t\u2019i zbatojm\u00eb! K\u00ebshtu ka ndodhur edhe n\u00eb t\u00eb kaluar\u00ebn! Cili gjyqtar apo prokuror pati pasoj\u00ebn m\u00eb t\u00eb vog\u00ebl p\u00ebr shkak t\u00eb proceseve politike dhe t\u00eb kundraligjshme t\u00eb zhvilluara me porosin\u00eb e Doktorit gjat\u00eb \u201892-\u201897? P\u00ebrgjigja \u00ebsht\u00eb: Asnj\u00ebri!<\/p>\n<p>Pra, punonj\u00ebsit e gjykat\u00ebs, veprimin e kryer (vendimmarrje t\u00eb kundraligjshme) nuk e kan\u00eb vler\u00ebsuar sipas ndarjes: Veprim i drejt\u00eb apo i padrejt\u00eb, por e kan\u00eb vler\u00ebsuar n\u00eb ndarjen: Veprim racional apo joracional. Dhe n\u00eb fakt kan\u00eb patur t\u00eb drejt\u00eb n\u00eb k\u00ebt\u00eb gjykim. Si punonj\u00ebs gjykate, si njer\u00ebz t\u00eb vegj\u00ebl, p\u00ebr ta \u00ebsht\u00eb m\u00eb racionale ta mbajn\u00eb mir\u00eb me pushtetin, pasi kan\u00eb siguri t\u00eb plot\u00eb, kan\u00eb mund\u00ebsi edhe t\u00eb vijojn\u00eb abuzimin me detyr\u00ebn dhe askush t\u00eb mos merret me ta; kan\u00eb mund\u00ebsi t\u00eb rregullojn\u00eb familjar\u00ebt e tyre duke pasur akses me pushtetin. N\u00ebse do t\u00eb vepronin n\u00eb m\u00ebnyr\u00eb irracionale, gjith\u00e7ka do t\u00eb ishte p\u00ebrmbys. S\u2019ka r\u00ebnd\u00ebsi pse \u00ebsht\u00eb shkelmuar qenia gjyqtar! Kujt i duhet kjo? Kur t\u00eb vij\u00eb PS n\u00eb pushtet, si edhe her\u00eb t\u00eb tjera nuk merret me emra t\u00eb p\u00ebrve\u00e7\u00ebm!<\/p>\n<p>N\u00eb k\u00ebt\u00eb m\u00ebnyr\u00eb, pushteti e siguroi formalisht edhe me vendim t\u00eb t\u00eb \u201cpavarurve\u201d funksionin e kryetarit t\u00eb bashkis\u00eb Tiran\u00eb. Edhe pse kishte gjitha k\u00ebto garanci t\u00eb arritura me pun\u00eb (presion t\u00eb pist\u00eb politik) p\u00ebrs\u00ebri pushteti fitoren e arriti me manovra t\u00eb papranueshme procedurale: Pra, kryetari \u00ebsht\u00eb ky e jo ai tjetri p\u00ebr shkak se ka kaluar afati i ankimimit!<\/p>\n<p>Pse nuk ka aspak lavdi kjo fitore edhe sikur edhe t\u00eb ishte e v\u00ebrtet\u00eb q\u00eb \u00ebsht\u00eb humbur afati i ankimimit, p\u00ebr pushtetin nuk ka asnj\u00eb r\u00ebnd\u00ebsi! R\u00ebnd\u00ebsi ka posti i marr\u00eb dhe hapja e rrug\u00ebs p\u00ebr manipulime.<\/p>\n<p>*<em>Autori \u00ebsht\u00eb p\u00ebrfaq\u00ebsues i PS-s\u00eb n\u00eb KQZ <\/em><\/p>\n","protected":false},"excerpt":{"rendered":"<p>\u00a0Nga Eridian Salianji S\u00eb fundi, si\u00e7 \u00ebsht\u00eb b\u00ebr\u00eb e njohur p\u00ebr t\u00eb gjith\u00eb, punonj\u00ebsit e Kolegjit Zgjedhor t\u00eb Gjykat\u00ebs s\u00eb Apelit dhan\u00eb vendim p\u00ebr rr\u00ebzimin e k\u00ebrkes\u00eb-padis\u00eb s\u00eb PS-s\u00eb me objekt \u201cAnulimin e vendimit nr. 1160 t\u00eb KQZ dat\u00eb 28.6. 2011 t\u00eb KQZ p\u00ebr mospranimin p\u00ebr shqyrtim t\u00eb k\u00ebrkes\u00ebs ankimore ndaj nj\u00eb vendimi t\u00eb ankimuesh\u00ebm [&hellip;]<\/p>\n","protected":false},"author":1,"featured_media":0,"comment_status":"open","ping_status":"closed","sticky":false,"template":"","format":"standard","meta":{"footnotes":""},"categories":[2],"tags":[],"class_list":{"0":"post-9490","1":"post","2":"type-post","3":"status-publish","4":"format-standard","6":"category-artikuj"},"yoast_head":"<!-- This site is optimized with the Yoast SEO plugin v27.4 - https:\/\/yoast.com\/product\/yoast-seo-wordpress\/ -->\n<title>Vendimi i \u201cpunonj\u00ebsve t\u00eb Kolegjit\u201d - FjALA e LIR\u00cb - Arkivi<\/title>\n<meta name=\"robots\" content=\"index, follow, max-snippet:-1, max-image-preview:large, max-video-preview:-1\" \/>\n<link rel=\"canonical\" href=\"https:\/\/fjala.info\/2009-2015\/vendimi-i-punonjesve-te-kolegjit\/\" \/>\n<meta property=\"og:locale\" content=\"sq_AL\" \/>\n<meta property=\"og:type\" content=\"article\" \/>\n<meta property=\"og:title\" content=\"Vendimi i \u201cpunonj\u00ebsve t\u00eb Kolegjit\u201d - FjALA e LIR\u00cb - Arkivi\" \/>\n<meta property=\"og:description\" content=\"\u00a0Nga Eridian Salianji S\u00eb fundi, si\u00e7 \u00ebsht\u00eb b\u00ebr\u00eb e njohur p\u00ebr t\u00eb gjith\u00eb, punonj\u00ebsit e Kolegjit Zgjedhor t\u00eb Gjykat\u00ebs s\u00eb Apelit dhan\u00eb vendim p\u00ebr rr\u00ebzimin e k\u00ebrkes\u00eb-padis\u00eb s\u00eb PS-s\u00eb me objekt \u201cAnulimin e vendimit nr. 1160 t\u00eb KQZ dat\u00eb 28.6. 2011 t\u00eb KQZ p\u00ebr mospranimin p\u00ebr shqyrtim t\u00eb k\u00ebrkes\u00ebs ankimore ndaj nj\u00eb vendimi t\u00eb ankimuesh\u00ebm [&hellip;]\" \/>\n<meta property=\"og:url\" content=\"https:\/\/fjala.info\/2009-2015\/vendimi-i-punonjesve-te-kolegjit\/\" \/>\n<meta property=\"og:site_name\" content=\"FjALA e LIR\u00cb - Arkivi\" \/>\n<meta property=\"article:published_time\" content=\"2011-07-17T13:48:59+00:00\" \/>\n<meta property=\"og:image\" content=\"http:\/\/www.shkoder.net\/images\/fjala\/2011\/eridian_salianji.jpg\" \/>\n<meta name=\"author\" content=\"admin\" \/>\n<meta name=\"twitter:card\" content=\"summary_large_image\" \/>\n<meta name=\"twitter:label1\" content=\"Written by\" \/>\n\t<meta name=\"twitter:data1\" content=\"admin\" \/>\n\t<meta name=\"twitter:label2\" content=\"Est. reading time\" \/>\n\t<meta name=\"twitter:data2\" content=\"7 minutes\" \/>\n<script type=\"application\/ld+json\" class=\"yoast-schema-graph\">{\"@context\":\"https:\\\/\\\/schema.org\",\"@graph\":[{\"@type\":\"Article\",\"@id\":\"https:\\\/\\\/fjala.info\\\/2009-2015\\\/vendimi-i-punonjesve-te-kolegjit\\\/#article\",\"isPartOf\":{\"@id\":\"https:\\\/\\\/fjala.info\\\/2009-2015\\\/vendimi-i-punonjesve-te-kolegjit\\\/\"},\"author\":{\"name\":\"admin\",\"@id\":\"https:\\\/\\\/fjala.info\\\/2009-2015\\\/#\\\/schema\\\/person\\\/3aa1163ef05469c496fc94e77611ada2\"},\"headline\":\"Vendimi i \u201cpunonj\u00ebsve t\u00eb Kolegjit\u201d\",\"datePublished\":\"2011-07-17T13:48:59+00:00\",\"mainEntityOfPage\":{\"@id\":\"https:\\\/\\\/fjala.info\\\/2009-2015\\\/vendimi-i-punonjesve-te-kolegjit\\\/\"},\"wordCount\":1440,\"commentCount\":0,\"publisher\":{\"@id\":\"https:\\\/\\\/fjala.info\\\/2009-2015\\\/#organization\"},\"image\":{\"@id\":\"https:\\\/\\\/fjala.info\\\/2009-2015\\\/vendimi-i-punonjesve-te-kolegjit\\\/#primaryimage\"},\"thumbnailUrl\":\"http:\\\/\\\/www.shkoder.net\\\/images\\\/fjala\\\/2011\\\/eridian_salianji.jpg\",\"articleSection\":[\"Artikuj\"],\"inLanguage\":\"sq-AL\",\"potentialAction\":[{\"@type\":\"CommentAction\",\"name\":\"Comment\",\"target\":[\"https:\\\/\\\/fjala.info\\\/2009-2015\\\/vendimi-i-punonjesve-te-kolegjit\\\/#respond\"]}]},{\"@type\":\"WebPage\",\"@id\":\"https:\\\/\\\/fjala.info\\\/2009-2015\\\/vendimi-i-punonjesve-te-kolegjit\\\/\",\"url\":\"https:\\\/\\\/fjala.info\\\/2009-2015\\\/vendimi-i-punonjesve-te-kolegjit\\\/\",\"name\":\"Vendimi i \u201cpunonj\u00ebsve t\u00eb Kolegjit\u201d - FjALA e LIR\u00cb - Arkivi\",\"isPartOf\":{\"@id\":\"https:\\\/\\\/fjala.info\\\/2009-2015\\\/#website\"},\"primaryImageOfPage\":{\"@id\":\"https:\\\/\\\/fjala.info\\\/2009-2015\\\/vendimi-i-punonjesve-te-kolegjit\\\/#primaryimage\"},\"image\":{\"@id\":\"https:\\\/\\\/fjala.info\\\/2009-2015\\\/vendimi-i-punonjesve-te-kolegjit\\\/#primaryimage\"},\"thumbnailUrl\":\"http:\\\/\\\/www.shkoder.net\\\/images\\\/fjala\\\/2011\\\/eridian_salianji.jpg\",\"datePublished\":\"2011-07-17T13:48:59+00:00\",\"breadcrumb\":{\"@id\":\"https:\\\/\\\/fjala.info\\\/2009-2015\\\/vendimi-i-punonjesve-te-kolegjit\\\/#breadcrumb\"},\"inLanguage\":\"sq-AL\",\"potentialAction\":[{\"@type\":\"ReadAction\",\"target\":[\"https:\\\/\\\/fjala.info\\\/2009-2015\\\/vendimi-i-punonjesve-te-kolegjit\\\/\"]}]},{\"@type\":\"ImageObject\",\"inLanguage\":\"sq-AL\",\"@id\":\"https:\\\/\\\/fjala.info\\\/2009-2015\\\/vendimi-i-punonjesve-te-kolegjit\\\/#primaryimage\",\"url\":\"http:\\\/\\\/www.shkoder.net\\\/images\\\/fjala\\\/2011\\\/eridian_salianji.jpg\",\"contentUrl\":\"http:\\\/\\\/www.shkoder.net\\\/images\\\/fjala\\\/2011\\\/eridian_salianji.jpg\"},{\"@type\":\"BreadcrumbList\",\"@id\":\"https:\\\/\\\/fjala.info\\\/2009-2015\\\/vendimi-i-punonjesve-te-kolegjit\\\/#breadcrumb\",\"itemListElement\":[{\"@type\":\"ListItem\",\"position\":1,\"name\":\"Home\",\"item\":\"https:\\\/\\\/fjala.info\\\/2009-2015\\\/\"},{\"@type\":\"ListItem\",\"position\":2,\"name\":\"Vendimi i \u201cpunonj\u00ebsve t\u00eb Kolegjit\u201d\"}]},{\"@type\":\"WebSite\",\"@id\":\"https:\\\/\\\/fjala.info\\\/2009-2015\\\/#website\",\"url\":\"https:\\\/\\\/fjala.info\\\/2009-2015\\\/\",\"name\":\"FjALA e LIR\u00cb - Arkivi\",\"description\":\"Arkivi 2009-2015\",\"publisher\":{\"@id\":\"https:\\\/\\\/fjala.info\\\/2009-2015\\\/#organization\"},\"potentialAction\":[{\"@type\":\"SearchAction\",\"target\":{\"@type\":\"EntryPoint\",\"urlTemplate\":\"https:\\\/\\\/fjala.info\\\/2009-2015\\\/?s={search_term_string}\"},\"query-input\":{\"@type\":\"PropertyValueSpecification\",\"valueRequired\":true,\"valueName\":\"search_term_string\"}}],\"inLanguage\":\"sq-AL\"},{\"@type\":\"Organization\",\"@id\":\"https:\\\/\\\/fjala.info\\\/2009-2015\\\/#organization\",\"name\":\"FjALA e LIR\u00cb - Arkivi\",\"url\":\"https:\\\/\\\/fjala.info\\\/2009-2015\\\/\",\"logo\":{\"@type\":\"ImageObject\",\"inLanguage\":\"sq-AL\",\"@id\":\"https:\\\/\\\/fjala.info\\\/2009-2015\\\/#\\\/schema\\\/logo\\\/image\\\/\",\"url\":\"\",\"contentUrl\":\"\",\"caption\":\"FjALA e LIR\u00cb - Arkivi\"},\"image\":{\"@id\":\"https:\\\/\\\/fjala.info\\\/2009-2015\\\/#\\\/schema\\\/logo\\\/image\\\/\"}},{\"@type\":\"Person\",\"@id\":\"https:\\\/\\\/fjala.info\\\/2009-2015\\\/#\\\/schema\\\/person\\\/3aa1163ef05469c496fc94e77611ada2\",\"name\":\"admin\",\"image\":{\"@type\":\"ImageObject\",\"inLanguage\":\"sq-AL\",\"@id\":\"https:\\\/\\\/fjala.info\\\/2009-2015\\\/wp-content\\\/uploads\\\/2012\\\/02\\\/arben_cokaj-120x150.jpg\",\"url\":\"https:\\\/\\\/fjala.info\\\/2009-2015\\\/wp-content\\\/uploads\\\/2012\\\/02\\\/arben_cokaj-120x150.jpg\",\"contentUrl\":\"https:\\\/\\\/fjala.info\\\/2009-2015\\\/wp-content\\\/uploads\\\/2012\\\/02\\\/arben_cokaj-120x150.jpg\",\"caption\":\"admin\"},\"description\":\"Admin, Fjala e Lir\u00eb\",\"sameAs\":[\"https:\\\/\\\/fjala.info\\\/\"],\"url\":\"https:\\\/\\\/fjala.info\\\/2009-2015\\\/author\\\/admin\\\/\"}]}<\/script>\n<!-- \/ Yoast SEO plugin. -->","yoast_head_json":{"title":"Vendimi i \u201cpunonj\u00ebsve t\u00eb Kolegjit\u201d - FjALA e LIR\u00cb - Arkivi","robots":{"index":"index","follow":"follow","max-snippet":"max-snippet:-1","max-image-preview":"max-image-preview:large","max-video-preview":"max-video-preview:-1"},"canonical":"https:\/\/fjala.info\/2009-2015\/vendimi-i-punonjesve-te-kolegjit\/","og_locale":"sq_AL","og_type":"article","og_title":"Vendimi i \u201cpunonj\u00ebsve t\u00eb Kolegjit\u201d - FjALA e LIR\u00cb - Arkivi","og_description":"\u00a0Nga Eridian Salianji S\u00eb fundi, si\u00e7 \u00ebsht\u00eb b\u00ebr\u00eb e njohur p\u00ebr t\u00eb gjith\u00eb, punonj\u00ebsit e Kolegjit Zgjedhor t\u00eb Gjykat\u00ebs s\u00eb Apelit dhan\u00eb vendim p\u00ebr rr\u00ebzimin e k\u00ebrkes\u00eb-padis\u00eb s\u00eb PS-s\u00eb me objekt \u201cAnulimin e vendimit nr. 1160 t\u00eb KQZ dat\u00eb 28.6. 2011 t\u00eb KQZ p\u00ebr mospranimin p\u00ebr shqyrtim t\u00eb k\u00ebrkes\u00ebs ankimore ndaj nj\u00eb vendimi t\u00eb ankimuesh\u00ebm [&hellip;]","og_url":"https:\/\/fjala.info\/2009-2015\/vendimi-i-punonjesve-te-kolegjit\/","og_site_name":"FjALA e LIR\u00cb - Arkivi","article_published_time":"2011-07-17T13:48:59+00:00","og_image":[{"url":"http:\/\/www.shkoder.net\/images\/fjala\/2011\/eridian_salianji.jpg","type":"","width":"","height":""}],"author":"admin","twitter_card":"summary_large_image","twitter_misc":{"Written by":"admin","Est. reading time":"7 minutes"},"schema":{"@context":"https:\/\/schema.org","@graph":[{"@type":"Article","@id":"https:\/\/fjala.info\/2009-2015\/vendimi-i-punonjesve-te-kolegjit\/#article","isPartOf":{"@id":"https:\/\/fjala.info\/2009-2015\/vendimi-i-punonjesve-te-kolegjit\/"},"author":{"name":"admin","@id":"https:\/\/fjala.info\/2009-2015\/#\/schema\/person\/3aa1163ef05469c496fc94e77611ada2"},"headline":"Vendimi i \u201cpunonj\u00ebsve t\u00eb Kolegjit\u201d","datePublished":"2011-07-17T13:48:59+00:00","mainEntityOfPage":{"@id":"https:\/\/fjala.info\/2009-2015\/vendimi-i-punonjesve-te-kolegjit\/"},"wordCount":1440,"commentCount":0,"publisher":{"@id":"https:\/\/fjala.info\/2009-2015\/#organization"},"image":{"@id":"https:\/\/fjala.info\/2009-2015\/vendimi-i-punonjesve-te-kolegjit\/#primaryimage"},"thumbnailUrl":"http:\/\/www.shkoder.net\/images\/fjala\/2011\/eridian_salianji.jpg","articleSection":["Artikuj"],"inLanguage":"sq-AL","potentialAction":[{"@type":"CommentAction","name":"Comment","target":["https:\/\/fjala.info\/2009-2015\/vendimi-i-punonjesve-te-kolegjit\/#respond"]}]},{"@type":"WebPage","@id":"https:\/\/fjala.info\/2009-2015\/vendimi-i-punonjesve-te-kolegjit\/","url":"https:\/\/fjala.info\/2009-2015\/vendimi-i-punonjesve-te-kolegjit\/","name":"Vendimi i \u201cpunonj\u00ebsve t\u00eb Kolegjit\u201d - FjALA e LIR\u00cb - Arkivi","isPartOf":{"@id":"https:\/\/fjala.info\/2009-2015\/#website"},"primaryImageOfPage":{"@id":"https:\/\/fjala.info\/2009-2015\/vendimi-i-punonjesve-te-kolegjit\/#primaryimage"},"image":{"@id":"https:\/\/fjala.info\/2009-2015\/vendimi-i-punonjesve-te-kolegjit\/#primaryimage"},"thumbnailUrl":"http:\/\/www.shkoder.net\/images\/fjala\/2011\/eridian_salianji.jpg","datePublished":"2011-07-17T13:48:59+00:00","breadcrumb":{"@id":"https:\/\/fjala.info\/2009-2015\/vendimi-i-punonjesve-te-kolegjit\/#breadcrumb"},"inLanguage":"sq-AL","potentialAction":[{"@type":"ReadAction","target":["https:\/\/fjala.info\/2009-2015\/vendimi-i-punonjesve-te-kolegjit\/"]}]},{"@type":"ImageObject","inLanguage":"sq-AL","@id":"https:\/\/fjala.info\/2009-2015\/vendimi-i-punonjesve-te-kolegjit\/#primaryimage","url":"http:\/\/www.shkoder.net\/images\/fjala\/2011\/eridian_salianji.jpg","contentUrl":"http:\/\/www.shkoder.net\/images\/fjala\/2011\/eridian_salianji.jpg"},{"@type":"BreadcrumbList","@id":"https:\/\/fjala.info\/2009-2015\/vendimi-i-punonjesve-te-kolegjit\/#breadcrumb","itemListElement":[{"@type":"ListItem","position":1,"name":"Home","item":"https:\/\/fjala.info\/2009-2015\/"},{"@type":"ListItem","position":2,"name":"Vendimi i \u201cpunonj\u00ebsve t\u00eb Kolegjit\u201d"}]},{"@type":"WebSite","@id":"https:\/\/fjala.info\/2009-2015\/#website","url":"https:\/\/fjala.info\/2009-2015\/","name":"FjALA e LIR\u00cb - Arkivi","description":"Arkivi 2009-2015","publisher":{"@id":"https:\/\/fjala.info\/2009-2015\/#organization"},"potentialAction":[{"@type":"SearchAction","target":{"@type":"EntryPoint","urlTemplate":"https:\/\/fjala.info\/2009-2015\/?s={search_term_string}"},"query-input":{"@type":"PropertyValueSpecification","valueRequired":true,"valueName":"search_term_string"}}],"inLanguage":"sq-AL"},{"@type":"Organization","@id":"https:\/\/fjala.info\/2009-2015\/#organization","name":"FjALA e LIR\u00cb - Arkivi","url":"https:\/\/fjala.info\/2009-2015\/","logo":{"@type":"ImageObject","inLanguage":"sq-AL","@id":"https:\/\/fjala.info\/2009-2015\/#\/schema\/logo\/image\/","url":"","contentUrl":"","caption":"FjALA e LIR\u00cb - Arkivi"},"image":{"@id":"https:\/\/fjala.info\/2009-2015\/#\/schema\/logo\/image\/"}},{"@type":"Person","@id":"https:\/\/fjala.info\/2009-2015\/#\/schema\/person\/3aa1163ef05469c496fc94e77611ada2","name":"admin","image":{"@type":"ImageObject","inLanguage":"sq-AL","@id":"https:\/\/fjala.info\/2009-2015\/wp-content\/uploads\/2012\/02\/arben_cokaj-120x150.jpg","url":"https:\/\/fjala.info\/2009-2015\/wp-content\/uploads\/2012\/02\/arben_cokaj-120x150.jpg","contentUrl":"https:\/\/fjala.info\/2009-2015\/wp-content\/uploads\/2012\/02\/arben_cokaj-120x150.jpg","caption":"admin"},"description":"Admin, Fjala e Lir\u00eb","sameAs":["https:\/\/fjala.info\/"],"url":"https:\/\/fjala.info\/2009-2015\/author\/admin\/"}]}},"_links":{"self":[{"href":"https:\/\/fjala.info\/2009-2015\/wp-json\/wp\/v2\/posts\/9490","targetHints":{"allow":["GET"]}}],"collection":[{"href":"https:\/\/fjala.info\/2009-2015\/wp-json\/wp\/v2\/posts"}],"about":[{"href":"https:\/\/fjala.info\/2009-2015\/wp-json\/wp\/v2\/types\/post"}],"author":[{"embeddable":true,"href":"https:\/\/fjala.info\/2009-2015\/wp-json\/wp\/v2\/users\/1"}],"replies":[{"embeddable":true,"href":"https:\/\/fjala.info\/2009-2015\/wp-json\/wp\/v2\/comments?post=9490"}],"version-history":[{"count":0,"href":"https:\/\/fjala.info\/2009-2015\/wp-json\/wp\/v2\/posts\/9490\/revisions"}],"wp:attachment":[{"href":"https:\/\/fjala.info\/2009-2015\/wp-json\/wp\/v2\/media?parent=9490"}],"wp:term":[{"taxonomy":"category","embeddable":true,"href":"https:\/\/fjala.info\/2009-2015\/wp-json\/wp\/v2\/categories?post=9490"},{"taxonomy":"post_tag","embeddable":true,"href":"https:\/\/fjala.info\/2009-2015\/wp-json\/wp\/v2\/tags?post=9490"}],"curies":[{"name":"wp","href":"https:\/\/api.w.org\/{rel}","templated":true}]}}