{"id":949,"date":"2012-01-03T23:09:16","date_gmt":"2012-01-03T22:09:16","guid":{"rendered":"http:\/\/fjala.shkoder.net\/?p=949"},"modified":"2012-01-03T23:09:16","modified_gmt":"2012-01-03T22:09:16","slug":"arkeza-e-rrefimeve-sekrete","status":"publish","type":"post","link":"https:\/\/fjala.info\/2009-2015\/arkeza-e-rrefimeve-sekrete\/","title":{"rendered":"Ark\u00ebza e rr\u00ebfimeve sekrete"},"content":{"rendered":"<p><img decoding=\"async\" class=\"alignright size-thumbnail wp-image-7236\" title=\"Kim Mehmeti\" src=\"http:\/\/www.shkoder.net\/images\/fjala\/kim_mehmeti.jpg\" alt=\"\" width=\"150\" \/> <strong>KIM MEHMETI<\/strong>, <em>3 janar 2012<\/em><\/p>\n<p>N\u00eb dhom\u00ebn time t\u00eb pun\u00ebs, n\u00eb nj\u00eb nga raftet me libra, me vite q\u00ebndronte nj\u00eb ark\u00ebz ku ruaja \u201ceksponatet\u201d nga koh\u00ebt e f\u00ebmij\u00ebris\u00eb dhe rinis\u00eb sime t\u00eb hershme. Por, n\u00eb vitet e m\u00ebvonshme, ashtu si\u00e7 rriteshin f\u00ebmij\u00ebt e mi, ark\u00ebz\u00ebn me thesarin e trash\u00ebguar nga e kaluara, e ngjitja gjithnj\u00eb e m\u00eb lart\u00eb n\u00eb raftet e bibliotek\u00ebs, q\u00eb t\u00eb mos e arrinin ata kureshtar\u00eb q\u00eb donin t\u00eb zbulonin \u00e7do fsheht\u00ebsi timen, duke fshehur nga un\u00eb gjitha sekretet e tyre.<\/p>\n<p>Tani, kur ata jan\u00eb m\u00eb t\u00eb lart\u00eb se un\u00eb, kur e \u201cpushtuan\u201d edhe territorin e vet\u00ebm ku kisha shpalosur flamurin e pavar\u00ebsis\u00eb sime \u2013 pra, kur p\u00ebrvet\u00ebsuan edhe dhom\u00ebn time t\u00eb pun\u00ebs, kur zbuluan \u00e7do sekret nga e shkuar ime \u2013 as q\u00eb mundohem at\u00eb ta fsheh, andaj ark\u00ebza q\u00ebndron e pambrojtur mbi tavolin\u00eb. Mbase pasardh\u00ebsve t\u00eb mi ajo u ngjan\u00eb si nj\u00eb objekt i r\u00ebn\u00eb nga ndonj\u00eb planet\u00eb e panjohur q\u00eb e sh\u00ebmton dhom\u00ebn, andaj shpesh e \u00e7\u2019vendosin majtas e djathtas, duke ma b\u00ebr\u00eb me dije se \u00ebsht\u00eb e tep\u00ebrt, se nuk shkon aty pran\u00eb kompjuterit dhe se duhet t\u2019i gjej\u00eb ndonj\u00eb vend m\u00eb t\u00eb p\u00ebrshtatsh\u00ebm. Edhe un\u00eb nuk dor\u00ebzohem: posa e shoh se e kan\u00eb v\u00ebn\u00eb n\u00ebn tavolin\u00eb, e kthej n\u00eb vendin e m\u00ebparsh\u00ebm. Dhe sa nuk u them: t\u00eb kaluar\u00ebn mund ta fsheh\u00ebsh nga t\u00eb tjer\u00ebt, por jo edhe nga vetvetja, ngaq\u00eb ajo t\u00eb vjen pas si hija e hijes sate.<\/p>\n<p>Sa her\u00eb q\u00eb e hap kapakun e saj, m\u00eb b\u00ebhet se d\u00ebgjoj\u00eb zhurm\u00ebn e thirrjeve t\u00eb larg\u00ebta t\u00eb koh\u00ebve t\u00eb shkuara. Aty ruaj edhe kartolinat e para, me t\u00eb cilat m\u00eb uronin Vitin e Ri ata q\u00eb i doja e m\u00eb donin. N\u00eb mesin e tyre \u00ebsht\u00eb edhe nj\u00eb q\u00eb m\u00eb ngjall ndjesi t\u00eb ngrohta, q\u00eb m\u00eb b\u00ebn\u00eb t\u00eb qesh edhe kur jam i lodhur dhe i bezdisur nga kjo p\u00ebrditshm\u00ebri. N\u00eb ballin\u00ebn e saj, si nj\u00eb q\u00ebndism\u00eb e bukur shkronjash, \u00ebsht\u00eb shkruar emri im dhe dy fjal\u00ebt ndjell\u00ebse: \u201cT\u00eb dua!\u201d Askush p\u00ebrpos meje nuk e din se at\u00eb kartolin\u00eb nuk ma kishte d\u00ebrguar Luljeta e n\u00ebnshkruar n\u00ebn rreshtat q\u00eb m\u00eb d\u00ebshironin vit t\u00eb ri me p\u00ebrplot dit\u00eb festive, por un\u00eb ia kisha adresuar vetvetes.<\/p>\n<p>Edhe at\u00eb vet\u00ebm sa ta shihnin e t\u00eb kuptonin t\u00eb gjith\u00eb mburravec\u00ebt e klas\u00eb sime se edhe i till\u00eb si\u00e7 isha, i ndar\u00eb mes atij q\u00eb nuk i donte loj\u00ebrat f\u00ebmij\u00ebrore dhe atij q\u00eb merrej me \u00ebnd\u00ebrritje t\u00eb kota, isha \u00e7un q\u00eb kishte t\u00eb dashur\u00ebn e vet. Me \u00e7ka ia dola t\u2019i \u00e7oja t\u00eb m\u00eb shikonin me zili. Kuptohet, atyre shpejt\u00eb u kaloi xhelozia, por n\u00eb mua mbeti e p\u00ebrjetshme bindja se leht\u00eb \u00ebsht\u00eb t\u2019i g\u00ebnjesh t\u00eb tjer\u00ebt, por \u00ebsht\u00eb e pamundur ta g\u00ebnjesh vetveten, se nuk jemi at\u00eb q\u00eb mendojn\u00eb t\u00eb tjer\u00ebt p\u00ebr ne, as t\u00eb atill\u00eb si\u00e7 duam t\u00eb na shohin t\u00eb tjer\u00ebt, por vet\u00ebm ai q\u00eb e ndjejm\u00eb n\u00eb vetvete.<\/p>\n<p>Ka vite q\u00eb ark\u00ebza me \u201ceksponatet\u201d q\u00eb m\u00eb rikujtojn\u00eb vet\u00ebg\u00ebnjimet f\u00ebmij\u00ebrore dhe \u00ebndrrat rinore, nuk \u00ebsht\u00eb m\u00eb pjes\u00eb e sekreteve t\u00eb mia t\u00eb vogla, por \u00ebsht\u00eb b\u00ebr\u00eb pron\u00eb \u201cpublike\u201d q\u00eb u takon edhe f\u00ebmij\u00ebve t\u00eb mi, t\u00eb cil\u00ebt, si t\u00eb ishin kryesues t\u00eb ndonj\u00eb partie politike shqiptare n\u00eb pushtet, ngadal\u00eb dhe bindsh\u00ebm e \u201cprivatizuan\u201d dhe e shpall\u00ebn pron\u00eb t\u00eb tyre edhe at\u00eb q\u00eb nuk u takon, p\u00ebrfshi t\u00eb shkuar\u00ebn dhe t\u00eb ardhmen time. N\u00eb at\u00eb ark\u00ebz ruaj edhe nj\u00eb shami t\u00eb vog\u00ebl, t\u00eb cil\u00ebn n\u00ebna ime gjithmon\u00eb e mbante n\u00eb xhepin e jelekut t\u00eb vet. Ajo shami nuk ma rikujton vet\u00ebm shtatin e saj\u00eb t\u00eb bukur, as vet\u00ebm syt\u00eb e saj bojqielli q\u00eb i fshinte me t\u00eb, por edhe z\u00ebrin e \u00ebmb\u00ebl kur ia thoshte k\u00ebng\u00ebs s\u00eb m\u00ebngjesit, thuajse vet\u00ebm sa t\u00eb na p\u00ebrg\u00ebzonte dit\u00ebn e re q\u00eb do e jetonim. Shamia m\u2019i rikujton edhe lot\u00ebderdhjet e mbr\u00ebmjeve t\u00eb n\u00ebn\u00ebs, ato d\u00ebnesje t\u00eb heshtura, t\u00eb cilave shpesh u dor\u00ebzohej pasi na vinte n\u00eb gjum\u00eb.<\/p>\n<p>Shamia e n\u00ebn\u00ebs mi kujton net\u00ebt kur doja t\u2019i afrohesha e ta pyesja se vall\u00eb vajtonte dit\u00ebn q\u00eb kishim l\u00ebn\u00eb pas e q\u00eb nuk do kthehej kurr\u00eb m\u00eb, apo njer\u00ebzit e dashur q\u00eb i kishte humbur p\u00ebrgjithmon\u00eb. Por, asnj\u00ebher\u00eb nuk ia nd\u00ebrpreva as k\u00ebng\u00ebn e m\u00ebngjesit, as lot\u00ebderdhjet e or\u00ebve t\u00eb vona t\u00eb nat\u00ebs. Edhe at\u00eb jo vet\u00ebm ngaq\u00eb e doja \u00e7mendurisht edhe pse m\u00eb kishte lindur me t\u00eb meta t\u00eb m\u00ebdha \u2013 me nj\u00eb shpirt t\u00eb ndjesh\u00ebm e t\u00eb shqet\u00ebsuar q\u00eb edhe f\u00ebmij\u00ebn n\u00eb mua nuk e lejonte t\u00eb f\u00ebmij\u00ebronte \u2013 por ngaq\u00eb k\u00ebnga e saj e m\u00ebngjesit m\u00eb ngjante n\u00eb himne q\u00eb madh\u00ebronte ardhjen e dit\u00ebs s\u00eb re, e lot\u00ebderdhjet e mbr\u00ebmjes, si ninulla q\u00eb i vinin n\u00eb gjum\u00eb kujtimet q\u00eb kishte l\u00ebn\u00eb pas vetes dita q\u00eb sapo ishte b\u00ebr\u00eb pjes\u00eb e s\u00eb shkuar\u00ebs. Dhe q\u00eb at\u00ebher\u00eb u m\u00ebsova t\u00eb festoj\u00eb \u00e7do lindje t\u00eb dit\u00ebs s\u00eb re dhe t\u2019i v\u00eb n\u00eb gjum\u00eb kujtimet e s\u00eb kaluar\u00ebs sime.<\/p>\n<p>Ark\u00ebz\u00ebn ku ruaj edhe or\u00ebn e xhepit t\u00eb babait tim, shpesh e hapin edhe f\u00ebmij\u00ebt e mi. Ora e babait \u00ebsht\u00eb i vetmi \u201ceksponat\u201d q\u00eb ata duan ta p\u00ebrvet\u00ebsojn\u00eb, ngaq\u00eb e din\u00eb se \u00ebsht\u00eb e shtrenjt\u00eb, me \u00e7ka m\u00eb ngjasojn\u00eb n\u00eb qeveritar\u00ebt e \u201cShqip\u00ebrive\u201d tona, t\u00eb cil\u00ebt na e mor\u00ebn \u00e7do gj\u00eb t\u00eb vlefshme q\u00eb kishim, duke d\u00ebshmuar k\u00ebshtu se jemi n\u00eb duart e t\u00eb men\u00e7urve pa moral dhe t\u00eb moralshm\u00ebve pa men\u00e7uri. Dhe sa her\u00eb q\u00eb e marr\u00eb n\u00eb duar at\u00eb or\u00eb, sa her\u00eb q\u00eb d\u00ebgjoj\u00eb tik-takun e saj, m\u00eb rikujtohen hap\u00ebrimet e lehta t\u00eb babait, shoh\u00eb si hapet ngadal\u00eb dera e sallonit, si ai ulet p\u00ebrpara televizorit, si e nxjerr nga xhepi or\u00ebn dhe e barazon me at\u00eb q\u00eb paraqitej n\u00eb ekran para se t\u00eb fillonin lajmet qendrore t\u00eb mbr\u00ebmjeve.<\/p>\n<p>Pastaj, p\u00ebrnj\u00ebher\u00eb m\u00eb b\u00ebhet se e shoh\u00eb babin tim si \u00e7ohet nga kolltuku, si shikon nga un\u00eb dhe m\u00eb thot\u00eb: \u201cK\u00ebta nuk din\u00eb asgj\u00eb!\u201d Kurr\u00eb nuk e pyeta se cili ishte lajmi q\u00eb e priste, si i kishte vler\u00ebsuar si t\u00eb paditur ata q\u00eb p\u00ebrgatisnin ditarin qendror\u00eb televiziv. Ku ta dish, mbase ai priste q\u00eb nj\u00eb her\u00eb t\u00eb vetmen, n\u00eb ditarin e mbr\u00ebmjes, t\u00eb p\u00ebrfshihej edhe lajmi i keq se p\u00ebrgjithmon\u00eb ishim ndar\u00eb edhe nga nj\u00eb dit\u00eb e jet\u00ebs son\u00eb. Pra, pasi e barazonte or\u00ebn e vet t\u00eb xhepit me at\u00eb q\u00eb paraqitej n\u00eb ekranin televiziv\u00eb, pasi d\u00ebgjonte edhe parashikimin e motit p\u00ebr t\u00eb nes\u00ebrmen socialiste, \u00e7ohej nga kolltuku, m\u00eb shikonte me dhembshuri, ashtu si\u00e7 shikohet ai q\u00eb nuk \u00ebsht\u00eb i vet\u00ebdijsh\u00ebm se jeta nuk ka koh\u00eb t\u00eb tanishme, se ajo p\u00ebrb\u00ebhet vet\u00ebm nga nj\u00eb tik-tak ku g\u00ebrshetohet e kaluara q\u00eb e kujtojm\u00eb dhe e ardhmja q\u00eb e presim t\u00eb vij\u00eb.<\/p>\n<p>N\u00eb ark\u00ebn ku ruaj eksponatet q\u00eb m\u00eb rikujtojn\u00eb f\u00ebmij\u00ebrin\u00eb dhe rinin time t\u00eb hershme, ka me qindra fotografi dhe panorama t\u00eb vjetra t\u00eb Shkupit dhe t\u00eb qyteteve tjera shqiptare. Sa her\u00eb q\u00eb i shfletoj, gjithmon\u00eb kur shikoj ato pamje t\u00eb qytetit tim, m\u00eb b\u00ebhet se nuk kam ndryshuar vet\u00ebm un\u00eb, por edhe vet\u00eb natyra ku jam rritur e kaluar jet\u00ebn. M\u00eb b\u00ebhet se edhe malet p\u00ebrreth, si edhe lumi q\u00eb Shkupin e ndan\u00eb tani m\u00eb ndryshe se\u00e7 e ndante dikur, nuk jan\u00eb ato q\u00eb joshnin f\u00ebmij\u00ebn dhe rioshin e dikursh\u00ebm n\u00eb mua. Duke shikuar n\u00eb fotografit\u00eb dhe panoramat e vjetra lumin e vendlindjes sime, filloj t\u00eb hamendemi se \u00e7\u2019mban mend ai nga qyteti i dikursh\u00ebm, se \u00e7ka nd\u00ebrmend ai nga e kaluara e shk\u00ebmbinjve dhe maleve p\u00ebrreth tij, duke harruar se val\u00ebt e lumit vet\u00ebm nj\u00ebher\u00eb mund t\u00eb lagin brigjet dhe t\u00eb nj\u00ebjtin gur\u00eb, se ato kurr\u00eb nuk kalojn\u00eb dy her\u00eb mbi t\u00eb nj\u00ebjtin shtrat, se val\u00ebt e tij vjedhin me shikim vet\u00ebm at\u00eb q\u00eb p\u00ebr nj\u00eb \u00e7ast pasqyrohet n\u00eb syprin\u00ebn e tyre, se ato vazhdojn\u00eb rrjedh\u00ebn duke shlyer pamjen e m\u00ebparshme me at\u00eb t\u00eb ardhmen, nj\u00ebsoj si\u00e7 shlyejm\u00eb n\u00eb imagjinat\u00eb ton\u00eb mendimin e m\u00ebparsh\u00ebm me at\u00eb q\u00eb vjen i paftuar n\u00eb \u00e7astin e ardhsh\u00ebm. Val\u00ebt e lumit, nj\u00ebsoj si dit\u00ebt q\u00eb vijn\u00eb e shkojn\u00eb, jan\u00eb si p\u00eblhur\u00eb e pafundme ku pasqyrohet ajo q\u00eb ato kan\u00eb par\u00eb n\u00eb \u00e7astin kur kan\u00eb kaluar pran\u00eb nj\u00eb peme t\u00eb gjelb\u00ebruar, e t\u00eb cil\u00ebn, nj\u00eb hap m\u00eb tej, e ka fshir\u00eb hija e ndonj\u00eb nd\u00ebrtese t\u00eb lart\u00eb me plot\u00eb dritare, pas xhamit t\u00eb s\u00eb cilave, ndonj\u00eb sy f\u00ebmije, ka p\u00ebrcjell\u00eb rrjedh\u00ebn e lumit, duke pyetur veten mos vall\u00eb i nj\u00ebjti uj\u00eb sillet rreth e rrotull shtratit, duke iu rikthyer gjithmon\u00eb vendit ku p\u00ebr her\u00eb t\u00eb par\u00eb ka dal\u00eb nga barku i tok\u00ebs.<\/p>\n<p>Kartolinat dhe panoramat e vjetra, shamia e n\u00ebn\u00ebs, ora e xhepit e babait tim\u2026, jan\u00eb kronika me e sakt\u00eb e s\u00eb shkuar\u00ebs sime. Sa m\u00eb t\u00eb vjetra b\u00ebhen ato sende q\u00eb kan\u00eb qen\u00eb pjes\u00eb e jet\u00ebs sime, aq m\u00eb i z\u00ebsh\u00ebm b\u00ebhet rr\u00ebfimi i atyre q\u00eb nuk jan\u00eb m\u00eb. Andaj, sa her\u00eb q\u00eb f\u00ebmij\u00ebt e mi e \u00e7\u2019vendosin ark\u00ebz\u00ebn ku ruaj \u201ceksponatet\u201d e s\u00eb kaluar\u00ebs sime, gjithnj\u00eb e m\u00eb shum\u00eb m\u00eb ngjajn\u00eb n\u00eb politikan\u00ebt shqiptar\u00eb q\u00eb mendojn\u00eb se \u00e7do gj\u00eb fillon dhe p\u00ebrfundon me ata. Dhe kam vendosur q\u00eb nat\u00ebn kur do kremtojm\u00eb ardhjen e k\u00ebtij viti t\u00eb ri, atyre t\u2019 ua zbuloj rr\u00ebfimet e fshehta q\u00eb d\u00ebgjoj kur marr n\u00eb duar \u201ceksponatet\u201d e ark\u00ebz\u00ebs sime t\u00eb vog\u00ebl. Rr\u00ebfime q\u00eb i japin z\u00eb t\u00eb sotmes sime dhe t\u00eb ardhmes s\u00eb tyre.<\/p>\n<p>(<em>Lajm<\/em>)<\/p>\n","protected":false},"excerpt":{"rendered":"<p>KIM MEHMETI, 3 janar 2012 N\u00eb dhom\u00ebn time t\u00eb pun\u00ebs, n\u00eb nj\u00eb nga raftet me libra, me vite q\u00ebndronte nj\u00eb ark\u00ebz ku ruaja \u201ceksponatet\u201d nga koh\u00ebt e f\u00ebmij\u00ebris\u00eb dhe rinis\u00eb sime t\u00eb hershme. Por, n\u00eb vitet e m\u00ebvonshme, ashtu si\u00e7 rriteshin f\u00ebmij\u00ebt e mi, ark\u00ebz\u00ebn me thesarin e trash\u00ebguar nga e kaluara, e ngjitja gjithnj\u00eb [&hellip;]<\/p>\n","protected":false},"author":1,"featured_media":0,"comment_status":"open","ping_status":"closed","sticky":false,"template":"","format":"standard","meta":{"footnotes":""},"categories":[2],"tags":[],"class_list":{"0":"post-949","1":"post","2":"type-post","3":"status-publish","4":"format-standard","6":"category-artikuj"},"yoast_head":"<!-- This site is optimized with the Yoast SEO plugin v27.4 - https:\/\/yoast.com\/product\/yoast-seo-wordpress\/ -->\n<title>Ark\u00ebza e rr\u00ebfimeve sekrete - FjALA e LIR\u00cb - Arkivi<\/title>\n<meta name=\"robots\" content=\"index, follow, max-snippet:-1, max-image-preview:large, max-video-preview:-1\" \/>\n<link rel=\"canonical\" href=\"https:\/\/fjala.info\/2009-2015\/arkeza-e-rrefimeve-sekrete\/\" \/>\n<meta property=\"og:locale\" content=\"sq_AL\" \/>\n<meta property=\"og:type\" content=\"article\" \/>\n<meta property=\"og:title\" content=\"Ark\u00ebza e rr\u00ebfimeve sekrete - FjALA e LIR\u00cb - Arkivi\" \/>\n<meta property=\"og:description\" content=\"KIM MEHMETI, 3 janar 2012 N\u00eb dhom\u00ebn time t\u00eb pun\u00ebs, n\u00eb nj\u00eb nga raftet me libra, me vite q\u00ebndronte nj\u00eb ark\u00ebz ku ruaja \u201ceksponatet\u201d nga koh\u00ebt e f\u00ebmij\u00ebris\u00eb dhe rinis\u00eb sime t\u00eb hershme. Por, n\u00eb vitet e m\u00ebvonshme, ashtu si\u00e7 rriteshin f\u00ebmij\u00ebt e mi, ark\u00ebz\u00ebn me thesarin e trash\u00ebguar nga e kaluara, e ngjitja gjithnj\u00eb [&hellip;]\" \/>\n<meta property=\"og:url\" content=\"https:\/\/fjala.info\/2009-2015\/arkeza-e-rrefimeve-sekrete\/\" \/>\n<meta property=\"og:site_name\" content=\"FjALA e LIR\u00cb - Arkivi\" \/>\n<meta property=\"article:published_time\" content=\"2012-01-03T22:09:16+00:00\" \/>\n<meta property=\"og:image\" content=\"http:\/\/www.shkoder.net\/images\/fjala\/kim_mehmeti.jpg\" \/>\n<meta name=\"author\" content=\"admin\" \/>\n<meta name=\"twitter:card\" content=\"summary_large_image\" \/>\n<meta name=\"twitter:label1\" content=\"Written by\" \/>\n\t<meta name=\"twitter:data1\" content=\"admin\" \/>\n\t<meta name=\"twitter:label2\" content=\"Est. reading time\" \/>\n\t<meta name=\"twitter:data2\" content=\"9 minutes\" \/>\n<script type=\"application\/ld+json\" class=\"yoast-schema-graph\">{\"@context\":\"https:\\\/\\\/schema.org\",\"@graph\":[{\"@type\":\"Article\",\"@id\":\"https:\\\/\\\/fjala.info\\\/2009-2015\\\/arkeza-e-rrefimeve-sekrete\\\/#article\",\"isPartOf\":{\"@id\":\"https:\\\/\\\/fjala.info\\\/2009-2015\\\/arkeza-e-rrefimeve-sekrete\\\/\"},\"author\":{\"name\":\"admin\",\"@id\":\"https:\\\/\\\/fjala.info\\\/2009-2015\\\/#\\\/schema\\\/person\\\/3aa1163ef05469c496fc94e77611ada2\"},\"headline\":\"Ark\u00ebza e rr\u00ebfimeve sekrete\",\"datePublished\":\"2012-01-03T22:09:16+00:00\",\"mainEntityOfPage\":{\"@id\":\"https:\\\/\\\/fjala.info\\\/2009-2015\\\/arkeza-e-rrefimeve-sekrete\\\/\"},\"wordCount\":1768,\"commentCount\":0,\"publisher\":{\"@id\":\"https:\\\/\\\/fjala.info\\\/2009-2015\\\/#organization\"},\"image\":{\"@id\":\"https:\\\/\\\/fjala.info\\\/2009-2015\\\/arkeza-e-rrefimeve-sekrete\\\/#primaryimage\"},\"thumbnailUrl\":\"http:\\\/\\\/www.shkoder.net\\\/images\\\/fjala\\\/kim_mehmeti.jpg\",\"articleSection\":[\"Artikuj\"],\"inLanguage\":\"sq-AL\",\"potentialAction\":[{\"@type\":\"CommentAction\",\"name\":\"Comment\",\"target\":[\"https:\\\/\\\/fjala.info\\\/2009-2015\\\/arkeza-e-rrefimeve-sekrete\\\/#respond\"]}]},{\"@type\":\"WebPage\",\"@id\":\"https:\\\/\\\/fjala.info\\\/2009-2015\\\/arkeza-e-rrefimeve-sekrete\\\/\",\"url\":\"https:\\\/\\\/fjala.info\\\/2009-2015\\\/arkeza-e-rrefimeve-sekrete\\\/\",\"name\":\"Ark\u00ebza e rr\u00ebfimeve sekrete - FjALA e LIR\u00cb - Arkivi\",\"isPartOf\":{\"@id\":\"https:\\\/\\\/fjala.info\\\/2009-2015\\\/#website\"},\"primaryImageOfPage\":{\"@id\":\"https:\\\/\\\/fjala.info\\\/2009-2015\\\/arkeza-e-rrefimeve-sekrete\\\/#primaryimage\"},\"image\":{\"@id\":\"https:\\\/\\\/fjala.info\\\/2009-2015\\\/arkeza-e-rrefimeve-sekrete\\\/#primaryimage\"},\"thumbnailUrl\":\"http:\\\/\\\/www.shkoder.net\\\/images\\\/fjala\\\/kim_mehmeti.jpg\",\"datePublished\":\"2012-01-03T22:09:16+00:00\",\"breadcrumb\":{\"@id\":\"https:\\\/\\\/fjala.info\\\/2009-2015\\\/arkeza-e-rrefimeve-sekrete\\\/#breadcrumb\"},\"inLanguage\":\"sq-AL\",\"potentialAction\":[{\"@type\":\"ReadAction\",\"target\":[\"https:\\\/\\\/fjala.info\\\/2009-2015\\\/arkeza-e-rrefimeve-sekrete\\\/\"]}]},{\"@type\":\"ImageObject\",\"inLanguage\":\"sq-AL\",\"@id\":\"https:\\\/\\\/fjala.info\\\/2009-2015\\\/arkeza-e-rrefimeve-sekrete\\\/#primaryimage\",\"url\":\"http:\\\/\\\/www.shkoder.net\\\/images\\\/fjala\\\/kim_mehmeti.jpg\",\"contentUrl\":\"http:\\\/\\\/www.shkoder.net\\\/images\\\/fjala\\\/kim_mehmeti.jpg\"},{\"@type\":\"BreadcrumbList\",\"@id\":\"https:\\\/\\\/fjala.info\\\/2009-2015\\\/arkeza-e-rrefimeve-sekrete\\\/#breadcrumb\",\"itemListElement\":[{\"@type\":\"ListItem\",\"position\":1,\"name\":\"Home\",\"item\":\"https:\\\/\\\/fjala.info\\\/2009-2015\\\/\"},{\"@type\":\"ListItem\",\"position\":2,\"name\":\"Ark\u00ebza e rr\u00ebfimeve sekrete\"}]},{\"@type\":\"WebSite\",\"@id\":\"https:\\\/\\\/fjala.info\\\/2009-2015\\\/#website\",\"url\":\"https:\\\/\\\/fjala.info\\\/2009-2015\\\/\",\"name\":\"FjALA e LIR\u00cb - Arkivi\",\"description\":\"Arkivi 2009-2015\",\"publisher\":{\"@id\":\"https:\\\/\\\/fjala.info\\\/2009-2015\\\/#organization\"},\"potentialAction\":[{\"@type\":\"SearchAction\",\"target\":{\"@type\":\"EntryPoint\",\"urlTemplate\":\"https:\\\/\\\/fjala.info\\\/2009-2015\\\/?s={search_term_string}\"},\"query-input\":{\"@type\":\"PropertyValueSpecification\",\"valueRequired\":true,\"valueName\":\"search_term_string\"}}],\"inLanguage\":\"sq-AL\"},{\"@type\":\"Organization\",\"@id\":\"https:\\\/\\\/fjala.info\\\/2009-2015\\\/#organization\",\"name\":\"FjALA e LIR\u00cb - Arkivi\",\"url\":\"https:\\\/\\\/fjala.info\\\/2009-2015\\\/\",\"logo\":{\"@type\":\"ImageObject\",\"inLanguage\":\"sq-AL\",\"@id\":\"https:\\\/\\\/fjala.info\\\/2009-2015\\\/#\\\/schema\\\/logo\\\/image\\\/\",\"url\":\"\",\"contentUrl\":\"\",\"caption\":\"FjALA e LIR\u00cb - Arkivi\"},\"image\":{\"@id\":\"https:\\\/\\\/fjala.info\\\/2009-2015\\\/#\\\/schema\\\/logo\\\/image\\\/\"}},{\"@type\":\"Person\",\"@id\":\"https:\\\/\\\/fjala.info\\\/2009-2015\\\/#\\\/schema\\\/person\\\/3aa1163ef05469c496fc94e77611ada2\",\"name\":\"admin\",\"image\":{\"@type\":\"ImageObject\",\"inLanguage\":\"sq-AL\",\"@id\":\"https:\\\/\\\/fjala.info\\\/2009-2015\\\/wp-content\\\/uploads\\\/2012\\\/02\\\/arben_cokaj-120x150.jpg\",\"url\":\"https:\\\/\\\/fjala.info\\\/2009-2015\\\/wp-content\\\/uploads\\\/2012\\\/02\\\/arben_cokaj-120x150.jpg\",\"contentUrl\":\"https:\\\/\\\/fjala.info\\\/2009-2015\\\/wp-content\\\/uploads\\\/2012\\\/02\\\/arben_cokaj-120x150.jpg\",\"caption\":\"admin\"},\"description\":\"Admin, Fjala e Lir\u00eb\",\"sameAs\":[\"https:\\\/\\\/fjala.info\\\/\"],\"url\":\"https:\\\/\\\/fjala.info\\\/2009-2015\\\/author\\\/admin\\\/\"}]}<\/script>\n<!-- \/ Yoast SEO plugin. -->","yoast_head_json":{"title":"Ark\u00ebza e rr\u00ebfimeve sekrete - FjALA e LIR\u00cb - Arkivi","robots":{"index":"index","follow":"follow","max-snippet":"max-snippet:-1","max-image-preview":"max-image-preview:large","max-video-preview":"max-video-preview:-1"},"canonical":"https:\/\/fjala.info\/2009-2015\/arkeza-e-rrefimeve-sekrete\/","og_locale":"sq_AL","og_type":"article","og_title":"Ark\u00ebza e rr\u00ebfimeve sekrete - FjALA e LIR\u00cb - Arkivi","og_description":"KIM MEHMETI, 3 janar 2012 N\u00eb dhom\u00ebn time t\u00eb pun\u00ebs, n\u00eb nj\u00eb nga raftet me libra, me vite q\u00ebndronte nj\u00eb ark\u00ebz ku ruaja \u201ceksponatet\u201d nga koh\u00ebt e f\u00ebmij\u00ebris\u00eb dhe rinis\u00eb sime t\u00eb hershme. Por, n\u00eb vitet e m\u00ebvonshme, ashtu si\u00e7 rriteshin f\u00ebmij\u00ebt e mi, ark\u00ebz\u00ebn me thesarin e trash\u00ebguar nga e kaluara, e ngjitja gjithnj\u00eb [&hellip;]","og_url":"https:\/\/fjala.info\/2009-2015\/arkeza-e-rrefimeve-sekrete\/","og_site_name":"FjALA e LIR\u00cb - Arkivi","article_published_time":"2012-01-03T22:09:16+00:00","og_image":[{"url":"http:\/\/www.shkoder.net\/images\/fjala\/kim_mehmeti.jpg","type":"","width":"","height":""}],"author":"admin","twitter_card":"summary_large_image","twitter_misc":{"Written by":"admin","Est. reading time":"9 minutes"},"schema":{"@context":"https:\/\/schema.org","@graph":[{"@type":"Article","@id":"https:\/\/fjala.info\/2009-2015\/arkeza-e-rrefimeve-sekrete\/#article","isPartOf":{"@id":"https:\/\/fjala.info\/2009-2015\/arkeza-e-rrefimeve-sekrete\/"},"author":{"name":"admin","@id":"https:\/\/fjala.info\/2009-2015\/#\/schema\/person\/3aa1163ef05469c496fc94e77611ada2"},"headline":"Ark\u00ebza e rr\u00ebfimeve sekrete","datePublished":"2012-01-03T22:09:16+00:00","mainEntityOfPage":{"@id":"https:\/\/fjala.info\/2009-2015\/arkeza-e-rrefimeve-sekrete\/"},"wordCount":1768,"commentCount":0,"publisher":{"@id":"https:\/\/fjala.info\/2009-2015\/#organization"},"image":{"@id":"https:\/\/fjala.info\/2009-2015\/arkeza-e-rrefimeve-sekrete\/#primaryimage"},"thumbnailUrl":"http:\/\/www.shkoder.net\/images\/fjala\/kim_mehmeti.jpg","articleSection":["Artikuj"],"inLanguage":"sq-AL","potentialAction":[{"@type":"CommentAction","name":"Comment","target":["https:\/\/fjala.info\/2009-2015\/arkeza-e-rrefimeve-sekrete\/#respond"]}]},{"@type":"WebPage","@id":"https:\/\/fjala.info\/2009-2015\/arkeza-e-rrefimeve-sekrete\/","url":"https:\/\/fjala.info\/2009-2015\/arkeza-e-rrefimeve-sekrete\/","name":"Ark\u00ebza e rr\u00ebfimeve sekrete - FjALA e LIR\u00cb - Arkivi","isPartOf":{"@id":"https:\/\/fjala.info\/2009-2015\/#website"},"primaryImageOfPage":{"@id":"https:\/\/fjala.info\/2009-2015\/arkeza-e-rrefimeve-sekrete\/#primaryimage"},"image":{"@id":"https:\/\/fjala.info\/2009-2015\/arkeza-e-rrefimeve-sekrete\/#primaryimage"},"thumbnailUrl":"http:\/\/www.shkoder.net\/images\/fjala\/kim_mehmeti.jpg","datePublished":"2012-01-03T22:09:16+00:00","breadcrumb":{"@id":"https:\/\/fjala.info\/2009-2015\/arkeza-e-rrefimeve-sekrete\/#breadcrumb"},"inLanguage":"sq-AL","potentialAction":[{"@type":"ReadAction","target":["https:\/\/fjala.info\/2009-2015\/arkeza-e-rrefimeve-sekrete\/"]}]},{"@type":"ImageObject","inLanguage":"sq-AL","@id":"https:\/\/fjala.info\/2009-2015\/arkeza-e-rrefimeve-sekrete\/#primaryimage","url":"http:\/\/www.shkoder.net\/images\/fjala\/kim_mehmeti.jpg","contentUrl":"http:\/\/www.shkoder.net\/images\/fjala\/kim_mehmeti.jpg"},{"@type":"BreadcrumbList","@id":"https:\/\/fjala.info\/2009-2015\/arkeza-e-rrefimeve-sekrete\/#breadcrumb","itemListElement":[{"@type":"ListItem","position":1,"name":"Home","item":"https:\/\/fjala.info\/2009-2015\/"},{"@type":"ListItem","position":2,"name":"Ark\u00ebza e rr\u00ebfimeve sekrete"}]},{"@type":"WebSite","@id":"https:\/\/fjala.info\/2009-2015\/#website","url":"https:\/\/fjala.info\/2009-2015\/","name":"FjALA e LIR\u00cb - Arkivi","description":"Arkivi 2009-2015","publisher":{"@id":"https:\/\/fjala.info\/2009-2015\/#organization"},"potentialAction":[{"@type":"SearchAction","target":{"@type":"EntryPoint","urlTemplate":"https:\/\/fjala.info\/2009-2015\/?s={search_term_string}"},"query-input":{"@type":"PropertyValueSpecification","valueRequired":true,"valueName":"search_term_string"}}],"inLanguage":"sq-AL"},{"@type":"Organization","@id":"https:\/\/fjala.info\/2009-2015\/#organization","name":"FjALA e LIR\u00cb - Arkivi","url":"https:\/\/fjala.info\/2009-2015\/","logo":{"@type":"ImageObject","inLanguage":"sq-AL","@id":"https:\/\/fjala.info\/2009-2015\/#\/schema\/logo\/image\/","url":"","contentUrl":"","caption":"FjALA e LIR\u00cb - Arkivi"},"image":{"@id":"https:\/\/fjala.info\/2009-2015\/#\/schema\/logo\/image\/"}},{"@type":"Person","@id":"https:\/\/fjala.info\/2009-2015\/#\/schema\/person\/3aa1163ef05469c496fc94e77611ada2","name":"admin","image":{"@type":"ImageObject","inLanguage":"sq-AL","@id":"https:\/\/fjala.info\/2009-2015\/wp-content\/uploads\/2012\/02\/arben_cokaj-120x150.jpg","url":"https:\/\/fjala.info\/2009-2015\/wp-content\/uploads\/2012\/02\/arben_cokaj-120x150.jpg","contentUrl":"https:\/\/fjala.info\/2009-2015\/wp-content\/uploads\/2012\/02\/arben_cokaj-120x150.jpg","caption":"admin"},"description":"Admin, Fjala e Lir\u00eb","sameAs":["https:\/\/fjala.info\/"],"url":"https:\/\/fjala.info\/2009-2015\/author\/admin\/"}]}},"_links":{"self":[{"href":"https:\/\/fjala.info\/2009-2015\/wp-json\/wp\/v2\/posts\/949","targetHints":{"allow":["GET"]}}],"collection":[{"href":"https:\/\/fjala.info\/2009-2015\/wp-json\/wp\/v2\/posts"}],"about":[{"href":"https:\/\/fjala.info\/2009-2015\/wp-json\/wp\/v2\/types\/post"}],"author":[{"embeddable":true,"href":"https:\/\/fjala.info\/2009-2015\/wp-json\/wp\/v2\/users\/1"}],"replies":[{"embeddable":true,"href":"https:\/\/fjala.info\/2009-2015\/wp-json\/wp\/v2\/comments?post=949"}],"version-history":[{"count":0,"href":"https:\/\/fjala.info\/2009-2015\/wp-json\/wp\/v2\/posts\/949\/revisions"}],"wp:attachment":[{"href":"https:\/\/fjala.info\/2009-2015\/wp-json\/wp\/v2\/media?parent=949"}],"wp:term":[{"taxonomy":"category","embeddable":true,"href":"https:\/\/fjala.info\/2009-2015\/wp-json\/wp\/v2\/categories?post=949"},{"taxonomy":"post_tag","embeddable":true,"href":"https:\/\/fjala.info\/2009-2015\/wp-json\/wp\/v2\/tags?post=949"}],"curies":[{"name":"wp","href":"https:\/\/api.w.org\/{rel}","templated":true}]}}