{"id":9484,"date":"2011-07-17T11:28:21","date_gmt":"2011-07-17T10:28:21","guid":{"rendered":"http:\/\/fjala.shkoder.net\/?p=9484"},"modified":"2011-07-17T11:28:21","modified_gmt":"2011-07-17T10:28:21","slug":"laviret-e-kolegjit-leter-presidentit","status":"publish","type":"post","link":"https:\/\/fjala.info\/2009-2015\/laviret-e-kolegjit-leter-presidentit\/","title":{"rendered":"Laviret e Kolegjit, let\u00ebr presidentit!"},"content":{"rendered":"<p><img decoding=\"async\" class=\"alignright size-thumbnail wp-image-7236\" title=\"Kolegji Zgjedhor\" src=\"http:\/\/www.shkoder.net\/images\/fjala\/2011\/kolegji_zgjedhor.jpg\" alt=\"\" width=\"300\" \/>Nga <strong>Bledi Mane<\/strong><\/p>\n<p>M\u00eb akuzoni p\u00ebr \u00e7far\u00eb t\u00eb doni, por jo p\u00ebr kopjac. Megjith\u00ebse deri tani kam b\u00ebr\u00eb 19 vjet shkoll\u00eb (pa llogaritur \u00e7erdhen, kopshtin dhe burgun), asnj\u00ebher\u00eb nuk kam menduar a tentuar t\u00eb kopjoj n\u00ebp\u00ebr provime. Jo sepse nuk doja, jam i sigurt q\u00eb t\u00eb gjith\u00eb kemi nevoj\u00eb p\u00ebr at\u00eb lloj adrenaline q\u00eb na l\u00ebng\u00ebzon n\u00ebp\u00ebr trup, por nuk kisha mund\u00ebsi se bija shpejt n\u00eb sy.<\/p>\n<p>Nga klasa e par\u00eb e deri n\u00eb universitet kam qen\u00eb nd\u00ebr m\u00eb t\u00eb gjat\u00ebt, m\u00eb problematiku, nx\u00ebn\u00ebsi a studenti q\u00eb grricesha m\u00eb shpesh me m\u00ebsues dhe pedagog\u00eb, m\u00eb debatuesi dhe m\u00eb ironiku gjithashtu. Ndaj sa her\u00eb b\u00ebnim provime, ulesha n\u00eb bank\u00eb t\u00eb par\u00eb dhe n\u00ebse do t\u00eb tentoja t\u00eb kopjoja, t\u00ebrhiqja v\u00ebmendje. Kopjac nuk kam qen\u00eb asnj\u00ebher\u00eb me nj\u00eb p\u00ebrjashtim t\u00eb vog\u00ebl fare\u2026 Gjith\u00eb jet\u00ebn time kam kopjuar q\u00eb t\u00eb b\u00ebhem si dikush, po ua tregoj, por b\u00ebni mir\u00eb t\u00eb mos flisni me njeri.<\/p>\n<p>Sali Berisha i 1991 hyri n\u00eb zemr\u00ebn time shum\u00eb shpejt. Ishte njeriu q\u00eb m\u00eb frym\u00ebzonte dhe shpesh tek Ai gjeja di\u00e7ka nga vetja ime. Nj\u00eb nga \u00ebndrrat e mia t\u00eb adoleshenc\u00ebs ishte q\u00eb kur t\u00eb burr\u00ebrohesha, t\u00eb b\u00ebja karrier\u00eb porsi Ai, ta drejtoja k\u00ebt\u00eb vend dhe un\u00eb nj\u00ebher\u00eb dhe t\u2019i lumturoja shqiptar\u00ebt m\u00eb shum\u00eb se \u00e7do lider tjet\u00ebr n\u00eb historin\u00eb ton\u00eb kuq e zi me nuanca blu.<\/p>\n<p>Zoti Berisha \u00ebsht\u00eb me origjin\u00eb fshatare si un\u00eb, ka lindur n\u00eb Vi\u00e7idol t\u00eb Tropoj\u00ebs, nd\u00ebrsa un\u00eb n\u00eb Frash\u00ebr t\u00eb Dang\u00ebllis\u00eb. Ai erdhi t\u00eb arsimohet p\u00ebr mjek\u00ebsi n\u00eb Tiran\u00eb dhe mbeti k\u00ebtu, un\u00eb erdha t\u00eb arsimohem p\u00ebr gazetari evropiane dhe mbeta n\u00eb kryeqytet gjithashtu. Sala ishte nd\u00ebr themeluesit e par\u00eb t\u00eb PD-s\u00eb n\u00eb Tiran\u00eb bashk\u00eb me t\u00eb ndjerin Gramoz Pashko, nd\u00ebrsa un\u00eb nd\u00ebr themeluesit e par\u00eb t\u00eb PD-s\u00eb n\u00eb P\u00ebrmet me t\u00eb gjallin Vasil Gjika.<\/p>\n<p>Doktori njeh disa gjuh\u00eb t\u00eb huaja dhe shkonte shpesh n\u00eb Paris, nd\u00ebrsa un\u00eb njoh 3 gjuh\u00eb t\u00eb huaja dhe shkoja shpesh n\u00eb Lond\u00ebr. M\u00eb 1997 ai nuk l\u00ebvizi nga presidenca, nd\u00ebrsa un\u00eb u ktheva n\u00eb Shqip\u00ebri dhe kandidova si deputet i pavarur n\u00eb P\u00ebrmetin e vrar\u00eb &amp; t\u00eb djegur nga praglufta civile ku demokrat\u00ebt e v\u00ebrtet\u00eb kishin ikur m\u00eb k\u00ebmb\u00eb n\u00eb Greqi nga frika. Nga 1997 deri n\u00eb 2005 Berisha u torturua n\u00eb opozit\u00eb, madje edhe e arrestoi Ilir Meta, nd\u00ebrsa un\u00eb u torturova duke trafikuar njer\u00ebz n\u00ebp\u00ebr Europ\u00eb e Amerik\u00eb.<\/p>\n<p>M\u00eb 2005 Sala nisi nj\u00eb er\u00eb t\u00eb re, qeverisja e tij e dyt\u00eb, nd\u00ebrsa un\u00eb i sapodal\u00eb nga burgu 313 nisa studimet universitare. N\u00eb shkurtin e 2007-\u00ebs Berisha b\u00ebnte fushat\u00eb p\u00ebr Olldashin, un\u00eb nga ana tjet\u00ebr b\u00ebja t\u00eb nj\u00ebjt\u00ebn gj\u00eb p\u00ebr gjysm\u00eb patriotin tim, me t\u00eb cilin kishim bashk\u00ebthemeluar Forumin Rinor t\u00eb PD-s\u00eb n\u00eb gusht t\u00eb 1991-it. Berisha shquhet p\u00ebr memorie t\u00eb papar\u00eb, lexon shum\u00eb dhe mban mend k\u00ebdo q\u00eb ka takuar n\u00eb jet\u00eb, k\u00ebto veti kam dhe un\u00eb e ndjehem mir\u00eb.<\/p>\n<p>M\u00eb 21 janar 2011 Sali Berisha ishte atje n\u00eb bulevard pas xhamave t\u00eb blinduar n\u00eb zyr\u00ebn e tij me Lul Bash\u00ebn dhe disa \u201cgardist\u00eb republikan\u00eb\u201d q\u00eb e mbronin, edhe un\u00eb isha atje n\u00eb bulevard p\u00ebrball\u00eb zyr\u00ebs s\u00eb tij me Erjon Veliajn, Gilberto Ja\u00e7en, Ened Janin\u00ebn dhe disa gazetar\u00eb q\u00eb b\u00ebnin detyr\u00ebn posht\u00eb snajperave me maska q\u00eb shikonin friksh\u00ebm nga tarracat e nd\u00ebrtesave publike. Vet\u00ebm pak or\u00eb m\u00eb pas t\u00eb asaj dite t\u00eb kobshme, Doktori Blu doli dhe etiketoi nj\u00eb zyrtare fem\u00ebr me emrin Ina Rama si \u201clavire bulevardi\u201d, nd\u00ebrsa un\u00eb sot pas kaq muajsh po etiketoj gjykat\u00ebset e Kolegjit Zgjedhor (nuk kishte gjykat\u00ebs burra n\u00eb at\u00eb trup\u00eb gjykuese se askush nga ata t\u00eb tre nuk pati byth\u00eb t\u00eb relatonte) Neriban Mullai, Sashenka Jonuzi, Astrit Kalaja, Petraq Dhimitri, Tom Ndreca, Entela Prift, Dhurata Haveri, Marie Qiriazi si lavire t\u00eb Ur\u00ebs s\u00eb Tabak\u00ebve.<\/p>\n<p>Berisha nuk k\u00ebrkoi kurr\u00eb falje, nuk u b\u00eb pishman asnj\u00ebher\u00eb p\u00ebr at\u00eb fjalor q\u00eb p\u00ebrdori, megjith\u00ebse ka n\u00eb sht\u00ebpi grua, vajz\u00eb, nuse, mbesa, kush\u00ebrira, kolege, shoqe, mikesha. Edhe un\u00eb po i etiketoj lavire zonjat dhe zot\u00ebrinjt\u00eb frikacak\u00eb t\u00eb Kolegjit sepse legalizuan vjedhjen e vot\u00ebs time, m\u00eb shkarravit\u00ebn t\u00eb ardhmen, m\u00eb p\u00ebrdhunuan Shqip\u00ebrin\u00eb, m\u2019i zgjat\u00ebn jet\u00ebn diktatur\u00ebs dhe si t\u00eb pacip\u00eb q\u00eb jan\u00eb ankohen me letra te Presidenti i Republik\u00ebs q\u00eb nuk e pordh\u00ebn fare p\u00ebr 2 muaj me radh\u00eb. Ndaj ende ngulmoj se e meritojn\u00eb k\u00ebt\u00eb epitet.<\/p>\n<p>N\u00ebse k\u00ebrkon Berisha falje, do k\u00ebrkoj dhe un\u00eb, n\u00ebse gjobitet Berisha p\u00ebr fyerje, m\u00eb d\u00ebnoni dhe mua. Do Zoti e lexon ndonj\u00eb ambasador k\u00ebt\u00eb protest\u00ebn time dhe ashtu si Sali Berish\u00ebn m\u00eb 22 Janar 2011 m\u00eb quan edhe mua \u201cBurr\u00eb shteti\u201d pse po shaj jo nj\u00eb, por tet\u00eb gra plangprish\u00ebse t\u00eb prishura nga mendja. Un\u00eb nuk di t\u00eb kopjoj ask\u00ebnd, jam unik, por idhullit tim Sali Berisha nuk i tundohem dot. Kur t\u00eb rritem dua t\u00eb b\u00ebhem si ai. Marshallah, ta kap me dor\u00eb se mos e marr m\u00eb sy\u2026<\/p>\n<p>Important notice: To the foreign ambassadors in Tirana.<br \/>\nDo you remember the judges of the Albanian Electoral College?<br \/>\nI just named them \u201cwhores\u201d in this article. May you take that into consideration and label me \u201ca real statesman\u201d?<br \/>\nThank you and have nice summer holiday. See you this September coming!!! (pu\u00e7, pu\u00e7\/kissy, kissy)<\/p>\n<p>*facebook.com\/bledi.mane<\/p>\n","protected":false},"excerpt":{"rendered":"<p>Nga Bledi Mane M\u00eb akuzoni p\u00ebr \u00e7far\u00eb t\u00eb doni, por jo p\u00ebr kopjac. Megjith\u00ebse deri tani kam b\u00ebr\u00eb 19 vjet shkoll\u00eb (pa llogaritur \u00e7erdhen, kopshtin dhe burgun), asnj\u00ebher\u00eb nuk kam menduar a tentuar t\u00eb kopjoj n\u00ebp\u00ebr provime. Jo sepse nuk doja, jam i sigurt q\u00eb t\u00eb gjith\u00eb kemi nevoj\u00eb p\u00ebr at\u00eb lloj adrenaline q\u00eb na [&hellip;]<\/p>\n","protected":false},"author":1,"featured_media":0,"comment_status":"open","ping_status":"closed","sticky":false,"template":"","format":"standard","meta":{"footnotes":""},"categories":[2],"tags":[],"class_list":{"0":"post-9484","1":"post","2":"type-post","3":"status-publish","4":"format-standard","6":"category-artikuj"},"yoast_head":"<!-- This site is optimized with the Yoast SEO plugin v27.4 - https:\/\/yoast.com\/product\/yoast-seo-wordpress\/ -->\n<title>Laviret e Kolegjit, let\u00ebr presidentit! - FjALA e LIR\u00cb - Arkivi<\/title>\n<meta name=\"robots\" content=\"index, follow, max-snippet:-1, max-image-preview:large, max-video-preview:-1\" \/>\n<link rel=\"canonical\" href=\"https:\/\/fjala.info\/2009-2015\/laviret-e-kolegjit-leter-presidentit\/\" \/>\n<meta property=\"og:locale\" content=\"sq_AL\" \/>\n<meta property=\"og:type\" content=\"article\" \/>\n<meta property=\"og:title\" content=\"Laviret e Kolegjit, let\u00ebr presidentit! - FjALA e LIR\u00cb - Arkivi\" \/>\n<meta property=\"og:description\" content=\"Nga Bledi Mane M\u00eb akuzoni p\u00ebr \u00e7far\u00eb t\u00eb doni, por jo p\u00ebr kopjac. Megjith\u00ebse deri tani kam b\u00ebr\u00eb 19 vjet shkoll\u00eb (pa llogaritur \u00e7erdhen, kopshtin dhe burgun), asnj\u00ebher\u00eb nuk kam menduar a tentuar t\u00eb kopjoj n\u00ebp\u00ebr provime. Jo sepse nuk doja, jam i sigurt q\u00eb t\u00eb gjith\u00eb kemi nevoj\u00eb p\u00ebr at\u00eb lloj adrenaline q\u00eb na [&hellip;]\" \/>\n<meta property=\"og:url\" content=\"https:\/\/fjala.info\/2009-2015\/laviret-e-kolegjit-leter-presidentit\/\" \/>\n<meta property=\"og:site_name\" content=\"FjALA e LIR\u00cb - Arkivi\" \/>\n<meta property=\"article:published_time\" content=\"2011-07-17T10:28:21+00:00\" \/>\n<meta property=\"og:image\" content=\"http:\/\/www.shkoder.net\/images\/fjala\/2011\/kolegji_zgjedhor.jpg\" \/>\n<meta name=\"author\" content=\"admin\" \/>\n<meta name=\"twitter:card\" content=\"summary_large_image\" \/>\n<meta name=\"twitter:label1\" content=\"Written by\" \/>\n\t<meta name=\"twitter:data1\" content=\"admin\" \/>\n\t<meta name=\"twitter:label2\" content=\"Est. reading time\" \/>\n\t<meta name=\"twitter:data2\" content=\"5 minutes\" \/>\n<script type=\"application\/ld+json\" class=\"yoast-schema-graph\">{\"@context\":\"https:\\\/\\\/schema.org\",\"@graph\":[{\"@type\":\"Article\",\"@id\":\"https:\\\/\\\/fjala.info\\\/2009-2015\\\/laviret-e-kolegjit-leter-presidentit\\\/#article\",\"isPartOf\":{\"@id\":\"https:\\\/\\\/fjala.info\\\/2009-2015\\\/laviret-e-kolegjit-leter-presidentit\\\/\"},\"author\":{\"name\":\"admin\",\"@id\":\"https:\\\/\\\/fjala.info\\\/2009-2015\\\/#\\\/schema\\\/person\\\/3aa1163ef05469c496fc94e77611ada2\"},\"headline\":\"Laviret e Kolegjit, let\u00ebr presidentit!\",\"datePublished\":\"2011-07-17T10:28:21+00:00\",\"mainEntityOfPage\":{\"@id\":\"https:\\\/\\\/fjala.info\\\/2009-2015\\\/laviret-e-kolegjit-leter-presidentit\\\/\"},\"wordCount\":961,\"commentCount\":0,\"publisher\":{\"@id\":\"https:\\\/\\\/fjala.info\\\/2009-2015\\\/#organization\"},\"image\":{\"@id\":\"https:\\\/\\\/fjala.info\\\/2009-2015\\\/laviret-e-kolegjit-leter-presidentit\\\/#primaryimage\"},\"thumbnailUrl\":\"http:\\\/\\\/www.shkoder.net\\\/images\\\/fjala\\\/2011\\\/kolegji_zgjedhor.jpg\",\"articleSection\":[\"Artikuj\"],\"inLanguage\":\"sq-AL\",\"potentialAction\":[{\"@type\":\"CommentAction\",\"name\":\"Comment\",\"target\":[\"https:\\\/\\\/fjala.info\\\/2009-2015\\\/laviret-e-kolegjit-leter-presidentit\\\/#respond\"]}]},{\"@type\":\"WebPage\",\"@id\":\"https:\\\/\\\/fjala.info\\\/2009-2015\\\/laviret-e-kolegjit-leter-presidentit\\\/\",\"url\":\"https:\\\/\\\/fjala.info\\\/2009-2015\\\/laviret-e-kolegjit-leter-presidentit\\\/\",\"name\":\"Laviret e Kolegjit, let\u00ebr presidentit! - FjALA e LIR\u00cb - Arkivi\",\"isPartOf\":{\"@id\":\"https:\\\/\\\/fjala.info\\\/2009-2015\\\/#website\"},\"primaryImageOfPage\":{\"@id\":\"https:\\\/\\\/fjala.info\\\/2009-2015\\\/laviret-e-kolegjit-leter-presidentit\\\/#primaryimage\"},\"image\":{\"@id\":\"https:\\\/\\\/fjala.info\\\/2009-2015\\\/laviret-e-kolegjit-leter-presidentit\\\/#primaryimage\"},\"thumbnailUrl\":\"http:\\\/\\\/www.shkoder.net\\\/images\\\/fjala\\\/2011\\\/kolegji_zgjedhor.jpg\",\"datePublished\":\"2011-07-17T10:28:21+00:00\",\"breadcrumb\":{\"@id\":\"https:\\\/\\\/fjala.info\\\/2009-2015\\\/laviret-e-kolegjit-leter-presidentit\\\/#breadcrumb\"},\"inLanguage\":\"sq-AL\",\"potentialAction\":[{\"@type\":\"ReadAction\",\"target\":[\"https:\\\/\\\/fjala.info\\\/2009-2015\\\/laviret-e-kolegjit-leter-presidentit\\\/\"]}]},{\"@type\":\"ImageObject\",\"inLanguage\":\"sq-AL\",\"@id\":\"https:\\\/\\\/fjala.info\\\/2009-2015\\\/laviret-e-kolegjit-leter-presidentit\\\/#primaryimage\",\"url\":\"http:\\\/\\\/www.shkoder.net\\\/images\\\/fjala\\\/2011\\\/kolegji_zgjedhor.jpg\",\"contentUrl\":\"http:\\\/\\\/www.shkoder.net\\\/images\\\/fjala\\\/2011\\\/kolegji_zgjedhor.jpg\"},{\"@type\":\"BreadcrumbList\",\"@id\":\"https:\\\/\\\/fjala.info\\\/2009-2015\\\/laviret-e-kolegjit-leter-presidentit\\\/#breadcrumb\",\"itemListElement\":[{\"@type\":\"ListItem\",\"position\":1,\"name\":\"Home\",\"item\":\"https:\\\/\\\/fjala.info\\\/2009-2015\\\/\"},{\"@type\":\"ListItem\",\"position\":2,\"name\":\"Laviret e Kolegjit, let\u00ebr presidentit!\"}]},{\"@type\":\"WebSite\",\"@id\":\"https:\\\/\\\/fjala.info\\\/2009-2015\\\/#website\",\"url\":\"https:\\\/\\\/fjala.info\\\/2009-2015\\\/\",\"name\":\"FjALA e LIR\u00cb - Arkivi\",\"description\":\"Arkivi 2009-2015\",\"publisher\":{\"@id\":\"https:\\\/\\\/fjala.info\\\/2009-2015\\\/#organization\"},\"potentialAction\":[{\"@type\":\"SearchAction\",\"target\":{\"@type\":\"EntryPoint\",\"urlTemplate\":\"https:\\\/\\\/fjala.info\\\/2009-2015\\\/?s={search_term_string}\"},\"query-input\":{\"@type\":\"PropertyValueSpecification\",\"valueRequired\":true,\"valueName\":\"search_term_string\"}}],\"inLanguage\":\"sq-AL\"},{\"@type\":\"Organization\",\"@id\":\"https:\\\/\\\/fjala.info\\\/2009-2015\\\/#organization\",\"name\":\"FjALA e LIR\u00cb - Arkivi\",\"url\":\"https:\\\/\\\/fjala.info\\\/2009-2015\\\/\",\"logo\":{\"@type\":\"ImageObject\",\"inLanguage\":\"sq-AL\",\"@id\":\"https:\\\/\\\/fjala.info\\\/2009-2015\\\/#\\\/schema\\\/logo\\\/image\\\/\",\"url\":\"\",\"contentUrl\":\"\",\"caption\":\"FjALA e LIR\u00cb - Arkivi\"},\"image\":{\"@id\":\"https:\\\/\\\/fjala.info\\\/2009-2015\\\/#\\\/schema\\\/logo\\\/image\\\/\"}},{\"@type\":\"Person\",\"@id\":\"https:\\\/\\\/fjala.info\\\/2009-2015\\\/#\\\/schema\\\/person\\\/3aa1163ef05469c496fc94e77611ada2\",\"name\":\"admin\",\"image\":{\"@type\":\"ImageObject\",\"inLanguage\":\"sq-AL\",\"@id\":\"https:\\\/\\\/fjala.info\\\/2009-2015\\\/wp-content\\\/uploads\\\/2012\\\/02\\\/arben_cokaj-120x150.jpg\",\"url\":\"https:\\\/\\\/fjala.info\\\/2009-2015\\\/wp-content\\\/uploads\\\/2012\\\/02\\\/arben_cokaj-120x150.jpg\",\"contentUrl\":\"https:\\\/\\\/fjala.info\\\/2009-2015\\\/wp-content\\\/uploads\\\/2012\\\/02\\\/arben_cokaj-120x150.jpg\",\"caption\":\"admin\"},\"description\":\"Admin, Fjala e Lir\u00eb\",\"sameAs\":[\"https:\\\/\\\/fjala.info\\\/\"],\"url\":\"https:\\\/\\\/fjala.info\\\/2009-2015\\\/author\\\/admin\\\/\"}]}<\/script>\n<!-- \/ Yoast SEO plugin. -->","yoast_head_json":{"title":"Laviret e Kolegjit, let\u00ebr presidentit! - FjALA e LIR\u00cb - Arkivi","robots":{"index":"index","follow":"follow","max-snippet":"max-snippet:-1","max-image-preview":"max-image-preview:large","max-video-preview":"max-video-preview:-1"},"canonical":"https:\/\/fjala.info\/2009-2015\/laviret-e-kolegjit-leter-presidentit\/","og_locale":"sq_AL","og_type":"article","og_title":"Laviret e Kolegjit, let\u00ebr presidentit! - FjALA e LIR\u00cb - Arkivi","og_description":"Nga Bledi Mane M\u00eb akuzoni p\u00ebr \u00e7far\u00eb t\u00eb doni, por jo p\u00ebr kopjac. Megjith\u00ebse deri tani kam b\u00ebr\u00eb 19 vjet shkoll\u00eb (pa llogaritur \u00e7erdhen, kopshtin dhe burgun), asnj\u00ebher\u00eb nuk kam menduar a tentuar t\u00eb kopjoj n\u00ebp\u00ebr provime. Jo sepse nuk doja, jam i sigurt q\u00eb t\u00eb gjith\u00eb kemi nevoj\u00eb p\u00ebr at\u00eb lloj adrenaline q\u00eb na [&hellip;]","og_url":"https:\/\/fjala.info\/2009-2015\/laviret-e-kolegjit-leter-presidentit\/","og_site_name":"FjALA e LIR\u00cb - Arkivi","article_published_time":"2011-07-17T10:28:21+00:00","og_image":[{"url":"http:\/\/www.shkoder.net\/images\/fjala\/2011\/kolegji_zgjedhor.jpg","type":"","width":"","height":""}],"author":"admin","twitter_card":"summary_large_image","twitter_misc":{"Written by":"admin","Est. reading time":"5 minutes"},"schema":{"@context":"https:\/\/schema.org","@graph":[{"@type":"Article","@id":"https:\/\/fjala.info\/2009-2015\/laviret-e-kolegjit-leter-presidentit\/#article","isPartOf":{"@id":"https:\/\/fjala.info\/2009-2015\/laviret-e-kolegjit-leter-presidentit\/"},"author":{"name":"admin","@id":"https:\/\/fjala.info\/2009-2015\/#\/schema\/person\/3aa1163ef05469c496fc94e77611ada2"},"headline":"Laviret e Kolegjit, let\u00ebr presidentit!","datePublished":"2011-07-17T10:28:21+00:00","mainEntityOfPage":{"@id":"https:\/\/fjala.info\/2009-2015\/laviret-e-kolegjit-leter-presidentit\/"},"wordCount":961,"commentCount":0,"publisher":{"@id":"https:\/\/fjala.info\/2009-2015\/#organization"},"image":{"@id":"https:\/\/fjala.info\/2009-2015\/laviret-e-kolegjit-leter-presidentit\/#primaryimage"},"thumbnailUrl":"http:\/\/www.shkoder.net\/images\/fjala\/2011\/kolegji_zgjedhor.jpg","articleSection":["Artikuj"],"inLanguage":"sq-AL","potentialAction":[{"@type":"CommentAction","name":"Comment","target":["https:\/\/fjala.info\/2009-2015\/laviret-e-kolegjit-leter-presidentit\/#respond"]}]},{"@type":"WebPage","@id":"https:\/\/fjala.info\/2009-2015\/laviret-e-kolegjit-leter-presidentit\/","url":"https:\/\/fjala.info\/2009-2015\/laviret-e-kolegjit-leter-presidentit\/","name":"Laviret e Kolegjit, let\u00ebr presidentit! - FjALA e LIR\u00cb - Arkivi","isPartOf":{"@id":"https:\/\/fjala.info\/2009-2015\/#website"},"primaryImageOfPage":{"@id":"https:\/\/fjala.info\/2009-2015\/laviret-e-kolegjit-leter-presidentit\/#primaryimage"},"image":{"@id":"https:\/\/fjala.info\/2009-2015\/laviret-e-kolegjit-leter-presidentit\/#primaryimage"},"thumbnailUrl":"http:\/\/www.shkoder.net\/images\/fjala\/2011\/kolegji_zgjedhor.jpg","datePublished":"2011-07-17T10:28:21+00:00","breadcrumb":{"@id":"https:\/\/fjala.info\/2009-2015\/laviret-e-kolegjit-leter-presidentit\/#breadcrumb"},"inLanguage":"sq-AL","potentialAction":[{"@type":"ReadAction","target":["https:\/\/fjala.info\/2009-2015\/laviret-e-kolegjit-leter-presidentit\/"]}]},{"@type":"ImageObject","inLanguage":"sq-AL","@id":"https:\/\/fjala.info\/2009-2015\/laviret-e-kolegjit-leter-presidentit\/#primaryimage","url":"http:\/\/www.shkoder.net\/images\/fjala\/2011\/kolegji_zgjedhor.jpg","contentUrl":"http:\/\/www.shkoder.net\/images\/fjala\/2011\/kolegji_zgjedhor.jpg"},{"@type":"BreadcrumbList","@id":"https:\/\/fjala.info\/2009-2015\/laviret-e-kolegjit-leter-presidentit\/#breadcrumb","itemListElement":[{"@type":"ListItem","position":1,"name":"Home","item":"https:\/\/fjala.info\/2009-2015\/"},{"@type":"ListItem","position":2,"name":"Laviret e Kolegjit, let\u00ebr presidentit!"}]},{"@type":"WebSite","@id":"https:\/\/fjala.info\/2009-2015\/#website","url":"https:\/\/fjala.info\/2009-2015\/","name":"FjALA e LIR\u00cb - Arkivi","description":"Arkivi 2009-2015","publisher":{"@id":"https:\/\/fjala.info\/2009-2015\/#organization"},"potentialAction":[{"@type":"SearchAction","target":{"@type":"EntryPoint","urlTemplate":"https:\/\/fjala.info\/2009-2015\/?s={search_term_string}"},"query-input":{"@type":"PropertyValueSpecification","valueRequired":true,"valueName":"search_term_string"}}],"inLanguage":"sq-AL"},{"@type":"Organization","@id":"https:\/\/fjala.info\/2009-2015\/#organization","name":"FjALA e LIR\u00cb - Arkivi","url":"https:\/\/fjala.info\/2009-2015\/","logo":{"@type":"ImageObject","inLanguage":"sq-AL","@id":"https:\/\/fjala.info\/2009-2015\/#\/schema\/logo\/image\/","url":"","contentUrl":"","caption":"FjALA e LIR\u00cb - Arkivi"},"image":{"@id":"https:\/\/fjala.info\/2009-2015\/#\/schema\/logo\/image\/"}},{"@type":"Person","@id":"https:\/\/fjala.info\/2009-2015\/#\/schema\/person\/3aa1163ef05469c496fc94e77611ada2","name":"admin","image":{"@type":"ImageObject","inLanguage":"sq-AL","@id":"https:\/\/fjala.info\/2009-2015\/wp-content\/uploads\/2012\/02\/arben_cokaj-120x150.jpg","url":"https:\/\/fjala.info\/2009-2015\/wp-content\/uploads\/2012\/02\/arben_cokaj-120x150.jpg","contentUrl":"https:\/\/fjala.info\/2009-2015\/wp-content\/uploads\/2012\/02\/arben_cokaj-120x150.jpg","caption":"admin"},"description":"Admin, Fjala e Lir\u00eb","sameAs":["https:\/\/fjala.info\/"],"url":"https:\/\/fjala.info\/2009-2015\/author\/admin\/"}]}},"_links":{"self":[{"href":"https:\/\/fjala.info\/2009-2015\/wp-json\/wp\/v2\/posts\/9484","targetHints":{"allow":["GET"]}}],"collection":[{"href":"https:\/\/fjala.info\/2009-2015\/wp-json\/wp\/v2\/posts"}],"about":[{"href":"https:\/\/fjala.info\/2009-2015\/wp-json\/wp\/v2\/types\/post"}],"author":[{"embeddable":true,"href":"https:\/\/fjala.info\/2009-2015\/wp-json\/wp\/v2\/users\/1"}],"replies":[{"embeddable":true,"href":"https:\/\/fjala.info\/2009-2015\/wp-json\/wp\/v2\/comments?post=9484"}],"version-history":[{"count":0,"href":"https:\/\/fjala.info\/2009-2015\/wp-json\/wp\/v2\/posts\/9484\/revisions"}],"wp:attachment":[{"href":"https:\/\/fjala.info\/2009-2015\/wp-json\/wp\/v2\/media?parent=9484"}],"wp:term":[{"taxonomy":"category","embeddable":true,"href":"https:\/\/fjala.info\/2009-2015\/wp-json\/wp\/v2\/categories?post=9484"},{"taxonomy":"post_tag","embeddable":true,"href":"https:\/\/fjala.info\/2009-2015\/wp-json\/wp\/v2\/tags?post=9484"}],"curies":[{"name":"wp","href":"https:\/\/api.w.org\/{rel}","templated":true}]}}