{"id":943,"date":"2012-01-03T21:19:57","date_gmt":"2012-01-03T20:19:57","guid":{"rendered":"http:\/\/fjala.shkoder.net\/?p=943"},"modified":"2012-01-03T21:19:57","modified_gmt":"2012-01-03T20:19:57","slug":"si-mund-te-arrihet-tek-kulla-e-berishajve","status":"publish","type":"post","link":"https:\/\/fjala.info\/2009-2015\/si-mund-te-arrihet-tek-kulla-e-berishajve\/","title":{"rendered":"Si mund t\u00eb arrihet tek Kulla e Berishajve?"},"content":{"rendered":"<p><img decoding=\"async\" class=\"alignright size-thumbnail wp-image-7236\" title=\"Naser Aliu\" src=\"http:\/\/www.shkoder.net\/images\/fjala\/naser_aliu.jpg\" alt=\"\" width=\"150\" \/> <strong>Naser Aliu<\/strong><\/p>\n<p>Thjesht nisuni nga rruga \u201cHamza Kastrioti\u201d dhe pas nja 700 metrave lakoni djathtas. Aty do t\u00eb shihni semaforin e par\u00eb. N\u00ebse \u00ebsht\u00eb i kuq dhe nuk ka makina tjera, vazhdoni; se a respektoni k\u00ebmb\u00ebsor\u00ebt, \u00ebsht\u00eb n\u00eb pushtetin Tuaj zoti Hans. Pasi ta keni l\u00ebn\u00eb pas vete semaforin, at\u00ebher\u00eb lakoni p\u00ebrs\u00ebri djathtas dhe do t\u00eb gjendeni n\u00eb nj\u00eb udh\u00ebkryq t\u00eb madh. Vazhdoni me kok\u00ebfort\u00ebsi drejt, pa shikuar shum\u00eb, vazhdoni i ngrysur dhe serioz dhe pas disa minutave do t\u00eb gjendeni n\u00eb sheshin \u201cMojsi Golemi.\u201d<\/p>\n<p>Ngisni tutje me ballin plot rrudha, k\u00ebshtu u transmetoni shqiptar\u00ebve se jeni i djatht\u00eb dhe mund t\u00eb keni m\u00eb pak kok\u00eb\u00e7arje. Tek semafori i dyt\u00eb, respektoni edhe t\u00eb kuqen, p\u00ebrndryshe rrezikoni nj\u00eb p\u00ebrplasje t\u00eb keqe, nga makinat q\u00eb mund t\u00eb vijn\u00eb nga e djathta dhe urrejn\u00eb ata q\u00eb futen nga e majta. E djathta \u00ebsht\u00eb n\u00eb pushtet zoti Hans dhe nuk \u00ebsht\u00eb e detyruar t\u2019 i respektoj\u00eb Ligjet e Komunikacionit, e as Kodin Penal.<\/p>\n<p>Mos v\u00ebshtroni gjat\u00eb p\u00ebrmendoren me kal\u00eb t\u00eb Hamza Kastriotit, por vazhdoni me kryene\u00e7\u00ebsi t\u00eb madhe drejt. Majtas mos lakoni kurr\u00eb, sepse t\u00eb gjitha rrug\u00ebt e djathta t\u00eb shpijn\u00eb drejt\u00eb e n\u00eb kryeqend\u00ebr t\u00eb pushtetit: Tek \u201cKulla e Berishajve.&#8221; Duke qen\u00eb i bindur se keni kuptuar p\u00ebrshkrimin, pas dy kilometrave, at\u00ebher\u00eb, ju lutem, lakoni p\u00ebrs\u00ebri djathtas dhe mu tek busti i Esat Pash\u00eb Toptanit, gjendet nj\u00eb \u00e7ezme. Aty lani syt\u00eb mir\u00eb sepse pas kat\u00ebr kilometrave, do t\u00eb gjendeni para p\u00ebrmendoreve madh\u00ebshtore: \u201cTre Heronjt\u00eb e Shekullit XX\u201d: Ceno C\u00ebrnoglavi\u00e7i (n\u00eb kllapa shkruan, Kryeziu) Nikolla Pashiqi dhe Ahmet bej Zogollit. Ky i fundit \u00ebsht\u00eb bir i pashait, nip i Esat Pash\u00ebs, q\u00eb shpalli n\u00ebn\u00ebn e mjer\u00eb Sadije, analfabete: \u201cMbret\u00ebresh\u00eb t\u00eb Shqiptar\u00ebve.\u201d<\/p>\n<p>N\u00ebse keni d\u00ebshir\u00eb, parkoni makin\u00ebn n\u00eb mes t\u00eb rrug\u00ebs dhe fotografohuni pran\u00eb tre heronjve shqiptar\u00eb. Nuk do t\u00eb keni pengesa nga populli. Ai do ta \u00e7moj\u00eb k\u00ebt\u00eb akt. N\u00eb fotografi do ta shihni ngjyr\u00ebn e fytyr\u00ebs q\u00eb ka pllakosur l\u00ebkur\u00ebn Tuaj apo goj\u00ebn e \u00e7araveshur. Ju do t\u2019 i b\u00ebni shum\u00eb pyetje vetes, por ka vet\u00ebm nj\u00eb p\u00ebrgjigje dhe at\u00eb mund ta merrni pran\u00eb grilave t\u00eb pushtetit, ku u eliminuan disa pu\u00e7ist\u00eb, q\u00eb i qen\u00eb sulur Kull\u00ebs me LA (lapsa atomik) dhe me \u00c7DZ (\u00e7adra t\u00eb zeza nukleare.)<\/p>\n<p>Pse pashallar\u00ebt heronj? Arsyeja \u00ebsht\u00eb e thjesht\u00eb zoti Hans, duhet krijuar nj\u00eb ekuilib\u00ebr komb\u00ebtar: Erdoani, v\u00ebllai i Hashimit dhe Saliut, ka k\u00ebrkuar q\u00eb edhe pashallar\u00ebt t\u00eb shpallen heronj t\u00eb shqiptar\u00ebve. Madje, edhe sulltan\u00ebt. Ai d\u00ebshiron t\u00eb futemi m\u00eb shpejt n\u00eb Europ\u00eb. Sali Pasha dhe Hashim Pasha, kan\u00eb n\u00ebnshkruar k\u00ebt\u00eb obligim\u2026<\/p>\n<p>Po e v\u00ebrtet\u00eb, kan\u00eb rr\u00ebzuar p\u00ebrmendoren e Enverit dhe ngritur t\u00eb Ahmet Zogut\u2026 Po, ashtu \u00ebsht\u00eb n\u00eb mod\u00eb tani n\u00eb Shqip\u00ebri: Enveri ishte tradhtar, Zogu patriot\u2026<\/p>\n<p>Nejse, pran\u00eb \u201cTre Heronj t\u00eb Shekullit XX\u201d, do ta gjeni rrug\u00ebn \u201cLeka i Par\u00eb\u201d, mbret i ndjer\u00eb tanim\u00eb, q\u00eb n\u00eb nj\u00eb hotel t\u00eb Parisit, shpalli veten mbret i shqiptar\u00ebve. K\u00ebt\u00eb hotel, zoti Hans, Qeveria shqiptare ka vendosur ta shkul\u00eb dhe ta ngul\u00eb n\u00eb Shqip\u00ebri. Bisedimet po vazhdojn\u00eb mes Carla Brunit dhe Jozefina Berish\u00ebs. \u00cbsht\u00eb monument historik shqiptar dhe nuk mund t\u00eb mbetet m\u00eb n\u00eb Paris, zoti Hans. \u00cbsht\u00eb ofendim p\u00ebr kombin ton\u00eb dhe Oborrin Shqiptar.<\/p>\n<p>K\u00ebtu n\u00ebse d\u00ebshironi mund t\u00eb ndaleni ca, t\u2019i b\u00ebni disa pyetje vetes\u2026 Po, e v\u00ebrtet\u00eb, Saliu e pat p\u00ebrz\u00ebn\u00eb mbretin, por tani \u00ebsht\u00eb penduar: Jemi njer\u00ebz dhe gabojm\u00eb n\u00eb jet\u00eb. Po, e di, e di, se ai tani pohoi se ka m\u00ebsuar t\u00eb num\u00ebroj\u00eb vota dhe k\u00ebt\u00eb ia tha edhe mbretit t\u00eb vdekur. N\u00ebse ngrihesh, i tha ai, at\u00ebher\u00eb, do t\u2019i rinum\u00ebroj votat si duhet dhe do t\u00eb t\u00eb shpall mbret\u2026Ishte korrekt, apo jo?! Mir\u00ebpo, mbreti gaboi dhe nuk u ngrit\u2026 Medet! N\u00eb vend t\u00eb tij, u ngrit vampir Nano. Ec e merre vesh k\u00ebt\u00eb bot\u00eb!<\/p>\n<p>\u00cbsht\u00eb e mundur Zoti Hans, \u00ebsht\u00eb e mundur se ai tani Lek\u00ebn tjet\u00ebr po e p\u00ebrgatit. Kjo mir\u00ebpo akoma nuk dihet. Dihet vet\u00ebm se ai \u00ebsht\u00eb num\u00ebruesi m\u00eb i mir\u00eb n\u00eb Europ\u00eb.<\/p>\n<p>Tani zoti Hans, ju jeni fare pran\u00eb Kull\u00ebs, por meq\u00eb nuk b\u00ebn t\u00eb lakoni majtas, ju ngelen edhe pes\u00eb kilometra p\u00ebr t\u00eb arritur aty. Tani vazhdoni p\u00ebrs\u00ebri djathtas dhe do t\u00eb gjendeni n\u00eb Bulevardin \u201cRrahman Morina.\u201d Pas dy kilometrave, lakoni djathtas n\u00eb bulevardin \u201cAtdhetari Shqiptar, Janutallosi\u201d. N\u00ebse keni navigacioni fikeni, \u00ebsht\u00eb e mundur se ju sugjerohet t\u00eb ktheheni majtas, por mos e b\u00ebni k\u00ebt\u00eb n\u00eb Shqip\u00ebri ju lutem. Mund t\u00eb ju d\u00ebrgojn\u00eb n\u00eb parajs\u00eb.<\/p>\n<p>Jo, jo, n\u00eb Shqip\u00ebri nuk ndiqet politikani q\u00eb vret njer\u00ebz dhe miza. Ai posedon imunitet. Po, natyrisht se ka nj\u00eb prokurori, por jo p\u00ebr qeveritar\u00ebt\u2026 Imuniteti Zoti Hans, imuniteti\u2026 po, ashtu, si\u00e7 posedonte imunitet Stalini, Hoxha, Tito, James Bondi apo kaubojt\u2026 Pasi t\u00eb parkoni makin\u00ebn, hiqni nga xhepi lapsin. \u00c7ad\u00ebr mos merrni me vete edhe n\u00ebse bie bresh\u00ebr. Nga bodrumet e Kryeministris\u00eb, mund t\u00eb ju p\u00ebrsh\u00ebndesin dhe japin lamtumir\u00ebn, dmth, fitoni viz\u00ebn p\u00ebr transferim. N\u00eb k\u00ebt\u00eb Kull\u00eb, gjendet stalinisti i vet\u00ebm n\u00eb sistemin ton\u00eb diellor, q\u00eb drejton nj\u00eb parti demokratike.<\/p>\n<p>Pse tradhtar\u00ebt me p\u00ebrmendore dhe rrug\u00eb? Edhe kjo shum\u00eb e thjesht\u00eb zoti Hans. Ndjenjat humaniste shtyjn\u00eb Kryeministrin t\u2019i pajtoj\u00eb patriot\u00ebt me tradhtar\u00ebt. Pastaj, \u00ebsht\u00eb provuar se tradhtar\u00ebt kishin b\u00ebr\u00eb tradhti, nga dashuria e tep\u00ebrt ndaj atdheut dhe kjo duhet t\u00eb shp\u00ebrblehet\u2026 Ju ndoshta dini se politikan\u00ebt zgjedhin sh\u00ebmb\u00eblltyra p\u00ebr t\u2019 i arsyetuar veprat e veta, u nevojiten personalitete historike, q\u00eb kan\u00eb b\u00ebr\u00eb vepra t\u00eb nj\u00ebjta apo gati t\u00eb nj\u00ebjta. P\u00ebr shembull, duke rehabilituar Ahmet Zogun, oborrin mbret\u00ebror shqiptar \u2013 q\u00eb sipas statutit t\u00eb vet Art. 65, nuk mund t\u00eb konsiderohet mbret, kur q\u00ebndron m\u00eb shum\u00eb se 3 muaj jasht\u00eb vendit \u2013 p\u00ebrligjet falja e detit Greqis\u00eb.<\/p>\n<p>Jo, tani p\u00ebr tani jo, e pengoi \u201ctradhtari\u201d i shekullit XXI, profesori Myslim Pasha. Nd\u00ebrkaq, dezertimi zoti Hans, nuk quhet dezertim n\u00eb Kull\u00eb, por largim. Edhe pse sipas artikullit 71 t\u00eb statutit t\u00eb vet \u201cAi \u00ebsht\u00eb komandanti m\u00eb i lart\u00eb i forcave tok\u00ebsore, detare dhe ajrore t\u00eb Shtetit\u2026\u201d Kaq, zoti Hans. Nj\u00eb politikan shpall si sh\u00ebmb\u00eblltyr\u00eb Sk\u00ebnderbeun, tjetri Zogun. Pse? Sepse vota e Einsteinit, vlen po aq sa vlen edhe vota e nj\u00eb bariu, q\u00eb gjendet \u201dbrinjave, \u00e7ukave, g\u00ebrxheve, kodrave dhe lumenjve t\u00eb kulluar\u2026\u201d<\/p>\n<p>Edhe nj\u00eb gj\u00eb mos harroni: Asnj\u00eb fjal\u00eb apo mendim pozitiv p\u00ebr Edi Ram\u00ebn apo p\u00ebr opozit\u00ebn. Edhe k\u00ebt\u00eb pyetje mos ia b\u00ebni. E di. N\u00eb Gjermani Krishtlindjet i urohen popullit nga qendra e pushtetit. Kancelarja dhe Kryetari i Gjermanis\u00eb nuk zhvesh pushtetin e fituar nga populli dhe nuk gjunj\u00ebzohet para nj\u00eb prifti apo hoxhe q\u00eb p\u00ebrfaq\u00ebson vet\u00ebm lut\u00ebsit e rregullt, por jo popullin. N\u00eb Ballkan, p\u00ebr dy apo tri vota, politikani degradon veten dhe me t\u00ebr\u00eb pushtetin veshur nga populli, shkon tek krye-eminenca, tek ambasadori i Zotit: Janutallosi apo tek Naim T\u00ebrnava dhe i urojn\u00eb popullit q\u00eb e ka \u201czgjedhur\u201d Krishtlindjet apo Bajramin.<\/p>\n<p>E b\u00ebjn\u00eb k\u00ebt\u00eb nga zyra e njeriut, q\u00eb nuk e ka votuar askush. Kaq Zoti Hans. Kur t\u00eb hyni n\u00eb zyr\u00ebn e Kryeministrit merrni me vete: nj\u00eb psikiat\u00ebr, nj\u00eb psikolog dhe nj\u00eb mentolog. Nj\u00ebri t\u00eb v\u00ebshtroj\u00eb gjuh\u00ebn e trupit, tjetri grimasat dhe i treti t\u2019 i analizoj\u00eb. Po, zoti Hans, po, g\u00ebnjen dhe rren\u00eb sapo ta hap goj\u00ebn. Edhe kur thot\u00eb mir\u00ebdita, shikojeni or\u00ebn, ju lutem, mund t\u00eb jet\u00eb mesnat\u00eb.<\/p>\n<p>Edhe nj\u00eb gj\u00eb harrova: fotografoni piramid\u00ebn. M\u00eb von\u00eb nuk do ta gjeni aty. Jo\u2026 Arsyeja \u00ebsht\u00eb e thjesht\u00eb edhe k\u00ebtu. Saliu \u00ebsht\u00eb traumatizuar nga piramidat q\u00eb kishte nd\u00ebrtuar m\u00eb her\u00ebt dhe tani urren \u00e7do piramid\u00eb. Madje, i ka ofruar ndihm\u00eb edhe vendeve arabe p\u00ebr ta nd\u00ebrtuar demokracin\u00eb, dmth. sillet e mb\u00ebshtillet se si t\u2019 i rr\u00ebnoj\u00eb edhe piramidat e Egjiptit.<\/p>\n<p>Jo, jo, mos b\u00ebni k\u00ebt\u00eb gabim ju lutem. Jo p\u00ebr dh\u00ebmb\u00ebt. Dh\u00ebmb\u00ebt ngjyr\u00eb kafeje jan\u00eb arma e tij. Po e di, e di se n\u00eb Gjermani qortohet prindi n\u00ebse n\u00eb \u201cKopshtin e F\u00ebmij\u00ebve \u201c nuk i lan\u00eb nj\u00ebri dh\u00ebmb\u00ebt, po, por Saliut i kan\u00eb vdekur prind\u00ebrit. \u00cbsht\u00eb jetim tani. Prandaj \u00ebsht\u00eb e kot\u00eb! Pastaj, ai me ata dh\u00ebmb\u00eb dhe me kollare n\u00eb qaf\u00eb, trishton kund\u00ebrshtar\u00ebt, sepse kur sheh njeriu dh\u00ebmb\u00ebt e tij, p\u00ebr nj\u00eb \u00e7ast, mendon se ka para vete nj\u00eb neandertaler, por kur i v\u00ebren kollaren, at\u00ebher\u00eb kthehet me shpejt\u00ebsi drite n\u00eb shekullin ton\u00eb: ky kolizion i mendimeve, ngjall\u00eb tmerr dhe dezorientim zoti Hans. Shkakton huti, zgurdullim, blackout, panik dhe ja pse ai ruan ata dh\u00ebmb\u00eb dhe nuk i ka lar\u00eb qysh nga nd\u00ebrrimi i rendit politik.<\/p>\n<p>Nuk i ka lar\u00eb, sepse Enveri ishte diktator dhe deri sa ishte sekretar i Partis\u00eb s\u00eb Pun\u00ebs, Saliu ishte i detyruar t\u2019 i laj\u00eb rregullisht dhe k\u00ebta dh\u00ebmb\u00eb sot sh\u00ebrbejn\u00eb p\u00ebr t\u00eb d\u00ebshmuar demokracin\u00eb dhe shk\u00ebputjen nga stalinizmi. Dhe, nuk i lan\u00eb p\u00ebr inat t\u00eb Enverit. Kjo \u00ebsht\u00eb nj\u00eb lloj proteste zoti Hans\u2026 E di, e di, mos e p\u00ebrs\u00ebritni ju lutem. E di se pastaj njer\u00ebzit n\u00eb Per\u00ebndim mendojn\u00eb se nuk kemi zbuluar akoma fur\u00e7\u00ebn, por nuk mund ta ndryshojm\u00eb. K\u00ebta dh\u00ebmb\u00eb kan\u00eb funksion politik t\u00eb brendsh\u00ebm\u2026<\/p>\n<p>Jo, jo, p\u00ebr kartolin\u00ebn cullak t\u00eb Edi Ram\u00ebs, mos thoni gj\u00eb. Ata jan\u00eb konservativ dhe nuk duan ta shohin gruan k\u00ebshtu t\u00eb zhveshur, jan\u00eb shum\u00eb t\u00eb moralsh\u00ebm. Ata edhe kur i b\u00ebjn\u00eb detyrat e sht\u00ebpis\u00eb, nuk zhvishen, thjesht nxjerrin lapsin jasht\u00eb nga nj\u00eb plas\u00eb dhe f\u00ebt e f\u00ebt i kryejn\u00eb detyrat ashtu n\u00eb k\u00ebmb\u00eb duke u par\u00eb n\u00eb sy me gruan. Ky v\u00ebshtrim reciprok, ndikon q\u00eb foshnja t\u00eb lindet me identitet komb\u00ebtar dhe t\u00eb djatht\u00eb, zoti Hans\u2026<\/p>\n","protected":false},"excerpt":{"rendered":"<p>Naser Aliu Thjesht nisuni nga rruga \u201cHamza Kastrioti\u201d dhe pas nja 700 metrave lakoni djathtas. Aty do t\u00eb shihni semaforin e par\u00eb. N\u00ebse \u00ebsht\u00eb i kuq dhe nuk ka makina tjera, vazhdoni; se a respektoni k\u00ebmb\u00ebsor\u00ebt, \u00ebsht\u00eb n\u00eb pushtetin Tuaj zoti Hans. Pasi ta keni l\u00ebn\u00eb pas vete semaforin, at\u00ebher\u00eb lakoni p\u00ebrs\u00ebri djathtas dhe do [&hellip;]<\/p>\n","protected":false},"author":1,"featured_media":0,"comment_status":"open","ping_status":"closed","sticky":false,"template":"","format":"standard","meta":{"footnotes":""},"categories":[2],"tags":[],"class_list":{"0":"post-943","1":"post","2":"type-post","3":"status-publish","4":"format-standard","6":"category-artikuj"},"yoast_head":"<!-- This site is optimized with the Yoast SEO plugin v27.4 - https:\/\/yoast.com\/product\/yoast-seo-wordpress\/ -->\n<title>Si mund t\u00eb arrihet tek Kulla e Berishajve? - FjALA e LIR\u00cb - Arkivi<\/title>\n<meta name=\"robots\" content=\"index, follow, max-snippet:-1, max-image-preview:large, max-video-preview:-1\" \/>\n<link rel=\"canonical\" href=\"https:\/\/fjala.info\/2009-2015\/si-mund-te-arrihet-tek-kulla-e-berishajve\/\" \/>\n<meta property=\"og:locale\" content=\"sq_AL\" \/>\n<meta property=\"og:type\" content=\"article\" \/>\n<meta property=\"og:title\" content=\"Si mund t\u00eb arrihet tek Kulla e Berishajve? - FjALA e LIR\u00cb - Arkivi\" \/>\n<meta property=\"og:description\" content=\"Naser Aliu Thjesht nisuni nga rruga \u201cHamza Kastrioti\u201d dhe pas nja 700 metrave lakoni djathtas. Aty do t\u00eb shihni semaforin e par\u00eb. N\u00ebse \u00ebsht\u00eb i kuq dhe nuk ka makina tjera, vazhdoni; se a respektoni k\u00ebmb\u00ebsor\u00ebt, \u00ebsht\u00eb n\u00eb pushtetin Tuaj zoti Hans. Pasi ta keni l\u00ebn\u00eb pas vete semaforin, at\u00ebher\u00eb lakoni p\u00ebrs\u00ebri djathtas dhe do [&hellip;]\" \/>\n<meta property=\"og:url\" content=\"https:\/\/fjala.info\/2009-2015\/si-mund-te-arrihet-tek-kulla-e-berishajve\/\" \/>\n<meta property=\"og:site_name\" content=\"FjALA e LIR\u00cb - Arkivi\" \/>\n<meta property=\"article:published_time\" content=\"2012-01-03T20:19:57+00:00\" \/>\n<meta property=\"og:image\" content=\"http:\/\/www.shkoder.net\/images\/fjala\/naser_aliu.jpg\" \/>\n<meta name=\"author\" content=\"admin\" \/>\n<meta name=\"twitter:card\" content=\"summary_large_image\" \/>\n<meta name=\"twitter:label1\" content=\"Written by\" \/>\n\t<meta name=\"twitter:data1\" content=\"admin\" \/>\n\t<meta name=\"twitter:label2\" content=\"Est. reading time\" \/>\n\t<meta name=\"twitter:data2\" content=\"9 minutes\" \/>\n<script type=\"application\/ld+json\" class=\"yoast-schema-graph\">{\"@context\":\"https:\\\/\\\/schema.org\",\"@graph\":[{\"@type\":\"Article\",\"@id\":\"https:\\\/\\\/fjala.info\\\/2009-2015\\\/si-mund-te-arrihet-tek-kulla-e-berishajve\\\/#article\",\"isPartOf\":{\"@id\":\"https:\\\/\\\/fjala.info\\\/2009-2015\\\/si-mund-te-arrihet-tek-kulla-e-berishajve\\\/\"},\"author\":{\"name\":\"admin\",\"@id\":\"https:\\\/\\\/fjala.info\\\/2009-2015\\\/#\\\/schema\\\/person\\\/3aa1163ef05469c496fc94e77611ada2\"},\"headline\":\"Si mund t\u00eb arrihet tek Kulla e Berishajve?\",\"datePublished\":\"2012-01-03T20:19:57+00:00\",\"mainEntityOfPage\":{\"@id\":\"https:\\\/\\\/fjala.info\\\/2009-2015\\\/si-mund-te-arrihet-tek-kulla-e-berishajve\\\/\"},\"wordCount\":1759,\"commentCount\":0,\"publisher\":{\"@id\":\"https:\\\/\\\/fjala.info\\\/2009-2015\\\/#organization\"},\"image\":{\"@id\":\"https:\\\/\\\/fjala.info\\\/2009-2015\\\/si-mund-te-arrihet-tek-kulla-e-berishajve\\\/#primaryimage\"},\"thumbnailUrl\":\"http:\\\/\\\/www.shkoder.net\\\/images\\\/fjala\\\/naser_aliu.jpg\",\"articleSection\":[\"Artikuj\"],\"inLanguage\":\"sq-AL\",\"potentialAction\":[{\"@type\":\"CommentAction\",\"name\":\"Comment\",\"target\":[\"https:\\\/\\\/fjala.info\\\/2009-2015\\\/si-mund-te-arrihet-tek-kulla-e-berishajve\\\/#respond\"]}]},{\"@type\":\"WebPage\",\"@id\":\"https:\\\/\\\/fjala.info\\\/2009-2015\\\/si-mund-te-arrihet-tek-kulla-e-berishajve\\\/\",\"url\":\"https:\\\/\\\/fjala.info\\\/2009-2015\\\/si-mund-te-arrihet-tek-kulla-e-berishajve\\\/\",\"name\":\"Si mund t\u00eb arrihet tek Kulla e Berishajve? - FjALA e LIR\u00cb - Arkivi\",\"isPartOf\":{\"@id\":\"https:\\\/\\\/fjala.info\\\/2009-2015\\\/#website\"},\"primaryImageOfPage\":{\"@id\":\"https:\\\/\\\/fjala.info\\\/2009-2015\\\/si-mund-te-arrihet-tek-kulla-e-berishajve\\\/#primaryimage\"},\"image\":{\"@id\":\"https:\\\/\\\/fjala.info\\\/2009-2015\\\/si-mund-te-arrihet-tek-kulla-e-berishajve\\\/#primaryimage\"},\"thumbnailUrl\":\"http:\\\/\\\/www.shkoder.net\\\/images\\\/fjala\\\/naser_aliu.jpg\",\"datePublished\":\"2012-01-03T20:19:57+00:00\",\"breadcrumb\":{\"@id\":\"https:\\\/\\\/fjala.info\\\/2009-2015\\\/si-mund-te-arrihet-tek-kulla-e-berishajve\\\/#breadcrumb\"},\"inLanguage\":\"sq-AL\",\"potentialAction\":[{\"@type\":\"ReadAction\",\"target\":[\"https:\\\/\\\/fjala.info\\\/2009-2015\\\/si-mund-te-arrihet-tek-kulla-e-berishajve\\\/\"]}]},{\"@type\":\"ImageObject\",\"inLanguage\":\"sq-AL\",\"@id\":\"https:\\\/\\\/fjala.info\\\/2009-2015\\\/si-mund-te-arrihet-tek-kulla-e-berishajve\\\/#primaryimage\",\"url\":\"http:\\\/\\\/www.shkoder.net\\\/images\\\/fjala\\\/naser_aliu.jpg\",\"contentUrl\":\"http:\\\/\\\/www.shkoder.net\\\/images\\\/fjala\\\/naser_aliu.jpg\"},{\"@type\":\"BreadcrumbList\",\"@id\":\"https:\\\/\\\/fjala.info\\\/2009-2015\\\/si-mund-te-arrihet-tek-kulla-e-berishajve\\\/#breadcrumb\",\"itemListElement\":[{\"@type\":\"ListItem\",\"position\":1,\"name\":\"Home\",\"item\":\"https:\\\/\\\/fjala.info\\\/2009-2015\\\/\"},{\"@type\":\"ListItem\",\"position\":2,\"name\":\"Si mund t\u00eb arrihet tek Kulla e Berishajve?\"}]},{\"@type\":\"WebSite\",\"@id\":\"https:\\\/\\\/fjala.info\\\/2009-2015\\\/#website\",\"url\":\"https:\\\/\\\/fjala.info\\\/2009-2015\\\/\",\"name\":\"FjALA e LIR\u00cb - Arkivi\",\"description\":\"Arkivi 2009-2015\",\"publisher\":{\"@id\":\"https:\\\/\\\/fjala.info\\\/2009-2015\\\/#organization\"},\"potentialAction\":[{\"@type\":\"SearchAction\",\"target\":{\"@type\":\"EntryPoint\",\"urlTemplate\":\"https:\\\/\\\/fjala.info\\\/2009-2015\\\/?s={search_term_string}\"},\"query-input\":{\"@type\":\"PropertyValueSpecification\",\"valueRequired\":true,\"valueName\":\"search_term_string\"}}],\"inLanguage\":\"sq-AL\"},{\"@type\":\"Organization\",\"@id\":\"https:\\\/\\\/fjala.info\\\/2009-2015\\\/#organization\",\"name\":\"FjALA e LIR\u00cb - Arkivi\",\"url\":\"https:\\\/\\\/fjala.info\\\/2009-2015\\\/\",\"logo\":{\"@type\":\"ImageObject\",\"inLanguage\":\"sq-AL\",\"@id\":\"https:\\\/\\\/fjala.info\\\/2009-2015\\\/#\\\/schema\\\/logo\\\/image\\\/\",\"url\":\"\",\"contentUrl\":\"\",\"caption\":\"FjALA e LIR\u00cb - Arkivi\"},\"image\":{\"@id\":\"https:\\\/\\\/fjala.info\\\/2009-2015\\\/#\\\/schema\\\/logo\\\/image\\\/\"}},{\"@type\":\"Person\",\"@id\":\"https:\\\/\\\/fjala.info\\\/2009-2015\\\/#\\\/schema\\\/person\\\/3aa1163ef05469c496fc94e77611ada2\",\"name\":\"admin\",\"image\":{\"@type\":\"ImageObject\",\"inLanguage\":\"sq-AL\",\"@id\":\"https:\\\/\\\/fjala.info\\\/2009-2015\\\/wp-content\\\/uploads\\\/2012\\\/02\\\/arben_cokaj-120x150.jpg\",\"url\":\"https:\\\/\\\/fjala.info\\\/2009-2015\\\/wp-content\\\/uploads\\\/2012\\\/02\\\/arben_cokaj-120x150.jpg\",\"contentUrl\":\"https:\\\/\\\/fjala.info\\\/2009-2015\\\/wp-content\\\/uploads\\\/2012\\\/02\\\/arben_cokaj-120x150.jpg\",\"caption\":\"admin\"},\"description\":\"Admin, Fjala e Lir\u00eb\",\"sameAs\":[\"https:\\\/\\\/fjala.info\\\/\"],\"url\":\"https:\\\/\\\/fjala.info\\\/2009-2015\\\/author\\\/admin\\\/\"}]}<\/script>\n<!-- \/ Yoast SEO plugin. -->","yoast_head_json":{"title":"Si mund t\u00eb arrihet tek Kulla e Berishajve? - FjALA e LIR\u00cb - Arkivi","robots":{"index":"index","follow":"follow","max-snippet":"max-snippet:-1","max-image-preview":"max-image-preview:large","max-video-preview":"max-video-preview:-1"},"canonical":"https:\/\/fjala.info\/2009-2015\/si-mund-te-arrihet-tek-kulla-e-berishajve\/","og_locale":"sq_AL","og_type":"article","og_title":"Si mund t\u00eb arrihet tek Kulla e Berishajve? - FjALA e LIR\u00cb - Arkivi","og_description":"Naser Aliu Thjesht nisuni nga rruga \u201cHamza Kastrioti\u201d dhe pas nja 700 metrave lakoni djathtas. Aty do t\u00eb shihni semaforin e par\u00eb. N\u00ebse \u00ebsht\u00eb i kuq dhe nuk ka makina tjera, vazhdoni; se a respektoni k\u00ebmb\u00ebsor\u00ebt, \u00ebsht\u00eb n\u00eb pushtetin Tuaj zoti Hans. Pasi ta keni l\u00ebn\u00eb pas vete semaforin, at\u00ebher\u00eb lakoni p\u00ebrs\u00ebri djathtas dhe do [&hellip;]","og_url":"https:\/\/fjala.info\/2009-2015\/si-mund-te-arrihet-tek-kulla-e-berishajve\/","og_site_name":"FjALA e LIR\u00cb - Arkivi","article_published_time":"2012-01-03T20:19:57+00:00","og_image":[{"url":"http:\/\/www.shkoder.net\/images\/fjala\/naser_aliu.jpg","type":"","width":"","height":""}],"author":"admin","twitter_card":"summary_large_image","twitter_misc":{"Written by":"admin","Est. reading time":"9 minutes"},"schema":{"@context":"https:\/\/schema.org","@graph":[{"@type":"Article","@id":"https:\/\/fjala.info\/2009-2015\/si-mund-te-arrihet-tek-kulla-e-berishajve\/#article","isPartOf":{"@id":"https:\/\/fjala.info\/2009-2015\/si-mund-te-arrihet-tek-kulla-e-berishajve\/"},"author":{"name":"admin","@id":"https:\/\/fjala.info\/2009-2015\/#\/schema\/person\/3aa1163ef05469c496fc94e77611ada2"},"headline":"Si mund t\u00eb arrihet tek Kulla e Berishajve?","datePublished":"2012-01-03T20:19:57+00:00","mainEntityOfPage":{"@id":"https:\/\/fjala.info\/2009-2015\/si-mund-te-arrihet-tek-kulla-e-berishajve\/"},"wordCount":1759,"commentCount":0,"publisher":{"@id":"https:\/\/fjala.info\/2009-2015\/#organization"},"image":{"@id":"https:\/\/fjala.info\/2009-2015\/si-mund-te-arrihet-tek-kulla-e-berishajve\/#primaryimage"},"thumbnailUrl":"http:\/\/www.shkoder.net\/images\/fjala\/naser_aliu.jpg","articleSection":["Artikuj"],"inLanguage":"sq-AL","potentialAction":[{"@type":"CommentAction","name":"Comment","target":["https:\/\/fjala.info\/2009-2015\/si-mund-te-arrihet-tek-kulla-e-berishajve\/#respond"]}]},{"@type":"WebPage","@id":"https:\/\/fjala.info\/2009-2015\/si-mund-te-arrihet-tek-kulla-e-berishajve\/","url":"https:\/\/fjala.info\/2009-2015\/si-mund-te-arrihet-tek-kulla-e-berishajve\/","name":"Si mund t\u00eb arrihet tek Kulla e Berishajve? - FjALA e LIR\u00cb - Arkivi","isPartOf":{"@id":"https:\/\/fjala.info\/2009-2015\/#website"},"primaryImageOfPage":{"@id":"https:\/\/fjala.info\/2009-2015\/si-mund-te-arrihet-tek-kulla-e-berishajve\/#primaryimage"},"image":{"@id":"https:\/\/fjala.info\/2009-2015\/si-mund-te-arrihet-tek-kulla-e-berishajve\/#primaryimage"},"thumbnailUrl":"http:\/\/www.shkoder.net\/images\/fjala\/naser_aliu.jpg","datePublished":"2012-01-03T20:19:57+00:00","breadcrumb":{"@id":"https:\/\/fjala.info\/2009-2015\/si-mund-te-arrihet-tek-kulla-e-berishajve\/#breadcrumb"},"inLanguage":"sq-AL","potentialAction":[{"@type":"ReadAction","target":["https:\/\/fjala.info\/2009-2015\/si-mund-te-arrihet-tek-kulla-e-berishajve\/"]}]},{"@type":"ImageObject","inLanguage":"sq-AL","@id":"https:\/\/fjala.info\/2009-2015\/si-mund-te-arrihet-tek-kulla-e-berishajve\/#primaryimage","url":"http:\/\/www.shkoder.net\/images\/fjala\/naser_aliu.jpg","contentUrl":"http:\/\/www.shkoder.net\/images\/fjala\/naser_aliu.jpg"},{"@type":"BreadcrumbList","@id":"https:\/\/fjala.info\/2009-2015\/si-mund-te-arrihet-tek-kulla-e-berishajve\/#breadcrumb","itemListElement":[{"@type":"ListItem","position":1,"name":"Home","item":"https:\/\/fjala.info\/2009-2015\/"},{"@type":"ListItem","position":2,"name":"Si mund t\u00eb arrihet tek Kulla e Berishajve?"}]},{"@type":"WebSite","@id":"https:\/\/fjala.info\/2009-2015\/#website","url":"https:\/\/fjala.info\/2009-2015\/","name":"FjALA e LIR\u00cb - Arkivi","description":"Arkivi 2009-2015","publisher":{"@id":"https:\/\/fjala.info\/2009-2015\/#organization"},"potentialAction":[{"@type":"SearchAction","target":{"@type":"EntryPoint","urlTemplate":"https:\/\/fjala.info\/2009-2015\/?s={search_term_string}"},"query-input":{"@type":"PropertyValueSpecification","valueRequired":true,"valueName":"search_term_string"}}],"inLanguage":"sq-AL"},{"@type":"Organization","@id":"https:\/\/fjala.info\/2009-2015\/#organization","name":"FjALA e LIR\u00cb - Arkivi","url":"https:\/\/fjala.info\/2009-2015\/","logo":{"@type":"ImageObject","inLanguage":"sq-AL","@id":"https:\/\/fjala.info\/2009-2015\/#\/schema\/logo\/image\/","url":"","contentUrl":"","caption":"FjALA e LIR\u00cb - Arkivi"},"image":{"@id":"https:\/\/fjala.info\/2009-2015\/#\/schema\/logo\/image\/"}},{"@type":"Person","@id":"https:\/\/fjala.info\/2009-2015\/#\/schema\/person\/3aa1163ef05469c496fc94e77611ada2","name":"admin","image":{"@type":"ImageObject","inLanguage":"sq-AL","@id":"https:\/\/fjala.info\/2009-2015\/wp-content\/uploads\/2012\/02\/arben_cokaj-120x150.jpg","url":"https:\/\/fjala.info\/2009-2015\/wp-content\/uploads\/2012\/02\/arben_cokaj-120x150.jpg","contentUrl":"https:\/\/fjala.info\/2009-2015\/wp-content\/uploads\/2012\/02\/arben_cokaj-120x150.jpg","caption":"admin"},"description":"Admin, Fjala e Lir\u00eb","sameAs":["https:\/\/fjala.info\/"],"url":"https:\/\/fjala.info\/2009-2015\/author\/admin\/"}]}},"_links":{"self":[{"href":"https:\/\/fjala.info\/2009-2015\/wp-json\/wp\/v2\/posts\/943","targetHints":{"allow":["GET"]}}],"collection":[{"href":"https:\/\/fjala.info\/2009-2015\/wp-json\/wp\/v2\/posts"}],"about":[{"href":"https:\/\/fjala.info\/2009-2015\/wp-json\/wp\/v2\/types\/post"}],"author":[{"embeddable":true,"href":"https:\/\/fjala.info\/2009-2015\/wp-json\/wp\/v2\/users\/1"}],"replies":[{"embeddable":true,"href":"https:\/\/fjala.info\/2009-2015\/wp-json\/wp\/v2\/comments?post=943"}],"version-history":[{"count":0,"href":"https:\/\/fjala.info\/2009-2015\/wp-json\/wp\/v2\/posts\/943\/revisions"}],"wp:attachment":[{"href":"https:\/\/fjala.info\/2009-2015\/wp-json\/wp\/v2\/media?parent=943"}],"wp:term":[{"taxonomy":"category","embeddable":true,"href":"https:\/\/fjala.info\/2009-2015\/wp-json\/wp\/v2\/categories?post=943"},{"taxonomy":"post_tag","embeddable":true,"href":"https:\/\/fjala.info\/2009-2015\/wp-json\/wp\/v2\/tags?post=943"}],"curies":[{"name":"wp","href":"https:\/\/api.w.org\/{rel}","templated":true}]}}