{"id":937,"date":"2012-01-03T11:34:18","date_gmt":"2012-01-03T10:34:18","guid":{"rendered":"http:\/\/fjala.shkoder.net\/?p=937"},"modified":"2012-01-03T11:34:18","modified_gmt":"2012-01-03T10:34:18","slug":"ngjarjet-qe-tronditen-shqiperine-vitin-qe-lame-pas","status":"publish","type":"post","link":"https:\/\/fjala.info\/2009-2015\/ngjarjet-qe-tronditen-shqiperine-vitin-qe-lame-pas\/","title":{"rendered":"Ngjarjet q\u00eb trondit\u00ebn Shqip\u00ebrin\u00eb vitin q\u00eb lam\u00eb pas"},"content":{"rendered":"<p><img decoding=\"async\" class=\"alignright size-thumbnail wp-image-7236\" title=\"Vrasja e Aleks Nik\u00ebs\" src=\"http:\/\/www.shkoder.net\/images\/fjala\/2011\/aleks_nika_vrare.jpg\" alt=\"\" width=\"300\" \/> <strong>TemA Online<\/strong>, <em>3 Janar 2012<\/em><\/p>\n<p>2011-a ishte nj\u00eb vit i v\u00ebshtir\u00eb p\u00ebr Shqip\u00ebrin\u00eb. Nisi duke trash\u00ebguar tensionin e r\u00ebnduar politik, i cili shp\u00ebrtheu m\u00eb 21 janar kur n\u00eb bulevardin kryesor t\u00eb Tran\u00ebs, kat\u00ebr manifestues t\u00eb opozit\u00ebs mbet\u00ebn t\u00eb vrar\u00eb pas p\u00ebrplasjeve me policin\u00eb.<\/p>\n<p>Publikimi i bised\u00ebs Meta prifti, kish qen\u00eb vet\u00ebm fitili q\u00eb e ndezi nj\u00eb situat\u00eb t\u00eb till\u00eb. Zgjedhjet e 8 majit u shfaq\u00ebn s\u00ebrish me probleme. N\u00eb Tiran\u00eb kandidati demokrat Lul\u00ebzim Basha mori drejtimin e Bashkis\u00eb pas nj\u00eb procesi t\u00eb gjat\u00eb e shum\u00eb t\u00eb debatura. T\u00eb gjith\u00eb k\u00ebta elemnt\u00eb nuk b\u00ebn\u00eb gj\u00eb tjet\u00ebr vecse e penguan procesin e integrimit t\u00eb Shqip\u00ebris\u00eb n\u00eb strukturat e BE. Brukseli i refuzoi p\u00ebr her\u00eb t\u00eb dyt\u00eb statusin e vendit kandidat Shqip\u00ebris\u00eb. Vet\u00ebm n\u00eb fund t\u00eb vjesht\u00ebs shumica dhe opozita do t\u00eb arrijn\u00eb nj\u00eb marr\u00ebveshje. N\u00eb 2012 mbetet p\u00ebr t\u2019u par\u00eb se sa jet\u00ebgjat\u00eb do t\u00eb jet\u00eb kjo marr\u00ebveshje mes tyre.<\/p>\n<p>VIDEO META-PRIFTI<\/p>\n<p>Ekzistenca e videos e cila do te publikohej nga Top Channel mbr\u00ebmjen e 11 janarit kishte kohe qe peshperitej. E regjistruar nga vet\u00eb ish ministri i Ekonomis\u00eb n\u00eb zyr\u00ebn e tij, ajo do t\u00eb p\u00ebrb\u00ebnte nj\u00eb akuz\u00eb t\u00eb fort\u00eb publike per z\u00ebvend\u00ebskryeministrin Ilir Meta q\u00eb kish z\u00ebn\u00eb po at\u00eb zyr\u00eb prej disa muajsh.<\/p>\n<p>N\u00eb bised\u00eb do t\u00eb p\u00ebrmenden p\u00ebrqindje apo shifra p\u00ebr 700 mij\u00eb euro q\u00eb sipas zotit Prifti i ishin ofruar n\u00eb k\u00ebmbim t\u00eb nje licence hidrocentrali. Zoti Meta do t\u00eb shfaqet t\u00eb nes\u00ebrmen i qeshur duke folur p\u00ebr shantazhe q\u00eb kishin nisur me koh\u00eb ndaj tij. Lidhur me shifrat e p\u00ebrmendura n\u00eb bised\u00eb ai tha se ishte d\u00ebmi q\u00eb i ishte krijuar kompanis\u00eb nga mohimi i licenc\u00ebs dhe se nuk shihte arsye p\u00ebr t\u00eb dh\u00ebn\u00eb dor\u00ebheqjen: \u201cUna do ta jap dor\u00ebheqjen, e kam premtuar, por m\u00eb 28 qershor 2013\u201d, deklaroi ai.<\/p>\n<p>Por n\u00eb fakt nuk u desh t\u00eb priten dy vjet, por vet\u00ebm dy dit\u00eb: \u201cJap dor\u00ebheqjen nga detyrat qeveritare\u201d, tha zoti Meta nga selia e partis\u00eb s\u00eb tij.<\/p>\n<p>Reagimi do t\u00eb jet\u00eb i fort\u00eb nga partia socialiste: \u201cEshte e padrejt\u00eb t\u00eb thuhet se n\u00eb at\u00eb episod t\u00eb neveritsh\u00ebm pazarll\u00ebku ishte vet\u00ebm Ilir Meta. Sot mund t\u00eb thuhet pa asnj\u00eb dyshim se aty ishte dhe Saliu dora vet\u00eb\u201d.<\/p>\n<p>Por kryeministri n\u00eb mbledhjen e qeveris\u00eb at\u00eb dit\u00eb nuk do e p\u00ebrmend fare c\u00ebshtjen, nd\u00ebrsa reagimi do vij\u00eb nga selia e partis\u00eb ku kryetari socialist do t\u00eb akuzohet p\u00ebr trukimin e videos. Zoti Berisha do t\u00eb flas\u00eb vet\u00ebm t\u00eb nes\u00ebrmen: \u201cNj\u00eb material i trukuar dhe i trukuar n\u00eb m\u00ebnyr\u00eb diletanteske\u201d deklaroi zoti Berisha.<\/p>\n<p>Kryeministri do t\u2019i q\u00ebndroj\u00eb n\u00eb krah zotit Meta. Nd\u00ebrsa kryetari socialist do t\u00eb shprehej se me situat\u00ebn e krijuar ishin kushtet \u201cp\u00ebr t\u00eb k\u00ebrkuar dor\u00ebheqjen e qeveris\u00eb dhe zgjidhjen e re politike q\u00eb do t\u2019I hap\u00eb rrug\u00eb zgjedhjeve t\u00eb reja\u201d.<\/p>\n<p>Por kryeministri do t\u00eb b\u00ebj\u00eb vet\u00ebm z\u00ebvend\u00ebsime me njer\u00ebzit e Lsi pa I prekur postet e dh\u00ebna k\u00ebsaj partie. Deklaratat dhe akuzat e nd\u00ebrsjella do t\u00eb vazhdojn\u00eb p\u00ebr disa dit\u00eb, por ato do t\u00eb kulmojn\u00eb n\u00eb sall\u00ebn e parlamentit m\u00eb 17 Janar.<\/p>\n<p>Prokuroria nd\u00ebrkoh\u00eb nisi menj\u00ebher\u00eb hetimet. M\u00eb 11 shkurt do t\u00eb k\u00ebrkohet heqja e imunitetit p\u00ebr zotin Meta por edhe p\u00ebr deputetin Prifti, n\u00eb kompjuterin personal t\u00eb t\u00eb cilit \u00ebsht\u00eb gjendur edhe nj\u00eb video tjet\u00ebr ku ai shihet t\u00eb ndaj\u00eb me ish z\u00ebvend\u00ebsministrin Leonard Beqiraj nj\u00eb shum\u00eb prej 70 mij\u00eb eurosh.<\/p>\n<p>M\u00eb 10 Maj dosja shkon n\u00eb gjykat\u00ebn e lart\u00eb. Ish z\u00ebvend\u00ebskryeministri Meta akuzohet p\u00ebr \u201ckorrupsion aktiv dhe abuzim me detyr\u00ebn\u201d. P\u00ebr hetimet do angazhohen edhe dy ekspert\u00eb t\u00eb huaj, sipas t\u00eb cil\u00ebve \u201cvideo nuk \u00ebsht\u00eb e manipuluar\u201d. Por ky vler\u00ebsim, pika e fort\u00eb e prokuroris\u00eb, do t\u00eb rr\u00ebzohet n\u00eb seancat e para t\u00eb procesit I cili do t\u00eb nis\u00eb n\u00eb Korrik. Kjo p\u00ebrb\u00ebn dhe kthes\u00ebn e fort\u00eb t\u00eb nj\u00eb procesi ku n\u00eb loj\u00eb \u00ebsht\u00eb dhe besueshm\u00ebria e bjerrur e Drejt\u00ebsis\u00eb. M\u00eb 16 shtator caktohen tre ekspert\u00eb t\u00eb rinj, shqiptar\u00eb, e kaluara profesionale e t\u00eb cil\u00ebve, sipas shtypit, linte shum\u00eb p\u00ebr t\u00eb d\u00ebshiruar. Ata do t\u00eb deklarojn\u00eb se ka mund\u00ebsi t\u00eb m\u00ebdha nd\u00ebrhyrjeje ne materialin video. Nd\u00ebrsa p\u00ebrvec zotit Prifti, d\u00ebshmitar\u00ebt e tjer\u00eb, biznesmen\u00ebt e lidhur me c\u00ebshtjet p\u00ebr t\u00eb cilat bisedohet n\u00eb materialin video, do t\u00eb mohojn\u00eb cdo variant ryshfeti apo ndarje p\u00ebrqindjesh.<\/p>\n<p>21 JANARI<\/p>\n<p>Publikimi I bised\u00ebs Meta Prifti, ishte vet\u00ebm shk\u00ebndija e cila n\u00eb fillim t\u00eb vitit b\u00ebri q\u00eb t\u00eb shp\u00ebrthente at\u00eb situat\u00eb t\u00eb majisur prej af\u00ebr 1 viti e gjys\u00ebm tensioni politik, me protesta, bojkot e greva urie t\u00eb opozit\u00ebs. Asambleja socialiste thirri protest\u00ebn e radh\u00ebs m\u00eb 21 janar. Nj\u00eb protest\u00eb e cila do t\u00eb paraprihej nga deklarata t\u00eb forta.<\/p>\n<p>\u201cS\u2019mund ta pengojm\u00eb dot m\u00eb popullin t\u00eb marr\u00eb n\u00eb dor\u00eb fatin e vet\u201d, deklaroi kryetari socialist Rama.<\/p>\n<p>\u201cCdokush q\u00eb shkel ligjin do t\u00eb p\u00ebrballet me forc\u00ebn e ligjit\u201d, do shprehej nga ana tjet\u00ebr Ministri I Brendsh\u00ebm Lulzim Basha.<\/p>\n<p>Rreth or\u00ebs 14 protestuesit e par\u00eb mb\u00ebrrijn\u00eb pran\u00eb kryeministris\u00eb e rrethuar nga nj\u00eb mur disa radh\u00ebsh forcash policie. Shum\u00eb shpejt qet\u00ebsia do t\u00eb prishet dhe situata do t\u00eb r\u00ebndohet me p\u00ebrplasje mes pal\u00ebsh.<\/p>\n<p>Policia p\u00ebr nj\u00eb moment t\u00ebrhiqet, nd\u00ebrs\u00eb n\u00eb oborrin e kryeministris\u00eb rreshtohet Garda dhe p\u00ebrdoren arm\u00ebt e zjarrit<\/p>\n<p>Bilanci do t\u00eb jet\u00eb tragjik 4 persona do t\u00eb mbeten t\u00eb vrar\u00eb, t\u00eb tjer\u00eb do t\u00eb plagosen nga plumbat, nd\u00ebrsa me von\u00eb sheshi do t\u00eb zbrazet dhe policia nuk do t\u00eb kursej\u00eb dor\u00ebn e fort\u00eb.<\/p>\n<p>Dhuna n\u00eb shesh do t\u00eb z\u00ebvend\u00ebsohet nga ajo verbale mes p\u00ebrfaq\u00ebsuesve politik<\/p>\n<p>\u201cInstitucionet e k\u00ebtij vendi, kurr\u00eb, nuk ka band\u00eb as bandit\u00eb, nuk ka puc as pucist, q\u00eb do t\u00eb mund t\u2019I marr\u00eb ato\u201d, deklaroi n\u00eb daljen e tij t\u00eb pare publike kryeministri Berisha.<\/p>\n<p>\u201cPasi t\u00eb nderojm\u00eb t\u00eb vrar\u00ebt n\u00eb nj\u00eb demonstrat\u00eb p\u00ebr lirin\u00eb dhe Drejt\u00ebsin\u00eb e siguroj Saliu se do t\u00eb na ket\u00eb p\u00ebrball\u00eb\u201d, u kund\u00ebrp\u00ebrgjigj zoti Rama.<\/p>\n<p>Mbi t\u00eb vrar\u00ebt p\u00ebr disa or\u00eb do t\u00eb ket\u00eb paqart\u00ebsi. \u201cT\u00eb dh\u00ebnat paraprake, t\u00eb ekspert\u00ebve dhe mjek\u00ebve t\u00eb reanimacionit \u00ebsht\u00eb se ata jan\u00eb q\u00eblluar nga af\u00ebr me arm\u00eb t\u00eb lehta\u201d, u shpreh kryeministri.<\/p>\n<p>Por n\u00eb mbr\u00ebmje von\u00eb, pamjet e transmetuara nga Ne\u00ebs 24 I dhan\u00eb nj\u00eb kthes\u00eb zhvillimeve dhe n\u00ebn akuz\u00eb direkte u vu Garda e republikes. \u201cUn\u00eb e akuzoj direkt Sali Berish\u00ebn si orkestruesin politik t\u00eb k\u00ebsaj kasaphane. Por tani pas provave, fakteve e grupfakteve q\u00eb sapo pam\u00eb e disponojm\u00eb nga kjo dit\u00eb tragjike, un\u00eb akuzoj Lul\u00ebzim Bash\u00ebn si njeriun q\u00eb duhet t\u00eb p\u00ebrgjigjet p\u00ebrpara ligjit p\u00ebr shp\u00ebrdroim detyre me pasoj\u00eb vrasjen e tre njer\u00ebzve\u201d., u shpreh pak pas mesnat\u00ebs kryetari socialist.<\/p>\n<p>Dit\u00ebt e m\u00ebpasshme do t\u00eb sh\u00ebnohen nga nj\u00eb retorik\u00eb tejet e ashp\u00ebr.<\/p>\n<p>\u201cMjeran mos guxo. Kaq t\u00eb them\u201d, deklaroi zoti Berisha duke ju drejtuar kryetarit t\u00eb opozit\u00ebs.<\/p>\n<p>\u201cKryeministria u kthye n\u00eb nj\u00eb llogore grykash zjarri duke nxjerr n\u00eb pah plot\u00ebsisht dor\u00ebn kriminale t\u00eb k\u00ebtij rregjimi vrastar\u201d, u shpreh zoti Rama.<\/p>\n<p>N\u00eb nj\u00eb grusht shteti mund t\u00eb vriteshin tre, mund t\u00eb vriteshin shum\u00eb m\u00eb tep\u00ebr, mund t\u00eb mos vritje njeri. N\u00ebse prek m\u00eb institucionet do t\u00eb jet\u00eb ai dhe vet\u00ebm ai kryebandiditi q\u00eb do t\u00eb marr\u00eb t\u00eb gjith\u00eb koston e tyre. Askush tjet\u00ebr\u201d, paralajm\u00ebroi kryeminisri n\u00eb mbledhjen e qeveris\u00eb.<\/p>\n<p>\u201cRetorika fashiste e Saliut ndaj opozit\u00ebs nuk cudit ask\u00ebnd dhe nuk tremb as pulat n\u00eb Vucidol\u201d, u kund\u00ebrp\u00ebrgjigj Rama.<\/p>\n<p>Diplomacia nd\u00ebrkomb\u00ebtare do t\u00eb vihet me urgjenc\u00eb n\u00eb l\u00ebvizje. Shtetet e Bashkuara dhe Bashkimi europian do t\u00eb koordinojn\u00eb veprimet duke d\u00ebrguar disa her\u00eb n\u00eb Tiran\u00eb p\u00ebrfaq\u00ebsues t\u00eb tyre t\u00eb lart\u00eb. Situata rrezikon t\u00eb p\u00ebrkeq\u00ebsohet.T\u00eb dy pal\u00ebt kan\u00eb njoftuar p\u00ebr manifestime.N\u00ebn trysnin\u00eb nd\u00ebrkomb\u00ebtare kryeministri t\u00ebrhiqet, duke marr\u00eb vler\u00ebsimin si \u201cBurr\u00eb shteti\u201d nga ambasadori amerikan Aleksand\u00ebr Arvizu. Opozita nuk b\u00ebn pas. Manifestimi i dyt\u00eb i saj do t\u00eb zhvillohet m\u00eb 28 Janar, n\u00eb heshtje dhe paq\u00ebsisht .<\/p>\n<p>Situata \u00ebsht\u00eb ende e nder\u00eb. Sulmeve t\u00eb forta t\u00eb shumic\u00ebs nuk I shp\u00ebton as Prokurorja e p\u00ebrgjithshme e cila kishte urdh\u00ebruar arrestimin e 6 drejtuesve t\u00eb lart\u00eb t\u00eb Gard\u00ebs s\u00eb republik\u00ebs. Policia p\u00ebr dit\u00eb t\u00eb t\u00ebra nuk pranon t\u00eb zbatoj\u00eb urdh\u00ebrin. Ata do t\u00eb ndalohen shum\u00eb koh\u00eb m\u00eb pas. Disa do t\u00eb lirohen dhe vet\u00ebm nj\u00ebri do t\u00eb mbetet n\u00eb qeli, oficeri i cili u dallua n\u00eb pamjet televizive. N\u00eb krah t\u00eb kryeprokurores Ina Rama do t\u00eb shfaqet ambasadori amerikan. Nd\u00ebrkomb\u00ebtar\u00ebt i japin mb\u00ebshtetje hetimeve t\u00eb pavarura, e po ashtu edhe presidentit Topi i cili ashtu si dhe kryeprokurorja u cil\u00ebsuan si pjes\u00eb e pucit. \u201cAta q\u00eb flasin p\u00ebr ngjarje bulevardi nuk jan\u00eb gj\u00eb tjet\u00ebr vecse, m\u00eb falni p\u00ebr shprehjen, horrat dhe laviret e bulevardit\u201d, deklaroi Kryeministri nj\u00eb nj\u00eb konferenc\u00eb shtypi.<\/p>\n<p>Shumica do t\u00eb k\u00ebrkoj\u00eb m\u00eb tej q\u00eb ata t\u00eb hetohen nga Komisioni parlamentar I ngritur nga dy dit\u00eb pas ngjarjes. Presidenti refuzon n\u00eb m\u00ebnyr\u00eb kategorike paraqitjen, si nj\u00eb shkelje t\u00eb kushtetut\u00ebs. Kryeprokurorja do t\u00eb shkoj\u00eb p\u00ebr pak minuta m\u00eb 2 shkurt. \u201cUn\u00eb nuk mund t\u2019u p\u00ebrgjigjem pyetjeve tuaja n\u00eb funksion t\u00eb hetimit t\u00eb k\u00ebtij komisioni\u201d, tha kryeprokurorja duke l\u00ebn\u00eb m\u00eb pas sall\u00ebn.<\/p>\n<p>Komisioni k\u00ebrkon tabulatet telefonike, p\u00ebrfshir\u00eb edhe t\u00eb nj\u00eb grupi gazetar\u00ebsh. Por do t\u00eb t\u00ebrhiqet nga kjo ide, sikund\u00ebr edhe nga vrulli me t\u00eb cilin nisi aktivitetin, por duke qen\u00eb formalisht funksional edhe sot e k\u00ebsaj dite. M\u00eb 15 dhjetor parlamenti ja zgjati s\u00ebrish mandatin, nd\u00ebrkoh\u00eb q\u00eb as prokuroria nuk ka mbyllur dosjen, madje ka deklaruar dhe se hetimet jan\u00eb penguar dhe pritet t\u00eb ngrej\u00eb tre akuza, mes t\u00eb cilave edhe nj\u00eb p\u00ebr manipulim t\u00eb provave apo t\u00eb dh\u00ebnave t\u00eb hetimit<\/p>\n<p>ZGJEDHJET E 8 MAJIT<\/p>\n<p>Ngjarjet e 21 Janarit vet\u00ebm sa e r\u00ebnduan situat\u00ebn q\u00eb I paraprinte zgjedhjeve vendore. Socialist\u00ebt k\u00ebmb\u00ebngulnin se nuk mund t\u00eb b\u00ebhej fjal\u00eb p\u00ebr zgjedhje n\u00eb nj\u00eb situat\u00eb t\u00eb till\u00eb duke k\u00ebrkuar si zgjidhje zgjedhjet e parakohshme. Nj\u00eb ide e cila nuk u mb\u00ebshtet nga nd\u00ebrkomb\u00ebtar\u00ebt t\u00eb angazhuar n\u00eb nd\u00ebrmjet\u00ebsimin e kriz\u00ebs. Madje zgjedhjet e 8 majit u pan\u00eb si nj\u00eb mund\u00ebsi q\u00eb vendi t\u00eb kthente faqe<\/p>\n<p>Nd\u00ebrsa p\u00ebr nj\u00eb reform\u00eb zgjedhore as q\u00eb b\u00ebhej fjal\u00eb, socialist\u00ebt p\u00ebr nj\u00eb koh\u00eb t\u00eb gjat\u00eb luajt\u00ebn me nj\u00eb q\u00ebndrim t\u00eb dyzuar: \u201cBojkoti i zgjedhjeve nga ana e opozit\u00ebs \u00ebsht\u00eb nj\u00eb \u00ebnd\u00ebrr q\u00eb Saliu Ilir dhe kusar\u00ebt me radh\u00eb \u00ebsht\u00eb nj\u00eb \u00ebnd\u00ebrr q\u00eb e shohin prej koh\u00ebsh, por nuk do t\u00eb b\u00ebhet realitet. Ne e kemi b\u00ebr\u00eb t\u00eb qart\u00eb se n\u00eb k\u00ebto kushte zgjedhjet nuk mund t\u00eb zhvillohen\u201d, deklaroi m\u00eb 1 mars kryetari socialist.<\/p>\n<p>Mund\u00ebsia e shtyrjes s\u00eb zgjedhjeve gjithashtu ishte nj\u00eb variant q\u00eb nuk u p\u00ebrkrah nga nd\u00ebrkomb\u00ebtar\u00ebt, nd\u00ebrsa shumica ishte kategorikisht kund\u00ebr. \u201cZgjedhjet do t\u00eb b\u00ebhen m\u00eb 8 aj dhe nuk do t\u00eb ket\u00eb forc\u00eb q\u00eb do mund\u00eb t\u2019i zhvendos\u00eb ato\u201d, p\u00ebrs\u00ebriti disa her\u00eb kryeministri Berisha.<\/p>\n<p>Data e zgjedhjeve do t\u00eb afrohet mes v\u00ebshtir\u00ebsive t\u00eb shumta. Komisioni q\u00ebndror prej koh\u00ebsh ishte pa tre an\u00ebtar\u00ebt q\u00eb p\u00ebrfaq\u00ebsonin opozit\u00ebn, vonesa pati n\u00eb regjistrime, dhe akuzat p\u00ebr manipulime nuk munguan. \u201cZgjedhjet e 8 majit jan\u00eb plot\u00ebsisht n\u00eb rrezik\u201d, paralajm\u00ebroi zoti Rama m\u00eb 22 mars.<\/p>\n<p>Socialist\u00ebt u p\u00ebrpoq\u00ebn t\u00eb merrnin disa garanci duke k\u00ebrkuar t\u00eb kishin listat e votuesve n\u00eb dispozicion, mund\u00ebsi p\u00ebr verfikimin e kartave t\u00eb identitetit apo t\u00eb drejt\u00ebn e cdo partie p\u00ebr hetimin e kutive pas zgjedhjeve. Edhe nj\u00eb tryez\u00eb mes dy kampeve d\u00ebshtoi pik\u00ebrisht prej k\u00ebrkes\u00ebs p\u00ebr k\u00ebto garanci.<\/p>\n<p>Trysnia nd\u00ebrkomb\u00ebtare ghjat\u00eb gjith\u00eb koh\u00ebs ka qen\u00eb shum\u00eb e lart\u00eb, vecan\u00ebrisht nga Brukseli i cili p\u00ebrs\u00ebriste r\u00ebnd\u00ebsin\u00eb e procesit zgjedhor p\u00ebr integrimin.<\/p>\n<p>Megjith\u00eb peripecit\u00eb, fushata zgjedhore do t\u00eb nis\u00eb. Ajo do t\u00eb paraprihet nga situata t\u00eb shumta tensioni n\u00eb zona t\u00eb ndryshme t\u00eb vendit. N\u00eb qend\u00ebr do t\u00eb mbetet dueli i madh p\u00ebr Tiran\u00ebn. Demokrat\u00ebt e kishin shpallur prej koh\u00ebsh kandidatin e tyre Lul\u00ebzim Basha dhe e zyrtarizuan at\u00eb m\u00eb 25 mars. Gjat\u00eb gjith\u00eb fushat\u00ebs kryeministri nuk do shfaqet asnj\u00ebher\u00eb n\u00eb Tiran\u00eb. Zoti Basha shmangu debatin politik: \u201cZgjidhni alternativ\u00ebn q\u00eb ju vends ju t\u00eb par\u00ebt, Tran\u00ebn t\u00eb par\u00ebn\u201d, do t\u00eb ftont\u00eb votuesit ai n\u00eb hapje t\u00eb fushat\u00ebs. Publikisht zhvillon nj\u00eb fushat\u00eb larg ekspon\u00ebnt\u00ebve t\u00eb partis\u00eb e strukturave t\u00eb saj, t\u00eb cilat megjithat\u00eb i dhan\u00eb mb\u00ebshtetjen m\u00eb t\u00eb madhe q\u00eb kish patur m\u00eb par\u00eb ndonj\u00eb kandidat tjet\u00ebr.<\/p>\n<p>Zoti Rama e mori vendimin n\u00eb fund t\u00eb marsit, p\u00ebr t\u00eb rikandiduar p\u00ebr her\u00eb t\u00eb kat\u00ebrt dhe do t\u00eb nd\u00ebrtoj\u00eb fushat\u00ebn me nj\u00eb theks t\u00eb fort\u00eb politik, jo vet\u00ebm n\u00eb Tiran\u00eb: \u201cNJ\u00eb l\u00ebvizje t\u00eb re demokratike q\u00eb do ta udh\u00ebheqim pa asnj\u00eb ngurim duke i b\u00ebr\u00eb thirrje popullit, hapur, qart\u00eb, troc, q\u00eb t\u00eb d\u00ebboj\u00eb qeverin\u00eb nj\u00ebsoj si regjimet q\u00eb pengojn \u00eb demokracin\u00eb t\u00eb b\u00ebj\u00eb pun\u00ebn e saj\u201d, tha zoti Rama n\u00eb takimin hap\u00ebs s\u00eb fushat\u00ebs.<\/p>\n<p>N\u00eb fillim ai do t\u00eb p\u00ebrpiqet ta injoroj\u00eb rivalin e tij, por m\u00eb pas dhe ai do t\u00eb hyj\u00eb n\u00eb betej\u00ebn e premtimeve dhe projekteve. Socialist\u00ebt do t\u00eb ofrojn\u00eb nj\u00eb pakt m\u00eb qyetar\u00ebt<\/p>\n<p>8 Maji kaloi p\u00ebrgjith\u00ebsisht qet\u00eb dhe vler\u00ebsimi i v\u00ebzhguesve nd\u00ebrkomb\u00ebtar\u00eb do t\u00eb ishte zse \u201czgjedhjet u u zhvilluan n\u00eb m\u00ebnyr\u00eb transparente dhe konkurruese\u201d. Socialist\u00ebt regjistrojn\u00eb fitore n\u00eb qyetet kryesore t\u00eb vendit madje dhe n\u00eb bastione demokrate.<\/p>\n<p>Por beteja e Tiran\u00ebs do t\u00eb shfaqej tep\u00ebr e komplikuar. Num\u00ebrimi do t\u00eb zgjas\u00eb. Avantazhi i dit\u00ebve t\u00eb para i zotit Rama do t\u00eb tkurret dhe deri n\u00eb fund t\u00eb gar\u00ebs zoti Basha do t\u00eb jet\u00eb n\u00eb ep\u00ebrsi, e cila vjen e zbehet duke u ngushtuar n\u00eb pak vota.Gjithshka do t\u00eb vendoset n\u00eb kutin\u00eb e fundit n\u00eb nj\u00ebsin\u00eb 5 m\u00eb 14 maj, pas or\u00ebsh nervash e tensioni. Zoti Rama rezulton me 10 vota diferenc\u00eb dhe shpall fitoren. \u201cP\u00ebr mua ishin vet\u00ebm 10 vota, p\u00ebr t\u00eb gjith\u00eb ata q\u00eb luftuan me mua ishte nota 10\u201d, tha zoti Rama para mb\u00ebhstet\u00ebsve t\u00eb tij n\u00eb selin\u00eb e partis\u00eb socialiste.<\/p>\n<p>P\u00ebr zotin Basha loja nuk mund t\u00eb quhet e mbyllur: \u201cKQZ po p\u00ebrllogarit rezultatin final dhe akoma nuk e dim\u00eb se kush \u00ebsht\u00eb fituesi\u201d.<\/p>\n<p>N\u00eb t\u00eb v\u00ebert\u00ebt gara do t\u00eb rihapet pas k\u00ebtij momenti. Mbr\u00ebmjen e asaj dite, nd\u00ebrsa vazhdonte num\u00ebrimi p\u00ebr minibashkit\u00eb, p\u00ebrfaq\u00ebsuesit demokrat\u00eb nis\u00ebn t\u00eb k\u00ebrkonin q\u00eb votat e hedhura n\u00eb kutit\u00eb e gabuara, t\u00eb cilat deri at\u00ebher\u00eb, sipas raportit t\u00eb Odihr, ishin vler\u00ebsuar t\u00eb pavlefshme, t\u00eb mos konsideroheshin m\u00eb t\u00eb tilla. Kjo do t\u00eb kthehej n\u00eb nj\u00eb k\u00ebrkes\u00eb zyrtare dhe p\u00ebr komisionin q\u00ebndror, kryetari i t\u00eb cilit propozon m\u00eb 17 maj nj\u00eb projektvendim p\u00ebr k\u00ebt\u00eb. P\u00ebr v\u00ebzhguesit nd\u00ebrkomb\u00ebtar projektvendimi i cili nuk ju b\u00eb publik pal\u00ebve nuk kishte nj\u00eb baz\u00eb t\u00eb qart\u00eb ligjore. M\u00eb 18 maj \u201cKomisioni filloi hapjen e kutive t\u00eb votimit menj\u00ebher\u00eb pas votimit t\u00eb vendimit n\u00eb parim cka tregon se kutit\u00eb ishin sjell\u00eb q\u00eb m\u00eb par\u00eb n\u00eb ambientet e KQZ\u201d do vler\u00ebsonte m\u00eb pas misioni i v\u00ebzhguesve.<\/p>\n<p>Socialist\u00ebt protestojn\u00eb ashp\u00ebr. \u201cKurr\u00eb, askush nuk und ta p\u00ebrmbys\u00eb rezultatin n\u00eb tavolin\u00eb p\u00ebrmes rrug\u00ebsh qorre q\u00eb vet\u00ebm do fusnin vendin n\u00eb nj\u00eb tat\u00ebpjet\u00eb shum t\u00eb rrezikshme\u201d, reagon zoti Rama.<\/p>\n<p>Hija e nj\u00eb kthimi t\u00eb rreziksh\u00ebm pas mbret\u00ebron. Deputet\u00ebt socialist\u00eb jan\u00eb n\u00eb krye t\u00eb protestave p\u00ebrpara Komisionit q\u00ebndror, nd\u00ebrsa n\u00eb qytete t\u00eb ndryshme t\u00eb vendit bllokohen akset rrugore.<\/p>\n<p>Nd\u00ebrkomb\u00ebtar\u00ebt nd\u00ebrhyjn\u00eb s\u00ebrish. Opozita do t\u00eb t\u00ebrhiqet, por procesi i nisur nga komisioni q\u00ebndror i zgjedhjeve vazhdon n\u00eb rrjedh\u00ebn e nisur. Megjith\u00eb kund\u00ebrshtit\u00eb e shumta, m\u00eb 23 maj Kqz shpalli rezultatet zyrtare t\u00eb gar\u00ebs, ku zoti Basha kishte nj\u00eb avantazh prej 81 votash dhe shpallet fitues.<\/p>\n<p>\u201cTurp, nuk ka m\u00eb turp\u201d u shpreh zoti Rama. Nd\u00ebrsa rivali i tij, zoti Basha, deklaron se \u201cun\u00eb do t\u00eb pres deri n\u00eb p\u00ebrfundimin e procesit\u201d.<\/p>\n<p>Procesi do t\u00eb zgjas\u00eb edhe disa jav\u00eb. Socialist\u00ebt b\u00ebjn\u00eb nj\u00eb seri ankimesh. E para do t\u00eb rr\u00ebzohet m\u00eb 3 Qershor. Kolegji do t\u00eb urdh\u00ebroj\u00eb m\u00eb 13 qershor, pas ankimit t\u00eb dyt\u00eb, rinum\u00ebrimin e t\u00eb gjith\u00eb kutive. Shifrat do t\u00eb ndryshojn\u00eb me pak. Zoti Basha merr edhe disa vota t\u00eb tjera. Nd\u00ebrsa ankimimi I tret\u00eb p\u00ebr diferencat n\u00eb shifra ku rezultonin 870 vota m\u00eb shum\u00eb se votues rr\u00ebzohet m\u00eb 8 korrik dhe c\u00ebshtja nuk u gjykua n\u00eb themel \u201cp\u00ebr shkak t\u00eb kalimit t\u00eb afatit ligjor t\u00eb padis\u00eb me objekt pavlefshm\u00ebrin\u00eb\u201d. P\u00ebr kryetarin socialist Rama \u201cdrejt\u00ebsia n\u00eb Shqip\u00ebri ka vdekur\u201d.<\/p>\n<p>Vler\u00ebsimi i v\u00ebzhguesve nd\u00ebrkomb\u00ebtar p\u00ebr k\u00ebt\u00eb faz\u00eb t\u00eb procesit do t\u00eb jet\u00eb kritik si ndaj KQZ ashtu dhe ndaj Kolegjit<\/p>\n<p>N\u00eb mbr\u00ebmje n\u00eb selin\u00eb e PD do t\u00eb shp\u00ebrthejn\u00eb fishekzjarret. Demokrat\u00ebt kan\u00eb fituar shumic\u00ebn e minibashkkive n\u00eb kryeqytet, nd\u00ebrkoh\u00eb q\u00eb i g\u00ebzohen diferenc\u00ebs s\u00eb thell\u00eb n\u00eb num\u00ebr votash n\u00eb rang vendi si koalicion. M\u00eb 25 korrik Zoti Basha hyri n\u00eb Bashki dhe b\u00ebri betimin si drejtuesi i ri i kryeqytetit.<\/p>\n<p>BE-ja, INTEGRIMI<\/p>\n<p>Vendimi i tetorit i Komisionit europian p\u00ebr Shqip\u00ebrin\u00eb ishte nj\u00eb refuzim i paraljm\u00ebruar. Ng\u00ebrci i gjat\u00eb politik kishte l\u00ebn\u00eb pasoja t\u00eb forta dhe asnj\u00eb nga 12 rekomandimet e Brukselit nuk ishte p\u00ebrmbushur. Vet\u00ebm n\u00eb fund t\u00eb vjesht\u00ebs, n\u00ebn trysnin\u00eb, po t\u00eb BE, pal\u00ebt n\u00eb Shqip\u00ebri duket se kuptuan se nuk mund t\u00eb vazhdonin pa fund n\u00eb k\u00ebt\u00eb gjendje dhe arrit\u00ebn nj\u00eb marr\u00ebveshje t\u00eb par\u00eb mes tyre.<\/p>\n<p>Zhvillimet kritike n\u00eb Shqip\u00ebri rrit\u00ebn v\u00ebmendjen e Brukselit, kryesisht p\u00ebr t\u00eb parandaluar p\u00ebrkeq\u00ebsimin e m\u00ebtejsh\u00ebm t\u00eb situat\u00ebs duke nxitur pal\u00ebt q\u00eb t\u00eb fokusoheshin t\u00eb p\u00ebrpar\u00ebsit e procesit t\u00eb integrimit dhe 12 objektivat e l\u00ebna detyr\u00eb q\u00eb vitin e shkuar. P\u00ebrfaq\u00ebsues t\u00eb niveleve t\u00eb larta t\u00eb Bashkimit europian do t\u00eb vizitojn\u00eb shpesh Tiran\u00ebn, nd\u00ebrsa mungesa e sinjaleve shpres\u00ebdh\u00ebn\u00ebse nga politika shqiptare dhe komplikimi i procesit zgjedhor n\u00eb kryeqytet b\u00ebn\u00eb q\u00eb presidenti i Komisionit europian Jose Manuel Barroso, t\u00eb anullonte vizit\u00ebn e parashikuar m\u00eb 20 maj. P\u00ebr Shqip\u00ebrin\u00eb do t\u00eb diskutohet n\u00eb nivele t\u00eb larta t\u00eb Brukselit si dhe n\u00eb parlamentin europian.<\/p>\n<p>Rr\u00ebzimi p\u00ebr her\u00eb t\u00eb dyt\u00eb i dh\u00ebnies s\u00eb Statusit t\u00eb vendit kandidat n\u00eb tetor nuk habiti ask\u00ebnd<\/p>\n<p>\u201cN\u00eb Shqip\u00ebri p\u00ebrparimi u pengua nga vazhdimi i ng\u00ebrcit dhe zhvillime t\u00eb tjera konfrontuese\u201d, tha komisioneri p\u00ebr Zgjerimin Stefan Fyle duke lezuar vendimin p\u00ebr Shqip\u00ebrin\u00eb.<\/p>\n<p>Komisioni do t\u00eb vler\u00ebsoj\u00eb se Shqip\u00ebria nuk ka p\u00ebrmbushur asnj\u00eb prej 12 kritereve.<\/p>\n<p>Nd\u00ebrkoh\u00eb disa sinjale pozitive kishin nisur t\u00eb shfaqeshin. \u201cBojkoti e ka kryer misionin e vet\u201d.<\/p>\n<p>N\u00eb asamblen\u00eb e 2 Korrikut zoti Rama do t\u00eb flas\u00eb p\u00ebr nj\u00eb kurs t\u00eb ri politik. N\u00eb shtator socialist\u00ebt do t\u00eb prezantojn\u00eb nj\u00eb pakt me 10 pika. \u201cPropozoj nj\u00eb pakt p\u00ebr Shqip\u00ebrin\u00eb si gjith\u00eb Europa\u201d. Nj\u00eb propozim i till ishte b\u00ebr\u00eb pak dit\u00eb m\u00eb par\u00eb nga dy ministrat e jasht\u00ebm t\u00eb Italis\u00eb dhe Greqis\u00eb q\u00eb vizituan Tiran\u00ebn m\u00eb 12 Shtator.<\/p>\n<p>Socialist\u00ebt ofrojn\u00eb bashk\u00ebpunimin p\u00ebr realizimin e nj\u00eb serie reformash, p\u00ebrfshir\u00eb edhe ndryshimet n\u00eb kushtetut\u00eb. Por shumica \u00ebsht\u00eb kategorikisht kund\u00ebr. \u201cAtyre q\u00eb b\u00ebrtasin t\u00eb ndryshojn\u00eb kushtett\u00ebn sa her\u00eb u l\u00ebviz karrikja, atyre u them se ky vend ka nevoj\u00eb t\u00eb zbatoj\u00eb kushtetut\u00ebn\u201d, deklaroi kryeministri Berisha. Demokrat\u00ebt do t\u00eb pranojn\u00eb vet\u00ebm realizimin e reform\u00ebs zgjedhore dhe ndryshimet n\u00eb regulloren e parlamentit. N\u00ebn trysnin\u00eb e komisionit europian marr\u00ebveshja do t\u00eb vij\u00eb disa jav\u00eb m\u00eb von\u00eb. Do t\u00eb ngrihet komisioni i reform\u00ebs dhe ai p\u00ebr rregulloren, si dhe p\u00ebrcaktohet nj\u00eb kalendar p\u00ebr ligjet me tre t\u00eb pestat. Disa miratohen n\u00eb parlament. N\u00eb komisionin e Integrimit pal\u00ebt bien dakort p\u00ebr rishikimin e Planit t\u00eb Veprimit nd\u00ebrsa n\u00eb fund t\u00eb dhjetorit do t\u00eb em\u00ebrohet me konsensus dhe avokati i popullit i propozuar nga socialist\u00ebt.\/VOA<\/p>\n","protected":false},"excerpt":{"rendered":"<p>TemA Online, 3 Janar 2012 2011-a ishte nj\u00eb vit i v\u00ebshtir\u00eb p\u00ebr Shqip\u00ebrin\u00eb. Nisi duke trash\u00ebguar tensionin e r\u00ebnduar politik, i cili shp\u00ebrtheu m\u00eb 21 janar kur n\u00eb bulevardin kryesor t\u00eb Tran\u00ebs, kat\u00ebr manifestues t\u00eb opozit\u00ebs mbet\u00ebn t\u00eb vrar\u00eb pas p\u00ebrplasjeve me policin\u00eb. Publikimi i bised\u00ebs Meta prifti, kish qen\u00eb vet\u00ebm fitili q\u00eb e ndezi [&hellip;]<\/p>\n","protected":false},"author":1,"featured_media":0,"comment_status":"open","ping_status":"closed","sticky":false,"template":"","format":"standard","meta":{"footnotes":""},"categories":[2],"tags":[],"class_list":{"0":"post-937","1":"post","2":"type-post","3":"status-publish","4":"format-standard","6":"category-artikuj"},"yoast_head":"<!-- This site is optimized with the Yoast SEO plugin v27.4 - https:\/\/yoast.com\/product\/yoast-seo-wordpress\/ -->\n<title>Ngjarjet q\u00eb trondit\u00ebn Shqip\u00ebrin\u00eb vitin q\u00eb lam\u00eb pas - FjALA e LIR\u00cb - Arkivi<\/title>\n<meta name=\"robots\" content=\"index, follow, max-snippet:-1, max-image-preview:large, max-video-preview:-1\" \/>\n<link rel=\"canonical\" href=\"https:\/\/fjala.info\/2009-2015\/ngjarjet-qe-tronditen-shqiperine-vitin-qe-lame-pas\/\" \/>\n<meta property=\"og:locale\" content=\"sq_AL\" \/>\n<meta property=\"og:type\" content=\"article\" \/>\n<meta property=\"og:title\" content=\"Ngjarjet q\u00eb trondit\u00ebn Shqip\u00ebrin\u00eb vitin q\u00eb lam\u00eb pas - FjALA e LIR\u00cb - Arkivi\" \/>\n<meta property=\"og:description\" content=\"TemA Online, 3 Janar 2012 2011-a ishte nj\u00eb vit i v\u00ebshtir\u00eb p\u00ebr Shqip\u00ebrin\u00eb. Nisi duke trash\u00ebguar tensionin e r\u00ebnduar politik, i cili shp\u00ebrtheu m\u00eb 21 janar kur n\u00eb bulevardin kryesor t\u00eb Tran\u00ebs, kat\u00ebr manifestues t\u00eb opozit\u00ebs mbet\u00ebn t\u00eb vrar\u00eb pas p\u00ebrplasjeve me policin\u00eb. Publikimi i bised\u00ebs Meta prifti, kish qen\u00eb vet\u00ebm fitili q\u00eb e ndezi [&hellip;]\" \/>\n<meta property=\"og:url\" content=\"https:\/\/fjala.info\/2009-2015\/ngjarjet-qe-tronditen-shqiperine-vitin-qe-lame-pas\/\" \/>\n<meta property=\"og:site_name\" content=\"FjALA e LIR\u00cb - Arkivi\" \/>\n<meta property=\"article:published_time\" content=\"2012-01-03T10:34:18+00:00\" \/>\n<meta property=\"og:image\" content=\"http:\/\/www.shkoder.net\/images\/fjala\/2011\/aleks_nika_vrare.jpg\" \/>\n<meta name=\"author\" content=\"admin\" \/>\n<meta name=\"twitter:card\" content=\"summary_large_image\" \/>\n<meta name=\"twitter:label1\" content=\"Written by\" \/>\n\t<meta name=\"twitter:data1\" content=\"admin\" \/>\n\t<meta name=\"twitter:label2\" content=\"Est. reading time\" \/>\n\t<meta name=\"twitter:data2\" content=\"18 minutes\" \/>\n<script type=\"application\/ld+json\" class=\"yoast-schema-graph\">{\"@context\":\"https:\\\/\\\/schema.org\",\"@graph\":[{\"@type\":\"Article\",\"@id\":\"https:\\\/\\\/fjala.info\\\/2009-2015\\\/ngjarjet-qe-tronditen-shqiperine-vitin-qe-lame-pas\\\/#article\",\"isPartOf\":{\"@id\":\"https:\\\/\\\/fjala.info\\\/2009-2015\\\/ngjarjet-qe-tronditen-shqiperine-vitin-qe-lame-pas\\\/\"},\"author\":{\"name\":\"admin\",\"@id\":\"https:\\\/\\\/fjala.info\\\/2009-2015\\\/#\\\/schema\\\/person\\\/3aa1163ef05469c496fc94e77611ada2\"},\"headline\":\"Ngjarjet q\u00eb trondit\u00ebn Shqip\u00ebrin\u00eb vitin q\u00eb lam\u00eb pas\",\"datePublished\":\"2012-01-03T10:34:18+00:00\",\"mainEntityOfPage\":{\"@id\":\"https:\\\/\\\/fjala.info\\\/2009-2015\\\/ngjarjet-qe-tronditen-shqiperine-vitin-qe-lame-pas\\\/\"},\"wordCount\":3567,\"commentCount\":0,\"publisher\":{\"@id\":\"https:\\\/\\\/fjala.info\\\/2009-2015\\\/#organization\"},\"image\":{\"@id\":\"https:\\\/\\\/fjala.info\\\/2009-2015\\\/ngjarjet-qe-tronditen-shqiperine-vitin-qe-lame-pas\\\/#primaryimage\"},\"thumbnailUrl\":\"http:\\\/\\\/www.shkoder.net\\\/images\\\/fjala\\\/2011\\\/aleks_nika_vrare.jpg\",\"articleSection\":[\"Artikuj\"],\"inLanguage\":\"sq-AL\",\"potentialAction\":[{\"@type\":\"CommentAction\",\"name\":\"Comment\",\"target\":[\"https:\\\/\\\/fjala.info\\\/2009-2015\\\/ngjarjet-qe-tronditen-shqiperine-vitin-qe-lame-pas\\\/#respond\"]}]},{\"@type\":\"WebPage\",\"@id\":\"https:\\\/\\\/fjala.info\\\/2009-2015\\\/ngjarjet-qe-tronditen-shqiperine-vitin-qe-lame-pas\\\/\",\"url\":\"https:\\\/\\\/fjala.info\\\/2009-2015\\\/ngjarjet-qe-tronditen-shqiperine-vitin-qe-lame-pas\\\/\",\"name\":\"Ngjarjet q\u00eb trondit\u00ebn Shqip\u00ebrin\u00eb vitin q\u00eb lam\u00eb pas - FjALA e LIR\u00cb - Arkivi\",\"isPartOf\":{\"@id\":\"https:\\\/\\\/fjala.info\\\/2009-2015\\\/#website\"},\"primaryImageOfPage\":{\"@id\":\"https:\\\/\\\/fjala.info\\\/2009-2015\\\/ngjarjet-qe-tronditen-shqiperine-vitin-qe-lame-pas\\\/#primaryimage\"},\"image\":{\"@id\":\"https:\\\/\\\/fjala.info\\\/2009-2015\\\/ngjarjet-qe-tronditen-shqiperine-vitin-qe-lame-pas\\\/#primaryimage\"},\"thumbnailUrl\":\"http:\\\/\\\/www.shkoder.net\\\/images\\\/fjala\\\/2011\\\/aleks_nika_vrare.jpg\",\"datePublished\":\"2012-01-03T10:34:18+00:00\",\"breadcrumb\":{\"@id\":\"https:\\\/\\\/fjala.info\\\/2009-2015\\\/ngjarjet-qe-tronditen-shqiperine-vitin-qe-lame-pas\\\/#breadcrumb\"},\"inLanguage\":\"sq-AL\",\"potentialAction\":[{\"@type\":\"ReadAction\",\"target\":[\"https:\\\/\\\/fjala.info\\\/2009-2015\\\/ngjarjet-qe-tronditen-shqiperine-vitin-qe-lame-pas\\\/\"]}]},{\"@type\":\"ImageObject\",\"inLanguage\":\"sq-AL\",\"@id\":\"https:\\\/\\\/fjala.info\\\/2009-2015\\\/ngjarjet-qe-tronditen-shqiperine-vitin-qe-lame-pas\\\/#primaryimage\",\"url\":\"http:\\\/\\\/www.shkoder.net\\\/images\\\/fjala\\\/2011\\\/aleks_nika_vrare.jpg\",\"contentUrl\":\"http:\\\/\\\/www.shkoder.net\\\/images\\\/fjala\\\/2011\\\/aleks_nika_vrare.jpg\"},{\"@type\":\"BreadcrumbList\",\"@id\":\"https:\\\/\\\/fjala.info\\\/2009-2015\\\/ngjarjet-qe-tronditen-shqiperine-vitin-qe-lame-pas\\\/#breadcrumb\",\"itemListElement\":[{\"@type\":\"ListItem\",\"position\":1,\"name\":\"Home\",\"item\":\"https:\\\/\\\/fjala.info\\\/2009-2015\\\/\"},{\"@type\":\"ListItem\",\"position\":2,\"name\":\"Ngjarjet q\u00eb trondit\u00ebn Shqip\u00ebrin\u00eb vitin q\u00eb lam\u00eb pas\"}]},{\"@type\":\"WebSite\",\"@id\":\"https:\\\/\\\/fjala.info\\\/2009-2015\\\/#website\",\"url\":\"https:\\\/\\\/fjala.info\\\/2009-2015\\\/\",\"name\":\"FjALA e LIR\u00cb - Arkivi\",\"description\":\"Arkivi 2009-2015\",\"publisher\":{\"@id\":\"https:\\\/\\\/fjala.info\\\/2009-2015\\\/#organization\"},\"potentialAction\":[{\"@type\":\"SearchAction\",\"target\":{\"@type\":\"EntryPoint\",\"urlTemplate\":\"https:\\\/\\\/fjala.info\\\/2009-2015\\\/?s={search_term_string}\"},\"query-input\":{\"@type\":\"PropertyValueSpecification\",\"valueRequired\":true,\"valueName\":\"search_term_string\"}}],\"inLanguage\":\"sq-AL\"},{\"@type\":\"Organization\",\"@id\":\"https:\\\/\\\/fjala.info\\\/2009-2015\\\/#organization\",\"name\":\"FjALA e LIR\u00cb - Arkivi\",\"url\":\"https:\\\/\\\/fjala.info\\\/2009-2015\\\/\",\"logo\":{\"@type\":\"ImageObject\",\"inLanguage\":\"sq-AL\",\"@id\":\"https:\\\/\\\/fjala.info\\\/2009-2015\\\/#\\\/schema\\\/logo\\\/image\\\/\",\"url\":\"\",\"contentUrl\":\"\",\"caption\":\"FjALA e LIR\u00cb - Arkivi\"},\"image\":{\"@id\":\"https:\\\/\\\/fjala.info\\\/2009-2015\\\/#\\\/schema\\\/logo\\\/image\\\/\"}},{\"@type\":\"Person\",\"@id\":\"https:\\\/\\\/fjala.info\\\/2009-2015\\\/#\\\/schema\\\/person\\\/3aa1163ef05469c496fc94e77611ada2\",\"name\":\"admin\",\"image\":{\"@type\":\"ImageObject\",\"inLanguage\":\"sq-AL\",\"@id\":\"https:\\\/\\\/fjala.info\\\/2009-2015\\\/wp-content\\\/uploads\\\/2012\\\/02\\\/arben_cokaj-120x150.jpg\",\"url\":\"https:\\\/\\\/fjala.info\\\/2009-2015\\\/wp-content\\\/uploads\\\/2012\\\/02\\\/arben_cokaj-120x150.jpg\",\"contentUrl\":\"https:\\\/\\\/fjala.info\\\/2009-2015\\\/wp-content\\\/uploads\\\/2012\\\/02\\\/arben_cokaj-120x150.jpg\",\"caption\":\"admin\"},\"description\":\"Admin, Fjala e Lir\u00eb\",\"sameAs\":[\"https:\\\/\\\/fjala.info\\\/\"],\"url\":\"https:\\\/\\\/fjala.info\\\/2009-2015\\\/author\\\/admin\\\/\"}]}<\/script>\n<!-- \/ Yoast SEO plugin. -->","yoast_head_json":{"title":"Ngjarjet q\u00eb trondit\u00ebn Shqip\u00ebrin\u00eb vitin q\u00eb lam\u00eb pas - FjALA e LIR\u00cb - Arkivi","robots":{"index":"index","follow":"follow","max-snippet":"max-snippet:-1","max-image-preview":"max-image-preview:large","max-video-preview":"max-video-preview:-1"},"canonical":"https:\/\/fjala.info\/2009-2015\/ngjarjet-qe-tronditen-shqiperine-vitin-qe-lame-pas\/","og_locale":"sq_AL","og_type":"article","og_title":"Ngjarjet q\u00eb trondit\u00ebn Shqip\u00ebrin\u00eb vitin q\u00eb lam\u00eb pas - FjALA e LIR\u00cb - Arkivi","og_description":"TemA Online, 3 Janar 2012 2011-a ishte nj\u00eb vit i v\u00ebshtir\u00eb p\u00ebr Shqip\u00ebrin\u00eb. Nisi duke trash\u00ebguar tensionin e r\u00ebnduar politik, i cili shp\u00ebrtheu m\u00eb 21 janar kur n\u00eb bulevardin kryesor t\u00eb Tran\u00ebs, kat\u00ebr manifestues t\u00eb opozit\u00ebs mbet\u00ebn t\u00eb vrar\u00eb pas p\u00ebrplasjeve me policin\u00eb. Publikimi i bised\u00ebs Meta prifti, kish qen\u00eb vet\u00ebm fitili q\u00eb e ndezi [&hellip;]","og_url":"https:\/\/fjala.info\/2009-2015\/ngjarjet-qe-tronditen-shqiperine-vitin-qe-lame-pas\/","og_site_name":"FjALA e LIR\u00cb - Arkivi","article_published_time":"2012-01-03T10:34:18+00:00","og_image":[{"url":"http:\/\/www.shkoder.net\/images\/fjala\/2011\/aleks_nika_vrare.jpg","type":"","width":"","height":""}],"author":"admin","twitter_card":"summary_large_image","twitter_misc":{"Written by":"admin","Est. reading time":"18 minutes"},"schema":{"@context":"https:\/\/schema.org","@graph":[{"@type":"Article","@id":"https:\/\/fjala.info\/2009-2015\/ngjarjet-qe-tronditen-shqiperine-vitin-qe-lame-pas\/#article","isPartOf":{"@id":"https:\/\/fjala.info\/2009-2015\/ngjarjet-qe-tronditen-shqiperine-vitin-qe-lame-pas\/"},"author":{"name":"admin","@id":"https:\/\/fjala.info\/2009-2015\/#\/schema\/person\/3aa1163ef05469c496fc94e77611ada2"},"headline":"Ngjarjet q\u00eb trondit\u00ebn Shqip\u00ebrin\u00eb vitin q\u00eb lam\u00eb pas","datePublished":"2012-01-03T10:34:18+00:00","mainEntityOfPage":{"@id":"https:\/\/fjala.info\/2009-2015\/ngjarjet-qe-tronditen-shqiperine-vitin-qe-lame-pas\/"},"wordCount":3567,"commentCount":0,"publisher":{"@id":"https:\/\/fjala.info\/2009-2015\/#organization"},"image":{"@id":"https:\/\/fjala.info\/2009-2015\/ngjarjet-qe-tronditen-shqiperine-vitin-qe-lame-pas\/#primaryimage"},"thumbnailUrl":"http:\/\/www.shkoder.net\/images\/fjala\/2011\/aleks_nika_vrare.jpg","articleSection":["Artikuj"],"inLanguage":"sq-AL","potentialAction":[{"@type":"CommentAction","name":"Comment","target":["https:\/\/fjala.info\/2009-2015\/ngjarjet-qe-tronditen-shqiperine-vitin-qe-lame-pas\/#respond"]}]},{"@type":"WebPage","@id":"https:\/\/fjala.info\/2009-2015\/ngjarjet-qe-tronditen-shqiperine-vitin-qe-lame-pas\/","url":"https:\/\/fjala.info\/2009-2015\/ngjarjet-qe-tronditen-shqiperine-vitin-qe-lame-pas\/","name":"Ngjarjet q\u00eb trondit\u00ebn Shqip\u00ebrin\u00eb vitin q\u00eb lam\u00eb pas - FjALA e LIR\u00cb - Arkivi","isPartOf":{"@id":"https:\/\/fjala.info\/2009-2015\/#website"},"primaryImageOfPage":{"@id":"https:\/\/fjala.info\/2009-2015\/ngjarjet-qe-tronditen-shqiperine-vitin-qe-lame-pas\/#primaryimage"},"image":{"@id":"https:\/\/fjala.info\/2009-2015\/ngjarjet-qe-tronditen-shqiperine-vitin-qe-lame-pas\/#primaryimage"},"thumbnailUrl":"http:\/\/www.shkoder.net\/images\/fjala\/2011\/aleks_nika_vrare.jpg","datePublished":"2012-01-03T10:34:18+00:00","breadcrumb":{"@id":"https:\/\/fjala.info\/2009-2015\/ngjarjet-qe-tronditen-shqiperine-vitin-qe-lame-pas\/#breadcrumb"},"inLanguage":"sq-AL","potentialAction":[{"@type":"ReadAction","target":["https:\/\/fjala.info\/2009-2015\/ngjarjet-qe-tronditen-shqiperine-vitin-qe-lame-pas\/"]}]},{"@type":"ImageObject","inLanguage":"sq-AL","@id":"https:\/\/fjala.info\/2009-2015\/ngjarjet-qe-tronditen-shqiperine-vitin-qe-lame-pas\/#primaryimage","url":"http:\/\/www.shkoder.net\/images\/fjala\/2011\/aleks_nika_vrare.jpg","contentUrl":"http:\/\/www.shkoder.net\/images\/fjala\/2011\/aleks_nika_vrare.jpg"},{"@type":"BreadcrumbList","@id":"https:\/\/fjala.info\/2009-2015\/ngjarjet-qe-tronditen-shqiperine-vitin-qe-lame-pas\/#breadcrumb","itemListElement":[{"@type":"ListItem","position":1,"name":"Home","item":"https:\/\/fjala.info\/2009-2015\/"},{"@type":"ListItem","position":2,"name":"Ngjarjet q\u00eb trondit\u00ebn Shqip\u00ebrin\u00eb vitin q\u00eb lam\u00eb pas"}]},{"@type":"WebSite","@id":"https:\/\/fjala.info\/2009-2015\/#website","url":"https:\/\/fjala.info\/2009-2015\/","name":"FjALA e LIR\u00cb - Arkivi","description":"Arkivi 2009-2015","publisher":{"@id":"https:\/\/fjala.info\/2009-2015\/#organization"},"potentialAction":[{"@type":"SearchAction","target":{"@type":"EntryPoint","urlTemplate":"https:\/\/fjala.info\/2009-2015\/?s={search_term_string}"},"query-input":{"@type":"PropertyValueSpecification","valueRequired":true,"valueName":"search_term_string"}}],"inLanguage":"sq-AL"},{"@type":"Organization","@id":"https:\/\/fjala.info\/2009-2015\/#organization","name":"FjALA e LIR\u00cb - Arkivi","url":"https:\/\/fjala.info\/2009-2015\/","logo":{"@type":"ImageObject","inLanguage":"sq-AL","@id":"https:\/\/fjala.info\/2009-2015\/#\/schema\/logo\/image\/","url":"","contentUrl":"","caption":"FjALA e LIR\u00cb - Arkivi"},"image":{"@id":"https:\/\/fjala.info\/2009-2015\/#\/schema\/logo\/image\/"}},{"@type":"Person","@id":"https:\/\/fjala.info\/2009-2015\/#\/schema\/person\/3aa1163ef05469c496fc94e77611ada2","name":"admin","image":{"@type":"ImageObject","inLanguage":"sq-AL","@id":"https:\/\/fjala.info\/2009-2015\/wp-content\/uploads\/2012\/02\/arben_cokaj-120x150.jpg","url":"https:\/\/fjala.info\/2009-2015\/wp-content\/uploads\/2012\/02\/arben_cokaj-120x150.jpg","contentUrl":"https:\/\/fjala.info\/2009-2015\/wp-content\/uploads\/2012\/02\/arben_cokaj-120x150.jpg","caption":"admin"},"description":"Admin, Fjala e Lir\u00eb","sameAs":["https:\/\/fjala.info\/"],"url":"https:\/\/fjala.info\/2009-2015\/author\/admin\/"}]}},"_links":{"self":[{"href":"https:\/\/fjala.info\/2009-2015\/wp-json\/wp\/v2\/posts\/937","targetHints":{"allow":["GET"]}}],"collection":[{"href":"https:\/\/fjala.info\/2009-2015\/wp-json\/wp\/v2\/posts"}],"about":[{"href":"https:\/\/fjala.info\/2009-2015\/wp-json\/wp\/v2\/types\/post"}],"author":[{"embeddable":true,"href":"https:\/\/fjala.info\/2009-2015\/wp-json\/wp\/v2\/users\/1"}],"replies":[{"embeddable":true,"href":"https:\/\/fjala.info\/2009-2015\/wp-json\/wp\/v2\/comments?post=937"}],"version-history":[{"count":0,"href":"https:\/\/fjala.info\/2009-2015\/wp-json\/wp\/v2\/posts\/937\/revisions"}],"wp:attachment":[{"href":"https:\/\/fjala.info\/2009-2015\/wp-json\/wp\/v2\/media?parent=937"}],"wp:term":[{"taxonomy":"category","embeddable":true,"href":"https:\/\/fjala.info\/2009-2015\/wp-json\/wp\/v2\/categories?post=937"},{"taxonomy":"post_tag","embeddable":true,"href":"https:\/\/fjala.info\/2009-2015\/wp-json\/wp\/v2\/tags?post=937"}],"curies":[{"name":"wp","href":"https:\/\/api.w.org\/{rel}","templated":true}]}}