{"id":930,"date":"2011-12-31T11:13:33","date_gmt":"2011-12-31T10:13:33","guid":{"rendered":"http:\/\/fjala.shkoder.net\/?p=930"},"modified":"2011-12-31T11:13:33","modified_gmt":"2011-12-31T10:13:33","slug":"gjashte-aleksandret-e-sali-berishes","status":"publish","type":"post","link":"https:\/\/fjala.info\/2009-2015\/gjashte-aleksandret-e-sali-berishes\/","title":{"rendered":"Gjasht\u00eb \u201cAleksandr\u00ebt\u201d e Sali Berish\u00ebs"},"content":{"rendered":"<p><img decoding=\"async\" class=\"alignleft size-thumbnail wp-image-7236\" title=\"Arvizu - Berisha\" src=\"http:\/\/www.shkoder.net\/2012\/arvizu_berisha.jpg\" alt=\"\" width=\"300\" \/> Nga <strong>Kledian Lula<\/strong>, <em>31 Dhjetor 2011<\/em><\/p>\n<p>Jan\u00eb 6 personazhe publike n\u00eb Shqip\u00ebri, t\u00eb cil\u00ebt n\u00eb profilin e tyre, kan\u00eb si detaje interesante e kuptimplote edhe pjes\u00eb nga personaliteti i kryeministrit Sali Berisha. Lidhjet e personalitetit t\u00eb Saliut me k\u00ebt\u00eb 6 personazh\u00eb publik jan\u00eb vendosur e kan\u00eb vijuar n\u00eb koh\u00eb dhe situata t\u00eb ndryshme, madje dhe dramtike, por t\u00eb gjith\u00eb k\u00ebto lidhje, kan\u00eb nj\u00eb pik\u00eb takimi, kan\u00eb nj\u00eb tregues t\u00eb p\u00ebrbashk\u00ebt: Pabesin\u00eb, karrierizmin, intrig\u00ebn, krimin p\u00ebr pushtet, pazaret dhe servilizmin.<\/p>\n<p><strong>ALEKSAND\u00cbR MEKSI<\/strong><\/p>\n<p>Nj\u00eb ish-figur\u00eb e njohur dhe potenciale kryesore e L\u00ebvizjes s\u00eb Dhjetorit \u201890, i futur direkt n\u00eb k\u00ebt\u00eb l\u00ebvizje prej shpirtit t\u00eb tij anti-komunist dhe jo si p\u00ebrzgjedhje e ish-byros\u00eb politike dhe ish-sigurimit t\u00eb shtetit. Themelues dhe drejtues i par\u00eb i PDSH. Lidhja e Sali Berish\u00ebs me k\u00ebt\u00eb Aleksand\u00ebr, q\u00ebndron n\u00eb faktin se ky \u00ebsht\u00eb \u201cviktim\u00eb\u201d e intrigave t\u00eb Sali Berish\u00ebs, duke e spostuar nga drejtimi PDSH me prapaskena, presione, pazare, vota t\u00eb manipuluara. Ky mision i Berish\u00ebs p\u00ebr t\u00eb spostuar Aleksand\u00ebr Meksin, u realizua prej \u201cdesantit\u201d Sali Berisha n\u00eb l\u00ebvizjen studentore dhe PD, me mb\u00ebshtetjen e plot\u00eb t\u00eb ish-sigurimit t\u00eb shtetit n\u00eb k\u00ebto intriga p\u00ebr uzurpimin e kreut t\u00eb PDSH.<\/p>\n<p><strong>ALEKSAND\u00cbR SALLABANDA<\/strong><\/p>\n<p>Figur\u00eb e njohur intelektuale n\u00eb Tiran\u00eb. Ish-koleg n\u00eb mjek\u00ebsi dhe n\u00ebbot\u00ebn akademike me Sali Berish\u00ebn. Lidhja e Sali berish\u00ebs me k\u00ebt Aleksand\u00ebr, q\u00ebndron n\u00eb faktin, se ky njeh me detaje gjith\u00eb \u201cveprimtarin\u00eb e zez\u00eb\u201d t\u00eb Sali Berish\u00ebs n\u00eb 25 vitet si komunist, si ish-spiun sigurimi, si an\u00ebtar kryesie fronti n\u00eb lagje, si si an\u00ebtar i gjykat\u00ebs popullore e komitetit t\u00eb d\u00ebbim internimeve n\u00eb Tiran\u00eb, si p\u00ebrgjues, denoncues e d\u00ebshmitar gjyqesh politike, si dhunues i student\u00ebve q\u00eb ndiqnin mod\u00ebn per\u00ebndimore, si persekutor i koleg\u00ebve, si mjek i bllokut komunist, si pedagog dhe sekretar i PPSH. N\u00eb zbatim t\u00eb parimit t\u00eb tij t\u00eb joshjes s\u00eb atyre q\u00eb i b\u00ebhen penges\u00ebm, ose e rrezikojn\u00eb n\u00eb karrier\u00eb dhe p\u00ebrfitime personale, SALIU p\u00ebr t\u00eb frenuar \u201cgoj\u00ebn\u201d e k\u00ebtij Aleksandri q\u00eb t\u00eb mos i publikonte b\u00ebmat e atyre viteve t\u00eb \u201cvigjilenc\u00ebs revolucionare\u201d, Saliu e shp\u00ebrbleu me postin e ambasadorit t\u00eb Shqip\u00ebris\u00eb n\u00eb SHBA.<\/p>\n<p><strong>ALEKSAND\u00cbR BIBERAJ<\/strong><\/p>\n<p>Figur\u00eb me profil t\u00eb kompletuar e progresist n\u00eb PD, q\u00eb prej themelimit t\u00eb saj. Edhe pse tropojan, edhe pse intelektual potencial, edhe pse figur\u00eb e past\u00ebr publike, ky Aleksand\u00ebr nuk i shp\u00ebtoi dot prapaskenave, intrigave dhe goditjes eleminuse t\u00eb \u201cprofesor intrig\u00ebs\u201d Sali Berisha. Lidhja e Saliut me k\u00ebt\u00eb Aleksand\u00ebr, q\u00ebndron n\u00eb faktin, se ky k\u00ebrkoi prej pushtetit \u201cSALI-JOZEFIN\u00cb\u201d, q\u00eb t\u00eb zbatohej e t\u00eb b\u00ebhej ligj n\u00eb parlament, rekomandimi i KiE dhe BE, p\u00ebr hapjen e dosjeve t\u00eb figurave publike, qeveritare e politike ish-spiun\u00eb t\u00eb sigurimit t\u00eb shtetit n\u00eb Shqip\u00ebri. K\u00ebt\u00eb \u201chapje dosjesh\u201d e mbylli me marifete \u201cklienti\u201d i mir\u00ebnjohur i k\u00ebtyre dosjeve, dora vet \u201cFryma\u201d dhe \u201cMedicina\u201d SALI RAM BERISHA, duke iu v\u00ebrsulur Aleksand\u00ebr Biberajt, me shpifje, me prapaskena e me vota \u201cushtar\u00ebsh\u201d t\u00eb PD, deri n\u00eb shkarkim e p\u00ebrjashtim t\u00eb tij nga strukturat drejtuese t\u00eb PD.<\/p>\n<p><strong>ALEKSAND\u00cbR NIKA<\/strong><\/p>\n<p>N\u00ebse nuk do t\u00eb gjendej p\u00ebrball\u00eb bulevardit t\u00eb selis\u00eb s\u00eb kryeministris\u00eb dit\u00ebn e protest\u00ebs s\u00eb 21 janarit 2011, ky Aleksand\u00ebr (ndjes\u00eb past\u00eb) do t\u00eb ishte gjall\u00eb dhe sot, pra do t\u00eb ishte duke festuar VITIN e RI 2012 me familjen, duke p\u00ebrkedhelur f\u00ebmij\u00ebt e tij t\u00eb mitur. Lidhja e Sali Berish\u00ebs me k\u00ebt\u00eb Aleksand\u00ebr, q\u00ebndron n\u00eb faktin, se ky u vra prej policis\u00eb dhe gard\u00ebs qeveritare, me arm\u00ebt dhe plumbat e policis\u00eb e t\u00eb gard\u00ebs qeveritare, me urdh\u00ebr t\u00eb krye-qeveritarit SALI BERISHA, me makinacionet e Sali Berish\u00ebs p\u00ebr t\u00eb mbuluar krimin dhe epitetet e Sali Berish\u00ebs q\u00eb e qaujti \u201chajdut\u201d, \u201cdorgaxhi\u201d, alabak\u00eb\u201d e \u201cplehr\u00eb\u201d.<\/p>\n<p><strong>ALEKSAND\u00cbR FRANGAJ<\/strong><\/p>\n<p>Extra-model i kompletuar i sh\u00ebrb\u00ebtorit t\u00eb p\u00ebrulur, t\u00eb neveritsh\u00ebm e t\u00eb paskrupullt ndaj pushtet-familjes kryeministrore. Lidhja e Sali Berish\u00ebs me k\u00ebt\u00eb Aleksand\u00ebr, q\u00ebndron n\u00eb faktin se ky \u00ebsht\u00eb specie zvarranike dhe \u201ckarrige\u201d l\u00ebpir\u00ebs i kryeministrit SALI. Dikur i dhunuar, i p\u00ebrdhosur, i p\u00ebshtyr\u00eb, i legenosur deri familjarisht, i rrahur me hu si \u201cgomari\u201d dhe i burgosur, tashm\u00eb ky Aleksand\u00ebr i \u201cfrangajve\u201d t\u00eb Lezh\u00ebs, ka l\u00ebpir\u00eb gjith\u00e7ka t\u00eb puset\u00ebs \u201cSALI\u201d dhe \u00ebsht\u00eb b\u00ebr\u00eb pronar i TV \u201cKLAN\u201d e \u201cABC\u201d.<\/p>\n<p>Lidhja vazhdon k\u00ebtu: k\u00ebto ekrane jan\u00eb ngritur e jan\u00eb fuqizuar financiarisht me para t\u00eb pista trafiqesh, biznesesh kriminale, me donacione ilegale qeveritare t\u00eb financiuara n\u00eb form\u00eb reklamash, tenderash e rryshfetesh p\u00ebr propagand\u00ebn PRO qeveritare, PRO familjes kryeministrore, PRO krimeve t\u00eb pushtetit, madje edhe PRO akteve anti-shqiptare t\u00eb kryeministrit SALI RAM BERISHA.<\/p>\n<p><strong>ALEKSAND\u00cbR ARVIZU<\/strong><\/p>\n<p>Si\u00e7 e dim\u00eb \u00ebsht\u00eb Ambasador i SHBA n\u00eb Shqip\u00ebri. Lidhja e Sali Berish\u00ebs m\u00eb k\u00ebt\u00eb Aleksand\u00ebr, q\u00ebndron n\u00eb faktin, se ndryshe nga Aleksandri i \u201cfrangajve\u201d t\u00eb Lezh\u00ebs e t\u00eb qeveris\u00eb q\u00eb q\u00ebndron \u201cGATITU\u201d p\u00ebrpara SALIUT, \u00ebsht\u00eb SALIU q\u00eb q\u00ebndron \u201cGATITU\u201d p\u00ebrball\u00eb Aleksandrit t\u00eb Amerik\u00ebs. Me buz\u00ebqeshje t\u00eb shtirur prej kllouni, me serviliz\u00ebm t\u00eb duksh\u00ebm banal, me p\u00ebrulje deri n\u00eb neveri, k\u00ebshtu sillet SALI \u201ctrimi\u201d p\u00ebrpara k\u00ebtij Aleksandri\u2026<\/p>\n","protected":false},"excerpt":{"rendered":"<p>Nga Kledian Lula, 31 Dhjetor 2011 Jan\u00eb 6 personazhe publike n\u00eb Shqip\u00ebri, t\u00eb cil\u00ebt n\u00eb profilin e tyre, kan\u00eb si detaje interesante e kuptimplote edhe pjes\u00eb nga personaliteti i kryeministrit Sali Berisha. Lidhjet e personalitetit t\u00eb Saliut me k\u00ebt\u00eb 6 personazh\u00eb publik jan\u00eb vendosur e kan\u00eb vijuar n\u00eb koh\u00eb dhe situata t\u00eb ndryshme, madje dhe [&hellip;]<\/p>\n","protected":false},"author":1,"featured_media":0,"comment_status":"open","ping_status":"closed","sticky":false,"template":"","format":"standard","meta":{"footnotes":""},"categories":[2],"tags":[],"class_list":{"0":"post-930","1":"post","2":"type-post","3":"status-publish","4":"format-standard","6":"category-artikuj"},"yoast_head":"<!-- This site is optimized with the Yoast SEO plugin v27.4 - https:\/\/yoast.com\/product\/yoast-seo-wordpress\/ -->\n<title>Gjasht\u00eb \u201cAleksandr\u00ebt\u201d e Sali Berish\u00ebs - FjALA e LIR\u00cb - Arkivi<\/title>\n<meta name=\"robots\" content=\"index, follow, max-snippet:-1, max-image-preview:large, max-video-preview:-1\" \/>\n<link rel=\"canonical\" href=\"https:\/\/fjala.info\/2009-2015\/gjashte-aleksandret-e-sali-berishes\/\" \/>\n<meta property=\"og:locale\" content=\"sq_AL\" \/>\n<meta property=\"og:type\" content=\"article\" \/>\n<meta property=\"og:title\" content=\"Gjasht\u00eb \u201cAleksandr\u00ebt\u201d e Sali Berish\u00ebs - FjALA e LIR\u00cb - Arkivi\" \/>\n<meta property=\"og:description\" content=\"Nga Kledian Lula, 31 Dhjetor 2011 Jan\u00eb 6 personazhe publike n\u00eb Shqip\u00ebri, t\u00eb cil\u00ebt n\u00eb profilin e tyre, kan\u00eb si detaje interesante e kuptimplote edhe pjes\u00eb nga personaliteti i kryeministrit Sali Berisha. Lidhjet e personalitetit t\u00eb Saliut me k\u00ebt\u00eb 6 personazh\u00eb publik jan\u00eb vendosur e kan\u00eb vijuar n\u00eb koh\u00eb dhe situata t\u00eb ndryshme, madje dhe [&hellip;]\" \/>\n<meta property=\"og:url\" content=\"https:\/\/fjala.info\/2009-2015\/gjashte-aleksandret-e-sali-berishes\/\" \/>\n<meta property=\"og:site_name\" content=\"FjALA e LIR\u00cb - Arkivi\" \/>\n<meta property=\"article:published_time\" content=\"2011-12-31T10:13:33+00:00\" \/>\n<meta property=\"og:image\" content=\"http:\/\/www.shkoder.net\/2012\/arvizu_berisha.jpg\" \/>\n<meta name=\"author\" content=\"admin\" \/>\n<meta name=\"twitter:card\" content=\"summary_large_image\" \/>\n<meta name=\"twitter:label1\" content=\"Written by\" \/>\n\t<meta name=\"twitter:data1\" content=\"admin\" \/>\n\t<meta name=\"twitter:label2\" content=\"Est. reading time\" \/>\n\t<meta name=\"twitter:data2\" content=\"5 minutes\" \/>\n<script type=\"application\/ld+json\" class=\"yoast-schema-graph\">{\"@context\":\"https:\\\/\\\/schema.org\",\"@graph\":[{\"@type\":\"Article\",\"@id\":\"https:\\\/\\\/fjala.info\\\/2009-2015\\\/gjashte-aleksandret-e-sali-berishes\\\/#article\",\"isPartOf\":{\"@id\":\"https:\\\/\\\/fjala.info\\\/2009-2015\\\/gjashte-aleksandret-e-sali-berishes\\\/\"},\"author\":{\"name\":\"admin\",\"@id\":\"https:\\\/\\\/fjala.info\\\/2009-2015\\\/#\\\/schema\\\/person\\\/3aa1163ef05469c496fc94e77611ada2\"},\"headline\":\"Gjasht\u00eb \u201cAleksandr\u00ebt\u201d e Sali Berish\u00ebs\",\"datePublished\":\"2011-12-31T10:13:33+00:00\",\"mainEntityOfPage\":{\"@id\":\"https:\\\/\\\/fjala.info\\\/2009-2015\\\/gjashte-aleksandret-e-sali-berishes\\\/\"},\"wordCount\":919,\"commentCount\":0,\"publisher\":{\"@id\":\"https:\\\/\\\/fjala.info\\\/2009-2015\\\/#organization\"},\"image\":{\"@id\":\"https:\\\/\\\/fjala.info\\\/2009-2015\\\/gjashte-aleksandret-e-sali-berishes\\\/#primaryimage\"},\"thumbnailUrl\":\"http:\\\/\\\/www.shkoder.net\\\/2012\\\/arvizu_berisha.jpg\",\"articleSection\":[\"Artikuj\"],\"inLanguage\":\"sq-AL\",\"potentialAction\":[{\"@type\":\"CommentAction\",\"name\":\"Comment\",\"target\":[\"https:\\\/\\\/fjala.info\\\/2009-2015\\\/gjashte-aleksandret-e-sali-berishes\\\/#respond\"]}]},{\"@type\":\"WebPage\",\"@id\":\"https:\\\/\\\/fjala.info\\\/2009-2015\\\/gjashte-aleksandret-e-sali-berishes\\\/\",\"url\":\"https:\\\/\\\/fjala.info\\\/2009-2015\\\/gjashte-aleksandret-e-sali-berishes\\\/\",\"name\":\"Gjasht\u00eb \u201cAleksandr\u00ebt\u201d e Sali Berish\u00ebs - FjALA e LIR\u00cb - Arkivi\",\"isPartOf\":{\"@id\":\"https:\\\/\\\/fjala.info\\\/2009-2015\\\/#website\"},\"primaryImageOfPage\":{\"@id\":\"https:\\\/\\\/fjala.info\\\/2009-2015\\\/gjashte-aleksandret-e-sali-berishes\\\/#primaryimage\"},\"image\":{\"@id\":\"https:\\\/\\\/fjala.info\\\/2009-2015\\\/gjashte-aleksandret-e-sali-berishes\\\/#primaryimage\"},\"thumbnailUrl\":\"http:\\\/\\\/www.shkoder.net\\\/2012\\\/arvizu_berisha.jpg\",\"datePublished\":\"2011-12-31T10:13:33+00:00\",\"breadcrumb\":{\"@id\":\"https:\\\/\\\/fjala.info\\\/2009-2015\\\/gjashte-aleksandret-e-sali-berishes\\\/#breadcrumb\"},\"inLanguage\":\"sq-AL\",\"potentialAction\":[{\"@type\":\"ReadAction\",\"target\":[\"https:\\\/\\\/fjala.info\\\/2009-2015\\\/gjashte-aleksandret-e-sali-berishes\\\/\"]}]},{\"@type\":\"ImageObject\",\"inLanguage\":\"sq-AL\",\"@id\":\"https:\\\/\\\/fjala.info\\\/2009-2015\\\/gjashte-aleksandret-e-sali-berishes\\\/#primaryimage\",\"url\":\"http:\\\/\\\/www.shkoder.net\\\/2012\\\/arvizu_berisha.jpg\",\"contentUrl\":\"http:\\\/\\\/www.shkoder.net\\\/2012\\\/arvizu_berisha.jpg\"},{\"@type\":\"BreadcrumbList\",\"@id\":\"https:\\\/\\\/fjala.info\\\/2009-2015\\\/gjashte-aleksandret-e-sali-berishes\\\/#breadcrumb\",\"itemListElement\":[{\"@type\":\"ListItem\",\"position\":1,\"name\":\"Home\",\"item\":\"https:\\\/\\\/fjala.info\\\/2009-2015\\\/\"},{\"@type\":\"ListItem\",\"position\":2,\"name\":\"Gjasht\u00eb \u201cAleksandr\u00ebt\u201d e Sali Berish\u00ebs\"}]},{\"@type\":\"WebSite\",\"@id\":\"https:\\\/\\\/fjala.info\\\/2009-2015\\\/#website\",\"url\":\"https:\\\/\\\/fjala.info\\\/2009-2015\\\/\",\"name\":\"FjALA e LIR\u00cb - Arkivi\",\"description\":\"Arkivi 2009-2015\",\"publisher\":{\"@id\":\"https:\\\/\\\/fjala.info\\\/2009-2015\\\/#organization\"},\"potentialAction\":[{\"@type\":\"SearchAction\",\"target\":{\"@type\":\"EntryPoint\",\"urlTemplate\":\"https:\\\/\\\/fjala.info\\\/2009-2015\\\/?s={search_term_string}\"},\"query-input\":{\"@type\":\"PropertyValueSpecification\",\"valueRequired\":true,\"valueName\":\"search_term_string\"}}],\"inLanguage\":\"sq-AL\"},{\"@type\":\"Organization\",\"@id\":\"https:\\\/\\\/fjala.info\\\/2009-2015\\\/#organization\",\"name\":\"FjALA e LIR\u00cb - Arkivi\",\"url\":\"https:\\\/\\\/fjala.info\\\/2009-2015\\\/\",\"logo\":{\"@type\":\"ImageObject\",\"inLanguage\":\"sq-AL\",\"@id\":\"https:\\\/\\\/fjala.info\\\/2009-2015\\\/#\\\/schema\\\/logo\\\/image\\\/\",\"url\":\"\",\"contentUrl\":\"\",\"caption\":\"FjALA e LIR\u00cb - Arkivi\"},\"image\":{\"@id\":\"https:\\\/\\\/fjala.info\\\/2009-2015\\\/#\\\/schema\\\/logo\\\/image\\\/\"}},{\"@type\":\"Person\",\"@id\":\"https:\\\/\\\/fjala.info\\\/2009-2015\\\/#\\\/schema\\\/person\\\/3aa1163ef05469c496fc94e77611ada2\",\"name\":\"admin\",\"image\":{\"@type\":\"ImageObject\",\"inLanguage\":\"sq-AL\",\"@id\":\"https:\\\/\\\/fjala.info\\\/2009-2015\\\/wp-content\\\/uploads\\\/2012\\\/02\\\/arben_cokaj-120x150.jpg\",\"url\":\"https:\\\/\\\/fjala.info\\\/2009-2015\\\/wp-content\\\/uploads\\\/2012\\\/02\\\/arben_cokaj-120x150.jpg\",\"contentUrl\":\"https:\\\/\\\/fjala.info\\\/2009-2015\\\/wp-content\\\/uploads\\\/2012\\\/02\\\/arben_cokaj-120x150.jpg\",\"caption\":\"admin\"},\"description\":\"Admin, Fjala e Lir\u00eb\",\"sameAs\":[\"https:\\\/\\\/fjala.info\\\/\"],\"url\":\"https:\\\/\\\/fjala.info\\\/2009-2015\\\/author\\\/admin\\\/\"}]}<\/script>\n<!-- \/ Yoast SEO plugin. -->","yoast_head_json":{"title":"Gjasht\u00eb \u201cAleksandr\u00ebt\u201d e Sali Berish\u00ebs - FjALA e LIR\u00cb - Arkivi","robots":{"index":"index","follow":"follow","max-snippet":"max-snippet:-1","max-image-preview":"max-image-preview:large","max-video-preview":"max-video-preview:-1"},"canonical":"https:\/\/fjala.info\/2009-2015\/gjashte-aleksandret-e-sali-berishes\/","og_locale":"sq_AL","og_type":"article","og_title":"Gjasht\u00eb \u201cAleksandr\u00ebt\u201d e Sali Berish\u00ebs - FjALA e LIR\u00cb - Arkivi","og_description":"Nga Kledian Lula, 31 Dhjetor 2011 Jan\u00eb 6 personazhe publike n\u00eb Shqip\u00ebri, t\u00eb cil\u00ebt n\u00eb profilin e tyre, kan\u00eb si detaje interesante e kuptimplote edhe pjes\u00eb nga personaliteti i kryeministrit Sali Berisha. Lidhjet e personalitetit t\u00eb Saliut me k\u00ebt\u00eb 6 personazh\u00eb publik jan\u00eb vendosur e kan\u00eb vijuar n\u00eb koh\u00eb dhe situata t\u00eb ndryshme, madje dhe [&hellip;]","og_url":"https:\/\/fjala.info\/2009-2015\/gjashte-aleksandret-e-sali-berishes\/","og_site_name":"FjALA e LIR\u00cb - Arkivi","article_published_time":"2011-12-31T10:13:33+00:00","og_image":[{"url":"http:\/\/www.shkoder.net\/2012\/arvizu_berisha.jpg","type":"","width":"","height":""}],"author":"admin","twitter_card":"summary_large_image","twitter_misc":{"Written by":"admin","Est. reading time":"5 minutes"},"schema":{"@context":"https:\/\/schema.org","@graph":[{"@type":"Article","@id":"https:\/\/fjala.info\/2009-2015\/gjashte-aleksandret-e-sali-berishes\/#article","isPartOf":{"@id":"https:\/\/fjala.info\/2009-2015\/gjashte-aleksandret-e-sali-berishes\/"},"author":{"name":"admin","@id":"https:\/\/fjala.info\/2009-2015\/#\/schema\/person\/3aa1163ef05469c496fc94e77611ada2"},"headline":"Gjasht\u00eb \u201cAleksandr\u00ebt\u201d e Sali Berish\u00ebs","datePublished":"2011-12-31T10:13:33+00:00","mainEntityOfPage":{"@id":"https:\/\/fjala.info\/2009-2015\/gjashte-aleksandret-e-sali-berishes\/"},"wordCount":919,"commentCount":0,"publisher":{"@id":"https:\/\/fjala.info\/2009-2015\/#organization"},"image":{"@id":"https:\/\/fjala.info\/2009-2015\/gjashte-aleksandret-e-sali-berishes\/#primaryimage"},"thumbnailUrl":"http:\/\/www.shkoder.net\/2012\/arvizu_berisha.jpg","articleSection":["Artikuj"],"inLanguage":"sq-AL","potentialAction":[{"@type":"CommentAction","name":"Comment","target":["https:\/\/fjala.info\/2009-2015\/gjashte-aleksandret-e-sali-berishes\/#respond"]}]},{"@type":"WebPage","@id":"https:\/\/fjala.info\/2009-2015\/gjashte-aleksandret-e-sali-berishes\/","url":"https:\/\/fjala.info\/2009-2015\/gjashte-aleksandret-e-sali-berishes\/","name":"Gjasht\u00eb \u201cAleksandr\u00ebt\u201d e Sali Berish\u00ebs - FjALA e LIR\u00cb - Arkivi","isPartOf":{"@id":"https:\/\/fjala.info\/2009-2015\/#website"},"primaryImageOfPage":{"@id":"https:\/\/fjala.info\/2009-2015\/gjashte-aleksandret-e-sali-berishes\/#primaryimage"},"image":{"@id":"https:\/\/fjala.info\/2009-2015\/gjashte-aleksandret-e-sali-berishes\/#primaryimage"},"thumbnailUrl":"http:\/\/www.shkoder.net\/2012\/arvizu_berisha.jpg","datePublished":"2011-12-31T10:13:33+00:00","breadcrumb":{"@id":"https:\/\/fjala.info\/2009-2015\/gjashte-aleksandret-e-sali-berishes\/#breadcrumb"},"inLanguage":"sq-AL","potentialAction":[{"@type":"ReadAction","target":["https:\/\/fjala.info\/2009-2015\/gjashte-aleksandret-e-sali-berishes\/"]}]},{"@type":"ImageObject","inLanguage":"sq-AL","@id":"https:\/\/fjala.info\/2009-2015\/gjashte-aleksandret-e-sali-berishes\/#primaryimage","url":"http:\/\/www.shkoder.net\/2012\/arvizu_berisha.jpg","contentUrl":"http:\/\/www.shkoder.net\/2012\/arvizu_berisha.jpg"},{"@type":"BreadcrumbList","@id":"https:\/\/fjala.info\/2009-2015\/gjashte-aleksandret-e-sali-berishes\/#breadcrumb","itemListElement":[{"@type":"ListItem","position":1,"name":"Home","item":"https:\/\/fjala.info\/2009-2015\/"},{"@type":"ListItem","position":2,"name":"Gjasht\u00eb \u201cAleksandr\u00ebt\u201d e Sali Berish\u00ebs"}]},{"@type":"WebSite","@id":"https:\/\/fjala.info\/2009-2015\/#website","url":"https:\/\/fjala.info\/2009-2015\/","name":"FjALA e LIR\u00cb - Arkivi","description":"Arkivi 2009-2015","publisher":{"@id":"https:\/\/fjala.info\/2009-2015\/#organization"},"potentialAction":[{"@type":"SearchAction","target":{"@type":"EntryPoint","urlTemplate":"https:\/\/fjala.info\/2009-2015\/?s={search_term_string}"},"query-input":{"@type":"PropertyValueSpecification","valueRequired":true,"valueName":"search_term_string"}}],"inLanguage":"sq-AL"},{"@type":"Organization","@id":"https:\/\/fjala.info\/2009-2015\/#organization","name":"FjALA e LIR\u00cb - Arkivi","url":"https:\/\/fjala.info\/2009-2015\/","logo":{"@type":"ImageObject","inLanguage":"sq-AL","@id":"https:\/\/fjala.info\/2009-2015\/#\/schema\/logo\/image\/","url":"","contentUrl":"","caption":"FjALA e LIR\u00cb - Arkivi"},"image":{"@id":"https:\/\/fjala.info\/2009-2015\/#\/schema\/logo\/image\/"}},{"@type":"Person","@id":"https:\/\/fjala.info\/2009-2015\/#\/schema\/person\/3aa1163ef05469c496fc94e77611ada2","name":"admin","image":{"@type":"ImageObject","inLanguage":"sq-AL","@id":"https:\/\/fjala.info\/2009-2015\/wp-content\/uploads\/2012\/02\/arben_cokaj-120x150.jpg","url":"https:\/\/fjala.info\/2009-2015\/wp-content\/uploads\/2012\/02\/arben_cokaj-120x150.jpg","contentUrl":"https:\/\/fjala.info\/2009-2015\/wp-content\/uploads\/2012\/02\/arben_cokaj-120x150.jpg","caption":"admin"},"description":"Admin, Fjala e Lir\u00eb","sameAs":["https:\/\/fjala.info\/"],"url":"https:\/\/fjala.info\/2009-2015\/author\/admin\/"}]}},"_links":{"self":[{"href":"https:\/\/fjala.info\/2009-2015\/wp-json\/wp\/v2\/posts\/930","targetHints":{"allow":["GET"]}}],"collection":[{"href":"https:\/\/fjala.info\/2009-2015\/wp-json\/wp\/v2\/posts"}],"about":[{"href":"https:\/\/fjala.info\/2009-2015\/wp-json\/wp\/v2\/types\/post"}],"author":[{"embeddable":true,"href":"https:\/\/fjala.info\/2009-2015\/wp-json\/wp\/v2\/users\/1"}],"replies":[{"embeddable":true,"href":"https:\/\/fjala.info\/2009-2015\/wp-json\/wp\/v2\/comments?post=930"}],"version-history":[{"count":0,"href":"https:\/\/fjala.info\/2009-2015\/wp-json\/wp\/v2\/posts\/930\/revisions"}],"wp:attachment":[{"href":"https:\/\/fjala.info\/2009-2015\/wp-json\/wp\/v2\/media?parent=930"}],"wp:term":[{"taxonomy":"category","embeddable":true,"href":"https:\/\/fjala.info\/2009-2015\/wp-json\/wp\/v2\/categories?post=930"},{"taxonomy":"post_tag","embeddable":true,"href":"https:\/\/fjala.info\/2009-2015\/wp-json\/wp\/v2\/tags?post=930"}],"curies":[{"name":"wp","href":"https:\/\/api.w.org\/{rel}","templated":true}]}}