{"id":926,"date":"2012-01-02T09:36:10","date_gmt":"2012-01-02T08:36:10","guid":{"rendered":"http:\/\/fjala.shkoder.net\/?p=926"},"modified":"2012-01-02T09:36:10","modified_gmt":"2012-01-02T08:36:10","slug":"vellezerit-xhani-flamur-lufte-per-liri-demokraci","status":"publish","type":"post","link":"https:\/\/fjala.info\/2009-2015\/vellezerit-xhani-flamur-lufte-per-liri-demokraci\/","title":{"rendered":"V\u00ebllez\u00ebrit Xhani, flamur lufte p\u00ebr Liri-Demokraci"},"content":{"rendered":"<p><img decoding=\"async\" class=\"alignleft size-thumbnail wp-image-7236\" title=\"Prof. Neki Babamusta\" src=\"http:\/\/www.shkoder.net\/images\/fjala\/2011\/neki_babamusta.jpg\" alt=\"\" width=\"150\" \/> Nga: <strong>Prof. Neki Babamusta<\/strong>, <em>Lond\u00ebr, 1 Janar 2012<\/em><\/p>\n<p>Bajram dhe Qamil Xhani lind\u00ebn dhe u rrit\u00ebn n\u00eb trev\u00ebn fushore t\u00eb Luzit t\u00eb Madh t\u00eb Kavaj\u00ebs, nga nj\u00eb familje patriotike. P\u00ebr afro 200 vjet fisi Xhani p\u00ebrmendet si bajraktar (udh\u00ebheq\u00ebs) popullor. Prej der\u00ebs s\u00eb tij kan\u00eb dal\u00eb shum\u00eb luft\u00ebtar\u00eb p\u00ebr lirin\u00eb e Atdheut, duke p\u00ebrfshir\u00eb edhe nj\u00eb gjeneral.<\/p>\n<p>Bajram Xhani lindi me 1886. Q\u00eb n\u00eb rinin\u00eb e tij shquhej p\u00ebr trim\u00ebri, bes\u00eb e bujari, si t\u00eb par\u00ebt e tij. P\u00ebr \u00e7\u00ebshtje komb\u00ebtare formoi nj\u00eb \u00e7et\u00eb luftarake, me 100 veta, q\u00eb e mbante kurdoher\u00eb n\u00eb gadishm\u00ebri. U njoh dhe lidhi miq\u00ebsi me patriot\u00eb t\u00eb d\u00ebgjuar si Aqif Pash\u00eb Elbasani, Bajram Curri, Ramazan Cani, Ibrahim Dedej, etj. Fisi Xhani nga besimi ishin Bektashi. P\u00ebr k\u00ebt\u00eb arsye forcuan miq\u00ebsi m\u00eb tep\u00ebr me fisin Babamusta.<\/p>\n<p><strong>Mikpritja e Ismail Qemalit n\u00eb Kavaj\u00eb<\/strong><\/p>\n<p>N\u00eb prag t\u00eb viteve 1909-1910, Bajram Xhani me \u00e7et\u00ebn e tij, kreu veprime luftarake kund\u00ebr turq\u00ebve, serb\u00ebve dhe andart\u00ebve grek\u00eb, n\u00eb rrethinat e Kor\u00e7\u00ebs. Me forcat e \u00e7et\u00ebs s\u00eb tij shoq\u00ebron p\u00ebr n\u00eb Vlor\u00eb diplomatin e urt\u00eb, Ismail Qemalin.<\/p>\n<p>Me 25 n\u00ebntor 1912 patriot\u00ebt e Durr\u00ebsit, e ndihmuan Ismail Qemalin q\u00eb t\u00eb kryente misionin e lart\u00eb p\u00ebr ngritjen e flamurit n\u00eb Vlor\u00eb, pavar\u00ebsisht nga intrigat e Peshkop Jakovit, i cili ishte n\u00eb sh\u00ebrbim t\u00eb shovenist\u00ebve grek. P\u00ebr t\u00eb sabotuar misionin historik t\u00eb Ismail Qemalit, me lot krokodili Peshkop Jakovi pati deklaruar se \u201c<em>Turqis\u00eb nuk duhet t\u2019ia kthejm\u00eb shpin\u00ebn, sepse na kan\u00eb mbajtur si uj\u00ebt e pak\u00ebt, m\u00eb shum\u00eb se 400 vjet<\/em>.\u201d (<em>Arshiva e Shtetit, Tiran\u00eb<\/em>).<\/p>\n<p>Nat\u00ebn e 25 n\u00ebntorit 1912, Ismail Qemaili me suit\u00ebn e tij, u prit\u00ebn krahapur nga populli i Kavaj\u00ebs, duke ndenjur nj\u00eb nat\u00eb tek fisi bujar dhe patriot Babamusta. T\u00eb nes\u00ebrmen, fisi Babamusta i dha Ismailit ushqime p\u00ebr udh\u00ebtim, t\u00eb holla, kuaj, dhe udh\u00ebrr\u00ebfyes, nipin e tyre, patriotin Qazim Merhori.<\/p>\n<p>Nj\u00ebkoh\u00ebsisht, kontaktuan me mikun e tyre, Bajram Xhanin, i cili me \u00e7et\u00ebn e tij, dhe s\u00eb bashku me \u00e7et\u00ebn e patriotit Ramazan Cani, nga Peqini, do t\u00eb b\u00ebnin t\u00eb mundur sigurimin e udh\u00ebtimit p\u00ebr n\u00eb Vlor\u00eb t\u00eb Ismailin. T\u00eb gjith\u00eb patriot\u00ebt e Kavaj\u00ebs u mobilizuan q\u00eb t\u2019ia leht\u00ebsonin rrug\u00ebn Ismail Qemalit, sepse ajo ishte plot me rreziqe nga element\u00ebt turkoman. (<em>kujtime nga patriot\u00ebt Hajdar Petja, Dyl Zyba dhe Spiro Pello dhe fisi Babamusta<\/em>).<\/p>\n<p>Me 26 n\u00ebntor 1912 populli i Kavaj\u00ebs, n\u00eb mes t\u00eb nj\u00eb entuziazmi t\u00eb madh, i uron rrug\u00ebtim t\u00eb mbar\u00eb patriotit Ismail Qemali me k\u00ebto fjal\u00eb:<\/p>\n<blockquote><p><em>\u201cUdh\u00eb e mbar\u00eb, o mjek\u00ebr bardh\u00eb!<br \/>\nKur t\u00eb shkosh, dal\u00e7 faqebardh\u00eb!<br \/>\nT\u2019u b\u00ebft\u00eb udha serm\u00eb e ar\u00eb!\u201d <\/em><\/p><\/blockquote>\n<p>(<em>kujtime nga patriot\u00ebt Hajdar Petja, Dyl Zyba, Spiro Pello dhe fisi Babamusta<\/em>).<\/p>\n<p>P\u00ebr t\u00eb shpallur pavar\u00ebsin\u00eb e qytetit t\u00eb tij, me 27 n\u00ebntor 1912 patrioti Must Cara (mik i ngusht\u00eb i Babamustave) ngren flamurin kuq e zi n\u00eb ballkonin e sht\u00ebpis\u00eb s\u00eb tij n\u00eb Kavaj\u00eb. Patrioti demokrat, i persekutuar, Dyl Zyba dhe Spiro Pello kujtojn\u00eb: \u201cIsmail Qemali me delegacionin e tij, n\u00ebp\u00ebrmjet Murat, Beqir dhe Osman Babamust\u00ebs kalojn\u00eb Shkumbinin me nj\u00eb sanall\u00eb (lund\u00ebr) q\u00eb t\u00eb kalojn\u00eb n\u00eb Myzeqe drejt Vlor\u00ebs.\u201d<\/p>\n<p>N\u00eb fillim t\u00eb viteve 1900, n\u00eb Shqip\u00ebri egzistonin akoma element\u00eb turkoman\u00eb (bejler\u00eb dhe feudal\u00eb) q\u00eb ishin n\u00eb sh\u00ebrbim t\u00eb turq\u00ebve t\u00eb rinj, t\u00eb asht\u00ebquajt\u00ebrit xhon-turq. Xhon-turqit p\u00ebrmbys\u00ebn qeverisjen e eg\u00ebr t\u00eb Sulltan Hamitit (i njohur p\u00ebr krimet e tij me epitetin \u201cSulltani i kuq\u201d) n\u00eb Stamboll, me ndihm\u00ebn e forcave kryengrit\u00ebse shqiptare. Por, kur xhon-turqit erdh\u00ebn n\u00eb pushtet n\u00eb Turqi, nuk i mbajt\u00ebn premtimet p\u00ebr m\u00ebveht\u00ebsin\u00eb e Shqip\u00ebris\u00eb. Gjat\u00eb viteve 1910-12 ato shkretuan Shqip\u00ebrin\u00eb dhe vran\u00eb kryengrit\u00ebsit shqiptar\u00eb, me synimin rikthimin e Shqip\u00ebris\u00eb n\u00ebn sundimin turk.<\/p>\n<p>K\u00ebto element\u00eb turkoman\u00eb, n\u00ebn sh\u00ebrbim t\u00eb L\u00ebvizjes Xhon-Turke kurdis\u00ebn plane q\u00eb edhe n\u00eb Myzeqe t\u00eb sabotonin misionin e Ismail Qemalit, provuar m\u00eb par\u00eb nga Peshkop Jakovi n\u00eb Durr\u00ebs. Populli liridash\u00ebs i Lushnj\u00ebs kund\u00ebrshtoi veprimet e k\u00ebtyre element\u00ebve duke p\u00ebrkrahur Ismail Qemalin.<\/p>\n<p>Prandaj, Bajram Xhani dhe Ramazan Cani, me \u00e7etat e tyre luftarake rrethojn\u00eb kullat n\u00eb dalje t\u00eb Shkumbinit, pran\u00eb fshatrave t\u00eb Rrogozhin\u00ebs (mes Lushnj\u00ebs, Kavaj\u00ebs, dhe Peqinit). Bajrami dhe Ramazani i japin k\u00ebt\u00eb ultimatum element\u00ebve turkoman: \u201c<em>N\u00ebse flamuri kuqezi, nuk do arrij\u00eb n\u00eb Vlor\u00eb me Ismail Qemalin, ne do b\u00ebjm\u00eb q\u00eb n\u00eb fush\u00ebn e Myzeqes\u00eb t\u00eb mos k\u00ebndoj\u00eb as gjel as pul\u00eb, madje do ju djegim edhe kullat!<\/em>\u201d<\/p>\n<p>Me dat\u00eb 27 n\u00ebntor 1912, ora shtat\u00eb e mbr\u00ebmjes, patriot\u00ebt e Kavaj\u00ebs d\u00ebrgojn\u00eb n\u00eb Vlor\u00eb telegramin tep\u00ebr urgjent: \u201c<em>Kryetarit t\u00eb qeveris\u00eb t\u00eb p\u00ebrkohshme t\u00eb Shqip\u00ebris\u00eb, Vlor\u00eb: Ju b\u00ebjm\u00eb me dije se me vendim t\u00eb K\u00ebshillit fuqiplot\u00eb e p\u00ebr t\u00eb marr\u00eb pjes\u00eb n\u00eb veprimet q\u00eb i takojn\u00eb shtetit independent t\u00eb Shqip\u00ebris\u00eb, u zgjodh p\u00ebr Kavaj\u00ebn Avdi bej Toptani nga par\u00ebsia e Tiran\u00ebs, si kryetar i K\u00ebshillit fuqiplot\u00eb<\/em>.\u201d (<em>Arshiva Shtet\u00ebrore, Tiran\u00eb<\/em>).<\/p>\n<p>Populli i Vlor\u00ebs e vler\u00ebson k\u00ebto ndihmes\u00eb historike t\u00eb popullit t\u00eb Kavaj\u00ebs, n\u00eb momentin m\u00eb kulmor. Prandaj i k\u00ebndon dhe k\u00ebng\u00ebn:<\/p>\n<blockquote><p><em>\u201cKush e solli Ismail Qemalin,<br \/>\nBajram Xhani nga Kavaja,<br \/>\nAi Bajram, zem\u00ebrluani&#8230;\u201d <\/em><\/p><\/blockquote>\n<p>(<em>k\u00ebng\u00eb popullore<\/em>)<\/p>\n<p>Histeriograf\u00ebt komunist\u00eb, mohuan q\u00ebllimisht kontributin e Shqip\u00ebris\u00eb s\u00eb Mesme, ve\u00e7an\u00ebrisht t\u00eb Kavaj\u00ebs dhe Peqinit, p\u00ebr ndihmes\u00ebn e madhe q\u00eb i dhan\u00eb Ismail Qemalit p\u00ebr ngritjen e flamurit n\u00eb Vlor\u00eb. Nj\u00ebkoh\u00ebsisht, u mohua kontributi q\u00eb dha Kavaja n\u00eb luft\u00ebn p\u00ebr liri dhe \u00e7\u00ebshtjen e arsimit komb\u00ebtar, ku dhan\u00eb jet\u00ebn qindra d\u00ebshmor\u00eb, dhe u burgos\u00ebn, persekutuan dhe pushkatuan me qindra t\u00eb tjer\u00eb. Kjo, p\u00ebr arsye se Kavaja shikohej si vat\u00ebr antikomuniste, pavar\u00ebsisht se ishte ajo q\u00eb e d\u00ebrgoi gjall\u00eb Ismail Qemalin n\u00eb Vlor\u00eb.<\/p>\n<p>Gjithashtu Kavaja sh\u00ebrbeu si baz\u00eb kryesore p\u00ebr Pez\u00ebn, gjat\u00eb luft\u00ebs \u00e7lirimtare n\u00eb vitet 1941-44, duke formuar Brigad\u00ebn 22 me partizan\u00eb dhe duke dh\u00ebn\u00eb partizan\u00ebve ndihm\u00eb me ushqime, veshje, drith\u00ebra dhe para. N\u00eb shkurt 1943, brenda nj\u00eb dite Kavaja dhe fshat\u00ebrat e saj grumbulluan p\u00ebr luft\u00ebtar\u00ebt e \u00e7et\u00ebs s\u00eb Pez\u00ebs rreth 2 milion franga ari (<em>D\u00ebshmia e veteranit Shyqyri Mullaliu, Gusht 1993<\/em>).<\/p>\n<p><strong>Bajram Xhani rrok arm\u00ebt p\u00ebrkrah me Bajram Currin dhe Hasan Prishtin\u00ebn<\/strong><\/p>\n<p>Qeveria e Vlor\u00ebs, e gradon Bajram Xhanin me grad\u00ebn ushtarake \u201cAspirant\u201d. Bajram Xhani ishte kund\u00ebrshtar i Esat Pash\u00eb Toptanit, i cili nuk pajtohej me qeverin\u00eb e Vlor\u00ebs. Kryengrit\u00ebsit e Kavaj\u00ebs me n\u00eb krye Bajram Xhanin nuk lejuan n\u00eb vitet 1913 futjen e Pashait tradh\u00ebtar n\u00eb qytet, e cila p\u00ebrmendet edhe n\u00eb k\u00ebng\u00ebn popullore:<\/p>\n<blockquote><p><em>\u201cDit\u00eb e Mart\u00eb, 8 sahati,<br \/>\nhapni rrug\u00eb, vjen Esati.<br \/>\nNuk hap rrug\u00eb Bajram Xhani,<br \/>\nnuk na tremb Esat Toptani!\u201d <\/em><\/p><\/blockquote>\n<p>(<em>k\u00ebng\u00eb popullore n\u00eb Shqip\u00ebrin\u00eb e Mesme<\/em>)<\/p>\n<p>Bajram Xhani, s\u00eb bashku me Sadi Tatanin (komandant xhandarmarije), luftojn\u00eb shovenist\u00ebt e Ballkanit, si pushtuesit austro-hungarez, serb, etj. Bajrami arrestohet nga austriak\u00ebt dhe burgoset n\u00eb burgun e Peqinit. Atje del nga burgu me ndihm\u00ebn e patriot\u00ebve t\u00eb qytetit. N\u00eb fshatin Vrap t\u00eb Peqinit, s\u00eb bashku me Bajram Currin, Shyqyri Peza, Ramazan Canin, Bajram Kost\u00ebn, kordinojn\u00eb veprimet p\u00ebr eliminimin e forcave esadiste.<\/p>\n<p>N\u00eb fund t\u00eb janarit 1920, qeveria e Lushnjes e em\u00ebron Bajram Xhanin, Komandant xhandarmarije (policije) n\u00eb Kavaj\u00eb, me grad\u00ebn ushtarake \u201cToger\u201d. Bajram Xhani, si antifeudal, radhitet p\u00ebrkrah opozit\u00ebs me n\u00eb krye Bajram Currin, Hasan Prishtin\u00ebn, Aqif Pash\u00eb Elbasanin, Ramazan Canin dhe Ibrahim Dedej p\u00ebrkrah tyre, p\u00ebr shkat\u00ebrrimin e rendit feudal. Drejtuesit feudal t\u00eb koh\u00ebs s\u00eb at\u00ebhershme i cil\u00ebsonin drejtuesit e opozit\u00ebs si rebel\u00eb, sepse nuk iu bind\u00ebn urdh\u00ebrave t\u00eb tyre.<\/p>\n<p>N\u00eb nj\u00eb njoftim t\u00eb Prefektit t\u00eb Kavaj\u00ebs, p\u00ebr Ministrin\u00eb e Pun\u00ebve t\u00eb Brendshme, Tiran\u00eb, thuhej se: \u201c<em>Bajram Xhani \u00ebsht\u00eb duke b\u00ebr\u00eb propagand\u00eb kund\u00ebr qeveris\u00eb dhe \u00ebsht\u00eb bashkuar me Bajram Currin p\u00ebr t\u00eb b\u00ebr\u00eb Asamblen\u00eb. Ai nuk i bindet urdh\u00ebrit p\u00ebr t\u00eb dor\u00ebzuar arm\u00ebt<\/em>.\u201d (<em>Arshiva e Shtetit, Tiran\u00eb<\/em>).<\/p>\n<p>Me pabesi, element\u00eb reaksionar\u00eb, arrit\u00ebn t\u2019a kapin Bajramin, dhe n\u00eb gjygjin e kurdisur n\u00eb Shijak me 15 mars 1922 u d\u00ebnua me vdekje. Fjal\u00ebt e fundit t\u00eb Bajramit, para litarit ishin: \u201c<em>Vdekje feudal\u00ebve! Rroft\u00eb Shqip\u00ebria<\/em>!\u201d (Arshiva e Shtetit, Tiran\u00eb). Populli e vajtoi k\u00ebt\u00eb vdekje burr\u00ebrrisht: \u201c<em>Me litar n\u00eb fyt, o bir fole p\u00ebr Vatan\u00eb<\/em>!\u201d (<em>k\u00ebng\u00eb popullore<\/em>).<\/p>\n<p>Patrioti Myslim Peza, n\u00eb nj\u00eb let\u00ebr d\u00ebrguar veteran\u00ebve t\u00eb Kavaj\u00ebs vler\u00ebson lart, duke e konsideruar Bajram Xhanin \u201c<em>si pauses t\u00eb denj\u00eb t\u00eb Bajram Currit, nd\u00ebrsa Qamil Xhani mbetet patriot i nderuar<\/em>\u201d. (<em>nga libri me kujtime i Myslim Pez\u00ebs<\/em>).<\/p>\n<p><strong>Pabesia e vrasjes s\u00eb Qamil Xhanit<\/strong><\/p>\n<p>Po n\u00eb k\u00ebt\u00eb rrug\u00eb, eci edhe v\u00ebllai i Bajramit, Qamil Xhani, lindur me 1905 n\u00eb Luz t\u00eb Madh t\u00eb Kavaj\u00ebs. Qamili ishte intelektual me horizont t\u00eb gjer\u00eb arsimor dhe kulturor. Ishte zot\u00ebrues i disa gjuh\u00ebve t\u00eb huaja dhe inteligjent. Ai kalon shum\u00eb vite n\u00eb emigracion, ku bie n\u00eb kontakt me patriot\u00eb demokrat\u00eb t\u00eb koh\u00ebs n\u00eb Itali. N\u00eb Itali, Qamili e forcoi edhe m\u00eb tep\u00ebr vendosm\u00ebrin\u00eb pun\u00ebn p\u00ebr t\u2019i sh\u00ebrbyer \u00e7\u00ebshtjes komb\u00ebtare.<\/p>\n<p>Duke qen\u00eb me idene per\u00ebndimore, ai e kund\u00ebrshtoi komunizmin. Gjat\u00eb luft\u00ebs \u00e7lirimtare (1941-44), duke qen\u00eb kryetar Bashkie n\u00eb Kavaj\u00eb, u sh\u00ebrben me bujari t\u00eb varf\u00ebrve, duke u dh\u00ebne edhe bereqet, buk\u00eb. Ai ishte krenar, kur e quante veten \u201cbalta dhe opinga e popullit\u201d. Ai zhduku bandat e kusar\u00ebve n\u00eb zon\u00ebn e Kavaj\u00ebs. Si demokrat nacionalist ishte p\u00ebrkrah mendimeve t\u00eb Mustafa Gjinishit, p\u00ebr pluraliz\u00ebm politik, p\u00ebr bashkim e vllaz\u00ebrimt t\u00eb kombit shqiptar.<\/p>\n<p>Veprimtaria e Qamil Xhanit binte n\u00eb kund\u00ebrshtim me idet\u00eb komuniste. Prandaj, autoritetet komuniste me 15 gusht 1943 organizuan nj\u00eb kurth n\u00eb Labinot t\u00eb Elbasanit, i kurdisur nga Mehmet Shehu (komandant i Brigad\u00ebs I dhe Kryeminist\u00ebr gjat\u00eb koh\u00ebs s\u00eb Enver Hoxh\u00ebs). P\u00ebr t\u00eb realizuar k\u00ebt\u00eb kurth, Qamil Xhanit i fut\u00ebn nd\u00ebrmjet\u00ebs, kush\u00ebririn e tij, Mustafa Xhanin, q\u00eb ishte an\u00ebtar i Shtabit t\u00eb P\u00ebrgjithsh\u00ebm. Mustafai i tha Qamilit: \u201c<em>Dor\u00ebzohu, eja tek ne t\u00eb vazhdojm\u00eb luft\u00ebn s\u00eb bashku<\/em>.\u201d (<em>sipas rr\u00ebfimit t\u00eb djalit t\u00eb xhaxhait t\u00eb Qamilit, Ethem Xhanit dhe birit t\u00eb Bajram Xhanit, Izeti, i d\u00ebnuar me burgim nga diktatura<\/em>).<\/p>\n<p>Gjithashtu, Qamili u paralajm\u00ebrua edhe nga Kastriot Cani, q\u00eb ishte adiutant i Mustafa Gjinishit duke i d\u00ebrguar nj\u00eb let\u00ebr Qamilit ku e njoftoi t\u00eb mos shkonte n\u00eb shtab p\u00ebr t\u2019u dor\u00ebzuar sepse Mehmet Shehu i kishte p\u00ebrgatitur pabesin\u00eb p\u00ebr ta vrar\u00eb. (<em>Let\u00ebr shkruar nga Mustafa Gjinishi dhe Kastriot Cani<\/em>)<\/p>\n<p>Me bes\u00ebn e kush\u00ebririt t\u00eb tij, Qamili u nis p\u00ebr n\u00eb Labinot me 11 pjes\u00ebtar\u00eb. Para se t\u00eb arrinte Qamili n\u00eb Shtabin e P\u00ebrgjithsh\u00ebm n\u00eb Labinot, Mehmet Shehu me disa pjes\u00ebtar\u00eb t\u00eb Brigat\u00ebs I, i dol\u00ebn p\u00ebrpara. Dhe kur e pa, Mehmeti i tha: \u201c<em>Po t\u00eb k\u00ebrkonim n\u00eb qiell, na erdhe n\u00eb tok\u00eb<\/em>.\u201d (<em>sipas rr\u00ebfimit t\u00eb Ethem dhe Izet Xhanit<\/em>). Qamilin e lidh\u00ebn, e torturojn\u00eb dhe e pushkatojn\u00eb n\u00eb vend. T\u00eb sht\u00ebnat e pushkatimit u nd\u00ebgjuan edhe nga Mustafa Gjinishi, q\u00eb ishte i pranish\u00ebm n\u00eb shtab, i cili tha: \u201c<em>E vran\u00eb qenat<\/em>!\u201d (<em>sipas rr\u00ebfimit t\u00eb veteranit nacionalist Kastriot Cani, q\u00eb njihej me pseudonimin \u201cFortuna\u201d<\/em>).<\/p>\n<p>Diktatura komuniste i ndoqi, persekutoi dhe burgosi pasardh\u00ebsit e fisit Xhani. Vepra e v\u00ebllez\u00ebrve Xhani qe nj\u00eb ndihmes\u00eb e vyer p\u00ebr lirin\u00eb dhe vlerat demokratike t\u00eb Kombit. Ish-Presidenti i Republik\u00ebs, z. Sali Berisha, n\u00eb vitin 1993, duke \u00e7muar pun\u00ebn e tyre, i akordon Bajram Xhanit dekorat\u00ebn e klasit I, p\u00ebr veprimtari patriotike. Nd\u00ebrsa Qamil Xhani dekorohet me klasin e II. Shkoll\u00ebs s\u00eb mesme n\u00eb Luzin e Madh, n\u00eb vitin 1993 i vihet emri \u201cQamil Xhani\u201d.<\/p>\n<p><strong>Krijimi i Shoqat\u00ebs Patriotike Komb\u00ebtare \u201cBajram Xhani\u201d<\/strong><\/p>\n<p>N\u00eb shtator 1991, n\u00eb sh\u00ebpin\u00eb time n\u00eb Kavaj\u00eb, u mblodh\u00ebn demokrat\u00eb, patriot\u00eb dhe t\u00eb persekutuar, ku u krijua Shoqata Patriotike Komb\u00ebtare \u201cBajram Xhani\u201d. Me miratimin e Ministris\u00eb s\u00eb Drejt\u00ebsis\u00eb, pas fitores s\u00eb Demokracis\u00eb (22 mars 1992) u afirmua krijimi i shoqat\u00ebs.<\/p>\n<p>Q\u00ebllimi i saj ishte q\u00eb t\u00eb merrej me vlerat patriotike, t\u00eb p\u00ebrkhrahte t\u00eb persekutuarit nga komunizmi, duke d\u00ebnuar barbarit\u00eb e komunizmit dhe t\u00eb ngrinte lart vlerat e patriot\u00ebve, t\u00eb mohuara nga diktatura. Shoqata e kreu detyr\u00ebn e saj p\u00ebr 12 vite, deri n\u00eb 2004, duke realizuar hulumtime t\u00eb shumta historike, n\u00ebp\u00ebrmjet d\u00ebshmive nga t\u00eb persekutuarit.<\/p>\n","protected":false},"excerpt":{"rendered":"<p>Nga: Prof. Neki Babamusta, Lond\u00ebr, 1 Janar 2012 Bajram dhe Qamil Xhani lind\u00ebn dhe u rrit\u00ebn n\u00eb trev\u00ebn fushore t\u00eb Luzit t\u00eb Madh t\u00eb Kavaj\u00ebs, nga nj\u00eb familje patriotike. P\u00ebr afro 200 vjet fisi Xhani p\u00ebrmendet si bajraktar (udh\u00ebheq\u00ebs) popullor. Prej der\u00ebs s\u00eb tij kan\u00eb dal\u00eb shum\u00eb luft\u00ebtar\u00eb p\u00ebr lirin\u00eb e Atdheut, duke p\u00ebrfshir\u00eb edhe [&hellip;]<\/p>\n","protected":false},"author":1,"featured_media":0,"comment_status":"open","ping_status":"closed","sticky":false,"template":"","format":"standard","meta":{"footnotes":""},"categories":[2],"tags":[],"class_list":{"0":"post-926","1":"post","2":"type-post","3":"status-publish","4":"format-standard","6":"category-artikuj"},"yoast_head":"<!-- This site is optimized with the Yoast SEO plugin v27.4 - https:\/\/yoast.com\/product\/yoast-seo-wordpress\/ -->\n<title>V\u00ebllez\u00ebrit Xhani, flamur lufte p\u00ebr Liri-Demokraci - FjALA e LIR\u00cb - Arkivi<\/title>\n<meta name=\"robots\" content=\"index, follow, max-snippet:-1, max-image-preview:large, max-video-preview:-1\" \/>\n<link rel=\"canonical\" href=\"https:\/\/fjala.info\/2009-2015\/vellezerit-xhani-flamur-lufte-per-liri-demokraci\/\" \/>\n<meta property=\"og:locale\" content=\"sq_AL\" \/>\n<meta property=\"og:type\" content=\"article\" \/>\n<meta property=\"og:title\" content=\"V\u00ebllez\u00ebrit Xhani, flamur lufte p\u00ebr Liri-Demokraci - FjALA e LIR\u00cb - Arkivi\" \/>\n<meta property=\"og:description\" content=\"Nga: Prof. Neki Babamusta, Lond\u00ebr, 1 Janar 2012 Bajram dhe Qamil Xhani lind\u00ebn dhe u rrit\u00ebn n\u00eb trev\u00ebn fushore t\u00eb Luzit t\u00eb Madh t\u00eb Kavaj\u00ebs, nga nj\u00eb familje patriotike. P\u00ebr afro 200 vjet fisi Xhani p\u00ebrmendet si bajraktar (udh\u00ebheq\u00ebs) popullor. Prej der\u00ebs s\u00eb tij kan\u00eb dal\u00eb shum\u00eb luft\u00ebtar\u00eb p\u00ebr lirin\u00eb e Atdheut, duke p\u00ebrfshir\u00eb edhe [&hellip;]\" \/>\n<meta property=\"og:url\" content=\"https:\/\/fjala.info\/2009-2015\/vellezerit-xhani-flamur-lufte-per-liri-demokraci\/\" \/>\n<meta property=\"og:site_name\" content=\"FjALA e LIR\u00cb - Arkivi\" \/>\n<meta property=\"article:published_time\" content=\"2012-01-02T08:36:10+00:00\" \/>\n<meta property=\"og:image\" content=\"http:\/\/www.shkoder.net\/images\/fjala\/2011\/neki_babamusta.jpg\" \/>\n<meta name=\"author\" content=\"admin\" \/>\n<meta name=\"twitter:card\" content=\"summary_large_image\" \/>\n<meta name=\"twitter:label1\" content=\"Written by\" \/>\n\t<meta name=\"twitter:data1\" content=\"admin\" \/>\n\t<meta name=\"twitter:label2\" content=\"Est. reading time\" \/>\n\t<meta name=\"twitter:data2\" content=\"11 minutes\" \/>\n<script type=\"application\/ld+json\" class=\"yoast-schema-graph\">{\"@context\":\"https:\\\/\\\/schema.org\",\"@graph\":[{\"@type\":\"Article\",\"@id\":\"https:\\\/\\\/fjala.info\\\/2009-2015\\\/vellezerit-xhani-flamur-lufte-per-liri-demokraci\\\/#article\",\"isPartOf\":{\"@id\":\"https:\\\/\\\/fjala.info\\\/2009-2015\\\/vellezerit-xhani-flamur-lufte-per-liri-demokraci\\\/\"},\"author\":{\"name\":\"admin\",\"@id\":\"https:\\\/\\\/fjala.info\\\/2009-2015\\\/#\\\/schema\\\/person\\\/3aa1163ef05469c496fc94e77611ada2\"},\"headline\":\"V\u00ebllez\u00ebrit Xhani, flamur lufte p\u00ebr Liri-Demokraci\",\"datePublished\":\"2012-01-02T08:36:10+00:00\",\"mainEntityOfPage\":{\"@id\":\"https:\\\/\\\/fjala.info\\\/2009-2015\\\/vellezerit-xhani-flamur-lufte-per-liri-demokraci\\\/\"},\"wordCount\":2196,\"commentCount\":0,\"publisher\":{\"@id\":\"https:\\\/\\\/fjala.info\\\/2009-2015\\\/#organization\"},\"image\":{\"@id\":\"https:\\\/\\\/fjala.info\\\/2009-2015\\\/vellezerit-xhani-flamur-lufte-per-liri-demokraci\\\/#primaryimage\"},\"thumbnailUrl\":\"http:\\\/\\\/www.shkoder.net\\\/images\\\/fjala\\\/2011\\\/neki_babamusta.jpg\",\"articleSection\":[\"Artikuj\"],\"inLanguage\":\"sq-AL\",\"potentialAction\":[{\"@type\":\"CommentAction\",\"name\":\"Comment\",\"target\":[\"https:\\\/\\\/fjala.info\\\/2009-2015\\\/vellezerit-xhani-flamur-lufte-per-liri-demokraci\\\/#respond\"]}]},{\"@type\":\"WebPage\",\"@id\":\"https:\\\/\\\/fjala.info\\\/2009-2015\\\/vellezerit-xhani-flamur-lufte-per-liri-demokraci\\\/\",\"url\":\"https:\\\/\\\/fjala.info\\\/2009-2015\\\/vellezerit-xhani-flamur-lufte-per-liri-demokraci\\\/\",\"name\":\"V\u00ebllez\u00ebrit Xhani, flamur lufte p\u00ebr Liri-Demokraci - FjALA e LIR\u00cb - Arkivi\",\"isPartOf\":{\"@id\":\"https:\\\/\\\/fjala.info\\\/2009-2015\\\/#website\"},\"primaryImageOfPage\":{\"@id\":\"https:\\\/\\\/fjala.info\\\/2009-2015\\\/vellezerit-xhani-flamur-lufte-per-liri-demokraci\\\/#primaryimage\"},\"image\":{\"@id\":\"https:\\\/\\\/fjala.info\\\/2009-2015\\\/vellezerit-xhani-flamur-lufte-per-liri-demokraci\\\/#primaryimage\"},\"thumbnailUrl\":\"http:\\\/\\\/www.shkoder.net\\\/images\\\/fjala\\\/2011\\\/neki_babamusta.jpg\",\"datePublished\":\"2012-01-02T08:36:10+00:00\",\"breadcrumb\":{\"@id\":\"https:\\\/\\\/fjala.info\\\/2009-2015\\\/vellezerit-xhani-flamur-lufte-per-liri-demokraci\\\/#breadcrumb\"},\"inLanguage\":\"sq-AL\",\"potentialAction\":[{\"@type\":\"ReadAction\",\"target\":[\"https:\\\/\\\/fjala.info\\\/2009-2015\\\/vellezerit-xhani-flamur-lufte-per-liri-demokraci\\\/\"]}]},{\"@type\":\"ImageObject\",\"inLanguage\":\"sq-AL\",\"@id\":\"https:\\\/\\\/fjala.info\\\/2009-2015\\\/vellezerit-xhani-flamur-lufte-per-liri-demokraci\\\/#primaryimage\",\"url\":\"http:\\\/\\\/www.shkoder.net\\\/images\\\/fjala\\\/2011\\\/neki_babamusta.jpg\",\"contentUrl\":\"http:\\\/\\\/www.shkoder.net\\\/images\\\/fjala\\\/2011\\\/neki_babamusta.jpg\"},{\"@type\":\"BreadcrumbList\",\"@id\":\"https:\\\/\\\/fjala.info\\\/2009-2015\\\/vellezerit-xhani-flamur-lufte-per-liri-demokraci\\\/#breadcrumb\",\"itemListElement\":[{\"@type\":\"ListItem\",\"position\":1,\"name\":\"Home\",\"item\":\"https:\\\/\\\/fjala.info\\\/2009-2015\\\/\"},{\"@type\":\"ListItem\",\"position\":2,\"name\":\"V\u00ebllez\u00ebrit Xhani, flamur lufte p\u00ebr Liri-Demokraci\"}]},{\"@type\":\"WebSite\",\"@id\":\"https:\\\/\\\/fjala.info\\\/2009-2015\\\/#website\",\"url\":\"https:\\\/\\\/fjala.info\\\/2009-2015\\\/\",\"name\":\"FjALA e LIR\u00cb - Arkivi\",\"description\":\"Arkivi 2009-2015\",\"publisher\":{\"@id\":\"https:\\\/\\\/fjala.info\\\/2009-2015\\\/#organization\"},\"potentialAction\":[{\"@type\":\"SearchAction\",\"target\":{\"@type\":\"EntryPoint\",\"urlTemplate\":\"https:\\\/\\\/fjala.info\\\/2009-2015\\\/?s={search_term_string}\"},\"query-input\":{\"@type\":\"PropertyValueSpecification\",\"valueRequired\":true,\"valueName\":\"search_term_string\"}}],\"inLanguage\":\"sq-AL\"},{\"@type\":\"Organization\",\"@id\":\"https:\\\/\\\/fjala.info\\\/2009-2015\\\/#organization\",\"name\":\"FjALA e LIR\u00cb - Arkivi\",\"url\":\"https:\\\/\\\/fjala.info\\\/2009-2015\\\/\",\"logo\":{\"@type\":\"ImageObject\",\"inLanguage\":\"sq-AL\",\"@id\":\"https:\\\/\\\/fjala.info\\\/2009-2015\\\/#\\\/schema\\\/logo\\\/image\\\/\",\"url\":\"\",\"contentUrl\":\"\",\"caption\":\"FjALA e LIR\u00cb - Arkivi\"},\"image\":{\"@id\":\"https:\\\/\\\/fjala.info\\\/2009-2015\\\/#\\\/schema\\\/logo\\\/image\\\/\"}},{\"@type\":\"Person\",\"@id\":\"https:\\\/\\\/fjala.info\\\/2009-2015\\\/#\\\/schema\\\/person\\\/3aa1163ef05469c496fc94e77611ada2\",\"name\":\"admin\",\"image\":{\"@type\":\"ImageObject\",\"inLanguage\":\"sq-AL\",\"@id\":\"https:\\\/\\\/fjala.info\\\/2009-2015\\\/wp-content\\\/uploads\\\/2012\\\/02\\\/arben_cokaj-120x150.jpg\",\"url\":\"https:\\\/\\\/fjala.info\\\/2009-2015\\\/wp-content\\\/uploads\\\/2012\\\/02\\\/arben_cokaj-120x150.jpg\",\"contentUrl\":\"https:\\\/\\\/fjala.info\\\/2009-2015\\\/wp-content\\\/uploads\\\/2012\\\/02\\\/arben_cokaj-120x150.jpg\",\"caption\":\"admin\"},\"description\":\"Admin, Fjala e Lir\u00eb\",\"sameAs\":[\"https:\\\/\\\/fjala.info\\\/\"],\"url\":\"https:\\\/\\\/fjala.info\\\/2009-2015\\\/author\\\/admin\\\/\"}]}<\/script>\n<!-- \/ Yoast SEO plugin. -->","yoast_head_json":{"title":"V\u00ebllez\u00ebrit Xhani, flamur lufte p\u00ebr Liri-Demokraci - FjALA e LIR\u00cb - Arkivi","robots":{"index":"index","follow":"follow","max-snippet":"max-snippet:-1","max-image-preview":"max-image-preview:large","max-video-preview":"max-video-preview:-1"},"canonical":"https:\/\/fjala.info\/2009-2015\/vellezerit-xhani-flamur-lufte-per-liri-demokraci\/","og_locale":"sq_AL","og_type":"article","og_title":"V\u00ebllez\u00ebrit Xhani, flamur lufte p\u00ebr Liri-Demokraci - FjALA e LIR\u00cb - Arkivi","og_description":"Nga: Prof. Neki Babamusta, Lond\u00ebr, 1 Janar 2012 Bajram dhe Qamil Xhani lind\u00ebn dhe u rrit\u00ebn n\u00eb trev\u00ebn fushore t\u00eb Luzit t\u00eb Madh t\u00eb Kavaj\u00ebs, nga nj\u00eb familje patriotike. P\u00ebr afro 200 vjet fisi Xhani p\u00ebrmendet si bajraktar (udh\u00ebheq\u00ebs) popullor. Prej der\u00ebs s\u00eb tij kan\u00eb dal\u00eb shum\u00eb luft\u00ebtar\u00eb p\u00ebr lirin\u00eb e Atdheut, duke p\u00ebrfshir\u00eb edhe [&hellip;]","og_url":"https:\/\/fjala.info\/2009-2015\/vellezerit-xhani-flamur-lufte-per-liri-demokraci\/","og_site_name":"FjALA e LIR\u00cb - Arkivi","article_published_time":"2012-01-02T08:36:10+00:00","og_image":[{"url":"http:\/\/www.shkoder.net\/images\/fjala\/2011\/neki_babamusta.jpg","type":"","width":"","height":""}],"author":"admin","twitter_card":"summary_large_image","twitter_misc":{"Written by":"admin","Est. reading time":"11 minutes"},"schema":{"@context":"https:\/\/schema.org","@graph":[{"@type":"Article","@id":"https:\/\/fjala.info\/2009-2015\/vellezerit-xhani-flamur-lufte-per-liri-demokraci\/#article","isPartOf":{"@id":"https:\/\/fjala.info\/2009-2015\/vellezerit-xhani-flamur-lufte-per-liri-demokraci\/"},"author":{"name":"admin","@id":"https:\/\/fjala.info\/2009-2015\/#\/schema\/person\/3aa1163ef05469c496fc94e77611ada2"},"headline":"V\u00ebllez\u00ebrit Xhani, flamur lufte p\u00ebr Liri-Demokraci","datePublished":"2012-01-02T08:36:10+00:00","mainEntityOfPage":{"@id":"https:\/\/fjala.info\/2009-2015\/vellezerit-xhani-flamur-lufte-per-liri-demokraci\/"},"wordCount":2196,"commentCount":0,"publisher":{"@id":"https:\/\/fjala.info\/2009-2015\/#organization"},"image":{"@id":"https:\/\/fjala.info\/2009-2015\/vellezerit-xhani-flamur-lufte-per-liri-demokraci\/#primaryimage"},"thumbnailUrl":"http:\/\/www.shkoder.net\/images\/fjala\/2011\/neki_babamusta.jpg","articleSection":["Artikuj"],"inLanguage":"sq-AL","potentialAction":[{"@type":"CommentAction","name":"Comment","target":["https:\/\/fjala.info\/2009-2015\/vellezerit-xhani-flamur-lufte-per-liri-demokraci\/#respond"]}]},{"@type":"WebPage","@id":"https:\/\/fjala.info\/2009-2015\/vellezerit-xhani-flamur-lufte-per-liri-demokraci\/","url":"https:\/\/fjala.info\/2009-2015\/vellezerit-xhani-flamur-lufte-per-liri-demokraci\/","name":"V\u00ebllez\u00ebrit Xhani, flamur lufte p\u00ebr Liri-Demokraci - FjALA e LIR\u00cb - Arkivi","isPartOf":{"@id":"https:\/\/fjala.info\/2009-2015\/#website"},"primaryImageOfPage":{"@id":"https:\/\/fjala.info\/2009-2015\/vellezerit-xhani-flamur-lufte-per-liri-demokraci\/#primaryimage"},"image":{"@id":"https:\/\/fjala.info\/2009-2015\/vellezerit-xhani-flamur-lufte-per-liri-demokraci\/#primaryimage"},"thumbnailUrl":"http:\/\/www.shkoder.net\/images\/fjala\/2011\/neki_babamusta.jpg","datePublished":"2012-01-02T08:36:10+00:00","breadcrumb":{"@id":"https:\/\/fjala.info\/2009-2015\/vellezerit-xhani-flamur-lufte-per-liri-demokraci\/#breadcrumb"},"inLanguage":"sq-AL","potentialAction":[{"@type":"ReadAction","target":["https:\/\/fjala.info\/2009-2015\/vellezerit-xhani-flamur-lufte-per-liri-demokraci\/"]}]},{"@type":"ImageObject","inLanguage":"sq-AL","@id":"https:\/\/fjala.info\/2009-2015\/vellezerit-xhani-flamur-lufte-per-liri-demokraci\/#primaryimage","url":"http:\/\/www.shkoder.net\/images\/fjala\/2011\/neki_babamusta.jpg","contentUrl":"http:\/\/www.shkoder.net\/images\/fjala\/2011\/neki_babamusta.jpg"},{"@type":"BreadcrumbList","@id":"https:\/\/fjala.info\/2009-2015\/vellezerit-xhani-flamur-lufte-per-liri-demokraci\/#breadcrumb","itemListElement":[{"@type":"ListItem","position":1,"name":"Home","item":"https:\/\/fjala.info\/2009-2015\/"},{"@type":"ListItem","position":2,"name":"V\u00ebllez\u00ebrit Xhani, flamur lufte p\u00ebr Liri-Demokraci"}]},{"@type":"WebSite","@id":"https:\/\/fjala.info\/2009-2015\/#website","url":"https:\/\/fjala.info\/2009-2015\/","name":"FjALA e LIR\u00cb - Arkivi","description":"Arkivi 2009-2015","publisher":{"@id":"https:\/\/fjala.info\/2009-2015\/#organization"},"potentialAction":[{"@type":"SearchAction","target":{"@type":"EntryPoint","urlTemplate":"https:\/\/fjala.info\/2009-2015\/?s={search_term_string}"},"query-input":{"@type":"PropertyValueSpecification","valueRequired":true,"valueName":"search_term_string"}}],"inLanguage":"sq-AL"},{"@type":"Organization","@id":"https:\/\/fjala.info\/2009-2015\/#organization","name":"FjALA e LIR\u00cb - Arkivi","url":"https:\/\/fjala.info\/2009-2015\/","logo":{"@type":"ImageObject","inLanguage":"sq-AL","@id":"https:\/\/fjala.info\/2009-2015\/#\/schema\/logo\/image\/","url":"","contentUrl":"","caption":"FjALA e LIR\u00cb - Arkivi"},"image":{"@id":"https:\/\/fjala.info\/2009-2015\/#\/schema\/logo\/image\/"}},{"@type":"Person","@id":"https:\/\/fjala.info\/2009-2015\/#\/schema\/person\/3aa1163ef05469c496fc94e77611ada2","name":"admin","image":{"@type":"ImageObject","inLanguage":"sq-AL","@id":"https:\/\/fjala.info\/2009-2015\/wp-content\/uploads\/2012\/02\/arben_cokaj-120x150.jpg","url":"https:\/\/fjala.info\/2009-2015\/wp-content\/uploads\/2012\/02\/arben_cokaj-120x150.jpg","contentUrl":"https:\/\/fjala.info\/2009-2015\/wp-content\/uploads\/2012\/02\/arben_cokaj-120x150.jpg","caption":"admin"},"description":"Admin, Fjala e Lir\u00eb","sameAs":["https:\/\/fjala.info\/"],"url":"https:\/\/fjala.info\/2009-2015\/author\/admin\/"}]}},"_links":{"self":[{"href":"https:\/\/fjala.info\/2009-2015\/wp-json\/wp\/v2\/posts\/926","targetHints":{"allow":["GET"]}}],"collection":[{"href":"https:\/\/fjala.info\/2009-2015\/wp-json\/wp\/v2\/posts"}],"about":[{"href":"https:\/\/fjala.info\/2009-2015\/wp-json\/wp\/v2\/types\/post"}],"author":[{"embeddable":true,"href":"https:\/\/fjala.info\/2009-2015\/wp-json\/wp\/v2\/users\/1"}],"replies":[{"embeddable":true,"href":"https:\/\/fjala.info\/2009-2015\/wp-json\/wp\/v2\/comments?post=926"}],"version-history":[{"count":0,"href":"https:\/\/fjala.info\/2009-2015\/wp-json\/wp\/v2\/posts\/926\/revisions"}],"wp:attachment":[{"href":"https:\/\/fjala.info\/2009-2015\/wp-json\/wp\/v2\/media?parent=926"}],"wp:term":[{"taxonomy":"category","embeddable":true,"href":"https:\/\/fjala.info\/2009-2015\/wp-json\/wp\/v2\/categories?post=926"},{"taxonomy":"post_tag","embeddable":true,"href":"https:\/\/fjala.info\/2009-2015\/wp-json\/wp\/v2\/tags?post=926"}],"curies":[{"name":"wp","href":"https:\/\/api.w.org\/{rel}","templated":true}]}}