{"id":920,"date":"2012-01-02T09:04:38","date_gmt":"2012-01-02T08:04:38","guid":{"rendered":"http:\/\/fjala.shkoder.net\/?p=920"},"modified":"2012-01-02T09:04:38","modified_gmt":"2012-01-02T08:04:38","slug":"predha-mbi-qytetin-e-arte","status":"publish","type":"post","link":"https:\/\/fjala.info\/2009-2015\/predha-mbi-qytetin-e-arte\/","title":{"rendered":"Predha mbi Qytetin e Art\u00eb"},"content":{"rendered":"<p><img decoding=\"async\" class=\"alignleft size-thumbnail wp-image-7236\" title=\"Prof. Neki Babamusta\" src=\"http:\/\/www.shkoder.net\/images\/fjala\/2011\/neki_babamusta.jpg\" alt=\"\" width=\"150\" \/> Nga: <strong>Prof. Neki Babamusta<\/strong>, <em>Lond\u00ebr, 1 Janar 2012<\/em><\/p>\n<p><em><strong>Rr\u00ebfim nga Bardhyl Uzuni, p\u00ebr imitimin e byros\u00eb politike n\u00eb 1990<\/strong><\/em><br \/>\n<em>Intervistoi Neki Babamusta, Kavaj\u00eb, Shtator 1992<\/em><\/p>\n<p>Kjo ngjarje ka ndodhur n\u00eb Golem t\u00eb Kavaj\u00ebs. Disa t\u00eb rinj demokrat\u00eb p\u00ebr t\u00eb v\u00ebn\u00eb n\u00eb loj\u00eb nj\u00eb diktatur\u00eb tashm\u00eb t\u00eb falimentuar organizuan nj\u00eb skew para popullit, p\u00ebr t\u00eb denigruar vlerat e an\u00ebtar\u00ebve t\u00eb byros\u00eb politike. Kjo sken\u00eb u inwizua dhe imitimi u p\u00ebrs\u00ebrit shum\u00eb her\u00eb para publikut me k\u00ebrkes\u00ebn e tij. Pushteti komunist, n\u00ebp\u00ebrmjet Sigurimit t\u00eb Shtetit, p\u00ebr t\u00eb ndaluar p\u00ebrhapjen e skewit, iu vu n\u00eb ndjekte t\u00eb rinjve dhe i arrestoi. Sipas tregimit t\u00eb vet\u00eb protagonistave t\u00eb rinj domokrat\u00eb, Bardhyl Uzuni tregon:<\/p>\n<p>L\u00ebvizja e 26 Marsit 1990 n\u00eb Kavaj\u00eb, qe nj\u00eb t\u00ebrmet tep\u00ebr i fuqish\u00ebm q\u00eb tronditi regjimin komunist n\u00eb Shqip\u00ebri. At\u00eb e pasuan, si n\u00eb t\u00ebr\u00eb Shqip\u00ebrin\u00eb edhe n\u00eb qytetin ton\u00eb, greva e demonstrata t\u00eb tjera, q\u00eb tregonin se r\u00ebnia e sistemit ishte e af\u00ebrt. N\u00eb shembullin e 26 marsit 1990, t\u00eb rinjt\u00eb antikomunist\u00eb, organizuan veprimtari me karakter politik.<\/p>\n<p>21 Gusht 1990: 10 t\u00eb rinj demokrat\u00eb, t\u00eb lidhur n\u00eb nj\u00eb mendje me bes\u00eb, realizuan n\u00eb Golem, me guxim, humor dhe satir, imitimin e byros\u00eb politike. Rolet imituese u kryen nga k\u00ebta t\u00eb rinj:<\/p>\n<blockquote><p><em>1. Bardhyl Uzuni, kreyetar grupi n\u00eb rolin e Enverit<br \/>\n2. Tanush Berberi, n\u00eb rolin e Simon Stefanit<br \/>\n3. Sajmir Gjuzi, n\u00eb rolin e Vangjel \u00c7orav\u00ebs<br \/>\n4. Madrit Pajona, n\u00eb rolin e Pali Misk\u00ebs<br \/>\n5. Ilir Tare, n\u00eb rolin e Hajredin \u00c7elikut.<\/em><\/p><\/blockquote>\n<p>&#8211; Un\u00eb si kryetar u k\u00ebrkoj llogari an\u00ebtar\u00ebve t\u00eb Byros\u00eb Politike, \u2013 thot\u00eb Enveri.<br \/>\nPali Miska u paraqit si universal, n\u00eb nj\u00eb koh\u00eb kur ai nuk merrte vesh fare nga pun\u00ebt e bujq\u00ebsis\u00eb.<br \/>\n&#8211; Detyra jote kryesore shoku Pali \u00ebsht\u00eb, q\u00eb t\u00eb na e b\u00ebsh pataten sa kok\u00ebn t\u00ebnde. &#8230;<\/p>\n<p>Shoku Hajredin, t\u00eb keni n\u00eb mbikqyrje dhe n\u00eb plan t\u00eb par\u00eb, Metallurgjikun, wlirimi i dyt\u00eb i Shqip\u00ebris\u00eb, q\u00eb i kemi dh\u00ebn\u00eb emrin m\u00eb t\u00eb ndritur t\u00eb koh\u00ebrave \u201c\u00c7eliku i Partis\u00eb\u201d, sepse vet\u00ebm k\u00ebshtu mund t\u00eb kemi welik t\u00eb past\u00ebr dhe t\u00eb art\u00eb. K\u00ebto gj\u00ebra t\u00eb nguliten ty n\u00eb tru, Sh. Hajredin, dhe t\u2019u mos u shmangesh p\u00ebr asnj\u00eb moment, &#8211; vazhdon Enveri.<\/p>\n<p>&#8211; Shoku Vangjel \u00c7orava: duke punuar e duke jetuar n\u00eb t\u00ebr\u00eb digasteret, si revolucionar, me ndjenja t\u00eb larta p\u00ebrgjegj\u00ebsie dhe duke mos patur frik\u00eb p\u00ebr asnj\u00eb moment p\u00ebr as k\u00ebrk\u00ebnd dhe nj\u00ebkoh\u00ebsisht t\u00eb mos hezitojm\u00eb t\u2019u tregojm\u00eb vendin atyre q\u00eb na kan\u00eb dashur apo edhe ndonj\u00eb personi t\u00eb caktur, q\u00eb k\u00ebrkojn\u00eb ta p\u00ebrmbysin Pushtetin Popullor, Socializmin, t\u00eb cilin e kemi nd\u00ebrtuar me forcat tona. Po qe nevoja &#8230; k\u00ebto fitore do t\u2019i mbrojm\u00eb edhe me gjak, sepse me gjak erdh\u00ebm n\u00eb pushtet.<\/p>\n<p>&#8211; Shoku Simon Stefani: keni detyr\u00ebn m\u00eb t\u00eb v\u00ebshtir\u00eb q\u00eb iu ka ngarkuar Byroja Politike, por tep\u00ebr t\u00eb lavdishme. Pavar\u00ebsisht se jeni i shkurt\u00ebr, por partia ju ka besuar dhe ju ka vler\u00ebsuar si nj\u00eb ar t\u00eb gjall\u00eb.<\/p>\n<p>&#8211; Ja kam dh\u00ebn\u00eb fjal\u00ebn Partis\u00eb, &#8211; p\u00ebrgjigjet Simoni. Dhe jam plot\u00ebsisht i vendosur p\u00ebr bindjet e mija politike, q\u00eb i p\u00ebrkasin partis\u00eb time. Vij\u00ebn e Partis\u00eb do ta mbroj deri n\u00eb fund, qoft\u00eb edhe me jet\u00ebn time.<\/p>\n<p>&#8211; Mos u mburr kaq shum\u00eb, se s\u2019dukesh i till\u00eb, &#8211; p\u00ebrgjigjet Enveri plot humor.<br \/>\n&#8211; M\u00eb falni shoku Enver. Un\u00eb nuk kam p\u00ebrse t\u00eb mburrem, sepse p\u00ebr detyr\u00ebn q\u00eb m\u00eb keni ngarkuar, flasin vet\u00eb faktet. U keni gjetur vendin kund\u00ebrshtar\u00ebve tan\u00eb.<\/p>\n<p>&#8211; Ne kemi b\u00ebr\u00eb betimin p\u00ebrpara N\u00ebn\u00ebs son\u00eb Parti, &#8211; thot\u00eb Enveri. Ju kemi zgjedhur si besnik\u00eb t\u00eb Partis\u00eb, panvar\u00ebsisht se sa vlera keni &#8230; Nuk m\u00eb sh\u00ebrbyet dhe nuk zbatuat mendimet dhe vendimet e mija, varuni vet\u00eb&#8230;<\/p>\n<p>Ky ske\u00e7 satirik dhe plot humor u mir\u00ebprit dhe u duartrokit nga spektator\u00ebt e pranish\u00ebm.<br \/>\nPolici n\u00eb sh\u00ebrbim Mahmut Canaj, dit\u00ebn e gjygjit pranoi pushimin dhe k\u00ebrc\u00ebnimet, dhe nuk e pranoi aktakuz\u00ebn ndaj nesh.<\/p>\n<p>Me 28 gusht 1990 m\u00eb arrestojn\u00eb. N\u00eb hetusi, m\u00eb paraqit\u00ebn aktakuz\u00ebn: \u201cDenigrimi i Komunitetit Q\u00ebndror (K.Q.) dhe i Byros\u00eb Politike.\u201d Si nuk pranuam aktakuz\u00ebn, filluan t\u00eb na keqtrajtojn\u00eb, t\u00eb na rrahin dy her\u00eb n\u00eb dit\u00eb.<\/p>\n<p>Nga frika e mosp\u00ebrhapjes s\u00eb ngjarjes, me akuz\u00ebn \u201csipas nenit 129, p\u00ebr prishje t\u00eb qet\u00ebsis\u00eb publike\u201d vendos\u00ebn nenin 118 p\u00ebr \u201cfyerje e shpifje kund\u00ebr autoriteteve t\u00eb larta.\u201d<\/p>\n<p>P\u00ebr dy muaj e gjys\u00ebm m\u00eb mbajt\u00ebn n\u00eb hetusi, lidhur me pranga nd\u00ebr biruca. Prind\u00ebrit dhe t\u00eb af\u00ebrmit nuk na i lejonin q\u00eb t\u00eb na takonin.<\/p>\n<p>10 shtator 1990, u zhvillua gjygji me dyer t\u00eb mbyllura. Pytjet q\u00eb nga b\u00ebnin, ishin tep\u00ebr qesharake. Gjygjtari, me gjith\u00ebse e kishte t\u00eb qart\u00eb, po ishte i vendosur p\u00ebr zbatimin e vendimit, me q\u00ebllim q\u00eb t\u00eb mos t\u00eb c\u00ebnohej partia dhe byroja poltike.<\/p>\n<p>Seanca u nd\u00ebrpre dhe u shty p\u00ebr 12 shtator 1990. Me q\u00eb kishin t\u00eb b\u00ebnin me nj\u00eb rast t\u00eb rradh\u00eb, Sekretari i Partis\u00eb s\u00eb Rrethit, k\u00ebrkonte mbarimin e gjygjit sa m\u00eb shpejt. Gjygjtarin dikush e telefonoi. Me 21 shtator u zhvillua seanca p\u00ebrfundimtare, q\u00eb zgjati nga ora 10 deri n\u00eb or\u00ebn 21 t\u00eb dark\u00ebs. Vendimi ishte ky:<\/p>\n<blockquote><p><em>1. Bardhyl Uzuni, Kryetari i grupit: 5 vjet heqje lirije<br \/>\n2. Madrid Pojana: 3 vjet e gjys\u00ebm heqje lirije<br \/>\n3. Sajmir Gjuzi: 3 vjet e gjys\u00ebm heqje lirije<br \/>\n4. Tanush Berberi: 1 vjet heqje lirije<br \/>\n5. Ilir Tare: 6 muaj heqje lirije.<\/em><\/p><\/blockquote>\n<p>T\u00eb gjith\u00eb d\u00ebshmitar\u00ebt nuk e miratuan vendimin e trupit gjykues, por deklaronin se kemi d\u00ebgjuar parrullat: \u201cEnver \u2013 Hitler\u201d, \u201cPosht\u00eb Stalinist\u00ebt e Bot\u00ebs!\u201d, \u201cShqip\u00ebria do t\u00eb b\u00ebhet si Amerika! &#8230;\u201d<br \/>\nMe urdh\u00ebr nga lart u la n\u00eb fuqi vendimi i par\u00eb. N\u00eb Bat\u00ebr t\u00eb Martaneshit (Elbasan) provuam tmerret e burgjeve komuniste. Afrimi drejt dit\u00ebve t\u00eb Demokracis\u00eb b\u00ebri t\u00eb mundur lirimin ton\u00eb para kohe.<\/p>\n","protected":false},"excerpt":{"rendered":"<p>Nga: Prof. Neki Babamusta, Lond\u00ebr, 1 Janar 2012 Rr\u00ebfim nga Bardhyl Uzuni, p\u00ebr imitimin e byros\u00eb politike n\u00eb 1990 Intervistoi Neki Babamusta, Kavaj\u00eb, Shtator 1992 Kjo ngjarje ka ndodhur n\u00eb Golem t\u00eb Kavaj\u00ebs. Disa t\u00eb rinj demokrat\u00eb p\u00ebr t\u00eb v\u00ebn\u00eb n\u00eb loj\u00eb nj\u00eb diktatur\u00eb tashm\u00eb t\u00eb falimentuar organizuan nj\u00eb skew para popullit, p\u00ebr t\u00eb denigruar [&hellip;]<\/p>\n","protected":false},"author":1,"featured_media":0,"comment_status":"open","ping_status":"closed","sticky":false,"template":"","format":"standard","meta":{"footnotes":""},"categories":[2],"tags":[],"class_list":{"0":"post-920","1":"post","2":"type-post","3":"status-publish","4":"format-standard","6":"category-artikuj"},"yoast_head":"<!-- This site is optimized with the Yoast SEO plugin v27.4 - https:\/\/yoast.com\/product\/yoast-seo-wordpress\/ -->\n<title>Predha mbi Qytetin e Art\u00eb - FjALA e LIR\u00cb - Arkivi<\/title>\n<meta name=\"robots\" content=\"index, follow, max-snippet:-1, max-image-preview:large, max-video-preview:-1\" \/>\n<link rel=\"canonical\" href=\"https:\/\/fjala.info\/2009-2015\/predha-mbi-qytetin-e-arte\/\" \/>\n<meta property=\"og:locale\" content=\"sq_AL\" \/>\n<meta property=\"og:type\" content=\"article\" \/>\n<meta property=\"og:title\" content=\"Predha mbi Qytetin e Art\u00eb - FjALA e LIR\u00cb - Arkivi\" \/>\n<meta property=\"og:description\" content=\"Nga: Prof. Neki Babamusta, Lond\u00ebr, 1 Janar 2012 Rr\u00ebfim nga Bardhyl Uzuni, p\u00ebr imitimin e byros\u00eb politike n\u00eb 1990 Intervistoi Neki Babamusta, Kavaj\u00eb, Shtator 1992 Kjo ngjarje ka ndodhur n\u00eb Golem t\u00eb Kavaj\u00ebs. Disa t\u00eb rinj demokrat\u00eb p\u00ebr t\u00eb v\u00ebn\u00eb n\u00eb loj\u00eb nj\u00eb diktatur\u00eb tashm\u00eb t\u00eb falimentuar organizuan nj\u00eb skew para popullit, p\u00ebr t\u00eb denigruar [&hellip;]\" \/>\n<meta property=\"og:url\" content=\"https:\/\/fjala.info\/2009-2015\/predha-mbi-qytetin-e-arte\/\" \/>\n<meta property=\"og:site_name\" content=\"FjALA e LIR\u00cb - Arkivi\" \/>\n<meta property=\"article:published_time\" content=\"2012-01-02T08:04:38+00:00\" \/>\n<meta property=\"og:image\" content=\"http:\/\/www.shkoder.net\/images\/fjala\/2011\/neki_babamusta.jpg\" \/>\n<meta name=\"author\" content=\"admin\" \/>\n<meta name=\"twitter:card\" content=\"summary_large_image\" \/>\n<meta name=\"twitter:label1\" content=\"Written by\" \/>\n\t<meta name=\"twitter:data1\" content=\"admin\" \/>\n\t<meta name=\"twitter:label2\" content=\"Est. reading time\" \/>\n\t<meta name=\"twitter:data2\" content=\"5 minutes\" \/>\n<script type=\"application\/ld+json\" class=\"yoast-schema-graph\">{\"@context\":\"https:\\\/\\\/schema.org\",\"@graph\":[{\"@type\":\"Article\",\"@id\":\"https:\\\/\\\/fjala.info\\\/2009-2015\\\/predha-mbi-qytetin-e-arte\\\/#article\",\"isPartOf\":{\"@id\":\"https:\\\/\\\/fjala.info\\\/2009-2015\\\/predha-mbi-qytetin-e-arte\\\/\"},\"author\":{\"name\":\"admin\",\"@id\":\"https:\\\/\\\/fjala.info\\\/2009-2015\\\/#\\\/schema\\\/person\\\/3aa1163ef05469c496fc94e77611ada2\"},\"headline\":\"Predha mbi Qytetin e Art\u00eb\",\"datePublished\":\"2012-01-02T08:04:38+00:00\",\"mainEntityOfPage\":{\"@id\":\"https:\\\/\\\/fjala.info\\\/2009-2015\\\/predha-mbi-qytetin-e-arte\\\/\"},\"wordCount\":1023,\"commentCount\":0,\"publisher\":{\"@id\":\"https:\\\/\\\/fjala.info\\\/2009-2015\\\/#organization\"},\"image\":{\"@id\":\"https:\\\/\\\/fjala.info\\\/2009-2015\\\/predha-mbi-qytetin-e-arte\\\/#primaryimage\"},\"thumbnailUrl\":\"http:\\\/\\\/www.shkoder.net\\\/images\\\/fjala\\\/2011\\\/neki_babamusta.jpg\",\"articleSection\":[\"Artikuj\"],\"inLanguage\":\"sq-AL\",\"potentialAction\":[{\"@type\":\"CommentAction\",\"name\":\"Comment\",\"target\":[\"https:\\\/\\\/fjala.info\\\/2009-2015\\\/predha-mbi-qytetin-e-arte\\\/#respond\"]}]},{\"@type\":\"WebPage\",\"@id\":\"https:\\\/\\\/fjala.info\\\/2009-2015\\\/predha-mbi-qytetin-e-arte\\\/\",\"url\":\"https:\\\/\\\/fjala.info\\\/2009-2015\\\/predha-mbi-qytetin-e-arte\\\/\",\"name\":\"Predha mbi Qytetin e Art\u00eb - FjALA e LIR\u00cb - Arkivi\",\"isPartOf\":{\"@id\":\"https:\\\/\\\/fjala.info\\\/2009-2015\\\/#website\"},\"primaryImageOfPage\":{\"@id\":\"https:\\\/\\\/fjala.info\\\/2009-2015\\\/predha-mbi-qytetin-e-arte\\\/#primaryimage\"},\"image\":{\"@id\":\"https:\\\/\\\/fjala.info\\\/2009-2015\\\/predha-mbi-qytetin-e-arte\\\/#primaryimage\"},\"thumbnailUrl\":\"http:\\\/\\\/www.shkoder.net\\\/images\\\/fjala\\\/2011\\\/neki_babamusta.jpg\",\"datePublished\":\"2012-01-02T08:04:38+00:00\",\"breadcrumb\":{\"@id\":\"https:\\\/\\\/fjala.info\\\/2009-2015\\\/predha-mbi-qytetin-e-arte\\\/#breadcrumb\"},\"inLanguage\":\"sq-AL\",\"potentialAction\":[{\"@type\":\"ReadAction\",\"target\":[\"https:\\\/\\\/fjala.info\\\/2009-2015\\\/predha-mbi-qytetin-e-arte\\\/\"]}]},{\"@type\":\"ImageObject\",\"inLanguage\":\"sq-AL\",\"@id\":\"https:\\\/\\\/fjala.info\\\/2009-2015\\\/predha-mbi-qytetin-e-arte\\\/#primaryimage\",\"url\":\"http:\\\/\\\/www.shkoder.net\\\/images\\\/fjala\\\/2011\\\/neki_babamusta.jpg\",\"contentUrl\":\"http:\\\/\\\/www.shkoder.net\\\/images\\\/fjala\\\/2011\\\/neki_babamusta.jpg\"},{\"@type\":\"BreadcrumbList\",\"@id\":\"https:\\\/\\\/fjala.info\\\/2009-2015\\\/predha-mbi-qytetin-e-arte\\\/#breadcrumb\",\"itemListElement\":[{\"@type\":\"ListItem\",\"position\":1,\"name\":\"Home\",\"item\":\"https:\\\/\\\/fjala.info\\\/2009-2015\\\/\"},{\"@type\":\"ListItem\",\"position\":2,\"name\":\"Predha mbi Qytetin e Art\u00eb\"}]},{\"@type\":\"WebSite\",\"@id\":\"https:\\\/\\\/fjala.info\\\/2009-2015\\\/#website\",\"url\":\"https:\\\/\\\/fjala.info\\\/2009-2015\\\/\",\"name\":\"FjALA e LIR\u00cb - Arkivi\",\"description\":\"Arkivi 2009-2015\",\"publisher\":{\"@id\":\"https:\\\/\\\/fjala.info\\\/2009-2015\\\/#organization\"},\"potentialAction\":[{\"@type\":\"SearchAction\",\"target\":{\"@type\":\"EntryPoint\",\"urlTemplate\":\"https:\\\/\\\/fjala.info\\\/2009-2015\\\/?s={search_term_string}\"},\"query-input\":{\"@type\":\"PropertyValueSpecification\",\"valueRequired\":true,\"valueName\":\"search_term_string\"}}],\"inLanguage\":\"sq-AL\"},{\"@type\":\"Organization\",\"@id\":\"https:\\\/\\\/fjala.info\\\/2009-2015\\\/#organization\",\"name\":\"FjALA e LIR\u00cb - Arkivi\",\"url\":\"https:\\\/\\\/fjala.info\\\/2009-2015\\\/\",\"logo\":{\"@type\":\"ImageObject\",\"inLanguage\":\"sq-AL\",\"@id\":\"https:\\\/\\\/fjala.info\\\/2009-2015\\\/#\\\/schema\\\/logo\\\/image\\\/\",\"url\":\"\",\"contentUrl\":\"\",\"caption\":\"FjALA e LIR\u00cb - Arkivi\"},\"image\":{\"@id\":\"https:\\\/\\\/fjala.info\\\/2009-2015\\\/#\\\/schema\\\/logo\\\/image\\\/\"}},{\"@type\":\"Person\",\"@id\":\"https:\\\/\\\/fjala.info\\\/2009-2015\\\/#\\\/schema\\\/person\\\/3aa1163ef05469c496fc94e77611ada2\",\"name\":\"admin\",\"image\":{\"@type\":\"ImageObject\",\"inLanguage\":\"sq-AL\",\"@id\":\"https:\\\/\\\/fjala.info\\\/2009-2015\\\/wp-content\\\/uploads\\\/2012\\\/02\\\/arben_cokaj-120x150.jpg\",\"url\":\"https:\\\/\\\/fjala.info\\\/2009-2015\\\/wp-content\\\/uploads\\\/2012\\\/02\\\/arben_cokaj-120x150.jpg\",\"contentUrl\":\"https:\\\/\\\/fjala.info\\\/2009-2015\\\/wp-content\\\/uploads\\\/2012\\\/02\\\/arben_cokaj-120x150.jpg\",\"caption\":\"admin\"},\"description\":\"Admin, Fjala e Lir\u00eb\",\"sameAs\":[\"https:\\\/\\\/fjala.info\\\/\"],\"url\":\"https:\\\/\\\/fjala.info\\\/2009-2015\\\/author\\\/admin\\\/\"}]}<\/script>\n<!-- \/ Yoast SEO plugin. -->","yoast_head_json":{"title":"Predha mbi Qytetin e Art\u00eb - FjALA e LIR\u00cb - Arkivi","robots":{"index":"index","follow":"follow","max-snippet":"max-snippet:-1","max-image-preview":"max-image-preview:large","max-video-preview":"max-video-preview:-1"},"canonical":"https:\/\/fjala.info\/2009-2015\/predha-mbi-qytetin-e-arte\/","og_locale":"sq_AL","og_type":"article","og_title":"Predha mbi Qytetin e Art\u00eb - FjALA e LIR\u00cb - Arkivi","og_description":"Nga: Prof. Neki Babamusta, Lond\u00ebr, 1 Janar 2012 Rr\u00ebfim nga Bardhyl Uzuni, p\u00ebr imitimin e byros\u00eb politike n\u00eb 1990 Intervistoi Neki Babamusta, Kavaj\u00eb, Shtator 1992 Kjo ngjarje ka ndodhur n\u00eb Golem t\u00eb Kavaj\u00ebs. Disa t\u00eb rinj demokrat\u00eb p\u00ebr t\u00eb v\u00ebn\u00eb n\u00eb loj\u00eb nj\u00eb diktatur\u00eb tashm\u00eb t\u00eb falimentuar organizuan nj\u00eb skew para popullit, p\u00ebr t\u00eb denigruar [&hellip;]","og_url":"https:\/\/fjala.info\/2009-2015\/predha-mbi-qytetin-e-arte\/","og_site_name":"FjALA e LIR\u00cb - Arkivi","article_published_time":"2012-01-02T08:04:38+00:00","og_image":[{"url":"http:\/\/www.shkoder.net\/images\/fjala\/2011\/neki_babamusta.jpg","type":"","width":"","height":""}],"author":"admin","twitter_card":"summary_large_image","twitter_misc":{"Written by":"admin","Est. reading time":"5 minutes"},"schema":{"@context":"https:\/\/schema.org","@graph":[{"@type":"Article","@id":"https:\/\/fjala.info\/2009-2015\/predha-mbi-qytetin-e-arte\/#article","isPartOf":{"@id":"https:\/\/fjala.info\/2009-2015\/predha-mbi-qytetin-e-arte\/"},"author":{"name":"admin","@id":"https:\/\/fjala.info\/2009-2015\/#\/schema\/person\/3aa1163ef05469c496fc94e77611ada2"},"headline":"Predha mbi Qytetin e Art\u00eb","datePublished":"2012-01-02T08:04:38+00:00","mainEntityOfPage":{"@id":"https:\/\/fjala.info\/2009-2015\/predha-mbi-qytetin-e-arte\/"},"wordCount":1023,"commentCount":0,"publisher":{"@id":"https:\/\/fjala.info\/2009-2015\/#organization"},"image":{"@id":"https:\/\/fjala.info\/2009-2015\/predha-mbi-qytetin-e-arte\/#primaryimage"},"thumbnailUrl":"http:\/\/www.shkoder.net\/images\/fjala\/2011\/neki_babamusta.jpg","articleSection":["Artikuj"],"inLanguage":"sq-AL","potentialAction":[{"@type":"CommentAction","name":"Comment","target":["https:\/\/fjala.info\/2009-2015\/predha-mbi-qytetin-e-arte\/#respond"]}]},{"@type":"WebPage","@id":"https:\/\/fjala.info\/2009-2015\/predha-mbi-qytetin-e-arte\/","url":"https:\/\/fjala.info\/2009-2015\/predha-mbi-qytetin-e-arte\/","name":"Predha mbi Qytetin e Art\u00eb - FjALA e LIR\u00cb - Arkivi","isPartOf":{"@id":"https:\/\/fjala.info\/2009-2015\/#website"},"primaryImageOfPage":{"@id":"https:\/\/fjala.info\/2009-2015\/predha-mbi-qytetin-e-arte\/#primaryimage"},"image":{"@id":"https:\/\/fjala.info\/2009-2015\/predha-mbi-qytetin-e-arte\/#primaryimage"},"thumbnailUrl":"http:\/\/www.shkoder.net\/images\/fjala\/2011\/neki_babamusta.jpg","datePublished":"2012-01-02T08:04:38+00:00","breadcrumb":{"@id":"https:\/\/fjala.info\/2009-2015\/predha-mbi-qytetin-e-arte\/#breadcrumb"},"inLanguage":"sq-AL","potentialAction":[{"@type":"ReadAction","target":["https:\/\/fjala.info\/2009-2015\/predha-mbi-qytetin-e-arte\/"]}]},{"@type":"ImageObject","inLanguage":"sq-AL","@id":"https:\/\/fjala.info\/2009-2015\/predha-mbi-qytetin-e-arte\/#primaryimage","url":"http:\/\/www.shkoder.net\/images\/fjala\/2011\/neki_babamusta.jpg","contentUrl":"http:\/\/www.shkoder.net\/images\/fjala\/2011\/neki_babamusta.jpg"},{"@type":"BreadcrumbList","@id":"https:\/\/fjala.info\/2009-2015\/predha-mbi-qytetin-e-arte\/#breadcrumb","itemListElement":[{"@type":"ListItem","position":1,"name":"Home","item":"https:\/\/fjala.info\/2009-2015\/"},{"@type":"ListItem","position":2,"name":"Predha mbi Qytetin e Art\u00eb"}]},{"@type":"WebSite","@id":"https:\/\/fjala.info\/2009-2015\/#website","url":"https:\/\/fjala.info\/2009-2015\/","name":"FjALA e LIR\u00cb - Arkivi","description":"Arkivi 2009-2015","publisher":{"@id":"https:\/\/fjala.info\/2009-2015\/#organization"},"potentialAction":[{"@type":"SearchAction","target":{"@type":"EntryPoint","urlTemplate":"https:\/\/fjala.info\/2009-2015\/?s={search_term_string}"},"query-input":{"@type":"PropertyValueSpecification","valueRequired":true,"valueName":"search_term_string"}}],"inLanguage":"sq-AL"},{"@type":"Organization","@id":"https:\/\/fjala.info\/2009-2015\/#organization","name":"FjALA e LIR\u00cb - Arkivi","url":"https:\/\/fjala.info\/2009-2015\/","logo":{"@type":"ImageObject","inLanguage":"sq-AL","@id":"https:\/\/fjala.info\/2009-2015\/#\/schema\/logo\/image\/","url":"","contentUrl":"","caption":"FjALA e LIR\u00cb - Arkivi"},"image":{"@id":"https:\/\/fjala.info\/2009-2015\/#\/schema\/logo\/image\/"}},{"@type":"Person","@id":"https:\/\/fjala.info\/2009-2015\/#\/schema\/person\/3aa1163ef05469c496fc94e77611ada2","name":"admin","image":{"@type":"ImageObject","inLanguage":"sq-AL","@id":"https:\/\/fjala.info\/2009-2015\/wp-content\/uploads\/2012\/02\/arben_cokaj-120x150.jpg","url":"https:\/\/fjala.info\/2009-2015\/wp-content\/uploads\/2012\/02\/arben_cokaj-120x150.jpg","contentUrl":"https:\/\/fjala.info\/2009-2015\/wp-content\/uploads\/2012\/02\/arben_cokaj-120x150.jpg","caption":"admin"},"description":"Admin, Fjala e Lir\u00eb","sameAs":["https:\/\/fjala.info\/"],"url":"https:\/\/fjala.info\/2009-2015\/author\/admin\/"}]}},"_links":{"self":[{"href":"https:\/\/fjala.info\/2009-2015\/wp-json\/wp\/v2\/posts\/920","targetHints":{"allow":["GET"]}}],"collection":[{"href":"https:\/\/fjala.info\/2009-2015\/wp-json\/wp\/v2\/posts"}],"about":[{"href":"https:\/\/fjala.info\/2009-2015\/wp-json\/wp\/v2\/types\/post"}],"author":[{"embeddable":true,"href":"https:\/\/fjala.info\/2009-2015\/wp-json\/wp\/v2\/users\/1"}],"replies":[{"embeddable":true,"href":"https:\/\/fjala.info\/2009-2015\/wp-json\/wp\/v2\/comments?post=920"}],"version-history":[{"count":0,"href":"https:\/\/fjala.info\/2009-2015\/wp-json\/wp\/v2\/posts\/920\/revisions"}],"wp:attachment":[{"href":"https:\/\/fjala.info\/2009-2015\/wp-json\/wp\/v2\/media?parent=920"}],"wp:term":[{"taxonomy":"category","embeddable":true,"href":"https:\/\/fjala.info\/2009-2015\/wp-json\/wp\/v2\/categories?post=920"},{"taxonomy":"post_tag","embeddable":true,"href":"https:\/\/fjala.info\/2009-2015\/wp-json\/wp\/v2\/tags?post=920"}],"curies":[{"name":"wp","href":"https:\/\/api.w.org\/{rel}","templated":true}]}}