{"id":918,"date":"2012-01-02T09:00:03","date_gmt":"2012-01-02T08:00:03","guid":{"rendered":"http:\/\/fjala.shkoder.net\/?p=918"},"modified":"2012-01-02T09:00:03","modified_gmt":"2012-01-02T08:00:03","slug":"at-e-bir-te-rene-per-atdhe-ne-nje-dite-tek-beteja-e-gerhotit-gjirokaster","status":"publish","type":"post","link":"https:\/\/fjala.info\/2009-2015\/at-e-bir-te-rene-per-atdhe-ne-nje-dite-tek-beteja-e-gerhotit-gjirokaster\/","title":{"rendered":"At e bir t\u00eb r\u00ebn\u00eb p\u00ebr Atdhe n\u00eb nj\u00eb dit\u00eb tek beteja e G\u00ebrhotit, Gjirokast\u00ebr"},"content":{"rendered":"<p><img decoding=\"async\" class=\"alignleft size-thumbnail wp-image-7236\" title=\"Prof. Neki Babamusta\" src=\"http:\/\/www.shkoder.net\/images\/fjala\/2011\/neki_babamusta.jpg\" alt=\"\" width=\"150\" \/> Nga: <strong>Prof. Neki Babamusta<\/strong>, <em>Lond\u00ebr, 1 janar 2012<\/em><\/p>\n<p>Nano Sako Gjoni ka lindur n\u00eb Picar t\u00eb Gjirokastr\u00ebs me 15.1.1894. Nd\u00ebrsa i biri, Hasan Nano Gjoni, ka lindur me 12.12.1927 po n\u00eb Picar t\u00eb Gjirokastr\u00ebs.<\/p>\n<p>Nano Gjoni rrjedh prej nj\u00eb familje t\u00eb mesme, me tradita patriotike dhe fetare. P\u00ebrkrah fisit t\u00eb tij, q\u00eb n\u00eb mosh\u00ebn 16-vej\u00e7are, luftoi me arm\u00eb n\u00eb dor\u00eb kund\u00ebr pushtuesve turq, grek, italian dhe serb. Vatra e tij strehoi luft\u00ebtar\u00ebt e liris\u00eb \u00c7elo Picarin,Vath Dervish Hasanin, \u00c7er\u00e7iz e Mihal Gramenon. Ai kund\u00ebrshtoi me forc\u00eb bandat e Asat Pash\u00eb Toptanit, ku mbeti i vrar\u00eb i v\u00ebllai, Braho Sako Gjoni dhe kush\u00ebriri i tij, Dari Gjoni.<\/p>\n<p>P\u00ebr kontributin e dh\u00ebn\u00eb n\u00eb zbatim t\u00eb vendimeve t\u00eb Kongresit t\u00eb Lushnjes (janar 1920), Nano Gjoni u gradua si oficer. Trim\u00ebsis\u00eb s\u00eb Nanos, populli i thuri k\u00ebto vargje:<\/p>\n<blockquote><p><em>\u201cO Nano Sako Gjoni,<br \/>\nMore dyfekun shkove,<br \/>\nPorsi p\u00ebllumb fluturove,<br \/>\nHakun e xhaxha Zenelit more,<br \/>\nP\u00ebr Shqip\u00ebrin\u00eb luftove,<br \/>\nlule Nano Gjoni, lule &#8230;\u201d <\/em><\/p><\/blockquote>\n<p>(<em>k\u00ebng\u00eb popullore<\/em>)<\/p>\n<p>Nano Gjoni ishte p\u00ebrkrah t\u00eb varf\u00ebrve dhe kund\u00ebrshtar i vendosur ndaj feudal\u00ebve raksionar\u00eb.<\/p>\n<p>Si patriot, i brumosur me idet\u00eb e Ismail Qemalit, merr pjes\u00eb n\u00eb Kuvendin e Vlor\u00ebs n\u00eb vitin 1912, si delegat i Picarit t\u00eb Gjirokastr\u00ebs. Pastaj kaloi n\u00eb emigrim n\u00eb Greqi, Turqi dhe Amerik\u00eb. Pasi u kthey nga emigracioni, n\u00eb Gjirokast\u00ebr formoi nj\u00eb \u00e7et\u00eb luftarake, e cila mori pjes\u00eb n\u00eb Luft\u00ebn e Vlor\u00ebs n\u00eb qershor 1920, p\u00ebr t\u00eb luftuar kund\u00ebr pushtuesit italian. \u00c7eta e tij e kishte emrin \u201cShqiponja\u201d.<\/p>\n<p>Pushtimin e Shqip\u00ebris\u00eb nga Italia fashiste, me 7 prill 1939, Nano e priti me indinjat\u00eb t\u00eb thell\u00eb. Si trimi Mujo Ulqinaku n\u00eb Durr\u00ebs, edhe Nanoja e zgjeroi \u00e7et\u00ebn e tij, p\u00ebr t\u00eb vazhduar rezistenc\u00ebn kundra pushtuesve fashist\u00eb.<\/p>\n<p>Partia Komuniste Shqiptare (P.K.Sh.-ja), i b\u00ebri thirrje Nanos t\u00eb luftonte n\u00ebn komand\u00ebn e saj. Por Nanoja nuk pranoi, sepse shihte tek Komunizmi skllav\u00ebrimin e ardhsh\u00ebm t\u00eb Shqip\u00ebris\u00eb, si bashk\u00ebpun\u00ebtore me serb\u00ebt dhe Rusin\u00eb e Stalinit. Nanoja nuk pranonte simbolin e tyre komunist, yllin e kuq. P\u00ebrkundrazi, ideali i tij ishte Atdheu, flamuri i Sk\u00ebnderbeut dhe i Naim Frash\u00ebrit, me shkab\u00ebn e zez\u00eb dykrenare. E megjithat\u00eb, me \u00e7et\u00ebn e tij, ai vazhdonte t\u2019u shkaktonte d\u00ebme t\u00eb m\u00ebdha pushtuesve italian.<\/p>\n<p>Idet\u00eb e tij pajtoheshin me nacionalist\u00ebt dhe demokrat\u00eb si Mustafa Gjinishi, Hysni Lepenica e Sk\u00ebnder Mu\u00e7o, q\u00eb luftonin p\u00ebr nj\u00eb Shqip\u00ebri pluraliste dhe t\u00eb bashkuar me Kosov\u00ebn. P\u00ebr k\u00ebt\u00eb arsye, ai mori pjes\u00eb n\u00eb Konferenc\u00ebn e Mukjes, me 2 gusht 1943, n\u00eb Kruj\u00eb. Aty, u shpalos haptazi pabesia e P.K.SH.-s\u00eb, q\u00eb nuk pranoi dy forcat opozitare, Ballin Komb\u00ebtar dhe Legalitetin q\u00eb t\u00eb luftonin s\u00eb bashku kund\u00ebr pushtuesve. Partia Komuniste Shqiptare, duke p\u00ebrfituar nga \u201cindiferentizmi\u201d i Fuqive t\u00eb M\u00ebdha, t\u00eb cil\u00ebt nuk i b\u00ebn\u00eb vler\u00ebsimin e duhur rrezikun e komunizmit n\u00eb Shqip\u00ebri. Fuqit\u00eb e M\u00ebdha shpresonin se me kalimin e koh\u00ebs, komunist\u00ebt e Tiran\u00ebs do e nd\u00ebrronin kursin e tyre gradualisht, si\u00e7 b\u00ebri Titoja. Por kjo nuk ndodhi. Komunist\u00ebt u fuqizuan n\u00eb Shqip\u00ebri, drejtuan luft\u00ebn \u00e7lirimtare dhe mor\u00ebn pushtetin.<\/p>\n<p>Partia Komuniste e Shqip\u00ebris\u00eb i akuzonte k\u00ebto dy parti si bashk\u00ebpunues me pushtuesit (italian\u00eb dhe gjerman\u00eb), duke u bazuar n\u00eb aktivitetet e disa ekstremist\u00ebve.<\/p>\n<p>Por, dy paratit\u00eb opozitare (Balli Komb\u00ebtar dhe Legaliteti) e vazhduan luft\u00ebn me \u00e7etat e tyre kundra pushtuesve. Ata nuk i tradh\u00ebtuan idealet e tyre p\u00ebr lirin\u00eb e vendit. Idet\u00eb e Mithat Frash\u00ebrit (udh\u00ebheq\u00ebs i Ballit Komb\u00ebtar) dhe t\u00eb Abas Kupit (legalist dhe komandant i forcave nacionaliste) ishin liria e kombit.<\/p>\n<p>Pas Konferenc\u00ebs s\u00eb Mukjes, Nano Gjoni me 14 shtator 1943 shkon n\u00eb G\u00ebrhot t\u00eb Gjirokastr\u00ebs. Me \u00e7et\u00ebn \u201cShqiponja\u201d ai rrethon divizionin italian, p\u00ebr t\u2019i marr\u00eb arm\u00ebt dhe muniocionet, p\u00ebr t\u2019i p\u00ebrdorur kund\u00ebr pushtuesve t\u00eb rinj, gjerman\u00eb. Por drejtuesit komunist\u00eb, si Bedri Spahiu dhe Shemzi Totozani, me dredhi, b\u00ebn\u00eb marr\u00ebveshje t\u00eb fsheht\u00eb me gjeneralin italian q\u00eb t\u2019a q\u00ebllonin \u00e7et\u00ebn e Nano Gjonit, me pretekstin se \u00e7eta e tij kishte sulmuar rojet e baz\u00ebs italiane. Kjo lloj p\u00ebrpjekje organizuar nga komunist\u00ebt, hapi nj\u00eb luft\u00eb civile v\u00eblla-vras\u00ebse midis forcave partizane dhe forcave nacionaliste. N\u00eb luft\u00eb e sip\u00ebr u vra Hysni Lepenica, Nano Gjoni, dhe 30 trimat e tij. N\u00eb fush\u00ebn e betej\u00ebs me flamurin e Sk\u00ebnderbeut n\u00eb dor\u00eb, ra edhe 16-vje\u00e7ari, Hasani, i biri i Nano Gjonit.<\/p>\n<p>Kjo kasaphan\u00eb, e kurdisur nga xhelat\u00ebt komunist\u00eb, i tronditi thell\u00eb zemrat e popullit. Populli s\u00ebrish u k\u00ebndon trimave t\u00eb r\u00ebn\u00eb:<\/p>\n<blockquote><p><em>\u201c\u00c7eta nacionaliste,<br \/>\nRrethon G\u00ebrhotin\u00eb,<br \/>\nI pari sulmove me bomba dore,<br \/>\nLule Nano Gjoni, lule* &#8230;.\u201d <\/em><\/p><\/blockquote>\n<p>(<em>k\u00ebng\u00eb popullore, *lule simbolizon d\u00ebshmor<\/em>)<\/p>\n<p>N\u00eb Mars 1945, komunist\u00ebt organizuan nj\u00eb gjygj t\u00eb kurdisur, ku egzekutuan v\u00ebllez\u00ebrit e Nano Gjonit, me em\u00ebr Habil dhe Hamit Gjoni, si dhe kat\u00ebr shok\u00ebt e tyre dhe dy v\u00ebllez\u00ebrit Mustafaj.<br \/>\nFisit Gjoni, regjimi komunist i sekuestroi pasurin\u00eb dhe i interrnuan n\u00eb Kavaj\u00eb. Atje ku ran\u00eb edhe t\u00eb vdekur, nuk i lan\u00eb t\u00eb qet\u00eb, duke ua prishur edhe varret e tyre, dhe i p\u00ebrdor\u00ebn p\u00ebr poligone (prova) qitje.<\/p>\n<p>Nga fisi Gjoni mbet\u00ebn t\u00eb vrav\u00eb p\u00ebr vatan 9 d\u00ebshmor\u00eb: 1. Nano Sako Gjoni, 2. Hasan Nano Gjoni, 3. Habil Sako Gjoni, 4. Hamdi Sako Gjoni, 5. Ibrahim Sako Gjoni, 6. Feta Sako Gjoni, 7. Dori Gjoni, 8. Hazbi Gjoni dhe 9. Neslie Gjoni.<\/p>\n<p>N\u00eb koh\u00ebn e pro\u00e7eseve demokratike, nipat e Nano Gjonit, si Fisniku, Genci, Nanoylli, Krenari, ishin p\u00ebrkrah opozit\u00ebs demokratike, me z. Sali Berish\u00ebn n\u00eb krye, p\u00ebr fitoren e Demokracis\u00eb, e cila hodhi drit\u00eb mbi vlerat e tyre t\u00eb mohuara dhe ngriti lart kontributin e madh t\u00eb dh\u00ebn\u00eb p\u00ebr kombin.<\/p>\n<p>Me dat\u00eb 21.11.1992, me dekret t\u00eb ish-Presidentit t\u00eb Republik\u00ebs, z. Sali Berisha, Nano Sako Gjonit i akordohet titulli i lart\u00eb \u201cD\u00ebshmor i Atdheut\u201d dhe \u201cUrdh\u00ebri i Liris\u00eb s\u00eb klasit t\u00eb II\u201d, me motivacionin: luft\u00ebtar i l\u00ebvizjes Nacionaliste Shqiptare, n\u00eb luft\u00eb kund\u00ebr pushtuesve, p\u00ebr \u00e7lirimin komb\u00ebtar dhe fitoren e demokracis\u00eb. Nd\u00ebrsa t\u00eb birit, Hasanit iu dha titulli i lart\u00eb \u201cD\u00ebshmor i Atdheut\u201d si dhe \u201cUrdh\u00ebrin e Liris\u00eb t\u00eb klasit t\u00eb III\u201d. Trimat e \u00e7et\u00ebs \u201cShqiponja\u201d t\u00eb r\u00ebn\u00eb n\u00eb G\u00ebrhot t\u00eb Gjirokastr\u00ebs dhe betejat q\u00eb vijuan, u shpall\u00ebn \u201cD\u00ebshmor\u00eb t\u00eb Kombit\u201d.<\/p>\n","protected":false},"excerpt":{"rendered":"<p>Nga: Prof. Neki Babamusta, Lond\u00ebr, 1 janar 2012 Nano Sako Gjoni ka lindur n\u00eb Picar t\u00eb Gjirokastr\u00ebs me 15.1.1894. Nd\u00ebrsa i biri, Hasan Nano Gjoni, ka lindur me 12.12.1927 po n\u00eb Picar t\u00eb Gjirokastr\u00ebs. Nano Gjoni rrjedh prej nj\u00eb familje t\u00eb mesme, me tradita patriotike dhe fetare. P\u00ebrkrah fisit t\u00eb tij, q\u00eb n\u00eb mosh\u00ebn 16-vej\u00e7are, [&hellip;]<\/p>\n","protected":false},"author":1,"featured_media":0,"comment_status":"open","ping_status":"closed","sticky":false,"template":"","format":"standard","meta":{"footnotes":""},"categories":[2],"tags":[],"class_list":{"0":"post-918","1":"post","2":"type-post","3":"status-publish","4":"format-standard","6":"category-artikuj"},"yoast_head":"<!-- This site is optimized with the Yoast SEO plugin v27.4 - https:\/\/yoast.com\/product\/yoast-seo-wordpress\/ -->\n<title>At e bir t\u00eb r\u00ebn\u00eb p\u00ebr Atdhe n\u00eb nj\u00eb dit\u00eb tek beteja e G\u00ebrhotit, Gjirokast\u00ebr - FjALA e LIR\u00cb - Arkivi<\/title>\n<meta name=\"robots\" content=\"index, follow, max-snippet:-1, max-image-preview:large, max-video-preview:-1\" \/>\n<link rel=\"canonical\" href=\"https:\/\/fjala.info\/2009-2015\/at-e-bir-te-rene-per-atdhe-ne-nje-dite-tek-beteja-e-gerhotit-gjirokaster\/\" \/>\n<meta property=\"og:locale\" content=\"sq_AL\" \/>\n<meta property=\"og:type\" content=\"article\" \/>\n<meta property=\"og:title\" content=\"At e bir t\u00eb r\u00ebn\u00eb p\u00ebr Atdhe n\u00eb nj\u00eb dit\u00eb tek beteja e G\u00ebrhotit, Gjirokast\u00ebr - FjALA e LIR\u00cb - Arkivi\" \/>\n<meta property=\"og:description\" content=\"Nga: Prof. Neki Babamusta, Lond\u00ebr, 1 janar 2012 Nano Sako Gjoni ka lindur n\u00eb Picar t\u00eb Gjirokastr\u00ebs me 15.1.1894. Nd\u00ebrsa i biri, Hasan Nano Gjoni, ka lindur me 12.12.1927 po n\u00eb Picar t\u00eb Gjirokastr\u00ebs. Nano Gjoni rrjedh prej nj\u00eb familje t\u00eb mesme, me tradita patriotike dhe fetare. P\u00ebrkrah fisit t\u00eb tij, q\u00eb n\u00eb mosh\u00ebn 16-vej\u00e7are, [&hellip;]\" \/>\n<meta property=\"og:url\" content=\"https:\/\/fjala.info\/2009-2015\/at-e-bir-te-rene-per-atdhe-ne-nje-dite-tek-beteja-e-gerhotit-gjirokaster\/\" \/>\n<meta property=\"og:site_name\" content=\"FjALA e LIR\u00cb - Arkivi\" \/>\n<meta property=\"article:published_time\" content=\"2012-01-02T08:00:03+00:00\" \/>\n<meta property=\"og:image\" content=\"http:\/\/www.shkoder.net\/images\/fjala\/2011\/neki_babamusta.jpg\" \/>\n<meta name=\"author\" content=\"admin\" \/>\n<meta name=\"twitter:card\" content=\"summary_large_image\" \/>\n<meta name=\"twitter:label1\" content=\"Written by\" \/>\n\t<meta name=\"twitter:data1\" content=\"admin\" \/>\n\t<meta name=\"twitter:label2\" content=\"Est. reading time\" \/>\n\t<meta name=\"twitter:data2\" content=\"6 minutes\" \/>\n<script type=\"application\/ld+json\" class=\"yoast-schema-graph\">{\"@context\":\"https:\\\/\\\/schema.org\",\"@graph\":[{\"@type\":\"Article\",\"@id\":\"https:\\\/\\\/fjala.info\\\/2009-2015\\\/at-e-bir-te-rene-per-atdhe-ne-nje-dite-tek-beteja-e-gerhotit-gjirokaster\\\/#article\",\"isPartOf\":{\"@id\":\"https:\\\/\\\/fjala.info\\\/2009-2015\\\/at-e-bir-te-rene-per-atdhe-ne-nje-dite-tek-beteja-e-gerhotit-gjirokaster\\\/\"},\"author\":{\"name\":\"admin\",\"@id\":\"https:\\\/\\\/fjala.info\\\/2009-2015\\\/#\\\/schema\\\/person\\\/3aa1163ef05469c496fc94e77611ada2\"},\"headline\":\"At e bir t\u00eb r\u00ebn\u00eb p\u00ebr Atdhe n\u00eb nj\u00eb dit\u00eb tek beteja e G\u00ebrhotit, Gjirokast\u00ebr\",\"datePublished\":\"2012-01-02T08:00:03+00:00\",\"mainEntityOfPage\":{\"@id\":\"https:\\\/\\\/fjala.info\\\/2009-2015\\\/at-e-bir-te-rene-per-atdhe-ne-nje-dite-tek-beteja-e-gerhotit-gjirokaster\\\/\"},\"wordCount\":1134,\"commentCount\":0,\"publisher\":{\"@id\":\"https:\\\/\\\/fjala.info\\\/2009-2015\\\/#organization\"},\"image\":{\"@id\":\"https:\\\/\\\/fjala.info\\\/2009-2015\\\/at-e-bir-te-rene-per-atdhe-ne-nje-dite-tek-beteja-e-gerhotit-gjirokaster\\\/#primaryimage\"},\"thumbnailUrl\":\"http:\\\/\\\/www.shkoder.net\\\/images\\\/fjala\\\/2011\\\/neki_babamusta.jpg\",\"articleSection\":[\"Artikuj\"],\"inLanguage\":\"sq-AL\",\"potentialAction\":[{\"@type\":\"CommentAction\",\"name\":\"Comment\",\"target\":[\"https:\\\/\\\/fjala.info\\\/2009-2015\\\/at-e-bir-te-rene-per-atdhe-ne-nje-dite-tek-beteja-e-gerhotit-gjirokaster\\\/#respond\"]}]},{\"@type\":\"WebPage\",\"@id\":\"https:\\\/\\\/fjala.info\\\/2009-2015\\\/at-e-bir-te-rene-per-atdhe-ne-nje-dite-tek-beteja-e-gerhotit-gjirokaster\\\/\",\"url\":\"https:\\\/\\\/fjala.info\\\/2009-2015\\\/at-e-bir-te-rene-per-atdhe-ne-nje-dite-tek-beteja-e-gerhotit-gjirokaster\\\/\",\"name\":\"At e bir t\u00eb r\u00ebn\u00eb p\u00ebr Atdhe n\u00eb nj\u00eb dit\u00eb tek beteja e G\u00ebrhotit, Gjirokast\u00ebr - FjALA e LIR\u00cb - Arkivi\",\"isPartOf\":{\"@id\":\"https:\\\/\\\/fjala.info\\\/2009-2015\\\/#website\"},\"primaryImageOfPage\":{\"@id\":\"https:\\\/\\\/fjala.info\\\/2009-2015\\\/at-e-bir-te-rene-per-atdhe-ne-nje-dite-tek-beteja-e-gerhotit-gjirokaster\\\/#primaryimage\"},\"image\":{\"@id\":\"https:\\\/\\\/fjala.info\\\/2009-2015\\\/at-e-bir-te-rene-per-atdhe-ne-nje-dite-tek-beteja-e-gerhotit-gjirokaster\\\/#primaryimage\"},\"thumbnailUrl\":\"http:\\\/\\\/www.shkoder.net\\\/images\\\/fjala\\\/2011\\\/neki_babamusta.jpg\",\"datePublished\":\"2012-01-02T08:00:03+00:00\",\"breadcrumb\":{\"@id\":\"https:\\\/\\\/fjala.info\\\/2009-2015\\\/at-e-bir-te-rene-per-atdhe-ne-nje-dite-tek-beteja-e-gerhotit-gjirokaster\\\/#breadcrumb\"},\"inLanguage\":\"sq-AL\",\"potentialAction\":[{\"@type\":\"ReadAction\",\"target\":[\"https:\\\/\\\/fjala.info\\\/2009-2015\\\/at-e-bir-te-rene-per-atdhe-ne-nje-dite-tek-beteja-e-gerhotit-gjirokaster\\\/\"]}]},{\"@type\":\"ImageObject\",\"inLanguage\":\"sq-AL\",\"@id\":\"https:\\\/\\\/fjala.info\\\/2009-2015\\\/at-e-bir-te-rene-per-atdhe-ne-nje-dite-tek-beteja-e-gerhotit-gjirokaster\\\/#primaryimage\",\"url\":\"http:\\\/\\\/www.shkoder.net\\\/images\\\/fjala\\\/2011\\\/neki_babamusta.jpg\",\"contentUrl\":\"http:\\\/\\\/www.shkoder.net\\\/images\\\/fjala\\\/2011\\\/neki_babamusta.jpg\"},{\"@type\":\"BreadcrumbList\",\"@id\":\"https:\\\/\\\/fjala.info\\\/2009-2015\\\/at-e-bir-te-rene-per-atdhe-ne-nje-dite-tek-beteja-e-gerhotit-gjirokaster\\\/#breadcrumb\",\"itemListElement\":[{\"@type\":\"ListItem\",\"position\":1,\"name\":\"Home\",\"item\":\"https:\\\/\\\/fjala.info\\\/2009-2015\\\/\"},{\"@type\":\"ListItem\",\"position\":2,\"name\":\"At e bir t\u00eb r\u00ebn\u00eb p\u00ebr Atdhe n\u00eb nj\u00eb dit\u00eb tek beteja e G\u00ebrhotit, Gjirokast\u00ebr\"}]},{\"@type\":\"WebSite\",\"@id\":\"https:\\\/\\\/fjala.info\\\/2009-2015\\\/#website\",\"url\":\"https:\\\/\\\/fjala.info\\\/2009-2015\\\/\",\"name\":\"FjALA e LIR\u00cb - Arkivi\",\"description\":\"Arkivi 2009-2015\",\"publisher\":{\"@id\":\"https:\\\/\\\/fjala.info\\\/2009-2015\\\/#organization\"},\"potentialAction\":[{\"@type\":\"SearchAction\",\"target\":{\"@type\":\"EntryPoint\",\"urlTemplate\":\"https:\\\/\\\/fjala.info\\\/2009-2015\\\/?s={search_term_string}\"},\"query-input\":{\"@type\":\"PropertyValueSpecification\",\"valueRequired\":true,\"valueName\":\"search_term_string\"}}],\"inLanguage\":\"sq-AL\"},{\"@type\":\"Organization\",\"@id\":\"https:\\\/\\\/fjala.info\\\/2009-2015\\\/#organization\",\"name\":\"FjALA e LIR\u00cb - Arkivi\",\"url\":\"https:\\\/\\\/fjala.info\\\/2009-2015\\\/\",\"logo\":{\"@type\":\"ImageObject\",\"inLanguage\":\"sq-AL\",\"@id\":\"https:\\\/\\\/fjala.info\\\/2009-2015\\\/#\\\/schema\\\/logo\\\/image\\\/\",\"url\":\"\",\"contentUrl\":\"\",\"caption\":\"FjALA e LIR\u00cb - Arkivi\"},\"image\":{\"@id\":\"https:\\\/\\\/fjala.info\\\/2009-2015\\\/#\\\/schema\\\/logo\\\/image\\\/\"}},{\"@type\":\"Person\",\"@id\":\"https:\\\/\\\/fjala.info\\\/2009-2015\\\/#\\\/schema\\\/person\\\/3aa1163ef05469c496fc94e77611ada2\",\"name\":\"admin\",\"image\":{\"@type\":\"ImageObject\",\"inLanguage\":\"sq-AL\",\"@id\":\"https:\\\/\\\/fjala.info\\\/2009-2015\\\/wp-content\\\/uploads\\\/2012\\\/02\\\/arben_cokaj-120x150.jpg\",\"url\":\"https:\\\/\\\/fjala.info\\\/2009-2015\\\/wp-content\\\/uploads\\\/2012\\\/02\\\/arben_cokaj-120x150.jpg\",\"contentUrl\":\"https:\\\/\\\/fjala.info\\\/2009-2015\\\/wp-content\\\/uploads\\\/2012\\\/02\\\/arben_cokaj-120x150.jpg\",\"caption\":\"admin\"},\"description\":\"Admin, Fjala e Lir\u00eb\",\"sameAs\":[\"https:\\\/\\\/fjala.info\\\/\"],\"url\":\"https:\\\/\\\/fjala.info\\\/2009-2015\\\/author\\\/admin\\\/\"}]}<\/script>\n<!-- \/ Yoast SEO plugin. -->","yoast_head_json":{"title":"At e bir t\u00eb r\u00ebn\u00eb p\u00ebr Atdhe n\u00eb nj\u00eb dit\u00eb tek beteja e G\u00ebrhotit, Gjirokast\u00ebr - FjALA e LIR\u00cb - Arkivi","robots":{"index":"index","follow":"follow","max-snippet":"max-snippet:-1","max-image-preview":"max-image-preview:large","max-video-preview":"max-video-preview:-1"},"canonical":"https:\/\/fjala.info\/2009-2015\/at-e-bir-te-rene-per-atdhe-ne-nje-dite-tek-beteja-e-gerhotit-gjirokaster\/","og_locale":"sq_AL","og_type":"article","og_title":"At e bir t\u00eb r\u00ebn\u00eb p\u00ebr Atdhe n\u00eb nj\u00eb dit\u00eb tek beteja e G\u00ebrhotit, Gjirokast\u00ebr - FjALA e LIR\u00cb - Arkivi","og_description":"Nga: Prof. Neki Babamusta, Lond\u00ebr, 1 janar 2012 Nano Sako Gjoni ka lindur n\u00eb Picar t\u00eb Gjirokastr\u00ebs me 15.1.1894. Nd\u00ebrsa i biri, Hasan Nano Gjoni, ka lindur me 12.12.1927 po n\u00eb Picar t\u00eb Gjirokastr\u00ebs. Nano Gjoni rrjedh prej nj\u00eb familje t\u00eb mesme, me tradita patriotike dhe fetare. P\u00ebrkrah fisit t\u00eb tij, q\u00eb n\u00eb mosh\u00ebn 16-vej\u00e7are, [&hellip;]","og_url":"https:\/\/fjala.info\/2009-2015\/at-e-bir-te-rene-per-atdhe-ne-nje-dite-tek-beteja-e-gerhotit-gjirokaster\/","og_site_name":"FjALA e LIR\u00cb - Arkivi","article_published_time":"2012-01-02T08:00:03+00:00","og_image":[{"url":"http:\/\/www.shkoder.net\/images\/fjala\/2011\/neki_babamusta.jpg","type":"","width":"","height":""}],"author":"admin","twitter_card":"summary_large_image","twitter_misc":{"Written by":"admin","Est. reading time":"6 minutes"},"schema":{"@context":"https:\/\/schema.org","@graph":[{"@type":"Article","@id":"https:\/\/fjala.info\/2009-2015\/at-e-bir-te-rene-per-atdhe-ne-nje-dite-tek-beteja-e-gerhotit-gjirokaster\/#article","isPartOf":{"@id":"https:\/\/fjala.info\/2009-2015\/at-e-bir-te-rene-per-atdhe-ne-nje-dite-tek-beteja-e-gerhotit-gjirokaster\/"},"author":{"name":"admin","@id":"https:\/\/fjala.info\/2009-2015\/#\/schema\/person\/3aa1163ef05469c496fc94e77611ada2"},"headline":"At e bir t\u00eb r\u00ebn\u00eb p\u00ebr Atdhe n\u00eb nj\u00eb dit\u00eb tek beteja e G\u00ebrhotit, Gjirokast\u00ebr","datePublished":"2012-01-02T08:00:03+00:00","mainEntityOfPage":{"@id":"https:\/\/fjala.info\/2009-2015\/at-e-bir-te-rene-per-atdhe-ne-nje-dite-tek-beteja-e-gerhotit-gjirokaster\/"},"wordCount":1134,"commentCount":0,"publisher":{"@id":"https:\/\/fjala.info\/2009-2015\/#organization"},"image":{"@id":"https:\/\/fjala.info\/2009-2015\/at-e-bir-te-rene-per-atdhe-ne-nje-dite-tek-beteja-e-gerhotit-gjirokaster\/#primaryimage"},"thumbnailUrl":"http:\/\/www.shkoder.net\/images\/fjala\/2011\/neki_babamusta.jpg","articleSection":["Artikuj"],"inLanguage":"sq-AL","potentialAction":[{"@type":"CommentAction","name":"Comment","target":["https:\/\/fjala.info\/2009-2015\/at-e-bir-te-rene-per-atdhe-ne-nje-dite-tek-beteja-e-gerhotit-gjirokaster\/#respond"]}]},{"@type":"WebPage","@id":"https:\/\/fjala.info\/2009-2015\/at-e-bir-te-rene-per-atdhe-ne-nje-dite-tek-beteja-e-gerhotit-gjirokaster\/","url":"https:\/\/fjala.info\/2009-2015\/at-e-bir-te-rene-per-atdhe-ne-nje-dite-tek-beteja-e-gerhotit-gjirokaster\/","name":"At e bir t\u00eb r\u00ebn\u00eb p\u00ebr Atdhe n\u00eb nj\u00eb dit\u00eb tek beteja e G\u00ebrhotit, Gjirokast\u00ebr - FjALA e LIR\u00cb - Arkivi","isPartOf":{"@id":"https:\/\/fjala.info\/2009-2015\/#website"},"primaryImageOfPage":{"@id":"https:\/\/fjala.info\/2009-2015\/at-e-bir-te-rene-per-atdhe-ne-nje-dite-tek-beteja-e-gerhotit-gjirokaster\/#primaryimage"},"image":{"@id":"https:\/\/fjala.info\/2009-2015\/at-e-bir-te-rene-per-atdhe-ne-nje-dite-tek-beteja-e-gerhotit-gjirokaster\/#primaryimage"},"thumbnailUrl":"http:\/\/www.shkoder.net\/images\/fjala\/2011\/neki_babamusta.jpg","datePublished":"2012-01-02T08:00:03+00:00","breadcrumb":{"@id":"https:\/\/fjala.info\/2009-2015\/at-e-bir-te-rene-per-atdhe-ne-nje-dite-tek-beteja-e-gerhotit-gjirokaster\/#breadcrumb"},"inLanguage":"sq-AL","potentialAction":[{"@type":"ReadAction","target":["https:\/\/fjala.info\/2009-2015\/at-e-bir-te-rene-per-atdhe-ne-nje-dite-tek-beteja-e-gerhotit-gjirokaster\/"]}]},{"@type":"ImageObject","inLanguage":"sq-AL","@id":"https:\/\/fjala.info\/2009-2015\/at-e-bir-te-rene-per-atdhe-ne-nje-dite-tek-beteja-e-gerhotit-gjirokaster\/#primaryimage","url":"http:\/\/www.shkoder.net\/images\/fjala\/2011\/neki_babamusta.jpg","contentUrl":"http:\/\/www.shkoder.net\/images\/fjala\/2011\/neki_babamusta.jpg"},{"@type":"BreadcrumbList","@id":"https:\/\/fjala.info\/2009-2015\/at-e-bir-te-rene-per-atdhe-ne-nje-dite-tek-beteja-e-gerhotit-gjirokaster\/#breadcrumb","itemListElement":[{"@type":"ListItem","position":1,"name":"Home","item":"https:\/\/fjala.info\/2009-2015\/"},{"@type":"ListItem","position":2,"name":"At e bir t\u00eb r\u00ebn\u00eb p\u00ebr Atdhe n\u00eb nj\u00eb dit\u00eb tek beteja e G\u00ebrhotit, Gjirokast\u00ebr"}]},{"@type":"WebSite","@id":"https:\/\/fjala.info\/2009-2015\/#website","url":"https:\/\/fjala.info\/2009-2015\/","name":"FjALA e LIR\u00cb - Arkivi","description":"Arkivi 2009-2015","publisher":{"@id":"https:\/\/fjala.info\/2009-2015\/#organization"},"potentialAction":[{"@type":"SearchAction","target":{"@type":"EntryPoint","urlTemplate":"https:\/\/fjala.info\/2009-2015\/?s={search_term_string}"},"query-input":{"@type":"PropertyValueSpecification","valueRequired":true,"valueName":"search_term_string"}}],"inLanguage":"sq-AL"},{"@type":"Organization","@id":"https:\/\/fjala.info\/2009-2015\/#organization","name":"FjALA e LIR\u00cb - Arkivi","url":"https:\/\/fjala.info\/2009-2015\/","logo":{"@type":"ImageObject","inLanguage":"sq-AL","@id":"https:\/\/fjala.info\/2009-2015\/#\/schema\/logo\/image\/","url":"","contentUrl":"","caption":"FjALA e LIR\u00cb - Arkivi"},"image":{"@id":"https:\/\/fjala.info\/2009-2015\/#\/schema\/logo\/image\/"}},{"@type":"Person","@id":"https:\/\/fjala.info\/2009-2015\/#\/schema\/person\/3aa1163ef05469c496fc94e77611ada2","name":"admin","image":{"@type":"ImageObject","inLanguage":"sq-AL","@id":"https:\/\/fjala.info\/2009-2015\/wp-content\/uploads\/2012\/02\/arben_cokaj-120x150.jpg","url":"https:\/\/fjala.info\/2009-2015\/wp-content\/uploads\/2012\/02\/arben_cokaj-120x150.jpg","contentUrl":"https:\/\/fjala.info\/2009-2015\/wp-content\/uploads\/2012\/02\/arben_cokaj-120x150.jpg","caption":"admin"},"description":"Admin, Fjala e Lir\u00eb","sameAs":["https:\/\/fjala.info\/"],"url":"https:\/\/fjala.info\/2009-2015\/author\/admin\/"}]}},"_links":{"self":[{"href":"https:\/\/fjala.info\/2009-2015\/wp-json\/wp\/v2\/posts\/918","targetHints":{"allow":["GET"]}}],"collection":[{"href":"https:\/\/fjala.info\/2009-2015\/wp-json\/wp\/v2\/posts"}],"about":[{"href":"https:\/\/fjala.info\/2009-2015\/wp-json\/wp\/v2\/types\/post"}],"author":[{"embeddable":true,"href":"https:\/\/fjala.info\/2009-2015\/wp-json\/wp\/v2\/users\/1"}],"replies":[{"embeddable":true,"href":"https:\/\/fjala.info\/2009-2015\/wp-json\/wp\/v2\/comments?post=918"}],"version-history":[{"count":0,"href":"https:\/\/fjala.info\/2009-2015\/wp-json\/wp\/v2\/posts\/918\/revisions"}],"wp:attachment":[{"href":"https:\/\/fjala.info\/2009-2015\/wp-json\/wp\/v2\/media?parent=918"}],"wp:term":[{"taxonomy":"category","embeddable":true,"href":"https:\/\/fjala.info\/2009-2015\/wp-json\/wp\/v2\/categories?post=918"},{"taxonomy":"post_tag","embeddable":true,"href":"https:\/\/fjala.info\/2009-2015\/wp-json\/wp\/v2\/tags?post=918"}],"curies":[{"name":"wp","href":"https:\/\/api.w.org\/{rel}","templated":true}]}}