{"id":913,"date":"2012-01-01T22:43:06","date_gmt":"2012-01-01T21:43:06","guid":{"rendered":"http:\/\/fjala.shkoder.net\/?p=913"},"modified":"2012-01-01T22:43:06","modified_gmt":"2012-01-01T21:43:06","slug":"dita-e-qete-e-1-janarit-dhe-nje-adet-i-zhurmshem","status":"publish","type":"post","link":"https:\/\/fjala.info\/2009-2015\/dita-e-qete-e-1-janarit-dhe-nje-adet-i-zhurmshem\/","title":{"rendered":"Dita e qet\u00eb e 1 janarit dhe nj\u00eb \u2018adet\u2019 i zhurmsh\u00ebm"},"content":{"rendered":"<p><img decoding=\"async\" class=\"alignright size-thumbnail wp-image-7236\" title=\"F\u00ebmij\u00eb - lindje\" src=\"http:\/\/www.shkoder.net\/2012\/femije_lindje.jpg\" alt=\"\" width=\"300\" \/> <strong>ResPublica.al<\/strong>, <em>1 janar 2012<\/em><\/p>\n<p>Ka lindur nj\u00eb clich\u00e9 n\u00eb Shqip\u00ebri. Ka koh\u00eb q\u00eb ka lindur. E ka t\u00eb b\u00ebj\u00eb me gazetar\u00ebt e me politikan\u00ebt. Me t\u00eb mbaruar countdown-i, q\u00eb shenjon mb\u00ebrritjen e vitit t\u00eb ri, gazetar\u00ebt b\u00ebhen sy e vesh\u00eb p\u00ebr t\u00eb marr\u00eb vesh se kur do t\u00eb lind\u00eb f\u00ebmija i par\u00eb i vitit, si do t\u00eb quhet, \u00e7\u2019prind\u00ebr ka, \u00e7\u2019gjini ka, n\u00eb cilin maternitet ka lindur (\u00e7udit\u00ebrisht n\u00eb Shqip\u00ebri lindin t\u00eb gjith\u00eb n\u00eb Tiran\u00eb), kush ka qen\u00eb infermierja q\u00eb e ka pritur e para, e plot holl\u00ebsi t\u00eb tjera q\u00eb kan\u00eb t\u00eb b\u00ebjn\u00eb me k\u00ebt\u00eb ngjarje.<\/p>\n<p>Pas tyre vrapojn\u00eb politikan\u00ebt e krer\u00ebt e institucioneve p\u00ebr t\u00eb b\u00ebr\u00eb \u201cadetin\u201d, dmth p\u00ebr t\u00eb shkuar n\u00eb maternitet, p\u00ebr t\u2019u takuar me prind\u00ebrit e bebes, p\u00ebr t\u00eb b\u00ebr\u00eb nj\u00eb show me beben vet\u00eb, e p\u00ebr t\u00eb th\u00ebn\u00eb di\u00e7ka me emfaz\u00eb, mund\u00ebsisht duke k\u00ebrkuar e duke n\u00ebnvizuar ndonj\u00eb simbolik\u00eb idiote. Ja, shihni se \u00e7\u2019ka th\u00ebn\u00eb kryeministri sot:&#8221;Fjal\u00ebt q\u00eb m\u00eb erdh\u00ebn nd\u00ebr mend kur d\u00ebgjova p\u00ebr k\u00ebto lindje ishin k\u00ebto: \u201cLind\u00ebn sot Ismail Qemali, Hasan Prishtina, Isa Boletini; i lind\u00ebn Shqip\u00ebris\u00eb burrat m\u00eb t\u00eb shquar t\u00eb saj&#8221;.<\/p>\n<p>M.N.<\/p>\n","protected":false},"excerpt":{"rendered":"<p>ResPublica.al, 1 janar 2012 Ka lindur nj\u00eb clich\u00e9 n\u00eb Shqip\u00ebri. Ka koh\u00eb q\u00eb ka lindur. E ka t\u00eb b\u00ebj\u00eb me gazetar\u00ebt e me politikan\u00ebt. Me t\u00eb mbaruar countdown-i, q\u00eb shenjon mb\u00ebrritjen e vitit t\u00eb ri, gazetar\u00ebt b\u00ebhen sy e vesh\u00eb p\u00ebr t\u00eb marr\u00eb vesh se kur do t\u00eb lind\u00eb f\u00ebmija i par\u00eb i vitit, si [&hellip;]<\/p>\n","protected":false},"author":1,"featured_media":0,"comment_status":"open","ping_status":"closed","sticky":false,"template":"","format":"standard","meta":{"footnotes":""},"categories":[5],"tags":[],"class_list":{"0":"post-913","1":"post","2":"type-post","3":"status-publish","4":"format-standard","6":"category-lajme"},"yoast_head":"<!-- This site is optimized with the Yoast SEO plugin v27.4 - https:\/\/yoast.com\/product\/yoast-seo-wordpress\/ -->\n<title>Dita e qet\u00eb e 1 janarit dhe nj\u00eb \u2018adet\u2019 i zhurmsh\u00ebm - FjALA e LIR\u00cb - Arkivi<\/title>\n<meta name=\"robots\" content=\"index, follow, max-snippet:-1, max-image-preview:large, max-video-preview:-1\" \/>\n<link rel=\"canonical\" href=\"https:\/\/fjala.info\/2009-2015\/dita-e-qete-e-1-janarit-dhe-nje-adet-i-zhurmshem\/\" \/>\n<meta property=\"og:locale\" content=\"sq_AL\" \/>\n<meta property=\"og:type\" content=\"article\" \/>\n<meta property=\"og:title\" content=\"Dita e qet\u00eb e 1 janarit dhe nj\u00eb \u2018adet\u2019 i zhurmsh\u00ebm - FjALA e LIR\u00cb - Arkivi\" \/>\n<meta property=\"og:description\" content=\"ResPublica.al, 1 janar 2012 Ka lindur nj\u00eb clich\u00e9 n\u00eb Shqip\u00ebri. Ka koh\u00eb q\u00eb ka lindur. E ka t\u00eb b\u00ebj\u00eb me gazetar\u00ebt e me politikan\u00ebt. Me t\u00eb mbaruar countdown-i, q\u00eb shenjon mb\u00ebrritjen e vitit t\u00eb ri, gazetar\u00ebt b\u00ebhen sy e vesh\u00eb p\u00ebr t\u00eb marr\u00eb vesh se kur do t\u00eb lind\u00eb f\u00ebmija i par\u00eb i vitit, si [&hellip;]\" \/>\n<meta property=\"og:url\" content=\"https:\/\/fjala.info\/2009-2015\/dita-e-qete-e-1-janarit-dhe-nje-adet-i-zhurmshem\/\" \/>\n<meta property=\"og:site_name\" content=\"FjALA e LIR\u00cb - Arkivi\" \/>\n<meta property=\"article:published_time\" content=\"2012-01-01T21:43:06+00:00\" \/>\n<meta property=\"og:image\" content=\"http:\/\/www.shkoder.net\/2012\/femije_lindje.jpg\" \/>\n<meta name=\"author\" content=\"admin\" \/>\n<meta name=\"twitter:card\" content=\"summary_large_image\" \/>\n<meta name=\"twitter:label1\" content=\"Written by\" \/>\n\t<meta name=\"twitter:data1\" content=\"admin\" \/>\n\t<meta name=\"twitter:label2\" content=\"Est. reading time\" \/>\n\t<meta name=\"twitter:data2\" content=\"1 minute\" \/>\n<script type=\"application\/ld+json\" class=\"yoast-schema-graph\">{\"@context\":\"https:\\\/\\\/schema.org\",\"@graph\":[{\"@type\":\"Article\",\"@id\":\"https:\\\/\\\/fjala.info\\\/2009-2015\\\/dita-e-qete-e-1-janarit-dhe-nje-adet-i-zhurmshem\\\/#article\",\"isPartOf\":{\"@id\":\"https:\\\/\\\/fjala.info\\\/2009-2015\\\/dita-e-qete-e-1-janarit-dhe-nje-adet-i-zhurmshem\\\/\"},\"author\":{\"name\":\"admin\",\"@id\":\"https:\\\/\\\/fjala.info\\\/2009-2015\\\/#\\\/schema\\\/person\\\/3aa1163ef05469c496fc94e77611ada2\"},\"headline\":\"Dita e qet\u00eb e 1 janarit dhe nj\u00eb \u2018adet\u2019 i zhurmsh\u00ebm\",\"datePublished\":\"2012-01-01T21:43:06+00:00\",\"mainEntityOfPage\":{\"@id\":\"https:\\\/\\\/fjala.info\\\/2009-2015\\\/dita-e-qete-e-1-janarit-dhe-nje-adet-i-zhurmshem\\\/\"},\"wordCount\":237,\"commentCount\":0,\"publisher\":{\"@id\":\"https:\\\/\\\/fjala.info\\\/2009-2015\\\/#organization\"},\"image\":{\"@id\":\"https:\\\/\\\/fjala.info\\\/2009-2015\\\/dita-e-qete-e-1-janarit-dhe-nje-adet-i-zhurmshem\\\/#primaryimage\"},\"thumbnailUrl\":\"http:\\\/\\\/www.shkoder.net\\\/2012\\\/femije_lindje.jpg\",\"articleSection\":[\"Lajme\"],\"inLanguage\":\"sq-AL\",\"potentialAction\":[{\"@type\":\"CommentAction\",\"name\":\"Comment\",\"target\":[\"https:\\\/\\\/fjala.info\\\/2009-2015\\\/dita-e-qete-e-1-janarit-dhe-nje-adet-i-zhurmshem\\\/#respond\"]}]},{\"@type\":\"WebPage\",\"@id\":\"https:\\\/\\\/fjala.info\\\/2009-2015\\\/dita-e-qete-e-1-janarit-dhe-nje-adet-i-zhurmshem\\\/\",\"url\":\"https:\\\/\\\/fjala.info\\\/2009-2015\\\/dita-e-qete-e-1-janarit-dhe-nje-adet-i-zhurmshem\\\/\",\"name\":\"Dita e qet\u00eb e 1 janarit dhe nj\u00eb \u2018adet\u2019 i zhurmsh\u00ebm - FjALA e LIR\u00cb - Arkivi\",\"isPartOf\":{\"@id\":\"https:\\\/\\\/fjala.info\\\/2009-2015\\\/#website\"},\"primaryImageOfPage\":{\"@id\":\"https:\\\/\\\/fjala.info\\\/2009-2015\\\/dita-e-qete-e-1-janarit-dhe-nje-adet-i-zhurmshem\\\/#primaryimage\"},\"image\":{\"@id\":\"https:\\\/\\\/fjala.info\\\/2009-2015\\\/dita-e-qete-e-1-janarit-dhe-nje-adet-i-zhurmshem\\\/#primaryimage\"},\"thumbnailUrl\":\"http:\\\/\\\/www.shkoder.net\\\/2012\\\/femije_lindje.jpg\",\"datePublished\":\"2012-01-01T21:43:06+00:00\",\"breadcrumb\":{\"@id\":\"https:\\\/\\\/fjala.info\\\/2009-2015\\\/dita-e-qete-e-1-janarit-dhe-nje-adet-i-zhurmshem\\\/#breadcrumb\"},\"inLanguage\":\"sq-AL\",\"potentialAction\":[{\"@type\":\"ReadAction\",\"target\":[\"https:\\\/\\\/fjala.info\\\/2009-2015\\\/dita-e-qete-e-1-janarit-dhe-nje-adet-i-zhurmshem\\\/\"]}]},{\"@type\":\"ImageObject\",\"inLanguage\":\"sq-AL\",\"@id\":\"https:\\\/\\\/fjala.info\\\/2009-2015\\\/dita-e-qete-e-1-janarit-dhe-nje-adet-i-zhurmshem\\\/#primaryimage\",\"url\":\"http:\\\/\\\/www.shkoder.net\\\/2012\\\/femije_lindje.jpg\",\"contentUrl\":\"http:\\\/\\\/www.shkoder.net\\\/2012\\\/femije_lindje.jpg\"},{\"@type\":\"BreadcrumbList\",\"@id\":\"https:\\\/\\\/fjala.info\\\/2009-2015\\\/dita-e-qete-e-1-janarit-dhe-nje-adet-i-zhurmshem\\\/#breadcrumb\",\"itemListElement\":[{\"@type\":\"ListItem\",\"position\":1,\"name\":\"Home\",\"item\":\"https:\\\/\\\/fjala.info\\\/2009-2015\\\/\"},{\"@type\":\"ListItem\",\"position\":2,\"name\":\"Dita e qet\u00eb e 1 janarit dhe nj\u00eb \u2018adet\u2019 i zhurmsh\u00ebm\"}]},{\"@type\":\"WebSite\",\"@id\":\"https:\\\/\\\/fjala.info\\\/2009-2015\\\/#website\",\"url\":\"https:\\\/\\\/fjala.info\\\/2009-2015\\\/\",\"name\":\"FjALA e LIR\u00cb - Arkivi\",\"description\":\"Arkivi 2009-2015\",\"publisher\":{\"@id\":\"https:\\\/\\\/fjala.info\\\/2009-2015\\\/#organization\"},\"potentialAction\":[{\"@type\":\"SearchAction\",\"target\":{\"@type\":\"EntryPoint\",\"urlTemplate\":\"https:\\\/\\\/fjala.info\\\/2009-2015\\\/?s={search_term_string}\"},\"query-input\":{\"@type\":\"PropertyValueSpecification\",\"valueRequired\":true,\"valueName\":\"search_term_string\"}}],\"inLanguage\":\"sq-AL\"},{\"@type\":\"Organization\",\"@id\":\"https:\\\/\\\/fjala.info\\\/2009-2015\\\/#organization\",\"name\":\"FjALA e LIR\u00cb - Arkivi\",\"url\":\"https:\\\/\\\/fjala.info\\\/2009-2015\\\/\",\"logo\":{\"@type\":\"ImageObject\",\"inLanguage\":\"sq-AL\",\"@id\":\"https:\\\/\\\/fjala.info\\\/2009-2015\\\/#\\\/schema\\\/logo\\\/image\\\/\",\"url\":\"\",\"contentUrl\":\"\",\"caption\":\"FjALA e LIR\u00cb - Arkivi\"},\"image\":{\"@id\":\"https:\\\/\\\/fjala.info\\\/2009-2015\\\/#\\\/schema\\\/logo\\\/image\\\/\"}},{\"@type\":\"Person\",\"@id\":\"https:\\\/\\\/fjala.info\\\/2009-2015\\\/#\\\/schema\\\/person\\\/3aa1163ef05469c496fc94e77611ada2\",\"name\":\"admin\",\"image\":{\"@type\":\"ImageObject\",\"inLanguage\":\"sq-AL\",\"@id\":\"https:\\\/\\\/fjala.info\\\/2009-2015\\\/wp-content\\\/uploads\\\/2012\\\/02\\\/arben_cokaj-120x150.jpg\",\"url\":\"https:\\\/\\\/fjala.info\\\/2009-2015\\\/wp-content\\\/uploads\\\/2012\\\/02\\\/arben_cokaj-120x150.jpg\",\"contentUrl\":\"https:\\\/\\\/fjala.info\\\/2009-2015\\\/wp-content\\\/uploads\\\/2012\\\/02\\\/arben_cokaj-120x150.jpg\",\"caption\":\"admin\"},\"description\":\"Admin, Fjala e Lir\u00eb\",\"sameAs\":[\"https:\\\/\\\/fjala.info\\\/\"],\"url\":\"https:\\\/\\\/fjala.info\\\/2009-2015\\\/author\\\/admin\\\/\"}]}<\/script>\n<!-- \/ Yoast SEO plugin. -->","yoast_head_json":{"title":"Dita e qet\u00eb e 1 janarit dhe nj\u00eb \u2018adet\u2019 i zhurmsh\u00ebm - FjALA e LIR\u00cb - Arkivi","robots":{"index":"index","follow":"follow","max-snippet":"max-snippet:-1","max-image-preview":"max-image-preview:large","max-video-preview":"max-video-preview:-1"},"canonical":"https:\/\/fjala.info\/2009-2015\/dita-e-qete-e-1-janarit-dhe-nje-adet-i-zhurmshem\/","og_locale":"sq_AL","og_type":"article","og_title":"Dita e qet\u00eb e 1 janarit dhe nj\u00eb \u2018adet\u2019 i zhurmsh\u00ebm - FjALA e LIR\u00cb - Arkivi","og_description":"ResPublica.al, 1 janar 2012 Ka lindur nj\u00eb clich\u00e9 n\u00eb Shqip\u00ebri. Ka koh\u00eb q\u00eb ka lindur. E ka t\u00eb b\u00ebj\u00eb me gazetar\u00ebt e me politikan\u00ebt. Me t\u00eb mbaruar countdown-i, q\u00eb shenjon mb\u00ebrritjen e vitit t\u00eb ri, gazetar\u00ebt b\u00ebhen sy e vesh\u00eb p\u00ebr t\u00eb marr\u00eb vesh se kur do t\u00eb lind\u00eb f\u00ebmija i par\u00eb i vitit, si [&hellip;]","og_url":"https:\/\/fjala.info\/2009-2015\/dita-e-qete-e-1-janarit-dhe-nje-adet-i-zhurmshem\/","og_site_name":"FjALA e LIR\u00cb - Arkivi","article_published_time":"2012-01-01T21:43:06+00:00","og_image":[{"url":"http:\/\/www.shkoder.net\/2012\/femije_lindje.jpg","type":"","width":"","height":""}],"author":"admin","twitter_card":"summary_large_image","twitter_misc":{"Written by":"admin","Est. reading time":"1 minute"},"schema":{"@context":"https:\/\/schema.org","@graph":[{"@type":"Article","@id":"https:\/\/fjala.info\/2009-2015\/dita-e-qete-e-1-janarit-dhe-nje-adet-i-zhurmshem\/#article","isPartOf":{"@id":"https:\/\/fjala.info\/2009-2015\/dita-e-qete-e-1-janarit-dhe-nje-adet-i-zhurmshem\/"},"author":{"name":"admin","@id":"https:\/\/fjala.info\/2009-2015\/#\/schema\/person\/3aa1163ef05469c496fc94e77611ada2"},"headline":"Dita e qet\u00eb e 1 janarit dhe nj\u00eb \u2018adet\u2019 i zhurmsh\u00ebm","datePublished":"2012-01-01T21:43:06+00:00","mainEntityOfPage":{"@id":"https:\/\/fjala.info\/2009-2015\/dita-e-qete-e-1-janarit-dhe-nje-adet-i-zhurmshem\/"},"wordCount":237,"commentCount":0,"publisher":{"@id":"https:\/\/fjala.info\/2009-2015\/#organization"},"image":{"@id":"https:\/\/fjala.info\/2009-2015\/dita-e-qete-e-1-janarit-dhe-nje-adet-i-zhurmshem\/#primaryimage"},"thumbnailUrl":"http:\/\/www.shkoder.net\/2012\/femije_lindje.jpg","articleSection":["Lajme"],"inLanguage":"sq-AL","potentialAction":[{"@type":"CommentAction","name":"Comment","target":["https:\/\/fjala.info\/2009-2015\/dita-e-qete-e-1-janarit-dhe-nje-adet-i-zhurmshem\/#respond"]}]},{"@type":"WebPage","@id":"https:\/\/fjala.info\/2009-2015\/dita-e-qete-e-1-janarit-dhe-nje-adet-i-zhurmshem\/","url":"https:\/\/fjala.info\/2009-2015\/dita-e-qete-e-1-janarit-dhe-nje-adet-i-zhurmshem\/","name":"Dita e qet\u00eb e 1 janarit dhe nj\u00eb \u2018adet\u2019 i zhurmsh\u00ebm - FjALA e LIR\u00cb - Arkivi","isPartOf":{"@id":"https:\/\/fjala.info\/2009-2015\/#website"},"primaryImageOfPage":{"@id":"https:\/\/fjala.info\/2009-2015\/dita-e-qete-e-1-janarit-dhe-nje-adet-i-zhurmshem\/#primaryimage"},"image":{"@id":"https:\/\/fjala.info\/2009-2015\/dita-e-qete-e-1-janarit-dhe-nje-adet-i-zhurmshem\/#primaryimage"},"thumbnailUrl":"http:\/\/www.shkoder.net\/2012\/femije_lindje.jpg","datePublished":"2012-01-01T21:43:06+00:00","breadcrumb":{"@id":"https:\/\/fjala.info\/2009-2015\/dita-e-qete-e-1-janarit-dhe-nje-adet-i-zhurmshem\/#breadcrumb"},"inLanguage":"sq-AL","potentialAction":[{"@type":"ReadAction","target":["https:\/\/fjala.info\/2009-2015\/dita-e-qete-e-1-janarit-dhe-nje-adet-i-zhurmshem\/"]}]},{"@type":"ImageObject","inLanguage":"sq-AL","@id":"https:\/\/fjala.info\/2009-2015\/dita-e-qete-e-1-janarit-dhe-nje-adet-i-zhurmshem\/#primaryimage","url":"http:\/\/www.shkoder.net\/2012\/femije_lindje.jpg","contentUrl":"http:\/\/www.shkoder.net\/2012\/femije_lindje.jpg"},{"@type":"BreadcrumbList","@id":"https:\/\/fjala.info\/2009-2015\/dita-e-qete-e-1-janarit-dhe-nje-adet-i-zhurmshem\/#breadcrumb","itemListElement":[{"@type":"ListItem","position":1,"name":"Home","item":"https:\/\/fjala.info\/2009-2015\/"},{"@type":"ListItem","position":2,"name":"Dita e qet\u00eb e 1 janarit dhe nj\u00eb \u2018adet\u2019 i zhurmsh\u00ebm"}]},{"@type":"WebSite","@id":"https:\/\/fjala.info\/2009-2015\/#website","url":"https:\/\/fjala.info\/2009-2015\/","name":"FjALA e LIR\u00cb - Arkivi","description":"Arkivi 2009-2015","publisher":{"@id":"https:\/\/fjala.info\/2009-2015\/#organization"},"potentialAction":[{"@type":"SearchAction","target":{"@type":"EntryPoint","urlTemplate":"https:\/\/fjala.info\/2009-2015\/?s={search_term_string}"},"query-input":{"@type":"PropertyValueSpecification","valueRequired":true,"valueName":"search_term_string"}}],"inLanguage":"sq-AL"},{"@type":"Organization","@id":"https:\/\/fjala.info\/2009-2015\/#organization","name":"FjALA e LIR\u00cb - Arkivi","url":"https:\/\/fjala.info\/2009-2015\/","logo":{"@type":"ImageObject","inLanguage":"sq-AL","@id":"https:\/\/fjala.info\/2009-2015\/#\/schema\/logo\/image\/","url":"","contentUrl":"","caption":"FjALA e LIR\u00cb - Arkivi"},"image":{"@id":"https:\/\/fjala.info\/2009-2015\/#\/schema\/logo\/image\/"}},{"@type":"Person","@id":"https:\/\/fjala.info\/2009-2015\/#\/schema\/person\/3aa1163ef05469c496fc94e77611ada2","name":"admin","image":{"@type":"ImageObject","inLanguage":"sq-AL","@id":"https:\/\/fjala.info\/2009-2015\/wp-content\/uploads\/2012\/02\/arben_cokaj-120x150.jpg","url":"https:\/\/fjala.info\/2009-2015\/wp-content\/uploads\/2012\/02\/arben_cokaj-120x150.jpg","contentUrl":"https:\/\/fjala.info\/2009-2015\/wp-content\/uploads\/2012\/02\/arben_cokaj-120x150.jpg","caption":"admin"},"description":"Admin, Fjala e Lir\u00eb","sameAs":["https:\/\/fjala.info\/"],"url":"https:\/\/fjala.info\/2009-2015\/author\/admin\/"}]}},"_links":{"self":[{"href":"https:\/\/fjala.info\/2009-2015\/wp-json\/wp\/v2\/posts\/913","targetHints":{"allow":["GET"]}}],"collection":[{"href":"https:\/\/fjala.info\/2009-2015\/wp-json\/wp\/v2\/posts"}],"about":[{"href":"https:\/\/fjala.info\/2009-2015\/wp-json\/wp\/v2\/types\/post"}],"author":[{"embeddable":true,"href":"https:\/\/fjala.info\/2009-2015\/wp-json\/wp\/v2\/users\/1"}],"replies":[{"embeddable":true,"href":"https:\/\/fjala.info\/2009-2015\/wp-json\/wp\/v2\/comments?post=913"}],"version-history":[{"count":0,"href":"https:\/\/fjala.info\/2009-2015\/wp-json\/wp\/v2\/posts\/913\/revisions"}],"wp:attachment":[{"href":"https:\/\/fjala.info\/2009-2015\/wp-json\/wp\/v2\/media?parent=913"}],"wp:term":[{"taxonomy":"category","embeddable":true,"href":"https:\/\/fjala.info\/2009-2015\/wp-json\/wp\/v2\/categories?post=913"},{"taxonomy":"post_tag","embeddable":true,"href":"https:\/\/fjala.info\/2009-2015\/wp-json\/wp\/v2\/tags?post=913"}],"curies":[{"name":"wp","href":"https:\/\/api.w.org\/{rel}","templated":true}]}}