{"id":905,"date":"2012-01-01T10:24:22","date_gmt":"2012-01-01T09:24:22","guid":{"rendered":"http:\/\/fjala.shkoder.net\/?p=905"},"modified":"2012-01-01T10:24:22","modified_gmt":"2012-01-01T09:24:22","slug":"rama-mesazh-berishes-edhe-90-vjec-do-dalesh-para-drejtesise","status":"publish","type":"post","link":"https:\/\/fjala.info\/2009-2015\/rama-mesazh-berishes-edhe-90-vjec-do-dalesh-para-drejtesise\/","title":{"rendered":"Rama mesazh Berish\u00ebs: Edhe 90 vje\u00e7 do dal\u00ebsh para drejt\u00ebsis\u00eb"},"content":{"rendered":"<p><img decoding=\"async\" class=\"alignright size-thumbnail wp-image-7236\" title=\"Rama vs. Berisha\" src=\"http:\/\/www.shkoder.net\/2012\/rama_vs_berisha.jpg\" alt=\"\" width=\"300\" \/> <strong>TemA Online<\/strong>, <em>31 Dhjetor 2011<\/em><\/p>\n<p>Lideri i opozit\u00ebs ka vijuar t\u00eb ashp\u00ebrsoj gjuh\u00ebn ndaj pushtetit. Jo m\u00eb larg se pak or\u00eb m\u00eb par\u00eb ai ka l\u00ebshuar nj\u00eb mesazh n\u00eb <em>Twitter,<\/em> ku merr shembull nj\u00eb proces gjyq\u00ebsor n\u00eb Argjentin\u00eb ku nj\u00eb ish pushtetar n\u00eb mosh\u00ebn 90 vje\u00e7are ka dal p\u00ebrpara drejt\u00ebsis\u00eb. \u201c<em>Shembullore n\u00eb Argjentin\u00eb, nj\u00eb ish pushtetar 90 vje\u00e7ar para drejt\u00ebsis\u00eb p\u00ebr vrasje e tortura t\u00eb nj\u00eb epoke tjet\u00ebr! Drejt\u00ebsia vonon po s\u2019harron<\/em>\u201d -thot\u00eb Rama n\u00eb Twitter.<\/p>\n<p>Nd\u00ebrkoh\u00eb po gjat\u00eb dit\u00ebs s\u00eb sotme dhe opinionisti Mustafa Nano shkruante me tone t\u00eb ashpra se Berisha dhe t\u00eb tij\u00ebt nuk kan\u00eb p\u00ebr t\u00eb shp\u00ebtuar paq me gjith\u00eb k\u00ebto padrejt\u00ebsi q\u00eb\u00a0i ka b\u00ebr\u00eb vendit n\u00eb k\u00ebto vite. \u201c<em>Berisha e t\u00eb tijt\u00eb jan\u00eb me mendjen se po ua hedhin shqiptar\u00ebve me k\u00ebng\u00ebn e suksesit t\u00eb madh gjat\u00eb vitit 2011, por n\u00eb t\u00eb nj\u00ebjt\u00ebn koh\u00eb jan\u00eb duke shkuar vet\u00eb drejt nj\u00eb udhe pa krye e drejt nj\u00eb theqafjeje<\/em>.<\/p>\n<p><em>N\u00ebse vazhdojn\u00eb t\u00eb mos njohin v\u00ebshtir\u00ebsit\u00eb, do t\u00eb vij\u00eb shum\u00eb shpejt nj\u00eb moment dhe p\u00ebr ta, kur do t\u00eb dor\u00ebzohen. Sigurisht, n\u00eb k\u00ebto rrethana drama do t\u00eb jet\u00eb e shqiptar\u00ebve, por edhe Berisha, Bode, Fullani, etj, q\u00eb nuk kan\u00eb nguruar t\u00eb trukojn\u00eb nj\u00eb realitet t\u00eb t\u00ebr\u00eb, me synimin p\u00ebr t\u00eb ngjitur mir\u00eb byth\u00ebt e tyre n\u00eb karrike e p\u00ebr t\u00eb g\u00ebzuar p\u00ebrfitime prej pushtetit, nuk kan\u00eb p\u00ebr t\u2019ia kaluar paq<\/em>,\u201d shkruan Nano.<\/p>\n<p>\/<em>ama-news<\/em><\/p>\n","protected":false},"excerpt":{"rendered":"<p>TemA Online, 31 Dhjetor 2011 Lideri i opozit\u00ebs ka vijuar t\u00eb ashp\u00ebrsoj gjuh\u00ebn ndaj pushtetit. Jo m\u00eb larg se pak or\u00eb m\u00eb par\u00eb ai ka l\u00ebshuar nj\u00eb mesazh n\u00eb Twitter, ku merr shembull nj\u00eb proces gjyq\u00ebsor n\u00eb Argjentin\u00eb ku nj\u00eb ish pushtetar n\u00eb mosh\u00ebn 90 vje\u00e7are ka dal p\u00ebrpara drejt\u00ebsis\u00eb. \u201cShembullore n\u00eb Argjentin\u00eb, nj\u00eb ish [&hellip;]<\/p>\n","protected":false},"author":1,"featured_media":0,"comment_status":"open","ping_status":"closed","sticky":false,"template":"","format":"standard","meta":{"footnotes":""},"categories":[5],"tags":[],"class_list":{"0":"post-905","1":"post","2":"type-post","3":"status-publish","4":"format-standard","6":"category-lajme"},"yoast_head":"<!-- This site is optimized with the Yoast SEO plugin v27.4 - https:\/\/yoast.com\/product\/yoast-seo-wordpress\/ -->\n<title>Rama mesazh Berish\u00ebs: Edhe 90 vje\u00e7 do dal\u00ebsh para drejt\u00ebsis\u00eb - FjALA e LIR\u00cb - Arkivi<\/title>\n<meta name=\"robots\" content=\"index, follow, max-snippet:-1, max-image-preview:large, max-video-preview:-1\" \/>\n<link rel=\"canonical\" href=\"https:\/\/fjala.info\/2009-2015\/rama-mesazh-berishes-edhe-90-vjec-do-dalesh-para-drejtesise\/\" \/>\n<meta property=\"og:locale\" content=\"sq_AL\" \/>\n<meta property=\"og:type\" content=\"article\" \/>\n<meta property=\"og:title\" content=\"Rama mesazh Berish\u00ebs: Edhe 90 vje\u00e7 do dal\u00ebsh para drejt\u00ebsis\u00eb - FjALA e LIR\u00cb - Arkivi\" \/>\n<meta property=\"og:description\" content=\"TemA Online, 31 Dhjetor 2011 Lideri i opozit\u00ebs ka vijuar t\u00eb ashp\u00ebrsoj gjuh\u00ebn ndaj pushtetit. Jo m\u00eb larg se pak or\u00eb m\u00eb par\u00eb ai ka l\u00ebshuar nj\u00eb mesazh n\u00eb Twitter, ku merr shembull nj\u00eb proces gjyq\u00ebsor n\u00eb Argjentin\u00eb ku nj\u00eb ish pushtetar n\u00eb mosh\u00ebn 90 vje\u00e7are ka dal p\u00ebrpara drejt\u00ebsis\u00eb. \u201cShembullore n\u00eb Argjentin\u00eb, nj\u00eb ish [&hellip;]\" \/>\n<meta property=\"og:url\" content=\"https:\/\/fjala.info\/2009-2015\/rama-mesazh-berishes-edhe-90-vjec-do-dalesh-para-drejtesise\/\" \/>\n<meta property=\"og:site_name\" content=\"FjALA e LIR\u00cb - Arkivi\" \/>\n<meta property=\"article:published_time\" content=\"2012-01-01T09:24:22+00:00\" \/>\n<meta property=\"og:image\" content=\"http:\/\/www.shkoder.net\/2012\/rama_vs_berisha.jpg\" \/>\n<meta name=\"author\" content=\"admin\" \/>\n<meta name=\"twitter:card\" content=\"summary_large_image\" \/>\n<meta name=\"twitter:label1\" content=\"Written by\" \/>\n\t<meta name=\"twitter:data1\" content=\"admin\" \/>\n\t<meta name=\"twitter:label2\" content=\"Est. reading time\" \/>\n\t<meta name=\"twitter:data2\" content=\"1 minute\" \/>\n<script type=\"application\/ld+json\" class=\"yoast-schema-graph\">{\"@context\":\"https:\\\/\\\/schema.org\",\"@graph\":[{\"@type\":\"Article\",\"@id\":\"https:\\\/\\\/fjala.info\\\/2009-2015\\\/rama-mesazh-berishes-edhe-90-vjec-do-dalesh-para-drejtesise\\\/#article\",\"isPartOf\":{\"@id\":\"https:\\\/\\\/fjala.info\\\/2009-2015\\\/rama-mesazh-berishes-edhe-90-vjec-do-dalesh-para-drejtesise\\\/\"},\"author\":{\"name\":\"admin\",\"@id\":\"https:\\\/\\\/fjala.info\\\/2009-2015\\\/#\\\/schema\\\/person\\\/3aa1163ef05469c496fc94e77611ada2\"},\"headline\":\"Rama mesazh Berish\u00ebs: Edhe 90 vje\u00e7 do dal\u00ebsh para drejt\u00ebsis\u00eb\",\"datePublished\":\"2012-01-01T09:24:22+00:00\",\"mainEntityOfPage\":{\"@id\":\"https:\\\/\\\/fjala.info\\\/2009-2015\\\/rama-mesazh-berishes-edhe-90-vjec-do-dalesh-para-drejtesise\\\/\"},\"wordCount\":277,\"commentCount\":0,\"publisher\":{\"@id\":\"https:\\\/\\\/fjala.info\\\/2009-2015\\\/#organization\"},\"image\":{\"@id\":\"https:\\\/\\\/fjala.info\\\/2009-2015\\\/rama-mesazh-berishes-edhe-90-vjec-do-dalesh-para-drejtesise\\\/#primaryimage\"},\"thumbnailUrl\":\"http:\\\/\\\/www.shkoder.net\\\/2012\\\/rama_vs_berisha.jpg\",\"articleSection\":[\"Lajme\"],\"inLanguage\":\"sq-AL\",\"potentialAction\":[{\"@type\":\"CommentAction\",\"name\":\"Comment\",\"target\":[\"https:\\\/\\\/fjala.info\\\/2009-2015\\\/rama-mesazh-berishes-edhe-90-vjec-do-dalesh-para-drejtesise\\\/#respond\"]}]},{\"@type\":\"WebPage\",\"@id\":\"https:\\\/\\\/fjala.info\\\/2009-2015\\\/rama-mesazh-berishes-edhe-90-vjec-do-dalesh-para-drejtesise\\\/\",\"url\":\"https:\\\/\\\/fjala.info\\\/2009-2015\\\/rama-mesazh-berishes-edhe-90-vjec-do-dalesh-para-drejtesise\\\/\",\"name\":\"Rama mesazh Berish\u00ebs: Edhe 90 vje\u00e7 do dal\u00ebsh para drejt\u00ebsis\u00eb - FjALA e LIR\u00cb - Arkivi\",\"isPartOf\":{\"@id\":\"https:\\\/\\\/fjala.info\\\/2009-2015\\\/#website\"},\"primaryImageOfPage\":{\"@id\":\"https:\\\/\\\/fjala.info\\\/2009-2015\\\/rama-mesazh-berishes-edhe-90-vjec-do-dalesh-para-drejtesise\\\/#primaryimage\"},\"image\":{\"@id\":\"https:\\\/\\\/fjala.info\\\/2009-2015\\\/rama-mesazh-berishes-edhe-90-vjec-do-dalesh-para-drejtesise\\\/#primaryimage\"},\"thumbnailUrl\":\"http:\\\/\\\/www.shkoder.net\\\/2012\\\/rama_vs_berisha.jpg\",\"datePublished\":\"2012-01-01T09:24:22+00:00\",\"breadcrumb\":{\"@id\":\"https:\\\/\\\/fjala.info\\\/2009-2015\\\/rama-mesazh-berishes-edhe-90-vjec-do-dalesh-para-drejtesise\\\/#breadcrumb\"},\"inLanguage\":\"sq-AL\",\"potentialAction\":[{\"@type\":\"ReadAction\",\"target\":[\"https:\\\/\\\/fjala.info\\\/2009-2015\\\/rama-mesazh-berishes-edhe-90-vjec-do-dalesh-para-drejtesise\\\/\"]}]},{\"@type\":\"ImageObject\",\"inLanguage\":\"sq-AL\",\"@id\":\"https:\\\/\\\/fjala.info\\\/2009-2015\\\/rama-mesazh-berishes-edhe-90-vjec-do-dalesh-para-drejtesise\\\/#primaryimage\",\"url\":\"http:\\\/\\\/www.shkoder.net\\\/2012\\\/rama_vs_berisha.jpg\",\"contentUrl\":\"http:\\\/\\\/www.shkoder.net\\\/2012\\\/rama_vs_berisha.jpg\"},{\"@type\":\"BreadcrumbList\",\"@id\":\"https:\\\/\\\/fjala.info\\\/2009-2015\\\/rama-mesazh-berishes-edhe-90-vjec-do-dalesh-para-drejtesise\\\/#breadcrumb\",\"itemListElement\":[{\"@type\":\"ListItem\",\"position\":1,\"name\":\"Home\",\"item\":\"https:\\\/\\\/fjala.info\\\/2009-2015\\\/\"},{\"@type\":\"ListItem\",\"position\":2,\"name\":\"Rama mesazh Berish\u00ebs: Edhe 90 vje\u00e7 do dal\u00ebsh para drejt\u00ebsis\u00eb\"}]},{\"@type\":\"WebSite\",\"@id\":\"https:\\\/\\\/fjala.info\\\/2009-2015\\\/#website\",\"url\":\"https:\\\/\\\/fjala.info\\\/2009-2015\\\/\",\"name\":\"FjALA e LIR\u00cb - Arkivi\",\"description\":\"Arkivi 2009-2015\",\"publisher\":{\"@id\":\"https:\\\/\\\/fjala.info\\\/2009-2015\\\/#organization\"},\"potentialAction\":[{\"@type\":\"SearchAction\",\"target\":{\"@type\":\"EntryPoint\",\"urlTemplate\":\"https:\\\/\\\/fjala.info\\\/2009-2015\\\/?s={search_term_string}\"},\"query-input\":{\"@type\":\"PropertyValueSpecification\",\"valueRequired\":true,\"valueName\":\"search_term_string\"}}],\"inLanguage\":\"sq-AL\"},{\"@type\":\"Organization\",\"@id\":\"https:\\\/\\\/fjala.info\\\/2009-2015\\\/#organization\",\"name\":\"FjALA e LIR\u00cb - Arkivi\",\"url\":\"https:\\\/\\\/fjala.info\\\/2009-2015\\\/\",\"logo\":{\"@type\":\"ImageObject\",\"inLanguage\":\"sq-AL\",\"@id\":\"https:\\\/\\\/fjala.info\\\/2009-2015\\\/#\\\/schema\\\/logo\\\/image\\\/\",\"url\":\"\",\"contentUrl\":\"\",\"caption\":\"FjALA e LIR\u00cb - Arkivi\"},\"image\":{\"@id\":\"https:\\\/\\\/fjala.info\\\/2009-2015\\\/#\\\/schema\\\/logo\\\/image\\\/\"}},{\"@type\":\"Person\",\"@id\":\"https:\\\/\\\/fjala.info\\\/2009-2015\\\/#\\\/schema\\\/person\\\/3aa1163ef05469c496fc94e77611ada2\",\"name\":\"admin\",\"image\":{\"@type\":\"ImageObject\",\"inLanguage\":\"sq-AL\",\"@id\":\"https:\\\/\\\/fjala.info\\\/2009-2015\\\/wp-content\\\/uploads\\\/2012\\\/02\\\/arben_cokaj-120x150.jpg\",\"url\":\"https:\\\/\\\/fjala.info\\\/2009-2015\\\/wp-content\\\/uploads\\\/2012\\\/02\\\/arben_cokaj-120x150.jpg\",\"contentUrl\":\"https:\\\/\\\/fjala.info\\\/2009-2015\\\/wp-content\\\/uploads\\\/2012\\\/02\\\/arben_cokaj-120x150.jpg\",\"caption\":\"admin\"},\"description\":\"Admin, Fjala e Lir\u00eb\",\"sameAs\":[\"https:\\\/\\\/fjala.info\\\/\"],\"url\":\"https:\\\/\\\/fjala.info\\\/2009-2015\\\/author\\\/admin\\\/\"}]}<\/script>\n<!-- \/ Yoast SEO plugin. -->","yoast_head_json":{"title":"Rama mesazh Berish\u00ebs: Edhe 90 vje\u00e7 do dal\u00ebsh para drejt\u00ebsis\u00eb - FjALA e LIR\u00cb - Arkivi","robots":{"index":"index","follow":"follow","max-snippet":"max-snippet:-1","max-image-preview":"max-image-preview:large","max-video-preview":"max-video-preview:-1"},"canonical":"https:\/\/fjala.info\/2009-2015\/rama-mesazh-berishes-edhe-90-vjec-do-dalesh-para-drejtesise\/","og_locale":"sq_AL","og_type":"article","og_title":"Rama mesazh Berish\u00ebs: Edhe 90 vje\u00e7 do dal\u00ebsh para drejt\u00ebsis\u00eb - FjALA e LIR\u00cb - Arkivi","og_description":"TemA Online, 31 Dhjetor 2011 Lideri i opozit\u00ebs ka vijuar t\u00eb ashp\u00ebrsoj gjuh\u00ebn ndaj pushtetit. Jo m\u00eb larg se pak or\u00eb m\u00eb par\u00eb ai ka l\u00ebshuar nj\u00eb mesazh n\u00eb Twitter, ku merr shembull nj\u00eb proces gjyq\u00ebsor n\u00eb Argjentin\u00eb ku nj\u00eb ish pushtetar n\u00eb mosh\u00ebn 90 vje\u00e7are ka dal p\u00ebrpara drejt\u00ebsis\u00eb. \u201cShembullore n\u00eb Argjentin\u00eb, nj\u00eb ish [&hellip;]","og_url":"https:\/\/fjala.info\/2009-2015\/rama-mesazh-berishes-edhe-90-vjec-do-dalesh-para-drejtesise\/","og_site_name":"FjALA e LIR\u00cb - Arkivi","article_published_time":"2012-01-01T09:24:22+00:00","og_image":[{"url":"http:\/\/www.shkoder.net\/2012\/rama_vs_berisha.jpg","type":"","width":"","height":""}],"author":"admin","twitter_card":"summary_large_image","twitter_misc":{"Written by":"admin","Est. reading time":"1 minute"},"schema":{"@context":"https:\/\/schema.org","@graph":[{"@type":"Article","@id":"https:\/\/fjala.info\/2009-2015\/rama-mesazh-berishes-edhe-90-vjec-do-dalesh-para-drejtesise\/#article","isPartOf":{"@id":"https:\/\/fjala.info\/2009-2015\/rama-mesazh-berishes-edhe-90-vjec-do-dalesh-para-drejtesise\/"},"author":{"name":"admin","@id":"https:\/\/fjala.info\/2009-2015\/#\/schema\/person\/3aa1163ef05469c496fc94e77611ada2"},"headline":"Rama mesazh Berish\u00ebs: Edhe 90 vje\u00e7 do dal\u00ebsh para drejt\u00ebsis\u00eb","datePublished":"2012-01-01T09:24:22+00:00","mainEntityOfPage":{"@id":"https:\/\/fjala.info\/2009-2015\/rama-mesazh-berishes-edhe-90-vjec-do-dalesh-para-drejtesise\/"},"wordCount":277,"commentCount":0,"publisher":{"@id":"https:\/\/fjala.info\/2009-2015\/#organization"},"image":{"@id":"https:\/\/fjala.info\/2009-2015\/rama-mesazh-berishes-edhe-90-vjec-do-dalesh-para-drejtesise\/#primaryimage"},"thumbnailUrl":"http:\/\/www.shkoder.net\/2012\/rama_vs_berisha.jpg","articleSection":["Lajme"],"inLanguage":"sq-AL","potentialAction":[{"@type":"CommentAction","name":"Comment","target":["https:\/\/fjala.info\/2009-2015\/rama-mesazh-berishes-edhe-90-vjec-do-dalesh-para-drejtesise\/#respond"]}]},{"@type":"WebPage","@id":"https:\/\/fjala.info\/2009-2015\/rama-mesazh-berishes-edhe-90-vjec-do-dalesh-para-drejtesise\/","url":"https:\/\/fjala.info\/2009-2015\/rama-mesazh-berishes-edhe-90-vjec-do-dalesh-para-drejtesise\/","name":"Rama mesazh Berish\u00ebs: Edhe 90 vje\u00e7 do dal\u00ebsh para drejt\u00ebsis\u00eb - FjALA e LIR\u00cb - Arkivi","isPartOf":{"@id":"https:\/\/fjala.info\/2009-2015\/#website"},"primaryImageOfPage":{"@id":"https:\/\/fjala.info\/2009-2015\/rama-mesazh-berishes-edhe-90-vjec-do-dalesh-para-drejtesise\/#primaryimage"},"image":{"@id":"https:\/\/fjala.info\/2009-2015\/rama-mesazh-berishes-edhe-90-vjec-do-dalesh-para-drejtesise\/#primaryimage"},"thumbnailUrl":"http:\/\/www.shkoder.net\/2012\/rama_vs_berisha.jpg","datePublished":"2012-01-01T09:24:22+00:00","breadcrumb":{"@id":"https:\/\/fjala.info\/2009-2015\/rama-mesazh-berishes-edhe-90-vjec-do-dalesh-para-drejtesise\/#breadcrumb"},"inLanguage":"sq-AL","potentialAction":[{"@type":"ReadAction","target":["https:\/\/fjala.info\/2009-2015\/rama-mesazh-berishes-edhe-90-vjec-do-dalesh-para-drejtesise\/"]}]},{"@type":"ImageObject","inLanguage":"sq-AL","@id":"https:\/\/fjala.info\/2009-2015\/rama-mesazh-berishes-edhe-90-vjec-do-dalesh-para-drejtesise\/#primaryimage","url":"http:\/\/www.shkoder.net\/2012\/rama_vs_berisha.jpg","contentUrl":"http:\/\/www.shkoder.net\/2012\/rama_vs_berisha.jpg"},{"@type":"BreadcrumbList","@id":"https:\/\/fjala.info\/2009-2015\/rama-mesazh-berishes-edhe-90-vjec-do-dalesh-para-drejtesise\/#breadcrumb","itemListElement":[{"@type":"ListItem","position":1,"name":"Home","item":"https:\/\/fjala.info\/2009-2015\/"},{"@type":"ListItem","position":2,"name":"Rama mesazh Berish\u00ebs: Edhe 90 vje\u00e7 do dal\u00ebsh para drejt\u00ebsis\u00eb"}]},{"@type":"WebSite","@id":"https:\/\/fjala.info\/2009-2015\/#website","url":"https:\/\/fjala.info\/2009-2015\/","name":"FjALA e LIR\u00cb - Arkivi","description":"Arkivi 2009-2015","publisher":{"@id":"https:\/\/fjala.info\/2009-2015\/#organization"},"potentialAction":[{"@type":"SearchAction","target":{"@type":"EntryPoint","urlTemplate":"https:\/\/fjala.info\/2009-2015\/?s={search_term_string}"},"query-input":{"@type":"PropertyValueSpecification","valueRequired":true,"valueName":"search_term_string"}}],"inLanguage":"sq-AL"},{"@type":"Organization","@id":"https:\/\/fjala.info\/2009-2015\/#organization","name":"FjALA e LIR\u00cb - Arkivi","url":"https:\/\/fjala.info\/2009-2015\/","logo":{"@type":"ImageObject","inLanguage":"sq-AL","@id":"https:\/\/fjala.info\/2009-2015\/#\/schema\/logo\/image\/","url":"","contentUrl":"","caption":"FjALA e LIR\u00cb - Arkivi"},"image":{"@id":"https:\/\/fjala.info\/2009-2015\/#\/schema\/logo\/image\/"}},{"@type":"Person","@id":"https:\/\/fjala.info\/2009-2015\/#\/schema\/person\/3aa1163ef05469c496fc94e77611ada2","name":"admin","image":{"@type":"ImageObject","inLanguage":"sq-AL","@id":"https:\/\/fjala.info\/2009-2015\/wp-content\/uploads\/2012\/02\/arben_cokaj-120x150.jpg","url":"https:\/\/fjala.info\/2009-2015\/wp-content\/uploads\/2012\/02\/arben_cokaj-120x150.jpg","contentUrl":"https:\/\/fjala.info\/2009-2015\/wp-content\/uploads\/2012\/02\/arben_cokaj-120x150.jpg","caption":"admin"},"description":"Admin, Fjala e Lir\u00eb","sameAs":["https:\/\/fjala.info\/"],"url":"https:\/\/fjala.info\/2009-2015\/author\/admin\/"}]}},"_links":{"self":[{"href":"https:\/\/fjala.info\/2009-2015\/wp-json\/wp\/v2\/posts\/905","targetHints":{"allow":["GET"]}}],"collection":[{"href":"https:\/\/fjala.info\/2009-2015\/wp-json\/wp\/v2\/posts"}],"about":[{"href":"https:\/\/fjala.info\/2009-2015\/wp-json\/wp\/v2\/types\/post"}],"author":[{"embeddable":true,"href":"https:\/\/fjala.info\/2009-2015\/wp-json\/wp\/v2\/users\/1"}],"replies":[{"embeddable":true,"href":"https:\/\/fjala.info\/2009-2015\/wp-json\/wp\/v2\/comments?post=905"}],"version-history":[{"count":0,"href":"https:\/\/fjala.info\/2009-2015\/wp-json\/wp\/v2\/posts\/905\/revisions"}],"wp:attachment":[{"href":"https:\/\/fjala.info\/2009-2015\/wp-json\/wp\/v2\/media?parent=905"}],"wp:term":[{"taxonomy":"category","embeddable":true,"href":"https:\/\/fjala.info\/2009-2015\/wp-json\/wp\/v2\/categories?post=905"},{"taxonomy":"post_tag","embeddable":true,"href":"https:\/\/fjala.info\/2009-2015\/wp-json\/wp\/v2\/tags?post=905"}],"curies":[{"name":"wp","href":"https:\/\/api.w.org\/{rel}","templated":true}]}}