{"id":891,"date":"2011-12-31T10:19:50","date_gmt":"2011-12-31T09:19:50","guid":{"rendered":"http:\/\/fjala.shkoder.net\/?p=891"},"modified":"2011-12-31T10:19:50","modified_gmt":"2011-12-31T09:19:50","slug":"ne-kohen-e-drites-se-zbehur-kolumna-e-fundit-per-2011","status":"publish","type":"post","link":"https:\/\/fjala.info\/2009-2015\/ne-kohen-e-drites-se-zbehur-kolumna-e-fundit-per-2011\/","title":{"rendered":"N\u00eb koh\u00ebn e drit\u00ebs s\u00eb zbehur (Kolumna e fundit per 2011)"},"content":{"rendered":"<p><img decoding=\"async\" class=\"alignleft size-thumbnail wp-image-7236\" title=\"Enver Robelli\" src=\"http:\/\/www.shkoder.net\/images\/fjala\/enver_robelli.jpg\" alt=\"\" width=\"150\" \/> <em>Sa m\u00eb e keqe qeverisja, aq m\u00eb e madhe propaganda: n\u00eb k\u00ebt\u00eb kuptim viti 2011 ka qen\u00eb shembullor p\u00ebr kast\u00ebn sunduese dhe i keq p\u00ebr qytetar\u00ebt. Prandaj, beteja p\u00ebr shpalosjen e s\u00eb v\u00ebrtet\u00ebs dhe qeverisje t\u00eb p\u00ebrgjegjshme duhet t\u00eb vazhdoj\u00eb \u2013 edhe n\u00eb vitin 2012<\/em><\/p>\n<p><strong>Enver Robelli<\/strong>, <em>31 Dhjetor 2011<\/em><\/p>\n<p>N\u00eb nj\u00eb let\u00ebr t\u00eb shkrimtarit Franz Kafka drejtuar historianit t\u00eb artit Oskar Pollak n\u00eb vitin 1904 gjendet nj\u00eb pasus i mrekulluesh\u00ebm mbi vler\u00ebn e librave, i cili mund t\u00eb lexohet edhe si mendim i p\u00ebrgjithsh\u00ebm mbi vler\u00ebn e shkrimit. Kafka n\u00ebnvizonte: \u201eBesoj se duhet lexuar vet\u00ebm libra q\u00eb t\u00eb kafshojn\u00eb dhe therin. N\u00ebse nj\u00eb lib\u00ebr q\u00eb e lexojm\u00eb nuk na zgjon me nj\u00eb grusht n\u00eb rrasht\u00eb t\u00eb kres\u00eb, at\u00ebher\u00eb pse e lexojm\u00eb at\u00eb lib\u00ebr? Q\u00eb t\u00eb na b\u00ebj\u00eb t\u00eb lumtur, si\u00e7 shkruan ti? O Zot, ne do t\u00eb ishim t\u00eb lumtur edhe sikur t\u00eb mos kishim libra ose libra t\u00eb till\u00eb, t\u00eb cilat na b\u00ebjn\u00eb t\u00eb lumtur, prej zori do t\u00eb mund t\u2019i shkruanim vet\u00eb.<\/p>\n<p>Por, neve na duhen libra t\u00eb cilat ndikojn\u00eb ndaj nesh si nj\u00eb fatkeq\u00ebsi, e cila na dhemb shum\u00eb\u201c. Kjo m\u00eb duket kredoja m\u00eb e p\u00ebrshtatshme edhe p\u00ebr gazetar\u00ebt, sidomos n\u00eb vendet si Kosova, ku liria individuale dhe demokracia m\u00eb shum\u00eb jan\u00eb form\u00eb se sa p\u00ebrmbajtje. Kur k\u00ebsaj i shtohet keqqeverisja dhe mir\u00ebmbajtja e nj\u00eb sistemi pla\u00e7kit\u00ebs, at\u00ebher\u00eb viti 2011 na del i disfavorsh\u00ebm p\u00ebr qytetarin e r\u00ebndomt\u00eb dhe shembullor p\u00ebr kast\u00ebn sunduese.<\/p>\n<p><strong>\u201cDinjiteti i njeriut varet nga zgjedhja\u201d<\/strong><\/p>\n<p>2011-ta mund t\u00eb mbahet mend si vit i drit\u00ebs s\u00eb zbehur dhe i propagand\u00ebs agresive qeveritare. Mercenar\u00eb publicistik\u00eb, t\u00eb veshur me pushtet, i cili burimin e ka nga votat e vjedhura, p\u00ebrpiqen t\u00eb trullosin opinionin duke trumbetuar \u201esuksese\u201c, \u201erezultate\u201c, \u201eprogres\u201c, \u201emarr\u00ebveshje\u201c. \u2013 Max Frisch, autori zviceran, shkruan n\u00eb ditarin e tij: \u201c<em>M\u00eb duket se dinjiteti i njeriut varet nga zgjedhja. Kjo e dallon njeriun prej kafsh\u00ebs; kafsha p\u00ebrher\u00eb \u00ebsht\u00eb vet\u00ebm rezultat; kafsha s\u2019mund t\u00eb b\u00ebhet fajtore, po aq pak mund t\u00eb b\u00ebhet e lir\u00eb; kafsha b\u00ebn p\u00ebrher\u00eb at\u00eb q\u00eb duhet t\u00eb b\u00ebhet; dhe ajo s\u2019e din \u00e7ka b\u00ebn. Njeriu mund ta dij\u00eb, madje edhe Zoti, i Gjith\u00ebfuqishmi, e v\u00eb at\u00eb para zgjedhjes, n\u00ebse d\u00ebshiron t\u2019i ndjek engj\u00ebjt e tij t\u00eb mir\u00eb apo t\u00eb lig\u00eb; sepse Zoti s\u2019na do si kafsh\u00eb. Tek nga zgjedhja e mundshme rrjedh p\u00ebrgjegj\u00ebsia: faji apo liria<\/em>\u201d. \u2013 Duhet t\u00eb ekzistoj\u00eb dikush n\u00eb k\u00ebt\u00eb vend, q\u00eb godet n\u00eb rrasht\u00eb t\u00eb kres\u00eb me q\u00ebllim q\u00eb rrenat e m\u00ebdha t\u00eb mos na e z\u00ebn\u00eb frym\u00ebn m\u00eb tutje. Kjo \u00ebsht\u00eb detyr\u00eb e shtypit t\u00eb lir\u00eb, atij shtypi q\u00eb nuk i n\u00ebnshtrohet presioneve dhe nuk merret me kalkulime. Derisa shtypin e lir\u00eb nuk e bojkotojn\u00eb lexuesit, arsye p\u00ebr shqet\u00ebsim nuk ka. Ata jan\u00eb mat\u00ebsi m\u00eb i mir\u00eb i s\u00eb v\u00ebrtet\u00ebs.<\/p>\n<p>N\u00eb fund t\u00eb k\u00ebtij viti t\u00eb gjith\u00eb ne duam t\u00eb kthejm\u00eb p\u00ebr pak kok\u00ebn prapa, t\u00eb shohim, si ishin 12 muajt q\u00eb ik\u00ebn n\u00eb pakthim. Vitin 2011 e p\u00ebrfunduam, mes tjerash, duke shkruar e menduar p\u00ebr vizit\u00ebn e Angela Merkel n\u00eb Prishtin\u00eb. Ishte nj\u00eb vizit\u00eb ushtar\u00ebve gjerman\u00eb. Pushtetar\u00ebt e Kosov\u00ebs u takuan me zonj\u00ebn tani p\u00ebr tani m\u00eb t\u00eb fuqishme politike n\u00eb bot\u00eb n\u00eb nj\u00eb skut\u00eb aeroporti. Mesazhi qe i qart\u00eb: kryeministrja gjermane nuk \u00ebsht\u00eb n\u00eb disponim t\u00eb v\u00eb k\u00ebmb\u00ebn n\u00eb zyrat e shtetit t\u00eb Kosov\u00ebs.<\/p>\n<p>N\u00eb paraqitjen para medieve ajo nuk humbi koh\u00eb, pas pak sekondave theksoi domosdoshm\u00ebrin\u00eb e luftimit t\u00eb korrupsionit. Nikoqirit t\u00eb saj, kryeministrit t\u00eb Kosov\u00ebs, i cili ia kishte z\u00ebn\u00eb rrug\u00ebn n\u00eb aeroport, Merkel s\u2019ia p\u00ebrmend fare emrin, presidentit serb, nd\u00ebrkaq, po, madje dy her\u00eb. Prishjen e raporteve me Gjermanin\u00eb e kisha p\u00ebrmendur n\u00eb kolumnen e par\u00eb t\u00eb k\u00ebtij viti q\u00eb po ik\u00ebn. Po ashtu edhe fyerjet personale q\u00eb dominonin at\u00ebbot\u00eb kund\u00ebr politikanit zviceran Dick Marty. Nuk merreshin qeveritar\u00ebt e Kosov\u00ebs me akuzat, por shfryheshin me deklarata k\u00ebrc\u00ebnuese e pseudopatriotike. \u201eDo ta hedh n\u00eb gjyq\u201c, tha at\u00ebher\u00eb kryeministri.<\/p>\n<p>\u201eNuk do ta hedhim n\u00eb gjyq\u201c, tha nj\u00eb sejmen i tij para disa jav\u00ebsh. Paaft\u00ebsia e pal\u00ebs kosovare q\u00eb kund\u00ebr akuzave t\u00eb r\u00ebnda t\u00eb paraqes argumente bind\u00ebse dhe t\u00eb p\u00ebrshtatshme nxiti at\u00ebher\u00eb reagimin e z\u00ebvend\u00ebsit t\u00eb ndihm\u00ebssekretarit t\u00eb shtetit t\u00eb SHBA-ve p\u00ebr Evrop\u00eb, Tom Countryman. N\u00eb nj\u00eb bised\u00eb me \u201eZ\u00ebrin e Amerik\u00ebs\u201c diplomati i lart\u00eb amerikan deklaronte se \u00ebsht\u00eb e d\u00ebmshme p\u00ebr Kosov\u00ebn t\u00eb kalohet \u201en\u00eb sulme personale ndaj zotit Marty apo ndonj\u00eb burimi tjet\u00ebr. (\u2026) K\u00ebto sulme personale q\u00eb mund t\u00eb interpretohen si k\u00ebrc\u00ebnim, thjesht p\u00ebrforcojn\u00eb besimin q\u00eb njer\u00ebzit jasht\u00eb Kosov\u00ebs mund t\u00eb ken\u00eb, ndon\u00ebse pa arsye, por nj\u00eb q\u00ebndrim i till\u00eb p\u00ebrforcon iden\u00eb se kund\u00ebr njer\u00ebzve q\u00eb b\u00ebjn\u00eb akuza t\u00eb tilla do t\u00eb p\u00ebrdoret dhuna. Dhe kjo nuk e ndihmon imazhin e Kosov\u00ebs\u201d.<\/p>\n<p><strong>Drejt\u00ebsia si dekor<\/strong><\/p>\n<p>Gjat\u00eb janarit p\u00ebr disa dit\u00eb Kosova u largua nga fokusi i lajmeve kryesore rajonale, duke ia l\u00ebshuar vendin Shqip\u00ebris\u00eb. \u201c<em>N\u00eb stilin e mafioz\u00ebve sicilian: Nj\u00eb video me kryeprotagonist Ilir Met\u00ebn trondit shqiptar\u00ebt, por duket q\u00eb nuk do t\u00eb ket\u00eb asnj\u00eb konsekuenc\u00eb, sepse si n\u00eb Shqip\u00ebri ashtu dhe n\u00eb Kosov\u00eb politikan\u00ebt q\u00ebndrojn\u00eb mbi ligjin<\/em>\u201d, kisha shkruar at\u00ebher\u00eb. Tani trajtimi juridik i rastit Meta \u00ebsht\u00eb para d\u00ebshtimit, sepse n\u00eb Shqip\u00ebrin\u00eb eg\u00ebrshane drejt\u00ebsia \u00ebsht\u00eb vet\u00ebm dekor. Meta at\u00ebbot\u00eb dha dor\u00ebheqje pas presionit publik, por jo pse ishte i vet\u00ebdijsh\u00ebm se kishte b\u00ebr\u00eb di\u00e7ka t\u00eb paligjshme. N\u00eb nj\u00eb shtet normal ai do duhej t\u00eb shkarkohej. K\u00ebt\u00eb s\u2019e b\u00ebri kryeministri Sali Berisha.<\/p>\n<p>Pak dit\u00eb m\u00eb von\u00eb n\u00eb rrug\u00ebt e Tiran\u00ebs do t\u00eb rridhte gjak gjat\u00eb nj\u00eb demonstrate t\u00eb opozit\u00ebs kund\u00ebr \u201cvjedhjes s\u00eb votave\u201d, si\u00e7 thuhej. Kjo ishte, pak a shum\u00eb Shqip\u00ebria e vitit 2011 \u2013 nj\u00eb vend n\u00eb k\u00ebrkim t\u00eb paqes me vetveten. Dhe nj\u00eb vend ku n\u00eb munges\u00eb t\u00eb debatit p\u00ebr \u00e7\u00ebshtjet e m\u00ebdha, si\u00e7 \u00ebsht\u00eb nd\u00ebrtimi i nj\u00eb shteti funksional, b\u00ebhet zhurm\u00eb p\u00ebr \u201cbashkim komb\u00ebtar\u201d, edhe pse dihet se hartat n\u00eb Evrop\u00ebn Juglindore tashm\u00eb me pavar\u00ebsin\u00eb e Kosov\u00ebs jan\u00eb vizatuar. E tha k\u00ebt\u00eb sivjet n\u00eb Beograd edhe ministri gjerman i pun\u00ebve t\u00eb jashtme, Guido Westerwelle. Duket se askush s\u2019e d\u00ebgjoi. Ata q\u00eb manipulojn\u00eb me ndjenja komb\u00ebtare, zakonisht jan\u00eb t\u00eb shurdh\u00ebr ndaj kritik\u00ebs dhe porosive t\u00eb qarta.<\/p>\n<p><strong>Prej maskarad\u00ebs n\u00eb parodi<\/strong><\/p>\n<p>Pas zgjedhjeve t\u00eb vjedhura t\u00eb dhjetorit 2010 (diplomat\u00ebt flisnin p\u00ebr \u201cp\u00ebrmasa industriale\u201d t\u00eb vot\u00ebpla\u00e7kitjes) protektor\u00ebt nd\u00ebrkomb\u00ebtar\u00eb dhe diplomat\u00ebt e shteteve me ndikim nis\u00ebn p\u00ebrpjekjet p\u00ebr daljen nga qorrsokaku. Ata pajtoheshin se zgjedhjet ishin vjedhur, por tani s\u00eb paku duhej t\u00eb krijohej \u201cnj\u00eb qeveri e past\u00ebr\u201d. Ky ishte nj\u00eb p\u00ebrdhunim i demokracis\u00eb, sepse nuk mund t\u00eb nxirret qeveri e past\u00ebr nga nj\u00eb parlament n\u00eb ul\u00ebset e t\u00eb cilit b\u00ebjn\u00eb mriz njer\u00ebz t\u00eb dyshuar p\u00ebr krime t\u00eb r\u00ebnda, p\u00ebr korrupsion, p\u00ebr urdhra p\u00ebr vrasje, p\u00ebr ndihm\u00eb n\u00eb transplantime ilegale t\u00eb organeve etj. Futja e personave t\u00eb till\u00eb n\u00eb parlament, t\u00eb cil\u00ebt mund t\u2019i dirigjosh vet\u00ebm me nj\u00eb k\u00ebrc\u00ebnim p\u00ebr hetim, do t\u00eb mbetet nj\u00ebra prej njollave m\u00eb t\u00eb m\u00ebdha n\u00eb biografin\u00eb politike t\u00eb kryeministrit, n\u00eb fakt sundimtarit aktual t\u00eb Kosov\u00ebs.<\/p>\n<p>\u201cNga nj\u00eb parlament i krijuar me vota t\u00eb vjedhura dhe i p\u00ebrb\u00ebr\u00eb nga figura t\u00eb dyshuara p\u00ebr krime t\u00eb gjithfar\u00ebllojshme s\u2019mund t\u00eb dal\u00eb nj\u00eb qeveri e paq\u201d, kisha shkruar n\u00eb dit\u00ebt para se t\u00eb zgjidhej qeveria dhe kur pothuaj me dhun\u00eb dhe duke shkelur Kushtetut\u00ebn do t\u00eb vendosej n\u00eb postin e kryetarit t\u00eb Kosov\u00ebs nj\u00eb oligark, q\u00eb u b\u00eb personazh medial me nofk\u00ebn Salep Sulltani (\u201cSrbija [je] jo\u0161 majka Kosova, na\u017ealost, zla majka\u201d). Ky episod tragjikomik i demokracis\u00eb kosovare, i imponuar edhe me mesazhe telefonike, mori fund m\u00eb shpejt se \u00e7\u2019pritej \u2013 fal\u00eb nj\u00eb vendimi t\u00eb Gjykat\u00ebs Kushtetuese, ndoshta edhe fal\u00eb disponimit publik kund\u00ebr maskarad\u00ebs q\u00eb u luajt me Salep Sulltanin dhe nga Salep Sulltani.<\/p>\n<p>Prej maskarad\u00ebs menj\u00ebher\u00eb kaluam n\u00eb parodi. Dalja nga kriza u kurdis shpejt e shpejt, si me automat kazinoje. U b\u00eb Kosova me presidente. Dit\u00ebn kur nj\u00eb police e lavd\u00ebruar dhe e panjohur u b\u00eb kryetari e shtetit t\u00eb disa hajnave shkrova: \u201cSecili, e k\u00ebtu s\u2019b\u00ebn dallim as zonja presidente, e b\u00ebn zgjedhjen sipas vendimeve, bindjeve dhe karakterit personal: dikujt i p\u00eblqen t\u00eb b\u00ebhet veg\u00ebl n\u00eb duar t\u00eb tjet\u00ebrkujt, dikujt t\u00eb mendoj\u00eb p\u00ebr pasojat. (\u2026) Kosova tani ka nj\u00eb presidente sezonale, jopolitike, n\u00eb nj\u00eb koh\u00eb kur gjith\u00e7ka n\u00eb k\u00ebt\u00eb shoq\u00ebri \u00ebsht\u00eb politike dhe kur si kurr\u00eb m\u00eb par\u00eb k\u00ebrkohen personalitete q\u00eb i prijn\u00eb k\u00ebtij vendi \u2013 n\u00eb radh\u00eb t\u00eb par\u00eb me intuit\u00eb politike, me p\u00ebrvoj\u00eb dhe me vendosm\u00ebri t\u00eb d\u00ebshmuar\u201d. At\u00ebbot\u00eb pata shpresuar se zonja presidente do t\u00eb rritet bashk\u00eb me postin. N\u00eb fund t\u00eb vitit 2011 opinioni kosovar b\u00ebhet d\u00ebshmitar i shfaqjeve publike t\u00eb zonj\u00ebs kryetare, t\u00eb cilat jan\u00eb t\u00eb palejueshme p\u00ebr k\u00ebt\u00eb ofiq t\u00eb lart\u00eb.<\/p>\n<p><strong>\u201cErdha, pash\u00eb dhe p\u00ebshtyva mbi Kosov\u00ebn!\u201d<\/strong><\/p>\n<p>P\u00ebr \u00e7ka tjet\u00ebr do t\u00eb mbahet mend ky vit? P\u00ebr vrasjen e Osama Bin Ladenit dhe arrestimin e Ratko Mlladiqit, p\u00ebr revolucionet demokratike dhe t\u00eb p\u00ebrgjakshme arabe, p\u00ebr 20-vjetorin e shkat\u00ebrrimit t\u00eb Jugosllavis\u00eb, p\u00ebr 20 vjetorin e pushtimit t\u00eb Vukovarit nga trupat e Slobodan Milosheviqit, por edhe p\u00ebr faktin se Bosnj\u00eb-Hercegovina nuk ka ende qeveri \u2013 14 muaj pas zgjedhjeve. Do t\u00eb mbahet mend viti 2011 edhe p\u00ebr sag\u00ebn rreth kontrat\u00ebs p\u00ebr autostrad\u00ebn e par\u00eb n\u00ebp\u00ebr Kosov\u00eb. \u201cBechtel \u00ebsht\u00eb nj\u00eb firm\u00eb amerikane, por nuk \u00ebsht\u00eb Amerika. Asnj\u00eb vjedhje e parave t\u00eb buxhetit t\u00eb Kosov\u00ebs nuk duhet t\u00eb arsyetohet me miq\u00ebsin\u00eb me Amerik\u00ebn, sepse kjo \u00ebsht\u00eb fyerje p\u00ebr demokracin\u00eb amerikane.<\/p>\n<p>Bechtel kudo ku ka punuar n\u00eb rajon prapa ka l\u00ebn\u00eb gjurm\u00ebt e dyshimeve p\u00ebr keqp\u00ebrdorime. Gjuha me t\u00eb cil\u00ebn fyelltar\u00ebt e qeveris\u00eb e mbrojn\u00eb kontrat\u00ebn e keqe p\u00ebr nd\u00ebrtimin e autostrad\u00ebs \u00ebsht\u00eb fyese p\u00ebr \u00e7do qytetar t\u00eb Kosov\u00ebs\u201d. Ky konstatim nga qershori, p\u00ebr fat t\u00eb keq, mbetet aktual. \u00cbsht\u00eb indikative se cil\u00ebt jan\u00eb aktualisht \u201cmbrojt\u00ebsit e vet\u00ebshpallur\u201d t\u00eb Amerik\u00ebs n\u00eb Kosov\u00eb: personazhe t\u00eb n\u00ebntok\u00ebs, t\u00eb futur n\u00eb parlament me vota t\u00eb vjedhura, vring\u00ebllues revolesh, zhvat\u00ebs buxheti, kalemxhinj q\u00eb prej vitesh presin q\u00eb pushteti t\u2019ua hedh ndonj\u00eb kock\u00eb.<\/p>\n<p>Meq\u00eb Kosova nuk \u00ebsht\u00eb m\u00eb referenc\u00eb e r\u00ebnd\u00ebsishme n\u00eb politik\u00ebn nd\u00ebrkomb\u00ebtare, edhe emrat e diplomat\u00ebve q\u00eb d\u00ebrgohen p\u00ebr sh\u00ebrbim n\u00eb Prishtin\u00eb s\u2019jan\u00eb m\u00eb t\u00eb rangut aq serioz si dikur. P\u00ebr k\u00ebt\u00eb u binda p\u00ebr t\u00eb sat\u00ebn her\u00eb dhe pastaj edhe shkrova pasi lexova nj\u00eb lib\u00ebr p\u00ebr Ballkanin t\u00eb Fernando Gentilinit, aktualisht p\u00ebrfaq\u00ebsues i p\u00ebrkohsh\u00ebm i Bashkimit Evropian n\u00eb Prishtin\u00eb. Nj\u00eb lib\u00ebr i nd\u00ebrtuar me stereotipa dhe paragjykime n\u00eb stilin: erdha, pash\u00eb dhe p\u00ebshtyva mbi Kosov\u00ebn!<\/p>\n<p>Si po p\u00ebrfundon ky vit? Sapo kemi l\u00ebn\u00eb prapa samitin e Bashkimit Evropian. Serbis\u00eb iu shty statusi i kandidatit, Kosova nuk mori asgj\u00eb, p\u00ebrve\u00e7 disa premtimeve. Fatos Nano shpalli publikisht synimin p\u00ebr t\u2019u b\u00ebr\u00eb president i Shqip\u00ebris\u00eb. Ky lajm \u00e7udit\u00ebrisht u prit mir\u00eb edhe nga disa eksponent\u00eb t\u00eb Partis\u00eb Demokratike t\u00eb Sali Berish\u00ebs \u2013 ndon\u00ebse ky i fundit p\u00ebr Nanon kishte th\u00ebn\u00eb se \u00ebsht\u00eb kumarxhi dhe diler droge. \u2013 \u00c7\u2019mund t\u00eb presim nga viti 2012? P\u00ebr fat t\u00eb keq kjo nuk \u00ebsht\u00eb koh\u00eb kur vet\u00ebm shprehja e d\u00ebshirave na b\u00ebn t\u00eb ndihemi mir\u00eb, sepse llogarisim q\u00eb di\u00e7ka pozitive do t\u00eb ndodh\u00eb.<\/p>\n<p>P\u00ebr t\u2019u b\u00ebr\u00eb mir\u00eb duhet t\u00eb vazhdoj\u00eb angazhimi publik p\u00ebr shpalosjen e s\u00eb v\u00ebrtet\u00ebs dhe p\u00ebr qeverisje t\u00eb p\u00ebrgjegjshme. \u201cSecili mund t\u00eb jet\u00eb i zem\u00ebruar, kjo \u00ebsht\u00eb pun\u00eb e thjesht\u00eb. Por, t\u00eb jesh i zem\u00ebruar n\u00eb at\u00eb q\u00eb duhet, n\u00eb mas\u00ebn e duhur, n\u00eb \u00e7astin e duhur, me q\u00ebllim t\u00eb drejt\u00eb dhe n\u00eb m\u00ebnyr\u00ebn e q\u00eblluar, kjo \u00ebsht\u00eb v\u00ebshtir\u00eb\u201d, shkruante Aristoteli. V\u00ebrtet e v\u00ebshtir\u00eb, por jo e pamundshme. Kush nuk zem\u00ebrohet p\u00ebrball\u00eb padrejt\u00ebsive, s\u2019e meriton as lirin\u00eb, sepse nj\u00eb dit\u00eb ajo do t\u2019i kthehet n\u00eb rob\u00ebri. Nuk \u00ebsht\u00eb rob\u00ebri vet\u00ebm mungesa e liris\u00eb. Rob\u00ebri \u00ebsht\u00eb edhe pamund\u00ebsia p\u00ebr t\u00eb qen\u00eb i lumtur n\u00eb kufijt\u00eb e jet\u00ebs normale.<\/p>\n<p>Vaclav Haveli i sapovarrosur na ka l\u00ebn\u00eb nj\u00eb porosi, e cila duhet t\u00eb jet\u00eb lajtmotiv i \u00e7do qytetari t\u00eb Kosov\u00ebs n\u00eb vitin 2012: \u201cJu mund t\u00eb pyesni se \u00e7far\u00eb Republike \u00ebnd\u00ebrroj un\u00eb. M\u00eb lejoni t\u00eb p\u00ebrgjigjem: Un\u00eb \u00ebnd\u00ebrroj nj\u00eb Republik\u00eb t\u00eb pavarur, t\u00eb lir\u00eb dhe demokratike, nj\u00eb ekonomi t\u00eb begat\u00eb dhe shoq\u00ebri t\u00eb drejt\u00eb, me pak fjal\u00eb, nj\u00eb Republik\u00eb humane e cila i sh\u00ebrben individit dhe shpreson se edhe individi do t\u2019i sh\u00ebrbej\u00eb. P\u00ebr nj\u00eb Republik\u00eb me njer\u00ebz t\u00eb harmonish\u00ebm, pasi p\u00ebrndryshe do t\u00eb ishte e pamundur t\u00eb zgjidhnim problemet tona, njer\u00ebzore, ekonomike, ekologjike, sociale dhe politike\u201d.<\/p>\n<p>Viti 2011 ishte vit i drit\u00ebs s\u00eb zbehur dhe i shpresave t\u00eb humbura. A do t\u00eb jet\u00eb ndryshe viti 2012? Se \u00e7far\u00eb Republike do t\u00eb kemi varet vet\u00ebm prej teje, qytetar dhe qytetare e Kosov\u00ebs!<\/p>\n","protected":false},"excerpt":{"rendered":"<p>Sa m\u00eb e keqe qeverisja, aq m\u00eb e madhe propaganda: n\u00eb k\u00ebt\u00eb kuptim viti 2011 ka qen\u00eb shembullor p\u00ebr kast\u00ebn sunduese dhe i keq p\u00ebr qytetar\u00ebt. Prandaj, beteja p\u00ebr shpalosjen e s\u00eb v\u00ebrtet\u00ebs dhe qeverisje t\u00eb p\u00ebrgjegjshme duhet t\u00eb vazhdoj\u00eb \u2013 edhe n\u00eb vitin 2012 Enver Robelli, 31 Dhjetor 2011 N\u00eb nj\u00eb let\u00ebr t\u00eb shkrimtarit [&hellip;]<\/p>\n","protected":false},"author":1,"featured_media":0,"comment_status":"open","ping_status":"closed","sticky":false,"template":"","format":"standard","meta":{"footnotes":""},"categories":[2],"tags":[],"class_list":{"0":"post-891","1":"post","2":"type-post","3":"status-publish","4":"format-standard","6":"category-artikuj"},"yoast_head":"<!-- This site is optimized with the Yoast SEO plugin v27.4 - https:\/\/yoast.com\/product\/yoast-seo-wordpress\/ -->\n<title>N\u00eb koh\u00ebn e drit\u00ebs s\u00eb zbehur (Kolumna e fundit per 2011) - FjALA e LIR\u00cb - Arkivi<\/title>\n<meta name=\"robots\" content=\"index, follow, max-snippet:-1, max-image-preview:large, max-video-preview:-1\" \/>\n<link rel=\"canonical\" href=\"https:\/\/fjala.info\/2009-2015\/ne-kohen-e-drites-se-zbehur-kolumna-e-fundit-per-2011\/\" \/>\n<meta property=\"og:locale\" content=\"sq_AL\" \/>\n<meta property=\"og:type\" content=\"article\" \/>\n<meta property=\"og:title\" content=\"N\u00eb koh\u00ebn e drit\u00ebs s\u00eb zbehur (Kolumna e fundit per 2011) - FjALA e LIR\u00cb - Arkivi\" \/>\n<meta property=\"og:description\" content=\"Sa m\u00eb e keqe qeverisja, aq m\u00eb e madhe propaganda: n\u00eb k\u00ebt\u00eb kuptim viti 2011 ka qen\u00eb shembullor p\u00ebr kast\u00ebn sunduese dhe i keq p\u00ebr qytetar\u00ebt. Prandaj, beteja p\u00ebr shpalosjen e s\u00eb v\u00ebrtet\u00ebs dhe qeverisje t\u00eb p\u00ebrgjegjshme duhet t\u00eb vazhdoj\u00eb \u2013 edhe n\u00eb vitin 2012 Enver Robelli, 31 Dhjetor 2011 N\u00eb nj\u00eb let\u00ebr t\u00eb shkrimtarit [&hellip;]\" \/>\n<meta property=\"og:url\" content=\"https:\/\/fjala.info\/2009-2015\/ne-kohen-e-drites-se-zbehur-kolumna-e-fundit-per-2011\/\" \/>\n<meta property=\"og:site_name\" content=\"FjALA e LIR\u00cb - Arkivi\" \/>\n<meta property=\"article:published_time\" content=\"2011-12-31T09:19:50+00:00\" \/>\n<meta property=\"og:image\" content=\"http:\/\/www.shkoder.net\/images\/fjala\/enver_robelli.jpg\" \/>\n<meta name=\"author\" content=\"admin\" \/>\n<meta name=\"twitter:card\" content=\"summary_large_image\" \/>\n<meta name=\"twitter:label1\" content=\"Written by\" \/>\n\t<meta name=\"twitter:data1\" content=\"admin\" \/>\n\t<meta name=\"twitter:label2\" content=\"Est. reading time\" \/>\n\t<meta name=\"twitter:data2\" content=\"12 minutes\" \/>\n<script type=\"application\/ld+json\" class=\"yoast-schema-graph\">{\"@context\":\"https:\\\/\\\/schema.org\",\"@graph\":[{\"@type\":\"Article\",\"@id\":\"https:\\\/\\\/fjala.info\\\/2009-2015\\\/ne-kohen-e-drites-se-zbehur-kolumna-e-fundit-per-2011\\\/#article\",\"isPartOf\":{\"@id\":\"https:\\\/\\\/fjala.info\\\/2009-2015\\\/ne-kohen-e-drites-se-zbehur-kolumna-e-fundit-per-2011\\\/\"},\"author\":{\"name\":\"admin\",\"@id\":\"https:\\\/\\\/fjala.info\\\/2009-2015\\\/#\\\/schema\\\/person\\\/3aa1163ef05469c496fc94e77611ada2\"},\"headline\":\"N\u00eb koh\u00ebn e drit\u00ebs s\u00eb zbehur (Kolumna e fundit per 2011)\",\"datePublished\":\"2011-12-31T09:19:50+00:00\",\"mainEntityOfPage\":{\"@id\":\"https:\\\/\\\/fjala.info\\\/2009-2015\\\/ne-kohen-e-drites-se-zbehur-kolumna-e-fundit-per-2011\\\/\"},\"wordCount\":2379,\"commentCount\":0,\"publisher\":{\"@id\":\"https:\\\/\\\/fjala.info\\\/2009-2015\\\/#organization\"},\"image\":{\"@id\":\"https:\\\/\\\/fjala.info\\\/2009-2015\\\/ne-kohen-e-drites-se-zbehur-kolumna-e-fundit-per-2011\\\/#primaryimage\"},\"thumbnailUrl\":\"http:\\\/\\\/www.shkoder.net\\\/images\\\/fjala\\\/enver_robelli.jpg\",\"articleSection\":[\"Artikuj\"],\"inLanguage\":\"sq-AL\",\"potentialAction\":[{\"@type\":\"CommentAction\",\"name\":\"Comment\",\"target\":[\"https:\\\/\\\/fjala.info\\\/2009-2015\\\/ne-kohen-e-drites-se-zbehur-kolumna-e-fundit-per-2011\\\/#respond\"]}]},{\"@type\":\"WebPage\",\"@id\":\"https:\\\/\\\/fjala.info\\\/2009-2015\\\/ne-kohen-e-drites-se-zbehur-kolumna-e-fundit-per-2011\\\/\",\"url\":\"https:\\\/\\\/fjala.info\\\/2009-2015\\\/ne-kohen-e-drites-se-zbehur-kolumna-e-fundit-per-2011\\\/\",\"name\":\"N\u00eb koh\u00ebn e drit\u00ebs s\u00eb zbehur (Kolumna e fundit per 2011) - FjALA e LIR\u00cb - Arkivi\",\"isPartOf\":{\"@id\":\"https:\\\/\\\/fjala.info\\\/2009-2015\\\/#website\"},\"primaryImageOfPage\":{\"@id\":\"https:\\\/\\\/fjala.info\\\/2009-2015\\\/ne-kohen-e-drites-se-zbehur-kolumna-e-fundit-per-2011\\\/#primaryimage\"},\"image\":{\"@id\":\"https:\\\/\\\/fjala.info\\\/2009-2015\\\/ne-kohen-e-drites-se-zbehur-kolumna-e-fundit-per-2011\\\/#primaryimage\"},\"thumbnailUrl\":\"http:\\\/\\\/www.shkoder.net\\\/images\\\/fjala\\\/enver_robelli.jpg\",\"datePublished\":\"2011-12-31T09:19:50+00:00\",\"breadcrumb\":{\"@id\":\"https:\\\/\\\/fjala.info\\\/2009-2015\\\/ne-kohen-e-drites-se-zbehur-kolumna-e-fundit-per-2011\\\/#breadcrumb\"},\"inLanguage\":\"sq-AL\",\"potentialAction\":[{\"@type\":\"ReadAction\",\"target\":[\"https:\\\/\\\/fjala.info\\\/2009-2015\\\/ne-kohen-e-drites-se-zbehur-kolumna-e-fundit-per-2011\\\/\"]}]},{\"@type\":\"ImageObject\",\"inLanguage\":\"sq-AL\",\"@id\":\"https:\\\/\\\/fjala.info\\\/2009-2015\\\/ne-kohen-e-drites-se-zbehur-kolumna-e-fundit-per-2011\\\/#primaryimage\",\"url\":\"http:\\\/\\\/www.shkoder.net\\\/images\\\/fjala\\\/enver_robelli.jpg\",\"contentUrl\":\"http:\\\/\\\/www.shkoder.net\\\/images\\\/fjala\\\/enver_robelli.jpg\"},{\"@type\":\"BreadcrumbList\",\"@id\":\"https:\\\/\\\/fjala.info\\\/2009-2015\\\/ne-kohen-e-drites-se-zbehur-kolumna-e-fundit-per-2011\\\/#breadcrumb\",\"itemListElement\":[{\"@type\":\"ListItem\",\"position\":1,\"name\":\"Home\",\"item\":\"https:\\\/\\\/fjala.info\\\/2009-2015\\\/\"},{\"@type\":\"ListItem\",\"position\":2,\"name\":\"N\u00eb koh\u00ebn e drit\u00ebs s\u00eb zbehur (Kolumna e fundit per 2011)\"}]},{\"@type\":\"WebSite\",\"@id\":\"https:\\\/\\\/fjala.info\\\/2009-2015\\\/#website\",\"url\":\"https:\\\/\\\/fjala.info\\\/2009-2015\\\/\",\"name\":\"FjALA e LIR\u00cb - Arkivi\",\"description\":\"Arkivi 2009-2015\",\"publisher\":{\"@id\":\"https:\\\/\\\/fjala.info\\\/2009-2015\\\/#organization\"},\"potentialAction\":[{\"@type\":\"SearchAction\",\"target\":{\"@type\":\"EntryPoint\",\"urlTemplate\":\"https:\\\/\\\/fjala.info\\\/2009-2015\\\/?s={search_term_string}\"},\"query-input\":{\"@type\":\"PropertyValueSpecification\",\"valueRequired\":true,\"valueName\":\"search_term_string\"}}],\"inLanguage\":\"sq-AL\"},{\"@type\":\"Organization\",\"@id\":\"https:\\\/\\\/fjala.info\\\/2009-2015\\\/#organization\",\"name\":\"FjALA e LIR\u00cb - Arkivi\",\"url\":\"https:\\\/\\\/fjala.info\\\/2009-2015\\\/\",\"logo\":{\"@type\":\"ImageObject\",\"inLanguage\":\"sq-AL\",\"@id\":\"https:\\\/\\\/fjala.info\\\/2009-2015\\\/#\\\/schema\\\/logo\\\/image\\\/\",\"url\":\"\",\"contentUrl\":\"\",\"caption\":\"FjALA e LIR\u00cb - Arkivi\"},\"image\":{\"@id\":\"https:\\\/\\\/fjala.info\\\/2009-2015\\\/#\\\/schema\\\/logo\\\/image\\\/\"}},{\"@type\":\"Person\",\"@id\":\"https:\\\/\\\/fjala.info\\\/2009-2015\\\/#\\\/schema\\\/person\\\/3aa1163ef05469c496fc94e77611ada2\",\"name\":\"admin\",\"image\":{\"@type\":\"ImageObject\",\"inLanguage\":\"sq-AL\",\"@id\":\"https:\\\/\\\/fjala.info\\\/2009-2015\\\/wp-content\\\/uploads\\\/2012\\\/02\\\/arben_cokaj-120x150.jpg\",\"url\":\"https:\\\/\\\/fjala.info\\\/2009-2015\\\/wp-content\\\/uploads\\\/2012\\\/02\\\/arben_cokaj-120x150.jpg\",\"contentUrl\":\"https:\\\/\\\/fjala.info\\\/2009-2015\\\/wp-content\\\/uploads\\\/2012\\\/02\\\/arben_cokaj-120x150.jpg\",\"caption\":\"admin\"},\"description\":\"Admin, Fjala e Lir\u00eb\",\"sameAs\":[\"https:\\\/\\\/fjala.info\\\/\"],\"url\":\"https:\\\/\\\/fjala.info\\\/2009-2015\\\/author\\\/admin\\\/\"}]}<\/script>\n<!-- \/ Yoast SEO plugin. -->","yoast_head_json":{"title":"N\u00eb koh\u00ebn e drit\u00ebs s\u00eb zbehur (Kolumna e fundit per 2011) - FjALA e LIR\u00cb - Arkivi","robots":{"index":"index","follow":"follow","max-snippet":"max-snippet:-1","max-image-preview":"max-image-preview:large","max-video-preview":"max-video-preview:-1"},"canonical":"https:\/\/fjala.info\/2009-2015\/ne-kohen-e-drites-se-zbehur-kolumna-e-fundit-per-2011\/","og_locale":"sq_AL","og_type":"article","og_title":"N\u00eb koh\u00ebn e drit\u00ebs s\u00eb zbehur (Kolumna e fundit per 2011) - FjALA e LIR\u00cb - Arkivi","og_description":"Sa m\u00eb e keqe qeverisja, aq m\u00eb e madhe propaganda: n\u00eb k\u00ebt\u00eb kuptim viti 2011 ka qen\u00eb shembullor p\u00ebr kast\u00ebn sunduese dhe i keq p\u00ebr qytetar\u00ebt. Prandaj, beteja p\u00ebr shpalosjen e s\u00eb v\u00ebrtet\u00ebs dhe qeverisje t\u00eb p\u00ebrgjegjshme duhet t\u00eb vazhdoj\u00eb \u2013 edhe n\u00eb vitin 2012 Enver Robelli, 31 Dhjetor 2011 N\u00eb nj\u00eb let\u00ebr t\u00eb shkrimtarit [&hellip;]","og_url":"https:\/\/fjala.info\/2009-2015\/ne-kohen-e-drites-se-zbehur-kolumna-e-fundit-per-2011\/","og_site_name":"FjALA e LIR\u00cb - Arkivi","article_published_time":"2011-12-31T09:19:50+00:00","og_image":[{"url":"http:\/\/www.shkoder.net\/images\/fjala\/enver_robelli.jpg","type":"","width":"","height":""}],"author":"admin","twitter_card":"summary_large_image","twitter_misc":{"Written by":"admin","Est. reading time":"12 minutes"},"schema":{"@context":"https:\/\/schema.org","@graph":[{"@type":"Article","@id":"https:\/\/fjala.info\/2009-2015\/ne-kohen-e-drites-se-zbehur-kolumna-e-fundit-per-2011\/#article","isPartOf":{"@id":"https:\/\/fjala.info\/2009-2015\/ne-kohen-e-drites-se-zbehur-kolumna-e-fundit-per-2011\/"},"author":{"name":"admin","@id":"https:\/\/fjala.info\/2009-2015\/#\/schema\/person\/3aa1163ef05469c496fc94e77611ada2"},"headline":"N\u00eb koh\u00ebn e drit\u00ebs s\u00eb zbehur (Kolumna e fundit per 2011)","datePublished":"2011-12-31T09:19:50+00:00","mainEntityOfPage":{"@id":"https:\/\/fjala.info\/2009-2015\/ne-kohen-e-drites-se-zbehur-kolumna-e-fundit-per-2011\/"},"wordCount":2379,"commentCount":0,"publisher":{"@id":"https:\/\/fjala.info\/2009-2015\/#organization"},"image":{"@id":"https:\/\/fjala.info\/2009-2015\/ne-kohen-e-drites-se-zbehur-kolumna-e-fundit-per-2011\/#primaryimage"},"thumbnailUrl":"http:\/\/www.shkoder.net\/images\/fjala\/enver_robelli.jpg","articleSection":["Artikuj"],"inLanguage":"sq-AL","potentialAction":[{"@type":"CommentAction","name":"Comment","target":["https:\/\/fjala.info\/2009-2015\/ne-kohen-e-drites-se-zbehur-kolumna-e-fundit-per-2011\/#respond"]}]},{"@type":"WebPage","@id":"https:\/\/fjala.info\/2009-2015\/ne-kohen-e-drites-se-zbehur-kolumna-e-fundit-per-2011\/","url":"https:\/\/fjala.info\/2009-2015\/ne-kohen-e-drites-se-zbehur-kolumna-e-fundit-per-2011\/","name":"N\u00eb koh\u00ebn e drit\u00ebs s\u00eb zbehur (Kolumna e fundit per 2011) - FjALA e LIR\u00cb - Arkivi","isPartOf":{"@id":"https:\/\/fjala.info\/2009-2015\/#website"},"primaryImageOfPage":{"@id":"https:\/\/fjala.info\/2009-2015\/ne-kohen-e-drites-se-zbehur-kolumna-e-fundit-per-2011\/#primaryimage"},"image":{"@id":"https:\/\/fjala.info\/2009-2015\/ne-kohen-e-drites-se-zbehur-kolumna-e-fundit-per-2011\/#primaryimage"},"thumbnailUrl":"http:\/\/www.shkoder.net\/images\/fjala\/enver_robelli.jpg","datePublished":"2011-12-31T09:19:50+00:00","breadcrumb":{"@id":"https:\/\/fjala.info\/2009-2015\/ne-kohen-e-drites-se-zbehur-kolumna-e-fundit-per-2011\/#breadcrumb"},"inLanguage":"sq-AL","potentialAction":[{"@type":"ReadAction","target":["https:\/\/fjala.info\/2009-2015\/ne-kohen-e-drites-se-zbehur-kolumna-e-fundit-per-2011\/"]}]},{"@type":"ImageObject","inLanguage":"sq-AL","@id":"https:\/\/fjala.info\/2009-2015\/ne-kohen-e-drites-se-zbehur-kolumna-e-fundit-per-2011\/#primaryimage","url":"http:\/\/www.shkoder.net\/images\/fjala\/enver_robelli.jpg","contentUrl":"http:\/\/www.shkoder.net\/images\/fjala\/enver_robelli.jpg"},{"@type":"BreadcrumbList","@id":"https:\/\/fjala.info\/2009-2015\/ne-kohen-e-drites-se-zbehur-kolumna-e-fundit-per-2011\/#breadcrumb","itemListElement":[{"@type":"ListItem","position":1,"name":"Home","item":"https:\/\/fjala.info\/2009-2015\/"},{"@type":"ListItem","position":2,"name":"N\u00eb koh\u00ebn e drit\u00ebs s\u00eb zbehur (Kolumna e fundit per 2011)"}]},{"@type":"WebSite","@id":"https:\/\/fjala.info\/2009-2015\/#website","url":"https:\/\/fjala.info\/2009-2015\/","name":"FjALA e LIR\u00cb - Arkivi","description":"Arkivi 2009-2015","publisher":{"@id":"https:\/\/fjala.info\/2009-2015\/#organization"},"potentialAction":[{"@type":"SearchAction","target":{"@type":"EntryPoint","urlTemplate":"https:\/\/fjala.info\/2009-2015\/?s={search_term_string}"},"query-input":{"@type":"PropertyValueSpecification","valueRequired":true,"valueName":"search_term_string"}}],"inLanguage":"sq-AL"},{"@type":"Organization","@id":"https:\/\/fjala.info\/2009-2015\/#organization","name":"FjALA e LIR\u00cb - Arkivi","url":"https:\/\/fjala.info\/2009-2015\/","logo":{"@type":"ImageObject","inLanguage":"sq-AL","@id":"https:\/\/fjala.info\/2009-2015\/#\/schema\/logo\/image\/","url":"","contentUrl":"","caption":"FjALA e LIR\u00cb - Arkivi"},"image":{"@id":"https:\/\/fjala.info\/2009-2015\/#\/schema\/logo\/image\/"}},{"@type":"Person","@id":"https:\/\/fjala.info\/2009-2015\/#\/schema\/person\/3aa1163ef05469c496fc94e77611ada2","name":"admin","image":{"@type":"ImageObject","inLanguage":"sq-AL","@id":"https:\/\/fjala.info\/2009-2015\/wp-content\/uploads\/2012\/02\/arben_cokaj-120x150.jpg","url":"https:\/\/fjala.info\/2009-2015\/wp-content\/uploads\/2012\/02\/arben_cokaj-120x150.jpg","contentUrl":"https:\/\/fjala.info\/2009-2015\/wp-content\/uploads\/2012\/02\/arben_cokaj-120x150.jpg","caption":"admin"},"description":"Admin, Fjala e Lir\u00eb","sameAs":["https:\/\/fjala.info\/"],"url":"https:\/\/fjala.info\/2009-2015\/author\/admin\/"}]}},"_links":{"self":[{"href":"https:\/\/fjala.info\/2009-2015\/wp-json\/wp\/v2\/posts\/891","targetHints":{"allow":["GET"]}}],"collection":[{"href":"https:\/\/fjala.info\/2009-2015\/wp-json\/wp\/v2\/posts"}],"about":[{"href":"https:\/\/fjala.info\/2009-2015\/wp-json\/wp\/v2\/types\/post"}],"author":[{"embeddable":true,"href":"https:\/\/fjala.info\/2009-2015\/wp-json\/wp\/v2\/users\/1"}],"replies":[{"embeddable":true,"href":"https:\/\/fjala.info\/2009-2015\/wp-json\/wp\/v2\/comments?post=891"}],"version-history":[{"count":0,"href":"https:\/\/fjala.info\/2009-2015\/wp-json\/wp\/v2\/posts\/891\/revisions"}],"wp:attachment":[{"href":"https:\/\/fjala.info\/2009-2015\/wp-json\/wp\/v2\/media?parent=891"}],"wp:term":[{"taxonomy":"category","embeddable":true,"href":"https:\/\/fjala.info\/2009-2015\/wp-json\/wp\/v2\/categories?post=891"},{"taxonomy":"post_tag","embeddable":true,"href":"https:\/\/fjala.info\/2009-2015\/wp-json\/wp\/v2\/tags?post=891"}],"curies":[{"name":"wp","href":"https:\/\/api.w.org\/{rel}","templated":true}]}}