{"id":883,"date":"2011-12-30T04:12:48","date_gmt":"2011-12-30T03:12:48","guid":{"rendered":"http:\/\/fjala.shkoder.net\/?p=883"},"modified":"2011-12-30T04:12:48","modified_gmt":"2011-12-30T03:12:48","slug":"corriere-della-sera-31-12-1940-vdekja-e-gjergj-fishtes","status":"publish","type":"post","link":"https:\/\/fjala.info\/2009-2015\/corriere-della-sera-31-12-1940-vdekja-e-gjergj-fishtes\/","title":{"rendered":"Corriere della Sera, 31.12.1940 \u2013 Vdekja e Gjergj Fisht\u00ebs"},"content":{"rendered":"<p><img decoding=\"async\" class=\"alignright size-thumbnail wp-image-7236\" title=\"Gjergj Fishta\" src=\"http:\/\/www.shkoder.net\/images\/fjala\/2011\/at_gjergj_fishta.jpg\" alt=\"\" width=\"300\" \/> <strong>Respublica.al<\/strong>, <em>30 dhjetor 2011<\/em><\/p>\n<p>Sot mbushen 71 vjet nga vdekja e Gjergj Fisht\u00ebs. K\u00ebt\u00eb vit ka pasur disa veprimtari p\u00ebrkujtimore n\u00eb nderim t\u00eb tij me rastin e 140 vjetorit t\u00eb lindjes, por \u00ebsht\u00eb kureshtar ky sh\u00ebnim nekrologjik i gazet\u00ebs italiane il Corriere della Sera, t\u00eb cilin e ka p\u00ebrgatitur nj\u00eb ndjek\u00ebs i v\u00ebmendsh\u00ebm i respublica-s, Paul Tedeschini. Po e l\u00ebm\u00eb k\u00ebt\u00eb sh\u00ebnim si\u00e7 na e ka sjell\u00eb Tedeschini, n\u00eb nj\u00eb shqipe t\u00eb p\u00ebraf\u00ebrt me at\u00eb t\u00eb Fisht\u00ebs. Sh\u00ebnim i redaksis\u00eb.<\/p>\n<p><strong>Vdekja e Gjergj Fishtes \u2013 poeti kombtar shqiptar (Rom\u00eb m\u00eb 30 dhjetor 1940)<\/strong><br \/>\nErdhi lajmi nga Shkodra q\u00eb per shkak t\u00eb nji goditje zemre ka vdek\u00eb sot n\u00eb mengjes At Gjergj Fishta i Urdhnit Fran\u00e7eskan (OFM), akademik i Italis\u00eb dhe shkrimtar i shquem shqiptar.<\/p>\n<p>Fishta, i lindun n\u00eb afersi te Shkodres ne vitin 1871, mbaroi studimet fetare n\u00eb Bosnje dhe u kthye n\u00eb atdhe mbasi u shugurue meshtar. N\u00eb Shkoder themeloi shkollen fran\u00e7eskane dhe filloi botimin e s\u00eb p\u00ebrkohshmes \u201cHylli i Drites\u201d.<\/p>\n<p>T\u00eb shumta jane botimet kulturore dhe letrare t\u00eb cilave u dha jet\u00eb dhe zhvillim ky rregulltar. Poemat e tij, krijimet dramaturgjike dhe shkrimet e tij qysh ne fillim u drejtuen n\u00eb pergjithesi per dhanjen e impulsit t\u00eb zgjimit t\u00eb ndergjegjes patriotike shqiptare. Si drejtor i Shkolles Publike t\u00eb fran\u00e7eskanve n\u00eb Shkoder futi aty gjuhen kombtare qysh nga viti 1902, kur ajo ishte e ndalueme rreptesisht nga Qeveria osmane.<\/p>\n<p><img decoding=\"async\" class=\"aligncenter size-thumbnail wp-image-7236\" title=\"Corriere Della Sera\" src=\"http:\/\/www.shkoder.net\/images\/fjala\/2011\/fishta_corriere_della_sera_311240.jpg\" alt=\"\" width=\"500\" \/><\/p>\n<p>Mbas l\u00ebshimeve te kushtetutes turke t\u00eb korrikut 1908, shqiptar\u00ebt, te cilet kishin luejt nji rol me randesi n\u00eb at\u00eb revolucion, deshten t\u00eb mblidhshin forcat intelektuale dhe t\u2019i perfshijshin n\u00eb nji bashk\u00ebsi t\u00eb perbashk\u00ebt, por veshtirsia e par\u00eb n\u00eb t\u00eb cilen ndesh\u00ebn ishte unjisimi i alfabetit. N\u00eb Kongresin shqiptar t\u00eb mbledhun per k\u00ebt\u00eb qellim mori pjes\u00eb At Gjergj Fishta, i cili ia arriti q\u00eb t\u00eb bante q\u00eb alfabeti latin t\u00eb pranohej, i cili ma vone u ba i perbashket dhe zyrtar per t\u00eb gjith\u00eb Shqipnin\u00eb.<\/p>\n<p>Mbasi u ba nji nder eksponentet kryesor\u00eb t\u00eb Shqipnis\u00eb s\u00eb ringjallun, ai mori pjes\u00eb n\u00eb Konferencen e Paqes n\u00eb Paris dhe ma von\u00eb u emnue deputet dhe zevendes-president i parlamentit. N\u00eb shenj mirenjohje si mik i sinqert\u00eb i Italise, per meritat e tija ndaj vendit t\u00eb vet dhe per vlerat e botimeve t\u00eb tij, u ftue n\u00eb majin e shkuem me marr\u00eb pjes\u00eb n\u00eb Mbretnore t\u00eb Italis\u00eb.<\/p>\n<p>Nder publikimet e shumta t\u00eb At Gjergj Fishtes kan\u00eb rand\u00ebsi krijimet poetike t\u00eb frymzueme n\u00eb pergjithsi prej legjendave shqiptare dhe t\u00eb prime me perkujtue ndjenjat kombetare. Ve\u00e7 poemes n\u00eb tridhjet kang\u00eb t\u00eb titullueme \u201cLahuta e Malcise\u201d, ai ka shkrue hymne kishtare, lirika t\u00eb ndryshme dhe satira me karakter politik.<\/p>\n<p>Luigi Federzoni ka marr\u00eb masat q\u00eb Akademia e Italis\u00eb t\u00eb ket\u00eb perfaqesuesin e vet n\u00eb funeral, dhe i ka dergue telegram ngushllimi familjes, kryeministrit t\u00eb Shqipnis\u00eb, ministrit t\u00eb Arsimit t\u00eb Shqipnis\u00eb, paris\u00eb s\u00eb etenve fran\u00e7eskan si dhe \u201cInstitutit Skenderbeg\u201d, antar\u00eb i t\u00eb cilit ishte i ndjemi i shquem.\u201d<\/p>\n<p>P\u00ebrgatiti <strong>PAUL TEDESCHINI<\/strong><\/p>\n","protected":false},"excerpt":{"rendered":"<p>Respublica.al, 30 dhjetor 2011 Sot mbushen 71 vjet nga vdekja e Gjergj Fisht\u00ebs. K\u00ebt\u00eb vit ka pasur disa veprimtari p\u00ebrkujtimore n\u00eb nderim t\u00eb tij me rastin e 140 vjetorit t\u00eb lindjes, por \u00ebsht\u00eb kureshtar ky sh\u00ebnim nekrologjik i gazet\u00ebs italiane il Corriere della Sera, t\u00eb cilin e ka p\u00ebrgatitur nj\u00eb ndjek\u00ebs i v\u00ebmendsh\u00ebm i respublica-s, [&hellip;]<\/p>\n","protected":false},"author":1,"featured_media":0,"comment_status":"open","ping_status":"closed","sticky":false,"template":"","format":"standard","meta":{"footnotes":""},"categories":[2],"tags":[],"class_list":{"0":"post-883","1":"post","2":"type-post","3":"status-publish","4":"format-standard","6":"category-artikuj"},"yoast_head":"<!-- This site is optimized with the Yoast SEO plugin v27.4 - https:\/\/yoast.com\/product\/yoast-seo-wordpress\/ -->\n<title>Corriere della Sera, 31.12.1940 \u2013 Vdekja e Gjergj Fisht\u00ebs - FjALA e LIR\u00cb - Arkivi<\/title>\n<meta name=\"robots\" content=\"index, follow, max-snippet:-1, max-image-preview:large, max-video-preview:-1\" \/>\n<link rel=\"canonical\" href=\"https:\/\/fjala.info\/2009-2015\/corriere-della-sera-31-12-1940-vdekja-e-gjergj-fishtes\/\" \/>\n<meta property=\"og:locale\" content=\"sq_AL\" \/>\n<meta property=\"og:type\" content=\"article\" \/>\n<meta property=\"og:title\" content=\"Corriere della Sera, 31.12.1940 \u2013 Vdekja e Gjergj Fisht\u00ebs - FjALA e LIR\u00cb - Arkivi\" \/>\n<meta property=\"og:description\" content=\"Respublica.al, 30 dhjetor 2011 Sot mbushen 71 vjet nga vdekja e Gjergj Fisht\u00ebs. K\u00ebt\u00eb vit ka pasur disa veprimtari p\u00ebrkujtimore n\u00eb nderim t\u00eb tij me rastin e 140 vjetorit t\u00eb lindjes, por \u00ebsht\u00eb kureshtar ky sh\u00ebnim nekrologjik i gazet\u00ebs italiane il Corriere della Sera, t\u00eb cilin e ka p\u00ebrgatitur nj\u00eb ndjek\u00ebs i v\u00ebmendsh\u00ebm i respublica-s, [&hellip;]\" \/>\n<meta property=\"og:url\" content=\"https:\/\/fjala.info\/2009-2015\/corriere-della-sera-31-12-1940-vdekja-e-gjergj-fishtes\/\" \/>\n<meta property=\"og:site_name\" content=\"FjALA e LIR\u00cb - Arkivi\" \/>\n<meta property=\"article:published_time\" content=\"2011-12-30T03:12:48+00:00\" \/>\n<meta property=\"og:image\" content=\"http:\/\/www.shkoder.net\/images\/fjala\/2011\/at_gjergj_fishta.jpg\" \/>\n<meta name=\"author\" content=\"admin\" \/>\n<meta name=\"twitter:card\" content=\"summary_large_image\" \/>\n<meta name=\"twitter:label1\" content=\"Written by\" \/>\n\t<meta name=\"twitter:data1\" content=\"admin\" \/>\n\t<meta name=\"twitter:label2\" content=\"Est. reading time\" \/>\n\t<meta name=\"twitter:data2\" content=\"3 minutes\" \/>\n<script type=\"application\/ld+json\" class=\"yoast-schema-graph\">{\"@context\":\"https:\\\/\\\/schema.org\",\"@graph\":[{\"@type\":\"Article\",\"@id\":\"https:\\\/\\\/fjala.info\\\/2009-2015\\\/corriere-della-sera-31-12-1940-vdekja-e-gjergj-fishtes\\\/#article\",\"isPartOf\":{\"@id\":\"https:\\\/\\\/fjala.info\\\/2009-2015\\\/corriere-della-sera-31-12-1940-vdekja-e-gjergj-fishtes\\\/\"},\"author\":{\"name\":\"admin\",\"@id\":\"https:\\\/\\\/fjala.info\\\/2009-2015\\\/#\\\/schema\\\/person\\\/3aa1163ef05469c496fc94e77611ada2\"},\"headline\":\"Corriere della Sera, 31.12.1940 \u2013 Vdekja e Gjergj Fisht\u00ebs\",\"datePublished\":\"2011-12-30T03:12:48+00:00\",\"mainEntityOfPage\":{\"@id\":\"https:\\\/\\\/fjala.info\\\/2009-2015\\\/corriere-della-sera-31-12-1940-vdekja-e-gjergj-fishtes\\\/\"},\"wordCount\":510,\"commentCount\":0,\"publisher\":{\"@id\":\"https:\\\/\\\/fjala.info\\\/2009-2015\\\/#organization\"},\"image\":{\"@id\":\"https:\\\/\\\/fjala.info\\\/2009-2015\\\/corriere-della-sera-31-12-1940-vdekja-e-gjergj-fishtes\\\/#primaryimage\"},\"thumbnailUrl\":\"http:\\\/\\\/www.shkoder.net\\\/images\\\/fjala\\\/2011\\\/at_gjergj_fishta.jpg\",\"articleSection\":[\"Artikuj\"],\"inLanguage\":\"sq-AL\",\"potentialAction\":[{\"@type\":\"CommentAction\",\"name\":\"Comment\",\"target\":[\"https:\\\/\\\/fjala.info\\\/2009-2015\\\/corriere-della-sera-31-12-1940-vdekja-e-gjergj-fishtes\\\/#respond\"]}]},{\"@type\":\"WebPage\",\"@id\":\"https:\\\/\\\/fjala.info\\\/2009-2015\\\/corriere-della-sera-31-12-1940-vdekja-e-gjergj-fishtes\\\/\",\"url\":\"https:\\\/\\\/fjala.info\\\/2009-2015\\\/corriere-della-sera-31-12-1940-vdekja-e-gjergj-fishtes\\\/\",\"name\":\"Corriere della Sera, 31.12.1940 \u2013 Vdekja e Gjergj Fisht\u00ebs - FjALA e LIR\u00cb - Arkivi\",\"isPartOf\":{\"@id\":\"https:\\\/\\\/fjala.info\\\/2009-2015\\\/#website\"},\"primaryImageOfPage\":{\"@id\":\"https:\\\/\\\/fjala.info\\\/2009-2015\\\/corriere-della-sera-31-12-1940-vdekja-e-gjergj-fishtes\\\/#primaryimage\"},\"image\":{\"@id\":\"https:\\\/\\\/fjala.info\\\/2009-2015\\\/corriere-della-sera-31-12-1940-vdekja-e-gjergj-fishtes\\\/#primaryimage\"},\"thumbnailUrl\":\"http:\\\/\\\/www.shkoder.net\\\/images\\\/fjala\\\/2011\\\/at_gjergj_fishta.jpg\",\"datePublished\":\"2011-12-30T03:12:48+00:00\",\"breadcrumb\":{\"@id\":\"https:\\\/\\\/fjala.info\\\/2009-2015\\\/corriere-della-sera-31-12-1940-vdekja-e-gjergj-fishtes\\\/#breadcrumb\"},\"inLanguage\":\"sq-AL\",\"potentialAction\":[{\"@type\":\"ReadAction\",\"target\":[\"https:\\\/\\\/fjala.info\\\/2009-2015\\\/corriere-della-sera-31-12-1940-vdekja-e-gjergj-fishtes\\\/\"]}]},{\"@type\":\"ImageObject\",\"inLanguage\":\"sq-AL\",\"@id\":\"https:\\\/\\\/fjala.info\\\/2009-2015\\\/corriere-della-sera-31-12-1940-vdekja-e-gjergj-fishtes\\\/#primaryimage\",\"url\":\"http:\\\/\\\/www.shkoder.net\\\/images\\\/fjala\\\/2011\\\/at_gjergj_fishta.jpg\",\"contentUrl\":\"http:\\\/\\\/www.shkoder.net\\\/images\\\/fjala\\\/2011\\\/at_gjergj_fishta.jpg\"},{\"@type\":\"BreadcrumbList\",\"@id\":\"https:\\\/\\\/fjala.info\\\/2009-2015\\\/corriere-della-sera-31-12-1940-vdekja-e-gjergj-fishtes\\\/#breadcrumb\",\"itemListElement\":[{\"@type\":\"ListItem\",\"position\":1,\"name\":\"Home\",\"item\":\"https:\\\/\\\/fjala.info\\\/2009-2015\\\/\"},{\"@type\":\"ListItem\",\"position\":2,\"name\":\"Corriere della Sera, 31.12.1940 \u2013 Vdekja e Gjergj Fisht\u00ebs\"}]},{\"@type\":\"WebSite\",\"@id\":\"https:\\\/\\\/fjala.info\\\/2009-2015\\\/#website\",\"url\":\"https:\\\/\\\/fjala.info\\\/2009-2015\\\/\",\"name\":\"FjALA e LIR\u00cb - Arkivi\",\"description\":\"Arkivi 2009-2015\",\"publisher\":{\"@id\":\"https:\\\/\\\/fjala.info\\\/2009-2015\\\/#organization\"},\"potentialAction\":[{\"@type\":\"SearchAction\",\"target\":{\"@type\":\"EntryPoint\",\"urlTemplate\":\"https:\\\/\\\/fjala.info\\\/2009-2015\\\/?s={search_term_string}\"},\"query-input\":{\"@type\":\"PropertyValueSpecification\",\"valueRequired\":true,\"valueName\":\"search_term_string\"}}],\"inLanguage\":\"sq-AL\"},{\"@type\":\"Organization\",\"@id\":\"https:\\\/\\\/fjala.info\\\/2009-2015\\\/#organization\",\"name\":\"FjALA e LIR\u00cb - Arkivi\",\"url\":\"https:\\\/\\\/fjala.info\\\/2009-2015\\\/\",\"logo\":{\"@type\":\"ImageObject\",\"inLanguage\":\"sq-AL\",\"@id\":\"https:\\\/\\\/fjala.info\\\/2009-2015\\\/#\\\/schema\\\/logo\\\/image\\\/\",\"url\":\"\",\"contentUrl\":\"\",\"caption\":\"FjALA e LIR\u00cb - Arkivi\"},\"image\":{\"@id\":\"https:\\\/\\\/fjala.info\\\/2009-2015\\\/#\\\/schema\\\/logo\\\/image\\\/\"}},{\"@type\":\"Person\",\"@id\":\"https:\\\/\\\/fjala.info\\\/2009-2015\\\/#\\\/schema\\\/person\\\/3aa1163ef05469c496fc94e77611ada2\",\"name\":\"admin\",\"image\":{\"@type\":\"ImageObject\",\"inLanguage\":\"sq-AL\",\"@id\":\"https:\\\/\\\/fjala.info\\\/2009-2015\\\/wp-content\\\/uploads\\\/2012\\\/02\\\/arben_cokaj-120x150.jpg\",\"url\":\"https:\\\/\\\/fjala.info\\\/2009-2015\\\/wp-content\\\/uploads\\\/2012\\\/02\\\/arben_cokaj-120x150.jpg\",\"contentUrl\":\"https:\\\/\\\/fjala.info\\\/2009-2015\\\/wp-content\\\/uploads\\\/2012\\\/02\\\/arben_cokaj-120x150.jpg\",\"caption\":\"admin\"},\"description\":\"Admin, Fjala e Lir\u00eb\",\"sameAs\":[\"https:\\\/\\\/fjala.info\\\/\"],\"url\":\"https:\\\/\\\/fjala.info\\\/2009-2015\\\/author\\\/admin\\\/\"}]}<\/script>\n<!-- \/ Yoast SEO plugin. -->","yoast_head_json":{"title":"Corriere della Sera, 31.12.1940 \u2013 Vdekja e Gjergj Fisht\u00ebs - FjALA e LIR\u00cb - Arkivi","robots":{"index":"index","follow":"follow","max-snippet":"max-snippet:-1","max-image-preview":"max-image-preview:large","max-video-preview":"max-video-preview:-1"},"canonical":"https:\/\/fjala.info\/2009-2015\/corriere-della-sera-31-12-1940-vdekja-e-gjergj-fishtes\/","og_locale":"sq_AL","og_type":"article","og_title":"Corriere della Sera, 31.12.1940 \u2013 Vdekja e Gjergj Fisht\u00ebs - FjALA e LIR\u00cb - Arkivi","og_description":"Respublica.al, 30 dhjetor 2011 Sot mbushen 71 vjet nga vdekja e Gjergj Fisht\u00ebs. K\u00ebt\u00eb vit ka pasur disa veprimtari p\u00ebrkujtimore n\u00eb nderim t\u00eb tij me rastin e 140 vjetorit t\u00eb lindjes, por \u00ebsht\u00eb kureshtar ky sh\u00ebnim nekrologjik i gazet\u00ebs italiane il Corriere della Sera, t\u00eb cilin e ka p\u00ebrgatitur nj\u00eb ndjek\u00ebs i v\u00ebmendsh\u00ebm i respublica-s, [&hellip;]","og_url":"https:\/\/fjala.info\/2009-2015\/corriere-della-sera-31-12-1940-vdekja-e-gjergj-fishtes\/","og_site_name":"FjALA e LIR\u00cb - Arkivi","article_published_time":"2011-12-30T03:12:48+00:00","og_image":[{"url":"http:\/\/www.shkoder.net\/images\/fjala\/2011\/at_gjergj_fishta.jpg","type":"","width":"","height":""}],"author":"admin","twitter_card":"summary_large_image","twitter_misc":{"Written by":"admin","Est. reading time":"3 minutes"},"schema":{"@context":"https:\/\/schema.org","@graph":[{"@type":"Article","@id":"https:\/\/fjala.info\/2009-2015\/corriere-della-sera-31-12-1940-vdekja-e-gjergj-fishtes\/#article","isPartOf":{"@id":"https:\/\/fjala.info\/2009-2015\/corriere-della-sera-31-12-1940-vdekja-e-gjergj-fishtes\/"},"author":{"name":"admin","@id":"https:\/\/fjala.info\/2009-2015\/#\/schema\/person\/3aa1163ef05469c496fc94e77611ada2"},"headline":"Corriere della Sera, 31.12.1940 \u2013 Vdekja e Gjergj Fisht\u00ebs","datePublished":"2011-12-30T03:12:48+00:00","mainEntityOfPage":{"@id":"https:\/\/fjala.info\/2009-2015\/corriere-della-sera-31-12-1940-vdekja-e-gjergj-fishtes\/"},"wordCount":510,"commentCount":0,"publisher":{"@id":"https:\/\/fjala.info\/2009-2015\/#organization"},"image":{"@id":"https:\/\/fjala.info\/2009-2015\/corriere-della-sera-31-12-1940-vdekja-e-gjergj-fishtes\/#primaryimage"},"thumbnailUrl":"http:\/\/www.shkoder.net\/images\/fjala\/2011\/at_gjergj_fishta.jpg","articleSection":["Artikuj"],"inLanguage":"sq-AL","potentialAction":[{"@type":"CommentAction","name":"Comment","target":["https:\/\/fjala.info\/2009-2015\/corriere-della-sera-31-12-1940-vdekja-e-gjergj-fishtes\/#respond"]}]},{"@type":"WebPage","@id":"https:\/\/fjala.info\/2009-2015\/corriere-della-sera-31-12-1940-vdekja-e-gjergj-fishtes\/","url":"https:\/\/fjala.info\/2009-2015\/corriere-della-sera-31-12-1940-vdekja-e-gjergj-fishtes\/","name":"Corriere della Sera, 31.12.1940 \u2013 Vdekja e Gjergj Fisht\u00ebs - FjALA e LIR\u00cb - Arkivi","isPartOf":{"@id":"https:\/\/fjala.info\/2009-2015\/#website"},"primaryImageOfPage":{"@id":"https:\/\/fjala.info\/2009-2015\/corriere-della-sera-31-12-1940-vdekja-e-gjergj-fishtes\/#primaryimage"},"image":{"@id":"https:\/\/fjala.info\/2009-2015\/corriere-della-sera-31-12-1940-vdekja-e-gjergj-fishtes\/#primaryimage"},"thumbnailUrl":"http:\/\/www.shkoder.net\/images\/fjala\/2011\/at_gjergj_fishta.jpg","datePublished":"2011-12-30T03:12:48+00:00","breadcrumb":{"@id":"https:\/\/fjala.info\/2009-2015\/corriere-della-sera-31-12-1940-vdekja-e-gjergj-fishtes\/#breadcrumb"},"inLanguage":"sq-AL","potentialAction":[{"@type":"ReadAction","target":["https:\/\/fjala.info\/2009-2015\/corriere-della-sera-31-12-1940-vdekja-e-gjergj-fishtes\/"]}]},{"@type":"ImageObject","inLanguage":"sq-AL","@id":"https:\/\/fjala.info\/2009-2015\/corriere-della-sera-31-12-1940-vdekja-e-gjergj-fishtes\/#primaryimage","url":"http:\/\/www.shkoder.net\/images\/fjala\/2011\/at_gjergj_fishta.jpg","contentUrl":"http:\/\/www.shkoder.net\/images\/fjala\/2011\/at_gjergj_fishta.jpg"},{"@type":"BreadcrumbList","@id":"https:\/\/fjala.info\/2009-2015\/corriere-della-sera-31-12-1940-vdekja-e-gjergj-fishtes\/#breadcrumb","itemListElement":[{"@type":"ListItem","position":1,"name":"Home","item":"https:\/\/fjala.info\/2009-2015\/"},{"@type":"ListItem","position":2,"name":"Corriere della Sera, 31.12.1940 \u2013 Vdekja e Gjergj Fisht\u00ebs"}]},{"@type":"WebSite","@id":"https:\/\/fjala.info\/2009-2015\/#website","url":"https:\/\/fjala.info\/2009-2015\/","name":"FjALA e LIR\u00cb - Arkivi","description":"Arkivi 2009-2015","publisher":{"@id":"https:\/\/fjala.info\/2009-2015\/#organization"},"potentialAction":[{"@type":"SearchAction","target":{"@type":"EntryPoint","urlTemplate":"https:\/\/fjala.info\/2009-2015\/?s={search_term_string}"},"query-input":{"@type":"PropertyValueSpecification","valueRequired":true,"valueName":"search_term_string"}}],"inLanguage":"sq-AL"},{"@type":"Organization","@id":"https:\/\/fjala.info\/2009-2015\/#organization","name":"FjALA e LIR\u00cb - Arkivi","url":"https:\/\/fjala.info\/2009-2015\/","logo":{"@type":"ImageObject","inLanguage":"sq-AL","@id":"https:\/\/fjala.info\/2009-2015\/#\/schema\/logo\/image\/","url":"","contentUrl":"","caption":"FjALA e LIR\u00cb - Arkivi"},"image":{"@id":"https:\/\/fjala.info\/2009-2015\/#\/schema\/logo\/image\/"}},{"@type":"Person","@id":"https:\/\/fjala.info\/2009-2015\/#\/schema\/person\/3aa1163ef05469c496fc94e77611ada2","name":"admin","image":{"@type":"ImageObject","inLanguage":"sq-AL","@id":"https:\/\/fjala.info\/2009-2015\/wp-content\/uploads\/2012\/02\/arben_cokaj-120x150.jpg","url":"https:\/\/fjala.info\/2009-2015\/wp-content\/uploads\/2012\/02\/arben_cokaj-120x150.jpg","contentUrl":"https:\/\/fjala.info\/2009-2015\/wp-content\/uploads\/2012\/02\/arben_cokaj-120x150.jpg","caption":"admin"},"description":"Admin, Fjala e Lir\u00eb","sameAs":["https:\/\/fjala.info\/"],"url":"https:\/\/fjala.info\/2009-2015\/author\/admin\/"}]}},"_links":{"self":[{"href":"https:\/\/fjala.info\/2009-2015\/wp-json\/wp\/v2\/posts\/883","targetHints":{"allow":["GET"]}}],"collection":[{"href":"https:\/\/fjala.info\/2009-2015\/wp-json\/wp\/v2\/posts"}],"about":[{"href":"https:\/\/fjala.info\/2009-2015\/wp-json\/wp\/v2\/types\/post"}],"author":[{"embeddable":true,"href":"https:\/\/fjala.info\/2009-2015\/wp-json\/wp\/v2\/users\/1"}],"replies":[{"embeddable":true,"href":"https:\/\/fjala.info\/2009-2015\/wp-json\/wp\/v2\/comments?post=883"}],"version-history":[{"count":0,"href":"https:\/\/fjala.info\/2009-2015\/wp-json\/wp\/v2\/posts\/883\/revisions"}],"wp:attachment":[{"href":"https:\/\/fjala.info\/2009-2015\/wp-json\/wp\/v2\/media?parent=883"}],"wp:term":[{"taxonomy":"category","embeddable":true,"href":"https:\/\/fjala.info\/2009-2015\/wp-json\/wp\/v2\/categories?post=883"},{"taxonomy":"post_tag","embeddable":true,"href":"https:\/\/fjala.info\/2009-2015\/wp-json\/wp\/v2\/tags?post=883"}],"curies":[{"name":"wp","href":"https:\/\/api.w.org\/{rel}","templated":true}]}}