{"id":843,"date":"2011-12-28T07:16:11","date_gmt":"2011-12-28T06:16:11","guid":{"rendered":"http:\/\/fjala.shkoder.net\/?p=843"},"modified":"2011-12-28T07:16:11","modified_gmt":"2011-12-28T06:16:11","slug":"bashkimi-kombetar-e-ka-nje-armik","status":"publish","type":"post","link":"https:\/\/fjala.info\/2009-2015\/bashkimi-kombetar-e-ka-nje-armik\/","title":{"rendered":"Bashkimi komb\u00ebtar, e ka nj\u00eb armik"},"content":{"rendered":"<p><img decoding=\"async\" class=\"alignright size-thumbnail wp-image-7236\" title=\"Arben \u00c7okaj\" src=\"http:\/\/www.shkoder.net\/images\/fjala\/arben_cokaj.jpg\" alt=\"\" width=\"150\" \/> <strong>Arben \u00c7okaj<\/strong>, <em>27.12.2011<\/em><\/p>\n<p><strong>Klasa politike e pand\u00ebrgjegjshme dhe kryeministri i paekuilibruar<\/strong><\/p>\n<p>Para disa dit\u00ebsh, aty nga mesi i dhjetorit, kryeministri Berisha u takua me nj\u00eb grup student\u00ebsh nga Kosova. Se pse i duhej ky grup student\u00ebsh, q\u00eb ai t\u00eb artikulonte me turp kund\u00ebrshtin\u00eb e tij p\u00ebr iden\u00eb e bashkimit komb\u00ebtar, kjo nuk \u00ebsht\u00eb fort e kuptueshme. Por Berisha b\u00ebn her\u00eb pas here, sjellje politike t\u00eb paekuilibruara dhe me nonsens, q\u00eb pas ngjarjes s\u00eb G\u00ebrdecit, kur edhe u \u00e7\u2019virgj\u00ebrua politika e tij. N\u00ebn simptomat e \u201cfuga ideum\u201d, ai ka koh\u00eb q\u00eb k\u00ebrcen nga nj\u00eb deg\u00eb n\u00eb tjetr\u00ebn, n\u00eb \u00e7oroditjen e tij, gjoja sikur po luan politik\u00eb t\u00eb madhe, dhe me postin q\u00eb ka zaptuar, nj\u00eb pjes\u00eb e mir\u00eb e shqiptar\u00ebve jan\u00eb t\u00eb detyruar ta d\u00ebgjojn\u00eb, jo se jan\u00eb edhe aq dakord me t\u00eb.<\/p>\n<p>Dalja kund\u00ebr ides\u00eb s\u00eb bashkimit komb\u00ebtar, e p\u00ebrmendur kjo edhe nga politikan\u00eb t\u00eb tjer\u00eb shqiptar\u00eb n\u00eb Kosov\u00eb e Shqip\u00ebri, nuk \u00ebsht\u00eb se i k\u00ebnaq shum\u00eb shqiptar\u00ebt patriot\u00eb, ata q\u00eb kan\u00eb punuar e punojn\u00eb shqiptarisht. Aleanca Kuq e Zi, nj\u00eb organizim n\u00eb Shqip\u00ebri ky, q\u00eb imiton n\u00eb disa plane Vet\u00ebvendosjen n\u00eb Kosov\u00eb, doli kund\u00ebr lajthitjes s\u00eb radh\u00ebs t\u00eb kryeministrit shqiptar. Dhe nuk \u00ebsht\u00eb vet\u00ebm. N\u00eb historin\u00eb ton\u00eb shekullore t\u00eb ekzistenc\u00ebs s\u00eb shtetit shqiptar dhe m\u00eb p\u00ebrpara, nj\u00eb armat\u00eb e konsiderueshme shqiptar\u00ebsh patriot\u00eb kan\u00eb sakrifikuar shum\u00eb p\u00ebr idet\u00eb e krijimit t\u00eb shtetit shqiptar dhe mbajtjen t\u00eb bashkuar t\u00eb kombit ton\u00eb. Shumica e tyre, dje dhe sot, ndeshen me eg\u00ebrsin\u00eb e veprimeve anti-komb\u00ebtare, derisa e kan\u00eb paguar dhe e paguajn\u00eb (ndoshta) me jet\u00ebn e tyre.<\/p>\n<p>Sepse n\u00eb Shqip\u00ebri, e fatkeq\u00ebsisht tani edhe n\u00eb Kosov\u00eb dhe m\u00eb gjer\u00eb, \u00ebsht\u00eb v\u00ebshtir\u00eb t\u00eb gjesh nj\u00eb politikan shqiptar, q\u00eb merret me politik\u00eb, e q\u00eb nuk ka si synim vjedhjen e pasuris\u00eb s\u00eb p\u00ebrbashk\u00ebt, ose m\u00eb sakt\u00eb p\u00ebrfitimin nga pasuria e p\u00ebrbashk\u00ebt, p\u00ebrmes angazhimit t\u00eb tij politik e publik. Klasa politike shqiptare \u00ebsht\u00eb relativisht dhe tradicionalisht e pand\u00ebrgjegjshme sa duhet, p\u00ebr fatet e zhvillimit t\u00eb vendit dhe krijimit t\u00eb nj\u00eb shteti moderm pro-per\u00ebndimor t\u00eb Shqip\u00ebris\u00eb \u2013 shtetit t\u00eb gjith\u00eb shqiptar\u00ebve.<\/p>\n<p><strong>Orientalizmi n\u00eb shoq\u00ebrin\u00eb shqiptare<\/strong><\/p>\n<p>N\u00eb psiqik\u00ebn shqiptare, n\u00eb kultur\u00ebn, bindjet dhe besimin ton\u00eb, ka nj\u00eb ndikim t\u00eb fuqish\u00ebm, shkrehja q\u00eb vjen prej orientalizmit. Shpeshher\u00eb, shqiptar\u00ebt m\u00eb ngjajn\u00eb si nj\u00eb bar i shkelur nga guri i r\u00ebnd\u00eb, i cili kishte mbuluar trupin ton\u00eb, p\u00ebr 523 vjet t\u00eb pushtimit turko\/osman. N\u00eb at\u00eb koh\u00eb, porta e lart\u00eb, nuk i lejoi shqiptar\u00ebt as gjuh\u00ebn e vet ta m\u00ebsonin e kultivonin, dhe duhet t\u00eb jen\u00eb krenari komb\u00ebtare edhe arritjet q\u00eb kemi deri sot. Por, a mjafton kaq se? Se regresi po na t\u00ebrheq teposht\u00eb, dhe krahasuar edhe me Malin e Zi (jo m\u00eb larg), forma e organizimit t\u00eb shtetit, l\u00eb shum\u00eb p\u00ebr t\u00eb d\u00ebshiruar.<\/p>\n<p>Shpresuam m\u00eb 2005-n, se Berisha po b\u00ebn v\u00ebrtet\u00eb at\u00eb q\u00eb edhe premtoi me z\u00eb t\u00eb ngjirur&#8230; nj\u00eb shtet t\u00eb s\u00eb drejt\u00ebs, luft\u00eb me toleranc\u00eb zero kund\u00ebr korrupsionit, nepotizmit dhe tarafll\u00ebkut n\u00eb shoq\u00ebrin\u00eb shqiptare. Por si n\u00eb Shqip\u00ebri, ashtu edhe n\u00eb Kosov\u00eb dhe m\u00eb gjer\u00eb, forma jon\u00eb e organizimit si shtet shoq\u00ebrohet fatalisht me nj\u00eb shkrehje t\u00eb pafalshme apriori dhe kultur\u00ebn e mos-kontrollit dhe mos-nd\u00ebshkimit, q\u00eb tregon m\u00eb s\u00eb miri, tiparet orientale t\u00eb shoq\u00ebris\u00eb son\u00eb, n\u00ebn konceptin se t\u00eb gjitha njohurit\u00eb jan\u00eb t\u00eb p\u00ebrmbledhura n\u00eb Kur\u2019an. Nuk ka asgj\u00eb m\u00eb lart se kaq, p\u00ebrve\u00e7 zotit! Kjo n\u00eb form\u00ebn, se t\u00eb gjitha i di Berisha, Tha\u00e7i, etj. Dhe populli shqiptar, i pand\u00ebrgjegj\u00ebsuar sa duhet, pret n\u00eb heshtje e sorollatje, se \u00e7far\u00eb do b\u00ebjn\u00eb p\u00ebr t\u00eb, politikan\u00ebt tan\u00eb hajna e anakronik\u00eb.<\/p>\n<p><strong>Integrimet euro-atlantike dhe ruajtja e relacioneve me fqinj\u00ebt<\/strong><\/p>\n<p>Duke par\u00eb organizimin ton\u00eb shoq\u00ebror, aleat\u00ebt tan\u00eb euro-per\u00ebndimor\u00eb, t\u00eb kryesuar nga SHBA, ndon\u00ebse kan\u00eb treguar nj\u00eb vullnet t\u00eb mir\u00eb p\u00ebr t\u00eb na ndihmuar, ata prap\u00eb se prap\u00eb nuk mund t\u00eb na b\u00ebjn\u00eb ne, n\u00ebse ne nuk nd\u00ebrgjegj\u00ebsohemi deri n\u00eb at\u00eb shkall\u00eb, sa t\u00eb fillojm\u00eb e t\u00eb b\u00ebjm\u00eb vetveten. Pavar\u00ebsisht d\u00ebshir\u00ebs s\u00eb nj\u00eb pjese t\u00eb shqiptar\u00ebve p\u00ebr t\u00eb ecur me hapin e zhvillimit t\u00eb shteteve t\u00eb avancuara ekonomikisht e politikisht, pjesa tjet\u00ebr dhe sidomos klasa politike e pap\u00ebrgatitur, nuk mund ta kap\u00eb trenin apo\/dhe trendin e koh\u00ebs.<\/p>\n<p>George Bush erdhi n\u00eb Shqip\u00ebri dhe n\u00eb bised\u00eb me kryeministrin shqiptar premtoi pavar\u00ebsi p\u00ebr Kosov\u00ebn por nj\u00ebkoh\u00ebsisht na konsideroi si vend mysliman\/islamik. Pse duhej kjo e fundit dhe sa na intereson kjo? Po k\u00ebshtu edhe n\u00eb Ksenet-in izraelit, kryeministri shqiptar u cil\u00ebsua para disa jav\u00ebsh si kryeministri i nj\u00eb shteti mysliman, q\u00eb simpatizon\/apo ka lidhje miq\u00ebsore me vendet e Per\u00ebndimit. Por jo, kryeministri i nj\u00eb vendi t\u00eb barabart\u00eb me vendet e Per\u00ebndimit&#8230;<\/p>\n<p>Pra, ne na duhet q\u00eb n\u00eb tendenc\u00ebn ton\u00eb t\u00eb integrimeve euro-atlantike t\u00eb ngrem\u00eb nivelin ton\u00eb ekonomiko-shoq\u00ebror, konceptet dhe vet\u00ebdijen ton\u00eb, por edhe t\u00eb p\u00ebrfaq\u00ebsimit politik, n\u00eb at\u00eb nivel, sa t\u00eb konsiderohemi si partner\u00eb t\u00eb barabart\u00eb me vendet e tjera, ku duam t\u00eb integrohemi, jo lypsar\u00ebt e tyre, q\u00eb jargaviten p\u00ebr nj\u00eb kafshat\u00eb, me nj\u00eb kryeminist\u00ebr t\u00eb \u00e7\u2019ekuilibruar, q\u00eb shet pordh\u00eb, se kemi ekonomin\u00eb m\u00eb konkrruese n\u00eb rajon dhe m\u00eb gjer\u00eb, kur vendi \u00ebsht\u00eb i mbytur n\u00eb borxhe dhe kur ekonomia shqiptare nuk ka as edhe nj\u00eb produkt t\u00eb saj konkurrues n\u00eb treg.<\/p>\n<p>Ideja e viktimizimit t\u00eb shqiptar\u00ebve p\u00ebrmes fes\u00eb islame, nuk \u00ebsht\u00eb e re. Paaft\u00ebsia e shoq\u00ebris\u00eb shqiptare p\u00ebr t\u00eb dh\u00ebn\u00eb nj\u00eb perceptim tek Per\u00ebndimor\u00ebt p\u00ebr koncepte t\u00eb tjera moderne, pasi truri shqiptar mpihet pes\u00eb her\u00eb n\u00eb \u00e7do dit\u00eb nga z\u00ebri i amplifikuar i myzeinit islam, ka b\u00ebr\u00eb q\u00eb partner\u00ebt tan\u00eb n\u00eb Per\u00ebndim, t\u00eb thon\u00eb se shqiptar\u00ebt nuk munden ndryshe. Mir\u00eb jan\u00eb, mysliman\u00eb t\u00eb rrin\u00eb \u2013 por jo t\u00eb d\u00ebmsh\u00ebm, pasi k\u00ebshtu nuk t\u00eb merr kush t\u00eb barabart\u00eb me veten. Por ne, pak punojm\u00eb q\u00eb ta b\u00ebjm\u00eb k\u00ebt\u00eb gj\u00eb realitet, p\u00ebrmes ndryshimit t\u00eb vetvetes dhe p\u00ebrshtatjes apo plot\u00ebsimit t\u00eb kushteve q\u00eb na k\u00ebrkohen. Me Per\u00ebndimor\u00ebt duhet t\u00eb sillesh si i barabart\u00eb, n\u00eb mes t\u00eb barabart\u00ebve. Por a jemi ne n\u00eb gjendje, me klas\u00ebn politike q\u00eb kemi, me k\u00ebt\u00eb soj p\u00ebrfaq\u00ebsuesish, dhe vet\u00ebdijen e k\u00ebtij populli (se \u00e7do popull, ka qeverisjen q\u00eb meriton), q\u00eb t\u00eb p\u00ebrfaq\u00ebsohemi si t\u00eb barabart\u00eb me t\u00eb tjer\u00ebt?!<\/p>\n<p>Dhe regresi nxjerr krye, kur e kthen kok\u00ebn pas. Veprime sinjifikative q\u00eb flasin vet\u00eb. \u201cArgita dhe Shk\u00eblzen Berisha po agj\u00ebrojn\u00eb ramazanin&#8230;\u201d A p\u00ebrb\u00ebn kjo lajm? Edhe b\u00ebn, kur sheh kryeministrin shqiptar, teksa orvatet t\u00eb sqaroj\u00eb besimin e f\u00ebmij\u00ebve t\u00eb tij, apo teksa pranon etiketimin e nj\u00eb shteti laik, munlti-fetar, si shtet mysliman apo islamik. Dhe kjo nuk \u00ebsht\u00eb rast\u00ebsi, dardha e ka bishtin nga pas. N\u00ebse \u00e7am\u00ebt u sakrifikuan dikur, kjo erdhi m\u00eb shum\u00eb, ngaq\u00eb i p\u00ebrkisnin besimit islam.<\/p>\n<p>Por duket n\u00eb nj\u00ebfar\u00eb m\u00ebnyre se edhe Shqip\u00ebria po sakrifikohet k\u00ebshtu. 500 vjet na la turku pas t\u00eb tjer\u00ebve, 50 vjet komunizmi, tani e tutje mund t\u00eb vet\u00eb-sakrifikohemi nga myslimanizmi, n\u00ebse nuk do dim\u00eb si komb ta shmangim k\u00ebt\u00eb grack\u00eb konjukturale t\u00eb koh\u00ebs. P\u00ebr k\u00ebt\u00eb duhet nj\u00eb klas\u00eb politike q\u00eb nuk e identifikon Shqip\u00ebrin\u00eb p\u00ebrmes fes\u00eb, por p\u00ebrmes zhvillimit. T\u00eb mos e n\u00ebnvleft\u00ebsojm\u00eb: T\u00eb qenit mysliman, ka edhe rrezikun me vete. Bota per\u00ebndimore ruan mbushje b\u00ebrthamore t\u00eb drejtuara kundrejt vendeve arabe, n\u00eb rast t\u00eb nj\u00eb k\u00ebrc\u00ebnimi t\u00eb mundsh\u00ebm islamik. Nuk kemi pse vazhdojm\u00eb t\u00eb lejojm\u00eb t\u00eb na konsiderojn\u00eb si koloni turke. Nuk \u00ebsht\u00eb aspak e zgjuar t\u00eb mbajm\u00eb mbi trupin ton\u00eb dhe t\u00eb identifikohemi me nj\u00eb rrob\u00eb t\u00eb vjet\u00ebruar, t\u00eb imponuar dikur nga pushtuesi turko\/osman.<\/p>\n","protected":false},"excerpt":{"rendered":"<p>Arben \u00c7okaj, 27.12.2011 Klasa politike e pand\u00ebrgjegjshme dhe kryeministri i paekuilibruar Para disa dit\u00ebsh, aty nga mesi i dhjetorit, kryeministri Berisha u takua me nj\u00eb grup student\u00ebsh nga Kosova. Se pse i duhej ky grup student\u00ebsh, q\u00eb ai t\u00eb artikulonte me turp kund\u00ebrshtin\u00eb e tij p\u00ebr iden\u00eb e bashkimit komb\u00ebtar, kjo nuk \u00ebsht\u00eb fort e [&hellip;]<\/p>\n","protected":false},"author":1,"featured_media":0,"comment_status":"open","ping_status":"closed","sticky":false,"template":"","format":"standard","meta":{"footnotes":""},"categories":[2],"tags":[],"class_list":{"0":"post-843","1":"post","2":"type-post","3":"status-publish","4":"format-standard","6":"category-artikuj"},"yoast_head":"<!-- This site is optimized with the Yoast SEO plugin v27.4 - https:\/\/yoast.com\/product\/yoast-seo-wordpress\/ -->\n<title>Bashkimi komb\u00ebtar, e ka nj\u00eb armik - FjALA e LIR\u00cb - Arkivi<\/title>\n<meta name=\"robots\" content=\"index, follow, max-snippet:-1, max-image-preview:large, max-video-preview:-1\" \/>\n<link rel=\"canonical\" href=\"https:\/\/fjala.info\/2009-2015\/bashkimi-kombetar-e-ka-nje-armik\/\" \/>\n<meta property=\"og:locale\" content=\"sq_AL\" \/>\n<meta property=\"og:type\" content=\"article\" \/>\n<meta property=\"og:title\" content=\"Bashkimi komb\u00ebtar, e ka nj\u00eb armik - FjALA e LIR\u00cb - Arkivi\" \/>\n<meta property=\"og:description\" content=\"Arben \u00c7okaj, 27.12.2011 Klasa politike e pand\u00ebrgjegjshme dhe kryeministri i paekuilibruar Para disa dit\u00ebsh, aty nga mesi i dhjetorit, kryeministri Berisha u takua me nj\u00eb grup student\u00ebsh nga Kosova. Se pse i duhej ky grup student\u00ebsh, q\u00eb ai t\u00eb artikulonte me turp kund\u00ebrshtin\u00eb e tij p\u00ebr iden\u00eb e bashkimit komb\u00ebtar, kjo nuk \u00ebsht\u00eb fort e [&hellip;]\" \/>\n<meta property=\"og:url\" content=\"https:\/\/fjala.info\/2009-2015\/bashkimi-kombetar-e-ka-nje-armik\/\" \/>\n<meta property=\"og:site_name\" content=\"FjALA e LIR\u00cb - Arkivi\" \/>\n<meta property=\"article:published_time\" content=\"2011-12-28T06:16:11+00:00\" \/>\n<meta property=\"og:image\" content=\"http:\/\/www.shkoder.net\/images\/fjala\/arben_cokaj.jpg\" \/>\n<meta name=\"author\" content=\"admin\" \/>\n<meta name=\"twitter:card\" content=\"summary_large_image\" \/>\n<meta name=\"twitter:label1\" content=\"Written by\" \/>\n\t<meta name=\"twitter:data1\" content=\"admin\" \/>\n\t<meta name=\"twitter:label2\" content=\"Est. reading time\" \/>\n\t<meta name=\"twitter:data2\" content=\"7 minutes\" \/>\n<script type=\"application\/ld+json\" class=\"yoast-schema-graph\">{\"@context\":\"https:\\\/\\\/schema.org\",\"@graph\":[{\"@type\":\"Article\",\"@id\":\"https:\\\/\\\/fjala.info\\\/2009-2015\\\/bashkimi-kombetar-e-ka-nje-armik\\\/#article\",\"isPartOf\":{\"@id\":\"https:\\\/\\\/fjala.info\\\/2009-2015\\\/bashkimi-kombetar-e-ka-nje-armik\\\/\"},\"author\":{\"name\":\"admin\",\"@id\":\"https:\\\/\\\/fjala.info\\\/2009-2015\\\/#\\\/schema\\\/person\\\/3aa1163ef05469c496fc94e77611ada2\"},\"headline\":\"Bashkimi komb\u00ebtar, e ka nj\u00eb armik\",\"datePublished\":\"2011-12-28T06:16:11+00:00\",\"mainEntityOfPage\":{\"@id\":\"https:\\\/\\\/fjala.info\\\/2009-2015\\\/bashkimi-kombetar-e-ka-nje-armik\\\/\"},\"wordCount\":1379,\"commentCount\":0,\"publisher\":{\"@id\":\"https:\\\/\\\/fjala.info\\\/2009-2015\\\/#organization\"},\"image\":{\"@id\":\"https:\\\/\\\/fjala.info\\\/2009-2015\\\/bashkimi-kombetar-e-ka-nje-armik\\\/#primaryimage\"},\"thumbnailUrl\":\"http:\\\/\\\/www.shkoder.net\\\/images\\\/fjala\\\/arben_cokaj.jpg\",\"articleSection\":[\"Artikuj\"],\"inLanguage\":\"sq-AL\",\"potentialAction\":[{\"@type\":\"CommentAction\",\"name\":\"Comment\",\"target\":[\"https:\\\/\\\/fjala.info\\\/2009-2015\\\/bashkimi-kombetar-e-ka-nje-armik\\\/#respond\"]}]},{\"@type\":\"WebPage\",\"@id\":\"https:\\\/\\\/fjala.info\\\/2009-2015\\\/bashkimi-kombetar-e-ka-nje-armik\\\/\",\"url\":\"https:\\\/\\\/fjala.info\\\/2009-2015\\\/bashkimi-kombetar-e-ka-nje-armik\\\/\",\"name\":\"Bashkimi komb\u00ebtar, e ka nj\u00eb armik - FjALA e LIR\u00cb - Arkivi\",\"isPartOf\":{\"@id\":\"https:\\\/\\\/fjala.info\\\/2009-2015\\\/#website\"},\"primaryImageOfPage\":{\"@id\":\"https:\\\/\\\/fjala.info\\\/2009-2015\\\/bashkimi-kombetar-e-ka-nje-armik\\\/#primaryimage\"},\"image\":{\"@id\":\"https:\\\/\\\/fjala.info\\\/2009-2015\\\/bashkimi-kombetar-e-ka-nje-armik\\\/#primaryimage\"},\"thumbnailUrl\":\"http:\\\/\\\/www.shkoder.net\\\/images\\\/fjala\\\/arben_cokaj.jpg\",\"datePublished\":\"2011-12-28T06:16:11+00:00\",\"breadcrumb\":{\"@id\":\"https:\\\/\\\/fjala.info\\\/2009-2015\\\/bashkimi-kombetar-e-ka-nje-armik\\\/#breadcrumb\"},\"inLanguage\":\"sq-AL\",\"potentialAction\":[{\"@type\":\"ReadAction\",\"target\":[\"https:\\\/\\\/fjala.info\\\/2009-2015\\\/bashkimi-kombetar-e-ka-nje-armik\\\/\"]}]},{\"@type\":\"ImageObject\",\"inLanguage\":\"sq-AL\",\"@id\":\"https:\\\/\\\/fjala.info\\\/2009-2015\\\/bashkimi-kombetar-e-ka-nje-armik\\\/#primaryimage\",\"url\":\"http:\\\/\\\/www.shkoder.net\\\/images\\\/fjala\\\/arben_cokaj.jpg\",\"contentUrl\":\"http:\\\/\\\/www.shkoder.net\\\/images\\\/fjala\\\/arben_cokaj.jpg\"},{\"@type\":\"BreadcrumbList\",\"@id\":\"https:\\\/\\\/fjala.info\\\/2009-2015\\\/bashkimi-kombetar-e-ka-nje-armik\\\/#breadcrumb\",\"itemListElement\":[{\"@type\":\"ListItem\",\"position\":1,\"name\":\"Home\",\"item\":\"https:\\\/\\\/fjala.info\\\/2009-2015\\\/\"},{\"@type\":\"ListItem\",\"position\":2,\"name\":\"Bashkimi komb\u00ebtar, e ka nj\u00eb armik\"}]},{\"@type\":\"WebSite\",\"@id\":\"https:\\\/\\\/fjala.info\\\/2009-2015\\\/#website\",\"url\":\"https:\\\/\\\/fjala.info\\\/2009-2015\\\/\",\"name\":\"FjALA e LIR\u00cb - Arkivi\",\"description\":\"Arkivi 2009-2015\",\"publisher\":{\"@id\":\"https:\\\/\\\/fjala.info\\\/2009-2015\\\/#organization\"},\"potentialAction\":[{\"@type\":\"SearchAction\",\"target\":{\"@type\":\"EntryPoint\",\"urlTemplate\":\"https:\\\/\\\/fjala.info\\\/2009-2015\\\/?s={search_term_string}\"},\"query-input\":{\"@type\":\"PropertyValueSpecification\",\"valueRequired\":true,\"valueName\":\"search_term_string\"}}],\"inLanguage\":\"sq-AL\"},{\"@type\":\"Organization\",\"@id\":\"https:\\\/\\\/fjala.info\\\/2009-2015\\\/#organization\",\"name\":\"FjALA e LIR\u00cb - Arkivi\",\"url\":\"https:\\\/\\\/fjala.info\\\/2009-2015\\\/\",\"logo\":{\"@type\":\"ImageObject\",\"inLanguage\":\"sq-AL\",\"@id\":\"https:\\\/\\\/fjala.info\\\/2009-2015\\\/#\\\/schema\\\/logo\\\/image\\\/\",\"url\":\"\",\"contentUrl\":\"\",\"caption\":\"FjALA e LIR\u00cb - Arkivi\"},\"image\":{\"@id\":\"https:\\\/\\\/fjala.info\\\/2009-2015\\\/#\\\/schema\\\/logo\\\/image\\\/\"}},{\"@type\":\"Person\",\"@id\":\"https:\\\/\\\/fjala.info\\\/2009-2015\\\/#\\\/schema\\\/person\\\/3aa1163ef05469c496fc94e77611ada2\",\"name\":\"admin\",\"image\":{\"@type\":\"ImageObject\",\"inLanguage\":\"sq-AL\",\"@id\":\"https:\\\/\\\/fjala.info\\\/2009-2015\\\/wp-content\\\/uploads\\\/2012\\\/02\\\/arben_cokaj-120x150.jpg\",\"url\":\"https:\\\/\\\/fjala.info\\\/2009-2015\\\/wp-content\\\/uploads\\\/2012\\\/02\\\/arben_cokaj-120x150.jpg\",\"contentUrl\":\"https:\\\/\\\/fjala.info\\\/2009-2015\\\/wp-content\\\/uploads\\\/2012\\\/02\\\/arben_cokaj-120x150.jpg\",\"caption\":\"admin\"},\"description\":\"Admin, Fjala e Lir\u00eb\",\"sameAs\":[\"https:\\\/\\\/fjala.info\\\/\"],\"url\":\"https:\\\/\\\/fjala.info\\\/2009-2015\\\/author\\\/admin\\\/\"}]}<\/script>\n<!-- \/ Yoast SEO plugin. -->","yoast_head_json":{"title":"Bashkimi komb\u00ebtar, e ka nj\u00eb armik - FjALA e LIR\u00cb - Arkivi","robots":{"index":"index","follow":"follow","max-snippet":"max-snippet:-1","max-image-preview":"max-image-preview:large","max-video-preview":"max-video-preview:-1"},"canonical":"https:\/\/fjala.info\/2009-2015\/bashkimi-kombetar-e-ka-nje-armik\/","og_locale":"sq_AL","og_type":"article","og_title":"Bashkimi komb\u00ebtar, e ka nj\u00eb armik - FjALA e LIR\u00cb - Arkivi","og_description":"Arben \u00c7okaj, 27.12.2011 Klasa politike e pand\u00ebrgjegjshme dhe kryeministri i paekuilibruar Para disa dit\u00ebsh, aty nga mesi i dhjetorit, kryeministri Berisha u takua me nj\u00eb grup student\u00ebsh nga Kosova. Se pse i duhej ky grup student\u00ebsh, q\u00eb ai t\u00eb artikulonte me turp kund\u00ebrshtin\u00eb e tij p\u00ebr iden\u00eb e bashkimit komb\u00ebtar, kjo nuk \u00ebsht\u00eb fort e [&hellip;]","og_url":"https:\/\/fjala.info\/2009-2015\/bashkimi-kombetar-e-ka-nje-armik\/","og_site_name":"FjALA e LIR\u00cb - Arkivi","article_published_time":"2011-12-28T06:16:11+00:00","og_image":[{"url":"http:\/\/www.shkoder.net\/images\/fjala\/arben_cokaj.jpg","type":"","width":"","height":""}],"author":"admin","twitter_card":"summary_large_image","twitter_misc":{"Written by":"admin","Est. reading time":"7 minutes"},"schema":{"@context":"https:\/\/schema.org","@graph":[{"@type":"Article","@id":"https:\/\/fjala.info\/2009-2015\/bashkimi-kombetar-e-ka-nje-armik\/#article","isPartOf":{"@id":"https:\/\/fjala.info\/2009-2015\/bashkimi-kombetar-e-ka-nje-armik\/"},"author":{"name":"admin","@id":"https:\/\/fjala.info\/2009-2015\/#\/schema\/person\/3aa1163ef05469c496fc94e77611ada2"},"headline":"Bashkimi komb\u00ebtar, e ka nj\u00eb armik","datePublished":"2011-12-28T06:16:11+00:00","mainEntityOfPage":{"@id":"https:\/\/fjala.info\/2009-2015\/bashkimi-kombetar-e-ka-nje-armik\/"},"wordCount":1379,"commentCount":0,"publisher":{"@id":"https:\/\/fjala.info\/2009-2015\/#organization"},"image":{"@id":"https:\/\/fjala.info\/2009-2015\/bashkimi-kombetar-e-ka-nje-armik\/#primaryimage"},"thumbnailUrl":"http:\/\/www.shkoder.net\/images\/fjala\/arben_cokaj.jpg","articleSection":["Artikuj"],"inLanguage":"sq-AL","potentialAction":[{"@type":"CommentAction","name":"Comment","target":["https:\/\/fjala.info\/2009-2015\/bashkimi-kombetar-e-ka-nje-armik\/#respond"]}]},{"@type":"WebPage","@id":"https:\/\/fjala.info\/2009-2015\/bashkimi-kombetar-e-ka-nje-armik\/","url":"https:\/\/fjala.info\/2009-2015\/bashkimi-kombetar-e-ka-nje-armik\/","name":"Bashkimi komb\u00ebtar, e ka nj\u00eb armik - FjALA e LIR\u00cb - Arkivi","isPartOf":{"@id":"https:\/\/fjala.info\/2009-2015\/#website"},"primaryImageOfPage":{"@id":"https:\/\/fjala.info\/2009-2015\/bashkimi-kombetar-e-ka-nje-armik\/#primaryimage"},"image":{"@id":"https:\/\/fjala.info\/2009-2015\/bashkimi-kombetar-e-ka-nje-armik\/#primaryimage"},"thumbnailUrl":"http:\/\/www.shkoder.net\/images\/fjala\/arben_cokaj.jpg","datePublished":"2011-12-28T06:16:11+00:00","breadcrumb":{"@id":"https:\/\/fjala.info\/2009-2015\/bashkimi-kombetar-e-ka-nje-armik\/#breadcrumb"},"inLanguage":"sq-AL","potentialAction":[{"@type":"ReadAction","target":["https:\/\/fjala.info\/2009-2015\/bashkimi-kombetar-e-ka-nje-armik\/"]}]},{"@type":"ImageObject","inLanguage":"sq-AL","@id":"https:\/\/fjala.info\/2009-2015\/bashkimi-kombetar-e-ka-nje-armik\/#primaryimage","url":"http:\/\/www.shkoder.net\/images\/fjala\/arben_cokaj.jpg","contentUrl":"http:\/\/www.shkoder.net\/images\/fjala\/arben_cokaj.jpg"},{"@type":"BreadcrumbList","@id":"https:\/\/fjala.info\/2009-2015\/bashkimi-kombetar-e-ka-nje-armik\/#breadcrumb","itemListElement":[{"@type":"ListItem","position":1,"name":"Home","item":"https:\/\/fjala.info\/2009-2015\/"},{"@type":"ListItem","position":2,"name":"Bashkimi komb\u00ebtar, e ka nj\u00eb armik"}]},{"@type":"WebSite","@id":"https:\/\/fjala.info\/2009-2015\/#website","url":"https:\/\/fjala.info\/2009-2015\/","name":"FjALA e LIR\u00cb - Arkivi","description":"Arkivi 2009-2015","publisher":{"@id":"https:\/\/fjala.info\/2009-2015\/#organization"},"potentialAction":[{"@type":"SearchAction","target":{"@type":"EntryPoint","urlTemplate":"https:\/\/fjala.info\/2009-2015\/?s={search_term_string}"},"query-input":{"@type":"PropertyValueSpecification","valueRequired":true,"valueName":"search_term_string"}}],"inLanguage":"sq-AL"},{"@type":"Organization","@id":"https:\/\/fjala.info\/2009-2015\/#organization","name":"FjALA e LIR\u00cb - Arkivi","url":"https:\/\/fjala.info\/2009-2015\/","logo":{"@type":"ImageObject","inLanguage":"sq-AL","@id":"https:\/\/fjala.info\/2009-2015\/#\/schema\/logo\/image\/","url":"","contentUrl":"","caption":"FjALA e LIR\u00cb - Arkivi"},"image":{"@id":"https:\/\/fjala.info\/2009-2015\/#\/schema\/logo\/image\/"}},{"@type":"Person","@id":"https:\/\/fjala.info\/2009-2015\/#\/schema\/person\/3aa1163ef05469c496fc94e77611ada2","name":"admin","image":{"@type":"ImageObject","inLanguage":"sq-AL","@id":"https:\/\/fjala.info\/2009-2015\/wp-content\/uploads\/2012\/02\/arben_cokaj-120x150.jpg","url":"https:\/\/fjala.info\/2009-2015\/wp-content\/uploads\/2012\/02\/arben_cokaj-120x150.jpg","contentUrl":"https:\/\/fjala.info\/2009-2015\/wp-content\/uploads\/2012\/02\/arben_cokaj-120x150.jpg","caption":"admin"},"description":"Admin, Fjala e Lir\u00eb","sameAs":["https:\/\/fjala.info\/"],"url":"https:\/\/fjala.info\/2009-2015\/author\/admin\/"}]}},"_links":{"self":[{"href":"https:\/\/fjala.info\/2009-2015\/wp-json\/wp\/v2\/posts\/843","targetHints":{"allow":["GET"]}}],"collection":[{"href":"https:\/\/fjala.info\/2009-2015\/wp-json\/wp\/v2\/posts"}],"about":[{"href":"https:\/\/fjala.info\/2009-2015\/wp-json\/wp\/v2\/types\/post"}],"author":[{"embeddable":true,"href":"https:\/\/fjala.info\/2009-2015\/wp-json\/wp\/v2\/users\/1"}],"replies":[{"embeddable":true,"href":"https:\/\/fjala.info\/2009-2015\/wp-json\/wp\/v2\/comments?post=843"}],"version-history":[{"count":0,"href":"https:\/\/fjala.info\/2009-2015\/wp-json\/wp\/v2\/posts\/843\/revisions"}],"wp:attachment":[{"href":"https:\/\/fjala.info\/2009-2015\/wp-json\/wp\/v2\/media?parent=843"}],"wp:term":[{"taxonomy":"category","embeddable":true,"href":"https:\/\/fjala.info\/2009-2015\/wp-json\/wp\/v2\/categories?post=843"},{"taxonomy":"post_tag","embeddable":true,"href":"https:\/\/fjala.info\/2009-2015\/wp-json\/wp\/v2\/tags?post=843"}],"curies":[{"name":"wp","href":"https:\/\/api.w.org\/{rel}","templated":true}]}}