{"id":824,"date":"2011-12-27T09:32:02","date_gmt":"2011-12-27T08:32:02","guid":{"rendered":"http:\/\/fjala.shkoder.net\/?p=824"},"modified":"2011-12-27T09:32:02","modified_gmt":"2011-12-27T08:32:02","slug":"helmimi-i-ndergjegjes","status":"publish","type":"post","link":"https:\/\/fjala.info\/2009-2015\/helmimi-i-ndergjegjes\/","title":{"rendered":"Helmimi i nd\u00ebrgjegjes"},"content":{"rendered":"<p><img decoding=\"async\" class=\"alignleft size-thumbnail wp-image-7236\" title=\"TV - ilustrim\" src=\"http:\/\/www.shkoder.net\/images\/fjala\/2011\/tv_ilustrim.jpg\" alt=\"\" width=\"300\" \/> Nga <strong>Robert Murataj<\/strong>, <em>26 dhjetor 2011<\/em><\/p>\n<p>Nuk jam shume i sigurt, q\u00eb ky shkrim mund t\u00eb botohet nga Respublika sepse \u00ebsht\u00eb n\u00eb fakt i drejtuar kryesisht kund\u00ebr mediave e sidomos asaj vizive, pra televizioneve.<\/p>\n<p>Shqip\u00ebria \u00ebsht\u00eb nj\u00eb shtet i ri dhe nj\u00eb demokraci e re. Si e till\u00eb sigurisht q\u00eb do t\u00eb kemi ndryshime t\u00eb her\u00ebpashershme dhe sa her\u00eb q\u00eb do ta kthejm\u00eb kok\u00ebn pas, do themi me vete: \u201cSa naiv\u00eb ishim para nj\u00eb viti\u201d. Megjithat\u00eb kjo nuk \u00ebsht\u00eb p\u00ebr t\u2019u shqet\u00ebsuar, sepse i ndodh gjithkujt dhe vet\u00eb zhivillimi i shpejte, sidomos i teknollogjise dhe globalizmi, sjellin nj\u00eb ndryshim t\u00eb paimagjinuar.<\/p>\n<p>Ajo q\u00eb t\u00eb b\u00ebn p\u00ebrshtypje sot n\u00eb shqiperi \u00ebsht\u00eb nj\u00eb fenomen, i cili ka mbi 20 vjet q\u00eb vazhdon me t\u00eb nj\u00ebjtin intesitet pothuaj si n\u00eb koh\u00ebn e diktatur\u00ebs. \u00c7do nj\u00ebri q\u00eb ka patur mund\u00ebsi te jetoj\u00eb p\u00ebr nj\u00eb far\u00eb kohe jasht\u00eb, kupton se helmimi i nd\u00ebrgjegjes s\u00eb njer\u00ebzve t\u00eb thjesht\u00eb vjen nga nj\u00eb kuti e pal\u00ebvizshme, e cila bu\u00e7et me nj\u00eb intesitet t\u00eb papar\u00eb n\u00eb \u00e7do moment duke p\u00ebrs\u00ebritur emra politikan\u00ebsh, arritje t\u00eb tyre, b\u00ebma t\u00eb m\u00ebdha, vizion largpam\u00ebs t\u00eb tyre, dhe aktivitete t\u00eb partive politike e lajme politike. P\u00ebr nj\u00eb moment t\u00eb duket vetja sikur je n\u00eb nj\u00eb or\u00eb partie, n\u00eb koh\u00ebn e diktatur\u00ebs, ku leximi i shtypit dhe shfaqja e materialeve q\u00eb promovonin ideologjin\u00eb e partis\u00eb ishin ngjarje q\u00eb k\u00ebrkonin pjes\u00ebmarrje t\u00eb detyruar p\u00ebr cilindo.<\/p>\n<p>\u00c7do person, i cili ka jetuar n\u00eb nj\u00eb vend demokratik dhe mund t\u00eb ndaj\u00eb llojin dhe r\u00ebnd\u00ebsin\u00eb e informacionit, p\u00ebr nj\u00eb \u00e7ast hutohet dhe skandalizohet, aq sa mund t\u2019i vij\u00eb p\u00ebr t\u00eb vjell\u00eb kur d\u00ebgjon qoft\u00eb edhe nj\u00eb or\u00eb t\u00eb vetme televizion. Vet\u00ebm politik\u00eb, emra politikan\u00ebsh, lajme p\u00ebr ta, t\u00eb nj\u00ebjtet emra. Por k\u00ebta persona t\u00eb cil\u00ebt kan\u00eb arritur t\u00eb ndajn\u00eb llojin e informacionit p\u00ebr t\u00eb cilin kan\u00eb nevoj\u00eb, nuk e kan\u00eb problem ta menaxhojn\u00eb k\u00ebt\u00eb situat\u00eb dhe ata jan\u00eb t\u00eb aft\u00eb t\u00eb injorojn\u00eb k\u00ebt\u00eb imponim dhe bombardim ideologjik q\u00eb b\u00ebn i famshmi ekran i televizionit, duke u p\u00ebrpjekur t\u00eb mbaj\u00eb t\u00eb hipnotizuar t\u00eb gjith\u00eb njer\u00ebzit e thjesht\u00eb dhe t\u2019i kthej ata n\u00eb skllev\u00ebr t\u00eb tij.<\/p>\n<p>Problemi pra \u00ebsht\u00eb p\u00ebr k\u00ebta njer\u00ebz t\u00eb zakonsh\u00ebm, kontigjenti baz\u00eb q\u00eb u duhet partive politike p\u00ebr zgjedhjen dhe rizgjedhjen e tyre n\u00eb poste publike si deputet, kryetar bashkie, kryetar partie, etj etj. K\u00ebta njer\u00ebz t\u00eb thjesht\u00eb t\u00eb cil\u00ebt formojn\u00eb at\u00eb q\u00eb quhet popull, t\u00eb cil\u00ebt me pun\u00ebn e tyre te palodhur, me lodhje, mundime, v\u00ebshtir\u00ebsi e sakrifica, prodhojn\u00eb t\u00eb mira materiale, jo vet\u00ebm p\u00ebr veten dhe familjet e tyre, por edhe per politikan\u00ebt dhe drejtuesit e institucioneve, po helmohen pa e ndjer\u00eb, duke u kthyer n\u00eb njer\u00ebz t\u00eb bindur e t\u00eb urt\u00eb, votues t\u00eb mir\u00eb e t\u00eb sjellsh\u00ebm, me sy e vesh\u00eb nga skllavopronar\u00ebt tan\u00eb politikan\u00eb.<\/p>\n<p>Njeriu \u00ebsht\u00eb nje q\u00ebnie e ndikueshme dhe mund t\u00eb p\u00ebrpunohet shum\u00eb leht\u00eb n\u00ebse p\u00ebrdor strategji djall\u00ebzore e t\u00eb mbrapsht\u00eb si kjo q\u00eb p\u00ebrdorin mjeshtrat e politik\u00ebs tan\u00eb, t\u00eb cil\u00ebt kan\u00eb ngritur nje institucin t\u00eb t\u00ebr\u00eb p\u00ebr t\u2019iu imponuar popullit me ideologjin\u00eb e tyre. Ata me vet\u00ebdije t\u00eb plot\u00eb, duke p\u00ebrdorur me dinak\u00ebri dhe efikasitet psikolog\u00eb vendas e t\u00eb huaj, t\u00eb paguar me fonde q\u00eb i p\u00ebrkasin popullit e q\u00eb duhet t\u00eb ishin shpenzuar per projekte sociale apo investime publike, po shkat\u00ebrrojn\u00eb vet\u00ebdijen dhe personalitetin e nj\u00eb kombi t\u00eb t\u00ebr\u00eb duke e kthyer n\u00eb nj\u00eb vemje eksperimentale q\u00eb t\u00eb ndjek\u00eb me besnik\u00ebri dhe pa m\u00ebdyshje keta pelivan\u00eb politikan\u00eb.<\/p>\n<p>Me an\u00eb t\u00eb kutis\u00eb magjike, televizionit t\u00eb kontrolluar totalisht nga k\u00ebta mjeshtra skllavopronar\u00eb, ata kan\u00eb skllav\u00ebruar mendjen dhe nd\u00ebrgjegjen e popullit shqiptar duke i infektuar atij apatin\u00eb dhe indiferenc\u00ebn p\u00ebr gjith\u00e7ka q\u00eb ndodh rreth e rrotull.<\/p>\n<p>Me ndihm\u00ebn e pa\u00e7muar t\u00eb pseudo analist\u00ebve, pseudo intelektual\u00ebve, pseudo gazetareve, pseudo pronar\u00ebve t\u00eb mediave private dhe t\u00eb pseudo liderve, po u imponojn\u00eb menyra sjelljeje, m\u00ebnyra t\u00eb menduari, te vepruari, deri edhe te biseduari.<\/p>\n<p>Ne jemi sot para faktit t\u00eb kryer ku zhvillimi i q\u00ebndruesh\u00ebm u minua nga themelet dhe cdo met\u00ebr katror q\u00eb u takonte t\u00eb gjith\u00ebve u b\u00eb pron\u00eb e mafies s\u00eb nd\u00ebrtimit, ku parqet dhe lulishtet per f\u00ebmij\u00eb dhe t\u00eb rinj u zhduk\u00ebn dhe vendin e tyre, e zun\u00eb bunker\u00ebt shum\u00ebkat\u00ebsh, dhe askush nuk flet p\u00ebr to, a thua se ne nuk duhet as ta zem\u00eb n\u00eb goj\u00eb nj\u00eb gj\u00eb t\u00eb till\u00eb se nuk \u00ebsht\u00eb puna jon\u00eb. Jo ajo q\u00eb ne na duhet, \u00ebsht\u00eb m\u00ebnyra dhe procedura se si u zgjodh Avokati I popullit???!!!! E \u00e7far\u00eb do b\u00ebj ky avokat p\u00ebr popullin, kur ai u zgjodh nga nj\u00eb parti politike, p\u00ebr interesa t\u00eb tyre politike dhe kur n\u00eb juri nuk kishte asnje avokat nga dhoma e avokatis\u00eb s\u00eb Tiranes?<\/p>\n<p>E pra ne jemi sot para nj\u00eb situate aspak normale kur njer\u00ebzit kan\u00eb humbur besimin jo vet\u00ebm tek e sotmja por edhe tek e ardhmja, kur \u00e7do vendim merret pa llogaritur fare qytetar\u00ebt e thjesht\u00eb, e p\u00ebrs\u00ebri televizioni yn\u00eb I dashur bu\u00e7et p\u00ebr arritjet e partive, politikan\u00ebve, deputet\u00ebve, etj, etj.<\/p>\n<p>Ajo q\u00eb n\u00eb fakt m\u00eb shqet\u00ebson m\u00eb shum\u00eb nga \u00e7do gj\u00eb \u00ebsht\u00eb fakti q\u00eb njer\u00ebzit e thjesht\u00eb, akoma nuk po arrijn\u00eb t\u00eb shk\u00ebputen nga ky bombardim i pand\u00ebrprer\u00eb q\u00eb po u b\u00ebhet nga skllavopronar\u00ebt tan\u00eb, duke i injoruar ata totalisht, dhe duke u kthyer krah\u00ebt, duke i injoruar televizionet shqiptare, dhe duke par\u00eb televizionet e komshinjve tan\u00eb italian\u00eb, emisionet e t\u00eb cil\u00ebve jan\u00eb p\u00ebr t\u2019u marr\u00eb shembull.<\/p>\n<p>Nuk \u00ebsht\u00eb se do t\u00eb ndryshohet ndonj\u00eb gj\u00eb shum\u00eb e madhe, sepse k\u00ebtu tek ne, fatkeq\u00ebsisht ashtu si shum\u00eb gj\u00ebra t\u00eb tjera nuk \u00ebsht\u00eb se media funksionon n\u00eb baz\u00eb t\u00eb shikueshm\u00ebris\u00eb, sepse televizionet tona jan\u00eb face-book-u i skllavopronar\u00ebve, por t\u00eb pakt\u00ebn nuk do cing\u00ebris\u00ebsh nervat e tua duke ndjekur emisione bajate dhe duke d\u00ebgjuar biseda kafenesh e z\u00ebnka te r\u00ebndomta t\u00eb sh\u00ebrb\u00ebtor\u00ebve t\u00eb skllavopronar\u00ebve.<\/p>\n<p>Do t\u00eb duhet shum\u00eb koh\u00eb derisa ky helm i injektuar n\u00eb mendjen e \u00e7do shqiptari t\u00eb shp\u00eblahet, por deri at\u00ebher\u00eb, do t\u00eb ishte shum\u00eb interesante t\u00eb shohim nj\u00eb inisiativ\u00eb-media t\u00eb v\u00ebrtet\u00eb t\u00eb tipit BBC, ku gazetari t\u00eb merret me \u00e7\u00ebshtje t\u00eb p\u00ebrditshme dhe politika t\u00eb z\u00ebr\u00eb jo m\u00eb shum\u00eb se 10 minuta n\u00eb 24 or\u00eb.<\/p>\n","protected":false},"excerpt":{"rendered":"<p>Nga Robert Murataj, 26 dhjetor 2011 Nuk jam shume i sigurt, q\u00eb ky shkrim mund t\u00eb botohet nga Respublika sepse \u00ebsht\u00eb n\u00eb fakt i drejtuar kryesisht kund\u00ebr mediave e sidomos asaj vizive, pra televizioneve. Shqip\u00ebria \u00ebsht\u00eb nj\u00eb shtet i ri dhe nj\u00eb demokraci e re. Si e till\u00eb sigurisht q\u00eb do t\u00eb kemi ndryshime t\u00eb [&hellip;]<\/p>\n","protected":false},"author":1,"featured_media":0,"comment_status":"open","ping_status":"closed","sticky":false,"template":"","format":"standard","meta":{"footnotes":""},"categories":[2],"tags":[],"class_list":{"0":"post-824","1":"post","2":"type-post","3":"status-publish","4":"format-standard","6":"category-artikuj"},"yoast_head":"<!-- This site is optimized with the Yoast SEO plugin v27.4 - https:\/\/yoast.com\/product\/yoast-seo-wordpress\/ -->\n<title>Helmimi i nd\u00ebrgjegjes - FjALA e LIR\u00cb - Arkivi<\/title>\n<meta name=\"robots\" content=\"index, follow, max-snippet:-1, max-image-preview:large, max-video-preview:-1\" \/>\n<link rel=\"canonical\" href=\"https:\/\/fjala.info\/2009-2015\/helmimi-i-ndergjegjes\/\" \/>\n<meta property=\"og:locale\" content=\"sq_AL\" \/>\n<meta property=\"og:type\" content=\"article\" \/>\n<meta property=\"og:title\" content=\"Helmimi i nd\u00ebrgjegjes - FjALA e LIR\u00cb - Arkivi\" \/>\n<meta property=\"og:description\" content=\"Nga Robert Murataj, 26 dhjetor 2011 Nuk jam shume i sigurt, q\u00eb ky shkrim mund t\u00eb botohet nga Respublika sepse \u00ebsht\u00eb n\u00eb fakt i drejtuar kryesisht kund\u00ebr mediave e sidomos asaj vizive, pra televizioneve. Shqip\u00ebria \u00ebsht\u00eb nj\u00eb shtet i ri dhe nj\u00eb demokraci e re. Si e till\u00eb sigurisht q\u00eb do t\u00eb kemi ndryshime t\u00eb [&hellip;]\" \/>\n<meta property=\"og:url\" content=\"https:\/\/fjala.info\/2009-2015\/helmimi-i-ndergjegjes\/\" \/>\n<meta property=\"og:site_name\" content=\"FjALA e LIR\u00cb - Arkivi\" \/>\n<meta property=\"article:published_time\" content=\"2011-12-27T08:32:02+00:00\" \/>\n<meta property=\"og:image\" content=\"http:\/\/www.shkoder.net\/images\/fjala\/2011\/tv_ilustrim.jpg\" \/>\n<meta name=\"author\" content=\"admin\" \/>\n<meta name=\"twitter:card\" content=\"summary_large_image\" \/>\n<meta name=\"twitter:label1\" content=\"Written by\" \/>\n\t<meta name=\"twitter:data1\" content=\"admin\" \/>\n\t<meta name=\"twitter:label2\" content=\"Est. reading time\" \/>\n\t<meta name=\"twitter:data2\" content=\"6 minutes\" \/>\n<script type=\"application\/ld+json\" class=\"yoast-schema-graph\">{\"@context\":\"https:\\\/\\\/schema.org\",\"@graph\":[{\"@type\":\"Article\",\"@id\":\"https:\\\/\\\/fjala.info\\\/2009-2015\\\/helmimi-i-ndergjegjes\\\/#article\",\"isPartOf\":{\"@id\":\"https:\\\/\\\/fjala.info\\\/2009-2015\\\/helmimi-i-ndergjegjes\\\/\"},\"author\":{\"name\":\"admin\",\"@id\":\"https:\\\/\\\/fjala.info\\\/2009-2015\\\/#\\\/schema\\\/person\\\/3aa1163ef05469c496fc94e77611ada2\"},\"headline\":\"Helmimi i nd\u00ebrgjegjes\",\"datePublished\":\"2011-12-27T08:32:02+00:00\",\"mainEntityOfPage\":{\"@id\":\"https:\\\/\\\/fjala.info\\\/2009-2015\\\/helmimi-i-ndergjegjes\\\/\"},\"wordCount\":1147,\"commentCount\":0,\"publisher\":{\"@id\":\"https:\\\/\\\/fjala.info\\\/2009-2015\\\/#organization\"},\"image\":{\"@id\":\"https:\\\/\\\/fjala.info\\\/2009-2015\\\/helmimi-i-ndergjegjes\\\/#primaryimage\"},\"thumbnailUrl\":\"http:\\\/\\\/www.shkoder.net\\\/images\\\/fjala\\\/2011\\\/tv_ilustrim.jpg\",\"articleSection\":[\"Artikuj\"],\"inLanguage\":\"sq-AL\",\"potentialAction\":[{\"@type\":\"CommentAction\",\"name\":\"Comment\",\"target\":[\"https:\\\/\\\/fjala.info\\\/2009-2015\\\/helmimi-i-ndergjegjes\\\/#respond\"]}]},{\"@type\":\"WebPage\",\"@id\":\"https:\\\/\\\/fjala.info\\\/2009-2015\\\/helmimi-i-ndergjegjes\\\/\",\"url\":\"https:\\\/\\\/fjala.info\\\/2009-2015\\\/helmimi-i-ndergjegjes\\\/\",\"name\":\"Helmimi i nd\u00ebrgjegjes - FjALA e LIR\u00cb - Arkivi\",\"isPartOf\":{\"@id\":\"https:\\\/\\\/fjala.info\\\/2009-2015\\\/#website\"},\"primaryImageOfPage\":{\"@id\":\"https:\\\/\\\/fjala.info\\\/2009-2015\\\/helmimi-i-ndergjegjes\\\/#primaryimage\"},\"image\":{\"@id\":\"https:\\\/\\\/fjala.info\\\/2009-2015\\\/helmimi-i-ndergjegjes\\\/#primaryimage\"},\"thumbnailUrl\":\"http:\\\/\\\/www.shkoder.net\\\/images\\\/fjala\\\/2011\\\/tv_ilustrim.jpg\",\"datePublished\":\"2011-12-27T08:32:02+00:00\",\"breadcrumb\":{\"@id\":\"https:\\\/\\\/fjala.info\\\/2009-2015\\\/helmimi-i-ndergjegjes\\\/#breadcrumb\"},\"inLanguage\":\"sq-AL\",\"potentialAction\":[{\"@type\":\"ReadAction\",\"target\":[\"https:\\\/\\\/fjala.info\\\/2009-2015\\\/helmimi-i-ndergjegjes\\\/\"]}]},{\"@type\":\"ImageObject\",\"inLanguage\":\"sq-AL\",\"@id\":\"https:\\\/\\\/fjala.info\\\/2009-2015\\\/helmimi-i-ndergjegjes\\\/#primaryimage\",\"url\":\"http:\\\/\\\/www.shkoder.net\\\/images\\\/fjala\\\/2011\\\/tv_ilustrim.jpg\",\"contentUrl\":\"http:\\\/\\\/www.shkoder.net\\\/images\\\/fjala\\\/2011\\\/tv_ilustrim.jpg\"},{\"@type\":\"BreadcrumbList\",\"@id\":\"https:\\\/\\\/fjala.info\\\/2009-2015\\\/helmimi-i-ndergjegjes\\\/#breadcrumb\",\"itemListElement\":[{\"@type\":\"ListItem\",\"position\":1,\"name\":\"Home\",\"item\":\"https:\\\/\\\/fjala.info\\\/2009-2015\\\/\"},{\"@type\":\"ListItem\",\"position\":2,\"name\":\"Helmimi i nd\u00ebrgjegjes\"}]},{\"@type\":\"WebSite\",\"@id\":\"https:\\\/\\\/fjala.info\\\/2009-2015\\\/#website\",\"url\":\"https:\\\/\\\/fjala.info\\\/2009-2015\\\/\",\"name\":\"FjALA e LIR\u00cb - Arkivi\",\"description\":\"Arkivi 2009-2015\",\"publisher\":{\"@id\":\"https:\\\/\\\/fjala.info\\\/2009-2015\\\/#organization\"},\"potentialAction\":[{\"@type\":\"SearchAction\",\"target\":{\"@type\":\"EntryPoint\",\"urlTemplate\":\"https:\\\/\\\/fjala.info\\\/2009-2015\\\/?s={search_term_string}\"},\"query-input\":{\"@type\":\"PropertyValueSpecification\",\"valueRequired\":true,\"valueName\":\"search_term_string\"}}],\"inLanguage\":\"sq-AL\"},{\"@type\":\"Organization\",\"@id\":\"https:\\\/\\\/fjala.info\\\/2009-2015\\\/#organization\",\"name\":\"FjALA e LIR\u00cb - Arkivi\",\"url\":\"https:\\\/\\\/fjala.info\\\/2009-2015\\\/\",\"logo\":{\"@type\":\"ImageObject\",\"inLanguage\":\"sq-AL\",\"@id\":\"https:\\\/\\\/fjala.info\\\/2009-2015\\\/#\\\/schema\\\/logo\\\/image\\\/\",\"url\":\"\",\"contentUrl\":\"\",\"caption\":\"FjALA e LIR\u00cb - Arkivi\"},\"image\":{\"@id\":\"https:\\\/\\\/fjala.info\\\/2009-2015\\\/#\\\/schema\\\/logo\\\/image\\\/\"}},{\"@type\":\"Person\",\"@id\":\"https:\\\/\\\/fjala.info\\\/2009-2015\\\/#\\\/schema\\\/person\\\/3aa1163ef05469c496fc94e77611ada2\",\"name\":\"admin\",\"image\":{\"@type\":\"ImageObject\",\"inLanguage\":\"sq-AL\",\"@id\":\"https:\\\/\\\/fjala.info\\\/2009-2015\\\/wp-content\\\/uploads\\\/2012\\\/02\\\/arben_cokaj-120x150.jpg\",\"url\":\"https:\\\/\\\/fjala.info\\\/2009-2015\\\/wp-content\\\/uploads\\\/2012\\\/02\\\/arben_cokaj-120x150.jpg\",\"contentUrl\":\"https:\\\/\\\/fjala.info\\\/2009-2015\\\/wp-content\\\/uploads\\\/2012\\\/02\\\/arben_cokaj-120x150.jpg\",\"caption\":\"admin\"},\"description\":\"Admin, Fjala e Lir\u00eb\",\"sameAs\":[\"https:\\\/\\\/fjala.info\\\/\"],\"url\":\"https:\\\/\\\/fjala.info\\\/2009-2015\\\/author\\\/admin\\\/\"}]}<\/script>\n<!-- \/ Yoast SEO plugin. -->","yoast_head_json":{"title":"Helmimi i nd\u00ebrgjegjes - FjALA e LIR\u00cb - Arkivi","robots":{"index":"index","follow":"follow","max-snippet":"max-snippet:-1","max-image-preview":"max-image-preview:large","max-video-preview":"max-video-preview:-1"},"canonical":"https:\/\/fjala.info\/2009-2015\/helmimi-i-ndergjegjes\/","og_locale":"sq_AL","og_type":"article","og_title":"Helmimi i nd\u00ebrgjegjes - FjALA e LIR\u00cb - Arkivi","og_description":"Nga Robert Murataj, 26 dhjetor 2011 Nuk jam shume i sigurt, q\u00eb ky shkrim mund t\u00eb botohet nga Respublika sepse \u00ebsht\u00eb n\u00eb fakt i drejtuar kryesisht kund\u00ebr mediave e sidomos asaj vizive, pra televizioneve. Shqip\u00ebria \u00ebsht\u00eb nj\u00eb shtet i ri dhe nj\u00eb demokraci e re. Si e till\u00eb sigurisht q\u00eb do t\u00eb kemi ndryshime t\u00eb [&hellip;]","og_url":"https:\/\/fjala.info\/2009-2015\/helmimi-i-ndergjegjes\/","og_site_name":"FjALA e LIR\u00cb - Arkivi","article_published_time":"2011-12-27T08:32:02+00:00","og_image":[{"url":"http:\/\/www.shkoder.net\/images\/fjala\/2011\/tv_ilustrim.jpg","type":"","width":"","height":""}],"author":"admin","twitter_card":"summary_large_image","twitter_misc":{"Written by":"admin","Est. reading time":"6 minutes"},"schema":{"@context":"https:\/\/schema.org","@graph":[{"@type":"Article","@id":"https:\/\/fjala.info\/2009-2015\/helmimi-i-ndergjegjes\/#article","isPartOf":{"@id":"https:\/\/fjala.info\/2009-2015\/helmimi-i-ndergjegjes\/"},"author":{"name":"admin","@id":"https:\/\/fjala.info\/2009-2015\/#\/schema\/person\/3aa1163ef05469c496fc94e77611ada2"},"headline":"Helmimi i nd\u00ebrgjegjes","datePublished":"2011-12-27T08:32:02+00:00","mainEntityOfPage":{"@id":"https:\/\/fjala.info\/2009-2015\/helmimi-i-ndergjegjes\/"},"wordCount":1147,"commentCount":0,"publisher":{"@id":"https:\/\/fjala.info\/2009-2015\/#organization"},"image":{"@id":"https:\/\/fjala.info\/2009-2015\/helmimi-i-ndergjegjes\/#primaryimage"},"thumbnailUrl":"http:\/\/www.shkoder.net\/images\/fjala\/2011\/tv_ilustrim.jpg","articleSection":["Artikuj"],"inLanguage":"sq-AL","potentialAction":[{"@type":"CommentAction","name":"Comment","target":["https:\/\/fjala.info\/2009-2015\/helmimi-i-ndergjegjes\/#respond"]}]},{"@type":"WebPage","@id":"https:\/\/fjala.info\/2009-2015\/helmimi-i-ndergjegjes\/","url":"https:\/\/fjala.info\/2009-2015\/helmimi-i-ndergjegjes\/","name":"Helmimi i nd\u00ebrgjegjes - FjALA e LIR\u00cb - Arkivi","isPartOf":{"@id":"https:\/\/fjala.info\/2009-2015\/#website"},"primaryImageOfPage":{"@id":"https:\/\/fjala.info\/2009-2015\/helmimi-i-ndergjegjes\/#primaryimage"},"image":{"@id":"https:\/\/fjala.info\/2009-2015\/helmimi-i-ndergjegjes\/#primaryimage"},"thumbnailUrl":"http:\/\/www.shkoder.net\/images\/fjala\/2011\/tv_ilustrim.jpg","datePublished":"2011-12-27T08:32:02+00:00","breadcrumb":{"@id":"https:\/\/fjala.info\/2009-2015\/helmimi-i-ndergjegjes\/#breadcrumb"},"inLanguage":"sq-AL","potentialAction":[{"@type":"ReadAction","target":["https:\/\/fjala.info\/2009-2015\/helmimi-i-ndergjegjes\/"]}]},{"@type":"ImageObject","inLanguage":"sq-AL","@id":"https:\/\/fjala.info\/2009-2015\/helmimi-i-ndergjegjes\/#primaryimage","url":"http:\/\/www.shkoder.net\/images\/fjala\/2011\/tv_ilustrim.jpg","contentUrl":"http:\/\/www.shkoder.net\/images\/fjala\/2011\/tv_ilustrim.jpg"},{"@type":"BreadcrumbList","@id":"https:\/\/fjala.info\/2009-2015\/helmimi-i-ndergjegjes\/#breadcrumb","itemListElement":[{"@type":"ListItem","position":1,"name":"Home","item":"https:\/\/fjala.info\/2009-2015\/"},{"@type":"ListItem","position":2,"name":"Helmimi i nd\u00ebrgjegjes"}]},{"@type":"WebSite","@id":"https:\/\/fjala.info\/2009-2015\/#website","url":"https:\/\/fjala.info\/2009-2015\/","name":"FjALA e LIR\u00cb - Arkivi","description":"Arkivi 2009-2015","publisher":{"@id":"https:\/\/fjala.info\/2009-2015\/#organization"},"potentialAction":[{"@type":"SearchAction","target":{"@type":"EntryPoint","urlTemplate":"https:\/\/fjala.info\/2009-2015\/?s={search_term_string}"},"query-input":{"@type":"PropertyValueSpecification","valueRequired":true,"valueName":"search_term_string"}}],"inLanguage":"sq-AL"},{"@type":"Organization","@id":"https:\/\/fjala.info\/2009-2015\/#organization","name":"FjALA e LIR\u00cb - Arkivi","url":"https:\/\/fjala.info\/2009-2015\/","logo":{"@type":"ImageObject","inLanguage":"sq-AL","@id":"https:\/\/fjala.info\/2009-2015\/#\/schema\/logo\/image\/","url":"","contentUrl":"","caption":"FjALA e LIR\u00cb - Arkivi"},"image":{"@id":"https:\/\/fjala.info\/2009-2015\/#\/schema\/logo\/image\/"}},{"@type":"Person","@id":"https:\/\/fjala.info\/2009-2015\/#\/schema\/person\/3aa1163ef05469c496fc94e77611ada2","name":"admin","image":{"@type":"ImageObject","inLanguage":"sq-AL","@id":"https:\/\/fjala.info\/2009-2015\/wp-content\/uploads\/2012\/02\/arben_cokaj-120x150.jpg","url":"https:\/\/fjala.info\/2009-2015\/wp-content\/uploads\/2012\/02\/arben_cokaj-120x150.jpg","contentUrl":"https:\/\/fjala.info\/2009-2015\/wp-content\/uploads\/2012\/02\/arben_cokaj-120x150.jpg","caption":"admin"},"description":"Admin, Fjala e Lir\u00eb","sameAs":["https:\/\/fjala.info\/"],"url":"https:\/\/fjala.info\/2009-2015\/author\/admin\/"}]}},"_links":{"self":[{"href":"https:\/\/fjala.info\/2009-2015\/wp-json\/wp\/v2\/posts\/824","targetHints":{"allow":["GET"]}}],"collection":[{"href":"https:\/\/fjala.info\/2009-2015\/wp-json\/wp\/v2\/posts"}],"about":[{"href":"https:\/\/fjala.info\/2009-2015\/wp-json\/wp\/v2\/types\/post"}],"author":[{"embeddable":true,"href":"https:\/\/fjala.info\/2009-2015\/wp-json\/wp\/v2\/users\/1"}],"replies":[{"embeddable":true,"href":"https:\/\/fjala.info\/2009-2015\/wp-json\/wp\/v2\/comments?post=824"}],"version-history":[{"count":0,"href":"https:\/\/fjala.info\/2009-2015\/wp-json\/wp\/v2\/posts\/824\/revisions"}],"wp:attachment":[{"href":"https:\/\/fjala.info\/2009-2015\/wp-json\/wp\/v2\/media?parent=824"}],"wp:term":[{"taxonomy":"category","embeddable":true,"href":"https:\/\/fjala.info\/2009-2015\/wp-json\/wp\/v2\/categories?post=824"},{"taxonomy":"post_tag","embeddable":true,"href":"https:\/\/fjala.info\/2009-2015\/wp-json\/wp\/v2\/tags?post=824"}],"curies":[{"name":"wp","href":"https:\/\/api.w.org\/{rel}","templated":true}]}}