{"id":820,"date":"2011-12-27T09:10:23","date_gmt":"2011-12-27T08:10:23","guid":{"rendered":"http:\/\/fjala.shkoder.net\/?p=820"},"modified":"2011-12-27T09:10:23","modified_gmt":"2011-12-27T08:10:23","slug":"po-ku-eshte-ldk-ja-sot","status":"publish","type":"post","link":"https:\/\/fjala.info\/2009-2015\/po-ku-eshte-ldk-ja-sot\/","title":{"rendered":"PO KU \u00cbSHT\u00cb LDK-JA SOT?"},"content":{"rendered":"<p><img decoding=\"async\" class=\"alignright size-thumbnail wp-image-7236\" title=\"Shefqet Dibrani - LDK\" src=\"http:\/\/www.shkoder.net\/images\/fjala\/2011\/shd_ldk_liber.jpg\" alt=\"\" width=\"300\" \/> <em>Fjala e <strong>Mr. Zef Ahmetit<\/strong>,<br \/>\nMe rastin e promovimit t\u00eb librit &#8220;11 MINUTA PARA OR\u00cbS &#8217;00 ose mirazhi i suksest t\u00eb LDK-s\u00eb &#8220;, t\u00eb Shefqet Dibranit.<\/em><\/p>\n<p><strong>PO KU \u00cbSHT\u00cb LDK-JA SOT?<\/strong><br \/>\nSh. Dibrani: \u201e11 MINUTA PARA OR\u00cbS `00 ose mirazhi i suksesit t\u00eb LDK-s\u00eb\u201c, Prishtin\u00eb 2011.<\/p>\n<p><em><strong>Dibrani, jep nj\u00eb risi n\u00eb sken\u00ebn politike t\u00eb Kosov\u00ebs. Ai, kritikon partin\u00eb e vet pa u larguar nga ajo, nj\u00eb element krejt normal n\u00eb demokracit\u00eb per\u00ebndimore!&#8230;<\/strong><\/em><\/p>\n<p>Shkruan: <strong>Zef AHMETI<\/strong><\/p>\n<p>Disa her\u00eb kam d\u00ebgjuar se Shefqet Dibrani \u00ebsht\u00eb nj\u00eb \u201emilitant i LDK-s\u00eb\u201c. Dhe shtrohet pyetja, pse ky em\u00ebrtim? Nga Leximi q\u00eb i kam b\u00ebr\u00eb librit kam ardhur te p\u00ebrfundimi se ai ishte nj\u00eb simpatizant i pathyesh\u00ebm i LDK-s\u00eb, respektivisht i frym\u00ebs dhe vizionin politik t\u00eb Ibrahim Rugov\u00ebs.<\/p>\n<p>P\u00ebrmbajtja e librit t\u00eb imponon, var\u00ebsisht nga ajo se si perceptohet, sa nj\u00eb ndjenj\u00eb krenarie t\u00eb autorit, po aq edhe shqet\u00ebsimet e tija p\u00ebr disa ngjarje dhe rrjedha q\u00eb ndodhin n\u00eb historin\u00eb e aktivitetit t\u00eb LDK-s\u00eb. Autori n\u00eb asnj\u00eb \u00e7ast nuk e konteston kontributin e jasht\u00ebzakonsh\u00ebm t\u00eb k\u00ebsaj partie n\u00eb historin\u00eb m\u00eb t\u00eb re t\u00eb Kosov\u00ebs.<\/p>\n<p>Po ku \u00ebsht\u00eb LDK-ja sot? Kjo \u00ebsht\u00eb pyetja e parashtruar.<br \/>\nDob\u00ebsimin e k\u00ebtij subjekti politik n\u00eb sken\u00ebn politike t\u00eb Kosov\u00ebs Shefqet Dibrani e sheh n\u00eb rend t\u00eb par\u00eb n\u00eb tendencat e fraksionet e ndryshme p\u00ebrbrenda k\u00ebsaj partie. Dibrani, duke qen\u00eb pjes\u00eb e ngjarjeve dhe an\u00ebtar i pathyesh\u00ebm i saj, paraqet versionin e tij, pse LDK-ja \u00ebsht\u00eb ku \u00ebsht\u00eb sot.<\/p>\n<p>P\u00ebrve\u00e7 ngjarjeve t\u00eb jashtme, q\u00eb ndikuan n\u00eb dob\u00ebsimin dhe thyerjen e LDK-s\u00eb, pas vdekjes s\u00eb presidentit Ibrahim Rugova, ai fokusohet sidomos n\u00eb gabimet dhe l\u00ebshimet q\u00eb ndodhin p\u00ebrbrenda saj. N\u00eb politikat e gabuara, sipas autorit, t\u00eb lidershipit t\u00eb saj dhe tendencat jodemokratike p\u00ebr t\u00eb marr\u00eb udh\u00ebheqjen e partis\u00eb. Ai i k\u00ebrkon gabimet n\u00eb vetvete, pra n\u00eb LDK. Duke pasur parasysh demokracin\u00eb dhe lirin\u00eb e re n\u00eb Kosov\u00eb, Dibrani jep nj\u00eb risi n\u00eb sken\u00ebn politike t\u00eb Kosov\u00ebs, duke kritikuar partin\u00eb e vet pa u larguar nga ajo, nj\u00eb element krejt normal n\u00eb demokracit\u00eb per\u00ebndimore.<\/p>\n<p>Autori \u00ebsht\u00eb kritik edhe p\u00ebr disa ngjarje dhe ecuri sociale e politike n\u00eb Kosov\u00eb q\u00eb nj\u00ebkoh\u00ebsisht reflektojn\u00eb q\u00ebndrimin e tij dhe d\u00ebshir\u00ebn, se ku don\u00eb ta shoh atdheun e tij. Ai ka kuptuar se liria dhe demokracia jan\u00eb dy koncepte t\u00eb cilat k\u00ebrkojn\u00eb p\u00ebrher\u00eb pun\u00eb dhe p\u00ebrkushtim.<\/p>\n<p>Ngjarjet q\u00eb ai i trajton n\u00eb lib\u00ebr jo vet\u00ebm se shprehin vler\u00ebsimet e tija, porse ato ai i fuqizon me referimet e shumta, ku na thot\u00eb se, nuk \u00ebsht\u00eb i vet\u00ebm n\u00eb at\u00eb q\u00eb e shkruan n\u00eb lib\u00ebr.<\/p>\n<p>Dhe, n\u00ebse e kam kuptuar mir\u00eb librin, un\u00eb kam ardhur n\u00eb p\u00ebrfundim se, ai don\u00eb t\u00eb na thot\u00eb pra, para se t`i akuzojm\u00eb t\u00eb tjer\u00ebt p\u00ebr situat\u00ebn ku jemi, ne duhet t\u00eb jemi s\u00eb pari vet\u00ebkritik\u00eb p\u00ebr veprimet tona. \u00c7far\u00eb kontribuuam vet p\u00ebr situat\u00ebn ku jemi, \u00ebsht\u00eb pyetja e t\u00ebrthort\u00eb q\u00eb ia parashtron Shefqet Dibrani partis\u00eb s\u00eb tij.<\/p>\n<p>Shefqetit i mungon fryma e politik\u00ebs s\u00eb Rugov\u00ebs n\u00eb LDK.<br \/>\nUn\u00eb shpresoj q\u00eb ky lib\u00ebr do t\u00eb hap\u00eb nj\u00eb debat pozitiv q\u00eb do t`i b\u00ebnte mir\u00eb vet\u00eb LDK-s\u00eb dhe shoq\u00ebris\u00eb kosovare.<\/p>\n<p>Si p\u00ebrfundim dua t\u00eb potencoj edhe nj\u00ebher\u00eb at\u00eb q\u00eb na thot\u00eb Dibrani n\u00eb m\u00ebnyr\u00eb indirekte, se para se t`i akuzojm\u00eb t\u00eb tjer\u00ebt p\u00ebr situat\u00ebn ku jemi, jo vet\u00ebm si njeri, si parti, a si shqiptar, t`ia shtrojm\u00eb vetvetes pyetjen, \u00e7ka kam kontribuar un\u00eb vet\u00eb p\u00ebr gjendjen ku jam, p\u00ebrkat\u00ebsisht p\u00ebr situat\u00ebn ku jemi?<\/p>\n<p><em>St. Gallen, 18 dhjetor 2011<\/em>.<\/p>\n","protected":false},"excerpt":{"rendered":"<p>Fjala e Mr. Zef Ahmetit, Me rastin e promovimit t\u00eb librit &#8220;11 MINUTA PARA OR\u00cbS &#8217;00 ose mirazhi i suksest t\u00eb LDK-s\u00eb &#8220;, t\u00eb Shefqet Dibranit. PO KU \u00cbSHT\u00cb LDK-JA SOT? Sh. Dibrani: \u201e11 MINUTA PARA OR\u00cbS `00 ose mirazhi i suksesit t\u00eb LDK-s\u00eb\u201c, Prishtin\u00eb 2011. Dibrani, jep nj\u00eb risi n\u00eb sken\u00ebn politike t\u00eb Kosov\u00ebs. [&hellip;]<\/p>\n","protected":false},"author":1,"featured_media":0,"comment_status":"open","ping_status":"closed","sticky":false,"template":"","format":"standard","meta":{"footnotes":""},"categories":[2],"tags":[],"class_list":{"0":"post-820","1":"post","2":"type-post","3":"status-publish","4":"format-standard","6":"category-artikuj"},"yoast_head":"<!-- This site is optimized with the Yoast SEO plugin v27.4 - https:\/\/yoast.com\/product\/yoast-seo-wordpress\/ -->\n<title>PO KU \u00cbSHT\u00cb LDK-JA SOT? - FjALA e LIR\u00cb - Arkivi<\/title>\n<meta name=\"robots\" content=\"index, follow, max-snippet:-1, max-image-preview:large, max-video-preview:-1\" \/>\n<link rel=\"canonical\" href=\"https:\/\/fjala.info\/2009-2015\/po-ku-eshte-ldk-ja-sot\/\" \/>\n<meta property=\"og:locale\" content=\"sq_AL\" \/>\n<meta property=\"og:type\" content=\"article\" \/>\n<meta property=\"og:title\" content=\"PO KU \u00cbSHT\u00cb LDK-JA SOT? - FjALA e LIR\u00cb - Arkivi\" \/>\n<meta property=\"og:description\" content=\"Fjala e Mr. Zef Ahmetit, Me rastin e promovimit t\u00eb librit &#8220;11 MINUTA PARA OR\u00cbS &#8217;00 ose mirazhi i suksest t\u00eb LDK-s\u00eb &#8220;, t\u00eb Shefqet Dibranit. PO KU \u00cbSHT\u00cb LDK-JA SOT? Sh. Dibrani: \u201e11 MINUTA PARA OR\u00cbS `00 ose mirazhi i suksesit t\u00eb LDK-s\u00eb\u201c, Prishtin\u00eb 2011. Dibrani, jep nj\u00eb risi n\u00eb sken\u00ebn politike t\u00eb Kosov\u00ebs. [&hellip;]\" \/>\n<meta property=\"og:url\" content=\"https:\/\/fjala.info\/2009-2015\/po-ku-eshte-ldk-ja-sot\/\" \/>\n<meta property=\"og:site_name\" content=\"FjALA e LIR\u00cb - Arkivi\" \/>\n<meta property=\"article:published_time\" content=\"2011-12-27T08:10:23+00:00\" \/>\n<meta property=\"og:image\" content=\"http:\/\/www.shkoder.net\/images\/fjala\/2011\/shd_ldk_liber.jpg\" \/>\n<meta name=\"author\" content=\"admin\" \/>\n<meta name=\"twitter:card\" content=\"summary_large_image\" \/>\n<meta name=\"twitter:label1\" content=\"Written by\" \/>\n\t<meta name=\"twitter:data1\" content=\"admin\" \/>\n\t<meta name=\"twitter:label2\" content=\"Est. reading time\" \/>\n\t<meta name=\"twitter:data2\" content=\"3 minutes\" \/>\n<script type=\"application\/ld+json\" class=\"yoast-schema-graph\">{\"@context\":\"https:\\\/\\\/schema.org\",\"@graph\":[{\"@type\":\"Article\",\"@id\":\"https:\\\/\\\/fjala.info\\\/2009-2015\\\/po-ku-eshte-ldk-ja-sot\\\/#article\",\"isPartOf\":{\"@id\":\"https:\\\/\\\/fjala.info\\\/2009-2015\\\/po-ku-eshte-ldk-ja-sot\\\/\"},\"author\":{\"name\":\"admin\",\"@id\":\"https:\\\/\\\/fjala.info\\\/2009-2015\\\/#\\\/schema\\\/person\\\/3aa1163ef05469c496fc94e77611ada2\"},\"headline\":\"PO KU \u00cbSHT\u00cb LDK-JA SOT?\",\"datePublished\":\"2011-12-27T08:10:23+00:00\",\"mainEntityOfPage\":{\"@id\":\"https:\\\/\\\/fjala.info\\\/2009-2015\\\/po-ku-eshte-ldk-ja-sot\\\/\"},\"wordCount\":642,\"commentCount\":0,\"publisher\":{\"@id\":\"https:\\\/\\\/fjala.info\\\/2009-2015\\\/#organization\"},\"image\":{\"@id\":\"https:\\\/\\\/fjala.info\\\/2009-2015\\\/po-ku-eshte-ldk-ja-sot\\\/#primaryimage\"},\"thumbnailUrl\":\"http:\\\/\\\/www.shkoder.net\\\/images\\\/fjala\\\/2011\\\/shd_ldk_liber.jpg\",\"articleSection\":[\"Artikuj\"],\"inLanguage\":\"sq-AL\",\"potentialAction\":[{\"@type\":\"CommentAction\",\"name\":\"Comment\",\"target\":[\"https:\\\/\\\/fjala.info\\\/2009-2015\\\/po-ku-eshte-ldk-ja-sot\\\/#respond\"]}]},{\"@type\":\"WebPage\",\"@id\":\"https:\\\/\\\/fjala.info\\\/2009-2015\\\/po-ku-eshte-ldk-ja-sot\\\/\",\"url\":\"https:\\\/\\\/fjala.info\\\/2009-2015\\\/po-ku-eshte-ldk-ja-sot\\\/\",\"name\":\"PO KU \u00cbSHT\u00cb LDK-JA SOT? - FjALA e LIR\u00cb - Arkivi\",\"isPartOf\":{\"@id\":\"https:\\\/\\\/fjala.info\\\/2009-2015\\\/#website\"},\"primaryImageOfPage\":{\"@id\":\"https:\\\/\\\/fjala.info\\\/2009-2015\\\/po-ku-eshte-ldk-ja-sot\\\/#primaryimage\"},\"image\":{\"@id\":\"https:\\\/\\\/fjala.info\\\/2009-2015\\\/po-ku-eshte-ldk-ja-sot\\\/#primaryimage\"},\"thumbnailUrl\":\"http:\\\/\\\/www.shkoder.net\\\/images\\\/fjala\\\/2011\\\/shd_ldk_liber.jpg\",\"datePublished\":\"2011-12-27T08:10:23+00:00\",\"breadcrumb\":{\"@id\":\"https:\\\/\\\/fjala.info\\\/2009-2015\\\/po-ku-eshte-ldk-ja-sot\\\/#breadcrumb\"},\"inLanguage\":\"sq-AL\",\"potentialAction\":[{\"@type\":\"ReadAction\",\"target\":[\"https:\\\/\\\/fjala.info\\\/2009-2015\\\/po-ku-eshte-ldk-ja-sot\\\/\"]}]},{\"@type\":\"ImageObject\",\"inLanguage\":\"sq-AL\",\"@id\":\"https:\\\/\\\/fjala.info\\\/2009-2015\\\/po-ku-eshte-ldk-ja-sot\\\/#primaryimage\",\"url\":\"http:\\\/\\\/www.shkoder.net\\\/images\\\/fjala\\\/2011\\\/shd_ldk_liber.jpg\",\"contentUrl\":\"http:\\\/\\\/www.shkoder.net\\\/images\\\/fjala\\\/2011\\\/shd_ldk_liber.jpg\"},{\"@type\":\"BreadcrumbList\",\"@id\":\"https:\\\/\\\/fjala.info\\\/2009-2015\\\/po-ku-eshte-ldk-ja-sot\\\/#breadcrumb\",\"itemListElement\":[{\"@type\":\"ListItem\",\"position\":1,\"name\":\"Home\",\"item\":\"https:\\\/\\\/fjala.info\\\/2009-2015\\\/\"},{\"@type\":\"ListItem\",\"position\":2,\"name\":\"PO KU \u00cbSHT\u00cb LDK-JA SOT?\"}]},{\"@type\":\"WebSite\",\"@id\":\"https:\\\/\\\/fjala.info\\\/2009-2015\\\/#website\",\"url\":\"https:\\\/\\\/fjala.info\\\/2009-2015\\\/\",\"name\":\"FjALA e LIR\u00cb - Arkivi\",\"description\":\"Arkivi 2009-2015\",\"publisher\":{\"@id\":\"https:\\\/\\\/fjala.info\\\/2009-2015\\\/#organization\"},\"potentialAction\":[{\"@type\":\"SearchAction\",\"target\":{\"@type\":\"EntryPoint\",\"urlTemplate\":\"https:\\\/\\\/fjala.info\\\/2009-2015\\\/?s={search_term_string}\"},\"query-input\":{\"@type\":\"PropertyValueSpecification\",\"valueRequired\":true,\"valueName\":\"search_term_string\"}}],\"inLanguage\":\"sq-AL\"},{\"@type\":\"Organization\",\"@id\":\"https:\\\/\\\/fjala.info\\\/2009-2015\\\/#organization\",\"name\":\"FjALA e LIR\u00cb - Arkivi\",\"url\":\"https:\\\/\\\/fjala.info\\\/2009-2015\\\/\",\"logo\":{\"@type\":\"ImageObject\",\"inLanguage\":\"sq-AL\",\"@id\":\"https:\\\/\\\/fjala.info\\\/2009-2015\\\/#\\\/schema\\\/logo\\\/image\\\/\",\"url\":\"\",\"contentUrl\":\"\",\"caption\":\"FjALA e LIR\u00cb - Arkivi\"},\"image\":{\"@id\":\"https:\\\/\\\/fjala.info\\\/2009-2015\\\/#\\\/schema\\\/logo\\\/image\\\/\"}},{\"@type\":\"Person\",\"@id\":\"https:\\\/\\\/fjala.info\\\/2009-2015\\\/#\\\/schema\\\/person\\\/3aa1163ef05469c496fc94e77611ada2\",\"name\":\"admin\",\"image\":{\"@type\":\"ImageObject\",\"inLanguage\":\"sq-AL\",\"@id\":\"https:\\\/\\\/fjala.info\\\/2009-2015\\\/wp-content\\\/uploads\\\/2012\\\/02\\\/arben_cokaj-120x150.jpg\",\"url\":\"https:\\\/\\\/fjala.info\\\/2009-2015\\\/wp-content\\\/uploads\\\/2012\\\/02\\\/arben_cokaj-120x150.jpg\",\"contentUrl\":\"https:\\\/\\\/fjala.info\\\/2009-2015\\\/wp-content\\\/uploads\\\/2012\\\/02\\\/arben_cokaj-120x150.jpg\",\"caption\":\"admin\"},\"description\":\"Admin, Fjala e Lir\u00eb\",\"sameAs\":[\"https:\\\/\\\/fjala.info\\\/\"],\"url\":\"https:\\\/\\\/fjala.info\\\/2009-2015\\\/author\\\/admin\\\/\"}]}<\/script>\n<!-- \/ Yoast SEO plugin. -->","yoast_head_json":{"title":"PO KU \u00cbSHT\u00cb LDK-JA SOT? - FjALA e LIR\u00cb - Arkivi","robots":{"index":"index","follow":"follow","max-snippet":"max-snippet:-1","max-image-preview":"max-image-preview:large","max-video-preview":"max-video-preview:-1"},"canonical":"https:\/\/fjala.info\/2009-2015\/po-ku-eshte-ldk-ja-sot\/","og_locale":"sq_AL","og_type":"article","og_title":"PO KU \u00cbSHT\u00cb LDK-JA SOT? - FjALA e LIR\u00cb - Arkivi","og_description":"Fjala e Mr. Zef Ahmetit, Me rastin e promovimit t\u00eb librit &#8220;11 MINUTA PARA OR\u00cbS &#8217;00 ose mirazhi i suksest t\u00eb LDK-s\u00eb &#8220;, t\u00eb Shefqet Dibranit. PO KU \u00cbSHT\u00cb LDK-JA SOT? Sh. Dibrani: \u201e11 MINUTA PARA OR\u00cbS `00 ose mirazhi i suksesit t\u00eb LDK-s\u00eb\u201c, Prishtin\u00eb 2011. Dibrani, jep nj\u00eb risi n\u00eb sken\u00ebn politike t\u00eb Kosov\u00ebs. [&hellip;]","og_url":"https:\/\/fjala.info\/2009-2015\/po-ku-eshte-ldk-ja-sot\/","og_site_name":"FjALA e LIR\u00cb - Arkivi","article_published_time":"2011-12-27T08:10:23+00:00","og_image":[{"url":"http:\/\/www.shkoder.net\/images\/fjala\/2011\/shd_ldk_liber.jpg","type":"","width":"","height":""}],"author":"admin","twitter_card":"summary_large_image","twitter_misc":{"Written by":"admin","Est. reading time":"3 minutes"},"schema":{"@context":"https:\/\/schema.org","@graph":[{"@type":"Article","@id":"https:\/\/fjala.info\/2009-2015\/po-ku-eshte-ldk-ja-sot\/#article","isPartOf":{"@id":"https:\/\/fjala.info\/2009-2015\/po-ku-eshte-ldk-ja-sot\/"},"author":{"name":"admin","@id":"https:\/\/fjala.info\/2009-2015\/#\/schema\/person\/3aa1163ef05469c496fc94e77611ada2"},"headline":"PO KU \u00cbSHT\u00cb LDK-JA SOT?","datePublished":"2011-12-27T08:10:23+00:00","mainEntityOfPage":{"@id":"https:\/\/fjala.info\/2009-2015\/po-ku-eshte-ldk-ja-sot\/"},"wordCount":642,"commentCount":0,"publisher":{"@id":"https:\/\/fjala.info\/2009-2015\/#organization"},"image":{"@id":"https:\/\/fjala.info\/2009-2015\/po-ku-eshte-ldk-ja-sot\/#primaryimage"},"thumbnailUrl":"http:\/\/www.shkoder.net\/images\/fjala\/2011\/shd_ldk_liber.jpg","articleSection":["Artikuj"],"inLanguage":"sq-AL","potentialAction":[{"@type":"CommentAction","name":"Comment","target":["https:\/\/fjala.info\/2009-2015\/po-ku-eshte-ldk-ja-sot\/#respond"]}]},{"@type":"WebPage","@id":"https:\/\/fjala.info\/2009-2015\/po-ku-eshte-ldk-ja-sot\/","url":"https:\/\/fjala.info\/2009-2015\/po-ku-eshte-ldk-ja-sot\/","name":"PO KU \u00cbSHT\u00cb LDK-JA SOT? - FjALA e LIR\u00cb - Arkivi","isPartOf":{"@id":"https:\/\/fjala.info\/2009-2015\/#website"},"primaryImageOfPage":{"@id":"https:\/\/fjala.info\/2009-2015\/po-ku-eshte-ldk-ja-sot\/#primaryimage"},"image":{"@id":"https:\/\/fjala.info\/2009-2015\/po-ku-eshte-ldk-ja-sot\/#primaryimage"},"thumbnailUrl":"http:\/\/www.shkoder.net\/images\/fjala\/2011\/shd_ldk_liber.jpg","datePublished":"2011-12-27T08:10:23+00:00","breadcrumb":{"@id":"https:\/\/fjala.info\/2009-2015\/po-ku-eshte-ldk-ja-sot\/#breadcrumb"},"inLanguage":"sq-AL","potentialAction":[{"@type":"ReadAction","target":["https:\/\/fjala.info\/2009-2015\/po-ku-eshte-ldk-ja-sot\/"]}]},{"@type":"ImageObject","inLanguage":"sq-AL","@id":"https:\/\/fjala.info\/2009-2015\/po-ku-eshte-ldk-ja-sot\/#primaryimage","url":"http:\/\/www.shkoder.net\/images\/fjala\/2011\/shd_ldk_liber.jpg","contentUrl":"http:\/\/www.shkoder.net\/images\/fjala\/2011\/shd_ldk_liber.jpg"},{"@type":"BreadcrumbList","@id":"https:\/\/fjala.info\/2009-2015\/po-ku-eshte-ldk-ja-sot\/#breadcrumb","itemListElement":[{"@type":"ListItem","position":1,"name":"Home","item":"https:\/\/fjala.info\/2009-2015\/"},{"@type":"ListItem","position":2,"name":"PO KU \u00cbSHT\u00cb LDK-JA SOT?"}]},{"@type":"WebSite","@id":"https:\/\/fjala.info\/2009-2015\/#website","url":"https:\/\/fjala.info\/2009-2015\/","name":"FjALA e LIR\u00cb - Arkivi","description":"Arkivi 2009-2015","publisher":{"@id":"https:\/\/fjala.info\/2009-2015\/#organization"},"potentialAction":[{"@type":"SearchAction","target":{"@type":"EntryPoint","urlTemplate":"https:\/\/fjala.info\/2009-2015\/?s={search_term_string}"},"query-input":{"@type":"PropertyValueSpecification","valueRequired":true,"valueName":"search_term_string"}}],"inLanguage":"sq-AL"},{"@type":"Organization","@id":"https:\/\/fjala.info\/2009-2015\/#organization","name":"FjALA e LIR\u00cb - Arkivi","url":"https:\/\/fjala.info\/2009-2015\/","logo":{"@type":"ImageObject","inLanguage":"sq-AL","@id":"https:\/\/fjala.info\/2009-2015\/#\/schema\/logo\/image\/","url":"","contentUrl":"","caption":"FjALA e LIR\u00cb - Arkivi"},"image":{"@id":"https:\/\/fjala.info\/2009-2015\/#\/schema\/logo\/image\/"}},{"@type":"Person","@id":"https:\/\/fjala.info\/2009-2015\/#\/schema\/person\/3aa1163ef05469c496fc94e77611ada2","name":"admin","image":{"@type":"ImageObject","inLanguage":"sq-AL","@id":"https:\/\/fjala.info\/2009-2015\/wp-content\/uploads\/2012\/02\/arben_cokaj-120x150.jpg","url":"https:\/\/fjala.info\/2009-2015\/wp-content\/uploads\/2012\/02\/arben_cokaj-120x150.jpg","contentUrl":"https:\/\/fjala.info\/2009-2015\/wp-content\/uploads\/2012\/02\/arben_cokaj-120x150.jpg","caption":"admin"},"description":"Admin, Fjala e Lir\u00eb","sameAs":["https:\/\/fjala.info\/"],"url":"https:\/\/fjala.info\/2009-2015\/author\/admin\/"}]}},"_links":{"self":[{"href":"https:\/\/fjala.info\/2009-2015\/wp-json\/wp\/v2\/posts\/820","targetHints":{"allow":["GET"]}}],"collection":[{"href":"https:\/\/fjala.info\/2009-2015\/wp-json\/wp\/v2\/posts"}],"about":[{"href":"https:\/\/fjala.info\/2009-2015\/wp-json\/wp\/v2\/types\/post"}],"author":[{"embeddable":true,"href":"https:\/\/fjala.info\/2009-2015\/wp-json\/wp\/v2\/users\/1"}],"replies":[{"embeddable":true,"href":"https:\/\/fjala.info\/2009-2015\/wp-json\/wp\/v2\/comments?post=820"}],"version-history":[{"count":0,"href":"https:\/\/fjala.info\/2009-2015\/wp-json\/wp\/v2\/posts\/820\/revisions"}],"wp:attachment":[{"href":"https:\/\/fjala.info\/2009-2015\/wp-json\/wp\/v2\/media?parent=820"}],"wp:term":[{"taxonomy":"category","embeddable":true,"href":"https:\/\/fjala.info\/2009-2015\/wp-json\/wp\/v2\/categories?post=820"},{"taxonomy":"post_tag","embeddable":true,"href":"https:\/\/fjala.info\/2009-2015\/wp-json\/wp\/v2\/tags?post=820"}],"curies":[{"name":"wp","href":"https:\/\/api.w.org\/{rel}","templated":true}]}}