{"id":799,"date":"2011-12-26T23:28:23","date_gmt":"2011-12-26T22:28:23","guid":{"rendered":"http:\/\/fjala.shkoder.net\/?p=799"},"modified":"2011-12-26T23:28:23","modified_gmt":"2011-12-26T22:28:23","slug":"berisha-kunder-bashkimit-shqiperi-kosove","status":"publish","type":"post","link":"https:\/\/fjala.info\/2009-2015\/berisha-kunder-bashkimit-shqiperi-kosove\/","title":{"rendered":"Berisha kund\u00ebr bashkimit Shqip\u00ebri &#8211; Kosov\u00eb"},"content":{"rendered":"<p><img decoding=\"async\" class=\"alignright size-thumbnail wp-image-7236\" title=\"Berisha kund\u00ebr bashkimit komb\u00ebtar\" src=\"http:\/\/www.shkoder.net\/images\/fjala\/2011\/berisha_kunder_bashkimit.jpg\" alt=\"\" width=\"300\" \/> <strong>Korresp. 24-ore.com<\/strong>, <em>16.12.2011<\/em><\/p>\n<p>Gjat\u00eb nj\u00eb takimi me student\u00eb nga Kosova, kryeministri i Shqip\u00ebris\u00eb Sali Berisha ka folur edhe mbi mund\u00ebsin\u00eb e bashkimit Shqip\u00ebri-Kosov\u00eb. Ai \u00ebsht\u00eb shprehur kund\u00ebr k\u00ebtij bashkimi, duke th\u00ebn\u00eb se Shqip\u00ebria dhe Kosova do t\u00eb bashkohen n\u00eb Bashkimin Evropian. Ka reaguar menj\u00ebher\u00eb Aleanca Kuq e Zi, e cila thekson se u takon qytetar\u00ebve t\u00eb vendosin n\u00ebse duan apo jo nj\u00eb bashkim mes Shqip\u00ebris\u00eb dhe Kosov\u00ebs dhe jo kryeministrit.<\/p>\n<p>Kreu i qeveris\u00eb shqiptare ka pritur n\u00eb kabinetit e tij nj\u00eb grup student\u00ebsh nga Fakulteti i Edukimit t\u00eb Prishtin\u00ebs, me \u00e7\u2019rast edhe pse vler\u00ebsoi se populli shqiptar \u00ebsht\u00eb i ndar\u00eb n\u00eb m\u00ebnyr\u00eb t\u00eb padrejt\u00eb, ai tha e Shqip\u00ebria dhe Kosova duhet t\u00eb bashkohen n\u00eb BE. Duke theksuar se pavar\u00ebsia e Kosov\u00ebs \u00ebsht\u00eb arritja m\u00eb e madhe e shqiptar\u00ebve, kryeministri Berisha tha se ndryshimi i kufijve ekzistues rrezikon humbjen e territoreve. \u201c<em>Interesi m\u00eb i mir\u00eb i shqiptar\u00ebve \u00ebsht\u00eb ruajtja e kufijve ekzistues. Shqip\u00ebria dhe Kosova do t\u00eb bashkohen n\u00eb BE, nuk mund t\u00eb rrezikojm\u00eb humbjen e territoreve<\/em>\u201d, tha Berisha. <\/p>\n<p>P\u00ebr k\u00ebt\u00eb deklarat\u00eb t\u00eb Berish\u00ebs ka reaguar menj\u00ebher\u00eb Aleanca Kuqezi. N\u00eb nj\u00eb deklarat\u00eb p\u00ebr shtyp t\u00eb Aleanc\u00ebs theksohet se u takon qytetar\u00ebve t\u00eb vendosin, n\u00ebse duan apo jo nj\u00eb bashkim mes Shqip\u00ebris\u00eb dhe Kosov\u00ebs. \u201c<em>Parimi i vet\u00ebvendosjes \u00ebsht\u00eb p\u00ebr popullin, jo p\u00ebr qeverit\u00eb<\/em>\u201d, theksohet n\u00eb reagimin e Aleanc\u00ebs Kuq e Zi.<\/p>\n","protected":false},"excerpt":{"rendered":"<p>Korresp. 24-ore.com, 16.12.2011 Gjat\u00eb nj\u00eb takimi me student\u00eb nga Kosova, kryeministri i Shqip\u00ebris\u00eb Sali Berisha ka folur edhe mbi mund\u00ebsin\u00eb e bashkimit Shqip\u00ebri-Kosov\u00eb. Ai \u00ebsht\u00eb shprehur kund\u00ebr k\u00ebtij bashkimi, duke th\u00ebn\u00eb se Shqip\u00ebria dhe Kosova do t\u00eb bashkohen n\u00eb Bashkimin Evropian. Ka reaguar menj\u00ebher\u00eb Aleanca Kuq e Zi, e cila thekson se u takon qytetar\u00ebve [&hellip;]<\/p>\n","protected":false},"author":1,"featured_media":0,"comment_status":"open","ping_status":"closed","sticky":false,"template":"","format":"standard","meta":{"footnotes":""},"categories":[2],"tags":[],"class_list":{"0":"post-799","1":"post","2":"type-post","3":"status-publish","4":"format-standard","6":"category-artikuj"},"yoast_head":"<!-- This site is optimized with the Yoast SEO plugin v27.4 - https:\/\/yoast.com\/product\/yoast-seo-wordpress\/ -->\n<title>Berisha kund\u00ebr bashkimit Shqip\u00ebri - Kosov\u00eb - FjALA e LIR\u00cb - Arkivi<\/title>\n<meta name=\"robots\" content=\"index, follow, max-snippet:-1, max-image-preview:large, max-video-preview:-1\" \/>\n<link rel=\"canonical\" href=\"https:\/\/fjala.info\/2009-2015\/berisha-kunder-bashkimit-shqiperi-kosove\/\" \/>\n<meta property=\"og:locale\" content=\"sq_AL\" \/>\n<meta property=\"og:type\" content=\"article\" \/>\n<meta property=\"og:title\" content=\"Berisha kund\u00ebr bashkimit Shqip\u00ebri - Kosov\u00eb - FjALA e LIR\u00cb - Arkivi\" \/>\n<meta property=\"og:description\" content=\"Korresp. 24-ore.com, 16.12.2011 Gjat\u00eb nj\u00eb takimi me student\u00eb nga Kosova, kryeministri i Shqip\u00ebris\u00eb Sali Berisha ka folur edhe mbi mund\u00ebsin\u00eb e bashkimit Shqip\u00ebri-Kosov\u00eb. Ai \u00ebsht\u00eb shprehur kund\u00ebr k\u00ebtij bashkimi, duke th\u00ebn\u00eb se Shqip\u00ebria dhe Kosova do t\u00eb bashkohen n\u00eb Bashkimin Evropian. Ka reaguar menj\u00ebher\u00eb Aleanca Kuq e Zi, e cila thekson se u takon qytetar\u00ebve [&hellip;]\" \/>\n<meta property=\"og:url\" content=\"https:\/\/fjala.info\/2009-2015\/berisha-kunder-bashkimit-shqiperi-kosove\/\" \/>\n<meta property=\"og:site_name\" content=\"FjALA e LIR\u00cb - Arkivi\" \/>\n<meta property=\"article:published_time\" content=\"2011-12-26T22:28:23+00:00\" \/>\n<meta property=\"og:image\" content=\"http:\/\/www.shkoder.net\/images\/fjala\/2011\/berisha_kunder_bashkimit.jpg\" \/>\n<meta name=\"author\" content=\"admin\" \/>\n<meta name=\"twitter:card\" content=\"summary_large_image\" \/>\n<meta name=\"twitter:label1\" content=\"Written by\" \/>\n\t<meta name=\"twitter:data1\" content=\"admin\" \/>\n\t<meta name=\"twitter:label2\" content=\"Est. reading time\" \/>\n\t<meta name=\"twitter:data2\" content=\"1 minute\" \/>\n<script type=\"application\/ld+json\" class=\"yoast-schema-graph\">{\"@context\":\"https:\\\/\\\/schema.org\",\"@graph\":[{\"@type\":\"Article\",\"@id\":\"https:\\\/\\\/fjala.info\\\/2009-2015\\\/berisha-kunder-bashkimit-shqiperi-kosove\\\/#article\",\"isPartOf\":{\"@id\":\"https:\\\/\\\/fjala.info\\\/2009-2015\\\/berisha-kunder-bashkimit-shqiperi-kosove\\\/\"},\"author\":{\"name\":\"admin\",\"@id\":\"https:\\\/\\\/fjala.info\\\/2009-2015\\\/#\\\/schema\\\/person\\\/3aa1163ef05469c496fc94e77611ada2\"},\"headline\":\"Berisha kund\u00ebr bashkimit Shqip\u00ebri &#8211; Kosov\u00eb\",\"datePublished\":\"2011-12-26T22:28:23+00:00\",\"mainEntityOfPage\":{\"@id\":\"https:\\\/\\\/fjala.info\\\/2009-2015\\\/berisha-kunder-bashkimit-shqiperi-kosove\\\/\"},\"wordCount\":263,\"commentCount\":0,\"publisher\":{\"@id\":\"https:\\\/\\\/fjala.info\\\/2009-2015\\\/#organization\"},\"image\":{\"@id\":\"https:\\\/\\\/fjala.info\\\/2009-2015\\\/berisha-kunder-bashkimit-shqiperi-kosove\\\/#primaryimage\"},\"thumbnailUrl\":\"http:\\\/\\\/www.shkoder.net\\\/images\\\/fjala\\\/2011\\\/berisha_kunder_bashkimit.jpg\",\"articleSection\":[\"Artikuj\"],\"inLanguage\":\"sq-AL\",\"potentialAction\":[{\"@type\":\"CommentAction\",\"name\":\"Comment\",\"target\":[\"https:\\\/\\\/fjala.info\\\/2009-2015\\\/berisha-kunder-bashkimit-shqiperi-kosove\\\/#respond\"]}]},{\"@type\":\"WebPage\",\"@id\":\"https:\\\/\\\/fjala.info\\\/2009-2015\\\/berisha-kunder-bashkimit-shqiperi-kosove\\\/\",\"url\":\"https:\\\/\\\/fjala.info\\\/2009-2015\\\/berisha-kunder-bashkimit-shqiperi-kosove\\\/\",\"name\":\"Berisha kund\u00ebr bashkimit Shqip\u00ebri - Kosov\u00eb - FjALA e LIR\u00cb - Arkivi\",\"isPartOf\":{\"@id\":\"https:\\\/\\\/fjala.info\\\/2009-2015\\\/#website\"},\"primaryImageOfPage\":{\"@id\":\"https:\\\/\\\/fjala.info\\\/2009-2015\\\/berisha-kunder-bashkimit-shqiperi-kosove\\\/#primaryimage\"},\"image\":{\"@id\":\"https:\\\/\\\/fjala.info\\\/2009-2015\\\/berisha-kunder-bashkimit-shqiperi-kosove\\\/#primaryimage\"},\"thumbnailUrl\":\"http:\\\/\\\/www.shkoder.net\\\/images\\\/fjala\\\/2011\\\/berisha_kunder_bashkimit.jpg\",\"datePublished\":\"2011-12-26T22:28:23+00:00\",\"breadcrumb\":{\"@id\":\"https:\\\/\\\/fjala.info\\\/2009-2015\\\/berisha-kunder-bashkimit-shqiperi-kosove\\\/#breadcrumb\"},\"inLanguage\":\"sq-AL\",\"potentialAction\":[{\"@type\":\"ReadAction\",\"target\":[\"https:\\\/\\\/fjala.info\\\/2009-2015\\\/berisha-kunder-bashkimit-shqiperi-kosove\\\/\"]}]},{\"@type\":\"ImageObject\",\"inLanguage\":\"sq-AL\",\"@id\":\"https:\\\/\\\/fjala.info\\\/2009-2015\\\/berisha-kunder-bashkimit-shqiperi-kosove\\\/#primaryimage\",\"url\":\"http:\\\/\\\/www.shkoder.net\\\/images\\\/fjala\\\/2011\\\/berisha_kunder_bashkimit.jpg\",\"contentUrl\":\"http:\\\/\\\/www.shkoder.net\\\/images\\\/fjala\\\/2011\\\/berisha_kunder_bashkimit.jpg\"},{\"@type\":\"BreadcrumbList\",\"@id\":\"https:\\\/\\\/fjala.info\\\/2009-2015\\\/berisha-kunder-bashkimit-shqiperi-kosove\\\/#breadcrumb\",\"itemListElement\":[{\"@type\":\"ListItem\",\"position\":1,\"name\":\"Home\",\"item\":\"https:\\\/\\\/fjala.info\\\/2009-2015\\\/\"},{\"@type\":\"ListItem\",\"position\":2,\"name\":\"Berisha kund\u00ebr bashkimit Shqip\u00ebri &#8211; Kosov\u00eb\"}]},{\"@type\":\"WebSite\",\"@id\":\"https:\\\/\\\/fjala.info\\\/2009-2015\\\/#website\",\"url\":\"https:\\\/\\\/fjala.info\\\/2009-2015\\\/\",\"name\":\"FjALA e LIR\u00cb - Arkivi\",\"description\":\"Arkivi 2009-2015\",\"publisher\":{\"@id\":\"https:\\\/\\\/fjala.info\\\/2009-2015\\\/#organization\"},\"potentialAction\":[{\"@type\":\"SearchAction\",\"target\":{\"@type\":\"EntryPoint\",\"urlTemplate\":\"https:\\\/\\\/fjala.info\\\/2009-2015\\\/?s={search_term_string}\"},\"query-input\":{\"@type\":\"PropertyValueSpecification\",\"valueRequired\":true,\"valueName\":\"search_term_string\"}}],\"inLanguage\":\"sq-AL\"},{\"@type\":\"Organization\",\"@id\":\"https:\\\/\\\/fjala.info\\\/2009-2015\\\/#organization\",\"name\":\"FjALA e LIR\u00cb - Arkivi\",\"url\":\"https:\\\/\\\/fjala.info\\\/2009-2015\\\/\",\"logo\":{\"@type\":\"ImageObject\",\"inLanguage\":\"sq-AL\",\"@id\":\"https:\\\/\\\/fjala.info\\\/2009-2015\\\/#\\\/schema\\\/logo\\\/image\\\/\",\"url\":\"\",\"contentUrl\":\"\",\"caption\":\"FjALA e LIR\u00cb - Arkivi\"},\"image\":{\"@id\":\"https:\\\/\\\/fjala.info\\\/2009-2015\\\/#\\\/schema\\\/logo\\\/image\\\/\"}},{\"@type\":\"Person\",\"@id\":\"https:\\\/\\\/fjala.info\\\/2009-2015\\\/#\\\/schema\\\/person\\\/3aa1163ef05469c496fc94e77611ada2\",\"name\":\"admin\",\"image\":{\"@type\":\"ImageObject\",\"inLanguage\":\"sq-AL\",\"@id\":\"https:\\\/\\\/fjala.info\\\/2009-2015\\\/wp-content\\\/uploads\\\/2012\\\/02\\\/arben_cokaj-120x150.jpg\",\"url\":\"https:\\\/\\\/fjala.info\\\/2009-2015\\\/wp-content\\\/uploads\\\/2012\\\/02\\\/arben_cokaj-120x150.jpg\",\"contentUrl\":\"https:\\\/\\\/fjala.info\\\/2009-2015\\\/wp-content\\\/uploads\\\/2012\\\/02\\\/arben_cokaj-120x150.jpg\",\"caption\":\"admin\"},\"description\":\"Admin, Fjala e Lir\u00eb\",\"sameAs\":[\"https:\\\/\\\/fjala.info\\\/\"],\"url\":\"https:\\\/\\\/fjala.info\\\/2009-2015\\\/author\\\/admin\\\/\"}]}<\/script>\n<!-- \/ Yoast SEO plugin. -->","yoast_head_json":{"title":"Berisha kund\u00ebr bashkimit Shqip\u00ebri - Kosov\u00eb - FjALA e LIR\u00cb - Arkivi","robots":{"index":"index","follow":"follow","max-snippet":"max-snippet:-1","max-image-preview":"max-image-preview:large","max-video-preview":"max-video-preview:-1"},"canonical":"https:\/\/fjala.info\/2009-2015\/berisha-kunder-bashkimit-shqiperi-kosove\/","og_locale":"sq_AL","og_type":"article","og_title":"Berisha kund\u00ebr bashkimit Shqip\u00ebri - Kosov\u00eb - FjALA e LIR\u00cb - Arkivi","og_description":"Korresp. 24-ore.com, 16.12.2011 Gjat\u00eb nj\u00eb takimi me student\u00eb nga Kosova, kryeministri i Shqip\u00ebris\u00eb Sali Berisha ka folur edhe mbi mund\u00ebsin\u00eb e bashkimit Shqip\u00ebri-Kosov\u00eb. Ai \u00ebsht\u00eb shprehur kund\u00ebr k\u00ebtij bashkimi, duke th\u00ebn\u00eb se Shqip\u00ebria dhe Kosova do t\u00eb bashkohen n\u00eb Bashkimin Evropian. Ka reaguar menj\u00ebher\u00eb Aleanca Kuq e Zi, e cila thekson se u takon qytetar\u00ebve [&hellip;]","og_url":"https:\/\/fjala.info\/2009-2015\/berisha-kunder-bashkimit-shqiperi-kosove\/","og_site_name":"FjALA e LIR\u00cb - Arkivi","article_published_time":"2011-12-26T22:28:23+00:00","og_image":[{"url":"http:\/\/www.shkoder.net\/images\/fjala\/2011\/berisha_kunder_bashkimit.jpg","type":"","width":"","height":""}],"author":"admin","twitter_card":"summary_large_image","twitter_misc":{"Written by":"admin","Est. reading time":"1 minute"},"schema":{"@context":"https:\/\/schema.org","@graph":[{"@type":"Article","@id":"https:\/\/fjala.info\/2009-2015\/berisha-kunder-bashkimit-shqiperi-kosove\/#article","isPartOf":{"@id":"https:\/\/fjala.info\/2009-2015\/berisha-kunder-bashkimit-shqiperi-kosove\/"},"author":{"name":"admin","@id":"https:\/\/fjala.info\/2009-2015\/#\/schema\/person\/3aa1163ef05469c496fc94e77611ada2"},"headline":"Berisha kund\u00ebr bashkimit Shqip\u00ebri &#8211; Kosov\u00eb","datePublished":"2011-12-26T22:28:23+00:00","mainEntityOfPage":{"@id":"https:\/\/fjala.info\/2009-2015\/berisha-kunder-bashkimit-shqiperi-kosove\/"},"wordCount":263,"commentCount":0,"publisher":{"@id":"https:\/\/fjala.info\/2009-2015\/#organization"},"image":{"@id":"https:\/\/fjala.info\/2009-2015\/berisha-kunder-bashkimit-shqiperi-kosove\/#primaryimage"},"thumbnailUrl":"http:\/\/www.shkoder.net\/images\/fjala\/2011\/berisha_kunder_bashkimit.jpg","articleSection":["Artikuj"],"inLanguage":"sq-AL","potentialAction":[{"@type":"CommentAction","name":"Comment","target":["https:\/\/fjala.info\/2009-2015\/berisha-kunder-bashkimit-shqiperi-kosove\/#respond"]}]},{"@type":"WebPage","@id":"https:\/\/fjala.info\/2009-2015\/berisha-kunder-bashkimit-shqiperi-kosove\/","url":"https:\/\/fjala.info\/2009-2015\/berisha-kunder-bashkimit-shqiperi-kosove\/","name":"Berisha kund\u00ebr bashkimit Shqip\u00ebri - Kosov\u00eb - FjALA e LIR\u00cb - Arkivi","isPartOf":{"@id":"https:\/\/fjala.info\/2009-2015\/#website"},"primaryImageOfPage":{"@id":"https:\/\/fjala.info\/2009-2015\/berisha-kunder-bashkimit-shqiperi-kosove\/#primaryimage"},"image":{"@id":"https:\/\/fjala.info\/2009-2015\/berisha-kunder-bashkimit-shqiperi-kosove\/#primaryimage"},"thumbnailUrl":"http:\/\/www.shkoder.net\/images\/fjala\/2011\/berisha_kunder_bashkimit.jpg","datePublished":"2011-12-26T22:28:23+00:00","breadcrumb":{"@id":"https:\/\/fjala.info\/2009-2015\/berisha-kunder-bashkimit-shqiperi-kosove\/#breadcrumb"},"inLanguage":"sq-AL","potentialAction":[{"@type":"ReadAction","target":["https:\/\/fjala.info\/2009-2015\/berisha-kunder-bashkimit-shqiperi-kosove\/"]}]},{"@type":"ImageObject","inLanguage":"sq-AL","@id":"https:\/\/fjala.info\/2009-2015\/berisha-kunder-bashkimit-shqiperi-kosove\/#primaryimage","url":"http:\/\/www.shkoder.net\/images\/fjala\/2011\/berisha_kunder_bashkimit.jpg","contentUrl":"http:\/\/www.shkoder.net\/images\/fjala\/2011\/berisha_kunder_bashkimit.jpg"},{"@type":"BreadcrumbList","@id":"https:\/\/fjala.info\/2009-2015\/berisha-kunder-bashkimit-shqiperi-kosove\/#breadcrumb","itemListElement":[{"@type":"ListItem","position":1,"name":"Home","item":"https:\/\/fjala.info\/2009-2015\/"},{"@type":"ListItem","position":2,"name":"Berisha kund\u00ebr bashkimit Shqip\u00ebri &#8211; Kosov\u00eb"}]},{"@type":"WebSite","@id":"https:\/\/fjala.info\/2009-2015\/#website","url":"https:\/\/fjala.info\/2009-2015\/","name":"FjALA e LIR\u00cb - Arkivi","description":"Arkivi 2009-2015","publisher":{"@id":"https:\/\/fjala.info\/2009-2015\/#organization"},"potentialAction":[{"@type":"SearchAction","target":{"@type":"EntryPoint","urlTemplate":"https:\/\/fjala.info\/2009-2015\/?s={search_term_string}"},"query-input":{"@type":"PropertyValueSpecification","valueRequired":true,"valueName":"search_term_string"}}],"inLanguage":"sq-AL"},{"@type":"Organization","@id":"https:\/\/fjala.info\/2009-2015\/#organization","name":"FjALA e LIR\u00cb - Arkivi","url":"https:\/\/fjala.info\/2009-2015\/","logo":{"@type":"ImageObject","inLanguage":"sq-AL","@id":"https:\/\/fjala.info\/2009-2015\/#\/schema\/logo\/image\/","url":"","contentUrl":"","caption":"FjALA e LIR\u00cb - Arkivi"},"image":{"@id":"https:\/\/fjala.info\/2009-2015\/#\/schema\/logo\/image\/"}},{"@type":"Person","@id":"https:\/\/fjala.info\/2009-2015\/#\/schema\/person\/3aa1163ef05469c496fc94e77611ada2","name":"admin","image":{"@type":"ImageObject","inLanguage":"sq-AL","@id":"https:\/\/fjala.info\/2009-2015\/wp-content\/uploads\/2012\/02\/arben_cokaj-120x150.jpg","url":"https:\/\/fjala.info\/2009-2015\/wp-content\/uploads\/2012\/02\/arben_cokaj-120x150.jpg","contentUrl":"https:\/\/fjala.info\/2009-2015\/wp-content\/uploads\/2012\/02\/arben_cokaj-120x150.jpg","caption":"admin"},"description":"Admin, Fjala e Lir\u00eb","sameAs":["https:\/\/fjala.info\/"],"url":"https:\/\/fjala.info\/2009-2015\/author\/admin\/"}]}},"_links":{"self":[{"href":"https:\/\/fjala.info\/2009-2015\/wp-json\/wp\/v2\/posts\/799","targetHints":{"allow":["GET"]}}],"collection":[{"href":"https:\/\/fjala.info\/2009-2015\/wp-json\/wp\/v2\/posts"}],"about":[{"href":"https:\/\/fjala.info\/2009-2015\/wp-json\/wp\/v2\/types\/post"}],"author":[{"embeddable":true,"href":"https:\/\/fjala.info\/2009-2015\/wp-json\/wp\/v2\/users\/1"}],"replies":[{"embeddable":true,"href":"https:\/\/fjala.info\/2009-2015\/wp-json\/wp\/v2\/comments?post=799"}],"version-history":[{"count":0,"href":"https:\/\/fjala.info\/2009-2015\/wp-json\/wp\/v2\/posts\/799\/revisions"}],"wp:attachment":[{"href":"https:\/\/fjala.info\/2009-2015\/wp-json\/wp\/v2\/media?parent=799"}],"wp:term":[{"taxonomy":"category","embeddable":true,"href":"https:\/\/fjala.info\/2009-2015\/wp-json\/wp\/v2\/categories?post=799"},{"taxonomy":"post_tag","embeddable":true,"href":"https:\/\/fjala.info\/2009-2015\/wp-json\/wp\/v2\/tags?post=799"}],"curies":[{"name":"wp","href":"https:\/\/api.w.org\/{rel}","templated":true}]}}