{"id":795,"date":"2011-12-26T22:52:52","date_gmt":"2011-12-26T21:52:52","guid":{"rendered":"http:\/\/fjala.shkoder.net\/?p=795"},"modified":"2011-12-26T22:52:52","modified_gmt":"2011-12-26T21:52:52","slug":"alo-bashkimi","status":"publish","type":"post","link":"https:\/\/fjala.info\/2009-2015\/alo-bashkimi\/","title":{"rendered":"\u201cAlo, Bashkimi?\u201d"},"content":{"rendered":"<p><img decoding=\"async\" class=\"alignright size-thumbnail wp-image-7236\" title=\"Alo Bashkimi\" src=\"http:\/\/www.shkoder.net\/images\/fjala\/2011\/alo_bashkimi.jpg\" alt=\"\" width=\"200\" \/> Nga: <strong>KI\u00c7O BLUSHI<\/strong><\/p>\n<p>N\u00ebse d\u00ebshiron t\u00eb dish cili \u00ebsht\u00eb raporti yn\u00eb i liris\u00eb: Qytetarmedia, pushtet- opozit\u00eb, pluraliz\u00ebm- moniz\u00ebm, parti-krer\u00eb, ligjehalle vetiake e komunitare, kurrkund nuk mund t\u2019i kuptosh m\u00eb mir\u00eb e m\u00eb sakt\u00eb se n\u00eb emisionin: \u201cAlo, Bashkimi?\u201d. E jo vet\u00ebm liria, po edhe n\u00eb \u00e7\u2019nivel maturimi a mjerimi gjendet aktualisht sistemi yn\u00eb demokratik. P\u00ebr k\u00ebt\u00eb nuk \u00ebsht\u00eb e nevojshme t\u00eb d\u00ebgjosh raportet e nd\u00ebrkomb\u00ebtar\u00ebve, t\u00eb shoh\u00ebsh mimik\u00ebn e Fyles e t\u00eb Arvizus\u00eb, t\u00eb studiosh e t\u00eb krahasosh statistikat e INSTAT-it qeveritar, t\u00eb d\u00ebgjosh fjal\u00ebn e p\u00ebrkor\u00eb t\u00eb kryeministrit nj\u00eb her\u00eb n\u00eb qeveri e pastaj edhe n\u00eb grupin parlamentar, t\u00eb l\u00eb\u00e7it\u00ebsh gazetat e t\u00eb p\u00ebrpish ekranet, por mjafton t\u00eb ndjek\u00ebsh nj\u00eb m\u00ebngjes k\u00ebt\u00eb emision t\u00eb shum\u00ebk\u00ebrkuar n\u00eb NEWS 24.<\/p>\n<p>T\u00eb q\u00ebndrosh gjysm\u00eb ore aty ku shqiptar\u00ebt, t\u00eb fshehur n\u00eb anonimat (ndoshta edhe p\u00ebr k\u00ebt\u00eb shkak ata nuk kan\u00eb as droj\u00eb dhe as frik\u00eb!), m\u00ebsyjn\u00eb si jeni\u00e7er\u00eb nj\u00ebri-tjetrin, qeverin\u00eb, opozit\u00ebn, krer\u00ebt pa dallim feje (n\u00eb shumic\u00ebn e rasteve jo pa dallim partie, krahine, rreshtimi, sh\u00ebrbimi e ca m\u00eb pak ideje), duke u derdhur nga t\u00eb kat\u00ebr an\u00ebt, edhe nga jasht\u00eb q\u00eb t\u00eb telefonojn\u00eb sa m\u00eb par\u00eb Bashkimin p\u00ebr t\u2019u rr\u00ebfyer, p\u00ebr t\u00eb d\u00ebshmuar, p\u00ebr t\u00eb kritikuar e p\u00ebr t\u2019u ankuar. Nd\u00ebrsa shumica telefonojn\u00eb p\u00ebr t\u00eb shfryr\u00eb mllefet, dertet, pasionet, gjykimet, paragjykimet, sharjet e mallkimet, hallet e mbihallet, k\u00ebrkesat e ankesat, konfliktet e inatet, p\u00eblqimet dhe mosp\u00eblqimet e nd\u00ebrsjella. O sa mir\u2019 me ken\u2019 shqiptar!<\/p>\n<p>Nd\u00ebr ta ka jo pak mercenar\u00eb t\u00eb instruktuar dhe t\u00eb urdh\u00ebruar nga celulat e organizatave t\u00eb partive t\u00eb lagjeve q\u00eb t\u00eb reagojn\u00eb sa m\u00eb ashp\u00ebr kund\u00ebr armiqve t\u00eb partis\u00eb e t\u00eb liderit p\u00ebrkat\u00ebs, por m\u00eb t\u00eb shumtit jan\u00eb hallexhinj e fakirfukarenj t\u00eb shtyr\u00eb prej nevoj\u00ebs, ndoshta instiktive, p\u00ebr t\u00eb gjetur nj\u00eb \u201ckish\u00eb\u201d, nj\u00eb vend e nj\u00eb person ku mund t\u00eb falen, t\u00eb zbrazen e t\u00eb leht\u00ebsohen sadopak.<\/p>\n<p>Gjithsesi t\u00eb gjith\u00eb telefonojn\u00eb n\u00eb kuturu, n\u00eb hi\u00e7naj\u00eb, n\u00eb eter, edhe pse e din\u00eb fort mir\u00eb q\u00eb k\u00ebsisoj asgj\u00eb nuk mund t\u00eb zgjidhet n\u00eb k\u00ebt\u00eb vend t\u00eb bekuar, ku m\u00eb shum\u00eb se te veprimi vetjak e kolektiv ende besohet, si n\u00eb \u00e7do parashoq\u00ebri, te yshtjet, te mrekullit\u00eb, te Zoti, te fati, te n\u00ebmosjet e mallkimet q\u00eb kryhen n\u00ebp\u00ebrmjet fjal\u00ebve, ekraneve, n\u2019da\u00e7 edhe internetit, t\u00eb hedhura e t\u00eb th\u00ebna n\u00eb shumic\u00ebn e her\u00ebs me p\u00ebr\u00e7artje dhe urrejtje t\u00eb nd\u00ebrsjell\u00eb.<\/p>\n<p>Nuk ka hap\u00ebsir\u00eb mediatike m\u00eb spontane e m\u00eb t\u00eb pakontrolluar se ekrani i nj\u00eb TV t\u00eb hapur katekat p\u00ebr \u201cz\u00ebrin e qytetar\u00ebve\u201d anonim\u00eb, ku \u00e7do m\u00ebngjes b\u00ebhet lavazhi i trurit n\u00eb nj\u00eb lavatri\u00e7e t\u00eb gatshme, t\u00eb palodhur dhe e t\u00eb mrekullueshme, ku si n\u00eb nj\u00eb derdhje t\u00eb beft\u00eb p\u00ebrroi mund t\u00eb kuptohet leht\u00ebsisht se fytyra e v\u00ebrtet\u00eb e shoq\u00ebris\u00eb son\u00eb \u00ebsht\u00eb konfliktuale, moskomunikuese, hallemadhe, p\u00ebrher\u00eb problematike.<\/p>\n<p>\u201cAlo, Bashkimi?\u201d n\u00eb t\u00eb v\u00ebrtet\u00eb \u00ebsht\u00eb shprehja m\u00eb e spikatur e pafuqis\u00eb s\u00eb qytetarit t\u00eb sot\u00ebm rural, n\u2019da\u00e7 edhe urban, q\u00eb e kupton m\u00eb n\u00eb fund se ka mbetur n\u00eb mes t\u00eb kat\u00ebr rrug\u00ebve, pa asnj\u00eb shpres\u00eb se mund t\u00eb zgjidhen hallet e veta, ca m\u00eb tep\u00ebr ato t\u00eb komunitetit, n\u00eb dyert e shtetit, n\u00eb zyrat e qeveris\u00eb, tek t\u00eb zgjedhurit me \u201cvota t\u00eb lira e demokratike\u201d, ca m\u00eb pak te organet e Drejt\u00ebsis\u00eb (s\u00eb padrejt\u00ebsis\u00eb). Ata q\u00eb telefonojn\u00eb te Bashkimi p\u00ebr t\u00eb qar\u00eb hallin jan\u00eb njer\u00ebz t\u00eb d\u00ebshp\u00ebruar q\u00eb e kan\u00eb provuar m\u00eb se nj\u00eb her\u00eb n\u00eb kurrizin e tyre se tek ne halli nuk mund t\u00eb zgjidhet n\u00eb rrug\u00eb \u201cinstitucionale\u201d, aq m\u00eb pak duke u mb\u00ebshtetur te fuqia e trysnia e bashk\u00ebsis\u00eb, e bashk\u00ebveprimit n\u00eb komunitet, me ndihm\u00ebn e atij q\u00eb n\u00eb bot\u00ebn demokratike quhet opinion publik, por vet\u00ebm me nepotiz\u00ebm, me klienteliz\u00ebm partiak e fisnor, e, mbi t\u00eb gjitha, me ryshfet.<\/p>\n<p>\u201cAlo, Bashkimi?\u201d \u00ebsht\u00eb nj\u00eb prov\u00eb kok\u00ebfort\u00eb q\u00eb \u00e7do m\u00ebngjes d\u00ebshmon, sa hap syt\u00eb, se edhe njer\u00ebzia e k\u00ebtij dymij\u00ebvje\u00e7ari t\u00eb ri nuk kan\u00eb besim te nj\u00ebri-tjetri dhe as te partit\u00eb e lider\u00ebt e tyre, si struktura sociale t\u00eb shpikura enkas p\u00ebr t\u00eb mund\u00ebsuar veprime e q\u00ebllime sipas interesave t\u00eb p\u00ebrbashk\u00ebta. Ironia \u00ebsht\u00eb se duket sikur, habit\u00ebrisht telefonuesit kan\u00eb m\u00eb shum\u00eb besim te Bashkimi, se te qeveria e tyre e zgjedhur n\u00eb m\u00ebnyr\u00eb demokratike.<\/p>\n<p>Nuk kan\u00eb pun\u00eb, nuk kan\u00eb uj\u00eb, nuk kan\u00eb drita, nuk kan\u00eb ila\u00e7e, nuk kan\u00eb shpres\u00eb, nuk as ka shp\u00ebrblim fundviti p\u00ebr pensionist\u00ebt, nuk jan\u00eb kthyer pronat, nuk u \u00ebsht\u00eb dh\u00ebn\u00eb vjet\u00ebrsia ushtarak\u00ebve etj etj. T\u00eb gjitha k\u00ebto halle p\u00ebrmbi halle qahen e bien, si rrebesh, \u00e7do m\u00ebngjes mbi supet dhe mbi durimin e Bashkimit. Aq sa ky nuk gjen rrug\u00eb tjet\u00ebr ve\u00e7se t\u00eb pranoj\u00eb modestisht se nuk ka asnj\u00eb mund\u00ebsi dhe as fuqi t\u2019ua zgjidh\u00eb hallet, p\u00ebrve\u00e7 se t\u2019i d\u00ebgjoj\u00eb e t\u2019i toleroj\u00eb jo m\u00eb shum\u00eb se dy minuta. Kush k\u00ebmb\u00ebngul, detyrohet, t\u2019u tregoj\u00eb der\u00ebn ku duhet t\u00eb trokasin e n\u00eb mosdurim, edhe ta mbyll\u00eb bashk\u00ebbised\u00ebn.<\/p>\n<p>E pra, rr\u00ebfimi i qytetar\u00ebve te Bashkimi nuk justifikohet dot me enigm\u00ebn mistike t\u00eb nj\u00eb prifti katolik, i cili teksa i d\u00ebgjon pas kafazit besimtar\u00ebt e tij mban gjall\u00eb shpres\u00ebn se fjal\u00ebn e tyre, t\u00eb m\u00ebkatarit apo t\u00eb d\u00ebshp\u00ebruarit, ka p\u00ebr ta \u00e7uar te veshi i Zotit. Nd\u00ebrsa Bashkimi, sa her\u00eb mbetet ngusht\u00eb, detyrohet t\u00eb thot\u00eb af\u00ebrsisht k\u00ebto fjal\u00eb: Po pse nuk e k\u00ebrkoni zgjidhjen te organet p\u00ebrkat\u00ebse? Po te cilat organe p\u00ebrkat\u00ebse, o Bashkim, tek ato q\u00eb e kan\u00eb krijuar problemin? Absurdi \u00ebsht\u00eb se qytetar\u00ebt, sado t\u00eb mefsht\u00eb t\u00eb jen\u00eb, e din\u00eb fort mir\u00eb q\u00eb jo vet\u00ebm Bashkimi, po as Avokati i Popullit, i cili u zgjodh k\u00ebto dit\u00eb me konsensus, as Helsinki dhe as dhjet\u00ebra OJF p\u00ebr \u201cgrat\u00eb e dhunuara\u201d, nuk mund t\u2019u japin dum halleve e problemeve q\u00eb ata kan\u00eb me organet e drejt\u00ebsis\u00eb, me institucionet qeveritare, me zyrat dhe \u00e7mimet e ujit, t\u00eb telefonis\u00eb, t\u00eb dritave, t\u00eb ila\u00e7eve dhe buk\u00ebs\u2026<\/p>\n<p>* * *<\/p>\n<p>Por \u201cAlo, Bashkimi?\u201d, me sa duket ka mbetur i vetmi ngush\u00ebllim \u201cdemokratik\u201d q\u00eb e b\u00ebn njeriun e zakont\u00eb e t\u00eb pashpres\u00eb t\u00eb besoj\u00eb, ndon\u00ebse naivisht, se ai ka qen\u00eb dhe ka mbetur nj\u00eb atdhetar i vet\u00ebdijsh\u00ebm, i p\u00ebrgjegjsh\u00ebm dhe i nd\u00ebrgjegjsh\u00ebm, sepse ja, shikoni e d\u00ebgjoni o milet se si po guxon t\u00eb ankohet, t\u00eb shaj\u00eb e t\u00eb thot\u00eb publikisht e \u201chapur\u201d t\u00eb v\u00ebrtet\u00ebn e hidhur, duke i provuar k\u00ebsisoj vetes (shum\u00eb shum\u00eb familjes s\u00eb vet, por jo bot\u00ebs, as qeveris\u00eb, madje as asaj q\u00eb quhet shoq\u00ebri civile, derisa k\u00ebt\u00eb akt kund\u00ebrshtie e b\u00ebn n\u00eb anonimitet!) se medemek ai\/ata ndjehen t\u00eb lir\u00eb meq\u00eb shfaqin guxim t\u00eb mjaftuesh\u00ebm t\u00eb kund\u00ebrshtojn\u00eb, t\u00eb flasin e t\u00eb mos pajtohen me zezonat e mbrapshtit\u00eb e pafundme q\u00eb kan\u00eb pllakosur jo vet\u00ebm at\u00eb vet\u00eb, por mbar\u00eb shoq\u00ebrin\u00eb.<\/p>\n<p>Vet\u00ebm se kjo lloj \u201clirie\u201d p\u00ebr t\u00eb llapur nuk ka asnj\u00eb vler\u00eb, se jo vet\u00ebm q\u00eb nuk zgjidh gj\u00eb, por e b\u00ebn kaosin dhe anarkin\u00eb t\u00eb shfaqen e t\u00eb duken si demokraci e mir\u00ebfillt\u00eb, gj\u00eb q\u00eb e rr\u00ebnon edhe m\u00eb tep\u00ebr k\u00ebt\u00eb t\u00eb fundit, duke krijuar nd\u00ebrkoh\u00eb edhe \u201cmjegull\u00ebn\u201d p\u00ebr ujq\u00ebrit pushtetmbajt\u00ebs, t\u00eb cil\u00ebt nj\u00eblloj si pararend\u00ebsit, tjet\u00ebr thon\u00eb, tjet\u00ebr mendojn\u00eb e tjet\u00ebr b\u00ebjn\u00eb. Ne kemi nj\u00eb liri q\u00eb ngrihet mbi balt\u00eb, q\u00eb ushqehet me sharje e shpifje, me g\u00ebnjeshtra e mashtrime, me premtime t\u00eb pambajtura, me iluzione q\u00eb p\u00ebrher\u00eb p\u00ebrfundojn\u00eb n\u00eb kosh t\u00eb plehrave. Kjo lloj lirie shum\u00eb shpjet b\u00ebhet d\u00ebmsjell\u00ebse sepse ajo vlen dhe mban vet\u00ebm dhunuesit, t\u00eb fort\u00ebt, t\u00eb pushtetshmit, oligark\u00ebt, t\u00eb pafytyr\u00ebt. K\u00ebt\u00eb m\u00ebsim-p\u00ebsim nuk \u00ebsht\u00eb hera e par\u00eb dhe as e fundit q\u00eb po e shijojm\u00eb, por nuk v\u00ebm\u00eb mend!<\/p>\n<p>\u201cAlo, Bashkimi?\u201d, par\u00eb me k\u00ebt\u00eb sy, vlen p\u00ebr t\u00eb kuptuar se sa amiant, sa mosp\u00ebrfillje e sa mosd\u00ebgjim \u00ebsht\u00eb hedhur n\u00eb k\u00ebto 21 vjet n\u00eb themelet e demokracis\u00eb ton\u00eb, n\u00eb en\u00ebt komunikonj\u00ebse mes qytetarit dhe pushtetit, mes zgjedh\u00ebsit dhe t\u00eb zgjedhurit, mes shtetit dhe popullit, mes premtimeve elektorale t\u00eb krer\u00ebve dhe zbatimit t\u00eb tyre e n\u00eb k\u00ebt\u00eb rrafsh edhe mes interesit publik dhe atij vetjak. Fjala e mo\u00e7me \u201cqent\u00eb le t\u00eb lehin, karvani shkon p\u00ebrpara\u201d \u00ebsht\u00eb ndoshta fraza m\u00eb e p\u00ebrshtatshme p\u00ebr t\u00eb ilustruar sa m\u00eb sip\u00ebr.<\/p>\n<p>Nj\u00eb merit\u00eb t\u00eb padiskutueshme p\u00ebr \u00e7vler\u00ebsimin e fjal\u00ebs n\u00eb k\u00ebt\u00eb far\u00eb feje ka padyshim Berisha, i cili q\u00eb dit\u00ebn e par\u00eb q\u00eb u shpall kryeminist\u00ebr deklaroi nj\u00eb num\u00ebr telefoni (sot mund t\u00eb quhet loja \u201ctelefoni i prishur\u201d) ku qytetar\u00ebt mund t\u00eb ankoheshin sa t\u00eb d\u00ebshironin, nj\u00ebkoh\u00ebsisht ai dha urdhrin e prer\u00eb q\u00eb ministrat e vart\u00ebsit e tij nuk lejoheshin t\u00eb hidhnin n\u00eb gjyq asnj\u00eb gazetar, \u00e7far\u00ebdo akuze t\u00eb b\u00ebhej ndaj tyre. T\u00eb dy k\u00ebto \u201cvendime\u201d u zbatuan pik\u00eb p\u00ebr pik\u00eb, aq sa tani ato, edhe nga qytetar\u00ebt anonim\u00eb e pa kultur\u00eb q\u00eb telefonojn\u00eb te Bashkimi mund t\u00eb deshifrohen k\u00ebsisoj: Bjerini ju legenit sa t\u00eb doni, ne do t\u00eb b\u00ebjm\u00eb at\u00eb q\u00eb i p\u00eblqen \u201ckomandantit\u201d!<\/p>\n<p>N\u00eb k\u00ebto kushte jo vet\u00ebm ato q\u00eb thuhen \u00e7do m\u00ebngjes te Bashkimi, po edhe shtypi i shkruar, edhe ai q\u00eb quhet pushtet i kat\u00ebrt, bashk\u00eb me opinionin publik, sot jan\u00eb t\u00eb asfiksuar e t\u00eb zhvler\u00ebsuar sepse jan\u00eb nxjerr\u00eb q\u00ebllimisht jasht\u00eb loje e jasht\u00eb funksionit. Ndaj n\u00eb k\u00ebt\u00eb llapaqen\u00ebri pa din e pa iman nuk mbetet tjet\u00ebr ngush\u00ebllim p\u00ebrve\u00e7 se edhe analist\u00ebt, edhe gazetar\u00ebt, edhe t\u00eb varurit e t\u00eb pavarurit e t\u00eb gjitha llojeve e ngjyrave, madje edhe akademik\u00ebt (n\u00ebse ka t\u00eb till\u00eb) t\u2019i telefonojn\u00eb \u00e7do m\u00ebngjes Bashkimit n\u00eb NEWS 24 p\u00ebr t\u00eb lar\u00eb, s\u00eb paku, goj\u00ebn ose nd\u00ebrgjegjen e plagosur.<\/p>\n<p>(<em>Gazeta Shqiptare\/BalkanWeb<\/em>)<\/p>\n","protected":false},"excerpt":{"rendered":"<p>Nga: KI\u00c7O BLUSHI N\u00ebse d\u00ebshiron t\u00eb dish cili \u00ebsht\u00eb raporti yn\u00eb i liris\u00eb: Qytetarmedia, pushtet- opozit\u00eb, pluraliz\u00ebm- moniz\u00ebm, parti-krer\u00eb, ligjehalle vetiake e komunitare, kurrkund nuk mund t\u2019i kuptosh m\u00eb mir\u00eb e m\u00eb sakt\u00eb se n\u00eb emisionin: \u201cAlo, Bashkimi?\u201d. E jo vet\u00ebm liria, po edhe n\u00eb \u00e7\u2019nivel maturimi a mjerimi gjendet aktualisht sistemi yn\u00eb demokratik. P\u00ebr [&hellip;]<\/p>\n","protected":false},"author":1,"featured_media":0,"comment_status":"open","ping_status":"closed","sticky":false,"template":"","format":"standard","meta":{"footnotes":""},"categories":[2],"tags":[],"class_list":{"0":"post-795","1":"post","2":"type-post","3":"status-publish","4":"format-standard","6":"category-artikuj"},"yoast_head":"<!-- This site is optimized with the Yoast SEO plugin v27.4 - https:\/\/yoast.com\/product\/yoast-seo-wordpress\/ -->\n<title>\u201cAlo, Bashkimi?\u201d - FjALA e LIR\u00cb - Arkivi<\/title>\n<meta name=\"robots\" content=\"index, follow, max-snippet:-1, max-image-preview:large, max-video-preview:-1\" \/>\n<link rel=\"canonical\" href=\"https:\/\/fjala.info\/2009-2015\/alo-bashkimi\/\" \/>\n<meta property=\"og:locale\" content=\"sq_AL\" \/>\n<meta property=\"og:type\" content=\"article\" \/>\n<meta property=\"og:title\" content=\"\u201cAlo, Bashkimi?\u201d - FjALA e LIR\u00cb - Arkivi\" \/>\n<meta property=\"og:description\" content=\"Nga: KI\u00c7O BLUSHI N\u00ebse d\u00ebshiron t\u00eb dish cili \u00ebsht\u00eb raporti yn\u00eb i liris\u00eb: Qytetarmedia, pushtet- opozit\u00eb, pluraliz\u00ebm- moniz\u00ebm, parti-krer\u00eb, ligjehalle vetiake e komunitare, kurrkund nuk mund t\u2019i kuptosh m\u00eb mir\u00eb e m\u00eb sakt\u00eb se n\u00eb emisionin: \u201cAlo, Bashkimi?\u201d. E jo vet\u00ebm liria, po edhe n\u00eb \u00e7\u2019nivel maturimi a mjerimi gjendet aktualisht sistemi yn\u00eb demokratik. P\u00ebr [&hellip;]\" \/>\n<meta property=\"og:url\" content=\"https:\/\/fjala.info\/2009-2015\/alo-bashkimi\/\" \/>\n<meta property=\"og:site_name\" content=\"FjALA e LIR\u00cb - Arkivi\" \/>\n<meta property=\"article:published_time\" content=\"2011-12-26T21:52:52+00:00\" \/>\n<meta property=\"og:image\" content=\"http:\/\/www.shkoder.net\/images\/fjala\/2011\/alo_bashkimi.jpg\" \/>\n<meta name=\"author\" content=\"admin\" \/>\n<meta name=\"twitter:card\" content=\"summary_large_image\" \/>\n<meta name=\"twitter:label1\" content=\"Written by\" \/>\n\t<meta name=\"twitter:data1\" content=\"admin\" \/>\n\t<meta name=\"twitter:label2\" content=\"Est. reading time\" \/>\n\t<meta name=\"twitter:data2\" content=\"9 minutes\" \/>\n<script type=\"application\/ld+json\" class=\"yoast-schema-graph\">{\"@context\":\"https:\\\/\\\/schema.org\",\"@graph\":[{\"@type\":\"Article\",\"@id\":\"https:\\\/\\\/fjala.info\\\/2009-2015\\\/alo-bashkimi\\\/#article\",\"isPartOf\":{\"@id\":\"https:\\\/\\\/fjala.info\\\/2009-2015\\\/alo-bashkimi\\\/\"},\"author\":{\"name\":\"admin\",\"@id\":\"https:\\\/\\\/fjala.info\\\/2009-2015\\\/#\\\/schema\\\/person\\\/3aa1163ef05469c496fc94e77611ada2\"},\"headline\":\"\u201cAlo, Bashkimi?\u201d\",\"datePublished\":\"2011-12-26T21:52:52+00:00\",\"mainEntityOfPage\":{\"@id\":\"https:\\\/\\\/fjala.info\\\/2009-2015\\\/alo-bashkimi\\\/\"},\"wordCount\":1789,\"commentCount\":0,\"publisher\":{\"@id\":\"https:\\\/\\\/fjala.info\\\/2009-2015\\\/#organization\"},\"image\":{\"@id\":\"https:\\\/\\\/fjala.info\\\/2009-2015\\\/alo-bashkimi\\\/#primaryimage\"},\"thumbnailUrl\":\"http:\\\/\\\/www.shkoder.net\\\/images\\\/fjala\\\/2011\\\/alo_bashkimi.jpg\",\"articleSection\":[\"Artikuj\"],\"inLanguage\":\"sq-AL\",\"potentialAction\":[{\"@type\":\"CommentAction\",\"name\":\"Comment\",\"target\":[\"https:\\\/\\\/fjala.info\\\/2009-2015\\\/alo-bashkimi\\\/#respond\"]}]},{\"@type\":\"WebPage\",\"@id\":\"https:\\\/\\\/fjala.info\\\/2009-2015\\\/alo-bashkimi\\\/\",\"url\":\"https:\\\/\\\/fjala.info\\\/2009-2015\\\/alo-bashkimi\\\/\",\"name\":\"\u201cAlo, Bashkimi?\u201d - FjALA e LIR\u00cb - Arkivi\",\"isPartOf\":{\"@id\":\"https:\\\/\\\/fjala.info\\\/2009-2015\\\/#website\"},\"primaryImageOfPage\":{\"@id\":\"https:\\\/\\\/fjala.info\\\/2009-2015\\\/alo-bashkimi\\\/#primaryimage\"},\"image\":{\"@id\":\"https:\\\/\\\/fjala.info\\\/2009-2015\\\/alo-bashkimi\\\/#primaryimage\"},\"thumbnailUrl\":\"http:\\\/\\\/www.shkoder.net\\\/images\\\/fjala\\\/2011\\\/alo_bashkimi.jpg\",\"datePublished\":\"2011-12-26T21:52:52+00:00\",\"breadcrumb\":{\"@id\":\"https:\\\/\\\/fjala.info\\\/2009-2015\\\/alo-bashkimi\\\/#breadcrumb\"},\"inLanguage\":\"sq-AL\",\"potentialAction\":[{\"@type\":\"ReadAction\",\"target\":[\"https:\\\/\\\/fjala.info\\\/2009-2015\\\/alo-bashkimi\\\/\"]}]},{\"@type\":\"ImageObject\",\"inLanguage\":\"sq-AL\",\"@id\":\"https:\\\/\\\/fjala.info\\\/2009-2015\\\/alo-bashkimi\\\/#primaryimage\",\"url\":\"http:\\\/\\\/www.shkoder.net\\\/images\\\/fjala\\\/2011\\\/alo_bashkimi.jpg\",\"contentUrl\":\"http:\\\/\\\/www.shkoder.net\\\/images\\\/fjala\\\/2011\\\/alo_bashkimi.jpg\"},{\"@type\":\"BreadcrumbList\",\"@id\":\"https:\\\/\\\/fjala.info\\\/2009-2015\\\/alo-bashkimi\\\/#breadcrumb\",\"itemListElement\":[{\"@type\":\"ListItem\",\"position\":1,\"name\":\"Home\",\"item\":\"https:\\\/\\\/fjala.info\\\/2009-2015\\\/\"},{\"@type\":\"ListItem\",\"position\":2,\"name\":\"\u201cAlo, Bashkimi?\u201d\"}]},{\"@type\":\"WebSite\",\"@id\":\"https:\\\/\\\/fjala.info\\\/2009-2015\\\/#website\",\"url\":\"https:\\\/\\\/fjala.info\\\/2009-2015\\\/\",\"name\":\"FjALA e LIR\u00cb - Arkivi\",\"description\":\"Arkivi 2009-2015\",\"publisher\":{\"@id\":\"https:\\\/\\\/fjala.info\\\/2009-2015\\\/#organization\"},\"potentialAction\":[{\"@type\":\"SearchAction\",\"target\":{\"@type\":\"EntryPoint\",\"urlTemplate\":\"https:\\\/\\\/fjala.info\\\/2009-2015\\\/?s={search_term_string}\"},\"query-input\":{\"@type\":\"PropertyValueSpecification\",\"valueRequired\":true,\"valueName\":\"search_term_string\"}}],\"inLanguage\":\"sq-AL\"},{\"@type\":\"Organization\",\"@id\":\"https:\\\/\\\/fjala.info\\\/2009-2015\\\/#organization\",\"name\":\"FjALA e LIR\u00cb - Arkivi\",\"url\":\"https:\\\/\\\/fjala.info\\\/2009-2015\\\/\",\"logo\":{\"@type\":\"ImageObject\",\"inLanguage\":\"sq-AL\",\"@id\":\"https:\\\/\\\/fjala.info\\\/2009-2015\\\/#\\\/schema\\\/logo\\\/image\\\/\",\"url\":\"\",\"contentUrl\":\"\",\"caption\":\"FjALA e LIR\u00cb - Arkivi\"},\"image\":{\"@id\":\"https:\\\/\\\/fjala.info\\\/2009-2015\\\/#\\\/schema\\\/logo\\\/image\\\/\"}},{\"@type\":\"Person\",\"@id\":\"https:\\\/\\\/fjala.info\\\/2009-2015\\\/#\\\/schema\\\/person\\\/3aa1163ef05469c496fc94e77611ada2\",\"name\":\"admin\",\"image\":{\"@type\":\"ImageObject\",\"inLanguage\":\"sq-AL\",\"@id\":\"https:\\\/\\\/fjala.info\\\/2009-2015\\\/wp-content\\\/uploads\\\/2012\\\/02\\\/arben_cokaj-120x150.jpg\",\"url\":\"https:\\\/\\\/fjala.info\\\/2009-2015\\\/wp-content\\\/uploads\\\/2012\\\/02\\\/arben_cokaj-120x150.jpg\",\"contentUrl\":\"https:\\\/\\\/fjala.info\\\/2009-2015\\\/wp-content\\\/uploads\\\/2012\\\/02\\\/arben_cokaj-120x150.jpg\",\"caption\":\"admin\"},\"description\":\"Admin, Fjala e Lir\u00eb\",\"sameAs\":[\"https:\\\/\\\/fjala.info\\\/\"],\"url\":\"https:\\\/\\\/fjala.info\\\/2009-2015\\\/author\\\/admin\\\/\"}]}<\/script>\n<!-- \/ Yoast SEO plugin. -->","yoast_head_json":{"title":"\u201cAlo, Bashkimi?\u201d - FjALA e LIR\u00cb - Arkivi","robots":{"index":"index","follow":"follow","max-snippet":"max-snippet:-1","max-image-preview":"max-image-preview:large","max-video-preview":"max-video-preview:-1"},"canonical":"https:\/\/fjala.info\/2009-2015\/alo-bashkimi\/","og_locale":"sq_AL","og_type":"article","og_title":"\u201cAlo, Bashkimi?\u201d - FjALA e LIR\u00cb - Arkivi","og_description":"Nga: KI\u00c7O BLUSHI N\u00ebse d\u00ebshiron t\u00eb dish cili \u00ebsht\u00eb raporti yn\u00eb i liris\u00eb: Qytetarmedia, pushtet- opozit\u00eb, pluraliz\u00ebm- moniz\u00ebm, parti-krer\u00eb, ligjehalle vetiake e komunitare, kurrkund nuk mund t\u2019i kuptosh m\u00eb mir\u00eb e m\u00eb sakt\u00eb se n\u00eb emisionin: \u201cAlo, Bashkimi?\u201d. E jo vet\u00ebm liria, po edhe n\u00eb \u00e7\u2019nivel maturimi a mjerimi gjendet aktualisht sistemi yn\u00eb demokratik. P\u00ebr [&hellip;]","og_url":"https:\/\/fjala.info\/2009-2015\/alo-bashkimi\/","og_site_name":"FjALA e LIR\u00cb - Arkivi","article_published_time":"2011-12-26T21:52:52+00:00","og_image":[{"url":"http:\/\/www.shkoder.net\/images\/fjala\/2011\/alo_bashkimi.jpg","type":"","width":"","height":""}],"author":"admin","twitter_card":"summary_large_image","twitter_misc":{"Written by":"admin","Est. reading time":"9 minutes"},"schema":{"@context":"https:\/\/schema.org","@graph":[{"@type":"Article","@id":"https:\/\/fjala.info\/2009-2015\/alo-bashkimi\/#article","isPartOf":{"@id":"https:\/\/fjala.info\/2009-2015\/alo-bashkimi\/"},"author":{"name":"admin","@id":"https:\/\/fjala.info\/2009-2015\/#\/schema\/person\/3aa1163ef05469c496fc94e77611ada2"},"headline":"\u201cAlo, Bashkimi?\u201d","datePublished":"2011-12-26T21:52:52+00:00","mainEntityOfPage":{"@id":"https:\/\/fjala.info\/2009-2015\/alo-bashkimi\/"},"wordCount":1789,"commentCount":0,"publisher":{"@id":"https:\/\/fjala.info\/2009-2015\/#organization"},"image":{"@id":"https:\/\/fjala.info\/2009-2015\/alo-bashkimi\/#primaryimage"},"thumbnailUrl":"http:\/\/www.shkoder.net\/images\/fjala\/2011\/alo_bashkimi.jpg","articleSection":["Artikuj"],"inLanguage":"sq-AL","potentialAction":[{"@type":"CommentAction","name":"Comment","target":["https:\/\/fjala.info\/2009-2015\/alo-bashkimi\/#respond"]}]},{"@type":"WebPage","@id":"https:\/\/fjala.info\/2009-2015\/alo-bashkimi\/","url":"https:\/\/fjala.info\/2009-2015\/alo-bashkimi\/","name":"\u201cAlo, Bashkimi?\u201d - FjALA e LIR\u00cb - Arkivi","isPartOf":{"@id":"https:\/\/fjala.info\/2009-2015\/#website"},"primaryImageOfPage":{"@id":"https:\/\/fjala.info\/2009-2015\/alo-bashkimi\/#primaryimage"},"image":{"@id":"https:\/\/fjala.info\/2009-2015\/alo-bashkimi\/#primaryimage"},"thumbnailUrl":"http:\/\/www.shkoder.net\/images\/fjala\/2011\/alo_bashkimi.jpg","datePublished":"2011-12-26T21:52:52+00:00","breadcrumb":{"@id":"https:\/\/fjala.info\/2009-2015\/alo-bashkimi\/#breadcrumb"},"inLanguage":"sq-AL","potentialAction":[{"@type":"ReadAction","target":["https:\/\/fjala.info\/2009-2015\/alo-bashkimi\/"]}]},{"@type":"ImageObject","inLanguage":"sq-AL","@id":"https:\/\/fjala.info\/2009-2015\/alo-bashkimi\/#primaryimage","url":"http:\/\/www.shkoder.net\/images\/fjala\/2011\/alo_bashkimi.jpg","contentUrl":"http:\/\/www.shkoder.net\/images\/fjala\/2011\/alo_bashkimi.jpg"},{"@type":"BreadcrumbList","@id":"https:\/\/fjala.info\/2009-2015\/alo-bashkimi\/#breadcrumb","itemListElement":[{"@type":"ListItem","position":1,"name":"Home","item":"https:\/\/fjala.info\/2009-2015\/"},{"@type":"ListItem","position":2,"name":"\u201cAlo, Bashkimi?\u201d"}]},{"@type":"WebSite","@id":"https:\/\/fjala.info\/2009-2015\/#website","url":"https:\/\/fjala.info\/2009-2015\/","name":"FjALA e LIR\u00cb - Arkivi","description":"Arkivi 2009-2015","publisher":{"@id":"https:\/\/fjala.info\/2009-2015\/#organization"},"potentialAction":[{"@type":"SearchAction","target":{"@type":"EntryPoint","urlTemplate":"https:\/\/fjala.info\/2009-2015\/?s={search_term_string}"},"query-input":{"@type":"PropertyValueSpecification","valueRequired":true,"valueName":"search_term_string"}}],"inLanguage":"sq-AL"},{"@type":"Organization","@id":"https:\/\/fjala.info\/2009-2015\/#organization","name":"FjALA e LIR\u00cb - Arkivi","url":"https:\/\/fjala.info\/2009-2015\/","logo":{"@type":"ImageObject","inLanguage":"sq-AL","@id":"https:\/\/fjala.info\/2009-2015\/#\/schema\/logo\/image\/","url":"","contentUrl":"","caption":"FjALA e LIR\u00cb - Arkivi"},"image":{"@id":"https:\/\/fjala.info\/2009-2015\/#\/schema\/logo\/image\/"}},{"@type":"Person","@id":"https:\/\/fjala.info\/2009-2015\/#\/schema\/person\/3aa1163ef05469c496fc94e77611ada2","name":"admin","image":{"@type":"ImageObject","inLanguage":"sq-AL","@id":"https:\/\/fjala.info\/2009-2015\/wp-content\/uploads\/2012\/02\/arben_cokaj-120x150.jpg","url":"https:\/\/fjala.info\/2009-2015\/wp-content\/uploads\/2012\/02\/arben_cokaj-120x150.jpg","contentUrl":"https:\/\/fjala.info\/2009-2015\/wp-content\/uploads\/2012\/02\/arben_cokaj-120x150.jpg","caption":"admin"},"description":"Admin, Fjala e Lir\u00eb","sameAs":["https:\/\/fjala.info\/"],"url":"https:\/\/fjala.info\/2009-2015\/author\/admin\/"}]}},"_links":{"self":[{"href":"https:\/\/fjala.info\/2009-2015\/wp-json\/wp\/v2\/posts\/795","targetHints":{"allow":["GET"]}}],"collection":[{"href":"https:\/\/fjala.info\/2009-2015\/wp-json\/wp\/v2\/posts"}],"about":[{"href":"https:\/\/fjala.info\/2009-2015\/wp-json\/wp\/v2\/types\/post"}],"author":[{"embeddable":true,"href":"https:\/\/fjala.info\/2009-2015\/wp-json\/wp\/v2\/users\/1"}],"replies":[{"embeddable":true,"href":"https:\/\/fjala.info\/2009-2015\/wp-json\/wp\/v2\/comments?post=795"}],"version-history":[{"count":0,"href":"https:\/\/fjala.info\/2009-2015\/wp-json\/wp\/v2\/posts\/795\/revisions"}],"wp:attachment":[{"href":"https:\/\/fjala.info\/2009-2015\/wp-json\/wp\/v2\/media?parent=795"}],"wp:term":[{"taxonomy":"category","embeddable":true,"href":"https:\/\/fjala.info\/2009-2015\/wp-json\/wp\/v2\/categories?post=795"},{"taxonomy":"post_tag","embeddable":true,"href":"https:\/\/fjala.info\/2009-2015\/wp-json\/wp\/v2\/tags?post=795"}],"curies":[{"name":"wp","href":"https:\/\/api.w.org\/{rel}","templated":true}]}}