{"id":781,"date":"2011-12-26T21:17:18","date_gmt":"2011-12-26T20:17:18","guid":{"rendered":"http:\/\/fjala.shkoder.net\/?p=781"},"modified":"2011-12-26T21:17:18","modified_gmt":"2011-12-26T20:17:18","slug":"bamir-topi-sic-nuk-e-ka-enderruar-berisha","status":"publish","type":"post","link":"https:\/\/fjala.info\/2009-2015\/bamir-topi-sic-nuk-e-ka-enderruar-berisha\/","title":{"rendered":"Bamir Topi si\u00e7 nuk e ka \u00ebnd\u00ebrruar Berisha!"},"content":{"rendered":"<p><img decoding=\"async\" class=\"alignright size-thumbnail wp-image-7236\" title=\"Mero Baze\" src=\"http:\/\/www.shkoder.net\/images\/fjala\/mero_baze1.jpg\" alt=\"\" width=\"150\" \/> Nga <strong>Mero Baze<\/strong>, <em>26 Dhjetor 2011<\/em><\/p>\n<p>Sali Berisha u shfaq p\u00ebr Krishtlindje n\u00eb Ora News. I shoq\u00ebruar nga dy autoambulanca dhe m\u00eb nj\u00eb kllapi q\u00eb i ishte stampuar n\u00eb fytyr\u00eb nd\u00ebrsa matej t\u00eb ecte n\u00ebp\u00ebr studio, mu duk nj\u00eb sakrific\u00eb q\u00eb n\u00ebse e b\u00ebnte p\u00ebr televizionin, ia vlente ta lavd\u00ebroje. Ora News \u00ebsht\u00eb nj\u00eb TV modest, por m\u00eb i hapur se shumica e televizioneve t\u00eb m\u00ebdhenj t\u00eb vendit dhe p\u00ebr k\u00ebt\u00eb vlen t\u00eb respektohet. Sh\u00ebndeti i r\u00ebnduar, autoambulancat dhe sidomos fillimi i intervist\u00ebs n\u00eb t\u00eb cil\u00ebn fliste p\u00ebr pasqyrimin e \u201cbetejave t\u00eb Jezu Krishtit n\u00eb Kuran\u201d, t\u00eb krijonin iden\u00eb e nj\u00eb sakrifice anormale n\u00eb nj\u00eb gjendje t\u00eb till\u00eb t\u00eb r\u00ebnduar psiqike dhe sh\u00ebndet\u00ebsore.<\/p>\n<p>Por pak nga pak e mori veten. Dhe u pa q\u00eb nuk kishte shkuar aty p\u00ebr t\u00eb respektuar studion apo p\u00ebr t\u00eb treguar historin\u00eb e Jezu Krishtit n\u00eb Kuran!!! E kish ngritur nga shtrati Bamir Topi. Me makthin q\u00eb i prodhon ideja e pasardh\u00ebsit t\u00eb pasigurt, n\u00eb dit\u00ebn e lindjes s\u00eb Krishtit ai kish thirrur dy autoambulanca dhe nj\u00eb tuf\u00eb rojesh dhe kish shkuar t\u2019i jepte p\u00ebrgjigje renegatit q\u00eb e kishte tradhtuar. Histeria e tij kund\u00ebr Bamir Topit, dhe m\u00eb tej kund\u00ebr Kreshnik Spahiut, ishte n\u00eb t\u00eb v\u00ebrtet\u00eb nj\u00eb diarre q\u00eb dukej qart\u00eb q\u00eb nuk kishte pasur asnj\u00eb penges\u00eb n\u00eb trurin e tij p\u00ebr tu p\u00ebrpunuar.<\/p>\n<p>Akuza e par\u00eb e r\u00ebnd\u00eb p\u00ebr Bamir Topin ishte se kishte tradhtuar PD! P\u00ebr nj\u00eb President, kjo \u00ebsht\u00eb nj\u00eb dekorat\u00eb, pasi tregon se ka qen\u00eb president mbi pal\u00ebt, por Berish\u00ebn nuk e bren m\u00eb standardi i presidentit, por ideja se dikush po i merr PD. I futur n\u00eb spiralen e makthit nga kjo ide, ai \u00ebsht\u00eb ngritur nga shtrati p\u00ebr tu th\u00ebn\u00eb njer\u00ebzve t\u00eb vet se ai q\u00eb k\u00ebrkon t\u2019i marr\u00eb PD-n\u00eb, e ka tradhtuar at\u00eb. Bamir Topi ka qen\u00eb president mbi pal\u00ebt dhe ka kthyer dhe ligje t\u00eb PD-s\u00eb, ose nuk ka firmosur disa prej tyre, mes tyre dhe ligjin e famsh\u00ebm p\u00ebr lustracionin, i cili n\u00eb thelb, p\u00ebrve\u00e7se ishte antikushtetues, ishte klientelist dhe shantazhues ndaj njer\u00ebzve me t\u00eb cil\u00ebt kishte problem Berisha n\u00eb drejt\u00ebsi, dhe fal\u00eb atij projektligji shum\u00eb gjyqtar\u00eb dhe prokuror\u00eb q\u00eb kishin n\u00eb dor\u00eb \u00e7\u00ebshtjen e t\u00eb birit apo t\u00eb familjar\u00ebve t\u00eb tjer\u00eb t\u00eb Berish\u00ebs, p\u00ebrfshi Lul\u00ebzim Bash\u00ebn, u p\u00ebrkul\u00ebn dhe d\u00ebshtuan gjyqet.<\/p>\n<p>Sali Berisha nuk arsyeton akuzat. Ai ka tani nj\u00eb shqet\u00ebsim njer\u00ebzor, shqet\u00ebsimin e \u00e7do njeriu q\u00eb \u00ebsht\u00eb duke ikur nga kjo bot\u00eb se kujt duhet t\u2019ia l\u00ebr\u00eb trash\u00ebgimin\u00eb e tij. N\u00eb t\u00eb v\u00ebrtet\u00eb ai e ka pak dhe m\u00eb t\u00eb komplikuar, pasi ai nuk do t\u2019ia l\u00ebr\u00eb askujt, por e shqet\u00ebson fakti se kujt nuk duhet t\u2019ia l\u00ebr\u00eb. Dhe n\u00eb krye t\u00eb list\u00ebs s\u00eb atyre q\u00eb nuk duhet t\u2019ia marrin trash\u00ebgimin\u00eb e tij politike \u00ebsht\u00eb tani Bamir Topi. Duket se ky njeri e ka shqet\u00ebsuar m\u00eb shum\u00eb se besohej se do ta shqet\u00ebsonte. E ka shqet\u00ebsuar me faktin q\u00eb nuk i ka k\u00ebrkuar pazar, q\u00eb nuk i ka b\u00ebr\u00eb ofert\u00eb p\u00ebr paqe, e ka shqet\u00ebsuar q\u00eb i ka th\u00ebn\u00eb se nuk do t\u2019ia fal\u00eb 21 Janarin dhe mbi t\u00eb gjitha q\u00eb e ka sfiduar duke i th\u00ebn\u00eb se do t\u00eb vazhdoj\u00eb jet\u00ebn aktive politike.<\/p>\n<p>N\u00eb k\u00ebto kushte Sali Berisha ka vet\u00ebm nj\u00eb shqet\u00ebsim, shqet\u00ebsimin q\u00eb votuesit e PD-s\u00eb t\u00eb mos i besojn\u00eb Bamir Topit. Ai \u00ebsht\u00eb ngritur dit\u00ebn e Krishtlindjeve nga shtrati jasht\u00eb rekomandimeve t\u00eb mjek\u00ebve vet\u00ebm p\u00ebr k\u00ebt\u00eb shkak. Ai do tu thot\u00eb t\u00eb gjith\u00ebve n\u00eb \u00e7do dit\u00eb q\u00eb i ka mbetur se Bamir Topi ka tradhtuar PD-n\u00eb si president. S\u2019kan\u00eb r\u00ebnd\u00ebsi faktet apo detyrat e tij kushtetuese. Ai ka tradhtuar. Kjo \u00ebsht\u00eb duhma q\u00eb ai tashm\u00eb do t\u00eb p\u00ebrhap\u00eb deri n\u00eb maj t\u00eb vitit 2012 kund\u00ebr Bamir Topit. Fjala tradhtar, buk\u00ebshkal\u00eb, mosmir\u00ebnjoh\u00ebs, i paburr\u00eb, dhe m\u00eb pas epitetet e radh\u00ebs, i korruptuar, i kapur, i shantazhuar, i pafytyr\u00eb etj si k\u00ebto do t\u00eb jen\u00eb t\u00eb p\u00ebrditshme n\u00eb fjalorin e tij.<\/p>\n<p>Aq n\u00eb makth \u00ebsht\u00eb p\u00ebr t\u00eb gjetur arsye se Bamir Topi ka tradhtuar, sa dhe L\u00ebvizjen Kuq e Zi, nj\u00eb l\u00ebvizje qartazi e ndar\u00eb nga Bamir Topi, i cili ka b\u00ebr\u00eb dhe gjeste institucionale kund\u00ebr saj si\u00e7 ishte mb\u00ebshtetja e censusit dhe dekretimi i tij, nuk e ndalin Berish\u00ebn ta bashkoj\u00eb at\u00eb me Topin. Arsyeja \u00ebsht\u00eb se ai nuk pranon dot q\u00eb censusi i ka d\u00ebshtuar, jo p\u00ebr faj t\u00eb Bamirit, jo p\u00ebr faj t\u00eb Aleanc\u00ebs Kuqezi, por p\u00ebr faj t\u00eb paaft\u00ebsis\u00eb s\u00eb ekipit t\u00eb tij dhe munges\u00ebs s\u00eb dinjitetit n\u00eb drejtimin e vendit. Censusi i Berish\u00ebs ka nxjerr\u00eb p\u00ebrfundime qesharake p\u00ebr Shqip\u00ebrin\u00eb, na ka nxjerr\u00eb m\u00eb pak banor\u00eb se votues, na ka nxjerr\u00eb dhjet\u00eb her\u00eb m\u00eb t\u00eb pasur se jemi, dhe mbi t\u00eb gjitha na ka nxjerr\u00eb nj\u00eb popull nomad q\u00eb duam t\u00eb ikim t\u00eb gjith\u00eb nga ky vend.<\/p>\n<p>Sali Berisha nuk gjen dot arsye tek qeverisja e tij p\u00ebr k\u00ebto p\u00ebrfundime banale dhe k\u00ebt\u00eb d\u00ebshtim- dhe ka gjetur si alibi Bamir Topin. Ky i fundit ka b\u00ebr\u00eb deklarata t\u00eb qarta publike p\u00ebrkrah censusit, ka mb\u00ebshtetur procesin, por nuk e ka ndihmuar dot Berish\u00ebn t\u00eb ket\u00eb sukses. Ideja se Kreshnik Spahiu i ka d\u00ebshtuar censusin duke u b\u00ebr\u00eb faktor i r\u00ebnd\u00ebsish\u00ebm politik n\u00eb shoq\u00ebri, duket se e ka shqet\u00ebsuar dhe n\u00eb vend t\u2019i adresohet problemit dhe t\u00eb rregulloj\u00eb censusin, p\u00ebrpiqet t\u00eb zhduk\u00eb suksesin e pal\u00ebs tjet\u00ebr.<\/p>\n<p>Por mos u \u00e7udisni q\u00eb pas k\u00ebsaj Bamir Topi t\u00eb jet\u00eb arsyeja p\u00ebr \u00e7do gj\u00eb t\u00eb keqe q\u00eb mund t\u00eb ndodh\u00eb n\u00eb vend. N\u00eb r\u00ebn\u00e7in banka a n\u00eb past\u00eb rr\u00ebmuja, n\u00eb past\u00eb t\u00eb vdekur nga protesta apo skandale korrupsioni, n\u00eb past\u00eb luft\u00eb apo paqe n\u00eb k\u00ebt\u00eb vend, deri n\u00eb ver\u00ebn tjet\u00ebr fajtor \u00ebsht\u00eb Bamir Topi. Sali Berisha nuk ka tjet\u00ebr armik n\u00eb dispozicion ve\u00e7 tij. E ka shqet\u00ebsuar seriozisht jo vet\u00ebm pse po ruan qet\u00ebsin\u00eb dhe po i mbledh nj\u00eb nga nj\u00eb njer\u00ebzit brenda PD-s\u00eb, por dhe p\u00ebr faktin se nga figurat e PD-s\u00eb vet\u00ebm njer\u00ebz qesharak\u00eb si Tritan Shehu i dalin n\u00eb krah k\u00ebto koh\u00eb.<\/p>\n<p>Bamir Topi mes t\u00eb tjerash i ka rritur papritur dhe pazarin p\u00ebr p\u00ebrdorimin e njer\u00ebzve brenda PD-s\u00eb dhe koalicionit, pasi ata hezitojn\u00eb n\u00ebse ia vlen t\u2019i futen nj\u00eb beteje kund\u00ebr Topit apo t\u00eb b\u00ebjn\u00eb sikur nuk e kan\u00eb mendjen dhe t\u00eb shikojn\u00eb \u00e7\u2019mund t\u00eb b\u00ebjn\u00eb pas zgjedhjeve\u2026 I shikon me dyshim t\u00eb gjith\u00eb aleat\u00ebt q\u00eb ka n\u00eb qeveri, legalist\u00eb, ballist\u00eb, republikan\u00eb e LSI-i, drejtues partie n\u00eb rrethe e qend\u00ebr, t\u00eb gjith\u00eb ata q\u00eb nuk ndihen n\u00eb pushtet me t\u00eb. Dhe kjo nuk e l\u00eb t\u00eb qet\u00eb.<\/p>\n<p>Dit\u00ebn e Krishtlindjeve u ngrit nga shtrati p\u00ebr ta mallkuar me shpres\u00eb se PD do njoh\u00eb vet\u00ebm nj\u00eb Jezu Krisht, vet\u00ebm At\u00eb. Ai nuk \u00ebsht\u00eb zhg\u00ebnjyer se ka \u00ebnd\u00ebrruar Bamir Topin si president t\u00eb PD-s\u00eb. Ai \u00ebsht\u00eb n\u00eb makth se nuk e ka pritur q\u00eb ai t\u2019i v\u00ebr\u00eb n\u00eb rrezik pushtetin e tij t\u00eb PD-s\u00eb. Ky \u00ebsht\u00eb Bamir Topi q\u00eb ai nuk ka \u00ebnd\u00ebrruar dhe tani i shfaqet n\u00eb gjum\u00eb si \u201cJezu Krishti q\u00eb b\u00ebn beteja n\u00eb Kuran\u201d. Diku do t\u2019ia jepte Zoti dhe duket se po e b\u00ebn nj\u00eb plak qesharak.<\/p>\n","protected":false},"excerpt":{"rendered":"<p>Nga Mero Baze, 26 Dhjetor 2011 Sali Berisha u shfaq p\u00ebr Krishtlindje n\u00eb Ora News. I shoq\u00ebruar nga dy autoambulanca dhe m\u00eb nj\u00eb kllapi q\u00eb i ishte stampuar n\u00eb fytyr\u00eb nd\u00ebrsa matej t\u00eb ecte n\u00ebp\u00ebr studio, mu duk nj\u00eb sakrific\u00eb q\u00eb n\u00ebse e b\u00ebnte p\u00ebr televizionin, ia vlente ta lavd\u00ebroje. Ora News \u00ebsht\u00eb nj\u00eb TV [&hellip;]<\/p>\n","protected":false},"author":1,"featured_media":0,"comment_status":"open","ping_status":"closed","sticky":false,"template":"","format":"standard","meta":{"footnotes":""},"categories":[2],"tags":[],"class_list":{"0":"post-781","1":"post","2":"type-post","3":"status-publish","4":"format-standard","6":"category-artikuj"},"yoast_head":"<!-- This site is optimized with the Yoast SEO plugin v27.4 - https:\/\/yoast.com\/product\/yoast-seo-wordpress\/ -->\n<title>Bamir Topi si\u00e7 nuk e ka \u00ebnd\u00ebrruar Berisha! - FjALA e LIR\u00cb - Arkivi<\/title>\n<meta name=\"robots\" content=\"index, follow, max-snippet:-1, max-image-preview:large, max-video-preview:-1\" \/>\n<link rel=\"canonical\" href=\"https:\/\/fjala.info\/2009-2015\/bamir-topi-sic-nuk-e-ka-enderruar-berisha\/\" \/>\n<meta property=\"og:locale\" content=\"sq_AL\" \/>\n<meta property=\"og:type\" content=\"article\" \/>\n<meta property=\"og:title\" content=\"Bamir Topi si\u00e7 nuk e ka \u00ebnd\u00ebrruar Berisha! - FjALA e LIR\u00cb - Arkivi\" \/>\n<meta property=\"og:description\" content=\"Nga Mero Baze, 26 Dhjetor 2011 Sali Berisha u shfaq p\u00ebr Krishtlindje n\u00eb Ora News. I shoq\u00ebruar nga dy autoambulanca dhe m\u00eb nj\u00eb kllapi q\u00eb i ishte stampuar n\u00eb fytyr\u00eb nd\u00ebrsa matej t\u00eb ecte n\u00ebp\u00ebr studio, mu duk nj\u00eb sakrific\u00eb q\u00eb n\u00ebse e b\u00ebnte p\u00ebr televizionin, ia vlente ta lavd\u00ebroje. Ora News \u00ebsht\u00eb nj\u00eb TV [&hellip;]\" \/>\n<meta property=\"og:url\" content=\"https:\/\/fjala.info\/2009-2015\/bamir-topi-sic-nuk-e-ka-enderruar-berisha\/\" \/>\n<meta property=\"og:site_name\" content=\"FjALA e LIR\u00cb - Arkivi\" \/>\n<meta property=\"article:published_time\" content=\"2011-12-26T20:17:18+00:00\" \/>\n<meta property=\"og:image\" content=\"http:\/\/www.shkoder.net\/images\/fjala\/mero_baze1.jpg\" \/>\n<meta name=\"author\" content=\"admin\" \/>\n<meta name=\"twitter:card\" content=\"summary_large_image\" \/>\n<meta name=\"twitter:label1\" content=\"Written by\" \/>\n\t<meta name=\"twitter:data1\" content=\"admin\" \/>\n\t<meta name=\"twitter:label2\" content=\"Est. reading time\" \/>\n\t<meta name=\"twitter:data2\" content=\"7 minutes\" \/>\n<script type=\"application\/ld+json\" class=\"yoast-schema-graph\">{\"@context\":\"https:\\\/\\\/schema.org\",\"@graph\":[{\"@type\":\"Article\",\"@id\":\"https:\\\/\\\/fjala.info\\\/2009-2015\\\/bamir-topi-sic-nuk-e-ka-enderruar-berisha\\\/#article\",\"isPartOf\":{\"@id\":\"https:\\\/\\\/fjala.info\\\/2009-2015\\\/bamir-topi-sic-nuk-e-ka-enderruar-berisha\\\/\"},\"author\":{\"name\":\"admin\",\"@id\":\"https:\\\/\\\/fjala.info\\\/2009-2015\\\/#\\\/schema\\\/person\\\/3aa1163ef05469c496fc94e77611ada2\"},\"headline\":\"Bamir Topi si\u00e7 nuk e ka \u00ebnd\u00ebrruar Berisha!\",\"datePublished\":\"2011-12-26T20:17:18+00:00\",\"mainEntityOfPage\":{\"@id\":\"https:\\\/\\\/fjala.info\\\/2009-2015\\\/bamir-topi-sic-nuk-e-ka-enderruar-berisha\\\/\"},\"wordCount\":1335,\"commentCount\":0,\"publisher\":{\"@id\":\"https:\\\/\\\/fjala.info\\\/2009-2015\\\/#organization\"},\"image\":{\"@id\":\"https:\\\/\\\/fjala.info\\\/2009-2015\\\/bamir-topi-sic-nuk-e-ka-enderruar-berisha\\\/#primaryimage\"},\"thumbnailUrl\":\"http:\\\/\\\/www.shkoder.net\\\/images\\\/fjala\\\/mero_baze1.jpg\",\"articleSection\":[\"Artikuj\"],\"inLanguage\":\"sq-AL\",\"potentialAction\":[{\"@type\":\"CommentAction\",\"name\":\"Comment\",\"target\":[\"https:\\\/\\\/fjala.info\\\/2009-2015\\\/bamir-topi-sic-nuk-e-ka-enderruar-berisha\\\/#respond\"]}]},{\"@type\":\"WebPage\",\"@id\":\"https:\\\/\\\/fjala.info\\\/2009-2015\\\/bamir-topi-sic-nuk-e-ka-enderruar-berisha\\\/\",\"url\":\"https:\\\/\\\/fjala.info\\\/2009-2015\\\/bamir-topi-sic-nuk-e-ka-enderruar-berisha\\\/\",\"name\":\"Bamir Topi si\u00e7 nuk e ka \u00ebnd\u00ebrruar Berisha! - FjALA e LIR\u00cb - Arkivi\",\"isPartOf\":{\"@id\":\"https:\\\/\\\/fjala.info\\\/2009-2015\\\/#website\"},\"primaryImageOfPage\":{\"@id\":\"https:\\\/\\\/fjala.info\\\/2009-2015\\\/bamir-topi-sic-nuk-e-ka-enderruar-berisha\\\/#primaryimage\"},\"image\":{\"@id\":\"https:\\\/\\\/fjala.info\\\/2009-2015\\\/bamir-topi-sic-nuk-e-ka-enderruar-berisha\\\/#primaryimage\"},\"thumbnailUrl\":\"http:\\\/\\\/www.shkoder.net\\\/images\\\/fjala\\\/mero_baze1.jpg\",\"datePublished\":\"2011-12-26T20:17:18+00:00\",\"breadcrumb\":{\"@id\":\"https:\\\/\\\/fjala.info\\\/2009-2015\\\/bamir-topi-sic-nuk-e-ka-enderruar-berisha\\\/#breadcrumb\"},\"inLanguage\":\"sq-AL\",\"potentialAction\":[{\"@type\":\"ReadAction\",\"target\":[\"https:\\\/\\\/fjala.info\\\/2009-2015\\\/bamir-topi-sic-nuk-e-ka-enderruar-berisha\\\/\"]}]},{\"@type\":\"ImageObject\",\"inLanguage\":\"sq-AL\",\"@id\":\"https:\\\/\\\/fjala.info\\\/2009-2015\\\/bamir-topi-sic-nuk-e-ka-enderruar-berisha\\\/#primaryimage\",\"url\":\"http:\\\/\\\/www.shkoder.net\\\/images\\\/fjala\\\/mero_baze1.jpg\",\"contentUrl\":\"http:\\\/\\\/www.shkoder.net\\\/images\\\/fjala\\\/mero_baze1.jpg\"},{\"@type\":\"BreadcrumbList\",\"@id\":\"https:\\\/\\\/fjala.info\\\/2009-2015\\\/bamir-topi-sic-nuk-e-ka-enderruar-berisha\\\/#breadcrumb\",\"itemListElement\":[{\"@type\":\"ListItem\",\"position\":1,\"name\":\"Home\",\"item\":\"https:\\\/\\\/fjala.info\\\/2009-2015\\\/\"},{\"@type\":\"ListItem\",\"position\":2,\"name\":\"Bamir Topi si\u00e7 nuk e ka \u00ebnd\u00ebrruar Berisha!\"}]},{\"@type\":\"WebSite\",\"@id\":\"https:\\\/\\\/fjala.info\\\/2009-2015\\\/#website\",\"url\":\"https:\\\/\\\/fjala.info\\\/2009-2015\\\/\",\"name\":\"FjALA e LIR\u00cb - Arkivi\",\"description\":\"Arkivi 2009-2015\",\"publisher\":{\"@id\":\"https:\\\/\\\/fjala.info\\\/2009-2015\\\/#organization\"},\"potentialAction\":[{\"@type\":\"SearchAction\",\"target\":{\"@type\":\"EntryPoint\",\"urlTemplate\":\"https:\\\/\\\/fjala.info\\\/2009-2015\\\/?s={search_term_string}\"},\"query-input\":{\"@type\":\"PropertyValueSpecification\",\"valueRequired\":true,\"valueName\":\"search_term_string\"}}],\"inLanguage\":\"sq-AL\"},{\"@type\":\"Organization\",\"@id\":\"https:\\\/\\\/fjala.info\\\/2009-2015\\\/#organization\",\"name\":\"FjALA e LIR\u00cb - Arkivi\",\"url\":\"https:\\\/\\\/fjala.info\\\/2009-2015\\\/\",\"logo\":{\"@type\":\"ImageObject\",\"inLanguage\":\"sq-AL\",\"@id\":\"https:\\\/\\\/fjala.info\\\/2009-2015\\\/#\\\/schema\\\/logo\\\/image\\\/\",\"url\":\"\",\"contentUrl\":\"\",\"caption\":\"FjALA e LIR\u00cb - Arkivi\"},\"image\":{\"@id\":\"https:\\\/\\\/fjala.info\\\/2009-2015\\\/#\\\/schema\\\/logo\\\/image\\\/\"}},{\"@type\":\"Person\",\"@id\":\"https:\\\/\\\/fjala.info\\\/2009-2015\\\/#\\\/schema\\\/person\\\/3aa1163ef05469c496fc94e77611ada2\",\"name\":\"admin\",\"image\":{\"@type\":\"ImageObject\",\"inLanguage\":\"sq-AL\",\"@id\":\"https:\\\/\\\/fjala.info\\\/2009-2015\\\/wp-content\\\/uploads\\\/2012\\\/02\\\/arben_cokaj-120x150.jpg\",\"url\":\"https:\\\/\\\/fjala.info\\\/2009-2015\\\/wp-content\\\/uploads\\\/2012\\\/02\\\/arben_cokaj-120x150.jpg\",\"contentUrl\":\"https:\\\/\\\/fjala.info\\\/2009-2015\\\/wp-content\\\/uploads\\\/2012\\\/02\\\/arben_cokaj-120x150.jpg\",\"caption\":\"admin\"},\"description\":\"Admin, Fjala e Lir\u00eb\",\"sameAs\":[\"https:\\\/\\\/fjala.info\\\/\"],\"url\":\"https:\\\/\\\/fjala.info\\\/2009-2015\\\/author\\\/admin\\\/\"}]}<\/script>\n<!-- \/ Yoast SEO plugin. -->","yoast_head_json":{"title":"Bamir Topi si\u00e7 nuk e ka \u00ebnd\u00ebrruar Berisha! - FjALA e LIR\u00cb - Arkivi","robots":{"index":"index","follow":"follow","max-snippet":"max-snippet:-1","max-image-preview":"max-image-preview:large","max-video-preview":"max-video-preview:-1"},"canonical":"https:\/\/fjala.info\/2009-2015\/bamir-topi-sic-nuk-e-ka-enderruar-berisha\/","og_locale":"sq_AL","og_type":"article","og_title":"Bamir Topi si\u00e7 nuk e ka \u00ebnd\u00ebrruar Berisha! - FjALA e LIR\u00cb - Arkivi","og_description":"Nga Mero Baze, 26 Dhjetor 2011 Sali Berisha u shfaq p\u00ebr Krishtlindje n\u00eb Ora News. I shoq\u00ebruar nga dy autoambulanca dhe m\u00eb nj\u00eb kllapi q\u00eb i ishte stampuar n\u00eb fytyr\u00eb nd\u00ebrsa matej t\u00eb ecte n\u00ebp\u00ebr studio, mu duk nj\u00eb sakrific\u00eb q\u00eb n\u00ebse e b\u00ebnte p\u00ebr televizionin, ia vlente ta lavd\u00ebroje. Ora News \u00ebsht\u00eb nj\u00eb TV [&hellip;]","og_url":"https:\/\/fjala.info\/2009-2015\/bamir-topi-sic-nuk-e-ka-enderruar-berisha\/","og_site_name":"FjALA e LIR\u00cb - Arkivi","article_published_time":"2011-12-26T20:17:18+00:00","og_image":[{"url":"http:\/\/www.shkoder.net\/images\/fjala\/mero_baze1.jpg","type":"","width":"","height":""}],"author":"admin","twitter_card":"summary_large_image","twitter_misc":{"Written by":"admin","Est. reading time":"7 minutes"},"schema":{"@context":"https:\/\/schema.org","@graph":[{"@type":"Article","@id":"https:\/\/fjala.info\/2009-2015\/bamir-topi-sic-nuk-e-ka-enderruar-berisha\/#article","isPartOf":{"@id":"https:\/\/fjala.info\/2009-2015\/bamir-topi-sic-nuk-e-ka-enderruar-berisha\/"},"author":{"name":"admin","@id":"https:\/\/fjala.info\/2009-2015\/#\/schema\/person\/3aa1163ef05469c496fc94e77611ada2"},"headline":"Bamir Topi si\u00e7 nuk e ka \u00ebnd\u00ebrruar Berisha!","datePublished":"2011-12-26T20:17:18+00:00","mainEntityOfPage":{"@id":"https:\/\/fjala.info\/2009-2015\/bamir-topi-sic-nuk-e-ka-enderruar-berisha\/"},"wordCount":1335,"commentCount":0,"publisher":{"@id":"https:\/\/fjala.info\/2009-2015\/#organization"},"image":{"@id":"https:\/\/fjala.info\/2009-2015\/bamir-topi-sic-nuk-e-ka-enderruar-berisha\/#primaryimage"},"thumbnailUrl":"http:\/\/www.shkoder.net\/images\/fjala\/mero_baze1.jpg","articleSection":["Artikuj"],"inLanguage":"sq-AL","potentialAction":[{"@type":"CommentAction","name":"Comment","target":["https:\/\/fjala.info\/2009-2015\/bamir-topi-sic-nuk-e-ka-enderruar-berisha\/#respond"]}]},{"@type":"WebPage","@id":"https:\/\/fjala.info\/2009-2015\/bamir-topi-sic-nuk-e-ka-enderruar-berisha\/","url":"https:\/\/fjala.info\/2009-2015\/bamir-topi-sic-nuk-e-ka-enderruar-berisha\/","name":"Bamir Topi si\u00e7 nuk e ka \u00ebnd\u00ebrruar Berisha! - FjALA e LIR\u00cb - Arkivi","isPartOf":{"@id":"https:\/\/fjala.info\/2009-2015\/#website"},"primaryImageOfPage":{"@id":"https:\/\/fjala.info\/2009-2015\/bamir-topi-sic-nuk-e-ka-enderruar-berisha\/#primaryimage"},"image":{"@id":"https:\/\/fjala.info\/2009-2015\/bamir-topi-sic-nuk-e-ka-enderruar-berisha\/#primaryimage"},"thumbnailUrl":"http:\/\/www.shkoder.net\/images\/fjala\/mero_baze1.jpg","datePublished":"2011-12-26T20:17:18+00:00","breadcrumb":{"@id":"https:\/\/fjala.info\/2009-2015\/bamir-topi-sic-nuk-e-ka-enderruar-berisha\/#breadcrumb"},"inLanguage":"sq-AL","potentialAction":[{"@type":"ReadAction","target":["https:\/\/fjala.info\/2009-2015\/bamir-topi-sic-nuk-e-ka-enderruar-berisha\/"]}]},{"@type":"ImageObject","inLanguage":"sq-AL","@id":"https:\/\/fjala.info\/2009-2015\/bamir-topi-sic-nuk-e-ka-enderruar-berisha\/#primaryimage","url":"http:\/\/www.shkoder.net\/images\/fjala\/mero_baze1.jpg","contentUrl":"http:\/\/www.shkoder.net\/images\/fjala\/mero_baze1.jpg"},{"@type":"BreadcrumbList","@id":"https:\/\/fjala.info\/2009-2015\/bamir-topi-sic-nuk-e-ka-enderruar-berisha\/#breadcrumb","itemListElement":[{"@type":"ListItem","position":1,"name":"Home","item":"https:\/\/fjala.info\/2009-2015\/"},{"@type":"ListItem","position":2,"name":"Bamir Topi si\u00e7 nuk e ka \u00ebnd\u00ebrruar Berisha!"}]},{"@type":"WebSite","@id":"https:\/\/fjala.info\/2009-2015\/#website","url":"https:\/\/fjala.info\/2009-2015\/","name":"FjALA e LIR\u00cb - Arkivi","description":"Arkivi 2009-2015","publisher":{"@id":"https:\/\/fjala.info\/2009-2015\/#organization"},"potentialAction":[{"@type":"SearchAction","target":{"@type":"EntryPoint","urlTemplate":"https:\/\/fjala.info\/2009-2015\/?s={search_term_string}"},"query-input":{"@type":"PropertyValueSpecification","valueRequired":true,"valueName":"search_term_string"}}],"inLanguage":"sq-AL"},{"@type":"Organization","@id":"https:\/\/fjala.info\/2009-2015\/#organization","name":"FjALA e LIR\u00cb - Arkivi","url":"https:\/\/fjala.info\/2009-2015\/","logo":{"@type":"ImageObject","inLanguage":"sq-AL","@id":"https:\/\/fjala.info\/2009-2015\/#\/schema\/logo\/image\/","url":"","contentUrl":"","caption":"FjALA e LIR\u00cb - Arkivi"},"image":{"@id":"https:\/\/fjala.info\/2009-2015\/#\/schema\/logo\/image\/"}},{"@type":"Person","@id":"https:\/\/fjala.info\/2009-2015\/#\/schema\/person\/3aa1163ef05469c496fc94e77611ada2","name":"admin","image":{"@type":"ImageObject","inLanguage":"sq-AL","@id":"https:\/\/fjala.info\/2009-2015\/wp-content\/uploads\/2012\/02\/arben_cokaj-120x150.jpg","url":"https:\/\/fjala.info\/2009-2015\/wp-content\/uploads\/2012\/02\/arben_cokaj-120x150.jpg","contentUrl":"https:\/\/fjala.info\/2009-2015\/wp-content\/uploads\/2012\/02\/arben_cokaj-120x150.jpg","caption":"admin"},"description":"Admin, Fjala e Lir\u00eb","sameAs":["https:\/\/fjala.info\/"],"url":"https:\/\/fjala.info\/2009-2015\/author\/admin\/"}]}},"_links":{"self":[{"href":"https:\/\/fjala.info\/2009-2015\/wp-json\/wp\/v2\/posts\/781","targetHints":{"allow":["GET"]}}],"collection":[{"href":"https:\/\/fjala.info\/2009-2015\/wp-json\/wp\/v2\/posts"}],"about":[{"href":"https:\/\/fjala.info\/2009-2015\/wp-json\/wp\/v2\/types\/post"}],"author":[{"embeddable":true,"href":"https:\/\/fjala.info\/2009-2015\/wp-json\/wp\/v2\/users\/1"}],"replies":[{"embeddable":true,"href":"https:\/\/fjala.info\/2009-2015\/wp-json\/wp\/v2\/comments?post=781"}],"version-history":[{"count":0,"href":"https:\/\/fjala.info\/2009-2015\/wp-json\/wp\/v2\/posts\/781\/revisions"}],"wp:attachment":[{"href":"https:\/\/fjala.info\/2009-2015\/wp-json\/wp\/v2\/media?parent=781"}],"wp:term":[{"taxonomy":"category","embeddable":true,"href":"https:\/\/fjala.info\/2009-2015\/wp-json\/wp\/v2\/categories?post=781"},{"taxonomy":"post_tag","embeddable":true,"href":"https:\/\/fjala.info\/2009-2015\/wp-json\/wp\/v2\/tags?post=781"}],"curies":[{"name":"wp","href":"https:\/\/api.w.org\/{rel}","templated":true}]}}