{"id":779,"date":"2011-12-26T20:40:10","date_gmt":"2011-12-26T19:40:10","guid":{"rendered":"http:\/\/fjala.shkoder.net\/?p=779"},"modified":"2011-12-26T20:40:10","modified_gmt":"2011-12-26T19:40:10","slug":"a-do-ti-vinte-ne-varrim-haveli-berishes","status":"publish","type":"post","link":"https:\/\/fjala.info\/2009-2015\/a-do-ti-vinte-ne-varrim-haveli-berishes\/","title":{"rendered":"A do t\u2019i vinte n\u00eb varrim Haveli Berish\u00ebs?"},"content":{"rendered":"<p><img decoding=\"async\" class=\"alignright size-thumbnail wp-image-7236\" title=\"Mero Baze\" src=\"http:\/\/www.shkoder.net\/images\/fjala\/mero_baze1.jpg\" alt=\"\" width=\"150\" \/> <strong>Mero Baze<\/strong><\/p>\n<p>Sali Berisha u shfaq n\u00eb Prag\u00eb. I lodhur nga s\u00ebmundja q\u00eb e ka mbyllur n\u00eb sht\u00ebpi, ai duket se po b\u00ebn m\u00eb shum\u00eb kujdes koh\u00ebt e fundit ndaj funeraleve. Sidomos t\u00eb atyre, t\u00eb cil\u00ebt sa kan\u00eb qen\u00eb gjall\u00eb nuk u b\u00ebn dot as miqt\u00eb e tij, as t\u00eb ngjashmit e tij, dhe as lakenjt\u00eb e tij. K\u00ebtyre ka pritur tu p\u00ebrdor\u00eb funeralin.<\/p>\n<p>Vaslav Haveli \u00ebsht\u00eb nj\u00eb ikon\u00eb e ndryshimeve demokratike n\u00eb Lindje, nj\u00eb simbol p\u00ebr at\u00eb se si Per\u00ebndimi k\u00ebrkonte mbi t\u00eb gjitha t\u00eb b\u00ebheshin ndryshimet. Ai udh\u00ebhoqi \u00c7ekosllovakin\u00eb nga komunizmi n\u00eb demokraci dhe pa konsumuar asnj\u00eb konflikt ndau dy kombe paq\u00ebsisht duke u rizgjedhur s\u00ebrish n\u00eb krye t\u00eb \u00c7ekis\u00eb. Nuk ishte ndonj\u00eb shkrimtar i madh ashtu si\u00e7 ia p\u00ebrmend Berisha, por ishte nj\u00eb politikan i madh. Ishte demokrat, proper\u00ebndimor i pal\u00ebkundur dhe frym\u00ebzues i \u00c7ekis\u00eb postdiktatoriale. Ka folur p\u00ebr Sali Berish\u00ebn n\u00eb vitin 1997, duke e cil\u00ebsuar at\u00eb nj\u00eb ish- komunist t\u00eb pandreqsh\u00ebm q\u00eb po \u00e7onte vendin n\u00eb luft\u00eb civile.<\/p>\n<p>Nuk ka pasur kurr\u00eb ndonj\u00eb raport me Sali Berish\u00ebn, nuk ka qen\u00eb kurr\u00eb i ftuari i tij n\u00eb Shqip\u00ebri dhe as ky n\u00eb Prag\u00eb. Nuk jan\u00eb puqur bashk\u00eb me nj\u00ebri- tjetrin n\u00eb asgj\u00eb q\u00eb kan\u00eb b\u00ebr\u00eb, as n\u00eb karrier\u00ebn e tyre dhe as n\u00eb perspektiv\u00ebn q\u00eb u kan\u00eb dh\u00ebn\u00eb vendeve t\u00eb tyre. Sikur Sali Berisha p\u00ebr ndonj\u00eb arsye fizike t\u00eb kishte vdekur para atij, kam frik\u00eb se as telegram ngush\u00ebllimi nuk do t\u00eb kishim. Ai nuk ishte nj\u00eb hipokrit dhe nuk respektonte nj\u00eb model udh\u00ebheq\u00ebsi q\u00eb nuk e pranonte.<\/p>\n<p>Sali Berisha n\u00eb t\u00eb v\u00ebrtet\u00eb ka nj\u00eb raport tjet\u00ebr me vdekjen e t\u00eb tjer\u00ebve dhe sidomos me vdekjen e analog\u00ebve t\u00eb vet. E shikon at\u00eb si nj\u00eb rast pafuqie t\u00eb t\u00eb vdekurit p\u00ebr t\u2019i th\u00ebn\u00eb \u201cm\u00eb rri larg\u201d. N\u00eb Shqip\u00ebri ka b\u00ebr\u00eb \u00e7ka mundur n\u00eb k\u00ebt\u00eb drejtim. Azem Hajdarin, themeluesin e partis\u00eb q\u00eb ai ka trash\u00ebguar, e mbajti tet\u00eb vitet e liris\u00eb s\u00eb tij larg dyerve t\u00eb partis\u00eb dhe pushtetit dhe t\u00eb vetmen dit\u00eb q\u00eb e nderoi duke e p\u00ebrdorur ishte funerali i tij. Aty i harroi t\u00eb gjitha \u00e7\u2019i kish b\u00ebr\u00eb dhe sa larg e kish mbajtur. K\u00ebshtu ka b\u00ebr\u00eb m\u00eb pas me Ali Spahin\u00eb, Safet Zhulalin, dhe s\u00eb fundmi Leka Zogun e Sabri Godon.<\/p>\n<p>Dhe me armiqt\u00eb e familjes s\u00eb tij \u00ebsht\u00eb sjell\u00eb po k\u00ebshtu. Kosta Trebick\u00ebn, t\u00eb cil\u00ebn e quajti nj\u00eb trafikant femrash q\u00eb kish tentuar t\u2019i kompromentonte t\u00eb birin, e quajti njeri t\u00eb mir\u00eb sapo u gjend i vrar\u00eb n\u00eb udh\u00ebtimin e tij misterioz p\u00ebr gjah, i vet\u00ebm n\u00eb nj\u00eb vend t\u00eb shkret\u00eb. Tundimi i tij p\u00ebr t\u00eb p\u00ebrdorur funeralet si nj\u00eb vend ku tenton t\u00eb vjel\u00eb di\u00e7ka nga mir\u00ebsia q\u00eb l\u00eb pas i ikuri, \u00ebsht\u00eb i njohur.<\/p>\n<p>Dje u shfaq n\u00eb Prag\u00eb. N\u00eb mes t\u00eb dimrit, i s\u00ebmur\u00eb dhe i rr\u00ebgjuar, ai k\u00ebrkon t\u00eb prek\u00eb at\u00eb q\u00eb s\u2019e arriti dot, liderin model t\u00eb postkomunizmit n\u00eb Evrop\u00eb, at\u00eb q\u00eb ka th\u00ebn\u00eb postulatin e madh q\u00eb nuk ka antikomunist m\u00eb t\u00eb rreziksh\u00ebm se sa ish- komunist\u00ebt e kthyer n\u00eb demokrat\u00eb. Ka shkuar pran\u00eb njeriut, i cili 20 vitet n\u00eb liri pas komunizmit ia ka kushtuar luft\u00ebs ndaj modelit t\u00eb Sali Berish\u00ebs, kudo q\u00eb shfaqej, q\u00eb nga Kremlini deri n\u00eb Tiran\u00eb. I ka shkuar n\u00eb funeral nj\u00eb njeriu, i cili \u00ebsht\u00eb antiteza e tij, por dhe \u00ebndrra e fsheht\u00eb e tij.<\/p>\n<p>D\u00ebshira p\u00ebr t\u00eb qen\u00eb nj\u00eb Havel n\u00eb \u00e7do vend ish- komunist buronte nga frym\u00ebzimi dhe modelimi q\u00eb Haveli i dha portretit t\u00eb liderit postkomunist modern. Sali Berisha nuk kishte as fuqi, as vullnet dhe as karakterin e duhur p\u00ebr t\u2019i ngjar\u00eb atij. P\u00ebrkundrazi, ai ishte modeli i liderit postkomunist, ndaj t\u00eb cilit luftoi Haveli k\u00ebto 20 vjet pas r\u00ebnies s\u00eb Murit t\u00eb Berlinit. Haveli nuk vodhi zgjedhje, nuk futi vendin n\u00eb anarki edhe pse e ndau at\u00eb n\u00eb dy shtete, nuk vodhi pronat, dhe mbi t\u00eb gjitha nuk vrau kurr\u00eb si\u00e7 ka vrar\u00eb ky njeri p\u00ebr t\u00eb mbrojtur karrigen e tij m\u00eb 21 janar, gati nj\u00eb vit m\u00eb par\u00eb.<\/p>\n<p>Haveli m\u00eb shume se sa p\u00ebr m\u00ebnyr\u00ebn si rr\u00ebzoi komunizmin n\u00eb \u00c7eki do mbahet mend si luftoi p\u00ebrs\u00ebritjen e komunizmit n\u00eb \u00c7eki p\u00ebrmes lider\u00ebve autoritar\u00eb. Vendi i tij sot \u00ebsht\u00eb nj\u00eb vend krenar n\u00eb Bashkimin Evropian dhe pasardh\u00ebs t\u00eb tij po drejtojn\u00eb n\u00eb Bruksel politikat e zgjerimit t\u00eb Bashkimit Evropian. Rezistenc\u00ebn e fundit q\u00eb ata hasin e kan\u00eb tek Sali Berisha.<\/p>\n<p>Vaslav Havel do t\u00eb p\u00ebrcillet sot n\u00eb banes\u00ebn e fundit. Nuk di sa shanse ka Sali Berisha t\u00eb fotografohet pran\u00eb arkivolit t\u00eb tij, por di q\u00eb ai nuk ka asnj\u00eb shans t\u00eb ket\u00eb n\u00eb funeralin e tij at\u00eb nderim q\u00eb ka njeriu q\u00eb \u00ebsht\u00eb simbol i rezistenc\u00ebs ndaj totalitarizmit komunist dhe tendencave totalitariste postkomuniste n\u00eb Lindje. Ai u b\u00eb i njohur duke rr\u00ebzuar komunizmin, por u b\u00eb nj\u00eb figur\u00eb e nderuar n\u00eb bot\u00eb, pasi iu p\u00ebrkushtua p\u00ebr 20 vite betej\u00ebs kund\u00ebr atyre q\u00eb tentuan t\u00eb rikthejn\u00eb totalitarizmin e komunizmit n\u00eb shoq\u00ebrit\u00eb e korruptuara postkomuniste, duke b\u00ebr\u00eb aleanc\u00eb me mafien, duke prishur zgjedhjet, duke persekutuar shtypin e lir\u00eb dhe duke krijuar nj\u00eb regjim t\u00eb ri, jodemokratik, i cili vret qytetar\u00ebt q\u00eb protestojn\u00eb. K\u00ebto 20 vite n\u00eb liri ai luftoi kund\u00ebr \u201csaliberish\u00ebve\u201d t\u00eb Lindjes. Dhe bash p\u00ebr k\u00ebt\u00eb nderohet m\u00eb shum\u00eb. Natyrisht jo prej Sali Berish\u00ebs.<\/p>\n","protected":false},"excerpt":{"rendered":"<p>Mero Baze Sali Berisha u shfaq n\u00eb Prag\u00eb. I lodhur nga s\u00ebmundja q\u00eb e ka mbyllur n\u00eb sht\u00ebpi, ai duket se po b\u00ebn m\u00eb shum\u00eb kujdes koh\u00ebt e fundit ndaj funeraleve. Sidomos t\u00eb atyre, t\u00eb cil\u00ebt sa kan\u00eb qen\u00eb gjall\u00eb nuk u b\u00ebn dot as miqt\u00eb e tij, as t\u00eb ngjashmit e tij, dhe as [&hellip;]<\/p>\n","protected":false},"author":1,"featured_media":0,"comment_status":"open","ping_status":"closed","sticky":false,"template":"","format":"standard","meta":{"footnotes":""},"categories":[2],"tags":[],"class_list":{"0":"post-779","1":"post","2":"type-post","3":"status-publish","4":"format-standard","6":"category-artikuj"},"yoast_head":"<!-- This site is optimized with the Yoast SEO plugin v27.4 - https:\/\/yoast.com\/product\/yoast-seo-wordpress\/ -->\n<title>A do t\u2019i vinte n\u00eb varrim Haveli Berish\u00ebs? - FjALA e LIR\u00cb - Arkivi<\/title>\n<meta name=\"robots\" content=\"index, follow, max-snippet:-1, max-image-preview:large, max-video-preview:-1\" \/>\n<link rel=\"canonical\" href=\"https:\/\/fjala.info\/2009-2015\/a-do-ti-vinte-ne-varrim-haveli-berishes\/\" \/>\n<meta property=\"og:locale\" content=\"sq_AL\" \/>\n<meta property=\"og:type\" content=\"article\" \/>\n<meta property=\"og:title\" content=\"A do t\u2019i vinte n\u00eb varrim Haveli Berish\u00ebs? - FjALA e LIR\u00cb - Arkivi\" \/>\n<meta property=\"og:description\" content=\"Mero Baze Sali Berisha u shfaq n\u00eb Prag\u00eb. I lodhur nga s\u00ebmundja q\u00eb e ka mbyllur n\u00eb sht\u00ebpi, ai duket se po b\u00ebn m\u00eb shum\u00eb kujdes koh\u00ebt e fundit ndaj funeraleve. Sidomos t\u00eb atyre, t\u00eb cil\u00ebt sa kan\u00eb qen\u00eb gjall\u00eb nuk u b\u00ebn dot as miqt\u00eb e tij, as t\u00eb ngjashmit e tij, dhe as [&hellip;]\" \/>\n<meta property=\"og:url\" content=\"https:\/\/fjala.info\/2009-2015\/a-do-ti-vinte-ne-varrim-haveli-berishes\/\" \/>\n<meta property=\"og:site_name\" content=\"FjALA e LIR\u00cb - Arkivi\" \/>\n<meta property=\"article:published_time\" content=\"2011-12-26T19:40:10+00:00\" \/>\n<meta property=\"og:image\" content=\"http:\/\/www.shkoder.net\/images\/fjala\/mero_baze1.jpg\" \/>\n<meta name=\"author\" content=\"admin\" \/>\n<meta name=\"twitter:card\" content=\"summary_large_image\" \/>\n<meta name=\"twitter:label1\" content=\"Written by\" \/>\n\t<meta name=\"twitter:data1\" content=\"admin\" \/>\n\t<meta name=\"twitter:label2\" content=\"Est. reading time\" \/>\n\t<meta name=\"twitter:data2\" content=\"5 minutes\" \/>\n<script type=\"application\/ld+json\" class=\"yoast-schema-graph\">{\"@context\":\"https:\\\/\\\/schema.org\",\"@graph\":[{\"@type\":\"Article\",\"@id\":\"https:\\\/\\\/fjala.info\\\/2009-2015\\\/a-do-ti-vinte-ne-varrim-haveli-berishes\\\/#article\",\"isPartOf\":{\"@id\":\"https:\\\/\\\/fjala.info\\\/2009-2015\\\/a-do-ti-vinte-ne-varrim-haveli-berishes\\\/\"},\"author\":{\"name\":\"admin\",\"@id\":\"https:\\\/\\\/fjala.info\\\/2009-2015\\\/#\\\/schema\\\/person\\\/3aa1163ef05469c496fc94e77611ada2\"},\"headline\":\"A do t\u2019i vinte n\u00eb varrim Haveli Berish\u00ebs?\",\"datePublished\":\"2011-12-26T19:40:10+00:00\",\"mainEntityOfPage\":{\"@id\":\"https:\\\/\\\/fjala.info\\\/2009-2015\\\/a-do-ti-vinte-ne-varrim-haveli-berishes\\\/\"},\"wordCount\":968,\"commentCount\":0,\"publisher\":{\"@id\":\"https:\\\/\\\/fjala.info\\\/2009-2015\\\/#organization\"},\"image\":{\"@id\":\"https:\\\/\\\/fjala.info\\\/2009-2015\\\/a-do-ti-vinte-ne-varrim-haveli-berishes\\\/#primaryimage\"},\"thumbnailUrl\":\"http:\\\/\\\/www.shkoder.net\\\/images\\\/fjala\\\/mero_baze1.jpg\",\"articleSection\":[\"Artikuj\"],\"inLanguage\":\"sq-AL\",\"potentialAction\":[{\"@type\":\"CommentAction\",\"name\":\"Comment\",\"target\":[\"https:\\\/\\\/fjala.info\\\/2009-2015\\\/a-do-ti-vinte-ne-varrim-haveli-berishes\\\/#respond\"]}]},{\"@type\":\"WebPage\",\"@id\":\"https:\\\/\\\/fjala.info\\\/2009-2015\\\/a-do-ti-vinte-ne-varrim-haveli-berishes\\\/\",\"url\":\"https:\\\/\\\/fjala.info\\\/2009-2015\\\/a-do-ti-vinte-ne-varrim-haveli-berishes\\\/\",\"name\":\"A do t\u2019i vinte n\u00eb varrim Haveli Berish\u00ebs? - FjALA e LIR\u00cb - Arkivi\",\"isPartOf\":{\"@id\":\"https:\\\/\\\/fjala.info\\\/2009-2015\\\/#website\"},\"primaryImageOfPage\":{\"@id\":\"https:\\\/\\\/fjala.info\\\/2009-2015\\\/a-do-ti-vinte-ne-varrim-haveli-berishes\\\/#primaryimage\"},\"image\":{\"@id\":\"https:\\\/\\\/fjala.info\\\/2009-2015\\\/a-do-ti-vinte-ne-varrim-haveli-berishes\\\/#primaryimage\"},\"thumbnailUrl\":\"http:\\\/\\\/www.shkoder.net\\\/images\\\/fjala\\\/mero_baze1.jpg\",\"datePublished\":\"2011-12-26T19:40:10+00:00\",\"breadcrumb\":{\"@id\":\"https:\\\/\\\/fjala.info\\\/2009-2015\\\/a-do-ti-vinte-ne-varrim-haveli-berishes\\\/#breadcrumb\"},\"inLanguage\":\"sq-AL\",\"potentialAction\":[{\"@type\":\"ReadAction\",\"target\":[\"https:\\\/\\\/fjala.info\\\/2009-2015\\\/a-do-ti-vinte-ne-varrim-haveli-berishes\\\/\"]}]},{\"@type\":\"ImageObject\",\"inLanguage\":\"sq-AL\",\"@id\":\"https:\\\/\\\/fjala.info\\\/2009-2015\\\/a-do-ti-vinte-ne-varrim-haveli-berishes\\\/#primaryimage\",\"url\":\"http:\\\/\\\/www.shkoder.net\\\/images\\\/fjala\\\/mero_baze1.jpg\",\"contentUrl\":\"http:\\\/\\\/www.shkoder.net\\\/images\\\/fjala\\\/mero_baze1.jpg\"},{\"@type\":\"BreadcrumbList\",\"@id\":\"https:\\\/\\\/fjala.info\\\/2009-2015\\\/a-do-ti-vinte-ne-varrim-haveli-berishes\\\/#breadcrumb\",\"itemListElement\":[{\"@type\":\"ListItem\",\"position\":1,\"name\":\"Home\",\"item\":\"https:\\\/\\\/fjala.info\\\/2009-2015\\\/\"},{\"@type\":\"ListItem\",\"position\":2,\"name\":\"A do t\u2019i vinte n\u00eb varrim Haveli Berish\u00ebs?\"}]},{\"@type\":\"WebSite\",\"@id\":\"https:\\\/\\\/fjala.info\\\/2009-2015\\\/#website\",\"url\":\"https:\\\/\\\/fjala.info\\\/2009-2015\\\/\",\"name\":\"FjALA e LIR\u00cb - Arkivi\",\"description\":\"Arkivi 2009-2015\",\"publisher\":{\"@id\":\"https:\\\/\\\/fjala.info\\\/2009-2015\\\/#organization\"},\"potentialAction\":[{\"@type\":\"SearchAction\",\"target\":{\"@type\":\"EntryPoint\",\"urlTemplate\":\"https:\\\/\\\/fjala.info\\\/2009-2015\\\/?s={search_term_string}\"},\"query-input\":{\"@type\":\"PropertyValueSpecification\",\"valueRequired\":true,\"valueName\":\"search_term_string\"}}],\"inLanguage\":\"sq-AL\"},{\"@type\":\"Organization\",\"@id\":\"https:\\\/\\\/fjala.info\\\/2009-2015\\\/#organization\",\"name\":\"FjALA e LIR\u00cb - Arkivi\",\"url\":\"https:\\\/\\\/fjala.info\\\/2009-2015\\\/\",\"logo\":{\"@type\":\"ImageObject\",\"inLanguage\":\"sq-AL\",\"@id\":\"https:\\\/\\\/fjala.info\\\/2009-2015\\\/#\\\/schema\\\/logo\\\/image\\\/\",\"url\":\"\",\"contentUrl\":\"\",\"caption\":\"FjALA e LIR\u00cb - Arkivi\"},\"image\":{\"@id\":\"https:\\\/\\\/fjala.info\\\/2009-2015\\\/#\\\/schema\\\/logo\\\/image\\\/\"}},{\"@type\":\"Person\",\"@id\":\"https:\\\/\\\/fjala.info\\\/2009-2015\\\/#\\\/schema\\\/person\\\/3aa1163ef05469c496fc94e77611ada2\",\"name\":\"admin\",\"image\":{\"@type\":\"ImageObject\",\"inLanguage\":\"sq-AL\",\"@id\":\"https:\\\/\\\/fjala.info\\\/2009-2015\\\/wp-content\\\/uploads\\\/2012\\\/02\\\/arben_cokaj-120x150.jpg\",\"url\":\"https:\\\/\\\/fjala.info\\\/2009-2015\\\/wp-content\\\/uploads\\\/2012\\\/02\\\/arben_cokaj-120x150.jpg\",\"contentUrl\":\"https:\\\/\\\/fjala.info\\\/2009-2015\\\/wp-content\\\/uploads\\\/2012\\\/02\\\/arben_cokaj-120x150.jpg\",\"caption\":\"admin\"},\"description\":\"Admin, Fjala e Lir\u00eb\",\"sameAs\":[\"https:\\\/\\\/fjala.info\\\/\"],\"url\":\"https:\\\/\\\/fjala.info\\\/2009-2015\\\/author\\\/admin\\\/\"}]}<\/script>\n<!-- \/ Yoast SEO plugin. -->","yoast_head_json":{"title":"A do t\u2019i vinte n\u00eb varrim Haveli Berish\u00ebs? - FjALA e LIR\u00cb - Arkivi","robots":{"index":"index","follow":"follow","max-snippet":"max-snippet:-1","max-image-preview":"max-image-preview:large","max-video-preview":"max-video-preview:-1"},"canonical":"https:\/\/fjala.info\/2009-2015\/a-do-ti-vinte-ne-varrim-haveli-berishes\/","og_locale":"sq_AL","og_type":"article","og_title":"A do t\u2019i vinte n\u00eb varrim Haveli Berish\u00ebs? - FjALA e LIR\u00cb - Arkivi","og_description":"Mero Baze Sali Berisha u shfaq n\u00eb Prag\u00eb. I lodhur nga s\u00ebmundja q\u00eb e ka mbyllur n\u00eb sht\u00ebpi, ai duket se po b\u00ebn m\u00eb shum\u00eb kujdes koh\u00ebt e fundit ndaj funeraleve. Sidomos t\u00eb atyre, t\u00eb cil\u00ebt sa kan\u00eb qen\u00eb gjall\u00eb nuk u b\u00ebn dot as miqt\u00eb e tij, as t\u00eb ngjashmit e tij, dhe as [&hellip;]","og_url":"https:\/\/fjala.info\/2009-2015\/a-do-ti-vinte-ne-varrim-haveli-berishes\/","og_site_name":"FjALA e LIR\u00cb - Arkivi","article_published_time":"2011-12-26T19:40:10+00:00","og_image":[{"url":"http:\/\/www.shkoder.net\/images\/fjala\/mero_baze1.jpg","type":"","width":"","height":""}],"author":"admin","twitter_card":"summary_large_image","twitter_misc":{"Written by":"admin","Est. reading time":"5 minutes"},"schema":{"@context":"https:\/\/schema.org","@graph":[{"@type":"Article","@id":"https:\/\/fjala.info\/2009-2015\/a-do-ti-vinte-ne-varrim-haveli-berishes\/#article","isPartOf":{"@id":"https:\/\/fjala.info\/2009-2015\/a-do-ti-vinte-ne-varrim-haveli-berishes\/"},"author":{"name":"admin","@id":"https:\/\/fjala.info\/2009-2015\/#\/schema\/person\/3aa1163ef05469c496fc94e77611ada2"},"headline":"A do t\u2019i vinte n\u00eb varrim Haveli Berish\u00ebs?","datePublished":"2011-12-26T19:40:10+00:00","mainEntityOfPage":{"@id":"https:\/\/fjala.info\/2009-2015\/a-do-ti-vinte-ne-varrim-haveli-berishes\/"},"wordCount":968,"commentCount":0,"publisher":{"@id":"https:\/\/fjala.info\/2009-2015\/#organization"},"image":{"@id":"https:\/\/fjala.info\/2009-2015\/a-do-ti-vinte-ne-varrim-haveli-berishes\/#primaryimage"},"thumbnailUrl":"http:\/\/www.shkoder.net\/images\/fjala\/mero_baze1.jpg","articleSection":["Artikuj"],"inLanguage":"sq-AL","potentialAction":[{"@type":"CommentAction","name":"Comment","target":["https:\/\/fjala.info\/2009-2015\/a-do-ti-vinte-ne-varrim-haveli-berishes\/#respond"]}]},{"@type":"WebPage","@id":"https:\/\/fjala.info\/2009-2015\/a-do-ti-vinte-ne-varrim-haveli-berishes\/","url":"https:\/\/fjala.info\/2009-2015\/a-do-ti-vinte-ne-varrim-haveli-berishes\/","name":"A do t\u2019i vinte n\u00eb varrim Haveli Berish\u00ebs? - FjALA e LIR\u00cb - Arkivi","isPartOf":{"@id":"https:\/\/fjala.info\/2009-2015\/#website"},"primaryImageOfPage":{"@id":"https:\/\/fjala.info\/2009-2015\/a-do-ti-vinte-ne-varrim-haveli-berishes\/#primaryimage"},"image":{"@id":"https:\/\/fjala.info\/2009-2015\/a-do-ti-vinte-ne-varrim-haveli-berishes\/#primaryimage"},"thumbnailUrl":"http:\/\/www.shkoder.net\/images\/fjala\/mero_baze1.jpg","datePublished":"2011-12-26T19:40:10+00:00","breadcrumb":{"@id":"https:\/\/fjala.info\/2009-2015\/a-do-ti-vinte-ne-varrim-haveli-berishes\/#breadcrumb"},"inLanguage":"sq-AL","potentialAction":[{"@type":"ReadAction","target":["https:\/\/fjala.info\/2009-2015\/a-do-ti-vinte-ne-varrim-haveli-berishes\/"]}]},{"@type":"ImageObject","inLanguage":"sq-AL","@id":"https:\/\/fjala.info\/2009-2015\/a-do-ti-vinte-ne-varrim-haveli-berishes\/#primaryimage","url":"http:\/\/www.shkoder.net\/images\/fjala\/mero_baze1.jpg","contentUrl":"http:\/\/www.shkoder.net\/images\/fjala\/mero_baze1.jpg"},{"@type":"BreadcrumbList","@id":"https:\/\/fjala.info\/2009-2015\/a-do-ti-vinte-ne-varrim-haveli-berishes\/#breadcrumb","itemListElement":[{"@type":"ListItem","position":1,"name":"Home","item":"https:\/\/fjala.info\/2009-2015\/"},{"@type":"ListItem","position":2,"name":"A do t\u2019i vinte n\u00eb varrim Haveli Berish\u00ebs?"}]},{"@type":"WebSite","@id":"https:\/\/fjala.info\/2009-2015\/#website","url":"https:\/\/fjala.info\/2009-2015\/","name":"FjALA e LIR\u00cb - Arkivi","description":"Arkivi 2009-2015","publisher":{"@id":"https:\/\/fjala.info\/2009-2015\/#organization"},"potentialAction":[{"@type":"SearchAction","target":{"@type":"EntryPoint","urlTemplate":"https:\/\/fjala.info\/2009-2015\/?s={search_term_string}"},"query-input":{"@type":"PropertyValueSpecification","valueRequired":true,"valueName":"search_term_string"}}],"inLanguage":"sq-AL"},{"@type":"Organization","@id":"https:\/\/fjala.info\/2009-2015\/#organization","name":"FjALA e LIR\u00cb - Arkivi","url":"https:\/\/fjala.info\/2009-2015\/","logo":{"@type":"ImageObject","inLanguage":"sq-AL","@id":"https:\/\/fjala.info\/2009-2015\/#\/schema\/logo\/image\/","url":"","contentUrl":"","caption":"FjALA e LIR\u00cb - Arkivi"},"image":{"@id":"https:\/\/fjala.info\/2009-2015\/#\/schema\/logo\/image\/"}},{"@type":"Person","@id":"https:\/\/fjala.info\/2009-2015\/#\/schema\/person\/3aa1163ef05469c496fc94e77611ada2","name":"admin","image":{"@type":"ImageObject","inLanguage":"sq-AL","@id":"https:\/\/fjala.info\/2009-2015\/wp-content\/uploads\/2012\/02\/arben_cokaj-120x150.jpg","url":"https:\/\/fjala.info\/2009-2015\/wp-content\/uploads\/2012\/02\/arben_cokaj-120x150.jpg","contentUrl":"https:\/\/fjala.info\/2009-2015\/wp-content\/uploads\/2012\/02\/arben_cokaj-120x150.jpg","caption":"admin"},"description":"Admin, Fjala e Lir\u00eb","sameAs":["https:\/\/fjala.info\/"],"url":"https:\/\/fjala.info\/2009-2015\/author\/admin\/"}]}},"_links":{"self":[{"href":"https:\/\/fjala.info\/2009-2015\/wp-json\/wp\/v2\/posts\/779","targetHints":{"allow":["GET"]}}],"collection":[{"href":"https:\/\/fjala.info\/2009-2015\/wp-json\/wp\/v2\/posts"}],"about":[{"href":"https:\/\/fjala.info\/2009-2015\/wp-json\/wp\/v2\/types\/post"}],"author":[{"embeddable":true,"href":"https:\/\/fjala.info\/2009-2015\/wp-json\/wp\/v2\/users\/1"}],"replies":[{"embeddable":true,"href":"https:\/\/fjala.info\/2009-2015\/wp-json\/wp\/v2\/comments?post=779"}],"version-history":[{"count":0,"href":"https:\/\/fjala.info\/2009-2015\/wp-json\/wp\/v2\/posts\/779\/revisions"}],"wp:attachment":[{"href":"https:\/\/fjala.info\/2009-2015\/wp-json\/wp\/v2\/media?parent=779"}],"wp:term":[{"taxonomy":"category","embeddable":true,"href":"https:\/\/fjala.info\/2009-2015\/wp-json\/wp\/v2\/categories?post=779"},{"taxonomy":"post_tag","embeddable":true,"href":"https:\/\/fjala.info\/2009-2015\/wp-json\/wp\/v2\/tags?post=779"}],"curies":[{"name":"wp","href":"https:\/\/api.w.org\/{rel}","templated":true}]}}