{"id":7708,"date":"2011-04-15T07:06:41","date_gmt":"2011-04-15T06:06:41","guid":{"rendered":"http:\/\/fjala.shkoder.net\/?p=7708"},"modified":"2011-04-15T07:06:41","modified_gmt":"2011-04-15T06:06:41","slug":"zevendesi","status":"publish","type":"post","link":"https:\/\/fjala.info\/2009-2015\/zevendesi\/","title":{"rendered":"Z\u00ebvend\u00ebsi"},"content":{"rendered":"<p><img decoding=\"async\" class=\"alignleft size-thumbnail wp-image-7236\" title=\"Albin Kurti\" src=\"http:\/\/www.shkoder.net\/images\/fjala\/albin_kurti.jpg\" alt=\"\" width=\"150\" \/><br \/>\n<strong>Albin Kurti<\/strong>, <em>14.04.2011<\/em><\/p>\n<p>Z\u00ebvend\u00ebsit z\u00ebvend\u00ebsojn\u00eb. Z\u00ebvend\u00ebsit z\u00ebvend\u00ebsojn\u00eb at\u00eb q\u00eb duhet z\u00ebvend\u00ebsuar, n\u00eb rast t\u00eb munges\u00ebs ose pamund\u00ebsis\u00eb. Pra, z\u00ebvend\u00ebsohet ai q\u00eb mungon ose ai q\u00eb s\u2019mundet. Z\u00ebvend\u00ebsimi \u00ebsht\u00eb z\u00ebvend\u00ebsim n\u00eb kushtet e munges\u00ebs s\u00eb pranis\u00eb s\u00eb atij q\u00eb, p\u00ebr pasoj\u00eb, duhet z\u00ebvend\u00ebsuar. Ose: z\u00ebvend\u00ebsimi \u00ebsht\u00eb z\u00ebvend\u00ebsim kur \u00ebsht\u00eb b\u00ebr\u00eb e pamundur q\u00eb t\u00eb funksionoj\u00eb ai, q\u00eb p\u00ebr pasoj\u00eb, duhet z\u00ebvend\u00ebsuar.<\/p>\n<p>Z\u00ebvend\u00ebsi e z\u00eb vendin. Ai e z\u00eb vendin e tjet\u00ebrkujt. Z\u00ebvend\u00ebsi e n\u00ebnkupton vendin e zbraz\u00ebt q\u00eb nuk guxon t\u00eb mbetet i till\u00eb. Z\u00ebvend\u00ebsi \u00ebsht\u00eb siguria e vendit. Z\u00ebvend\u00ebsi garanton q\u00eb vendi do t\u00eb zihet. Q\u00eb z\u00ebvend\u00ebsit shkojn\u00eb e vijn\u00eb porse vendi mbetet. Z\u00ebvend\u00ebsi \u00ebsht\u00eb aktualitet duke qen\u00eb potencialitet. Z\u00ebvend\u00ebsi \u00ebsht\u00eb sepse mund t\u00eb zhb\u00ebhet. Ai mund t\u00eb mos mbetet m\u00eb z\u00ebvend\u00ebs pik\u00ebrisht duke z\u00ebn\u00eb vendin e atij z\u00ebvend\u00ebs i t\u00eb cilit \u00ebsht\u00eb. Z\u00ebvend\u00ebsi \u00ebsht\u00eb qenia e mund\u00ebsis\u00eb.<\/p>\n<p>Z\u00ebvend\u00ebsi mund t\u00eb lexohet edhe si z\u00eb i vend\u00ebsit. Pra, jo z\u00eb i nd\u00ebrkomb\u00ebtarit. Z\u00ebvend\u00ebsi si z\u00eb i vend\u00ebsit. Vend\u00ebsi nuk \u00ebsht\u00eb vend\u00ebs. Vend\u00ebsi \u00ebsht\u00eb gjithnj\u00eb z\u00ebvend\u00ebs. Apo, ndoshta z\u00ebvend\u00ebsi duhet t\u00eb lexohet si z\u00eb i vendit. Natyrisht, jo i vendit si shtet, por i vendit si post. Vendi flet; vendi l\u00ebshon z\u00eb. Jo ai q\u00eb \u00ebsht\u00eb n\u00eb vend, por vendi si i till\u00eb. Zyrtari \u00ebsht\u00eb z\u00ebri i vendit q\u00eb e ka z\u00ebn\u00eb.<\/p>\n<p>Sa m\u00eb lart q\u00eb ngjitesh n\u00eb hierarki, aq m\u00eb i madh \u00ebsht\u00eb numri i z\u00ebvend\u00ebsve. Kur zvog\u00eblohet numri i vendeve, rritet numri i z\u00ebvend\u00ebsve. Kryeministri i Kosov\u00ebs i ka gjasht\u00eb z\u00ebvend\u00ebs. P\u00ebrmasa e mospranis\u00eb s\u00eb tij ose e pamund\u00ebsis\u00eb s\u00eb tij pritet t\u00eb jet\u00eb kaq e madhe. Gjasht\u00eb t\u00eb tjer\u00eb e z\u00ebvend\u00ebsojn\u00eb kur ai s\u2019do t\u00eb jet\u00eb i pranish\u00ebm ose s\u2019do t\u00eb mund ta ushtroj\u00eb funksionin. K\u00ebta gjasht\u00eb z\u00ebvend\u00ebskryeministra aludojn\u00eb q\u00eb kryeministri ose do t\u00eb mungoj\u00eb shpesh, ose ka shum\u00eb detyra q\u00eb duhet t\u2019ia kryejn\u00eb t\u00eb tjer\u00ebt, ose t\u00eb dyja k\u00ebto. Zaten, ka edhe nj\u00eb mund\u00ebsi tjet\u00ebr: kryeministri beson q\u00eb \u00ebsht\u00eb aq i paz\u00ebvend\u00ebsuesh\u00ebm saq\u00eb vet\u00ebm gjasht\u00eb z\u00ebvend\u00ebskryeministra do t\u00eb mund ta z\u00ebvend\u00ebsonin at\u00eb.<\/p>\n<p>E, megjithat\u00eb, ka edhe nj\u00eb mund\u00ebsi krejt\u00ebsisht tjet\u00ebr: kryeministri synon t\u00eb jet\u00eb i paz\u00ebvend\u00ebsuesh\u00ebm dhe numri kaq i madh i z\u00ebvend\u00ebskryeministrave \u00ebsht\u00eb ve\u00e7se \u00e7mimi q\u00eb ai paguan p\u00ebr k\u00ebt\u00eb aspirat\u00eb t\u00eb tij. P\u00ebr t\u00eb mbetur me \u00e7do kusht kryeminist\u00ebr, ai e b\u00ebn z\u00ebvend\u00ebs t\u00eb tij k\u00ebdo q\u00eb sadopak e rrezikon apo kusht\u00ebzon. P\u00ebr cil\u00ebndo pozit\u00eb l\u00ebshon pe vet\u00ebm dhe vet\u00ebm q\u00eb t\u00eb mbetet aty ku detyr\u00eb kryesore po i b\u00ebhet l\u00ebshimi pe. Rrethohet fare af\u00ebr me ata q\u00eb i afrohen p\u00ebr t\u00eb mbetur maksimalisht larg. Ndryshon rregullat p\u00ebr pozitat n\u00eb m\u00ebnyr\u00eb q\u00eb ai vet\u00eb t\u00eb mos e ndryshoj\u00eb pozit\u00ebn.<\/p>\n<p>Duket q\u00eb pik\u00ebrisht n\u00eb k\u00ebt\u00eb mund\u00ebsi konsiston e v\u00ebrteta e k\u00ebsaj situate. Pra, kryeministri \u00ebsht\u00eb i gatsh\u00ebm q\u00eb pafund\u00ebsisht t\u00eb k\u00ebnaq pafund\u00ebsisht ego t\u00eb t\u00eb tjer\u00ebve p\u00ebrgjat\u00eb rrug\u00ebs s\u00eb pafund por t\u00eb nj\u00ebjt\u00eb t\u00eb egos s\u00eb tij. Me z\u00ebvend\u00ebskryeministrat e shumt\u00eb ai ka krijuar nj\u00eb nivel t\u00eb tret\u00eb t\u00eb pushtetit qeveritar. P\u00ebrve\u00e7 rrethit t\u00eb ministrave dhe rrethit t\u00eb k\u00ebshilltar\u00ebve t\u00eb tij, ai e ka sajuar edhe k\u00ebt\u00eb rrethin e z\u00ebvend\u00ebsve t\u00eb tij. K\u00ebta z\u00ebvend\u00ebs pa dyshim q\u00eb gjithher\u00eb do t\u00eb bartin m\u00eb shum\u00eb p\u00ebrgjegj\u00ebsi sesa q\u00eb do t\u00eb marrin pushtet ndonj\u00ebher\u00eb.<\/p>\n<p>Z\u00ebvend\u00ebsit z\u00ebvend\u00ebsojn\u00eb. Por, mbase k\u00ebta z\u00ebvend\u00ebs z\u00ebvend\u00ebsojn\u00eb ve\u00e7se at\u00eb q\u00eb d\u00ebshiron t\u00eb jet\u00eb i paz\u00ebvend\u00ebsuesh\u00ebm. Z\u00ebvend\u00ebsit jan\u00eb aty p\u00ebr t\u00eb mos ndodhur z\u00ebvend\u00ebsimi. Mu p\u00ebr k\u00ebt\u00eb arsye z\u00ebvend\u00ebsimi, si z\u00eb vend\u00ebsimi, do t\u00eb jet\u00eb ashtu si\u00e7 duhet t\u00eb jet\u00eb: z\u00ebvend\u00ebsim i z\u00ebvend\u00ebsve bashk\u00eb e p\u00ebrnj\u00ebher\u00eb me t\u00eb paz\u00ebvend\u00ebsueshmin. Her\u00ebdokur.<\/p>\n","protected":false},"excerpt":{"rendered":"<p>Albin Kurti, 14.04.2011 Z\u00ebvend\u00ebsit z\u00ebvend\u00ebsojn\u00eb. Z\u00ebvend\u00ebsit z\u00ebvend\u00ebsojn\u00eb at\u00eb q\u00eb duhet z\u00ebvend\u00ebsuar, n\u00eb rast t\u00eb munges\u00ebs ose pamund\u00ebsis\u00eb. Pra, z\u00ebvend\u00ebsohet ai q\u00eb mungon ose ai q\u00eb s\u2019mundet. Z\u00ebvend\u00ebsimi \u00ebsht\u00eb z\u00ebvend\u00ebsim n\u00eb kushtet e munges\u00ebs s\u00eb pranis\u00eb s\u00eb atij q\u00eb, p\u00ebr pasoj\u00eb, duhet z\u00ebvend\u00ebsuar. Ose: z\u00ebvend\u00ebsimi \u00ebsht\u00eb z\u00ebvend\u00ebsim kur \u00ebsht\u00eb b\u00ebr\u00eb e pamundur q\u00eb t\u00eb funksionoj\u00eb ai, [&hellip;]<\/p>\n","protected":false},"author":1,"featured_media":0,"comment_status":"open","ping_status":"closed","sticky":false,"template":"","format":"standard","meta":{"footnotes":""},"categories":[2],"tags":[],"class_list":{"0":"post-7708","1":"post","2":"type-post","3":"status-publish","4":"format-standard","6":"category-artikuj"},"yoast_head":"<!-- This site is optimized with the Yoast SEO plugin v27.4 - https:\/\/yoast.com\/product\/yoast-seo-wordpress\/ -->\n<title>Z\u00ebvend\u00ebsi - FjALA e LIR\u00cb - Arkivi<\/title>\n<meta name=\"robots\" content=\"index, follow, max-snippet:-1, max-image-preview:large, max-video-preview:-1\" \/>\n<link rel=\"canonical\" href=\"https:\/\/fjala.info\/2009-2015\/zevendesi\/\" \/>\n<meta property=\"og:locale\" content=\"sq_AL\" \/>\n<meta property=\"og:type\" content=\"article\" \/>\n<meta property=\"og:title\" content=\"Z\u00ebvend\u00ebsi - FjALA e LIR\u00cb - Arkivi\" \/>\n<meta property=\"og:description\" content=\"Albin Kurti, 14.04.2011 Z\u00ebvend\u00ebsit z\u00ebvend\u00ebsojn\u00eb. Z\u00ebvend\u00ebsit z\u00ebvend\u00ebsojn\u00eb at\u00eb q\u00eb duhet z\u00ebvend\u00ebsuar, n\u00eb rast t\u00eb munges\u00ebs ose pamund\u00ebsis\u00eb. Pra, z\u00ebvend\u00ebsohet ai q\u00eb mungon ose ai q\u00eb s\u2019mundet. Z\u00ebvend\u00ebsimi \u00ebsht\u00eb z\u00ebvend\u00ebsim n\u00eb kushtet e munges\u00ebs s\u00eb pranis\u00eb s\u00eb atij q\u00eb, p\u00ebr pasoj\u00eb, duhet z\u00ebvend\u00ebsuar. Ose: z\u00ebvend\u00ebsimi \u00ebsht\u00eb z\u00ebvend\u00ebsim kur \u00ebsht\u00eb b\u00ebr\u00eb e pamundur q\u00eb t\u00eb funksionoj\u00eb ai, [&hellip;]\" \/>\n<meta property=\"og:url\" content=\"https:\/\/fjala.info\/2009-2015\/zevendesi\/\" \/>\n<meta property=\"og:site_name\" content=\"FjALA e LIR\u00cb - Arkivi\" \/>\n<meta property=\"article:published_time\" content=\"2011-04-15T06:06:41+00:00\" \/>\n<meta property=\"og:image\" content=\"http:\/\/www.shkoder.net\/images\/fjala\/albin_kurti.jpg\" \/>\n<meta name=\"author\" content=\"admin\" \/>\n<meta name=\"twitter:card\" content=\"summary_large_image\" \/>\n<meta name=\"twitter:label1\" content=\"Written by\" \/>\n\t<meta name=\"twitter:data1\" content=\"admin\" \/>\n\t<meta name=\"twitter:label2\" content=\"Est. reading time\" \/>\n\t<meta name=\"twitter:data2\" content=\"4 minutes\" \/>\n<script type=\"application\/ld+json\" class=\"yoast-schema-graph\">{\"@context\":\"https:\\\/\\\/schema.org\",\"@graph\":[{\"@type\":\"Article\",\"@id\":\"https:\\\/\\\/fjala.info\\\/2009-2015\\\/zevendesi\\\/#article\",\"isPartOf\":{\"@id\":\"https:\\\/\\\/fjala.info\\\/2009-2015\\\/zevendesi\\\/\"},\"author\":{\"name\":\"admin\",\"@id\":\"https:\\\/\\\/fjala.info\\\/2009-2015\\\/#\\\/schema\\\/person\\\/3aa1163ef05469c496fc94e77611ada2\"},\"headline\":\"Z\u00ebvend\u00ebsi\",\"datePublished\":\"2011-04-15T06:06:41+00:00\",\"mainEntityOfPage\":{\"@id\":\"https:\\\/\\\/fjala.info\\\/2009-2015\\\/zevendesi\\\/\"},\"wordCount\":763,\"commentCount\":0,\"publisher\":{\"@id\":\"https:\\\/\\\/fjala.info\\\/2009-2015\\\/#organization\"},\"image\":{\"@id\":\"https:\\\/\\\/fjala.info\\\/2009-2015\\\/zevendesi\\\/#primaryimage\"},\"thumbnailUrl\":\"http:\\\/\\\/www.shkoder.net\\\/images\\\/fjala\\\/albin_kurti.jpg\",\"articleSection\":[\"Artikuj\"],\"inLanguage\":\"sq-AL\",\"potentialAction\":[{\"@type\":\"CommentAction\",\"name\":\"Comment\",\"target\":[\"https:\\\/\\\/fjala.info\\\/2009-2015\\\/zevendesi\\\/#respond\"]}]},{\"@type\":\"WebPage\",\"@id\":\"https:\\\/\\\/fjala.info\\\/2009-2015\\\/zevendesi\\\/\",\"url\":\"https:\\\/\\\/fjala.info\\\/2009-2015\\\/zevendesi\\\/\",\"name\":\"Z\u00ebvend\u00ebsi - FjALA e LIR\u00cb - Arkivi\",\"isPartOf\":{\"@id\":\"https:\\\/\\\/fjala.info\\\/2009-2015\\\/#website\"},\"primaryImageOfPage\":{\"@id\":\"https:\\\/\\\/fjala.info\\\/2009-2015\\\/zevendesi\\\/#primaryimage\"},\"image\":{\"@id\":\"https:\\\/\\\/fjala.info\\\/2009-2015\\\/zevendesi\\\/#primaryimage\"},\"thumbnailUrl\":\"http:\\\/\\\/www.shkoder.net\\\/images\\\/fjala\\\/albin_kurti.jpg\",\"datePublished\":\"2011-04-15T06:06:41+00:00\",\"breadcrumb\":{\"@id\":\"https:\\\/\\\/fjala.info\\\/2009-2015\\\/zevendesi\\\/#breadcrumb\"},\"inLanguage\":\"sq-AL\",\"potentialAction\":[{\"@type\":\"ReadAction\",\"target\":[\"https:\\\/\\\/fjala.info\\\/2009-2015\\\/zevendesi\\\/\"]}]},{\"@type\":\"ImageObject\",\"inLanguage\":\"sq-AL\",\"@id\":\"https:\\\/\\\/fjala.info\\\/2009-2015\\\/zevendesi\\\/#primaryimage\",\"url\":\"http:\\\/\\\/www.shkoder.net\\\/images\\\/fjala\\\/albin_kurti.jpg\",\"contentUrl\":\"http:\\\/\\\/www.shkoder.net\\\/images\\\/fjala\\\/albin_kurti.jpg\"},{\"@type\":\"BreadcrumbList\",\"@id\":\"https:\\\/\\\/fjala.info\\\/2009-2015\\\/zevendesi\\\/#breadcrumb\",\"itemListElement\":[{\"@type\":\"ListItem\",\"position\":1,\"name\":\"Home\",\"item\":\"https:\\\/\\\/fjala.info\\\/2009-2015\\\/\"},{\"@type\":\"ListItem\",\"position\":2,\"name\":\"Z\u00ebvend\u00ebsi\"}]},{\"@type\":\"WebSite\",\"@id\":\"https:\\\/\\\/fjala.info\\\/2009-2015\\\/#website\",\"url\":\"https:\\\/\\\/fjala.info\\\/2009-2015\\\/\",\"name\":\"FjALA e LIR\u00cb - Arkivi\",\"description\":\"Arkivi 2009-2015\",\"publisher\":{\"@id\":\"https:\\\/\\\/fjala.info\\\/2009-2015\\\/#organization\"},\"potentialAction\":[{\"@type\":\"SearchAction\",\"target\":{\"@type\":\"EntryPoint\",\"urlTemplate\":\"https:\\\/\\\/fjala.info\\\/2009-2015\\\/?s={search_term_string}\"},\"query-input\":{\"@type\":\"PropertyValueSpecification\",\"valueRequired\":true,\"valueName\":\"search_term_string\"}}],\"inLanguage\":\"sq-AL\"},{\"@type\":\"Organization\",\"@id\":\"https:\\\/\\\/fjala.info\\\/2009-2015\\\/#organization\",\"name\":\"FjALA e LIR\u00cb - Arkivi\",\"url\":\"https:\\\/\\\/fjala.info\\\/2009-2015\\\/\",\"logo\":{\"@type\":\"ImageObject\",\"inLanguage\":\"sq-AL\",\"@id\":\"https:\\\/\\\/fjala.info\\\/2009-2015\\\/#\\\/schema\\\/logo\\\/image\\\/\",\"url\":\"\",\"contentUrl\":\"\",\"caption\":\"FjALA e LIR\u00cb - Arkivi\"},\"image\":{\"@id\":\"https:\\\/\\\/fjala.info\\\/2009-2015\\\/#\\\/schema\\\/logo\\\/image\\\/\"}},{\"@type\":\"Person\",\"@id\":\"https:\\\/\\\/fjala.info\\\/2009-2015\\\/#\\\/schema\\\/person\\\/3aa1163ef05469c496fc94e77611ada2\",\"name\":\"admin\",\"image\":{\"@type\":\"ImageObject\",\"inLanguage\":\"sq-AL\",\"@id\":\"https:\\\/\\\/fjala.info\\\/2009-2015\\\/wp-content\\\/uploads\\\/2012\\\/02\\\/arben_cokaj-120x150.jpg\",\"url\":\"https:\\\/\\\/fjala.info\\\/2009-2015\\\/wp-content\\\/uploads\\\/2012\\\/02\\\/arben_cokaj-120x150.jpg\",\"contentUrl\":\"https:\\\/\\\/fjala.info\\\/2009-2015\\\/wp-content\\\/uploads\\\/2012\\\/02\\\/arben_cokaj-120x150.jpg\",\"caption\":\"admin\"},\"description\":\"Admin, Fjala e Lir\u00eb\",\"sameAs\":[\"https:\\\/\\\/fjala.info\\\/\"],\"url\":\"https:\\\/\\\/fjala.info\\\/2009-2015\\\/author\\\/admin\\\/\"}]}<\/script>\n<!-- \/ Yoast SEO plugin. -->","yoast_head_json":{"title":"Z\u00ebvend\u00ebsi - FjALA e LIR\u00cb - Arkivi","robots":{"index":"index","follow":"follow","max-snippet":"max-snippet:-1","max-image-preview":"max-image-preview:large","max-video-preview":"max-video-preview:-1"},"canonical":"https:\/\/fjala.info\/2009-2015\/zevendesi\/","og_locale":"sq_AL","og_type":"article","og_title":"Z\u00ebvend\u00ebsi - FjALA e LIR\u00cb - Arkivi","og_description":"Albin Kurti, 14.04.2011 Z\u00ebvend\u00ebsit z\u00ebvend\u00ebsojn\u00eb. Z\u00ebvend\u00ebsit z\u00ebvend\u00ebsojn\u00eb at\u00eb q\u00eb duhet z\u00ebvend\u00ebsuar, n\u00eb rast t\u00eb munges\u00ebs ose pamund\u00ebsis\u00eb. Pra, z\u00ebvend\u00ebsohet ai q\u00eb mungon ose ai q\u00eb s\u2019mundet. Z\u00ebvend\u00ebsimi \u00ebsht\u00eb z\u00ebvend\u00ebsim n\u00eb kushtet e munges\u00ebs s\u00eb pranis\u00eb s\u00eb atij q\u00eb, p\u00ebr pasoj\u00eb, duhet z\u00ebvend\u00ebsuar. Ose: z\u00ebvend\u00ebsimi \u00ebsht\u00eb z\u00ebvend\u00ebsim kur \u00ebsht\u00eb b\u00ebr\u00eb e pamundur q\u00eb t\u00eb funksionoj\u00eb ai, [&hellip;]","og_url":"https:\/\/fjala.info\/2009-2015\/zevendesi\/","og_site_name":"FjALA e LIR\u00cb - Arkivi","article_published_time":"2011-04-15T06:06:41+00:00","og_image":[{"url":"http:\/\/www.shkoder.net\/images\/fjala\/albin_kurti.jpg","type":"","width":"","height":""}],"author":"admin","twitter_card":"summary_large_image","twitter_misc":{"Written by":"admin","Est. reading time":"4 minutes"},"schema":{"@context":"https:\/\/schema.org","@graph":[{"@type":"Article","@id":"https:\/\/fjala.info\/2009-2015\/zevendesi\/#article","isPartOf":{"@id":"https:\/\/fjala.info\/2009-2015\/zevendesi\/"},"author":{"name":"admin","@id":"https:\/\/fjala.info\/2009-2015\/#\/schema\/person\/3aa1163ef05469c496fc94e77611ada2"},"headline":"Z\u00ebvend\u00ebsi","datePublished":"2011-04-15T06:06:41+00:00","mainEntityOfPage":{"@id":"https:\/\/fjala.info\/2009-2015\/zevendesi\/"},"wordCount":763,"commentCount":0,"publisher":{"@id":"https:\/\/fjala.info\/2009-2015\/#organization"},"image":{"@id":"https:\/\/fjala.info\/2009-2015\/zevendesi\/#primaryimage"},"thumbnailUrl":"http:\/\/www.shkoder.net\/images\/fjala\/albin_kurti.jpg","articleSection":["Artikuj"],"inLanguage":"sq-AL","potentialAction":[{"@type":"CommentAction","name":"Comment","target":["https:\/\/fjala.info\/2009-2015\/zevendesi\/#respond"]}]},{"@type":"WebPage","@id":"https:\/\/fjala.info\/2009-2015\/zevendesi\/","url":"https:\/\/fjala.info\/2009-2015\/zevendesi\/","name":"Z\u00ebvend\u00ebsi - FjALA e LIR\u00cb - Arkivi","isPartOf":{"@id":"https:\/\/fjala.info\/2009-2015\/#website"},"primaryImageOfPage":{"@id":"https:\/\/fjala.info\/2009-2015\/zevendesi\/#primaryimage"},"image":{"@id":"https:\/\/fjala.info\/2009-2015\/zevendesi\/#primaryimage"},"thumbnailUrl":"http:\/\/www.shkoder.net\/images\/fjala\/albin_kurti.jpg","datePublished":"2011-04-15T06:06:41+00:00","breadcrumb":{"@id":"https:\/\/fjala.info\/2009-2015\/zevendesi\/#breadcrumb"},"inLanguage":"sq-AL","potentialAction":[{"@type":"ReadAction","target":["https:\/\/fjala.info\/2009-2015\/zevendesi\/"]}]},{"@type":"ImageObject","inLanguage":"sq-AL","@id":"https:\/\/fjala.info\/2009-2015\/zevendesi\/#primaryimage","url":"http:\/\/www.shkoder.net\/images\/fjala\/albin_kurti.jpg","contentUrl":"http:\/\/www.shkoder.net\/images\/fjala\/albin_kurti.jpg"},{"@type":"BreadcrumbList","@id":"https:\/\/fjala.info\/2009-2015\/zevendesi\/#breadcrumb","itemListElement":[{"@type":"ListItem","position":1,"name":"Home","item":"https:\/\/fjala.info\/2009-2015\/"},{"@type":"ListItem","position":2,"name":"Z\u00ebvend\u00ebsi"}]},{"@type":"WebSite","@id":"https:\/\/fjala.info\/2009-2015\/#website","url":"https:\/\/fjala.info\/2009-2015\/","name":"FjALA e LIR\u00cb - Arkivi","description":"Arkivi 2009-2015","publisher":{"@id":"https:\/\/fjala.info\/2009-2015\/#organization"},"potentialAction":[{"@type":"SearchAction","target":{"@type":"EntryPoint","urlTemplate":"https:\/\/fjala.info\/2009-2015\/?s={search_term_string}"},"query-input":{"@type":"PropertyValueSpecification","valueRequired":true,"valueName":"search_term_string"}}],"inLanguage":"sq-AL"},{"@type":"Organization","@id":"https:\/\/fjala.info\/2009-2015\/#organization","name":"FjALA e LIR\u00cb - Arkivi","url":"https:\/\/fjala.info\/2009-2015\/","logo":{"@type":"ImageObject","inLanguage":"sq-AL","@id":"https:\/\/fjala.info\/2009-2015\/#\/schema\/logo\/image\/","url":"","contentUrl":"","caption":"FjALA e LIR\u00cb - Arkivi"},"image":{"@id":"https:\/\/fjala.info\/2009-2015\/#\/schema\/logo\/image\/"}},{"@type":"Person","@id":"https:\/\/fjala.info\/2009-2015\/#\/schema\/person\/3aa1163ef05469c496fc94e77611ada2","name":"admin","image":{"@type":"ImageObject","inLanguage":"sq-AL","@id":"https:\/\/fjala.info\/2009-2015\/wp-content\/uploads\/2012\/02\/arben_cokaj-120x150.jpg","url":"https:\/\/fjala.info\/2009-2015\/wp-content\/uploads\/2012\/02\/arben_cokaj-120x150.jpg","contentUrl":"https:\/\/fjala.info\/2009-2015\/wp-content\/uploads\/2012\/02\/arben_cokaj-120x150.jpg","caption":"admin"},"description":"Admin, Fjala e Lir\u00eb","sameAs":["https:\/\/fjala.info\/"],"url":"https:\/\/fjala.info\/2009-2015\/author\/admin\/"}]}},"_links":{"self":[{"href":"https:\/\/fjala.info\/2009-2015\/wp-json\/wp\/v2\/posts\/7708","targetHints":{"allow":["GET"]}}],"collection":[{"href":"https:\/\/fjala.info\/2009-2015\/wp-json\/wp\/v2\/posts"}],"about":[{"href":"https:\/\/fjala.info\/2009-2015\/wp-json\/wp\/v2\/types\/post"}],"author":[{"embeddable":true,"href":"https:\/\/fjala.info\/2009-2015\/wp-json\/wp\/v2\/users\/1"}],"replies":[{"embeddable":true,"href":"https:\/\/fjala.info\/2009-2015\/wp-json\/wp\/v2\/comments?post=7708"}],"version-history":[{"count":0,"href":"https:\/\/fjala.info\/2009-2015\/wp-json\/wp\/v2\/posts\/7708\/revisions"}],"wp:attachment":[{"href":"https:\/\/fjala.info\/2009-2015\/wp-json\/wp\/v2\/media?parent=7708"}],"wp:term":[{"taxonomy":"category","embeddable":true,"href":"https:\/\/fjala.info\/2009-2015\/wp-json\/wp\/v2\/categories?post=7708"},{"taxonomy":"post_tag","embeddable":true,"href":"https:\/\/fjala.info\/2009-2015\/wp-json\/wp\/v2\/tags?post=7708"}],"curies":[{"name":"wp","href":"https:\/\/api.w.org\/{rel}","templated":true}]}}