{"id":752,"date":"2011-12-25T17:34:00","date_gmt":"2011-12-25T16:34:00","guid":{"rendered":"http:\/\/fjala.shkoder.net\/?p=752"},"modified":"2011-12-25T17:34:00","modified_gmt":"2011-12-25T16:34:00","slug":"detyra-qe-kemi-ne-bote-eshte-te-mesojme-te-bejme-dicka","status":"publish","type":"post","link":"https:\/\/fjala.info\/2009-2015\/detyra-qe-kemi-ne-bote-eshte-te-mesojme-te-bejme-dicka\/","title":{"rendered":"Detyra q\u00eb kemi n\u00eb bot\u00eb \u00ebsht\u00eb t\u00eb m\u00ebsojm\u00eb t\u00eb b\u00ebjm\u00eb di\u00e7ka"},"content":{"rendered":"<p>\u2013 <strong>Foster Wallace<\/strong><\/p>\n<p>(<em>Ne shkrimtar\u00ebt jemi t\u00eb paaft\u00eb t\u2019u flasim t\u00eb tjer\u00ebve<\/em>)<\/p>\n<p>E pyet veten n\u00ebse librat jan\u00eb jasht\u00eb mode? A preokupohesh ndonj\u00ebher\u00eb? Kishin kaluar dhjet\u00eb vjet q\u00eb revista Rolling Stone nuk botonte nj\u00eb pjes\u00eb p\u00ebr nj\u00eb shkrimtar t\u00eb mosh\u00ebs t\u00ebnde.<\/p>\n<p>Mendoj se dikur librat ishin nj\u00eb komponent i r\u00ebnd\u00ebsish\u00ebm i debatit kulturor, n\u00eb nj\u00eb m\u00ebnyr\u00eb q\u00eb sot nuk jan\u00eb m\u00eb. Fakti q\u00eb revista Rolling Stone nuk flet si m\u00eb par\u00eb thot\u00eb shum\u00eb : jo p\u00ebr revist\u00ebn, sesa p\u00ebr interesin q\u00eb kultura jon\u00eb ushqen ndaj librit. P\u00ebr mua\u2026 e di edhe ti, kur takohemi me shkrimtar\u00eb t\u00eb tjer\u00eb, ky b\u00ebhet nj\u00eb argument i madh p\u00ebr biseda, sepse fillojm\u00eb q\u00eb t\u00eb gjith\u00eb t\u00eb ankohemi dhe qahemi. Flasim p\u00ebr degradimin e arsmit dhe t\u00eb pragut t\u00eb v\u00ebmendjes s\u00eb njer\u00ebzve, p\u00ebr p\u00ebrgjegj\u00ebsit\u00eb e tvre n\u00eb gjith\u00eb k\u00ebt\u00eb histori. P\u00ebr mua pyetja interesante \u00ebsht\u00eb : \u00e7far\u00eb ndodhi q\u00eb libri t\u00eb b\u00ebhet nj\u00eb pjes\u00eb m\u00eb pak e r\u00ebnd\u00ebsishme e debatit kulturor?<\/p>\n<p>Ja p\u00ebr mendimin tim shum\u00eb prej nesh harrojn\u00eb se pjes\u00ebrisht faji \u00ebsht\u00eb i vet\u00eb librave. Dhe ndoshta krijohet nj\u00eb lloji rrethi vicioz p\u00ebr t\u00eb cil\u00ebn, dora dor\u00ebs q\u00eb shkrimtar\u00ebt humbin r\u00ebnd\u00ebsi n\u00eb nivelin tregtar dhe n\u00eb lidhje me kultur\u00ebn e masave, fillojn\u00eb ta mbrojn\u00eb egon e vet, duke folur m\u00eb tep\u00ebr mes tyre. Dhe duke u vendosur si nj\u00eb lloj takimi sekret i mbyllur n\u00eb vetvete q\u00eb nuk ka t\u00eb b\u00ebj\u00eb asgj\u00eb me lexuesit real\u00eb, lexuesit normal\u00eb. Pra nuk besoj se se librat kan\u00eb dal\u00eb nga moda. Besoj se duhet t\u00eb gjejn\u00eb m\u00ebnyra radikalisht t\u00eb reja q\u00eb t\u00eb b\u00ebjn\u00eb detyr\u00ebn e tyre. Dhe mendoj se ne si brez, nuk kemi q\u00ebn\u00eb kush e di se \u00e7far\u00eb n\u00eb k\u00ebt\u00eb pik\u00eb.<\/p>\n<p>Ka gj\u00ebra q\u00eb let\u00ebrsia e madhe mund t\u2019i b\u00ebj\u00eb dhe q\u00eb forma t\u00eb tjera t\u00eb artit nuk arrijn\u00eb q\u00eb ta b\u00ebjn\u00eb kaq mir\u00eb. Dhe kryesorja m\u00eb duket se \u00ebsht\u00eb fakti se mund t\u00eb kap\u00ebrcesh p\u00ebrtej murit t\u00eb identitetit individual dhe ta p\u00ebrshkruash p\u00ebrvoj\u00ebn e vet t\u00eb brendshme; t\u00eb provokoj\u00eb nj\u00eb lloj bisede intime mes dy nd\u00ebrgjegjeve. Hilja q\u00ebndron tek gjetja e m\u00ebnyr\u00ebs p\u00ebr ta b\u00ebr\u00eb n\u00eb nj\u00eb epok\u00eb dhe p\u00ebr nj\u00eb brez q\u00eb ka nj\u00eb marr\u00ebdh\u00ebnie krejt t\u00eb ndryshme me komunikimin verbal linear dhe t\u00eb zgjatur n\u00eb koh\u00eb. Nj\u00eb prej motiveve p\u00ebr t\u00eb cilin libri im ka nj\u00eb struktur\u00eb t\u00eb \u00e7uditshme \u00ebsht\u00eb q\u00eb t\u00eb p\u00ebrpiqesh sa m\u00eb pak ta imitosh strukturalisht, nj\u00eb lloj p\u00ebrvoje t\u00eb brendshme.<\/p>\n<p>Disa gj\u00ebra ndikojn\u00eb tipin e p\u00ebrvojave t\u00eb brendshme q\u00eb dikush i jeton. Dhe ndjenjat p\u00ebr t\u00eb cilat let\u00ebrsia duhet t\u00eb flas\u00eb. D.m.th nj\u00eb person i sot\u00ebm kalon shum\u00eb koh\u00eb para nj\u00eb monitori. N\u00eb dhoma t\u00eb ndri\u00e7uara nga neonet, n\u00eb dhomat e vogla t\u00eb zyrave, n\u00eb nj\u00ebr\u00ebn apo n\u00eb an\u00ebn tjet\u00ebr t\u00eb transferimit t\u00eb t\u00eb dh\u00ebnave. E \u00e7far\u00eb kuptim ka t\u00eb jesh human, i gjall\u00eb dhe t\u00eb ushtrosh k\u00ebt\u00eb humanitet n\u00eb k\u00ebt\u00eb lloj shk\u00ebmbimesh? N\u00eb lidhje me 50 vjet m\u00eb par\u00eb, kur pjesa m\u00eb e madhe e p\u00ebrvoj\u00ebs s\u00eb nj\u00eb personi ishte, ku ta di un\u00eb, t\u00eb kishe nj\u00eb sht\u00ebpi, nj\u00eb kop\u00ebsht dhe t\u00eb b\u00ebnte 15 km \u00e7do dit\u00eb me makin\u00eb q\u00eb t\u00eb shkonte t\u00eb punonte n\u00eb fabrik\u00eb.<\/p>\n<p>T\u00eb jetoje dhe vdisje n\u00eb t\u00eb nj\u00ebjtin qytet ku lindje dhe ta m\u00ebsoje sesi ishin qytetet e tjera vet\u00ebm nga fotografit\u00eb dhe nga ndnj\u00eb kinolajm her\u00eb pas here. Pra ka nj\u00eb pafund\u00ebsi gj\u00ebrash q\u00eb m\u00eb duken t\u00eb ndryshme dhe shpejt\u00ebsia me t\u00eb cil\u00ebn ndryshojn\u00eb gj\u00ebrat \u00ebsht\u00eb tamam\u2026 Hilja q\u00eb duhet t\u00eb b\u00ebj\u00eb let\u00ebrsia, sesi e shoh un\u00eb, duhet t\u00eb jet\u00eb q\u00eb t\u00eb k\u00ebrkoj\u00eb nj\u00eb pasuri detajesh dhe nj\u00eb gjuh\u00eb n\u00eb gjendje t\u00eb tregoj\u00eb\u2026 t\u00eb p\u00ebrpiqet t\u00eb krijoj\u00eb nj\u00eb imitim efikas sa q\u00eb mjafton p\u00ebr t\u00eb treguar se n\u00eb realitet nuk ka ndryshuar asgj\u00eb\u2026 Ajo q\u00eb ka q\u00ebn\u00eb e r\u00ebnd\u00ebsishme \u00ebsht\u00eb p\u00ebrs\u00ebri. Detyra jon\u00eb \u00ebsht\u00eb q\u00eb t\u00eb kuptojm\u00eb sesi ta b\u00ebsh k\u00ebt\u00eb gj\u00eb n\u00eb nj\u00eb m\u00ebnyr\u00eb, p\u00ebrmbajtja sensoriale \u00ebsht\u00eb krejt e ndryshme.<\/p>\n<p><strong>Ajo q\u00eb \u00ebsht\u00eb e r\u00ebnd\u00ebsishme \u00ebsht\u00eb nj\u00eb komponent themelor i qart\u00eb human.<\/strong><\/p>\n<p>Po, si t\u00eb thuash\u2026 p\u00ebr k\u00eb jetoj un\u00eb? Ku besoj? \u00c7far\u00eb dua me t\u00eb v\u00ebrtet\u00eb? Ja jan\u00eb ato lloj pyetjesh kaq t\u00eb thella q\u00eb kur dikush i b\u00ebn me z\u00eb t\u00eb lart\u00eb duken banale.<\/p>\n<p>Mendoj se \u00e7do brez gjen shkaqe t\u00eb reja q\u00eb t\u00eb shpjegoj\u00eb sesi njer\u00ebzit sillen kryesisht keq. Konstantja e vetme jan\u00eb sjelljet e gabuara. P\u00ebr mendimin tim shkaku yn\u00eb jan\u00eb mediat dhe teknologjia.<\/p>\n<p>P\u00ebr mua motive p\u00ebr t\u00eb cilat njer\u00ebzit sillen keq \u00ebsht\u00eb se t\u00eb kall frik\u00ebn t\u00eb jetosh n\u00eb k\u00ebt\u00eb bot\u00eb dhe t\u00eb jesh human, jemi t\u00eb gjith\u00eb shum\u00eb, shum\u00eb t\u00eb frik\u00ebsuar. Frika \u00ebsht\u00eb gjendja baz\u00eb dhe ka shum\u00eb motive p\u00ebr t\u00eb q\u00ebn\u00eb t\u00eb trembur. Por detyra jon\u00eb k\u00ebtu \u00ebsht\u00eb t\u00eb m\u00ebsojm\u00eb t\u00eb jetojm\u00eb n\u00eb m\u00ebnyr\u00eb t\u00eb till\u00eb, saq\u00eb t\u00eb mos jemi n\u00eb m\u00ebnyr\u00eb kostante t\u00eb terrorizuar. Dhe jo n\u00eb m\u00ebnyr\u00ebn q\u00eb t\u00eb duam t\u00eb p\u00ebrdorim \u00e7do mjet, personat me q\u00ebllim q\u00eb ta mbajm\u00eb larg at\u00eb lloj terrori. Un\u00eb e mendoj k\u00ebshtu. P\u00ebrsa m\u00eb p\u00ebrket mua, si mashkull amerikan, fytyra q\u00eb i jap atij terrori \u00ebsht\u00eb vet\u00ebdija q\u00eb po lind se asgj\u00eb nuk mjafton, e kupton? Se k\u00ebnaq\u00ebsia nuk mjafton kurr\u00eb, se \u00e7do synim i arritur nuk mjafton kurr\u00eb. Ka nj\u00eb lloj pak\u00ebnaq\u00ebsie t\u00eb \u00e7uditshme, boshll\u00ebku, n\u00eb zem\u00ebr t\u00eb q\u00ebnies s\u00eb vet, q\u00eb nuk mund t\u00eb mbushte me di\u00e7ka t\u00eb jashtme. Sipas meje funksionon k\u00ebshtu q\u00eb nga fillesat, qysh kur njer\u00ebzit primitiv\u00eb rriheshin me shkopinj. Edhe pse mund t\u00eb p\u00ebrshkruhet me nj\u00eb mij\u00eb fjal\u00eb dhe gjerge kulturore t\u00eb ndryshme. Dhe sfida q\u00eb na shfaqet ve\u00e7an\u00ebrisht neve q\u00ebndron tek fakti se nuk ka patur kaq shum\u00eb boll\u00ebk, me cil\u00ebsi kaq t\u00eb lart\u00eb q\u00eb vjen nga jasht\u00eb, q\u00eb duket se e mbyll provisorisht at\u00eb vrim\u00eb apo ta fsheh\u00eb.<\/p>\n<p><strong>Ai boshll\u00ebk mund t\u00eb mbyllet duke p\u00ebrdorur mjete t\u00eb brendshme?<\/strong><\/p>\n<p>Personalisht besoj se mund t\u00eb zihet n\u00eb nj\u00eb far\u00eb m\u00ebnyre, b\u00ebhet vet\u00ebm p\u00ebrmes mjeteve t\u00eb brendshme. Ato mjete t\u00eb brendshme duhet t\u2019i shoh\u00eb dhe zhvilloj\u00eb dhe kan\u00eb t\u00eb b\u00ebjn\u00eb me\u2026p\u00ebr ta b\u00ebr\u00eb psikologjin\u00eb t\u00eb holl\u00eb, me dashurin\u00eb p\u00ebr veten. Si t\u00eb thuash.. n\u00ebse mendon p\u00ebr ato her\u00eb n\u00eb jet\u00eb q\u00eb i ke trajtuar personat me dashuri dhe korrekt\u00ebsi t\u00eb jasht\u00ebzakonshme dhe je kujdesur n\u00eb m\u00ebnyr\u00eb krejt t\u00eb painters, vet\u00ebm sepse kishin nj\u00eb vler\u00eb si q\u00ebnie njer\u00ebzore. Ja aft\u00ebsia q\u00eb t\u00eb b\u00ebjm\u00eb t\u00eb nj\u00ebjt\u00ebn gj\u00eb me veten ton\u00eb. Ta trajtojm\u00eb veten si\u00e7 do ta trajtonim nj\u00eb mik t\u00eb mir\u00eb, t\u00eb \u00e7muar. Apo nj\u00eb f\u00ebmij\u00ebn ton\u00eb q\u00eb e duam m\u00eb shum\u00eb se vet\u00eb jeta. Dhe mendoj se \u00ebsht\u00eb e mundur t\u2019ia arrijm\u00eb. Mendoj se pjes\u00ebrisht detyra q\u00eb kemi n\u00eb bot\u00eb \u00ebsht\u00eb t\u00eb m\u00ebsojm\u00eb t\u00eb b\u00ebjm\u00eb di\u00e7ka.<\/p>\n<p>P\u00ebrgatiti <strong>Arjan Th. Kall\u00e7o<\/strong><\/p>\n","protected":false},"excerpt":{"rendered":"<p>\u2013 Foster Wallace (Ne shkrimtar\u00ebt jemi t\u00eb paaft\u00eb t\u2019u flasim t\u00eb tjer\u00ebve) E pyet veten n\u00ebse librat jan\u00eb jasht\u00eb mode? A preokupohesh ndonj\u00ebher\u00eb? Kishin kaluar dhjet\u00eb vjet q\u00eb revista Rolling Stone nuk botonte nj\u00eb pjes\u00eb p\u00ebr nj\u00eb shkrimtar t\u00eb mosh\u00ebs t\u00ebnde. Mendoj se dikur librat ishin nj\u00eb komponent i r\u00ebnd\u00ebsish\u00ebm i debatit kulturor, n\u00eb nj\u00eb [&hellip;]<\/p>\n","protected":false},"author":1,"featured_media":0,"comment_status":"open","ping_status":"closed","sticky":false,"template":"","format":"standard","meta":{"footnotes":""},"categories":[2,7],"tags":[],"class_list":{"0":"post-752","1":"post","2":"type-post","3":"status-publish","4":"format-standard","6":"category-artikuj","7":"category-letersi"},"yoast_head":"<!-- This site is optimized with the Yoast SEO plugin v27.4 - https:\/\/yoast.com\/product\/yoast-seo-wordpress\/ -->\n<title>Detyra q\u00eb kemi n\u00eb bot\u00eb \u00ebsht\u00eb t\u00eb m\u00ebsojm\u00eb t\u00eb b\u00ebjm\u00eb di\u00e7ka - FjALA e LIR\u00cb - Arkivi<\/title>\n<meta name=\"robots\" content=\"index, follow, max-snippet:-1, max-image-preview:large, max-video-preview:-1\" \/>\n<link rel=\"canonical\" href=\"https:\/\/fjala.info\/2009-2015\/detyra-qe-kemi-ne-bote-eshte-te-mesojme-te-bejme-dicka\/\" \/>\n<meta property=\"og:locale\" content=\"sq_AL\" \/>\n<meta property=\"og:type\" content=\"article\" \/>\n<meta property=\"og:title\" content=\"Detyra q\u00eb kemi n\u00eb bot\u00eb \u00ebsht\u00eb t\u00eb m\u00ebsojm\u00eb t\u00eb b\u00ebjm\u00eb di\u00e7ka - FjALA e LIR\u00cb - Arkivi\" \/>\n<meta property=\"og:description\" content=\"\u2013 Foster Wallace (Ne shkrimtar\u00ebt jemi t\u00eb paaft\u00eb t\u2019u flasim t\u00eb tjer\u00ebve) E pyet veten n\u00ebse librat jan\u00eb jasht\u00eb mode? A preokupohesh ndonj\u00ebher\u00eb? Kishin kaluar dhjet\u00eb vjet q\u00eb revista Rolling Stone nuk botonte nj\u00eb pjes\u00eb p\u00ebr nj\u00eb shkrimtar t\u00eb mosh\u00ebs t\u00ebnde. Mendoj se dikur librat ishin nj\u00eb komponent i r\u00ebnd\u00ebsish\u00ebm i debatit kulturor, n\u00eb nj\u00eb [&hellip;]\" \/>\n<meta property=\"og:url\" content=\"https:\/\/fjala.info\/2009-2015\/detyra-qe-kemi-ne-bote-eshte-te-mesojme-te-bejme-dicka\/\" \/>\n<meta property=\"og:site_name\" content=\"FjALA e LIR\u00cb - Arkivi\" \/>\n<meta property=\"article:published_time\" content=\"2011-12-25T16:34:00+00:00\" \/>\n<meta name=\"author\" content=\"admin\" \/>\n<meta name=\"twitter:card\" content=\"summary_large_image\" \/>\n<meta name=\"twitter:label1\" content=\"Written by\" \/>\n\t<meta name=\"twitter:data1\" content=\"admin\" \/>\n\t<meta name=\"twitter:label2\" content=\"Est. reading time\" \/>\n\t<meta name=\"twitter:data2\" content=\"6 minutes\" \/>\n<script type=\"application\/ld+json\" class=\"yoast-schema-graph\">{\"@context\":\"https:\\\/\\\/schema.org\",\"@graph\":[{\"@type\":\"Article\",\"@id\":\"https:\\\/\\\/fjala.info\\\/2009-2015\\\/detyra-qe-kemi-ne-bote-eshte-te-mesojme-te-bejme-dicka\\\/#article\",\"isPartOf\":{\"@id\":\"https:\\\/\\\/fjala.info\\\/2009-2015\\\/detyra-qe-kemi-ne-bote-eshte-te-mesojme-te-bejme-dicka\\\/\"},\"author\":{\"name\":\"admin\",\"@id\":\"https:\\\/\\\/fjala.info\\\/2009-2015\\\/#\\\/schema\\\/person\\\/3aa1163ef05469c496fc94e77611ada2\"},\"headline\":\"Detyra q\u00eb kemi n\u00eb bot\u00eb \u00ebsht\u00eb t\u00eb m\u00ebsojm\u00eb t\u00eb b\u00ebjm\u00eb di\u00e7ka\",\"datePublished\":\"2011-12-25T16:34:00+00:00\",\"mainEntityOfPage\":{\"@id\":\"https:\\\/\\\/fjala.info\\\/2009-2015\\\/detyra-qe-kemi-ne-bote-eshte-te-mesojme-te-bejme-dicka\\\/\"},\"wordCount\":1264,\"commentCount\":0,\"publisher\":{\"@id\":\"https:\\\/\\\/fjala.info\\\/2009-2015\\\/#organization\"},\"articleSection\":[\"Artikuj\",\"Let\u00ebrsi\"],\"inLanguage\":\"sq-AL\",\"potentialAction\":[{\"@type\":\"CommentAction\",\"name\":\"Comment\",\"target\":[\"https:\\\/\\\/fjala.info\\\/2009-2015\\\/detyra-qe-kemi-ne-bote-eshte-te-mesojme-te-bejme-dicka\\\/#respond\"]}]},{\"@type\":\"WebPage\",\"@id\":\"https:\\\/\\\/fjala.info\\\/2009-2015\\\/detyra-qe-kemi-ne-bote-eshte-te-mesojme-te-bejme-dicka\\\/\",\"url\":\"https:\\\/\\\/fjala.info\\\/2009-2015\\\/detyra-qe-kemi-ne-bote-eshte-te-mesojme-te-bejme-dicka\\\/\",\"name\":\"Detyra q\u00eb kemi n\u00eb bot\u00eb \u00ebsht\u00eb t\u00eb m\u00ebsojm\u00eb t\u00eb b\u00ebjm\u00eb di\u00e7ka - FjALA e LIR\u00cb - Arkivi\",\"isPartOf\":{\"@id\":\"https:\\\/\\\/fjala.info\\\/2009-2015\\\/#website\"},\"datePublished\":\"2011-12-25T16:34:00+00:00\",\"breadcrumb\":{\"@id\":\"https:\\\/\\\/fjala.info\\\/2009-2015\\\/detyra-qe-kemi-ne-bote-eshte-te-mesojme-te-bejme-dicka\\\/#breadcrumb\"},\"inLanguage\":\"sq-AL\",\"potentialAction\":[{\"@type\":\"ReadAction\",\"target\":[\"https:\\\/\\\/fjala.info\\\/2009-2015\\\/detyra-qe-kemi-ne-bote-eshte-te-mesojme-te-bejme-dicka\\\/\"]}]},{\"@type\":\"BreadcrumbList\",\"@id\":\"https:\\\/\\\/fjala.info\\\/2009-2015\\\/detyra-qe-kemi-ne-bote-eshte-te-mesojme-te-bejme-dicka\\\/#breadcrumb\",\"itemListElement\":[{\"@type\":\"ListItem\",\"position\":1,\"name\":\"Home\",\"item\":\"https:\\\/\\\/fjala.info\\\/2009-2015\\\/\"},{\"@type\":\"ListItem\",\"position\":2,\"name\":\"Detyra q\u00eb kemi n\u00eb bot\u00eb \u00ebsht\u00eb t\u00eb m\u00ebsojm\u00eb t\u00eb b\u00ebjm\u00eb di\u00e7ka\"}]},{\"@type\":\"WebSite\",\"@id\":\"https:\\\/\\\/fjala.info\\\/2009-2015\\\/#website\",\"url\":\"https:\\\/\\\/fjala.info\\\/2009-2015\\\/\",\"name\":\"FjALA e LIR\u00cb - Arkivi\",\"description\":\"Arkivi 2009-2015\",\"publisher\":{\"@id\":\"https:\\\/\\\/fjala.info\\\/2009-2015\\\/#organization\"},\"potentialAction\":[{\"@type\":\"SearchAction\",\"target\":{\"@type\":\"EntryPoint\",\"urlTemplate\":\"https:\\\/\\\/fjala.info\\\/2009-2015\\\/?s={search_term_string}\"},\"query-input\":{\"@type\":\"PropertyValueSpecification\",\"valueRequired\":true,\"valueName\":\"search_term_string\"}}],\"inLanguage\":\"sq-AL\"},{\"@type\":\"Organization\",\"@id\":\"https:\\\/\\\/fjala.info\\\/2009-2015\\\/#organization\",\"name\":\"FjALA e LIR\u00cb - Arkivi\",\"url\":\"https:\\\/\\\/fjala.info\\\/2009-2015\\\/\",\"logo\":{\"@type\":\"ImageObject\",\"inLanguage\":\"sq-AL\",\"@id\":\"https:\\\/\\\/fjala.info\\\/2009-2015\\\/#\\\/schema\\\/logo\\\/image\\\/\",\"url\":\"\",\"contentUrl\":\"\",\"caption\":\"FjALA e LIR\u00cb - Arkivi\"},\"image\":{\"@id\":\"https:\\\/\\\/fjala.info\\\/2009-2015\\\/#\\\/schema\\\/logo\\\/image\\\/\"}},{\"@type\":\"Person\",\"@id\":\"https:\\\/\\\/fjala.info\\\/2009-2015\\\/#\\\/schema\\\/person\\\/3aa1163ef05469c496fc94e77611ada2\",\"name\":\"admin\",\"image\":{\"@type\":\"ImageObject\",\"inLanguage\":\"sq-AL\",\"@id\":\"https:\\\/\\\/fjala.info\\\/2009-2015\\\/wp-content\\\/uploads\\\/2012\\\/02\\\/arben_cokaj-120x150.jpg\",\"url\":\"https:\\\/\\\/fjala.info\\\/2009-2015\\\/wp-content\\\/uploads\\\/2012\\\/02\\\/arben_cokaj-120x150.jpg\",\"contentUrl\":\"https:\\\/\\\/fjala.info\\\/2009-2015\\\/wp-content\\\/uploads\\\/2012\\\/02\\\/arben_cokaj-120x150.jpg\",\"caption\":\"admin\"},\"description\":\"Admin, Fjala e Lir\u00eb\",\"sameAs\":[\"https:\\\/\\\/fjala.info\\\/\"],\"url\":\"https:\\\/\\\/fjala.info\\\/2009-2015\\\/author\\\/admin\\\/\"}]}<\/script>\n<!-- \/ Yoast SEO plugin. -->","yoast_head_json":{"title":"Detyra q\u00eb kemi n\u00eb bot\u00eb \u00ebsht\u00eb t\u00eb m\u00ebsojm\u00eb t\u00eb b\u00ebjm\u00eb di\u00e7ka - FjALA e LIR\u00cb - Arkivi","robots":{"index":"index","follow":"follow","max-snippet":"max-snippet:-1","max-image-preview":"max-image-preview:large","max-video-preview":"max-video-preview:-1"},"canonical":"https:\/\/fjala.info\/2009-2015\/detyra-qe-kemi-ne-bote-eshte-te-mesojme-te-bejme-dicka\/","og_locale":"sq_AL","og_type":"article","og_title":"Detyra q\u00eb kemi n\u00eb bot\u00eb \u00ebsht\u00eb t\u00eb m\u00ebsojm\u00eb t\u00eb b\u00ebjm\u00eb di\u00e7ka - FjALA e LIR\u00cb - Arkivi","og_description":"\u2013 Foster Wallace (Ne shkrimtar\u00ebt jemi t\u00eb paaft\u00eb t\u2019u flasim t\u00eb tjer\u00ebve) E pyet veten n\u00ebse librat jan\u00eb jasht\u00eb mode? A preokupohesh ndonj\u00ebher\u00eb? Kishin kaluar dhjet\u00eb vjet q\u00eb revista Rolling Stone nuk botonte nj\u00eb pjes\u00eb p\u00ebr nj\u00eb shkrimtar t\u00eb mosh\u00ebs t\u00ebnde. Mendoj se dikur librat ishin nj\u00eb komponent i r\u00ebnd\u00ebsish\u00ebm i debatit kulturor, n\u00eb nj\u00eb [&hellip;]","og_url":"https:\/\/fjala.info\/2009-2015\/detyra-qe-kemi-ne-bote-eshte-te-mesojme-te-bejme-dicka\/","og_site_name":"FjALA e LIR\u00cb - Arkivi","article_published_time":"2011-12-25T16:34:00+00:00","author":"admin","twitter_card":"summary_large_image","twitter_misc":{"Written by":"admin","Est. reading time":"6 minutes"},"schema":{"@context":"https:\/\/schema.org","@graph":[{"@type":"Article","@id":"https:\/\/fjala.info\/2009-2015\/detyra-qe-kemi-ne-bote-eshte-te-mesojme-te-bejme-dicka\/#article","isPartOf":{"@id":"https:\/\/fjala.info\/2009-2015\/detyra-qe-kemi-ne-bote-eshte-te-mesojme-te-bejme-dicka\/"},"author":{"name":"admin","@id":"https:\/\/fjala.info\/2009-2015\/#\/schema\/person\/3aa1163ef05469c496fc94e77611ada2"},"headline":"Detyra q\u00eb kemi n\u00eb bot\u00eb \u00ebsht\u00eb t\u00eb m\u00ebsojm\u00eb t\u00eb b\u00ebjm\u00eb di\u00e7ka","datePublished":"2011-12-25T16:34:00+00:00","mainEntityOfPage":{"@id":"https:\/\/fjala.info\/2009-2015\/detyra-qe-kemi-ne-bote-eshte-te-mesojme-te-bejme-dicka\/"},"wordCount":1264,"commentCount":0,"publisher":{"@id":"https:\/\/fjala.info\/2009-2015\/#organization"},"articleSection":["Artikuj","Let\u00ebrsi"],"inLanguage":"sq-AL","potentialAction":[{"@type":"CommentAction","name":"Comment","target":["https:\/\/fjala.info\/2009-2015\/detyra-qe-kemi-ne-bote-eshte-te-mesojme-te-bejme-dicka\/#respond"]}]},{"@type":"WebPage","@id":"https:\/\/fjala.info\/2009-2015\/detyra-qe-kemi-ne-bote-eshte-te-mesojme-te-bejme-dicka\/","url":"https:\/\/fjala.info\/2009-2015\/detyra-qe-kemi-ne-bote-eshte-te-mesojme-te-bejme-dicka\/","name":"Detyra q\u00eb kemi n\u00eb bot\u00eb \u00ebsht\u00eb t\u00eb m\u00ebsojm\u00eb t\u00eb b\u00ebjm\u00eb di\u00e7ka - FjALA e LIR\u00cb - Arkivi","isPartOf":{"@id":"https:\/\/fjala.info\/2009-2015\/#website"},"datePublished":"2011-12-25T16:34:00+00:00","breadcrumb":{"@id":"https:\/\/fjala.info\/2009-2015\/detyra-qe-kemi-ne-bote-eshte-te-mesojme-te-bejme-dicka\/#breadcrumb"},"inLanguage":"sq-AL","potentialAction":[{"@type":"ReadAction","target":["https:\/\/fjala.info\/2009-2015\/detyra-qe-kemi-ne-bote-eshte-te-mesojme-te-bejme-dicka\/"]}]},{"@type":"BreadcrumbList","@id":"https:\/\/fjala.info\/2009-2015\/detyra-qe-kemi-ne-bote-eshte-te-mesojme-te-bejme-dicka\/#breadcrumb","itemListElement":[{"@type":"ListItem","position":1,"name":"Home","item":"https:\/\/fjala.info\/2009-2015\/"},{"@type":"ListItem","position":2,"name":"Detyra q\u00eb kemi n\u00eb bot\u00eb \u00ebsht\u00eb t\u00eb m\u00ebsojm\u00eb t\u00eb b\u00ebjm\u00eb di\u00e7ka"}]},{"@type":"WebSite","@id":"https:\/\/fjala.info\/2009-2015\/#website","url":"https:\/\/fjala.info\/2009-2015\/","name":"FjALA e LIR\u00cb - Arkivi","description":"Arkivi 2009-2015","publisher":{"@id":"https:\/\/fjala.info\/2009-2015\/#organization"},"potentialAction":[{"@type":"SearchAction","target":{"@type":"EntryPoint","urlTemplate":"https:\/\/fjala.info\/2009-2015\/?s={search_term_string}"},"query-input":{"@type":"PropertyValueSpecification","valueRequired":true,"valueName":"search_term_string"}}],"inLanguage":"sq-AL"},{"@type":"Organization","@id":"https:\/\/fjala.info\/2009-2015\/#organization","name":"FjALA e LIR\u00cb - Arkivi","url":"https:\/\/fjala.info\/2009-2015\/","logo":{"@type":"ImageObject","inLanguage":"sq-AL","@id":"https:\/\/fjala.info\/2009-2015\/#\/schema\/logo\/image\/","url":"","contentUrl":"","caption":"FjALA e LIR\u00cb - Arkivi"},"image":{"@id":"https:\/\/fjala.info\/2009-2015\/#\/schema\/logo\/image\/"}},{"@type":"Person","@id":"https:\/\/fjala.info\/2009-2015\/#\/schema\/person\/3aa1163ef05469c496fc94e77611ada2","name":"admin","image":{"@type":"ImageObject","inLanguage":"sq-AL","@id":"https:\/\/fjala.info\/2009-2015\/wp-content\/uploads\/2012\/02\/arben_cokaj-120x150.jpg","url":"https:\/\/fjala.info\/2009-2015\/wp-content\/uploads\/2012\/02\/arben_cokaj-120x150.jpg","contentUrl":"https:\/\/fjala.info\/2009-2015\/wp-content\/uploads\/2012\/02\/arben_cokaj-120x150.jpg","caption":"admin"},"description":"Admin, Fjala e Lir\u00eb","sameAs":["https:\/\/fjala.info\/"],"url":"https:\/\/fjala.info\/2009-2015\/author\/admin\/"}]}},"_links":{"self":[{"href":"https:\/\/fjala.info\/2009-2015\/wp-json\/wp\/v2\/posts\/752","targetHints":{"allow":["GET"]}}],"collection":[{"href":"https:\/\/fjala.info\/2009-2015\/wp-json\/wp\/v2\/posts"}],"about":[{"href":"https:\/\/fjala.info\/2009-2015\/wp-json\/wp\/v2\/types\/post"}],"author":[{"embeddable":true,"href":"https:\/\/fjala.info\/2009-2015\/wp-json\/wp\/v2\/users\/1"}],"replies":[{"embeddable":true,"href":"https:\/\/fjala.info\/2009-2015\/wp-json\/wp\/v2\/comments?post=752"}],"version-history":[{"count":0,"href":"https:\/\/fjala.info\/2009-2015\/wp-json\/wp\/v2\/posts\/752\/revisions"}],"wp:attachment":[{"href":"https:\/\/fjala.info\/2009-2015\/wp-json\/wp\/v2\/media?parent=752"}],"wp:term":[{"taxonomy":"category","embeddable":true,"href":"https:\/\/fjala.info\/2009-2015\/wp-json\/wp\/v2\/categories?post=752"},{"taxonomy":"post_tag","embeddable":true,"href":"https:\/\/fjala.info\/2009-2015\/wp-json\/wp\/v2\/tags?post=752"}],"curies":[{"name":"wp","href":"https:\/\/api.w.org\/{rel}","templated":true}]}}