{"id":750,"date":"2011-12-25T17:30:13","date_gmt":"2011-12-25T16:30:13","guid":{"rendered":"http:\/\/fjala.shkoder.net\/?p=750"},"modified":"2011-12-25T17:30:13","modified_gmt":"2011-12-25T16:30:13","slug":"enver-zymberi-heroi-i-vulosur-ne-argjend","status":"publish","type":"post","link":"https:\/\/fjala.info\/2009-2015\/enver-zymberi-heroi-i-vulosur-ne-argjend\/","title":{"rendered":"Enver Zymberi &#8211; Heroi i vulosur n\u00eb argjend"},"content":{"rendered":"<p><strong>Gani Qarri<\/strong>, <em>Cyrih, 23 Dhjetor 2011 <\/em><\/p>\n<p>N\u00eb shenj\u00eb nderimi dhe respekti p\u00ebr Heroin m\u00eb t\u00eb ri t\u00eb Kosov\u00ebs Enver Zymberi, me rastin e 5 mujorit t\u00eb r\u00ebnies s\u00eb tij n\u00eb krye t\u00eb detyr\u00ebs\u201d,Post\u00eb-Telekomi i Republik\u00ebs s\u00eb Kosov\u00ebs,n\u00eb edicionin e 75-t\u00eb filatelis\u00eb postare, p\u00ebrjet\u00ebsoi emrin e tij edhe n\u00eb filatelin\u00eb e shtetit,duke p\u00ebruruar pull\u00ebn e re postare me pamjen e heroit ton\u00eb m\u00eb t\u00eb ri.<\/p>\n<p>Duke pranuar si dhurat\u00eb fotografin e t\u00eb birit,&#8221;vulosur&#8221; me argjend n\u00eb pamjen e pull\u00ebs postare, Babai i policit hero, Muharrem Zymberi u shpreh se nj\u00eb akt i till\u00eb,nuk ishte nder vet\u00ebm p\u00ebr Familjen e heroit, por p\u00ebr t\u00eb gjith\u00eb polic\u00ebt e shtetit. Ndaj ashtu si\u00e7 ndjen familja krenari, t\u00eb gjith\u00eb shqiptar\u00ebt duhet t\u00eb ndjehen krenar,sepse djali i tyre me vepr\u00ebn dhe heroizmin e treguar u b\u00eb i pavdeksh\u00ebm ,duke d\u00ebshmuar se nuk i takonte vet\u00ebm familjes por gjith\u00eb Kosov\u00ebs.<\/p>\n<p>\u00cbsht\u00eb p\u00ebr tu p\u00ebrsh\u00ebndetur edhe puna e madhe e Filatelis\u00eb s\u00eb Post Telekomit t\u00eb Kosov\u00ebs,e cila b\u00ebri nj\u00eb vep\u00ebr t\u00eb madhe dhe me shum\u00eb p\u00ebrkushtim n\u00eb pun\u00ebn e saj 11 vje\u00e7are, duke promovuar p\u00ebrmes pamjeve t\u00eb pullave postare, jo vet\u00ebm trash\u00ebgimin\u00eb ton\u00eb historike e kulturore, por edhe heronj e personalitete t\u00eb shquara komb\u00ebtare.<\/p>\n<p>Ajo k\u00ebsaj radhe zgjodhi t\u00eb promovonte, heroin ton\u00eb m\u00eb t\u00eb ri, Enver Zymberin t\u00eb lindur m\u00eb 3 prill t\u00eb vitit 1979 n\u00eb nj\u00eb familje atdhedash\u00ebse shqiptare, nga fshatin Dubovc af\u00ebr Vushtrris\u00eb. Ai q\u00eb n\u00eb mosh\u00ebn 19 vje\u00e7ar ishte angazhuar edhe n\u00eb luft\u00eb p\u00ebr lirin e Kosov\u00ebs si pjes\u00ebtar i U\u00c7K-s\u00eb, dhe ushtar n\u00eb brigad\u00ebn 138 \u201cAgim Ramadani\u201d.<\/p>\n<p>Pas p\u00ebrfundimit t\u00eb luft\u00ebs,q\u00eb nga vitit 2000 ishte angazhuar n\u00eb policin\u00eb e Kosov\u00ebs,si pjes\u00ebtar i gjenerat\u00ebs s\u00eb dhjet\u00eb t\u00eb saj, duke kryer detyra me r\u00ebnd\u00ebsi p\u00ebr tu dalluar edhe si pjes\u00ebtar i nj\u00ebsiteve speciale ROSU- t\u00eb shtetit deri n\u00eb r\u00ebnien e tij heroike para 5 muajsh,me 25 korrik t\u00eb vitit 2011, n\u00eb aksionin p\u00ebr \u00e7lirimin e pikave t\u00eb uzurpuara kufitare 1 dhe 31 n\u00eb veri t\u00eb vendit nga bandat kriminale serbe.<\/p>\n<p>Enver Zymberi, thirrjes s\u00eb Atdheut p\u00ebr \u00e7lirimin e trojeve tona iu p\u00ebrgjigj me devotshm\u00ebri duke u b\u00ebr\u00eb p\u00ebr\u00e7ues i denj\u00eb i amaneteve \u00e7lirimtare t\u00eb heronjve dhe d\u00ebshmor\u00ebve t\u00eb kombit. Edhe pse vuajtjet e plag\u00ebve t\u00eb pa mbyllura t\u00eb k\u00ebtij populli,ende vazhdojn\u00eb,ai me heroizmin e treguar hyri n\u00eb p\u00ebrjet\u00ebsin\u00eb e pa harruar t\u00eb heronjve duke u b\u00ebr\u00eb z\u00eb i pa shuar n\u00eb thell\u00ebsit\u00eb e historive madh\u00ebshtore komb\u00ebtare dhe k\u00ebng\u00eb e pa ndaluar p\u00ebrjetsh\u00ebm n\u00eb legjendat moderne t\u00eb koh\u00ebve tona.<\/p>\n<p>Veprat heroike t\u00eb k\u00ebtij polici trim dhe patriot, l\u00ebn\u00eb gjurm\u00eb t\u00eb pashlyera n\u00eb historit\u00eb tona atdhetare,p\u00ebr \u00e7lirimin e pjes\u00ebve t\u00eb okupuara t\u00eb atdheut. Histori m\u00eb vete ishte edhe kapja e pikave t\u00eb &#8220;pa arritshme&#8221; kufitare,duke kaluar mes p\u00ebrmes tok\u00ebs s\u00eb &#8220;ndaluar&#8221; p\u00ebr shtrirjen e shtet\u00ebsis\u00eb son\u00eb edhe n\u00eb k\u00ebt\u00eb pjese t\u00eb vendit. Ky ishte edhe nj\u00eb heroiz\u00ebm i llojit t\u00eb vet p\u00ebr kryerjen me nder t\u00eb misionit t\u00eb besuar shtet\u00ebror. Heroiz\u00ebm i shp\u00ebrfaqur me kushtrim lirie dhe dinjitet t\u00eb lart komb\u00ebtar, i cili do t\u00eb mbetet p\u00ebrher\u00eb n\u00eb historin\u00eb ton\u00eb m\u00eb t\u00eb re. Ndaj Enver Zymberi &#8211; si Hero,edhe do t\u00eb kujtohet dhe nderohet me pietet, p\u00ebrgjithmon\u00eb.<\/p>\n","protected":false},"excerpt":{"rendered":"<p>Gani Qarri, Cyrih, 23 Dhjetor 2011 N\u00eb shenj\u00eb nderimi dhe respekti p\u00ebr Heroin m\u00eb t\u00eb ri t\u00eb Kosov\u00ebs Enver Zymberi, me rastin e 5 mujorit t\u00eb r\u00ebnies s\u00eb tij n\u00eb krye t\u00eb detyr\u00ebs\u201d,Post\u00eb-Telekomi i Republik\u00ebs s\u00eb Kosov\u00ebs,n\u00eb edicionin e 75-t\u00eb filatelis\u00eb postare, p\u00ebrjet\u00ebsoi emrin e tij edhe n\u00eb filatelin\u00eb e shtetit,duke p\u00ebruruar pull\u00ebn e re [&hellip;]<\/p>\n","protected":false},"author":1,"featured_media":0,"comment_status":"open","ping_status":"closed","sticky":false,"template":"","format":"standard","meta":{"footnotes":""},"categories":[2],"tags":[],"class_list":{"0":"post-750","1":"post","2":"type-post","3":"status-publish","4":"format-standard","6":"category-artikuj"},"yoast_head":"<!-- This site is optimized with the Yoast SEO plugin v27.4 - https:\/\/yoast.com\/product\/yoast-seo-wordpress\/ -->\n<title>Enver Zymberi - Heroi i vulosur n\u00eb argjend - FjALA e LIR\u00cb - Arkivi<\/title>\n<meta name=\"robots\" content=\"index, follow, max-snippet:-1, max-image-preview:large, max-video-preview:-1\" \/>\n<link rel=\"canonical\" href=\"https:\/\/fjala.info\/2009-2015\/enver-zymberi-heroi-i-vulosur-ne-argjend\/\" \/>\n<meta property=\"og:locale\" content=\"sq_AL\" \/>\n<meta property=\"og:type\" content=\"article\" \/>\n<meta property=\"og:title\" content=\"Enver Zymberi - Heroi i vulosur n\u00eb argjend - FjALA e LIR\u00cb - Arkivi\" \/>\n<meta property=\"og:description\" content=\"Gani Qarri, Cyrih, 23 Dhjetor 2011 N\u00eb shenj\u00eb nderimi dhe respekti p\u00ebr Heroin m\u00eb t\u00eb ri t\u00eb Kosov\u00ebs Enver Zymberi, me rastin e 5 mujorit t\u00eb r\u00ebnies s\u00eb tij n\u00eb krye t\u00eb detyr\u00ebs\u201d,Post\u00eb-Telekomi i Republik\u00ebs s\u00eb Kosov\u00ebs,n\u00eb edicionin e 75-t\u00eb filatelis\u00eb postare, p\u00ebrjet\u00ebsoi emrin e tij edhe n\u00eb filatelin\u00eb e shtetit,duke p\u00ebruruar pull\u00ebn e re [&hellip;]\" \/>\n<meta property=\"og:url\" content=\"https:\/\/fjala.info\/2009-2015\/enver-zymberi-heroi-i-vulosur-ne-argjend\/\" \/>\n<meta property=\"og:site_name\" content=\"FjALA e LIR\u00cb - Arkivi\" \/>\n<meta property=\"article:published_time\" content=\"2011-12-25T16:30:13+00:00\" \/>\n<meta name=\"author\" content=\"admin\" \/>\n<meta name=\"twitter:card\" content=\"summary_large_image\" \/>\n<meta name=\"twitter:label1\" content=\"Written by\" \/>\n\t<meta name=\"twitter:data1\" content=\"admin\" \/>\n\t<meta name=\"twitter:label2\" content=\"Est. reading time\" \/>\n\t<meta name=\"twitter:data2\" content=\"3 minutes\" \/>\n<script type=\"application\/ld+json\" class=\"yoast-schema-graph\">{\"@context\":\"https:\\\/\\\/schema.org\",\"@graph\":[{\"@type\":\"Article\",\"@id\":\"https:\\\/\\\/fjala.info\\\/2009-2015\\\/enver-zymberi-heroi-i-vulosur-ne-argjend\\\/#article\",\"isPartOf\":{\"@id\":\"https:\\\/\\\/fjala.info\\\/2009-2015\\\/enver-zymberi-heroi-i-vulosur-ne-argjend\\\/\"},\"author\":{\"name\":\"admin\",\"@id\":\"https:\\\/\\\/fjala.info\\\/2009-2015\\\/#\\\/schema\\\/person\\\/3aa1163ef05469c496fc94e77611ada2\"},\"headline\":\"Enver Zymberi &#8211; Heroi i vulosur n\u00eb argjend\",\"datePublished\":\"2011-12-25T16:30:13+00:00\",\"mainEntityOfPage\":{\"@id\":\"https:\\\/\\\/fjala.info\\\/2009-2015\\\/enver-zymberi-heroi-i-vulosur-ne-argjend\\\/\"},\"wordCount\":612,\"commentCount\":1,\"publisher\":{\"@id\":\"https:\\\/\\\/fjala.info\\\/2009-2015\\\/#organization\"},\"articleSection\":[\"Artikuj\"],\"inLanguage\":\"sq-AL\",\"potentialAction\":[{\"@type\":\"CommentAction\",\"name\":\"Comment\",\"target\":[\"https:\\\/\\\/fjala.info\\\/2009-2015\\\/enver-zymberi-heroi-i-vulosur-ne-argjend\\\/#respond\"]}]},{\"@type\":\"WebPage\",\"@id\":\"https:\\\/\\\/fjala.info\\\/2009-2015\\\/enver-zymberi-heroi-i-vulosur-ne-argjend\\\/\",\"url\":\"https:\\\/\\\/fjala.info\\\/2009-2015\\\/enver-zymberi-heroi-i-vulosur-ne-argjend\\\/\",\"name\":\"Enver Zymberi - Heroi i vulosur n\u00eb argjend - FjALA e LIR\u00cb - Arkivi\",\"isPartOf\":{\"@id\":\"https:\\\/\\\/fjala.info\\\/2009-2015\\\/#website\"},\"datePublished\":\"2011-12-25T16:30:13+00:00\",\"breadcrumb\":{\"@id\":\"https:\\\/\\\/fjala.info\\\/2009-2015\\\/enver-zymberi-heroi-i-vulosur-ne-argjend\\\/#breadcrumb\"},\"inLanguage\":\"sq-AL\",\"potentialAction\":[{\"@type\":\"ReadAction\",\"target\":[\"https:\\\/\\\/fjala.info\\\/2009-2015\\\/enver-zymberi-heroi-i-vulosur-ne-argjend\\\/\"]}]},{\"@type\":\"BreadcrumbList\",\"@id\":\"https:\\\/\\\/fjala.info\\\/2009-2015\\\/enver-zymberi-heroi-i-vulosur-ne-argjend\\\/#breadcrumb\",\"itemListElement\":[{\"@type\":\"ListItem\",\"position\":1,\"name\":\"Home\",\"item\":\"https:\\\/\\\/fjala.info\\\/2009-2015\\\/\"},{\"@type\":\"ListItem\",\"position\":2,\"name\":\"Enver Zymberi &#8211; Heroi i vulosur n\u00eb argjend\"}]},{\"@type\":\"WebSite\",\"@id\":\"https:\\\/\\\/fjala.info\\\/2009-2015\\\/#website\",\"url\":\"https:\\\/\\\/fjala.info\\\/2009-2015\\\/\",\"name\":\"FjALA e LIR\u00cb - Arkivi\",\"description\":\"Arkivi 2009-2015\",\"publisher\":{\"@id\":\"https:\\\/\\\/fjala.info\\\/2009-2015\\\/#organization\"},\"potentialAction\":[{\"@type\":\"SearchAction\",\"target\":{\"@type\":\"EntryPoint\",\"urlTemplate\":\"https:\\\/\\\/fjala.info\\\/2009-2015\\\/?s={search_term_string}\"},\"query-input\":{\"@type\":\"PropertyValueSpecification\",\"valueRequired\":true,\"valueName\":\"search_term_string\"}}],\"inLanguage\":\"sq-AL\"},{\"@type\":\"Organization\",\"@id\":\"https:\\\/\\\/fjala.info\\\/2009-2015\\\/#organization\",\"name\":\"FjALA e LIR\u00cb - Arkivi\",\"url\":\"https:\\\/\\\/fjala.info\\\/2009-2015\\\/\",\"logo\":{\"@type\":\"ImageObject\",\"inLanguage\":\"sq-AL\",\"@id\":\"https:\\\/\\\/fjala.info\\\/2009-2015\\\/#\\\/schema\\\/logo\\\/image\\\/\",\"url\":\"\",\"contentUrl\":\"\",\"caption\":\"FjALA e LIR\u00cb - Arkivi\"},\"image\":{\"@id\":\"https:\\\/\\\/fjala.info\\\/2009-2015\\\/#\\\/schema\\\/logo\\\/image\\\/\"}},{\"@type\":\"Person\",\"@id\":\"https:\\\/\\\/fjala.info\\\/2009-2015\\\/#\\\/schema\\\/person\\\/3aa1163ef05469c496fc94e77611ada2\",\"name\":\"admin\",\"image\":{\"@type\":\"ImageObject\",\"inLanguage\":\"sq-AL\",\"@id\":\"https:\\\/\\\/fjala.info\\\/2009-2015\\\/wp-content\\\/uploads\\\/2012\\\/02\\\/arben_cokaj-120x150.jpg\",\"url\":\"https:\\\/\\\/fjala.info\\\/2009-2015\\\/wp-content\\\/uploads\\\/2012\\\/02\\\/arben_cokaj-120x150.jpg\",\"contentUrl\":\"https:\\\/\\\/fjala.info\\\/2009-2015\\\/wp-content\\\/uploads\\\/2012\\\/02\\\/arben_cokaj-120x150.jpg\",\"caption\":\"admin\"},\"description\":\"Admin, Fjala e Lir\u00eb\",\"sameAs\":[\"https:\\\/\\\/fjala.info\\\/\"],\"url\":\"https:\\\/\\\/fjala.info\\\/2009-2015\\\/author\\\/admin\\\/\"}]}<\/script>\n<!-- \/ Yoast SEO plugin. -->","yoast_head_json":{"title":"Enver Zymberi - Heroi i vulosur n\u00eb argjend - FjALA e LIR\u00cb - Arkivi","robots":{"index":"index","follow":"follow","max-snippet":"max-snippet:-1","max-image-preview":"max-image-preview:large","max-video-preview":"max-video-preview:-1"},"canonical":"https:\/\/fjala.info\/2009-2015\/enver-zymberi-heroi-i-vulosur-ne-argjend\/","og_locale":"sq_AL","og_type":"article","og_title":"Enver Zymberi - Heroi i vulosur n\u00eb argjend - FjALA e LIR\u00cb - Arkivi","og_description":"Gani Qarri, Cyrih, 23 Dhjetor 2011 N\u00eb shenj\u00eb nderimi dhe respekti p\u00ebr Heroin m\u00eb t\u00eb ri t\u00eb Kosov\u00ebs Enver Zymberi, me rastin e 5 mujorit t\u00eb r\u00ebnies s\u00eb tij n\u00eb krye t\u00eb detyr\u00ebs\u201d,Post\u00eb-Telekomi i Republik\u00ebs s\u00eb Kosov\u00ebs,n\u00eb edicionin e 75-t\u00eb filatelis\u00eb postare, p\u00ebrjet\u00ebsoi emrin e tij edhe n\u00eb filatelin\u00eb e shtetit,duke p\u00ebruruar pull\u00ebn e re [&hellip;]","og_url":"https:\/\/fjala.info\/2009-2015\/enver-zymberi-heroi-i-vulosur-ne-argjend\/","og_site_name":"FjALA e LIR\u00cb - Arkivi","article_published_time":"2011-12-25T16:30:13+00:00","author":"admin","twitter_card":"summary_large_image","twitter_misc":{"Written by":"admin","Est. reading time":"3 minutes"},"schema":{"@context":"https:\/\/schema.org","@graph":[{"@type":"Article","@id":"https:\/\/fjala.info\/2009-2015\/enver-zymberi-heroi-i-vulosur-ne-argjend\/#article","isPartOf":{"@id":"https:\/\/fjala.info\/2009-2015\/enver-zymberi-heroi-i-vulosur-ne-argjend\/"},"author":{"name":"admin","@id":"https:\/\/fjala.info\/2009-2015\/#\/schema\/person\/3aa1163ef05469c496fc94e77611ada2"},"headline":"Enver Zymberi &#8211; Heroi i vulosur n\u00eb argjend","datePublished":"2011-12-25T16:30:13+00:00","mainEntityOfPage":{"@id":"https:\/\/fjala.info\/2009-2015\/enver-zymberi-heroi-i-vulosur-ne-argjend\/"},"wordCount":612,"commentCount":1,"publisher":{"@id":"https:\/\/fjala.info\/2009-2015\/#organization"},"articleSection":["Artikuj"],"inLanguage":"sq-AL","potentialAction":[{"@type":"CommentAction","name":"Comment","target":["https:\/\/fjala.info\/2009-2015\/enver-zymberi-heroi-i-vulosur-ne-argjend\/#respond"]}]},{"@type":"WebPage","@id":"https:\/\/fjala.info\/2009-2015\/enver-zymberi-heroi-i-vulosur-ne-argjend\/","url":"https:\/\/fjala.info\/2009-2015\/enver-zymberi-heroi-i-vulosur-ne-argjend\/","name":"Enver Zymberi - Heroi i vulosur n\u00eb argjend - FjALA e LIR\u00cb - Arkivi","isPartOf":{"@id":"https:\/\/fjala.info\/2009-2015\/#website"},"datePublished":"2011-12-25T16:30:13+00:00","breadcrumb":{"@id":"https:\/\/fjala.info\/2009-2015\/enver-zymberi-heroi-i-vulosur-ne-argjend\/#breadcrumb"},"inLanguage":"sq-AL","potentialAction":[{"@type":"ReadAction","target":["https:\/\/fjala.info\/2009-2015\/enver-zymberi-heroi-i-vulosur-ne-argjend\/"]}]},{"@type":"BreadcrumbList","@id":"https:\/\/fjala.info\/2009-2015\/enver-zymberi-heroi-i-vulosur-ne-argjend\/#breadcrumb","itemListElement":[{"@type":"ListItem","position":1,"name":"Home","item":"https:\/\/fjala.info\/2009-2015\/"},{"@type":"ListItem","position":2,"name":"Enver Zymberi &#8211; Heroi i vulosur n\u00eb argjend"}]},{"@type":"WebSite","@id":"https:\/\/fjala.info\/2009-2015\/#website","url":"https:\/\/fjala.info\/2009-2015\/","name":"FjALA e LIR\u00cb - Arkivi","description":"Arkivi 2009-2015","publisher":{"@id":"https:\/\/fjala.info\/2009-2015\/#organization"},"potentialAction":[{"@type":"SearchAction","target":{"@type":"EntryPoint","urlTemplate":"https:\/\/fjala.info\/2009-2015\/?s={search_term_string}"},"query-input":{"@type":"PropertyValueSpecification","valueRequired":true,"valueName":"search_term_string"}}],"inLanguage":"sq-AL"},{"@type":"Organization","@id":"https:\/\/fjala.info\/2009-2015\/#organization","name":"FjALA e LIR\u00cb - Arkivi","url":"https:\/\/fjala.info\/2009-2015\/","logo":{"@type":"ImageObject","inLanguage":"sq-AL","@id":"https:\/\/fjala.info\/2009-2015\/#\/schema\/logo\/image\/","url":"","contentUrl":"","caption":"FjALA e LIR\u00cb - Arkivi"},"image":{"@id":"https:\/\/fjala.info\/2009-2015\/#\/schema\/logo\/image\/"}},{"@type":"Person","@id":"https:\/\/fjala.info\/2009-2015\/#\/schema\/person\/3aa1163ef05469c496fc94e77611ada2","name":"admin","image":{"@type":"ImageObject","inLanguage":"sq-AL","@id":"https:\/\/fjala.info\/2009-2015\/wp-content\/uploads\/2012\/02\/arben_cokaj-120x150.jpg","url":"https:\/\/fjala.info\/2009-2015\/wp-content\/uploads\/2012\/02\/arben_cokaj-120x150.jpg","contentUrl":"https:\/\/fjala.info\/2009-2015\/wp-content\/uploads\/2012\/02\/arben_cokaj-120x150.jpg","caption":"admin"},"description":"Admin, Fjala e Lir\u00eb","sameAs":["https:\/\/fjala.info\/"],"url":"https:\/\/fjala.info\/2009-2015\/author\/admin\/"}]}},"_links":{"self":[{"href":"https:\/\/fjala.info\/2009-2015\/wp-json\/wp\/v2\/posts\/750","targetHints":{"allow":["GET"]}}],"collection":[{"href":"https:\/\/fjala.info\/2009-2015\/wp-json\/wp\/v2\/posts"}],"about":[{"href":"https:\/\/fjala.info\/2009-2015\/wp-json\/wp\/v2\/types\/post"}],"author":[{"embeddable":true,"href":"https:\/\/fjala.info\/2009-2015\/wp-json\/wp\/v2\/users\/1"}],"replies":[{"embeddable":true,"href":"https:\/\/fjala.info\/2009-2015\/wp-json\/wp\/v2\/comments?post=750"}],"version-history":[{"count":0,"href":"https:\/\/fjala.info\/2009-2015\/wp-json\/wp\/v2\/posts\/750\/revisions"}],"wp:attachment":[{"href":"https:\/\/fjala.info\/2009-2015\/wp-json\/wp\/v2\/media?parent=750"}],"wp:term":[{"taxonomy":"category","embeddable":true,"href":"https:\/\/fjala.info\/2009-2015\/wp-json\/wp\/v2\/categories?post=750"},{"taxonomy":"post_tag","embeddable":true,"href":"https:\/\/fjala.info\/2009-2015\/wp-json\/wp\/v2\/tags?post=750"}],"curies":[{"name":"wp","href":"https:\/\/api.w.org\/{rel}","templated":true}]}}