{"id":748,"date":"2011-12-25T17:20:36","date_gmt":"2011-12-25T16:20:36","guid":{"rendered":"http:\/\/fjala.shkoder.net\/?p=748"},"modified":"2011-12-25T17:20:36","modified_gmt":"2011-12-25T16:20:36","slug":"meshari-i-dom-gjon-buzukut-ne-shqiperi-ne-nentor-2012-per-jubileun-e-100-vjetorit-te-pavaresise","status":"publish","type":"post","link":"https:\/\/fjala.info\/2009-2015\/meshari-i-dom-gjon-buzukut-ne-shqiperi-ne-nentor-2012-per-jubileun-e-100-vjetorit-te-pavaresise\/","title":{"rendered":"\u2018Meshari i dom Gjon Buzukut\u2019 n\u00eb Shqip\u00ebri n\u00eb n\u00ebntor 2012 p\u00ebr Jubileun e 100 vjetorit t\u00eb Pavar\u00ebsis\u00eb"},"content":{"rendered":"<p><img decoding=\"async\" class=\"alignright size-thumbnail wp-image-7236\" title=\"Meshari i Gjon Buzukut\" src=\"http:\/\/www.shkoder.net\/images\/fjala\/2011\/meshari_gjon_buzuku.jpg\" alt=\"\" width=\"300\" \/> Epror\u00ebt e Bibliotek\u00ebs Apostolike t\u00eb Selis\u00eb s\u00eb Shenjt\u00eb kan\u00eb vendosur ta d\u00ebrgojn\u00eb vepr\u00ebn origjinale t\u00eb \u2018Mesharit t\u00eb dom Gjon Buzukut\u2019 n\u00eb Shqip\u00ebri n\u00eb n\u00ebntori t\u00eb vitit 2012 n\u00eb kuadrin e kremtimit t\u00eb Jubileut t\u00eb 100 vjetorit t\u00eb Pavar\u00ebsis\u00eb s\u00eb Shqip\u00ebris\u00eb. Njoftimin e jep Ambasadori i Shqip\u00ebris\u00eb pran\u00eb Selis\u00eb s\u00eb Shenjt\u00eb, Shk\u00eblqesia e tij zoti Rrok Logu, n\u00eb mikrofonin e programit shqip t\u00eb Radio Vatikanit.<\/p>\n<p>P\u00ebrgjegj\u00ebsit e Bibliotek\u00ebs Apostolike t\u00eb Vatikanit, ku ruhet kopja e vetme e vepr\u00ebs m\u00eb t\u00eb lasht\u00eb t\u00eb gjuh\u00ebs shqipe, q\u00eb dihet deri m\u00eb sot, pra \u2018Meshari i dom Gjon Buzukut\u2019, menj\u00ebher\u00eb pas vendimit pozitiv marr\u00eb gjat\u00eb mbledhjes q\u00eb pat\u00ebn para dy dit\u00ebsh, duke ju p\u00ebrgjigjur k\u00ebrkes\u00ebs s\u00eb ministrit t\u00eb kultur\u00ebs t\u00eb Shqip\u00ebris\u00eb, zotit Aldo Bum\u00e7i, e njoftuan ambasadorin Logu p\u00ebr k\u00ebt\u00eb lajm t\u00eb mir\u00eb, e ne, e ftuam p\u00ebrfaq\u00ebsuesin diplomatik t\u00eb Shqip\u00ebris\u00eb pran\u00eb Selis\u00eb s\u00eb Shenjt\u00eb n\u00eb studio t\u00eb Radio Vatikanit pik\u00ebrisht p\u00ebr t\u00eb njoftuar d\u00ebgjuesit tan\u00eb e shqiptar\u00ebt kudo q\u00eb jan\u00eb p\u00ebr k\u00ebt\u00eb dhurat\u00eb t\u00eb Krishtlindjes q\u00eb Biblioteka apostolike i b\u00ebn\u00eb Shqip\u00ebris\u00eb e t\u00eb gjith\u00eb dashamir\u00ebve t\u00eb kultur\u00ebs shqiptare.<br \/>\nKujtojm\u00eb se \u2018Meshari i Buzukut\u2019 do t\u00eb ekspozohet pran\u00eb Bibliotek\u00ebs Komb\u00ebtare t\u00eb Tiran\u00ebs n\u00eb pjes\u00ebn e par\u00eb t\u00eb n\u00ebntorit 2012.<\/p>\n<p>Po ta d\u00ebgjojm\u00eb bised\u00ebn e Ambasadorit Rrok Logu n\u00eb mikrofonin e dom David Gjugj\u00ebs.<\/p>\n<p>(<em>Radio Vatikani<\/em>)<\/p>\n","protected":false},"excerpt":{"rendered":"<p>Epror\u00ebt e Bibliotek\u00ebs Apostolike t\u00eb Selis\u00eb s\u00eb Shenjt\u00eb kan\u00eb vendosur ta d\u00ebrgojn\u00eb vepr\u00ebn origjinale t\u00eb \u2018Mesharit t\u00eb dom Gjon Buzukut\u2019 n\u00eb Shqip\u00ebri n\u00eb n\u00ebntori t\u00eb vitit 2012 n\u00eb kuadrin e kremtimit t\u00eb Jubileut t\u00eb 100 vjetorit t\u00eb Pavar\u00ebsis\u00eb s\u00eb Shqip\u00ebris\u00eb. Njoftimin e jep Ambasadori i Shqip\u00ebris\u00eb pran\u00eb Selis\u00eb s\u00eb Shenjt\u00eb, Shk\u00eblqesia e tij zoti Rrok [&hellip;]<\/p>\n","protected":false},"author":1,"featured_media":0,"comment_status":"open","ping_status":"closed","sticky":false,"template":"","format":"standard","meta":{"footnotes":""},"categories":[2],"tags":[],"class_list":{"0":"post-748","1":"post","2":"type-post","3":"status-publish","4":"format-standard","6":"category-artikuj"},"yoast_head":"<!-- This site is optimized with the Yoast SEO plugin v27.4 - https:\/\/yoast.com\/product\/yoast-seo-wordpress\/ -->\n<title>\u2018Meshari i dom Gjon Buzukut\u2019 n\u00eb Shqip\u00ebri n\u00eb n\u00ebntor 2012 p\u00ebr Jubileun e 100 vjetorit t\u00eb Pavar\u00ebsis\u00eb - FjALA e LIR\u00cb - Arkivi<\/title>\n<meta name=\"robots\" content=\"index, follow, max-snippet:-1, max-image-preview:large, max-video-preview:-1\" \/>\n<link rel=\"canonical\" href=\"https:\/\/fjala.info\/2009-2015\/meshari-i-dom-gjon-buzukut-ne-shqiperi-ne-nentor-2012-per-jubileun-e-100-vjetorit-te-pavaresise\/\" \/>\n<meta property=\"og:locale\" content=\"sq_AL\" \/>\n<meta property=\"og:type\" content=\"article\" \/>\n<meta property=\"og:title\" content=\"\u2018Meshari i dom Gjon Buzukut\u2019 n\u00eb Shqip\u00ebri n\u00eb n\u00ebntor 2012 p\u00ebr Jubileun e 100 vjetorit t\u00eb Pavar\u00ebsis\u00eb - FjALA e LIR\u00cb - Arkivi\" \/>\n<meta property=\"og:description\" content=\"Epror\u00ebt e Bibliotek\u00ebs Apostolike t\u00eb Selis\u00eb s\u00eb Shenjt\u00eb kan\u00eb vendosur ta d\u00ebrgojn\u00eb vepr\u00ebn origjinale t\u00eb \u2018Mesharit t\u00eb dom Gjon Buzukut\u2019 n\u00eb Shqip\u00ebri n\u00eb n\u00ebntori t\u00eb vitit 2012 n\u00eb kuadrin e kremtimit t\u00eb Jubileut t\u00eb 100 vjetorit t\u00eb Pavar\u00ebsis\u00eb s\u00eb Shqip\u00ebris\u00eb. Njoftimin e jep Ambasadori i Shqip\u00ebris\u00eb pran\u00eb Selis\u00eb s\u00eb Shenjt\u00eb, Shk\u00eblqesia e tij zoti Rrok [&hellip;]\" \/>\n<meta property=\"og:url\" content=\"https:\/\/fjala.info\/2009-2015\/meshari-i-dom-gjon-buzukut-ne-shqiperi-ne-nentor-2012-per-jubileun-e-100-vjetorit-te-pavaresise\/\" \/>\n<meta property=\"og:site_name\" content=\"FjALA e LIR\u00cb - Arkivi\" \/>\n<meta property=\"article:published_time\" content=\"2011-12-25T16:20:36+00:00\" \/>\n<meta property=\"og:image\" content=\"http:\/\/www.shkoder.net\/images\/fjala\/2011\/meshari_gjon_buzuku.jpg\" \/>\n<meta name=\"author\" content=\"admin\" \/>\n<meta name=\"twitter:card\" content=\"summary_large_image\" \/>\n<meta name=\"twitter:label1\" content=\"Written by\" \/>\n\t<meta name=\"twitter:data1\" content=\"admin\" \/>\n\t<meta name=\"twitter:label2\" content=\"Est. reading time\" \/>\n\t<meta name=\"twitter:data2\" content=\"1 minute\" \/>\n<script type=\"application\/ld+json\" class=\"yoast-schema-graph\">{\"@context\":\"https:\\\/\\\/schema.org\",\"@graph\":[{\"@type\":\"Article\",\"@id\":\"https:\\\/\\\/fjala.info\\\/2009-2015\\\/meshari-i-dom-gjon-buzukut-ne-shqiperi-ne-nentor-2012-per-jubileun-e-100-vjetorit-te-pavaresise\\\/#article\",\"isPartOf\":{\"@id\":\"https:\\\/\\\/fjala.info\\\/2009-2015\\\/meshari-i-dom-gjon-buzukut-ne-shqiperi-ne-nentor-2012-per-jubileun-e-100-vjetorit-te-pavaresise\\\/\"},\"author\":{\"name\":\"admin\",\"@id\":\"https:\\\/\\\/fjala.info\\\/2009-2015\\\/#\\\/schema\\\/person\\\/3aa1163ef05469c496fc94e77611ada2\"},\"headline\":\"\u2018Meshari i dom Gjon Buzukut\u2019 n\u00eb Shqip\u00ebri n\u00eb n\u00ebntor 2012 p\u00ebr Jubileun e 100 vjetorit t\u00eb Pavar\u00ebsis\u00eb\",\"datePublished\":\"2011-12-25T16:20:36+00:00\",\"mainEntityOfPage\":{\"@id\":\"https:\\\/\\\/fjala.info\\\/2009-2015\\\/meshari-i-dom-gjon-buzukut-ne-shqiperi-ne-nentor-2012-per-jubileun-e-100-vjetorit-te-pavaresise\\\/\"},\"wordCount\":273,\"commentCount\":0,\"publisher\":{\"@id\":\"https:\\\/\\\/fjala.info\\\/2009-2015\\\/#organization\"},\"image\":{\"@id\":\"https:\\\/\\\/fjala.info\\\/2009-2015\\\/meshari-i-dom-gjon-buzukut-ne-shqiperi-ne-nentor-2012-per-jubileun-e-100-vjetorit-te-pavaresise\\\/#primaryimage\"},\"thumbnailUrl\":\"http:\\\/\\\/www.shkoder.net\\\/images\\\/fjala\\\/2011\\\/meshari_gjon_buzuku.jpg\",\"articleSection\":[\"Artikuj\"],\"inLanguage\":\"sq-AL\",\"potentialAction\":[{\"@type\":\"CommentAction\",\"name\":\"Comment\",\"target\":[\"https:\\\/\\\/fjala.info\\\/2009-2015\\\/meshari-i-dom-gjon-buzukut-ne-shqiperi-ne-nentor-2012-per-jubileun-e-100-vjetorit-te-pavaresise\\\/#respond\"]}]},{\"@type\":\"WebPage\",\"@id\":\"https:\\\/\\\/fjala.info\\\/2009-2015\\\/meshari-i-dom-gjon-buzukut-ne-shqiperi-ne-nentor-2012-per-jubileun-e-100-vjetorit-te-pavaresise\\\/\",\"url\":\"https:\\\/\\\/fjala.info\\\/2009-2015\\\/meshari-i-dom-gjon-buzukut-ne-shqiperi-ne-nentor-2012-per-jubileun-e-100-vjetorit-te-pavaresise\\\/\",\"name\":\"\u2018Meshari i dom Gjon Buzukut\u2019 n\u00eb Shqip\u00ebri n\u00eb n\u00ebntor 2012 p\u00ebr Jubileun e 100 vjetorit t\u00eb Pavar\u00ebsis\u00eb - FjALA e LIR\u00cb - Arkivi\",\"isPartOf\":{\"@id\":\"https:\\\/\\\/fjala.info\\\/2009-2015\\\/#website\"},\"primaryImageOfPage\":{\"@id\":\"https:\\\/\\\/fjala.info\\\/2009-2015\\\/meshari-i-dom-gjon-buzukut-ne-shqiperi-ne-nentor-2012-per-jubileun-e-100-vjetorit-te-pavaresise\\\/#primaryimage\"},\"image\":{\"@id\":\"https:\\\/\\\/fjala.info\\\/2009-2015\\\/meshari-i-dom-gjon-buzukut-ne-shqiperi-ne-nentor-2012-per-jubileun-e-100-vjetorit-te-pavaresise\\\/#primaryimage\"},\"thumbnailUrl\":\"http:\\\/\\\/www.shkoder.net\\\/images\\\/fjala\\\/2011\\\/meshari_gjon_buzuku.jpg\",\"datePublished\":\"2011-12-25T16:20:36+00:00\",\"breadcrumb\":{\"@id\":\"https:\\\/\\\/fjala.info\\\/2009-2015\\\/meshari-i-dom-gjon-buzukut-ne-shqiperi-ne-nentor-2012-per-jubileun-e-100-vjetorit-te-pavaresise\\\/#breadcrumb\"},\"inLanguage\":\"sq-AL\",\"potentialAction\":[{\"@type\":\"ReadAction\",\"target\":[\"https:\\\/\\\/fjala.info\\\/2009-2015\\\/meshari-i-dom-gjon-buzukut-ne-shqiperi-ne-nentor-2012-per-jubileun-e-100-vjetorit-te-pavaresise\\\/\"]}]},{\"@type\":\"ImageObject\",\"inLanguage\":\"sq-AL\",\"@id\":\"https:\\\/\\\/fjala.info\\\/2009-2015\\\/meshari-i-dom-gjon-buzukut-ne-shqiperi-ne-nentor-2012-per-jubileun-e-100-vjetorit-te-pavaresise\\\/#primaryimage\",\"url\":\"http:\\\/\\\/www.shkoder.net\\\/images\\\/fjala\\\/2011\\\/meshari_gjon_buzuku.jpg\",\"contentUrl\":\"http:\\\/\\\/www.shkoder.net\\\/images\\\/fjala\\\/2011\\\/meshari_gjon_buzuku.jpg\"},{\"@type\":\"BreadcrumbList\",\"@id\":\"https:\\\/\\\/fjala.info\\\/2009-2015\\\/meshari-i-dom-gjon-buzukut-ne-shqiperi-ne-nentor-2012-per-jubileun-e-100-vjetorit-te-pavaresise\\\/#breadcrumb\",\"itemListElement\":[{\"@type\":\"ListItem\",\"position\":1,\"name\":\"Home\",\"item\":\"https:\\\/\\\/fjala.info\\\/2009-2015\\\/\"},{\"@type\":\"ListItem\",\"position\":2,\"name\":\"\u2018Meshari i dom Gjon Buzukut\u2019 n\u00eb Shqip\u00ebri n\u00eb n\u00ebntor 2012 p\u00ebr Jubileun e 100 vjetorit t\u00eb Pavar\u00ebsis\u00eb\"}]},{\"@type\":\"WebSite\",\"@id\":\"https:\\\/\\\/fjala.info\\\/2009-2015\\\/#website\",\"url\":\"https:\\\/\\\/fjala.info\\\/2009-2015\\\/\",\"name\":\"FjALA e LIR\u00cb - Arkivi\",\"description\":\"Arkivi 2009-2015\",\"publisher\":{\"@id\":\"https:\\\/\\\/fjala.info\\\/2009-2015\\\/#organization\"},\"potentialAction\":[{\"@type\":\"SearchAction\",\"target\":{\"@type\":\"EntryPoint\",\"urlTemplate\":\"https:\\\/\\\/fjala.info\\\/2009-2015\\\/?s={search_term_string}\"},\"query-input\":{\"@type\":\"PropertyValueSpecification\",\"valueRequired\":true,\"valueName\":\"search_term_string\"}}],\"inLanguage\":\"sq-AL\"},{\"@type\":\"Organization\",\"@id\":\"https:\\\/\\\/fjala.info\\\/2009-2015\\\/#organization\",\"name\":\"FjALA e LIR\u00cb - Arkivi\",\"url\":\"https:\\\/\\\/fjala.info\\\/2009-2015\\\/\",\"logo\":{\"@type\":\"ImageObject\",\"inLanguage\":\"sq-AL\",\"@id\":\"https:\\\/\\\/fjala.info\\\/2009-2015\\\/#\\\/schema\\\/logo\\\/image\\\/\",\"url\":\"\",\"contentUrl\":\"\",\"caption\":\"FjALA e LIR\u00cb - Arkivi\"},\"image\":{\"@id\":\"https:\\\/\\\/fjala.info\\\/2009-2015\\\/#\\\/schema\\\/logo\\\/image\\\/\"}},{\"@type\":\"Person\",\"@id\":\"https:\\\/\\\/fjala.info\\\/2009-2015\\\/#\\\/schema\\\/person\\\/3aa1163ef05469c496fc94e77611ada2\",\"name\":\"admin\",\"image\":{\"@type\":\"ImageObject\",\"inLanguage\":\"sq-AL\",\"@id\":\"https:\\\/\\\/fjala.info\\\/2009-2015\\\/wp-content\\\/uploads\\\/2012\\\/02\\\/arben_cokaj-120x150.jpg\",\"url\":\"https:\\\/\\\/fjala.info\\\/2009-2015\\\/wp-content\\\/uploads\\\/2012\\\/02\\\/arben_cokaj-120x150.jpg\",\"contentUrl\":\"https:\\\/\\\/fjala.info\\\/2009-2015\\\/wp-content\\\/uploads\\\/2012\\\/02\\\/arben_cokaj-120x150.jpg\",\"caption\":\"admin\"},\"description\":\"Admin, Fjala e Lir\u00eb\",\"sameAs\":[\"https:\\\/\\\/fjala.info\\\/\"],\"url\":\"https:\\\/\\\/fjala.info\\\/2009-2015\\\/author\\\/admin\\\/\"}]}<\/script>\n<!-- \/ Yoast SEO plugin. -->","yoast_head_json":{"title":"\u2018Meshari i dom Gjon Buzukut\u2019 n\u00eb Shqip\u00ebri n\u00eb n\u00ebntor 2012 p\u00ebr Jubileun e 100 vjetorit t\u00eb Pavar\u00ebsis\u00eb - FjALA e LIR\u00cb - Arkivi","robots":{"index":"index","follow":"follow","max-snippet":"max-snippet:-1","max-image-preview":"max-image-preview:large","max-video-preview":"max-video-preview:-1"},"canonical":"https:\/\/fjala.info\/2009-2015\/meshari-i-dom-gjon-buzukut-ne-shqiperi-ne-nentor-2012-per-jubileun-e-100-vjetorit-te-pavaresise\/","og_locale":"sq_AL","og_type":"article","og_title":"\u2018Meshari i dom Gjon Buzukut\u2019 n\u00eb Shqip\u00ebri n\u00eb n\u00ebntor 2012 p\u00ebr Jubileun e 100 vjetorit t\u00eb Pavar\u00ebsis\u00eb - FjALA e LIR\u00cb - Arkivi","og_description":"Epror\u00ebt e Bibliotek\u00ebs Apostolike t\u00eb Selis\u00eb s\u00eb Shenjt\u00eb kan\u00eb vendosur ta d\u00ebrgojn\u00eb vepr\u00ebn origjinale t\u00eb \u2018Mesharit t\u00eb dom Gjon Buzukut\u2019 n\u00eb Shqip\u00ebri n\u00eb n\u00ebntori t\u00eb vitit 2012 n\u00eb kuadrin e kremtimit t\u00eb Jubileut t\u00eb 100 vjetorit t\u00eb Pavar\u00ebsis\u00eb s\u00eb Shqip\u00ebris\u00eb. Njoftimin e jep Ambasadori i Shqip\u00ebris\u00eb pran\u00eb Selis\u00eb s\u00eb Shenjt\u00eb, Shk\u00eblqesia e tij zoti Rrok [&hellip;]","og_url":"https:\/\/fjala.info\/2009-2015\/meshari-i-dom-gjon-buzukut-ne-shqiperi-ne-nentor-2012-per-jubileun-e-100-vjetorit-te-pavaresise\/","og_site_name":"FjALA e LIR\u00cb - Arkivi","article_published_time":"2011-12-25T16:20:36+00:00","og_image":[{"url":"http:\/\/www.shkoder.net\/images\/fjala\/2011\/meshari_gjon_buzuku.jpg","type":"","width":"","height":""}],"author":"admin","twitter_card":"summary_large_image","twitter_misc":{"Written by":"admin","Est. reading time":"1 minute"},"schema":{"@context":"https:\/\/schema.org","@graph":[{"@type":"Article","@id":"https:\/\/fjala.info\/2009-2015\/meshari-i-dom-gjon-buzukut-ne-shqiperi-ne-nentor-2012-per-jubileun-e-100-vjetorit-te-pavaresise\/#article","isPartOf":{"@id":"https:\/\/fjala.info\/2009-2015\/meshari-i-dom-gjon-buzukut-ne-shqiperi-ne-nentor-2012-per-jubileun-e-100-vjetorit-te-pavaresise\/"},"author":{"name":"admin","@id":"https:\/\/fjala.info\/2009-2015\/#\/schema\/person\/3aa1163ef05469c496fc94e77611ada2"},"headline":"\u2018Meshari i dom Gjon Buzukut\u2019 n\u00eb Shqip\u00ebri n\u00eb n\u00ebntor 2012 p\u00ebr Jubileun e 100 vjetorit t\u00eb Pavar\u00ebsis\u00eb","datePublished":"2011-12-25T16:20:36+00:00","mainEntityOfPage":{"@id":"https:\/\/fjala.info\/2009-2015\/meshari-i-dom-gjon-buzukut-ne-shqiperi-ne-nentor-2012-per-jubileun-e-100-vjetorit-te-pavaresise\/"},"wordCount":273,"commentCount":0,"publisher":{"@id":"https:\/\/fjala.info\/2009-2015\/#organization"},"image":{"@id":"https:\/\/fjala.info\/2009-2015\/meshari-i-dom-gjon-buzukut-ne-shqiperi-ne-nentor-2012-per-jubileun-e-100-vjetorit-te-pavaresise\/#primaryimage"},"thumbnailUrl":"http:\/\/www.shkoder.net\/images\/fjala\/2011\/meshari_gjon_buzuku.jpg","articleSection":["Artikuj"],"inLanguage":"sq-AL","potentialAction":[{"@type":"CommentAction","name":"Comment","target":["https:\/\/fjala.info\/2009-2015\/meshari-i-dom-gjon-buzukut-ne-shqiperi-ne-nentor-2012-per-jubileun-e-100-vjetorit-te-pavaresise\/#respond"]}]},{"@type":"WebPage","@id":"https:\/\/fjala.info\/2009-2015\/meshari-i-dom-gjon-buzukut-ne-shqiperi-ne-nentor-2012-per-jubileun-e-100-vjetorit-te-pavaresise\/","url":"https:\/\/fjala.info\/2009-2015\/meshari-i-dom-gjon-buzukut-ne-shqiperi-ne-nentor-2012-per-jubileun-e-100-vjetorit-te-pavaresise\/","name":"\u2018Meshari i dom Gjon Buzukut\u2019 n\u00eb Shqip\u00ebri n\u00eb n\u00ebntor 2012 p\u00ebr Jubileun e 100 vjetorit t\u00eb Pavar\u00ebsis\u00eb - FjALA e LIR\u00cb - Arkivi","isPartOf":{"@id":"https:\/\/fjala.info\/2009-2015\/#website"},"primaryImageOfPage":{"@id":"https:\/\/fjala.info\/2009-2015\/meshari-i-dom-gjon-buzukut-ne-shqiperi-ne-nentor-2012-per-jubileun-e-100-vjetorit-te-pavaresise\/#primaryimage"},"image":{"@id":"https:\/\/fjala.info\/2009-2015\/meshari-i-dom-gjon-buzukut-ne-shqiperi-ne-nentor-2012-per-jubileun-e-100-vjetorit-te-pavaresise\/#primaryimage"},"thumbnailUrl":"http:\/\/www.shkoder.net\/images\/fjala\/2011\/meshari_gjon_buzuku.jpg","datePublished":"2011-12-25T16:20:36+00:00","breadcrumb":{"@id":"https:\/\/fjala.info\/2009-2015\/meshari-i-dom-gjon-buzukut-ne-shqiperi-ne-nentor-2012-per-jubileun-e-100-vjetorit-te-pavaresise\/#breadcrumb"},"inLanguage":"sq-AL","potentialAction":[{"@type":"ReadAction","target":["https:\/\/fjala.info\/2009-2015\/meshari-i-dom-gjon-buzukut-ne-shqiperi-ne-nentor-2012-per-jubileun-e-100-vjetorit-te-pavaresise\/"]}]},{"@type":"ImageObject","inLanguage":"sq-AL","@id":"https:\/\/fjala.info\/2009-2015\/meshari-i-dom-gjon-buzukut-ne-shqiperi-ne-nentor-2012-per-jubileun-e-100-vjetorit-te-pavaresise\/#primaryimage","url":"http:\/\/www.shkoder.net\/images\/fjala\/2011\/meshari_gjon_buzuku.jpg","contentUrl":"http:\/\/www.shkoder.net\/images\/fjala\/2011\/meshari_gjon_buzuku.jpg"},{"@type":"BreadcrumbList","@id":"https:\/\/fjala.info\/2009-2015\/meshari-i-dom-gjon-buzukut-ne-shqiperi-ne-nentor-2012-per-jubileun-e-100-vjetorit-te-pavaresise\/#breadcrumb","itemListElement":[{"@type":"ListItem","position":1,"name":"Home","item":"https:\/\/fjala.info\/2009-2015\/"},{"@type":"ListItem","position":2,"name":"\u2018Meshari i dom Gjon Buzukut\u2019 n\u00eb Shqip\u00ebri n\u00eb n\u00ebntor 2012 p\u00ebr Jubileun e 100 vjetorit t\u00eb Pavar\u00ebsis\u00eb"}]},{"@type":"WebSite","@id":"https:\/\/fjala.info\/2009-2015\/#website","url":"https:\/\/fjala.info\/2009-2015\/","name":"FjALA e LIR\u00cb - Arkivi","description":"Arkivi 2009-2015","publisher":{"@id":"https:\/\/fjala.info\/2009-2015\/#organization"},"potentialAction":[{"@type":"SearchAction","target":{"@type":"EntryPoint","urlTemplate":"https:\/\/fjala.info\/2009-2015\/?s={search_term_string}"},"query-input":{"@type":"PropertyValueSpecification","valueRequired":true,"valueName":"search_term_string"}}],"inLanguage":"sq-AL"},{"@type":"Organization","@id":"https:\/\/fjala.info\/2009-2015\/#organization","name":"FjALA e LIR\u00cb - Arkivi","url":"https:\/\/fjala.info\/2009-2015\/","logo":{"@type":"ImageObject","inLanguage":"sq-AL","@id":"https:\/\/fjala.info\/2009-2015\/#\/schema\/logo\/image\/","url":"","contentUrl":"","caption":"FjALA e LIR\u00cb - Arkivi"},"image":{"@id":"https:\/\/fjala.info\/2009-2015\/#\/schema\/logo\/image\/"}},{"@type":"Person","@id":"https:\/\/fjala.info\/2009-2015\/#\/schema\/person\/3aa1163ef05469c496fc94e77611ada2","name":"admin","image":{"@type":"ImageObject","inLanguage":"sq-AL","@id":"https:\/\/fjala.info\/2009-2015\/wp-content\/uploads\/2012\/02\/arben_cokaj-120x150.jpg","url":"https:\/\/fjala.info\/2009-2015\/wp-content\/uploads\/2012\/02\/arben_cokaj-120x150.jpg","contentUrl":"https:\/\/fjala.info\/2009-2015\/wp-content\/uploads\/2012\/02\/arben_cokaj-120x150.jpg","caption":"admin"},"description":"Admin, Fjala e Lir\u00eb","sameAs":["https:\/\/fjala.info\/"],"url":"https:\/\/fjala.info\/2009-2015\/author\/admin\/"}]}},"_links":{"self":[{"href":"https:\/\/fjala.info\/2009-2015\/wp-json\/wp\/v2\/posts\/748","targetHints":{"allow":["GET"]}}],"collection":[{"href":"https:\/\/fjala.info\/2009-2015\/wp-json\/wp\/v2\/posts"}],"about":[{"href":"https:\/\/fjala.info\/2009-2015\/wp-json\/wp\/v2\/types\/post"}],"author":[{"embeddable":true,"href":"https:\/\/fjala.info\/2009-2015\/wp-json\/wp\/v2\/users\/1"}],"replies":[{"embeddable":true,"href":"https:\/\/fjala.info\/2009-2015\/wp-json\/wp\/v2\/comments?post=748"}],"version-history":[{"count":0,"href":"https:\/\/fjala.info\/2009-2015\/wp-json\/wp\/v2\/posts\/748\/revisions"}],"wp:attachment":[{"href":"https:\/\/fjala.info\/2009-2015\/wp-json\/wp\/v2\/media?parent=748"}],"wp:term":[{"taxonomy":"category","embeddable":true,"href":"https:\/\/fjala.info\/2009-2015\/wp-json\/wp\/v2\/categories?post=748"},{"taxonomy":"post_tag","embeddable":true,"href":"https:\/\/fjala.info\/2009-2015\/wp-json\/wp\/v2\/tags?post=748"}],"curies":[{"name":"wp","href":"https:\/\/api.w.org\/{rel}","templated":true}]}}