{"id":741,"date":"2011-11-11T09:23:55","date_gmt":"2011-11-11T08:23:55","guid":{"rendered":"http:\/\/fjala.shkoder.net\/?p=741"},"modified":"2011-11-11T09:23:55","modified_gmt":"2011-11-11T08:23:55","slug":"fenomeni-gjeke-marinaj","status":"publish","type":"post","link":"https:\/\/fjala.info\/2009-2015\/fenomeni-gjeke-marinaj\/","title":{"rendered":"Fenomeni \u201cGjek\u00eb Marinaj\u201d"},"content":{"rendered":"<p><img decoding=\"async\" class=\"alignright size-thumbnail wp-image-7236\" title=\"Gjek\u00eb Marinaj\" src=\"http:\/\/www.shkoder.net\/images\/fjala\/2010\/gjeke_marinaj.jpg\" alt=\"\" width=\"300\" \/> <strong>Eva Dore<\/strong>, <em>11.11.2011<\/em><\/p>\n<p>Nj\u00eb djal\u00eb i guximsh\u00ebm e i talentuar, nga fshati Brrut i Mal\u00ebsis\u00eb s\u00eb Madhe, botoi m\u00eb 19 gusht 1990, n\u00eb gazet\u00ebn letrare \u201cDrita\u201d, organ i Lidhjes s\u00eb Shkrimtar\u00ebve dhe Artist\u00ebve t\u00eb Shqip\u00ebris\u00eb, nj\u00eb poezi me nj\u00ebzet e nj\u00eb vargje, t\u00eb cil\u00ebn, kushdo q\u00eb e lexoi at\u00ebher\u00eb ve\u00e7 nj\u00eb her\u00eb, ndoshta nuk e kuptoi edhe aq mir\u00eb. P\u00ebr at\u00eb periudh\u00eb shpirtmbyt\u00ebse, i guximsh\u00ebm u tregua ai, e t\u00eb guximsh\u00ebm qen\u00eb edhe ata q\u00eb e botuan. Kishte disa koh\u00eb, t\u00eb pakt\u00ebn n\u00eb kujtes\u00ebn dhe k\u00ebndv\u00ebshtrimin tim, duke filluar nga viti 1986, q\u00eb Tirana, qyteti ku un\u00eb jetoja, kishte veshur nj\u00eb hije t\u00eb zymt\u00eb gri. E mbaj mend shum\u00eb mir\u00eb dit\u00ebn kur nj\u00eb shok klase m\u00eb zgjati gazet\u00ebn \u201cDrita\u201d, gjat\u00eb or\u00ebs s\u00eb m\u00ebsimit.<\/p>\n<p>E lexova nj\u00eb her\u00eb shpejt e shpejt dhe i thash\u00eb: \u201cE \u00e7far\u00eb pastaj?\u201d, sikur \u00e7far\u00eb t\u00eb ishte?! M\u00eb tha: \u201cLexoje! Lexoje s\u00ebrish dhe mendohu pak!\u201d. E mora me vete n\u00eb sht\u00ebpi dhe e rilexova me kujdes e me v\u00ebmendje. E \u00e7moja shum\u00eb shokun tim t\u00eb klas\u00ebs dhe e dija shum\u00eb mir\u00eb q\u00eb po t\u00eb m\u00eb thoshte ai dy her\u00eb \u201cLexoje!\u201d, di\u00e7ka duhet t\u00eb kishte. Kam dhe nj\u00eb arsye krejt personale t\u00eb lidhjes sime me k\u00ebt\u00eb poezi dhe dat\u00ebn e botimit t\u00eb saj: at\u00eb dit\u00eb ka lindur ime bij\u00eb, s\u00eb cil\u00ebs p\u00ebr shkak t\u00eb asaj periudhe kur erdhi n\u00eb jet\u00eb, i vura emrin Besa. B\u00ebhej fjal\u00eb p\u00ebr poezin\u00eb \u201cKuajt\u201d t\u00eb Gjek\u00eb Marinajt, djaloshit t\u00eb \u00e7artur e t\u00eb talentuar n\u00eb vitin 1990, t\u00eb cil\u00ebn po e riprodhoj nga kujtesa m\u00eb posht\u00eb:<\/p>\n<blockquote><p><strong>KUAJT<\/strong><br \/>\n<em>T\u00ebr\u00eb jet\u00ebn duke vrapuar rrim\u00eb.<br \/>\nShohim ve\u00e7 p\u00ebrpara.<br \/>\n\u00c7\u2019b\u00ebhet prapa s\u2019duam t&#8217;ia dim\u00eb.<br \/>\nNe nuk kemi em\u00ebr,<br \/>\nt\u00eb gjith\u00ebve kuaj na thon\u00eb.<br \/>\nNuk qajm\u00eb.<br \/>\nNuk qeshim.<br \/>\nHeshtim.<br \/>\nD\u00ebgjojm\u00eb.<br \/>\nHam\u00eb at\u00eb \u00e7&#8217;na japin,<br \/>\necim nga na thon\u00eb.<br \/>\nAsnj\u00eb nga ne s&#8217;\u00ebsht\u00eb mendjeholl\u00eb.<br \/>\nKush qe kal\u00eb mbreti,<br \/>\nposti qe i lart\u00eb.<br \/>\nKush qe kal\u00eb princeshe,<br \/>\ni b\u00ebn\u00eb shal\u00eb t\u00eb art\u00eb.<br \/>\nKush qe kal\u00eb fshatari,<br \/>\npat samar\u00eb me kasht\u00eb.<br \/>\nKush qe kal\u00eb i eg\u00ebr,<br \/>\nt\u00ebr\u00eb jet\u00ebn fjeti jasht\u00eb,<br \/>\npor qem\u00eb dhe mbet\u00ebm kuaj, para<br \/>\nnjeriut!<\/em><\/p><\/blockquote>\n<p>At\u00ebher\u00eb n\u00eb shtyp nuk para qarkullonin shum\u00eb personazhe me kuraj\u00eb. Edhe ne, si t\u00eb rinj q\u00eb ishim, nuk e kishim shum\u00eb t\u00eb qart\u00eb se \u00e7far\u00eb ishte n\u00eb t\u00eb v\u00ebrtet\u00eb shtypi, liria p\u00ebr t\u2019u shprehur dhe aq m\u00eb shum\u00eb ai, q\u00eb sot e quajm\u00eb \u201cshtyp i lir\u00eb\u201d. Fajin p\u00ebr gjith\u00eb at\u00eb boshll\u00ebk nuk do t\u2019ia vija edhe aq mosh\u00ebs son\u00eb t\u00eb brisht\u00eb dhe padijes, se sa programit t\u00eb kufizuar shkollor dhe \u201cveshok\u00ebve t\u00eb kuajve\u201d q\u00eb na i kishin v\u00ebn\u00eb t\u00eb gjith\u00ebve me zor mbi sy, p\u00ebr t\u00eb na detyruar t\u00eb hidhnim hapat vet\u00ebm n\u00eb nj\u00eb drejtim t\u00eb paracaktuar dhe t\u00eb mendonim n\u00eb m\u00ebnyr\u00eb t\u00eb nj\u00ebllojt\u00eb e t\u00eb nj\u00ebtrajtshme.<\/p>\n<p>K\u00ebto ishin plag\u00eb e vuajtje q\u00eb meritojn\u00eb e p\u00ebrb\u00ebjn\u00eb nj\u00eb histori m\u00eb vete. N\u00eb shtypin e rrall\u00eb t\u00eb at\u00ebhersh\u00ebm kishte shum\u00eb pak penda drith\u00ebruese e t\u00eb ndjeshme q\u00eb shkruanin, ose m\u00eb sakt\u00eb, q\u00eb krijimet e tyre lejoheshin t\u00eb shihnin drit\u00ebn e botimit. Pjesa m\u00eb e madhe e tyre shpalosnin artikujt t\u00eb porositur e t\u00eb miratuar nga lart, dhe mjer\u00eb ai apo ata q\u00eb guxonin t\u00eb q\u00ebndisnin qoft\u00eb edhe nj\u00eb artikull, reportazh, tregim, novel\u00eb apo poem\u00eb q\u00eb binte ndesh me frym\u00ebn zyrtare.<\/p>\n<p>Dihej gjithashtu q\u00eb shumica e gazetar\u00ebve asokohe kishin studiuar p\u00ebr Gjuh\u00eb-Let\u00ebrsi, ashtu sikurse edhe ne q\u00eb ishim ulur at\u00eb vit p\u00ebr her\u00eb t\u00eb par\u00eb n\u00eb bankat e Universitetit Shtet\u00ebror \u201cEnver Hoxha\u201d t\u00eb Tiran\u00ebs. Pas diplomimit, secili prej nesh e shikonte veten n\u00eb t\u00eb ardhmen e vet si gazetar, redaktor ose m\u00ebsues dhe tek-tuk ndonj\u00ebri \u00ebnd\u00ebrronte t\u00eb b\u00ebhej poet apo shkrimtar i mir\u00ebfillt\u00eb. Nuk kishte dhe aq shum\u00eb vend p\u00ebr fantazi apo pavar\u00ebsi mendimi e krijimi po t\u00eb diplomoheshe n\u00eb at\u00eb deg\u00eb. Po t\u00eb kthehemi prapa n\u00eb koh\u00eb, gazetar\u00ebt m\u00eb n\u00eb z\u00eb t\u00eb vendit ton\u00eb sot, dhe analist\u00ebt po ashtu, kan\u00eb dal\u00eb nga bankat e atij Universiteti.<\/p>\n<p>Do doja t\u00eb sillja n\u00eb v\u00ebmendje edhe nj\u00eb fakt tjet\u00ebr: n\u00eb Amerik\u00eb, ku liria e shtypit dhe tradita e t\u00eb menduarit, t\u00eb shprehurit dhe e t\u00eb shkruarit \u00ebsht\u00eb e hershme, ka nj\u00eb rregull t\u00eb pashkruar, por ngahera t\u00eb zbatuar e t\u00eb v\u00ebrtetuar, n\u00eb baz\u00eb t\u00eb t\u00eb cilit, avokat\u00ebt m\u00eb t\u00eb suksessh\u00ebm t\u00eb atij vendi, kur diplomohen n\u00eb universitet, edukimin par\u00ebsor dhe themeltar e marrin p\u00ebr \u201cMaster of Arts\u201d n\u00eb Gjuh\u00eb-Let\u00ebrsi, dhe pastaj mund t\u00eb ndjekin at\u00eb q\u00eb quhet \u201cLaw School\u201d.<\/p>\n<p>Atje i m\u00ebshohet shum\u00eb r\u00ebnd\u00ebsis\u00eb q\u00eb mbart kultura e t\u00eb shkruarit, e goj\u00ebtaris\u00eb dhe e shprehjes s\u00eb qart\u00eb t\u00eb mendimeve dhe argumenteve. Tek ne ndodh krejt e kund\u00ebrta: mbaron gjimnazin e shkon drejt n\u00eb universitet p\u00ebr t\u2019u diplomuar m\u00eb pas si jurist apo gazetar e p\u00ebr t\u2019u \u201cgraduar\u201d m\u00eb von\u00eb si opinionist, analist dhe tru-shp\u00eblar\u00ebs i gjith\u00ebditur. Duket sikur ne k\u00ebtu gjithmon\u00eb i b\u00ebjm\u00eb gj\u00ebrat mbrapsht&#8230;, prandaj na mungojn\u00eb dijet dhe aft\u00ebsia e duhur, p\u00ebr t\u00eb mos th\u00ebn\u00eb guximi dhe kurajoja e nevojshme p\u00ebr t\u2019i th\u00ebn\u00eb gj\u00ebrat rrjedhsh\u00ebm e tro\u00e7 ashtu si\u00e7 jan\u00eb.<\/p>\n<p>Q\u00eb t\u00eb kthehemi s\u00ebrish n\u00eb pik\u00ebnisje, ne shkonim levend n\u00eb shkoll\u00eb, kurse Gjek\u00ebn e panjohur, por t\u00eb ndjesh\u00ebm e t\u00eb talentuar e th\u00ebrrisnin n\u00eb Deg\u00ebn e Pun\u00ebve t\u00eb Brendshme t\u00eb Shkodr\u00ebs, kryeqendr\u00ebs s\u00eb kultur\u00ebs e dijes s\u00eb motmotshme shqiptare, ku e merrnin n\u00eb pyetje se \u00e7far\u00eb kishte dashur t\u00eb thonte me at\u00eb poezi, ku e torturonin psikologjikisht e ndoshta apo me siguri, edhe fizikisht, e m\u00eb pas e nxirrnin duke e k\u00ebrc\u00ebnuar q\u00eb do ta th\u00ebrrisnin prap\u00eb.<\/p>\n<p>Dhe itinerari i gjalles\u00ebs s\u00eb Gjek\u00ebs n\u00eb at\u00eb koh\u00eb ishte ky: sht\u00ebpi \u2013 Deg\u00eb e Brendshme. Derisa ai vendosi q\u00eb nj\u00eb nat\u00eb, duke marr\u00eb me vete vet\u00ebm nj\u00eb batanije dhe disa libra t\u00eb dashur e t\u00eb shtrenjt\u00eb p\u00ebr t\u00eb, t\u00eb arratisej dhe t\u00eb merrte rrug\u00ebn pa kthim t\u00eb m\u00ebrgimit. Vet\u00ebm p\u00ebr nj\u00eb poezi! Vet\u00ebm se guxoi t\u00eb shprehte at\u00eb q\u00eb ndiente! Vet\u00ebm se i dha jet\u00eb nj\u00eb fenomeni q\u00eb n\u00eb Shqip\u00ebri ishte zhdukur p\u00ebr rreth kat\u00ebr dekada: liris\u00eb p\u00ebr t\u2019u shprehur e p\u00ebr t\u2019u botuar! Shum\u00eb vite m\u00eb von\u00eb, m\u00ebsova se jeta e tij u shnd\u00ebrrua n\u00eb nj\u00eb ferr t\u00eb v\u00ebrtet\u00eb n\u00eb nj\u00eb mosh\u00eb kur ne lexonim me detyrim \u201cIliad\u00ebn\u201d dhe n\u00eb mendje kishim \u201cSa mall\u201d t\u00eb Kadares\u00eb!!!!!! Dhe poezin\u00eb e Gjek\u00ebs e kishim harruar pothuajse fare.<\/p>\n<p>N\u00eb ato dit\u00eb, dhe do ta theksoj q\u00eb viti 1990 num\u00ebrohej at\u00ebher\u00eb me dit\u00eb dhe jo me muaj, sepse ishte tep\u00ebr i ngarkuar psikologjikisht dhe i mbushur me ngjarje rrokullis\u00ebse drejt p\u00ebrmbysjes s\u00eb gjithanshme t\u00eb diktatur\u00ebs, ne, student\u00ebt e Tiran\u00ebs, nuk e dinim q\u00eb n\u00eb mendjen e Gjek\u00ebs ishte thurur nj\u00eb plan arratisjeje. Ai donte t\u00eb ishte nj\u00eb njeri i lir\u00eb dhe i barabart\u00eb midis njer\u00ebzve t\u00eb tjer\u00eb, p\u00ebrtej kufijve dhe dyerve t\u00eb Deg\u00ebve t\u00eb Brendshme apo t\u00eb kuvlive t\u00eb Sigurimit. Si djal\u00eb i men\u00e7ur q\u00eb ishte ai e kishte ndier se \u00e7\u2019kishte b\u00ebr\u00eb dhe \u00e7\u2019kishte trazuar n\u00eb mendjet e turbullta t\u00eb njer\u00ebzve me pushtet gri n\u00eb vitin 1990.<\/p>\n<p>Gj\u00ebja m\u00eb e v\u00ebshtir\u00eb p\u00ebr t\u2019u shkulur e p\u00ebr t\u2019u \u00e7liruar paskan qen\u00eb vargonjt\u00eb e mendjes, me t\u00eb cilat na kishin rob\u00ebruar p\u00ebr gati gjysm\u00ebshekulli! Gjeka kishte thyer nj\u00eb tabu: luft\u00ebn e klasave e kishte p\u00ebrshkruar si nj\u00eb ndarje kuajsh mbret\u00ebrish, kuajsh princeshash, kuajsh fshatar\u00ebsh, secili me fatet e veta t\u00eb paracaktuara, por pa harruar t\u2019i m\u00ebshonte fort s\u00eb v\u00ebrtet\u00ebs se, gjithsesi, kuajt e eg\u00ebr e t\u00eb lir\u00eb, t\u00eb pan\u00ebnshtruar, me krifa t\u00eb pakashaisura e krenare, nuk mund t\u00eb b\u00ebheshin dot zap as nga diktatura dhe as nga veglat e saj t\u00eb zellshme, qofshin k\u00ebta shkrimtaruc\u00eb, kalemxhinj apo pseudo-poet\u00eb, hetues apo kryetar\u00eb deg\u00ebsh.<\/p>\n<p>Megjith\u00ebse, pothuajse q\u00eb t\u00eb gjith\u00ebve n\u00eb at\u00eb koh\u00eb na kishin v\u00ebn\u00eb me zor x\u00ebrxallat e err\u00ebta mbi sy, duke na qorruar q\u00ebllimisht dhe ideologjikisht, njeriu\/kal\u00eb shqiptar me shpirtin e tij t\u00eb pasur e rebel mbetej gjithsesi nj\u00eb qenie dyk\u00ebmb\u00ebshe m\u00eb e prirur drejt liris\u00eb dhe pavar\u00ebsis\u00eb s\u00eb mendimit e veprimit se sa kafsha besnike kat\u00ebrk\u00ebmb\u00ebshe e destinuar p\u00ebr t\u00eb mbajtur mbi kurriz pesh\u00ebn e r\u00ebnd\u00eb t\u00eb diktatit t\u00eb verb\u00ebr. Me kok\u00ebkrisjen e mal\u00ebsorit trim e shkroi dhe e tha hapur, e botoi q\u00eb ta lexonin q\u00eb t\u00eb gjith\u00eb. Gjeka e pagoi shtrenjt\u00eb guximin e vet, por vuri nj\u00eb gur themeli n\u00eb ngrehin\u00ebn e liris\u00eb s\u00eb mendimit, t\u00eb shprehjes e t\u00eb shtypit n\u00eb vitin 1990 dhe e vendosi at\u00eb mjesht\u00ebrisht e me shum\u00eb dinjitet.<\/p>\n<p>N\u00eb historin\u00eb e p\u00ebrmbysjes s\u00eb sistemeve komuniste dihet roli i r\u00ebnd\u00ebsish\u00ebm i shkrimtar\u00ebve e n\u00eb k\u00ebt\u00eb pik\u00eb mendoj se ka dy k\u00ebndv\u00ebshtrime kur diskutojm\u00eb p\u00ebr politik\u00eb: nj\u00eb real dhe nj\u00eb poetik. Gjek\u00eb Marinaj p\u00ebr mua ishte poeti-politikan, \u00ebnd\u00ebrrimtari idealist q\u00eb nd\u00ebrtoi, duke p\u00ebrdorur nj\u00eb tjet\u00ebr lloj vargu nga ai i zakonshmi e i r\u00ebndomti i shkrimtar\u00ebve dhe poet\u00ebve t\u00eb \u201crealizmit socialist\u201d, shtypin e lir\u00eb t\u00eb vendit ton\u00eb. Sot, mbase ulemi dhe flasim e shkruajm\u00eb n\u00eb m\u00ebnyr\u00eb tep\u00ebr t\u00eb shkrift\u00eb e t\u00eb rehatshme p\u00ebr ato dit\u00eb t\u00eb 1990-s, por jam e sigurt q\u00eb n\u00ebse do t\u00eb bisedonim mes nesh p\u00ebr fenomenin \u201cGjek\u00eb Marinaj \u2013 19 gusht 1990\u201d do t\u00eb duhej t\u00eb mendoheshim mir\u00eb.<\/p>\n<p>E ka th\u00ebn\u00eb dhe ai vet\u00eb q\u00eb \u201cartist\u00ebt jan\u00eb heronjt\u00eb m\u00eb t\u00eb ndersh\u00ebm q\u00eb ka kombi yn\u00eb. T\u00eb jesh sot artist do t\u00eb thot\u00eb t\u00eb shkyesh nga shpirti p\u00ebr t\u00eb krijuar dhe t\u00eb rrjep\u00ebsh nga l\u00ebkura e kurrizit p\u00ebr t\u00eb botuar.\u201d Por \u00e7far\u00eb shpirti po shkyejn\u00eb sot artist\u00ebt dhe gazetar\u00ebt tan\u00eb? Kurrizin e kujt po rrjepin p\u00ebr t\u00eb botuar? P\u00ebr t\u00eb qen\u00eb m\u00eb t\u00eb sakt\u00eb: ata po rrjepin kurrizin e pronar\u00ebve t\u00eb gazetave e t\u00eb mediave p\u00ebr t\u00eb botuar e mbushur faqet e panum\u00ebrta t\u00eb revistave e gazetave, aq sa ne, prind\u00ebrit mundohemi shum\u00eb her\u00eb t\u00eb censurojm\u00eb brenda familjes, n\u00eb m\u00ebnyr\u00eb q\u00eb flet\u00eb t\u00eb ve\u00e7anta revistash apo gazetash t\u00eb mos bien n\u00eb duart e f\u00ebmij\u00ebve tan\u00eb t\u00eb mitur.<\/p>\n<p>Nuk na u nda apo m\u00eb mir\u00eb, nuk iu ndam\u00eb dot censur\u00ebs! Faqe t\u00eb t\u00ebra revistash dhe gazetash t\u00eb mbushura me lajme pa kuptim, me foto, figura, th\u00ebnie t\u00eb turpshme e fenomene negative t\u00eb shoq\u00ebris\u00eb son\u00eb, vajza ende pa mbushur t\u00eb 16-t t\u00eb zhveshura deri aty ku nuk mban m\u00eb, thurje himnesh, zvet\u00ebnimit dhe degjenerimit shoq\u00ebror. Lexon dy faqet e para t\u00eb gazetave t\u00eb p\u00ebrditshme dhe faqet e m\u00ebtejshme nuk i kthen dot m\u00eb, sepse nganj\u00ebher\u00eb goditesh drejt e n\u00eb tru nga pafytyr\u00ebsia dhe pavlefshm\u00ebria, nga bro\u00e7kullat pafund dhe endjet e opinioneve pambarim t\u00eb artikuj-shkruesve, analist\u00ebve apo opinionist\u00ebve tru-shp\u00eblar\u00ebs q\u00eb vazhdojn\u00eb ta tjerrin nj\u00eb \u00e7\u00ebshtje si t\u00eb kishte qen\u00eb p\u00eblhura e bekuar e Penelop\u00ebs! Shikon vet\u00ebm duar q\u00eb zgjaten t\u00eb rrjepin honorarin ditor nga t\u00eb pasurit e rinj botues t\u00eb nj\u00eb vendi ende t\u00eb brisht\u00eb e pa p\u00ebrvoj\u00eb n\u00eb k\u00ebt\u00eb fush\u00eb.<\/p>\n<p>Mund t\u00eb themi q\u00eb po, e kemi fituar lirin\u00eb e shtypit, nuk t\u00eb merr m\u00eb njeri e t\u00eb t\u00eb t\u00ebrheq\u00eb zvarr\u00eb n\u00eb deg\u00ebn e brendshme, n\u00eb komisariat, apo t\u00eb t\u00eb plas\u00eb n\u00eb Spa\u00e7 apo Qaf\u00eb-Bar (fatmir\u00ebsisht jan\u00eb mbyllur nj\u00ebher\u00eb e p\u00ebrgjithmon\u00eb!) pse shkrove kund\u00ebr kryeministrit apo presidentit. Vet\u00ebm pak koh\u00eb m\u00eb par\u00eb ishte shtypi yn\u00eb i lir\u00eb dhe i guximsh\u00ebm q\u00eb botoi kabllogramet e shum\u00ebp\u00ebrfolura apo rastet e panum\u00ebrta t\u00eb korrupsionit aktiv ose pasiv t\u00eb drejtuesve t\u00eb lart\u00eb t\u00eb shtetit. P\u00ebr t\u00eb mos ua ngr\u00ebn\u00eb hakun se n\u00eb fakt, q\u00ebllimi im nuk \u00ebsht\u00eb t\u00eb b\u00ebj nj\u00eb analiz\u00eb t\u00eb shtypit apo liris\u00eb s\u00eb shtypit, ka dhe gazeta e gazetar\u00eb q\u00eb identifikojn\u00eb lajmin e v\u00ebrtet\u00eb dhe \u00ebsht\u00eb k\u00ebnaq\u00ebsi t\u00eb lexosh opinionet apo \u201czbulimet\u201d e gazetar\u00ebve t\u00eb patrembur dhe botimet e gazetave q\u00eb e meritojn\u00eb kat\u00ebrcip\u00ebrisht em\u00ebrtimin t\u00eb pavarura.<\/p>\n<p>Ama, nga ana tjet\u00ebr, kemi dhe raste kur, bazuar n\u00eb ligjet e demokracis\u00eb, p\u00ebr fyerje dhe shpifje \u00e7ohesh n\u00eb gjykat\u00eb dhe kur pafytyr\u00ebsia dhe padrejt\u00ebsia, e vulosur dhe e certifikuar nga drejt\u00ebsia shqiptare, na serviret \u00e7do dit\u00eb n\u00eb faqet e para t\u00eb gazetave. Madje kemi shkuar dhe m\u00eb larg, deri te Gjykata e Strasburgut, duke trokitur n\u00eb dyert e avokat\u00ebve dhe dhomave t\u00eb avokat\u00ebve m\u00eb n\u00eb z\u00eb t\u00eb shteteve fqinje p\u00ebr t\u00eb \u201cpav\u00ebrtetat\u201d (q\u00eb as n\u00eb shqip nuk ting\u00ebllon bukur, sepse o thua t\u00eb v\u00ebrtet\u00ebn, o g\u00ebnjeshtr\u00ebn, por ky \u00ebsht\u00eb kapitull m\u00eb vete!) q\u00eb filan gazetar apo analist apo edhe historian, \u00ebsht\u00eb shk\u00eblyer t\u00eb nxjerr\u00eb t\u00eb palarat e politikan\u00ebve tan\u00eb t\u00eb shtrenjt\u00eb e t\u00eb ndersh\u00ebm. Gazetari \u00ebsht\u00eb artist n\u00eb shpirt.<\/p>\n<p>Gazetari\/analisti\/tru-shp\u00eblar\u00ebsi nuk do t\u00eb g\u00ebnjente, nuk do t\u00eb shpifte, nuk do t\u00eb sajonte, nuk do t\u00eb provokonte n\u00eb qoft\u00eb se do t\u00eb ishte v\u00ebrtet njeri i lir\u00eb, i pavarur dhe i ditur. Ndoshta po k\u00ebrkoj ca si shum\u00eb, po t\u00eb shkruaj q\u00eb nuk do t\u2019i b\u00ebnte t\u00eb gjitha k\u00ebto n\u00ebse do t\u00eb ishte \u201ckal\u00eb i eg\u00ebr\u201d dhe i prekur nga \u201csindroma apo fenomeni Gjek\u00eb Marinaj\u201d. Ai q\u00eb e meriton k\u00ebt\u00eb titull \u201cgazetar\u201d, se mbase gazetar mund t\u00eb vet\u00ebquhet edhe ai\/ajo q\u00eb sajon kronikat e suplementit \u201cBluetooth\u201d ku jo m\u00eb larg se t\u00eb diel\u00ebn e kaluar \u201cmartuan\u201d me d\u00ebshir\u00ebn e tyre dhe jo t\u00eb t\u00eb interesuarve, djalin e ish-kryeministrit Nano, do duhet ta dij\u00eb shum\u00eb mir\u00eb q\u00eb t\u00eb jesh sot, n\u00eb k\u00ebt\u00eb koh\u00eb t\u00eb trazuar antivlerash n\u00eb Shqip\u00ebri, gazetar, do t\u00eb thot\u00eb t\u00eb kesh nj\u00eb shpirt m\u00eb t\u00eb madh se kushdo tjet\u00ebr, ta kesh m\u00ebsuar e kuptuar misionin e v\u00ebrtet\u00eb t\u00eb gazetarit, t\u00eb kesh hulumtuar qoft\u00eb dhe nj\u00eb detaj pa r\u00ebnd\u00ebsi si shembulli i lartp\u00ebrmendur, ta njoh\u00ebsh e p\u00ebrmend\u00ebsh historin\u00eb shum\u00ebshekullore t\u00eb vendit ton\u00eb, n\u00eb m\u00ebnyr\u00eb q\u00eb t\u00eb shkruash e t\u00eb thuash gjithmon\u00eb t\u00eb v\u00ebrtet\u00ebn. Nj\u00eb gazetar \u00ebsht\u00eb gati-gati baras me nj\u00eb gjykat\u00ebs moral.<\/p>\n<p>Me k\u00ebt\u00eb kut matet ndershm\u00ebria e tyre, kur nj\u00eb politikan apo ofiqar betohet e bazohet mbi ligjet dhe Kushtetut\u00ebn, kurse tjetri, gazetari, mb\u00ebshtetet dhe betohet vet\u00ebm mbi shpirtin e tij dhe kodet etiko-morale. Cila peshon m\u00eb tep\u00ebr: Kushtetuta apo vlera e shpirtit? Apo ndoshta edhe n\u00eb k\u00ebt\u00eb pik\u00eb, do t\u00eb m\u00eb duhet t\u2019i rikthehem let\u00ebrsis\u00eb s\u00eb viteve 1980, romanit me aq vlera, por t\u00eb n\u00ebp\u00ebrk\u00ebmbur e t\u00eb mbuluar nga pluhuri i harres\u00ebs t\u00eb Dhimit\u00ebr Xhuvanit me titullin kuptimplot\u00eb \u201cShpirtin nuk e shes\u201d?!<\/p>\n<p>Sot, media e shkruar n\u00eb Shqip\u00ebri, n\u00eb pjes\u00ebn m\u00eb t\u00eb madhe t\u00eb saj, \u00ebsht\u00eb kthyer n\u00eb mjet jetese dhe p\u00ebrfitimi p\u00ebr njer\u00ebz drit\u00ebshkurt\u00ebr, sepse ai q\u00eb mendon gjat\u00eb e thell\u00eb do t\u00eb d\u00ebshironte v\u00ebrtet q\u00eb t\u00eb linte nj\u00eb em\u00ebr t\u00eb shquar n\u00eb gazetari apo n\u00eb shtypin e lir\u00eb apo qoft\u00eb edhe nj\u00eb gjurm\u00eb profesionisti t\u00eb v\u00ebrtet\u00eb. Gjek\u00eb Marinaj botoi dhe poezi t\u00eb tjera, por \u201cKuajt\u201d do jen\u00eb gjithmon\u00eb t\u00eb lidhur ngusht\u00eb me emrin dhe vepr\u00ebn e tij p\u00ebr k\u00ebdo q\u00eb d\u00ebshiron v\u00ebrtet t\u00eb dij\u00eb sadopak p\u00ebr zanafill\u00ebn e gur\u00ebve t\u00eb liris\u00eb s\u00eb shtypit shqiptar. E them k\u00ebt\u00eb p\u00ebr t\u00eb gjith\u00eb gazetar\u00ebt, por ve\u00e7an\u00ebrisht, p\u00ebr ata student\u00eb q\u00eb u ul\u00ebn rishtazi k\u00ebt\u00eb vit n\u00eb bankat e universiteteve shqiptare duke u p\u00ebrpjekur q\u00eb t\u00eb nx\u00ebn\u00eb historin\u00eb e shtypit t\u00eb lir\u00eb shqiptar, n\u00eb m\u00ebnyr\u00eb q\u00eb t\u00eb mundohen e t\u00eb shfletojn\u00eb sadopak dhe mbi fenomenin e ashtuquajtur \u201cGjek\u00eb Marinaj\u201d.<\/p>\n<p>Nuk m\u00eb hyn fare n\u00eb sy q\u00eb paradoksalisht, ish-presidenti Ramiz Alia dhe nj\u00ebkoh\u00ebsisht edhe diktatori i fundit apo demokrati i par\u00eb, ia besoi Gjek\u00ebs intervist\u00ebn e fundit n\u00eb form\u00eb testamenti, por n\u00eb mendjen time, fakti q\u00eb Marinaj ndoshta u rrah, u torturua dhe u dhunua psikologjikisht nga regjimi q\u00eb drejtonte dikur Alia, m\u00eb thot\u00eb shum\u00eb gj\u00ebra. Sa ironike, p\u00ebr t\u00eb mos th\u00ebn\u00eb cinike, q\u00eb Alia ia besoi pik\u00ebrisht atij intervist\u00ebn e fundit, dhe Gjek\u00eb Marinaj e pranoi!<\/p>\n<p>Cikli i galopit t\u00eb shfrenuar t\u00eb kuajve t\u00eb dikursh\u00ebm e t\u00eb pan\u00ebnshtruar, p\u00ebrmbyllet i plot\u00eb n\u00eb k\u00ebt\u00eb pik\u00eb! N\u00eb bindjen dhe n\u00eb ndjeshm\u00ebrin\u00eb time morale, k\u00ebta njer\u00ebz, t\u00eb cil\u00ebt vuajt\u00ebn m\u00eb shum\u00eb se ne, sot falin m\u00eb shum\u00eb se kushdo tjet\u00ebr. Zemra e tyre \u00ebsht\u00eb b\u00ebr\u00eb m\u00eb e bardh\u00eb e m\u00eb e madhe dhe shpirti i tyre shpaloset gjer\u00ebsisht duke na mposhtur me qet\u00ebsin\u00eb e vlerave t\u00eb paz\u00ebvend\u00ebsueshme morale. Ata kan\u00eb fituar tashm\u00eb nj\u00eb kultur\u00eb t\u00eb re ku \u201cfalja\u201d merr p\u00ebrmasa t\u00eb panjohura deri m\u00eb sot.<\/p>\n","protected":false},"excerpt":{"rendered":"<p>Eva Dore, 11.11.2011 Nj\u00eb djal\u00eb i guximsh\u00ebm e i talentuar, nga fshati Brrut i Mal\u00ebsis\u00eb s\u00eb Madhe, botoi m\u00eb 19 gusht 1990, n\u00eb gazet\u00ebn letrare \u201cDrita\u201d, organ i Lidhjes s\u00eb Shkrimtar\u00ebve dhe Artist\u00ebve t\u00eb Shqip\u00ebris\u00eb, nj\u00eb poezi me nj\u00ebzet e nj\u00eb vargje, t\u00eb cil\u00ebn, kushdo q\u00eb e lexoi at\u00ebher\u00eb ve\u00e7 nj\u00eb her\u00eb, ndoshta nuk e [&hellip;]<\/p>\n","protected":false},"author":1,"featured_media":0,"comment_status":"open","ping_status":"closed","sticky":false,"template":"","format":"standard","meta":{"footnotes":""},"categories":[2],"tags":[],"class_list":{"0":"post-741","1":"post","2":"type-post","3":"status-publish","4":"format-standard","6":"category-artikuj"},"yoast_head":"<!-- This site is optimized with the Yoast SEO plugin v27.4 - https:\/\/yoast.com\/product\/yoast-seo-wordpress\/ -->\n<title>Fenomeni \u201cGjek\u00eb Marinaj\u201d - FjALA e LIR\u00cb - Arkivi<\/title>\n<meta name=\"robots\" content=\"index, follow, max-snippet:-1, max-image-preview:large, max-video-preview:-1\" \/>\n<link rel=\"canonical\" href=\"https:\/\/fjala.info\/2009-2015\/fenomeni-gjeke-marinaj\/\" \/>\n<meta property=\"og:locale\" content=\"sq_AL\" \/>\n<meta property=\"og:type\" content=\"article\" \/>\n<meta property=\"og:title\" content=\"Fenomeni \u201cGjek\u00eb Marinaj\u201d - FjALA e LIR\u00cb - Arkivi\" \/>\n<meta property=\"og:description\" content=\"Eva Dore, 11.11.2011 Nj\u00eb djal\u00eb i guximsh\u00ebm e i talentuar, nga fshati Brrut i Mal\u00ebsis\u00eb s\u00eb Madhe, botoi m\u00eb 19 gusht 1990, n\u00eb gazet\u00ebn letrare \u201cDrita\u201d, organ i Lidhjes s\u00eb Shkrimtar\u00ebve dhe Artist\u00ebve t\u00eb Shqip\u00ebris\u00eb, nj\u00eb poezi me nj\u00ebzet e nj\u00eb vargje, t\u00eb cil\u00ebn, kushdo q\u00eb e lexoi at\u00ebher\u00eb ve\u00e7 nj\u00eb her\u00eb, ndoshta nuk e [&hellip;]\" \/>\n<meta property=\"og:url\" content=\"https:\/\/fjala.info\/2009-2015\/fenomeni-gjeke-marinaj\/\" \/>\n<meta property=\"og:site_name\" content=\"FjALA e LIR\u00cb - Arkivi\" \/>\n<meta property=\"article:published_time\" content=\"2011-11-11T08:23:55+00:00\" \/>\n<meta property=\"og:image\" content=\"http:\/\/www.shkoder.net\/images\/fjala\/2010\/gjeke_marinaj.jpg\" \/>\n<meta name=\"author\" content=\"admin\" \/>\n<meta name=\"twitter:card\" content=\"summary_large_image\" \/>\n<meta name=\"twitter:label1\" content=\"Written by\" \/>\n\t<meta name=\"twitter:data1\" content=\"admin\" \/>\n\t<meta name=\"twitter:label2\" content=\"Est. reading time\" \/>\n\t<meta name=\"twitter:data2\" content=\"15 minutes\" \/>\n<script type=\"application\/ld+json\" class=\"yoast-schema-graph\">{\"@context\":\"https:\\\/\\\/schema.org\",\"@graph\":[{\"@type\":\"Article\",\"@id\":\"https:\\\/\\\/fjala.info\\\/2009-2015\\\/fenomeni-gjeke-marinaj\\\/#article\",\"isPartOf\":{\"@id\":\"https:\\\/\\\/fjala.info\\\/2009-2015\\\/fenomeni-gjeke-marinaj\\\/\"},\"author\":{\"name\":\"admin\",\"@id\":\"https:\\\/\\\/fjala.info\\\/2009-2015\\\/#\\\/schema\\\/person\\\/3aa1163ef05469c496fc94e77611ada2\"},\"headline\":\"Fenomeni \u201cGjek\u00eb Marinaj\u201d\",\"datePublished\":\"2011-11-11T08:23:55+00:00\",\"mainEntityOfPage\":{\"@id\":\"https:\\\/\\\/fjala.info\\\/2009-2015\\\/fenomeni-gjeke-marinaj\\\/\"},\"wordCount\":2961,\"commentCount\":0,\"publisher\":{\"@id\":\"https:\\\/\\\/fjala.info\\\/2009-2015\\\/#organization\"},\"image\":{\"@id\":\"https:\\\/\\\/fjala.info\\\/2009-2015\\\/fenomeni-gjeke-marinaj\\\/#primaryimage\"},\"thumbnailUrl\":\"http:\\\/\\\/www.shkoder.net\\\/images\\\/fjala\\\/2010\\\/gjeke_marinaj.jpg\",\"articleSection\":[\"Artikuj\"],\"inLanguage\":\"sq-AL\",\"potentialAction\":[{\"@type\":\"CommentAction\",\"name\":\"Comment\",\"target\":[\"https:\\\/\\\/fjala.info\\\/2009-2015\\\/fenomeni-gjeke-marinaj\\\/#respond\"]}]},{\"@type\":\"WebPage\",\"@id\":\"https:\\\/\\\/fjala.info\\\/2009-2015\\\/fenomeni-gjeke-marinaj\\\/\",\"url\":\"https:\\\/\\\/fjala.info\\\/2009-2015\\\/fenomeni-gjeke-marinaj\\\/\",\"name\":\"Fenomeni \u201cGjek\u00eb Marinaj\u201d - FjALA e LIR\u00cb - Arkivi\",\"isPartOf\":{\"@id\":\"https:\\\/\\\/fjala.info\\\/2009-2015\\\/#website\"},\"primaryImageOfPage\":{\"@id\":\"https:\\\/\\\/fjala.info\\\/2009-2015\\\/fenomeni-gjeke-marinaj\\\/#primaryimage\"},\"image\":{\"@id\":\"https:\\\/\\\/fjala.info\\\/2009-2015\\\/fenomeni-gjeke-marinaj\\\/#primaryimage\"},\"thumbnailUrl\":\"http:\\\/\\\/www.shkoder.net\\\/images\\\/fjala\\\/2010\\\/gjeke_marinaj.jpg\",\"datePublished\":\"2011-11-11T08:23:55+00:00\",\"breadcrumb\":{\"@id\":\"https:\\\/\\\/fjala.info\\\/2009-2015\\\/fenomeni-gjeke-marinaj\\\/#breadcrumb\"},\"inLanguage\":\"sq-AL\",\"potentialAction\":[{\"@type\":\"ReadAction\",\"target\":[\"https:\\\/\\\/fjala.info\\\/2009-2015\\\/fenomeni-gjeke-marinaj\\\/\"]}]},{\"@type\":\"ImageObject\",\"inLanguage\":\"sq-AL\",\"@id\":\"https:\\\/\\\/fjala.info\\\/2009-2015\\\/fenomeni-gjeke-marinaj\\\/#primaryimage\",\"url\":\"http:\\\/\\\/www.shkoder.net\\\/images\\\/fjala\\\/2010\\\/gjeke_marinaj.jpg\",\"contentUrl\":\"http:\\\/\\\/www.shkoder.net\\\/images\\\/fjala\\\/2010\\\/gjeke_marinaj.jpg\"},{\"@type\":\"BreadcrumbList\",\"@id\":\"https:\\\/\\\/fjala.info\\\/2009-2015\\\/fenomeni-gjeke-marinaj\\\/#breadcrumb\",\"itemListElement\":[{\"@type\":\"ListItem\",\"position\":1,\"name\":\"Home\",\"item\":\"https:\\\/\\\/fjala.info\\\/2009-2015\\\/\"},{\"@type\":\"ListItem\",\"position\":2,\"name\":\"Fenomeni \u201cGjek\u00eb Marinaj\u201d\"}]},{\"@type\":\"WebSite\",\"@id\":\"https:\\\/\\\/fjala.info\\\/2009-2015\\\/#website\",\"url\":\"https:\\\/\\\/fjala.info\\\/2009-2015\\\/\",\"name\":\"FjALA e LIR\u00cb - Arkivi\",\"description\":\"Arkivi 2009-2015\",\"publisher\":{\"@id\":\"https:\\\/\\\/fjala.info\\\/2009-2015\\\/#organization\"},\"potentialAction\":[{\"@type\":\"SearchAction\",\"target\":{\"@type\":\"EntryPoint\",\"urlTemplate\":\"https:\\\/\\\/fjala.info\\\/2009-2015\\\/?s={search_term_string}\"},\"query-input\":{\"@type\":\"PropertyValueSpecification\",\"valueRequired\":true,\"valueName\":\"search_term_string\"}}],\"inLanguage\":\"sq-AL\"},{\"@type\":\"Organization\",\"@id\":\"https:\\\/\\\/fjala.info\\\/2009-2015\\\/#organization\",\"name\":\"FjALA e LIR\u00cb - Arkivi\",\"url\":\"https:\\\/\\\/fjala.info\\\/2009-2015\\\/\",\"logo\":{\"@type\":\"ImageObject\",\"inLanguage\":\"sq-AL\",\"@id\":\"https:\\\/\\\/fjala.info\\\/2009-2015\\\/#\\\/schema\\\/logo\\\/image\\\/\",\"url\":\"\",\"contentUrl\":\"\",\"caption\":\"FjALA e LIR\u00cb - Arkivi\"},\"image\":{\"@id\":\"https:\\\/\\\/fjala.info\\\/2009-2015\\\/#\\\/schema\\\/logo\\\/image\\\/\"}},{\"@type\":\"Person\",\"@id\":\"https:\\\/\\\/fjala.info\\\/2009-2015\\\/#\\\/schema\\\/person\\\/3aa1163ef05469c496fc94e77611ada2\",\"name\":\"admin\",\"image\":{\"@type\":\"ImageObject\",\"inLanguage\":\"sq-AL\",\"@id\":\"https:\\\/\\\/fjala.info\\\/2009-2015\\\/wp-content\\\/uploads\\\/2012\\\/02\\\/arben_cokaj-120x150.jpg\",\"url\":\"https:\\\/\\\/fjala.info\\\/2009-2015\\\/wp-content\\\/uploads\\\/2012\\\/02\\\/arben_cokaj-120x150.jpg\",\"contentUrl\":\"https:\\\/\\\/fjala.info\\\/2009-2015\\\/wp-content\\\/uploads\\\/2012\\\/02\\\/arben_cokaj-120x150.jpg\",\"caption\":\"admin\"},\"description\":\"Admin, Fjala e Lir\u00eb\",\"sameAs\":[\"https:\\\/\\\/fjala.info\\\/\"],\"url\":\"https:\\\/\\\/fjala.info\\\/2009-2015\\\/author\\\/admin\\\/\"}]}<\/script>\n<!-- \/ Yoast SEO plugin. -->","yoast_head_json":{"title":"Fenomeni \u201cGjek\u00eb Marinaj\u201d - FjALA e LIR\u00cb - Arkivi","robots":{"index":"index","follow":"follow","max-snippet":"max-snippet:-1","max-image-preview":"max-image-preview:large","max-video-preview":"max-video-preview:-1"},"canonical":"https:\/\/fjala.info\/2009-2015\/fenomeni-gjeke-marinaj\/","og_locale":"sq_AL","og_type":"article","og_title":"Fenomeni \u201cGjek\u00eb Marinaj\u201d - FjALA e LIR\u00cb - Arkivi","og_description":"Eva Dore, 11.11.2011 Nj\u00eb djal\u00eb i guximsh\u00ebm e i talentuar, nga fshati Brrut i Mal\u00ebsis\u00eb s\u00eb Madhe, botoi m\u00eb 19 gusht 1990, n\u00eb gazet\u00ebn letrare \u201cDrita\u201d, organ i Lidhjes s\u00eb Shkrimtar\u00ebve dhe Artist\u00ebve t\u00eb Shqip\u00ebris\u00eb, nj\u00eb poezi me nj\u00ebzet e nj\u00eb vargje, t\u00eb cil\u00ebn, kushdo q\u00eb e lexoi at\u00ebher\u00eb ve\u00e7 nj\u00eb her\u00eb, ndoshta nuk e [&hellip;]","og_url":"https:\/\/fjala.info\/2009-2015\/fenomeni-gjeke-marinaj\/","og_site_name":"FjALA e LIR\u00cb - Arkivi","article_published_time":"2011-11-11T08:23:55+00:00","og_image":[{"url":"http:\/\/www.shkoder.net\/images\/fjala\/2010\/gjeke_marinaj.jpg","type":"","width":"","height":""}],"author":"admin","twitter_card":"summary_large_image","twitter_misc":{"Written by":"admin","Est. reading time":"15 minutes"},"schema":{"@context":"https:\/\/schema.org","@graph":[{"@type":"Article","@id":"https:\/\/fjala.info\/2009-2015\/fenomeni-gjeke-marinaj\/#article","isPartOf":{"@id":"https:\/\/fjala.info\/2009-2015\/fenomeni-gjeke-marinaj\/"},"author":{"name":"admin","@id":"https:\/\/fjala.info\/2009-2015\/#\/schema\/person\/3aa1163ef05469c496fc94e77611ada2"},"headline":"Fenomeni \u201cGjek\u00eb Marinaj\u201d","datePublished":"2011-11-11T08:23:55+00:00","mainEntityOfPage":{"@id":"https:\/\/fjala.info\/2009-2015\/fenomeni-gjeke-marinaj\/"},"wordCount":2961,"commentCount":0,"publisher":{"@id":"https:\/\/fjala.info\/2009-2015\/#organization"},"image":{"@id":"https:\/\/fjala.info\/2009-2015\/fenomeni-gjeke-marinaj\/#primaryimage"},"thumbnailUrl":"http:\/\/www.shkoder.net\/images\/fjala\/2010\/gjeke_marinaj.jpg","articleSection":["Artikuj"],"inLanguage":"sq-AL","potentialAction":[{"@type":"CommentAction","name":"Comment","target":["https:\/\/fjala.info\/2009-2015\/fenomeni-gjeke-marinaj\/#respond"]}]},{"@type":"WebPage","@id":"https:\/\/fjala.info\/2009-2015\/fenomeni-gjeke-marinaj\/","url":"https:\/\/fjala.info\/2009-2015\/fenomeni-gjeke-marinaj\/","name":"Fenomeni \u201cGjek\u00eb Marinaj\u201d - FjALA e LIR\u00cb - Arkivi","isPartOf":{"@id":"https:\/\/fjala.info\/2009-2015\/#website"},"primaryImageOfPage":{"@id":"https:\/\/fjala.info\/2009-2015\/fenomeni-gjeke-marinaj\/#primaryimage"},"image":{"@id":"https:\/\/fjala.info\/2009-2015\/fenomeni-gjeke-marinaj\/#primaryimage"},"thumbnailUrl":"http:\/\/www.shkoder.net\/images\/fjala\/2010\/gjeke_marinaj.jpg","datePublished":"2011-11-11T08:23:55+00:00","breadcrumb":{"@id":"https:\/\/fjala.info\/2009-2015\/fenomeni-gjeke-marinaj\/#breadcrumb"},"inLanguage":"sq-AL","potentialAction":[{"@type":"ReadAction","target":["https:\/\/fjala.info\/2009-2015\/fenomeni-gjeke-marinaj\/"]}]},{"@type":"ImageObject","inLanguage":"sq-AL","@id":"https:\/\/fjala.info\/2009-2015\/fenomeni-gjeke-marinaj\/#primaryimage","url":"http:\/\/www.shkoder.net\/images\/fjala\/2010\/gjeke_marinaj.jpg","contentUrl":"http:\/\/www.shkoder.net\/images\/fjala\/2010\/gjeke_marinaj.jpg"},{"@type":"BreadcrumbList","@id":"https:\/\/fjala.info\/2009-2015\/fenomeni-gjeke-marinaj\/#breadcrumb","itemListElement":[{"@type":"ListItem","position":1,"name":"Home","item":"https:\/\/fjala.info\/2009-2015\/"},{"@type":"ListItem","position":2,"name":"Fenomeni \u201cGjek\u00eb Marinaj\u201d"}]},{"@type":"WebSite","@id":"https:\/\/fjala.info\/2009-2015\/#website","url":"https:\/\/fjala.info\/2009-2015\/","name":"FjALA e LIR\u00cb - Arkivi","description":"Arkivi 2009-2015","publisher":{"@id":"https:\/\/fjala.info\/2009-2015\/#organization"},"potentialAction":[{"@type":"SearchAction","target":{"@type":"EntryPoint","urlTemplate":"https:\/\/fjala.info\/2009-2015\/?s={search_term_string}"},"query-input":{"@type":"PropertyValueSpecification","valueRequired":true,"valueName":"search_term_string"}}],"inLanguage":"sq-AL"},{"@type":"Organization","@id":"https:\/\/fjala.info\/2009-2015\/#organization","name":"FjALA e LIR\u00cb - Arkivi","url":"https:\/\/fjala.info\/2009-2015\/","logo":{"@type":"ImageObject","inLanguage":"sq-AL","@id":"https:\/\/fjala.info\/2009-2015\/#\/schema\/logo\/image\/","url":"","contentUrl":"","caption":"FjALA e LIR\u00cb - Arkivi"},"image":{"@id":"https:\/\/fjala.info\/2009-2015\/#\/schema\/logo\/image\/"}},{"@type":"Person","@id":"https:\/\/fjala.info\/2009-2015\/#\/schema\/person\/3aa1163ef05469c496fc94e77611ada2","name":"admin","image":{"@type":"ImageObject","inLanguage":"sq-AL","@id":"https:\/\/fjala.info\/2009-2015\/wp-content\/uploads\/2012\/02\/arben_cokaj-120x150.jpg","url":"https:\/\/fjala.info\/2009-2015\/wp-content\/uploads\/2012\/02\/arben_cokaj-120x150.jpg","contentUrl":"https:\/\/fjala.info\/2009-2015\/wp-content\/uploads\/2012\/02\/arben_cokaj-120x150.jpg","caption":"admin"},"description":"Admin, Fjala e Lir\u00eb","sameAs":["https:\/\/fjala.info\/"],"url":"https:\/\/fjala.info\/2009-2015\/author\/admin\/"}]}},"_links":{"self":[{"href":"https:\/\/fjala.info\/2009-2015\/wp-json\/wp\/v2\/posts\/741","targetHints":{"allow":["GET"]}}],"collection":[{"href":"https:\/\/fjala.info\/2009-2015\/wp-json\/wp\/v2\/posts"}],"about":[{"href":"https:\/\/fjala.info\/2009-2015\/wp-json\/wp\/v2\/types\/post"}],"author":[{"embeddable":true,"href":"https:\/\/fjala.info\/2009-2015\/wp-json\/wp\/v2\/users\/1"}],"replies":[{"embeddable":true,"href":"https:\/\/fjala.info\/2009-2015\/wp-json\/wp\/v2\/comments?post=741"}],"version-history":[{"count":0,"href":"https:\/\/fjala.info\/2009-2015\/wp-json\/wp\/v2\/posts\/741\/revisions"}],"wp:attachment":[{"href":"https:\/\/fjala.info\/2009-2015\/wp-json\/wp\/v2\/media?parent=741"}],"wp:term":[{"taxonomy":"category","embeddable":true,"href":"https:\/\/fjala.info\/2009-2015\/wp-json\/wp\/v2\/categories?post=741"},{"taxonomy":"post_tag","embeddable":true,"href":"https:\/\/fjala.info\/2009-2015\/wp-json\/wp\/v2\/tags?post=741"}],"curies":[{"name":"wp","href":"https:\/\/api.w.org\/{rel}","templated":true}]}}