{"id":73,"date":"2011-11-10T23:35:24","date_gmt":"2011-11-10T22:35:24","guid":{"rendered":"http:\/\/fjala.shkoder.net\/?p=73"},"modified":"2011-11-10T23:35:24","modified_gmt":"2011-11-10T22:35:24","slug":"pikturova-ne-pelhure-skenderbeun","status":"publish","type":"post","link":"https:\/\/fjala.info\/2009-2015\/pikturova-ne-pelhure-skenderbeun\/","title":{"rendered":"Pikturova n\u00eb p\u00eblhur\u00eb Sk\u00ebnderbeun"},"content":{"rendered":"<p><img decoding=\"async\" class=\"alignright size-thumbnail wp-image-7236\" title=\"Asllan Dibrani\" src=\"http:\/\/www.shkoder.net\/images\/fjala\/2011\/asllan_dibrani1.jpg\" alt=\"\" width=\"200\" \/> Nga <strong>Asllan Dibrani<\/strong><\/p>\n<p>Sk\u00ebnderbu, Mbreti i Shqip\u00ebris\u00eb!<br \/>\nMbrojti kultur\u00ebn e njer\u00ebzis\u00eb!<br \/>\nKruj\u00ebs ja ktheu bukurin\u00eb!<br \/>\nSk\u00ebnderbe mbi kresht\u00ebn e kalit mitik!<br \/>\nEmblem\u00eb e \u00e7udive shekullore !<br \/>\nNj\u00ebzet e pes\u00eb luft\u00ebra n\u00eb duel theve!<br \/>\nNderin dhe lavdin\u00eb Kombit k&#8217;thve!<br \/>\nN\u00eb tempujt e Iliris\u00eb kul\u00e7edrat ndalove!<br \/>\nBatak\u00eb, tradhtar\u00eb dhe mercenar\u00eb<br \/>\nsharlatan\u00eb e zuzar\u00eb,<br \/>\nturkoman\u00eb e hileqar !<br \/>\nNjer\u00ebz t\u00eb shitur e pa identitet<br \/>\nt\u00eb pa gjuh\u00eb e fis n\u00eb jet\u00eb!<br \/>\nJe qiri q\u00eb ndrit\u00eb qe pes\u00eb qind vjet<br \/>\nt\u00eb jemi besnik p\u00ebr mot e jet\u00eb!<br \/>\nSk\u00ebnderbeu ishte shqiptar,<br \/>\ntrim i madh e luft\u00ebtar\u00eb<br \/>\nqe e njohu bota e mbar\u00eb !<\/p>\n<p><img decoding=\"async\" class=\"aligncenter size-thumbnail wp-image-7236\" title=\"Asllan Dibrani - Sk\u00ebnderbeu, piktur\u00eb\" src=\"http:\/\/www.shkoder.net\/images\/fjala\/2011\/ad_skenderbeu_pic.jpg\" alt=\"\" width=\"450\" \/><\/p>\n<p><strong>Edhe Naim Frasheri n\u00eb &#8220;Fjal\u00ebt e Qiririt&#8221; tha<\/strong> ;<\/p>\n<p>N\u00eb mes tuaj kam q\u00ebndruar<br \/>\nE jam duke p\u00ebrv\u00ebluar,<br \/>\nQ\u00eb t&#8217;u ap pak\u00ebz\u00eb drit\u00eb,<br \/>\nNat\u00ebn\u00eb t&#8217;ua b\u00ebnj dit\u00eb.<\/p>\n<p>Do t\u00eb tretem, t\u00eb kullohem,<br \/>\nT\u00eb digjem, t\u00eb p\u00ebrv\u00eblohem,<br \/>\nQ\u00eb t&#8217;u ndrinj mir&#8217; e t\u00eb shihni,<br \/>\nNj\u00ebri-tjat\u00ebrin t\u00eb njihni.<\/p>\n<p>Ah Naim, Naim Frash\u00ebri<br \/>\nNe kemi mbetur akoma<br \/>\npo aty ku na gjete, e na le!<br \/>\nEdhe ma keq n\u00eb mes vete<br \/>\nhasm\u00ebruar dhe ngat\u00ebrruar<br \/>\nkatandisur e p\u00ebr\u00e7ar\u00eb p\u00ebr fe dhe dhera t&#8217; huaja ?&#8230;<br \/>\nAzi, Pakistan, Turqi e Arabi<br \/>\ndhe e kemi harruar n\u00ebn\u00ebn Shqip\u00ebri!<br \/>\nPo p\u00ebrbaltim edhe historin\u00eb,<br \/>\npo e injorojm\u00eb edhe Shqip\u00ebrin\u00eb!<br \/>\nTi kujtojm\u00eb vargjet tua Naim i madh<br \/>\nse \u00e7ka the p\u00ebr Sk\u00ebnderben\u00eb;<\/p>\n<p>T&#8217;i ap\u00eb drit\u00eb Shqip\u00ebris\u00eb<br \/>\nNga shpirt&#8217; i ndritsh\u00ebm i tija,<\/p>\n<p>Kurr\u00eb s&#8217;trembet Shqip\u00ebria,<br \/>\nnuk vdiq, po \u00ebsht\u00eb e gjall\u00eb<br \/>\ntjet\u00ebr p\u00ebrgjigjeje Turqia<br \/>\nnuk do, p\u00ebrve\u00e7 me pall\u00eb.<\/p>\n<p>Trim\u00ebria, trim\u00ebria<br \/>\nmban lirin&#8217; e m\u00ebm\u00ebdhen\u00eb !<\/p>\n<p>Kruj\u00eb, o qytet i bekuar,<br \/>\nprite, prite Sk\u00ebnderben\u00eb!&#8230;<\/p>\n<p>Shpata e tij shndrit n\u00eb diell e h\u00ebn\u00eb<br \/>\nkund\u00ebr pushtuesve otoman<br \/>\ntradhtar\u00ebve, mercenar\u00ebve<br \/>\nsharlatan\u00ebve e zuzar\u00ebve!&#8230;<\/p>\n<p>Ta shohim si luftohet p\u00ebr atdheun<br \/>\nngjyra ngjyra dhe vija vija n\u00eb betej\u00eb<br \/>\npikturova n\u00eb p\u00eblhur\u00eb Sk\u00ebnderbeun!<\/p>\n<p><em>Shtutgard &#8211; Gjermani 2011<\/em><\/p>\n","protected":false},"excerpt":{"rendered":"<p>Nga Asllan Dibrani Sk\u00ebnderbu, Mbreti i Shqip\u00ebris\u00eb! Mbrojti kultur\u00ebn e njer\u00ebzis\u00eb! Kruj\u00ebs ja ktheu bukurin\u00eb! Sk\u00ebnderbe mbi kresht\u00ebn e kalit mitik! Emblem\u00eb e \u00e7udive shekullore ! Nj\u00ebzet e pes\u00eb luft\u00ebra n\u00eb duel theve! Nderin dhe lavdin\u00eb Kombit k&#8217;thve! N\u00eb tempujt e Iliris\u00eb kul\u00e7edrat ndalove! Batak\u00eb, tradhtar\u00eb dhe mercenar\u00eb sharlatan\u00eb e zuzar\u00eb, turkoman\u00eb e hileqar ! [&hellip;]<\/p>\n","protected":false},"author":1,"featured_media":0,"comment_status":"open","ping_status":"closed","sticky":false,"template":"","format":"standard","meta":{"footnotes":""},"categories":[7,9],"tags":[],"class_list":{"0":"post-73","1":"post","2":"type-post","3":"status-publish","4":"format-standard","6":"category-letersi","7":"category-poezi"},"yoast_head":"<!-- This site is optimized with the Yoast SEO plugin v27.4 - https:\/\/yoast.com\/product\/yoast-seo-wordpress\/ -->\n<title>Pikturova n\u00eb p\u00eblhur\u00eb Sk\u00ebnderbeun - FjALA e LIR\u00cb - Arkivi<\/title>\n<meta name=\"robots\" content=\"index, follow, max-snippet:-1, max-image-preview:large, max-video-preview:-1\" \/>\n<link rel=\"canonical\" href=\"https:\/\/fjala.info\/2009-2015\/pikturova-ne-pelhure-skenderbeun\/\" \/>\n<meta property=\"og:locale\" content=\"sq_AL\" \/>\n<meta property=\"og:type\" content=\"article\" \/>\n<meta property=\"og:title\" content=\"Pikturova n\u00eb p\u00eblhur\u00eb Sk\u00ebnderbeun - FjALA e LIR\u00cb - Arkivi\" \/>\n<meta property=\"og:description\" content=\"Nga Asllan Dibrani Sk\u00ebnderbu, Mbreti i Shqip\u00ebris\u00eb! Mbrojti kultur\u00ebn e njer\u00ebzis\u00eb! Kruj\u00ebs ja ktheu bukurin\u00eb! Sk\u00ebnderbe mbi kresht\u00ebn e kalit mitik! Emblem\u00eb e \u00e7udive shekullore ! Nj\u00ebzet e pes\u00eb luft\u00ebra n\u00eb duel theve! Nderin dhe lavdin\u00eb Kombit k&#8217;thve! N\u00eb tempujt e Iliris\u00eb kul\u00e7edrat ndalove! Batak\u00eb, tradhtar\u00eb dhe mercenar\u00eb sharlatan\u00eb e zuzar\u00eb, turkoman\u00eb e hileqar ! [&hellip;]\" \/>\n<meta property=\"og:url\" content=\"https:\/\/fjala.info\/2009-2015\/pikturova-ne-pelhure-skenderbeun\/\" \/>\n<meta property=\"og:site_name\" content=\"FjALA e LIR\u00cb - Arkivi\" \/>\n<meta property=\"article:published_time\" content=\"2011-11-10T22:35:24+00:00\" \/>\n<meta property=\"og:image\" content=\"http:\/\/www.shkoder.net\/images\/fjala\/2011\/asllan_dibrani1.jpg\" \/>\n<meta name=\"author\" content=\"admin\" \/>\n<meta name=\"twitter:card\" content=\"summary_large_image\" \/>\n<meta name=\"twitter:label1\" content=\"Written by\" \/>\n\t<meta name=\"twitter:data1\" content=\"admin\" \/>\n\t<meta name=\"twitter:label2\" content=\"Est. reading time\" \/>\n\t<meta name=\"twitter:data2\" content=\"2 minutes\" \/>\n<script type=\"application\/ld+json\" class=\"yoast-schema-graph\">{\"@context\":\"https:\\\/\\\/schema.org\",\"@graph\":[{\"@type\":\"Article\",\"@id\":\"https:\\\/\\\/fjala.info\\\/2009-2015\\\/pikturova-ne-pelhure-skenderbeun\\\/#article\",\"isPartOf\":{\"@id\":\"https:\\\/\\\/fjala.info\\\/2009-2015\\\/pikturova-ne-pelhure-skenderbeun\\\/\"},\"author\":{\"name\":\"admin\",\"@id\":\"https:\\\/\\\/fjala.info\\\/2009-2015\\\/#\\\/schema\\\/person\\\/3aa1163ef05469c496fc94e77611ada2\"},\"headline\":\"Pikturova n\u00eb p\u00eblhur\u00eb Sk\u00ebnderbeun\",\"datePublished\":\"2011-11-10T22:35:24+00:00\",\"mainEntityOfPage\":{\"@id\":\"https:\\\/\\\/fjala.info\\\/2009-2015\\\/pikturova-ne-pelhure-skenderbeun\\\/\"},\"wordCount\":353,\"commentCount\":0,\"publisher\":{\"@id\":\"https:\\\/\\\/fjala.info\\\/2009-2015\\\/#organization\"},\"image\":{\"@id\":\"https:\\\/\\\/fjala.info\\\/2009-2015\\\/pikturova-ne-pelhure-skenderbeun\\\/#primaryimage\"},\"thumbnailUrl\":\"http:\\\/\\\/www.shkoder.net\\\/images\\\/fjala\\\/2011\\\/asllan_dibrani1.jpg\",\"articleSection\":[\"Let\u00ebrsi\",\"Poezi\"],\"inLanguage\":\"sq-AL\",\"potentialAction\":[{\"@type\":\"CommentAction\",\"name\":\"Comment\",\"target\":[\"https:\\\/\\\/fjala.info\\\/2009-2015\\\/pikturova-ne-pelhure-skenderbeun\\\/#respond\"]}]},{\"@type\":\"WebPage\",\"@id\":\"https:\\\/\\\/fjala.info\\\/2009-2015\\\/pikturova-ne-pelhure-skenderbeun\\\/\",\"url\":\"https:\\\/\\\/fjala.info\\\/2009-2015\\\/pikturova-ne-pelhure-skenderbeun\\\/\",\"name\":\"Pikturova n\u00eb p\u00eblhur\u00eb Sk\u00ebnderbeun - FjALA e LIR\u00cb - Arkivi\",\"isPartOf\":{\"@id\":\"https:\\\/\\\/fjala.info\\\/2009-2015\\\/#website\"},\"primaryImageOfPage\":{\"@id\":\"https:\\\/\\\/fjala.info\\\/2009-2015\\\/pikturova-ne-pelhure-skenderbeun\\\/#primaryimage\"},\"image\":{\"@id\":\"https:\\\/\\\/fjala.info\\\/2009-2015\\\/pikturova-ne-pelhure-skenderbeun\\\/#primaryimage\"},\"thumbnailUrl\":\"http:\\\/\\\/www.shkoder.net\\\/images\\\/fjala\\\/2011\\\/asllan_dibrani1.jpg\",\"datePublished\":\"2011-11-10T22:35:24+00:00\",\"breadcrumb\":{\"@id\":\"https:\\\/\\\/fjala.info\\\/2009-2015\\\/pikturova-ne-pelhure-skenderbeun\\\/#breadcrumb\"},\"inLanguage\":\"sq-AL\",\"potentialAction\":[{\"@type\":\"ReadAction\",\"target\":[\"https:\\\/\\\/fjala.info\\\/2009-2015\\\/pikturova-ne-pelhure-skenderbeun\\\/\"]}]},{\"@type\":\"ImageObject\",\"inLanguage\":\"sq-AL\",\"@id\":\"https:\\\/\\\/fjala.info\\\/2009-2015\\\/pikturova-ne-pelhure-skenderbeun\\\/#primaryimage\",\"url\":\"http:\\\/\\\/www.shkoder.net\\\/images\\\/fjala\\\/2011\\\/asllan_dibrani1.jpg\",\"contentUrl\":\"http:\\\/\\\/www.shkoder.net\\\/images\\\/fjala\\\/2011\\\/asllan_dibrani1.jpg\"},{\"@type\":\"BreadcrumbList\",\"@id\":\"https:\\\/\\\/fjala.info\\\/2009-2015\\\/pikturova-ne-pelhure-skenderbeun\\\/#breadcrumb\",\"itemListElement\":[{\"@type\":\"ListItem\",\"position\":1,\"name\":\"Home\",\"item\":\"https:\\\/\\\/fjala.info\\\/2009-2015\\\/\"},{\"@type\":\"ListItem\",\"position\":2,\"name\":\"Pikturova n\u00eb p\u00eblhur\u00eb Sk\u00ebnderbeun\"}]},{\"@type\":\"WebSite\",\"@id\":\"https:\\\/\\\/fjala.info\\\/2009-2015\\\/#website\",\"url\":\"https:\\\/\\\/fjala.info\\\/2009-2015\\\/\",\"name\":\"FjALA e LIR\u00cb - Arkivi\",\"description\":\"Arkivi 2009-2015\",\"publisher\":{\"@id\":\"https:\\\/\\\/fjala.info\\\/2009-2015\\\/#organization\"},\"potentialAction\":[{\"@type\":\"SearchAction\",\"target\":{\"@type\":\"EntryPoint\",\"urlTemplate\":\"https:\\\/\\\/fjala.info\\\/2009-2015\\\/?s={search_term_string}\"},\"query-input\":{\"@type\":\"PropertyValueSpecification\",\"valueRequired\":true,\"valueName\":\"search_term_string\"}}],\"inLanguage\":\"sq-AL\"},{\"@type\":\"Organization\",\"@id\":\"https:\\\/\\\/fjala.info\\\/2009-2015\\\/#organization\",\"name\":\"FjALA e LIR\u00cb - Arkivi\",\"url\":\"https:\\\/\\\/fjala.info\\\/2009-2015\\\/\",\"logo\":{\"@type\":\"ImageObject\",\"inLanguage\":\"sq-AL\",\"@id\":\"https:\\\/\\\/fjala.info\\\/2009-2015\\\/#\\\/schema\\\/logo\\\/image\\\/\",\"url\":\"\",\"contentUrl\":\"\",\"caption\":\"FjALA e LIR\u00cb - Arkivi\"},\"image\":{\"@id\":\"https:\\\/\\\/fjala.info\\\/2009-2015\\\/#\\\/schema\\\/logo\\\/image\\\/\"}},{\"@type\":\"Person\",\"@id\":\"https:\\\/\\\/fjala.info\\\/2009-2015\\\/#\\\/schema\\\/person\\\/3aa1163ef05469c496fc94e77611ada2\",\"name\":\"admin\",\"image\":{\"@type\":\"ImageObject\",\"inLanguage\":\"sq-AL\",\"@id\":\"https:\\\/\\\/fjala.info\\\/2009-2015\\\/wp-content\\\/uploads\\\/2012\\\/02\\\/arben_cokaj-120x150.jpg\",\"url\":\"https:\\\/\\\/fjala.info\\\/2009-2015\\\/wp-content\\\/uploads\\\/2012\\\/02\\\/arben_cokaj-120x150.jpg\",\"contentUrl\":\"https:\\\/\\\/fjala.info\\\/2009-2015\\\/wp-content\\\/uploads\\\/2012\\\/02\\\/arben_cokaj-120x150.jpg\",\"caption\":\"admin\"},\"description\":\"Admin, Fjala e Lir\u00eb\",\"sameAs\":[\"https:\\\/\\\/fjala.info\\\/\"],\"url\":\"https:\\\/\\\/fjala.info\\\/2009-2015\\\/author\\\/admin\\\/\"}]}<\/script>\n<!-- \/ Yoast SEO plugin. -->","yoast_head_json":{"title":"Pikturova n\u00eb p\u00eblhur\u00eb Sk\u00ebnderbeun - FjALA e LIR\u00cb - Arkivi","robots":{"index":"index","follow":"follow","max-snippet":"max-snippet:-1","max-image-preview":"max-image-preview:large","max-video-preview":"max-video-preview:-1"},"canonical":"https:\/\/fjala.info\/2009-2015\/pikturova-ne-pelhure-skenderbeun\/","og_locale":"sq_AL","og_type":"article","og_title":"Pikturova n\u00eb p\u00eblhur\u00eb Sk\u00ebnderbeun - FjALA e LIR\u00cb - Arkivi","og_description":"Nga Asllan Dibrani Sk\u00ebnderbu, Mbreti i Shqip\u00ebris\u00eb! Mbrojti kultur\u00ebn e njer\u00ebzis\u00eb! Kruj\u00ebs ja ktheu bukurin\u00eb! Sk\u00ebnderbe mbi kresht\u00ebn e kalit mitik! Emblem\u00eb e \u00e7udive shekullore ! Nj\u00ebzet e pes\u00eb luft\u00ebra n\u00eb duel theve! Nderin dhe lavdin\u00eb Kombit k&#8217;thve! N\u00eb tempujt e Iliris\u00eb kul\u00e7edrat ndalove! Batak\u00eb, tradhtar\u00eb dhe mercenar\u00eb sharlatan\u00eb e zuzar\u00eb, turkoman\u00eb e hileqar ! [&hellip;]","og_url":"https:\/\/fjala.info\/2009-2015\/pikturova-ne-pelhure-skenderbeun\/","og_site_name":"FjALA e LIR\u00cb - Arkivi","article_published_time":"2011-11-10T22:35:24+00:00","og_image":[{"url":"http:\/\/www.shkoder.net\/images\/fjala\/2011\/asllan_dibrani1.jpg","type":"","width":"","height":""}],"author":"admin","twitter_card":"summary_large_image","twitter_misc":{"Written by":"admin","Est. reading time":"2 minutes"},"schema":{"@context":"https:\/\/schema.org","@graph":[{"@type":"Article","@id":"https:\/\/fjala.info\/2009-2015\/pikturova-ne-pelhure-skenderbeun\/#article","isPartOf":{"@id":"https:\/\/fjala.info\/2009-2015\/pikturova-ne-pelhure-skenderbeun\/"},"author":{"name":"admin","@id":"https:\/\/fjala.info\/2009-2015\/#\/schema\/person\/3aa1163ef05469c496fc94e77611ada2"},"headline":"Pikturova n\u00eb p\u00eblhur\u00eb Sk\u00ebnderbeun","datePublished":"2011-11-10T22:35:24+00:00","mainEntityOfPage":{"@id":"https:\/\/fjala.info\/2009-2015\/pikturova-ne-pelhure-skenderbeun\/"},"wordCount":353,"commentCount":0,"publisher":{"@id":"https:\/\/fjala.info\/2009-2015\/#organization"},"image":{"@id":"https:\/\/fjala.info\/2009-2015\/pikturova-ne-pelhure-skenderbeun\/#primaryimage"},"thumbnailUrl":"http:\/\/www.shkoder.net\/images\/fjala\/2011\/asllan_dibrani1.jpg","articleSection":["Let\u00ebrsi","Poezi"],"inLanguage":"sq-AL","potentialAction":[{"@type":"CommentAction","name":"Comment","target":["https:\/\/fjala.info\/2009-2015\/pikturova-ne-pelhure-skenderbeun\/#respond"]}]},{"@type":"WebPage","@id":"https:\/\/fjala.info\/2009-2015\/pikturova-ne-pelhure-skenderbeun\/","url":"https:\/\/fjala.info\/2009-2015\/pikturova-ne-pelhure-skenderbeun\/","name":"Pikturova n\u00eb p\u00eblhur\u00eb Sk\u00ebnderbeun - FjALA e LIR\u00cb - Arkivi","isPartOf":{"@id":"https:\/\/fjala.info\/2009-2015\/#website"},"primaryImageOfPage":{"@id":"https:\/\/fjala.info\/2009-2015\/pikturova-ne-pelhure-skenderbeun\/#primaryimage"},"image":{"@id":"https:\/\/fjala.info\/2009-2015\/pikturova-ne-pelhure-skenderbeun\/#primaryimage"},"thumbnailUrl":"http:\/\/www.shkoder.net\/images\/fjala\/2011\/asllan_dibrani1.jpg","datePublished":"2011-11-10T22:35:24+00:00","breadcrumb":{"@id":"https:\/\/fjala.info\/2009-2015\/pikturova-ne-pelhure-skenderbeun\/#breadcrumb"},"inLanguage":"sq-AL","potentialAction":[{"@type":"ReadAction","target":["https:\/\/fjala.info\/2009-2015\/pikturova-ne-pelhure-skenderbeun\/"]}]},{"@type":"ImageObject","inLanguage":"sq-AL","@id":"https:\/\/fjala.info\/2009-2015\/pikturova-ne-pelhure-skenderbeun\/#primaryimage","url":"http:\/\/www.shkoder.net\/images\/fjala\/2011\/asllan_dibrani1.jpg","contentUrl":"http:\/\/www.shkoder.net\/images\/fjala\/2011\/asllan_dibrani1.jpg"},{"@type":"BreadcrumbList","@id":"https:\/\/fjala.info\/2009-2015\/pikturova-ne-pelhure-skenderbeun\/#breadcrumb","itemListElement":[{"@type":"ListItem","position":1,"name":"Home","item":"https:\/\/fjala.info\/2009-2015\/"},{"@type":"ListItem","position":2,"name":"Pikturova n\u00eb p\u00eblhur\u00eb Sk\u00ebnderbeun"}]},{"@type":"WebSite","@id":"https:\/\/fjala.info\/2009-2015\/#website","url":"https:\/\/fjala.info\/2009-2015\/","name":"FjALA e LIR\u00cb - Arkivi","description":"Arkivi 2009-2015","publisher":{"@id":"https:\/\/fjala.info\/2009-2015\/#organization"},"potentialAction":[{"@type":"SearchAction","target":{"@type":"EntryPoint","urlTemplate":"https:\/\/fjala.info\/2009-2015\/?s={search_term_string}"},"query-input":{"@type":"PropertyValueSpecification","valueRequired":true,"valueName":"search_term_string"}}],"inLanguage":"sq-AL"},{"@type":"Organization","@id":"https:\/\/fjala.info\/2009-2015\/#organization","name":"FjALA e LIR\u00cb - Arkivi","url":"https:\/\/fjala.info\/2009-2015\/","logo":{"@type":"ImageObject","inLanguage":"sq-AL","@id":"https:\/\/fjala.info\/2009-2015\/#\/schema\/logo\/image\/","url":"","contentUrl":"","caption":"FjALA e LIR\u00cb - Arkivi"},"image":{"@id":"https:\/\/fjala.info\/2009-2015\/#\/schema\/logo\/image\/"}},{"@type":"Person","@id":"https:\/\/fjala.info\/2009-2015\/#\/schema\/person\/3aa1163ef05469c496fc94e77611ada2","name":"admin","image":{"@type":"ImageObject","inLanguage":"sq-AL","@id":"https:\/\/fjala.info\/2009-2015\/wp-content\/uploads\/2012\/02\/arben_cokaj-120x150.jpg","url":"https:\/\/fjala.info\/2009-2015\/wp-content\/uploads\/2012\/02\/arben_cokaj-120x150.jpg","contentUrl":"https:\/\/fjala.info\/2009-2015\/wp-content\/uploads\/2012\/02\/arben_cokaj-120x150.jpg","caption":"admin"},"description":"Admin, Fjala e Lir\u00eb","sameAs":["https:\/\/fjala.info\/"],"url":"https:\/\/fjala.info\/2009-2015\/author\/admin\/"}]}},"_links":{"self":[{"href":"https:\/\/fjala.info\/2009-2015\/wp-json\/wp\/v2\/posts\/73","targetHints":{"allow":["GET"]}}],"collection":[{"href":"https:\/\/fjala.info\/2009-2015\/wp-json\/wp\/v2\/posts"}],"about":[{"href":"https:\/\/fjala.info\/2009-2015\/wp-json\/wp\/v2\/types\/post"}],"author":[{"embeddable":true,"href":"https:\/\/fjala.info\/2009-2015\/wp-json\/wp\/v2\/users\/1"}],"replies":[{"embeddable":true,"href":"https:\/\/fjala.info\/2009-2015\/wp-json\/wp\/v2\/comments?post=73"}],"version-history":[{"count":0,"href":"https:\/\/fjala.info\/2009-2015\/wp-json\/wp\/v2\/posts\/73\/revisions"}],"wp:attachment":[{"href":"https:\/\/fjala.info\/2009-2015\/wp-json\/wp\/v2\/media?parent=73"}],"wp:term":[{"taxonomy":"category","embeddable":true,"href":"https:\/\/fjala.info\/2009-2015\/wp-json\/wp\/v2\/categories?post=73"},{"taxonomy":"post_tag","embeddable":true,"href":"https:\/\/fjala.info\/2009-2015\/wp-json\/wp\/v2\/tags?post=73"}],"curies":[{"name":"wp","href":"https:\/\/api.w.org\/{rel}","templated":true}]}}