{"id":661,"date":"2011-12-20T00:04:47","date_gmt":"2011-12-19T23:04:47","guid":{"rendered":"http:\/\/fjala.shkoder.net\/?p=661"},"modified":"2011-12-20T00:04:47","modified_gmt":"2011-12-19T23:04:47","slug":"serbia-po-e-perveteson-konstantinin-e-madh","status":"publish","type":"post","link":"https:\/\/fjala.info\/2009-2015\/serbia-po-e-perveteson-konstantinin-e-madh\/","title":{"rendered":"SERBIA PO E P\u00cbRVET\u00cbSON KONSTANTININ E MADH"},"content":{"rendered":"<p><img decoding=\"async\" class=\"alignleft size-thumbnail wp-image-7236\" title=\"Kostandini i madh\" src=\"http:\/\/www.shkoder.net\/images\/fjala\/2011\/kostandini_madh.jpg\" alt=\"\" width=\"300\" \/> <em>Nes\u00ebr, n\u00eb BKUK<\/em><\/p>\n<p><strong>Mbahet tribuna kushtuar Konstantinit t\u00eb Madh<\/strong><\/p>\n<p>Me nisjativ\u00ebn e Asociacioni p\u00ebr Zhvillim t\u00eb Galabit \u201cGalabri\u201d, Shoqata Kulturore e Kosov\u00ebs \u201cAnton Pashku\u201d, Shoqata \u201cMiqt\u00eb e Amerik\u00ebs\u201d dhe Unioni i Letrar\u00ebve t\u00eb Kryeqytetit t\u00eb Kosov\u00ebs, q\u00eb t\u00eb gjitha n\u00eb Prishtin\u00eb, n\u00eb Bibliotek\u00ebn Komb\u00ebtare e Universitare t\u00eb Kosov\u00ebs, dit\u00ebn e h\u00ebn\u00eb, m\u00eb 19 dhjetor, n\u00eb or\u00ebn 11, organizohet tribuna kulturo-shkencore kushtuar Perandorit iliro-dardan Konstatinit t\u00eb Madh.<br \/>\nP\u00ebr k\u00ebt\u00eb figur\u00eb historike dardano-ilire \u2013 Konstantinin e Madh, kjo do t\u00eb jet\u00eb tribuna e par\u00eb q\u00eb mbahet n\u00eb viset etnike shqiptare, e q\u00eb sh\u00ebnon edhe fillimin e jubileut t\u00eb 1700-vjetorit t\u00eb \u201cEdiktit t Milanos t\u00eb mbajtur n\u00eb vitin 313\u201d, kur Konstaniti i Madh e kishte legalizuar krishterimin n\u00eb bot\u00eb.<br \/>\nMe k\u00ebt\u00eb rast do t\u00eb paraqiten gjasht\u00eb kumtesa dhe pritet t\u00eb zhvillohet nj\u00eb debat me interes, pasi q\u00eb k\u00ebt\u00eb figur\u00eb historike po tenton ta p\u00ebrvet\u00ebsoj Serbia p\u00ebr t\u2019u \u201cd\u00ebshmuar\u201d se serb\u00ebt jan\u00eb popull qiellor dhe se ata e \u201ckan\u00eb\u201d p\u00ebhapur krishterimin n\u00eb bot\u00eb!<\/p>\n<p><em><strong>N\u00eb shnjest\u00ebr<\/strong><\/em><\/p>\n<p>Evropa duke e \u201csiguruar\u201d pavar\u00ebsin\u00eb e Kosov\u00ebs, n\u00ebp\u00ebr Kosov\u00eb krijoi Serbia t\u00eb vogla, kurse ne nuk ishim n\u00eb gjendje ta d\u00ebshmojm\u00eb faktin se jo vet\u00ebm q\u00eb Serbiat e vogla n\u00ebp\u00ebr Kosov\u00eb nuk jan\u00eb serbe, por si askush tjet\u00ebr kemi t\u00eb drejt t\u00eb krijojm\u00eb Kosova t\u00eb vogla n\u00eb Serbi dhe jo vet\u00ebm n\u00eb Serbi, si me rastin e Konstatinit, pastaj t\u00eb Justinianit, t\u00eb Niket\u00ebs e shum\u00eb t\u00eb tjer\u00ebve<\/p>\n<p>Shkruan: <strong>Frrok KRISTAJ<\/strong><\/p>\n<p>Toka dardano-ilire i dha Evrop\u00ebs, por edhe bot\u00ebs shum\u00eb shenjt\u00ebror, disa prej t\u00eb cil\u00ebve ndikuan n\u00eb zhvillimin dhe qytet\u00ebrimin per\u00ebndimor. Evropa duhet t\u2019u jet\u00eb mir\u00ebnjoh\u00ebs ilir\u00ebve, dardan\u00ebve, arb\u00ebrve dhe shqiptar\u00ebve p\u00ebr rolin e jasht\u00ebzakonsh\u00ebm t\u00eb disa shenjt\u00ebror\u00ebve t\u00eb gjakut ton\u00eb, si Sh\u00ebn Konstandini i Madh, Sh\u00ebn Justiniani i Madh, Sh\u00ebn Jeronimi, Sh\u00ebn Niketa, e deri te e lumja N\u00ebna Tereze.<\/p>\n<p><img decoding=\"async\" class=\"aligncenter size-thumbnail wp-image-7236\" title=\"Ftes\u00eb - Kostandini i madh\" src=\"http:\/\/www.shkoder.net\/images\/fjala\/2011\/ftese_kostandini.jpg\" alt=\"\" width=\"450\" \/><\/p>\n<p>Mir\u00ebpo, me porosi t\u00eb Serbis\u00eb Hollivudi po b\u00ebn filmin p\u00ebr Konstandinin e Madh, q\u00eb e trajton serb, sipas romanit \u201cUdh\u00ebkryqi i Kostandinit\u201d t\u00eb serbit Dejan Stojkoviq. P\u00ebr k\u00ebt\u00eb Serbia ka ndar\u00eb mbi 100 milion\u00eb dollar\u00eb. Por a e din\u00eb serb\u00ebt se Konstandini i Madh ishte dardan, paraardh\u00ebs i shqiptar\u00ebve, p\u00ebrkat\u00ebsisht se serb\u00ebt duhet t\u00eb nisen nga fakti se nd\u00ebr emrat serb asanj\u00ebher\u00eb nuk kan\u00eb pas Konstandin.<\/p>\n<p>Skenarist\u00ebt serb\u00eb e din\u00eb se s\u2019ka asnj\u00eb dokument bind\u00ebs t\u00eb cil\u00ebsdo koh\u00eb q\u00eb Konstandinin e Madh e trajton serb. Por se shtypi serb tash e nj\u00eb koh\u00eb po shkruajn\u00eb se \u201cKy Perandor u lind n\u00eb Nish e kjo \u00ebsht\u00eb nj\u00eb mund\u00ebsi e shk\u00eblqyer p\u00ebr t\u00eb promovuar trash\u00ebgimin\u00eb kulturore serbe n\u00eb mbar\u00eb bot\u00ebn, si dhe p\u00ebr ta \u201cd\u00ebshmuar\u201d se serb\u00ebt jan\u00eb popull i shenjt\u00eb\u201d! Pra, vet\u00ebm pse u lind n\u00eb Nish, t\u00eb cilin sot e kan\u00eb serb\u00ebt, Perandori i Madh na qenka serb! Sipas k\u00ebsaj logjik\u00eb do t\u00eb mund t\u00eb b\u00ebhej k\u00ebrdia n\u00eb transferimin e personaliteteve t\u00eb historis\u00eb nga nj\u00eb komb n\u00eb tjetrin, sepse edhe Kanti, u lind n\u00eb Konigsberg, por kjo nuk e b\u00eb at\u00eb rus.<\/p>\n<p>Pra, sipas k\u00ebsaj logjike do t\u00eb na p\u00ebrmbyseshin maja e historis\u00eb, sepse De Rada, q\u00eb u lind n\u00eb Itali, a duhet quajtur italian, p\u00ebrkat\u00ebsisht Papa Klement Albani u lind n\u00eb Itali, por ai e pohon veten arb\u00ebr, si\u00e7 mban dhe zyrtarisht mbiemrin \u2018Albani\u2019 dhe emrin \u2018Kelmendi\u2019. Mid\u2019hat Frash\u00ebri u lind n\u00eb Stamboll, por ai \u00ebsht\u00eb nd\u00ebr t\u00eb m\u00ebdhenjt\u00eb e shqiptar\u00ebve! V\u00ebndlindja e Konic\u00ebs sot ndodhet n\u00eb Greqi, por kush mund ta b\u00ebj\u00eb grek dijetarin e madh shqiptar?!<\/p>\n<p>Perandor\u00ebt e par\u00eb t\u00eb Rom\u00ebs mbanin p\u00ebr flamur shqiponj\u00ebn me nj\u00eb kok\u00eb. Perandor\u00ebt ilir\u00eb e z\u00ebvend\u00ebsuan me shqiponj\u00ebn me dy koka, si\u00e7 kishte vepruar para k\u00ebtyre edhe Zeusi. Pra, nga simboli fetar shqiponja u b\u00eb simbol komb\u00ebtar i shqiptar\u00ebve. Kostandini i Madh kur shkoi n\u00eb Bizant mori flamurin dhe simbolin e ilir\u00ebve, shqiponj\u00ebn me dy krer\u00eb. Nj\u00eb gj\u00eb e till\u00eb nuk i shp\u00ebtoi as Dante Aligherit q\u00eb t\u00eb thot\u00eb se: \u201cShqiponj\u00ebn Kostantini e riktheu nga lindja n\u00eb per\u00ebndim, q\u00eb do t\u00eb thot\u00eb se shpendi shkoi te malet nga kishte dal\u00eb\u201d. Noli p\u00ebr Konstantinin e Madh thot\u00eb se u lind nga shqiponja e k\u00ebtij flamuri: \u201cFlamur, q\u00eb lind Sh\u00ebn Kostantin\u00eb \/ bashkon Islamn\u00eb me Krishterimn\u00eb\u201d.<\/p>\n<p>N\u00eb k\u00ebto troje sllav\u00ebt erdh\u00ebn aty kah mesi i shekullit VI. N\u00eb fillim ata ishin sh\u00ebrb\u00ebtor\u00eb, pa asnj\u00eb ngjashm\u00ebri me Perandor\u00ebt ilir\u00eb t\u00eb Rom\u00ebs. Historiani R. Jenkin thot\u00eb: \u201cSllav\u00ebt ishin t\u00eb uritur p\u00ebr tok\u00eb Ilire\u201d. Tunman shkruan: \u201cSllav\u00ebt n\u00eb vitin 548 dogj\u00ebn Ilirin\u00eb\u201d. Fromer shton\u00eb se \u201cTrysnia sllave solli ndrydhje t\u00eb ilir\u00ebve. Hap\u00ebsira dalmate e dardane u rrezikua shum\u00eb.<\/p>\n<p>Serbia sot e shfryt\u00ebzon t\u00eb \u2018drejt\u00ebn\u2019 pushtuese, pasi q\u00eb nuk mundet ta shfryt\u00ebzoj t\u00eb drejt\u00ebn historike. Dijetari N. Syme thot\u00eb se \u201cNaissus ishte nj\u00ebra nga tri kryeq\u00ebndrat e Dardanis\u00eb paraantike dhe antike\u201d. Dijetari hungarez Jeno Fitz shton se \u201cDardania ishte vendlindja e atit t\u00eb Konstandinit t\u00eb Madh, Konstanc Klorit, e ajo banohej nga ilir\u00ebt dardan\u00eb\u201d. Francezi Viktor Dyruit thot\u00eb se \u201cPelazgo-ilir\u00ebt shtriheshin nga Azia Per\u00ebndimore n\u00eb Sardenj\u00eb e mbase m\u00eb larg, n\u00eb Spanj\u00eb\u201d. Laruss p\u00ebr Perandorin\u00eb e Rom\u00ebs s\u00eb von\u00eb thot\u00eb se \u201cDinastia Perandorake u themelua nga ilir\u00ebt e Dalmacis\u00eb e t\u00eb Paonis\u00eb\u201d. Historiani anglez R. Makmulen shton se \u201cVija e familjes s\u00eb Konstantinit t\u00eb Madh dhe e Valentienit ishin personalitete ilire\u201d. \u00c7ur\u00e7illi d\u00ebshmon se \u201cPerandor\u00ebt nga m\u00eb t\u00eb aft\u00ebt e Rom\u00ebs qen\u00eb ilir\u00eb\u201d.<\/p>\n<p>Historiani U. Sestonin thot\u00eb: \u201cNj\u00eb numur i madh senator\u00ebsh qen\u00eb nga Iliria, sikurse edhe nga gjysma e dyt\u00eb e shekullit III, perandor\u00ebt qen\u00eb gjithmon\u00eb nga Iliria\u201d. Nobelisti T. Momsen shkruan: \u201cShqiptar\u00ebt luajt\u00ebn rol t\u00eb ve\u00e7ant\u00eb gjat\u00eb Perandoris\u00eb Osmane, ashtu si t\u00eb par\u00ebt e tyre t\u00eb lasht\u00eb &#8211; ilir\u00ebt n\u00eb Perandorin\u00eb e Rom\u00ebs\u201d.<\/p>\n<p>Sot edhe t\u00eb huaj mund t\u00eb sjellen argumente t\u00eb p\u00ebrkat\u00ebsis\u00eb iliro-dardane e shqiptare t\u00eb Kostandinit t\u00eb Madh. Pushtuesit serb\u00eb shekuj me radh\u00eb tentojn\u00eb t\u00eb p\u00ebrvet\u00ebsojn\u00eb emra t\u00eb shquar shqiptar\u00ebsh. K\u00ebshtu, 400 vjet m\u00eb par\u00eb serbi Tomas Maranovi\u00e7 e b\u00ebnte Sk\u00ebnderbeun sllav e Frang Bardhi i ishte p\u00ebrgjigj me \u201cApologjia e Sk\u00ebnderbeut\u201d. Serb\u00ebt duke vjedhur Konstantinin e Madh duan t\u00eb lart\u00ebsojn\u00eb shtatin shkurtabiq t\u00eb s\u00eb shkuar\u00ebs s\u00eb tyre.<\/p>\n<p>P\u00ebrndryshe, sipas \u00c7abejit \u201cHistoria e nj\u00eb vendi \u00ebsht\u00eb historia e personaliteteve\u201d. Deputeti Laurenziano n\u00eb Parlamentin italian, n\u00eb vitin 1904, pat th\u00ebn\u00eb se: \u201cFrancez\u00ebt q\u00eb n\u00eb Paris mendojn\u00eb se Epirin duhet dh\u00ebn\u00eb Greqis\u00eb p\u00ebr hir t\u00eb Sokratit, a e din\u00eb se Diokleciani, babai i sistemit juridik bot\u00ebror ishte ilir\u201d?<\/p>\n<p>Nga kjo del se serb\u00ebt koh\u00ebve t\u00eb fundit, p\u00ebr ta sh\u00ebnuar 1700-vjetorin e legalizimit t\u00eb krishterimit n\u00eb bot\u00eb, q\u00eb e b\u00ebri Konstantini i Madh me \u201cEdiktin e Milanos t\u00eb vitit 313\u201d, dhe p\u00ebr t\u2019u \u201cd\u00ebshmuar\u201d se ata jan\u00eb popull qiellor, ia kan\u00eb v\u00ebn\u00eb syrin grabit\u00ebs edhe Perandorit &#8211; Shenjtor, Konstantinit t\u00eb Madh. Dhe kjo Evrop\u00eb duke e \u201csiguruar\u201d pavar\u00ebsin\u00eb e Kosov\u00ebs, n\u00ebp\u00ebr Kosov\u00eb krijoi Serbia t\u00eb vogla, kurse ne nuk ishim n\u00eb gjendje ta d\u00ebshmojm\u00eb faktin se jo vet\u00ebm q\u00eb Serbiat e vogla n\u00ebp\u00ebr Kosov\u00eb nuk jan\u00eb serbe, por si askush tjet\u00ebr kemi t\u00eb drejt t\u00eb krijojm\u00eb Kosova t\u00eb vogla n\u00eb Serbi dhe jo vet\u00ebm n\u00eb Serbi, si me rastin e Konstatinit, pastaj t\u00eb Justinianit, t\u00eb Niket\u00ebs e shum\u00eb t\u00eb tjer\u00ebve.<\/p>\n<p>Ka koh\u00eb q\u00eb sllav\u00ebt fqinj\u00eb na vjedhur hapur figurat e shquara si Aleksandrin e Madh, Pirron e Epirit, Gjergj Kastriotin &#8211; Sk\u00ebnderbeun, Kukuzelin, N\u00ebn\u00eb Terez\u00ebn, e tani s\u00eb fundi e kan\u00eb v\u00ebn\u00eb n\u00eb shnjest\u00ebr edhe Kostantinin e Madh. Por \u00e7\u2019ti b\u00ebsh pasi q\u00eb t\u00eb dy shtetet shqiptare heshtin, sikur q\u00eb heshtin edhe akademit\u00eb tona, kurse akademit\u00eb sllave e greke s\u2019kan\u00eb turp t\u00eb shpifin e t\u00eb grabisin, nd\u00ebrkaq tan\u00ebt s\u2019kan\u00eb turp t\u00eb heshtin!<\/p>\n<p>P\u00ebrndryshe, \u00e7do akademi tjet\u00ebr rastin e filmit serb t\u00eb Hollivudit do ta quante dhunim t\u00eb atdheut p\u00ebrmes vjedhjes s\u00eb historis\u00eb, e do t\u2019i alarmonte s\u00eb pari autor\u00ebt e filmit e m\u00eb pas edhe qarqet nd\u00ebrkomb\u00ebtare.<\/p>\n","protected":false},"excerpt":{"rendered":"<p>Nes\u00ebr, n\u00eb BKUK Mbahet tribuna kushtuar Konstantinit t\u00eb Madh Me nisjativ\u00ebn e Asociacioni p\u00ebr Zhvillim t\u00eb Galabit \u201cGalabri\u201d, Shoqata Kulturore e Kosov\u00ebs \u201cAnton Pashku\u201d, Shoqata \u201cMiqt\u00eb e Amerik\u00ebs\u201d dhe Unioni i Letrar\u00ebve t\u00eb Kryeqytetit t\u00eb Kosov\u00ebs, q\u00eb t\u00eb gjitha n\u00eb Prishtin\u00eb, n\u00eb Bibliotek\u00ebn Komb\u00ebtare e Universitare t\u00eb Kosov\u00ebs, dit\u00ebn e h\u00ebn\u00eb, m\u00eb 19 dhjetor, n\u00eb [&hellip;]<\/p>\n","protected":false},"author":1,"featured_media":0,"comment_status":"open","ping_status":"closed","sticky":false,"template":"","format":"standard","meta":{"footnotes":""},"categories":[2],"tags":[],"class_list":{"0":"post-661","1":"post","2":"type-post","3":"status-publish","4":"format-standard","6":"category-artikuj"},"yoast_head":"<!-- This site is optimized with the Yoast SEO plugin v27.4 - https:\/\/yoast.com\/product\/yoast-seo-wordpress\/ -->\n<title>SERBIA PO E P\u00cbRVET\u00cbSON KONSTANTININ E MADH - FjALA e LIR\u00cb - Arkivi<\/title>\n<meta name=\"robots\" content=\"index, follow, max-snippet:-1, max-image-preview:large, max-video-preview:-1\" \/>\n<link rel=\"canonical\" href=\"https:\/\/fjala.info\/2009-2015\/serbia-po-e-perveteson-konstantinin-e-madh\/\" \/>\n<meta property=\"og:locale\" content=\"sq_AL\" \/>\n<meta property=\"og:type\" content=\"article\" \/>\n<meta property=\"og:title\" content=\"SERBIA PO E P\u00cbRVET\u00cbSON KONSTANTININ E MADH - FjALA e LIR\u00cb - Arkivi\" \/>\n<meta property=\"og:description\" content=\"Nes\u00ebr, n\u00eb BKUK Mbahet tribuna kushtuar Konstantinit t\u00eb Madh Me nisjativ\u00ebn e Asociacioni p\u00ebr Zhvillim t\u00eb Galabit \u201cGalabri\u201d, Shoqata Kulturore e Kosov\u00ebs \u201cAnton Pashku\u201d, Shoqata \u201cMiqt\u00eb e Amerik\u00ebs\u201d dhe Unioni i Letrar\u00ebve t\u00eb Kryeqytetit t\u00eb Kosov\u00ebs, q\u00eb t\u00eb gjitha n\u00eb Prishtin\u00eb, n\u00eb Bibliotek\u00ebn Komb\u00ebtare e Universitare t\u00eb Kosov\u00ebs, dit\u00ebn e h\u00ebn\u00eb, m\u00eb 19 dhjetor, n\u00eb [&hellip;]\" \/>\n<meta property=\"og:url\" content=\"https:\/\/fjala.info\/2009-2015\/serbia-po-e-perveteson-konstantinin-e-madh\/\" \/>\n<meta property=\"og:site_name\" content=\"FjALA e LIR\u00cb - Arkivi\" \/>\n<meta property=\"article:published_time\" content=\"2011-12-19T23:04:47+00:00\" \/>\n<meta property=\"og:image\" content=\"http:\/\/www.shkoder.net\/images\/fjala\/2011\/kostandini_madh.jpg\" \/>\n<meta name=\"author\" content=\"admin\" \/>\n<meta name=\"twitter:card\" content=\"summary_large_image\" \/>\n<meta name=\"twitter:label1\" content=\"Written by\" \/>\n\t<meta name=\"twitter:data1\" content=\"admin\" \/>\n\t<meta name=\"twitter:label2\" content=\"Est. reading time\" \/>\n\t<meta name=\"twitter:data2\" content=\"7 minutes\" \/>\n<script type=\"application\/ld+json\" class=\"yoast-schema-graph\">{\"@context\":\"https:\\\/\\\/schema.org\",\"@graph\":[{\"@type\":\"Article\",\"@id\":\"https:\\\/\\\/fjala.info\\\/2009-2015\\\/serbia-po-e-perveteson-konstantinin-e-madh\\\/#article\",\"isPartOf\":{\"@id\":\"https:\\\/\\\/fjala.info\\\/2009-2015\\\/serbia-po-e-perveteson-konstantinin-e-madh\\\/\"},\"author\":{\"name\":\"admin\",\"@id\":\"https:\\\/\\\/fjala.info\\\/2009-2015\\\/#\\\/schema\\\/person\\\/3aa1163ef05469c496fc94e77611ada2\"},\"headline\":\"SERBIA PO E P\u00cbRVET\u00cbSON KONSTANTININ E MADH\",\"datePublished\":\"2011-12-19T23:04:47+00:00\",\"mainEntityOfPage\":{\"@id\":\"https:\\\/\\\/fjala.info\\\/2009-2015\\\/serbia-po-e-perveteson-konstantinin-e-madh\\\/\"},\"wordCount\":1463,\"commentCount\":0,\"publisher\":{\"@id\":\"https:\\\/\\\/fjala.info\\\/2009-2015\\\/#organization\"},\"image\":{\"@id\":\"https:\\\/\\\/fjala.info\\\/2009-2015\\\/serbia-po-e-perveteson-konstantinin-e-madh\\\/#primaryimage\"},\"thumbnailUrl\":\"http:\\\/\\\/www.shkoder.net\\\/images\\\/fjala\\\/2011\\\/kostandini_madh.jpg\",\"articleSection\":[\"Artikuj\"],\"inLanguage\":\"sq-AL\",\"potentialAction\":[{\"@type\":\"CommentAction\",\"name\":\"Comment\",\"target\":[\"https:\\\/\\\/fjala.info\\\/2009-2015\\\/serbia-po-e-perveteson-konstantinin-e-madh\\\/#respond\"]}]},{\"@type\":\"WebPage\",\"@id\":\"https:\\\/\\\/fjala.info\\\/2009-2015\\\/serbia-po-e-perveteson-konstantinin-e-madh\\\/\",\"url\":\"https:\\\/\\\/fjala.info\\\/2009-2015\\\/serbia-po-e-perveteson-konstantinin-e-madh\\\/\",\"name\":\"SERBIA PO E P\u00cbRVET\u00cbSON KONSTANTININ E MADH - FjALA e LIR\u00cb - Arkivi\",\"isPartOf\":{\"@id\":\"https:\\\/\\\/fjala.info\\\/2009-2015\\\/#website\"},\"primaryImageOfPage\":{\"@id\":\"https:\\\/\\\/fjala.info\\\/2009-2015\\\/serbia-po-e-perveteson-konstantinin-e-madh\\\/#primaryimage\"},\"image\":{\"@id\":\"https:\\\/\\\/fjala.info\\\/2009-2015\\\/serbia-po-e-perveteson-konstantinin-e-madh\\\/#primaryimage\"},\"thumbnailUrl\":\"http:\\\/\\\/www.shkoder.net\\\/images\\\/fjala\\\/2011\\\/kostandini_madh.jpg\",\"datePublished\":\"2011-12-19T23:04:47+00:00\",\"breadcrumb\":{\"@id\":\"https:\\\/\\\/fjala.info\\\/2009-2015\\\/serbia-po-e-perveteson-konstantinin-e-madh\\\/#breadcrumb\"},\"inLanguage\":\"sq-AL\",\"potentialAction\":[{\"@type\":\"ReadAction\",\"target\":[\"https:\\\/\\\/fjala.info\\\/2009-2015\\\/serbia-po-e-perveteson-konstantinin-e-madh\\\/\"]}]},{\"@type\":\"ImageObject\",\"inLanguage\":\"sq-AL\",\"@id\":\"https:\\\/\\\/fjala.info\\\/2009-2015\\\/serbia-po-e-perveteson-konstantinin-e-madh\\\/#primaryimage\",\"url\":\"http:\\\/\\\/www.shkoder.net\\\/images\\\/fjala\\\/2011\\\/kostandini_madh.jpg\",\"contentUrl\":\"http:\\\/\\\/www.shkoder.net\\\/images\\\/fjala\\\/2011\\\/kostandini_madh.jpg\"},{\"@type\":\"BreadcrumbList\",\"@id\":\"https:\\\/\\\/fjala.info\\\/2009-2015\\\/serbia-po-e-perveteson-konstantinin-e-madh\\\/#breadcrumb\",\"itemListElement\":[{\"@type\":\"ListItem\",\"position\":1,\"name\":\"Home\",\"item\":\"https:\\\/\\\/fjala.info\\\/2009-2015\\\/\"},{\"@type\":\"ListItem\",\"position\":2,\"name\":\"SERBIA PO E P\u00cbRVET\u00cbSON KONSTANTININ E MADH\"}]},{\"@type\":\"WebSite\",\"@id\":\"https:\\\/\\\/fjala.info\\\/2009-2015\\\/#website\",\"url\":\"https:\\\/\\\/fjala.info\\\/2009-2015\\\/\",\"name\":\"FjALA e LIR\u00cb - Arkivi\",\"description\":\"Arkivi 2009-2015\",\"publisher\":{\"@id\":\"https:\\\/\\\/fjala.info\\\/2009-2015\\\/#organization\"},\"potentialAction\":[{\"@type\":\"SearchAction\",\"target\":{\"@type\":\"EntryPoint\",\"urlTemplate\":\"https:\\\/\\\/fjala.info\\\/2009-2015\\\/?s={search_term_string}\"},\"query-input\":{\"@type\":\"PropertyValueSpecification\",\"valueRequired\":true,\"valueName\":\"search_term_string\"}}],\"inLanguage\":\"sq-AL\"},{\"@type\":\"Organization\",\"@id\":\"https:\\\/\\\/fjala.info\\\/2009-2015\\\/#organization\",\"name\":\"FjALA e LIR\u00cb - Arkivi\",\"url\":\"https:\\\/\\\/fjala.info\\\/2009-2015\\\/\",\"logo\":{\"@type\":\"ImageObject\",\"inLanguage\":\"sq-AL\",\"@id\":\"https:\\\/\\\/fjala.info\\\/2009-2015\\\/#\\\/schema\\\/logo\\\/image\\\/\",\"url\":\"\",\"contentUrl\":\"\",\"caption\":\"FjALA e LIR\u00cb - Arkivi\"},\"image\":{\"@id\":\"https:\\\/\\\/fjala.info\\\/2009-2015\\\/#\\\/schema\\\/logo\\\/image\\\/\"}},{\"@type\":\"Person\",\"@id\":\"https:\\\/\\\/fjala.info\\\/2009-2015\\\/#\\\/schema\\\/person\\\/3aa1163ef05469c496fc94e77611ada2\",\"name\":\"admin\",\"image\":{\"@type\":\"ImageObject\",\"inLanguage\":\"sq-AL\",\"@id\":\"https:\\\/\\\/fjala.info\\\/2009-2015\\\/wp-content\\\/uploads\\\/2012\\\/02\\\/arben_cokaj-120x150.jpg\",\"url\":\"https:\\\/\\\/fjala.info\\\/2009-2015\\\/wp-content\\\/uploads\\\/2012\\\/02\\\/arben_cokaj-120x150.jpg\",\"contentUrl\":\"https:\\\/\\\/fjala.info\\\/2009-2015\\\/wp-content\\\/uploads\\\/2012\\\/02\\\/arben_cokaj-120x150.jpg\",\"caption\":\"admin\"},\"description\":\"Admin, Fjala e Lir\u00eb\",\"sameAs\":[\"https:\\\/\\\/fjala.info\\\/\"],\"url\":\"https:\\\/\\\/fjala.info\\\/2009-2015\\\/author\\\/admin\\\/\"}]}<\/script>\n<!-- \/ Yoast SEO plugin. -->","yoast_head_json":{"title":"SERBIA PO E P\u00cbRVET\u00cbSON KONSTANTININ E MADH - FjALA e LIR\u00cb - Arkivi","robots":{"index":"index","follow":"follow","max-snippet":"max-snippet:-1","max-image-preview":"max-image-preview:large","max-video-preview":"max-video-preview:-1"},"canonical":"https:\/\/fjala.info\/2009-2015\/serbia-po-e-perveteson-konstantinin-e-madh\/","og_locale":"sq_AL","og_type":"article","og_title":"SERBIA PO E P\u00cbRVET\u00cbSON KONSTANTININ E MADH - FjALA e LIR\u00cb - Arkivi","og_description":"Nes\u00ebr, n\u00eb BKUK Mbahet tribuna kushtuar Konstantinit t\u00eb Madh Me nisjativ\u00ebn e Asociacioni p\u00ebr Zhvillim t\u00eb Galabit \u201cGalabri\u201d, Shoqata Kulturore e Kosov\u00ebs \u201cAnton Pashku\u201d, Shoqata \u201cMiqt\u00eb e Amerik\u00ebs\u201d dhe Unioni i Letrar\u00ebve t\u00eb Kryeqytetit t\u00eb Kosov\u00ebs, q\u00eb t\u00eb gjitha n\u00eb Prishtin\u00eb, n\u00eb Bibliotek\u00ebn Komb\u00ebtare e Universitare t\u00eb Kosov\u00ebs, dit\u00ebn e h\u00ebn\u00eb, m\u00eb 19 dhjetor, n\u00eb [&hellip;]","og_url":"https:\/\/fjala.info\/2009-2015\/serbia-po-e-perveteson-konstantinin-e-madh\/","og_site_name":"FjALA e LIR\u00cb - Arkivi","article_published_time":"2011-12-19T23:04:47+00:00","og_image":[{"url":"http:\/\/www.shkoder.net\/images\/fjala\/2011\/kostandini_madh.jpg","type":"","width":"","height":""}],"author":"admin","twitter_card":"summary_large_image","twitter_misc":{"Written by":"admin","Est. reading time":"7 minutes"},"schema":{"@context":"https:\/\/schema.org","@graph":[{"@type":"Article","@id":"https:\/\/fjala.info\/2009-2015\/serbia-po-e-perveteson-konstantinin-e-madh\/#article","isPartOf":{"@id":"https:\/\/fjala.info\/2009-2015\/serbia-po-e-perveteson-konstantinin-e-madh\/"},"author":{"name":"admin","@id":"https:\/\/fjala.info\/2009-2015\/#\/schema\/person\/3aa1163ef05469c496fc94e77611ada2"},"headline":"SERBIA PO E P\u00cbRVET\u00cbSON KONSTANTININ E MADH","datePublished":"2011-12-19T23:04:47+00:00","mainEntityOfPage":{"@id":"https:\/\/fjala.info\/2009-2015\/serbia-po-e-perveteson-konstantinin-e-madh\/"},"wordCount":1463,"commentCount":0,"publisher":{"@id":"https:\/\/fjala.info\/2009-2015\/#organization"},"image":{"@id":"https:\/\/fjala.info\/2009-2015\/serbia-po-e-perveteson-konstantinin-e-madh\/#primaryimage"},"thumbnailUrl":"http:\/\/www.shkoder.net\/images\/fjala\/2011\/kostandini_madh.jpg","articleSection":["Artikuj"],"inLanguage":"sq-AL","potentialAction":[{"@type":"CommentAction","name":"Comment","target":["https:\/\/fjala.info\/2009-2015\/serbia-po-e-perveteson-konstantinin-e-madh\/#respond"]}]},{"@type":"WebPage","@id":"https:\/\/fjala.info\/2009-2015\/serbia-po-e-perveteson-konstantinin-e-madh\/","url":"https:\/\/fjala.info\/2009-2015\/serbia-po-e-perveteson-konstantinin-e-madh\/","name":"SERBIA PO E P\u00cbRVET\u00cbSON KONSTANTININ E MADH - FjALA e LIR\u00cb - Arkivi","isPartOf":{"@id":"https:\/\/fjala.info\/2009-2015\/#website"},"primaryImageOfPage":{"@id":"https:\/\/fjala.info\/2009-2015\/serbia-po-e-perveteson-konstantinin-e-madh\/#primaryimage"},"image":{"@id":"https:\/\/fjala.info\/2009-2015\/serbia-po-e-perveteson-konstantinin-e-madh\/#primaryimage"},"thumbnailUrl":"http:\/\/www.shkoder.net\/images\/fjala\/2011\/kostandini_madh.jpg","datePublished":"2011-12-19T23:04:47+00:00","breadcrumb":{"@id":"https:\/\/fjala.info\/2009-2015\/serbia-po-e-perveteson-konstantinin-e-madh\/#breadcrumb"},"inLanguage":"sq-AL","potentialAction":[{"@type":"ReadAction","target":["https:\/\/fjala.info\/2009-2015\/serbia-po-e-perveteson-konstantinin-e-madh\/"]}]},{"@type":"ImageObject","inLanguage":"sq-AL","@id":"https:\/\/fjala.info\/2009-2015\/serbia-po-e-perveteson-konstantinin-e-madh\/#primaryimage","url":"http:\/\/www.shkoder.net\/images\/fjala\/2011\/kostandini_madh.jpg","contentUrl":"http:\/\/www.shkoder.net\/images\/fjala\/2011\/kostandini_madh.jpg"},{"@type":"BreadcrumbList","@id":"https:\/\/fjala.info\/2009-2015\/serbia-po-e-perveteson-konstantinin-e-madh\/#breadcrumb","itemListElement":[{"@type":"ListItem","position":1,"name":"Home","item":"https:\/\/fjala.info\/2009-2015\/"},{"@type":"ListItem","position":2,"name":"SERBIA PO E P\u00cbRVET\u00cbSON KONSTANTININ E MADH"}]},{"@type":"WebSite","@id":"https:\/\/fjala.info\/2009-2015\/#website","url":"https:\/\/fjala.info\/2009-2015\/","name":"FjALA e LIR\u00cb - Arkivi","description":"Arkivi 2009-2015","publisher":{"@id":"https:\/\/fjala.info\/2009-2015\/#organization"},"potentialAction":[{"@type":"SearchAction","target":{"@type":"EntryPoint","urlTemplate":"https:\/\/fjala.info\/2009-2015\/?s={search_term_string}"},"query-input":{"@type":"PropertyValueSpecification","valueRequired":true,"valueName":"search_term_string"}}],"inLanguage":"sq-AL"},{"@type":"Organization","@id":"https:\/\/fjala.info\/2009-2015\/#organization","name":"FjALA e LIR\u00cb - Arkivi","url":"https:\/\/fjala.info\/2009-2015\/","logo":{"@type":"ImageObject","inLanguage":"sq-AL","@id":"https:\/\/fjala.info\/2009-2015\/#\/schema\/logo\/image\/","url":"","contentUrl":"","caption":"FjALA e LIR\u00cb - Arkivi"},"image":{"@id":"https:\/\/fjala.info\/2009-2015\/#\/schema\/logo\/image\/"}},{"@type":"Person","@id":"https:\/\/fjala.info\/2009-2015\/#\/schema\/person\/3aa1163ef05469c496fc94e77611ada2","name":"admin","image":{"@type":"ImageObject","inLanguage":"sq-AL","@id":"https:\/\/fjala.info\/2009-2015\/wp-content\/uploads\/2012\/02\/arben_cokaj-120x150.jpg","url":"https:\/\/fjala.info\/2009-2015\/wp-content\/uploads\/2012\/02\/arben_cokaj-120x150.jpg","contentUrl":"https:\/\/fjala.info\/2009-2015\/wp-content\/uploads\/2012\/02\/arben_cokaj-120x150.jpg","caption":"admin"},"description":"Admin, Fjala e Lir\u00eb","sameAs":["https:\/\/fjala.info\/"],"url":"https:\/\/fjala.info\/2009-2015\/author\/admin\/"}]}},"_links":{"self":[{"href":"https:\/\/fjala.info\/2009-2015\/wp-json\/wp\/v2\/posts\/661","targetHints":{"allow":["GET"]}}],"collection":[{"href":"https:\/\/fjala.info\/2009-2015\/wp-json\/wp\/v2\/posts"}],"about":[{"href":"https:\/\/fjala.info\/2009-2015\/wp-json\/wp\/v2\/types\/post"}],"author":[{"embeddable":true,"href":"https:\/\/fjala.info\/2009-2015\/wp-json\/wp\/v2\/users\/1"}],"replies":[{"embeddable":true,"href":"https:\/\/fjala.info\/2009-2015\/wp-json\/wp\/v2\/comments?post=661"}],"version-history":[{"count":0,"href":"https:\/\/fjala.info\/2009-2015\/wp-json\/wp\/v2\/posts\/661\/revisions"}],"wp:attachment":[{"href":"https:\/\/fjala.info\/2009-2015\/wp-json\/wp\/v2\/media?parent=661"}],"wp:term":[{"taxonomy":"category","embeddable":true,"href":"https:\/\/fjala.info\/2009-2015\/wp-json\/wp\/v2\/categories?post=661"},{"taxonomy":"post_tag","embeddable":true,"href":"https:\/\/fjala.info\/2009-2015\/wp-json\/wp\/v2\/tags?post=661"}],"curies":[{"name":"wp","href":"https:\/\/api.w.org\/{rel}","templated":true}]}}