{"id":659,"date":"2011-12-19T23:55:05","date_gmt":"2011-12-19T22:55:05","guid":{"rendered":"http:\/\/fjala.shkoder.net\/?p=659"},"modified":"2011-12-19T23:55:05","modified_gmt":"2011-12-19T22:55:05","slug":"studimi-shqiptaret-9-ore-gjume-dhe-5-ore-ne-kafene","status":"publish","type":"post","link":"https:\/\/fjala.info\/2009-2015\/studimi-shqiptaret-9-ore-gjume-dhe-5-ore-ne-kafene\/","title":{"rendered":"Studimi, shqiptar\u00ebt 9 or\u00eb gjum\u00eb dhe 5 or\u00eb n\u00eb kafene"},"content":{"rendered":"<p><img decoding=\"async\" class=\"alignright size-thumbnail wp-image-7236\" title=\"Tiran\u00eb - Uni\" src=\"http:\/\/www.shkoder.net\/images\/fjala\/2011\/tirane_uni.jpg\" alt=\"\" width=\"300\" \/> <strong>TemA Online<\/strong>, <em>19 Dhjetor 2011<\/em><\/p>\n<p>Shqiptar\u00ebt jan\u00eb nj\u00eb popull gjumash. Nuk \u00ebsht\u00eb thjesht nj\u00eb batut\u00eb, por nj\u00eb realitet me statistika, ku rezulton se n\u00eb 24 or\u00eb, shqiptar\u00ebt ia kushtojn\u00eb plot 38% t\u00eb koh\u00ebs, ose 9 or\u00eb gjumit.<\/p>\n<p>Dhe, nga pjesa tjet\u00ebr e dit\u00ebs 20%, pra rreth 5 or\u00eb n\u00eb dit\u00eb, e kalojn\u00eb n\u00eb kafe. Sa p\u00ebr pun\u00ebn, n\u00eb gjith\u00eb hap\u00ebsir\u00ebn kohore vet\u00ebm 13% e z\u00eb aktiviteti q\u00eb sjell t\u00eb ardhura, pra pun\u00eb e paguar. P\u00ebrsa i p\u00ebrket ndarjes mes femrave dhe meshkujve, burrat jan\u00eb ata q\u00eb punojn\u00eb m\u00eb pak, por jan\u00eb m\u00eb t\u00eb paguar.<\/p>\n<p>Pavar\u00ebsisht p\u00ebrpjekjeve, burrat vazhdojn\u00eb t\u00eb jen\u00eb pakic\u00eb kur bie fjala p\u00ebr pun\u00ebt e sht\u00ebpis\u00eb, pasi ajo q\u00eb ndodh brenda 4 mureve vazhdon t\u00eb mbetet detyr\u00eb e grave. N\u00eb k\u00ebt\u00eb pik\u00eb, 95% e fermave t\u00eb mosh\u00ebs 15-64 vje\u00e7 dhe vet\u00ebm 37% e meshkujve 15-64 vje\u00e7 jan\u00eb t\u00eb p\u00ebrfshir\u00eb n\u00eb pun\u00ebt e sht\u00ebpis\u00eb, kujdesi p\u00ebr f\u00ebmij\u00ebt, p\u00ebrgatitjen e ushimit etj.<\/p>\n<p>K\u00ebto jan\u00eb t\u00eb dh\u00ebnat e para statistikore t\u00eb b\u00ebra n\u00eb Shqip\u00ebri se si shfryt\u00ebzohet koha. Studimi \u00ebsht\u00eb shtrir\u00eb n\u00eb t\u00eb gjith\u00eb Shqip\u00ebrin\u00eb dhe n\u00eb studim jan\u00eb p\u00ebrfshir\u00eb 93% e njer\u00ebzve q\u00eb u jan\u00eb p\u00ebrgjigjur anketave. \/ora news<\/p>\n","protected":false},"excerpt":{"rendered":"<p>TemA Online, 19 Dhjetor 2011 Shqiptar\u00ebt jan\u00eb nj\u00eb popull gjumash. Nuk \u00ebsht\u00eb thjesht nj\u00eb batut\u00eb, por nj\u00eb realitet me statistika, ku rezulton se n\u00eb 24 or\u00eb, shqiptar\u00ebt ia kushtojn\u00eb plot 38% t\u00eb koh\u00ebs, ose 9 or\u00eb gjumit. Dhe, nga pjesa tjet\u00ebr e dit\u00ebs 20%, pra rreth 5 or\u00eb n\u00eb dit\u00eb, e kalojn\u00eb n\u00eb kafe. Sa [&hellip;]<\/p>\n","protected":false},"author":1,"featured_media":0,"comment_status":"open","ping_status":"closed","sticky":false,"template":"","format":"standard","meta":{"footnotes":""},"categories":[5],"tags":[],"class_list":{"0":"post-659","1":"post","2":"type-post","3":"status-publish","4":"format-standard","6":"category-lajme"},"yoast_head":"<!-- This site is optimized with the Yoast SEO plugin v27.4 - https:\/\/yoast.com\/product\/yoast-seo-wordpress\/ -->\n<title>Studimi, shqiptar\u00ebt 9 or\u00eb gjum\u00eb dhe 5 or\u00eb n\u00eb kafene - FjALA e LIR\u00cb - Arkivi<\/title>\n<meta name=\"robots\" content=\"index, follow, max-snippet:-1, max-image-preview:large, max-video-preview:-1\" \/>\n<link rel=\"canonical\" href=\"https:\/\/fjala.info\/2009-2015\/studimi-shqiptaret-9-ore-gjume-dhe-5-ore-ne-kafene\/\" \/>\n<meta property=\"og:locale\" content=\"sq_AL\" \/>\n<meta property=\"og:type\" content=\"article\" \/>\n<meta property=\"og:title\" content=\"Studimi, shqiptar\u00ebt 9 or\u00eb gjum\u00eb dhe 5 or\u00eb n\u00eb kafene - FjALA e LIR\u00cb - Arkivi\" \/>\n<meta property=\"og:description\" content=\"TemA Online, 19 Dhjetor 2011 Shqiptar\u00ebt jan\u00eb nj\u00eb popull gjumash. Nuk \u00ebsht\u00eb thjesht nj\u00eb batut\u00eb, por nj\u00eb realitet me statistika, ku rezulton se n\u00eb 24 or\u00eb, shqiptar\u00ebt ia kushtojn\u00eb plot 38% t\u00eb koh\u00ebs, ose 9 or\u00eb gjumit. Dhe, nga pjesa tjet\u00ebr e dit\u00ebs 20%, pra rreth 5 or\u00eb n\u00eb dit\u00eb, e kalojn\u00eb n\u00eb kafe. Sa [&hellip;]\" \/>\n<meta property=\"og:url\" content=\"https:\/\/fjala.info\/2009-2015\/studimi-shqiptaret-9-ore-gjume-dhe-5-ore-ne-kafene\/\" \/>\n<meta property=\"og:site_name\" content=\"FjALA e LIR\u00cb - Arkivi\" \/>\n<meta property=\"article:published_time\" content=\"2011-12-19T22:55:05+00:00\" \/>\n<meta property=\"og:image\" content=\"http:\/\/www.shkoder.net\/images\/fjala\/2011\/tirane_uni.jpg\" \/>\n<meta name=\"author\" content=\"admin\" \/>\n<meta name=\"twitter:card\" content=\"summary_large_image\" \/>\n<meta name=\"twitter:label1\" content=\"Written by\" \/>\n\t<meta name=\"twitter:data1\" content=\"admin\" \/>\n\t<meta name=\"twitter:label2\" content=\"Est. reading time\" \/>\n\t<meta name=\"twitter:data2\" content=\"1 minute\" \/>\n<script type=\"application\/ld+json\" class=\"yoast-schema-graph\">{\"@context\":\"https:\\\/\\\/schema.org\",\"@graph\":[{\"@type\":\"Article\",\"@id\":\"https:\\\/\\\/fjala.info\\\/2009-2015\\\/studimi-shqiptaret-9-ore-gjume-dhe-5-ore-ne-kafene\\\/#article\",\"isPartOf\":{\"@id\":\"https:\\\/\\\/fjala.info\\\/2009-2015\\\/studimi-shqiptaret-9-ore-gjume-dhe-5-ore-ne-kafene\\\/\"},\"author\":{\"name\":\"admin\",\"@id\":\"https:\\\/\\\/fjala.info\\\/2009-2015\\\/#\\\/schema\\\/person\\\/3aa1163ef05469c496fc94e77611ada2\"},\"headline\":\"Studimi, shqiptar\u00ebt 9 or\u00eb gjum\u00eb dhe 5 or\u00eb n\u00eb kafene\",\"datePublished\":\"2011-12-19T22:55:05+00:00\",\"mainEntityOfPage\":{\"@id\":\"https:\\\/\\\/fjala.info\\\/2009-2015\\\/studimi-shqiptaret-9-ore-gjume-dhe-5-ore-ne-kafene\\\/\"},\"wordCount\":222,\"commentCount\":0,\"publisher\":{\"@id\":\"https:\\\/\\\/fjala.info\\\/2009-2015\\\/#organization\"},\"image\":{\"@id\":\"https:\\\/\\\/fjala.info\\\/2009-2015\\\/studimi-shqiptaret-9-ore-gjume-dhe-5-ore-ne-kafene\\\/#primaryimage\"},\"thumbnailUrl\":\"http:\\\/\\\/www.shkoder.net\\\/images\\\/fjala\\\/2011\\\/tirane_uni.jpg\",\"articleSection\":[\"Lajme\"],\"inLanguage\":\"sq-AL\",\"potentialAction\":[{\"@type\":\"CommentAction\",\"name\":\"Comment\",\"target\":[\"https:\\\/\\\/fjala.info\\\/2009-2015\\\/studimi-shqiptaret-9-ore-gjume-dhe-5-ore-ne-kafene\\\/#respond\"]}]},{\"@type\":\"WebPage\",\"@id\":\"https:\\\/\\\/fjala.info\\\/2009-2015\\\/studimi-shqiptaret-9-ore-gjume-dhe-5-ore-ne-kafene\\\/\",\"url\":\"https:\\\/\\\/fjala.info\\\/2009-2015\\\/studimi-shqiptaret-9-ore-gjume-dhe-5-ore-ne-kafene\\\/\",\"name\":\"Studimi, shqiptar\u00ebt 9 or\u00eb gjum\u00eb dhe 5 or\u00eb n\u00eb kafene - FjALA e LIR\u00cb - Arkivi\",\"isPartOf\":{\"@id\":\"https:\\\/\\\/fjala.info\\\/2009-2015\\\/#website\"},\"primaryImageOfPage\":{\"@id\":\"https:\\\/\\\/fjala.info\\\/2009-2015\\\/studimi-shqiptaret-9-ore-gjume-dhe-5-ore-ne-kafene\\\/#primaryimage\"},\"image\":{\"@id\":\"https:\\\/\\\/fjala.info\\\/2009-2015\\\/studimi-shqiptaret-9-ore-gjume-dhe-5-ore-ne-kafene\\\/#primaryimage\"},\"thumbnailUrl\":\"http:\\\/\\\/www.shkoder.net\\\/images\\\/fjala\\\/2011\\\/tirane_uni.jpg\",\"datePublished\":\"2011-12-19T22:55:05+00:00\",\"breadcrumb\":{\"@id\":\"https:\\\/\\\/fjala.info\\\/2009-2015\\\/studimi-shqiptaret-9-ore-gjume-dhe-5-ore-ne-kafene\\\/#breadcrumb\"},\"inLanguage\":\"sq-AL\",\"potentialAction\":[{\"@type\":\"ReadAction\",\"target\":[\"https:\\\/\\\/fjala.info\\\/2009-2015\\\/studimi-shqiptaret-9-ore-gjume-dhe-5-ore-ne-kafene\\\/\"]}]},{\"@type\":\"ImageObject\",\"inLanguage\":\"sq-AL\",\"@id\":\"https:\\\/\\\/fjala.info\\\/2009-2015\\\/studimi-shqiptaret-9-ore-gjume-dhe-5-ore-ne-kafene\\\/#primaryimage\",\"url\":\"http:\\\/\\\/www.shkoder.net\\\/images\\\/fjala\\\/2011\\\/tirane_uni.jpg\",\"contentUrl\":\"http:\\\/\\\/www.shkoder.net\\\/images\\\/fjala\\\/2011\\\/tirane_uni.jpg\"},{\"@type\":\"BreadcrumbList\",\"@id\":\"https:\\\/\\\/fjala.info\\\/2009-2015\\\/studimi-shqiptaret-9-ore-gjume-dhe-5-ore-ne-kafene\\\/#breadcrumb\",\"itemListElement\":[{\"@type\":\"ListItem\",\"position\":1,\"name\":\"Home\",\"item\":\"https:\\\/\\\/fjala.info\\\/2009-2015\\\/\"},{\"@type\":\"ListItem\",\"position\":2,\"name\":\"Studimi, shqiptar\u00ebt 9 or\u00eb gjum\u00eb dhe 5 or\u00eb n\u00eb kafene\"}]},{\"@type\":\"WebSite\",\"@id\":\"https:\\\/\\\/fjala.info\\\/2009-2015\\\/#website\",\"url\":\"https:\\\/\\\/fjala.info\\\/2009-2015\\\/\",\"name\":\"FjALA e LIR\u00cb - Arkivi\",\"description\":\"Arkivi 2009-2015\",\"publisher\":{\"@id\":\"https:\\\/\\\/fjala.info\\\/2009-2015\\\/#organization\"},\"potentialAction\":[{\"@type\":\"SearchAction\",\"target\":{\"@type\":\"EntryPoint\",\"urlTemplate\":\"https:\\\/\\\/fjala.info\\\/2009-2015\\\/?s={search_term_string}\"},\"query-input\":{\"@type\":\"PropertyValueSpecification\",\"valueRequired\":true,\"valueName\":\"search_term_string\"}}],\"inLanguage\":\"sq-AL\"},{\"@type\":\"Organization\",\"@id\":\"https:\\\/\\\/fjala.info\\\/2009-2015\\\/#organization\",\"name\":\"FjALA e LIR\u00cb - Arkivi\",\"url\":\"https:\\\/\\\/fjala.info\\\/2009-2015\\\/\",\"logo\":{\"@type\":\"ImageObject\",\"inLanguage\":\"sq-AL\",\"@id\":\"https:\\\/\\\/fjala.info\\\/2009-2015\\\/#\\\/schema\\\/logo\\\/image\\\/\",\"url\":\"\",\"contentUrl\":\"\",\"caption\":\"FjALA e LIR\u00cb - Arkivi\"},\"image\":{\"@id\":\"https:\\\/\\\/fjala.info\\\/2009-2015\\\/#\\\/schema\\\/logo\\\/image\\\/\"}},{\"@type\":\"Person\",\"@id\":\"https:\\\/\\\/fjala.info\\\/2009-2015\\\/#\\\/schema\\\/person\\\/3aa1163ef05469c496fc94e77611ada2\",\"name\":\"admin\",\"image\":{\"@type\":\"ImageObject\",\"inLanguage\":\"sq-AL\",\"@id\":\"https:\\\/\\\/fjala.info\\\/2009-2015\\\/wp-content\\\/uploads\\\/2012\\\/02\\\/arben_cokaj-120x150.jpg\",\"url\":\"https:\\\/\\\/fjala.info\\\/2009-2015\\\/wp-content\\\/uploads\\\/2012\\\/02\\\/arben_cokaj-120x150.jpg\",\"contentUrl\":\"https:\\\/\\\/fjala.info\\\/2009-2015\\\/wp-content\\\/uploads\\\/2012\\\/02\\\/arben_cokaj-120x150.jpg\",\"caption\":\"admin\"},\"description\":\"Admin, Fjala e Lir\u00eb\",\"sameAs\":[\"https:\\\/\\\/fjala.info\\\/\"],\"url\":\"https:\\\/\\\/fjala.info\\\/2009-2015\\\/author\\\/admin\\\/\"}]}<\/script>\n<!-- \/ Yoast SEO plugin. -->","yoast_head_json":{"title":"Studimi, shqiptar\u00ebt 9 or\u00eb gjum\u00eb dhe 5 or\u00eb n\u00eb kafene - FjALA e LIR\u00cb - Arkivi","robots":{"index":"index","follow":"follow","max-snippet":"max-snippet:-1","max-image-preview":"max-image-preview:large","max-video-preview":"max-video-preview:-1"},"canonical":"https:\/\/fjala.info\/2009-2015\/studimi-shqiptaret-9-ore-gjume-dhe-5-ore-ne-kafene\/","og_locale":"sq_AL","og_type":"article","og_title":"Studimi, shqiptar\u00ebt 9 or\u00eb gjum\u00eb dhe 5 or\u00eb n\u00eb kafene - FjALA e LIR\u00cb - Arkivi","og_description":"TemA Online, 19 Dhjetor 2011 Shqiptar\u00ebt jan\u00eb nj\u00eb popull gjumash. Nuk \u00ebsht\u00eb thjesht nj\u00eb batut\u00eb, por nj\u00eb realitet me statistika, ku rezulton se n\u00eb 24 or\u00eb, shqiptar\u00ebt ia kushtojn\u00eb plot 38% t\u00eb koh\u00ebs, ose 9 or\u00eb gjumit. Dhe, nga pjesa tjet\u00ebr e dit\u00ebs 20%, pra rreth 5 or\u00eb n\u00eb dit\u00eb, e kalojn\u00eb n\u00eb kafe. Sa [&hellip;]","og_url":"https:\/\/fjala.info\/2009-2015\/studimi-shqiptaret-9-ore-gjume-dhe-5-ore-ne-kafene\/","og_site_name":"FjALA e LIR\u00cb - Arkivi","article_published_time":"2011-12-19T22:55:05+00:00","og_image":[{"url":"http:\/\/www.shkoder.net\/images\/fjala\/2011\/tirane_uni.jpg","type":"","width":"","height":""}],"author":"admin","twitter_card":"summary_large_image","twitter_misc":{"Written by":"admin","Est. reading time":"1 minute"},"schema":{"@context":"https:\/\/schema.org","@graph":[{"@type":"Article","@id":"https:\/\/fjala.info\/2009-2015\/studimi-shqiptaret-9-ore-gjume-dhe-5-ore-ne-kafene\/#article","isPartOf":{"@id":"https:\/\/fjala.info\/2009-2015\/studimi-shqiptaret-9-ore-gjume-dhe-5-ore-ne-kafene\/"},"author":{"name":"admin","@id":"https:\/\/fjala.info\/2009-2015\/#\/schema\/person\/3aa1163ef05469c496fc94e77611ada2"},"headline":"Studimi, shqiptar\u00ebt 9 or\u00eb gjum\u00eb dhe 5 or\u00eb n\u00eb kafene","datePublished":"2011-12-19T22:55:05+00:00","mainEntityOfPage":{"@id":"https:\/\/fjala.info\/2009-2015\/studimi-shqiptaret-9-ore-gjume-dhe-5-ore-ne-kafene\/"},"wordCount":222,"commentCount":0,"publisher":{"@id":"https:\/\/fjala.info\/2009-2015\/#organization"},"image":{"@id":"https:\/\/fjala.info\/2009-2015\/studimi-shqiptaret-9-ore-gjume-dhe-5-ore-ne-kafene\/#primaryimage"},"thumbnailUrl":"http:\/\/www.shkoder.net\/images\/fjala\/2011\/tirane_uni.jpg","articleSection":["Lajme"],"inLanguage":"sq-AL","potentialAction":[{"@type":"CommentAction","name":"Comment","target":["https:\/\/fjala.info\/2009-2015\/studimi-shqiptaret-9-ore-gjume-dhe-5-ore-ne-kafene\/#respond"]}]},{"@type":"WebPage","@id":"https:\/\/fjala.info\/2009-2015\/studimi-shqiptaret-9-ore-gjume-dhe-5-ore-ne-kafene\/","url":"https:\/\/fjala.info\/2009-2015\/studimi-shqiptaret-9-ore-gjume-dhe-5-ore-ne-kafene\/","name":"Studimi, shqiptar\u00ebt 9 or\u00eb gjum\u00eb dhe 5 or\u00eb n\u00eb kafene - FjALA e LIR\u00cb - Arkivi","isPartOf":{"@id":"https:\/\/fjala.info\/2009-2015\/#website"},"primaryImageOfPage":{"@id":"https:\/\/fjala.info\/2009-2015\/studimi-shqiptaret-9-ore-gjume-dhe-5-ore-ne-kafene\/#primaryimage"},"image":{"@id":"https:\/\/fjala.info\/2009-2015\/studimi-shqiptaret-9-ore-gjume-dhe-5-ore-ne-kafene\/#primaryimage"},"thumbnailUrl":"http:\/\/www.shkoder.net\/images\/fjala\/2011\/tirane_uni.jpg","datePublished":"2011-12-19T22:55:05+00:00","breadcrumb":{"@id":"https:\/\/fjala.info\/2009-2015\/studimi-shqiptaret-9-ore-gjume-dhe-5-ore-ne-kafene\/#breadcrumb"},"inLanguage":"sq-AL","potentialAction":[{"@type":"ReadAction","target":["https:\/\/fjala.info\/2009-2015\/studimi-shqiptaret-9-ore-gjume-dhe-5-ore-ne-kafene\/"]}]},{"@type":"ImageObject","inLanguage":"sq-AL","@id":"https:\/\/fjala.info\/2009-2015\/studimi-shqiptaret-9-ore-gjume-dhe-5-ore-ne-kafene\/#primaryimage","url":"http:\/\/www.shkoder.net\/images\/fjala\/2011\/tirane_uni.jpg","contentUrl":"http:\/\/www.shkoder.net\/images\/fjala\/2011\/tirane_uni.jpg"},{"@type":"BreadcrumbList","@id":"https:\/\/fjala.info\/2009-2015\/studimi-shqiptaret-9-ore-gjume-dhe-5-ore-ne-kafene\/#breadcrumb","itemListElement":[{"@type":"ListItem","position":1,"name":"Home","item":"https:\/\/fjala.info\/2009-2015\/"},{"@type":"ListItem","position":2,"name":"Studimi, shqiptar\u00ebt 9 or\u00eb gjum\u00eb dhe 5 or\u00eb n\u00eb kafene"}]},{"@type":"WebSite","@id":"https:\/\/fjala.info\/2009-2015\/#website","url":"https:\/\/fjala.info\/2009-2015\/","name":"FjALA e LIR\u00cb - Arkivi","description":"Arkivi 2009-2015","publisher":{"@id":"https:\/\/fjala.info\/2009-2015\/#organization"},"potentialAction":[{"@type":"SearchAction","target":{"@type":"EntryPoint","urlTemplate":"https:\/\/fjala.info\/2009-2015\/?s={search_term_string}"},"query-input":{"@type":"PropertyValueSpecification","valueRequired":true,"valueName":"search_term_string"}}],"inLanguage":"sq-AL"},{"@type":"Organization","@id":"https:\/\/fjala.info\/2009-2015\/#organization","name":"FjALA e LIR\u00cb - Arkivi","url":"https:\/\/fjala.info\/2009-2015\/","logo":{"@type":"ImageObject","inLanguage":"sq-AL","@id":"https:\/\/fjala.info\/2009-2015\/#\/schema\/logo\/image\/","url":"","contentUrl":"","caption":"FjALA e LIR\u00cb - Arkivi"},"image":{"@id":"https:\/\/fjala.info\/2009-2015\/#\/schema\/logo\/image\/"}},{"@type":"Person","@id":"https:\/\/fjala.info\/2009-2015\/#\/schema\/person\/3aa1163ef05469c496fc94e77611ada2","name":"admin","image":{"@type":"ImageObject","inLanguage":"sq-AL","@id":"https:\/\/fjala.info\/2009-2015\/wp-content\/uploads\/2012\/02\/arben_cokaj-120x150.jpg","url":"https:\/\/fjala.info\/2009-2015\/wp-content\/uploads\/2012\/02\/arben_cokaj-120x150.jpg","contentUrl":"https:\/\/fjala.info\/2009-2015\/wp-content\/uploads\/2012\/02\/arben_cokaj-120x150.jpg","caption":"admin"},"description":"Admin, Fjala e Lir\u00eb","sameAs":["https:\/\/fjala.info\/"],"url":"https:\/\/fjala.info\/2009-2015\/author\/admin\/"}]}},"_links":{"self":[{"href":"https:\/\/fjala.info\/2009-2015\/wp-json\/wp\/v2\/posts\/659","targetHints":{"allow":["GET"]}}],"collection":[{"href":"https:\/\/fjala.info\/2009-2015\/wp-json\/wp\/v2\/posts"}],"about":[{"href":"https:\/\/fjala.info\/2009-2015\/wp-json\/wp\/v2\/types\/post"}],"author":[{"embeddable":true,"href":"https:\/\/fjala.info\/2009-2015\/wp-json\/wp\/v2\/users\/1"}],"replies":[{"embeddable":true,"href":"https:\/\/fjala.info\/2009-2015\/wp-json\/wp\/v2\/comments?post=659"}],"version-history":[{"count":0,"href":"https:\/\/fjala.info\/2009-2015\/wp-json\/wp\/v2\/posts\/659\/revisions"}],"wp:attachment":[{"href":"https:\/\/fjala.info\/2009-2015\/wp-json\/wp\/v2\/media?parent=659"}],"wp:term":[{"taxonomy":"category","embeddable":true,"href":"https:\/\/fjala.info\/2009-2015\/wp-json\/wp\/v2\/categories?post=659"},{"taxonomy":"post_tag","embeddable":true,"href":"https:\/\/fjala.info\/2009-2015\/wp-json\/wp\/v2\/tags?post=659"}],"curies":[{"name":"wp","href":"https:\/\/api.w.org\/{rel}","templated":true}]}}