{"id":650,"date":"2011-12-19T22:02:21","date_gmt":"2011-12-19T21:02:21","guid":{"rendered":"http:\/\/fjala.shkoder.net\/?p=650"},"modified":"2011-12-19T22:02:21","modified_gmt":"2011-12-19T21:02:21","slug":"miresevjen-nano-president","status":"publish","type":"post","link":"https:\/\/fjala.info\/2009-2015\/miresevjen-nano-president\/","title":{"rendered":"MIRESEVJEN NANO \u201cPRESIDENT\u201d !"},"content":{"rendered":"<p><em>Fejton<\/em> nga <strong>Sokol Shpati<\/strong><\/p>\n<p>Mezi \u00e7\u2019e prisnim, i shtrenjti mik, Fatos, q\u00eb ti nj\u00eb dit\u00eb t\u00eb b\u00ebje nj\u00eb deklarat\u00eb t\u00eb till\u00eb, si ajo e para disa dit\u00ebve n\u00eb nj\u00eb stacion televiziv shqiptar, por \u2026nga Londra, t\u00eb cilin e rr\u00ebmbeyn dhe e p\u00ebrcoll\u00ebn\u00eb n\u00eb eter edhe stacione t\u00eb tjera televizive, por edhe gazeta shqiptare, nga t\u00eb cilat kishte nga ato q\u00eb d\u00ebshmuan indiferentiznin dhe dashalig\u00ebsin\u00eb ndaj teje, at\u00eb lajm q\u00eb m\u00eb mua me disa shok\u00eb na shkundulloi, na hov\u00ebzoi, na ngriti zemr\u00ebn pesh\u00eb, -lajmi se ti k\u00ebrkon t\u00eb b\u00ebhesh president i Shqip\u00ebris\u00eb.<\/p>\n<p>Dhe do t\u00eb beh\u00ebsh fatos, q\u00eb je m\u00eb t\u00eb v\u00ebrtet i k\u00ebsollojsh\u00ebm,sic shpjegon edhe \u201cFjalori i gjuh\u00ebs shqipe\u201d: trim, i fort\u00eb, kreshnik. Por, do t\u00eb thot\u00eb dikush, se vec trim dhe kreshnik nuk je, sepse n\u00eb trazirat e shtatorit t\u00eb vitit 1998,kur ishe kryeminist\u00ebr i ligjsh\u00ebm, nga lepuri q\u00eb t\u00eb kishte mbir\u00eb n\u00eb bark se, mos o zot. t\u00eb t\u00eb t\u00eb hiqnin nj\u00eb her\u00eb e pergjithmon\u00eb qafe duke t\u00eb cuar n\u00eb bot\u00ebn tjer, ti ia mbathe nga zyra jote kryeministore dhe i veshur me poture \u201calla katundarce\u201dmore rrug\u00ebnn p\u00ebr n\u00eb Maqedoni duke e l\u00ebn\u00eb shtetit jetim. Por, sic e ke deklaruar edhe vet\u00eb trim\u00ebrisht,nuk ishte ti q\u00eb deshe t\u00eb ikje, por ishin bodigard\u00ebt e tu ata q\u00eb e kishin detyr\u00eb t\u00eb t\u00eb mbronin n\u00eb t\u00eb tilla situata, kur mund t\u00eb shkoje kots\u00ebkoti p\u00ebr dhjam\u00eb qeni, ishin ata q\u00eb t\u00eb sht\u00ebnguan t\u00eb vishje ato poture, se, t\u00eb ishte p\u00ebr ty, si fatos q\u00eb je, do t\u00eb q\u00ebdroje atje n\u00eb krye t\u00eb detyr\u00ebs, deri n\u00eb pik\u00ebn e fundit t\u00eb gjakut t\u00ebnd fisnik.<\/p>\n<p>Ti, fatos i fatosave, p\u00ebr mendimin ton\u00eb e meriton m\u00eb tep\u00ebr se kushdo q\u00eb t\u00eb jesh president.Dhe ja sepse:<br \/>\nSepse q\u00eb t\u00eb jesh president, sefte duhet t\u00eb kesh punuar n\u00eb Komitetin Qendror t\u00eb PPSH-s\u00eb, bile bash n\u00eb Institutin e Studimeve Marksiste-Leniniste, t\u00eb kesh qen\u00eb pran\u00eb shoq\u00ebs Nexhmie Hoxha, ku fal\u00eb nj\u00ebr\u00ebs prej vajzave t\u00eb shokut Ramiz Alia, q\u00eb punonte atje, t\u00eb njiheshe, ose m\u00eb mir\u00eb t\u00eb ishte ai q\u00eb t\u00eb njihte vlerat e tua t\u00eb jasht\u00ebzakonshme, p\u00ebr t\u00eb cilat shkruan n\u00eb librin e tij \u201cJeta ime\u201d, ku t\u00eb cil\u00ebson si \u201dkuad\u00ebr t\u00eb aft\u00eb, t\u00eb p\u00ebrgatitur \u2026\u201ddhe p\u00ebr k\u00ebt merita vazhdon ai: \u201d\u2026\u201d e kam mbajtur pran\u00eb\u2026\u201d dhe m\u00eb pas:\u201d\u2026 e kam\u201drekomanduar n\u00eb poste t\u00eb larta qeveritare deri edhe kryeminist\u00ebr t\u00eb vendit.\u201d<\/p>\n<p>Ja k\u00ebshtu shkruan p\u00ebr ty,as m\u00eb shum\u00eb dhe as m\u00eb pak,por Ramiz Aslia,vazhduesi i denj\u00eb vepres madhor t\u00eb shokut Enver. Por, p\u00ebr fat t\u00eb keq, ky Ramizi e prish kur m\u00eb posht\u00eb,duke folur gjithnj\u00eb p\u00ebr ty, vazhdon se ti na pask\u00ebsh pasur prirjen \u201cp\u00ebr t\u2019u grindur me cilindo nga shok\u00ebt\u2026, nese ndonjeri nuk shkon pas Fatosit\u201d. Dhe nuk mjafton me kaq, por shton:\u201dPa dyshim,q\u00ebndrime t\u00eb tilla shprehin s\u00ebmundjen e keqe t\u00eb Fatosit, ambicjen e tij\u2026\u201d (faqe 405).<\/p>\n<p>T\u00eb t\u00eb marr\u00eb t\u00eb ligat Ramiz Slia se ku ka m\u00eb mir\u00eb se t\u00eb grindesh me shok\u00eb, q\u00eb t\u00eb dal\u00ebsh p\u00ebrher\u00eb n\u00eb krye, ku ka m\u00eb mir\u00eb q\u00eb t\u00eb jesh ambicioz,sepse fal\u00eb k\u00ebsaj ambicjeje, ti v\u00ebrtet dole n\u00eb krye, kudo t\u00eb mbetesh p\u00ebrs\u00ebri tani q\u00eb hodhe kanditatur\u00ebn p\u00ebr t\u00eb na u b\u00ebr\u00eb president.<\/p>\n<p>Nuk dua kurrsesi t\u00eb v\u00eb n\u00eb dyshim aft\u00ebsit\u00eb e gazetarit dhe publicistit t\u00eb njohur, Andon Dede, q\u00eb ka punuar p\u00ebr disa vjet me ty n\u00eb Institutin e Studimeve Marksiste-Leniniste\u2026 , por n\u00eb nj\u00eb ntervist\u00eb t\u00eb botuar n\u00eb librin \u201cShqiptar\u00ebt e Amerk\u00ebs\u201d, ai sec t\u00eb v\u00eb ca nofka:sikur ti q\u00eb at\u00ebher\u00eb t\u00eb ishe numri 1 i shtetit, se kur filluan n\u00eb dhjetor t\u00eb vitit 1990 filluan manifestimet studentore kund\u00ebr regjimit komunist, n\u00eb nj\u00eb mbledhje ku, doemos, ishe i pranish\u00ebm edhe ti, pas fjal\u00ebve t\u00eb saj, brofe m\u00eb k\u00ebmb\u00eb dhe shtove: \u201dUn\u00eb mendoj shoqja Nexhmie, q\u00eb t\u00eb ngrihemi edhe ne dhe t\u00eb dalim n\u00eb demostrata. Ata, pra student\u00ebt, n\u00eb nj\u00eb an\u00eb t\u00eb bulevardit dhe e n\u00eb tjetr\u00ebn ne\u2026\u201d(faqe 983 e vepr\u00ebs s\u00eb m\u00ebsip\u00ebrme).<\/p>\n<p>Ja k\u00ebshtu e tregoje ti, shtrenjti yn\u00eb Fatos,dashurin\u00eb ndaj shoqes Nexhmie, me fjal\u00eb t\u00eb tjera, pra ndaj shokut Enver. Sikur PPSH-ja t\u00eb mbetej n\u00eb fuqi edhe pas zgjedhjeve t\u00eb marsit t\u00eb viti 1992, besa ti do t\u00eb kishe qen\u00eb gjithnj\u00eb n\u00eb krye t\u00eb partis\u00eb dhe shtetit enverist, aq sa ajo t\u00eb ishte n\u00eb fuqi, p\u00ebr disa ose shum\u00eb vjet.<\/p>\n<p>Ja p\u00ebrse shoku Ramiz Alia t\u00eb besoi q\u00eb ti ta udhehiqje k\u00ebt\u00eb parti, e cila sa p\u00ebr sy e faqe u quajt parti socialiste, sepse duke pasur n\u00eb gjirin e saj t\u00eb till\u00eb enverist\u00eb t\u00eb thekur si Gramoz Ruci, ish-sekretar i Partis\u00eb n\u00eb Tepelen\u00eb, pastaj minist\u00ebr i Brendsh\u00ebm n\u00eb qeverin\u00eb e stabilitetit m\u00eb 1991, em\u00ebruar nga vet\u00eb shoku Ramiz, apo Namik Doklen e plot t\u00eb tjer\u00eb enverist\u00eb t\u00eb denj\u00eb, ti drejtove partin\u00eb, pastaj i fute st\u00ebrk\u00ebmbthin edhe Ilir Met\u00ebs q\u00eb t\u00eb b\u00ebhesh\u00eb edhe kryeminist\u00ebr, se k\u00ebshtu ishin rregullat e loj\u00ebs.<\/p>\n<p>Duan t\u00eb thot\u00eb se q\u00eb k\u00ebtu filloi p\u00ebrcarja n\u00eb partin\u00eb socialiste, sepse, t\u00eb rrim\u00eb shtremb\u00ebr e t\u00eb flasim drejt, dhe ti e di mir\u00eb k\u00ebt\u00eb, qeverin\u00eb at\u00ebhershme Iliri po e drejtonte bukur mir\u00eb, dhe nuk duroi dot k\u00ebt\u00eb prock\u00eb t\u00ebnden e k\u00ebsisoj krijoi LSI-n\u00eb, ku t\u00eb mori edhe plot kokrra t\u00eb tua zgjedhura.<\/p>\n<p>Duan t\u00eb thon\u00eb se ti sa ishe kryeminist\u00ebr kaloje edhe 150 dit\u00eb pushimesh t\u00eb gjata n\u00eb brigjet e vendeve arabe duke b\u00ebr\u00eb rrush e kumbulla parat\u00eb e tua, por edhe t\u00eb shtetit, duan t\u00eb thon\u00eb se ti, dashnor i paepur i pijeve akoolike, nj\u00eb nat\u00eb t\u00eb vitit 2003, kur drejtoje makin\u00ebn, ashtu sic drejtoje i dehur edhe\u2026 shtetin, ti pra mu pran\u00eb fshatit Shkallnuer shtype pa dashje nj\u00eb fakir 70-vjecar dhe jo vet\u00ebm nuk nuk e more n\u00eb makin\u00eb, p\u00ebr ta cuar n\u00eb spital, por e degdise si kafsh\u00eb n\u00eb kanal buz\u00eb rrug\u00ebs, duan t\u00eb thon\u00eb se kur n\u00eb Kanalin e Otrantos, n\u00eb mes t\u00eb detit, humb\u00ebn jet\u00ebn t\u00eb ngrir\u00eb m\u00eb shum\u00eb shqiptar\u00eb, kur n\u00eb ato dit\u00eb e t\u00ebr\u00eb Shqip\u00ebria k\u00ebrruste kok\u00ebn p\u00ebr k\u00ebt\u00eb tragjedi, ti, sic t\u00eb kemi par\u00eb n\u00eb ekranin e TV Klanit, s\u00eb bashku me Xhoin t\u00ebnd t\u00eb shtr\u00ebnjt\u00eb shkriheshe s\u00eb qeshuri n\u00eb nj\u00eb nga buzuqet e Selanikut. Ishte e natyrshme: Ti e mbaje dhembjen p\u00ebr t\u00eb fatkeq\u00ebsi brenda mull\u00ebz\u00ebs t\u00ebnde t\u00eb dyndur dinga me lloj lloj pijesh me ngjyra e pa ngjyra,q\u00eb ta kishin qorollepur mendjen, vet\u00ebm e vet\u00ebm q\u00eb t\u00eb harroje n\u00eb avujt e alkoolit k\u00ebt\u00eb fatkeq\u00ebsi q\u00eb kishte pllakosur vendin,kryemnist\u00ebr i t\u00eb cilit ishe ti,i madhi Tos.<\/p>\n<p>Ja kjo ishte arsyeja q\u00eb ti ato dit\u00eb ndodheshe n\u00eb midis ahengut.<\/p>\n<p>Dhe meq\u00eb p\u00ebrmenda Xhoin,shum\u00eb t\u00eb kan\u00eb shar\u00eb me lib\u00ebr sht\u00ebpie se ti, kur u martove me k\u00ebt\u00eb zock\u00eb,duke l\u00ebn\u00eb gruan tende aq fisnike q\u00eb me sa e sa derte t\u00eb kishte ndjekur deri n\u00eb Burgun e B\u00ebnc\u00ebs, zock\u00eb q\u00eb nj\u00eb dit\u00eb t\u00eb bukur na mbiu supermilionere, ti kurdise n\u00eb Kish\u00ebn Ortodokse t\u00eb Tiran\u00ebs nj\u00eb alamet ceremonie ku t\u00ebr\u00eb adhuruesit e tu,t\u00eb cil\u00ebt cudit\u00ebrsht i kan\u00eb quajtur \u201csahanlipr\u00ebsit e tu\u201d, t\u00eb dhuruan secili me mijra euro e k\u00ebshtu kjo dasm\u00eb u kthye n\u00eb biznes e shkuar biznesit p\u00ebr ty. Po c\u2019faj kishe ti n\u00eb k\u00ebt\u00eb mes q\u00eb ata t\u00eb b\u00ebn\u00eb dhurata t\u00eb k\u00ebsojllojshme. Ishin ata q\u00eb t\u2019i blatuan e jo ti q\u00eb\u2026 ua k\u00ebrkove.<\/p>\n<p>Duan t\u00eb thon\u00eb se kur dilje m\u00eb sh\u00ebrbim jasht\u00eb shtetit, sefte vizitoje kazinot\u00eb, ku me mish e me shpirt harxhoje nj\u00eb lum\u00eb parash,se kur i sosje ato u zhvatje bizmesmen\u00ebve q\u00eb t\u00eb rrinin peqe-lepe nga pas, me demek borxh, por q\u00eb t\u00eb cilat nuk ua ke kthyer as sot e k\u00ebsaj dite.<\/p>\n<p>Duan thon\u00eb se ti e solle k\u00ebt\u00eb shtet n\u00eb at\u00eb derexhe, sa PS-ja humbi n\u00eb zgjedhjet e vitit 2005 dhe ti, jo burracak\u00ebrisht, dhe dor\u00ebheqjen nga kryetar i saj dhe i shtetit.<\/p>\n<p>Po edhe k\u00ebto jan\u00eb \u201cmerita\u201d, sepse, m\u00eb thoni, ju kam rixhan\u00eb cili, burr\u00eb shteti tjet\u00ebr i ka b\u00ebr\u00eb k\u00ebto?&#8230;<\/p>\n<p>Duke pasur nj\u00eb horizont shum\u00eb largam\u00ebs ti u t\u00ebrhoqe n\u00eb jet\u00ebn private, ashtu sic i ka hije nj\u00eb shtetari t\u00eb v\u00ebrtet\u00eb. Ti, pra deri tani ke provuar te jesh sekretar i KM, kryeminist\u00ebr, kryetar partije\u2026 T\u00eb ka mbetur t\u00eb behesh vet\u00ebm president. Pse jo, kur ke kaq\u2026 p\u00ebrvoj\u00eb. Provoje dhe k\u00ebt\u00eb. Me t\u00eb t\u00ebra meritat q\u00eb t\u00eb vum\u00eb n\u00eb dukje, e ke hak e shkuar hakut.<\/p>\n<p>Dikush kur d\u00ebgjoi k\u00ebt\u00eb sihariq, tha:\u201dNano mund t\u00eb jet\u00eb president i politikan\u00ebve t\u00eb parlamentit ,por kurrsesi i popullit, sepse, sikur ky presidenti t\u00eb zgjidhej prej tij, ai nuk do t\u00eb merrte as edhe 2 p\u00ebrqind t\u00eb votave edhe k\u00ebto t\u00eb atyre q\u00eb ai i ka pasur dikur pas vetes duke shpresuar se t\u00eb till\u00eb do t\u00eb jen\u00eb p\u00ebrs\u00ebri.<\/p>\n<p>Na vjen p\u00ebr t\u00eb qeshur p\u00ebr k\u00ebto lajthitje. E kush e pyet popullin q\u00eb n\u00eb k\u00ebt\u00eb rast q\u00eb nuk \u00ebsht\u00eb vecse bag\u00ebti? Pun\u00eb e madhe fort se populli nuk t\u00eb dashka!&#8230;<\/p>\n<p>Dikush t\u00eb krahasoi me Esat p\u00ebsh\u00eb Toptanin, q\u00eb pasi u d\u00ebbua nga mileti m\u00eb 1914, u bashkua me ushtrin\u00eb franceze n\u00eb Selanik, krijoi nje qeveri n\u00eb m\u00ebrgim dhe n\u00eb Konferenc\u00ebn e Paqes n\u00eb Versaj\u00eb m\u00eb 1918-20,doli me pretendimin se ai dhe askush tjet\u00ebr duhej t\u00eb ishte president i Shqip\u00ebris\u00eb. Por mjerisht p\u00ebr t\u00eb u gjend Avni Rustemi q\u00eb me dy plumba n\u00eb pl\u00ebnc e d\u00ebrgoi n\u00eb ferrhapsan\u00eb&#8230;<\/p>\n<p>K\u00ebshtu, pra thon\u00eb edhe p\u00ebr ty, i shtrenjti Tos. E kan\u00eb jangll\u00ebsh!&#8230; Se ti, v\u00ebrtet e ndjek s\u00eb largu jet\u00ebn shqiptare, por jo si Esat pasha me dylbit\u00eb e frengj\u00ebve t\u00eb dikursh\u00ebm, por me \u2026anten\u00eb satelitore n\u00eb nj\u00eb prej dhomave t\u00eb nj\u00eb hoteli luksoz, si \u201cKontinentali\u201d, para t\u00eb cilit Esat pash\u00eb Toptani ngriti patkojt\u00eb nga dielli.<\/p>\n<p>Ju, lexues mund t\u00eb b\u00ebni pyetjen se kush qenkermi ne q\u00eb k\u00ebrkojm\u00eb q\u00eb Fatos Nano t\u00eb j\u00ebt\u00eb president.Ne v\u00ebrtet jemi shum\u00eb pak, por shpresojm\u00eb se ky fatos i lavdish\u00ebm do t\u2019ua b\u00ebj\u00eb mendjen dhall\u00eb politikan\u00ebve, sa majtas, ashtu edhe djathtas, dhe do t\u00eb na b\u00ebhet president e t\u00eb na jap\u00eb edhe neve ndonj\u00eb llok\u00ebm\u2026<\/p>\n","protected":false},"excerpt":{"rendered":"<p>Fejton nga Sokol Shpati Mezi \u00e7\u2019e prisnim, i shtrenjti mik, Fatos, q\u00eb ti nj\u00eb dit\u00eb t\u00eb b\u00ebje nj\u00eb deklarat\u00eb t\u00eb till\u00eb, si ajo e para disa dit\u00ebve n\u00eb nj\u00eb stacion televiziv shqiptar, por \u2026nga Londra, t\u00eb cilin e rr\u00ebmbeyn dhe e p\u00ebrcoll\u00ebn\u00eb n\u00eb eter edhe stacione t\u00eb tjera televizive, por edhe gazeta shqiptare, nga t\u00eb [&hellip;]<\/p>\n","protected":false},"author":1,"featured_media":0,"comment_status":"open","ping_status":"closed","sticky":false,"template":"","format":"standard","meta":{"footnotes":""},"categories":[2],"tags":[],"class_list":{"0":"post-650","1":"post","2":"type-post","3":"status-publish","4":"format-standard","6":"category-artikuj"},"yoast_head":"<!-- This site is optimized with the Yoast SEO plugin v27.4 - https:\/\/yoast.com\/product\/yoast-seo-wordpress\/ -->\n<title>MIRESEVJEN NANO \u201cPRESIDENT\u201d ! - FjALA e LIR\u00cb - Arkivi<\/title>\n<meta name=\"robots\" content=\"index, follow, max-snippet:-1, max-image-preview:large, max-video-preview:-1\" \/>\n<link rel=\"canonical\" href=\"https:\/\/fjala.info\/2009-2015\/miresevjen-nano-president\/\" \/>\n<meta property=\"og:locale\" content=\"sq_AL\" \/>\n<meta property=\"og:type\" content=\"article\" \/>\n<meta property=\"og:title\" content=\"MIRESEVJEN NANO \u201cPRESIDENT\u201d ! - FjALA e LIR\u00cb - Arkivi\" \/>\n<meta property=\"og:description\" content=\"Fejton nga Sokol Shpati Mezi \u00e7\u2019e prisnim, i shtrenjti mik, Fatos, q\u00eb ti nj\u00eb dit\u00eb t\u00eb b\u00ebje nj\u00eb deklarat\u00eb t\u00eb till\u00eb, si ajo e para disa dit\u00ebve n\u00eb nj\u00eb stacion televiziv shqiptar, por \u2026nga Londra, t\u00eb cilin e rr\u00ebmbeyn dhe e p\u00ebrcoll\u00ebn\u00eb n\u00eb eter edhe stacione t\u00eb tjera televizive, por edhe gazeta shqiptare, nga t\u00eb [&hellip;]\" \/>\n<meta property=\"og:url\" content=\"https:\/\/fjala.info\/2009-2015\/miresevjen-nano-president\/\" \/>\n<meta property=\"og:site_name\" content=\"FjALA e LIR\u00cb - Arkivi\" \/>\n<meta property=\"article:published_time\" content=\"2011-12-19T21:02:21+00:00\" \/>\n<meta name=\"author\" content=\"admin\" \/>\n<meta name=\"twitter:card\" content=\"summary_large_image\" \/>\n<meta name=\"twitter:label1\" content=\"Written by\" \/>\n\t<meta name=\"twitter:data1\" content=\"admin\" \/>\n\t<meta name=\"twitter:label2\" content=\"Est. reading time\" \/>\n\t<meta name=\"twitter:data2\" content=\"9 minutes\" \/>\n<script type=\"application\/ld+json\" class=\"yoast-schema-graph\">{\"@context\":\"https:\\\/\\\/schema.org\",\"@graph\":[{\"@type\":\"Article\",\"@id\":\"https:\\\/\\\/fjala.info\\\/2009-2015\\\/miresevjen-nano-president\\\/#article\",\"isPartOf\":{\"@id\":\"https:\\\/\\\/fjala.info\\\/2009-2015\\\/miresevjen-nano-president\\\/\"},\"author\":{\"name\":\"admin\",\"@id\":\"https:\\\/\\\/fjala.info\\\/2009-2015\\\/#\\\/schema\\\/person\\\/3aa1163ef05469c496fc94e77611ada2\"},\"headline\":\"MIRESEVJEN NANO \u201cPRESIDENT\u201d !\",\"datePublished\":\"2011-12-19T21:02:21+00:00\",\"mainEntityOfPage\":{\"@id\":\"https:\\\/\\\/fjala.info\\\/2009-2015\\\/miresevjen-nano-president\\\/\"},\"wordCount\":1819,\"commentCount\":0,\"publisher\":{\"@id\":\"https:\\\/\\\/fjala.info\\\/2009-2015\\\/#organization\"},\"articleSection\":[\"Artikuj\"],\"inLanguage\":\"sq-AL\",\"potentialAction\":[{\"@type\":\"CommentAction\",\"name\":\"Comment\",\"target\":[\"https:\\\/\\\/fjala.info\\\/2009-2015\\\/miresevjen-nano-president\\\/#respond\"]}]},{\"@type\":\"WebPage\",\"@id\":\"https:\\\/\\\/fjala.info\\\/2009-2015\\\/miresevjen-nano-president\\\/\",\"url\":\"https:\\\/\\\/fjala.info\\\/2009-2015\\\/miresevjen-nano-president\\\/\",\"name\":\"MIRESEVJEN NANO \u201cPRESIDENT\u201d ! - FjALA e LIR\u00cb - Arkivi\",\"isPartOf\":{\"@id\":\"https:\\\/\\\/fjala.info\\\/2009-2015\\\/#website\"},\"datePublished\":\"2011-12-19T21:02:21+00:00\",\"breadcrumb\":{\"@id\":\"https:\\\/\\\/fjala.info\\\/2009-2015\\\/miresevjen-nano-president\\\/#breadcrumb\"},\"inLanguage\":\"sq-AL\",\"potentialAction\":[{\"@type\":\"ReadAction\",\"target\":[\"https:\\\/\\\/fjala.info\\\/2009-2015\\\/miresevjen-nano-president\\\/\"]}]},{\"@type\":\"BreadcrumbList\",\"@id\":\"https:\\\/\\\/fjala.info\\\/2009-2015\\\/miresevjen-nano-president\\\/#breadcrumb\",\"itemListElement\":[{\"@type\":\"ListItem\",\"position\":1,\"name\":\"Home\",\"item\":\"https:\\\/\\\/fjala.info\\\/2009-2015\\\/\"},{\"@type\":\"ListItem\",\"position\":2,\"name\":\"MIRESEVJEN NANO \u201cPRESIDENT\u201d !\"}]},{\"@type\":\"WebSite\",\"@id\":\"https:\\\/\\\/fjala.info\\\/2009-2015\\\/#website\",\"url\":\"https:\\\/\\\/fjala.info\\\/2009-2015\\\/\",\"name\":\"FjALA e LIR\u00cb - Arkivi\",\"description\":\"Arkivi 2009-2015\",\"publisher\":{\"@id\":\"https:\\\/\\\/fjala.info\\\/2009-2015\\\/#organization\"},\"potentialAction\":[{\"@type\":\"SearchAction\",\"target\":{\"@type\":\"EntryPoint\",\"urlTemplate\":\"https:\\\/\\\/fjala.info\\\/2009-2015\\\/?s={search_term_string}\"},\"query-input\":{\"@type\":\"PropertyValueSpecification\",\"valueRequired\":true,\"valueName\":\"search_term_string\"}}],\"inLanguage\":\"sq-AL\"},{\"@type\":\"Organization\",\"@id\":\"https:\\\/\\\/fjala.info\\\/2009-2015\\\/#organization\",\"name\":\"FjALA e LIR\u00cb - Arkivi\",\"url\":\"https:\\\/\\\/fjala.info\\\/2009-2015\\\/\",\"logo\":{\"@type\":\"ImageObject\",\"inLanguage\":\"sq-AL\",\"@id\":\"https:\\\/\\\/fjala.info\\\/2009-2015\\\/#\\\/schema\\\/logo\\\/image\\\/\",\"url\":\"\",\"contentUrl\":\"\",\"caption\":\"FjALA e LIR\u00cb - Arkivi\"},\"image\":{\"@id\":\"https:\\\/\\\/fjala.info\\\/2009-2015\\\/#\\\/schema\\\/logo\\\/image\\\/\"}},{\"@type\":\"Person\",\"@id\":\"https:\\\/\\\/fjala.info\\\/2009-2015\\\/#\\\/schema\\\/person\\\/3aa1163ef05469c496fc94e77611ada2\",\"name\":\"admin\",\"image\":{\"@type\":\"ImageObject\",\"inLanguage\":\"sq-AL\",\"@id\":\"https:\\\/\\\/fjala.info\\\/2009-2015\\\/wp-content\\\/uploads\\\/2012\\\/02\\\/arben_cokaj-120x150.jpg\",\"url\":\"https:\\\/\\\/fjala.info\\\/2009-2015\\\/wp-content\\\/uploads\\\/2012\\\/02\\\/arben_cokaj-120x150.jpg\",\"contentUrl\":\"https:\\\/\\\/fjala.info\\\/2009-2015\\\/wp-content\\\/uploads\\\/2012\\\/02\\\/arben_cokaj-120x150.jpg\",\"caption\":\"admin\"},\"description\":\"Admin, Fjala e Lir\u00eb\",\"sameAs\":[\"https:\\\/\\\/fjala.info\\\/\"],\"url\":\"https:\\\/\\\/fjala.info\\\/2009-2015\\\/author\\\/admin\\\/\"}]}<\/script>\n<!-- \/ Yoast SEO plugin. -->","yoast_head_json":{"title":"MIRESEVJEN NANO \u201cPRESIDENT\u201d ! - FjALA e LIR\u00cb - Arkivi","robots":{"index":"index","follow":"follow","max-snippet":"max-snippet:-1","max-image-preview":"max-image-preview:large","max-video-preview":"max-video-preview:-1"},"canonical":"https:\/\/fjala.info\/2009-2015\/miresevjen-nano-president\/","og_locale":"sq_AL","og_type":"article","og_title":"MIRESEVJEN NANO \u201cPRESIDENT\u201d ! - FjALA e LIR\u00cb - Arkivi","og_description":"Fejton nga Sokol Shpati Mezi \u00e7\u2019e prisnim, i shtrenjti mik, Fatos, q\u00eb ti nj\u00eb dit\u00eb t\u00eb b\u00ebje nj\u00eb deklarat\u00eb t\u00eb till\u00eb, si ajo e para disa dit\u00ebve n\u00eb nj\u00eb stacion televiziv shqiptar, por \u2026nga Londra, t\u00eb cilin e rr\u00ebmbeyn dhe e p\u00ebrcoll\u00ebn\u00eb n\u00eb eter edhe stacione t\u00eb tjera televizive, por edhe gazeta shqiptare, nga t\u00eb [&hellip;]","og_url":"https:\/\/fjala.info\/2009-2015\/miresevjen-nano-president\/","og_site_name":"FjALA e LIR\u00cb - Arkivi","article_published_time":"2011-12-19T21:02:21+00:00","author":"admin","twitter_card":"summary_large_image","twitter_misc":{"Written by":"admin","Est. reading time":"9 minutes"},"schema":{"@context":"https:\/\/schema.org","@graph":[{"@type":"Article","@id":"https:\/\/fjala.info\/2009-2015\/miresevjen-nano-president\/#article","isPartOf":{"@id":"https:\/\/fjala.info\/2009-2015\/miresevjen-nano-president\/"},"author":{"name":"admin","@id":"https:\/\/fjala.info\/2009-2015\/#\/schema\/person\/3aa1163ef05469c496fc94e77611ada2"},"headline":"MIRESEVJEN NANO \u201cPRESIDENT\u201d !","datePublished":"2011-12-19T21:02:21+00:00","mainEntityOfPage":{"@id":"https:\/\/fjala.info\/2009-2015\/miresevjen-nano-president\/"},"wordCount":1819,"commentCount":0,"publisher":{"@id":"https:\/\/fjala.info\/2009-2015\/#organization"},"articleSection":["Artikuj"],"inLanguage":"sq-AL","potentialAction":[{"@type":"CommentAction","name":"Comment","target":["https:\/\/fjala.info\/2009-2015\/miresevjen-nano-president\/#respond"]}]},{"@type":"WebPage","@id":"https:\/\/fjala.info\/2009-2015\/miresevjen-nano-president\/","url":"https:\/\/fjala.info\/2009-2015\/miresevjen-nano-president\/","name":"MIRESEVJEN NANO \u201cPRESIDENT\u201d ! - FjALA e LIR\u00cb - Arkivi","isPartOf":{"@id":"https:\/\/fjala.info\/2009-2015\/#website"},"datePublished":"2011-12-19T21:02:21+00:00","breadcrumb":{"@id":"https:\/\/fjala.info\/2009-2015\/miresevjen-nano-president\/#breadcrumb"},"inLanguage":"sq-AL","potentialAction":[{"@type":"ReadAction","target":["https:\/\/fjala.info\/2009-2015\/miresevjen-nano-president\/"]}]},{"@type":"BreadcrumbList","@id":"https:\/\/fjala.info\/2009-2015\/miresevjen-nano-president\/#breadcrumb","itemListElement":[{"@type":"ListItem","position":1,"name":"Home","item":"https:\/\/fjala.info\/2009-2015\/"},{"@type":"ListItem","position":2,"name":"MIRESEVJEN NANO \u201cPRESIDENT\u201d !"}]},{"@type":"WebSite","@id":"https:\/\/fjala.info\/2009-2015\/#website","url":"https:\/\/fjala.info\/2009-2015\/","name":"FjALA e LIR\u00cb - Arkivi","description":"Arkivi 2009-2015","publisher":{"@id":"https:\/\/fjala.info\/2009-2015\/#organization"},"potentialAction":[{"@type":"SearchAction","target":{"@type":"EntryPoint","urlTemplate":"https:\/\/fjala.info\/2009-2015\/?s={search_term_string}"},"query-input":{"@type":"PropertyValueSpecification","valueRequired":true,"valueName":"search_term_string"}}],"inLanguage":"sq-AL"},{"@type":"Organization","@id":"https:\/\/fjala.info\/2009-2015\/#organization","name":"FjALA e LIR\u00cb - Arkivi","url":"https:\/\/fjala.info\/2009-2015\/","logo":{"@type":"ImageObject","inLanguage":"sq-AL","@id":"https:\/\/fjala.info\/2009-2015\/#\/schema\/logo\/image\/","url":"","contentUrl":"","caption":"FjALA e LIR\u00cb - Arkivi"},"image":{"@id":"https:\/\/fjala.info\/2009-2015\/#\/schema\/logo\/image\/"}},{"@type":"Person","@id":"https:\/\/fjala.info\/2009-2015\/#\/schema\/person\/3aa1163ef05469c496fc94e77611ada2","name":"admin","image":{"@type":"ImageObject","inLanguage":"sq-AL","@id":"https:\/\/fjala.info\/2009-2015\/wp-content\/uploads\/2012\/02\/arben_cokaj-120x150.jpg","url":"https:\/\/fjala.info\/2009-2015\/wp-content\/uploads\/2012\/02\/arben_cokaj-120x150.jpg","contentUrl":"https:\/\/fjala.info\/2009-2015\/wp-content\/uploads\/2012\/02\/arben_cokaj-120x150.jpg","caption":"admin"},"description":"Admin, Fjala e Lir\u00eb","sameAs":["https:\/\/fjala.info\/"],"url":"https:\/\/fjala.info\/2009-2015\/author\/admin\/"}]}},"_links":{"self":[{"href":"https:\/\/fjala.info\/2009-2015\/wp-json\/wp\/v2\/posts\/650","targetHints":{"allow":["GET"]}}],"collection":[{"href":"https:\/\/fjala.info\/2009-2015\/wp-json\/wp\/v2\/posts"}],"about":[{"href":"https:\/\/fjala.info\/2009-2015\/wp-json\/wp\/v2\/types\/post"}],"author":[{"embeddable":true,"href":"https:\/\/fjala.info\/2009-2015\/wp-json\/wp\/v2\/users\/1"}],"replies":[{"embeddable":true,"href":"https:\/\/fjala.info\/2009-2015\/wp-json\/wp\/v2\/comments?post=650"}],"version-history":[{"count":0,"href":"https:\/\/fjala.info\/2009-2015\/wp-json\/wp\/v2\/posts\/650\/revisions"}],"wp:attachment":[{"href":"https:\/\/fjala.info\/2009-2015\/wp-json\/wp\/v2\/media?parent=650"}],"wp:term":[{"taxonomy":"category","embeddable":true,"href":"https:\/\/fjala.info\/2009-2015\/wp-json\/wp\/v2\/categories?post=650"},{"taxonomy":"post_tag","embeddable":true,"href":"https:\/\/fjala.info\/2009-2015\/wp-json\/wp\/v2\/tags?post=650"}],"curies":[{"name":"wp","href":"https:\/\/api.w.org\/{rel}","templated":true}]}}