{"id":636,"date":"2011-12-16T00:24:27","date_gmt":"2011-12-15T23:24:27","guid":{"rendered":"http:\/\/fjala.shkoder.net\/?p=636"},"modified":"2011-12-16T00:24:27","modified_gmt":"2011-12-15T23:24:27","slug":"endrra-te-realizuara-dhe-vetemashtrime-ne-ballkan","status":"publish","type":"post","link":"https:\/\/fjala.info\/2009-2015\/endrra-te-realizuara-dhe-vetemashtrime-ne-ballkan\/","title":{"rendered":"\u00cbndrra t\u00eb realizuara dhe vet\u00ebmashtrime n\u00eb Ballkan"},"content":{"rendered":"<p><img decoding=\"async\" class=\"alignleft size-thumbnail wp-image-7236\" title=\"Enver Robelli\" src=\"http:\/\/www.shkoder.net\/images\/fjala\/enver_robelli.jpg\" alt=\"\" width=\"150\" \/> Nga <strong>Enver Robelli<\/strong>, <em>16 Dhjetor 2011<\/em><\/p>\n<p>N\u00eb marshin drejt Brukselit shumica e vendeve t\u00eb Ballkanit ia kan\u00eb z\u00ebn\u00eb rrug\u00ebn vetvetes. Me gjith\u00eb kriz\u00ebn financiare, Bashkimi Evropian nuk do duhej t\u2019ia mbyllte der\u00ebn rajonit. Por, nj\u00ebkoh\u00ebsisht Brukseli dhe kryeqytetet me ndikim nuk duhet t\u00eb shkelin parimet e tyre<\/p>\n<p><strong>1. Vjedh\u00ebs t\u00eb deshve?<\/strong><\/p>\n<p>M\u00eb 28 qershor 2014 do t\u00eb mbushen 100 vjet nga atentati i Sarajev\u00ebs. Vrasja e pretendentit t\u00eb fronit austriak \u00e7oi n\u00eb Luft\u00ebn e Par\u00eb Bot\u00ebrore, n\u00eb humbje t\u00eb miliona jet\u00ebve dhe n\u00eb shkat\u00ebrrime masive. Ballkani, jo p\u00ebr her\u00eb t\u00eb par\u00eb n\u00eb histori, u shnd\u00ebrrua n\u00eb aren\u00eb t\u00eb ballafaqimit t\u00eb interesave t\u00eb Fuqive t\u00eb M\u00ebdha. Serbia, Mali i Zi, Rumania dhe Greqia mb\u00ebshtet\u00ebn Fuqit\u00eb e Entent\u00ebs (Franc\u00ebn dhe Britanin\u00eb e Madhe), nd\u00ebrsa n\u00eb an\u00ebn e Fuqive t\u00eb Boshtit (Austro-Hungaria, Gjermania) u vendos\u00ebn Perandoria Osmane n\u00eb shkat\u00ebrrim e sip\u00ebr dhe Bullgaria.<\/p>\n<p>Shqip\u00ebria ishte neutrale, mbase edhe p\u00ebr shkak se nuk ishte shtet i konsoliduar dhe drejtohej nga tarafet politike q\u00eb ndiqnin interesa t\u00eb ngushta. Mes viteve 1915-1918 Shqip\u00ebria u sulmua dhe pjes\u00ebrisht u pushtua nga Serbia, Mali i Zi, Austro-Hungaria, Italia, Greqia, Franca dhe Bullgaria. Vizatimi i kufijve t\u00eb rinj n\u00eb Ballkan, krijimi i shteteve t\u00eb reja, aplikimi parcial i s\u00eb drejt\u00ebs s\u00eb popujve p\u00ebr vet\u00ebvendosje p\u00ebrball\u00eb nd\u00ebrlikimeve etnike, fetare dhe gjuh\u00ebsore ishte, sipas historianit gjerman Edgar H\u00f6sch, \u201cnj\u00eb ankth i r\u00ebnd\u00eb i diplomacis\u00eb evropiane\u201d.<\/p>\n<p>N\u00eb k\u00ebto rrethana Ballkani u shnd\u00ebrrua n\u00eb lod\u00ebr t\u00eb Fuqive t\u00eb M\u00ebdha. Edhe ashtu respekt t\u00eb madh p\u00ebr popujt e Ballkanit nuk kishte. Disa vjet para luft\u00ebrave ballkanike dhe Luft\u00ebs s\u00eb Par\u00eb Bot\u00ebrore kancelari gjerman Otto von Bismarck i kishte quajtur popujt e rajonit me p\u00ebrbuzje \u201cvjedh\u00ebs t\u00eb deshve\u201d. Pothuaj e vet\u00ebkuptueshme q\u00eb t\u00eb till\u00ebt, pra vjedh\u00ebsit, sipas k\u00ebsaj logjike, nuk meritojn\u00eb as shtet, as p\u00ebrkrahje p\u00ebr t\u2019u zhvilluar.<\/p>\n<p>Nocionet \u201crrethana ballkanike\u201d ose \u201cballkanizim\u201d, t\u00eb etabluara n\u00eb fillim t\u00eb shekullit XX, u b\u00ebn\u00eb sinonim p\u00ebr nj\u00eb bot\u00eb arkaike, t\u00eb prapambetur, t\u00eb kurthuar n\u00eb hakmarrje e gjakmarrje fisesh dhe atentatesh politike. Kjo bot\u00eb dallohej me paternaliz\u00ebm, klienteliz\u00ebm, korrupsion, munges\u00eb t\u00eb rendit publik, keqp\u00ebrdorim t\u00eb pushtetit. Mbi t\u00eb gjitha mungonte nj\u00eb elit\u00eb modernizuese, e cila do t\u00eb kultivonte, me shembullin personal, kultur\u00ebn e pun\u00ebs, sinqeritetin n\u00eb angazhimin publik, vet\u00ebmohimin p\u00ebr interesat shoq\u00ebrore. K\u00ebshtu ishte perceptimi mbizot\u00ebrues p\u00ebr Ballkanin q\u00eb nga Kongresi i Berlinit e t\u00ebhu.<\/p>\n<p>E si \u00ebsht\u00eb sot? Udh\u00ebheq\u00ebsit politik\u00eb n\u00eb Ballkan mund t\u2019ia b\u00ebjn\u00eb qejfin vetes dhe t\u00eb b\u00ebrb\u00eblitin p\u00ebr integrime evropiane, p\u00ebr hapa historik\u00eb, p\u00ebr ardhm\u00ebrin\u00eb e sigurt n\u00eb Bashkimin Evropian, por realisht pjesa m\u00eb e madhe e (para)gjykimeve t\u00eb lartp\u00ebrmendura vazhdojn\u00eb t\u00eb jen\u00eb t\u00eb ngulitura n\u00eb koka diplomat\u00ebsh dhe politikan\u00ebsh n\u00eb Per\u00ebndim.<\/p>\n<p>Kjo arroganc\u00eb e kishte zem\u00ebruar aq shum\u00eb gazetarin gjerman Egon Erwin Kisch para nj\u00eb shekulli, saq\u00eb n\u00eb ditarin e tij, gjat\u00eb nj\u00eb udh\u00ebtimi n\u00eb Mal t\u00eb Zi, kishte shkruar: \u201cBallkani shikohet me p\u00ebrbuzje prej nj\u00eb Ballkani edhe m\u00eb t\u00eb tmerrsh\u00ebm, i cili quhet Evrop\u00eb\u201d. Klishet\u00eb tejet negative edhe sot kultivohen n\u00eb Per\u00ebndim, sidomos n\u00eb qarqe ksenofobe. K\u00ebshtu me gjas\u00eb synohet t\u00eb ritheksohet ep\u00ebrsia e civilizimit vetjak. Nga ana tjet\u00ebr: a nuk ju ngjajn\u00eb disa politikan\u00eb t\u00eb Ballkanit t\u00eb sot\u00ebm vjedh\u00ebsve t\u00eb deshve?<\/p>\n<p><strong>2. N\u00eb Selanik, me sebep<\/strong><\/p>\n<p>T\u00eb gjitha k\u00ebto fenomene, megjithat\u00eb, nuk duhet t\u00eb mjegullojn\u00eb pamjen ndaj s\u00eb kaluar\u00ebs s\u00eb af\u00ebrt dhe \u2013 \u00e7far\u00eb \u00ebsht\u00eb m\u00eb e r\u00ebnd\u00ebsishme \u2013 shikimin n\u00eb t\u00eb ardhmen. N\u00eb fillim t\u00eb shp\u00ebrb\u00ebrjes s\u00eb Jugosllavis\u00eb, Bashkimi Evropian nuk ka luajtur ndonj\u00eb rol vendimtar p\u00ebr shkak t\u00eb munges\u00ebs s\u00eb nj\u00eb politike t\u00eb p\u00ebrbashk\u00ebt t\u00eb jashtme dhe interesave t\u00eb ndryshme t\u00eb shteteve t\u00eb m\u00ebdha, si\u00e7 jan\u00eb Britania e Madhe, Franca dhe Gjermania.<\/p>\n<p>N\u00eb fakt diplomat\u00ebt evropian\u00eb e kan\u00eb n\u00ebn\u00e7muar potencialin shp\u00ebrthyes t\u00eb kriz\u00ebs jugosllave. Duke qen\u00eb projekt p\u00ebr sigurimin e paqes dhe zhvillimin e mir\u00ebqenies, BE-ja nuk ka qen\u00eb nj\u00eb koh\u00eb t\u00eb gjat\u00eb n\u00eb gjendje t\u00eb ballafaqohet me kriza. Shpesh ndalja e luft\u00ebs n\u00eb Maqedoni n\u00eb vitin 2001 p\u00ebrmendet nga diplomat\u00ebt entuziast\u00eb n\u00eb Bruksel si sukses i BE-s\u00eb. E v\u00ebrteta \u00ebsht\u00eb se BE-ja s\u2019do t\u00eb kishte arritur p\u00ebrparim pa p\u00ebrkrahjen e amerikan\u00ebve n\u00eb sfond; t\u00eb mos flasim k\u00ebtu p\u00ebr luft\u00ebrat n\u00eb Bosnj\u00eb (1992-1995) dhe Kosov\u00eb (1998-1999).<\/p>\n<p>Por, roli i BE-s\u00eb n\u00eb periudh\u00ebn e pasluft\u00ebs n\u00eb Ballkan ka qen\u00eb i madh. Pa k\u00ebt\u00eb angazhim Ballkani do t\u00eb ishte n\u00eb gjendje edhe m\u00eb t\u00eb keqe se \u00e7\u2019\u00ebsht\u00eb sot. BE-ja n\u00eb rajon nuk nd\u00ebrton vet\u00ebm shkolla e ura, nuk financon vet\u00ebm nd\u00ebrtime rrug\u00ebsh, por i v\u00eb bazat edhe p\u00ebr nj\u00eb zhvillim afatgjat\u00eb paq\u00ebsor. \u201cOborri me b\u00ebrllok i Evrop\u00ebs\u201d, si\u00e7 quhet ende me p\u00ebrbuzje Ballkani, \u00ebsht\u00eb pjes\u00eb e Evrop\u00ebs, sidomos gjeografikisht dhe pjes\u00ebrisht kulturalisht. Q\u00eb ky rajon mes Grazit austriak dhe Selanikut grek do t\u00eb b\u00ebhet edhe politikisht pjes\u00eb e Evrop\u00ebs s\u00eb bashkuar, k\u00ebt\u00eb premtim e kishin dh\u00ebn\u00eb kryeministrat dhe kryetar\u00ebt e vendeve an\u00ebtare t\u00eb BE-s\u00eb n\u00eb samitin e Selanikut n\u00eb vitin 2003.<\/p>\n<p>Ky premtim kishte shtuar shndritjen dhe fuqin\u00eb t\u00ebrheq\u00ebse t\u00eb BE-s\u00eb, e cila ende, me gjith\u00eb kriz\u00ebn, mbetet atraktive. Pas shum\u00eb vjet\u00ebve t\u00eb humbura n\u00eb luft\u00ebra jan\u00eb pjes\u00ebt d\u00ebrmuese t\u00eb shoq\u00ebrive p\u00ebrkat\u00ebse dhe jo elitat n\u00eb Ballkan q\u00eb e duan Evrop\u00ebn e bashkuar. Elitat veprojn\u00eb vet\u00ebm n\u00ebn presionin e shoq\u00ebrive. K\u00ebto shoq\u00ebri duan nj\u00eb ardhm\u00ebri m\u00eb t\u00eb mir\u00eb, s\u00eb paku p\u00ebr gjenerat\u00ebn e re, p\u00ebr f\u00ebmij\u00ebt, t\u00eb cil\u00ebt Evrop\u00ebn e njohin vet\u00ebm nga televizionet.<\/p>\n<p><strong>3. Nuk ka alternativ\u00eb!<\/strong><\/p>\n<p>A kan\u00eb vendet e Ballkanit nj\u00eb alternativ\u00eb karshi Bashkimit Evropian? Aktualisht jo. Dhe n\u00eb nj\u00eb t\u00eb ardhme afatmesme jo. Me vite t\u00eb t\u00ebra n\u00eb Serbi jo vet\u00ebm nacionalist\u00ebt kan\u00eb propaganduar nj\u00eb aleanc\u00eb pansllave me Rusin\u00eb. Tani jo vet\u00ebm serb\u00ebt, por gjith\u00eb opinioni demokratik bot\u00ebror \u00ebsht\u00eb d\u00ebshmitar i surratit t\u00eb urryer t\u00eb demokratur\u00ebs vot\u00ebpla\u00e7kit\u00ebse t\u00eb Vladimir Putinit.<\/p>\n<p>Mysliman\u00ebt e Bosnj\u00ebs dhe ndonj\u00eb politikan shqiptar viteve t\u00eb fundit kan\u00eb shfaqur disa simpati p\u00ebr fuqin\u00eb e re rajonale, Turqin\u00eb. P\u00ebrparimi ekonomik dhe ndikimi politik i Turqis\u00eb nuk mund t\u00eb injorohen, por si model ky vend nuk duket i p\u00ebrshtatsh\u00ebm. Nuk mund t\u00eb quhet demokratik nj\u00eb vend q\u00eb arreston gazetar\u00eb p\u00ebr shkak t\u00eb shkrimeve kritike. Nuk mund t\u00eb quhet demokratik nj\u00eb vend, ku vriten e shtypen pakica p\u00ebr shkak se k\u00ebrkojn\u00eb t\u00eb drejta themelore njer\u00ebzore. Nuk mund t\u00eb quhet demokratik nj\u00eb vend, i cili refuzon t\u00eb pranoj\u00eb si fakt historik gjenocidin ndaj armen\u00ebve. E k\u00ebshtu me radh\u00eb!<\/p>\n<p>Mbetet, pra, Evropa si alternativ\u00eb p\u00ebr vendet e Ballkanit. Sllovenia \u00ebsht\u00eb an\u00ebtare q\u00eb nga viti 2004, Kroacia e n\u00ebnshkroi jav\u00ebn e kaluar marr\u00ebveshjen p\u00ebr an\u00ebtar\u00ebsim. Ky hap historik u b\u00eb i mundsh\u00ebm pas reformave, t\u00eb cilat duken t\u00eb pakthyeshme. Pa agjend\u00ebn e an\u00ebtar\u00ebsimit n\u00eb BE Kroacia sot do t\u00eb ishte nj\u00eb vend n\u00eb dor\u00eb t\u00eb p\u00ebrfituesve t\u00eb luft\u00ebs. Serbia, nd\u00ebrkaq, jav\u00ebn e kaluar u refuzua but\u00ebsisht: ky vend nuk e mori statusin e kandidatit.<\/p>\n<p>Sidomos pokeri i Beogradit n\u00eb p\u00ebrpjekjet p\u00ebr kontroll t\u00eb veriut kosovar t\u00eb banuar kryesisht me serb\u00eb ka irrituar BE-n\u00eb. Befas presidenti Boris Tadiq, aq shum\u00eb i lavd\u00ebruar si proper\u00ebndimor, k\u00ebrkoi ndarjen e Kosov\u00ebs, k\u00ebrkoi madje edhe biseda me Shqip\u00ebrin\u00eb p\u00ebr krijimin e \u201cShqip\u00ebris\u00eb s\u00eb Madhe\u201d, me t\u00eb cil\u00ebn, si\u00e7 ka deklaruar Tadiq, Serbia do t\u00eb mund t\u00eb pajtohej.<\/p>\n<p>Q\u00ebllimi i Tadiqit ishte t\u2019i fus\u00eb edhe shqiptar\u00ebt n\u00eb loj\u00ebn e tij t\u00eb pokerit p\u00ebr \u201cprojekte t\u00eb m\u00ebdha\u201d n\u00eb Ballkan, ku do t\u00eb p\u00ebrfshihej edhe cop\u00ebtimi i Bosnj\u00ebs. Retorika e Tadiqit krijoi nj\u00eb klim\u00eb t\u00eb eg\u00ebr, n\u00eb t\u00eb cil\u00ebn politikan\u00eb t\u00eb nivelit t\u00eb lart\u00eb si ministri i Brendsh\u00ebm, Ivica Da\u00e7iq, e pan\u00eb t\u00eb udh\u00ebs t\u00eb k\u00ebrc\u00ebnohen me luft\u00ebra t\u00eb reja p\u00ebr \u201cKosov\u00eb e Metohi\u201d. Ngrefosje t\u00eb tilla si gjeli maje plehu nuk jan\u00eb t\u00eb p\u00ebrshtatshme p\u00ebr t\u00eb fituar simpati n\u00eb Bruksel. Megjithat\u00eb, BE-ja e ka l\u00ebn\u00eb der\u00ebn hapur p\u00ebr Serbin\u00eb: n\u00ebse deri n\u00eb mars Beogradi arrin t\u00eb krijoj\u00eb p\u00ebrshtypjen se \u201c\u00ebsht\u00eb arritur progres\u201d n\u00eb raport me Kosov\u00ebn, at\u00ebher\u00eb ka gjasa q\u00eb t\u00eb shp\u00ebrblehet me kandidatur\u00eb.<\/p>\n<p><strong>4. Agjenda 2020<\/strong><\/p>\n<p>N\u00eb rrug\u00ebtimin drejt BE-s\u00eb vendet e Ballkanit, jo vet\u00ebm Serbia, i q\u00ebndrojn\u00eb vetes n\u00eb rrug\u00eb. Serbia me politik\u00ebn e saj irracionale ndaj Kosov\u00ebs. Kjo e fundit me pap\u00ebrgjegj\u00ebsin\u00eb, paaft\u00ebsin\u00eb dhe gryk\u00ebsin\u00eb kolosale t\u00eb klas\u00ebs politike sunduese prapa vitheve t\u00eb kalit t\u00eb p\u00ebrmendores s\u00eb Sk\u00ebnderbeut n\u00eb Prishtin\u00eb, e cila nuk ka asnj\u00eb skrupull p\u00ebr t\u00eb vjedhur votat dhe t\u00eb mirat e vendit.<\/p>\n<p>K\u00ebtu edhe q\u00ebndron ngjashm\u00ebria e sistemit politik kosovar me at\u00eb rus: nuk \u00ebsht\u00eb diktatur\u00eb n\u00eb kuptimin historik t\u00eb fjal\u00ebs, por \u00ebsht\u00eb larg demokracis\u00eb, pra \u00ebsht\u00eb nj\u00eb lloj demokrature. Fataliteti i Kosov\u00ebs buron edhe nga mungesa e nj\u00eb alternative serioze politike. Opozita e sotme, me ndonj\u00eb p\u00ebrjashtim individual, \u00ebsht\u00eb m\u00eb shum\u00eb e fokusuar n\u00eb ruajtjen e privilegjeve t\u00eb arritura gjat\u00eb viteve t\u00eb fundit se sa n\u00eb angazhimin p\u00ebr modernizimin dhe demokratizimin e shoq\u00ebris\u00eb.<\/p>\n<p>Shqip\u00ebria vazhdon t\u00eb jet\u00eb peng i kampeve politike, t\u00eb cilat p\u00ebrlahen si lukuni dhe nuk mund t\u00eb pajtohen p\u00ebr gj\u00ebrat elementare q\u00eb do ta orientonin vendin drejt BE-s\u00eb. Maqedonia sillet v\u00ebrdall\u00eb jo vet\u00ebm p\u00ebr shkak t\u00eb bllokad\u00ebs skandaloze greke si pasoj\u00eb e konfliktit p\u00ebr em\u00ebr. N\u00ebn qeverisjen e nacionalist\u00ebve t\u00eb vegj\u00ebl dhe t\u00eb kompleksuar t\u00eb partis\u00eb kinse konservative VMRO ky vend me identitet labil prej vitesh p\u00ebrpiqet t\u2019ia suvatoj\u00eb vetes nj\u00eb t\u00eb kaluar antike. D\u00ebshmi p\u00ebr k\u00ebt\u00eb jan\u00eb gjith\u00eb ato em\u00ebrime dhe p\u00ebrmendore t\u00eb figurave antike. Bosnja mbetet peng i konfliktit t\u00eb pazgjidhsh\u00ebm mes tre popujve \u2013 boshnjak\u00ebve (mysliman\u00ebt), serb\u00ebve dhe kroat\u00ebve.<\/p>\n<p>Marr\u00ebveshja e Daytonit ka ndalur luft\u00ebn, por ajo \u00ebsht\u00eb e pap\u00ebrshtatshme p\u00ebr ta b\u00ebr\u00eb Bosnj\u00ebn shtet funksional, sepse \u00e7donj\u00ebr\u00ebs etni i ka dh\u00ebn\u00eb n\u00eb dor\u00eb instrumente bllokimi. K\u00ebto zakonisht p\u00ebrdoren p\u00ebr inat t\u00eb tjetrit dhe jo n\u00eb interes t\u00eb p\u00ebrgjithsh\u00ebm. Duket se n\u00eb rajon m\u00eb s\u00eb miri sa u p\u00ebrket integrimeve evropiane q\u00ebndron Mali i Zi. P\u00ebrpar\u00ebsia e tij \u00ebsht\u00eb gjeografia dhe numri i popullsis\u00eb: edhe n\u00eb k\u00ebt\u00eb gjendje t\u00eb kriz\u00ebs, BE-ja nuk e ka problem t\u2019i hap\u00eb rrug\u00ebn Malit t\u00eb Zi, nj\u00eb vendi t\u00eb madh sa landi i Schleswig-Holsteinit (Gjermani) apo sa Tiroli (Austri). Po ashtu imazhi i Malit t\u00eb Zi ka ndryshuar pozitivisht pas t\u00ebrheqjes formale nga pushteti t\u00eb Milo Gjukanovqit. E kaluara e tij nuk ishte assesi favorizuese p\u00ebr ambiciet evropiane t\u00eb Malit t\u00eb Zi.<\/p>\n<p>Shum\u00eb d\u00ebshtime e zhg\u00ebnjime, aty-k\u00ebtu ndonj\u00eb p\u00ebrparim: k\u00ebshtu prezantohet Ballkani n\u00eb dimrin e vitit 2011. \u00cbsht\u00eb me r\u00ebnd\u00ebsi q\u00eb BE-ja p\u00ebrkund\u00ebr lodhjes duke u zgjeruar t\u00eb mos heq dor\u00eb nga rajoni. Kontinenti do t\u00eb jet\u00eb stabil vet\u00ebm at\u00ebher\u00eb kur popujt e Evrop\u00ebs Juglindore n\u00eb periudh\u00ebn afatmesme do t\u00eb pranohen n\u00eb BE. Para kriz\u00ebs s\u00eb euros diplomat\u00ebt skiconin plane p\u00ebr an\u00ebtar\u00ebsimin e t\u00eb gjitha vendeve t\u00eb Ballkanit n\u00eb BE tamam n\u00eb 100-vjetorin e atentatit n\u00eb Sarajev\u00eb.<\/p>\n<p>Ky plan kohor u d\u00ebshmua si i larg\u00ebt me realitetin, mes tjerash edhe p\u00ebr shkak se shum\u00eb politikan\u00eb ballkanik\u00eb e kan\u00eb mashtruar veten dhe popujt e tyre me premtimin se BE-ja do t\u00eb mbyll\u00eb nj\u00ebrin sy dhe t\u00eb gjitha vendet do t\u2019i pranoj\u00eb, madje duke ua shtruar qilimin e kuq \u2013 p\u00ebrkund\u00ebr tri problemeve madhore t\u00eb rajonit, t\u00eb cilat fillojn\u00eb me shkronj\u00ebn \u201cK\u201d: korrupsion, kriminalitet dhe klienteliz\u00ebm. Megjithat\u00eb, nuk \u00ebsht\u00eb e ndaluar t\u00eb \u00ebnd\u00ebrrohet. Numri magjik tani \u00ebsht\u00eb 2020. Mendohet n\u00eb vitin 2020! At\u00eb vit n\u00eb Ballkan do t\u00eb sh\u00ebnohet nj\u00eb p\u00ebrvjetor aspak spektakular: 100-vjetori i lindjes s\u00eb Milan S\u00ebrdoqit, nj\u00ebrit prej aktor\u00ebve dhe komik\u00ebve m\u00eb t\u00eb njohur jugosllav\u00eb. N\u00eb Per\u00ebndim ai u b\u00eb i njohur me figur\u00ebn Old Wabble, t\u00eb cil\u00ebn e luante n\u00eb filmat me Winnetoun.<\/p>\n","protected":false},"excerpt":{"rendered":"<p>Nga Enver Robelli, 16 Dhjetor 2011 N\u00eb marshin drejt Brukselit shumica e vendeve t\u00eb Ballkanit ia kan\u00eb z\u00ebn\u00eb rrug\u00ebn vetvetes. Me gjith\u00eb kriz\u00ebn financiare, Bashkimi Evropian nuk do duhej t\u2019ia mbyllte der\u00ebn rajonit. Por, nj\u00ebkoh\u00ebsisht Brukseli dhe kryeqytetet me ndikim nuk duhet t\u00eb shkelin parimet e tyre 1. Vjedh\u00ebs t\u00eb deshve? M\u00eb 28 qershor 2014 [&hellip;]<\/p>\n","protected":false},"author":1,"featured_media":0,"comment_status":"open","ping_status":"closed","sticky":false,"template":"","format":"standard","meta":{"footnotes":""},"categories":[2],"tags":[],"class_list":{"0":"post-636","1":"post","2":"type-post","3":"status-publish","4":"format-standard","6":"category-artikuj"},"yoast_head":"<!-- This site is optimized with the Yoast SEO plugin v27.4 - https:\/\/yoast.com\/product\/yoast-seo-wordpress\/ -->\n<title>\u00cbndrra t\u00eb realizuara dhe vet\u00ebmashtrime n\u00eb Ballkan - FjALA e LIR\u00cb - Arkivi<\/title>\n<meta name=\"robots\" content=\"index, follow, max-snippet:-1, max-image-preview:large, max-video-preview:-1\" \/>\n<link rel=\"canonical\" href=\"https:\/\/fjala.info\/2009-2015\/endrra-te-realizuara-dhe-vetemashtrime-ne-ballkan\/\" \/>\n<meta property=\"og:locale\" content=\"sq_AL\" \/>\n<meta property=\"og:type\" content=\"article\" \/>\n<meta property=\"og:title\" content=\"\u00cbndrra t\u00eb realizuara dhe vet\u00ebmashtrime n\u00eb Ballkan - FjALA e LIR\u00cb - Arkivi\" \/>\n<meta property=\"og:description\" content=\"Nga Enver Robelli, 16 Dhjetor 2011 N\u00eb marshin drejt Brukselit shumica e vendeve t\u00eb Ballkanit ia kan\u00eb z\u00ebn\u00eb rrug\u00ebn vetvetes. Me gjith\u00eb kriz\u00ebn financiare, Bashkimi Evropian nuk do duhej t\u2019ia mbyllte der\u00ebn rajonit. Por, nj\u00ebkoh\u00ebsisht Brukseli dhe kryeqytetet me ndikim nuk duhet t\u00eb shkelin parimet e tyre 1. Vjedh\u00ebs t\u00eb deshve? M\u00eb 28 qershor 2014 [&hellip;]\" \/>\n<meta property=\"og:url\" content=\"https:\/\/fjala.info\/2009-2015\/endrra-te-realizuara-dhe-vetemashtrime-ne-ballkan\/\" \/>\n<meta property=\"og:site_name\" content=\"FjALA e LIR\u00cb - Arkivi\" \/>\n<meta property=\"article:published_time\" content=\"2011-12-15T23:24:27+00:00\" \/>\n<meta property=\"og:image\" content=\"http:\/\/www.shkoder.net\/images\/fjala\/enver_robelli.jpg\" \/>\n<meta name=\"author\" content=\"admin\" \/>\n<meta name=\"twitter:card\" content=\"summary_large_image\" \/>\n<meta name=\"twitter:label1\" content=\"Written by\" \/>\n\t<meta name=\"twitter:data1\" content=\"admin\" \/>\n\t<meta name=\"twitter:label2\" content=\"Est. reading time\" \/>\n\t<meta name=\"twitter:data2\" content=\"11 minutes\" \/>\n<script type=\"application\/ld+json\" class=\"yoast-schema-graph\">{\"@context\":\"https:\\\/\\\/schema.org\",\"@graph\":[{\"@type\":\"Article\",\"@id\":\"https:\\\/\\\/fjala.info\\\/2009-2015\\\/endrra-te-realizuara-dhe-vetemashtrime-ne-ballkan\\\/#article\",\"isPartOf\":{\"@id\":\"https:\\\/\\\/fjala.info\\\/2009-2015\\\/endrra-te-realizuara-dhe-vetemashtrime-ne-ballkan\\\/\"},\"author\":{\"name\":\"admin\",\"@id\":\"https:\\\/\\\/fjala.info\\\/2009-2015\\\/#\\\/schema\\\/person\\\/3aa1163ef05469c496fc94e77611ada2\"},\"headline\":\"\u00cbndrra t\u00eb realizuara dhe vet\u00ebmashtrime n\u00eb Ballkan\",\"datePublished\":\"2011-12-15T23:24:27+00:00\",\"mainEntityOfPage\":{\"@id\":\"https:\\\/\\\/fjala.info\\\/2009-2015\\\/endrra-te-realizuara-dhe-vetemashtrime-ne-ballkan\\\/\"},\"wordCount\":2169,\"commentCount\":0,\"publisher\":{\"@id\":\"https:\\\/\\\/fjala.info\\\/2009-2015\\\/#organization\"},\"image\":{\"@id\":\"https:\\\/\\\/fjala.info\\\/2009-2015\\\/endrra-te-realizuara-dhe-vetemashtrime-ne-ballkan\\\/#primaryimage\"},\"thumbnailUrl\":\"http:\\\/\\\/www.shkoder.net\\\/images\\\/fjala\\\/enver_robelli.jpg\",\"articleSection\":[\"Artikuj\"],\"inLanguage\":\"sq-AL\",\"potentialAction\":[{\"@type\":\"CommentAction\",\"name\":\"Comment\",\"target\":[\"https:\\\/\\\/fjala.info\\\/2009-2015\\\/endrra-te-realizuara-dhe-vetemashtrime-ne-ballkan\\\/#respond\"]}]},{\"@type\":\"WebPage\",\"@id\":\"https:\\\/\\\/fjala.info\\\/2009-2015\\\/endrra-te-realizuara-dhe-vetemashtrime-ne-ballkan\\\/\",\"url\":\"https:\\\/\\\/fjala.info\\\/2009-2015\\\/endrra-te-realizuara-dhe-vetemashtrime-ne-ballkan\\\/\",\"name\":\"\u00cbndrra t\u00eb realizuara dhe vet\u00ebmashtrime n\u00eb Ballkan - FjALA e LIR\u00cb - Arkivi\",\"isPartOf\":{\"@id\":\"https:\\\/\\\/fjala.info\\\/2009-2015\\\/#website\"},\"primaryImageOfPage\":{\"@id\":\"https:\\\/\\\/fjala.info\\\/2009-2015\\\/endrra-te-realizuara-dhe-vetemashtrime-ne-ballkan\\\/#primaryimage\"},\"image\":{\"@id\":\"https:\\\/\\\/fjala.info\\\/2009-2015\\\/endrra-te-realizuara-dhe-vetemashtrime-ne-ballkan\\\/#primaryimage\"},\"thumbnailUrl\":\"http:\\\/\\\/www.shkoder.net\\\/images\\\/fjala\\\/enver_robelli.jpg\",\"datePublished\":\"2011-12-15T23:24:27+00:00\",\"breadcrumb\":{\"@id\":\"https:\\\/\\\/fjala.info\\\/2009-2015\\\/endrra-te-realizuara-dhe-vetemashtrime-ne-ballkan\\\/#breadcrumb\"},\"inLanguage\":\"sq-AL\",\"potentialAction\":[{\"@type\":\"ReadAction\",\"target\":[\"https:\\\/\\\/fjala.info\\\/2009-2015\\\/endrra-te-realizuara-dhe-vetemashtrime-ne-ballkan\\\/\"]}]},{\"@type\":\"ImageObject\",\"inLanguage\":\"sq-AL\",\"@id\":\"https:\\\/\\\/fjala.info\\\/2009-2015\\\/endrra-te-realizuara-dhe-vetemashtrime-ne-ballkan\\\/#primaryimage\",\"url\":\"http:\\\/\\\/www.shkoder.net\\\/images\\\/fjala\\\/enver_robelli.jpg\",\"contentUrl\":\"http:\\\/\\\/www.shkoder.net\\\/images\\\/fjala\\\/enver_robelli.jpg\"},{\"@type\":\"BreadcrumbList\",\"@id\":\"https:\\\/\\\/fjala.info\\\/2009-2015\\\/endrra-te-realizuara-dhe-vetemashtrime-ne-ballkan\\\/#breadcrumb\",\"itemListElement\":[{\"@type\":\"ListItem\",\"position\":1,\"name\":\"Home\",\"item\":\"https:\\\/\\\/fjala.info\\\/2009-2015\\\/\"},{\"@type\":\"ListItem\",\"position\":2,\"name\":\"\u00cbndrra t\u00eb realizuara dhe vet\u00ebmashtrime n\u00eb Ballkan\"}]},{\"@type\":\"WebSite\",\"@id\":\"https:\\\/\\\/fjala.info\\\/2009-2015\\\/#website\",\"url\":\"https:\\\/\\\/fjala.info\\\/2009-2015\\\/\",\"name\":\"FjALA e LIR\u00cb - Arkivi\",\"description\":\"Arkivi 2009-2015\",\"publisher\":{\"@id\":\"https:\\\/\\\/fjala.info\\\/2009-2015\\\/#organization\"},\"potentialAction\":[{\"@type\":\"SearchAction\",\"target\":{\"@type\":\"EntryPoint\",\"urlTemplate\":\"https:\\\/\\\/fjala.info\\\/2009-2015\\\/?s={search_term_string}\"},\"query-input\":{\"@type\":\"PropertyValueSpecification\",\"valueRequired\":true,\"valueName\":\"search_term_string\"}}],\"inLanguage\":\"sq-AL\"},{\"@type\":\"Organization\",\"@id\":\"https:\\\/\\\/fjala.info\\\/2009-2015\\\/#organization\",\"name\":\"FjALA e LIR\u00cb - Arkivi\",\"url\":\"https:\\\/\\\/fjala.info\\\/2009-2015\\\/\",\"logo\":{\"@type\":\"ImageObject\",\"inLanguage\":\"sq-AL\",\"@id\":\"https:\\\/\\\/fjala.info\\\/2009-2015\\\/#\\\/schema\\\/logo\\\/image\\\/\",\"url\":\"\",\"contentUrl\":\"\",\"caption\":\"FjALA e LIR\u00cb - Arkivi\"},\"image\":{\"@id\":\"https:\\\/\\\/fjala.info\\\/2009-2015\\\/#\\\/schema\\\/logo\\\/image\\\/\"}},{\"@type\":\"Person\",\"@id\":\"https:\\\/\\\/fjala.info\\\/2009-2015\\\/#\\\/schema\\\/person\\\/3aa1163ef05469c496fc94e77611ada2\",\"name\":\"admin\",\"image\":{\"@type\":\"ImageObject\",\"inLanguage\":\"sq-AL\",\"@id\":\"https:\\\/\\\/fjala.info\\\/2009-2015\\\/wp-content\\\/uploads\\\/2012\\\/02\\\/arben_cokaj-120x150.jpg\",\"url\":\"https:\\\/\\\/fjala.info\\\/2009-2015\\\/wp-content\\\/uploads\\\/2012\\\/02\\\/arben_cokaj-120x150.jpg\",\"contentUrl\":\"https:\\\/\\\/fjala.info\\\/2009-2015\\\/wp-content\\\/uploads\\\/2012\\\/02\\\/arben_cokaj-120x150.jpg\",\"caption\":\"admin\"},\"description\":\"Admin, Fjala e Lir\u00eb\",\"sameAs\":[\"https:\\\/\\\/fjala.info\\\/\"],\"url\":\"https:\\\/\\\/fjala.info\\\/2009-2015\\\/author\\\/admin\\\/\"}]}<\/script>\n<!-- \/ Yoast SEO plugin. -->","yoast_head_json":{"title":"\u00cbndrra t\u00eb realizuara dhe vet\u00ebmashtrime n\u00eb Ballkan - FjALA e LIR\u00cb - Arkivi","robots":{"index":"index","follow":"follow","max-snippet":"max-snippet:-1","max-image-preview":"max-image-preview:large","max-video-preview":"max-video-preview:-1"},"canonical":"https:\/\/fjala.info\/2009-2015\/endrra-te-realizuara-dhe-vetemashtrime-ne-ballkan\/","og_locale":"sq_AL","og_type":"article","og_title":"\u00cbndrra t\u00eb realizuara dhe vet\u00ebmashtrime n\u00eb Ballkan - FjALA e LIR\u00cb - Arkivi","og_description":"Nga Enver Robelli, 16 Dhjetor 2011 N\u00eb marshin drejt Brukselit shumica e vendeve t\u00eb Ballkanit ia kan\u00eb z\u00ebn\u00eb rrug\u00ebn vetvetes. Me gjith\u00eb kriz\u00ebn financiare, Bashkimi Evropian nuk do duhej t\u2019ia mbyllte der\u00ebn rajonit. Por, nj\u00ebkoh\u00ebsisht Brukseli dhe kryeqytetet me ndikim nuk duhet t\u00eb shkelin parimet e tyre 1. Vjedh\u00ebs t\u00eb deshve? M\u00eb 28 qershor 2014 [&hellip;]","og_url":"https:\/\/fjala.info\/2009-2015\/endrra-te-realizuara-dhe-vetemashtrime-ne-ballkan\/","og_site_name":"FjALA e LIR\u00cb - Arkivi","article_published_time":"2011-12-15T23:24:27+00:00","og_image":[{"url":"http:\/\/www.shkoder.net\/images\/fjala\/enver_robelli.jpg","type":"","width":"","height":""}],"author":"admin","twitter_card":"summary_large_image","twitter_misc":{"Written by":"admin","Est. reading time":"11 minutes"},"schema":{"@context":"https:\/\/schema.org","@graph":[{"@type":"Article","@id":"https:\/\/fjala.info\/2009-2015\/endrra-te-realizuara-dhe-vetemashtrime-ne-ballkan\/#article","isPartOf":{"@id":"https:\/\/fjala.info\/2009-2015\/endrra-te-realizuara-dhe-vetemashtrime-ne-ballkan\/"},"author":{"name":"admin","@id":"https:\/\/fjala.info\/2009-2015\/#\/schema\/person\/3aa1163ef05469c496fc94e77611ada2"},"headline":"\u00cbndrra t\u00eb realizuara dhe vet\u00ebmashtrime n\u00eb Ballkan","datePublished":"2011-12-15T23:24:27+00:00","mainEntityOfPage":{"@id":"https:\/\/fjala.info\/2009-2015\/endrra-te-realizuara-dhe-vetemashtrime-ne-ballkan\/"},"wordCount":2169,"commentCount":0,"publisher":{"@id":"https:\/\/fjala.info\/2009-2015\/#organization"},"image":{"@id":"https:\/\/fjala.info\/2009-2015\/endrra-te-realizuara-dhe-vetemashtrime-ne-ballkan\/#primaryimage"},"thumbnailUrl":"http:\/\/www.shkoder.net\/images\/fjala\/enver_robelli.jpg","articleSection":["Artikuj"],"inLanguage":"sq-AL","potentialAction":[{"@type":"CommentAction","name":"Comment","target":["https:\/\/fjala.info\/2009-2015\/endrra-te-realizuara-dhe-vetemashtrime-ne-ballkan\/#respond"]}]},{"@type":"WebPage","@id":"https:\/\/fjala.info\/2009-2015\/endrra-te-realizuara-dhe-vetemashtrime-ne-ballkan\/","url":"https:\/\/fjala.info\/2009-2015\/endrra-te-realizuara-dhe-vetemashtrime-ne-ballkan\/","name":"\u00cbndrra t\u00eb realizuara dhe vet\u00ebmashtrime n\u00eb Ballkan - FjALA e LIR\u00cb - Arkivi","isPartOf":{"@id":"https:\/\/fjala.info\/2009-2015\/#website"},"primaryImageOfPage":{"@id":"https:\/\/fjala.info\/2009-2015\/endrra-te-realizuara-dhe-vetemashtrime-ne-ballkan\/#primaryimage"},"image":{"@id":"https:\/\/fjala.info\/2009-2015\/endrra-te-realizuara-dhe-vetemashtrime-ne-ballkan\/#primaryimage"},"thumbnailUrl":"http:\/\/www.shkoder.net\/images\/fjala\/enver_robelli.jpg","datePublished":"2011-12-15T23:24:27+00:00","breadcrumb":{"@id":"https:\/\/fjala.info\/2009-2015\/endrra-te-realizuara-dhe-vetemashtrime-ne-ballkan\/#breadcrumb"},"inLanguage":"sq-AL","potentialAction":[{"@type":"ReadAction","target":["https:\/\/fjala.info\/2009-2015\/endrra-te-realizuara-dhe-vetemashtrime-ne-ballkan\/"]}]},{"@type":"ImageObject","inLanguage":"sq-AL","@id":"https:\/\/fjala.info\/2009-2015\/endrra-te-realizuara-dhe-vetemashtrime-ne-ballkan\/#primaryimage","url":"http:\/\/www.shkoder.net\/images\/fjala\/enver_robelli.jpg","contentUrl":"http:\/\/www.shkoder.net\/images\/fjala\/enver_robelli.jpg"},{"@type":"BreadcrumbList","@id":"https:\/\/fjala.info\/2009-2015\/endrra-te-realizuara-dhe-vetemashtrime-ne-ballkan\/#breadcrumb","itemListElement":[{"@type":"ListItem","position":1,"name":"Home","item":"https:\/\/fjala.info\/2009-2015\/"},{"@type":"ListItem","position":2,"name":"\u00cbndrra t\u00eb realizuara dhe vet\u00ebmashtrime n\u00eb Ballkan"}]},{"@type":"WebSite","@id":"https:\/\/fjala.info\/2009-2015\/#website","url":"https:\/\/fjala.info\/2009-2015\/","name":"FjALA e LIR\u00cb - Arkivi","description":"Arkivi 2009-2015","publisher":{"@id":"https:\/\/fjala.info\/2009-2015\/#organization"},"potentialAction":[{"@type":"SearchAction","target":{"@type":"EntryPoint","urlTemplate":"https:\/\/fjala.info\/2009-2015\/?s={search_term_string}"},"query-input":{"@type":"PropertyValueSpecification","valueRequired":true,"valueName":"search_term_string"}}],"inLanguage":"sq-AL"},{"@type":"Organization","@id":"https:\/\/fjala.info\/2009-2015\/#organization","name":"FjALA e LIR\u00cb - Arkivi","url":"https:\/\/fjala.info\/2009-2015\/","logo":{"@type":"ImageObject","inLanguage":"sq-AL","@id":"https:\/\/fjala.info\/2009-2015\/#\/schema\/logo\/image\/","url":"","contentUrl":"","caption":"FjALA e LIR\u00cb - Arkivi"},"image":{"@id":"https:\/\/fjala.info\/2009-2015\/#\/schema\/logo\/image\/"}},{"@type":"Person","@id":"https:\/\/fjala.info\/2009-2015\/#\/schema\/person\/3aa1163ef05469c496fc94e77611ada2","name":"admin","image":{"@type":"ImageObject","inLanguage":"sq-AL","@id":"https:\/\/fjala.info\/2009-2015\/wp-content\/uploads\/2012\/02\/arben_cokaj-120x150.jpg","url":"https:\/\/fjala.info\/2009-2015\/wp-content\/uploads\/2012\/02\/arben_cokaj-120x150.jpg","contentUrl":"https:\/\/fjala.info\/2009-2015\/wp-content\/uploads\/2012\/02\/arben_cokaj-120x150.jpg","caption":"admin"},"description":"Admin, Fjala e Lir\u00eb","sameAs":["https:\/\/fjala.info\/"],"url":"https:\/\/fjala.info\/2009-2015\/author\/admin\/"}]}},"_links":{"self":[{"href":"https:\/\/fjala.info\/2009-2015\/wp-json\/wp\/v2\/posts\/636","targetHints":{"allow":["GET"]}}],"collection":[{"href":"https:\/\/fjala.info\/2009-2015\/wp-json\/wp\/v2\/posts"}],"about":[{"href":"https:\/\/fjala.info\/2009-2015\/wp-json\/wp\/v2\/types\/post"}],"author":[{"embeddable":true,"href":"https:\/\/fjala.info\/2009-2015\/wp-json\/wp\/v2\/users\/1"}],"replies":[{"embeddable":true,"href":"https:\/\/fjala.info\/2009-2015\/wp-json\/wp\/v2\/comments?post=636"}],"version-history":[{"count":0,"href":"https:\/\/fjala.info\/2009-2015\/wp-json\/wp\/v2\/posts\/636\/revisions"}],"wp:attachment":[{"href":"https:\/\/fjala.info\/2009-2015\/wp-json\/wp\/v2\/media?parent=636"}],"wp:term":[{"taxonomy":"category","embeddable":true,"href":"https:\/\/fjala.info\/2009-2015\/wp-json\/wp\/v2\/categories?post=636"},{"taxonomy":"post_tag","embeddable":true,"href":"https:\/\/fjala.info\/2009-2015\/wp-json\/wp\/v2\/tags?post=636"}],"curies":[{"name":"wp","href":"https:\/\/api.w.org\/{rel}","templated":true}]}}