{"id":634,"date":"2011-12-16T00:22:29","date_gmt":"2011-12-15T23:22:29","guid":{"rendered":"http:\/\/fjala.shkoder.net\/?p=634"},"modified":"2011-12-16T00:22:29","modified_gmt":"2011-12-15T23:22:29","slug":"revolucioni-po-vjen","status":"publish","type":"post","link":"https:\/\/fjala.info\/2009-2015\/revolucioni-po-vjen\/","title":{"rendered":"\u201cRevolucioni po vjen\u201d"},"content":{"rendered":"<p><img decoding=\"async\" class=\"alignright size-thumbnail wp-image-7236\" title=\"Adem Harxhi\" src=\"http:\/\/www.shkoder.net\/images\/fjala\/2011\/adem_harxhi.jpg\" alt=\"\" width=\"300\" \/> Nga <strong>Adem Harxhi<\/strong><\/p>\n<p>Dit\u00ebn kur revista \u201cTIME\u201d shpalli \u201cProtestuesin\u201d si personazhin e vitit 2011, pyeta nj\u00eb studente t\u00eb Universitetit t\u00eb New York-ut, p\u00ebr t\u00eb m\u00eb shpjeguar di\u00e7ka m\u00eb shum\u00eb p\u00ebr protest\u00ebn \u201cOcupy Wall Street\u201d. Ajo dhe shum\u00eb shok\u00eb e profesor\u00eb t\u00eb saj e p\u00ebrkrahin k\u00ebt\u00eb protest\u00eb, sepse, si\u00e7 m\u00eb tha ajo, k\u00ebrkesa e protest\u00ebs \u00ebsht\u00eb t\u00eb vendos\u00eb drejt\u00ebsin\u00eb sociale q\u00eb mungon. Madje, m\u00eb tha ajo, nj\u00eb profesori i tyre e kishte cil\u00ebsuar protest\u00ebn \u201cOcupy Wall Street\u201d si \u201cRevolucioni po Vjen\u201d.<\/p>\n<p>Shpjegimet e saj m\u2019u duk\u00ebn me interes, ndaj i p\u00ebrmblodha p\u00ebr t\u2019i ndar\u00eb me ju.<\/p>\n<p>N\u00eb t\u00eb gjith\u00eb bot\u00ebn, kombet dhe njer\u00ebzit po zgjohen. Ata k\u00ebrkojn\u00eb q\u00eb qeverit\u00eb t\u2019i d\u00ebgjojn\u00eb k\u00ebrkesat e tyre, t\u00eb njohin dhimbjet e tyre dhe t\u00eb zgjidhin problemet e tyre. Ky shp\u00ebrthim popullor nuk \u00ebsht\u00eb vet\u00ebm p\u00ebr ushqimin, p\u00ebr vler\u00ebn e shkollimit dhe p\u00ebr \u00e7mimet e banimit, ai \u00ebsht\u00eb m\u00eb shum\u00eb nj\u00eb k\u00ebrkes\u00eb e fort\u00eb p\u00ebr drejt\u00ebsi sociale. N\u00eb dit\u00ebt q\u00eb jetojm\u00eb, padrejt\u00ebsia sociale ka arritur kulmin. Mjafton t\u00eb themi se nj\u00eb p\u00ebrqindje fare e vog\u00ebl e popullsis\u00eb zot\u00ebron n\u00ebnt\u00ebdhjet\u00eb e n\u00ebnt\u00eb p\u00ebr qind t\u00eb pasurive komb\u00ebtare. Ja pse mij\u00ebra djem e vajza marshuan s\u00eb fundmi drejt Wall Street-it dhe bllokuan t\u00eb gjitha hyrjet p\u00ebr n\u00eb New York Stock Exchenge. Protesta \u201cOcupy Wall Street\u201d \u00ebsht\u00eb luft\u00eb p\u00ebr drejt\u00ebsi sociale.<\/p>\n<p>Drejt\u00ebsia sociale, kudo n\u00eb bot\u00eb, ka mbetur akoma nj\u00eb d\u00ebshir\u00eb iluzore. Kur kaq shum\u00eb sektor\u00eb t\u00eb shoq\u00ebris\u00eb jan\u00eb prekur nga inflacioni, nga papun\u00ebsia dhe rritja e kostos s\u00eb edukimit, t\u00eb drejtat e nj\u00eb personi, jan\u00eb b\u00ebr\u00eb padrejt\u00ebsi p\u00ebr nj\u00eb person tjet\u00ebr. Duket sikur \u00e7do zgjidhje q\u00eb \u00ebsht\u00eb b\u00ebr\u00eb e b\u00ebhet, synon t\u00eb p\u00ebrjet\u00ebsoj\u00eb padrejt\u00ebsin\u00eb sociale. Kjo padyshim, shkakton deziluzionim t\u00eb p\u00ebrgjithsh\u00ebm, q\u00eb patjet\u00ebr do t\u00eb \u00e7oj\u00eb n\u00eb demonstrata, n\u00eb violenc\u00eb dhe mosreshtje civile.<\/p>\n<p>Nd\u00ebrkaq, zgjidhja e k\u00ebrkes\u00ebs p\u00ebr drejt\u00ebsi sociale duhet t\u00eb p\u00ebrfshij\u00eb t\u00eb gjitha shtresat sociale, pa p\u00ebrjashtuar asnj\u00eb. \u201cPranvera e Kombeve\u201d e 2011-s, provoi se bota ka ndryshuar rr\u00ebnj\u00ebsisht. Njer\u00ebzimi \u00ebsht\u00eb b\u00ebr\u00eb nj\u00eb entitet i vet\u00ebm global dhe si i till\u00eb, ai k\u00ebrkon q\u00eb t\u00eb njihet \u00e7do pjes\u00eb e tij, t\u00eb njihet se kombet dhe individ\u00ebt jan\u00eb nj\u00ebsoj t\u00eb vlefsh\u00ebm n\u00eb t\u00eb drejtat e tyre. Kombet nuk e lejojn\u00eb m\u00eb okupimin dhe popujt nuk e tolerojn\u00eb m\u00eb shtypjen ose padrejt\u00ebsin\u00eb sociale.<\/p>\n<p>Le ta krahasojm\u00eb njer\u00ebzimin me trupin e njeriut, t\u00eb p\u00ebrb\u00ebr\u00eb nga disa organe me funksione t\u00eb ndryshme. Asnj\u00eb organ nuk \u00ebsht\u00eb i tep\u00ebrt. \u00c7do organ kontribuon me \u00e7far\u00eb i duhet trupit dhe merr prej trupit gjith\u00e7ka q\u00eb i duhet atij.<\/p>\n<p>N\u00eb t\u00eb nj\u00ebjt\u00ebn m\u00ebnyr\u00eb, zgjidhja e shqet\u00ebsimeve n\u00eb t\u00eb gjitha vendet duhet t\u00eb p\u00ebrfshij\u00eb t\u00eb gjitha pjes\u00ebt e shoq\u00ebris\u00eb dhe t\u00eb arrihet p\u00ebrgjegj\u00ebsia reciproke. N\u00eb t\u00eb gjitha negociatat e zyrtar\u00ebve dhe qeveritar\u00ebve me protestuesit duhet t\u00eb zot\u00ebroj\u00eb \u201cbashk\u00ebbisedimi i men\u00e7ur\u201d. Negociatat duhet t\u00eb bazohen n\u00eb premis\u00ebn q\u00eb k\u00ebrkesat e t\u00eb gjitha pjes\u00ebve t\u00eb shoq\u00ebris\u00eb t\u00eb konsiderohen t\u00eb barabarta dhe ndaj tyre t\u00eb sillemi me respekt. \u00c7do pjes\u00eb e shoq\u00ebris\u00eb duhet t\u2019i shikoj\u00eb k\u00ebrkesat e pjes\u00ebs tjet\u00ebr me kujdes dhe mir\u00eb.<\/p>\n<p>N\u00eb k\u00ebto bisedime nuk duhet t\u00eb ket\u00eb \u201cdjem t\u00eb mir\u00eb dhe \u201cdjem t\u00eb k\u00ebqij\u201d. Duhet kuptuar se populli \u00ebsht\u00eb nj\u00eb, por jan\u00eb hallet q\u00eb i ndajn\u00eb nga nj\u00ebri-tjetri. P\u00ebr k\u00ebt\u00eb arsye, t\u00eb gjith\u00eb duhet t\u00eb p\u00ebrpiqen q\u00eb t\u00eb arrijn\u00eb zgjidhjet e pranueshme dhe dinjitoze p\u00ebr gjithk\u00ebnd. Tani \u00ebsht\u00eb koha q\u00eb t\u00eb harrohet plot\u00ebsimi i interesave individuale t\u00eb disave, por t\u00eb plot\u00ebsohen interesat e p\u00ebrbashk\u00ebta. \u00cbsht\u00eb koha q\u00eb t\u00eb ndjehet p\u00ebrgjegj\u00ebsi reciproke. T\u00eb pasurit duhet t\u00eb mendojn\u00eb si t\u2019i ndihmojn\u00eb t\u00eb varfrit dhe t\u00eb varfrit duhet t\u00eb shikojn\u00eb si t\u00eb punojn\u00eb bashk\u00eb me t\u00eb pasurit p\u00ebr p\u00ebrfitim t\u00eb t\u00eb gjith\u00ebve. Ky koncept duhet t\u00eb futet n\u00eb praktik\u00ebn e gjith\u00eb shoq\u00ebris\u00eb.<\/p>\n<p>P\u00ebrfytyroni nj\u00eb familje t\u00eb madhe dhe n\u00eb harmoni. Gjithkush n\u00eb familje ka nevojat e tij. Gjyshi k\u00ebrkon ila\u00e7et, babait i duhet nj\u00eb kostum q\u00eb t\u00eb shkoj\u00eb n\u00eb pun\u00eb. N\u00ebna ka k\u00ebrkesat e saj p\u00ebr kozmetik\u00ebt dhe v\u00ebllai i madh n\u00eb vjesht\u00eb do t\u00eb filloj\u00eb universitetin. Kjo familje u mblodh e gjitha bashk\u00eb, si n\u00eb mbr\u00ebmjen e vitit t\u00eb ri, por pa gjeldeti. Ata bisedojn\u00eb p\u00ebr t\u00eb ardhurat e tyre, diskutojn\u00eb p\u00ebr prioritetet, ndajn\u00eb nevojat, grinden pak dhe qeshin shum\u00eb. Dhe m\u00eb n\u00eb fund ata din\u00eb \u00e7far\u00eb \u00ebsht\u00eb e domosdoshme dhe \u00e7far\u00eb jo. Ata din\u00eb kush do t\u00eb marr\u00eb at\u00eb q\u00eb i duhet tani dhe kush do ta marr\u00eb m\u00eb von\u00eb. Por p\u00ebr sa koh\u00eb ata t\u00eb gjith\u00eb jan\u00eb bashk\u00eb si nj\u00eb unitet, ata t\u00eb gjith\u00eb bien dakord t\u00eb presin, sepse para s\u00eb gjithash, ata jan\u00eb nj\u00eb familje.<\/p>\n<p>N\u00eb k\u00ebt\u00eb kuptim, sot, globalizmi dhe rritja e nivelit t\u00eb nd\u00ebrvarjes reciproke, e kan\u00eb kthyer njer\u00ebzimin n\u00eb nj\u00eb familje gjigante dhe njer\u00ebzit duhet t\u00eb m\u00ebsojm\u00eb t\u00eb bashk\u00ebpunojn\u00eb n\u00eb k\u00ebt\u00eb m\u00ebnyr\u00eb. T\u00eb gjith\u00eb duhet t\u00eb mendojn\u00eb sesi t\u00eb jen\u00eb pjes\u00eb e k\u00ebsaj familjes s\u00eb madhe, q\u00eb \u00ebsht\u00eb gjithnj\u00eb m\u00eb mir\u00eb se t\u00eb jen\u00eb t\u00eb ve\u00e7uar, natyrisht, kur familja vepron v\u00ebrtet si nj\u00eb unitet i gjall\u00eb e i sh\u00ebndetsh\u00ebm.<\/p>\n<p>Qeverit\u00eb n\u00eb t\u00eb gjitha vendet, p\u00ebrpiqen t\u00eb rritin deficitin dhe borxhet. Ato nuk kan\u00eb shum\u00eb resurse p\u00ebr t\u2019u v\u00ebrtitur. Por, pa asnj\u00eb dyshim, ka aq resurse sa t\u00eb gjith\u00eb t\u00eb b\u00ebjn\u00eb nj\u00eb jet\u00eb t\u00eb respektuar. Q\u00eb t\u00eb arrihet kjo, duhet t\u00eb njihen nevojat e nj\u00ebri-tjetrit. Vet\u00ebm k\u00ebshtu \u201cfamilja e madhe\u201d do t\u00eb b\u00ebhet m\u00ebnyra m\u00eb e mir\u00eb p\u00ebr t\u00eb arritur drejt\u00ebsin\u00eb sociale.<\/p>\n<p>Dihet se jo t\u00eb gjitha k\u00ebrkesat do t\u00eb arrihen menj\u00ebher\u00eb. Por po t\u00eb diskutohen nevojat hapur, t\u00eb bashkohen forcat dhe t\u00eb punohet p\u00ebr t\u00eb zgjidhur t\u00eb gjitha problemet, shoq\u00ebria do t\u00eb jet\u00eb e aft\u00eb t\u00eb vendos\u00eb se cili problem \u00ebsht\u00eb m\u00eb urgjent dhe cilin duhet ta lej\u00eb p\u00ebr m\u00eb von\u00eb. Ideja nuk \u00ebsht\u00eb t\u00eb shkat\u00ebrrohet sistemi, por t\u00eb axhustohet ai. Vet\u00ebm k\u00ebshtu, ai i jep popullit at\u00eb q\u00eb duhet dhe nuk do t\u2019u jap\u00eb grupeve t\u00eb caktuara q\u00eb ushtrojn\u00eb presion, at\u00eb q\u00eb ata duan.<\/p>\n<p>Kujdesi duhet t\u00eb filloj\u00eb p\u00ebr familjen. Duhet t\u00eb jemi shembull praktik p\u00ebr t\u00eb treguar se e kuptojm\u00eb konceptin e p\u00ebrgjegj\u00ebsis\u00eb reciproke n\u00eb familje. Pas familjes vjen kujdesi p\u00ebr komunitetet lokale, p\u00ebr vendin dhe p\u00ebr gjith\u00eb bot\u00ebn.<\/p>\n<p>Thuhet se Mbreti Arthur kishte nj\u00eb tavolin\u00eb t\u00eb rrumbullak\u00ebt, n\u00eb t\u00eb cil\u00ebn ai dhe luft\u00ebtar\u00ebt e tij mblidheshin. Ashtu si\u00e7 e tregon edhe emri, tavolina nuk kishte krye, p\u00ebr t\u00eb treguar se gjithkush q\u00eb ulet n\u00eb at\u00eb tavolin\u00eb kishte status t\u00eb barabart\u00eb. N\u00eb t\u00eb nj\u00ebjt\u00ebn m\u00ebnyr\u00eb, shteti dhe qytetar\u00ebt e tij duhet t\u00eb kuptojn\u00eb se m\u00ebnyra p\u00ebr t\u00eb zgjidhur problemet sociale, \u00ebsht\u00eb t\u00eb diskutohen problemet e t\u00eb gjith\u00ebve, n\u00eb koh\u00ebn kur t\u00eb gjith\u00eb ulen s\u00eb bashku n\u00eb nj\u00eb tavolin\u00eb t\u00eb rrumbullak\u00ebt (metaforikisht, n\u00eb qoft\u00eb se jo fizikisht).<\/p>\n<p>Duhet kuptuar se t\u00eb gjith\u00eb jan\u00eb reciprokisht t\u00eb p\u00ebrgjegjsh\u00ebm p\u00ebr nj\u00ebri-tjetrin dhe se jan\u00eb t\u00eb nd\u00ebrvarur nga nj\u00ebri-tjetri si n\u00eb nj\u00eb familje. Problemet q\u00eb jan\u00eb kudo, n\u00eb \u00e7do cep t\u00eb vendit, nuk jan\u00eb shkaqet, ato jan\u00eb vet\u00ebm shenjat e problemit t\u00eb v\u00ebrtet\u00eb. Shkaqet e problemit jan\u00eb mungesa e solidaritetit, mungesa e kujdesit dhe mungesa e p\u00ebrgjegj\u00ebsis\u00eb reciproke p\u00ebr nj\u00ebri-tjetrin.<\/p>\n<p>\u00cbsht\u00eb me r\u00ebnd\u00ebsi t\u00eb madhe q\u00eb t\u00eb gjith\u00eb t\u00eb ulen n\u00eb nj\u00eb tavolin\u00eb t\u00eb rrumbullak\u00ebt dhe t\u00eb zgjidhin problemet nj\u00eb nga nj\u00eb. Kur ta ken\u00eb b\u00ebr\u00eb k\u00ebt\u00eb, gradualisht, do t\u00eb nd\u00ebrtojn\u00eb nj\u00eb komunitet dhe shoq\u00ebri q\u00eb qeveriset me p\u00ebrgjegj\u00ebsi reciproke. Sapo t\u00eb arrihet p\u00ebrgjegj\u00ebsia reciproke, v\u00ebshtir\u00ebsit\u00eb financiare brenda s\u00eb cil\u00ebs shoq\u00ebrit\u00eb jan\u00eb tani, do t\u00eb p\u00ebrmir\u00ebsohen ngadal\u00eb dhe do t\u00eb arrihet drejt\u00ebsia sociale.<\/p>\n<p><em>New York, 14 N\u00ebntor 2011<\/em><\/p>\n","protected":false},"excerpt":{"rendered":"<p>Nga Adem Harxhi Dit\u00ebn kur revista \u201cTIME\u201d shpalli \u201cProtestuesin\u201d si personazhin e vitit 2011, pyeta nj\u00eb studente t\u00eb Universitetit t\u00eb New York-ut, p\u00ebr t\u00eb m\u00eb shpjeguar di\u00e7ka m\u00eb shum\u00eb p\u00ebr protest\u00ebn \u201cOcupy Wall Street\u201d. Ajo dhe shum\u00eb shok\u00eb e profesor\u00eb t\u00eb saj e p\u00ebrkrahin k\u00ebt\u00eb protest\u00eb, sepse, si\u00e7 m\u00eb tha ajo, k\u00ebrkesa e protest\u00ebs \u00ebsht\u00eb [&hellip;]<\/p>\n","protected":false},"author":1,"featured_media":0,"comment_status":"open","ping_status":"closed","sticky":false,"template":"","format":"standard","meta":{"footnotes":""},"categories":[2],"tags":[],"class_list":{"0":"post-634","1":"post","2":"type-post","3":"status-publish","4":"format-standard","6":"category-artikuj"},"yoast_head":"<!-- This site is optimized with the Yoast SEO plugin v27.4 - https:\/\/yoast.com\/product\/yoast-seo-wordpress\/ -->\n<title>\u201cRevolucioni po vjen\u201d - FjALA e LIR\u00cb - Arkivi<\/title>\n<meta name=\"robots\" content=\"index, follow, max-snippet:-1, max-image-preview:large, max-video-preview:-1\" \/>\n<link rel=\"canonical\" href=\"https:\/\/fjala.info\/2009-2015\/revolucioni-po-vjen\/\" \/>\n<meta property=\"og:locale\" content=\"sq_AL\" \/>\n<meta property=\"og:type\" content=\"article\" \/>\n<meta property=\"og:title\" content=\"\u201cRevolucioni po vjen\u201d - FjALA e LIR\u00cb - Arkivi\" \/>\n<meta property=\"og:description\" content=\"Nga Adem Harxhi Dit\u00ebn kur revista \u201cTIME\u201d shpalli \u201cProtestuesin\u201d si personazhin e vitit 2011, pyeta nj\u00eb studente t\u00eb Universitetit t\u00eb New York-ut, p\u00ebr t\u00eb m\u00eb shpjeguar di\u00e7ka m\u00eb shum\u00eb p\u00ebr protest\u00ebn \u201cOcupy Wall Street\u201d. Ajo dhe shum\u00eb shok\u00eb e profesor\u00eb t\u00eb saj e p\u00ebrkrahin k\u00ebt\u00eb protest\u00eb, sepse, si\u00e7 m\u00eb tha ajo, k\u00ebrkesa e protest\u00ebs \u00ebsht\u00eb [&hellip;]\" \/>\n<meta property=\"og:url\" content=\"https:\/\/fjala.info\/2009-2015\/revolucioni-po-vjen\/\" \/>\n<meta property=\"og:site_name\" content=\"FjALA e LIR\u00cb - Arkivi\" \/>\n<meta property=\"article:published_time\" content=\"2011-12-15T23:22:29+00:00\" \/>\n<meta property=\"og:image\" content=\"http:\/\/www.shkoder.net\/images\/fjala\/2011\/adem_harxhi.jpg\" \/>\n<meta name=\"author\" content=\"admin\" \/>\n<meta name=\"twitter:card\" content=\"summary_large_image\" \/>\n<meta name=\"twitter:label1\" content=\"Written by\" \/>\n\t<meta name=\"twitter:data1\" content=\"admin\" \/>\n\t<meta name=\"twitter:label2\" content=\"Est. reading time\" \/>\n\t<meta name=\"twitter:data2\" content=\"7 minutes\" \/>\n<script type=\"application\/ld+json\" class=\"yoast-schema-graph\">{\"@context\":\"https:\\\/\\\/schema.org\",\"@graph\":[{\"@type\":\"Article\",\"@id\":\"https:\\\/\\\/fjala.info\\\/2009-2015\\\/revolucioni-po-vjen\\\/#article\",\"isPartOf\":{\"@id\":\"https:\\\/\\\/fjala.info\\\/2009-2015\\\/revolucioni-po-vjen\\\/\"},\"author\":{\"name\":\"admin\",\"@id\":\"https:\\\/\\\/fjala.info\\\/2009-2015\\\/#\\\/schema\\\/person\\\/3aa1163ef05469c496fc94e77611ada2\"},\"headline\":\"\u201cRevolucioni po vjen\u201d\",\"datePublished\":\"2011-12-15T23:22:29+00:00\",\"mainEntityOfPage\":{\"@id\":\"https:\\\/\\\/fjala.info\\\/2009-2015\\\/revolucioni-po-vjen\\\/\"},\"wordCount\":1421,\"commentCount\":0,\"publisher\":{\"@id\":\"https:\\\/\\\/fjala.info\\\/2009-2015\\\/#organization\"},\"image\":{\"@id\":\"https:\\\/\\\/fjala.info\\\/2009-2015\\\/revolucioni-po-vjen\\\/#primaryimage\"},\"thumbnailUrl\":\"http:\\\/\\\/www.shkoder.net\\\/images\\\/fjala\\\/2011\\\/adem_harxhi.jpg\",\"articleSection\":[\"Artikuj\"],\"inLanguage\":\"sq-AL\",\"potentialAction\":[{\"@type\":\"CommentAction\",\"name\":\"Comment\",\"target\":[\"https:\\\/\\\/fjala.info\\\/2009-2015\\\/revolucioni-po-vjen\\\/#respond\"]}]},{\"@type\":\"WebPage\",\"@id\":\"https:\\\/\\\/fjala.info\\\/2009-2015\\\/revolucioni-po-vjen\\\/\",\"url\":\"https:\\\/\\\/fjala.info\\\/2009-2015\\\/revolucioni-po-vjen\\\/\",\"name\":\"\u201cRevolucioni po vjen\u201d - FjALA e LIR\u00cb - Arkivi\",\"isPartOf\":{\"@id\":\"https:\\\/\\\/fjala.info\\\/2009-2015\\\/#website\"},\"primaryImageOfPage\":{\"@id\":\"https:\\\/\\\/fjala.info\\\/2009-2015\\\/revolucioni-po-vjen\\\/#primaryimage\"},\"image\":{\"@id\":\"https:\\\/\\\/fjala.info\\\/2009-2015\\\/revolucioni-po-vjen\\\/#primaryimage\"},\"thumbnailUrl\":\"http:\\\/\\\/www.shkoder.net\\\/images\\\/fjala\\\/2011\\\/adem_harxhi.jpg\",\"datePublished\":\"2011-12-15T23:22:29+00:00\",\"breadcrumb\":{\"@id\":\"https:\\\/\\\/fjala.info\\\/2009-2015\\\/revolucioni-po-vjen\\\/#breadcrumb\"},\"inLanguage\":\"sq-AL\",\"potentialAction\":[{\"@type\":\"ReadAction\",\"target\":[\"https:\\\/\\\/fjala.info\\\/2009-2015\\\/revolucioni-po-vjen\\\/\"]}]},{\"@type\":\"ImageObject\",\"inLanguage\":\"sq-AL\",\"@id\":\"https:\\\/\\\/fjala.info\\\/2009-2015\\\/revolucioni-po-vjen\\\/#primaryimage\",\"url\":\"http:\\\/\\\/www.shkoder.net\\\/images\\\/fjala\\\/2011\\\/adem_harxhi.jpg\",\"contentUrl\":\"http:\\\/\\\/www.shkoder.net\\\/images\\\/fjala\\\/2011\\\/adem_harxhi.jpg\"},{\"@type\":\"BreadcrumbList\",\"@id\":\"https:\\\/\\\/fjala.info\\\/2009-2015\\\/revolucioni-po-vjen\\\/#breadcrumb\",\"itemListElement\":[{\"@type\":\"ListItem\",\"position\":1,\"name\":\"Home\",\"item\":\"https:\\\/\\\/fjala.info\\\/2009-2015\\\/\"},{\"@type\":\"ListItem\",\"position\":2,\"name\":\"\u201cRevolucioni po vjen\u201d\"}]},{\"@type\":\"WebSite\",\"@id\":\"https:\\\/\\\/fjala.info\\\/2009-2015\\\/#website\",\"url\":\"https:\\\/\\\/fjala.info\\\/2009-2015\\\/\",\"name\":\"FjALA e LIR\u00cb - Arkivi\",\"description\":\"Arkivi 2009-2015\",\"publisher\":{\"@id\":\"https:\\\/\\\/fjala.info\\\/2009-2015\\\/#organization\"},\"potentialAction\":[{\"@type\":\"SearchAction\",\"target\":{\"@type\":\"EntryPoint\",\"urlTemplate\":\"https:\\\/\\\/fjala.info\\\/2009-2015\\\/?s={search_term_string}\"},\"query-input\":{\"@type\":\"PropertyValueSpecification\",\"valueRequired\":true,\"valueName\":\"search_term_string\"}}],\"inLanguage\":\"sq-AL\"},{\"@type\":\"Organization\",\"@id\":\"https:\\\/\\\/fjala.info\\\/2009-2015\\\/#organization\",\"name\":\"FjALA e LIR\u00cb - Arkivi\",\"url\":\"https:\\\/\\\/fjala.info\\\/2009-2015\\\/\",\"logo\":{\"@type\":\"ImageObject\",\"inLanguage\":\"sq-AL\",\"@id\":\"https:\\\/\\\/fjala.info\\\/2009-2015\\\/#\\\/schema\\\/logo\\\/image\\\/\",\"url\":\"\",\"contentUrl\":\"\",\"caption\":\"FjALA e LIR\u00cb - Arkivi\"},\"image\":{\"@id\":\"https:\\\/\\\/fjala.info\\\/2009-2015\\\/#\\\/schema\\\/logo\\\/image\\\/\"}},{\"@type\":\"Person\",\"@id\":\"https:\\\/\\\/fjala.info\\\/2009-2015\\\/#\\\/schema\\\/person\\\/3aa1163ef05469c496fc94e77611ada2\",\"name\":\"admin\",\"image\":{\"@type\":\"ImageObject\",\"inLanguage\":\"sq-AL\",\"@id\":\"https:\\\/\\\/fjala.info\\\/2009-2015\\\/wp-content\\\/uploads\\\/2012\\\/02\\\/arben_cokaj-120x150.jpg\",\"url\":\"https:\\\/\\\/fjala.info\\\/2009-2015\\\/wp-content\\\/uploads\\\/2012\\\/02\\\/arben_cokaj-120x150.jpg\",\"contentUrl\":\"https:\\\/\\\/fjala.info\\\/2009-2015\\\/wp-content\\\/uploads\\\/2012\\\/02\\\/arben_cokaj-120x150.jpg\",\"caption\":\"admin\"},\"description\":\"Admin, Fjala e Lir\u00eb\",\"sameAs\":[\"https:\\\/\\\/fjala.info\\\/\"],\"url\":\"https:\\\/\\\/fjala.info\\\/2009-2015\\\/author\\\/admin\\\/\"}]}<\/script>\n<!-- \/ Yoast SEO plugin. -->","yoast_head_json":{"title":"\u201cRevolucioni po vjen\u201d - FjALA e LIR\u00cb - Arkivi","robots":{"index":"index","follow":"follow","max-snippet":"max-snippet:-1","max-image-preview":"max-image-preview:large","max-video-preview":"max-video-preview:-1"},"canonical":"https:\/\/fjala.info\/2009-2015\/revolucioni-po-vjen\/","og_locale":"sq_AL","og_type":"article","og_title":"\u201cRevolucioni po vjen\u201d - FjALA e LIR\u00cb - Arkivi","og_description":"Nga Adem Harxhi Dit\u00ebn kur revista \u201cTIME\u201d shpalli \u201cProtestuesin\u201d si personazhin e vitit 2011, pyeta nj\u00eb studente t\u00eb Universitetit t\u00eb New York-ut, p\u00ebr t\u00eb m\u00eb shpjeguar di\u00e7ka m\u00eb shum\u00eb p\u00ebr protest\u00ebn \u201cOcupy Wall Street\u201d. Ajo dhe shum\u00eb shok\u00eb e profesor\u00eb t\u00eb saj e p\u00ebrkrahin k\u00ebt\u00eb protest\u00eb, sepse, si\u00e7 m\u00eb tha ajo, k\u00ebrkesa e protest\u00ebs \u00ebsht\u00eb [&hellip;]","og_url":"https:\/\/fjala.info\/2009-2015\/revolucioni-po-vjen\/","og_site_name":"FjALA e LIR\u00cb - Arkivi","article_published_time":"2011-12-15T23:22:29+00:00","og_image":[{"url":"http:\/\/www.shkoder.net\/images\/fjala\/2011\/adem_harxhi.jpg","type":"","width":"","height":""}],"author":"admin","twitter_card":"summary_large_image","twitter_misc":{"Written by":"admin","Est. reading time":"7 minutes"},"schema":{"@context":"https:\/\/schema.org","@graph":[{"@type":"Article","@id":"https:\/\/fjala.info\/2009-2015\/revolucioni-po-vjen\/#article","isPartOf":{"@id":"https:\/\/fjala.info\/2009-2015\/revolucioni-po-vjen\/"},"author":{"name":"admin","@id":"https:\/\/fjala.info\/2009-2015\/#\/schema\/person\/3aa1163ef05469c496fc94e77611ada2"},"headline":"\u201cRevolucioni po vjen\u201d","datePublished":"2011-12-15T23:22:29+00:00","mainEntityOfPage":{"@id":"https:\/\/fjala.info\/2009-2015\/revolucioni-po-vjen\/"},"wordCount":1421,"commentCount":0,"publisher":{"@id":"https:\/\/fjala.info\/2009-2015\/#organization"},"image":{"@id":"https:\/\/fjala.info\/2009-2015\/revolucioni-po-vjen\/#primaryimage"},"thumbnailUrl":"http:\/\/www.shkoder.net\/images\/fjala\/2011\/adem_harxhi.jpg","articleSection":["Artikuj"],"inLanguage":"sq-AL","potentialAction":[{"@type":"CommentAction","name":"Comment","target":["https:\/\/fjala.info\/2009-2015\/revolucioni-po-vjen\/#respond"]}]},{"@type":"WebPage","@id":"https:\/\/fjala.info\/2009-2015\/revolucioni-po-vjen\/","url":"https:\/\/fjala.info\/2009-2015\/revolucioni-po-vjen\/","name":"\u201cRevolucioni po vjen\u201d - FjALA e LIR\u00cb - Arkivi","isPartOf":{"@id":"https:\/\/fjala.info\/2009-2015\/#website"},"primaryImageOfPage":{"@id":"https:\/\/fjala.info\/2009-2015\/revolucioni-po-vjen\/#primaryimage"},"image":{"@id":"https:\/\/fjala.info\/2009-2015\/revolucioni-po-vjen\/#primaryimage"},"thumbnailUrl":"http:\/\/www.shkoder.net\/images\/fjala\/2011\/adem_harxhi.jpg","datePublished":"2011-12-15T23:22:29+00:00","breadcrumb":{"@id":"https:\/\/fjala.info\/2009-2015\/revolucioni-po-vjen\/#breadcrumb"},"inLanguage":"sq-AL","potentialAction":[{"@type":"ReadAction","target":["https:\/\/fjala.info\/2009-2015\/revolucioni-po-vjen\/"]}]},{"@type":"ImageObject","inLanguage":"sq-AL","@id":"https:\/\/fjala.info\/2009-2015\/revolucioni-po-vjen\/#primaryimage","url":"http:\/\/www.shkoder.net\/images\/fjala\/2011\/adem_harxhi.jpg","contentUrl":"http:\/\/www.shkoder.net\/images\/fjala\/2011\/adem_harxhi.jpg"},{"@type":"BreadcrumbList","@id":"https:\/\/fjala.info\/2009-2015\/revolucioni-po-vjen\/#breadcrumb","itemListElement":[{"@type":"ListItem","position":1,"name":"Home","item":"https:\/\/fjala.info\/2009-2015\/"},{"@type":"ListItem","position":2,"name":"\u201cRevolucioni po vjen\u201d"}]},{"@type":"WebSite","@id":"https:\/\/fjala.info\/2009-2015\/#website","url":"https:\/\/fjala.info\/2009-2015\/","name":"FjALA e LIR\u00cb - Arkivi","description":"Arkivi 2009-2015","publisher":{"@id":"https:\/\/fjala.info\/2009-2015\/#organization"},"potentialAction":[{"@type":"SearchAction","target":{"@type":"EntryPoint","urlTemplate":"https:\/\/fjala.info\/2009-2015\/?s={search_term_string}"},"query-input":{"@type":"PropertyValueSpecification","valueRequired":true,"valueName":"search_term_string"}}],"inLanguage":"sq-AL"},{"@type":"Organization","@id":"https:\/\/fjala.info\/2009-2015\/#organization","name":"FjALA e LIR\u00cb - Arkivi","url":"https:\/\/fjala.info\/2009-2015\/","logo":{"@type":"ImageObject","inLanguage":"sq-AL","@id":"https:\/\/fjala.info\/2009-2015\/#\/schema\/logo\/image\/","url":"","contentUrl":"","caption":"FjALA e LIR\u00cb - Arkivi"},"image":{"@id":"https:\/\/fjala.info\/2009-2015\/#\/schema\/logo\/image\/"}},{"@type":"Person","@id":"https:\/\/fjala.info\/2009-2015\/#\/schema\/person\/3aa1163ef05469c496fc94e77611ada2","name":"admin","image":{"@type":"ImageObject","inLanguage":"sq-AL","@id":"https:\/\/fjala.info\/2009-2015\/wp-content\/uploads\/2012\/02\/arben_cokaj-120x150.jpg","url":"https:\/\/fjala.info\/2009-2015\/wp-content\/uploads\/2012\/02\/arben_cokaj-120x150.jpg","contentUrl":"https:\/\/fjala.info\/2009-2015\/wp-content\/uploads\/2012\/02\/arben_cokaj-120x150.jpg","caption":"admin"},"description":"Admin, Fjala e Lir\u00eb","sameAs":["https:\/\/fjala.info\/"],"url":"https:\/\/fjala.info\/2009-2015\/author\/admin\/"}]}},"_links":{"self":[{"href":"https:\/\/fjala.info\/2009-2015\/wp-json\/wp\/v2\/posts\/634","targetHints":{"allow":["GET"]}}],"collection":[{"href":"https:\/\/fjala.info\/2009-2015\/wp-json\/wp\/v2\/posts"}],"about":[{"href":"https:\/\/fjala.info\/2009-2015\/wp-json\/wp\/v2\/types\/post"}],"author":[{"embeddable":true,"href":"https:\/\/fjala.info\/2009-2015\/wp-json\/wp\/v2\/users\/1"}],"replies":[{"embeddable":true,"href":"https:\/\/fjala.info\/2009-2015\/wp-json\/wp\/v2\/comments?post=634"}],"version-history":[{"count":0,"href":"https:\/\/fjala.info\/2009-2015\/wp-json\/wp\/v2\/posts\/634\/revisions"}],"wp:attachment":[{"href":"https:\/\/fjala.info\/2009-2015\/wp-json\/wp\/v2\/media?parent=634"}],"wp:term":[{"taxonomy":"category","embeddable":true,"href":"https:\/\/fjala.info\/2009-2015\/wp-json\/wp\/v2\/categories?post=634"},{"taxonomy":"post_tag","embeddable":true,"href":"https:\/\/fjala.info\/2009-2015\/wp-json\/wp\/v2\/tags?post=634"}],"curies":[{"name":"wp","href":"https:\/\/api.w.org\/{rel}","templated":true}]}}