{"id":6273,"date":"2011-02-09T00:21:50","date_gmt":"2011-02-08T23:21:50","guid":{"rendered":"http:\/\/fjala.shkoder.net\/?p=6273"},"modified":"2011-02-09T00:21:50","modified_gmt":"2011-02-08T23:21:50","slug":"filip-cakuli-formimi-komunist-i-sali-berishes-arritja-me-e-madhe-e-komunizmit","status":"publish","type":"post","link":"https:\/\/fjala.info\/2009-2015\/filip-cakuli-formimi-komunist-i-sali-berishes-arritja-me-e-madhe-e-komunizmit\/","title":{"rendered":"Filip \u00c7akuli: \u201cFormimi komunist i Sali Berish\u00ebs, arritja m\u00eb e madhe e komunizmit\u201d"},"content":{"rendered":"<p><img loading=\"lazy\" decoding=\"async\" class=\"alignright size-full wp-image-6274\" title=\"Filip \u00c7akuli\" src=\"http:\/\/fjala.shkoder.net\/wp-content\/uploads\/2011\/02\/filip_cakuli1.jpg\" alt=\"\" width=\"300\" height=\"194\" \/><br \/>\n<strong>Filip \u00c7akuli<\/strong>, drejtuesi i njohur i \u201cFiks Fare\u201d, ka pasur nj\u00eb jav\u00eb t\u00eb pazakont\u00eb. I akuzuar si \u201cpu\u00e7ist\u201d nga kryeministri, ai pasqyron n\u00eb k\u00ebt\u00eb intervist\u00eb nj\u00eb pjes\u00eb t\u00eb p\u00ebrjetimit t\u00eb tij aktual. \u201cEdukimi dhe formimi komunist i Sali Berish\u00ebs, arritja m\u00eb e madhe e sistemit t\u00eb shkuar\u201d, sipas tij<\/p>\n<p>1. <em>Zoti ekziston, mund t\u00eb ekzistoj\u00eb, duhet t\u00eb ekzistoj\u00eb apo nuk ekziston?<\/em><\/p>\n<p>-Duhet t\u00eb ekzistoj\u00eb. Po n\u00eb fillim duhet sqaruar: E krijoi Zoti njeriun apo njeriu Zotin! \u201cN\u00ebse Per\u00ebndia nuk do t\u00eb ekzistonte, do t\u00eb ishte e nevojshme ta shpiknim\u201d, ka th\u00ebn\u00eb Volteri<\/p>\n<p>2. <em>Gjuha shqipe ju duket e pasur, e varf\u00ebr, apo si t\u00eb tjerat?<\/em><\/p>\n<p>&#8211; Si t\u00eb tjerat. Mjafton p\u00ebrkthimi i Shekspirit nga Noli, p\u00ebr ta d\u00ebshmuar k\u00ebt\u00eb.<\/p>\n<p>3. <em>Njer\u00ebzit jan\u00eb esencialisht t\u00eb mir\u00eb, apo jan\u00eb esencialisht t\u00eb k\u00ebqij?<\/em><\/p>\n<p>-S\u2019ka bardh e zi, si realizmi socialist, ku heroi do t\u00eb ishte krejt i p\u00ebrsosur, negativi komplet i sterrosur. \u201cEdhe engj\u00eblli, edhe djalli, jan\u00eb brenda te i gjalli\u201d, thot\u00eb nj\u00eb poeti yn\u00eb i shquar<\/p>\n<p>4. <em>Do t\u00eb ishit dakord q\u00eb f\u00ebmija juaj t\u00eb merrte pjes\u00eb n\u00eb loj\u00ebn televizive \u201cBig Brother\u201d?<\/em><\/p>\n<p>-Nuk e ndjek k\u00ebt\u00eb loj\u00eb. Ka lodra t\u00eb tjera p\u00ebr f\u00ebmij\u00ebt.<\/p>\n<p>5. <em>Harmonia nd\u00ebrfetare n\u00eb Shqip\u00ebri \u00ebsht\u00eb nj\u00eb legjend\u00eb apo nj\u00eb realitet i bukur?<\/em><\/p>\n<p>-Kur nuk beson shum\u00eb, pse t\u00eb mos ket\u00eb harmoni?<\/p>\n<p>6. <em>Shihni ndonj\u00eb unitet t\u00eb qart\u00eb kulturor midis Shqip\u00ebris\u00eb e Kosov\u00ebs?<\/em><\/p>\n<p>-Po, rruga e Kombit, nj\u00eb unitet pak i shtrenjt\u00eb p\u00ebr ne.<\/p>\n<p>7. <em>Cili \u00ebsht\u00eb njeriu m\u00eb i r\u00ebnd\u00ebsish\u00ebm, numrin e t\u00eb cilit e keni n\u00eb phonebook?<\/em><\/p>\n<p>-Ia fshiva numrin.<\/p>\n<p>8. <em>Mendoni se n\u00eb bot\u00ebn e sotme demokratike (mund t\u00eb) b\u00ebhen vrasje p\u00ebr arsye shtet\u00ebrore?<\/em><\/p>\n<p>-N\u00ebse ne futemi n\u00eb bot\u00ebn demokratike, at\u00ebher\u00eb i bie q\u00eb vrasjet e 21 janarit t\u00eb ishin p\u00ebr arsye shtet\u00ebrore.<\/p>\n<p>9. <em>Fan Noli udh\u00ebhoqi nj\u00eb grusht shteti apo nj\u00eb revolucion demokratik n\u00eb vitin 1924?<\/em><\/p>\n<p>-Revolucion demokratik, duke u nisur nga udh\u00ebheq\u00ebsi i k\u00ebtij revolucioni.<\/p>\n<p>10. <em>Ajo q\u00eb komunist\u00ebt e kan\u00eb quajtur \u201cLufta Nacional\u00e7lirimtare\u201d, ka qen\u00eb sipas jush edhe luft\u00eb civile?<\/em><\/p>\n<p>&#8211; E p\u00ebrmban vet\u00eb togfjal\u00ebshi \u201cNacional\u00e7lirimtare\u201d; se ndryshe do t\u00eb thuhej thjesht \u201c\u00e7lirimtare\u201d<\/p>\n<p>11.<em> N\u00ebse do t\u2019ju k\u00ebrkonin t\u00eb ve\u00e7onit ndonj\u00eb arritje t\u00eb diktatur\u00ebs komuniste pes\u00ebdhjet\u00ebvje\u00e7are, \u00e7far\u00eb do t\u00eb thoshit?<\/em><\/p>\n<p>&#8211; Edukimi dhe formimi komunist i Sali Berish\u00ebs.<\/p>\n<p>12. <em>Sikur t\u00eb kishit jetuar n\u00eb vitet e Luft\u00ebs s\u00eb Dyt\u00eb Bot\u00ebrore, do t\u00eb rreshtoheshit me partizan\u00ebt, me Ballin Komb\u00ebtar, apo do t\u00eb q\u00ebndronit asnjan\u00ebs?<\/em><\/p>\n<p>-Asnjan\u00ebs, se as partizan\u00ebt, as ballist\u00ebt nuk kishin \u00e7\u2019i b\u00ebnin italianit e gjermanit. Nga ana tjet\u00ebr, \u00e7\u2019t\u00eb keqe do t\u00eb kishte t\u00eb ishin k\u00ebtu gjerman\u00ebt e italian\u00ebt, q\u00eb sot po i k\u00ebrkojm\u00eb e s\u2019po na vijn\u00eb?<\/p>\n<p>13. <em>Largimi i Ahmet Zogut nga Shqip\u00ebria n\u00eb prill t\u00eb vitit 1939 \u00ebsht\u00eb nj\u00eb gjest i qortuesh\u00ebm apo i kuptuesh\u00ebm?<\/em><\/p>\n<p>&#8211; I patoleruesh\u00ebm<\/p>\n<p>14. <em>Do t\u00eb ishit dakord t\u00eb p\u00ebrkthehej n\u00eb gjuh\u00ebn shqipe \u201cMein Kampf\u201d i Adolf Hitlerit?<\/em><\/p>\n<p>-Pse, nuk qenka p\u00ebrkthyer akoma?<\/p>\n<p>15. <em>Cili \u00ebsht\u00eb njeriu m\u00eb i r\u00ebnd\u00ebsish\u00ebm, me t\u00eb cilin ju keni b\u00ebr\u00eb nj\u00eb fotografi?<\/em><\/p>\n<p>&#8211; Me Bamir Topin<\/p>\n<p>16. <em>\u00c7far\u00eb ishte n\u00eb t\u00eb v\u00ebrtet\u00eb ajo q\u00eb ndodhi n\u00eb vitin 1997?<\/em><\/p>\n<p>-Revolucion demokratikas.<\/p>\n<p>17. <em>Mendoni se do t\u00eb ishit n\u00eb gjendje t\u00eb vrisnit nj\u00eb njeri n\u00eb kushtet, kur ky njeri k\u00ebrc\u00ebnon jet\u00ebn tuaj apo t\u00eb t\u00eb dashurve tuaj?<\/em><\/p>\n<p>-Patjet\u00ebr, qoft\u00eb ky dhe me imunitet.<\/p>\n<p>18. <em>Ne shqiptar\u00ebt jemi europian\u00eb me titull t\u00eb plot\u00eb?<\/em><\/p>\n<p>Medaljet dhe titujt jepen shkall\u00eb-shkall\u00eb. N\u00eb fillim merret titulli \u201cballkanik\u201d, pastaj rajonal, \u201cevropian\u201d dhe s\u00eb fundmi \u201camerikan\u201d.<\/p>\n<p>19. <em>N\u00eb cil\u00ebn ngjarje t\u00eb madhe t\u00eb historis\u00eb bot\u00ebrore do donit t\u00eb kishit q\u00ebn\u00eb protagonist?<\/em><\/p>\n<p>N\u00eb Jalt\u00eb, kur ndaheshin pronat e bot\u00ebs nga Stalini, Rusvelti , \u00c7ur\u00e7illi<\/p>\n<p>20. <em>Me cilin personazh t\u00eb historis\u00eb s\u00eb Shqip\u00ebris\u00eb do kishit dashur t\u00eb b\u00ebnit nj\u00eb bised\u00eb t\u00eb gjat\u00eb e t\u00eb shtruar?<\/em><\/p>\n<p>-Me Avni Rustemin, si e vran\u00eb Esat Pash\u00ebn dhe si doli i pafajsh\u00ebm.<\/p>\n<p>21. <em>Cili \u00ebsht\u00eb libri q\u00eb po lexoni?<\/em><\/p>\n<p>&#8211; Vepr\u00ebn \u201cTitist\u00ebt\u201d t\u00eb shokut Enver, ku flet p\u00ebr pu\u00e7in, p\u00ebr eliminimin e tij dhe poliagjentin Mehmet Shehu.<\/p>\n<p>22. <em>Cili komb europian ju ndjell m\u00eb shum\u00eb me historin\u00eb e me kultur\u00ebn e vet?<\/em><\/p>\n<p>-Francez\u00ebt, me mbretin Luigji XIV, q\u00eb thoshte me krenari \u201cshteti jam un\u00eb\u201d.<\/p>\n<p>23. <em>Si do reagonit, sikur t\u00eb merrnit vesh se djali\/vajza juaj \u00ebsht\u00eb homeseksual(e)?<\/em><\/p>\n<p>&#8211; Ma prishi mendjen zbulimi i fundit q\u00eb \u201cMonna Liza\u201d e famshme paska qen\u00eb burr\u00eb.<\/p>\n<p>24. <em>Keni frik\u00eb nga vdekja?<\/em><\/p>\n<p>&#8211; Do t\u00eb desha q\u00eb vdekja t\u00eb mos m\u00eb gjej\u00eb gjall\u00eb.<\/p>\n<p>25. <em>\u00c7\u2019\u00ebsht\u00eb Atdheu?<\/em><\/p>\n<p>-M\u00ebm\u00ebdhe!<\/p>\n<p>Bisedoi: <strong>Mustafa Nano<\/strong><br \/>\n<strong>MAPO<\/strong><\/p>\n","protected":false},"excerpt":{"rendered":"<p>Filip \u00c7akuli, drejtuesi i njohur i \u201cFiks Fare\u201d, ka pasur nj\u00eb jav\u00eb t\u00eb pazakont\u00eb. I akuzuar si \u201cpu\u00e7ist\u201d nga kryeministri, ai pasqyron n\u00eb k\u00ebt\u00eb intervist\u00eb nj\u00eb pjes\u00eb t\u00eb p\u00ebrjetimit t\u00eb tij aktual. \u201cEdukimi dhe formimi komunist i Sali Berish\u00ebs, arritja m\u00eb e madhe e sistemit t\u00eb shkuar\u201d, sipas tij 1. Zoti ekziston, mund t\u00eb ekzistoj\u00eb, [&hellip;]<\/p>\n","protected":false},"author":1,"featured_media":0,"comment_status":"open","ping_status":"closed","sticky":false,"template":"","format":"standard","meta":{"footnotes":""},"categories":[4],"tags":[],"class_list":{"0":"post-6273","1":"post","2":"type-post","3":"status-publish","4":"format-standard","6":"category-intervista"},"yoast_head":"<!-- This site is optimized with the Yoast SEO plugin v27.4 - https:\/\/yoast.com\/product\/yoast-seo-wordpress\/ -->\n<title>Filip \u00c7akuli: \u201cFormimi komunist i Sali Berish\u00ebs, arritja m\u00eb e madhe e komunizmit\u201d - FjALA e LIR\u00cb - Arkivi<\/title>\n<meta name=\"robots\" content=\"index, follow, max-snippet:-1, max-image-preview:large, max-video-preview:-1\" \/>\n<link rel=\"canonical\" href=\"https:\/\/fjala.info\/2009-2015\/filip-cakuli-formimi-komunist-i-sali-berishes-arritja-me-e-madhe-e-komunizmit\/\" \/>\n<meta property=\"og:locale\" content=\"sq_AL\" \/>\n<meta property=\"og:type\" content=\"article\" \/>\n<meta property=\"og:title\" content=\"Filip \u00c7akuli: \u201cFormimi komunist i Sali Berish\u00ebs, arritja m\u00eb e madhe e komunizmit\u201d - FjALA e LIR\u00cb - Arkivi\" \/>\n<meta property=\"og:description\" content=\"Filip \u00c7akuli, drejtuesi i njohur i \u201cFiks Fare\u201d, ka pasur nj\u00eb jav\u00eb t\u00eb pazakont\u00eb. I akuzuar si \u201cpu\u00e7ist\u201d nga kryeministri, ai pasqyron n\u00eb k\u00ebt\u00eb intervist\u00eb nj\u00eb pjes\u00eb t\u00eb p\u00ebrjetimit t\u00eb tij aktual. \u201cEdukimi dhe formimi komunist i Sali Berish\u00ebs, arritja m\u00eb e madhe e sistemit t\u00eb shkuar\u201d, sipas tij 1. Zoti ekziston, mund t\u00eb ekzistoj\u00eb, [&hellip;]\" \/>\n<meta property=\"og:url\" content=\"https:\/\/fjala.info\/2009-2015\/filip-cakuli-formimi-komunist-i-sali-berishes-arritja-me-e-madhe-e-komunizmit\/\" \/>\n<meta property=\"og:site_name\" content=\"FjALA e LIR\u00cb - Arkivi\" \/>\n<meta property=\"article:published_time\" content=\"2011-02-08T23:21:50+00:00\" \/>\n<meta property=\"og:image\" content=\"http:\/\/fjala.shkoder.net\/wp-content\/uploads\/2011\/02\/filip_cakuli1.jpg\" \/>\n<meta name=\"author\" content=\"admin\" \/>\n<meta name=\"twitter:card\" content=\"summary_large_image\" \/>\n<meta name=\"twitter:label1\" content=\"Written by\" \/>\n\t<meta name=\"twitter:data1\" content=\"admin\" \/>\n\t<meta name=\"twitter:label2\" content=\"Est. reading time\" \/>\n\t<meta name=\"twitter:data2\" content=\"4 minutes\" \/>\n<script type=\"application\/ld+json\" class=\"yoast-schema-graph\">{\"@context\":\"https:\\\/\\\/schema.org\",\"@graph\":[{\"@type\":\"Article\",\"@id\":\"https:\\\/\\\/fjala.info\\\/2009-2015\\\/filip-cakuli-formimi-komunist-i-sali-berishes-arritja-me-e-madhe-e-komunizmit\\\/#article\",\"isPartOf\":{\"@id\":\"https:\\\/\\\/fjala.info\\\/2009-2015\\\/filip-cakuli-formimi-komunist-i-sali-berishes-arritja-me-e-madhe-e-komunizmit\\\/\"},\"author\":{\"name\":\"admin\",\"@id\":\"https:\\\/\\\/fjala.info\\\/2009-2015\\\/#\\\/schema\\\/person\\\/3aa1163ef05469c496fc94e77611ada2\"},\"headline\":\"Filip \u00c7akuli: \u201cFormimi komunist i Sali Berish\u00ebs, arritja m\u00eb e madhe e komunizmit\u201d\",\"datePublished\":\"2011-02-08T23:21:50+00:00\",\"mainEntityOfPage\":{\"@id\":\"https:\\\/\\\/fjala.info\\\/2009-2015\\\/filip-cakuli-formimi-komunist-i-sali-berishes-arritja-me-e-madhe-e-komunizmit\\\/\"},\"wordCount\":819,\"commentCount\":0,\"publisher\":{\"@id\":\"https:\\\/\\\/fjala.info\\\/2009-2015\\\/#organization\"},\"image\":{\"@id\":\"https:\\\/\\\/fjala.info\\\/2009-2015\\\/filip-cakuli-formimi-komunist-i-sali-berishes-arritja-me-e-madhe-e-komunizmit\\\/#primaryimage\"},\"thumbnailUrl\":\"http:\\\/\\\/fjala.shkoder.net\\\/wp-content\\\/uploads\\\/2011\\\/02\\\/filip_cakuli1.jpg\",\"articleSection\":[\"Intervista\"],\"inLanguage\":\"sq-AL\",\"potentialAction\":[{\"@type\":\"CommentAction\",\"name\":\"Comment\",\"target\":[\"https:\\\/\\\/fjala.info\\\/2009-2015\\\/filip-cakuli-formimi-komunist-i-sali-berishes-arritja-me-e-madhe-e-komunizmit\\\/#respond\"]}]},{\"@type\":\"WebPage\",\"@id\":\"https:\\\/\\\/fjala.info\\\/2009-2015\\\/filip-cakuli-formimi-komunist-i-sali-berishes-arritja-me-e-madhe-e-komunizmit\\\/\",\"url\":\"https:\\\/\\\/fjala.info\\\/2009-2015\\\/filip-cakuli-formimi-komunist-i-sali-berishes-arritja-me-e-madhe-e-komunizmit\\\/\",\"name\":\"Filip \u00c7akuli: \u201cFormimi komunist i Sali Berish\u00ebs, arritja m\u00eb e madhe e komunizmit\u201d - FjALA e LIR\u00cb - Arkivi\",\"isPartOf\":{\"@id\":\"https:\\\/\\\/fjala.info\\\/2009-2015\\\/#website\"},\"primaryImageOfPage\":{\"@id\":\"https:\\\/\\\/fjala.info\\\/2009-2015\\\/filip-cakuli-formimi-komunist-i-sali-berishes-arritja-me-e-madhe-e-komunizmit\\\/#primaryimage\"},\"image\":{\"@id\":\"https:\\\/\\\/fjala.info\\\/2009-2015\\\/filip-cakuli-formimi-komunist-i-sali-berishes-arritja-me-e-madhe-e-komunizmit\\\/#primaryimage\"},\"thumbnailUrl\":\"http:\\\/\\\/fjala.shkoder.net\\\/wp-content\\\/uploads\\\/2011\\\/02\\\/filip_cakuli1.jpg\",\"datePublished\":\"2011-02-08T23:21:50+00:00\",\"breadcrumb\":{\"@id\":\"https:\\\/\\\/fjala.info\\\/2009-2015\\\/filip-cakuli-formimi-komunist-i-sali-berishes-arritja-me-e-madhe-e-komunizmit\\\/#breadcrumb\"},\"inLanguage\":\"sq-AL\",\"potentialAction\":[{\"@type\":\"ReadAction\",\"target\":[\"https:\\\/\\\/fjala.info\\\/2009-2015\\\/filip-cakuli-formimi-komunist-i-sali-berishes-arritja-me-e-madhe-e-komunizmit\\\/\"]}]},{\"@type\":\"ImageObject\",\"inLanguage\":\"sq-AL\",\"@id\":\"https:\\\/\\\/fjala.info\\\/2009-2015\\\/filip-cakuli-formimi-komunist-i-sali-berishes-arritja-me-e-madhe-e-komunizmit\\\/#primaryimage\",\"url\":\"http:\\\/\\\/fjala.shkoder.net\\\/wp-content\\\/uploads\\\/2011\\\/02\\\/filip_cakuli1.jpg\",\"contentUrl\":\"http:\\\/\\\/fjala.shkoder.net\\\/wp-content\\\/uploads\\\/2011\\\/02\\\/filip_cakuli1.jpg\"},{\"@type\":\"BreadcrumbList\",\"@id\":\"https:\\\/\\\/fjala.info\\\/2009-2015\\\/filip-cakuli-formimi-komunist-i-sali-berishes-arritja-me-e-madhe-e-komunizmit\\\/#breadcrumb\",\"itemListElement\":[{\"@type\":\"ListItem\",\"position\":1,\"name\":\"Home\",\"item\":\"https:\\\/\\\/fjala.info\\\/2009-2015\\\/\"},{\"@type\":\"ListItem\",\"position\":2,\"name\":\"Filip \u00c7akuli: \u201cFormimi komunist i Sali Berish\u00ebs, arritja m\u00eb e madhe e komunizmit\u201d\"}]},{\"@type\":\"WebSite\",\"@id\":\"https:\\\/\\\/fjala.info\\\/2009-2015\\\/#website\",\"url\":\"https:\\\/\\\/fjala.info\\\/2009-2015\\\/\",\"name\":\"FjALA e LIR\u00cb - Arkivi\",\"description\":\"Arkivi 2009-2015\",\"publisher\":{\"@id\":\"https:\\\/\\\/fjala.info\\\/2009-2015\\\/#organization\"},\"potentialAction\":[{\"@type\":\"SearchAction\",\"target\":{\"@type\":\"EntryPoint\",\"urlTemplate\":\"https:\\\/\\\/fjala.info\\\/2009-2015\\\/?s={search_term_string}\"},\"query-input\":{\"@type\":\"PropertyValueSpecification\",\"valueRequired\":true,\"valueName\":\"search_term_string\"}}],\"inLanguage\":\"sq-AL\"},{\"@type\":\"Organization\",\"@id\":\"https:\\\/\\\/fjala.info\\\/2009-2015\\\/#organization\",\"name\":\"FjALA e LIR\u00cb - Arkivi\",\"url\":\"https:\\\/\\\/fjala.info\\\/2009-2015\\\/\",\"logo\":{\"@type\":\"ImageObject\",\"inLanguage\":\"sq-AL\",\"@id\":\"https:\\\/\\\/fjala.info\\\/2009-2015\\\/#\\\/schema\\\/logo\\\/image\\\/\",\"url\":\"\",\"contentUrl\":\"\",\"caption\":\"FjALA e LIR\u00cb - Arkivi\"},\"image\":{\"@id\":\"https:\\\/\\\/fjala.info\\\/2009-2015\\\/#\\\/schema\\\/logo\\\/image\\\/\"}},{\"@type\":\"Person\",\"@id\":\"https:\\\/\\\/fjala.info\\\/2009-2015\\\/#\\\/schema\\\/person\\\/3aa1163ef05469c496fc94e77611ada2\",\"name\":\"admin\",\"image\":{\"@type\":\"ImageObject\",\"inLanguage\":\"sq-AL\",\"@id\":\"https:\\\/\\\/fjala.info\\\/2009-2015\\\/wp-content\\\/uploads\\\/2012\\\/02\\\/arben_cokaj-120x150.jpg\",\"url\":\"https:\\\/\\\/fjala.info\\\/2009-2015\\\/wp-content\\\/uploads\\\/2012\\\/02\\\/arben_cokaj-120x150.jpg\",\"contentUrl\":\"https:\\\/\\\/fjala.info\\\/2009-2015\\\/wp-content\\\/uploads\\\/2012\\\/02\\\/arben_cokaj-120x150.jpg\",\"caption\":\"admin\"},\"description\":\"Admin, Fjala e Lir\u00eb\",\"sameAs\":[\"https:\\\/\\\/fjala.info\\\/\"],\"url\":\"https:\\\/\\\/fjala.info\\\/2009-2015\\\/author\\\/admin\\\/\"}]}<\/script>\n<!-- \/ Yoast SEO plugin. -->","yoast_head_json":{"title":"Filip \u00c7akuli: \u201cFormimi komunist i Sali Berish\u00ebs, arritja m\u00eb e madhe e komunizmit\u201d - FjALA e LIR\u00cb - Arkivi","robots":{"index":"index","follow":"follow","max-snippet":"max-snippet:-1","max-image-preview":"max-image-preview:large","max-video-preview":"max-video-preview:-1"},"canonical":"https:\/\/fjala.info\/2009-2015\/filip-cakuli-formimi-komunist-i-sali-berishes-arritja-me-e-madhe-e-komunizmit\/","og_locale":"sq_AL","og_type":"article","og_title":"Filip \u00c7akuli: \u201cFormimi komunist i Sali Berish\u00ebs, arritja m\u00eb e madhe e komunizmit\u201d - FjALA e LIR\u00cb - Arkivi","og_description":"Filip \u00c7akuli, drejtuesi i njohur i \u201cFiks Fare\u201d, ka pasur nj\u00eb jav\u00eb t\u00eb pazakont\u00eb. I akuzuar si \u201cpu\u00e7ist\u201d nga kryeministri, ai pasqyron n\u00eb k\u00ebt\u00eb intervist\u00eb nj\u00eb pjes\u00eb t\u00eb p\u00ebrjetimit t\u00eb tij aktual. \u201cEdukimi dhe formimi komunist i Sali Berish\u00ebs, arritja m\u00eb e madhe e sistemit t\u00eb shkuar\u201d, sipas tij 1. Zoti ekziston, mund t\u00eb ekzistoj\u00eb, [&hellip;]","og_url":"https:\/\/fjala.info\/2009-2015\/filip-cakuli-formimi-komunist-i-sali-berishes-arritja-me-e-madhe-e-komunizmit\/","og_site_name":"FjALA e LIR\u00cb - Arkivi","article_published_time":"2011-02-08T23:21:50+00:00","og_image":[{"url":"http:\/\/fjala.shkoder.net\/wp-content\/uploads\/2011\/02\/filip_cakuli1.jpg","type":"","width":"","height":""}],"author":"admin","twitter_card":"summary_large_image","twitter_misc":{"Written by":"admin","Est. reading time":"4 minutes"},"schema":{"@context":"https:\/\/schema.org","@graph":[{"@type":"Article","@id":"https:\/\/fjala.info\/2009-2015\/filip-cakuli-formimi-komunist-i-sali-berishes-arritja-me-e-madhe-e-komunizmit\/#article","isPartOf":{"@id":"https:\/\/fjala.info\/2009-2015\/filip-cakuli-formimi-komunist-i-sali-berishes-arritja-me-e-madhe-e-komunizmit\/"},"author":{"name":"admin","@id":"https:\/\/fjala.info\/2009-2015\/#\/schema\/person\/3aa1163ef05469c496fc94e77611ada2"},"headline":"Filip \u00c7akuli: \u201cFormimi komunist i Sali Berish\u00ebs, arritja m\u00eb e madhe e komunizmit\u201d","datePublished":"2011-02-08T23:21:50+00:00","mainEntityOfPage":{"@id":"https:\/\/fjala.info\/2009-2015\/filip-cakuli-formimi-komunist-i-sali-berishes-arritja-me-e-madhe-e-komunizmit\/"},"wordCount":819,"commentCount":0,"publisher":{"@id":"https:\/\/fjala.info\/2009-2015\/#organization"},"image":{"@id":"https:\/\/fjala.info\/2009-2015\/filip-cakuli-formimi-komunist-i-sali-berishes-arritja-me-e-madhe-e-komunizmit\/#primaryimage"},"thumbnailUrl":"http:\/\/fjala.shkoder.net\/wp-content\/uploads\/2011\/02\/filip_cakuli1.jpg","articleSection":["Intervista"],"inLanguage":"sq-AL","potentialAction":[{"@type":"CommentAction","name":"Comment","target":["https:\/\/fjala.info\/2009-2015\/filip-cakuli-formimi-komunist-i-sali-berishes-arritja-me-e-madhe-e-komunizmit\/#respond"]}]},{"@type":"WebPage","@id":"https:\/\/fjala.info\/2009-2015\/filip-cakuli-formimi-komunist-i-sali-berishes-arritja-me-e-madhe-e-komunizmit\/","url":"https:\/\/fjala.info\/2009-2015\/filip-cakuli-formimi-komunist-i-sali-berishes-arritja-me-e-madhe-e-komunizmit\/","name":"Filip \u00c7akuli: \u201cFormimi komunist i Sali Berish\u00ebs, arritja m\u00eb e madhe e komunizmit\u201d - FjALA e LIR\u00cb - Arkivi","isPartOf":{"@id":"https:\/\/fjala.info\/2009-2015\/#website"},"primaryImageOfPage":{"@id":"https:\/\/fjala.info\/2009-2015\/filip-cakuli-formimi-komunist-i-sali-berishes-arritja-me-e-madhe-e-komunizmit\/#primaryimage"},"image":{"@id":"https:\/\/fjala.info\/2009-2015\/filip-cakuli-formimi-komunist-i-sali-berishes-arritja-me-e-madhe-e-komunizmit\/#primaryimage"},"thumbnailUrl":"http:\/\/fjala.shkoder.net\/wp-content\/uploads\/2011\/02\/filip_cakuli1.jpg","datePublished":"2011-02-08T23:21:50+00:00","breadcrumb":{"@id":"https:\/\/fjala.info\/2009-2015\/filip-cakuli-formimi-komunist-i-sali-berishes-arritja-me-e-madhe-e-komunizmit\/#breadcrumb"},"inLanguage":"sq-AL","potentialAction":[{"@type":"ReadAction","target":["https:\/\/fjala.info\/2009-2015\/filip-cakuli-formimi-komunist-i-sali-berishes-arritja-me-e-madhe-e-komunizmit\/"]}]},{"@type":"ImageObject","inLanguage":"sq-AL","@id":"https:\/\/fjala.info\/2009-2015\/filip-cakuli-formimi-komunist-i-sali-berishes-arritja-me-e-madhe-e-komunizmit\/#primaryimage","url":"http:\/\/fjala.shkoder.net\/wp-content\/uploads\/2011\/02\/filip_cakuli1.jpg","contentUrl":"http:\/\/fjala.shkoder.net\/wp-content\/uploads\/2011\/02\/filip_cakuli1.jpg"},{"@type":"BreadcrumbList","@id":"https:\/\/fjala.info\/2009-2015\/filip-cakuli-formimi-komunist-i-sali-berishes-arritja-me-e-madhe-e-komunizmit\/#breadcrumb","itemListElement":[{"@type":"ListItem","position":1,"name":"Home","item":"https:\/\/fjala.info\/2009-2015\/"},{"@type":"ListItem","position":2,"name":"Filip \u00c7akuli: \u201cFormimi komunist i Sali Berish\u00ebs, arritja m\u00eb e madhe e komunizmit\u201d"}]},{"@type":"WebSite","@id":"https:\/\/fjala.info\/2009-2015\/#website","url":"https:\/\/fjala.info\/2009-2015\/","name":"FjALA e LIR\u00cb - Arkivi","description":"Arkivi 2009-2015","publisher":{"@id":"https:\/\/fjala.info\/2009-2015\/#organization"},"potentialAction":[{"@type":"SearchAction","target":{"@type":"EntryPoint","urlTemplate":"https:\/\/fjala.info\/2009-2015\/?s={search_term_string}"},"query-input":{"@type":"PropertyValueSpecification","valueRequired":true,"valueName":"search_term_string"}}],"inLanguage":"sq-AL"},{"@type":"Organization","@id":"https:\/\/fjala.info\/2009-2015\/#organization","name":"FjALA e LIR\u00cb - Arkivi","url":"https:\/\/fjala.info\/2009-2015\/","logo":{"@type":"ImageObject","inLanguage":"sq-AL","@id":"https:\/\/fjala.info\/2009-2015\/#\/schema\/logo\/image\/","url":"","contentUrl":"","caption":"FjALA e LIR\u00cb - Arkivi"},"image":{"@id":"https:\/\/fjala.info\/2009-2015\/#\/schema\/logo\/image\/"}},{"@type":"Person","@id":"https:\/\/fjala.info\/2009-2015\/#\/schema\/person\/3aa1163ef05469c496fc94e77611ada2","name":"admin","image":{"@type":"ImageObject","inLanguage":"sq-AL","@id":"https:\/\/fjala.info\/2009-2015\/wp-content\/uploads\/2012\/02\/arben_cokaj-120x150.jpg","url":"https:\/\/fjala.info\/2009-2015\/wp-content\/uploads\/2012\/02\/arben_cokaj-120x150.jpg","contentUrl":"https:\/\/fjala.info\/2009-2015\/wp-content\/uploads\/2012\/02\/arben_cokaj-120x150.jpg","caption":"admin"},"description":"Admin, Fjala e Lir\u00eb","sameAs":["https:\/\/fjala.info\/"],"url":"https:\/\/fjala.info\/2009-2015\/author\/admin\/"}]}},"_links":{"self":[{"href":"https:\/\/fjala.info\/2009-2015\/wp-json\/wp\/v2\/posts\/6273","targetHints":{"allow":["GET"]}}],"collection":[{"href":"https:\/\/fjala.info\/2009-2015\/wp-json\/wp\/v2\/posts"}],"about":[{"href":"https:\/\/fjala.info\/2009-2015\/wp-json\/wp\/v2\/types\/post"}],"author":[{"embeddable":true,"href":"https:\/\/fjala.info\/2009-2015\/wp-json\/wp\/v2\/users\/1"}],"replies":[{"embeddable":true,"href":"https:\/\/fjala.info\/2009-2015\/wp-json\/wp\/v2\/comments?post=6273"}],"version-history":[{"count":0,"href":"https:\/\/fjala.info\/2009-2015\/wp-json\/wp\/v2\/posts\/6273\/revisions"}],"wp:attachment":[{"href":"https:\/\/fjala.info\/2009-2015\/wp-json\/wp\/v2\/media?parent=6273"}],"wp:term":[{"taxonomy":"category","embeddable":true,"href":"https:\/\/fjala.info\/2009-2015\/wp-json\/wp\/v2\/categories?post=6273"},{"taxonomy":"post_tag","embeddable":true,"href":"https:\/\/fjala.info\/2009-2015\/wp-json\/wp\/v2\/tags?post=6273"}],"curies":[{"name":"wp","href":"https:\/\/api.w.org\/{rel}","templated":true}]}}