{"id":627,"date":"2011-12-16T04:53:42","date_gmt":"2011-12-16T03:53:42","guid":{"rendered":"http:\/\/fjala.shkoder.net\/?p=627"},"modified":"2011-12-16T04:53:42","modified_gmt":"2011-12-16T03:53:42","slug":"perse-nuk-ia-dalim-dot","status":"publish","type":"post","link":"https:\/\/fjala.info\/2009-2015\/perse-nuk-ia-dalim-dot\/","title":{"rendered":"P\u00ebrse nuk ia dalim dot?"},"content":{"rendered":"<p><img decoding=\"async\" class=\"alignright size-thumbnail wp-image-7236\" title=\"Mero Baze\" src=\"http:\/\/www.shkoder.net\/images\/fjala\/mero_baze1.jpg\" alt=\"\" width=\"150\" \/> Nga <strong>Mero Baze<\/strong>, <em>15 Dhjetor 2011<\/em><\/p>\n<p>Qeveria shqiptare miratoi dje nxjerrjen n\u00eb shitje t\u00eb kompanis\u00eb s\u00eb vetme t\u00eb naft\u00ebs Albpetrol. Arsyeja \u00ebsht\u00eb se qeveris\u00eb i duhen shum\u00eb para, i duhen shpejt, mund\u00ebsisht sot. Spiralja e borxheve n\u00eb t\u00eb cil\u00ebn ka zhytur ekonomin\u00eb e vendit Sali Berish, dhe pafuqia e zyrtar\u00ebve t\u00eb financave publike t\u00eb sillen me t\u00eb si profesionist\u00eb, ka b\u00ebr\u00eb q\u00eb shpejt\u00ebsia me t\u00eb cil\u00ebn rritet kostoja e borxhit, t\u00eb thith\u00eb brenda saj pa asnj\u00eb kuptim pasurit\u00eb e fundit publike q\u00eb i kan\u00eb mbetur vendit.<\/p>\n<p>Tri jan\u00eb shkaqet e qarta p\u00ebrse ne nuk na shp\u00ebton as shitja e Albpetrolit, as e digave t\u00eb Fierz\u00ebs e Komanit, as dhe e \u00e7do centi q\u00eb \u00ebsht\u00eb ende pasuri publike.<\/p>\n<p>E para \u00ebsht\u00eb se pasurit\u00eb publike q\u00eb po shiten nuk prodhojn\u00eb m\u00eb shum\u00eb t\u00eb ardhura p\u00ebr buxhetin e shtetit. N\u00eb Shqip\u00ebri t\u00eb gjitha privatizimet strategjike kan\u00eb p\u00ebrfunduar n\u00eb korrupsion dhe n\u00eb zbrazje t\u00eb ark\u00ebs s\u00eb shtetit. Rasti m\u00eb flagrant mbetet historia e kompanis\u00eb ARMO. Qeveria e privatizoi duke deklaruar se ia shiti nj\u00eb kompanie amerikane, nd\u00ebrkoh\u00eb q\u00eb kjo kompani u t\u00ebrhoq nj\u00eb dit\u00eb para se t\u00eb paguante lek\u00ebt, duke d\u00ebshmuar qart\u00eb se ishte nj\u00eb mbules\u00eb p\u00ebr biznesmenin shqiptar q\u00eb bleu kompanin\u00eb. \u00c7mimi i rritur i saj p\u00ebr tu dukur konkurrent, u pagua n\u00eb rrug\u00eb jo transparente, duke prodhuar si shp\u00ebrblim leht\u00ebsi fiskale dhe monopol n\u00eb tregun e naft\u00ebs p\u00ebr p\u00ebrfituesin e kompanis\u00eb.<\/p>\n<p>Dhe p\u00ebrfundimi sot \u00ebsht\u00eb q\u00eb sipas Kontrollit t\u00eb Lart\u00eb t\u00eb Shtetit \u201cAlbpetrol sh.a. Fier, nuk ka mundur dot t\u2019i marr\u00eb kompanis\u00eb ARMO t\u00eb Rezart Ta\u00e7it nj\u00eb shum\u00eb n\u00eb vler\u00ebn 3.936.800.000 lek\u00eb, p\u00ebrkat\u00ebsisht vlera prej 3.578.689.215 lek\u00eb shkaktuar nga moslikuidimi i detyrimeve t\u00eb rrjedhura nga furnizimi me naft\u00eb bruto, gaz natyror dhe hollues deri m\u00eb dat\u00eb 31.12.2010 nga kompania ARMO sh.a. (ARMO oil) dhe vler\u00ebn 358.107.780 lek\u00eb p\u00ebr moslikuidim n\u00eb afat t\u00eb faturave t\u00eb shitjes s\u00eb naft\u00ebs po nga kjo kompani\u201d. Q\u00eb t\u00eb mos lodhemi, kjo shif\u00ebr shkon diku tek 40 milion\u00eb dollar\u00eb p\u00ebr vitin 2010.<\/p>\n<p>N\u00eb rrethana t\u00eb tilla, po t\u00eb llogarisim dhe borxhet q\u00eb tatimet dhe taksat i tolerojn\u00eb ARMO, na rezulton se ajo nuk \u00ebsht\u00eb shitur p\u00ebr t\u00eb mbledhur m\u00eb shum\u00eb para qeveria, por \u00ebsht\u00eb shitur q\u00eb t\u00eb krijohet nj\u00eb monopol n\u00eb tregun e naft\u00ebs dhe t\u00eb operohet me borxhe t\u00eb tilla t\u00eb frikshme q\u00eb falimentojn\u00eb dhe kompanit\u00eb e tjera. N\u00ebse nj\u00eb kompani q\u00eb \u00ebsht\u00eb bler\u00eb e gjitha 128 milion\u00eb dollar\u00eb, ti e lejon t\u00eb krijoj\u00eb andej- k\u00ebtej nj\u00eb borxh q\u00eb shkon tek 80 milion\u00eb dollar\u00eb, jo vet\u00ebm q\u00eb nuk ke ndihmuar ekonomin\u00eb e vendit, por i ke hequr asaj shansin t\u00eb prodhonte t\u00eb ardhura nga nj\u00eb sip\u00ebrmarrje fitimprur\u00ebse.<\/p>\n<p>E dyta \u00ebsht\u00eb se fushat naft\u00ebmbajt\u00ebse t\u00eb Shqip\u00ebris\u00eb jan\u00eb cop\u00ebtuar para shitjes s\u00eb Albpetrolit. P\u00ebr t\u00eb gjith\u00eb ata q\u00eb nuk e njohin \u00e7\u2019\u00ebsht\u00eb Albpetroli, duhet t\u2019iu kujtoj se \u00ebsht\u00eb nj\u00eb nd\u00ebrmarrje q\u00eb bashkon shpim-k\u00ebrkimin dhe shfryt\u00ebzimin e naft\u00ebs n\u00eb vend. Kjo kompani ka pasur nj\u00eb armat\u00eb t\u00eb t\u00ebr\u00eb inxhinier\u00ebsh q\u00eb p\u00ebr vite t\u00eb t\u00ebra n\u00ebn diktatur\u00eb kan\u00eb b\u00ebr\u00eb studimin e fushave naft\u00ebmbajt\u00ebse dhe i kan\u00eb shfryt\u00ebzuar ato. N\u00eb m\u00ebnyr\u00eb abuzive nga qeveria Berisha, prej vitit 2006, k\u00ebsaj kompanie i \u00ebsht\u00eb hequr territori me 1 euro. Kompania e burrit t\u00eb Albana Vokshit, q\u00eb ka n\u00eb krye nj\u00eb grek nga Selaniku q\u00eb jeton n\u00eb Kanada, n\u00eb t\u00eb v\u00ebrtet\u00eb ka marr\u00eb fushat naft\u00ebmbajt\u00ebse m\u00eb t\u00eb mira t\u00eb vendit, q\u00eb me projektet q\u00eb ka synon gjasht\u00ebdhjet\u00eb p\u00ebr qind t\u00eb tyre.<\/p>\n<p>Dua tu kujtoj se ajo ka zonat m\u00eb me perspektiv\u00eb p\u00ebr t\u00eb ardhmen si Delvina apo Divjaka, dhe naft\u00ebn me cil\u00ebsi t\u00eb pritshme m\u00eb t\u00eb lart\u00eb si\u00e7 \u00ebsht\u00eb ajo e Delvin\u00ebs. Kjo kompani e ka marr\u00eb at\u00eb koncesion pa asnj\u00eb lek, vet\u00ebm nga shkaku se Mimoza Vokshi, q\u00eb ka qen\u00eb Drejtoresh\u00eb n\u00eb Ministri t\u00eb Ekonomis\u00eb, ia ka dh\u00ebn\u00eb burrit t\u00eb motr\u00ebs s\u00eb saj. Kaq e thjesht\u00eb. Nuk m\u00eb intereson n\u00eb k\u00ebt\u00eb mes as certifikata e martes\u00ebs s\u00eb Alban\u00ebs dhe as certifikata e past\u00ebrtis\u00eb e gjyqtarit Vokshi, por e v\u00ebrteta e hidhur. Albpetroli n\u00eb thelb \u00ebsht\u00eb nj\u00eb pasuri q\u00eb bazohet tek territori naft\u00ebmbajt\u00ebs, jo tek sondat apo makinat e transportit.<\/p>\n<p>Ne k\u00ebt\u00eb territor e kemi dh\u00ebn\u00eb p\u00ebr Bankersin, nj\u00eb kompani kanadeze, p\u00ebr t\u00eb cilin loboi gjenerali Klark, duke b\u00ebr\u00eb pazare me Berish\u00ebn dhe kompania e Familjes Berisha n\u00ebn delegimin e b\u00ebr\u00eb p\u00ebrmes partnerit t\u00eb Vokshit. Albpetroli q\u00eb po shesim \u00ebsht\u00eb nj\u00eb g\u00ebrdall\u00eb e rrethuar nga ujq\u00ebr q\u00eb e shqyejn\u00eb p\u00ebrdit\u00eb, disa n\u00ebn tok\u00eb e ARMO mbi tok\u00eb. Atij i kan\u00eb marr\u00eb territorin p\u00ebr t\u00eb mos vlejtur m\u00eb, dhe aq sa vlen dhe nxjerr nuk i japin paret q\u00eb i takon. N\u00eb k\u00ebt\u00eb form\u00eb q\u00eb \u00ebsht\u00eb katandisur ai do t\u00eb p\u00ebrfundoj\u00eb me siguri n\u00eb duart e nj\u00eb prej k\u00ebtyre tre kompanive, ose t\u00eb ARMO, ose t\u00eb grekut q\u00eb ka partner burrin e Vokshit, ose t\u00eb Bankers.<\/p>\n<p>E sigurt \u00ebsht\u00eb se n\u00eb tender do shfaqen emra t\u00eb tjer\u00eb, \u00e7mime t\u00eb tjera dhe kompani q\u00eb do na shpallen si m\u00eb t\u00eb m\u00ebdhat\u00eb n\u00eb bot\u00eb, por n\u00eb fund do t\u00eb ngelen k\u00ebta q\u00eb nd\u00ebrkoh\u00eb e kan\u00eb cop\u00ebtuar Albpetrolin dhe e kan\u00eb shkat\u00ebrruar at\u00eb. Pastaj llogaria \u00ebsht\u00eb e thjesht\u00eb. Ata i kan\u00eb borxhe Albpetrolit lek\u00ebt e tyre dhe k\u00ebshtu shp\u00ebtojn\u00eb dhe nga borxhet q\u00eb s\u2019i paguajn\u00eb kurr\u00eb. N\u00eb k\u00ebto kushte ne jo vet\u00ebm q\u00eb nuk do t\u00eb fitojm\u00eb pare nga Albpetroli, por nuk do marrim as borxhet q\u00eb ai ka.<\/p>\n<p>E treta dhe m\u00eb e r\u00ebnd\u00ebsishme \u00ebsht\u00eb vet\u00eb spiralja e borxheve ku ka hyr\u00eb qeveria. Nuk \u00ebsht\u00eb puna se qeveria ka marr\u00eb shum\u00eb borxhe. Mund t\u00eb merrte dhe dyfishin e tyre n\u00ebse kishte nj\u00eb skem\u00eb shlyerje p\u00ebr \u00e7do borxh q\u00eb merr. Por e keqja \u00ebsht\u00eb se qeveria po merr borxhe p\u00ebr t\u00eb shlyer borxhet dhe jo p\u00ebr t\u00eb investuar. K\u00ebshtu, segmenti Rr\u00ebshen-Kalimash shkoi mbi 1 miliard euro dhe qeveria mori borxh nj\u00eb kredi 250 milion\u00eb euro me interesa shum\u00eb t\u00eb larta, plus q\u00eb r\u00ebndoi parametrat e ekonomis\u00eb me shtrydhjen e buxhetit n\u00eb nj\u00eb segment q\u00eb m\u00eb shum\u00eb solli t\u00eb ardhura p\u00ebr ata q\u00eb firmos\u00ebn se sa begati p\u00ebr Shqip\u00ebrin\u00eb.<\/p>\n<p>Problemi \u00ebsht\u00eb se qytetar\u00ebt shqiptar\u00eb paguan nj\u00eb her\u00eb kur b\u00ebn\u00eb rrug\u00ebn me paret e buxhetit, paguan p\u00ebr her\u00eb t\u00eb dyt\u00eb kur u r\u00ebnduan me kredin\u00eb sovrane prej 250 milion\u00eb euro, po paguajn\u00eb prap\u00eb me kredit\u00eb q\u00eb merren p\u00ebr t\u00eb shlyer kredin\u00eb e marr\u00eb dhe s\u00eb fundmi do paguajn\u00eb prap\u00eb p\u00ebr t\u00eb kaluar n\u00eb k\u00ebt\u00eb rrug\u00eb q\u00eb tashm\u00eb do jepet me koncesion. Kjo \u00ebsht\u00eb vjedhje e kat\u00ebrfisht\u00eb.<\/p>\n<p>Skema normale do t\u00eb ishte q\u00eb n\u00ebse kjo rrug\u00eb do t\u00eb ishte rentab\u00ebl, t\u00eb jepej me koncesion q\u00eb n\u00eb fillim me zero lek, dhe kompania q\u00eb do e nd\u00ebrtonte le t\u00eb na merrte lek\u00ebt kur t\u00eb kalonim. Problemi yn\u00eb \u00ebsht\u00eb se na g\u00ebnjyen q\u00eb rruga \u00ebsht\u00eb rentab\u00ebl dhe do sillte miliarda dollar\u00eb, n\u00eb t\u00eb v\u00ebrtet\u00eb ka sjell\u00eb vet\u00ebm patate nga Kuk\u00ebsi n\u00eb Tiran\u00eb, dhe se po nd\u00ebrtohej me paret tona, se e kishte suksesin ekonomik t\u00eb sigurt. Tani ne do t\u00eb ripaguajm\u00eb bilet\u00ebn tek tuneli p\u00ebr ndonj\u00eb kompani larg qoft\u00eb t\u00eb Familjes Berisha, pasi ata po e marrin mir\u00ebmbajtjen dhe nd\u00ebrkoh\u00eb kemi paguar tri her\u00eb t\u00eb tjera shpenzimet dhe borxhet e borxheve q\u00eb kemi marr\u00eb p\u00ebr t\u00eb.<\/p>\n<p>Kjo skem\u00eb financiare q\u00eb prodhoi Berisha p\u00ebr t\u00eb nd\u00ebrtuar k\u00ebt\u00eb rrug\u00eb \u00ebsht\u00eb nj\u00eb varr i madh p\u00ebr ekonomin\u00eb shqiptare, q\u00eb nuk i mjafton jo Albpetroli, por sikur t\u00eb dal\u00eb gjith\u00eb Shqip\u00ebria n\u00eb shitje. Me t\u00eb nj\u00ebjt\u00ebn skem\u00eb financiare jo rentab\u00ebl q\u00eb prodhoi k\u00ebt\u00eb grop\u00eb t\u00eb zez\u00eb n\u00eb ekonomin\u00eb shqiptare, ai ka operuar n\u00eb \u00e7do investim publik n\u00eb vend. Vet\u00ebm VKM-t\u00eb e qeveris\u00eb p\u00ebr t\u00eb prishur dhe ndrequr her\u00eb Piramid\u00ebn, her\u00eb Sheshin Sk\u00ebnderbej e her\u00eb parlamentin e ri, i kan\u00eb shkuar 20 milion\u00eb euro. Ai realisht nuk ka asnj\u00eb shembull suksesi n\u00eb investimet publike apo asnj\u00eb projekt, i cili t\u2019i ket\u00eb prodhuar t\u00eb ardhura dhe eficenc\u00eb pas privatizimit.<\/p>\n<p>CEZ, gjiganti i shp\u00ebrndarjes s\u00eb elektricitetit n\u00eb vend, \u00ebsht\u00eb n\u00eb prag falimenti p\u00ebr shkak t\u00eb borxheve q\u00eb i ka qeveria dhe skem\u00ebs korruptive ku e ka zhytur m\u00ebnyra se si i garantoi asaj eficenc\u00ebn n\u00eb shk\u00ebmbim t\u00eb nj\u00eb \u00e7mimi elektoral. Po ashtu dhe fushata masive e nxjerrjes n\u00eb shitje t\u00eb \u00e7do sht\u00ebpie a kasolleje q\u00eb i ka mbetur shtetit, sidomos reparteve ushtarake, \u00ebsht\u00eb kthyer n\u00eb nj\u00eb biznes p\u00ebr biznesmen\u00ebt e Familjes, q\u00eb po i blejn\u00eb ato p\u00ebr nj\u00eb cop\u00eb buk\u00eb duke p\u00ebrfshir\u00eb dhe qeveritar\u00eb n\u00eb skemat e tyre korruptive.<\/p>\n<p>Pra, si p\u00ebrfundim k\u00ebtyre privatizimeve u mungon strategjia p\u00ebrse b\u00ebhen. N\u00ebse ato do t\u00eb b\u00ebheshin p\u00ebr nj\u00eb plan t\u00eb qart\u00eb veprimi q\u00eb do t\u00eb na shp\u00ebtonte nga ndonj\u00eb spirale borxhi, ia vlente. Ato nuk na shp\u00ebtojn\u00eb nga asgj\u00eb, p\u00ebrve\u00e7se shtojn\u00eb korrupsionin dhe monopolet e nj\u00eb grushti mafioz\u00ebsh n\u00eb ekonomin\u00eb shqiptare, dhe na l\u00ebn\u00eb pa shpres\u00eb, pa t\u00eb ardhura p\u00ebr buxhetin dhe pa prona publike p\u00ebr shqiptar\u00ebt. N\u00ebse deri m\u00eb sot Shqip\u00ebria \u00ebsht\u00eb pla\u00e7kitur me privatizime pa strategji, ajo po groposet n\u00eb vrim\u00ebn e zez\u00eb t\u00eb korrupsionit t\u00eb faljes s\u00eb pasurive publike p\u00ebr t\u00eb shtyr\u00eb ca dit\u00eb m\u00eb shum\u00eb n\u00eb pushtet Sali Berisha. Zor se nga kjo histori do t\u00eb shp\u00ebtojm\u00eb pa ndonj\u00eb krisje t\u00eb madhe. Na qoft\u00eb e leht\u00eb!<\/p>\n","protected":false},"excerpt":{"rendered":"<p>Nga Mero Baze, 15 Dhjetor 2011 Qeveria shqiptare miratoi dje nxjerrjen n\u00eb shitje t\u00eb kompanis\u00eb s\u00eb vetme t\u00eb naft\u00ebs Albpetrol. Arsyeja \u00ebsht\u00eb se qeveris\u00eb i duhen shum\u00eb para, i duhen shpejt, mund\u00ebsisht sot. Spiralja e borxheve n\u00eb t\u00eb cil\u00ebn ka zhytur ekonomin\u00eb e vendit Sali Berish, dhe pafuqia e zyrtar\u00ebve t\u00eb financave publike t\u00eb sillen [&hellip;]<\/p>\n","protected":false},"author":1,"featured_media":0,"comment_status":"open","ping_status":"closed","sticky":false,"template":"","format":"standard","meta":{"footnotes":""},"categories":[2],"tags":[],"class_list":{"0":"post-627","1":"post","2":"type-post","3":"status-publish","4":"format-standard","6":"category-artikuj"},"yoast_head":"<!-- This site is optimized with the Yoast SEO plugin v27.4 - https:\/\/yoast.com\/product\/yoast-seo-wordpress\/ -->\n<title>P\u00ebrse nuk ia dalim dot? - FjALA e LIR\u00cb - Arkivi<\/title>\n<meta name=\"robots\" content=\"index, follow, max-snippet:-1, max-image-preview:large, max-video-preview:-1\" \/>\n<link rel=\"canonical\" href=\"https:\/\/fjala.info\/2009-2015\/perse-nuk-ia-dalim-dot\/\" \/>\n<meta property=\"og:locale\" content=\"sq_AL\" \/>\n<meta property=\"og:type\" content=\"article\" \/>\n<meta property=\"og:title\" content=\"P\u00ebrse nuk ia dalim dot? - FjALA e LIR\u00cb - Arkivi\" \/>\n<meta property=\"og:description\" content=\"Nga Mero Baze, 15 Dhjetor 2011 Qeveria shqiptare miratoi dje nxjerrjen n\u00eb shitje t\u00eb kompanis\u00eb s\u00eb vetme t\u00eb naft\u00ebs Albpetrol. Arsyeja \u00ebsht\u00eb se qeveris\u00eb i duhen shum\u00eb para, i duhen shpejt, mund\u00ebsisht sot. Spiralja e borxheve n\u00eb t\u00eb cil\u00ebn ka zhytur ekonomin\u00eb e vendit Sali Berish, dhe pafuqia e zyrtar\u00ebve t\u00eb financave publike t\u00eb sillen [&hellip;]\" \/>\n<meta property=\"og:url\" content=\"https:\/\/fjala.info\/2009-2015\/perse-nuk-ia-dalim-dot\/\" \/>\n<meta property=\"og:site_name\" content=\"FjALA e LIR\u00cb - Arkivi\" \/>\n<meta property=\"article:published_time\" content=\"2011-12-16T03:53:42+00:00\" \/>\n<meta property=\"og:image\" content=\"http:\/\/www.shkoder.net\/images\/fjala\/mero_baze1.jpg\" \/>\n<meta name=\"author\" content=\"admin\" \/>\n<meta name=\"twitter:card\" content=\"summary_large_image\" \/>\n<meta name=\"twitter:label1\" content=\"Written by\" \/>\n\t<meta name=\"twitter:data1\" content=\"admin\" \/>\n\t<meta name=\"twitter:label2\" content=\"Est. reading time\" \/>\n\t<meta name=\"twitter:data2\" content=\"8 minutes\" \/>\n<script type=\"application\/ld+json\" class=\"yoast-schema-graph\">{\"@context\":\"https:\\\/\\\/schema.org\",\"@graph\":[{\"@type\":\"Article\",\"@id\":\"https:\\\/\\\/fjala.info\\\/2009-2015\\\/perse-nuk-ia-dalim-dot\\\/#article\",\"isPartOf\":{\"@id\":\"https:\\\/\\\/fjala.info\\\/2009-2015\\\/perse-nuk-ia-dalim-dot\\\/\"},\"author\":{\"name\":\"admin\",\"@id\":\"https:\\\/\\\/fjala.info\\\/2009-2015\\\/#\\\/schema\\\/person\\\/3aa1163ef05469c496fc94e77611ada2\"},\"headline\":\"P\u00ebrse nuk ia dalim dot?\",\"datePublished\":\"2011-12-16T03:53:42+00:00\",\"mainEntityOfPage\":{\"@id\":\"https:\\\/\\\/fjala.info\\\/2009-2015\\\/perse-nuk-ia-dalim-dot\\\/\"},\"wordCount\":1664,\"commentCount\":1,\"publisher\":{\"@id\":\"https:\\\/\\\/fjala.info\\\/2009-2015\\\/#organization\"},\"image\":{\"@id\":\"https:\\\/\\\/fjala.info\\\/2009-2015\\\/perse-nuk-ia-dalim-dot\\\/#primaryimage\"},\"thumbnailUrl\":\"http:\\\/\\\/www.shkoder.net\\\/images\\\/fjala\\\/mero_baze1.jpg\",\"articleSection\":[\"Artikuj\"],\"inLanguage\":\"sq-AL\",\"potentialAction\":[{\"@type\":\"CommentAction\",\"name\":\"Comment\",\"target\":[\"https:\\\/\\\/fjala.info\\\/2009-2015\\\/perse-nuk-ia-dalim-dot\\\/#respond\"]}]},{\"@type\":\"WebPage\",\"@id\":\"https:\\\/\\\/fjala.info\\\/2009-2015\\\/perse-nuk-ia-dalim-dot\\\/\",\"url\":\"https:\\\/\\\/fjala.info\\\/2009-2015\\\/perse-nuk-ia-dalim-dot\\\/\",\"name\":\"P\u00ebrse nuk ia dalim dot? - FjALA e LIR\u00cb - Arkivi\",\"isPartOf\":{\"@id\":\"https:\\\/\\\/fjala.info\\\/2009-2015\\\/#website\"},\"primaryImageOfPage\":{\"@id\":\"https:\\\/\\\/fjala.info\\\/2009-2015\\\/perse-nuk-ia-dalim-dot\\\/#primaryimage\"},\"image\":{\"@id\":\"https:\\\/\\\/fjala.info\\\/2009-2015\\\/perse-nuk-ia-dalim-dot\\\/#primaryimage\"},\"thumbnailUrl\":\"http:\\\/\\\/www.shkoder.net\\\/images\\\/fjala\\\/mero_baze1.jpg\",\"datePublished\":\"2011-12-16T03:53:42+00:00\",\"breadcrumb\":{\"@id\":\"https:\\\/\\\/fjala.info\\\/2009-2015\\\/perse-nuk-ia-dalim-dot\\\/#breadcrumb\"},\"inLanguage\":\"sq-AL\",\"potentialAction\":[{\"@type\":\"ReadAction\",\"target\":[\"https:\\\/\\\/fjala.info\\\/2009-2015\\\/perse-nuk-ia-dalim-dot\\\/\"]}]},{\"@type\":\"ImageObject\",\"inLanguage\":\"sq-AL\",\"@id\":\"https:\\\/\\\/fjala.info\\\/2009-2015\\\/perse-nuk-ia-dalim-dot\\\/#primaryimage\",\"url\":\"http:\\\/\\\/www.shkoder.net\\\/images\\\/fjala\\\/mero_baze1.jpg\",\"contentUrl\":\"http:\\\/\\\/www.shkoder.net\\\/images\\\/fjala\\\/mero_baze1.jpg\"},{\"@type\":\"BreadcrumbList\",\"@id\":\"https:\\\/\\\/fjala.info\\\/2009-2015\\\/perse-nuk-ia-dalim-dot\\\/#breadcrumb\",\"itemListElement\":[{\"@type\":\"ListItem\",\"position\":1,\"name\":\"Home\",\"item\":\"https:\\\/\\\/fjala.info\\\/2009-2015\\\/\"},{\"@type\":\"ListItem\",\"position\":2,\"name\":\"P\u00ebrse nuk ia dalim dot?\"}]},{\"@type\":\"WebSite\",\"@id\":\"https:\\\/\\\/fjala.info\\\/2009-2015\\\/#website\",\"url\":\"https:\\\/\\\/fjala.info\\\/2009-2015\\\/\",\"name\":\"FjALA e LIR\u00cb - Arkivi\",\"description\":\"Arkivi 2009-2015\",\"publisher\":{\"@id\":\"https:\\\/\\\/fjala.info\\\/2009-2015\\\/#organization\"},\"potentialAction\":[{\"@type\":\"SearchAction\",\"target\":{\"@type\":\"EntryPoint\",\"urlTemplate\":\"https:\\\/\\\/fjala.info\\\/2009-2015\\\/?s={search_term_string}\"},\"query-input\":{\"@type\":\"PropertyValueSpecification\",\"valueRequired\":true,\"valueName\":\"search_term_string\"}}],\"inLanguage\":\"sq-AL\"},{\"@type\":\"Organization\",\"@id\":\"https:\\\/\\\/fjala.info\\\/2009-2015\\\/#organization\",\"name\":\"FjALA e LIR\u00cb - Arkivi\",\"url\":\"https:\\\/\\\/fjala.info\\\/2009-2015\\\/\",\"logo\":{\"@type\":\"ImageObject\",\"inLanguage\":\"sq-AL\",\"@id\":\"https:\\\/\\\/fjala.info\\\/2009-2015\\\/#\\\/schema\\\/logo\\\/image\\\/\",\"url\":\"\",\"contentUrl\":\"\",\"caption\":\"FjALA e LIR\u00cb - Arkivi\"},\"image\":{\"@id\":\"https:\\\/\\\/fjala.info\\\/2009-2015\\\/#\\\/schema\\\/logo\\\/image\\\/\"}},{\"@type\":\"Person\",\"@id\":\"https:\\\/\\\/fjala.info\\\/2009-2015\\\/#\\\/schema\\\/person\\\/3aa1163ef05469c496fc94e77611ada2\",\"name\":\"admin\",\"image\":{\"@type\":\"ImageObject\",\"inLanguage\":\"sq-AL\",\"@id\":\"https:\\\/\\\/fjala.info\\\/2009-2015\\\/wp-content\\\/uploads\\\/2012\\\/02\\\/arben_cokaj-120x150.jpg\",\"url\":\"https:\\\/\\\/fjala.info\\\/2009-2015\\\/wp-content\\\/uploads\\\/2012\\\/02\\\/arben_cokaj-120x150.jpg\",\"contentUrl\":\"https:\\\/\\\/fjala.info\\\/2009-2015\\\/wp-content\\\/uploads\\\/2012\\\/02\\\/arben_cokaj-120x150.jpg\",\"caption\":\"admin\"},\"description\":\"Admin, Fjala e Lir\u00eb\",\"sameAs\":[\"https:\\\/\\\/fjala.info\\\/\"],\"url\":\"https:\\\/\\\/fjala.info\\\/2009-2015\\\/author\\\/admin\\\/\"}]}<\/script>\n<!-- \/ Yoast SEO plugin. -->","yoast_head_json":{"title":"P\u00ebrse nuk ia dalim dot? - FjALA e LIR\u00cb - Arkivi","robots":{"index":"index","follow":"follow","max-snippet":"max-snippet:-1","max-image-preview":"max-image-preview:large","max-video-preview":"max-video-preview:-1"},"canonical":"https:\/\/fjala.info\/2009-2015\/perse-nuk-ia-dalim-dot\/","og_locale":"sq_AL","og_type":"article","og_title":"P\u00ebrse nuk ia dalim dot? - FjALA e LIR\u00cb - Arkivi","og_description":"Nga Mero Baze, 15 Dhjetor 2011 Qeveria shqiptare miratoi dje nxjerrjen n\u00eb shitje t\u00eb kompanis\u00eb s\u00eb vetme t\u00eb naft\u00ebs Albpetrol. Arsyeja \u00ebsht\u00eb se qeveris\u00eb i duhen shum\u00eb para, i duhen shpejt, mund\u00ebsisht sot. Spiralja e borxheve n\u00eb t\u00eb cil\u00ebn ka zhytur ekonomin\u00eb e vendit Sali Berish, dhe pafuqia e zyrtar\u00ebve t\u00eb financave publike t\u00eb sillen [&hellip;]","og_url":"https:\/\/fjala.info\/2009-2015\/perse-nuk-ia-dalim-dot\/","og_site_name":"FjALA e LIR\u00cb - Arkivi","article_published_time":"2011-12-16T03:53:42+00:00","og_image":[{"url":"http:\/\/www.shkoder.net\/images\/fjala\/mero_baze1.jpg","type":"","width":"","height":""}],"author":"admin","twitter_card":"summary_large_image","twitter_misc":{"Written by":"admin","Est. reading time":"8 minutes"},"schema":{"@context":"https:\/\/schema.org","@graph":[{"@type":"Article","@id":"https:\/\/fjala.info\/2009-2015\/perse-nuk-ia-dalim-dot\/#article","isPartOf":{"@id":"https:\/\/fjala.info\/2009-2015\/perse-nuk-ia-dalim-dot\/"},"author":{"name":"admin","@id":"https:\/\/fjala.info\/2009-2015\/#\/schema\/person\/3aa1163ef05469c496fc94e77611ada2"},"headline":"P\u00ebrse nuk ia dalim dot?","datePublished":"2011-12-16T03:53:42+00:00","mainEntityOfPage":{"@id":"https:\/\/fjala.info\/2009-2015\/perse-nuk-ia-dalim-dot\/"},"wordCount":1664,"commentCount":1,"publisher":{"@id":"https:\/\/fjala.info\/2009-2015\/#organization"},"image":{"@id":"https:\/\/fjala.info\/2009-2015\/perse-nuk-ia-dalim-dot\/#primaryimage"},"thumbnailUrl":"http:\/\/www.shkoder.net\/images\/fjala\/mero_baze1.jpg","articleSection":["Artikuj"],"inLanguage":"sq-AL","potentialAction":[{"@type":"CommentAction","name":"Comment","target":["https:\/\/fjala.info\/2009-2015\/perse-nuk-ia-dalim-dot\/#respond"]}]},{"@type":"WebPage","@id":"https:\/\/fjala.info\/2009-2015\/perse-nuk-ia-dalim-dot\/","url":"https:\/\/fjala.info\/2009-2015\/perse-nuk-ia-dalim-dot\/","name":"P\u00ebrse nuk ia dalim dot? - FjALA e LIR\u00cb - Arkivi","isPartOf":{"@id":"https:\/\/fjala.info\/2009-2015\/#website"},"primaryImageOfPage":{"@id":"https:\/\/fjala.info\/2009-2015\/perse-nuk-ia-dalim-dot\/#primaryimage"},"image":{"@id":"https:\/\/fjala.info\/2009-2015\/perse-nuk-ia-dalim-dot\/#primaryimage"},"thumbnailUrl":"http:\/\/www.shkoder.net\/images\/fjala\/mero_baze1.jpg","datePublished":"2011-12-16T03:53:42+00:00","breadcrumb":{"@id":"https:\/\/fjala.info\/2009-2015\/perse-nuk-ia-dalim-dot\/#breadcrumb"},"inLanguage":"sq-AL","potentialAction":[{"@type":"ReadAction","target":["https:\/\/fjala.info\/2009-2015\/perse-nuk-ia-dalim-dot\/"]}]},{"@type":"ImageObject","inLanguage":"sq-AL","@id":"https:\/\/fjala.info\/2009-2015\/perse-nuk-ia-dalim-dot\/#primaryimage","url":"http:\/\/www.shkoder.net\/images\/fjala\/mero_baze1.jpg","contentUrl":"http:\/\/www.shkoder.net\/images\/fjala\/mero_baze1.jpg"},{"@type":"BreadcrumbList","@id":"https:\/\/fjala.info\/2009-2015\/perse-nuk-ia-dalim-dot\/#breadcrumb","itemListElement":[{"@type":"ListItem","position":1,"name":"Home","item":"https:\/\/fjala.info\/2009-2015\/"},{"@type":"ListItem","position":2,"name":"P\u00ebrse nuk ia dalim dot?"}]},{"@type":"WebSite","@id":"https:\/\/fjala.info\/2009-2015\/#website","url":"https:\/\/fjala.info\/2009-2015\/","name":"FjALA e LIR\u00cb - Arkivi","description":"Arkivi 2009-2015","publisher":{"@id":"https:\/\/fjala.info\/2009-2015\/#organization"},"potentialAction":[{"@type":"SearchAction","target":{"@type":"EntryPoint","urlTemplate":"https:\/\/fjala.info\/2009-2015\/?s={search_term_string}"},"query-input":{"@type":"PropertyValueSpecification","valueRequired":true,"valueName":"search_term_string"}}],"inLanguage":"sq-AL"},{"@type":"Organization","@id":"https:\/\/fjala.info\/2009-2015\/#organization","name":"FjALA e LIR\u00cb - Arkivi","url":"https:\/\/fjala.info\/2009-2015\/","logo":{"@type":"ImageObject","inLanguage":"sq-AL","@id":"https:\/\/fjala.info\/2009-2015\/#\/schema\/logo\/image\/","url":"","contentUrl":"","caption":"FjALA e LIR\u00cb - Arkivi"},"image":{"@id":"https:\/\/fjala.info\/2009-2015\/#\/schema\/logo\/image\/"}},{"@type":"Person","@id":"https:\/\/fjala.info\/2009-2015\/#\/schema\/person\/3aa1163ef05469c496fc94e77611ada2","name":"admin","image":{"@type":"ImageObject","inLanguage":"sq-AL","@id":"https:\/\/fjala.info\/2009-2015\/wp-content\/uploads\/2012\/02\/arben_cokaj-120x150.jpg","url":"https:\/\/fjala.info\/2009-2015\/wp-content\/uploads\/2012\/02\/arben_cokaj-120x150.jpg","contentUrl":"https:\/\/fjala.info\/2009-2015\/wp-content\/uploads\/2012\/02\/arben_cokaj-120x150.jpg","caption":"admin"},"description":"Admin, Fjala e Lir\u00eb","sameAs":["https:\/\/fjala.info\/"],"url":"https:\/\/fjala.info\/2009-2015\/author\/admin\/"}]}},"_links":{"self":[{"href":"https:\/\/fjala.info\/2009-2015\/wp-json\/wp\/v2\/posts\/627","targetHints":{"allow":["GET"]}}],"collection":[{"href":"https:\/\/fjala.info\/2009-2015\/wp-json\/wp\/v2\/posts"}],"about":[{"href":"https:\/\/fjala.info\/2009-2015\/wp-json\/wp\/v2\/types\/post"}],"author":[{"embeddable":true,"href":"https:\/\/fjala.info\/2009-2015\/wp-json\/wp\/v2\/users\/1"}],"replies":[{"embeddable":true,"href":"https:\/\/fjala.info\/2009-2015\/wp-json\/wp\/v2\/comments?post=627"}],"version-history":[{"count":0,"href":"https:\/\/fjala.info\/2009-2015\/wp-json\/wp\/v2\/posts\/627\/revisions"}],"wp:attachment":[{"href":"https:\/\/fjala.info\/2009-2015\/wp-json\/wp\/v2\/media?parent=627"}],"wp:term":[{"taxonomy":"category","embeddable":true,"href":"https:\/\/fjala.info\/2009-2015\/wp-json\/wp\/v2\/categories?post=627"},{"taxonomy":"post_tag","embeddable":true,"href":"https:\/\/fjala.info\/2009-2015\/wp-json\/wp\/v2\/tags?post=627"}],"curies":[{"name":"wp","href":"https:\/\/api.w.org\/{rel}","templated":true}]}}